{"id":7605,"date":"2017-08-01T11:49:18","date_gmt":"2017-08-01T14:49:18","guid":{"rendered":"https:\/\/www.iquilibrio.com\/blog\/?p=7605"},"modified":"2019-03-20T15:51:35","modified_gmt":"2019-03-20T17:51:35","slug":"oracao-do-arcanjo-rafael","status":"publish","type":"post","link":"https:\/\/www.iquilibrio.com\/blog\/espiritualidade\/cristianismo\/oracao-do-arcanjo-rafael\/","title":{"rendered":"Ora\u00e7\u00e3o da Ter\u00e7a-Feira Com Prote\u00e7\u00e3o Do Arcanjo Rafael  &#8211; O Guardi\u00e3o Da Sa\u00fade"},"content":{"rendered":"<p>O <strong>Arcanjo Rafael<\/strong>, \u00e9 o respons\u00e1vel pela cura em nome nome de <strong>Deus<\/strong>, ele <a href=\"https:\/\/www.iquilibrio.com\/tarot\/anjos\/\"><span class=\"class-texto-produtos\">nos protege e nos livra dos males<\/span><\/a> que podem atingir nossa sa\u00fade mental, f\u00edsica e espiritual, confira abaixo as <a href=\"https:\/\/www.iquilibrio.com\/blog\/espiritualidade\/anjos\/4-oracoes-anjo-guarda\/\">Ora\u00e7\u00f5es<\/a> que voc\u00ea pode realizar na ter\u00e7a-feira pedindo o aux\u00edlio\u00a0do <strong>Anjo Rafael<\/strong>.<\/p>\n<p style=\"text-align: center;\"><a href=\"https:\/\/www.iquilibrio.com\/salmos\/\"><span class=\"td_btn td_btn_lg td_round_btn class-cta1\" style=\"color: #ffffff;\">Abra seus Caminhos AQUI com a Orienta\u00e7\u00e3o dos Melhores Especialistas em Salmos<\/span><\/a><\/p>\n<p>&nbsp;<\/p>\n<h2>Ora\u00e7\u00e3o a\u00a0S\u00e3o Rafael<\/h2>\n<h3>Ora\u00e7\u00e3o 1<\/h3>\n<blockquote><p>&#8220;D\u00ea-me for\u00e7a e coragem para seguir em frente. Que os per\u00edodos de fraqueza sejam combatidos com firmeza e determina\u00e7\u00e3o. Que eu aja sempre dentro da lei de Deus e da lei dos homens e que, em momento algum, eu seja atingido pelas injusti\u00e7as de meus irm\u00e3os que ainda se encontram adormecidos. Am\u00e9m.&#8221;<\/p><\/blockquote>\n<h3>Ora\u00e7\u00e3o 2<\/h3>\n<blockquote><p>&#8220;Senhor, tenha piedade de n\u00f3s<br \/>\nCristo, tenha piedade de n\u00f3s<br \/>\nCristo, graciosamente nos escutai,<br \/>\nDeus Pai, tende piedade de n\u00f3s,<br \/>\nSenhor, tenha piedade de n\u00f3s,<br \/>\nDeus Filho, redentor do mundo,<br \/>\nTenha piedade de n\u00f3s,<br \/>\nDeus Espirito Santo,<br \/>\nTenha piedade de n\u00f3s,<br \/>\nSanta Trindade e Um s\u00f3 Deus,<br \/>\nTenha piedade de n\u00f3s<br \/>\nSanta Maria, rainha dos anjos ,rogai por n\u00f3s.<br \/>\nS\u00e3o Rafael, rogai por n\u00f3s<br \/>\nS\u00e3o Rafael, cheio da miseric\u00f3rdia de Deus, rogai por n\u00f3s<br \/>\nS\u00e3o Rafael, perfeito adorador do Divino Mestre, rogai por n\u00f3s<br \/>\nS\u00e3o Rafael, terror dos dem\u00f4nios, rogai por n\u00f3s<br \/>\nS\u00e3o Rafael, exterminador dos v\u00edcios, rogai por n\u00f3s<br \/>\nS\u00e3o Rafael, sa\u00fade dos doentes, rogai por n\u00f3s<br \/>\nS\u00e3o Rafael, refugio em nossas necessidades, rogai por n\u00f3s<br \/>\nS\u00e3o Rafael, consolador dos prisioneiros, rogai por n\u00f3s<br \/>\nS\u00e3o Rafael, alegria dos tristes, rogai por n\u00f3s<br \/>\nS\u00e3o Rafael, cheio de zelo para a salva\u00e7\u00e3o de nossas almas,rogai por n\u00f3s<br \/>\nS\u00e3o Rafael, cujo nome significa cura, rogai por n\u00f3s<br \/>\nS\u00e3o Rafael, amante da castidade rogai por n\u00f3s<br \/>\nS\u00e3o Rafael, acoite dos dem\u00f4nios rogai por n\u00f3s<br \/>\nS\u00e3o Rafael, nosso protetor na peste, na fome, na guerra rogai por n\u00f3s<br \/>\nS\u00e3o Rafael, anjo da paz e da prosperidade rogai por n\u00f3s<br \/>\nS\u00e3o Rafael, repleto da gra\u00e7a da cura, rogai por n\u00f3s<br \/>\nS\u00e3o Rafael, guia seguro no caminho da virtude e santifica\u00e7\u00e3o, rogai por n\u00f3s<br \/>\nS\u00e3o Rafael, socorro de todos que imploram a sua ajuda rogai por n\u00f3s<br \/>\nS\u00e3o Rafael, que guiou e consolou Tobias em sua jornada, rogai por n\u00f3s<br \/>\nS\u00e3o Rafael, aquele que as Escrituras sa\u00fadam, como \u201cRafael o santo anjo do Senhor foi enviado para curar\u201d, rogai por n\u00f3s<br \/>\nS\u00e3o Rafael, nosso advogado, nos salve,<br \/>\nCordeiro de Deus que tirastes os pecados do mundo,<br \/>\nTenha piedade de n\u00f3s,<br \/>\nCristo, escutai nossas preces<br \/>\nTenha miseric\u00f3rdia de n\u00f3s.<br \/>\nS\u00e3o Rafael, rogai por n\u00f3s a Nosso Senhor Jesus Cristo ,<br \/>\nAgora e na hora de nossa morte. Am\u00e9m!&#8221;<\/p><\/blockquote>\n<p>Acredite na prote\u00e7\u00e3o deste Arcanjo e ele te guiar\u00e1 pelos melhores caminhos, sempre com a energia cheia de vitalidade, paz e muita sa\u00fade para que possa tomar as melhores decis\u00f5es em sua vida.<\/p>\n<p style=\"text-align: center;\"><span style=\"color: #ffffff;\"><a style=\"color: #ffffff;\" href=\"https:\/\/www.iquilibrio.com\/esotericos\/\"><span class=\"td_btn td_btn_lg td_round_btn class-cta2\">Ven\u00e7a Seus Desafios de Vida Com a Ajuda de Esot\u00e9ricos Experientes<\/span><\/a><\/span><\/p>\n\n\n<div class=\"kk-star-ratings kksr-auto kksr-align-left kksr-valign-bottom\"\n    data-payload='{&quot;align&quot;:&quot;left&quot;,&quot;id&quot;:&quot;7605&quot;,&quot;slug&quot;:&quot;default&quot;,&quot;valign&quot;:&quot;bottom&quot;,&quot;ignore&quot;:&quot;&quot;,&quot;reference&quot;:&quot;auto&quot;,&quot;class&quot;:&quot;&quot;,&quot;count&quot;:&quot;10&quot;,&quot;legendonly&quot;:&quot;&quot;,&quot;readonly&quot;:&quot;&quot;,&quot;score&quot;:&quot;4.9&quot;,&quot;starsonly&quot;:&quot;&quot;,&quot;best&quot;:&quot;5&quot;,&quot;gap&quot;:&quot;5&quot;,&quot;greet&quot;:&quot;Rate this post&quot;,&quot;legend&quot;:&quot;4.9\\\/5 - (10 votos)&quot;,&quot;size&quot;:&quot;24&quot;,&quot;title&quot;:&quot;Ora\u00e7\u00e3o da Ter\u00e7a-Feira Com Prote\u00e7\u00e3o Do Arcanjo Rafael  - O Guardi\u00e3o Da Sa\u00fade&quot;,&quot;width&quot;:&quot;139.6&quot;,&quot;_legend&quot;:&quot;{score}\\\/{best} - ({count} {votes})&quot;,&quot;font_factor&quot;:&quot;1.25&quot;}'>\n            \n<div class=\"kksr-stars\">\n    \n<div class=\"kksr-stars-inactive\">\n            <div class=\"kksr-star\" data-star=\"1\" style=\"padding-right: 5px\">\n            \n\n<div class=\"kksr-icon\" style=\"width: 24px; height: 24px;\"><\/div>\n        <\/div>\n            <div class=\"kksr-star\" data-star=\"2\" style=\"padding-right: 5px\">\n            \n\n<div class=\"kksr-icon\" style=\"width: 24px; height: 24px;\"><\/div>\n        <\/div>\n            <div class=\"kksr-star\" data-star=\"3\" style=\"padding-right: 5px\">\n            \n\n<div class=\"kksr-icon\" style=\"width: 24px; height: 24px;\"><\/div>\n        <\/div>\n            <div class=\"kksr-star\" data-star=\"4\" style=\"padding-right: 5px\">\n            \n\n<div class=\"kksr-icon\" style=\"width: 24px; height: 24px;\"><\/div>\n        <\/div>\n            <div class=\"kksr-star\" data-star=\"5\" style=\"padding-right: 5px\">\n            \n\n<div class=\"kksr-icon\" style=\"width: 24px; height: 24px;\"><\/div>\n        <\/div>\n    <\/div>\n    \n<div class=\"kksr-stars-active\" style=\"width: 139.6px;\">\n            <div class=\"kksr-star\" style=\"padding-right: 5px\">\n            \n\n<div class=\"kksr-icon\" style=\"width: 24px; height: 24px;\"><\/div>\n        <\/div>\n            <div class=\"kksr-star\" style=\"padding-right: 5px\">\n            \n\n<div class=\"kksr-icon\" style=\"width: 24px; height: 24px;\"><\/div>\n        <\/div>\n            <div class=\"kksr-star\" style=\"padding-right: 5px\">\n            \n\n<div class=\"kksr-icon\" style=\"width: 24px; height: 24px;\"><\/div>\n        <\/div>\n            <div class=\"kksr-star\" style=\"padding-right: 5px\">\n            \n\n<div class=\"kksr-icon\" style=\"width: 24px; height: 24px;\"><\/div>\n        <\/div>\n            <div class=\"kksr-star\" style=\"padding-right: 5px\">\n            \n\n<div class=\"kksr-icon\" style=\"width: 24px; height: 24px;\"><\/div>\n        <\/div>\n    <\/div>\n<\/div>\n                \n\n<div class=\"kksr-legend\" style=\"font-size: 19.2px;\">\n            4.9\/5 - (10 votos)    <\/div>\n    <\/div>\n","protected":false},"excerpt":{"rendered":"<p>O Arcanjo Rafael, \u00e9 o respons\u00e1vel pela cura em nome nome de Deus, ele nos protege e nos livra dos males que podem atingir nossa sa\u00fade mental, f\u00edsica e espiritual, confira abaixo as Ora\u00e7\u00f5es que voc\u00ea pode realizar na ter\u00e7a-feira pedindo o aux\u00edlio\u00a0do Anjo Rafael. Abra seus Caminhos AQUI com a Orienta\u00e7\u00e3o dos Melhores Especialistas [&hellip;]<\/p>\n","protected":false},"author":20,"featured_media":9225,"comment_status":"open","ping_status":"open","sticky":false,"template":"","format":"standard","meta":{"footnotes":""},"categories":[504],"tags":[726,1312,727,1311,430,1310,1313],"class_list":["post-7605","post","type-post","status-publish","format-standard","has-post-thumbnail","hentry","category-cristianismo","tag-anjo","tag-anjo-rafael","tag-arcanjo","tag-arcanjo-rafael","tag-oracao","tag-oracao-da-terca","tag-rafael"],"yoast_head":"<!-- This site is optimized with the Yoast SEO plugin v27.4 - https:\/\/yoast.com\/product\/yoast-seo-wordpress\/ -->\n<title>Arcanjo Rafael - O Guardi\u00e3o Da Sa\u00fade - Ora\u00e7\u00e3o Da Ter\u00e7a-Feira | iQuilibrio<\/title>\n<meta name=\"description\" content=\"Na ter\u00e7a-feira, concentre-se e fa\u00e7a uma Ora\u00e7\u00e3o para o Arcanjo Rafael, ele te proteger\u00e1 e procurar\u00e1 a melhor maneira de manter a sua sa\u00fade e paz.\" \/>\n<meta name=\"robots\" content=\"index, follow, max-snippet:-1, max-image-preview:large, max-video-preview:-1\" \/>\n<link rel=\"canonical\" href=\"https:\/\/www.iquilibrio.com\/blog\/espiritualidade\/cristianismo\/oracao-do-arcanjo-rafael\/\" \/>\n<meta property=\"og:locale\" content=\"pt_BR\" \/>\n<meta property=\"og:type\" content=\"article\" \/>\n<meta property=\"og:title\" content=\"Arcanjo Rafael - O Guardi\u00e3o Da Sa\u00fade - Ora\u00e7\u00e3o Da Ter\u00e7a-Feira | iQuilibrio\" \/>\n<meta property=\"og:description\" content=\"Na ter\u00e7a-feira, concentre-se e fa\u00e7a uma Ora\u00e7\u00e3o para o Arcanjo Rafael, ele te proteger\u00e1 e procurar\u00e1 a melhor maneira de manter a sua sa\u00fade e paz.\" \/>\n<meta property=\"og:url\" content=\"https:\/\/www.iquilibrio.com\/blog\/espiritualidade\/cristianismo\/oracao-do-arcanjo-rafael\/\" \/>\n<meta property=\"og:site_name\" content=\"iQuilibrio\" \/>\n<meta property=\"article:publisher\" content=\"https:\/\/www.facebook.com\/iQuilibrio\/\" \/>\n<meta property=\"article:published_time\" content=\"2017-08-01T14:49:18+00:00\" \/>\n<meta property=\"article:modified_time\" content=\"2019-03-20T17:51:35+00:00\" \/>\n<meta property=\"og:image\" content=\"https:\/\/www.iquilibrio.com\/blog\/wp-content\/uploads\/2017\/08\/iquilibrio_blog_anjo_rafael-768x478-1.jpg\" \/>\n\t<meta property=\"og:image:width\" content=\"900\" \/>\n\t<meta property=\"og:image:height\" content=\"560\" \/>\n\t<meta property=\"og:image:type\" content=\"image\/jpeg\" \/>\n<meta name=\"author\" content=\"Reda\u00e7\u00e3o iQuilibrio\" \/>\n<meta name=\"twitter:card\" content=\"summary_large_image\" \/>\n<meta name=\"twitter:creator\" content=\"@iquilibrio\" \/>\n<meta name=\"twitter:site\" content=\"@iquilibrio\" \/>\n<meta name=\"twitter:label1\" content=\"Escrito por\" \/>\n\t<meta name=\"twitter:data1\" content=\"Reda\u00e7\u00e3o iQuilibrio\" \/>\n\t<meta name=\"twitter:label2\" content=\"Est. tempo de leitura\" \/>\n\t<meta name=\"twitter:data2\" content=\"3 minutos\" \/>\n<script type=\"application\/ld+json\" class=\"yoast-schema-graph\">{\"@context\":\"https:\\\/\\\/schema.org\",\"@graph\":[{\"@type\":\"Article\",\"@id\":\"https:\\\/\\\/www.iquilibrio.com\\\/blog\\\/espiritualidade\\\/cristianismo\\\/oracao-do-arcanjo-rafael\\\/#article\",\"isPartOf\":{\"@id\":\"https:\\\/\\\/www.iquilibrio.com\\\/blog\\\/espiritualidade\\\/cristianismo\\\/oracao-do-arcanjo-rafael\\\/\"},\"author\":{\"name\":\"Reda\u00e7\u00e3o iQuilibrio\",\"@id\":\"https:\\\/\\\/www.iquilibrio.com\\\/blog\\\/#\\\/schema\\\/person\\\/199505a1f0db0d00f022188666c75dca\"},\"headline\":\"Ora\u00e7\u00e3o da Ter\u00e7a-Feira Com Prote\u00e7\u00e3o Do Arcanjo Rafael &#8211; O Guardi\u00e3o Da Sa\u00fade\",\"datePublished\":\"2017-08-01T14:49:18+00:00\",\"dateModified\":\"2019-03-20T17:51:35+00:00\",\"mainEntityOfPage\":{\"@id\":\"https:\\\/\\\/www.iquilibrio.com\\\/blog\\\/espiritualidade\\\/cristianismo\\\/oracao-do-arcanjo-rafael\\\/\"},\"wordCount\":576,\"commentCount\":0,\"publisher\":{\"@id\":\"https:\\\/\\\/www.iquilibrio.com\\\/blog\\\/#organization\"},\"image\":{\"@id\":\"https:\\\/\\\/www.iquilibrio.com\\\/blog\\\/espiritualidade\\\/cristianismo\\\/oracao-do-arcanjo-rafael\\\/#primaryimage\"},\"thumbnailUrl\":\"https:\\\/\\\/www.iquilibrio.com\\\/blog\\\/wp-content\\\/uploads\\\/2017\\\/08\\\/iquilibrio_blog_anjo_rafael-768x478-1.jpg\",\"keywords\":[\"anjo\",\"anjo rafael\",\"arcanjo\",\"arcanjo rafael\",\"Ora\u00e7\u00e3o\",\"ora\u00e7\u00e3o da ter\u00e7a\",\"rafael\"],\"articleSection\":[\"Cristianismo\"],\"inLanguage\":\"pt-BR\"},{\"@type\":\"WebPage\",\"@id\":\"https:\\\/\\\/www.iquilibrio.com\\\/blog\\\/espiritualidade\\\/cristianismo\\\/oracao-do-arcanjo-rafael\\\/\",\"url\":\"https:\\\/\\\/www.iquilibrio.com\\\/blog\\\/espiritualidade\\\/cristianismo\\\/oracao-do-arcanjo-rafael\\\/\",\"name\":\"Arcanjo Rafael - O Guardi\u00e3o Da Sa\u00fade - Ora\u00e7\u00e3o Da Ter\u00e7a-Feira | iQuilibrio\",\"isPartOf\":{\"@id\":\"https:\\\/\\\/www.iquilibrio.com\\\/blog\\\/#website\"},\"primaryImageOfPage\":{\"@id\":\"https:\\\/\\\/www.iquilibrio.com\\\/blog\\\/espiritualidade\\\/cristianismo\\\/oracao-do-arcanjo-rafael\\\/#primaryimage\"},\"image\":{\"@id\":\"https:\\\/\\\/www.iquilibrio.com\\\/blog\\\/espiritualidade\\\/cristianismo\\\/oracao-do-arcanjo-rafael\\\/#primaryimage\"},\"thumbnailUrl\":\"https:\\\/\\\/www.iquilibrio.com\\\/blog\\\/wp-content\\\/uploads\\\/2017\\\/08\\\/iquilibrio_blog_anjo_rafael-768x478-1.jpg\",\"datePublished\":\"2017-08-01T14:49:18+00:00\",\"dateModified\":\"2019-03-20T17:51:35+00:00\",\"description\":\"Na ter\u00e7a-feira, concentre-se e fa\u00e7a uma Ora\u00e7\u00e3o para o Arcanjo Rafael, ele te proteger\u00e1 e procurar\u00e1 a melhor maneira de manter a sua sa\u00fade e paz.\",\"breadcrumb\":{\"@id\":\"https:\\\/\\\/www.iquilibrio.com\\\/blog\\\/espiritualidade\\\/cristianismo\\\/oracao-do-arcanjo-rafael\\\/#breadcrumb\"},\"inLanguage\":\"pt-BR\",\"potentialAction\":[{\"@type\":\"ReadAction\",\"target\":[\"https:\\\/\\\/www.iquilibrio.com\\\/blog\\\/espiritualidade\\\/cristianismo\\\/oracao-do-arcanjo-rafael\\\/\"]}]},{\"@type\":\"ImageObject\",\"inLanguage\":\"pt-BR\",\"@id\":\"https:\\\/\\\/www.iquilibrio.com\\\/blog\\\/espiritualidade\\\/cristianismo\\\/oracao-do-arcanjo-rafael\\\/#primaryimage\",\"url\":\"https:\\\/\\\/www.iquilibrio.com\\\/blog\\\/wp-content\\\/uploads\\\/2017\\\/08\\\/iquilibrio_blog_anjo_rafael-768x478-1.jpg\",\"contentUrl\":\"https:\\\/\\\/www.iquilibrio.com\\\/blog\\\/wp-content\\\/uploads\\\/2017\\\/08\\\/iquilibrio_blog_anjo_rafael-768x478-1.jpg\",\"width\":900,\"height\":560,\"caption\":\"rafael\"},{\"@type\":\"BreadcrumbList\",\"@id\":\"https:\\\/\\\/www.iquilibrio.com\\\/blog\\\/espiritualidade\\\/cristianismo\\\/oracao-do-arcanjo-rafael\\\/#breadcrumb\",\"itemListElement\":[{\"@type\":\"ListItem\",\"position\":1,\"name\":\"In\u00edcio\",\"item\":\"https:\\\/\\\/www.iquilibrio.com\\\/blog\\\/\"},{\"@type\":\"ListItem\",\"position\":2,\"name\":\"Ora\u00e7\u00e3o da Ter\u00e7a-Feira Com Prote\u00e7\u00e3o Do Arcanjo Rafael &#8211; O Guardi\u00e3o Da Sa\u00fade\"}]},{\"@type\":\"WebSite\",\"@id\":\"https:\\\/\\\/www.iquilibrio.com\\\/blog\\\/#website\",\"url\":\"https:\\\/\\\/www.iquilibrio.com\\\/blog\\\/\",\"name\":\"iQuilibrio\",\"description\":\"Blog iQuilibrio\",\"publisher\":{\"@id\":\"https:\\\/\\\/www.iquilibrio.com\\\/blog\\\/#organization\"},\"potentialAction\":[{\"@type\":\"SearchAction\",\"target\":{\"@type\":\"EntryPoint\",\"urlTemplate\":\"https:\\\/\\\/www.iquilibrio.com\\\/blog\\\/?s={search_term_string}\"},\"query-input\":{\"@type\":\"PropertyValueSpecification\",\"valueRequired\":true,\"valueName\":\"search_term_string\"}}],\"inLanguage\":\"pt-BR\"},{\"@type\":\"Organization\",\"@id\":\"https:\\\/\\\/www.iquilibrio.com\\\/blog\\\/#organization\",\"name\":\"Esoterismo, Misticismo e Tarot Online - iQuilibrio\",\"url\":\"https:\\\/\\\/www.iquilibrio.com\\\/blog\\\/\",\"logo\":{\"@type\":\"ImageObject\",\"inLanguage\":\"pt-BR\",\"@id\":\"https:\\\/\\\/www.iquilibrio.com\\\/blog\\\/#\\\/schema\\\/logo\\\/image\\\/\",\"url\":\"https:\\\/\\\/www.iquilibrio.com\\\/blog\\\/wp-content\\\/uploads\\\/2018\\\/12\\\/iquilibrio_lovo_vetor_preto-retina.png\",\"contentUrl\":\"https:\\\/\\\/www.iquilibrio.com\\\/blog\\\/wp-content\\\/uploads\\\/2018\\\/12\\\/iquilibrio_lovo_vetor_preto-retina.png\",\"width\":972,\"height\":180,\"caption\":\"Esoterismo, Misticismo e Tarot Online - iQuilibrio\"},\"image\":{\"@id\":\"https:\\\/\\\/www.iquilibrio.com\\\/blog\\\/#\\\/schema\\\/logo\\\/image\\\/\"},\"sameAs\":[\"https:\\\/\\\/www.facebook.com\\\/iQuilibrio\\\/\",\"https:\\\/\\\/x.com\\\/iquilibrio\",\"https:\\\/\\\/www.instagram.com\\\/iquilibrio\\\/\",\"https:\\\/\\\/www.linkedin.com\\\/company\\\/iquilibrio\\\/\",\"https:\\\/\\\/br.pinterest.com\\\/iquilibrio1397\\\/\",\"https:\\\/\\\/www.youtube.com\\\/channel\\\/UC175qxd-4Zsi4wzawT5zF2g\"]},{\"@type\":\"Person\",\"@id\":\"https:\\\/\\\/www.iquilibrio.com\\\/blog\\\/#\\\/schema\\\/person\\\/199505a1f0db0d00f022188666c75dca\",\"name\":\"Reda\u00e7\u00e3o iQuilibrio\",\"image\":{\"@type\":\"ImageObject\",\"inLanguage\":\"pt-BR\",\"@id\":\"https:\\\/\\\/www.iquilibrio.com\\\/blog\\\/wp-content\\\/uploads\\\/2021\\\/12\\\/Consulta-por-email-3-150x150.png\",\"url\":\"https:\\\/\\\/www.iquilibrio.com\\\/blog\\\/wp-content\\\/uploads\\\/2021\\\/12\\\/Consulta-por-email-3-150x150.png\",\"contentUrl\":\"https:\\\/\\\/www.iquilibrio.com\\\/blog\\\/wp-content\\\/uploads\\\/2021\\\/12\\\/Consulta-por-email-3-150x150.png\",\"caption\":\"Reda\u00e7\u00e3o iQuilibrio\"},\"description\":\"A equipe de reda\u00e7\u00e3o da iQuilibrio \u00e9 composta pelos mais diversos especialistas e esot\u00e9ricos. Al\u00e9m de dominar a arte de traduzir as energias que o universo emana, nossos redatores sentem imenso prazer em trabalhar com palavras. Boa leitura e um \u00f3timo aprendizado!\",\"url\":\"https:\\\/\\\/www.iquilibrio.com\\\/blog\\\/author\\\/juliana\\\/\"}]}<\/script>\n<!-- \/ Yoast SEO plugin. -->","yoast_head_json":{"title":"Arcanjo Rafael - O Guardi\u00e3o Da Sa\u00fade - Ora\u00e7\u00e3o Da Ter\u00e7a-Feira | iQuilibrio","description":"Na ter\u00e7a-feira, concentre-se e fa\u00e7a uma Ora\u00e7\u00e3o para o Arcanjo Rafael, ele te proteger\u00e1 e procurar\u00e1 a melhor maneira de manter a sua sa\u00fade e paz.","robots":{"index":"index","follow":"follow","max-snippet":"max-snippet:-1","max-image-preview":"max-image-preview:large","max-video-preview":"max-video-preview:-1"},"canonical":"https:\/\/www.iquilibrio.com\/blog\/espiritualidade\/cristianismo\/oracao-do-arcanjo-rafael\/","og_locale":"pt_BR","og_type":"article","og_title":"Arcanjo Rafael - O Guardi\u00e3o Da Sa\u00fade - Ora\u00e7\u00e3o Da Ter\u00e7a-Feira | iQuilibrio","og_description":"Na ter\u00e7a-feira, concentre-se e fa\u00e7a uma Ora\u00e7\u00e3o para o Arcanjo Rafael, ele te proteger\u00e1 e procurar\u00e1 a melhor maneira de manter a sua sa\u00fade e paz.","og_url":"https:\/\/www.iquilibrio.com\/blog\/espiritualidade\/cristianismo\/oracao-do-arcanjo-rafael\/","og_site_name":"iQuilibrio","article_publisher":"https:\/\/www.facebook.com\/iQuilibrio\/","article_published_time":"2017-08-01T14:49:18+00:00","article_modified_time":"2019-03-20T17:51:35+00:00","og_image":[{"width":900,"height":560,"url":"https:\/\/www.iquilibrio.com\/blog\/wp-content\/uploads\/2017\/08\/iquilibrio_blog_anjo_rafael-768x478-1.jpg","type":"image\/jpeg"}],"author":"Reda\u00e7\u00e3o iQuilibrio","twitter_card":"summary_large_image","twitter_creator":"@iquilibrio","twitter_site":"@iquilibrio","twitter_misc":{"Escrito por":"Reda\u00e7\u00e3o iQuilibrio","Est. tempo de leitura":"3 minutos"},"schema":{"@context":"https:\/\/schema.org","@graph":[{"@type":"Article","@id":"https:\/\/www.iquilibrio.com\/blog\/espiritualidade\/cristianismo\/oracao-do-arcanjo-rafael\/#article","isPartOf":{"@id":"https:\/\/www.iquilibrio.com\/blog\/espiritualidade\/cristianismo\/oracao-do-arcanjo-rafael\/"},"author":{"name":"Reda\u00e7\u00e3o iQuilibrio","@id":"https:\/\/www.iquilibrio.com\/blog\/#\/schema\/person\/199505a1f0db0d00f022188666c75dca"},"headline":"Ora\u00e7\u00e3o da Ter\u00e7a-Feira Com Prote\u00e7\u00e3o Do Arcanjo Rafael &#8211; O Guardi\u00e3o Da Sa\u00fade","datePublished":"2017-08-01T14:49:18+00:00","dateModified":"2019-03-20T17:51:35+00:00","mainEntityOfPage":{"@id":"https:\/\/www.iquilibrio.com\/blog\/espiritualidade\/cristianismo\/oracao-do-arcanjo-rafael\/"},"wordCount":576,"commentCount":0,"publisher":{"@id":"https:\/\/www.iquilibrio.com\/blog\/#organization"},"image":{"@id":"https:\/\/www.iquilibrio.com\/blog\/espiritualidade\/cristianismo\/oracao-do-arcanjo-rafael\/#primaryimage"},"thumbnailUrl":"https:\/\/www.iquilibrio.com\/blog\/wp-content\/uploads\/2017\/08\/iquilibrio_blog_anjo_rafael-768x478-1.jpg","keywords":["anjo","anjo rafael","arcanjo","arcanjo rafael","Ora\u00e7\u00e3o","ora\u00e7\u00e3o da ter\u00e7a","rafael"],"articleSection":["Cristianismo"],"inLanguage":"pt-BR"},{"@type":"WebPage","@id":"https:\/\/www.iquilibrio.com\/blog\/espiritualidade\/cristianismo\/oracao-do-arcanjo-rafael\/","url":"https:\/\/www.iquilibrio.com\/blog\/espiritualidade\/cristianismo\/oracao-do-arcanjo-rafael\/","name":"Arcanjo Rafael - O Guardi\u00e3o Da Sa\u00fade - Ora\u00e7\u00e3o Da Ter\u00e7a-Feira | iQuilibrio","isPartOf":{"@id":"https:\/\/www.iquilibrio.com\/blog\/#website"},"primaryImageOfPage":{"@id":"https:\/\/www.iquilibrio.com\/blog\/espiritualidade\/cristianismo\/oracao-do-arcanjo-rafael\/#primaryimage"},"image":{"@id":"https:\/\/www.iquilibrio.com\/blog\/espiritualidade\/cristianismo\/oracao-do-arcanjo-rafael\/#primaryimage"},"thumbnailUrl":"https:\/\/www.iquilibrio.com\/blog\/wp-content\/uploads\/2017\/08\/iquilibrio_blog_anjo_rafael-768x478-1.jpg","datePublished":"2017-08-01T14:49:18+00:00","dateModified":"2019-03-20T17:51:35+00:00","description":"Na ter\u00e7a-feira, concentre-se e fa\u00e7a uma Ora\u00e7\u00e3o para o Arcanjo Rafael, ele te proteger\u00e1 e procurar\u00e1 a melhor maneira de manter a sua sa\u00fade e paz.","breadcrumb":{"@id":"https:\/\/www.iquilibrio.com\/blog\/espiritualidade\/cristianismo\/oracao-do-arcanjo-rafael\/#breadcrumb"},"inLanguage":"pt-BR","potentialAction":[{"@type":"ReadAction","target":["https:\/\/www.iquilibrio.com\/blog\/espiritualidade\/cristianismo\/oracao-do-arcanjo-rafael\/"]}]},{"@type":"ImageObject","inLanguage":"pt-BR","@id":"https:\/\/www.iquilibrio.com\/blog\/espiritualidade\/cristianismo\/oracao-do-arcanjo-rafael\/#primaryimage","url":"https:\/\/www.iquilibrio.com\/blog\/wp-content\/uploads\/2017\/08\/iquilibrio_blog_anjo_rafael-768x478-1.jpg","contentUrl":"https:\/\/www.iquilibrio.com\/blog\/wp-content\/uploads\/2017\/08\/iquilibrio_blog_anjo_rafael-768x478-1.jpg","width":900,"height":560,"caption":"rafael"},{"@type":"BreadcrumbList","@id":"https:\/\/www.iquilibrio.com\/blog\/espiritualidade\/cristianismo\/oracao-do-arcanjo-rafael\/#breadcrumb","itemListElement":[{"@type":"ListItem","position":1,"name":"In\u00edcio","item":"https:\/\/www.iquilibrio.com\/blog\/"},{"@type":"ListItem","position":2,"name":"Ora\u00e7\u00e3o da Ter\u00e7a-Feira Com Prote\u00e7\u00e3o Do Arcanjo Rafael &#8211; O Guardi\u00e3o Da Sa\u00fade"}]},{"@type":"WebSite","@id":"https:\/\/www.iquilibrio.com\/blog\/#website","url":"https:\/\/www.iquilibrio.com\/blog\/","name":"iQuilibrio","description":"Blog iQuilibrio","publisher":{"@id":"https:\/\/www.iquilibrio.com\/blog\/#organization"},"potentialAction":[{"@type":"SearchAction","target":{"@type":"EntryPoint","urlTemplate":"https:\/\/www.iquilibrio.com\/blog\/?s={search_term_string}"},"query-input":{"@type":"PropertyValueSpecification","valueRequired":true,"valueName":"search_term_string"}}],"inLanguage":"pt-BR"},{"@type":"Organization","@id":"https:\/\/www.iquilibrio.com\/blog\/#organization","name":"Esoterismo, Misticismo e Tarot Online - iQuilibrio","url":"https:\/\/www.iquilibrio.com\/blog\/","logo":{"@type":"ImageObject","inLanguage":"pt-BR","@id":"https:\/\/www.iquilibrio.com\/blog\/#\/schema\/logo\/image\/","url":"https:\/\/www.iquilibrio.com\/blog\/wp-content\/uploads\/2018\/12\/iquilibrio_lovo_vetor_preto-retina.png","contentUrl":"https:\/\/www.iquilibrio.com\/blog\/wp-content\/uploads\/2018\/12\/iquilibrio_lovo_vetor_preto-retina.png","width":972,"height":180,"caption":"Esoterismo, Misticismo e Tarot Online - iQuilibrio"},"image":{"@id":"https:\/\/www.iquilibrio.com\/blog\/#\/schema\/logo\/image\/"},"sameAs":["https:\/\/www.facebook.com\/iQuilibrio\/","https:\/\/x.com\/iquilibrio","https:\/\/www.instagram.com\/iquilibrio\/","https:\/\/www.linkedin.com\/company\/iquilibrio\/","https:\/\/br.pinterest.com\/iquilibrio1397\/","https:\/\/www.youtube.com\/channel\/UC175qxd-4Zsi4wzawT5zF2g"]},{"@type":"Person","@id":"https:\/\/www.iquilibrio.com\/blog\/#\/schema\/person\/199505a1f0db0d00f022188666c75dca","name":"Reda\u00e7\u00e3o iQuilibrio","image":{"@type":"ImageObject","inLanguage":"pt-BR","@id":"https:\/\/www.iquilibrio.com\/blog\/wp-content\/uploads\/2021\/12\/Consulta-por-email-3-150x150.png","url":"https:\/\/www.iquilibrio.com\/blog\/wp-content\/uploads\/2021\/12\/Consulta-por-email-3-150x150.png","contentUrl":"https:\/\/www.iquilibrio.com\/blog\/wp-content\/uploads\/2021\/12\/Consulta-por-email-3-150x150.png","caption":"Reda\u00e7\u00e3o iQuilibrio"},"description":"A equipe de reda\u00e7\u00e3o da iQuilibrio \u00e9 composta pelos mais diversos especialistas e esot\u00e9ricos. Al\u00e9m de dominar a arte de traduzir as energias que o universo emana, nossos redatores sentem imenso prazer em trabalhar com palavras. Boa leitura e um \u00f3timo aprendizado!","url":"https:\/\/www.iquilibrio.com\/blog\/author\/juliana\/"}]}},"_links":{"self":[{"href":"https:\/\/www.iquilibrio.com\/blog\/wp-json\/wp\/v2\/posts\/7605","targetHints":{"allow":["GET"]}}],"collection":[{"href":"https:\/\/www.iquilibrio.com\/blog\/wp-json\/wp\/v2\/posts"}],"about":[{"href":"https:\/\/www.iquilibrio.com\/blog\/wp-json\/wp\/v2\/types\/post"}],"author":[{"embeddable":true,"href":"https:\/\/www.iquilibrio.com\/blog\/wp-json\/wp\/v2\/users\/20"}],"replies":[{"embeddable":true,"href":"https:\/\/www.iquilibrio.com\/blog\/wp-json\/wp\/v2\/comments?post=7605"}],"version-history":[{"count":2,"href":"https:\/\/www.iquilibrio.com\/blog\/wp-json\/wp\/v2\/posts\/7605\/revisions"}],"predecessor-version":[{"id":23907,"href":"https:\/\/www.iquilibrio.com\/blog\/wp-json\/wp\/v2\/posts\/7605\/revisions\/23907"}],"wp:featuredmedia":[{"embeddable":true,"href":"https:\/\/www.iquilibrio.com\/blog\/wp-json\/wp\/v2\/media\/9225"}],"wp:attachment":[{"href":"https:\/\/www.iquilibrio.com\/blog\/wp-json\/wp\/v2\/media?parent=7605"}],"wp:term":[{"taxonomy":"category","embeddable":true,"href":"https:\/\/www.iquilibrio.com\/blog\/wp-json\/wp\/v2\/categories?post=7605"},{"taxonomy":"post_tag","embeddable":true,"href":"https:\/\/www.iquilibrio.com\/blog\/wp-json\/wp\/v2\/tags?post=7605"}],"curies":[{"name":"wp","href":"https:\/\/api.w.org\/{rel}","templated":true}]}}