{"id":6614,"date":"2018-05-30T07:38:49","date_gmt":"2018-05-30T10:38:49","guid":{"rendered":"https:\/\/www.iquilibrio.com\/blog\/?p=6614"},"modified":"2019-03-25T15:57:06","modified_gmt":"2019-03-25T17:57:06","slug":"santa-joana","status":"publish","type":"post","link":"https:\/\/www.iquilibrio.com\/blog\/espiritualidade\/cristianismo\/santa-joana\/","title":{"rendered":"Saiba mais sobre a Santa Joana d&#8217;Arc &#8211; A Hero\u00edna"},"content":{"rendered":"<p>Uma das maiores perdas e injusti\u00e7as cometidas pela <strong>Igreja<\/strong> na \u00e9poca da inquisi\u00e7\u00e3o, foi o assassinato da Santa <strong>Joana d&#8217;Arc<\/strong>. Em uma \u00e9poca onde muitos bispos eram facilmente subordinados, esta jovem guerreira encontrou o seu fim nas chamas da fogueira.<\/p>\n<p style=\"text-align: center;\"><a href=\"https:\/\/www.iquilibrio.com\/salmos\/\"><span class=\"td_btn td_btn_lg td_round_btn class-cta1\" style=\"color: #ffffff;\">Abra seus Caminhos AQUI com a Orienta\u00e7\u00e3o dos Melhores Especialistas em Salmos<\/span><\/a><\/p>\n<p>&nbsp;<\/p>\n<h2>\u00a0A Hist\u00f3ria de Joana d&#8217;Arc<\/h2>\n<p>Quando Joana nasceu em 1412 em meio aos camponeses franceses, a Fran\u00e7a se encontrava ainda em guerra com a Inglaterra. Desde muito jovem, ela frequentava a Igreja crist\u00e3, onde em meio a <strong>prega\u00e7\u00e3o\u00a0<\/strong><a href=\"https:\/\/www.iquilibrio.com\/blog\/salmo-do-dia\/\">aceitou com muita f\u00e9 as palavras da <\/a><strong><a href=\"https:\/\/www.iquilibrio.com\/blog\/salmo-do-dia\/\">B\u00edblia Sagrada<\/a>, <\/strong>tornando-se conhecida dentre\u00a0todas as crian\u00e7as por sua bondade.<\/p>\n<h3>A voz de S\u00e3o Miguel Arcanjo<\/h3>\n<p>Aos 13 anos, Joana escutou em seu ouvido direito uma voz de um anjo &#8211; a qual mais tarde ela descobriu ser do <a href=\"https:\/\/www.iquilibrio.com\/blog\/espiritualidade\/cristianismo\/sao-miguel-arcanjo\/\">Arcanjo Miguel<\/a> &#8211; ela lhe guiava para os caminhos de Deus, e lhe ensinava como viver em paz e pregar de forma s\u00e1bia, mesmo sendo t\u00e3o jovem. Essa mesma voz conversou com a garota\u00a0diversas vezes e, em uma delas o Arcanjo solicitou que Joana fosse ao socorro do Rei da Fran\u00e7a. Sendo assim, aos 17 anos ela decidiu partir e ingressar no ex\u00e9rcito.<\/p>\n<h3>A garota lidera um ex\u00e9rcito, expulsa os ingleses e coroa Carlos VII<\/h3>\n<p>Mesmo iletrada, Joana chega at\u00e9 Carlos VII o qual havia perdido seu posto de direito, como Rei da Fran\u00e7a e o promete que atrav\u00e9s da f\u00e9 e de Deus ela lideraria o ex\u00e9rcito \u00e0 vit\u00f3ria. Tocado pelas palavras da garota e sufocado com a invas\u00e3o dos ingleses que o pressionava cada vez mais, ele aceitou sua proposta e a colocou como l\u00edder de todo ex\u00e9rcito.<\/p>\n<p>As vit\u00f3rias come\u00e7aram a acontecer uma ap\u00f3s a outra, a Fran\u00e7a voltou a ter dom\u00ednio sobre seu territ\u00f3rio e Carlos VII foi coroado Rei. O mais surpreendente, foi o fato de que uma jovem sem conhecimento algum de guerra era a principal respons\u00e1vel por este feito, pois todas as estrat\u00e9gias foram elaboradas por ela.<\/p>\n<p>Ap\u00f3s a coroa\u00e7\u00e3o, os franceses encontravam novamente a esperan\u00e7a de ter de volta todo seu territ\u00f3rio, mas o cora\u00e7\u00e3o do Rei havia mudado, a lux\u00faria e o poder tomaram conta de seus pensamentos e ele se esqueceu da menina respons\u00e1vel por toda aquela conquista. Ent\u00e3o, em uma batalha em 1430, Joana foi capturada por tropas inglesas e levada para julgamento (o qual era feito pela pr\u00f3pria Igreja, pois ela foi condenada como herege). Condenada pelo cruel bispo\u00a0Pierre Cauchon como bruxa, em 30 de maio de 1431, aos 19 anos de idade, Joana foi queimada viva na fogueira. Ningu\u00e9m tentou salv\u00e1-la, ningu\u00e9m olhou pela garota, n\u00e3o houveram protetores, nem reconhecimento, enquanto as chamas a consumiam, ela reafirmou sua f\u00e9 nos passos que seguiu at\u00e9 ali: &#8220;as vozes n\u00e3o mentiram, as vozes n\u00e3o mentiram&#8221;.<\/p>\n<p>Por isso, no dia 30 de maio \u00e9 comemorado o dia de Santa Joana d&#8217;Arc, canonizada pelo Papa Bento XV em 1920, ap\u00f3s uma detalhada prova sobre sua inoc\u00eancia, seus feitos e milagres realizados.<\/p>\n<h2>Ora\u00e7\u00e3o de Joana d&#8217;Arc<\/h2>\n<blockquote><p>&#8220;\u00d3 Santa Joana d\u2019Arc, v\u00f3s que, cumprindo a vontade de <strong>Deus<\/strong>, de espada em punho, vos lan\u00e7astes \u00e0 luta, por Deus e pela P\u00e1tria, ajudai-me a perceber, no meu \u00edntimo, as inspira\u00e7\u00f5es de Deus. Com o aux\u00edlio da vossa espada, fazei recuar os meus inimigos que atentam contra a minha f\u00e9 e contra as pessoas mais pobres e desvalidas que habitam nossa P\u00e1tria.<\/p>\n<p>Santa <strong>Joana<\/strong> d\u2019Arc, ajudai-me a vencer as dificuldades no lar, no emprego, no estudo e na vida di\u00e1ria. \u00d3 Santa Joana d\u2019Arc atenda ao meu pedido (fa\u00e7a o pedido). E que nada me obrigue a recuar, quando estou com a raz\u00e3o e a verdade, nem opress\u00f5es, nem amea\u00e7as, nem processos, nem mesmo a fogueira.<\/p>\n<p>Santa Joana d\u2019Arc, iluminai-me, guiai-me, fortalecei-me, defendei-me. Am\u00e9m!&#8221;<\/p><\/blockquote>\n<h2>Novena de Joana d&#8217;Arc<\/h2>\n<p>Durante nove dias, reze de todo seu cora\u00e7\u00e3o as seguintes Ora\u00e7\u00f5es para a Santa Joana:<\/p>\n<h3>Primeira Ora\u00e7\u00e3o:<\/h3>\n<blockquote><p><span class=\"userContent\">&#8220;\u00d3 Santa Joana d\u2019Arc, v\u00f3s que, cumprindo a vontade de Deus, de espada em punho, vos lan\u00e7astes \u00e0 luta, por Deus e pela P\u00e1tria, ajudai-me a perceber, no meu \u00edntimo, as inspira\u00e7\u00f5es de Deus. Com o aux\u00edlio da vossa <\/span>espada, fazei recuar os meus inimigos que atentam contra a minha f\u00e9 e contra as pessoas mais pobres e desvalidas que habitam nossa P\u00e1tria. Santa Joana d\u2019Arc ajudai-me a vencer as dificuldades no lar, no emprego, no estudo e na vida di\u00e1ria. \u00d3 Santa Joana d\u2019Arc atenda ao meu pedido (pedido). E que nada me obrigue a recuar, quando estou com a raz\u00e3o e a verdade, nem opress\u00f5es, nem amea\u00e7as, nem processos, nem mesmo a fogueira. Am\u00e9m!&#8221;<\/p><\/blockquote>\n<p><strong>(Rezar 1 Pai Nosso, 1 Ave Maria e 1 Gl\u00f3ria)<\/strong><\/p>\n<h3>Segunda Ora\u00e7\u00e3o:<\/h3>\n<blockquote><p>&#8220;<span class=\"userContent\">\u00d3 mais pura Virgem e Gloriosa m\u00e1rtir Santa Joana da qual Deus e Seu Eterno Poder tem revelado para o mundo de modo a reviver a f\u00e9, a esperan\u00e7a e a caridade das almas crist\u00e3s. Eu me prostro a vossos p\u00e9s minha querida santa, digna ,virgem, cheia de gra\u00e7a e bondade e pe\u00e7o que receba as ora\u00e7\u00f5es deste seu humilde servo e obtenha para mim a pureza de teu terr\u00edvel sacrif\u00edcio e a fortaleza de sua alma e fa\u00e7a com que eu resista aos mais terr\u00edveis ataques e que eu venha a sentir este seu amor ardente para o Nosso Senhor <strong>Jesus Cristo<\/strong>, amor este que os mais terr\u00edveis tormentos n\u00e3o o fez extinguir em ti .<\/span><\/p>\n<div class=\"text_exposed_show\"><span class=\"userContent\">Assim espero que seguindo este exemplo santo e imitando sua vida, eu possa um dia estar contigo no para\u00edso. Na hora de minha agonia final venha em meu socorro, fique ao meu lado e me conduza a presen\u00e7a de <strong>Jesus<\/strong>. Am\u00e9m.&#8221;<\/span><\/div>\n<\/blockquote>\n<div class=\"text_exposed_show\"><strong>(Rezar 1 Pai Nosso, 1 Ave Maria e 1 Gl\u00f3ria)<\/strong><\/div>\n<div class=\"text_exposed_show\"><\/div>\n<h3 class=\"text_exposed_show\">Terceira Ora\u00e7\u00e3o:<\/h3>\n<blockquote><p>&#8220;<span class=\"userContent\">Senhor, suplicamos-Lhe o perd\u00e3o dos nossos pecados pela intercess\u00e3o de Santa Joana , virgem e m\u00e1rtir, pela sua castidade de vida e cada virtude que a tornou agrad\u00e1vel aos Seu olhos. Am\u00e9m. Santa Joana, eis-me aqui, prostrado diante do trono em que apraz \u00e0 Sant\u00edssima Trindade coloc\u00e1-la.<\/span><\/p>\n<p><span class=\"userContent\">Cheio de confian\u00e7a em sua prote\u00e7\u00e3o, rogo-lhe que interceda por mim diante de Deus,dignando-se lan\u00e7ar um olhar sobre este seu humilde devoto.<\/span><\/p>\n<div><span class=\"userContent\">Como a uma das esposas eleitas de Cristo, dirijo-lhe confiantemente o meu pedido de que me sustente no sofrimento, fortifique-me nas tenta\u00e7\u00f5es, proteja-me dos perigos que me rodeiam, obtendo-me as gra\u00e7as de que tanto necessito, em particular (diga o seu pedido)&#8230;<\/span><span class=\"userContent\">Acima de tudo, espero contar com a sua santa assist\u00eancia na hora da minha morte.<\/span><\/div>\n<div><span class=\"userContent\">Sa<\/span><span class=\"userContent\">nta Joana, pela sua poderosa intercess\u00e3o junto de Deus, rogai por n\u00f3s!<\/span><\/div>\n<div><span class=\"userContent\">Sant\u00edssima Trindade, nunca cessaremos de Lhe agradecer pelas gra\u00e7as concedidas \u00e0 bem-aventurada sempre virgem Maria e \u00e0 Sua serva Santa Joana, e pela intercess\u00e3o de ambas imploramos, mais uma vez, que tenha piedade de n\u00f3s. Am\u00e9m.&#8221;<\/span><\/div>\n<\/blockquote>\n<div>\n<div class=\"text_exposed_show\"><strong>(Rezar 1 <a href=\"https:\/\/www.iquilibrio.com\/blog\/espiritualidade\/cristianismo\/pai-nosso\/\">Pai Nosso<\/a>, 1 <a href=\"https:\/\/www.iquilibrio.com\/blog\/espiritualidade\/cristianismo\/ave-maria-oracao\/\">Ave Maria<\/a> e 1 <a href=\"https:\/\/www.iquilibrio.com\/blog\/espiritualidade\/oracoes-salmos\/oracao-gloria\/\">Gl\u00f3ria<\/a>)<\/strong><\/div>\n<\/div>\n<div class=\"text_exposed_show\"><\/div>\n<h3 class=\"text_exposed_show\">Quarta Ora\u00e7\u00e3o \/ Final:<\/h3>\n<blockquote>\n<div><span class=\"userContent\">&#8220;Concedei-me, \u00d3 Pai a coragem e o esp\u00edrito de sacrif\u00edcio de vossa serva Joana d&#8217;Arc, a fim de que, pelo seu exemplo e fidelidade, seja eu tamb\u00e9m um soldado da Causa do Evangelho.<\/span><\/div>\n<p><span class=\"userContent\">Por Jesus Cristo Nosso Senhor. Am\u00e9m!\u00a0<\/span><span class=\"userContent\">Santa Joana d&#8217;Arc, rogai por n\u00f3s.&#8221;<\/span><\/p><\/blockquote>\n<p>Joana d&#8217;Arc \u00e9 um dos <strong>Santos<\/strong> da Igreja cat\u00f3lica que sofreu injusti\u00e7a na \u00e9poca da inquisi\u00e7\u00e3o, <a href=\"https:\/\/www.iquilibrio.com\/salmos\/\">mas a sua f\u00e9 na <strong><span class=\"class-texto-consultas\">B\u00edblia<\/span><\/strong> e na palavra de Deus<\/a> enviada por interm\u00e9dio do Arcanjo Miguel, libertou a sua alma atrav\u00e9s do amor e promessa Divina.<\/p>\n<p style=\"text-align: center;\"><span style=\"color: #ffffff;\"><a style=\"color: #ffffff;\" href=\"https:\/\/www.iquilibrio.com\/esotericos\/\"><span class=\"td_btn td_btn_lg td_round_btn class-cta2\">Ven\u00e7a Seus Desafios de Vida Com a Ajuda de Esot\u00e9ricos Experientes<\/span><\/a><\/span><\/p>\n\n\n<div class=\"kk-star-ratings kksr-auto kksr-align-left kksr-valign-bottom\"\n    data-payload='{&quot;align&quot;:&quot;left&quot;,&quot;id&quot;:&quot;6614&quot;,&quot;slug&quot;:&quot;default&quot;,&quot;valign&quot;:&quot;bottom&quot;,&quot;ignore&quot;:&quot;&quot;,&quot;reference&quot;:&quot;auto&quot;,&quot;class&quot;:&quot;&quot;,&quot;count&quot;:&quot;1&quot;,&quot;legendonly&quot;:&quot;&quot;,&quot;readonly&quot;:&quot;&quot;,&quot;score&quot;:&quot;5&quot;,&quot;starsonly&quot;:&quot;&quot;,&quot;best&quot;:&quot;5&quot;,&quot;gap&quot;:&quot;5&quot;,&quot;greet&quot;:&quot;Rate this post&quot;,&quot;legend&quot;:&quot;5\\\/5 - (1 voto)&quot;,&quot;size&quot;:&quot;24&quot;,&quot;title&quot;:&quot;Saiba mais sobre a Santa Joana d\\u0026#039;Arc - A Hero\u00edna&quot;,&quot;width&quot;:&quot;142.5&quot;,&quot;_legend&quot;:&quot;{score}\\\/{best} - ({count} {votes})&quot;,&quot;font_factor&quot;:&quot;1.25&quot;}'>\n            \n<div class=\"kksr-stars\">\n    \n<div class=\"kksr-stars-inactive\">\n            <div class=\"kksr-star\" data-star=\"1\" style=\"padding-right: 5px\">\n            \n\n<div class=\"kksr-icon\" style=\"width: 24px; height: 24px;\"><\/div>\n        <\/div>\n            <div class=\"kksr-star\" data-star=\"2\" style=\"padding-right: 5px\">\n            \n\n<div class=\"kksr-icon\" style=\"width: 24px; height: 24px;\"><\/div>\n        <\/div>\n            <div class=\"kksr-star\" data-star=\"3\" style=\"padding-right: 5px\">\n            \n\n<div class=\"kksr-icon\" style=\"width: 24px; height: 24px;\"><\/div>\n        <\/div>\n            <div class=\"kksr-star\" data-star=\"4\" style=\"padding-right: 5px\">\n            \n\n<div class=\"kksr-icon\" style=\"width: 24px; height: 24px;\"><\/div>\n        <\/div>\n            <div class=\"kksr-star\" data-star=\"5\" style=\"padding-right: 5px\">\n            \n\n<div class=\"kksr-icon\" style=\"width: 24px; height: 24px;\"><\/div>\n        <\/div>\n    <\/div>\n    \n<div class=\"kksr-stars-active\" style=\"width: 142.5px;\">\n            <div class=\"kksr-star\" style=\"padding-right: 5px\">\n            \n\n<div class=\"kksr-icon\" style=\"width: 24px; height: 24px;\"><\/div>\n        <\/div>\n            <div class=\"kksr-star\" style=\"padding-right: 5px\">\n            \n\n<div class=\"kksr-icon\" style=\"width: 24px; height: 24px;\"><\/div>\n        <\/div>\n            <div class=\"kksr-star\" style=\"padding-right: 5px\">\n            \n\n<div class=\"kksr-icon\" style=\"width: 24px; height: 24px;\"><\/div>\n        <\/div>\n            <div class=\"kksr-star\" style=\"padding-right: 5px\">\n            \n\n<div class=\"kksr-icon\" style=\"width: 24px; height: 24px;\"><\/div>\n        <\/div>\n            <div class=\"kksr-star\" style=\"padding-right: 5px\">\n            \n\n<div class=\"kksr-icon\" style=\"width: 24px; height: 24px;\"><\/div>\n        <\/div>\n    <\/div>\n<\/div>\n                \n\n<div class=\"kksr-legend\" style=\"font-size: 19.2px;\">\n            5\/5 - (1 voto)    <\/div>\n    <\/div>\n","protected":false},"excerpt":{"rendered":"<p>Uma das maiores perdas e injusti\u00e7as cometidas pela Igreja na \u00e9poca da inquisi\u00e7\u00e3o, foi o assassinato da Santa Joana d&#8217;Arc. Em uma \u00e9poca onde muitos bispos eram facilmente subordinados, esta jovem guerreira encontrou o seu fim nas chamas da fogueira. Abra seus Caminhos AQUI com a Orienta\u00e7\u00e3o dos Melhores Especialistas em Salmos &nbsp; \u00a0A Hist\u00f3ria [&hellip;]<\/p>\n","protected":false},"author":20,"featured_media":16920,"comment_status":"open","ping_status":"open","sticky":false,"template":"","format":"standard","meta":{"footnotes":""},"categories":[504],"tags":[1124,1125,3054],"class_list":["post-6614","post","type-post","status-publish","format-standard","has-post-thumbnail","hentry","category-cristianismo","tag-joana-darc","tag-santa","tag-santa-joana-darc"],"yoast_head":"<!-- This site is optimized with the Yoast SEO plugin v27.4 - https:\/\/yoast.com\/product\/yoast-seo-wordpress\/ -->\n<title>Santa Joana d&#039;Arc - A Virgem Santa Her\u00f3ica | iQuilibrio<\/title>\n<meta name=\"description\" content=\"Uma das maiores perdas e injusti\u00e7as cometidas pela Igreja na \u00e9poca da inquisi\u00e7\u00e3o, foi o assassinato da Santa Joana d&#039;Arc. Em uma \u00e9poca onde muitos bispos eram facilmente subordinados, esta jovem guerreira encontrou o seu fim nas chamas da fogueira.Conhe\u00e7a neste artigo mais sobre a Santa Joana d&#039;Arc!\" \/>\n<meta name=\"robots\" content=\"index, follow, max-snippet:-1, max-image-preview:large, max-video-preview:-1\" \/>\n<link rel=\"canonical\" href=\"https:\/\/www.iquilibrio.com\/blog\/espiritualidade\/cristianismo\/santa-joana\/\" \/>\n<meta property=\"og:locale\" content=\"pt_BR\" \/>\n<meta property=\"og:type\" content=\"article\" \/>\n<meta property=\"og:title\" content=\"Santa Joana d&#039;Arc - A Virgem Santa Her\u00f3ica | iQuilibrio\" \/>\n<meta property=\"og:description\" content=\"Uma das maiores perdas e injusti\u00e7as cometidas pela Igreja na \u00e9poca da inquisi\u00e7\u00e3o, foi o assassinato da Santa Joana d&#039;Arc. Em uma \u00e9poca onde muitos bispos eram facilmente subordinados, esta jovem guerreira encontrou o seu fim nas chamas da fogueira.Conhe\u00e7a neste artigo mais sobre a Santa Joana d&#039;Arc!\" \/>\n<meta property=\"og:url\" content=\"https:\/\/www.iquilibrio.com\/blog\/espiritualidade\/cristianismo\/santa-joana\/\" \/>\n<meta property=\"og:site_name\" content=\"iQuilibrio\" \/>\n<meta property=\"article:publisher\" content=\"https:\/\/www.facebook.com\/iQuilibrio\/\" \/>\n<meta property=\"article:published_time\" content=\"2018-05-30T10:38:49+00:00\" \/>\n<meta property=\"article:modified_time\" content=\"2019-03-25T17:57:06+00:00\" \/>\n<meta property=\"og:image\" content=\"https:\/\/www.iquilibrio.com\/blog\/wp-content\/uploads\/2017\/05\/santa_joana_blog.jpg\" \/>\n\t<meta property=\"og:image:width\" content=\"900\" \/>\n\t<meta property=\"og:image:height\" content=\"560\" \/>\n\t<meta property=\"og:image:type\" content=\"image\/jpeg\" \/>\n<meta name=\"author\" content=\"Reda\u00e7\u00e3o iQuilibrio\" \/>\n<meta name=\"twitter:card\" content=\"summary_large_image\" \/>\n<meta name=\"twitter:creator\" content=\"@iquilibrio\" \/>\n<meta name=\"twitter:site\" content=\"@iquilibrio\" \/>\n<meta name=\"twitter:label1\" content=\"Escrito por\" \/>\n\t<meta name=\"twitter:data1\" content=\"Reda\u00e7\u00e3o iQuilibrio\" \/>\n\t<meta name=\"twitter:label2\" content=\"Est. tempo de leitura\" \/>\n\t<meta name=\"twitter:data2\" content=\"7 minutos\" \/>\n<script type=\"application\/ld+json\" class=\"yoast-schema-graph\">{\"@context\":\"https:\\\/\\\/schema.org\",\"@graph\":[{\"@type\":\"Article\",\"@id\":\"https:\\\/\\\/www.iquilibrio.com\\\/blog\\\/espiritualidade\\\/cristianismo\\\/santa-joana\\\/#article\",\"isPartOf\":{\"@id\":\"https:\\\/\\\/www.iquilibrio.com\\\/blog\\\/espiritualidade\\\/cristianismo\\\/santa-joana\\\/\"},\"author\":{\"name\":\"Reda\u00e7\u00e3o iQuilibrio\",\"@id\":\"https:\\\/\\\/www.iquilibrio.com\\\/blog\\\/#\\\/schema\\\/person\\\/199505a1f0db0d00f022188666c75dca\"},\"headline\":\"Saiba mais sobre a Santa Joana d&#8217;Arc &#8211; A Hero\u00edna\",\"datePublished\":\"2018-05-30T10:38:49+00:00\",\"dateModified\":\"2019-03-25T17:57:06+00:00\",\"mainEntityOfPage\":{\"@id\":\"https:\\\/\\\/www.iquilibrio.com\\\/blog\\\/espiritualidade\\\/cristianismo\\\/santa-joana\\\/\"},\"wordCount\":1356,\"commentCount\":0,\"publisher\":{\"@id\":\"https:\\\/\\\/www.iquilibrio.com\\\/blog\\\/#organization\"},\"image\":{\"@id\":\"https:\\\/\\\/www.iquilibrio.com\\\/blog\\\/espiritualidade\\\/cristianismo\\\/santa-joana\\\/#primaryimage\"},\"thumbnailUrl\":\"https:\\\/\\\/www.iquilibrio.com\\\/blog\\\/wp-content\\\/uploads\\\/2017\\\/05\\\/santa_joana_blog.jpg\",\"keywords\":[\"joana darc\",\"santa\",\"santa Joana d'Arc\"],\"articleSection\":[\"Cristianismo\"],\"inLanguage\":\"pt-BR\"},{\"@type\":\"WebPage\",\"@id\":\"https:\\\/\\\/www.iquilibrio.com\\\/blog\\\/espiritualidade\\\/cristianismo\\\/santa-joana\\\/\",\"url\":\"https:\\\/\\\/www.iquilibrio.com\\\/blog\\\/espiritualidade\\\/cristianismo\\\/santa-joana\\\/\",\"name\":\"Santa Joana d'Arc - A Virgem Santa Her\u00f3ica | iQuilibrio\",\"isPartOf\":{\"@id\":\"https:\\\/\\\/www.iquilibrio.com\\\/blog\\\/#website\"},\"primaryImageOfPage\":{\"@id\":\"https:\\\/\\\/www.iquilibrio.com\\\/blog\\\/espiritualidade\\\/cristianismo\\\/santa-joana\\\/#primaryimage\"},\"image\":{\"@id\":\"https:\\\/\\\/www.iquilibrio.com\\\/blog\\\/espiritualidade\\\/cristianismo\\\/santa-joana\\\/#primaryimage\"},\"thumbnailUrl\":\"https:\\\/\\\/www.iquilibrio.com\\\/blog\\\/wp-content\\\/uploads\\\/2017\\\/05\\\/santa_joana_blog.jpg\",\"datePublished\":\"2018-05-30T10:38:49+00:00\",\"dateModified\":\"2019-03-25T17:57:06+00:00\",\"description\":\"Uma das maiores perdas e injusti\u00e7as cometidas pela Igreja na \u00e9poca da inquisi\u00e7\u00e3o, foi o assassinato da Santa Joana d'Arc. Em uma \u00e9poca onde muitos bispos eram facilmente subordinados, esta jovem guerreira encontrou o seu fim nas chamas da fogueira.Conhe\u00e7a neste artigo mais sobre a Santa Joana d'Arc!\",\"breadcrumb\":{\"@id\":\"https:\\\/\\\/www.iquilibrio.com\\\/blog\\\/espiritualidade\\\/cristianismo\\\/santa-joana\\\/#breadcrumb\"},\"inLanguage\":\"pt-BR\",\"potentialAction\":[{\"@type\":\"ReadAction\",\"target\":[\"https:\\\/\\\/www.iquilibrio.com\\\/blog\\\/espiritualidade\\\/cristianismo\\\/santa-joana\\\/\"]}]},{\"@type\":\"ImageObject\",\"inLanguage\":\"pt-BR\",\"@id\":\"https:\\\/\\\/www.iquilibrio.com\\\/blog\\\/espiritualidade\\\/cristianismo\\\/santa-joana\\\/#primaryimage\",\"url\":\"https:\\\/\\\/www.iquilibrio.com\\\/blog\\\/wp-content\\\/uploads\\\/2017\\\/05\\\/santa_joana_blog.jpg\",\"contentUrl\":\"https:\\\/\\\/www.iquilibrio.com\\\/blog\\\/wp-content\\\/uploads\\\/2017\\\/05\\\/santa_joana_blog.jpg\",\"width\":900,\"height\":560,\"caption\":\"Santa Joana d'Arc\"},{\"@type\":\"BreadcrumbList\",\"@id\":\"https:\\\/\\\/www.iquilibrio.com\\\/blog\\\/espiritualidade\\\/cristianismo\\\/santa-joana\\\/#breadcrumb\",\"itemListElement\":[{\"@type\":\"ListItem\",\"position\":1,\"name\":\"In\u00edcio\",\"item\":\"https:\\\/\\\/www.iquilibrio.com\\\/blog\\\/\"},{\"@type\":\"ListItem\",\"position\":2,\"name\":\"Saiba mais sobre a Santa Joana d&#8217;Arc &#8211; A Hero\u00edna\"}]},{\"@type\":\"WebSite\",\"@id\":\"https:\\\/\\\/www.iquilibrio.com\\\/blog\\\/#website\",\"url\":\"https:\\\/\\\/www.iquilibrio.com\\\/blog\\\/\",\"name\":\"iQuilibrio\",\"description\":\"Blog iQuilibrio\",\"publisher\":{\"@id\":\"https:\\\/\\\/www.iquilibrio.com\\\/blog\\\/#organization\"},\"potentialAction\":[{\"@type\":\"SearchAction\",\"target\":{\"@type\":\"EntryPoint\",\"urlTemplate\":\"https:\\\/\\\/www.iquilibrio.com\\\/blog\\\/?s={search_term_string}\"},\"query-input\":{\"@type\":\"PropertyValueSpecification\",\"valueRequired\":true,\"valueName\":\"search_term_string\"}}],\"inLanguage\":\"pt-BR\"},{\"@type\":\"Organization\",\"@id\":\"https:\\\/\\\/www.iquilibrio.com\\\/blog\\\/#organization\",\"name\":\"Esoterismo, Misticismo e Tarot Online - iQuilibrio\",\"url\":\"https:\\\/\\\/www.iquilibrio.com\\\/blog\\\/\",\"logo\":{\"@type\":\"ImageObject\",\"inLanguage\":\"pt-BR\",\"@id\":\"https:\\\/\\\/www.iquilibrio.com\\\/blog\\\/#\\\/schema\\\/logo\\\/image\\\/\",\"url\":\"https:\\\/\\\/www.iquilibrio.com\\\/blog\\\/wp-content\\\/uploads\\\/2018\\\/12\\\/iquilibrio_lovo_vetor_preto-retina.png\",\"contentUrl\":\"https:\\\/\\\/www.iquilibrio.com\\\/blog\\\/wp-content\\\/uploads\\\/2018\\\/12\\\/iquilibrio_lovo_vetor_preto-retina.png\",\"width\":972,\"height\":180,\"caption\":\"Esoterismo, Misticismo e Tarot Online - iQuilibrio\"},\"image\":{\"@id\":\"https:\\\/\\\/www.iquilibrio.com\\\/blog\\\/#\\\/schema\\\/logo\\\/image\\\/\"},\"sameAs\":[\"https:\\\/\\\/www.facebook.com\\\/iQuilibrio\\\/\",\"https:\\\/\\\/x.com\\\/iquilibrio\",\"https:\\\/\\\/www.instagram.com\\\/iquilibrio\\\/\",\"https:\\\/\\\/www.linkedin.com\\\/company\\\/iquilibrio\\\/\",\"https:\\\/\\\/br.pinterest.com\\\/iquilibrio1397\\\/\",\"https:\\\/\\\/www.youtube.com\\\/channel\\\/UC175qxd-4Zsi4wzawT5zF2g\"]},{\"@type\":\"Person\",\"@id\":\"https:\\\/\\\/www.iquilibrio.com\\\/blog\\\/#\\\/schema\\\/person\\\/199505a1f0db0d00f022188666c75dca\",\"name\":\"Reda\u00e7\u00e3o iQuilibrio\",\"image\":{\"@type\":\"ImageObject\",\"inLanguage\":\"pt-BR\",\"@id\":\"https:\\\/\\\/www.iquilibrio.com\\\/blog\\\/wp-content\\\/uploads\\\/2021\\\/12\\\/Consulta-por-email-3-150x150.png\",\"url\":\"https:\\\/\\\/www.iquilibrio.com\\\/blog\\\/wp-content\\\/uploads\\\/2021\\\/12\\\/Consulta-por-email-3-150x150.png\",\"contentUrl\":\"https:\\\/\\\/www.iquilibrio.com\\\/blog\\\/wp-content\\\/uploads\\\/2021\\\/12\\\/Consulta-por-email-3-150x150.png\",\"caption\":\"Reda\u00e7\u00e3o iQuilibrio\"},\"description\":\"A equipe de reda\u00e7\u00e3o da iQuilibrio \u00e9 composta pelos mais diversos especialistas e esot\u00e9ricos. Al\u00e9m de dominar a arte de traduzir as energias que o universo emana, nossos redatores sentem imenso prazer em trabalhar com palavras. Boa leitura e um \u00f3timo aprendizado!\",\"url\":\"https:\\\/\\\/www.iquilibrio.com\\\/blog\\\/author\\\/juliana\\\/\"}]}<\/script>\n<!-- \/ Yoast SEO plugin. -->","yoast_head_json":{"title":"Santa Joana d'Arc - A Virgem Santa Her\u00f3ica | iQuilibrio","description":"Uma das maiores perdas e injusti\u00e7as cometidas pela Igreja na \u00e9poca da inquisi\u00e7\u00e3o, foi o assassinato da Santa Joana d'Arc. Em uma \u00e9poca onde muitos bispos eram facilmente subordinados, esta jovem guerreira encontrou o seu fim nas chamas da fogueira.Conhe\u00e7a neste artigo mais sobre a Santa Joana d'Arc!","robots":{"index":"index","follow":"follow","max-snippet":"max-snippet:-1","max-image-preview":"max-image-preview:large","max-video-preview":"max-video-preview:-1"},"canonical":"https:\/\/www.iquilibrio.com\/blog\/espiritualidade\/cristianismo\/santa-joana\/","og_locale":"pt_BR","og_type":"article","og_title":"Santa Joana d'Arc - A Virgem Santa Her\u00f3ica | iQuilibrio","og_description":"Uma das maiores perdas e injusti\u00e7as cometidas pela Igreja na \u00e9poca da inquisi\u00e7\u00e3o, foi o assassinato da Santa Joana d'Arc. Em uma \u00e9poca onde muitos bispos eram facilmente subordinados, esta jovem guerreira encontrou o seu fim nas chamas da fogueira.Conhe\u00e7a neste artigo mais sobre a Santa Joana d'Arc!","og_url":"https:\/\/www.iquilibrio.com\/blog\/espiritualidade\/cristianismo\/santa-joana\/","og_site_name":"iQuilibrio","article_publisher":"https:\/\/www.facebook.com\/iQuilibrio\/","article_published_time":"2018-05-30T10:38:49+00:00","article_modified_time":"2019-03-25T17:57:06+00:00","og_image":[{"width":900,"height":560,"url":"https:\/\/www.iquilibrio.com\/blog\/wp-content\/uploads\/2017\/05\/santa_joana_blog.jpg","type":"image\/jpeg"}],"author":"Reda\u00e7\u00e3o iQuilibrio","twitter_card":"summary_large_image","twitter_creator":"@iquilibrio","twitter_site":"@iquilibrio","twitter_misc":{"Escrito por":"Reda\u00e7\u00e3o iQuilibrio","Est. tempo de leitura":"7 minutos"},"schema":{"@context":"https:\/\/schema.org","@graph":[{"@type":"Article","@id":"https:\/\/www.iquilibrio.com\/blog\/espiritualidade\/cristianismo\/santa-joana\/#article","isPartOf":{"@id":"https:\/\/www.iquilibrio.com\/blog\/espiritualidade\/cristianismo\/santa-joana\/"},"author":{"name":"Reda\u00e7\u00e3o iQuilibrio","@id":"https:\/\/www.iquilibrio.com\/blog\/#\/schema\/person\/199505a1f0db0d00f022188666c75dca"},"headline":"Saiba mais sobre a Santa Joana d&#8217;Arc &#8211; A Hero\u00edna","datePublished":"2018-05-30T10:38:49+00:00","dateModified":"2019-03-25T17:57:06+00:00","mainEntityOfPage":{"@id":"https:\/\/www.iquilibrio.com\/blog\/espiritualidade\/cristianismo\/santa-joana\/"},"wordCount":1356,"commentCount":0,"publisher":{"@id":"https:\/\/www.iquilibrio.com\/blog\/#organization"},"image":{"@id":"https:\/\/www.iquilibrio.com\/blog\/espiritualidade\/cristianismo\/santa-joana\/#primaryimage"},"thumbnailUrl":"https:\/\/www.iquilibrio.com\/blog\/wp-content\/uploads\/2017\/05\/santa_joana_blog.jpg","keywords":["joana darc","santa","santa Joana d'Arc"],"articleSection":["Cristianismo"],"inLanguage":"pt-BR"},{"@type":"WebPage","@id":"https:\/\/www.iquilibrio.com\/blog\/espiritualidade\/cristianismo\/santa-joana\/","url":"https:\/\/www.iquilibrio.com\/blog\/espiritualidade\/cristianismo\/santa-joana\/","name":"Santa Joana d'Arc - A Virgem Santa Her\u00f3ica | iQuilibrio","isPartOf":{"@id":"https:\/\/www.iquilibrio.com\/blog\/#website"},"primaryImageOfPage":{"@id":"https:\/\/www.iquilibrio.com\/blog\/espiritualidade\/cristianismo\/santa-joana\/#primaryimage"},"image":{"@id":"https:\/\/www.iquilibrio.com\/blog\/espiritualidade\/cristianismo\/santa-joana\/#primaryimage"},"thumbnailUrl":"https:\/\/www.iquilibrio.com\/blog\/wp-content\/uploads\/2017\/05\/santa_joana_blog.jpg","datePublished":"2018-05-30T10:38:49+00:00","dateModified":"2019-03-25T17:57:06+00:00","description":"Uma das maiores perdas e injusti\u00e7as cometidas pela Igreja na \u00e9poca da inquisi\u00e7\u00e3o, foi o assassinato da Santa Joana d'Arc. Em uma \u00e9poca onde muitos bispos eram facilmente subordinados, esta jovem guerreira encontrou o seu fim nas chamas da fogueira.Conhe\u00e7a neste artigo mais sobre a Santa Joana d'Arc!","breadcrumb":{"@id":"https:\/\/www.iquilibrio.com\/blog\/espiritualidade\/cristianismo\/santa-joana\/#breadcrumb"},"inLanguage":"pt-BR","potentialAction":[{"@type":"ReadAction","target":["https:\/\/www.iquilibrio.com\/blog\/espiritualidade\/cristianismo\/santa-joana\/"]}]},{"@type":"ImageObject","inLanguage":"pt-BR","@id":"https:\/\/www.iquilibrio.com\/blog\/espiritualidade\/cristianismo\/santa-joana\/#primaryimage","url":"https:\/\/www.iquilibrio.com\/blog\/wp-content\/uploads\/2017\/05\/santa_joana_blog.jpg","contentUrl":"https:\/\/www.iquilibrio.com\/blog\/wp-content\/uploads\/2017\/05\/santa_joana_blog.jpg","width":900,"height":560,"caption":"Santa Joana d'Arc"},{"@type":"BreadcrumbList","@id":"https:\/\/www.iquilibrio.com\/blog\/espiritualidade\/cristianismo\/santa-joana\/#breadcrumb","itemListElement":[{"@type":"ListItem","position":1,"name":"In\u00edcio","item":"https:\/\/www.iquilibrio.com\/blog\/"},{"@type":"ListItem","position":2,"name":"Saiba mais sobre a Santa Joana d&#8217;Arc &#8211; A Hero\u00edna"}]},{"@type":"WebSite","@id":"https:\/\/www.iquilibrio.com\/blog\/#website","url":"https:\/\/www.iquilibrio.com\/blog\/","name":"iQuilibrio","description":"Blog iQuilibrio","publisher":{"@id":"https:\/\/www.iquilibrio.com\/blog\/#organization"},"potentialAction":[{"@type":"SearchAction","target":{"@type":"EntryPoint","urlTemplate":"https:\/\/www.iquilibrio.com\/blog\/?s={search_term_string}"},"query-input":{"@type":"PropertyValueSpecification","valueRequired":true,"valueName":"search_term_string"}}],"inLanguage":"pt-BR"},{"@type":"Organization","@id":"https:\/\/www.iquilibrio.com\/blog\/#organization","name":"Esoterismo, Misticismo e Tarot Online - iQuilibrio","url":"https:\/\/www.iquilibrio.com\/blog\/","logo":{"@type":"ImageObject","inLanguage":"pt-BR","@id":"https:\/\/www.iquilibrio.com\/blog\/#\/schema\/logo\/image\/","url":"https:\/\/www.iquilibrio.com\/blog\/wp-content\/uploads\/2018\/12\/iquilibrio_lovo_vetor_preto-retina.png","contentUrl":"https:\/\/www.iquilibrio.com\/blog\/wp-content\/uploads\/2018\/12\/iquilibrio_lovo_vetor_preto-retina.png","width":972,"height":180,"caption":"Esoterismo, Misticismo e Tarot Online - iQuilibrio"},"image":{"@id":"https:\/\/www.iquilibrio.com\/blog\/#\/schema\/logo\/image\/"},"sameAs":["https:\/\/www.facebook.com\/iQuilibrio\/","https:\/\/x.com\/iquilibrio","https:\/\/www.instagram.com\/iquilibrio\/","https:\/\/www.linkedin.com\/company\/iquilibrio\/","https:\/\/br.pinterest.com\/iquilibrio1397\/","https:\/\/www.youtube.com\/channel\/UC175qxd-4Zsi4wzawT5zF2g"]},{"@type":"Person","@id":"https:\/\/www.iquilibrio.com\/blog\/#\/schema\/person\/199505a1f0db0d00f022188666c75dca","name":"Reda\u00e7\u00e3o iQuilibrio","image":{"@type":"ImageObject","inLanguage":"pt-BR","@id":"https:\/\/www.iquilibrio.com\/blog\/wp-content\/uploads\/2021\/12\/Consulta-por-email-3-150x150.png","url":"https:\/\/www.iquilibrio.com\/blog\/wp-content\/uploads\/2021\/12\/Consulta-por-email-3-150x150.png","contentUrl":"https:\/\/www.iquilibrio.com\/blog\/wp-content\/uploads\/2021\/12\/Consulta-por-email-3-150x150.png","caption":"Reda\u00e7\u00e3o iQuilibrio"},"description":"A equipe de reda\u00e7\u00e3o da iQuilibrio \u00e9 composta pelos mais diversos especialistas e esot\u00e9ricos. Al\u00e9m de dominar a arte de traduzir as energias que o universo emana, nossos redatores sentem imenso prazer em trabalhar com palavras. Boa leitura e um \u00f3timo aprendizado!","url":"https:\/\/www.iquilibrio.com\/blog\/author\/juliana\/"}]}},"_links":{"self":[{"href":"https:\/\/www.iquilibrio.com\/blog\/wp-json\/wp\/v2\/posts\/6614","targetHints":{"allow":["GET"]}}],"collection":[{"href":"https:\/\/www.iquilibrio.com\/blog\/wp-json\/wp\/v2\/posts"}],"about":[{"href":"https:\/\/www.iquilibrio.com\/blog\/wp-json\/wp\/v2\/types\/post"}],"author":[{"embeddable":true,"href":"https:\/\/www.iquilibrio.com\/blog\/wp-json\/wp\/v2\/users\/20"}],"replies":[{"embeddable":true,"href":"https:\/\/www.iquilibrio.com\/blog\/wp-json\/wp\/v2\/comments?post=6614"}],"version-history":[{"count":7,"href":"https:\/\/www.iquilibrio.com\/blog\/wp-json\/wp\/v2\/posts\/6614\/revisions"}],"predecessor-version":[{"id":24528,"href":"https:\/\/www.iquilibrio.com\/blog\/wp-json\/wp\/v2\/posts\/6614\/revisions\/24528"}],"wp:featuredmedia":[{"embeddable":true,"href":"https:\/\/www.iquilibrio.com\/blog\/wp-json\/wp\/v2\/media\/16920"}],"wp:attachment":[{"href":"https:\/\/www.iquilibrio.com\/blog\/wp-json\/wp\/v2\/media?parent=6614"}],"wp:term":[{"taxonomy":"category","embeddable":true,"href":"https:\/\/www.iquilibrio.com\/blog\/wp-json\/wp\/v2\/categories?post=6614"},{"taxonomy":"post_tag","embeddable":true,"href":"https:\/\/www.iquilibrio.com\/blog\/wp-json\/wp\/v2\/tags?post=6614"}],"curies":[{"name":"wp","href":"https:\/\/api.w.org\/{rel}","templated":true}]}}