{"id":588,"date":"2016-07-26T20:28:09","date_gmt":"2016-07-26T20:28:09","guid":{"rendered":"https:\/\/www.iquilibrio.com\/blog\/?p=588"},"modified":"2019-03-26T15:27:22","modified_gmt":"2019-03-26T17:27:22","slug":"mandala-colorida","status":"publish","type":"post","link":"https:\/\/www.iquilibrio.com\/blog\/terapias-alternativas\/mandalas\/mandala-colorida\/","title":{"rendered":"Mandala colorida: fique por dentro dos significados das cores"},"content":{"rendered":"<p>Sabia que a mandala pode influenciar a vida e mudar nosso estado emocional?<\/p>\n<p>Ter uma <strong>mandala colorida<\/strong> em casa \u00e9 uma \u00f3tima op\u00e7\u00e3o para decorar e promover um ambiente mais alegre. Com seus desenhos e misturas de cores que encantam,\u00a0\u00e9 muito comum vermos at\u00e9 mesmo<strong> tatuagem de mandala<\/strong> em grande quantidade. Isso se deve ao fato de que elas trazem \u00f3timas energias destinadas ao que voc\u00ea mais precisa.<\/p>\n<p style=\"text-align: center;\"><a href=\"https:\/\/www.iquilibrio.com\/esotericos\/\"><span class=\"td_btn td_btn_lg td_round_btn class-cta1\" style=\"color: #ffffff;\">Melhore Sua Vida Encontrando o Equil\u00edbrio Para o Sucesso. Clique Aqui e Fale com um Terapeuta Hol\u00edstico<\/span><\/a><\/p>\n<p>A palavra mandala significa c\u00edrculo, pois o <strong>desenho da mandala<\/strong> segue esse formato e elas s\u00e3o respons\u00e1veis por criar um campo de energia nos lugares onde s\u00e3o colocadas e isso pode ser fortemente influenciado pelas cores. Ent\u00e3o, para aproveitar ainda melhor esse instrumento, \u00e9 bom que ele tenha as cores que voc\u00ea deseja, j\u00e1 que elas podem influenciar a vida e mudar o estado emocional em que nos encontramos. Descubra hoje o significado das cores e explore a energia de cada uma delas nas suas <strong>mandalas coloridas<\/strong>.<\/p>\n<h2>O que \u00e9 Mandala?<\/h2>\n<p><strong>O\u00a0que significa a mandala<\/strong>\u00a0vai muito al\u00e9m do que podemos observar visualmente. Ela \u00e9 a representa\u00e7\u00e3o da harmonia e equil\u00edbrio. N\u00e3o se sabe ao certo quando ela foi criada, mas estima-se o s\u00e9culo VIII a.C, ela funciona como uma ferramenta de concentra\u00e7\u00e3o para podermos atingir n\u00edveis superiores de medita\u00e7\u00e3o atrav\u00e9s de sua energia. Representa\u00e7\u00f5es com as<strong> imagens de mandalas\u00a0<\/strong>s\u00e3o encontradas em artes rupestres e eram utilizadas como um meio para fortalecer o corpo e instrumento de cura. Elas podem representar o Yin e Yang ou uma moradia sagrada de algo superior, o que se pode afirmar \u00e9 que o<strong>\u00a0significado da mandala<\/strong> est\u00e1 intimamente ligado ao seu poder de canalizar as energias destinadas a ela, seja atrav\u00e9s do seu formato ou de sua cor.<\/p>\n<h2>O Significado das Cores da Mandala<\/h2>\n<h3>Vermelho<\/h3>\n<p>O vermelho \u00e9 uma cor viva e forte, expressando facilmente o est\u00edmulo, for\u00e7a, paix\u00f5es e sexualidade. Ter o vermelho por perto \u00e9 muito bom para afastar a depress\u00e3o e o des\u00e2nimo, mas, em uma mandala, \u00e9 bom que essa cor seja usada da forma correta e com boas combina\u00e7\u00f5es, pois pode fazer com que a pessoa fique um pouco irritada.<\/p>\n<h3>Amarelo<\/h3>\n<p>O amarelo tamb\u00e9m \u00e9 uma cor poderosa, pois al\u00e9m de ativar mecanismos como o do racioc\u00ednio e da comunica\u00e7\u00e3o, ele tem o poder de afastar as ideias fixas, estimulando a intelig\u00eancia e a criatividade. Por ser a cor do sol, tamb\u00e9m pode ser relacionado com calor, al\u00e9m de ser uma cor de luz, ajudando as pessoas a pensarem e planejarem al\u00e9m do que se v\u00ea.<\/p>\n<h3>Laranja<\/h3>\n<p>Bem pr\u00f3xima do amarelo, o laranja \u00e9 facilmente associado \u00e0 compreens\u00e3o por meio de momentos dif\u00edceis, de rejei\u00e7\u00e3o. Mas tamb\u00e9m podem expressar a for\u00e7a da restaura\u00e7\u00e3o depois de um per\u00edodo dif\u00edcil, trazendo alegria, generosidade e sabedoria. Conhecida por ser a cor do outono, ela tamb\u00e9m pode transmitir calor e poder.<\/p>\n<h3>Verde<\/h3>\n<p>O verde \u00e9 respons\u00e1vel por energizar o corpo e a alma, transmitindo boas vibra\u00e7\u00f5es para quem fica ao seu redor. Ele \u00e9 calmante e facilita o equil\u00edbrio, muito disso por ser conhecido como a cor da natureza. O verde tamb\u00e9m traz uma no\u00e7\u00e3o de renova\u00e7\u00e3o, que morre e renasce, trazendo vida a cada nova primavera.<\/p>\n<h3>Azul<\/h3>\n<p>Famosa por ser a cor do equil\u00edbrio, serenidade e paz, o azul \u00e9 respons\u00e1vel por tranquilizar o corpo e a mente. Mas o azul faz mais que isso, ajudando tamb\u00e9m emsitua\u00e7\u00f5es de estresse ou de dificuldades para dormir. Conhecido por ser a cor do c\u00e9u, ele promove calma e relaxamento com uma facilidade incr\u00edvel.<\/p>\n<h3>Rosa<\/h3>\n<p>A cor rosa \u00e9 facilmente associada ao amor, harmonia, uni\u00e3o e felicidade. Ele traz uma energia que ajuda muito no equil\u00edbrio dos relacionamentos (inclusive dos casamentos), trabalhando bastante a afetividade.<\/p>\n<h3>Lil\u00e1s<\/h3>\n<p>J\u00e1 o lil\u00e1s ou o violeta \u00e9 uma cor muito espiritual, tendo uma rela\u00e7\u00e3o muito m\u00edstica. Ela tem o poder de despertar a espiritualidade, limpando os ambientes e trazendo mais leveza. Essa cor traz equil\u00edbrio espiritual a quem est\u00e1 descrente ou desconectado com as for\u00e7as divinas.<\/p>\n<h3>Preto<\/h3>\n<p>A cor preta \u00e9 associada \u00e0 sabedoria e \u00e0 intelig\u00eancia e, de quebra, pode transmitir aquela no\u00e7\u00e3o de eleg\u00e2ncia que tanto gostamos, principalmente quando combinada com outras cores (como no contorno de alguma imagem, por exemplo). Entretanto, \u00e9 importante ponderar o uso, pois quando colocada em excesso, pode transmitir uma energia pesada, como o pessimismo e at\u00e9 depress\u00e3o.<\/p>\n<h3>Branco<\/h3>\n<p>A cor mundial da paz \u00e9 \u00f3tima e pode abrir muitos bons caminhos. Explorar a cor branca traz aquela sensa\u00e7\u00e3o de limpeza e purifica\u00e7\u00e3o que tanto gostamos.<\/p>\n<p>Como voc\u00ea percebeu, <strong>as\u00a0mandalas e os seus significados<\/strong> de cores influenciam em diferentes aspectos e podem te auxiliar a encontrar as energias necess\u00e1rias para melhorar a sua vida.<\/p>\n<p style=\"text-align: center;\"><span style=\"color: #ffffff;\"><a style=\"color: #ffffff;\" href=\"https:\/\/www.iquilibrio.com\/esotericos\/\"><span class=\"td_btn td_btn_lg td_round_btn class-cta2\">N\u00e3o Escolhemos os Problemas, mas Podemos Escolher como Lidar com Eles. Clique Aqui e Descubra Como Melhorar a Sua Vida<\/span><\/a><\/span><\/p>\n\n\n<div class=\"kk-star-ratings kksr-auto kksr-align-left kksr-valign-bottom\"\n    data-payload='{&quot;align&quot;:&quot;left&quot;,&quot;id&quot;:&quot;588&quot;,&quot;slug&quot;:&quot;default&quot;,&quot;valign&quot;:&quot;bottom&quot;,&quot;ignore&quot;:&quot;&quot;,&quot;reference&quot;:&quot;auto&quot;,&quot;class&quot;:&quot;&quot;,&quot;count&quot;:&quot;3&quot;,&quot;legendonly&quot;:&quot;&quot;,&quot;readonly&quot;:&quot;&quot;,&quot;score&quot;:&quot;1.7&quot;,&quot;starsonly&quot;:&quot;&quot;,&quot;best&quot;:&quot;5&quot;,&quot;gap&quot;:&quot;5&quot;,&quot;greet&quot;:&quot;Rate this post&quot;,&quot;legend&quot;:&quot;1.7\\\/5 - (3 votos)&quot;,&quot;size&quot;:&quot;24&quot;,&quot;title&quot;:&quot;Mandala colorida: fique por dentro dos significados das cores&quot;,&quot;width&quot;:&quot;46.8&quot;,&quot;_legend&quot;:&quot;{score}\\\/{best} - ({count} {votes})&quot;,&quot;font_factor&quot;:&quot;1.25&quot;}'>\n            \n<div class=\"kksr-stars\">\n    \n<div class=\"kksr-stars-inactive\">\n            <div class=\"kksr-star\" data-star=\"1\" style=\"padding-right: 5px\">\n            \n\n<div class=\"kksr-icon\" style=\"width: 24px; height: 24px;\"><\/div>\n        <\/div>\n            <div class=\"kksr-star\" data-star=\"2\" style=\"padding-right: 5px\">\n            \n\n<div class=\"kksr-icon\" style=\"width: 24px; height: 24px;\"><\/div>\n        <\/div>\n            <div class=\"kksr-star\" data-star=\"3\" style=\"padding-right: 5px\">\n            \n\n<div class=\"kksr-icon\" style=\"width: 24px; height: 24px;\"><\/div>\n        <\/div>\n            <div class=\"kksr-star\" data-star=\"4\" style=\"padding-right: 5px\">\n            \n\n<div class=\"kksr-icon\" style=\"width: 24px; height: 24px;\"><\/div>\n        <\/div>\n            <div class=\"kksr-star\" data-star=\"5\" style=\"padding-right: 5px\">\n            \n\n<div class=\"kksr-icon\" style=\"width: 24px; height: 24px;\"><\/div>\n        <\/div>\n    <\/div>\n    \n<div class=\"kksr-stars-active\" style=\"width: 46.8px;\">\n            <div class=\"kksr-star\" style=\"padding-right: 5px\">\n            \n\n<div class=\"kksr-icon\" style=\"width: 24px; height: 24px;\"><\/div>\n        <\/div>\n            <div class=\"kksr-star\" style=\"padding-right: 5px\">\n            \n\n<div class=\"kksr-icon\" style=\"width: 24px; height: 24px;\"><\/div>\n        <\/div>\n            <div class=\"kksr-star\" style=\"padding-right: 5px\">\n            \n\n<div class=\"kksr-icon\" style=\"width: 24px; height: 24px;\"><\/div>\n        <\/div>\n            <div class=\"kksr-star\" style=\"padding-right: 5px\">\n            \n\n<div class=\"kksr-icon\" style=\"width: 24px; height: 24px;\"><\/div>\n        <\/div>\n            <div class=\"kksr-star\" style=\"padding-right: 5px\">\n            \n\n<div class=\"kksr-icon\" style=\"width: 24px; height: 24px;\"><\/div>\n        <\/div>\n    <\/div>\n<\/div>\n                \n\n<div class=\"kksr-legend\" style=\"font-size: 19.2px;\">\n            1.7\/5 - (3 votos)    <\/div>\n    <\/div>\n","protected":false},"excerpt":{"rendered":"<p>Sabia que a mandala pode influenciar a vida e mudar nosso estado emocional? Ter uma mandala colorida em casa \u00e9 uma \u00f3tima op\u00e7\u00e3o para decorar e promover um ambiente mais alegre. Com seus desenhos e misturas de cores que encantam,\u00a0\u00e9 muito comum vermos at\u00e9 mesmo tatuagem de mandala em grande quantidade. Isso se deve ao [&hellip;]<\/p>\n","protected":false},"author":20,"featured_media":8679,"comment_status":"open","ping_status":"open","sticky":false,"template":"","format":"standard","meta":{"footnotes":""},"categories":[624],"tags":[439,438,869,440],"class_list":["post-588","post","type-post","status-publish","format-standard","has-post-thumbnail","hentry","category-mandalas","tag-cores","tag-mandala","tag-mandala-colorida","tag-vibracao-das-cores"],"yoast_head":"<!-- This site is optimized with the Yoast SEO plugin v27.4 - https:\/\/yoast.com\/product\/yoast-seo-wordpress\/ -->\n<title>Saiba Mais Sobre a Fun\u00e7\u00e3o da Mandala Colorida | iQuilibrio<\/title>\n<meta name=\"description\" content=\"Ter uma mandala colorida em casa \u00e9 uma \u00f3tima op\u00e7\u00e3o para decorar, promover um ambiente alegre e trazer boas energias para o ambiente\" \/>\n<meta name=\"robots\" content=\"index, follow, max-snippet:-1, max-image-preview:large, max-video-preview:-1\" \/>\n<link rel=\"canonical\" href=\"https:\/\/www.iquilibrio.com\/blog\/terapias-alternativas\/mandalas\/mandala-colorida\/\" \/>\n<meta property=\"og:locale\" content=\"pt_BR\" \/>\n<meta property=\"og:type\" content=\"article\" \/>\n<meta property=\"og:title\" content=\"Saiba Mais Sobre a Fun\u00e7\u00e3o da Mandala Colorida | iQuilibrio\" \/>\n<meta property=\"og:description\" content=\"Ter uma mandala colorida em casa \u00e9 uma \u00f3tima op\u00e7\u00e3o para decorar, promover um ambiente alegre e trazer boas energias para o ambiente\" \/>\n<meta property=\"og:url\" content=\"https:\/\/www.iquilibrio.com\/blog\/terapias-alternativas\/mandalas\/mandala-colorida\/\" \/>\n<meta property=\"og:site_name\" content=\"iQuilibrio\" \/>\n<meta property=\"article:publisher\" content=\"https:\/\/www.facebook.com\/iQuilibrio\/\" \/>\n<meta property=\"article:published_time\" content=\"2016-07-26T20:28:09+00:00\" \/>\n<meta property=\"article:modified_time\" content=\"2019-03-26T17:27:22+00:00\" \/>\n<meta property=\"og:image\" content=\"https:\/\/www.iquilibrio.com\/blog\/wp-content\/uploads\/2016\/07\/mandala-colorida-1.jpg\" \/>\n\t<meta property=\"og:image:width\" content=\"900\" \/>\n\t<meta property=\"og:image:height\" content=\"560\" \/>\n\t<meta property=\"og:image:type\" content=\"image\/jpeg\" \/>\n<meta name=\"author\" content=\"Reda\u00e7\u00e3o iQuilibrio\" \/>\n<meta name=\"twitter:card\" content=\"summary_large_image\" \/>\n<meta name=\"twitter:creator\" content=\"@iquilibrio\" \/>\n<meta name=\"twitter:site\" content=\"@iquilibrio\" \/>\n<meta name=\"twitter:label1\" content=\"Escrito por\" \/>\n\t<meta name=\"twitter:data1\" content=\"Reda\u00e7\u00e3o iQuilibrio\" \/>\n\t<meta name=\"twitter:label2\" content=\"Est. tempo de leitura\" \/>\n\t<meta name=\"twitter:data2\" content=\"4 minutos\" \/>\n<script type=\"application\/ld+json\" class=\"yoast-schema-graph\">{\"@context\":\"https:\\\/\\\/schema.org\",\"@graph\":[{\"@type\":\"Article\",\"@id\":\"https:\\\/\\\/www.iquilibrio.com\\\/blog\\\/terapias-alternativas\\\/mandalas\\\/mandala-colorida\\\/#article\",\"isPartOf\":{\"@id\":\"https:\\\/\\\/www.iquilibrio.com\\\/blog\\\/terapias-alternativas\\\/mandalas\\\/mandala-colorida\\\/\"},\"author\":{\"name\":\"Reda\u00e7\u00e3o iQuilibrio\",\"@id\":\"https:\\\/\\\/www.iquilibrio.com\\\/blog\\\/#\\\/schema\\\/person\\\/199505a1f0db0d00f022188666c75dca\"},\"headline\":\"Mandala colorida: fique por dentro dos significados das cores\",\"datePublished\":\"2016-07-26T20:28:09+00:00\",\"dateModified\":\"2019-03-26T17:27:22+00:00\",\"mainEntityOfPage\":{\"@id\":\"https:\\\/\\\/www.iquilibrio.com\\\/blog\\\/terapias-alternativas\\\/mandalas\\\/mandala-colorida\\\/\"},\"wordCount\":872,\"commentCount\":0,\"publisher\":{\"@id\":\"https:\\\/\\\/www.iquilibrio.com\\\/blog\\\/#organization\"},\"image\":{\"@id\":\"https:\\\/\\\/www.iquilibrio.com\\\/blog\\\/terapias-alternativas\\\/mandalas\\\/mandala-colorida\\\/#primaryimage\"},\"thumbnailUrl\":\"https:\\\/\\\/www.iquilibrio.com\\\/blog\\\/wp-content\\\/uploads\\\/2016\\\/07\\\/mandala-colorida-1.jpg\",\"keywords\":[\"Cores\",\"Mandala\",\"mandala colorida\",\"vibra\u00e7\u00e3o das cores\"],\"articleSection\":[\"Mandalas\"],\"inLanguage\":\"pt-BR\"},{\"@type\":\"WebPage\",\"@id\":\"https:\\\/\\\/www.iquilibrio.com\\\/blog\\\/terapias-alternativas\\\/mandalas\\\/mandala-colorida\\\/\",\"url\":\"https:\\\/\\\/www.iquilibrio.com\\\/blog\\\/terapias-alternativas\\\/mandalas\\\/mandala-colorida\\\/\",\"name\":\"Saiba Mais Sobre a Fun\u00e7\u00e3o da Mandala Colorida | iQuilibrio\",\"isPartOf\":{\"@id\":\"https:\\\/\\\/www.iquilibrio.com\\\/blog\\\/#website\"},\"primaryImageOfPage\":{\"@id\":\"https:\\\/\\\/www.iquilibrio.com\\\/blog\\\/terapias-alternativas\\\/mandalas\\\/mandala-colorida\\\/#primaryimage\"},\"image\":{\"@id\":\"https:\\\/\\\/www.iquilibrio.com\\\/blog\\\/terapias-alternativas\\\/mandalas\\\/mandala-colorida\\\/#primaryimage\"},\"thumbnailUrl\":\"https:\\\/\\\/www.iquilibrio.com\\\/blog\\\/wp-content\\\/uploads\\\/2016\\\/07\\\/mandala-colorida-1.jpg\",\"datePublished\":\"2016-07-26T20:28:09+00:00\",\"dateModified\":\"2019-03-26T17:27:22+00:00\",\"description\":\"Ter uma mandala colorida em casa \u00e9 uma \u00f3tima op\u00e7\u00e3o para decorar, promover um ambiente alegre e trazer boas energias para o ambiente\",\"breadcrumb\":{\"@id\":\"https:\\\/\\\/www.iquilibrio.com\\\/blog\\\/terapias-alternativas\\\/mandalas\\\/mandala-colorida\\\/#breadcrumb\"},\"inLanguage\":\"pt-BR\",\"potentialAction\":[{\"@type\":\"ReadAction\",\"target\":[\"https:\\\/\\\/www.iquilibrio.com\\\/blog\\\/terapias-alternativas\\\/mandalas\\\/mandala-colorida\\\/\"]}]},{\"@type\":\"ImageObject\",\"inLanguage\":\"pt-BR\",\"@id\":\"https:\\\/\\\/www.iquilibrio.com\\\/blog\\\/terapias-alternativas\\\/mandalas\\\/mandala-colorida\\\/#primaryimage\",\"url\":\"https:\\\/\\\/www.iquilibrio.com\\\/blog\\\/wp-content\\\/uploads\\\/2016\\\/07\\\/mandala-colorida-1.jpg\",\"contentUrl\":\"https:\\\/\\\/www.iquilibrio.com\\\/blog\\\/wp-content\\\/uploads\\\/2016\\\/07\\\/mandala-colorida-1.jpg\",\"width\":900,\"height\":560},{\"@type\":\"BreadcrumbList\",\"@id\":\"https:\\\/\\\/www.iquilibrio.com\\\/blog\\\/terapias-alternativas\\\/mandalas\\\/mandala-colorida\\\/#breadcrumb\",\"itemListElement\":[{\"@type\":\"ListItem\",\"position\":1,\"name\":\"In\u00edcio\",\"item\":\"https:\\\/\\\/www.iquilibrio.com\\\/blog\\\/\"},{\"@type\":\"ListItem\",\"position\":2,\"name\":\"Mandala colorida: fique por dentro dos significados das cores\"}]},{\"@type\":\"WebSite\",\"@id\":\"https:\\\/\\\/www.iquilibrio.com\\\/blog\\\/#website\",\"url\":\"https:\\\/\\\/www.iquilibrio.com\\\/blog\\\/\",\"name\":\"iQuilibrio\",\"description\":\"Blog iQuilibrio\",\"publisher\":{\"@id\":\"https:\\\/\\\/www.iquilibrio.com\\\/blog\\\/#organization\"},\"potentialAction\":[{\"@type\":\"SearchAction\",\"target\":{\"@type\":\"EntryPoint\",\"urlTemplate\":\"https:\\\/\\\/www.iquilibrio.com\\\/blog\\\/?s={search_term_string}\"},\"query-input\":{\"@type\":\"PropertyValueSpecification\",\"valueRequired\":true,\"valueName\":\"search_term_string\"}}],\"inLanguage\":\"pt-BR\"},{\"@type\":\"Organization\",\"@id\":\"https:\\\/\\\/www.iquilibrio.com\\\/blog\\\/#organization\",\"name\":\"Esoterismo, Misticismo e Tarot Online - iQuilibrio\",\"url\":\"https:\\\/\\\/www.iquilibrio.com\\\/blog\\\/\",\"logo\":{\"@type\":\"ImageObject\",\"inLanguage\":\"pt-BR\",\"@id\":\"https:\\\/\\\/www.iquilibrio.com\\\/blog\\\/#\\\/schema\\\/logo\\\/image\\\/\",\"url\":\"https:\\\/\\\/www.iquilibrio.com\\\/blog\\\/wp-content\\\/uploads\\\/2018\\\/12\\\/iquilibrio_lovo_vetor_preto-retina.png\",\"contentUrl\":\"https:\\\/\\\/www.iquilibrio.com\\\/blog\\\/wp-content\\\/uploads\\\/2018\\\/12\\\/iquilibrio_lovo_vetor_preto-retina.png\",\"width\":972,\"height\":180,\"caption\":\"Esoterismo, Misticismo e Tarot Online - iQuilibrio\"},\"image\":{\"@id\":\"https:\\\/\\\/www.iquilibrio.com\\\/blog\\\/#\\\/schema\\\/logo\\\/image\\\/\"},\"sameAs\":[\"https:\\\/\\\/www.facebook.com\\\/iQuilibrio\\\/\",\"https:\\\/\\\/x.com\\\/iquilibrio\",\"https:\\\/\\\/www.instagram.com\\\/iquilibrio\\\/\",\"https:\\\/\\\/www.linkedin.com\\\/company\\\/iquilibrio\\\/\",\"https:\\\/\\\/br.pinterest.com\\\/iquilibrio1397\\\/\",\"https:\\\/\\\/www.youtube.com\\\/channel\\\/UC175qxd-4Zsi4wzawT5zF2g\"]},{\"@type\":\"Person\",\"@id\":\"https:\\\/\\\/www.iquilibrio.com\\\/blog\\\/#\\\/schema\\\/person\\\/199505a1f0db0d00f022188666c75dca\",\"name\":\"Reda\u00e7\u00e3o iQuilibrio\",\"image\":{\"@type\":\"ImageObject\",\"inLanguage\":\"pt-BR\",\"@id\":\"https:\\\/\\\/www.iquilibrio.com\\\/blog\\\/wp-content\\\/uploads\\\/2021\\\/12\\\/Consulta-por-email-3-150x150.png\",\"url\":\"https:\\\/\\\/www.iquilibrio.com\\\/blog\\\/wp-content\\\/uploads\\\/2021\\\/12\\\/Consulta-por-email-3-150x150.png\",\"contentUrl\":\"https:\\\/\\\/www.iquilibrio.com\\\/blog\\\/wp-content\\\/uploads\\\/2021\\\/12\\\/Consulta-por-email-3-150x150.png\",\"caption\":\"Reda\u00e7\u00e3o iQuilibrio\"},\"description\":\"A equipe de reda\u00e7\u00e3o da iQuilibrio \u00e9 composta pelos mais diversos especialistas e esot\u00e9ricos. Al\u00e9m de dominar a arte de traduzir as energias que o universo emana, nossos redatores sentem imenso prazer em trabalhar com palavras. Boa leitura e um \u00f3timo aprendizado!\",\"url\":\"https:\\\/\\\/www.iquilibrio.com\\\/blog\\\/author\\\/juliana\\\/\"}]}<\/script>\n<!-- \/ Yoast SEO plugin. -->","yoast_head_json":{"title":"Saiba Mais Sobre a Fun\u00e7\u00e3o da Mandala Colorida | iQuilibrio","description":"Ter uma mandala colorida em casa \u00e9 uma \u00f3tima op\u00e7\u00e3o para decorar, promover um ambiente alegre e trazer boas energias para o ambiente","robots":{"index":"index","follow":"follow","max-snippet":"max-snippet:-1","max-image-preview":"max-image-preview:large","max-video-preview":"max-video-preview:-1"},"canonical":"https:\/\/www.iquilibrio.com\/blog\/terapias-alternativas\/mandalas\/mandala-colorida\/","og_locale":"pt_BR","og_type":"article","og_title":"Saiba Mais Sobre a Fun\u00e7\u00e3o da Mandala Colorida | iQuilibrio","og_description":"Ter uma mandala colorida em casa \u00e9 uma \u00f3tima op\u00e7\u00e3o para decorar, promover um ambiente alegre e trazer boas energias para o ambiente","og_url":"https:\/\/www.iquilibrio.com\/blog\/terapias-alternativas\/mandalas\/mandala-colorida\/","og_site_name":"iQuilibrio","article_publisher":"https:\/\/www.facebook.com\/iQuilibrio\/","article_published_time":"2016-07-26T20:28:09+00:00","article_modified_time":"2019-03-26T17:27:22+00:00","og_image":[{"width":900,"height":560,"url":"https:\/\/www.iquilibrio.com\/blog\/wp-content\/uploads\/2016\/07\/mandala-colorida-1.jpg","type":"image\/jpeg"}],"author":"Reda\u00e7\u00e3o iQuilibrio","twitter_card":"summary_large_image","twitter_creator":"@iquilibrio","twitter_site":"@iquilibrio","twitter_misc":{"Escrito por":"Reda\u00e7\u00e3o iQuilibrio","Est. tempo de leitura":"4 minutos"},"schema":{"@context":"https:\/\/schema.org","@graph":[{"@type":"Article","@id":"https:\/\/www.iquilibrio.com\/blog\/terapias-alternativas\/mandalas\/mandala-colorida\/#article","isPartOf":{"@id":"https:\/\/www.iquilibrio.com\/blog\/terapias-alternativas\/mandalas\/mandala-colorida\/"},"author":{"name":"Reda\u00e7\u00e3o iQuilibrio","@id":"https:\/\/www.iquilibrio.com\/blog\/#\/schema\/person\/199505a1f0db0d00f022188666c75dca"},"headline":"Mandala colorida: fique por dentro dos significados das cores","datePublished":"2016-07-26T20:28:09+00:00","dateModified":"2019-03-26T17:27:22+00:00","mainEntityOfPage":{"@id":"https:\/\/www.iquilibrio.com\/blog\/terapias-alternativas\/mandalas\/mandala-colorida\/"},"wordCount":872,"commentCount":0,"publisher":{"@id":"https:\/\/www.iquilibrio.com\/blog\/#organization"},"image":{"@id":"https:\/\/www.iquilibrio.com\/blog\/terapias-alternativas\/mandalas\/mandala-colorida\/#primaryimage"},"thumbnailUrl":"https:\/\/www.iquilibrio.com\/blog\/wp-content\/uploads\/2016\/07\/mandala-colorida-1.jpg","keywords":["Cores","Mandala","mandala colorida","vibra\u00e7\u00e3o das cores"],"articleSection":["Mandalas"],"inLanguage":"pt-BR"},{"@type":"WebPage","@id":"https:\/\/www.iquilibrio.com\/blog\/terapias-alternativas\/mandalas\/mandala-colorida\/","url":"https:\/\/www.iquilibrio.com\/blog\/terapias-alternativas\/mandalas\/mandala-colorida\/","name":"Saiba Mais Sobre a Fun\u00e7\u00e3o da Mandala Colorida | iQuilibrio","isPartOf":{"@id":"https:\/\/www.iquilibrio.com\/blog\/#website"},"primaryImageOfPage":{"@id":"https:\/\/www.iquilibrio.com\/blog\/terapias-alternativas\/mandalas\/mandala-colorida\/#primaryimage"},"image":{"@id":"https:\/\/www.iquilibrio.com\/blog\/terapias-alternativas\/mandalas\/mandala-colorida\/#primaryimage"},"thumbnailUrl":"https:\/\/www.iquilibrio.com\/blog\/wp-content\/uploads\/2016\/07\/mandala-colorida-1.jpg","datePublished":"2016-07-26T20:28:09+00:00","dateModified":"2019-03-26T17:27:22+00:00","description":"Ter uma mandala colorida em casa \u00e9 uma \u00f3tima op\u00e7\u00e3o para decorar, promover um ambiente alegre e trazer boas energias para o ambiente","breadcrumb":{"@id":"https:\/\/www.iquilibrio.com\/blog\/terapias-alternativas\/mandalas\/mandala-colorida\/#breadcrumb"},"inLanguage":"pt-BR","potentialAction":[{"@type":"ReadAction","target":["https:\/\/www.iquilibrio.com\/blog\/terapias-alternativas\/mandalas\/mandala-colorida\/"]}]},{"@type":"ImageObject","inLanguage":"pt-BR","@id":"https:\/\/www.iquilibrio.com\/blog\/terapias-alternativas\/mandalas\/mandala-colorida\/#primaryimage","url":"https:\/\/www.iquilibrio.com\/blog\/wp-content\/uploads\/2016\/07\/mandala-colorida-1.jpg","contentUrl":"https:\/\/www.iquilibrio.com\/blog\/wp-content\/uploads\/2016\/07\/mandala-colorida-1.jpg","width":900,"height":560},{"@type":"BreadcrumbList","@id":"https:\/\/www.iquilibrio.com\/blog\/terapias-alternativas\/mandalas\/mandala-colorida\/#breadcrumb","itemListElement":[{"@type":"ListItem","position":1,"name":"In\u00edcio","item":"https:\/\/www.iquilibrio.com\/blog\/"},{"@type":"ListItem","position":2,"name":"Mandala colorida: fique por dentro dos significados das cores"}]},{"@type":"WebSite","@id":"https:\/\/www.iquilibrio.com\/blog\/#website","url":"https:\/\/www.iquilibrio.com\/blog\/","name":"iQuilibrio","description":"Blog iQuilibrio","publisher":{"@id":"https:\/\/www.iquilibrio.com\/blog\/#organization"},"potentialAction":[{"@type":"SearchAction","target":{"@type":"EntryPoint","urlTemplate":"https:\/\/www.iquilibrio.com\/blog\/?s={search_term_string}"},"query-input":{"@type":"PropertyValueSpecification","valueRequired":true,"valueName":"search_term_string"}}],"inLanguage":"pt-BR"},{"@type":"Organization","@id":"https:\/\/www.iquilibrio.com\/blog\/#organization","name":"Esoterismo, Misticismo e Tarot Online - iQuilibrio","url":"https:\/\/www.iquilibrio.com\/blog\/","logo":{"@type":"ImageObject","inLanguage":"pt-BR","@id":"https:\/\/www.iquilibrio.com\/blog\/#\/schema\/logo\/image\/","url":"https:\/\/www.iquilibrio.com\/blog\/wp-content\/uploads\/2018\/12\/iquilibrio_lovo_vetor_preto-retina.png","contentUrl":"https:\/\/www.iquilibrio.com\/blog\/wp-content\/uploads\/2018\/12\/iquilibrio_lovo_vetor_preto-retina.png","width":972,"height":180,"caption":"Esoterismo, Misticismo e Tarot Online - iQuilibrio"},"image":{"@id":"https:\/\/www.iquilibrio.com\/blog\/#\/schema\/logo\/image\/"},"sameAs":["https:\/\/www.facebook.com\/iQuilibrio\/","https:\/\/x.com\/iquilibrio","https:\/\/www.instagram.com\/iquilibrio\/","https:\/\/www.linkedin.com\/company\/iquilibrio\/","https:\/\/br.pinterest.com\/iquilibrio1397\/","https:\/\/www.youtube.com\/channel\/UC175qxd-4Zsi4wzawT5zF2g"]},{"@type":"Person","@id":"https:\/\/www.iquilibrio.com\/blog\/#\/schema\/person\/199505a1f0db0d00f022188666c75dca","name":"Reda\u00e7\u00e3o iQuilibrio","image":{"@type":"ImageObject","inLanguage":"pt-BR","@id":"https:\/\/www.iquilibrio.com\/blog\/wp-content\/uploads\/2021\/12\/Consulta-por-email-3-150x150.png","url":"https:\/\/www.iquilibrio.com\/blog\/wp-content\/uploads\/2021\/12\/Consulta-por-email-3-150x150.png","contentUrl":"https:\/\/www.iquilibrio.com\/blog\/wp-content\/uploads\/2021\/12\/Consulta-por-email-3-150x150.png","caption":"Reda\u00e7\u00e3o iQuilibrio"},"description":"A equipe de reda\u00e7\u00e3o da iQuilibrio \u00e9 composta pelos mais diversos especialistas e esot\u00e9ricos. Al\u00e9m de dominar a arte de traduzir as energias que o universo emana, nossos redatores sentem imenso prazer em trabalhar com palavras. Boa leitura e um \u00f3timo aprendizado!","url":"https:\/\/www.iquilibrio.com\/blog\/author\/juliana\/"}]}},"_links":{"self":[{"href":"https:\/\/www.iquilibrio.com\/blog\/wp-json\/wp\/v2\/posts\/588","targetHints":{"allow":["GET"]}}],"collection":[{"href":"https:\/\/www.iquilibrio.com\/blog\/wp-json\/wp\/v2\/posts"}],"about":[{"href":"https:\/\/www.iquilibrio.com\/blog\/wp-json\/wp\/v2\/types\/post"}],"author":[{"embeddable":true,"href":"https:\/\/www.iquilibrio.com\/blog\/wp-json\/wp\/v2\/users\/20"}],"replies":[{"embeddable":true,"href":"https:\/\/www.iquilibrio.com\/blog\/wp-json\/wp\/v2\/comments?post=588"}],"version-history":[{"count":2,"href":"https:\/\/www.iquilibrio.com\/blog\/wp-json\/wp\/v2\/posts\/588\/revisions"}],"predecessor-version":[{"id":24163,"href":"https:\/\/www.iquilibrio.com\/blog\/wp-json\/wp\/v2\/posts\/588\/revisions\/24163"}],"wp:featuredmedia":[{"embeddable":true,"href":"https:\/\/www.iquilibrio.com\/blog\/wp-json\/wp\/v2\/media\/8679"}],"wp:attachment":[{"href":"https:\/\/www.iquilibrio.com\/blog\/wp-json\/wp\/v2\/media?parent=588"}],"wp:term":[{"taxonomy":"category","embeddable":true,"href":"https:\/\/www.iquilibrio.com\/blog\/wp-json\/wp\/v2\/categories?post=588"},{"taxonomy":"post_tag","embeddable":true,"href":"https:\/\/www.iquilibrio.com\/blog\/wp-json\/wp\/v2\/tags?post=588"}],"curies":[{"name":"wp","href":"https:\/\/api.w.org\/{rel}","templated":true}]}}