{"id":5255,"date":"2018-04-25T07:00:01","date_gmt":"2018-04-25T10:00:01","guid":{"rendered":"https:\/\/www.iquilibrio.com\/blog\/?p=5255"},"modified":"2019-05-17T20:32:39","modified_gmt":"2019-05-17T22:32:39","slug":"sao-marcos","status":"publish","type":"post","link":"https:\/\/www.iquilibrio.com\/blog\/espiritualidade\/cristianismo\/sao-marcos\/","title":{"rendered":"S\u00e3o Marcos Evangelista &#8211; O Santo Mission\u00e1rio"},"content":{"rendered":"<p><strong>S\u00e3o Marcos<\/strong>, \u00e9 um dos quatro evangelistas, contando com Mateus, Jo\u00e3o e Lucas que s\u00e3o os outros tr\u00eas <strong>Santos. Marcos<\/strong>\u00a0dedicou sua vida <a href=\"https:\/\/www.iquilibrio.com\/blog\/salmo-do-dia\/\">aos ensinamentos da <\/a><strong><a href=\"https:\/\/www.iquilibrio.com\/blog\/salmo-do-dia\/\">palavra de Deus<\/a>.\u00a0<\/strong>Acredita-se que em sua casa foi celebrada a Santa Ceia de <strong>Jesus<\/strong> e seus ap\u00f3stolos e tamb\u00e9m a celebra\u00e7\u00e3o de Pentecostes, que foi de onde originou a <strong>Igreja<\/strong> Cat\u00f3lica.<\/p>\n<p style=\"text-align: center;\"><a href=\"https:\/\/www.iquilibrio.com\/salmos\/\"><span class=\"td_btn td_btn_lg td_round_btn class-cta1\" style=\"color: #ffffff;\">Abra seus Caminhos AQUI com a Orienta\u00e7\u00e3o dos Melhores Especialistas em Salmos<\/span><\/a><\/p>\n<p>&nbsp;<\/p>\n<p>Na ordem cronol\u00f3gica, <a href=\"https:\/\/www.iquilibrio.com\/salmos\/\"><span class=\"class-texto-consultas\">Marcos foi o primeiro a escrever sobre <strong>Jesus Cristo<\/strong><\/span><\/a> e a sua miss\u00e3o em nome de <strong>Deus<\/strong>\u00a0entre os seres humanos. Apesar de seu Evangelho ser menor do que os outros, ele tem uma vis\u00e3o muito diferente e especial, pois Marcos\u00a0conviveu com Cristo ainda quando crian\u00e7a e\u00a0essa sua vis\u00e3o sincera e delicada est\u00e1 expressa em seu Evangelho na <strong>B\u00edblia Sagrada<\/strong>.<\/p>\n<h2>A Hist\u00f3ria de S\u00e3o\u00a0Marcos<\/h2>\n<p>S\u00e3o Marcos nasceu em 10 a.C na L\u00edbia, em fam\u00edlia judia e uma das primeiras a adotar o<strong> cristianismo<\/strong> como religi\u00e3o. Foi batizado por S\u00e3o Pedro e presenciou as diversas reuni\u00f5es dos crist\u00e3os que aconteciam em seu lar. Ele desde jovem acompanhou S\u00e3o Pedro em sua <strong>prega\u00e7\u00e3o<\/strong>, onde fazia o registro de seus passos, auxiliou tamb\u00e9m S\u00e3o Paulo no apostolado o ajudando nos momentos em que estivera preso devido a convers\u00e3o a f\u00e9 crist\u00e3.<\/p>\n<p>A pedido dos fi\u00e9is de Roma, S\u00e3o <strong>Marcos<\/strong> decidiu juntar todas as informa\u00e7\u00f5es que possu\u00eda sobre a vida dos ap\u00f3stolos e o amor de Cristo e escreveu o seu Evangelho, o qual foi lido e aprovado por S\u00e3o Pedro, assim liberado para o uso nas igrejas. Devido a esta permiss\u00e3o, S\u00e3o Marcos saiu como mission\u00e1rio para o Chipre, e para diversas outras regi\u00f5es, foi em Alexandria que ele formou uma das mais fortes igrejas cat\u00f3licas. Em Alexandria, no dia 24 de abril de 68 d.C, S\u00e3o Marcos foi martirizado enquanto celebrava uma missa,\u00a0seu corpo cheio de marcas foi arrastado pela cidade enquanto ainda vivo, na noite do mesmo dia,<a href=\"https:\/\/www.iquilibrio.com\/tarot\/anjos\/\"><span class=\"class-texto-produtos\"> um anjo do Senhor veio ao seu encontro e disse<\/span><\/a>:<\/p>\n<blockquote><p>\u201cMarcos, Servo de Deus, teu nome est\u00e1 escrito no livro da vida, e tua mem\u00f3ria jamais se apagar\u00e1. Os Arcanjos receber\u00e3o em paz teu esp\u00edrito\u201d.<\/p><\/blockquote>\n<p>Com a alma cheia de conforto mesmo passando pelas maiores atrocidades, S\u00e3o Marcos entregou feliz seu esp\u00edrito a Deus, e no dia 25 enquanto ainda era linchado pela popula\u00e7\u00e3o ele disse:\u00a0\u201cem vossas m\u00e3os encomendo o meu esp\u00edrito\u201d e faleceu.<\/p>\n<h3>S\u00e3o Marcos e o s\u00edmbolo do le\u00e3o<\/h3>\n<p>Cada Evangelista possui um animal como s\u00edmbolo, S\u00e3o Marcos \u00e9 representado como o le\u00e3o. O motivo \u00e9 o de que o seu Evangelho inicia com a prega\u00e7\u00e3o de S\u00e3o Jo\u00e3o Batista no deserto da Judeia, sendo o le\u00e3o um animal deste habitat e o seu rugido \u00e9 ouvido por todos, a compara\u00e7\u00e3o foi feita com o poder da palavra de Deus sendo reafirmada diante de todos, como a mais imponente e poderosa.<\/p>\n<blockquote><p>\u201cVoz daquele que clama no deserto: Preparai os caminhos do Senhor\u201d.<\/p><\/blockquote>\n<h2>Ora\u00e7\u00e3o de S\u00e3o\u00a0Marcos<\/h2>\n<h3>Ora\u00e7\u00e3o 1<\/h3>\n<blockquote><p>&#8220;Louvado seja Nosso Senhor Jesus Cristo, que deu a seu disc\u00edpulo Marcos a gra\u00e7a do apostolado crist\u00e3o e a narra\u00e7\u00e3o do seu Santo Evangelho. S\u00e3o Marcos, rogai por n\u00f3s, para que sejamos iluminados pela for\u00e7a do Evangelho. Am\u00e9m.&#8221;<\/p><\/blockquote>\n<h3>Ora\u00e7\u00e3o 2<\/h3>\n<blockquote><p>&#8220;Deus Eterno e Todo Poderoso, n\u00f3s vos pedimos as ben\u00e7\u00e3os e gra\u00e7as necess\u00e1rias, para a nossa Salva\u00e7\u00e3o, pela intercess\u00e3o poderos\u00edssima do evangelista S\u00e3o Marcos. Tudo isto vos pedimos Pai Celeste, em nome de nosso Senhor Jesus Cristo, na Unidade do Esp\u00edrito Santo. Am\u00e9m.&#8221;<\/p><\/blockquote>\n<h3>Ora\u00e7\u00e3o 3<\/h3>\n<blockquote><p>&#8220;Louvado seja Nosso Senhor Jesus Cristo, que deu a seu disc\u00edpulo Marcos a gra\u00e7a do apostolado crist\u00e3o e a narra\u00e7\u00e3o do seu Santo Evangelho.<\/p>\n<p>S\u00e3o Marcos rogue por n\u00f3s, para que sejamos iluminados pela for\u00e7a do Evangelho.<\/p>\n<p>Deus Eterno e Todo Poderoso, n\u00f3s vos pedimos as b\u00ean\u00e7\u00e3os e gra\u00e7as necess\u00e1rias, para a nossa Salva\u00e7\u00e3o, pela intercess\u00e3o poderos\u00edssima do evangelista S\u00e3o Marcos.<\/p>\n<p>Tudo isto vos pedimos Pai Celeste, em nome de nosso Senhor Jesus Cristo, na Unidade do Esp\u00edrito Santo. Am\u00e9m!&#8221;<\/p><\/blockquote>\n<h2 style=\"text-align: left;\">Novena\u00a0de S\u00e3o\u00a0Marcos<\/h2>\n<p>Fa\u00e7a a Ora\u00e7\u00e3o abaixo durante os 9 dias, ao final de cada dia, reze 1 Pai Nosso, 1 Ave Maria e 1 Gl\u00f3ria ao Pai, pe\u00e7a a S\u00e3o Marcos\u00a0prote\u00e7\u00e3o e sabedoria para te afastar de todo mau, tenha muita f\u00e9 e entregue com o cora\u00e7\u00e3o cada palavra.<\/p>\n<blockquote><p>&#8220;\u00d3 Deus que concedeste a S\u00e3o Marcos, vosso evangelista, a gl\u00f3ria de proclamar a Boa Nova, dai-nos assimilar de tal modo seus ensinamentos, que sigamos fielmente os caminhos do Cristo. Que convosco vive e reina, na unidade do Esp\u00edrito Santo. Am\u00e9m!&#8221;<\/p><\/blockquote>\n<p>S\u00e3o Marcos, um dos quatro evangelistas respons\u00e1vel pela prega\u00e7\u00e3o da palavra de Deus e do registro da cultura crist\u00e3, viveu desde sua inf\u00e2ncia imerso na palavra do Senhor e crente do amor dEle, o que o levou a entregar a sua vida de cora\u00e7\u00e3o aos ensinamentos de Cristo. Quem procura pela f\u00e9 sem limites e pela prote\u00e7\u00e3o divina, deve pedir o seu aux\u00edlio.<\/p>\n<p style=\"text-align: center;\"><span style=\"color: #ffffff;\"><a style=\"color: #ffffff;\" href=\"https:\/\/www.iquilibrio.com\/esotericos\/\"><span class=\"td_btn td_btn_lg td_round_btn class-cta2\">Ven\u00e7a Seus Desafios de Vida Com a Ajuda de Esot\u00e9ricos Experientes<\/span><\/a><\/span><\/p>\n\n\n<div class=\"kk-star-ratings kksr-auto kksr-align-left kksr-valign-bottom\"\n    data-payload='{&quot;align&quot;:&quot;left&quot;,&quot;id&quot;:&quot;5255&quot;,&quot;slug&quot;:&quot;default&quot;,&quot;valign&quot;:&quot;bottom&quot;,&quot;ignore&quot;:&quot;&quot;,&quot;reference&quot;:&quot;auto&quot;,&quot;class&quot;:&quot;&quot;,&quot;count&quot;:&quot;0&quot;,&quot;legendonly&quot;:&quot;&quot;,&quot;readonly&quot;:&quot;&quot;,&quot;score&quot;:&quot;0&quot;,&quot;starsonly&quot;:&quot;&quot;,&quot;best&quot;:&quot;5&quot;,&quot;gap&quot;:&quot;5&quot;,&quot;greet&quot;:&quot;Rate this post&quot;,&quot;legend&quot;:&quot;0\\\/5 - (0 voto)&quot;,&quot;size&quot;:&quot;24&quot;,&quot;title&quot;:&quot;S\u00e3o Marcos Evangelista - O Santo Mission\u00e1rio&quot;,&quot;width&quot;:&quot;0&quot;,&quot;_legend&quot;:&quot;{score}\\\/{best} - ({count} {votes})&quot;,&quot;font_factor&quot;:&quot;1.25&quot;}'>\n            \n<div class=\"kksr-stars\">\n    \n<div class=\"kksr-stars-inactive\">\n            <div class=\"kksr-star\" data-star=\"1\" style=\"padding-right: 5px\">\n            \n\n<div class=\"kksr-icon\" style=\"width: 24px; height: 24px;\"><\/div>\n        <\/div>\n            <div class=\"kksr-star\" data-star=\"2\" style=\"padding-right: 5px\">\n            \n\n<div class=\"kksr-icon\" style=\"width: 24px; height: 24px;\"><\/div>\n        <\/div>\n            <div class=\"kksr-star\" data-star=\"3\" style=\"padding-right: 5px\">\n            \n\n<div class=\"kksr-icon\" style=\"width: 24px; height: 24px;\"><\/div>\n        <\/div>\n            <div class=\"kksr-star\" data-star=\"4\" style=\"padding-right: 5px\">\n            \n\n<div class=\"kksr-icon\" style=\"width: 24px; height: 24px;\"><\/div>\n        <\/div>\n            <div class=\"kksr-star\" data-star=\"5\" style=\"padding-right: 5px\">\n            \n\n<div class=\"kksr-icon\" style=\"width: 24px; height: 24px;\"><\/div>\n        <\/div>\n    <\/div>\n    \n<div class=\"kksr-stars-active\" style=\"width: 0px;\">\n            <div class=\"kksr-star\" style=\"padding-right: 5px\">\n            \n\n<div class=\"kksr-icon\" style=\"width: 24px; height: 24px;\"><\/div>\n        <\/div>\n            <div class=\"kksr-star\" style=\"padding-right: 5px\">\n            \n\n<div class=\"kksr-icon\" style=\"width: 24px; height: 24px;\"><\/div>\n        <\/div>\n            <div class=\"kksr-star\" style=\"padding-right: 5px\">\n            \n\n<div class=\"kksr-icon\" style=\"width: 24px; height: 24px;\"><\/div>\n        <\/div>\n            <div class=\"kksr-star\" style=\"padding-right: 5px\">\n            \n\n<div class=\"kksr-icon\" style=\"width: 24px; height: 24px;\"><\/div>\n        <\/div>\n            <div class=\"kksr-star\" style=\"padding-right: 5px\">\n            \n\n<div class=\"kksr-icon\" style=\"width: 24px; height: 24px;\"><\/div>\n        <\/div>\n    <\/div>\n<\/div>\n                \n\n<div class=\"kksr-legend\" style=\"font-size: 19.2px;\">\n            <span class=\"kksr-muted\">Rate this post<\/span>\n    <\/div>\n    <\/div>\n","protected":false},"excerpt":{"rendered":"<p>S\u00e3o Marcos, \u00e9 um dos quatro evangelistas, contando com Mateus, Jo\u00e3o e Lucas que s\u00e3o os outros tr\u00eas Santos. Marcos\u00a0dedicou sua vida aos ensinamentos da palavra de Deus.\u00a0Acredita-se que em sua casa foi celebrada a Santa Ceia de Jesus e seus ap\u00f3stolos e tamb\u00e9m a celebra\u00e7\u00e3o de Pentecostes, que foi de onde originou a Igreja [&hellip;]<\/p>\n","protected":false},"author":20,"featured_media":16321,"comment_status":"open","ping_status":"open","sticky":false,"template":"","format":"standard","meta":{"footnotes":""},"categories":[504],"tags":[1060,1061],"class_list":["post-5255","post","type-post","status-publish","format-standard","has-post-thumbnail","hentry","category-cristianismo","tag-sao-marcos","tag-sao-marcos-evangelista"],"yoast_head":"<!-- This site is optimized with the Yoast SEO plugin v27.4 - https:\/\/yoast.com\/product\/yoast-seo-wordpress\/ -->\n<title>S\u00e3o Marcos - Conhe\u00e7a Mais Sobre O Evangelista | iQuilibrio<\/title>\n<meta name=\"description\" content=\"S\u00e3o Marcos, um dos quatro evangelistas respons\u00e1vel pela prega\u00e7\u00e3o da palavra de Deus e do registro da cultura crist\u00e3, viveu desde sua inf\u00e2ncia imerso na palavra do Senhor e crente do amor dEle, o que o levou a entregar a sua vida de cora\u00e7\u00e3o aos ensinamentos de Cristo. Confira e Conhe\u00e7a mais sobre S\u00e3o Marcos Evangelista!\" \/>\n<meta name=\"robots\" content=\"index, follow, max-snippet:-1, max-image-preview:large, max-video-preview:-1\" \/>\n<link rel=\"canonical\" href=\"https:\/\/www.iquilibrio.com\/blog\/espiritualidade\/cristianismo\/sao-marcos\/\" \/>\n<meta property=\"og:locale\" content=\"pt_BR\" \/>\n<meta property=\"og:type\" content=\"article\" \/>\n<meta property=\"og:title\" content=\"S\u00e3o Marcos - Conhe\u00e7a Mais Sobre O Evangelista | iQuilibrio\" \/>\n<meta property=\"og:description\" content=\"S\u00e3o Marcos, um dos quatro evangelistas respons\u00e1vel pela prega\u00e7\u00e3o da palavra de Deus e do registro da cultura crist\u00e3, viveu desde sua inf\u00e2ncia imerso na palavra do Senhor e crente do amor dEle, o que o levou a entregar a sua vida de cora\u00e7\u00e3o aos ensinamentos de Cristo. Confira e Conhe\u00e7a mais sobre S\u00e3o Marcos Evangelista!\" \/>\n<meta property=\"og:url\" content=\"https:\/\/www.iquilibrio.com\/blog\/espiritualidade\/cristianismo\/sao-marcos\/\" \/>\n<meta property=\"og:site_name\" content=\"iQuilibrio\" \/>\n<meta property=\"article:publisher\" content=\"https:\/\/www.facebook.com\/iQuilibrio\/\" \/>\n<meta property=\"article:published_time\" content=\"2018-04-25T10:00:01+00:00\" \/>\n<meta property=\"article:modified_time\" content=\"2019-05-17T22:32:39+00:00\" \/>\n<meta property=\"og:image\" content=\"https:\/\/www.iquilibrio.com\/blog\/wp-content\/uploads\/2017\/04\/sao_marcos_blog.jpg\" \/>\n\t<meta property=\"og:image:width\" content=\"900\" \/>\n\t<meta property=\"og:image:height\" content=\"560\" \/>\n\t<meta property=\"og:image:type\" content=\"image\/jpeg\" \/>\n<meta name=\"author\" content=\"Reda\u00e7\u00e3o iQuilibrio\" \/>\n<meta name=\"twitter:card\" content=\"summary_large_image\" \/>\n<meta name=\"twitter:creator\" content=\"@iquilibrio\" \/>\n<meta name=\"twitter:site\" content=\"@iquilibrio\" \/>\n<meta name=\"twitter:label1\" content=\"Escrito por\" \/>\n\t<meta name=\"twitter:data1\" content=\"Reda\u00e7\u00e3o iQuilibrio\" \/>\n\t<meta name=\"twitter:label2\" content=\"Est. tempo de leitura\" \/>\n\t<meta name=\"twitter:data2\" content=\"5 minutos\" \/>\n<script type=\"application\/ld+json\" class=\"yoast-schema-graph\">{\"@context\":\"https:\\\/\\\/schema.org\",\"@graph\":[{\"@type\":\"Article\",\"@id\":\"https:\\\/\\\/www.iquilibrio.com\\\/blog\\\/espiritualidade\\\/cristianismo\\\/sao-marcos\\\/#article\",\"isPartOf\":{\"@id\":\"https:\\\/\\\/www.iquilibrio.com\\\/blog\\\/espiritualidade\\\/cristianismo\\\/sao-marcos\\\/\"},\"author\":{\"name\":\"Reda\u00e7\u00e3o iQuilibrio\",\"@id\":\"https:\\\/\\\/www.iquilibrio.com\\\/blog\\\/#\\\/schema\\\/person\\\/199505a1f0db0d00f022188666c75dca\"},\"headline\":\"S\u00e3o Marcos Evangelista &#8211; O Santo Mission\u00e1rio\",\"datePublished\":\"2018-04-25T10:00:01+00:00\",\"dateModified\":\"2019-05-17T22:32:39+00:00\",\"mainEntityOfPage\":{\"@id\":\"https:\\\/\\\/www.iquilibrio.com\\\/blog\\\/espiritualidade\\\/cristianismo\\\/sao-marcos\\\/\"},\"wordCount\":945,\"commentCount\":0,\"publisher\":{\"@id\":\"https:\\\/\\\/www.iquilibrio.com\\\/blog\\\/#organization\"},\"image\":{\"@id\":\"https:\\\/\\\/www.iquilibrio.com\\\/blog\\\/espiritualidade\\\/cristianismo\\\/sao-marcos\\\/#primaryimage\"},\"thumbnailUrl\":\"https:\\\/\\\/www.iquilibrio.com\\\/blog\\\/wp-content\\\/uploads\\\/2017\\\/04\\\/sao_marcos_blog.jpg\",\"keywords\":[\"s\u00e3o marcos\",\"s\u00e3o marcos evangelista\"],\"articleSection\":[\"Cristianismo\"],\"inLanguage\":\"pt-BR\"},{\"@type\":\"WebPage\",\"@id\":\"https:\\\/\\\/www.iquilibrio.com\\\/blog\\\/espiritualidade\\\/cristianismo\\\/sao-marcos\\\/\",\"url\":\"https:\\\/\\\/www.iquilibrio.com\\\/blog\\\/espiritualidade\\\/cristianismo\\\/sao-marcos\\\/\",\"name\":\"S\u00e3o Marcos - Conhe\u00e7a Mais Sobre O Evangelista | iQuilibrio\",\"isPartOf\":{\"@id\":\"https:\\\/\\\/www.iquilibrio.com\\\/blog\\\/#website\"},\"primaryImageOfPage\":{\"@id\":\"https:\\\/\\\/www.iquilibrio.com\\\/blog\\\/espiritualidade\\\/cristianismo\\\/sao-marcos\\\/#primaryimage\"},\"image\":{\"@id\":\"https:\\\/\\\/www.iquilibrio.com\\\/blog\\\/espiritualidade\\\/cristianismo\\\/sao-marcos\\\/#primaryimage\"},\"thumbnailUrl\":\"https:\\\/\\\/www.iquilibrio.com\\\/blog\\\/wp-content\\\/uploads\\\/2017\\\/04\\\/sao_marcos_blog.jpg\",\"datePublished\":\"2018-04-25T10:00:01+00:00\",\"dateModified\":\"2019-05-17T22:32:39+00:00\",\"description\":\"S\u00e3o Marcos, um dos quatro evangelistas respons\u00e1vel pela prega\u00e7\u00e3o da palavra de Deus e do registro da cultura crist\u00e3, viveu desde sua inf\u00e2ncia imerso na palavra do Senhor e crente do amor dEle, o que o levou a entregar a sua vida de cora\u00e7\u00e3o aos ensinamentos de Cristo. Confira e Conhe\u00e7a mais sobre S\u00e3o Marcos Evangelista!\",\"breadcrumb\":{\"@id\":\"https:\\\/\\\/www.iquilibrio.com\\\/blog\\\/espiritualidade\\\/cristianismo\\\/sao-marcos\\\/#breadcrumb\"},\"inLanguage\":\"pt-BR\",\"potentialAction\":[{\"@type\":\"ReadAction\",\"target\":[\"https:\\\/\\\/www.iquilibrio.com\\\/blog\\\/espiritualidade\\\/cristianismo\\\/sao-marcos\\\/\"]}]},{\"@type\":\"ImageObject\",\"inLanguage\":\"pt-BR\",\"@id\":\"https:\\\/\\\/www.iquilibrio.com\\\/blog\\\/espiritualidade\\\/cristianismo\\\/sao-marcos\\\/#primaryimage\",\"url\":\"https:\\\/\\\/www.iquilibrio.com\\\/blog\\\/wp-content\\\/uploads\\\/2017\\\/04\\\/sao_marcos_blog.jpg\",\"contentUrl\":\"https:\\\/\\\/www.iquilibrio.com\\\/blog\\\/wp-content\\\/uploads\\\/2017\\\/04\\\/sao_marcos_blog.jpg\",\"width\":900,\"height\":560,\"caption\":\"S\u00e3o Marcos Evangelista\"},{\"@type\":\"BreadcrumbList\",\"@id\":\"https:\\\/\\\/www.iquilibrio.com\\\/blog\\\/espiritualidade\\\/cristianismo\\\/sao-marcos\\\/#breadcrumb\",\"itemListElement\":[{\"@type\":\"ListItem\",\"position\":1,\"name\":\"In\u00edcio\",\"item\":\"https:\\\/\\\/www.iquilibrio.com\\\/blog\\\/\"},{\"@type\":\"ListItem\",\"position\":2,\"name\":\"S\u00e3o Marcos Evangelista &#8211; O Santo Mission\u00e1rio\"}]},{\"@type\":\"WebSite\",\"@id\":\"https:\\\/\\\/www.iquilibrio.com\\\/blog\\\/#website\",\"url\":\"https:\\\/\\\/www.iquilibrio.com\\\/blog\\\/\",\"name\":\"iQuilibrio\",\"description\":\"Blog iQuilibrio\",\"publisher\":{\"@id\":\"https:\\\/\\\/www.iquilibrio.com\\\/blog\\\/#organization\"},\"potentialAction\":[{\"@type\":\"SearchAction\",\"target\":{\"@type\":\"EntryPoint\",\"urlTemplate\":\"https:\\\/\\\/www.iquilibrio.com\\\/blog\\\/?s={search_term_string}\"},\"query-input\":{\"@type\":\"PropertyValueSpecification\",\"valueRequired\":true,\"valueName\":\"search_term_string\"}}],\"inLanguage\":\"pt-BR\"},{\"@type\":\"Organization\",\"@id\":\"https:\\\/\\\/www.iquilibrio.com\\\/blog\\\/#organization\",\"name\":\"Esoterismo, Misticismo e Tarot Online - iQuilibrio\",\"url\":\"https:\\\/\\\/www.iquilibrio.com\\\/blog\\\/\",\"logo\":{\"@type\":\"ImageObject\",\"inLanguage\":\"pt-BR\",\"@id\":\"https:\\\/\\\/www.iquilibrio.com\\\/blog\\\/#\\\/schema\\\/logo\\\/image\\\/\",\"url\":\"https:\\\/\\\/www.iquilibrio.com\\\/blog\\\/wp-content\\\/uploads\\\/2018\\\/12\\\/iquilibrio_lovo_vetor_preto-retina.png\",\"contentUrl\":\"https:\\\/\\\/www.iquilibrio.com\\\/blog\\\/wp-content\\\/uploads\\\/2018\\\/12\\\/iquilibrio_lovo_vetor_preto-retina.png\",\"width\":972,\"height\":180,\"caption\":\"Esoterismo, Misticismo e Tarot Online - iQuilibrio\"},\"image\":{\"@id\":\"https:\\\/\\\/www.iquilibrio.com\\\/blog\\\/#\\\/schema\\\/logo\\\/image\\\/\"},\"sameAs\":[\"https:\\\/\\\/www.facebook.com\\\/iQuilibrio\\\/\",\"https:\\\/\\\/x.com\\\/iquilibrio\",\"https:\\\/\\\/www.instagram.com\\\/iquilibrio\\\/\",\"https:\\\/\\\/www.linkedin.com\\\/company\\\/iquilibrio\\\/\",\"https:\\\/\\\/br.pinterest.com\\\/iquilibrio1397\\\/\",\"https:\\\/\\\/www.youtube.com\\\/channel\\\/UC175qxd-4Zsi4wzawT5zF2g\"]},{\"@type\":\"Person\",\"@id\":\"https:\\\/\\\/www.iquilibrio.com\\\/blog\\\/#\\\/schema\\\/person\\\/199505a1f0db0d00f022188666c75dca\",\"name\":\"Reda\u00e7\u00e3o iQuilibrio\",\"image\":{\"@type\":\"ImageObject\",\"inLanguage\":\"pt-BR\",\"@id\":\"https:\\\/\\\/www.iquilibrio.com\\\/blog\\\/wp-content\\\/uploads\\\/2021\\\/12\\\/Consulta-por-email-3-150x150.png\",\"url\":\"https:\\\/\\\/www.iquilibrio.com\\\/blog\\\/wp-content\\\/uploads\\\/2021\\\/12\\\/Consulta-por-email-3-150x150.png\",\"contentUrl\":\"https:\\\/\\\/www.iquilibrio.com\\\/blog\\\/wp-content\\\/uploads\\\/2021\\\/12\\\/Consulta-por-email-3-150x150.png\",\"caption\":\"Reda\u00e7\u00e3o iQuilibrio\"},\"description\":\"A equipe de reda\u00e7\u00e3o da iQuilibrio \u00e9 composta pelos mais diversos especialistas e esot\u00e9ricos. Al\u00e9m de dominar a arte de traduzir as energias que o universo emana, nossos redatores sentem imenso prazer em trabalhar com palavras. Boa leitura e um \u00f3timo aprendizado!\",\"url\":\"https:\\\/\\\/www.iquilibrio.com\\\/blog\\\/author\\\/juliana\\\/\"}]}<\/script>\n<!-- \/ Yoast SEO plugin. -->","yoast_head_json":{"title":"S\u00e3o Marcos - Conhe\u00e7a Mais Sobre O Evangelista | iQuilibrio","description":"S\u00e3o Marcos, um dos quatro evangelistas respons\u00e1vel pela prega\u00e7\u00e3o da palavra de Deus e do registro da cultura crist\u00e3, viveu desde sua inf\u00e2ncia imerso na palavra do Senhor e crente do amor dEle, o que o levou a entregar a sua vida de cora\u00e7\u00e3o aos ensinamentos de Cristo. Confira e Conhe\u00e7a mais sobre S\u00e3o Marcos Evangelista!","robots":{"index":"index","follow":"follow","max-snippet":"max-snippet:-1","max-image-preview":"max-image-preview:large","max-video-preview":"max-video-preview:-1"},"canonical":"https:\/\/www.iquilibrio.com\/blog\/espiritualidade\/cristianismo\/sao-marcos\/","og_locale":"pt_BR","og_type":"article","og_title":"S\u00e3o Marcos - Conhe\u00e7a Mais Sobre O Evangelista | iQuilibrio","og_description":"S\u00e3o Marcos, um dos quatro evangelistas respons\u00e1vel pela prega\u00e7\u00e3o da palavra de Deus e do registro da cultura crist\u00e3, viveu desde sua inf\u00e2ncia imerso na palavra do Senhor e crente do amor dEle, o que o levou a entregar a sua vida de cora\u00e7\u00e3o aos ensinamentos de Cristo. Confira e Conhe\u00e7a mais sobre S\u00e3o Marcos Evangelista!","og_url":"https:\/\/www.iquilibrio.com\/blog\/espiritualidade\/cristianismo\/sao-marcos\/","og_site_name":"iQuilibrio","article_publisher":"https:\/\/www.facebook.com\/iQuilibrio\/","article_published_time":"2018-04-25T10:00:01+00:00","article_modified_time":"2019-05-17T22:32:39+00:00","og_image":[{"width":900,"height":560,"url":"https:\/\/www.iquilibrio.com\/blog\/wp-content\/uploads\/2017\/04\/sao_marcos_blog.jpg","type":"image\/jpeg"}],"author":"Reda\u00e7\u00e3o iQuilibrio","twitter_card":"summary_large_image","twitter_creator":"@iquilibrio","twitter_site":"@iquilibrio","twitter_misc":{"Escrito por":"Reda\u00e7\u00e3o iQuilibrio","Est. tempo de leitura":"5 minutos"},"schema":{"@context":"https:\/\/schema.org","@graph":[{"@type":"Article","@id":"https:\/\/www.iquilibrio.com\/blog\/espiritualidade\/cristianismo\/sao-marcos\/#article","isPartOf":{"@id":"https:\/\/www.iquilibrio.com\/blog\/espiritualidade\/cristianismo\/sao-marcos\/"},"author":{"name":"Reda\u00e7\u00e3o iQuilibrio","@id":"https:\/\/www.iquilibrio.com\/blog\/#\/schema\/person\/199505a1f0db0d00f022188666c75dca"},"headline":"S\u00e3o Marcos Evangelista &#8211; O Santo Mission\u00e1rio","datePublished":"2018-04-25T10:00:01+00:00","dateModified":"2019-05-17T22:32:39+00:00","mainEntityOfPage":{"@id":"https:\/\/www.iquilibrio.com\/blog\/espiritualidade\/cristianismo\/sao-marcos\/"},"wordCount":945,"commentCount":0,"publisher":{"@id":"https:\/\/www.iquilibrio.com\/blog\/#organization"},"image":{"@id":"https:\/\/www.iquilibrio.com\/blog\/espiritualidade\/cristianismo\/sao-marcos\/#primaryimage"},"thumbnailUrl":"https:\/\/www.iquilibrio.com\/blog\/wp-content\/uploads\/2017\/04\/sao_marcos_blog.jpg","keywords":["s\u00e3o marcos","s\u00e3o marcos evangelista"],"articleSection":["Cristianismo"],"inLanguage":"pt-BR"},{"@type":"WebPage","@id":"https:\/\/www.iquilibrio.com\/blog\/espiritualidade\/cristianismo\/sao-marcos\/","url":"https:\/\/www.iquilibrio.com\/blog\/espiritualidade\/cristianismo\/sao-marcos\/","name":"S\u00e3o Marcos - Conhe\u00e7a Mais Sobre O Evangelista | iQuilibrio","isPartOf":{"@id":"https:\/\/www.iquilibrio.com\/blog\/#website"},"primaryImageOfPage":{"@id":"https:\/\/www.iquilibrio.com\/blog\/espiritualidade\/cristianismo\/sao-marcos\/#primaryimage"},"image":{"@id":"https:\/\/www.iquilibrio.com\/blog\/espiritualidade\/cristianismo\/sao-marcos\/#primaryimage"},"thumbnailUrl":"https:\/\/www.iquilibrio.com\/blog\/wp-content\/uploads\/2017\/04\/sao_marcos_blog.jpg","datePublished":"2018-04-25T10:00:01+00:00","dateModified":"2019-05-17T22:32:39+00:00","description":"S\u00e3o Marcos, um dos quatro evangelistas respons\u00e1vel pela prega\u00e7\u00e3o da palavra de Deus e do registro da cultura crist\u00e3, viveu desde sua inf\u00e2ncia imerso na palavra do Senhor e crente do amor dEle, o que o levou a entregar a sua vida de cora\u00e7\u00e3o aos ensinamentos de Cristo. Confira e Conhe\u00e7a mais sobre S\u00e3o Marcos Evangelista!","breadcrumb":{"@id":"https:\/\/www.iquilibrio.com\/blog\/espiritualidade\/cristianismo\/sao-marcos\/#breadcrumb"},"inLanguage":"pt-BR","potentialAction":[{"@type":"ReadAction","target":["https:\/\/www.iquilibrio.com\/blog\/espiritualidade\/cristianismo\/sao-marcos\/"]}]},{"@type":"ImageObject","inLanguage":"pt-BR","@id":"https:\/\/www.iquilibrio.com\/blog\/espiritualidade\/cristianismo\/sao-marcos\/#primaryimage","url":"https:\/\/www.iquilibrio.com\/blog\/wp-content\/uploads\/2017\/04\/sao_marcos_blog.jpg","contentUrl":"https:\/\/www.iquilibrio.com\/blog\/wp-content\/uploads\/2017\/04\/sao_marcos_blog.jpg","width":900,"height":560,"caption":"S\u00e3o Marcos Evangelista"},{"@type":"BreadcrumbList","@id":"https:\/\/www.iquilibrio.com\/blog\/espiritualidade\/cristianismo\/sao-marcos\/#breadcrumb","itemListElement":[{"@type":"ListItem","position":1,"name":"In\u00edcio","item":"https:\/\/www.iquilibrio.com\/blog\/"},{"@type":"ListItem","position":2,"name":"S\u00e3o Marcos Evangelista &#8211; O Santo Mission\u00e1rio"}]},{"@type":"WebSite","@id":"https:\/\/www.iquilibrio.com\/blog\/#website","url":"https:\/\/www.iquilibrio.com\/blog\/","name":"iQuilibrio","description":"Blog iQuilibrio","publisher":{"@id":"https:\/\/www.iquilibrio.com\/blog\/#organization"},"potentialAction":[{"@type":"SearchAction","target":{"@type":"EntryPoint","urlTemplate":"https:\/\/www.iquilibrio.com\/blog\/?s={search_term_string}"},"query-input":{"@type":"PropertyValueSpecification","valueRequired":true,"valueName":"search_term_string"}}],"inLanguage":"pt-BR"},{"@type":"Organization","@id":"https:\/\/www.iquilibrio.com\/blog\/#organization","name":"Esoterismo, Misticismo e Tarot Online - iQuilibrio","url":"https:\/\/www.iquilibrio.com\/blog\/","logo":{"@type":"ImageObject","inLanguage":"pt-BR","@id":"https:\/\/www.iquilibrio.com\/blog\/#\/schema\/logo\/image\/","url":"https:\/\/www.iquilibrio.com\/blog\/wp-content\/uploads\/2018\/12\/iquilibrio_lovo_vetor_preto-retina.png","contentUrl":"https:\/\/www.iquilibrio.com\/blog\/wp-content\/uploads\/2018\/12\/iquilibrio_lovo_vetor_preto-retina.png","width":972,"height":180,"caption":"Esoterismo, Misticismo e Tarot Online - iQuilibrio"},"image":{"@id":"https:\/\/www.iquilibrio.com\/blog\/#\/schema\/logo\/image\/"},"sameAs":["https:\/\/www.facebook.com\/iQuilibrio\/","https:\/\/x.com\/iquilibrio","https:\/\/www.instagram.com\/iquilibrio\/","https:\/\/www.linkedin.com\/company\/iquilibrio\/","https:\/\/br.pinterest.com\/iquilibrio1397\/","https:\/\/www.youtube.com\/channel\/UC175qxd-4Zsi4wzawT5zF2g"]},{"@type":"Person","@id":"https:\/\/www.iquilibrio.com\/blog\/#\/schema\/person\/199505a1f0db0d00f022188666c75dca","name":"Reda\u00e7\u00e3o iQuilibrio","image":{"@type":"ImageObject","inLanguage":"pt-BR","@id":"https:\/\/www.iquilibrio.com\/blog\/wp-content\/uploads\/2021\/12\/Consulta-por-email-3-150x150.png","url":"https:\/\/www.iquilibrio.com\/blog\/wp-content\/uploads\/2021\/12\/Consulta-por-email-3-150x150.png","contentUrl":"https:\/\/www.iquilibrio.com\/blog\/wp-content\/uploads\/2021\/12\/Consulta-por-email-3-150x150.png","caption":"Reda\u00e7\u00e3o iQuilibrio"},"description":"A equipe de reda\u00e7\u00e3o da iQuilibrio \u00e9 composta pelos mais diversos especialistas e esot\u00e9ricos. Al\u00e9m de dominar a arte de traduzir as energias que o universo emana, nossos redatores sentem imenso prazer em trabalhar com palavras. Boa leitura e um \u00f3timo aprendizado!","url":"https:\/\/www.iquilibrio.com\/blog\/author\/juliana\/"}]}},"_links":{"self":[{"href":"https:\/\/www.iquilibrio.com\/blog\/wp-json\/wp\/v2\/posts\/5255","targetHints":{"allow":["GET"]}}],"collection":[{"href":"https:\/\/www.iquilibrio.com\/blog\/wp-json\/wp\/v2\/posts"}],"about":[{"href":"https:\/\/www.iquilibrio.com\/blog\/wp-json\/wp\/v2\/types\/post"}],"author":[{"embeddable":true,"href":"https:\/\/www.iquilibrio.com\/blog\/wp-json\/wp\/v2\/users\/20"}],"replies":[{"embeddable":true,"href":"https:\/\/www.iquilibrio.com\/blog\/wp-json\/wp\/v2\/comments?post=5255"}],"version-history":[{"count":10,"href":"https:\/\/www.iquilibrio.com\/blog\/wp-json\/wp\/v2\/posts\/5255\/revisions"}],"predecessor-version":[{"id":26171,"href":"https:\/\/www.iquilibrio.com\/blog\/wp-json\/wp\/v2\/posts\/5255\/revisions\/26171"}],"wp:featuredmedia":[{"embeddable":true,"href":"https:\/\/www.iquilibrio.com\/blog\/wp-json\/wp\/v2\/media\/16321"}],"wp:attachment":[{"href":"https:\/\/www.iquilibrio.com\/blog\/wp-json\/wp\/v2\/media?parent=5255"}],"wp:term":[{"taxonomy":"category","embeddable":true,"href":"https:\/\/www.iquilibrio.com\/blog\/wp-json\/wp\/v2\/categories?post=5255"},{"taxonomy":"post_tag","embeddable":true,"href":"https:\/\/www.iquilibrio.com\/blog\/wp-json\/wp\/v2\/tags?post=5255"}],"curies":[{"name":"wp","href":"https:\/\/api.w.org\/{rel}","templated":true}]}}