{"id":466,"date":"2018-04-05T07:35:26","date_gmt":"2018-04-05T10:35:26","guid":{"rendered":"https:\/\/www.iquilibrio.com\/blog\/?p=466"},"modified":"2019-03-27T13:08:56","modified_gmt":"2019-03-27T15:08:56","slug":"graficos-radiestesia","status":"publish","type":"post","link":"https:\/\/www.iquilibrio.com\/blog\/terapias-alternativas\/radiestesia\/graficos-radiestesia\/","title":{"rendered":"Gr\u00e1ficos de Radiestesia: A emiss\u00e3o de vibra\u00e7\u00f5es para o corpo humano"},"content":{"rendered":"<p>Para que o<a href=\"https:\/\/www.iquilibrio.com\/blog\/terapias-alternativas\/radiestesia\/o-que-e\/\"> Gr\u00e1fico de Radiestesia tenha a fun\u00e7\u00e3o esperada<\/a>, ele precisa ter o desenho perfeito, e a pessoa que o utilizar\u00e1 precisa ter o conhecimento adequado na aplica\u00e7\u00e3o da t\u00e9cnica. Por eles encontramos a possibilidade de limpeza energ\u00e9tica, o que resultar\u00e1 em maior harmonia para a vida de quem os utilizam.<\/p>\n<p>Existem diversos modelos dispon\u00edveis no mercado, todos eles reduzem as m\u00e1s vibra\u00e7\u00f5es, mas \u00e9 necess\u00e1rio saber escolher qual o melhor gr\u00e1fico para cada tipo de necessidade.<\/p>\n<p style=\"text-align: center;\"><a href=\"https:\/\/www.iquilibrio.com\/esotericos\/\"><span class=\"td_btn td_btn_lg td_round_btn class-cta1\" style=\"color: #ffffff;\">Melhore Sua Vida Encontrando o Equil\u00edbrio Para o Sucesso. Clique Aqui e Fale com um Terapeuta Hol\u00edstico<\/span><\/a><\/p>\n<h2>Como funcionam os Gr\u00e1ficos de Radiestesia<\/h2>\n<p>Os <strong>gr\u00e1ficos de radiestesia<\/strong> <a href=\"https:\/\/www.iquilibrio.com\/radiestesia\/\"><span class=\"class-texto-consultas\">s\u00e3o muito utilizados para equilibrar ambientes, para proteger pessoas e bens, entre outras fun\u00e7\u00f5es<\/span><\/a>. Normalmente, os gr\u00e1ficos de radiestesia s\u00e3o impressos e colocados em locais vis\u00edveis, de modo a captar a sensibilidade de cada indiv\u00edduo presente. No entanto, o uso dos gr\u00e1ficos deve seguir algumas condi\u00e7\u00f5es para que sua fun\u00e7\u00e3o seja conclu\u00edda com efici\u00eancia.<\/p>\n<p>Ao utilizar um gr\u00e1fico de radiestesia, \u00e9 necess\u00e1rio certificar-se de que suas formas est\u00e3o corretas. Existem uma grande diversidade de gr\u00e1ficos, onde muitos deles t\u00eam formas parecidas. Em outras situa\u00e7\u00f5es, tamb\u00e9m existem gr\u00e1ficos que s\u00e3o desenhados com formas que diferem do seu significado original. Para que o processo de <strong>radiestesia<\/strong> ocorra atrav\u00e9s do desenho, sua forma deve ser correta e possuir o significado que o seu usu\u00e1rio desejar. Portanto, se deseja <strong>prote\u00e7\u00e3o<\/strong>, o indiv\u00edduo deve procurar um gr\u00e1fico que transmita estas <strong>radia\u00e7\u00f5es<\/strong>.<\/p>\n<p>O mesmo vale para gr\u00e1ficos que utilizam letras hebraicas. Muitos <strong>s\u00edmbolos<\/strong> de radiestesia possuem estes caracteres como parte de sua transmiss\u00e3o de <strong>energia<\/strong>. Por\u00e9m, caso escritos de forma errada ou muito diferente de sua forma original, os gr\u00e1ficos podem perder seu sentido e sua capacidade de emitir vibra\u00e7\u00f5es. As letras hebraicas possuem grafias bastante precisas, portanto, ao adquirir um gr\u00e1fico com a presen\u00e7a delas \u00e9 necess\u00e1rio conhecer sua forma original e correta.<\/p>\n<p>O cuidado come\u00e7a com a pessoa que o fornece: <a href=\"https:\/\/www.iquilibrio.com\/florais\/bach-mesa-radionica\/\"><span class=\"class-texto-produtos\">certificando-se de que \u00e9 algu\u00e9m que efetua um trabalho s\u00e9rio e estuda o assunto<\/span><\/a>, \u00e9 mais f\u00e1cil de receber um s\u00edmbolo que cumpra o seu objetivo. Os gr\u00e1ficos de radiestesia podem ter uma a\u00e7\u00e3o poderosa sobre uma pessoa ou ambiente. Portanto, buscar um s\u00edmbolo original com o desenho adequado \u00e9 essencial para a exer\u00e7\u00e3o de sua fun\u00e7\u00e3o.<\/p>\n<h2>Os tratamentos de Radiestesia podem ser feitos a dist\u00e2ncia<\/h2>\n<p>O tratamento com radiestesia \u00e9 muito eficiente em diversos tipos de aplica\u00e7\u00e3o, sua procura \u00e9 maior para quando se busca cura, sendo muito utilizado como acompanhamento de tratamentos m\u00e9dicos. Com o poder dos gr\u00e1ficos de do p\u00eandulo o especialista consegue amenizar efeitos negativos que est\u00e3o alojados na energia da pessoa, o que traz melhores vibra\u00e7\u00f5es e possibilita a abertura para bons flu\u00eddos do Universo.<\/p>\n<p>O tratamento pode ser realizado a dist\u00e2ncia, j\u00e1 que todos n\u00f3s estamos conectados com o Universo atrav\u00e9s de nossa energia, doando e recebendo cargas energ\u00e9ticas a todo momento, sua efici\u00eancia n\u00e3o diminui neste tipo de utiliza\u00e7\u00e3o e seguindo todas as orienta\u00e7\u00f5es os benef\u00edcios s\u00e3o visivelmente notados.<\/p>\n<ul>\n<li><a href=\"https:\/\/www.iquilibrio.com\/radiestesia\/mesa-radionica-quantica\/\"><span class=\"class-texto-produtos\"><strong>Mesa Radi\u00f4nica Qu\u00e2ntica:<\/strong><\/span><\/a> trabalha o resgate da alegria e o equil\u00edbrio mental por meio do bem-estar proporcionado ao identificar as vibra\u00e7\u00f5es em desarmonia e repar\u00e1-las;<\/li>\n<li><strong>Gr\u00e1fico de Repara\u00e7\u00e3o Energ\u00e9tica<\/strong>:\u00a0alinha as energias vitais do consulente atrav\u00e9s do uso do gr\u00e1fico radiest\u00e9sico e dos cristais, proporcionando melhor qualidade de vida em todos os setores;<\/li>\n<li><a href=\"https:\/\/www.iquilibrio.com\/florais\/bach-mesa-radionica\/\"><span class=\"class-texto-produtos\"><strong>Florais de Bach pela Mesa Radi\u00f4nica<\/strong><\/span><\/a>:\u00a0identifica os campos \u00e1uricos de cada pessoa, seus ambientes e os processos energ\u00e9ticos envolvidos,\u00a0atua no emocional proporcionando equil\u00edbrio e autoconhecimento.<\/li>\n<\/ul>\n<h2>Benef\u00edcios da Radiestesia online<\/h2>\n<p>Al\u00e9m da possibilidade de tratamento a dist\u00e2ncia, onde voc\u00ea poder\u00e1 ficar no conforto do local que preferir, esses atendimentos proporcionam:<\/p>\n<ul>\n<li>equil\u00edbrio emocional;<\/li>\n<li>autoconhecimento;<\/li>\n<li>bem-estar;<\/li>\n<li>resgate da felicidade;<\/li>\n<li>reestrutura\u00e7\u00e3o de vida;<\/li>\n<li>melhora a vida no geral;<\/li>\n<li>melhora a vis\u00e3o e vida;<\/li>\n<li>autoconfian\u00e7a;<\/li>\n<li>autocontrole;<\/li>\n<li>auxilia na cura de doen\u00e7as;<\/li>\n<li>ajuda na conquista de novos relacionamentos;<\/li>\n<li>equilibra as energias.<\/li>\n<\/ul>\n<p>A Radiestesia \u00e9 uma \u00f3tima maneira para encontrar os pontos de vibra\u00e7\u00e3o que est\u00e3o sob cargas negativas para serem assim equilibrados. Esse tratamento proporciona qualidade de vida para os pacientes e resgata os melhores sentimentos capazes de motiv\u00e1-los a encontrarem a sua verdadeira for\u00e7a, proporcionando disposi\u00e7\u00e3o e alegria de viver.<\/p>\n<p style=\"text-align: center;\"><span style=\"color: #ffffff;\"><a style=\"color: #ffffff;\" href=\"https:\/\/www.iquilibrio.com\/esotericos\/\"><span class=\"td_btn td_btn_lg td_round_btn class-cta2\">N\u00e3o Escolhemos os Problemas, mas Podemos Escolher como Lidar com Eles. Clique Aqui e Descubra Como Melhorar a Sua Vida<\/span><\/a><\/span><\/p>\n\n\n<div class=\"kk-star-ratings kksr-auto kksr-align-left kksr-valign-bottom\"\n    data-payload='{&quot;align&quot;:&quot;left&quot;,&quot;id&quot;:&quot;466&quot;,&quot;slug&quot;:&quot;default&quot;,&quot;valign&quot;:&quot;bottom&quot;,&quot;ignore&quot;:&quot;&quot;,&quot;reference&quot;:&quot;auto&quot;,&quot;class&quot;:&quot;&quot;,&quot;count&quot;:&quot;0&quot;,&quot;legendonly&quot;:&quot;&quot;,&quot;readonly&quot;:&quot;&quot;,&quot;score&quot;:&quot;0&quot;,&quot;starsonly&quot;:&quot;&quot;,&quot;best&quot;:&quot;5&quot;,&quot;gap&quot;:&quot;5&quot;,&quot;greet&quot;:&quot;Rate this post&quot;,&quot;legend&quot;:&quot;0\\\/5 - (0 voto)&quot;,&quot;size&quot;:&quot;24&quot;,&quot;title&quot;:&quot;Gr\u00e1ficos de Radiestesia: A emiss\u00e3o de vibra\u00e7\u00f5es para o corpo humano&quot;,&quot;width&quot;:&quot;0&quot;,&quot;_legend&quot;:&quot;{score}\\\/{best} - ({count} {votes})&quot;,&quot;font_factor&quot;:&quot;1.25&quot;}'>\n            \n<div class=\"kksr-stars\">\n    \n<div class=\"kksr-stars-inactive\">\n            <div class=\"kksr-star\" data-star=\"1\" style=\"padding-right: 5px\">\n            \n\n<div class=\"kksr-icon\" style=\"width: 24px; height: 24px;\"><\/div>\n        <\/div>\n            <div class=\"kksr-star\" data-star=\"2\" style=\"padding-right: 5px\">\n            \n\n<div class=\"kksr-icon\" style=\"width: 24px; height: 24px;\"><\/div>\n        <\/div>\n            <div class=\"kksr-star\" data-star=\"3\" style=\"padding-right: 5px\">\n            \n\n<div class=\"kksr-icon\" style=\"width: 24px; height: 24px;\"><\/div>\n        <\/div>\n            <div class=\"kksr-star\" data-star=\"4\" style=\"padding-right: 5px\">\n            \n\n<div class=\"kksr-icon\" style=\"width: 24px; height: 24px;\"><\/div>\n        <\/div>\n            <div class=\"kksr-star\" data-star=\"5\" style=\"padding-right: 5px\">\n            \n\n<div class=\"kksr-icon\" style=\"width: 24px; height: 24px;\"><\/div>\n        <\/div>\n    <\/div>\n    \n<div class=\"kksr-stars-active\" style=\"width: 0px;\">\n            <div class=\"kksr-star\" style=\"padding-right: 5px\">\n            \n\n<div class=\"kksr-icon\" style=\"width: 24px; height: 24px;\"><\/div>\n        <\/div>\n            <div class=\"kksr-star\" style=\"padding-right: 5px\">\n            \n\n<div class=\"kksr-icon\" style=\"width: 24px; height: 24px;\"><\/div>\n        <\/div>\n            <div class=\"kksr-star\" style=\"padding-right: 5px\">\n            \n\n<div class=\"kksr-icon\" style=\"width: 24px; height: 24px;\"><\/div>\n        <\/div>\n            <div class=\"kksr-star\" style=\"padding-right: 5px\">\n            \n\n<div class=\"kksr-icon\" style=\"width: 24px; height: 24px;\"><\/div>\n        <\/div>\n            <div class=\"kksr-star\" style=\"padding-right: 5px\">\n            \n\n<div class=\"kksr-icon\" style=\"width: 24px; height: 24px;\"><\/div>\n        <\/div>\n    <\/div>\n<\/div>\n                \n\n<div class=\"kksr-legend\" style=\"font-size: 19.2px;\">\n            <span class=\"kksr-muted\">Rate this post<\/span>\n    <\/div>\n    <\/div>\n","protected":false},"excerpt":{"rendered":"<p>Para que o Gr\u00e1fico de Radiestesia tenha a fun\u00e7\u00e3o esperada, ele precisa ter o desenho perfeito, e a pessoa que o utilizar\u00e1 precisa ter o conhecimento adequado na aplica\u00e7\u00e3o da t\u00e9cnica. Por eles encontramos a possibilidade de limpeza energ\u00e9tica, o que resultar\u00e1 em maior harmonia para a vida de quem os utilizam. Existem diversos modelos [&hellip;]<\/p>\n","protected":false},"author":20,"featured_media":9183,"comment_status":"open","ping_status":"open","sticky":false,"template":"","format":"standard","meta":{"footnotes":""},"categories":[513],"tags":[1261,1262,618],"class_list":["post-466","post","type-post","status-publish","format-standard","has-post-thumbnail","hentry","category-radiestesia","tag-grafico-de-radiestesia","tag-radiestesia","tag-vibracoes-energeticas"],"yoast_head":"<!-- This site is optimized with the Yoast SEO plugin v27.4 - https:\/\/yoast.com\/product\/yoast-seo-wordpress\/ -->\n<title>Gr\u00e1ficos De Radiestesia - Emiss\u00e3o De Vibra\u00e7\u00f5es Para A Vida | iQuilibrio<\/title>\n<meta name=\"description\" content=\"Os gr\u00e1ficos de radiestesia s\u00e3o muito utilizados para equilibrar ambientes, para proteger pessoas e bens, entre outras fun\u00e7\u00f5es. Normalmente, os gr\u00e1ficos de radiestesia s\u00e3o impressos e colocados em locais vis\u00edveis, de modo a captar a sensibilidade de cada indiv\u00edduo presente. Confira mais!\" \/>\n<meta name=\"robots\" content=\"index, follow, max-snippet:-1, max-image-preview:large, max-video-preview:-1\" \/>\n<link rel=\"canonical\" href=\"https:\/\/www.iquilibrio.com\/blog\/terapias-alternativas\/radiestesia\/graficos-radiestesia\/\" \/>\n<meta property=\"og:locale\" content=\"pt_BR\" \/>\n<meta property=\"og:type\" content=\"article\" \/>\n<meta property=\"og:title\" content=\"Gr\u00e1ficos De Radiestesia - Emiss\u00e3o De Vibra\u00e7\u00f5es Para A Vida | iQuilibrio\" \/>\n<meta property=\"og:description\" content=\"Os gr\u00e1ficos de radiestesia s\u00e3o muito utilizados para equilibrar ambientes, para proteger pessoas e bens, entre outras fun\u00e7\u00f5es. Normalmente, os gr\u00e1ficos de radiestesia s\u00e3o impressos e colocados em locais vis\u00edveis, de modo a captar a sensibilidade de cada indiv\u00edduo presente. Confira mais!\" \/>\n<meta property=\"og:url\" content=\"https:\/\/www.iquilibrio.com\/blog\/terapias-alternativas\/radiestesia\/graficos-radiestesia\/\" \/>\n<meta property=\"og:site_name\" content=\"iQuilibrio\" \/>\n<meta property=\"article:publisher\" content=\"https:\/\/www.facebook.com\/iQuilibrio\/\" \/>\n<meta property=\"article:published_time\" content=\"2018-04-05T10:35:26+00:00\" \/>\n<meta property=\"article:modified_time\" content=\"2019-03-27T15:08:56+00:00\" \/>\n<meta property=\"og:image\" content=\"https:\/\/www.iquilibrio.com\/blog\/wp-content\/uploads\/2017\/07\/grafico-de-radiestesia-768x478.jpg\" \/>\n\t<meta property=\"og:image:width\" content=\"900\" \/>\n\t<meta property=\"og:image:height\" content=\"560\" \/>\n\t<meta property=\"og:image:type\" content=\"image\/jpeg\" \/>\n<meta name=\"author\" content=\"Reda\u00e7\u00e3o iQuilibrio\" \/>\n<meta name=\"twitter:card\" content=\"summary_large_image\" \/>\n<meta name=\"twitter:creator\" content=\"@iquilibrio\" \/>\n<meta name=\"twitter:site\" content=\"@iquilibrio\" \/>\n<meta name=\"twitter:label1\" content=\"Escrito por\" \/>\n\t<meta name=\"twitter:data1\" content=\"Reda\u00e7\u00e3o iQuilibrio\" \/>\n\t<meta name=\"twitter:label2\" content=\"Est. tempo de leitura\" \/>\n\t<meta name=\"twitter:data2\" content=\"4 minutos\" \/>\n<script type=\"application\/ld+json\" class=\"yoast-schema-graph\">{\"@context\":\"https:\\\/\\\/schema.org\",\"@graph\":[{\"@type\":\"Article\",\"@id\":\"https:\\\/\\\/www.iquilibrio.com\\\/blog\\\/terapias-alternativas\\\/radiestesia\\\/graficos-radiestesia\\\/#article\",\"isPartOf\":{\"@id\":\"https:\\\/\\\/www.iquilibrio.com\\\/blog\\\/terapias-alternativas\\\/radiestesia\\\/graficos-radiestesia\\\/\"},\"author\":{\"name\":\"Reda\u00e7\u00e3o iQuilibrio\",\"@id\":\"https:\\\/\\\/www.iquilibrio.com\\\/blog\\\/#\\\/schema\\\/person\\\/199505a1f0db0d00f022188666c75dca\"},\"headline\":\"Gr\u00e1ficos de Radiestesia: A emiss\u00e3o de vibra\u00e7\u00f5es para o corpo humano\",\"datePublished\":\"2018-04-05T10:35:26+00:00\",\"dateModified\":\"2019-03-27T15:08:56+00:00\",\"mainEntityOfPage\":{\"@id\":\"https:\\\/\\\/www.iquilibrio.com\\\/blog\\\/terapias-alternativas\\\/radiestesia\\\/graficos-radiestesia\\\/\"},\"wordCount\":818,\"commentCount\":0,\"publisher\":{\"@id\":\"https:\\\/\\\/www.iquilibrio.com\\\/blog\\\/#organization\"},\"image\":{\"@id\":\"https:\\\/\\\/www.iquilibrio.com\\\/blog\\\/terapias-alternativas\\\/radiestesia\\\/graficos-radiestesia\\\/#primaryimage\"},\"thumbnailUrl\":\"https:\\\/\\\/www.iquilibrio.com\\\/blog\\\/wp-content\\\/uploads\\\/2017\\\/07\\\/grafico-de-radiestesia-768x478.jpg\",\"keywords\":[\"gr\u00e1fico de radiestesia\",\"radiestesia\",\"vibra\u00e7\u00f5es energ\u00e9ticas\"],\"articleSection\":[\"Radiestesia\"],\"inLanguage\":\"pt-BR\"},{\"@type\":\"WebPage\",\"@id\":\"https:\\\/\\\/www.iquilibrio.com\\\/blog\\\/terapias-alternativas\\\/radiestesia\\\/graficos-radiestesia\\\/\",\"url\":\"https:\\\/\\\/www.iquilibrio.com\\\/blog\\\/terapias-alternativas\\\/radiestesia\\\/graficos-radiestesia\\\/\",\"name\":\"Gr\u00e1ficos De Radiestesia - Emiss\u00e3o De Vibra\u00e7\u00f5es Para A Vida | iQuilibrio\",\"isPartOf\":{\"@id\":\"https:\\\/\\\/www.iquilibrio.com\\\/blog\\\/#website\"},\"primaryImageOfPage\":{\"@id\":\"https:\\\/\\\/www.iquilibrio.com\\\/blog\\\/terapias-alternativas\\\/radiestesia\\\/graficos-radiestesia\\\/#primaryimage\"},\"image\":{\"@id\":\"https:\\\/\\\/www.iquilibrio.com\\\/blog\\\/terapias-alternativas\\\/radiestesia\\\/graficos-radiestesia\\\/#primaryimage\"},\"thumbnailUrl\":\"https:\\\/\\\/www.iquilibrio.com\\\/blog\\\/wp-content\\\/uploads\\\/2017\\\/07\\\/grafico-de-radiestesia-768x478.jpg\",\"datePublished\":\"2018-04-05T10:35:26+00:00\",\"dateModified\":\"2019-03-27T15:08:56+00:00\",\"description\":\"Os gr\u00e1ficos de radiestesia s\u00e3o muito utilizados para equilibrar ambientes, para proteger pessoas e bens, entre outras fun\u00e7\u00f5es. Normalmente, os gr\u00e1ficos de radiestesia s\u00e3o impressos e colocados em locais vis\u00edveis, de modo a captar a sensibilidade de cada indiv\u00edduo presente. Confira mais!\",\"breadcrumb\":{\"@id\":\"https:\\\/\\\/www.iquilibrio.com\\\/blog\\\/terapias-alternativas\\\/radiestesia\\\/graficos-radiestesia\\\/#breadcrumb\"},\"inLanguage\":\"pt-BR\",\"potentialAction\":[{\"@type\":\"ReadAction\",\"target\":[\"https:\\\/\\\/www.iquilibrio.com\\\/blog\\\/terapias-alternativas\\\/radiestesia\\\/graficos-radiestesia\\\/\"]}]},{\"@type\":\"ImageObject\",\"inLanguage\":\"pt-BR\",\"@id\":\"https:\\\/\\\/www.iquilibrio.com\\\/blog\\\/terapias-alternativas\\\/radiestesia\\\/graficos-radiestesia\\\/#primaryimage\",\"url\":\"https:\\\/\\\/www.iquilibrio.com\\\/blog\\\/wp-content\\\/uploads\\\/2017\\\/07\\\/grafico-de-radiestesia-768x478.jpg\",\"contentUrl\":\"https:\\\/\\\/www.iquilibrio.com\\\/blog\\\/wp-content\\\/uploads\\\/2017\\\/07\\\/grafico-de-radiestesia-768x478.jpg\",\"width\":900,\"height\":560,\"caption\":\"gr\u00e1fico radi\u00f4nico\"},{\"@type\":\"BreadcrumbList\",\"@id\":\"https:\\\/\\\/www.iquilibrio.com\\\/blog\\\/terapias-alternativas\\\/radiestesia\\\/graficos-radiestesia\\\/#breadcrumb\",\"itemListElement\":[{\"@type\":\"ListItem\",\"position\":1,\"name\":\"In\u00edcio\",\"item\":\"https:\\\/\\\/www.iquilibrio.com\\\/blog\\\/\"},{\"@type\":\"ListItem\",\"position\":2,\"name\":\"Gr\u00e1ficos de Radiestesia: A emiss\u00e3o de vibra\u00e7\u00f5es para o corpo humano\"}]},{\"@type\":\"WebSite\",\"@id\":\"https:\\\/\\\/www.iquilibrio.com\\\/blog\\\/#website\",\"url\":\"https:\\\/\\\/www.iquilibrio.com\\\/blog\\\/\",\"name\":\"iQuilibrio\",\"description\":\"Blog iQuilibrio\",\"publisher\":{\"@id\":\"https:\\\/\\\/www.iquilibrio.com\\\/blog\\\/#organization\"},\"potentialAction\":[{\"@type\":\"SearchAction\",\"target\":{\"@type\":\"EntryPoint\",\"urlTemplate\":\"https:\\\/\\\/www.iquilibrio.com\\\/blog\\\/?s={search_term_string}\"},\"query-input\":{\"@type\":\"PropertyValueSpecification\",\"valueRequired\":true,\"valueName\":\"search_term_string\"}}],\"inLanguage\":\"pt-BR\"},{\"@type\":\"Organization\",\"@id\":\"https:\\\/\\\/www.iquilibrio.com\\\/blog\\\/#organization\",\"name\":\"Esoterismo, Misticismo e Tarot Online - iQuilibrio\",\"url\":\"https:\\\/\\\/www.iquilibrio.com\\\/blog\\\/\",\"logo\":{\"@type\":\"ImageObject\",\"inLanguage\":\"pt-BR\",\"@id\":\"https:\\\/\\\/www.iquilibrio.com\\\/blog\\\/#\\\/schema\\\/logo\\\/image\\\/\",\"url\":\"https:\\\/\\\/www.iquilibrio.com\\\/blog\\\/wp-content\\\/uploads\\\/2018\\\/12\\\/iquilibrio_lovo_vetor_preto-retina.png\",\"contentUrl\":\"https:\\\/\\\/www.iquilibrio.com\\\/blog\\\/wp-content\\\/uploads\\\/2018\\\/12\\\/iquilibrio_lovo_vetor_preto-retina.png\",\"width\":972,\"height\":180,\"caption\":\"Esoterismo, Misticismo e Tarot Online - iQuilibrio\"},\"image\":{\"@id\":\"https:\\\/\\\/www.iquilibrio.com\\\/blog\\\/#\\\/schema\\\/logo\\\/image\\\/\"},\"sameAs\":[\"https:\\\/\\\/www.facebook.com\\\/iQuilibrio\\\/\",\"https:\\\/\\\/x.com\\\/iquilibrio\",\"https:\\\/\\\/www.instagram.com\\\/iquilibrio\\\/\",\"https:\\\/\\\/www.linkedin.com\\\/company\\\/iquilibrio\\\/\",\"https:\\\/\\\/br.pinterest.com\\\/iquilibrio1397\\\/\",\"https:\\\/\\\/www.youtube.com\\\/channel\\\/UC175qxd-4Zsi4wzawT5zF2g\"]},{\"@type\":\"Person\",\"@id\":\"https:\\\/\\\/www.iquilibrio.com\\\/blog\\\/#\\\/schema\\\/person\\\/199505a1f0db0d00f022188666c75dca\",\"name\":\"Reda\u00e7\u00e3o iQuilibrio\",\"image\":{\"@type\":\"ImageObject\",\"inLanguage\":\"pt-BR\",\"@id\":\"https:\\\/\\\/www.iquilibrio.com\\\/blog\\\/wp-content\\\/uploads\\\/2021\\\/12\\\/Consulta-por-email-3-150x150.png\",\"url\":\"https:\\\/\\\/www.iquilibrio.com\\\/blog\\\/wp-content\\\/uploads\\\/2021\\\/12\\\/Consulta-por-email-3-150x150.png\",\"contentUrl\":\"https:\\\/\\\/www.iquilibrio.com\\\/blog\\\/wp-content\\\/uploads\\\/2021\\\/12\\\/Consulta-por-email-3-150x150.png\",\"caption\":\"Reda\u00e7\u00e3o iQuilibrio\"},\"description\":\"A equipe de reda\u00e7\u00e3o da iQuilibrio \u00e9 composta pelos mais diversos especialistas e esot\u00e9ricos. Al\u00e9m de dominar a arte de traduzir as energias que o universo emana, nossos redatores sentem imenso prazer em trabalhar com palavras. Boa leitura e um \u00f3timo aprendizado!\",\"url\":\"https:\\\/\\\/www.iquilibrio.com\\\/blog\\\/author\\\/juliana\\\/\"}]}<\/script>\n<!-- \/ Yoast SEO plugin. -->","yoast_head_json":{"title":"Gr\u00e1ficos De Radiestesia - Emiss\u00e3o De Vibra\u00e7\u00f5es Para A Vida | iQuilibrio","description":"Os gr\u00e1ficos de radiestesia s\u00e3o muito utilizados para equilibrar ambientes, para proteger pessoas e bens, entre outras fun\u00e7\u00f5es. Normalmente, os gr\u00e1ficos de radiestesia s\u00e3o impressos e colocados em locais vis\u00edveis, de modo a captar a sensibilidade de cada indiv\u00edduo presente. Confira mais!","robots":{"index":"index","follow":"follow","max-snippet":"max-snippet:-1","max-image-preview":"max-image-preview:large","max-video-preview":"max-video-preview:-1"},"canonical":"https:\/\/www.iquilibrio.com\/blog\/terapias-alternativas\/radiestesia\/graficos-radiestesia\/","og_locale":"pt_BR","og_type":"article","og_title":"Gr\u00e1ficos De Radiestesia - Emiss\u00e3o De Vibra\u00e7\u00f5es Para A Vida | iQuilibrio","og_description":"Os gr\u00e1ficos de radiestesia s\u00e3o muito utilizados para equilibrar ambientes, para proteger pessoas e bens, entre outras fun\u00e7\u00f5es. Normalmente, os gr\u00e1ficos de radiestesia s\u00e3o impressos e colocados em locais vis\u00edveis, de modo a captar a sensibilidade de cada indiv\u00edduo presente. Confira mais!","og_url":"https:\/\/www.iquilibrio.com\/blog\/terapias-alternativas\/radiestesia\/graficos-radiestesia\/","og_site_name":"iQuilibrio","article_publisher":"https:\/\/www.facebook.com\/iQuilibrio\/","article_published_time":"2018-04-05T10:35:26+00:00","article_modified_time":"2019-03-27T15:08:56+00:00","og_image":[{"width":900,"height":560,"url":"https:\/\/www.iquilibrio.com\/blog\/wp-content\/uploads\/2017\/07\/grafico-de-radiestesia-768x478.jpg","type":"image\/jpeg"}],"author":"Reda\u00e7\u00e3o iQuilibrio","twitter_card":"summary_large_image","twitter_creator":"@iquilibrio","twitter_site":"@iquilibrio","twitter_misc":{"Escrito por":"Reda\u00e7\u00e3o iQuilibrio","Est. tempo de leitura":"4 minutos"},"schema":{"@context":"https:\/\/schema.org","@graph":[{"@type":"Article","@id":"https:\/\/www.iquilibrio.com\/blog\/terapias-alternativas\/radiestesia\/graficos-radiestesia\/#article","isPartOf":{"@id":"https:\/\/www.iquilibrio.com\/blog\/terapias-alternativas\/radiestesia\/graficos-radiestesia\/"},"author":{"name":"Reda\u00e7\u00e3o iQuilibrio","@id":"https:\/\/www.iquilibrio.com\/blog\/#\/schema\/person\/199505a1f0db0d00f022188666c75dca"},"headline":"Gr\u00e1ficos de Radiestesia: A emiss\u00e3o de vibra\u00e7\u00f5es para o corpo humano","datePublished":"2018-04-05T10:35:26+00:00","dateModified":"2019-03-27T15:08:56+00:00","mainEntityOfPage":{"@id":"https:\/\/www.iquilibrio.com\/blog\/terapias-alternativas\/radiestesia\/graficos-radiestesia\/"},"wordCount":818,"commentCount":0,"publisher":{"@id":"https:\/\/www.iquilibrio.com\/blog\/#organization"},"image":{"@id":"https:\/\/www.iquilibrio.com\/blog\/terapias-alternativas\/radiestesia\/graficos-radiestesia\/#primaryimage"},"thumbnailUrl":"https:\/\/www.iquilibrio.com\/blog\/wp-content\/uploads\/2017\/07\/grafico-de-radiestesia-768x478.jpg","keywords":["gr\u00e1fico de radiestesia","radiestesia","vibra\u00e7\u00f5es energ\u00e9ticas"],"articleSection":["Radiestesia"],"inLanguage":"pt-BR"},{"@type":"WebPage","@id":"https:\/\/www.iquilibrio.com\/blog\/terapias-alternativas\/radiestesia\/graficos-radiestesia\/","url":"https:\/\/www.iquilibrio.com\/blog\/terapias-alternativas\/radiestesia\/graficos-radiestesia\/","name":"Gr\u00e1ficos De Radiestesia - Emiss\u00e3o De Vibra\u00e7\u00f5es Para A Vida | iQuilibrio","isPartOf":{"@id":"https:\/\/www.iquilibrio.com\/blog\/#website"},"primaryImageOfPage":{"@id":"https:\/\/www.iquilibrio.com\/blog\/terapias-alternativas\/radiestesia\/graficos-radiestesia\/#primaryimage"},"image":{"@id":"https:\/\/www.iquilibrio.com\/blog\/terapias-alternativas\/radiestesia\/graficos-radiestesia\/#primaryimage"},"thumbnailUrl":"https:\/\/www.iquilibrio.com\/blog\/wp-content\/uploads\/2017\/07\/grafico-de-radiestesia-768x478.jpg","datePublished":"2018-04-05T10:35:26+00:00","dateModified":"2019-03-27T15:08:56+00:00","description":"Os gr\u00e1ficos de radiestesia s\u00e3o muito utilizados para equilibrar ambientes, para proteger pessoas e bens, entre outras fun\u00e7\u00f5es. Normalmente, os gr\u00e1ficos de radiestesia s\u00e3o impressos e colocados em locais vis\u00edveis, de modo a captar a sensibilidade de cada indiv\u00edduo presente. Confira mais!","breadcrumb":{"@id":"https:\/\/www.iquilibrio.com\/blog\/terapias-alternativas\/radiestesia\/graficos-radiestesia\/#breadcrumb"},"inLanguage":"pt-BR","potentialAction":[{"@type":"ReadAction","target":["https:\/\/www.iquilibrio.com\/blog\/terapias-alternativas\/radiestesia\/graficos-radiestesia\/"]}]},{"@type":"ImageObject","inLanguage":"pt-BR","@id":"https:\/\/www.iquilibrio.com\/blog\/terapias-alternativas\/radiestesia\/graficos-radiestesia\/#primaryimage","url":"https:\/\/www.iquilibrio.com\/blog\/wp-content\/uploads\/2017\/07\/grafico-de-radiestesia-768x478.jpg","contentUrl":"https:\/\/www.iquilibrio.com\/blog\/wp-content\/uploads\/2017\/07\/grafico-de-radiestesia-768x478.jpg","width":900,"height":560,"caption":"gr\u00e1fico radi\u00f4nico"},{"@type":"BreadcrumbList","@id":"https:\/\/www.iquilibrio.com\/blog\/terapias-alternativas\/radiestesia\/graficos-radiestesia\/#breadcrumb","itemListElement":[{"@type":"ListItem","position":1,"name":"In\u00edcio","item":"https:\/\/www.iquilibrio.com\/blog\/"},{"@type":"ListItem","position":2,"name":"Gr\u00e1ficos de Radiestesia: A emiss\u00e3o de vibra\u00e7\u00f5es para o corpo humano"}]},{"@type":"WebSite","@id":"https:\/\/www.iquilibrio.com\/blog\/#website","url":"https:\/\/www.iquilibrio.com\/blog\/","name":"iQuilibrio","description":"Blog iQuilibrio","publisher":{"@id":"https:\/\/www.iquilibrio.com\/blog\/#organization"},"potentialAction":[{"@type":"SearchAction","target":{"@type":"EntryPoint","urlTemplate":"https:\/\/www.iquilibrio.com\/blog\/?s={search_term_string}"},"query-input":{"@type":"PropertyValueSpecification","valueRequired":true,"valueName":"search_term_string"}}],"inLanguage":"pt-BR"},{"@type":"Organization","@id":"https:\/\/www.iquilibrio.com\/blog\/#organization","name":"Esoterismo, Misticismo e Tarot Online - iQuilibrio","url":"https:\/\/www.iquilibrio.com\/blog\/","logo":{"@type":"ImageObject","inLanguage":"pt-BR","@id":"https:\/\/www.iquilibrio.com\/blog\/#\/schema\/logo\/image\/","url":"https:\/\/www.iquilibrio.com\/blog\/wp-content\/uploads\/2018\/12\/iquilibrio_lovo_vetor_preto-retina.png","contentUrl":"https:\/\/www.iquilibrio.com\/blog\/wp-content\/uploads\/2018\/12\/iquilibrio_lovo_vetor_preto-retina.png","width":972,"height":180,"caption":"Esoterismo, Misticismo e Tarot Online - iQuilibrio"},"image":{"@id":"https:\/\/www.iquilibrio.com\/blog\/#\/schema\/logo\/image\/"},"sameAs":["https:\/\/www.facebook.com\/iQuilibrio\/","https:\/\/x.com\/iquilibrio","https:\/\/www.instagram.com\/iquilibrio\/","https:\/\/www.linkedin.com\/company\/iquilibrio\/","https:\/\/br.pinterest.com\/iquilibrio1397\/","https:\/\/www.youtube.com\/channel\/UC175qxd-4Zsi4wzawT5zF2g"]},{"@type":"Person","@id":"https:\/\/www.iquilibrio.com\/blog\/#\/schema\/person\/199505a1f0db0d00f022188666c75dca","name":"Reda\u00e7\u00e3o iQuilibrio","image":{"@type":"ImageObject","inLanguage":"pt-BR","@id":"https:\/\/www.iquilibrio.com\/blog\/wp-content\/uploads\/2021\/12\/Consulta-por-email-3-150x150.png","url":"https:\/\/www.iquilibrio.com\/blog\/wp-content\/uploads\/2021\/12\/Consulta-por-email-3-150x150.png","contentUrl":"https:\/\/www.iquilibrio.com\/blog\/wp-content\/uploads\/2021\/12\/Consulta-por-email-3-150x150.png","caption":"Reda\u00e7\u00e3o iQuilibrio"},"description":"A equipe de reda\u00e7\u00e3o da iQuilibrio \u00e9 composta pelos mais diversos especialistas e esot\u00e9ricos. Al\u00e9m de dominar a arte de traduzir as energias que o universo emana, nossos redatores sentem imenso prazer em trabalhar com palavras. Boa leitura e um \u00f3timo aprendizado!","url":"https:\/\/www.iquilibrio.com\/blog\/author\/juliana\/"}]}},"_links":{"self":[{"href":"https:\/\/www.iquilibrio.com\/blog\/wp-json\/wp\/v2\/posts\/466","targetHints":{"allow":["GET"]}}],"collection":[{"href":"https:\/\/www.iquilibrio.com\/blog\/wp-json\/wp\/v2\/posts"}],"about":[{"href":"https:\/\/www.iquilibrio.com\/blog\/wp-json\/wp\/v2\/types\/post"}],"author":[{"embeddable":true,"href":"https:\/\/www.iquilibrio.com\/blog\/wp-json\/wp\/v2\/users\/20"}],"replies":[{"embeddable":true,"href":"https:\/\/www.iquilibrio.com\/blog\/wp-json\/wp\/v2\/comments?post=466"}],"version-history":[{"count":4,"href":"https:\/\/www.iquilibrio.com\/blog\/wp-json\/wp\/v2\/posts\/466\/revisions"}],"predecessor-version":[{"id":24251,"href":"https:\/\/www.iquilibrio.com\/blog\/wp-json\/wp\/v2\/posts\/466\/revisions\/24251"}],"wp:featuredmedia":[{"embeddable":true,"href":"https:\/\/www.iquilibrio.com\/blog\/wp-json\/wp\/v2\/media\/9183"}],"wp:attachment":[{"href":"https:\/\/www.iquilibrio.com\/blog\/wp-json\/wp\/v2\/media?parent=466"}],"wp:term":[{"taxonomy":"category","embeddable":true,"href":"https:\/\/www.iquilibrio.com\/blog\/wp-json\/wp\/v2\/categories?post=466"},{"taxonomy":"post_tag","embeddable":true,"href":"https:\/\/www.iquilibrio.com\/blog\/wp-json\/wp\/v2\/tags?post=466"}],"curies":[{"name":"wp","href":"https:\/\/api.w.org\/{rel}","templated":true}]}}