{"id":4585,"date":"2017-04-03T20:50:04","date_gmt":"2017-04-03T20:50:04","guid":{"rendered":"https:\/\/www.iquilibrio.com\/blog\/?p=4585"},"modified":"2021-08-24T11:36:42","modified_gmt":"2021-08-24T14:36:42","slug":"chakra-plexo-solar","status":"publish","type":"post","link":"https:\/\/www.iquilibrio.com\/blog\/espiritualidade\/chakras\/chakra-plexo-solar\/","title":{"rendered":"Plexo Solar &#8211; Conhe\u00e7a mais sobre esse terceiro chakra"},"content":{"rendered":"<p>Dentre os tr\u00eas <strong>chacras<\/strong> f\u00edsicos que possu\u00edmos em nosso corpo, o <strong>Chakra Plexo Solar<\/strong> \u00e9 o \u00faltimo deles. O terceiro dos <strong>7 chakras<\/strong>, \u00e9 respons\u00e1vel por nossa atitude e motiva\u00e7\u00e3o na vida, nossas rela\u00e7\u00f5es conosco e com as outras pessoas dependem totalmente do alinhamento deste <strong>chakra<\/strong> para que possam ser de forma harm\u00f4nica.<\/p>\n<p style=\"text-align: center;\"><a href=\"https:\/\/www.iquilibrio.com\/reiki\/\"><span class=\"td_btn td_btn_lg td_round_btn class-cta1\" style=\"color: #ffffff;\">Falta For\u00e7a para Lutar pelos Seus Sonhos? Tenha a Ajuda que Precisa Alinhando seus Chakras AQUI, com o Reiki Online!<\/span><\/a><\/p>\n<h2>O que \u00e9 o Chakra\u00a0Plexo Solar<\/h2>\n<p>Tamb\u00e9m conhecido como Man\u00edpura que significa &#8220;repleto de joias&#8221;, ele se localiza dois dedos acima do umbigo e \u00e9 tamb\u00e9m conhecido como <strong>Chakra Umbilical<\/strong>. O \u00f3rg\u00e3o que ele tem maior incid\u00eancia \u00e9 o p\u00e2ncreas e todo o sistema digestivo, sua cor \u00e9 amarela, podendo haver varia\u00e7\u00f5es de verde escuro e de vermelho. Dentre os <strong>chakras do corpo<\/strong>, \u00e9 no <strong>plexo solar<\/strong> que depositamos as vibra\u00e7\u00f5es\u00a0que prov\u00e9m de energias negativas como o \u00f3dio, m\u00e1goa, nervosismo e tristeza. \u00c9 comum quando n\u00e3o estamos satisfeitos com algo ou muito decepcionados na vida, sentirmos incha\u00e7os na barriga e a aus\u00eancia de for\u00e7a de vontade, este s\u00e3o alguns dos sintomas quando este ponto encontra-se desalinhado.<\/p>\n<p>Este chakra \u00e9 muito utilizado pelos m\u00e9diuns para a materializa\u00e7\u00e3o e contato com seres do plano espiritual, isso se deve ao fato de que \u00e9 no <strong>plexo<\/strong> que encontramos o centro da energia m\u00edstica em nosso corpo. O plexo solar \u00e9 o chakra que mais \u00e9 sens\u00edvel aos nossos atos e est\u00edmulos do mundo.<\/p>\n<h2>Os efeitos do equil\u00edbrio do Chakra\u00a0Plexo Solar<\/h2>\n<p>Quando est\u00e1 <strong>equilibrado<\/strong> este chakra possibilita um melhor envolvimento e entendimento do meio social no qual estamos inseridos, \u00e9 poss\u00edvel captar a energia das pessoas a sua volta e perceber quem te traz rea\u00e7\u00f5es boas ou energias negativas para sua vida. A pessoa se torna mais sens\u00edvel e atenta as amea\u00e7as vindas atrav\u00e9s das vibra\u00e7\u00f5es naturais.<\/p>\n<p>Quando voc\u00ea de repente se sentir enojado ou mal do est\u00f4mago sem motivo aparente, \u00e9 o plexo solar alertando sobre energias pesadas presentes no ambiente vinda de pessoas ou situa\u00e7\u00f5es desagrad\u00e1veis.<\/p>\n<h3>Efeitos positivos quando alinhado:<\/h3>\n<ul>\n<li>Equil\u00edbrio na paix\u00e3o e desejo;<\/li>\n<li>Melhor funcionamento da digest\u00e3o dos alimentos;<\/li>\n<li>Distribui\u00e7\u00e3o balanceada de energia no corpo provindas de nutrientes;<\/li>\n<li>For\u00e7a e energia para resolver quest\u00f5es;<\/li>\n<li>Maior felicidade;<\/li>\n<li>Melhor capacidade para realizar escolhas;<\/li>\n<li>Controle emocional;<\/li>\n<li>Pensamentos flu\u00eddos;<\/li>\n<li>Melhor apar\u00eancia da pele;<\/li>\n<li>Poder pessoal;<\/li>\n<li>Satisfa\u00e7\u00e3o;<\/li>\n<li>Maior amor pr\u00f3prio;<\/li>\n<li>Bons relacionamentos;<\/li>\n<li>Melhor planejamento financeiro.<\/li>\n<\/ul>\n<h3>Efeitos negativos\u00a0quando n\u00e3o alinhado:<\/h3>\n<ul>\n<li>A pessoa fica suscet\u00edvel a energias ruins;<\/li>\n<li>Falta de confian\u00e7a em si mesma;<\/li>\n<li>Dificuldade em rela\u00e7\u00f5es pessoais;<\/li>\n<li>Falta de auto estima;<\/li>\n<li>Falta de motiva\u00e7\u00e3o;<\/li>\n<li>Problemas digestivos como gastrite e \u00falcera;<\/li>\n<li>Falta de foco;<\/li>\n<li>N\u00e3o encontra solu\u00e7\u00f5es de quest\u00f5es da vida facilmente;<\/li>\n<li>Pensamentos depressivos;<\/li>\n<li>Problemas de f\u00edgado;<\/li>\n<li>Falta de controle financeiro;<\/li>\n<li>Estresse;<\/li>\n<li>Raiva, soberba;<\/li>\n<li>Arrog\u00e2ncia;<\/li>\n<li>Pessoa facilmente influenci\u00e1vel e de car\u00e1ter question\u00e1vel;<\/li>\n<li>Desenvolvimento de diabetes ou hipoglicemia.<\/li>\n<\/ul>\n<h2>Como alinhar o Chakra Plexo Solar<\/h2>\n<p>Para o equil\u00edbrio deste chakra \u00e9 aconselh\u00e1vel a medita\u00e7\u00e3o, a pr\u00e1tica de dan\u00e7a do estilo latino, caminhadas a luz do sol, e o uso de elementos de tons amarelos, por exemplo, ao meditar voc\u00ea pode acender uma vela para melhorar a energia para este chakra. Na alimenta\u00e7\u00e3o d\u00ea prefer\u00eancia para produtos do tom amarelo e principalmente, procure conservar pensamentos positivos quanto a sua vida, suas escolhas, se valorize e acredite em voc\u00ea mesmo, goste de voc\u00ea mesmo.<\/p>\n<p>O <a href=\"https:\/\/www.iquilibrio.com\/blog\/terapias-alternativas\/reiki\/voce-entende-o-que-e-reiki\/\">Reiki <\/a>\u00e9 um importante aliado para o alinhamento dos chakras e com o plexo solar n\u00e3o seria diferente, esse tratamento equilibra as energias presentes em nosso corpo trazendo diversos benef\u00edcios a todo organismo e \u00e0 quest\u00f5es espirituais.<\/p>\n<h2>Caracter\u00edsticas Gerais do Chakra\u00a0Plexo Solar<\/h2>\n<p><strong>Nome s\u00e2nscrito:<\/strong>\u00a0Man\u00edpura (repleto de joias);<\/p>\n<p><strong>Cor:<\/strong>\u00a0amarelo, verde\u00a0escuro e vermelho;<\/p>\n<p><strong>Mantra:<\/strong>\u00a0RAM;<\/p>\n<p><strong>Cristais:<\/strong>\u00a0Top\u00e1zio, pedra do sol e citrino;<\/p>\n<p><strong>S\u00edmbolo:<\/strong> L\u00f3tus de 10\u00a0p\u00e9talas;<\/p>\n<p><strong>Elemento:<\/strong>\u00a0fogo;<\/p>\n<p><strong>Gl\u00e2ndulas:<\/strong>\u00a0f\u00edgado, ba\u00e7o, p\u00e2ncreas, ves\u00edcula, aparelho digestivo;<\/p>\n<p><strong>Fun\u00e7\u00f5es gerais:\u00a0<\/strong>beneficia o aparelho digestivo e controla a vontade e o ego;<\/p>\n<p><strong>Per\u00edodo de maiores fun\u00e7\u00f5es evolutivas:\u00a0<\/strong>dos 14 aos 21 anos.<\/p>\n<p>O Chakra Plexo Solar sofre a maior influ\u00eancia das nossas emo\u00e7\u00f5es e da energia que nos rodeia. Mant\u00ea-lo alinhado garante n\u00e3o s\u00f3 nosso equil\u00edbrio emocional e uma maior autoconfian\u00e7a, como tamb\u00e9m prosperidade e realiza\u00e7\u00f5es financeiras.<\/p>\n<p style=\"text-align: center;\"><span style=\"color: #ffffff;\"><a style=\"color: #ffffff;\" href=\"https:\/\/www.iquilibrio.com\/radiestesia\/mesa-radionica-quantica\/\"><span class=\"td_btn td_btn_lg td_round_btn class-cta2\">Sentindo como se Carregasse o Mundo nas Costas? Sua Energia Pode estar Pesada Demais, Encontre Equil\u00edbrio com a Mesa Radi\u00f4nica AGORA!<\/span><\/a><\/span><\/p>\n\n\n<div class=\"kk-star-ratings kksr-auto kksr-align-left kksr-valign-bottom\"\n    data-payload='{&quot;align&quot;:&quot;left&quot;,&quot;id&quot;:&quot;4585&quot;,&quot;slug&quot;:&quot;default&quot;,&quot;valign&quot;:&quot;bottom&quot;,&quot;ignore&quot;:&quot;&quot;,&quot;reference&quot;:&quot;auto&quot;,&quot;class&quot;:&quot;&quot;,&quot;count&quot;:&quot;5&quot;,&quot;legendonly&quot;:&quot;&quot;,&quot;readonly&quot;:&quot;&quot;,&quot;score&quot;:&quot;5&quot;,&quot;starsonly&quot;:&quot;&quot;,&quot;best&quot;:&quot;5&quot;,&quot;gap&quot;:&quot;5&quot;,&quot;greet&quot;:&quot;Rate this post&quot;,&quot;legend&quot;:&quot;5\\\/5 - (5 votos)&quot;,&quot;size&quot;:&quot;24&quot;,&quot;title&quot;:&quot;Plexo Solar - Conhe\u00e7a mais sobre esse terceiro chakra&quot;,&quot;width&quot;:&quot;142.5&quot;,&quot;_legend&quot;:&quot;{score}\\\/{best} - ({count} {votes})&quot;,&quot;font_factor&quot;:&quot;1.25&quot;}'>\n            \n<div class=\"kksr-stars\">\n    \n<div class=\"kksr-stars-inactive\">\n            <div class=\"kksr-star\" data-star=\"1\" style=\"padding-right: 5px\">\n            \n\n<div class=\"kksr-icon\" style=\"width: 24px; height: 24px;\"><\/div>\n        <\/div>\n            <div class=\"kksr-star\" data-star=\"2\" style=\"padding-right: 5px\">\n            \n\n<div class=\"kksr-icon\" style=\"width: 24px; height: 24px;\"><\/div>\n        <\/div>\n            <div class=\"kksr-star\" data-star=\"3\" style=\"padding-right: 5px\">\n            \n\n<div class=\"kksr-icon\" style=\"width: 24px; height: 24px;\"><\/div>\n        <\/div>\n            <div class=\"kksr-star\" data-star=\"4\" style=\"padding-right: 5px\">\n            \n\n<div class=\"kksr-icon\" style=\"width: 24px; height: 24px;\"><\/div>\n        <\/div>\n            <div class=\"kksr-star\" data-star=\"5\" style=\"padding-right: 5px\">\n            \n\n<div class=\"kksr-icon\" style=\"width: 24px; height: 24px;\"><\/div>\n        <\/div>\n    <\/div>\n    \n<div class=\"kksr-stars-active\" style=\"width: 142.5px;\">\n            <div class=\"kksr-star\" style=\"padding-right: 5px\">\n            \n\n<div class=\"kksr-icon\" style=\"width: 24px; height: 24px;\"><\/div>\n        <\/div>\n            <div class=\"kksr-star\" style=\"padding-right: 5px\">\n            \n\n<div class=\"kksr-icon\" style=\"width: 24px; height: 24px;\"><\/div>\n        <\/div>\n            <div class=\"kksr-star\" style=\"padding-right: 5px\">\n            \n\n<div class=\"kksr-icon\" style=\"width: 24px; height: 24px;\"><\/div>\n        <\/div>\n            <div class=\"kksr-star\" style=\"padding-right: 5px\">\n            \n\n<div class=\"kksr-icon\" style=\"width: 24px; height: 24px;\"><\/div>\n        <\/div>\n            <div class=\"kksr-star\" style=\"padding-right: 5px\">\n            \n\n<div class=\"kksr-icon\" style=\"width: 24px; height: 24px;\"><\/div>\n        <\/div>\n    <\/div>\n<\/div>\n                \n\n<div class=\"kksr-legend\" style=\"font-size: 19.2px;\">\n            5\/5 - (5 votos)    <\/div>\n    <\/div>\n","protected":false},"excerpt":{"rendered":"<p>Dentre os tr\u00eas chacras f\u00edsicos que possu\u00edmos em nosso corpo, o Chakra Plexo Solar \u00e9 o \u00faltimo deles. O terceiro dos 7 chakras, \u00e9 respons\u00e1vel por nossa atitude e motiva\u00e7\u00e3o na vida, nossas rela\u00e7\u00f5es conosco e com as outras pessoas dependem totalmente do alinhamento deste chakra para que possam ser de forma harm\u00f4nica. Falta For\u00e7a [&hellip;]<\/p>\n","protected":false},"author":20,"featured_media":5393,"comment_status":"open","ping_status":"open","sticky":false,"template":"","format":"standard","meta":{"footnotes":""},"categories":[896],"tags":[1006],"class_list":["post-4585","post","type-post","status-publish","format-standard","has-post-thumbnail","hentry","category-chakras","tag-chakra-plexo-solar"],"yoast_head":"<!-- This site is optimized with the Yoast SEO plugin v27.4 - https:\/\/yoast.com\/product\/yoast-seo-wordpress\/ -->\n<title>Chakra Plexo Solar - Saiba tudo sobre o Terceiro Chakra | iQuilibrio<\/title>\n<meta name=\"description\" content=\"O Chakra Plexo Solar, quando equilibrado, possibilita um melhor envolvimento e entendimento da sua vida. Saiba como alinhar o Terceiro Chakra!\" \/>\n<meta name=\"robots\" content=\"index, follow, max-snippet:-1, max-image-preview:large, max-video-preview:-1\" \/>\n<link rel=\"canonical\" href=\"https:\/\/www.iquilibrio.com\/blog\/espiritualidade\/chakras\/chakra-plexo-solar\/\" \/>\n<meta property=\"og:locale\" content=\"pt_BR\" \/>\n<meta property=\"og:type\" content=\"article\" \/>\n<meta property=\"og:title\" content=\"Chakra Plexo Solar - Saiba tudo sobre o Terceiro Chakra | iQuilibrio\" \/>\n<meta property=\"og:description\" content=\"O Chakra Plexo Solar, quando equilibrado, possibilita um melhor envolvimento e entendimento da sua vida. Saiba como alinhar o Terceiro Chakra!\" \/>\n<meta property=\"og:url\" content=\"https:\/\/www.iquilibrio.com\/blog\/espiritualidade\/chakras\/chakra-plexo-solar\/\" \/>\n<meta property=\"og:site_name\" content=\"iQuilibrio\" \/>\n<meta property=\"article:publisher\" content=\"https:\/\/www.facebook.com\/iQuilibrio\/\" \/>\n<meta property=\"article:published_time\" content=\"2017-04-03T20:50:04+00:00\" \/>\n<meta property=\"article:modified_time\" content=\"2021-08-24T14:36:42+00:00\" \/>\n<meta property=\"og:image\" content=\"https:\/\/www.iquilibrio.com\/blog\/wp-content\/uploads\/2017\/04\/chakra-plexo-solar-2.jpg\" \/>\n\t<meta property=\"og:image:width\" content=\"900\" \/>\n\t<meta property=\"og:image:height\" content=\"560\" \/>\n\t<meta property=\"og:image:type\" content=\"image\/jpeg\" \/>\n<meta name=\"author\" content=\"Reda\u00e7\u00e3o iQuilibrio\" \/>\n<meta name=\"twitter:card\" content=\"summary_large_image\" \/>\n<meta name=\"twitter:creator\" content=\"@iquilibrio\" \/>\n<meta name=\"twitter:site\" content=\"@iquilibrio\" \/>\n<meta name=\"twitter:label1\" content=\"Escrito por\" \/>\n\t<meta name=\"twitter:data1\" content=\"Reda\u00e7\u00e3o iQuilibrio\" \/>\n\t<meta name=\"twitter:label2\" content=\"Est. tempo de leitura\" \/>\n\t<meta name=\"twitter:data2\" content=\"4 minutos\" \/>\n<script type=\"application\/ld+json\" class=\"yoast-schema-graph\">{\"@context\":\"https:\\\/\\\/schema.org\",\"@graph\":[{\"@type\":\"Article\",\"@id\":\"https:\\\/\\\/www.iquilibrio.com\\\/blog\\\/espiritualidade\\\/chakras\\\/chakra-plexo-solar\\\/#article\",\"isPartOf\":{\"@id\":\"https:\\\/\\\/www.iquilibrio.com\\\/blog\\\/espiritualidade\\\/chakras\\\/chakra-plexo-solar\\\/\"},\"author\":{\"name\":\"Reda\u00e7\u00e3o iQuilibrio\",\"@id\":\"https:\\\/\\\/www.iquilibrio.com\\\/blog\\\/#\\\/schema\\\/person\\\/199505a1f0db0d00f022188666c75dca\"},\"headline\":\"Plexo Solar &#8211; Conhe\u00e7a mais sobre esse terceiro chakra\",\"datePublished\":\"2017-04-03T20:50:04+00:00\",\"dateModified\":\"2021-08-24T14:36:42+00:00\",\"mainEntityOfPage\":{\"@id\":\"https:\\\/\\\/www.iquilibrio.com\\\/blog\\\/espiritualidade\\\/chakras\\\/chakra-plexo-solar\\\/\"},\"wordCount\":793,\"commentCount\":0,\"publisher\":{\"@id\":\"https:\\\/\\\/www.iquilibrio.com\\\/blog\\\/#organization\"},\"image\":{\"@id\":\"https:\\\/\\\/www.iquilibrio.com\\\/blog\\\/espiritualidade\\\/chakras\\\/chakra-plexo-solar\\\/#primaryimage\"},\"thumbnailUrl\":\"https:\\\/\\\/www.iquilibrio.com\\\/blog\\\/wp-content\\\/uploads\\\/2017\\\/04\\\/chakra-plexo-solar-2.jpg\",\"keywords\":[\"chakra plexo solar\"],\"articleSection\":[\"Chakras\"],\"inLanguage\":\"pt-BR\"},{\"@type\":\"WebPage\",\"@id\":\"https:\\\/\\\/www.iquilibrio.com\\\/blog\\\/espiritualidade\\\/chakras\\\/chakra-plexo-solar\\\/\",\"url\":\"https:\\\/\\\/www.iquilibrio.com\\\/blog\\\/espiritualidade\\\/chakras\\\/chakra-plexo-solar\\\/\",\"name\":\"Chakra Plexo Solar - Saiba tudo sobre o Terceiro Chakra | iQuilibrio\",\"isPartOf\":{\"@id\":\"https:\\\/\\\/www.iquilibrio.com\\\/blog\\\/#website\"},\"primaryImageOfPage\":{\"@id\":\"https:\\\/\\\/www.iquilibrio.com\\\/blog\\\/espiritualidade\\\/chakras\\\/chakra-plexo-solar\\\/#primaryimage\"},\"image\":{\"@id\":\"https:\\\/\\\/www.iquilibrio.com\\\/blog\\\/espiritualidade\\\/chakras\\\/chakra-plexo-solar\\\/#primaryimage\"},\"thumbnailUrl\":\"https:\\\/\\\/www.iquilibrio.com\\\/blog\\\/wp-content\\\/uploads\\\/2017\\\/04\\\/chakra-plexo-solar-2.jpg\",\"datePublished\":\"2017-04-03T20:50:04+00:00\",\"dateModified\":\"2021-08-24T14:36:42+00:00\",\"description\":\"O Chakra Plexo Solar, quando equilibrado, possibilita um melhor envolvimento e entendimento da sua vida. Saiba como alinhar o Terceiro Chakra!\",\"breadcrumb\":{\"@id\":\"https:\\\/\\\/www.iquilibrio.com\\\/blog\\\/espiritualidade\\\/chakras\\\/chakra-plexo-solar\\\/#breadcrumb\"},\"inLanguage\":\"pt-BR\",\"potentialAction\":[{\"@type\":\"ReadAction\",\"target\":[\"https:\\\/\\\/www.iquilibrio.com\\\/blog\\\/espiritualidade\\\/chakras\\\/chakra-plexo-solar\\\/\"]}]},{\"@type\":\"ImageObject\",\"inLanguage\":\"pt-BR\",\"@id\":\"https:\\\/\\\/www.iquilibrio.com\\\/blog\\\/espiritualidade\\\/chakras\\\/chakra-plexo-solar\\\/#primaryimage\",\"url\":\"https:\\\/\\\/www.iquilibrio.com\\\/blog\\\/wp-content\\\/uploads\\\/2017\\\/04\\\/chakra-plexo-solar-2.jpg\",\"contentUrl\":\"https:\\\/\\\/www.iquilibrio.com\\\/blog\\\/wp-content\\\/uploads\\\/2017\\\/04\\\/chakra-plexo-solar-2.jpg\",\"width\":900,\"height\":560},{\"@type\":\"BreadcrumbList\",\"@id\":\"https:\\\/\\\/www.iquilibrio.com\\\/blog\\\/espiritualidade\\\/chakras\\\/chakra-plexo-solar\\\/#breadcrumb\",\"itemListElement\":[{\"@type\":\"ListItem\",\"position\":1,\"name\":\"In\u00edcio\",\"item\":\"https:\\\/\\\/www.iquilibrio.com\\\/blog\\\/\"},{\"@type\":\"ListItem\",\"position\":2,\"name\":\"Plexo Solar &#8211; Conhe\u00e7a mais sobre esse terceiro chakra\"}]},{\"@type\":\"WebSite\",\"@id\":\"https:\\\/\\\/www.iquilibrio.com\\\/blog\\\/#website\",\"url\":\"https:\\\/\\\/www.iquilibrio.com\\\/blog\\\/\",\"name\":\"iQuilibrio\",\"description\":\"Blog iQuilibrio\",\"publisher\":{\"@id\":\"https:\\\/\\\/www.iquilibrio.com\\\/blog\\\/#organization\"},\"potentialAction\":[{\"@type\":\"SearchAction\",\"target\":{\"@type\":\"EntryPoint\",\"urlTemplate\":\"https:\\\/\\\/www.iquilibrio.com\\\/blog\\\/?s={search_term_string}\"},\"query-input\":{\"@type\":\"PropertyValueSpecification\",\"valueRequired\":true,\"valueName\":\"search_term_string\"}}],\"inLanguage\":\"pt-BR\"},{\"@type\":\"Organization\",\"@id\":\"https:\\\/\\\/www.iquilibrio.com\\\/blog\\\/#organization\",\"name\":\"Esoterismo, Misticismo e Tarot Online - iQuilibrio\",\"url\":\"https:\\\/\\\/www.iquilibrio.com\\\/blog\\\/\",\"logo\":{\"@type\":\"ImageObject\",\"inLanguage\":\"pt-BR\",\"@id\":\"https:\\\/\\\/www.iquilibrio.com\\\/blog\\\/#\\\/schema\\\/logo\\\/image\\\/\",\"url\":\"https:\\\/\\\/www.iquilibrio.com\\\/blog\\\/wp-content\\\/uploads\\\/2018\\\/12\\\/iquilibrio_lovo_vetor_preto-retina.png\",\"contentUrl\":\"https:\\\/\\\/www.iquilibrio.com\\\/blog\\\/wp-content\\\/uploads\\\/2018\\\/12\\\/iquilibrio_lovo_vetor_preto-retina.png\",\"width\":972,\"height\":180,\"caption\":\"Esoterismo, Misticismo e Tarot Online - iQuilibrio\"},\"image\":{\"@id\":\"https:\\\/\\\/www.iquilibrio.com\\\/blog\\\/#\\\/schema\\\/logo\\\/image\\\/\"},\"sameAs\":[\"https:\\\/\\\/www.facebook.com\\\/iQuilibrio\\\/\",\"https:\\\/\\\/x.com\\\/iquilibrio\",\"https:\\\/\\\/www.instagram.com\\\/iquilibrio\\\/\",\"https:\\\/\\\/www.linkedin.com\\\/company\\\/iquilibrio\\\/\",\"https:\\\/\\\/br.pinterest.com\\\/iquilibrio1397\\\/\",\"https:\\\/\\\/www.youtube.com\\\/channel\\\/UC175qxd-4Zsi4wzawT5zF2g\"]},{\"@type\":\"Person\",\"@id\":\"https:\\\/\\\/www.iquilibrio.com\\\/blog\\\/#\\\/schema\\\/person\\\/199505a1f0db0d00f022188666c75dca\",\"name\":\"Reda\u00e7\u00e3o iQuilibrio\",\"image\":{\"@type\":\"ImageObject\",\"inLanguage\":\"pt-BR\",\"@id\":\"https:\\\/\\\/www.iquilibrio.com\\\/blog\\\/wp-content\\\/uploads\\\/2021\\\/12\\\/Consulta-por-email-3-150x150.png\",\"url\":\"https:\\\/\\\/www.iquilibrio.com\\\/blog\\\/wp-content\\\/uploads\\\/2021\\\/12\\\/Consulta-por-email-3-150x150.png\",\"contentUrl\":\"https:\\\/\\\/www.iquilibrio.com\\\/blog\\\/wp-content\\\/uploads\\\/2021\\\/12\\\/Consulta-por-email-3-150x150.png\",\"caption\":\"Reda\u00e7\u00e3o iQuilibrio\"},\"description\":\"A equipe de reda\u00e7\u00e3o da iQuilibrio \u00e9 composta pelos mais diversos especialistas e esot\u00e9ricos. Al\u00e9m de dominar a arte de traduzir as energias que o universo emana, nossos redatores sentem imenso prazer em trabalhar com palavras. Boa leitura e um \u00f3timo aprendizado!\",\"url\":\"https:\\\/\\\/www.iquilibrio.com\\\/blog\\\/author\\\/juliana\\\/\"}]}<\/script>\n<!-- \/ Yoast SEO plugin. -->","yoast_head_json":{"title":"Chakra Plexo Solar - Saiba tudo sobre o Terceiro Chakra | iQuilibrio","description":"O Chakra Plexo Solar, quando equilibrado, possibilita um melhor envolvimento e entendimento da sua vida. Saiba como alinhar o Terceiro Chakra!","robots":{"index":"index","follow":"follow","max-snippet":"max-snippet:-1","max-image-preview":"max-image-preview:large","max-video-preview":"max-video-preview:-1"},"canonical":"https:\/\/www.iquilibrio.com\/blog\/espiritualidade\/chakras\/chakra-plexo-solar\/","og_locale":"pt_BR","og_type":"article","og_title":"Chakra Plexo Solar - Saiba tudo sobre o Terceiro Chakra | iQuilibrio","og_description":"O Chakra Plexo Solar, quando equilibrado, possibilita um melhor envolvimento e entendimento da sua vida. Saiba como alinhar o Terceiro Chakra!","og_url":"https:\/\/www.iquilibrio.com\/blog\/espiritualidade\/chakras\/chakra-plexo-solar\/","og_site_name":"iQuilibrio","article_publisher":"https:\/\/www.facebook.com\/iQuilibrio\/","article_published_time":"2017-04-03T20:50:04+00:00","article_modified_time":"2021-08-24T14:36:42+00:00","og_image":[{"width":900,"height":560,"url":"https:\/\/www.iquilibrio.com\/blog\/wp-content\/uploads\/2017\/04\/chakra-plexo-solar-2.jpg","type":"image\/jpeg"}],"author":"Reda\u00e7\u00e3o iQuilibrio","twitter_card":"summary_large_image","twitter_creator":"@iquilibrio","twitter_site":"@iquilibrio","twitter_misc":{"Escrito por":"Reda\u00e7\u00e3o iQuilibrio","Est. tempo de leitura":"4 minutos"},"schema":{"@context":"https:\/\/schema.org","@graph":[{"@type":"Article","@id":"https:\/\/www.iquilibrio.com\/blog\/espiritualidade\/chakras\/chakra-plexo-solar\/#article","isPartOf":{"@id":"https:\/\/www.iquilibrio.com\/blog\/espiritualidade\/chakras\/chakra-plexo-solar\/"},"author":{"name":"Reda\u00e7\u00e3o iQuilibrio","@id":"https:\/\/www.iquilibrio.com\/blog\/#\/schema\/person\/199505a1f0db0d00f022188666c75dca"},"headline":"Plexo Solar &#8211; Conhe\u00e7a mais sobre esse terceiro chakra","datePublished":"2017-04-03T20:50:04+00:00","dateModified":"2021-08-24T14:36:42+00:00","mainEntityOfPage":{"@id":"https:\/\/www.iquilibrio.com\/blog\/espiritualidade\/chakras\/chakra-plexo-solar\/"},"wordCount":793,"commentCount":0,"publisher":{"@id":"https:\/\/www.iquilibrio.com\/blog\/#organization"},"image":{"@id":"https:\/\/www.iquilibrio.com\/blog\/espiritualidade\/chakras\/chakra-plexo-solar\/#primaryimage"},"thumbnailUrl":"https:\/\/www.iquilibrio.com\/blog\/wp-content\/uploads\/2017\/04\/chakra-plexo-solar-2.jpg","keywords":["chakra plexo solar"],"articleSection":["Chakras"],"inLanguage":"pt-BR"},{"@type":"WebPage","@id":"https:\/\/www.iquilibrio.com\/blog\/espiritualidade\/chakras\/chakra-plexo-solar\/","url":"https:\/\/www.iquilibrio.com\/blog\/espiritualidade\/chakras\/chakra-plexo-solar\/","name":"Chakra Plexo Solar - Saiba tudo sobre o Terceiro Chakra | iQuilibrio","isPartOf":{"@id":"https:\/\/www.iquilibrio.com\/blog\/#website"},"primaryImageOfPage":{"@id":"https:\/\/www.iquilibrio.com\/blog\/espiritualidade\/chakras\/chakra-plexo-solar\/#primaryimage"},"image":{"@id":"https:\/\/www.iquilibrio.com\/blog\/espiritualidade\/chakras\/chakra-plexo-solar\/#primaryimage"},"thumbnailUrl":"https:\/\/www.iquilibrio.com\/blog\/wp-content\/uploads\/2017\/04\/chakra-plexo-solar-2.jpg","datePublished":"2017-04-03T20:50:04+00:00","dateModified":"2021-08-24T14:36:42+00:00","description":"O Chakra Plexo Solar, quando equilibrado, possibilita um melhor envolvimento e entendimento da sua vida. Saiba como alinhar o Terceiro Chakra!","breadcrumb":{"@id":"https:\/\/www.iquilibrio.com\/blog\/espiritualidade\/chakras\/chakra-plexo-solar\/#breadcrumb"},"inLanguage":"pt-BR","potentialAction":[{"@type":"ReadAction","target":["https:\/\/www.iquilibrio.com\/blog\/espiritualidade\/chakras\/chakra-plexo-solar\/"]}]},{"@type":"ImageObject","inLanguage":"pt-BR","@id":"https:\/\/www.iquilibrio.com\/blog\/espiritualidade\/chakras\/chakra-plexo-solar\/#primaryimage","url":"https:\/\/www.iquilibrio.com\/blog\/wp-content\/uploads\/2017\/04\/chakra-plexo-solar-2.jpg","contentUrl":"https:\/\/www.iquilibrio.com\/blog\/wp-content\/uploads\/2017\/04\/chakra-plexo-solar-2.jpg","width":900,"height":560},{"@type":"BreadcrumbList","@id":"https:\/\/www.iquilibrio.com\/blog\/espiritualidade\/chakras\/chakra-plexo-solar\/#breadcrumb","itemListElement":[{"@type":"ListItem","position":1,"name":"In\u00edcio","item":"https:\/\/www.iquilibrio.com\/blog\/"},{"@type":"ListItem","position":2,"name":"Plexo Solar &#8211; Conhe\u00e7a mais sobre esse terceiro chakra"}]},{"@type":"WebSite","@id":"https:\/\/www.iquilibrio.com\/blog\/#website","url":"https:\/\/www.iquilibrio.com\/blog\/","name":"iQuilibrio","description":"Blog iQuilibrio","publisher":{"@id":"https:\/\/www.iquilibrio.com\/blog\/#organization"},"potentialAction":[{"@type":"SearchAction","target":{"@type":"EntryPoint","urlTemplate":"https:\/\/www.iquilibrio.com\/blog\/?s={search_term_string}"},"query-input":{"@type":"PropertyValueSpecification","valueRequired":true,"valueName":"search_term_string"}}],"inLanguage":"pt-BR"},{"@type":"Organization","@id":"https:\/\/www.iquilibrio.com\/blog\/#organization","name":"Esoterismo, Misticismo e Tarot Online - iQuilibrio","url":"https:\/\/www.iquilibrio.com\/blog\/","logo":{"@type":"ImageObject","inLanguage":"pt-BR","@id":"https:\/\/www.iquilibrio.com\/blog\/#\/schema\/logo\/image\/","url":"https:\/\/www.iquilibrio.com\/blog\/wp-content\/uploads\/2018\/12\/iquilibrio_lovo_vetor_preto-retina.png","contentUrl":"https:\/\/www.iquilibrio.com\/blog\/wp-content\/uploads\/2018\/12\/iquilibrio_lovo_vetor_preto-retina.png","width":972,"height":180,"caption":"Esoterismo, Misticismo e Tarot Online - iQuilibrio"},"image":{"@id":"https:\/\/www.iquilibrio.com\/blog\/#\/schema\/logo\/image\/"},"sameAs":["https:\/\/www.facebook.com\/iQuilibrio\/","https:\/\/x.com\/iquilibrio","https:\/\/www.instagram.com\/iquilibrio\/","https:\/\/www.linkedin.com\/company\/iquilibrio\/","https:\/\/br.pinterest.com\/iquilibrio1397\/","https:\/\/www.youtube.com\/channel\/UC175qxd-4Zsi4wzawT5zF2g"]},{"@type":"Person","@id":"https:\/\/www.iquilibrio.com\/blog\/#\/schema\/person\/199505a1f0db0d00f022188666c75dca","name":"Reda\u00e7\u00e3o iQuilibrio","image":{"@type":"ImageObject","inLanguage":"pt-BR","@id":"https:\/\/www.iquilibrio.com\/blog\/wp-content\/uploads\/2021\/12\/Consulta-por-email-3-150x150.png","url":"https:\/\/www.iquilibrio.com\/blog\/wp-content\/uploads\/2021\/12\/Consulta-por-email-3-150x150.png","contentUrl":"https:\/\/www.iquilibrio.com\/blog\/wp-content\/uploads\/2021\/12\/Consulta-por-email-3-150x150.png","caption":"Reda\u00e7\u00e3o iQuilibrio"},"description":"A equipe de reda\u00e7\u00e3o da iQuilibrio \u00e9 composta pelos mais diversos especialistas e esot\u00e9ricos. Al\u00e9m de dominar a arte de traduzir as energias que o universo emana, nossos redatores sentem imenso prazer em trabalhar com palavras. Boa leitura e um \u00f3timo aprendizado!","url":"https:\/\/www.iquilibrio.com\/blog\/author\/juliana\/"}]}},"_links":{"self":[{"href":"https:\/\/www.iquilibrio.com\/blog\/wp-json\/wp\/v2\/posts\/4585","targetHints":{"allow":["GET"]}}],"collection":[{"href":"https:\/\/www.iquilibrio.com\/blog\/wp-json\/wp\/v2\/posts"}],"about":[{"href":"https:\/\/www.iquilibrio.com\/blog\/wp-json\/wp\/v2\/types\/post"}],"author":[{"embeddable":true,"href":"https:\/\/www.iquilibrio.com\/blog\/wp-json\/wp\/v2\/users\/20"}],"replies":[{"embeddable":true,"href":"https:\/\/www.iquilibrio.com\/blog\/wp-json\/wp\/v2\/comments?post=4585"}],"version-history":[{"count":4,"href":"https:\/\/www.iquilibrio.com\/blog\/wp-json\/wp\/v2\/posts\/4585\/revisions"}],"predecessor-version":[{"id":23366,"href":"https:\/\/www.iquilibrio.com\/blog\/wp-json\/wp\/v2\/posts\/4585\/revisions\/23366"}],"wp:featuredmedia":[{"embeddable":true,"href":"https:\/\/www.iquilibrio.com\/blog\/wp-json\/wp\/v2\/media\/5393"}],"wp:attachment":[{"href":"https:\/\/www.iquilibrio.com\/blog\/wp-json\/wp\/v2\/media?parent=4585"}],"wp:term":[{"taxonomy":"category","embeddable":true,"href":"https:\/\/www.iquilibrio.com\/blog\/wp-json\/wp\/v2\/categories?post=4585"},{"taxonomy":"post_tag","embeddable":true,"href":"https:\/\/www.iquilibrio.com\/blog\/wp-json\/wp\/v2\/tags?post=4585"}],"curies":[{"name":"wp","href":"https:\/\/api.w.org\/{rel}","templated":true}]}}