{"id":41664,"date":"2025-06-12T14:20:34","date_gmt":"2025-06-12T17:20:34","guid":{"rendered":"https:\/\/www.iquilibrio.com\/blog\/?p=41664"},"modified":"2025-06-05T15:59:03","modified_gmt":"2025-06-05T18:59:03","slug":"numerologia-numero-de-expressao","status":"publish","type":"post","link":"https:\/\/www.iquilibrio.com\/blog\/oraculos\/numerologia\/numerologia-numero-de-expressao\/","title":{"rendered":"N\u00famero de Express\u00e3o: a forma como voc\u00ea interage com o mundo exterior"},"content":{"rendered":"<p><span style=\"font-weight: 400;\">O N\u00famero de Express\u00e3o revela como voc\u00ea se manifesta no mundo e qual seu papel na vida. Diferente do N\u00famero da Alma (que mostra seus desejos internos), ele reflete seus talentos naturais e como os outros te percebem.<\/span><\/p>\n<p><span style=\"font-weight: 400;\">Neste guia completo, voc\u00ea vai descobrir:<\/span><\/p>\n<ul>\n<li style=\"font-weight: 400;\" aria-level=\"1\"><span style=\"font-weight: 400;\">O m\u00e9todo para calcular seu N\u00famero de Express\u00e3o;<\/span><\/li>\n<li style=\"font-weight: 400;\" aria-level=\"1\"><span style=\"font-weight: 400;\">O significado de cada n\u00famero (de 1 a 9, 11 e 22);<\/span><\/li>\n<li style=\"font-weight: 400;\" aria-level=\"1\"><span style=\"font-weight: 400;\">Como equilibrar suas energias para viver seu potencial m\u00e1ximo.<\/span><\/li>\n<\/ul>\n<h2><span style=\"font-weight: 400;\">Como calcular seu N\u00famero de Express\u00e3o<\/span><\/h2>\n<p><span style=\"font-weight: 400;\">Use seu nome completo, exatamente como est\u00e1 na sua certid\u00e3o de nascimento e converta cada letra usando a tabela pitag\u00f3rica:<\/span><\/p>\n<figure id=\"attachment_41650\" aria-describedby=\"caption-attachment-41650\" style=\"width: 683px\" class=\"wp-caption aligncenter\"><img loading=\"lazy\" decoding=\"async\" class=\"size-large wp-image-41650\" src=\"https:\/\/www.iquilibrio.com\/blog\/wp-content\/uploads\/2025\/06\/BLOG-Tabela-pitagorica-iQui-683x1024.webp\" alt=\"\" width=\"683\" height=\"1024\" srcset=\"https:\/\/www.iquilibrio.com\/blog\/wp-content\/uploads\/2025\/06\/BLOG-Tabela-pitagorica-iQui-683x1024.webp 683w, https:\/\/www.iquilibrio.com\/blog\/wp-content\/uploads\/2025\/06\/BLOG-Tabela-pitagorica-iQui-200x300.webp 200w, https:\/\/www.iquilibrio.com\/blog\/wp-content\/uploads\/2025\/06\/BLOG-Tabela-pitagorica-iQui-696x1044.webp 696w, https:\/\/www.iquilibrio.com\/blog\/wp-content\/uploads\/2025\/06\/BLOG-Tabela-pitagorica-iQui-280x420.webp 280w, https:\/\/www.iquilibrio.com\/blog\/wp-content\/uploads\/2025\/06\/BLOG-Tabela-pitagorica-iQui-scaled.webp 712w\" sizes=\"auto, (max-width: 683px) 100vw, 683px\" \/><figcaption id=\"caption-attachment-41650\" class=\"wp-caption-text\">Tabela pitag\u00f3rica | numerologia<\/figcaption><\/figure>\n<p><span style=\"font-weight: 400;\">Some todos os valores at\u00e9 obter um d\u00edgito (exceto quando a soma resultar em 11 ou 22)<\/span><\/p>\n<p><i><span style=\"font-weight: 400;\">Exemplo pr\u00e1tico: Maria Fernandes \u2192<\/span><\/i><\/p>\n<p><i><span style=\"font-weight: 400;\">M (4) + A (1) + R (9) + I (9) + A (1) + F (6) + E (5) + R (9) + N (5) + A (1) + N (5) + D (4) + E (5) + S (1) = 65 \u2192 6 + 5 = 11<\/span><\/i><\/p>\n<p><span style=\"font-weight: 400;\">Vamos descobrir o que cada n\u00famero significa?<\/span><\/p>\n<h2><span style=\"font-weight: 400;\">Significado completo de cada n\u00famero<\/span><\/h2>\n<p><span style=\"font-weight: 400;\">Esse ponto no Mapa Numerol\u00f3gico vem revelar como os outros percebem voc\u00ea, ent\u00e3o \u00e9 normal nem sempre se reconhecer. Reflita sobre o que costumam falar a seu respeito, \u00e9 prov\u00e1vel que os coment\u00e1rios estejam relacionados ao significado do seu N\u00famero de Express\u00e3o.<\/span><\/p>\n<h3><img loading=\"lazy\" decoding=\"async\" class=\"aligncenter size-large wp-image-41670\" src=\"https:\/\/www.iquilibrio.com\/blog\/wp-content\/uploads\/2025\/06\/Expressao-1.webp\" alt=\"\" width=\"450\" height=\"150\" srcset=\"https:\/\/www.iquilibrio.com\/blog\/wp-content\/uploads\/2025\/06\/Expressao-1.webp 450w, https:\/\/www.iquilibrio.com\/blog\/wp-content\/uploads\/2025\/06\/Expressao-1-300x100.webp 300w\" sizes=\"auto, (max-width: 450px) 100vw, 450px\" \/><\/h3>\n<h3><span style=\"font-weight: 400;\">1: o l\u00edder pioneiro<\/span><\/h3>\n<p><span style=\"font-weight: 400;\">De esp\u00edrito ousado e mente vision\u00e1ria, o l\u00edder pioneiro nasce com a miss\u00e3o de inspirar independ\u00eancia e originalidade. Seu caminho \u00e9 marcado pela iniciativa, coragem e uma natural capacidade de comando. Por\u00e9m, esse mesmo impulso pode lev\u00e1-lo a desafios como o ego\u00edsmo e o autoritarismo. Encontra realiza\u00e7\u00e3o em \u00e1reas onde pode exercer lideran\u00e7a e abrir caminhos, como no empreendedorismo e em cargos de gest\u00e3o.<\/span><\/p>\n<ul>\n<li><span style=\"font-weight: 400;\">Miss\u00e3o: inspirar independ\u00eancia e originalidade.<\/span><\/li>\n<li><span style=\"font-weight: 400;\">Dons: iniciativa, coragem e capacidade de comando.<\/span><\/li>\n<li><span style=\"font-weight: 400;\">Desafios: ego\u00edsmo e autoritarismo.<\/span><\/li>\n<li><span style=\"font-weight: 400;\">Carreiras ideais: empreendedorismo, cargos de lideran\u00e7a.<\/span><\/li>\n<\/ul>\n<h3><img loading=\"lazy\" decoding=\"async\" class=\"aligncenter size-large wp-image-41671\" src=\"https:\/\/www.iquilibrio.com\/blog\/wp-content\/uploads\/2025\/06\/Expressao-2.webp\" alt=\"\" width=\"450\" height=\"150\" srcset=\"https:\/\/www.iquilibrio.com\/blog\/wp-content\/uploads\/2025\/06\/Expressao-2.webp 450w, https:\/\/www.iquilibrio.com\/blog\/wp-content\/uploads\/2025\/06\/Expressao-2-300x100.webp 300w\" sizes=\"auto, (max-width: 450px) 100vw, 450px\" \/><\/h3>\n<h3><span style=\"font-weight: 400;\">2: o diplomata<\/span><\/h3>\n<p><span style=\"font-weight: 400;\">Com uma presen\u00e7a suave e conciliadora, o diplomata veio ao mundo para criar harmonia nos grupos que integra. Seu dom est\u00e1 na paci\u00eancia, na coopera\u00e7\u00e3o e na sensibilidade \u00e0s necessidades alheias. Ainda assim, precisa cuidar para n\u00e3o se perder na indecis\u00e3o ou na depend\u00eancia emocional. Brilha em carreiras que envolvem media\u00e7\u00e3o de conflitos e rela\u00e7\u00f5es humanas, como recursos humanos e trabalhos sociais.<\/span><\/p>\n<ul>\n<li><span style=\"font-weight: 400;\">Miss\u00e3o: criar harmonia em grupos.<\/span><\/li>\n<li><span style=\"font-weight: 400;\">Dons: paci\u00eancia, coopera\u00e7\u00e3o e sensibilidade.<\/span><\/li>\n<li><span style=\"font-weight: 400;\">Desafios: indecis\u00e3o e depend\u00eancia emocional.<\/span><\/li>\n<li><span style=\"font-weight: 400;\">Carreiras ideais: media\u00e7\u00e3o, recursos humanos.<\/span><\/li>\n<\/ul>\n<p><img loading=\"lazy\" decoding=\"async\" class=\"aligncenter size-full wp-image-41665\" src=\"https:\/\/www.iquilibrio.com\/blog\/wp-content\/uploads\/2025\/06\/Expressao-3.webp\" alt=\"\" width=\"450\" height=\"150\" srcset=\"https:\/\/www.iquilibrio.com\/blog\/wp-content\/uploads\/2025\/06\/Expressao-3.webp 450w, https:\/\/www.iquilibrio.com\/blog\/wp-content\/uploads\/2025\/06\/Expressao-3-300x100.webp 300w\" sizes=\"auto, (max-width: 450px) 100vw, 450px\" \/><\/p>\n<h3><span style=\"font-weight: 400;\">3: o comunicador<\/span><\/h3>\n<p><span style=\"font-weight: 400;\">Dotado de carisma e criatividade, o comunicador tem como miss\u00e3o espalhar alegria e entusiasmo por onde passa. Seu otimismo, talento art\u00edstico e sociabilidade fazem dele uma presen\u00e7a marcante. Contudo, deve ter aten\u00e7\u00e3o \u00e0 tend\u00eancia \u00e0 superficialidade e \u00e0 dispers\u00e3o de foco. Encontra seu lugar no mundo das artes, do marketing e da educa\u00e7\u00e3o.<\/span><\/p>\n<ul>\n<li><span style=\"font-weight: 400;\">Miss\u00e3o: espalhar alegria atrav\u00e9s da criatividade.<\/span><\/li>\n<li><span style=\"font-weight: 400;\">Dons: otimismo, talento art\u00edstico e sociabilidade.<\/span><\/li>\n<li><span style=\"font-weight: 400;\">Desafios: superficialidade e dispers\u00e3o.<\/span><\/li>\n<li><span style=\"font-weight: 400;\">Carreiras ideais: artes, marketing, ensino.<\/span><\/li>\n<\/ul>\n<p><img loading=\"lazy\" decoding=\"async\" class=\"aligncenter size-large wp-image-41666\" src=\"https:\/\/www.iquilibrio.com\/blog\/wp-content\/uploads\/2025\/06\/Expressao-4.webp\" alt=\"\" width=\"450\" height=\"150\" srcset=\"https:\/\/www.iquilibrio.com\/blog\/wp-content\/uploads\/2025\/06\/Expressao-4.webp 450w, https:\/\/www.iquilibrio.com\/blog\/wp-content\/uploads\/2025\/06\/Expressao-4-300x100.webp 300w\" sizes=\"auto, (max-width: 450px) 100vw, 450px\" \/><\/p>\n<h3><span style=\"font-weight: 400;\">4: o arquiteto da vida<\/span><\/h3>\n<p><span style=\"font-weight: 400;\">Pragm\u00e1tico e determinado, o arquiteto da vida se dedica a construir estruturas s\u00f3lidas \u2014 tanto para si quanto para os outros. Sua for\u00e7a est\u00e1 na organiza\u00e7\u00e3o, na disciplina e na habilidade de planejar com precis\u00e3o. Em contrapartida, pode se tornar r\u00edgido e resistente a mudan\u00e7as. Sua voca\u00e7\u00e3o o chama para \u00e1reas como engenharia, administra\u00e7\u00e3o e contabilidade.<\/span><\/p>\n<ul>\n<li><span style=\"font-weight: 400;\">Miss\u00e3o: construir bases s\u00f3lidas para si e para os outros.<\/span><\/li>\n<li><span style=\"font-weight: 400;\">Dons: organiza\u00e7\u00e3o, disciplina e capacidade de planejamento.<\/span><\/li>\n<li><span style=\"font-weight: 400;\">Desafios: rigidez excessiva e resist\u00eancia a mudan\u00e7as.<\/span><\/li>\n<li><span style=\"font-weight: 400;\">Carreiras ideais: engenharia, administra\u00e7\u00e3o, contabilidade.<\/span><\/li>\n<\/ul>\n<p><img loading=\"lazy\" decoding=\"async\" class=\"aligncenter size-large wp-image-41672\" src=\"https:\/\/www.iquilibrio.com\/blog\/wp-content\/uploads\/2025\/06\/Expressao-5.webp\" alt=\"\" width=\"450\" height=\"150\" srcset=\"https:\/\/www.iquilibrio.com\/blog\/wp-content\/uploads\/2025\/06\/Expressao-5.webp 450w, https:\/\/www.iquilibrio.com\/blog\/wp-content\/uploads\/2025\/06\/Expressao-5-300x100.webp 300w\" sizes=\"auto, (max-width: 450px) 100vw, 450px\" \/><\/p>\n<h3><span style=\"font-weight: 400;\">5: o agente da liberdade<\/span><\/h3>\n<p><span style=\"font-weight: 400;\">Espont\u00e2neo e inquieto, o agente da liberdade sente-se chamado a romper limites e promover transforma\u00e7\u00f5es. Com grande adaptabilidade, curiosidade e talento para a comunica\u00e7\u00e3o, \u00e9 um esp\u00edrito livre que precisa cuidar da impulsividade e da dificuldade em se comprometer. Brilha em campos como jornalismo, turismo e rela\u00e7\u00f5es internacionais.<\/span><\/p>\n<ul>\n<li><span style=\"font-weight: 400;\">Miss\u00e3o: romper limites e promover transforma\u00e7\u00f5es.<\/span><\/li>\n<li><span style=\"font-weight: 400;\">Dons: adaptabilidade, curiosidade e comunica\u00e7\u00e3o.<\/span><\/li>\n<li><span style=\"font-weight: 400;\">Desafios: impulsividade e dificuldade de compromisso.<\/span><\/li>\n<li><span style=\"font-weight: 400;\">Carreiras ideais: jornalismo, turismo, rela\u00e7\u00f5es internacionais.<\/span><\/li>\n<\/ul>\n<h3><img loading=\"lazy\" decoding=\"async\" class=\"aligncenter size-large wp-image-41673\" src=\"https:\/\/www.iquilibrio.com\/blog\/wp-content\/uploads\/2025\/06\/Expressao-6.webp\" alt=\"\" width=\"450\" height=\"150\" srcset=\"https:\/\/www.iquilibrio.com\/blog\/wp-content\/uploads\/2025\/06\/Expressao-6.webp 450w, https:\/\/www.iquilibrio.com\/blog\/wp-content\/uploads\/2025\/06\/Expressao-6-300x100.webp 300w\" sizes=\"auto, (max-width: 450px) 100vw, 450px\" \/><\/h3>\n<h3><span style=\"font-weight: 400;\">6: o curador<\/span><\/h3>\n<p><span style=\"font-weight: 400;\">Com alma acolhedora e refinado senso est\u00e9tico, o curador veio para nutrir e harmonizar rela\u00e7\u00f5es humanas. Seu cora\u00e7\u00e3o \u00e9 movido pela compaix\u00e3o, pelo senso de justi\u00e7a e por uma sensibilidade art\u00edstica. Seus desafios envolvem lidar com a possessividade e a tend\u00eancia \u00e0 autoanula\u00e7\u00e3o. Encontrar\u00e1 plenitude em \u00e1reas como medicina, psicologia e design de interiores.<\/span><span style=\"font-weight: 400;\"><br \/>\n<\/span><\/p>\n<ul>\n<li><span style=\"font-weight: 400;\">Miss\u00e3o: nutrir e harmonizar rela\u00e7\u00f5es.<\/span><\/li>\n<li><span style=\"font-weight: 400;\">Dons: compaix\u00e3o, senso de justi\u00e7a e talento art\u00edstico.<\/span><\/li>\n<li><span style=\"font-weight: 400;\">Desafios: possessividade e autoanula\u00e7\u00e3o.<\/span><\/li>\n<li><span style=\"font-weight: 400;\">Carreiras ideais: medicina, psicologia, design de interiores.<\/span><\/li>\n<\/ul>\n<h3><img loading=\"lazy\" decoding=\"async\" class=\"aligncenter size-large wp-image-41674\" src=\"https:\/\/www.iquilibrio.com\/blog\/wp-content\/uploads\/2025\/06\/Expressao-7.webp\" alt=\"\" width=\"450\" height=\"150\" srcset=\"https:\/\/www.iquilibrio.com\/blog\/wp-content\/uploads\/2025\/06\/Expressao-7.webp 450w, https:\/\/www.iquilibrio.com\/blog\/wp-content\/uploads\/2025\/06\/Expressao-7-300x100.webp 300w\" sizes=\"auto, (max-width: 450px) 100vw, 450px\" \/><\/h3>\n<h3><span style=\"font-weight: 400;\">7: o s\u00e1bio<\/span><\/h3>\n<p><span style=\"font-weight: 400;\">Introspectivo e profundo, o s\u00e1bio carrega consigo a miss\u00e3o de buscar e compartilhar conhecimento com o mundo. \u00c9 guiado pela intui\u00e7\u00e3o, pelo racioc\u00ednio anal\u00edtico e por uma inclina\u00e7\u00e3o espiritual. No entanto, pode se isolar ou cair no ceticismo excessivo. Sua sabedoria floresce em caminhos como a pesquisa cient\u00edfica, a filosofia e a astrologia.<\/span><\/p>\n<ul>\n<li><span style=\"font-weight: 400;\">Miss\u00e3o: buscar e compartilhar conhecimento profundo.<\/span><\/li>\n<li><span style=\"font-weight: 400;\">Dons: intui\u00e7\u00e3o, capacidade anal\u00edtica e espiritualidade.<\/span><\/li>\n<li><span style=\"font-weight: 400;\">Desafios: isolamento e ceticismo excessivo.<\/span><\/li>\n<li><span style=\"font-weight: 400;\">Carreiras ideais: pesquisa cient\u00edfica, filosofia, astrologia.<\/span><\/li>\n<\/ul>\n<h3><span style=\"font-weight: 400;\"><img loading=\"lazy\" decoding=\"async\" class=\"aligncenter size-large wp-image-41675\" src=\"https:\/\/www.iquilibrio.com\/blog\/wp-content\/uploads\/2025\/06\/Expressao-8.webp\" alt=\"\" width=\"450\" height=\"150\" srcset=\"https:\/\/www.iquilibrio.com\/blog\/wp-content\/uploads\/2025\/06\/Expressao-8.webp 450w, https:\/\/www.iquilibrio.com\/blog\/wp-content\/uploads\/2025\/06\/Expressao-8-300x100.webp 300w\" sizes=\"auto, (max-width: 450px) 100vw, 450px\" \/>8: o estrategista<\/span><\/h3>\n<p><span style=\"font-weight: 400;\">Focado e ambicioso, o estrategista veio para manifestar prosperidade e poder de forma sustent\u00e1vel. Dotado de vis\u00e3o empresarial, capacidade de gest\u00e3o e esp\u00edrito de lideran\u00e7a, tem talento natural para administrar grandes estruturas. Precisa, por\u00e9m, manter o equil\u00edbrio para n\u00e3o se perder no materialismo ou no autoritarismo. Seu sucesso est\u00e1 em \u00e1reas como finan\u00e7as, direito e altos cargos executivos.<\/span><\/p>\n<ul>\n<li><span style=\"font-weight: 400;\">Miss\u00e3o: manifestar prosperidade e poder sustent\u00e1vel.<\/span><\/li>\n<li><span style=\"font-weight: 400;\">Dons: vis\u00e3o empresarial, gest\u00e3o de recursos e lideran\u00e7a.<\/span><\/li>\n<li><span style=\"font-weight: 400;\">Desafios: materialismo e autoritarismo.<\/span><\/li>\n<li><span style=\"font-weight: 400;\">Carreiras ideais: finan\u00e7as, direito, cargos executivos.<\/span><\/li>\n<\/ul>\n<h3><img loading=\"lazy\" decoding=\"async\" class=\"aligncenter size-large wp-image-41667\" src=\"https:\/\/www.iquilibrio.com\/blog\/wp-content\/uploads\/2025\/06\/Expressao-9.webp\" alt=\"\" width=\"450\" height=\"150\" srcset=\"https:\/\/www.iquilibrio.com\/blog\/wp-content\/uploads\/2025\/06\/Expressao-9.webp 450w, https:\/\/www.iquilibrio.com\/blog\/wp-content\/uploads\/2025\/06\/Expressao-9-300x100.webp 300w\" sizes=\"auto, (max-width: 450px) 100vw, 450px\" \/><\/h3>\n<h3><span style=\"font-weight: 400;\">9: o humanista<\/span><\/h3>\n<p><span style=\"font-weight: 400;\">Inspirado por ideais elevados, o humanista tem como miss\u00e3o servir \u00e0 humanidade com sabedoria e compaix\u00e3o. Seu cora\u00e7\u00e3o aberto, sua criatividade e sua vis\u00e3o global o tornam um agente de transforma\u00e7\u00e3o. No entanto, pode enfrentar desafios como a autossabotagem e a dispers\u00e3o de energia. Brilha em projetos sociais, nas artes e na diplomacia.<\/span><\/p>\n<ul>\n<li><span style=\"font-weight: 400;\">Miss\u00e3o: servir \u00e0 humanidade com sabedoria.<\/span><\/li>\n<li><span style=\"font-weight: 400;\">Dons: empatia, criatividade e vis\u00e3o global.<\/span><\/li>\n<li><span style=\"font-weight: 400;\">Desafios: m\u00e1rtir e dispers\u00e3o de energias.<\/span><\/li>\n<li><span style=\"font-weight: 400;\">Carreiras ideais: trabalho volunt\u00e1rio, artes, diplomacia.<\/span><\/li>\n<\/ul>\n<h2><span style=\"font-weight: 400;\">N\u00fameros mestres: 11 e 22<\/span><\/h2>\n<p><span style=\"font-weight: 400;\">Os n\u00fameros 11 e 22 s\u00e3o chamados de n\u00fameros mestres porque t\u00eam uma energia mais intensa, j\u00e1 que s\u00e3o formados pela repeti\u00e7\u00e3o do mesmo d\u00edgito. Essa repeti\u00e7\u00e3o eleva a vibra\u00e7\u00e3o do n\u00famero, indicando um potencial maior de espiritualidade, intui\u00e7\u00e3o e realiza\u00e7\u00e3o. Por isso, quem carrega esses n\u00fameros costuma ter miss\u00f5es mais desafiadoras \u2014 e tamb\u00e9m mais transformadoras.<\/span><\/p>\n<h3><img loading=\"lazy\" decoding=\"async\" class=\"aligncenter size-large wp-image-41668\" src=\"https:\/\/www.iquilibrio.com\/blog\/wp-content\/uploads\/2025\/06\/Expressao-11.webp\" alt=\"\" width=\"450\" height=\"150\" srcset=\"https:\/\/www.iquilibrio.com\/blog\/wp-content\/uploads\/2025\/06\/Expressao-11.webp 450w, https:\/\/www.iquilibrio.com\/blog\/wp-content\/uploads\/2025\/06\/Expressao-11-300x100.webp 300w\" sizes=\"auto, (max-width: 450px) 100vw, 450px\" \/><\/h3>\n<h3><span style=\"font-weight: 400;\">11: o iluminador<\/span><\/h3>\n<p><span style=\"font-weight: 400;\">Portador de uma sensibilidade al\u00e9m do comum, o iluminador tem como miss\u00e3o despertar consci\u00eancias e inspirar mudan\u00e7as profundas. Seu idealismo e percep\u00e7\u00e3o extra sensorial s\u00e3o seus maiores dons, mas tamb\u00e9m podem gerar ansiedade e perfeccionismo. Tem voca\u00e7\u00e3o para \u00e1reas ligadas ao desenvolvimento humano e espiritual, como o coaching e as artes vision\u00e1rias.<\/span><\/p>\n<ul>\n<li><span style=\"font-weight: 400;\">Miss\u00e3o: inspirar mudan\u00e7as de consci\u00eancia.<\/span><\/li>\n<li><span style=\"font-weight: 400;\">Dons: percep\u00e7\u00e3o extra sensorial e idealismo.<\/span><\/li>\n<li><span style=\"font-weight: 400;\">Desafios: ansiedade e perfeccionismo.<\/span><\/li>\n<li><span style=\"font-weight: 400;\">Carreiras ideais: coaching espiritual, artes vision\u00e1rias.<\/span><\/li>\n<\/ul>\n<p><img loading=\"lazy\" decoding=\"async\" class=\"aligncenter size-large wp-image-41669\" src=\"https:\/\/www.iquilibrio.com\/blog\/wp-content\/uploads\/2025\/06\/Expressao-22.webp\" alt=\"\" width=\"450\" height=\"150\" srcset=\"https:\/\/www.iquilibrio.com\/blog\/wp-content\/uploads\/2025\/06\/Expressao-22.webp 450w, https:\/\/www.iquilibrio.com\/blog\/wp-content\/uploads\/2025\/06\/Expressao-22-300x100.webp 300w\" sizes=\"auto, (max-width: 450px) 100vw, 450px\" \/><\/p>\n<h3><span style=\"font-weight: 400;\">22: o realizador global<\/span><\/h3>\n<p><span style=\"font-weight: 400;\">Com um esp\u00edrito grandioso e capacidade pr\u00e1tica not\u00e1vel, o realizador global veio ao mundo para concretizar projetos de grande impacto. \u00c9 mestre na execu\u00e7\u00e3o em larga escala, mas deve cuidar para n\u00e3o cair na arrog\u00e2ncia ou no excesso de responsabilidades. Sua for\u00e7a se manifesta em \u00e1reas como arquitetura, pol\u00edtica e iniciativas sociais transformadoras.<\/span><\/p>\n<ul>\n<li><span style=\"font-weight: 400;\">Miss\u00e3o: concretizar projetos de impacto mundial.<\/span><\/li>\n<li><span style=\"font-weight: 400;\">Dons: capacidade de execu\u00e7\u00e3o em larga escala.<\/span><\/li>\n<li><span style=\"font-weight: 400;\">Desafios: arrog\u00e2ncia e sobrecarga.<\/span><\/li>\n<li><span style=\"font-weight: 400;\">Carreiras ideais: arquitetura, pol\u00edtica, empreendimentos sociais.<\/span><\/li>\n<\/ul>\n<h2><span style=\"font-weight: 400;\">Como aplicar esse conhecimento<\/span><\/h2>\n<p><span style=\"font-weight: 400;\">Conhecer o n\u00famero de express\u00e3o na numerologia \u00e9 como receber um mapa da pr\u00f3pria ess\u00eancia \u2014 ele revela talentos naturais, desafios recorrentes e o tipo de miss\u00e3o que d\u00e1 sentido \u00e0 nossa jornada.<\/span><\/p>\n<p><span style=\"font-weight: 400;\">Mas, mais do que uma defini\u00e7\u00e3o est\u00e1tica, esse n\u00famero funciona como uma b\u00fassola interna. Aplicar esse conhecimento no dia a dia significa alinhar escolhas, atitudes e at\u00e9 mesmo carreiras com quem voc\u00ea realmente \u00e9. Ele ajuda a tomar decis\u00f5es mais conscientes, a reconhecer padr\u00f5es de comportamento e a desenvolver habilidades que talvez estejam adormecidas.<\/span><\/p>\n<p><span style=\"font-weight: 400;\">Em vez de limitar, a numerologia amplia: mostra caminhos, aponta potencialidades e convida \u00e0 evolu\u00e7\u00e3o pessoal. Ao se conectar com a energia do seu N\u00famero de Express\u00e3o, voc\u00ea n\u00e3o s\u00f3 compreende melhor a si mesmo, como tamb\u00e9m passa a viver com mais prop\u00f3sito e autenticidade.<\/span><\/p>\n<p><span style=\"font-weight: 400;\">Quer se aprofundar ainda mais nessa jornada com uma an\u00e1lise personalizada do seu mapa completo? <\/span><a href=\"https:\/\/www.iquilibrio.com\/consultas\/numerologia\/\"><span style=\"font-weight: 400;\">Fa\u00e7a uma consulta com nossos especialistas em numerologia<\/span><\/a><span style=\"font-weight: 400;\">.<\/span><\/p>\n<p><span style=\"font-weight: 400;\">Leia tamb\u00e9m:\u00a0<\/span><\/p>\n<ul>\n<li style=\"font-weight: 400;\" aria-level=\"1\"><a href=\"https:\/\/www.iquilibrio.com\/blog\/numerologia-numero-da-alma\"><span style=\"font-weight: 400;\">Como calcular seu N\u00famero de Alma e o que ele revela.<\/span><\/a><\/li>\n<li style=\"font-weight: 400;\" aria-level=\"1\"><a href=\"https:\/\/www.iquilibrio.com\/blog\/numerologia\/caminho-de-destino\/\"><span style=\"font-weight: 400;\">O que \u00e9 o Caminho de Destino na numerologia?<\/span><\/a><\/li>\n<li style=\"font-weight: 400;\" aria-level=\"1\"><a href=\"https:\/\/www.astrocentro.com.br\/blog\/numerologia\/como-calcular-numerologia-karmica\/\"><span style=\"font-weight: 400;\">Numerologia K\u00e1rmica: voc\u00ea sabe o que ela representa?<\/span><\/a><\/li>\n<li style=\"font-weight: 400;\" aria-level=\"1\"><a href=\"https:\/\/www.iquilibrio.com\/blog\/numerologia\/pinaculos\/\"><span style=\"font-weight: 400;\">Voc\u00ea conhece os pin\u00e1culos da numerologia? Leia aqui<\/span><\/a><\/li>\n<li style=\"font-weight: 400;\" aria-level=\"1\"><a href=\"https:\/\/www.iquilibrio.com\/blog\/numerologia\/desafios\"><span style=\"font-weight: 400;\">Quais os principais desafios de cada momento da vida e como enfrent\u00e1-los de acordo com a numerologia?<\/span><\/a><\/li>\n<li style=\"font-weight: 400;\" aria-level=\"1\"><a href=\"https:\/\/www.astrocentro.com.br\/blog\/numerologia\/numerologia-astrologia\/\"><span style=\"font-weight: 400;\">Como relacionar numerologia e astrologia?<\/span><\/a><\/li>\n<\/ul>\n<p><a href=\"https:\/\/www.astrocentro.com.br\/blog\/numerologia\/ebook\/\"><span style=\"font-weight: 400;\">Ou ainda conhe\u00e7a e baixe gratuitamente o ebook completo sobre o tema.<\/span><\/a><\/p>\n\n\n<div class=\"kk-star-ratings kksr-auto kksr-align-left kksr-valign-bottom\"\n    data-payload='{&quot;align&quot;:&quot;left&quot;,&quot;id&quot;:&quot;41664&quot;,&quot;slug&quot;:&quot;default&quot;,&quot;valign&quot;:&quot;bottom&quot;,&quot;ignore&quot;:&quot;&quot;,&quot;reference&quot;:&quot;auto&quot;,&quot;class&quot;:&quot;&quot;,&quot;count&quot;:&quot;0&quot;,&quot;legendonly&quot;:&quot;&quot;,&quot;readonly&quot;:&quot;&quot;,&quot;score&quot;:&quot;0&quot;,&quot;starsonly&quot;:&quot;&quot;,&quot;best&quot;:&quot;5&quot;,&quot;gap&quot;:&quot;5&quot;,&quot;greet&quot;:&quot;Rate this post&quot;,&quot;legend&quot;:&quot;0\\\/5 - (0 voto)&quot;,&quot;size&quot;:&quot;24&quot;,&quot;title&quot;:&quot;N\u00famero de Express\u00e3o: a forma como voc\u00ea interage com o mundo exterior&quot;,&quot;width&quot;:&quot;0&quot;,&quot;_legend&quot;:&quot;{score}\\\/{best} - ({count} {votes})&quot;,&quot;font_factor&quot;:&quot;1.25&quot;}'>\n            \n<div class=\"kksr-stars\">\n    \n<div class=\"kksr-stars-inactive\">\n            <div class=\"kksr-star\" data-star=\"1\" style=\"padding-right: 5px\">\n            \n\n<div class=\"kksr-icon\" style=\"width: 24px; height: 24px;\"><\/div>\n        <\/div>\n            <div class=\"kksr-star\" data-star=\"2\" style=\"padding-right: 5px\">\n            \n\n<div class=\"kksr-icon\" style=\"width: 24px; height: 24px;\"><\/div>\n        <\/div>\n            <div class=\"kksr-star\" data-star=\"3\" style=\"padding-right: 5px\">\n            \n\n<div class=\"kksr-icon\" style=\"width: 24px; height: 24px;\"><\/div>\n        <\/div>\n            <div class=\"kksr-star\" data-star=\"4\" style=\"padding-right: 5px\">\n            \n\n<div class=\"kksr-icon\" style=\"width: 24px; height: 24px;\"><\/div>\n        <\/div>\n            <div class=\"kksr-star\" data-star=\"5\" style=\"padding-right: 5px\">\n            \n\n<div class=\"kksr-icon\" style=\"width: 24px; height: 24px;\"><\/div>\n        <\/div>\n    <\/div>\n    \n<div class=\"kksr-stars-active\" style=\"width: 0px;\">\n            <div class=\"kksr-star\" style=\"padding-right: 5px\">\n            \n\n<div class=\"kksr-icon\" style=\"width: 24px; height: 24px;\"><\/div>\n        <\/div>\n            <div class=\"kksr-star\" style=\"padding-right: 5px\">\n            \n\n<div class=\"kksr-icon\" style=\"width: 24px; height: 24px;\"><\/div>\n        <\/div>\n            <div class=\"kksr-star\" style=\"padding-right: 5px\">\n            \n\n<div class=\"kksr-icon\" style=\"width: 24px; height: 24px;\"><\/div>\n        <\/div>\n            <div class=\"kksr-star\" style=\"padding-right: 5px\">\n            \n\n<div class=\"kksr-icon\" style=\"width: 24px; height: 24px;\"><\/div>\n        <\/div>\n            <div class=\"kksr-star\" style=\"padding-right: 5px\">\n            \n\n<div class=\"kksr-icon\" style=\"width: 24px; height: 24px;\"><\/div>\n        <\/div>\n    <\/div>\n<\/div>\n                \n\n<div class=\"kksr-legend\" style=\"font-size: 19.2px;\">\n            <span class=\"kksr-muted\">Rate this post<\/span>\n    <\/div>\n    <\/div>\n","protected":false},"excerpt":{"rendered":"<p>O N\u00famero de Express\u00e3o revela como voc\u00ea se manifesta no mundo e qual seu papel na vida. Diferente do N\u00famero da Alma (que mostra seus desejos internos), ele reflete seus talentos naturais e como os outros te percebem. Neste guia completo, voc\u00ea vai descobrir: O m\u00e9todo para calcular seu N\u00famero de Express\u00e3o; O significado de [&hellip;]<\/p>\n","protected":false},"author":166,"featured_media":39752,"comment_status":"closed","ping_status":"closed","sticky":false,"template":"","format":"standard","meta":{"footnotes":""},"categories":[536],"tags":[],"class_list":["post-41664","post","type-post","status-publish","format-standard","has-post-thumbnail","hentry","category-numerologia"],"yoast_head":"<!-- This site is optimized with the Yoast SEO plugin v27.4 - https:\/\/yoast.com\/product\/yoast-seo-wordpress\/ -->\n<title>N\u00famero de Express\u00e3o: como descobrir seus talentos e habilidades - iQuilibrio<\/title>\n<meta name=\"description\" content=\"Descubra como calcular seu n\u00famero de express\u00e3o e o que ele revela sobre seu prop\u00f3sito. Guia completo com significados principais.\" \/>\n<meta name=\"robots\" content=\"index, follow, max-snippet:-1, max-image-preview:large, max-video-preview:-1\" \/>\n<link rel=\"canonical\" href=\"https:\/\/www.iquilibrio.com\/blog\/oraculos\/numerologia\/numerologia-numero-de-expressao\/\" \/>\n<meta property=\"og:locale\" content=\"pt_BR\" \/>\n<meta property=\"og:type\" content=\"article\" \/>\n<meta property=\"og:title\" content=\"N\u00famero de Express\u00e3o: como descobrir seus talentos e habilidades - iQuilibrio\" \/>\n<meta property=\"og:description\" content=\"Descubra como calcular seu n\u00famero de express\u00e3o e o que ele revela sobre seu prop\u00f3sito. Guia completo com significados principais.\" \/>\n<meta property=\"og:url\" content=\"https:\/\/www.iquilibrio.com\/blog\/oraculos\/numerologia\/numerologia-numero-de-expressao\/\" \/>\n<meta property=\"og:site_name\" content=\"iQuilibrio\" \/>\n<meta property=\"article:publisher\" content=\"https:\/\/www.facebook.com\/iQuilibrio\/\" \/>\n<meta property=\"article:published_time\" content=\"2025-06-12T17:20:34+00:00\" \/>\n<meta property=\"og:image\" content=\"https:\/\/www.iquilibrio.com\/blog\/wp-content\/uploads\/2023\/10\/Numerologia-Ano-2-1.jpg\" \/>\n\t<meta property=\"og:image:width\" content=\"900\" \/>\n\t<meta property=\"og:image:height\" content=\"560\" \/>\n\t<meta property=\"og:image:type\" content=\"image\/jpeg\" \/>\n<meta name=\"author\" content=\"Juliana Almeida Cordeiro\" \/>\n<meta name=\"twitter:card\" content=\"summary_large_image\" \/>\n<meta name=\"twitter:creator\" content=\"@iquilibrio\" \/>\n<meta name=\"twitter:site\" content=\"@iquilibrio\" \/>\n<meta name=\"twitter:label1\" content=\"Escrito por\" \/>\n\t<meta name=\"twitter:data1\" content=\"Juliana Almeida Cordeiro\" \/>\n\t<meta name=\"twitter:label2\" content=\"Est. tempo de leitura\" \/>\n\t<meta name=\"twitter:data2\" content=\"11 minutos\" \/>\n<script type=\"application\/ld+json\" class=\"yoast-schema-graph\">{\"@context\":\"https:\\\/\\\/schema.org\",\"@graph\":[{\"@type\":\"Article\",\"@id\":\"https:\\\/\\\/www.iquilibrio.com\\\/blog\\\/oraculos\\\/numerologia\\\/numerologia-numero-de-expressao\\\/#article\",\"isPartOf\":{\"@id\":\"https:\\\/\\\/www.iquilibrio.com\\\/blog\\\/oraculos\\\/numerologia\\\/numerologia-numero-de-expressao\\\/\"},\"author\":{\"name\":\"Juliana Almeida Cordeiro\",\"@id\":\"https:\\\/\\\/www.iquilibrio.com\\\/blog\\\/#\\\/schema\\\/person\\\/d2f074e5b1b29087bc21673b609b4199\"},\"headline\":\"N\u00famero de Express\u00e3o: a forma como voc\u00ea interage com o mundo exterior\",\"datePublished\":\"2025-06-12T17:20:34+00:00\",\"mainEntityOfPage\":{\"@id\":\"https:\\\/\\\/www.iquilibrio.com\\\/blog\\\/oraculos\\\/numerologia\\\/numerologia-numero-de-expressao\\\/\"},\"wordCount\":1569,\"publisher\":{\"@id\":\"https:\\\/\\\/www.iquilibrio.com\\\/blog\\\/#organization\"},\"image\":{\"@id\":\"https:\\\/\\\/www.iquilibrio.com\\\/blog\\\/oraculos\\\/numerologia\\\/numerologia-numero-de-expressao\\\/#primaryimage\"},\"thumbnailUrl\":\"https:\\\/\\\/www.iquilibrio.com\\\/blog\\\/wp-content\\\/uploads\\\/2023\\\/10\\\/Numerologia-Ano-2-1.jpg\",\"articleSection\":[\"Numerologia\"],\"inLanguage\":\"pt-BR\"},{\"@type\":\"WebPage\",\"@id\":\"https:\\\/\\\/www.iquilibrio.com\\\/blog\\\/oraculos\\\/numerologia\\\/numerologia-numero-de-expressao\\\/\",\"url\":\"https:\\\/\\\/www.iquilibrio.com\\\/blog\\\/oraculos\\\/numerologia\\\/numerologia-numero-de-expressao\\\/\",\"name\":\"N\u00famero de Express\u00e3o: como descobrir seus talentos e habilidades - iQuilibrio\",\"isPartOf\":{\"@id\":\"https:\\\/\\\/www.iquilibrio.com\\\/blog\\\/#website\"},\"primaryImageOfPage\":{\"@id\":\"https:\\\/\\\/www.iquilibrio.com\\\/blog\\\/oraculos\\\/numerologia\\\/numerologia-numero-de-expressao\\\/#primaryimage\"},\"image\":{\"@id\":\"https:\\\/\\\/www.iquilibrio.com\\\/blog\\\/oraculos\\\/numerologia\\\/numerologia-numero-de-expressao\\\/#primaryimage\"},\"thumbnailUrl\":\"https:\\\/\\\/www.iquilibrio.com\\\/blog\\\/wp-content\\\/uploads\\\/2023\\\/10\\\/Numerologia-Ano-2-1.jpg\",\"datePublished\":\"2025-06-12T17:20:34+00:00\",\"description\":\"Descubra como calcular seu n\u00famero de express\u00e3o e o que ele revela sobre seu prop\u00f3sito. Guia completo com significados principais.\",\"breadcrumb\":{\"@id\":\"https:\\\/\\\/www.iquilibrio.com\\\/blog\\\/oraculos\\\/numerologia\\\/numerologia-numero-de-expressao\\\/#breadcrumb\"},\"inLanguage\":\"pt-BR\",\"potentialAction\":[{\"@type\":\"ReadAction\",\"target\":[\"https:\\\/\\\/www.iquilibrio.com\\\/blog\\\/oraculos\\\/numerologia\\\/numerologia-numero-de-expressao\\\/\"]}]},{\"@type\":\"ImageObject\",\"inLanguage\":\"pt-BR\",\"@id\":\"https:\\\/\\\/www.iquilibrio.com\\\/blog\\\/oraculos\\\/numerologia\\\/numerologia-numero-de-expressao\\\/#primaryimage\",\"url\":\"https:\\\/\\\/www.iquilibrio.com\\\/blog\\\/wp-content\\\/uploads\\\/2023\\\/10\\\/Numerologia-Ano-2-1.jpg\",\"contentUrl\":\"https:\\\/\\\/www.iquilibrio.com\\\/blog\\\/wp-content\\\/uploads\\\/2023\\\/10\\\/Numerologia-Ano-2-1.jpg\",\"width\":900,\"height\":560,\"caption\":\"Numerologia Ano\"},{\"@type\":\"BreadcrumbList\",\"@id\":\"https:\\\/\\\/www.iquilibrio.com\\\/blog\\\/oraculos\\\/numerologia\\\/numerologia-numero-de-expressao\\\/#breadcrumb\",\"itemListElement\":[{\"@type\":\"ListItem\",\"position\":1,\"name\":\"In\u00edcio\",\"item\":\"https:\\\/\\\/www.iquilibrio.com\\\/blog\\\/\"},{\"@type\":\"ListItem\",\"position\":2,\"name\":\"N\u00famero de Express\u00e3o: a forma como voc\u00ea interage com o mundo exterior\"}]},{\"@type\":\"WebSite\",\"@id\":\"https:\\\/\\\/www.iquilibrio.com\\\/blog\\\/#website\",\"url\":\"https:\\\/\\\/www.iquilibrio.com\\\/blog\\\/\",\"name\":\"iQuilibrio\",\"description\":\"Blog iQuilibrio\",\"publisher\":{\"@id\":\"https:\\\/\\\/www.iquilibrio.com\\\/blog\\\/#organization\"},\"potentialAction\":[{\"@type\":\"SearchAction\",\"target\":{\"@type\":\"EntryPoint\",\"urlTemplate\":\"https:\\\/\\\/www.iquilibrio.com\\\/blog\\\/?s={search_term_string}\"},\"query-input\":{\"@type\":\"PropertyValueSpecification\",\"valueRequired\":true,\"valueName\":\"search_term_string\"}}],\"inLanguage\":\"pt-BR\"},{\"@type\":\"Organization\",\"@id\":\"https:\\\/\\\/www.iquilibrio.com\\\/blog\\\/#organization\",\"name\":\"Esoterismo, Misticismo e Tarot Online - iQuilibrio\",\"url\":\"https:\\\/\\\/www.iquilibrio.com\\\/blog\\\/\",\"logo\":{\"@type\":\"ImageObject\",\"inLanguage\":\"pt-BR\",\"@id\":\"https:\\\/\\\/www.iquilibrio.com\\\/blog\\\/#\\\/schema\\\/logo\\\/image\\\/\",\"url\":\"https:\\\/\\\/www.iquilibrio.com\\\/blog\\\/wp-content\\\/uploads\\\/2018\\\/12\\\/iquilibrio_lovo_vetor_preto-retina.png\",\"contentUrl\":\"https:\\\/\\\/www.iquilibrio.com\\\/blog\\\/wp-content\\\/uploads\\\/2018\\\/12\\\/iquilibrio_lovo_vetor_preto-retina.png\",\"width\":972,\"height\":180,\"caption\":\"Esoterismo, Misticismo e Tarot Online - iQuilibrio\"},\"image\":{\"@id\":\"https:\\\/\\\/www.iquilibrio.com\\\/blog\\\/#\\\/schema\\\/logo\\\/image\\\/\"},\"sameAs\":[\"https:\\\/\\\/www.facebook.com\\\/iQuilibrio\\\/\",\"https:\\\/\\\/x.com\\\/iquilibrio\",\"https:\\\/\\\/www.instagram.com\\\/iquilibrio\\\/\",\"https:\\\/\\\/www.linkedin.com\\\/company\\\/iquilibrio\\\/\",\"https:\\\/\\\/br.pinterest.com\\\/iquilibrio1397\\\/\",\"https:\\\/\\\/www.youtube.com\\\/channel\\\/UC175qxd-4Zsi4wzawT5zF2g\"]},{\"@type\":\"Person\",\"@id\":\"https:\\\/\\\/www.iquilibrio.com\\\/blog\\\/#\\\/schema\\\/person\\\/d2f074e5b1b29087bc21673b609b4199\",\"name\":\"Juliana Almeida Cordeiro\",\"image\":{\"@type\":\"ImageObject\",\"inLanguage\":\"pt-BR\",\"@id\":\"https:\\\/\\\/www.iquilibrio.com\\\/blog\\\/wp-content\\\/uploads\\\/2024\\\/11\\\/IMG_20240925_202319_927-150x150.webp\",\"url\":\"https:\\\/\\\/www.iquilibrio.com\\\/blog\\\/wp-content\\\/uploads\\\/2024\\\/11\\\/IMG_20240925_202319_927-150x150.webp\",\"contentUrl\":\"https:\\\/\\\/www.iquilibrio.com\\\/blog\\\/wp-content\\\/uploads\\\/2024\\\/11\\\/IMG_20240925_202319_927-150x150.webp\",\"caption\":\"Juliana Almeida Cordeiro\"},\"description\":\"Escritora, redatora, leitora \u00e1vida - inclusive de Tarot. Trabalho com as palavras para construir cada vez mais boas hist\u00f3rias, na fic\u00e7\u00e3o, nos blogs e na vida.\",\"sameAs\":[\"https:\\\/\\\/www.instagram.com\\\/leituraslunares\",\"https:\\\/\\\/www.linkedin.com\\\/in\\\/jualmeidacordeiro\\\/\"],\"url\":\"https:\\\/\\\/www.iquilibrio.com\\\/blog\\\/author\\\/juliana-almeida\\\/\"}]}<\/script>\n<!-- \/ Yoast SEO plugin. -->","yoast_head_json":{"title":"N\u00famero de Express\u00e3o: como descobrir seus talentos e habilidades - iQuilibrio","description":"Descubra como calcular seu n\u00famero de express\u00e3o e o que ele revela sobre seu prop\u00f3sito. Guia completo com significados principais.","robots":{"index":"index","follow":"follow","max-snippet":"max-snippet:-1","max-image-preview":"max-image-preview:large","max-video-preview":"max-video-preview:-1"},"canonical":"https:\/\/www.iquilibrio.com\/blog\/oraculos\/numerologia\/numerologia-numero-de-expressao\/","og_locale":"pt_BR","og_type":"article","og_title":"N\u00famero de Express\u00e3o: como descobrir seus talentos e habilidades - iQuilibrio","og_description":"Descubra como calcular seu n\u00famero de express\u00e3o e o que ele revela sobre seu prop\u00f3sito. Guia completo com significados principais.","og_url":"https:\/\/www.iquilibrio.com\/blog\/oraculos\/numerologia\/numerologia-numero-de-expressao\/","og_site_name":"iQuilibrio","article_publisher":"https:\/\/www.facebook.com\/iQuilibrio\/","article_published_time":"2025-06-12T17:20:34+00:00","og_image":[{"width":900,"height":560,"url":"https:\/\/www.iquilibrio.com\/blog\/wp-content\/uploads\/2023\/10\/Numerologia-Ano-2-1.jpg","type":"image\/jpeg"}],"author":"Juliana Almeida Cordeiro","twitter_card":"summary_large_image","twitter_creator":"@iquilibrio","twitter_site":"@iquilibrio","twitter_misc":{"Escrito por":"Juliana Almeida Cordeiro","Est. tempo de leitura":"11 minutos"},"schema":{"@context":"https:\/\/schema.org","@graph":[{"@type":"Article","@id":"https:\/\/www.iquilibrio.com\/blog\/oraculos\/numerologia\/numerologia-numero-de-expressao\/#article","isPartOf":{"@id":"https:\/\/www.iquilibrio.com\/blog\/oraculos\/numerologia\/numerologia-numero-de-expressao\/"},"author":{"name":"Juliana Almeida Cordeiro","@id":"https:\/\/www.iquilibrio.com\/blog\/#\/schema\/person\/d2f074e5b1b29087bc21673b609b4199"},"headline":"N\u00famero de Express\u00e3o: a forma como voc\u00ea interage com o mundo exterior","datePublished":"2025-06-12T17:20:34+00:00","mainEntityOfPage":{"@id":"https:\/\/www.iquilibrio.com\/blog\/oraculos\/numerologia\/numerologia-numero-de-expressao\/"},"wordCount":1569,"publisher":{"@id":"https:\/\/www.iquilibrio.com\/blog\/#organization"},"image":{"@id":"https:\/\/www.iquilibrio.com\/blog\/oraculos\/numerologia\/numerologia-numero-de-expressao\/#primaryimage"},"thumbnailUrl":"https:\/\/www.iquilibrio.com\/blog\/wp-content\/uploads\/2023\/10\/Numerologia-Ano-2-1.jpg","articleSection":["Numerologia"],"inLanguage":"pt-BR"},{"@type":"WebPage","@id":"https:\/\/www.iquilibrio.com\/blog\/oraculos\/numerologia\/numerologia-numero-de-expressao\/","url":"https:\/\/www.iquilibrio.com\/blog\/oraculos\/numerologia\/numerologia-numero-de-expressao\/","name":"N\u00famero de Express\u00e3o: como descobrir seus talentos e habilidades - iQuilibrio","isPartOf":{"@id":"https:\/\/www.iquilibrio.com\/blog\/#website"},"primaryImageOfPage":{"@id":"https:\/\/www.iquilibrio.com\/blog\/oraculos\/numerologia\/numerologia-numero-de-expressao\/#primaryimage"},"image":{"@id":"https:\/\/www.iquilibrio.com\/blog\/oraculos\/numerologia\/numerologia-numero-de-expressao\/#primaryimage"},"thumbnailUrl":"https:\/\/www.iquilibrio.com\/blog\/wp-content\/uploads\/2023\/10\/Numerologia-Ano-2-1.jpg","datePublished":"2025-06-12T17:20:34+00:00","description":"Descubra como calcular seu n\u00famero de express\u00e3o e o que ele revela sobre seu prop\u00f3sito. Guia completo com significados principais.","breadcrumb":{"@id":"https:\/\/www.iquilibrio.com\/blog\/oraculos\/numerologia\/numerologia-numero-de-expressao\/#breadcrumb"},"inLanguage":"pt-BR","potentialAction":[{"@type":"ReadAction","target":["https:\/\/www.iquilibrio.com\/blog\/oraculos\/numerologia\/numerologia-numero-de-expressao\/"]}]},{"@type":"ImageObject","inLanguage":"pt-BR","@id":"https:\/\/www.iquilibrio.com\/blog\/oraculos\/numerologia\/numerologia-numero-de-expressao\/#primaryimage","url":"https:\/\/www.iquilibrio.com\/blog\/wp-content\/uploads\/2023\/10\/Numerologia-Ano-2-1.jpg","contentUrl":"https:\/\/www.iquilibrio.com\/blog\/wp-content\/uploads\/2023\/10\/Numerologia-Ano-2-1.jpg","width":900,"height":560,"caption":"Numerologia Ano"},{"@type":"BreadcrumbList","@id":"https:\/\/www.iquilibrio.com\/blog\/oraculos\/numerologia\/numerologia-numero-de-expressao\/#breadcrumb","itemListElement":[{"@type":"ListItem","position":1,"name":"In\u00edcio","item":"https:\/\/www.iquilibrio.com\/blog\/"},{"@type":"ListItem","position":2,"name":"N\u00famero de Express\u00e3o: a forma como voc\u00ea interage com o mundo exterior"}]},{"@type":"WebSite","@id":"https:\/\/www.iquilibrio.com\/blog\/#website","url":"https:\/\/www.iquilibrio.com\/blog\/","name":"iQuilibrio","description":"Blog iQuilibrio","publisher":{"@id":"https:\/\/www.iquilibrio.com\/blog\/#organization"},"potentialAction":[{"@type":"SearchAction","target":{"@type":"EntryPoint","urlTemplate":"https:\/\/www.iquilibrio.com\/blog\/?s={search_term_string}"},"query-input":{"@type":"PropertyValueSpecification","valueRequired":true,"valueName":"search_term_string"}}],"inLanguage":"pt-BR"},{"@type":"Organization","@id":"https:\/\/www.iquilibrio.com\/blog\/#organization","name":"Esoterismo, Misticismo e Tarot Online - iQuilibrio","url":"https:\/\/www.iquilibrio.com\/blog\/","logo":{"@type":"ImageObject","inLanguage":"pt-BR","@id":"https:\/\/www.iquilibrio.com\/blog\/#\/schema\/logo\/image\/","url":"https:\/\/www.iquilibrio.com\/blog\/wp-content\/uploads\/2018\/12\/iquilibrio_lovo_vetor_preto-retina.png","contentUrl":"https:\/\/www.iquilibrio.com\/blog\/wp-content\/uploads\/2018\/12\/iquilibrio_lovo_vetor_preto-retina.png","width":972,"height":180,"caption":"Esoterismo, Misticismo e Tarot Online - iQuilibrio"},"image":{"@id":"https:\/\/www.iquilibrio.com\/blog\/#\/schema\/logo\/image\/"},"sameAs":["https:\/\/www.facebook.com\/iQuilibrio\/","https:\/\/x.com\/iquilibrio","https:\/\/www.instagram.com\/iquilibrio\/","https:\/\/www.linkedin.com\/company\/iquilibrio\/","https:\/\/br.pinterest.com\/iquilibrio1397\/","https:\/\/www.youtube.com\/channel\/UC175qxd-4Zsi4wzawT5zF2g"]},{"@type":"Person","@id":"https:\/\/www.iquilibrio.com\/blog\/#\/schema\/person\/d2f074e5b1b29087bc21673b609b4199","name":"Juliana Almeida Cordeiro","image":{"@type":"ImageObject","inLanguage":"pt-BR","@id":"https:\/\/www.iquilibrio.com\/blog\/wp-content\/uploads\/2024\/11\/IMG_20240925_202319_927-150x150.webp","url":"https:\/\/www.iquilibrio.com\/blog\/wp-content\/uploads\/2024\/11\/IMG_20240925_202319_927-150x150.webp","contentUrl":"https:\/\/www.iquilibrio.com\/blog\/wp-content\/uploads\/2024\/11\/IMG_20240925_202319_927-150x150.webp","caption":"Juliana Almeida Cordeiro"},"description":"Escritora, redatora, leitora \u00e1vida - inclusive de Tarot. Trabalho com as palavras para construir cada vez mais boas hist\u00f3rias, na fic\u00e7\u00e3o, nos blogs e na vida.","sameAs":["https:\/\/www.instagram.com\/leituraslunares","https:\/\/www.linkedin.com\/in\/jualmeidacordeiro\/"],"url":"https:\/\/www.iquilibrio.com\/blog\/author\/juliana-almeida\/"}]}},"_links":{"self":[{"href":"https:\/\/www.iquilibrio.com\/blog\/wp-json\/wp\/v2\/posts\/41664","targetHints":{"allow":["GET"]}}],"collection":[{"href":"https:\/\/www.iquilibrio.com\/blog\/wp-json\/wp\/v2\/posts"}],"about":[{"href":"https:\/\/www.iquilibrio.com\/blog\/wp-json\/wp\/v2\/types\/post"}],"author":[{"embeddable":true,"href":"https:\/\/www.iquilibrio.com\/blog\/wp-json\/wp\/v2\/users\/166"}],"replies":[{"embeddable":true,"href":"https:\/\/www.iquilibrio.com\/blog\/wp-json\/wp\/v2\/comments?post=41664"}],"version-history":[{"count":2,"href":"https:\/\/www.iquilibrio.com\/blog\/wp-json\/wp\/v2\/posts\/41664\/revisions"}],"predecessor-version":[{"id":41701,"href":"https:\/\/www.iquilibrio.com\/blog\/wp-json\/wp\/v2\/posts\/41664\/revisions\/41701"}],"wp:featuredmedia":[{"embeddable":true,"href":"https:\/\/www.iquilibrio.com\/blog\/wp-json\/wp\/v2\/media\/39752"}],"wp:attachment":[{"href":"https:\/\/www.iquilibrio.com\/blog\/wp-json\/wp\/v2\/media?parent=41664"}],"wp:term":[{"taxonomy":"category","embeddable":true,"href":"https:\/\/www.iquilibrio.com\/blog\/wp-json\/wp\/v2\/categories?post=41664"},{"taxonomy":"post_tag","embeddable":true,"href":"https:\/\/www.iquilibrio.com\/blog\/wp-json\/wp\/v2\/tags?post=41664"}],"curies":[{"name":"wp","href":"https:\/\/api.w.org\/{rel}","templated":true}]}}