{"id":41649,"date":"2025-06-05T14:22:13","date_gmt":"2025-06-05T17:22:13","guid":{"rendered":"https:\/\/www.iquilibrio.com\/blog\/?p=41649"},"modified":"2025-06-11T09:08:33","modified_gmt":"2025-06-11T12:08:33","slug":"numerologia-numero-da-alma","status":"publish","type":"post","link":"https:\/\/www.iquilibrio.com\/blog\/oraculos\/numerologia\/numerologia-numero-da-alma\/","title":{"rendered":"N\u00famero da Alma: o que dizem os n\u00fameros sobre sua ess\u00eancia"},"content":{"rendered":"<p data-start=\"223\" data-end=\"499\">O N\u00famero da Alma revela seus desejos mais profundos, aquilo que realmente te motiva na vida e reflete sua ess\u00eancia mais \u00edntima. Calculado a partir das vogais do seu nome completo na Tabela Pitag\u00f3rica de Numerologia, ele \u00e9 como uma janela para a sua verdadeira personalidade.<\/p>\n<p data-start=\"501\" data-end=\"701\">Quer aprender como calcular o seu N\u00famero da Alma, o significado de cada n\u00famero (de 1 a 9, al\u00e9m dos n\u00fameros-mestres 11 e 22) e como usar esse conhecimento para se conhecer melhor? Continue a leitura!<\/p>\n<h2><span style=\"font-weight: 400;\">Como calcular o N\u00famero da Alma<\/span><\/h2>\n<p data-start=\"747\" data-end=\"848\">Calcular o seu N\u00famero da Alma \u00e9 muito simples (e o resultado pode ser extremamente revelador). Siga estes quatro passos:<\/p>\n<p data-start=\"850\" data-end=\"1070\">1&#xfe0f;&#x20e3; Escreva seu nome completo, exatamente como consta no registro civil.<br data-start=\"922\" data-end=\"925\" \/>2&#xfe0f;&#x20e3; Identifique todas as vogais do nome (A, E, I, O, U).<br data-start=\"981\" data-end=\"984\" \/>3&#xfe0f;&#x20e3; Consulte a Tabela Pitag\u00f3rica de Numerologia para converter cada vogal em n\u00famero:<\/p>\n<ul data-start=\"1071\" data-end=\"1120\">\n<li data-start=\"1071\" data-end=\"1080\">\n<p data-start=\"1073\" data-end=\"1080\">A = 1<\/p>\n<\/li>\n<li data-start=\"1081\" data-end=\"1090\">\n<p data-start=\"1083\" data-end=\"1090\">E = 5<\/p>\n<\/li>\n<li data-start=\"1091\" data-end=\"1100\">\n<p data-start=\"1093\" data-end=\"1100\">I = 9<\/p>\n<\/li>\n<li data-start=\"1101\" data-end=\"1110\">\n<p data-start=\"1103\" data-end=\"1110\">O = 6<\/p>\n<\/li>\n<li data-start=\"1111\" data-end=\"1120\">\n<p data-start=\"1113\" data-end=\"1120\">U = 3<\/p>\n<\/li>\n<\/ul>\n<p data-start=\"1122\" data-end=\"1297\">4&#xfe0f;&#x20e3; Some todos os n\u00fameros. Se o resultado for maior que 9, continue somando at\u00e9 obter um \u00fanico d\u00edgito; exceto se o total for 11 ou 22, que s\u00e3o considerados n\u00fameros-mestres.<\/p>\n<h3><span style=\"font-weight: 400;\">Exemplos pr\u00e1ticos para calcular o N\u00famero da Alma<\/span><\/h3>\n<p>Vamos analisar o nome <strong>Gabriela Martins da Silva<\/strong>.<\/p>\n<p data-start=\"266\" data-end=\"277\"><strong data-start=\"266\" data-end=\"271\">Gabriela: A<\/strong> (1) \/ <strong data-start=\"280\" data-end=\"285\">I<\/strong> (9) \/ <strong data-start=\"294\" data-end=\"299\">E<\/strong> (5) \/ <strong data-start=\"308\" data-end=\"313\">A<\/strong> (1)<br \/>\n<strong data-start=\"322\" data-end=\"327\">Martins: A<\/strong> (1) \/\u00a0<strong data-start=\"336\" data-end=\"341\">I<\/strong> (9)<br \/>\n<strong data-start=\"350\" data-end=\"355\">da: A<\/strong> (1)<br \/>\n<strong data-start=\"364\" data-end=\"369\">Silva: I<\/strong> (9) \/ <strong data-start=\"378\" data-end=\"383\">A<\/strong> (1)<\/p>\n<p data-start=\"375\" data-end=\"485\">Agora somamos todas as vogais:<br data-start=\"405\" data-end=\"408\" \/>1 + 9 + 5 + 1 + 1 + 9 + 1 + 9 + 1 = <strong data-start=\"444\" data-end=\"450\">37<\/strong><br data-start=\"450\" data-end=\"453\" \/>3 + 7 = <strong data-start=\"461\" data-end=\"467\">10<\/strong><br data-start=\"467\" data-end=\"470\" \/>1 + 0 = <strong data-start=\"478\" data-end=\"483\">1<\/strong><\/p>\n<p data-start=\"487\" data-end=\"644\">Portanto, o <strong data-start=\"499\" data-end=\"517\">N\u00famero da Alma<\/strong> de <strong data-start=\"521\" data-end=\"550\">Gabriela Martins da Silva<\/strong> \u00e9 <strong data-start=\"553\" data-end=\"558\">1<\/strong>, representando lideran\u00e7a, independ\u00eancia e coragem para trilhar seu pr\u00f3prio caminho.<\/p>\n<p data-start=\"487\" data-end=\"644\">Mas se o nome fosse <strong>Gabriela Martins Dias da Silva<\/strong>, tudo muda.<\/p>\n<p data-start=\"487\" data-end=\"644\"><strong data-start=\"266\" data-end=\"271\">Gabriela: A<\/strong> (1) \/ <strong data-start=\"280\" data-end=\"285\">I<\/strong> (9) \/ <strong data-start=\"294\" data-end=\"299\">E<\/strong> (5) \/ <strong data-start=\"308\" data-end=\"313\">A<\/strong> (1)<br \/>\n<strong data-start=\"322\" data-end=\"327\">Martins: A<\/strong> (1) \/\u00a0<strong data-start=\"336\" data-end=\"341\">I<\/strong> (9)<br \/>\n<strong>Dias:<\/strong>\u00a0<strong data-start=\"336\" data-end=\"341\">I<\/strong> (9) \/ <strong data-start=\"322\" data-end=\"327\">A<\/strong> (1)<br \/>\n<strong data-start=\"350\" data-end=\"355\">da: A<\/strong> (1)<br \/>\n<strong data-start=\"364\" data-end=\"369\">Silva: I<\/strong> (9) \/ <strong data-start=\"378\" data-end=\"383\">A<\/strong> (1)<\/p>\n<p data-start=\"349\" data-end=\"439\">Agora vamos somar:<br data-start=\"367\" data-end=\"370\" \/>1 + 9 + 5 + 1 + 1 + 9 + 9 + 1 + 1 + 9 + 1 = <strong data-start=\"414\" data-end=\"420\">47<\/strong><br data-start=\"420\" data-end=\"423\" \/>4 + 7 = <strong data-start=\"431\" data-end=\"437\">11<\/strong><\/p>\n<p data-start=\"441\" data-end=\"545\">Portanto, o <strong data-start=\"453\" data-end=\"471\">N\u00famero da Alma<\/strong> de <strong data-start=\"475\" data-end=\"509\">Gabriela Martins Dias da Silva<\/strong> \u00e9 <strong data-start=\"512\" data-end=\"518\">11<\/strong>, que \u00e9 um n\u00famero-mestre. O 11 indica uma alma inspiradora, que tem como miss\u00e3o ajudar a elevar a consci\u00eancia das pessoas. Traz sensibilidade, intui\u00e7\u00e3o forte e potencial para lideran\u00e7a espiritual.<\/p>\n<p data-start=\"487\" data-end=\"644\">Aten\u00e7\u00e3o, n\u00fameros-mestres s\u00e3o mesmo muito raros! Por isso se tornam t\u00e3o importantes.<\/p>\n<p>E aqui abaixo est\u00e1 a <strong data-start=\"4865\" data-end=\"4901\">Tabela Pitag\u00f3rica da Numerologia<\/strong>:<\/p>\n<figure id=\"attachment_41650\" aria-describedby=\"caption-attachment-41650\" style=\"width: 683px\" class=\"wp-caption aligncenter\"><img loading=\"lazy\" decoding=\"async\" class=\"wp-image-41650 size-large\" src=\"https:\/\/www.iquilibrio.com\/blog\/wp-content\/uploads\/2025\/06\/BLOG-Tabela-pitagorica-iQui-683x1024.webp\" alt=\"Tabela Pitag\u00f3rica utilizada para numerologia, coloca o alfabeto e sua rela\u00e7\u00e3o com os n\u00fameros de 1 a 9\" width=\"683\" height=\"1024\" srcset=\"https:\/\/www.iquilibrio.com\/blog\/wp-content\/uploads\/2025\/06\/BLOG-Tabela-pitagorica-iQui-683x1024.webp 683w, https:\/\/www.iquilibrio.com\/blog\/wp-content\/uploads\/2025\/06\/BLOG-Tabela-pitagorica-iQui-200x300.webp 200w, https:\/\/www.iquilibrio.com\/blog\/wp-content\/uploads\/2025\/06\/BLOG-Tabela-pitagorica-iQui-696x1044.webp 696w, https:\/\/www.iquilibrio.com\/blog\/wp-content\/uploads\/2025\/06\/BLOG-Tabela-pitagorica-iQui-280x420.webp 280w, https:\/\/www.iquilibrio.com\/blog\/wp-content\/uploads\/2025\/06\/BLOG-Tabela-pitagorica-iQui-scaled.webp 712w\" sizes=\"auto, (max-width: 683px) 100vw, 683px\" \/><figcaption id=\"caption-attachment-41650\" class=\"wp-caption-text\"><i>Tabela pitag\u00f3rica | numerologia<\/i><\/figcaption><\/figure>\n<h2><span style=\"font-weight: 400;\">Significado de cada N\u00famero da Alma<\/span><\/h2>\n<p><span style=\"font-weight: 400;\">Agora que voc\u00ea j\u00e1 calculou o seu N\u00famero da Alma, confira aqui os principais significados deste s\u00edmbolo numerol\u00f3gico.<\/span><\/p>\n<h3>Alma 1<\/h3>\n<h3><i><img loading=\"lazy\" decoding=\"async\" class=\"alignleft wp-image-41651 size-medium\" src=\"https:\/\/www.iquilibrio.com\/blog\/wp-content\/uploads\/2025\/06\/Alma-1-300x100.webp\" alt=\"Alma 1\" width=\"300\" height=\"100\" srcset=\"https:\/\/www.iquilibrio.com\/blog\/wp-content\/uploads\/2025\/06\/Alma-1-300x100.webp 300w, https:\/\/www.iquilibrio.com\/blog\/wp-content\/uploads\/2025\/06\/Alma-1.webp 450w\" sizes=\"auto, (max-width: 300px) 100vw, 300px\" \/><\/i><\/h3>\n<p data-start=\"456\" data-end=\"910\">Voc\u00ea busca independ\u00eancia e lideran\u00e7a, movido por uma forte chama interior que te impulsiona a abrir caminhos e desbravar novos territ\u00f3rios. Na Numerologia Pitag\u00f3rica, o 1 \u00e9 o s\u00edmbolo da individualidade e da iniciativa, representando o pioneirismo. Voc\u00ea \u00e9 decidido, determinado e detesta rotina. No entanto, tome cuidado com o autoritarismo e o ego\u00edsmo: lembre-se de que o verdadeiro l\u00edder acolhe e guia, sem esmagar a individualidade alheia.<\/p>\n<h3 data-start=\"456\" data-end=\"910\">Alma 2<\/h3>\n<h3><i><img loading=\"lazy\" decoding=\"async\" class=\"alignleft wp-image-41652 size-medium\" src=\"https:\/\/www.iquilibrio.com\/blog\/wp-content\/uploads\/2025\/06\/Alma-2-300x100.webp\" alt=\"Alma 2\" width=\"300\" height=\"100\" srcset=\"https:\/\/www.iquilibrio.com\/blog\/wp-content\/uploads\/2025\/06\/Alma-2-300x100.webp 300w, https:\/\/www.iquilibrio.com\/blog\/wp-content\/uploads\/2025\/06\/Alma-2.webp 450w\" sizes=\"auto, (max-width: 300px) 100vw, 300px\" \/><\/i><\/h3>\n<p data-start=\"917\" data-end=\"1301\">Sua ess\u00eancia \u00e9 a harmonia e o equil\u00edbrio. O 2 simboliza a dualidade e a parceria, indicando uma alma sens\u00edvel, diplom\u00e1tica e que busca sempre a paz. Evita conflitos, mas precisa trabalhar a indecis\u00e3o: aprender a dizer \u201cn\u00e3o\u201d \u00e9 t\u00e3o importante quanto dizer \u201csim\u201d. Lembre-se de que voc\u00ea pode e deve escolher o que \u00e9 melhor para voc\u00ea, sem se perder nos desejos dos outros.<\/p>\n<h3 data-start=\"917\" data-end=\"1301\">ALMA 3<\/h3>\n<h3><i><img loading=\"lazy\" decoding=\"async\" class=\"alignleft wp-image-41653 size-medium\" src=\"https:\/\/www.iquilibrio.com\/blog\/wp-content\/uploads\/2025\/06\/Alma-3-300x100.webp\" alt=\"Alma 3\" width=\"300\" height=\"100\" srcset=\"https:\/\/www.iquilibrio.com\/blog\/wp-content\/uploads\/2025\/06\/Alma-3-300x100.webp 300w, https:\/\/www.iquilibrio.com\/blog\/wp-content\/uploads\/2025\/06\/Alma-3.webp 450w\" sizes=\"auto, (max-width: 300px) 100vw, 300px\" \/><\/i><\/h3>\n<p data-start=\"1308\" data-end=\"1693\">Sua motiva\u00e7\u00e3o est\u00e1 na criatividade, na comunica\u00e7\u00e3o e no prazer de viver. O 3, na Numerologia Pitag\u00f3rica, \u00e9 a express\u00e3o m\u00e1xima da alegria, da arte e da sociabilidade. Voc\u00ea \u00e9 comunicativo, art\u00edstico e adora fazer os outros felizes. Reserve um tempo para desenvolver seus dons e dar vaz\u00e3o \u00e0 sua imagina\u00e7\u00e3o: isso fortalece sua autoestima e te conecta \u00e0 sua ess\u00eancia mais pura.<\/p>\n<h3 data-start=\"1308\" data-end=\"1693\">ALMA 4<\/h3>\n<h3><i><img loading=\"lazy\" decoding=\"async\" class=\"alignleft wp-image-41659 size-medium\" src=\"https:\/\/www.iquilibrio.com\/blog\/wp-content\/uploads\/2025\/06\/Alma-4-300x100.webp\" alt=\"Alma 4\" width=\"300\" height=\"100\" srcset=\"https:\/\/www.iquilibrio.com\/blog\/wp-content\/uploads\/2025\/06\/Alma-4-300x100.webp 300w, https:\/\/www.iquilibrio.com\/blog\/wp-content\/uploads\/2025\/06\/Alma-4.webp 450w\" sizes=\"auto, (max-width: 300px) 100vw, 300px\" \/><\/i><\/h3>\n<p data-start=\"1700\" data-end=\"2062\">Voc\u00ea valoriza a seguran\u00e7a e a organiza\u00e7\u00e3o, pois o 4 representa a estrutura, a disciplina e a constru\u00e7\u00e3o s\u00f3lida. \u00c9 pr\u00e1tico, leal e perfeccionista, mas pode ser r\u00edgido e resistente a mudan\u00e7as. O desafio \u00e9 se abrir para a flexibilidade e aprender que nem tudo precisa estar no controle. Que tal se permitir ser aprendiz em algo novo, sem medo de errar?<\/p>\n<h3 data-start=\"1700\" data-end=\"2062\">ALMA 5<\/h3>\n<h3><i><img loading=\"lazy\" decoding=\"async\" class=\"alignleft wp-image-41654 size-medium\" src=\"https:\/\/www.iquilibrio.com\/blog\/wp-content\/uploads\/2025\/06\/Alma-5-300x100.webp\" alt=\"Alma 5\" width=\"300\" height=\"100\" srcset=\"https:\/\/www.iquilibrio.com\/blog\/wp-content\/uploads\/2025\/06\/Alma-5-300x100.webp 300w, https:\/\/www.iquilibrio.com\/blog\/wp-content\/uploads\/2025\/06\/Alma-5.webp 450w\" sizes=\"auto, (max-width: 300px) 100vw, 300px\" \/><\/i><\/h3>\n<p data-start=\"2069\" data-end=\"2436\">Sua alma anseia por liberdade e movimento. O 5 \u00e9 o s\u00edmbolo da mudan\u00e7a, da curiosidade e da versatilidade. Voc\u00ea ama novidades, viagens e adapta-se com facilidade. Mas tome cuidado para n\u00e3o se dispersar: muitos caminhos come\u00e7ados e n\u00e3o terminados podem trazer frustra\u00e7\u00e3o. Aprenda a focar e concluir, para que cada experi\u00eancia contribua para a sua evolu\u00e7\u00e3o.<\/p>\n<h3 data-start=\"2069\" data-end=\"2436\">ALMA 6<\/h3>\n<h3><i><img loading=\"lazy\" decoding=\"async\" class=\"alignleft wp-image-41655 size-medium\" src=\"https:\/\/www.iquilibrio.com\/blog\/wp-content\/uploads\/2025\/06\/Alma-6-300x100.webp\" alt=\"Alma 6\" width=\"300\" height=\"100\" srcset=\"https:\/\/www.iquilibrio.com\/blog\/wp-content\/uploads\/2025\/06\/Alma-6-300x100.webp 300w, https:\/\/www.iquilibrio.com\/blog\/wp-content\/uploads\/2025\/06\/Alma-6.webp 450w\" sizes=\"auto, (max-width: 300px) 100vw, 300px\" \/><\/i><\/h3>\n<p data-start=\"2443\" data-end=\"2808\">Sua ess\u00eancia \u00e9 o cuidado e a responsabilidade afetiva. O 6 carrega a energia da fam\u00edlia, do lar e do amor incondicional. Voc\u00ea \u00e9 protetor, amoroso e busca harmonia entre as pessoas. Mas aten\u00e7\u00e3o: o excesso de zelo pode se tornar sufocante e gerar depend\u00eancia emocional. Permita que cada um viva suas pr\u00f3prias experi\u00eancias e aprenda a cuidar de si tamb\u00e9m.<\/p>\n<h3 data-start=\"2443\" data-end=\"2808\">ALMA 7<\/h3>\n<h3><i><img loading=\"lazy\" decoding=\"async\" class=\"alignleft wp-image-41656 size-medium\" src=\"https:\/\/www.iquilibrio.com\/blog\/wp-content\/uploads\/2025\/06\/Alma-7-300x100.webp\" alt=\"Alma 7\" width=\"300\" height=\"100\" srcset=\"https:\/\/www.iquilibrio.com\/blog\/wp-content\/uploads\/2025\/06\/Alma-7-300x100.webp 300w, https:\/\/www.iquilibrio.com\/blog\/wp-content\/uploads\/2025\/06\/Alma-7.webp 450w\" sizes=\"auto, (max-width: 300px) 100vw, 300px\" \/><\/i><\/h3>\n<p data-start=\"2815\" data-end=\"3203\">Voc\u00ea \u00e9 introspectivo e busca o conhecimento interior. O 7 \u00e9 o n\u00famero da espiritualidade, da an\u00e1lise e da contempla\u00e7\u00e3o. Voc\u00ea ama a tranquilidade, reflete profundamente sobre tudo e tem intui\u00e7\u00e3o agu\u00e7ada. Pode, no entanto, se tornar reservado demais e ter dificuldade de compartilhar o que sente. Lembre-se de que dividir suas descobertas pode enriquecer ainda mais sua jornada.<\/p>\n<h3 data-start=\"2815\" data-end=\"3203\">ALMA 8<\/h3>\n<h3><i><img loading=\"lazy\" decoding=\"async\" class=\"alignleft wp-image-41657 size-medium\" src=\"https:\/\/www.iquilibrio.com\/blog\/wp-content\/uploads\/2025\/06\/Alma-8-300x100.webp\" alt=\"Alma 8\" width=\"300\" height=\"100\" srcset=\"https:\/\/www.iquilibrio.com\/blog\/wp-content\/uploads\/2025\/06\/Alma-8-300x100.webp 300w, https:\/\/www.iquilibrio.com\/blog\/wp-content\/uploads\/2025\/06\/Alma-8.webp 450w\" sizes=\"auto, (max-width: 300px) 100vw, 300px\" \/><\/i><\/h3>\n<p data-start=\"3210\" data-end=\"3565\">Sua motiva\u00e7\u00e3o \u00e9 o sucesso e a realiza\u00e7\u00e3o. O 8 representa o poder pessoal, a ambi\u00e7\u00e3o e a capacidade de administrar recursos materiais e espirituais com sabedoria. Voc\u00ea \u00e9 l\u00edder nato, mas precisa aprender a equilibrar o materialismo com a generosidade. Quando voc\u00ea alinha seus objetivos com valores mais elevados, alcan\u00e7a prosperidade duradoura.<\/p>\n<h3 data-start=\"3210\" data-end=\"3565\">ALMA 9<\/h3>\n<h3><i><img loading=\"lazy\" decoding=\"async\" class=\"alignleft wp-image-41660 size-medium\" src=\"https:\/\/www.iquilibrio.com\/blog\/wp-content\/uploads\/2025\/06\/Alma-9-300x100.webp\" alt=\"Alma 9\" width=\"300\" height=\"100\" srcset=\"https:\/\/www.iquilibrio.com\/blog\/wp-content\/uploads\/2025\/06\/Alma-9-300x100.webp 300w, https:\/\/www.iquilibrio.com\/blog\/wp-content\/uploads\/2025\/06\/Alma-9.webp 450w\" sizes=\"auto, (max-width: 300px) 100vw, 300px\" \/><\/i><\/h3>\n<p data-start=\"3572\" data-end=\"3935\">Sua ess\u00eancia \u00e9 servir ao mundo e transformar a dor em cura. O 9 \u00e9 o n\u00famero do altru\u00edsmo, da compaix\u00e3o e da sabedoria universal. Voc\u00ea \u00e9 intuitivo, generoso e sonha em tornar a vida dos outros melhor. Seu desafio \u00e9 aprender a desapegar de pessoas e situa\u00e7\u00f5es para continuar expandindo sua luz. Lembre-se de que, ao ajudar os outros, voc\u00ea tamb\u00e9m evolui.<\/p>\n<h3 data-start=\"3572\" data-end=\"3935\">ALMA 11<\/h3>\n<h3><i><img loading=\"lazy\" decoding=\"async\" class=\"alignleft wp-image-41658 size-medium\" src=\"https:\/\/www.iquilibrio.com\/blog\/wp-content\/uploads\/2025\/06\/Alma-11-300x100.webp\" alt=\"Alma 11\" width=\"300\" height=\"100\" srcset=\"https:\/\/www.iquilibrio.com\/blog\/wp-content\/uploads\/2025\/06\/Alma-11-300x100.webp 300w, https:\/\/www.iquilibrio.com\/blog\/wp-content\/uploads\/2025\/06\/Alma-11.webp 450w\" sizes=\"auto, (max-width: 300px) 100vw, 300px\" \/><\/i><\/h3>\n<p data-start=\"3942\" data-end=\"4297\">Voc\u00ea tem um caminho mission\u00e1rio. O 11 \u00e9 o primeiro n\u00famero mestre na Numerologia Pitag\u00f3rica e simboliza a ilumina\u00e7\u00e3o espiritual e a sensibilidade agu\u00e7ada. Sua alma busca inspirar e elevar as pessoas \u00e0 sua volta, guiando-as com intui\u00e7\u00e3o e generosidade. Confie na sua intui\u00e7\u00e3o e aceite seu papel como ponte entre o mundo terreno e o espiritual.<\/p>\n<h3 data-start=\"3942\" data-end=\"4297\">ALMA 22<\/h3>\n<h3><i><img loading=\"lazy\" decoding=\"async\" class=\"alignleft wp-image-41661 size-medium\" src=\"https:\/\/www.iquilibrio.com\/blog\/wp-content\/uploads\/2025\/06\/Alma-22-300x100.webp\" alt=\"Alma 22\" width=\"300\" height=\"100\" srcset=\"https:\/\/www.iquilibrio.com\/blog\/wp-content\/uploads\/2025\/06\/Alma-22-300x100.webp 300w, https:\/\/www.iquilibrio.com\/blog\/wp-content\/uploads\/2025\/06\/Alma-22.webp 450w\" sizes=\"auto, (max-width: 300px) 100vw, 300px\" \/><\/i><\/h3>\n<p data-start=\"4304\" data-end=\"4675\">Sua vibra\u00e7\u00e3o \u00e9 de transforma\u00e7\u00e3o em grande escala. O 22 \u00e9 o mestre construtor: une a sabedoria espiritual \u00e0 a\u00e7\u00e3o concreta para criar algo duradouro e significativo. Voc\u00ea tem potencial para realizar projetos grandiosos, mas precisa alinhar o idealismo com o planejamento. Ao equilibrar sonhos e pr\u00e1tica, voc\u00ea se torna um verdadeiro agente de mudan\u00e7a no mundo.<\/p>\n<h2><span style=\"font-weight: 400;\">Como usar esse conhecimento?<\/span><\/h2>\n<p data-start=\"197\" data-end=\"324\">O N\u00famero da Alma, na Numerologia Pitag\u00f3rica, \u00e9 um convite para o autoconhecimento e para uma vida mais aut\u00eantica. Ele revela:<\/p>\n<p data-start=\"326\" data-end=\"567\"><strong data-start=\"328\" data-end=\"361\">O que te faz feliz de verdade<\/strong><br data-start=\"361\" data-end=\"364\" \/>Mostra onde reside sua alegria interior, aquilo que desperta seu brilho nos olhos e faz seu cora\u00e7\u00e3o vibrar. Quando voc\u00ea vive de acordo com essa ess\u00eancia, experimenta uma profunda sensa\u00e7\u00e3o de prop\u00f3sito.<\/p>\n<p data-start=\"569\" data-end=\"808\"><strong data-start=\"572\" data-end=\"598\">Seus talentos naturais<\/strong><br data-start=\"598\" data-end=\"601\" \/>Indica quais s\u00e3o seus dons inatos, aquilo que voc\u00ea faz com leveza e naturalidade. Reconhecer esses talentos permite que voc\u00ea potencialize suas habilidades e encontre caminhos que fluem com mais facilidade.<\/p>\n<p data-start=\"810\" data-end=\"1025\"><strong data-start=\"813\" data-end=\"849\">\u00c1reas para trabalhar em si mesmo<\/strong><br data-start=\"849\" data-end=\"852\" \/>Aponta os desafios que voc\u00ea precisa superar para crescer e evoluir. Cada n\u00famero carrega uma li\u00e7\u00e3o de vida: aprender com ela \u00e9 a chave para se tornar quem voc\u00ea realmente \u00e9.<\/p>\n<p data-start=\"1027\" data-end=\"1192\" data-is-last-node=\"\" data-is-only-node=\"\">Use seu N\u00famero da Alma como um guia para alinhar suas a\u00e7\u00f5es com sua ess\u00eancia. Assim, voc\u00ea caminha com mais leveza, verdade e harmonia em dire\u00e7\u00e3o aos seus sonhos.<\/p>\n<p><span style=\"font-weight: 400;\">Seu Mapa Numerol\u00f3gico tem diversos outros pontos relevantes para o seu autoconhecimento. Quer descobrir mais sobre seu Mapa Numerol\u00f3gico completo? <\/span><a href=\"https:\/\/www.iquilibrio.com\/consultas\/numerologia\/\"><span style=\"font-weight: 400;\">Fa\u00e7a uma consulta com nossos Consultores<\/span><\/a><span style=\"font-weight: 400;\">!<\/span><\/p>\n\n\n<div class=\"kk-star-ratings kksr-auto kksr-align-left kksr-valign-bottom\"\n    data-payload='{&quot;align&quot;:&quot;left&quot;,&quot;id&quot;:&quot;41649&quot;,&quot;slug&quot;:&quot;default&quot;,&quot;valign&quot;:&quot;bottom&quot;,&quot;ignore&quot;:&quot;&quot;,&quot;reference&quot;:&quot;auto&quot;,&quot;class&quot;:&quot;&quot;,&quot;count&quot;:&quot;0&quot;,&quot;legendonly&quot;:&quot;&quot;,&quot;readonly&quot;:&quot;&quot;,&quot;score&quot;:&quot;0&quot;,&quot;starsonly&quot;:&quot;&quot;,&quot;best&quot;:&quot;5&quot;,&quot;gap&quot;:&quot;5&quot;,&quot;greet&quot;:&quot;Rate this post&quot;,&quot;legend&quot;:&quot;0\\\/5 - (0 voto)&quot;,&quot;size&quot;:&quot;24&quot;,&quot;title&quot;:&quot;N\u00famero da Alma: o que dizem os n\u00fameros sobre sua ess\u00eancia&quot;,&quot;width&quot;:&quot;0&quot;,&quot;_legend&quot;:&quot;{score}\\\/{best} - ({count} {votes})&quot;,&quot;font_factor&quot;:&quot;1.25&quot;}'>\n            \n<div class=\"kksr-stars\">\n    \n<div class=\"kksr-stars-inactive\">\n            <div class=\"kksr-star\" data-star=\"1\" style=\"padding-right: 5px\">\n            \n\n<div class=\"kksr-icon\" style=\"width: 24px; height: 24px;\"><\/div>\n        <\/div>\n            <div class=\"kksr-star\" data-star=\"2\" style=\"padding-right: 5px\">\n            \n\n<div class=\"kksr-icon\" style=\"width: 24px; height: 24px;\"><\/div>\n        <\/div>\n            <div class=\"kksr-star\" data-star=\"3\" style=\"padding-right: 5px\">\n            \n\n<div class=\"kksr-icon\" style=\"width: 24px; height: 24px;\"><\/div>\n        <\/div>\n            <div class=\"kksr-star\" data-star=\"4\" style=\"padding-right: 5px\">\n            \n\n<div class=\"kksr-icon\" style=\"width: 24px; height: 24px;\"><\/div>\n        <\/div>\n            <div class=\"kksr-star\" data-star=\"5\" style=\"padding-right: 5px\">\n            \n\n<div class=\"kksr-icon\" style=\"width: 24px; height: 24px;\"><\/div>\n        <\/div>\n    <\/div>\n    \n<div class=\"kksr-stars-active\" style=\"width: 0px;\">\n            <div class=\"kksr-star\" style=\"padding-right: 5px\">\n            \n\n<div class=\"kksr-icon\" style=\"width: 24px; height: 24px;\"><\/div>\n        <\/div>\n            <div class=\"kksr-star\" style=\"padding-right: 5px\">\n            \n\n<div class=\"kksr-icon\" style=\"width: 24px; height: 24px;\"><\/div>\n        <\/div>\n            <div class=\"kksr-star\" style=\"padding-right: 5px\">\n            \n\n<div class=\"kksr-icon\" style=\"width: 24px; height: 24px;\"><\/div>\n        <\/div>\n            <div class=\"kksr-star\" style=\"padding-right: 5px\">\n            \n\n<div class=\"kksr-icon\" style=\"width: 24px; height: 24px;\"><\/div>\n        <\/div>\n            <div class=\"kksr-star\" style=\"padding-right: 5px\">\n            \n\n<div class=\"kksr-icon\" style=\"width: 24px; height: 24px;\"><\/div>\n        <\/div>\n    <\/div>\n<\/div>\n                \n\n<div class=\"kksr-legend\" style=\"font-size: 19.2px;\">\n            <span class=\"kksr-muted\">Rate this post<\/span>\n    <\/div>\n    <\/div>\n","protected":false},"excerpt":{"rendered":"<p>O N\u00famero da Alma revela seus desejos mais profundos, aquilo que realmente te motiva na vida e reflete sua ess\u00eancia mais \u00edntima. Calculado a partir das vogais do seu nome completo na Tabela Pitag\u00f3rica de Numerologia, ele \u00e9 como uma janela para a sua verdadeira personalidade. Quer aprender como calcular o seu N\u00famero da Alma, [&hellip;]<\/p>\n","protected":false},"author":166,"featured_media":41716,"comment_status":"closed","ping_status":"closed","sticky":false,"template":"","format":"standard","meta":{"footnotes":""},"categories":[536],"tags":[],"class_list":["post-41649","post","type-post","status-publish","format-standard","has-post-thumbnail","hentry","category-numerologia"],"yoast_head":"<!-- This site is optimized with the Yoast SEO plugin v27.4 - https:\/\/yoast.com\/product\/yoast-seo-wordpress\/ -->\n<title>N\u00famero da Alma: significado e c\u00e1lculo na numerologia - iQuilibrio<\/title>\n<meta name=\"description\" content=\"Descubra o significado do seu n\u00famero da alma na numerologia pitag\u00f3rica e o que ele revela sobre sua ess\u00eancia. Calcule o seu aqui!\" \/>\n<meta name=\"robots\" content=\"index, follow, max-snippet:-1, max-image-preview:large, max-video-preview:-1\" \/>\n<link rel=\"canonical\" href=\"https:\/\/www.iquilibrio.com\/blog\/oraculos\/numerologia\/numerologia-numero-da-alma\/\" \/>\n<meta property=\"og:locale\" content=\"pt_BR\" \/>\n<meta property=\"og:type\" content=\"article\" \/>\n<meta property=\"og:title\" content=\"N\u00famero da Alma: significado e c\u00e1lculo na numerologia - iQuilibrio\" \/>\n<meta property=\"og:description\" content=\"Descubra o significado do seu n\u00famero da alma na numerologia pitag\u00f3rica e o que ele revela sobre sua ess\u00eancia. Calcule o seu aqui!\" \/>\n<meta property=\"og:url\" content=\"https:\/\/www.iquilibrio.com\/blog\/oraculos\/numerologia\/numerologia-numero-da-alma\/\" \/>\n<meta property=\"og:site_name\" content=\"iQuilibrio\" \/>\n<meta property=\"article:publisher\" content=\"https:\/\/www.facebook.com\/iQuilibrio\/\" \/>\n<meta property=\"article:published_time\" content=\"2025-06-05T17:22:13+00:00\" \/>\n<meta property=\"article:modified_time\" content=\"2025-06-11T12:08:33+00:00\" \/>\n<meta property=\"og:image\" content=\"https:\/\/www.iquilibrio.com\/blog\/wp-content\/uploads\/2025\/06\/numero-da-alma-scaled.webp\" \/>\n\t<meta property=\"og:image:width\" content=\"1068\" \/>\n\t<meta property=\"og:image:height\" content=\"712\" \/>\n\t<meta property=\"og:image:type\" content=\"image\/webp\" \/>\n<meta name=\"author\" content=\"Juliana Almeida Cordeiro\" \/>\n<meta name=\"twitter:card\" content=\"summary_large_image\" \/>\n<meta name=\"twitter:creator\" content=\"@iquilibrio\" \/>\n<meta name=\"twitter:site\" content=\"@iquilibrio\" \/>\n<meta name=\"twitter:label1\" content=\"Escrito por\" \/>\n\t<meta name=\"twitter:data1\" content=\"Juliana Almeida Cordeiro\" \/>\n\t<meta name=\"twitter:label2\" content=\"Est. tempo de leitura\" \/>\n\t<meta name=\"twitter:data2\" content=\"10 minutos\" \/>\n<script type=\"application\/ld+json\" class=\"yoast-schema-graph\">{\"@context\":\"https:\\\/\\\/schema.org\",\"@graph\":[{\"@type\":\"Article\",\"@id\":\"https:\\\/\\\/www.iquilibrio.com\\\/blog\\\/oraculos\\\/numerologia\\\/numerologia-numero-da-alma\\\/#article\",\"isPartOf\":{\"@id\":\"https:\\\/\\\/www.iquilibrio.com\\\/blog\\\/oraculos\\\/numerologia\\\/numerologia-numero-da-alma\\\/\"},\"author\":{\"name\":\"Juliana Almeida Cordeiro\",\"@id\":\"https:\\\/\\\/www.iquilibrio.com\\\/blog\\\/#\\\/schema\\\/person\\\/d2f074e5b1b29087bc21673b609b4199\"},\"headline\":\"N\u00famero da Alma: o que dizem os n\u00fameros sobre sua ess\u00eancia\",\"datePublished\":\"2025-06-05T17:22:13+00:00\",\"dateModified\":\"2025-06-11T12:08:33+00:00\",\"mainEntityOfPage\":{\"@id\":\"https:\\\/\\\/www.iquilibrio.com\\\/blog\\\/oraculos\\\/numerologia\\\/numerologia-numero-da-alma\\\/\"},\"wordCount\":1328,\"publisher\":{\"@id\":\"https:\\\/\\\/www.iquilibrio.com\\\/blog\\\/#organization\"},\"image\":{\"@id\":\"https:\\\/\\\/www.iquilibrio.com\\\/blog\\\/oraculos\\\/numerologia\\\/numerologia-numero-da-alma\\\/#primaryimage\"},\"thumbnailUrl\":\"https:\\\/\\\/www.iquilibrio.com\\\/blog\\\/wp-content\\\/uploads\\\/2025\\\/06\\\/numero-da-alma-scaled.webp\",\"articleSection\":[\"Numerologia\"],\"inLanguage\":\"pt-BR\"},{\"@type\":\"WebPage\",\"@id\":\"https:\\\/\\\/www.iquilibrio.com\\\/blog\\\/oraculos\\\/numerologia\\\/numerologia-numero-da-alma\\\/\",\"url\":\"https:\\\/\\\/www.iquilibrio.com\\\/blog\\\/oraculos\\\/numerologia\\\/numerologia-numero-da-alma\\\/\",\"name\":\"N\u00famero da Alma: significado e c\u00e1lculo na numerologia - iQuilibrio\",\"isPartOf\":{\"@id\":\"https:\\\/\\\/www.iquilibrio.com\\\/blog\\\/#website\"},\"primaryImageOfPage\":{\"@id\":\"https:\\\/\\\/www.iquilibrio.com\\\/blog\\\/oraculos\\\/numerologia\\\/numerologia-numero-da-alma\\\/#primaryimage\"},\"image\":{\"@id\":\"https:\\\/\\\/www.iquilibrio.com\\\/blog\\\/oraculos\\\/numerologia\\\/numerologia-numero-da-alma\\\/#primaryimage\"},\"thumbnailUrl\":\"https:\\\/\\\/www.iquilibrio.com\\\/blog\\\/wp-content\\\/uploads\\\/2025\\\/06\\\/numero-da-alma-scaled.webp\",\"datePublished\":\"2025-06-05T17:22:13+00:00\",\"dateModified\":\"2025-06-11T12:08:33+00:00\",\"description\":\"Descubra o significado do seu n\u00famero da alma na numerologia pitag\u00f3rica e o que ele revela sobre sua ess\u00eancia. Calcule o seu aqui!\",\"breadcrumb\":{\"@id\":\"https:\\\/\\\/www.iquilibrio.com\\\/blog\\\/oraculos\\\/numerologia\\\/numerologia-numero-da-alma\\\/#breadcrumb\"},\"inLanguage\":\"pt-BR\",\"potentialAction\":[{\"@type\":\"ReadAction\",\"target\":[\"https:\\\/\\\/www.iquilibrio.com\\\/blog\\\/oraculos\\\/numerologia\\\/numerologia-numero-da-alma\\\/\"]}]},{\"@type\":\"ImageObject\",\"inLanguage\":\"pt-BR\",\"@id\":\"https:\\\/\\\/www.iquilibrio.com\\\/blog\\\/oraculos\\\/numerologia\\\/numerologia-numero-da-alma\\\/#primaryimage\",\"url\":\"https:\\\/\\\/www.iquilibrio.com\\\/blog\\\/wp-content\\\/uploads\\\/2025\\\/06\\\/numero-da-alma-scaled.webp\",\"contentUrl\":\"https:\\\/\\\/www.iquilibrio.com\\\/blog\\\/wp-content\\\/uploads\\\/2025\\\/06\\\/numero-da-alma-scaled.webp\",\"width\":1068,\"height\":712,\"caption\":\"Pessoa calculando o n\u00famero da alma em um bloco de papel\"},{\"@type\":\"BreadcrumbList\",\"@id\":\"https:\\\/\\\/www.iquilibrio.com\\\/blog\\\/oraculos\\\/numerologia\\\/numerologia-numero-da-alma\\\/#breadcrumb\",\"itemListElement\":[{\"@type\":\"ListItem\",\"position\":1,\"name\":\"In\u00edcio\",\"item\":\"https:\\\/\\\/www.iquilibrio.com\\\/blog\\\/\"},{\"@type\":\"ListItem\",\"position\":2,\"name\":\"N\u00famero da Alma: o que dizem os n\u00fameros sobre sua ess\u00eancia\"}]},{\"@type\":\"WebSite\",\"@id\":\"https:\\\/\\\/www.iquilibrio.com\\\/blog\\\/#website\",\"url\":\"https:\\\/\\\/www.iquilibrio.com\\\/blog\\\/\",\"name\":\"iQuilibrio\",\"description\":\"Blog iQuilibrio\",\"publisher\":{\"@id\":\"https:\\\/\\\/www.iquilibrio.com\\\/blog\\\/#organization\"},\"potentialAction\":[{\"@type\":\"SearchAction\",\"target\":{\"@type\":\"EntryPoint\",\"urlTemplate\":\"https:\\\/\\\/www.iquilibrio.com\\\/blog\\\/?s={search_term_string}\"},\"query-input\":{\"@type\":\"PropertyValueSpecification\",\"valueRequired\":true,\"valueName\":\"search_term_string\"}}],\"inLanguage\":\"pt-BR\"},{\"@type\":\"Organization\",\"@id\":\"https:\\\/\\\/www.iquilibrio.com\\\/blog\\\/#organization\",\"name\":\"Esoterismo, Misticismo e Tarot Online - iQuilibrio\",\"url\":\"https:\\\/\\\/www.iquilibrio.com\\\/blog\\\/\",\"logo\":{\"@type\":\"ImageObject\",\"inLanguage\":\"pt-BR\",\"@id\":\"https:\\\/\\\/www.iquilibrio.com\\\/blog\\\/#\\\/schema\\\/logo\\\/image\\\/\",\"url\":\"https:\\\/\\\/www.iquilibrio.com\\\/blog\\\/wp-content\\\/uploads\\\/2018\\\/12\\\/iquilibrio_lovo_vetor_preto-retina.png\",\"contentUrl\":\"https:\\\/\\\/www.iquilibrio.com\\\/blog\\\/wp-content\\\/uploads\\\/2018\\\/12\\\/iquilibrio_lovo_vetor_preto-retina.png\",\"width\":972,\"height\":180,\"caption\":\"Esoterismo, Misticismo e Tarot Online - iQuilibrio\"},\"image\":{\"@id\":\"https:\\\/\\\/www.iquilibrio.com\\\/blog\\\/#\\\/schema\\\/logo\\\/image\\\/\"},\"sameAs\":[\"https:\\\/\\\/www.facebook.com\\\/iQuilibrio\\\/\",\"https:\\\/\\\/x.com\\\/iquilibrio\",\"https:\\\/\\\/www.instagram.com\\\/iquilibrio\\\/\",\"https:\\\/\\\/www.linkedin.com\\\/company\\\/iquilibrio\\\/\",\"https:\\\/\\\/br.pinterest.com\\\/iquilibrio1397\\\/\",\"https:\\\/\\\/www.youtube.com\\\/channel\\\/UC175qxd-4Zsi4wzawT5zF2g\"]},{\"@type\":\"Person\",\"@id\":\"https:\\\/\\\/www.iquilibrio.com\\\/blog\\\/#\\\/schema\\\/person\\\/d2f074e5b1b29087bc21673b609b4199\",\"name\":\"Juliana Almeida Cordeiro\",\"image\":{\"@type\":\"ImageObject\",\"inLanguage\":\"pt-BR\",\"@id\":\"https:\\\/\\\/www.iquilibrio.com\\\/blog\\\/wp-content\\\/uploads\\\/2024\\\/11\\\/IMG_20240925_202319_927-150x150.webp\",\"url\":\"https:\\\/\\\/www.iquilibrio.com\\\/blog\\\/wp-content\\\/uploads\\\/2024\\\/11\\\/IMG_20240925_202319_927-150x150.webp\",\"contentUrl\":\"https:\\\/\\\/www.iquilibrio.com\\\/blog\\\/wp-content\\\/uploads\\\/2024\\\/11\\\/IMG_20240925_202319_927-150x150.webp\",\"caption\":\"Juliana Almeida Cordeiro\"},\"description\":\"Escritora, redatora, leitora \u00e1vida - inclusive de Tarot. Trabalho com as palavras para construir cada vez mais boas hist\u00f3rias, na fic\u00e7\u00e3o, nos blogs e na vida.\",\"sameAs\":[\"https:\\\/\\\/www.instagram.com\\\/leituraslunares\",\"https:\\\/\\\/www.linkedin.com\\\/in\\\/jualmeidacordeiro\\\/\"],\"url\":\"https:\\\/\\\/www.iquilibrio.com\\\/blog\\\/author\\\/juliana-almeida\\\/\"}]}<\/script>\n<!-- \/ Yoast SEO plugin. -->","yoast_head_json":{"title":"N\u00famero da Alma: significado e c\u00e1lculo na numerologia - iQuilibrio","description":"Descubra o significado do seu n\u00famero da alma na numerologia pitag\u00f3rica e o que ele revela sobre sua ess\u00eancia. Calcule o seu aqui!","robots":{"index":"index","follow":"follow","max-snippet":"max-snippet:-1","max-image-preview":"max-image-preview:large","max-video-preview":"max-video-preview:-1"},"canonical":"https:\/\/www.iquilibrio.com\/blog\/oraculos\/numerologia\/numerologia-numero-da-alma\/","og_locale":"pt_BR","og_type":"article","og_title":"N\u00famero da Alma: significado e c\u00e1lculo na numerologia - iQuilibrio","og_description":"Descubra o significado do seu n\u00famero da alma na numerologia pitag\u00f3rica e o que ele revela sobre sua ess\u00eancia. Calcule o seu aqui!","og_url":"https:\/\/www.iquilibrio.com\/blog\/oraculos\/numerologia\/numerologia-numero-da-alma\/","og_site_name":"iQuilibrio","article_publisher":"https:\/\/www.facebook.com\/iQuilibrio\/","article_published_time":"2025-06-05T17:22:13+00:00","article_modified_time":"2025-06-11T12:08:33+00:00","og_image":[{"width":1068,"height":712,"url":"https:\/\/www.iquilibrio.com\/blog\/wp-content\/uploads\/2025\/06\/numero-da-alma-scaled.webp","type":"image\/webp"}],"author":"Juliana Almeida Cordeiro","twitter_card":"summary_large_image","twitter_creator":"@iquilibrio","twitter_site":"@iquilibrio","twitter_misc":{"Escrito por":"Juliana Almeida Cordeiro","Est. tempo de leitura":"10 minutos"},"schema":{"@context":"https:\/\/schema.org","@graph":[{"@type":"Article","@id":"https:\/\/www.iquilibrio.com\/blog\/oraculos\/numerologia\/numerologia-numero-da-alma\/#article","isPartOf":{"@id":"https:\/\/www.iquilibrio.com\/blog\/oraculos\/numerologia\/numerologia-numero-da-alma\/"},"author":{"name":"Juliana Almeida Cordeiro","@id":"https:\/\/www.iquilibrio.com\/blog\/#\/schema\/person\/d2f074e5b1b29087bc21673b609b4199"},"headline":"N\u00famero da Alma: o que dizem os n\u00fameros sobre sua ess\u00eancia","datePublished":"2025-06-05T17:22:13+00:00","dateModified":"2025-06-11T12:08:33+00:00","mainEntityOfPage":{"@id":"https:\/\/www.iquilibrio.com\/blog\/oraculos\/numerologia\/numerologia-numero-da-alma\/"},"wordCount":1328,"publisher":{"@id":"https:\/\/www.iquilibrio.com\/blog\/#organization"},"image":{"@id":"https:\/\/www.iquilibrio.com\/blog\/oraculos\/numerologia\/numerologia-numero-da-alma\/#primaryimage"},"thumbnailUrl":"https:\/\/www.iquilibrio.com\/blog\/wp-content\/uploads\/2025\/06\/numero-da-alma-scaled.webp","articleSection":["Numerologia"],"inLanguage":"pt-BR"},{"@type":"WebPage","@id":"https:\/\/www.iquilibrio.com\/blog\/oraculos\/numerologia\/numerologia-numero-da-alma\/","url":"https:\/\/www.iquilibrio.com\/blog\/oraculos\/numerologia\/numerologia-numero-da-alma\/","name":"N\u00famero da Alma: significado e c\u00e1lculo na numerologia - iQuilibrio","isPartOf":{"@id":"https:\/\/www.iquilibrio.com\/blog\/#website"},"primaryImageOfPage":{"@id":"https:\/\/www.iquilibrio.com\/blog\/oraculos\/numerologia\/numerologia-numero-da-alma\/#primaryimage"},"image":{"@id":"https:\/\/www.iquilibrio.com\/blog\/oraculos\/numerologia\/numerologia-numero-da-alma\/#primaryimage"},"thumbnailUrl":"https:\/\/www.iquilibrio.com\/blog\/wp-content\/uploads\/2025\/06\/numero-da-alma-scaled.webp","datePublished":"2025-06-05T17:22:13+00:00","dateModified":"2025-06-11T12:08:33+00:00","description":"Descubra o significado do seu n\u00famero da alma na numerologia pitag\u00f3rica e o que ele revela sobre sua ess\u00eancia. Calcule o seu aqui!","breadcrumb":{"@id":"https:\/\/www.iquilibrio.com\/blog\/oraculos\/numerologia\/numerologia-numero-da-alma\/#breadcrumb"},"inLanguage":"pt-BR","potentialAction":[{"@type":"ReadAction","target":["https:\/\/www.iquilibrio.com\/blog\/oraculos\/numerologia\/numerologia-numero-da-alma\/"]}]},{"@type":"ImageObject","inLanguage":"pt-BR","@id":"https:\/\/www.iquilibrio.com\/blog\/oraculos\/numerologia\/numerologia-numero-da-alma\/#primaryimage","url":"https:\/\/www.iquilibrio.com\/blog\/wp-content\/uploads\/2025\/06\/numero-da-alma-scaled.webp","contentUrl":"https:\/\/www.iquilibrio.com\/blog\/wp-content\/uploads\/2025\/06\/numero-da-alma-scaled.webp","width":1068,"height":712,"caption":"Pessoa calculando o n\u00famero da alma em um bloco de papel"},{"@type":"BreadcrumbList","@id":"https:\/\/www.iquilibrio.com\/blog\/oraculos\/numerologia\/numerologia-numero-da-alma\/#breadcrumb","itemListElement":[{"@type":"ListItem","position":1,"name":"In\u00edcio","item":"https:\/\/www.iquilibrio.com\/blog\/"},{"@type":"ListItem","position":2,"name":"N\u00famero da Alma: o que dizem os n\u00fameros sobre sua ess\u00eancia"}]},{"@type":"WebSite","@id":"https:\/\/www.iquilibrio.com\/blog\/#website","url":"https:\/\/www.iquilibrio.com\/blog\/","name":"iQuilibrio","description":"Blog iQuilibrio","publisher":{"@id":"https:\/\/www.iquilibrio.com\/blog\/#organization"},"potentialAction":[{"@type":"SearchAction","target":{"@type":"EntryPoint","urlTemplate":"https:\/\/www.iquilibrio.com\/blog\/?s={search_term_string}"},"query-input":{"@type":"PropertyValueSpecification","valueRequired":true,"valueName":"search_term_string"}}],"inLanguage":"pt-BR"},{"@type":"Organization","@id":"https:\/\/www.iquilibrio.com\/blog\/#organization","name":"Esoterismo, Misticismo e Tarot Online - iQuilibrio","url":"https:\/\/www.iquilibrio.com\/blog\/","logo":{"@type":"ImageObject","inLanguage":"pt-BR","@id":"https:\/\/www.iquilibrio.com\/blog\/#\/schema\/logo\/image\/","url":"https:\/\/www.iquilibrio.com\/blog\/wp-content\/uploads\/2018\/12\/iquilibrio_lovo_vetor_preto-retina.png","contentUrl":"https:\/\/www.iquilibrio.com\/blog\/wp-content\/uploads\/2018\/12\/iquilibrio_lovo_vetor_preto-retina.png","width":972,"height":180,"caption":"Esoterismo, Misticismo e Tarot Online - iQuilibrio"},"image":{"@id":"https:\/\/www.iquilibrio.com\/blog\/#\/schema\/logo\/image\/"},"sameAs":["https:\/\/www.facebook.com\/iQuilibrio\/","https:\/\/x.com\/iquilibrio","https:\/\/www.instagram.com\/iquilibrio\/","https:\/\/www.linkedin.com\/company\/iquilibrio\/","https:\/\/br.pinterest.com\/iquilibrio1397\/","https:\/\/www.youtube.com\/channel\/UC175qxd-4Zsi4wzawT5zF2g"]},{"@type":"Person","@id":"https:\/\/www.iquilibrio.com\/blog\/#\/schema\/person\/d2f074e5b1b29087bc21673b609b4199","name":"Juliana Almeida Cordeiro","image":{"@type":"ImageObject","inLanguage":"pt-BR","@id":"https:\/\/www.iquilibrio.com\/blog\/wp-content\/uploads\/2024\/11\/IMG_20240925_202319_927-150x150.webp","url":"https:\/\/www.iquilibrio.com\/blog\/wp-content\/uploads\/2024\/11\/IMG_20240925_202319_927-150x150.webp","contentUrl":"https:\/\/www.iquilibrio.com\/blog\/wp-content\/uploads\/2024\/11\/IMG_20240925_202319_927-150x150.webp","caption":"Juliana Almeida Cordeiro"},"description":"Escritora, redatora, leitora \u00e1vida - inclusive de Tarot. Trabalho com as palavras para construir cada vez mais boas hist\u00f3rias, na fic\u00e7\u00e3o, nos blogs e na vida.","sameAs":["https:\/\/www.instagram.com\/leituraslunares","https:\/\/www.linkedin.com\/in\/jualmeidacordeiro\/"],"url":"https:\/\/www.iquilibrio.com\/blog\/author\/juliana-almeida\/"}]}},"_links":{"self":[{"href":"https:\/\/www.iquilibrio.com\/blog\/wp-json\/wp\/v2\/posts\/41649","targetHints":{"allow":["GET"]}}],"collection":[{"href":"https:\/\/www.iquilibrio.com\/blog\/wp-json\/wp\/v2\/posts"}],"about":[{"href":"https:\/\/www.iquilibrio.com\/blog\/wp-json\/wp\/v2\/types\/post"}],"author":[{"embeddable":true,"href":"https:\/\/www.iquilibrio.com\/blog\/wp-json\/wp\/v2\/users\/166"}],"replies":[{"embeddable":true,"href":"https:\/\/www.iquilibrio.com\/blog\/wp-json\/wp\/v2\/comments?post=41649"}],"version-history":[{"count":4,"href":"https:\/\/www.iquilibrio.com\/blog\/wp-json\/wp\/v2\/posts\/41649\/revisions"}],"predecessor-version":[{"id":41715,"href":"https:\/\/www.iquilibrio.com\/blog\/wp-json\/wp\/v2\/posts\/41649\/revisions\/41715"}],"wp:featuredmedia":[{"embeddable":true,"href":"https:\/\/www.iquilibrio.com\/blog\/wp-json\/wp\/v2\/media\/41716"}],"wp:attachment":[{"href":"https:\/\/www.iquilibrio.com\/blog\/wp-json\/wp\/v2\/media?parent=41649"}],"wp:term":[{"taxonomy":"category","embeddable":true,"href":"https:\/\/www.iquilibrio.com\/blog\/wp-json\/wp\/v2\/categories?post=41649"},{"taxonomy":"post_tag","embeddable":true,"href":"https:\/\/www.iquilibrio.com\/blog\/wp-json\/wp\/v2\/tags?post=41649"}],"curies":[{"name":"wp","href":"https:\/\/api.w.org\/{rel}","templated":true}]}}