{"id":41460,"date":"2025-01-06T10:31:37","date_gmt":"2025-01-06T13:31:37","guid":{"rendered":"https:\/\/www.iquilibrio.com\/blog\/?p=41460"},"modified":"2025-01-06T10:31:37","modified_gmt":"2025-01-06T13:31:37","slug":"ciclo-lunar-semanal-06-01-a-12-01","status":"publish","type":"post","link":"https:\/\/www.iquilibrio.com\/blog\/ciclo-lunar-semanal\/ciclo-lunar-semanal-06-01-a-12-01\/","title":{"rendered":"A Energia dos Ciclos Lunares de 06\/01 a 12\/01, por Emylian Kali"},"content":{"rendered":"<h2><b>Impulsos, Conex\u00f5es e Nutri\u00e7\u00e3o Emocional<\/b><\/h2>\n<p><span style=\"font-weight: 400;\">Querido (a) leitor (a) lunar, a semana que se estende de 06 a 12 de janeiro nos conduz por um ciclo lunar cheio de energia vibrante e momentos de introspec\u00e7\u00e3o.<\/span><\/p>\n<p><span style=\"font-weight: 400;\">A Lua Crescente em \u00c1ries, no dia 06, inicia essa jornada com uma for\u00e7a arrebatadora, convidando-nos a agir, tomar decis\u00f5es corajosas e plantar as sementes de nossas inten\u00e7\u00f5es.<\/span><\/p>\n<p><span style=\"font-weight: 400;\">\u00c1ries nos chama para o movimento, despertando a vontade de conquistar e enfrentar desafios com entusiasmo. O que est\u00e1 esperando por voc\u00ea neste novo cap\u00edtulo?<\/span><\/p>\n<p><span style=\"font-weight: 400;\">Nos dias 07 e 08, a lua entra em Touro, trazendo uma pausa necess\u00e1ria para enraizar nossas a\u00e7\u00f5es e buscar estabilidade. A energia taurina nos relembra a import\u00e2ncia de cuidar do corpo e valorizar a simplicidade, sendo ideal para investir naquilo que traz conforto e seguran\u00e7a, seja emocional, financeira ou f\u00edsica. D\u00ea os passos necess\u00e1rios para que voc\u00ea possa fortalecer suas bases pessoais.<\/span><\/p>\n<p><span style=\"font-weight: 400;\">De 09 a 11 de janeiro, a Lua em G\u00eameos transforma o ritmo, trazendo leveza e curiosidade. A mente se abre para novas ideias, e as conversas se tornam ferramentas preciosas para conex\u00f5es e aprendizados. E assim compartilhar, explorar e expandir seu entendimento sobre o mundo e sobre si mesmo para pode aprender ou expressar durante esses dias de troca energ\u00e9tica.<\/span><\/p>\n<p><span style=\"font-weight: 400;\">Por fim, no dia 12, a lua come\u00e7a sua entrada em C\u00e2ncer, preparando-nos para um mergulho mais profundo nas emo\u00e7\u00f5es. C\u00e2ncer nos envolve com sua energia acolhedora, convidando-nos a cuidar de nossos lares internos e externos, busque nutrir as rela\u00e7\u00f5es que aquecem o seu cora\u00e7\u00e3o e refletir sobre o que realmente te traz seguran\u00e7a.<\/span><\/p>\n<p style=\"text-align: center;\"><span class=\"td_btn td_btn_md td_round_btn\" style=\"color: #ffffff; background-color: #666699;\"><a style=\"color: #ffffff; background-color: #666699;\" href=\"https:\/\/www.iquilibrio.com\/tarot\/?utm_campaign=blog_conversao&amp;utm_medium=texto_cta&amp;utm_source=blog&amp;utm_content=2025_cat_astrologia_art_ciclo-lunar-semanal-06-01-a-12-01\" target=\"_blank\" rel=\"noopener\">Fa\u00e7a uma consulta com o Tarot e saiba como aproveitar a energia que te cerca!<\/a><\/span><\/p>\n<hr \/>\n<h3><b>&#x1f317;<\/b><b> Lua Crescente em <\/b><b>&#x2648;<\/b> <b>\u00c1ries (06\/01)<\/b><\/h3>\n<p><b>Energia: <\/b><span style=\"font-weight: 400;\">A Lua Crescente em \u00c1ries traz energia e dinamismo. E ao iniciar projetos e tomar decis\u00f5es ousadas, tente confiar nos pr\u00f3prios instintos. A influ\u00eancia ariana nos d\u00e1 coragem para enfrentar desafios e perseguir objetivos com paix\u00e3o.<\/span><\/p>\n<p><b>Dica da Semana: <\/b><span style=\"font-weight: 400;\">Aproveite para dar o primeiro passo em algo que voc\u00ea vinha adiando. Priorize a\u00e7\u00f5es que exijam determina\u00e7\u00e3o e autoconfian\u00e7a. Evite agir por impulso, mas n\u00e3o deixe o medo travar suas iniciativas.<\/span><\/p>\n<p><b>Incenso: <\/b><span style=\"font-weight: 400;\">Canela e cravo para aumentar a energia e a coragem.<\/span><\/p>\n<p><b>Ritual: <\/b><span style=\"font-weight: 400;\">Escreva uma meta importante em um papel. Coloque-o sob uma vela vermelha e mentalize a conquista do objetivo. Ao final, guarde o papel em sua carteira ou agenda como lembrete do compromisso consigo mesmo.<\/span><\/p>\n<p><b>Mantra<\/b><span style=\"font-weight: 400;\">: <\/span><span style=\"font-weight: 400;\">&#8220;Eu ajo com coragem e determina\u00e7\u00e3o, confiando no meu poder de criar o futuro que desejo.&#8221;<\/span><\/p>\n<hr \/>\n<h3><b>&#x1f313;<\/b><b> Lua em <\/b><b>&#x2649;<\/b> <b>Touro (07\/01 a 08\/01)<\/b><\/h3>\n<p><b>Energia<\/b><span style=\"font-weight: 400;\">:<\/span><\/p>\n<p><span style=\"font-weight: 400;\">A passagem da Lua por Touro traz estabilidade e foco. V\u00e1 em busca de cuidar do corpo e das finan\u00e7as, priorizando o que traz seguran\u00e7a e conforto. A energia taurina nos ensina a desacelerar e valorizar o que \u00e9 simples e essencial.<\/span><\/p>\n<p><b>Dica da Semana<\/b><span style=\"font-weight: 400;\">: <\/span><span style=\"font-weight: 400;\">Organize seu espa\u00e7o e cuide de suas finan\u00e7as. Foque em a\u00e7\u00f5es pr\u00e1ticas e evite gastos impulsivos. Aproveite para se reconectar com a natureza, mesmo que seja por meio de uma caminhada ao ar livre.<\/span><\/p>\n<p><b>Incenso<\/b><span style=\"font-weight: 400;\">: <\/span><span style=\"font-weight: 400;\">S\u00e2ndalo e patchouli, que promovem aterramento e serenidade.<\/span><\/p>\n<p><b>Ritual<\/b><span style=\"font-weight: 400;\">: <\/span><span style=\"font-weight: 400;\">Prepare uma infus\u00e3o de camomila e mel, sentando-se em um local tranquilo para saborear a bebida. Enquanto faz isso, visualize suas ra\u00edzes se conectando com a terra, trazendo estabilidade e calma.<\/span><\/p>\n<p><b>Mantra<\/b><span style=\"font-weight: 400;\">: <\/span><span style=\"font-weight: 400;\">&#8220;Eu cultivo estabilidade e serenidade, honrando o que me nutre e sustenta.&#8221;<\/span><\/p>\n<hr \/>\n<h3><b>&#x1f314;<\/b><b> Lua em<\/b> <b>&#x264a;<\/b><b> G\u00eameos (09\/01 a 11\/01)<\/b><\/h3>\n<p><b>Energia<\/b><span style=\"font-weight: 400;\">: <\/span><span style=\"font-weight: 400;\">A Lua em G\u00eameos traz leveza e curiosidade, sendo excelente para se comunicar, aprender algo novo e explorar diferentes perspectivas. A energia geminiana favorece a troca de ideias e o networking.<\/span><\/p>\n<p><b>Dica da Semana<\/b><span style=\"font-weight: 400;\">: <\/span><span style=\"font-weight: 400;\">Converse com pessoas que podem trazer novas vis\u00f5es. Leia, escreva ou estude algo que inspire sua mente. Lembre-se de equilibrar a dispers\u00e3o com foco nas tarefas essenciais.<\/span><\/p>\n<p><b>Incenso<\/b><span style=\"font-weight: 400;\">: <\/span><span style=\"font-weight: 400;\">Lavanda e hortel\u00e3 para estimular a mente e promover clareza.<\/span><\/p>\n<p><b>Ritual<\/b><span style=\"font-weight: 400;\">: <\/span><span style=\"font-weight: 400;\">Escreva em um papel tr\u00eas ideias ou projetos que deseja desenvolver. Dobre o papel e guarde-o em um livro que voc\u00ea goste de ler. Releia as ideias na pr\u00f3xima Lua Nova, revisitando suas inten\u00e7\u00f5es.<\/span><\/p>\n<p><b>Mantra<\/b><span style=\"font-weight: 400;\">: <\/span><span style=\"font-weight: 400;\">&#8220;Eu me conecto com ideias e pessoas que inspiram e ampliam minha vis\u00e3o do mundo.&#8221;<\/span><\/p>\n<hr \/>\n<h3><b>&#x1f314;<\/b><b> Lua em <\/b><b>&#x264b;<\/b> <b>C\u00e2ncer (12\/01)<\/b><\/h3>\n<p><b>Energia<\/b><span style=\"font-weight: 400;\">: <\/span><span style=\"font-weight: 400;\">Com a Lua entrando em C\u00e2ncer, a energia ganha um tom mais introspectivo e emocional, e assim se reconectar com suas ra\u00edzes e cuidar de suas necessidades emocionais. O lar e a fam\u00edlia ganham destaque, assim como sua rela\u00e7\u00e3o consigo mesmo.<\/span><\/p>\n<p><b>Dica da Semana<\/b><span style=\"font-weight: 400;\">: <\/span><span style=\"font-weight: 400;\">Permita-se momentos de acolhimento. Fa\u00e7a algo que nutra sua alma, como cozinhar uma refei\u00e7\u00e3o caseira, passar tempo com pessoas queridas ou simplesmente descansar em casa.<\/span><\/p>\n<p><b>Incenso<\/b><span style=\"font-weight: 400;\">: <\/span><span style=\"font-weight: 400;\">Rosa branca e palo santo para limpeza emocional e fortalecimento da conex\u00e3o com o cora\u00e7\u00e3o.<\/span><\/p>\n<p><b>Ritual<\/b><span style=\"font-weight: 400;\">: <\/span><span style=\"font-weight: 400;\">Prepare um banho de ervas com p\u00e9talas de rosa e folhas de manjeric\u00e3o. Durante o banho, visualize suas emo\u00e7\u00f5es sendo acolhidas e purificadas. Finalize com uma medita\u00e7\u00e3o focada em gratid\u00e3o.<\/span><\/p>\n<p><b>Mantra<\/b><span style=\"font-weight: 400;\">: <\/span><span style=\"font-weight: 400;\">&#8220;Eu acolho minhas emo\u00e7\u00f5es com amor e permito que elas me guiem com sabedoria.<\/span><\/p>\n<hr \/>\n<p><img loading=\"lazy\" decoding=\"async\" class=\"wp-image-40073 alignleft td-animation-stack-type0-2\" src=\"https:\/\/www.iquilibrio.com\/blog\/wp-content\/uploads\/2024\/01\/Emylian-Kali-Astrocentro.png\" sizes=\"auto, (max-width: 189px) 100vw, 189px\" srcset=\"https:\/\/www.iquilibrio.com\/blog\/wp-content\/uploads\/2024\/01\/Emylian-Kali-Astrocentro.png 334w, https:\/\/www.iquilibrio.com\/blog\/wp-content\/uploads\/2024\/01\/Emylian-Kali-Astrocentro-296x300.png 296w\" alt=\"\" width=\"189\" height=\"191\" \/>Como oraculista profissional e bruxo, Emylian trabalha com diversas formas de energia e espiritualidade, fornecendo orienta\u00e7\u00e3o e aconselhamento em \u00e1reas como relacionamentos, carreira, finan\u00e7as, sa\u00fade e muito mais.<\/p>\n<p>A jornada espiritual de Emylian come\u00e7ou na inf\u00e2ncia, aos 5 anos de idade, quando teve seu primeiro contato visual com o mundo espiritual.<\/p>\n\n\n<div class=\"kk-star-ratings kksr-auto kksr-align-left kksr-valign-bottom\"\n    data-payload='{&quot;align&quot;:&quot;left&quot;,&quot;id&quot;:&quot;41460&quot;,&quot;slug&quot;:&quot;default&quot;,&quot;valign&quot;:&quot;bottom&quot;,&quot;ignore&quot;:&quot;&quot;,&quot;reference&quot;:&quot;auto&quot;,&quot;class&quot;:&quot;&quot;,&quot;count&quot;:&quot;0&quot;,&quot;legendonly&quot;:&quot;&quot;,&quot;readonly&quot;:&quot;&quot;,&quot;score&quot;:&quot;0&quot;,&quot;starsonly&quot;:&quot;&quot;,&quot;best&quot;:&quot;5&quot;,&quot;gap&quot;:&quot;5&quot;,&quot;greet&quot;:&quot;Rate this post&quot;,&quot;legend&quot;:&quot;0\\\/5 - (0 voto)&quot;,&quot;size&quot;:&quot;24&quot;,&quot;title&quot;:&quot;A Energia dos Ciclos Lunares de 06\\\/01 a 12\\\/01, por Emylian Kali&quot;,&quot;width&quot;:&quot;0&quot;,&quot;_legend&quot;:&quot;{score}\\\/{best} - ({count} {votes})&quot;,&quot;font_factor&quot;:&quot;1.25&quot;}'>\n            \n<div class=\"kksr-stars\">\n    \n<div class=\"kksr-stars-inactive\">\n            <div class=\"kksr-star\" data-star=\"1\" style=\"padding-right: 5px\">\n            \n\n<div class=\"kksr-icon\" style=\"width: 24px; height: 24px;\"><\/div>\n        <\/div>\n            <div class=\"kksr-star\" data-star=\"2\" style=\"padding-right: 5px\">\n            \n\n<div class=\"kksr-icon\" style=\"width: 24px; height: 24px;\"><\/div>\n        <\/div>\n            <div class=\"kksr-star\" data-star=\"3\" style=\"padding-right: 5px\">\n            \n\n<div class=\"kksr-icon\" style=\"width: 24px; height: 24px;\"><\/div>\n        <\/div>\n            <div class=\"kksr-star\" data-star=\"4\" style=\"padding-right: 5px\">\n            \n\n<div class=\"kksr-icon\" style=\"width: 24px; height: 24px;\"><\/div>\n        <\/div>\n            <div class=\"kksr-star\" data-star=\"5\" style=\"padding-right: 5px\">\n            \n\n<div class=\"kksr-icon\" style=\"width: 24px; height: 24px;\"><\/div>\n        <\/div>\n    <\/div>\n    \n<div class=\"kksr-stars-active\" style=\"width: 0px;\">\n            <div class=\"kksr-star\" style=\"padding-right: 5px\">\n            \n\n<div class=\"kksr-icon\" style=\"width: 24px; height: 24px;\"><\/div>\n        <\/div>\n            <div class=\"kksr-star\" style=\"padding-right: 5px\">\n            \n\n<div class=\"kksr-icon\" style=\"width: 24px; height: 24px;\"><\/div>\n        <\/div>\n            <div class=\"kksr-star\" style=\"padding-right: 5px\">\n            \n\n<div class=\"kksr-icon\" style=\"width: 24px; height: 24px;\"><\/div>\n        <\/div>\n            <div class=\"kksr-star\" style=\"padding-right: 5px\">\n            \n\n<div class=\"kksr-icon\" style=\"width: 24px; height: 24px;\"><\/div>\n        <\/div>\n            <div class=\"kksr-star\" style=\"padding-right: 5px\">\n            \n\n<div class=\"kksr-icon\" style=\"width: 24px; height: 24px;\"><\/div>\n        <\/div>\n    <\/div>\n<\/div>\n                \n\n<div class=\"kksr-legend\" style=\"font-size: 19.2px;\">\n            <span class=\"kksr-muted\">Rate this post<\/span>\n    <\/div>\n    <\/div>\n","protected":false},"excerpt":{"rendered":"<p>Impulsos, Conex\u00f5es e Nutri\u00e7\u00e3o Emocional Querido (a) leitor (a) lunar, a semana que se estende de 06 a 12 de janeiro nos conduz por um ciclo lunar cheio de energia vibrante e momentos de introspec\u00e7\u00e3o. A Lua Crescente em \u00c1ries, no dia 06, inicia essa jornada com uma for\u00e7a arrebatadora, convidando-nos a agir, tomar decis\u00f5es [&hellip;]<\/p>\n","protected":false},"author":158,"featured_media":40190,"comment_status":"closed","ping_status":"closed","sticky":false,"template":"","format":"standard","meta":{"footnotes":""},"categories":[4893],"tags":[],"class_list":["post-41460","post","type-post","status-publish","format-standard","has-post-thumbnail","hentry","category-ciclo-lunar-semanal"],"yoast_head":"<!-- This site is optimized with the Yoast SEO plugin v27.4 - https:\/\/yoast.com\/product\/yoast-seo-wordpress\/ -->\n<title>A Energia dos Ciclos Lunares de 06\/01 a 12\/01, por Emylian Kali - iQuilibrio<\/title>\n<meta name=\"robots\" content=\"index, follow, max-snippet:-1, max-image-preview:large, max-video-preview:-1\" \/>\n<link rel=\"canonical\" href=\"https:\/\/www.iquilibrio.com\/blog\/ciclo-lunar-semanal\/ciclo-lunar-semanal-06-01-a-12-01\/\" \/>\n<meta property=\"og:locale\" content=\"pt_BR\" \/>\n<meta property=\"og:type\" content=\"article\" \/>\n<meta property=\"og:title\" content=\"A Energia dos Ciclos Lunares de 06\/01 a 12\/01, por Emylian Kali - iQuilibrio\" \/>\n<meta property=\"og:description\" content=\"Impulsos, Conex\u00f5es e Nutri\u00e7\u00e3o Emocional Querido (a) leitor (a) lunar, a semana que se estende de 06 a 12 de janeiro nos conduz por um ciclo lunar cheio de energia vibrante e momentos de introspec\u00e7\u00e3o. A Lua Crescente em \u00c1ries, no dia 06, inicia essa jornada com uma for\u00e7a arrebatadora, convidando-nos a agir, tomar decis\u00f5es [&hellip;]\" \/>\n<meta property=\"og:url\" content=\"https:\/\/www.iquilibrio.com\/blog\/ciclo-lunar-semanal\/ciclo-lunar-semanal-06-01-a-12-01\/\" \/>\n<meta property=\"og:site_name\" content=\"iQuilibrio\" \/>\n<meta property=\"article:publisher\" content=\"https:\/\/www.facebook.com\/iQuilibrio\/\" \/>\n<meta property=\"article:published_time\" content=\"2025-01-06T13:31:37+00:00\" \/>\n<meta property=\"og:image\" content=\"https:\/\/www.iquilibrio.com\/blog\/wp-content\/uploads\/2024\/02\/BLOG-Passagens-lunares-iQui.jpg\" \/>\n\t<meta property=\"og:image:width\" content=\"900\" \/>\n\t<meta property=\"og:image:height\" content=\"560\" \/>\n\t<meta property=\"og:image:type\" content=\"image\/jpeg\" \/>\n<meta name=\"author\" content=\"Arthur Peroni\" \/>\n<meta name=\"twitter:card\" content=\"summary_large_image\" \/>\n<meta name=\"twitter:creator\" content=\"@iquilibrio\" \/>\n<meta name=\"twitter:site\" content=\"@iquilibrio\" \/>\n<meta name=\"twitter:label1\" content=\"Escrito por\" \/>\n\t<meta name=\"twitter:data1\" content=\"Arthur Peroni\" \/>\n\t<meta name=\"twitter:label2\" content=\"Est. tempo de leitura\" \/>\n\t<meta name=\"twitter:data2\" content=\"6 minutos\" \/>\n<script type=\"application\/ld+json\" class=\"yoast-schema-graph\">{\"@context\":\"https:\\\/\\\/schema.org\",\"@graph\":[{\"@type\":\"Article\",\"@id\":\"https:\\\/\\\/www.iquilibrio.com\\\/blog\\\/ciclo-lunar-semanal\\\/ciclo-lunar-semanal-06-01-a-12-01\\\/#article\",\"isPartOf\":{\"@id\":\"https:\\\/\\\/www.iquilibrio.com\\\/blog\\\/ciclo-lunar-semanal\\\/ciclo-lunar-semanal-06-01-a-12-01\\\/\"},\"author\":{\"name\":\"Arthur Peroni\",\"@id\":\"https:\\\/\\\/www.iquilibrio.com\\\/blog\\\/#\\\/schema\\\/person\\\/21ae990723c2e5a1170c9a06dacb4d3d\"},\"headline\":\"A Energia dos Ciclos Lunares de 06\\\/01 a 12\\\/01, por Emylian Kali\",\"datePublished\":\"2025-01-06T13:31:37+00:00\",\"mainEntityOfPage\":{\"@id\":\"https:\\\/\\\/www.iquilibrio.com\\\/blog\\\/ciclo-lunar-semanal\\\/ciclo-lunar-semanal-06-01-a-12-01\\\/\"},\"wordCount\":955,\"publisher\":{\"@id\":\"https:\\\/\\\/www.iquilibrio.com\\\/blog\\\/#organization\"},\"image\":{\"@id\":\"https:\\\/\\\/www.iquilibrio.com\\\/blog\\\/ciclo-lunar-semanal\\\/ciclo-lunar-semanal-06-01-a-12-01\\\/#primaryimage\"},\"thumbnailUrl\":\"https:\\\/\\\/www.iquilibrio.com\\\/blog\\\/wp-content\\\/uploads\\\/2024\\\/02\\\/BLOG-Passagens-lunares-iQui.jpg\",\"articleSection\":[\"Ciclo Lunar semanal\"],\"inLanguage\":\"pt-BR\"},{\"@type\":\"WebPage\",\"@id\":\"https:\\\/\\\/www.iquilibrio.com\\\/blog\\\/ciclo-lunar-semanal\\\/ciclo-lunar-semanal-06-01-a-12-01\\\/\",\"url\":\"https:\\\/\\\/www.iquilibrio.com\\\/blog\\\/ciclo-lunar-semanal\\\/ciclo-lunar-semanal-06-01-a-12-01\\\/\",\"name\":\"A Energia dos Ciclos Lunares de 06\\\/01 a 12\\\/01, por Emylian Kali - iQuilibrio\",\"isPartOf\":{\"@id\":\"https:\\\/\\\/www.iquilibrio.com\\\/blog\\\/#website\"},\"primaryImageOfPage\":{\"@id\":\"https:\\\/\\\/www.iquilibrio.com\\\/blog\\\/ciclo-lunar-semanal\\\/ciclo-lunar-semanal-06-01-a-12-01\\\/#primaryimage\"},\"image\":{\"@id\":\"https:\\\/\\\/www.iquilibrio.com\\\/blog\\\/ciclo-lunar-semanal\\\/ciclo-lunar-semanal-06-01-a-12-01\\\/#primaryimage\"},\"thumbnailUrl\":\"https:\\\/\\\/www.iquilibrio.com\\\/blog\\\/wp-content\\\/uploads\\\/2024\\\/02\\\/BLOG-Passagens-lunares-iQui.jpg\",\"datePublished\":\"2025-01-06T13:31:37+00:00\",\"breadcrumb\":{\"@id\":\"https:\\\/\\\/www.iquilibrio.com\\\/blog\\\/ciclo-lunar-semanal\\\/ciclo-lunar-semanal-06-01-a-12-01\\\/#breadcrumb\"},\"inLanguage\":\"pt-BR\",\"potentialAction\":[{\"@type\":\"ReadAction\",\"target\":[\"https:\\\/\\\/www.iquilibrio.com\\\/blog\\\/ciclo-lunar-semanal\\\/ciclo-lunar-semanal-06-01-a-12-01\\\/\"]}]},{\"@type\":\"ImageObject\",\"inLanguage\":\"pt-BR\",\"@id\":\"https:\\\/\\\/www.iquilibrio.com\\\/blog\\\/ciclo-lunar-semanal\\\/ciclo-lunar-semanal-06-01-a-12-01\\\/#primaryimage\",\"url\":\"https:\\\/\\\/www.iquilibrio.com\\\/blog\\\/wp-content\\\/uploads\\\/2024\\\/02\\\/BLOG-Passagens-lunares-iQui.jpg\",\"contentUrl\":\"https:\\\/\\\/www.iquilibrio.com\\\/blog\\\/wp-content\\\/uploads\\\/2024\\\/02\\\/BLOG-Passagens-lunares-iQui.jpg\",\"width\":900,\"height\":560},{\"@type\":\"BreadcrumbList\",\"@id\":\"https:\\\/\\\/www.iquilibrio.com\\\/blog\\\/ciclo-lunar-semanal\\\/ciclo-lunar-semanal-06-01-a-12-01\\\/#breadcrumb\",\"itemListElement\":[{\"@type\":\"ListItem\",\"position\":1,\"name\":\"In\u00edcio\",\"item\":\"https:\\\/\\\/www.iquilibrio.com\\\/blog\\\/\"},{\"@type\":\"ListItem\",\"position\":2,\"name\":\"A Energia dos Ciclos Lunares de 06\\\/01 a 12\\\/01, por Emylian Kali\"}]},{\"@type\":\"WebSite\",\"@id\":\"https:\\\/\\\/www.iquilibrio.com\\\/blog\\\/#website\",\"url\":\"https:\\\/\\\/www.iquilibrio.com\\\/blog\\\/\",\"name\":\"iQuilibrio\",\"description\":\"Blog iQuilibrio\",\"publisher\":{\"@id\":\"https:\\\/\\\/www.iquilibrio.com\\\/blog\\\/#organization\"},\"potentialAction\":[{\"@type\":\"SearchAction\",\"target\":{\"@type\":\"EntryPoint\",\"urlTemplate\":\"https:\\\/\\\/www.iquilibrio.com\\\/blog\\\/?s={search_term_string}\"},\"query-input\":{\"@type\":\"PropertyValueSpecification\",\"valueRequired\":true,\"valueName\":\"search_term_string\"}}],\"inLanguage\":\"pt-BR\"},{\"@type\":\"Organization\",\"@id\":\"https:\\\/\\\/www.iquilibrio.com\\\/blog\\\/#organization\",\"name\":\"Esoterismo, Misticismo e Tarot Online - iQuilibrio\",\"url\":\"https:\\\/\\\/www.iquilibrio.com\\\/blog\\\/\",\"logo\":{\"@type\":\"ImageObject\",\"inLanguage\":\"pt-BR\",\"@id\":\"https:\\\/\\\/www.iquilibrio.com\\\/blog\\\/#\\\/schema\\\/logo\\\/image\\\/\",\"url\":\"https:\\\/\\\/www.iquilibrio.com\\\/blog\\\/wp-content\\\/uploads\\\/2018\\\/12\\\/iquilibrio_lovo_vetor_preto-retina.png\",\"contentUrl\":\"https:\\\/\\\/www.iquilibrio.com\\\/blog\\\/wp-content\\\/uploads\\\/2018\\\/12\\\/iquilibrio_lovo_vetor_preto-retina.png\",\"width\":972,\"height\":180,\"caption\":\"Esoterismo, Misticismo e Tarot Online - iQuilibrio\"},\"image\":{\"@id\":\"https:\\\/\\\/www.iquilibrio.com\\\/blog\\\/#\\\/schema\\\/logo\\\/image\\\/\"},\"sameAs\":[\"https:\\\/\\\/www.facebook.com\\\/iQuilibrio\\\/\",\"https:\\\/\\\/x.com\\\/iquilibrio\",\"https:\\\/\\\/www.instagram.com\\\/iquilibrio\\\/\",\"https:\\\/\\\/www.linkedin.com\\\/company\\\/iquilibrio\\\/\",\"https:\\\/\\\/br.pinterest.com\\\/iquilibrio1397\\\/\",\"https:\\\/\\\/www.youtube.com\\\/channel\\\/UC175qxd-4Zsi4wzawT5zF2g\"]},{\"@type\":\"Person\",\"@id\":\"https:\\\/\\\/www.iquilibrio.com\\\/blog\\\/#\\\/schema\\\/person\\\/21ae990723c2e5a1170c9a06dacb4d3d\",\"name\":\"Arthur Peroni\",\"image\":{\"@type\":\"ImageObject\",\"inLanguage\":\"pt-BR\",\"@id\":\"https:\\\/\\\/www.iquilibrio.com\\\/blog\\\/wp-content\\\/uploads\\\/2023\\\/04\\\/Arthur-Peroni-150x150.jpg\",\"url\":\"https:\\\/\\\/www.iquilibrio.com\\\/blog\\\/wp-content\\\/uploads\\\/2023\\\/04\\\/Arthur-Peroni-150x150.jpg\",\"contentUrl\":\"https:\\\/\\\/www.iquilibrio.com\\\/blog\\\/wp-content\\\/uploads\\\/2023\\\/04\\\/Arthur-Peroni-150x150.jpg\",\"caption\":\"Arthur Peroni\"},\"description\":\"Arthur Peroni escreve sobre a vida, o universo e tudo mais. Amante da literatura m\u00edstica, e fic\u00e7\u00e3o, descobriu sua carreira de redator gra\u00e7as ao h\u00e1bito de leitura constante sobre fantasia e drama. Nas horas vagas, gosta de cozinhar, ler e ver filmes antigos. J\u00e1 trabalhou com, comunica\u00e7\u00e3o social, massoterapia, terapias hol\u00edsticas e design de interiores. Atualmente trabalha como redator SEO e se entusiasma com tudo o que \u00e9 esot\u00e9rico. Gosta de discutir sobre assuntos complexos e instigantes, e v\u00ea na escrita uma oportunidade de aprender e criar todos os dias, mentalmente e espiritualmente.\",\"url\":\"https:\\\/\\\/www.iquilibrio.com\\\/blog\\\/author\\\/raul-vinicius\\\/\"}]}<\/script>\n<!-- \/ Yoast SEO plugin. -->","yoast_head_json":{"title":"A Energia dos Ciclos Lunares de 06\/01 a 12\/01, por Emylian Kali - iQuilibrio","robots":{"index":"index","follow":"follow","max-snippet":"max-snippet:-1","max-image-preview":"max-image-preview:large","max-video-preview":"max-video-preview:-1"},"canonical":"https:\/\/www.iquilibrio.com\/blog\/ciclo-lunar-semanal\/ciclo-lunar-semanal-06-01-a-12-01\/","og_locale":"pt_BR","og_type":"article","og_title":"A Energia dos Ciclos Lunares de 06\/01 a 12\/01, por Emylian Kali - iQuilibrio","og_description":"Impulsos, Conex\u00f5es e Nutri\u00e7\u00e3o Emocional Querido (a) leitor (a) lunar, a semana que se estende de 06 a 12 de janeiro nos conduz por um ciclo lunar cheio de energia vibrante e momentos de introspec\u00e7\u00e3o. A Lua Crescente em \u00c1ries, no dia 06, inicia essa jornada com uma for\u00e7a arrebatadora, convidando-nos a agir, tomar decis\u00f5es [&hellip;]","og_url":"https:\/\/www.iquilibrio.com\/blog\/ciclo-lunar-semanal\/ciclo-lunar-semanal-06-01-a-12-01\/","og_site_name":"iQuilibrio","article_publisher":"https:\/\/www.facebook.com\/iQuilibrio\/","article_published_time":"2025-01-06T13:31:37+00:00","og_image":[{"width":900,"height":560,"url":"https:\/\/www.iquilibrio.com\/blog\/wp-content\/uploads\/2024\/02\/BLOG-Passagens-lunares-iQui.jpg","type":"image\/jpeg"}],"author":"Arthur Peroni","twitter_card":"summary_large_image","twitter_creator":"@iquilibrio","twitter_site":"@iquilibrio","twitter_misc":{"Escrito por":"Arthur Peroni","Est. tempo de leitura":"6 minutos"},"schema":{"@context":"https:\/\/schema.org","@graph":[{"@type":"Article","@id":"https:\/\/www.iquilibrio.com\/blog\/ciclo-lunar-semanal\/ciclo-lunar-semanal-06-01-a-12-01\/#article","isPartOf":{"@id":"https:\/\/www.iquilibrio.com\/blog\/ciclo-lunar-semanal\/ciclo-lunar-semanal-06-01-a-12-01\/"},"author":{"name":"Arthur Peroni","@id":"https:\/\/www.iquilibrio.com\/blog\/#\/schema\/person\/21ae990723c2e5a1170c9a06dacb4d3d"},"headline":"A Energia dos Ciclos Lunares de 06\/01 a 12\/01, por Emylian Kali","datePublished":"2025-01-06T13:31:37+00:00","mainEntityOfPage":{"@id":"https:\/\/www.iquilibrio.com\/blog\/ciclo-lunar-semanal\/ciclo-lunar-semanal-06-01-a-12-01\/"},"wordCount":955,"publisher":{"@id":"https:\/\/www.iquilibrio.com\/blog\/#organization"},"image":{"@id":"https:\/\/www.iquilibrio.com\/blog\/ciclo-lunar-semanal\/ciclo-lunar-semanal-06-01-a-12-01\/#primaryimage"},"thumbnailUrl":"https:\/\/www.iquilibrio.com\/blog\/wp-content\/uploads\/2024\/02\/BLOG-Passagens-lunares-iQui.jpg","articleSection":["Ciclo Lunar semanal"],"inLanguage":"pt-BR"},{"@type":"WebPage","@id":"https:\/\/www.iquilibrio.com\/blog\/ciclo-lunar-semanal\/ciclo-lunar-semanal-06-01-a-12-01\/","url":"https:\/\/www.iquilibrio.com\/blog\/ciclo-lunar-semanal\/ciclo-lunar-semanal-06-01-a-12-01\/","name":"A Energia dos Ciclos Lunares de 06\/01 a 12\/01, por Emylian Kali - iQuilibrio","isPartOf":{"@id":"https:\/\/www.iquilibrio.com\/blog\/#website"},"primaryImageOfPage":{"@id":"https:\/\/www.iquilibrio.com\/blog\/ciclo-lunar-semanal\/ciclo-lunar-semanal-06-01-a-12-01\/#primaryimage"},"image":{"@id":"https:\/\/www.iquilibrio.com\/blog\/ciclo-lunar-semanal\/ciclo-lunar-semanal-06-01-a-12-01\/#primaryimage"},"thumbnailUrl":"https:\/\/www.iquilibrio.com\/blog\/wp-content\/uploads\/2024\/02\/BLOG-Passagens-lunares-iQui.jpg","datePublished":"2025-01-06T13:31:37+00:00","breadcrumb":{"@id":"https:\/\/www.iquilibrio.com\/blog\/ciclo-lunar-semanal\/ciclo-lunar-semanal-06-01-a-12-01\/#breadcrumb"},"inLanguage":"pt-BR","potentialAction":[{"@type":"ReadAction","target":["https:\/\/www.iquilibrio.com\/blog\/ciclo-lunar-semanal\/ciclo-lunar-semanal-06-01-a-12-01\/"]}]},{"@type":"ImageObject","inLanguage":"pt-BR","@id":"https:\/\/www.iquilibrio.com\/blog\/ciclo-lunar-semanal\/ciclo-lunar-semanal-06-01-a-12-01\/#primaryimage","url":"https:\/\/www.iquilibrio.com\/blog\/wp-content\/uploads\/2024\/02\/BLOG-Passagens-lunares-iQui.jpg","contentUrl":"https:\/\/www.iquilibrio.com\/blog\/wp-content\/uploads\/2024\/02\/BLOG-Passagens-lunares-iQui.jpg","width":900,"height":560},{"@type":"BreadcrumbList","@id":"https:\/\/www.iquilibrio.com\/blog\/ciclo-lunar-semanal\/ciclo-lunar-semanal-06-01-a-12-01\/#breadcrumb","itemListElement":[{"@type":"ListItem","position":1,"name":"In\u00edcio","item":"https:\/\/www.iquilibrio.com\/blog\/"},{"@type":"ListItem","position":2,"name":"A Energia dos Ciclos Lunares de 06\/01 a 12\/01, por Emylian Kali"}]},{"@type":"WebSite","@id":"https:\/\/www.iquilibrio.com\/blog\/#website","url":"https:\/\/www.iquilibrio.com\/blog\/","name":"iQuilibrio","description":"Blog iQuilibrio","publisher":{"@id":"https:\/\/www.iquilibrio.com\/blog\/#organization"},"potentialAction":[{"@type":"SearchAction","target":{"@type":"EntryPoint","urlTemplate":"https:\/\/www.iquilibrio.com\/blog\/?s={search_term_string}"},"query-input":{"@type":"PropertyValueSpecification","valueRequired":true,"valueName":"search_term_string"}}],"inLanguage":"pt-BR"},{"@type":"Organization","@id":"https:\/\/www.iquilibrio.com\/blog\/#organization","name":"Esoterismo, Misticismo e Tarot Online - iQuilibrio","url":"https:\/\/www.iquilibrio.com\/blog\/","logo":{"@type":"ImageObject","inLanguage":"pt-BR","@id":"https:\/\/www.iquilibrio.com\/blog\/#\/schema\/logo\/image\/","url":"https:\/\/www.iquilibrio.com\/blog\/wp-content\/uploads\/2018\/12\/iquilibrio_lovo_vetor_preto-retina.png","contentUrl":"https:\/\/www.iquilibrio.com\/blog\/wp-content\/uploads\/2018\/12\/iquilibrio_lovo_vetor_preto-retina.png","width":972,"height":180,"caption":"Esoterismo, Misticismo e Tarot Online - iQuilibrio"},"image":{"@id":"https:\/\/www.iquilibrio.com\/blog\/#\/schema\/logo\/image\/"},"sameAs":["https:\/\/www.facebook.com\/iQuilibrio\/","https:\/\/x.com\/iquilibrio","https:\/\/www.instagram.com\/iquilibrio\/","https:\/\/www.linkedin.com\/company\/iquilibrio\/","https:\/\/br.pinterest.com\/iquilibrio1397\/","https:\/\/www.youtube.com\/channel\/UC175qxd-4Zsi4wzawT5zF2g"]},{"@type":"Person","@id":"https:\/\/www.iquilibrio.com\/blog\/#\/schema\/person\/21ae990723c2e5a1170c9a06dacb4d3d","name":"Arthur Peroni","image":{"@type":"ImageObject","inLanguage":"pt-BR","@id":"https:\/\/www.iquilibrio.com\/blog\/wp-content\/uploads\/2023\/04\/Arthur-Peroni-150x150.jpg","url":"https:\/\/www.iquilibrio.com\/blog\/wp-content\/uploads\/2023\/04\/Arthur-Peroni-150x150.jpg","contentUrl":"https:\/\/www.iquilibrio.com\/blog\/wp-content\/uploads\/2023\/04\/Arthur-Peroni-150x150.jpg","caption":"Arthur Peroni"},"description":"Arthur Peroni escreve sobre a vida, o universo e tudo mais. Amante da literatura m\u00edstica, e fic\u00e7\u00e3o, descobriu sua carreira de redator gra\u00e7as ao h\u00e1bito de leitura constante sobre fantasia e drama. Nas horas vagas, gosta de cozinhar, ler e ver filmes antigos. J\u00e1 trabalhou com, comunica\u00e7\u00e3o social, massoterapia, terapias hol\u00edsticas e design de interiores. Atualmente trabalha como redator SEO e se entusiasma com tudo o que \u00e9 esot\u00e9rico. Gosta de discutir sobre assuntos complexos e instigantes, e v\u00ea na escrita uma oportunidade de aprender e criar todos os dias, mentalmente e espiritualmente.","url":"https:\/\/www.iquilibrio.com\/blog\/author\/raul-vinicius\/"}]}},"_links":{"self":[{"href":"https:\/\/www.iquilibrio.com\/blog\/wp-json\/wp\/v2\/posts\/41460","targetHints":{"allow":["GET"]}}],"collection":[{"href":"https:\/\/www.iquilibrio.com\/blog\/wp-json\/wp\/v2\/posts"}],"about":[{"href":"https:\/\/www.iquilibrio.com\/blog\/wp-json\/wp\/v2\/types\/post"}],"author":[{"embeddable":true,"href":"https:\/\/www.iquilibrio.com\/blog\/wp-json\/wp\/v2\/users\/158"}],"replies":[{"embeddable":true,"href":"https:\/\/www.iquilibrio.com\/blog\/wp-json\/wp\/v2\/comments?post=41460"}],"version-history":[{"count":5,"href":"https:\/\/www.iquilibrio.com\/blog\/wp-json\/wp\/v2\/posts\/41460\/revisions"}],"predecessor-version":[{"id":41466,"href":"https:\/\/www.iquilibrio.com\/blog\/wp-json\/wp\/v2\/posts\/41460\/revisions\/41466"}],"wp:featuredmedia":[{"embeddable":true,"href":"https:\/\/www.iquilibrio.com\/blog\/wp-json\/wp\/v2\/media\/40190"}],"wp:attachment":[{"href":"https:\/\/www.iquilibrio.com\/blog\/wp-json\/wp\/v2\/media?parent=41460"}],"wp:term":[{"taxonomy":"category","embeddable":true,"href":"https:\/\/www.iquilibrio.com\/blog\/wp-json\/wp\/v2\/categories?post=41460"},{"taxonomy":"post_tag","embeddable":true,"href":"https:\/\/www.iquilibrio.com\/blog\/wp-json\/wp\/v2\/tags?post=41460"}],"curies":[{"name":"wp","href":"https:\/\/api.w.org\/{rel}","templated":true}]}}