{"id":41446,"date":"2024-12-31T12:52:55","date_gmt":"2024-12-31T15:52:55","guid":{"rendered":"https:\/\/www.iquilibrio.com\/blog\/?p=41446"},"modified":"2024-12-31T12:54:21","modified_gmt":"2024-12-31T15:54:21","slug":"a-energia-dos-ciclos-lunares-de-30-12-a-05-01","status":"publish","type":"post","link":"https:\/\/www.iquilibrio.com\/blog\/ciclo-lunar-semanal\/a-energia-dos-ciclos-lunares-de-30-12-a-05-01\/","title":{"rendered":"A Energia dos Ciclos Lunares de 30\/12 a 05\/01: Plantando as Primeiras Sementes do Ano Novo, por Emylian Kali"},"content":{"rendered":"<p><span style=\"font-weight: 400;\">Precioso(a) Leitor(a) Lunar, com o final do ano se aproximando, a semana final do ano nos traz a Lua Nova em Capric\u00f3rnio nos dias 30\/12 e 31\/12, e te convida a refletir sobre nossos objetivos e a buscar novos come\u00e7os com mais estrutura e foco.<\/span><\/p>\n<p><span style=\"font-weight: 400;\">\u00c9 aquela hora de definir inten\u00e7\u00f5es para o pr\u00f3ximo ano, pensar no que queremos alcan\u00e7ar e, mais importante ainda, tra\u00e7ar planos concretos para realizar nossos sonhos. Capric\u00f3rnio, com sua energia disciplinada e ambiciosa, nos desafia a ser realistas, mas tamb\u00e9m a sonhar grande, sem perder de vista os passos necess\u00e1rios para alcan\u00e7ar o que desejamos.<\/span><\/p>\n<p><span style=\"font-weight: 400;\">No in\u00edcio do ano em 01\/01 e 02\/01, a Lua se conecta com Aqu\u00e1rio, trazendo um vento fresco de inova\u00e7\u00e3o e liberdade. Aqui, somos impulsionados a pensar fora da caixa, a explorar novas formas de ver o mundo e a buscar solu\u00e7\u00f5es criativas para velhos problemas. Vamos olhar para o futuro com olhos vision\u00e1rios e questionar tudo o que n\u00e3o ressoa mais com nossos valores mais profundos.<\/span><\/p>\n<p><span style=\"font-weight: 400;\">\u00c9 uma fase de grande despertar, onde a busca pelo coletivo e pela autenticidade ganha for\u00e7a. O que voc\u00ea pode fazer para se conectar com o todo e contribuir para o bem comum enquanto continua a evoluir como indiv\u00edduo?<\/span><\/p>\n<p><span style=\"font-weight: 400;\">Em seguida, a Lua envolve Peixes em sua energia, entre os dias 03\/01 e 04\/01, e nos convida a mergulhar no reino dos sentimentos e da intui\u00e7\u00e3o, para assim desacelerar e se conectar com sua espiritualidade e explorar sua sensibilidade.<\/span><\/p>\n<p><span style=\"font-weight: 400;\">Peixes nos traz a beleza do desconhecido, nos lembra da import\u00e2ncia dos sonhos e da conex\u00e3o com a nossa ess\u00eancia mais profunda. Se voc\u00ea se sentir atra\u00eddo por atividades art\u00edsticas ou meditativas, permita-se explorar essas dimens\u00f5es com abertura. Sua intui\u00e7\u00e3o estar\u00e1 em alta, ent\u00e3o confie nela para gui\u00e1-lo em seus pr\u00f3ximos passos.<\/span><\/p>\n<p><span style=\"font-weight: 400;\">Finalmente, no dia 05\/01, a Lua come\u00e7a sua entrada em \u00c1ries, marcando o in\u00edcio de uma energia mais ousada e din\u00e2mica. Com \u00c1ries, a energia de a\u00e7\u00e3o, coragem e impulso \u00e0 frente ganha destaque. O ano come\u00e7a com uma explos\u00e3o de vitalidade e um desejo ardente de iniciar novos projetos ou dar in\u00edcio a mudan\u00e7as significativas.<\/span><\/p>\n<p><span style=\"font-weight: 400;\">Agora \u00e9 o momento de agir com confian\u00e7a e determina\u00e7\u00e3o, sem hesitar. Que desejos voc\u00ea est\u00e1 pronto para colocar em movimento? Que passos voc\u00ea pode dar, com coragem e ousadia, para come\u00e7ar o novo ciclo com toda a for\u00e7a?<\/span><\/p>\n<p style=\"text-align: center;\"><span class=\"td_btn td_btn_md td_round_btn\" style=\"color: #ffffff; background-color: #666699;\"><a style=\"color: #ffffff; background-color: #666699;\" href=\"https:\/\/www.iquilibrio.com\/tarot\/?utm_campaign=blog_conversao&amp;utm_medium=texto_cta&amp;utm_source=blog&amp;utm_content=2024_cat_astrologia_art_ano-novo-2025\" target=\"_blank\" rel=\"noopener\">Consulte-se com as cartas e descubra o que o Tarot revela para o seu Ano Novo!\u00a0<\/a><\/span><\/p>\n<hr \/>\n<h3><b>&#x1f311;<\/b><b> Lua Nova em <\/b><b>&#x2651; <\/b><b>Capric\u00f3rnio (30\/12)<\/b><\/h3>\n<p>&nbsp;<\/p>\n<p><b>Energia:<\/b><\/p>\n<p><span style=\"font-weight: 400;\">A Lua Nova chega em Capric\u00f3rnio como uma chamada para a responsabilidade, foco e a\u00e7\u00e3o estruturada. O ano novo come\u00e7a com a promessa de concretizar sonhos, mas de uma maneira pr\u00e1tica e focada no movimento que voc\u00ea sempre sonhou, mas com um plano claro e com metas bem definidas. Capric\u00f3rnio nos ensina a ter disciplina, paci\u00eancia e a construir o que desejamos com firmeza.<\/span><\/p>\n<p><b>Dica da Semana:<\/b><\/p>\n<p><span style=\"font-weight: 400;\">Aproveite essa Lua Nova para refletir sobre seus maiores objetivos para o pr\u00f3ximo ano. Seu momento de conquistar chegou e voc\u00ea precisa dar passos concretos em dire\u00e7\u00e3o a isso, portanto fa\u00e7a um planejamento estrat\u00e9gico e anote suas inten\u00e7\u00f5es com clareza.<\/span><\/p>\n<p><b>Incenso:<\/b><span style=\"font-weight: 400;\"><br \/>\n<\/span><\/p>\n<p><span style=\"font-weight: 400;\">O Cedro \u00e9 um auxiliar poderoso que ajuda a criar um ambiente de concentra\u00e7\u00e3o, estabilidade e de conex\u00e3o com os objetivos de longo prazo.<\/span><\/p>\n<p><b>Ritual:<\/b><span style=\"font-weight: 400;\"><br \/>\n<\/span><span style=\"font-weight: 400;\"><br \/>\n<\/span><span style=\"font-weight: 400;\">Escreva uma carta para o universo detalhando suas inten\u00e7\u00f5es para o pr\u00f3ximo ano, colocando n\u00e3o s\u00f3 suas metas, mas tamb\u00e9m como pretende alcan\u00e7\u00e1-las. Acenda uma vela verde, simbolizando crescimento e prosperidade, enquanto repete o mantra abaixo.<\/span><\/p>\n<p><b>Mantra:<\/b><span style=\"font-weight: 400;\"><br \/>\n<\/span><\/p>\n<p><span style=\"font-weight: 400;\">&#8220;Eu sou capaz de construir meus sonhos com paci\u00eancia, disciplina e determina\u00e7\u00e3o.&#8221;<\/span><\/p>\n<hr \/>\n<h3><b>&#x1f311;<\/b><b> Lua em<\/b> <b>&#x2652;<\/b> <b>Aqu\u00e1rio (01\/01 a 02\/01)<\/b><\/h3>\n<p><b>Energia:<\/b><span style=\"font-weight: 400;\"><br \/>\n<\/span><span style=\"font-weight: 400;\"><br \/>\n<\/span><span style=\"font-weight: 400;\">Quando a Lua vibrar energeticamente em Aqu\u00e1rio, sentimos uma aura mais leve e aberta \u00e0 inova\u00e7\u00e3o, nos chamando a pensar fora da caixa e a abra\u00e7ar o novo. Assim vamos adotar uma abordagem mais criativa em rela\u00e7\u00e3o aos nossos planos.<\/span><\/p>\n<p><span style=\"font-weight: 400;\">Aqu\u00e1rio nos inspira a conectar nossas metas ao bem coletivo, a explorar novas possibilidades e a expandir nossa vis\u00e3o de futuro.<\/span><\/p>\n<p><b>Dica da Semana:<\/b><span style=\"font-weight: 400;\"><br \/>\n<\/span><span style=\"font-weight: 400;\"><br \/>\n<\/span><span style=\"font-weight: 400;\">Permita-se pensar de forma mais livre e ousada. Pense no que voc\u00ea pode fazer para contribuir para algo maior e quais a\u00e7\u00f5es podem ajudar a construir um futuro mais colaborativo e inovador. Busque por solu\u00e7\u00f5es criativas e conecte-se com ideias revolucion\u00e1rias.<\/span><\/p>\n<p><b>Incenso:<\/b><span style=\"font-weight: 400;\"><br \/>\n<\/span><span style=\"font-weight: 400;\"><br \/>\n<\/span><span style=\"font-weight: 400;\">Aposte em Jasmim, pois ele \u00e9 perfeito para abrir a mente e expandir as possibilidades, convidando a criatividade e a inspira\u00e7\u00e3o.<\/span><\/p>\n<p><b>Ritual:<\/b><span style=\"font-weight: 400;\"><br \/>\n<\/span><span style=\"font-weight: 400;\"><br \/>\n<\/span><span style=\"font-weight: 400;\">Escreva uma carta para si mesmo sobre como deseja impactar positivamente o mundo ao seu redor. O que voc\u00ea quer deixar como legado? Coloque essa carta em um lugar especial, onde possa ser lembrado do seu potencial de transforma\u00e7\u00e3o.<\/span><\/p>\n<p><b>Mantra:<\/b><span style=\"font-weight: 400;\"><br \/>\n<\/span><span style=\"font-weight: 400;\"><br \/>\n<\/span><span style=\"font-weight: 400;\">&#8220;Eu sou parte do todo e minhas a\u00e7\u00f5es t\u00eam o poder de transformar o mundo ao meu redor.&#8221;<\/span><\/p>\n<hr \/>\n<h3><b>&#x1f311;<\/b><b> Lua em <\/b><b>&#x2653;<\/b> <b>Peixes (03\/01 a 04\/01)<\/b><\/h3>\n<p><b>Energia:<\/b><span style=\"font-weight: 400;\"><br \/>\n<\/span><span style=\"font-weight: 400;\"><br \/>\n<\/span><span style=\"font-weight: 400;\">A passagem energ\u00e9tica da Lua por Peixes, promove a\u00e7\u00e3o mais introspectiva, ideal para relaxar, refletir e se conectar com a espiritualidade.<\/span><\/p>\n<p><span style=\"font-weight: 400;\">Durante esses dias, \u00e9 importante ouvir a sua intui\u00e7\u00e3o e se permitir sonhar sem limita\u00e7\u00f5es. Peixes nos lembra da import\u00e2ncia de cuidar da alma, de liberar o controle e de confiar nos mist\u00e9rios do universo.<\/span><\/p>\n<p><b>Dica da Semana:<\/b><span style=\"font-weight: 400;\"><br \/>\n<\/span><span style=\"font-weight: 400;\"><br \/>\n<\/span><span style=\"font-weight: 400;\">Dedique-se a pr\u00e1ticas de autocuidado e introspec\u00e7\u00e3o. Medite, conecte-se com a natureza e permita-se descansar para recarregar as energias para o novo ciclo que se inicia. Escute sua intui\u00e7\u00e3o e aceite as mensagens que ela tem para voc\u00ea.<\/span><\/p>\n<p><b>Incenso:<\/b><span style=\"font-weight: 400;\"><br \/>\n<\/span><span style=\"font-weight: 400;\"><br \/>\n<\/span><span style=\"font-weight: 400;\">Mirra e Palo Santo s\u00e3o \u00f3timos para limpeza energ\u00e9tica e conex\u00e3o com o plano espiritual. Esses aromas profundos ajudam a criar um ambiente de calma e introspec\u00e7\u00e3o.<\/span><\/p>\n<p><b>Ritual:<\/b><span style=\"font-weight: 400;\"><br \/>\n<\/span><span style=\"font-weight: 400;\"><br \/>\n<\/span><span style=\"font-weight: 400;\">Prepare um banho de limpeza com lavanda e camomila, sentindo cada gota como um gesto de purifica\u00e7\u00e3o. Durante o banho, visualize-se envolto por uma luz suave e acolhedora, liberando todas as tens\u00f5es e preocupa\u00e7\u00f5es do ano que passou.<\/span><\/p>\n<p><b>Mantra:<\/b><span style=\"font-weight: 400;\"><br \/>\n<\/span><span style=\"font-weight: 400;\"><br \/>\n<\/span><span style=\"font-weight: 400;\">&#8220;Eu confio no fluxo da vida e me entrego ao processo de transforma\u00e7\u00e3o espiritual.&#8221;<\/span><\/p>\n<hr \/>\n<h3><b>&#x1f311;<\/b><b> Lua em<\/b> <b>&#x2648;<\/b> <b>\u00c1ries (05\/01)<\/b><\/h3>\n<p><b>Energia:<\/b><span style=\"font-weight: 400;\"><br \/>\n<\/span><span style=\"font-weight: 400;\"><br \/>\n<\/span><span style=\"font-weight: 400;\">A Lua come\u00e7a sua vibra\u00e7\u00e3o por \u00c1ries e traz um impulso de energia renovada e coragem. Com \u00c1ries, somos desafiados a dar o primeiro passo com confian\u00e7a, a come\u00e7ar algo novo e a agir sem hesita\u00e7\u00e3o. Esta fase lunar marca o in\u00edcio de um novo ciclo, onde a energia de a\u00e7\u00e3o, coragem e iniciativa est\u00e1 em alta.<\/span><\/p>\n<p><b>Dica da Semana:<\/b><span style=\"font-weight: 400;\"><br \/>\n<\/span><span style=\"font-weight: 400;\"><br \/>\n<\/span><span style=\"font-weight: 400;\">\u00c9 hora de dar o primeiro passo para realizar seus sonhos. Comece com pequenas a\u00e7\u00f5es que coloquem seus objetivos em movimento. A energia de \u00c1ries pede por ousadia, ent\u00e3o n\u00e3o tenha medo de agir com confian\u00e7a.<\/span><\/p>\n<p><b>Incenso:<\/b><span style=\"font-weight: 400;\"><br \/>\n<\/span><span style=\"font-weight: 400;\"><br \/>\n<\/span><span style=\"font-weight: 400;\">Fa\u00e7a uso do Cravo, que tem propriedades energizantes e estimula a a\u00e7\u00e3o, ajudando a trazer a energia necess\u00e1ria para come\u00e7ar novos projetos.<\/span><\/p>\n<p><b>Ritual:<\/b><span style=\"font-weight: 400;\"><br \/>\n<\/span><span style=\"font-weight: 400;\"><br \/>\n<\/span><span style=\"font-weight: 400;\">Fa\u00e7a uma lista de metas para o novo ano e, com um gesto de coragem, comece com uma a\u00e7\u00e3o simples, mas significativa, para iniciar sua jornada. Acenda uma vela vermelha para atrair for\u00e7a e determina\u00e7\u00e3o.<\/span><\/p>\n<p><b>Mantra:<\/b><span style=\"font-weight: 400;\"><br \/>\n<\/span><span style=\"font-weight: 400;\"><br \/>\n<\/span><span style=\"font-weight: 400;\">&#8220;Eu tomo as r\u00e9deas da minha vida e dou o primeiro passo com confian\u00e7a e coragem.&#8221;<\/span><span style=\"font-weight: 400;\"><br \/>\n<\/span><span style=\"font-weight: 400;\"><br \/>\n<\/span><b><\/b><\/p>\n<hr \/>\n<p><img loading=\"lazy\" decoding=\"async\" class=\"wp-image-40073 alignleft\" src=\"https:\/\/www.iquilibrio.com\/blog\/wp-content\/uploads\/2024\/01\/Emylian-Kali-Astrocentro.png\" sizes=\"auto, (max-width: 189px) 100vw, 189px\" srcset=\"https:\/\/www.iquilibrio.com\/blog\/wp-content\/uploads\/2024\/01\/Emylian-Kali-Astrocentro.png 334w, https:\/\/www.iquilibrio.com\/blog\/wp-content\/uploads\/2024\/01\/Emylian-Kali-Astrocentro-296x300.png 296w\" alt=\"\" width=\"189\" height=\"191\" \/>Como oraculista profissional e bruxo, Emylian trabalha com diversas formas de energia e espiritualidade, fornecendo orienta\u00e7\u00e3o e aconselhamento em \u00e1reas como relacionamentos, carreira, finan\u00e7as, sa\u00fade e muito mais.<\/p>\n<p>A jornada espiritual de Emylian come\u00e7ou na inf\u00e2ncia, aos 5 anos de idade, quando teve seu primeiro contato visual com o mundo espiritual.<\/p>\n<p>Desde ent\u00e3o, ele vem aprimorando sua mediunidade e explorando v\u00e1rias \u00e1reas da espiritualidade Como intuitivo, Emylian possui uma sensibilidade agu\u00e7ada para captar as energias e vibra\u00e7\u00f5es dos or\u00e1culos, bem como interpretar suas mensagens.<b><\/b><\/p>\n\n\n<div class=\"kk-star-ratings kksr-auto kksr-align-left kksr-valign-bottom\"\n    data-payload='{&quot;align&quot;:&quot;left&quot;,&quot;id&quot;:&quot;41446&quot;,&quot;slug&quot;:&quot;default&quot;,&quot;valign&quot;:&quot;bottom&quot;,&quot;ignore&quot;:&quot;&quot;,&quot;reference&quot;:&quot;auto&quot;,&quot;class&quot;:&quot;&quot;,&quot;count&quot;:&quot;0&quot;,&quot;legendonly&quot;:&quot;&quot;,&quot;readonly&quot;:&quot;&quot;,&quot;score&quot;:&quot;0&quot;,&quot;starsonly&quot;:&quot;&quot;,&quot;best&quot;:&quot;5&quot;,&quot;gap&quot;:&quot;5&quot;,&quot;greet&quot;:&quot;Rate this post&quot;,&quot;legend&quot;:&quot;0\\\/5 - (0 voto)&quot;,&quot;size&quot;:&quot;24&quot;,&quot;title&quot;:&quot;A Energia dos Ciclos Lunares de 30\\\/12 a 05\\\/01: Plantando as Primeiras Sementes do Ano Novo, por Emylian Kali&quot;,&quot;width&quot;:&quot;0&quot;,&quot;_legend&quot;:&quot;{score}\\\/{best} - ({count} {votes})&quot;,&quot;font_factor&quot;:&quot;1.25&quot;}'>\n            \n<div class=\"kksr-stars\">\n    \n<div class=\"kksr-stars-inactive\">\n            <div class=\"kksr-star\" data-star=\"1\" style=\"padding-right: 5px\">\n            \n\n<div class=\"kksr-icon\" style=\"width: 24px; height: 24px;\"><\/div>\n        <\/div>\n            <div class=\"kksr-star\" data-star=\"2\" style=\"padding-right: 5px\">\n            \n\n<div class=\"kksr-icon\" style=\"width: 24px; height: 24px;\"><\/div>\n        <\/div>\n            <div class=\"kksr-star\" data-star=\"3\" style=\"padding-right: 5px\">\n            \n\n<div class=\"kksr-icon\" style=\"width: 24px; height: 24px;\"><\/div>\n        <\/div>\n            <div class=\"kksr-star\" data-star=\"4\" style=\"padding-right: 5px\">\n            \n\n<div class=\"kksr-icon\" style=\"width: 24px; height: 24px;\"><\/div>\n        <\/div>\n            <div class=\"kksr-star\" data-star=\"5\" style=\"padding-right: 5px\">\n            \n\n<div class=\"kksr-icon\" style=\"width: 24px; height: 24px;\"><\/div>\n        <\/div>\n    <\/div>\n    \n<div class=\"kksr-stars-active\" style=\"width: 0px;\">\n            <div class=\"kksr-star\" style=\"padding-right: 5px\">\n            \n\n<div class=\"kksr-icon\" style=\"width: 24px; height: 24px;\"><\/div>\n        <\/div>\n            <div class=\"kksr-star\" style=\"padding-right: 5px\">\n            \n\n<div class=\"kksr-icon\" style=\"width: 24px; height: 24px;\"><\/div>\n        <\/div>\n            <div class=\"kksr-star\" style=\"padding-right: 5px\">\n            \n\n<div class=\"kksr-icon\" style=\"width: 24px; height: 24px;\"><\/div>\n        <\/div>\n            <div class=\"kksr-star\" style=\"padding-right: 5px\">\n            \n\n<div class=\"kksr-icon\" style=\"width: 24px; height: 24px;\"><\/div>\n        <\/div>\n            <div class=\"kksr-star\" style=\"padding-right: 5px\">\n            \n\n<div class=\"kksr-icon\" style=\"width: 24px; height: 24px;\"><\/div>\n        <\/div>\n    <\/div>\n<\/div>\n                \n\n<div class=\"kksr-legend\" style=\"font-size: 19.2px;\">\n            <span class=\"kksr-muted\">Rate this post<\/span>\n    <\/div>\n    <\/div>\n","protected":false},"excerpt":{"rendered":"<p>Precioso(a) Leitor(a) Lunar, com o final do ano se aproximando, a semana final do ano nos traz a Lua Nova em Capric\u00f3rnio nos dias 30\/12 e 31\/12, e te convida a refletir sobre nossos objetivos e a buscar novos come\u00e7os com mais estrutura e foco. \u00c9 aquela hora de definir inten\u00e7\u00f5es para o pr\u00f3ximo ano, [&hellip;]<\/p>\n","protected":false},"author":158,"featured_media":40190,"comment_status":"closed","ping_status":"closed","sticky":false,"template":"","format":"standard","meta":{"footnotes":""},"categories":[4893],"tags":[],"class_list":["post-41446","post","type-post","status-publish","format-standard","has-post-thumbnail","hentry","category-ciclo-lunar-semanal"],"yoast_head":"<!-- This site is optimized with the Yoast SEO plugin v27.4 - https:\/\/yoast.com\/product\/yoast-seo-wordpress\/ -->\n<title>A Energia dos Ciclos Lunares de 30\/12 a 05\/01: Plantando as Primeiras Sementes do Ano Novo, por Emylian Kali - iQuilibrio<\/title>\n<meta name=\"robots\" content=\"index, follow, max-snippet:-1, max-image-preview:large, max-video-preview:-1\" \/>\n<link rel=\"canonical\" href=\"https:\/\/www.iquilibrio.com\/blog\/ciclo-lunar-semanal\/a-energia-dos-ciclos-lunares-de-30-12-a-05-01\/\" \/>\n<meta property=\"og:locale\" content=\"pt_BR\" \/>\n<meta property=\"og:type\" content=\"article\" \/>\n<meta property=\"og:title\" content=\"A Energia dos Ciclos Lunares de 30\/12 a 05\/01: Plantando as Primeiras Sementes do Ano Novo, por Emylian Kali - iQuilibrio\" \/>\n<meta property=\"og:description\" content=\"Precioso(a) Leitor(a) Lunar, com o final do ano se aproximando, a semana final do ano nos traz a Lua Nova em Capric\u00f3rnio nos dias 30\/12 e 31\/12, e te convida a refletir sobre nossos objetivos e a buscar novos come\u00e7os com mais estrutura e foco. \u00c9 aquela hora de definir inten\u00e7\u00f5es para o pr\u00f3ximo ano, [&hellip;]\" \/>\n<meta property=\"og:url\" content=\"https:\/\/www.iquilibrio.com\/blog\/ciclo-lunar-semanal\/a-energia-dos-ciclos-lunares-de-30-12-a-05-01\/\" \/>\n<meta property=\"og:site_name\" content=\"iQuilibrio\" \/>\n<meta property=\"article:publisher\" content=\"https:\/\/www.facebook.com\/iQuilibrio\/\" \/>\n<meta property=\"article:published_time\" content=\"2024-12-31T15:52:55+00:00\" \/>\n<meta property=\"article:modified_time\" content=\"2024-12-31T15:54:21+00:00\" \/>\n<meta property=\"og:image\" content=\"https:\/\/www.iquilibrio.com\/blog\/wp-content\/uploads\/2024\/02\/BLOG-Passagens-lunares-iQui.jpg\" \/>\n\t<meta property=\"og:image:width\" content=\"900\" \/>\n\t<meta property=\"og:image:height\" content=\"560\" \/>\n\t<meta property=\"og:image:type\" content=\"image\/jpeg\" \/>\n<meta name=\"author\" content=\"Arthur Peroni\" \/>\n<meta name=\"twitter:card\" content=\"summary_large_image\" \/>\n<meta name=\"twitter:creator\" content=\"@iquilibrio\" \/>\n<meta name=\"twitter:site\" content=\"@iquilibrio\" \/>\n<meta name=\"twitter:label1\" content=\"Escrito por\" \/>\n\t<meta name=\"twitter:data1\" content=\"Arthur Peroni\" \/>\n\t<meta name=\"twitter:label2\" content=\"Est. tempo de leitura\" \/>\n\t<meta name=\"twitter:data2\" content=\"8 minutos\" \/>\n<script type=\"application\/ld+json\" class=\"yoast-schema-graph\">{\"@context\":\"https:\\\/\\\/schema.org\",\"@graph\":[{\"@type\":\"Article\",\"@id\":\"https:\\\/\\\/www.iquilibrio.com\\\/blog\\\/ciclo-lunar-semanal\\\/a-energia-dos-ciclos-lunares-de-30-12-a-05-01\\\/#article\",\"isPartOf\":{\"@id\":\"https:\\\/\\\/www.iquilibrio.com\\\/blog\\\/ciclo-lunar-semanal\\\/a-energia-dos-ciclos-lunares-de-30-12-a-05-01\\\/\"},\"author\":{\"name\":\"Arthur Peroni\",\"@id\":\"https:\\\/\\\/www.iquilibrio.com\\\/blog\\\/#\\\/schema\\\/person\\\/21ae990723c2e5a1170c9a06dacb4d3d\"},\"headline\":\"A Energia dos Ciclos Lunares de 30\\\/12 a 05\\\/01: Plantando as Primeiras Sementes do Ano Novo, por Emylian Kali\",\"datePublished\":\"2024-12-31T15:52:55+00:00\",\"dateModified\":\"2024-12-31T15:54:21+00:00\",\"mainEntityOfPage\":{\"@id\":\"https:\\\/\\\/www.iquilibrio.com\\\/blog\\\/ciclo-lunar-semanal\\\/a-energia-dos-ciclos-lunares-de-30-12-a-05-01\\\/\"},\"wordCount\":1370,\"publisher\":{\"@id\":\"https:\\\/\\\/www.iquilibrio.com\\\/blog\\\/#organization\"},\"image\":{\"@id\":\"https:\\\/\\\/www.iquilibrio.com\\\/blog\\\/ciclo-lunar-semanal\\\/a-energia-dos-ciclos-lunares-de-30-12-a-05-01\\\/#primaryimage\"},\"thumbnailUrl\":\"https:\\\/\\\/www.iquilibrio.com\\\/blog\\\/wp-content\\\/uploads\\\/2024\\\/02\\\/BLOG-Passagens-lunares-iQui.jpg\",\"articleSection\":[\"Ciclo Lunar semanal\"],\"inLanguage\":\"pt-BR\"},{\"@type\":\"WebPage\",\"@id\":\"https:\\\/\\\/www.iquilibrio.com\\\/blog\\\/ciclo-lunar-semanal\\\/a-energia-dos-ciclos-lunares-de-30-12-a-05-01\\\/\",\"url\":\"https:\\\/\\\/www.iquilibrio.com\\\/blog\\\/ciclo-lunar-semanal\\\/a-energia-dos-ciclos-lunares-de-30-12-a-05-01\\\/\",\"name\":\"A Energia dos Ciclos Lunares de 30\\\/12 a 05\\\/01: Plantando as Primeiras Sementes do Ano Novo, por Emylian Kali - iQuilibrio\",\"isPartOf\":{\"@id\":\"https:\\\/\\\/www.iquilibrio.com\\\/blog\\\/#website\"},\"primaryImageOfPage\":{\"@id\":\"https:\\\/\\\/www.iquilibrio.com\\\/blog\\\/ciclo-lunar-semanal\\\/a-energia-dos-ciclos-lunares-de-30-12-a-05-01\\\/#primaryimage\"},\"image\":{\"@id\":\"https:\\\/\\\/www.iquilibrio.com\\\/blog\\\/ciclo-lunar-semanal\\\/a-energia-dos-ciclos-lunares-de-30-12-a-05-01\\\/#primaryimage\"},\"thumbnailUrl\":\"https:\\\/\\\/www.iquilibrio.com\\\/blog\\\/wp-content\\\/uploads\\\/2024\\\/02\\\/BLOG-Passagens-lunares-iQui.jpg\",\"datePublished\":\"2024-12-31T15:52:55+00:00\",\"dateModified\":\"2024-12-31T15:54:21+00:00\",\"breadcrumb\":{\"@id\":\"https:\\\/\\\/www.iquilibrio.com\\\/blog\\\/ciclo-lunar-semanal\\\/a-energia-dos-ciclos-lunares-de-30-12-a-05-01\\\/#breadcrumb\"},\"inLanguage\":\"pt-BR\",\"potentialAction\":[{\"@type\":\"ReadAction\",\"target\":[\"https:\\\/\\\/www.iquilibrio.com\\\/blog\\\/ciclo-lunar-semanal\\\/a-energia-dos-ciclos-lunares-de-30-12-a-05-01\\\/\"]}]},{\"@type\":\"ImageObject\",\"inLanguage\":\"pt-BR\",\"@id\":\"https:\\\/\\\/www.iquilibrio.com\\\/blog\\\/ciclo-lunar-semanal\\\/a-energia-dos-ciclos-lunares-de-30-12-a-05-01\\\/#primaryimage\",\"url\":\"https:\\\/\\\/www.iquilibrio.com\\\/blog\\\/wp-content\\\/uploads\\\/2024\\\/02\\\/BLOG-Passagens-lunares-iQui.jpg\",\"contentUrl\":\"https:\\\/\\\/www.iquilibrio.com\\\/blog\\\/wp-content\\\/uploads\\\/2024\\\/02\\\/BLOG-Passagens-lunares-iQui.jpg\",\"width\":900,\"height\":560},{\"@type\":\"BreadcrumbList\",\"@id\":\"https:\\\/\\\/www.iquilibrio.com\\\/blog\\\/ciclo-lunar-semanal\\\/a-energia-dos-ciclos-lunares-de-30-12-a-05-01\\\/#breadcrumb\",\"itemListElement\":[{\"@type\":\"ListItem\",\"position\":1,\"name\":\"In\u00edcio\",\"item\":\"https:\\\/\\\/www.iquilibrio.com\\\/blog\\\/\"},{\"@type\":\"ListItem\",\"position\":2,\"name\":\"A Energia dos Ciclos Lunares de 30\\\/12 a 05\\\/01: Plantando as Primeiras Sementes do Ano Novo, por Emylian Kali\"}]},{\"@type\":\"WebSite\",\"@id\":\"https:\\\/\\\/www.iquilibrio.com\\\/blog\\\/#website\",\"url\":\"https:\\\/\\\/www.iquilibrio.com\\\/blog\\\/\",\"name\":\"iQuilibrio\",\"description\":\"Blog iQuilibrio\",\"publisher\":{\"@id\":\"https:\\\/\\\/www.iquilibrio.com\\\/blog\\\/#organization\"},\"potentialAction\":[{\"@type\":\"SearchAction\",\"target\":{\"@type\":\"EntryPoint\",\"urlTemplate\":\"https:\\\/\\\/www.iquilibrio.com\\\/blog\\\/?s={search_term_string}\"},\"query-input\":{\"@type\":\"PropertyValueSpecification\",\"valueRequired\":true,\"valueName\":\"search_term_string\"}}],\"inLanguage\":\"pt-BR\"},{\"@type\":\"Organization\",\"@id\":\"https:\\\/\\\/www.iquilibrio.com\\\/blog\\\/#organization\",\"name\":\"Esoterismo, Misticismo e Tarot Online - iQuilibrio\",\"url\":\"https:\\\/\\\/www.iquilibrio.com\\\/blog\\\/\",\"logo\":{\"@type\":\"ImageObject\",\"inLanguage\":\"pt-BR\",\"@id\":\"https:\\\/\\\/www.iquilibrio.com\\\/blog\\\/#\\\/schema\\\/logo\\\/image\\\/\",\"url\":\"https:\\\/\\\/www.iquilibrio.com\\\/blog\\\/wp-content\\\/uploads\\\/2018\\\/12\\\/iquilibrio_lovo_vetor_preto-retina.png\",\"contentUrl\":\"https:\\\/\\\/www.iquilibrio.com\\\/blog\\\/wp-content\\\/uploads\\\/2018\\\/12\\\/iquilibrio_lovo_vetor_preto-retina.png\",\"width\":972,\"height\":180,\"caption\":\"Esoterismo, Misticismo e Tarot Online - iQuilibrio\"},\"image\":{\"@id\":\"https:\\\/\\\/www.iquilibrio.com\\\/blog\\\/#\\\/schema\\\/logo\\\/image\\\/\"},\"sameAs\":[\"https:\\\/\\\/www.facebook.com\\\/iQuilibrio\\\/\",\"https:\\\/\\\/x.com\\\/iquilibrio\",\"https:\\\/\\\/www.instagram.com\\\/iquilibrio\\\/\",\"https:\\\/\\\/www.linkedin.com\\\/company\\\/iquilibrio\\\/\",\"https:\\\/\\\/br.pinterest.com\\\/iquilibrio1397\\\/\",\"https:\\\/\\\/www.youtube.com\\\/channel\\\/UC175qxd-4Zsi4wzawT5zF2g\"]},{\"@type\":\"Person\",\"@id\":\"https:\\\/\\\/www.iquilibrio.com\\\/blog\\\/#\\\/schema\\\/person\\\/21ae990723c2e5a1170c9a06dacb4d3d\",\"name\":\"Arthur Peroni\",\"image\":{\"@type\":\"ImageObject\",\"inLanguage\":\"pt-BR\",\"@id\":\"https:\\\/\\\/www.iquilibrio.com\\\/blog\\\/wp-content\\\/uploads\\\/2023\\\/04\\\/Arthur-Peroni-150x150.jpg\",\"url\":\"https:\\\/\\\/www.iquilibrio.com\\\/blog\\\/wp-content\\\/uploads\\\/2023\\\/04\\\/Arthur-Peroni-150x150.jpg\",\"contentUrl\":\"https:\\\/\\\/www.iquilibrio.com\\\/blog\\\/wp-content\\\/uploads\\\/2023\\\/04\\\/Arthur-Peroni-150x150.jpg\",\"caption\":\"Arthur Peroni\"},\"description\":\"Arthur Peroni escreve sobre a vida, o universo e tudo mais. Amante da literatura m\u00edstica, e fic\u00e7\u00e3o, descobriu sua carreira de redator gra\u00e7as ao h\u00e1bito de leitura constante sobre fantasia e drama. Nas horas vagas, gosta de cozinhar, ler e ver filmes antigos. J\u00e1 trabalhou com, comunica\u00e7\u00e3o social, massoterapia, terapias hol\u00edsticas e design de interiores. Atualmente trabalha como redator SEO e se entusiasma com tudo o que \u00e9 esot\u00e9rico. Gosta de discutir sobre assuntos complexos e instigantes, e v\u00ea na escrita uma oportunidade de aprender e criar todos os dias, mentalmente e espiritualmente.\",\"url\":\"https:\\\/\\\/www.iquilibrio.com\\\/blog\\\/author\\\/raul-vinicius\\\/\"}]}<\/script>\n<!-- \/ Yoast SEO plugin. -->","yoast_head_json":{"title":"A Energia dos Ciclos Lunares de 30\/12 a 05\/01: Plantando as Primeiras Sementes do Ano Novo, por Emylian Kali - iQuilibrio","robots":{"index":"index","follow":"follow","max-snippet":"max-snippet:-1","max-image-preview":"max-image-preview:large","max-video-preview":"max-video-preview:-1"},"canonical":"https:\/\/www.iquilibrio.com\/blog\/ciclo-lunar-semanal\/a-energia-dos-ciclos-lunares-de-30-12-a-05-01\/","og_locale":"pt_BR","og_type":"article","og_title":"A Energia dos Ciclos Lunares de 30\/12 a 05\/01: Plantando as Primeiras Sementes do Ano Novo, por Emylian Kali - iQuilibrio","og_description":"Precioso(a) Leitor(a) Lunar, com o final do ano se aproximando, a semana final do ano nos traz a Lua Nova em Capric\u00f3rnio nos dias 30\/12 e 31\/12, e te convida a refletir sobre nossos objetivos e a buscar novos come\u00e7os com mais estrutura e foco. \u00c9 aquela hora de definir inten\u00e7\u00f5es para o pr\u00f3ximo ano, [&hellip;]","og_url":"https:\/\/www.iquilibrio.com\/blog\/ciclo-lunar-semanal\/a-energia-dos-ciclos-lunares-de-30-12-a-05-01\/","og_site_name":"iQuilibrio","article_publisher":"https:\/\/www.facebook.com\/iQuilibrio\/","article_published_time":"2024-12-31T15:52:55+00:00","article_modified_time":"2024-12-31T15:54:21+00:00","og_image":[{"width":900,"height":560,"url":"https:\/\/www.iquilibrio.com\/blog\/wp-content\/uploads\/2024\/02\/BLOG-Passagens-lunares-iQui.jpg","type":"image\/jpeg"}],"author":"Arthur Peroni","twitter_card":"summary_large_image","twitter_creator":"@iquilibrio","twitter_site":"@iquilibrio","twitter_misc":{"Escrito por":"Arthur Peroni","Est. tempo de leitura":"8 minutos"},"schema":{"@context":"https:\/\/schema.org","@graph":[{"@type":"Article","@id":"https:\/\/www.iquilibrio.com\/blog\/ciclo-lunar-semanal\/a-energia-dos-ciclos-lunares-de-30-12-a-05-01\/#article","isPartOf":{"@id":"https:\/\/www.iquilibrio.com\/blog\/ciclo-lunar-semanal\/a-energia-dos-ciclos-lunares-de-30-12-a-05-01\/"},"author":{"name":"Arthur Peroni","@id":"https:\/\/www.iquilibrio.com\/blog\/#\/schema\/person\/21ae990723c2e5a1170c9a06dacb4d3d"},"headline":"A Energia dos Ciclos Lunares de 30\/12 a 05\/01: Plantando as Primeiras Sementes do Ano Novo, por Emylian Kali","datePublished":"2024-12-31T15:52:55+00:00","dateModified":"2024-12-31T15:54:21+00:00","mainEntityOfPage":{"@id":"https:\/\/www.iquilibrio.com\/blog\/ciclo-lunar-semanal\/a-energia-dos-ciclos-lunares-de-30-12-a-05-01\/"},"wordCount":1370,"publisher":{"@id":"https:\/\/www.iquilibrio.com\/blog\/#organization"},"image":{"@id":"https:\/\/www.iquilibrio.com\/blog\/ciclo-lunar-semanal\/a-energia-dos-ciclos-lunares-de-30-12-a-05-01\/#primaryimage"},"thumbnailUrl":"https:\/\/www.iquilibrio.com\/blog\/wp-content\/uploads\/2024\/02\/BLOG-Passagens-lunares-iQui.jpg","articleSection":["Ciclo Lunar semanal"],"inLanguage":"pt-BR"},{"@type":"WebPage","@id":"https:\/\/www.iquilibrio.com\/blog\/ciclo-lunar-semanal\/a-energia-dos-ciclos-lunares-de-30-12-a-05-01\/","url":"https:\/\/www.iquilibrio.com\/blog\/ciclo-lunar-semanal\/a-energia-dos-ciclos-lunares-de-30-12-a-05-01\/","name":"A Energia dos Ciclos Lunares de 30\/12 a 05\/01: Plantando as Primeiras Sementes do Ano Novo, por Emylian Kali - iQuilibrio","isPartOf":{"@id":"https:\/\/www.iquilibrio.com\/blog\/#website"},"primaryImageOfPage":{"@id":"https:\/\/www.iquilibrio.com\/blog\/ciclo-lunar-semanal\/a-energia-dos-ciclos-lunares-de-30-12-a-05-01\/#primaryimage"},"image":{"@id":"https:\/\/www.iquilibrio.com\/blog\/ciclo-lunar-semanal\/a-energia-dos-ciclos-lunares-de-30-12-a-05-01\/#primaryimage"},"thumbnailUrl":"https:\/\/www.iquilibrio.com\/blog\/wp-content\/uploads\/2024\/02\/BLOG-Passagens-lunares-iQui.jpg","datePublished":"2024-12-31T15:52:55+00:00","dateModified":"2024-12-31T15:54:21+00:00","breadcrumb":{"@id":"https:\/\/www.iquilibrio.com\/blog\/ciclo-lunar-semanal\/a-energia-dos-ciclos-lunares-de-30-12-a-05-01\/#breadcrumb"},"inLanguage":"pt-BR","potentialAction":[{"@type":"ReadAction","target":["https:\/\/www.iquilibrio.com\/blog\/ciclo-lunar-semanal\/a-energia-dos-ciclos-lunares-de-30-12-a-05-01\/"]}]},{"@type":"ImageObject","inLanguage":"pt-BR","@id":"https:\/\/www.iquilibrio.com\/blog\/ciclo-lunar-semanal\/a-energia-dos-ciclos-lunares-de-30-12-a-05-01\/#primaryimage","url":"https:\/\/www.iquilibrio.com\/blog\/wp-content\/uploads\/2024\/02\/BLOG-Passagens-lunares-iQui.jpg","contentUrl":"https:\/\/www.iquilibrio.com\/blog\/wp-content\/uploads\/2024\/02\/BLOG-Passagens-lunares-iQui.jpg","width":900,"height":560},{"@type":"BreadcrumbList","@id":"https:\/\/www.iquilibrio.com\/blog\/ciclo-lunar-semanal\/a-energia-dos-ciclos-lunares-de-30-12-a-05-01\/#breadcrumb","itemListElement":[{"@type":"ListItem","position":1,"name":"In\u00edcio","item":"https:\/\/www.iquilibrio.com\/blog\/"},{"@type":"ListItem","position":2,"name":"A Energia dos Ciclos Lunares de 30\/12 a 05\/01: Plantando as Primeiras Sementes do Ano Novo, por Emylian Kali"}]},{"@type":"WebSite","@id":"https:\/\/www.iquilibrio.com\/blog\/#website","url":"https:\/\/www.iquilibrio.com\/blog\/","name":"iQuilibrio","description":"Blog iQuilibrio","publisher":{"@id":"https:\/\/www.iquilibrio.com\/blog\/#organization"},"potentialAction":[{"@type":"SearchAction","target":{"@type":"EntryPoint","urlTemplate":"https:\/\/www.iquilibrio.com\/blog\/?s={search_term_string}"},"query-input":{"@type":"PropertyValueSpecification","valueRequired":true,"valueName":"search_term_string"}}],"inLanguage":"pt-BR"},{"@type":"Organization","@id":"https:\/\/www.iquilibrio.com\/blog\/#organization","name":"Esoterismo, Misticismo e Tarot Online - iQuilibrio","url":"https:\/\/www.iquilibrio.com\/blog\/","logo":{"@type":"ImageObject","inLanguage":"pt-BR","@id":"https:\/\/www.iquilibrio.com\/blog\/#\/schema\/logo\/image\/","url":"https:\/\/www.iquilibrio.com\/blog\/wp-content\/uploads\/2018\/12\/iquilibrio_lovo_vetor_preto-retina.png","contentUrl":"https:\/\/www.iquilibrio.com\/blog\/wp-content\/uploads\/2018\/12\/iquilibrio_lovo_vetor_preto-retina.png","width":972,"height":180,"caption":"Esoterismo, Misticismo e Tarot Online - iQuilibrio"},"image":{"@id":"https:\/\/www.iquilibrio.com\/blog\/#\/schema\/logo\/image\/"},"sameAs":["https:\/\/www.facebook.com\/iQuilibrio\/","https:\/\/x.com\/iquilibrio","https:\/\/www.instagram.com\/iquilibrio\/","https:\/\/www.linkedin.com\/company\/iquilibrio\/","https:\/\/br.pinterest.com\/iquilibrio1397\/","https:\/\/www.youtube.com\/channel\/UC175qxd-4Zsi4wzawT5zF2g"]},{"@type":"Person","@id":"https:\/\/www.iquilibrio.com\/blog\/#\/schema\/person\/21ae990723c2e5a1170c9a06dacb4d3d","name":"Arthur Peroni","image":{"@type":"ImageObject","inLanguage":"pt-BR","@id":"https:\/\/www.iquilibrio.com\/blog\/wp-content\/uploads\/2023\/04\/Arthur-Peroni-150x150.jpg","url":"https:\/\/www.iquilibrio.com\/blog\/wp-content\/uploads\/2023\/04\/Arthur-Peroni-150x150.jpg","contentUrl":"https:\/\/www.iquilibrio.com\/blog\/wp-content\/uploads\/2023\/04\/Arthur-Peroni-150x150.jpg","caption":"Arthur Peroni"},"description":"Arthur Peroni escreve sobre a vida, o universo e tudo mais. Amante da literatura m\u00edstica, e fic\u00e7\u00e3o, descobriu sua carreira de redator gra\u00e7as ao h\u00e1bito de leitura constante sobre fantasia e drama. Nas horas vagas, gosta de cozinhar, ler e ver filmes antigos. J\u00e1 trabalhou com, comunica\u00e7\u00e3o social, massoterapia, terapias hol\u00edsticas e design de interiores. Atualmente trabalha como redator SEO e se entusiasma com tudo o que \u00e9 esot\u00e9rico. Gosta de discutir sobre assuntos complexos e instigantes, e v\u00ea na escrita uma oportunidade de aprender e criar todos os dias, mentalmente e espiritualmente.","url":"https:\/\/www.iquilibrio.com\/blog\/author\/raul-vinicius\/"}]}},"_links":{"self":[{"href":"https:\/\/www.iquilibrio.com\/blog\/wp-json\/wp\/v2\/posts\/41446","targetHints":{"allow":["GET"]}}],"collection":[{"href":"https:\/\/www.iquilibrio.com\/blog\/wp-json\/wp\/v2\/posts"}],"about":[{"href":"https:\/\/www.iquilibrio.com\/blog\/wp-json\/wp\/v2\/types\/post"}],"author":[{"embeddable":true,"href":"https:\/\/www.iquilibrio.com\/blog\/wp-json\/wp\/v2\/users\/158"}],"replies":[{"embeddable":true,"href":"https:\/\/www.iquilibrio.com\/blog\/wp-json\/wp\/v2\/comments?post=41446"}],"version-history":[{"count":3,"href":"https:\/\/www.iquilibrio.com\/blog\/wp-json\/wp\/v2\/posts\/41446\/revisions"}],"predecessor-version":[{"id":41449,"href":"https:\/\/www.iquilibrio.com\/blog\/wp-json\/wp\/v2\/posts\/41446\/revisions\/41449"}],"wp:featuredmedia":[{"embeddable":true,"href":"https:\/\/www.iquilibrio.com\/blog\/wp-json\/wp\/v2\/media\/40190"}],"wp:attachment":[{"href":"https:\/\/www.iquilibrio.com\/blog\/wp-json\/wp\/v2\/media?parent=41446"}],"wp:term":[{"taxonomy":"category","embeddable":true,"href":"https:\/\/www.iquilibrio.com\/blog\/wp-json\/wp\/v2\/categories?post=41446"},{"taxonomy":"post_tag","embeddable":true,"href":"https:\/\/www.iquilibrio.com\/blog\/wp-json\/wp\/v2\/tags?post=41446"}],"curies":[{"name":"wp","href":"https:\/\/api.w.org\/{rel}","templated":true}]}}