{"id":41349,"date":"2024-12-12T23:16:30","date_gmt":"2024-12-13T02:16:30","guid":{"rendered":"https:\/\/www.iquilibrio.com\/blog\/?p=41349"},"modified":"2024-12-12T23:16:30","modified_gmt":"2024-12-13T02:16:30","slug":"a-energia-dos-ciclos-lunares-de-15-12-a-21-12-por-emylian-kali","status":"publish","type":"post","link":"https:\/\/www.iquilibrio.com\/blog\/ciclo-lunar-semanal\/a-energia-dos-ciclos-lunares-de-15-12-a-21-12-por-emylian-kali\/","title":{"rendered":"A Energia dos Ciclos Lunares de 15\/12 a 21\/12 por Emylian Kali"},"content":{"rendered":"<h2><b>Conex\u00e3o Espiritual, Acolhimento e Alegria\u00a0<\/b><\/h2>\n<p><span style=\"font-weight: 400;\">Querido(a) Leitor(a), os ciclos lunares dos dias 15 a 21 de dezembro, afloram energias intensas de mudan\u00e7as emocionais e reflex\u00f5es. Com a Lua Cheia surgindo em G\u00eameos no dia 15, o c\u00e9u nos abre um portal para o autoconhecimento atrav\u00e9s da express\u00e3o e da comunica\u00e7\u00e3o.<\/span><\/p>\n<p><span style=\"font-weight: 400;\">\u00c9 importante para refletir sobre as palavras que deixamos escapar e aquelas que mantemos guardadas. G\u00eameos traz uma energia mental, curiosa e comunicativa, perfeita para iluminar nossas ideias e as conex\u00f5es que desejamos fortalecer.<\/span><\/p>\n<p><span style=\"font-weight: 400;\">Encontre clareza nas suas inten\u00e7\u00f5es e priorize seus relacionamentos. <\/span><span style=\"font-weight: 400;\">Ao longo dos dias seguintes, a Lua migra para C\u00e2ncer (16\/12), despertando nossas emo\u00e7\u00f5es mais profundas e incentivando momentos de acolhimento e cuidado com as rela\u00e7\u00f5es mais \u00edntimas e familiares.<\/span><\/p>\n<p><span style=\"font-weight: 400;\">A energia de C\u00e2ncer nos lembra da import\u00e2ncia de nutrir tanto a n\u00f3s mesmos quanto as pessoas que amamos, oferecendo e recebendo carinho e prote\u00e7\u00e3o.<\/span><\/p>\n<p><span style=\"font-weight: 400;\">A partir de 17\/12, a Lua ingressa em Le\u00e3o, trazendo um sopro de vitalidade e confian\u00e7a. Sua prioridade \u00e9 abra\u00e7ar sua autenticidade, expressar seus talentos e cultivar o amor-pr\u00f3prio.<\/span><\/p>\n<p><span style=\"font-weight: 400;\">Le\u00e3o nos convida a conectar com o brilho que existe dentro de n\u00f3s e a compartilhar essa luz com o mundo ao nosso redor. Esta energia nos encoraja a celebrar nossas qualidades e realiza\u00e7\u00f5es, trazendo um toque de ousadia e alegria para o fim de semana.<\/span><\/p>\n<p><span style=\"font-weight: 400;\">Nos dias 20 e 21 de dezembro, a Lua chega em Virgem, finalizando o ciclo com uma energia de organiza\u00e7\u00e3o, foco e clareza pr\u00e1tica. Virgem nos ajuda a integrar as experi\u00eancias emocionais da semana, oferecendo uma perspectiva mais anal\u00edtica e tranquila. Foque nas suas prioridades, planejar o que deseja concluir neste fim de ano e buscar harmonia nos detalhes.<\/span><\/p>\n<p><span style=\"font-weight: 400;\">Prepare-se para uma jornada lunar que passa por momentos de express\u00e3o, autocuidado, celebra\u00e7\u00e3o e organiza\u00e7\u00e3o, te guiando atrav\u00e9s de uma conex\u00e3o profunda consigo mesmo e com os outros.<\/span><\/p>\n<hr \/>\n<h3><b>&#x1f315;<\/b><b> Lua Cheia em <\/b><b>&#x264a;<\/b><b> G<\/b><b>\u00ea<\/b><b>meos (15\/12)<\/b><\/h3>\n<h4><b>Energia:<\/b><\/h4>\n<p><span style=\"font-weight: 400;\">A Lua Cheia em G\u00eameos nos traz uma atmosfera leve e comunicativa, prop\u00edcia para insights, di\u00e1logos e aprendizados.<\/span><\/p>\n<p><span style=\"font-weight: 400;\">Nesse momento as verdades emergem com clareza e podemos expressar nossos sentimentos e inten\u00e7\u00f5es de forma mais aberta e aut\u00eantica. G\u00eameos nos convida a refletir sobre nossos relacionamentos, nossa comunica\u00e7\u00e3o e as ideias que queremos compartilhar com o mundo.<\/span><\/p>\n<h4><b>Dica da Semana:<\/b><\/h4>\n<p><span style=\"font-weight: 400;\">Aproveite a energia desta Lua Cheia para colocar em palavras os pensamentos que voc\u00ea tem guardado. Escrever, conversar com algu\u00e9m de confian\u00e7a ou iniciar di\u00e1logos importantes ajudar\u00e1 a esclarecer quest\u00f5es que ficaram nebulosas at\u00e9 agora.<\/span><\/p>\n<h4><b>Incenso:<\/b><\/h4>\n<p><span style=\"font-weight: 400;\">O Eucalipto \u00e9 perfeito para ilumina\u00e7\u00e3o espiritual e mental, estimulando a abertura de ideias.<\/span><\/p>\n<h4><b>Ritual:<\/b><\/h4>\n<p><span style=\"font-weight: 400;\">Encontre um lugar tranquilo onde possa escrever suas inten\u00e7\u00f5es e emo\u00e7\u00f5es. Expresse o que sente, sem filtros, e leia em voz alta, permitindo que o som de suas palavras reverbere no ambiente. Em seguida, queime o papel (com seguran\u00e7a) como s\u00edmbolo de libera\u00e7\u00e3o, e visualize o universo acolhendo suas palavras.<\/span><\/p>\n<h4><b>Mantra:<\/b><\/h4>\n<p><span style=\"font-weight: 400;\">&#8220;Minha voz \u00e9 a express\u00e3o verdadeira da minha alma, e tudo que eu preciso dizer \u00e9 ouvido e compreendido.&#8221;<\/span><\/p>\n<hr \/>\n<h3><b>&#x1f315;<\/b><b> Lua em <\/b><b>&#x264b;<\/b><b> C\u00e2ncer (16\/12)<\/b><\/h3>\n<h4><b>Energia:<\/b><\/h4>\n<p><span style=\"font-weight: 400;\">Com a Lua envolvendo C\u00e2ncer, o foco se volta para o lar, as emo\u00e7\u00f5es e as rela\u00e7\u00f5es familiares.<\/span><\/p>\n<p><span style=\"font-weight: 400;\">Ela traz uma energia delicada, introspectiva e favorece momentos de cuidado e autocuidado. Vamos nutrir nossos la\u00e7os, a olhar para dentro e a acolher as emo\u00e7\u00f5es com carinho e empatia.<\/span><\/p>\n<h4><b>Dica da Semana:<\/b><\/h4>\n<p><span style=\"font-weight: 400;\">Que tal dedicar um tempo especial para o autocuidado? Descanse, cuide do corpo e da mente, e permita-se momentos de introspec\u00e7\u00e3o. Visite familiares ou entre em contato com pessoas queridas para fortalecer os v\u00ednculos afetivos.<\/span><\/p>\n<h4><b>Incenso:<\/b><\/h4>\n<p><span style=\"font-weight: 400;\">Potencialize seu dia com Camomila, para promover acolhimento e aquietar a mente.<\/span><\/p>\n<h4><b>Ritual:<\/b><\/h4>\n<p><span style=\"font-weight: 400;\">Prepare um banho de ervas com camomila e manjeric\u00e3o, visualizando que cada gota d&#8217;\u00e1gua nutre e fortalece seu esp\u00edrito. Enquanto toma o banho, agrade\u00e7a pela prote\u00e7\u00e3o e acolhimento da sua vida. Envolva-se com sentimentos de gratid\u00e3o e amor.<\/span><\/p>\n<h4><b>Mantra:<\/b><\/h4>\n<p><span style=\"font-weight: 400;\">&#8220;Eu sou protegido(a) e nutrido(a), e minha paz reside dentro de mim.&#8221;<\/span><\/p>\n<hr \/>\n<h3><b>&#x1f315;<\/b><b> Lua em <\/b><b>&#x264c;<\/b><b> Le\u00e3o (17\/12 a 19\/12)<\/b><\/h3>\n<h4><b>Energia:<\/b><\/h4>\n<p><span style=\"font-weight: 400;\">A Lua em Le\u00e3o traz uma onda de confian\u00e7a e entusiasmo, sendo ideal para conectar-se com o poder pessoal, expressar seus talentos e cultivar o amor-pr\u00f3prio.<\/span><\/p>\n<p><span style=\"font-weight: 400;\">Le\u00e3o desperta a coragem, a autovaloriza\u00e7\u00e3o e o desejo de celebrar a pr\u00f3pria ess\u00eancia. \u00c9 o momento de deixar brilhar o que h\u00e1 de mais \u00fanico em voc\u00ea.<\/span><\/p>\n<h4><b>Dica da Semana:<\/b><\/h4>\n<p><span style=\"font-weight: 400;\">Use essa energia para destacar suas qualidades e celebrar suas conquistas. Valorize seus talentos e fa\u00e7a algo que traga alegria e te conecte com sua for\u00e7a interna.<\/span><\/p>\n<h4><b>Incenso:<\/b><\/h4>\n<p><span style=\"font-weight: 400;\">Com a energia do Alecrim voc\u00ea vai elevar a autoestima e o vigor.<\/span><\/p>\n<h4><b>Ritual:<\/b><\/h4>\n<p><span style=\"font-weight: 400;\">Acenda uma vela amarela ou dourada, representando a chama do seu poder pessoal. Visualize essa chama crescendo e iluminando todas as \u00e1reas da sua vida. Durante o ritual, mentalize as conquistas que deseja alcan\u00e7ar e sinta-se j\u00e1 realizado(a) nelas. Agrade\u00e7a pelo seu valor e reconhe\u00e7a o brilho que voc\u00ea oferece ao mundo.<\/span><\/p>\n<h4><b>Mantra:<\/b><\/h4>\n<p><span style=\"font-weight: 400;\">&#8220;Minha luz \u00e9 \u00fanica e inigual\u00e1vel. Eu honro e celebro meu poder.&#8221;<\/span><\/p>\n<hr \/>\n<h3><b>&#x1f315;<\/b><b> Lua em <\/b><b>&#x264d;<\/b><b> Virgem (20\/12 a 21\/12)<\/b><\/h3>\n<h4><b>Energia:<\/b><\/h4>\n<p><span style=\"font-weight: 400;\">Com Lua potencializando Virgem surge uma energia de organiza\u00e7\u00e3o, planejamento e cuidado com os detalhes.<\/span><\/p>\n<p><span style=\"font-weight: 400;\">\u00c9 a sua chance de colocar ordem na rotina, revisar planos e buscar aperfei\u00e7oamento. Virgem nos faz enxergar com clareza onde podemos ajustar as coisas para que a vida flua de forma mais harmoniosa.<\/span><\/p>\n<h4><b>Dica da Semana:<\/b><\/h4>\n<p><span style=\"font-weight: 400;\">Aproveite essa energia para revisar suas metas e fazer pequenas mudan\u00e7as que tragam melhorias no seu dia a dia. Organize o ambiente ao seu redor e cuide do corpo com uma rotina saud\u00e1vel.<\/span><\/p>\n<h4><b>Incenso:<\/b><\/h4>\n<p><span style=\"font-weight: 400;\">Acenda Hortel\u00e3-pimenta, para purificar seu ambiente profissional e trazer aberturas potenciais.<\/span><\/p>\n<h4><b>Ritual:<\/b><\/h4>\n<p><span style=\"font-weight: 400;\">Escolha um espa\u00e7o da casa ou ambiente de trabalho que precise de aten\u00e7\u00e3o e reorganiza\u00e7\u00e3o. Enquanto organiza, mentalize que est\u00e1 liberando espa\u00e7o para que coisas novas e positivas entrem na sua vida. Ao final, acenda o incenso de hortel\u00e3-pimenta e inspire profundamente, renovando a mente e o esp\u00edrito.<\/span><\/p>\n<h4><b>Mantra:<\/b><\/h4>\n<p><span style=\"font-weight: 400;\">&#8220;Eu aceito a ordem e a harmonia em minha vida. Cada detalhe \u00e9 parte da minha evolu\u00e7\u00e3o.&#8221;<\/span><\/p>\n<p><span style=\"font-weight: 400;\">Essa fase da Lua e suas passagens nos levam por uma jornada \u00fanica e especial de comunica\u00e7\u00e3o, autocuidado, autoconfian\u00e7a e organiza\u00e7\u00e3o, fechando a semana com clareza e prop\u00f3sito renovado. Aprecie cada dia como nunca.<\/span><\/p>\n<hr \/>\n<p>&nbsp;<\/p>\n\n\n<div class=\"kk-star-ratings kksr-auto kksr-align-left kksr-valign-bottom\"\n    data-payload='{&quot;align&quot;:&quot;left&quot;,&quot;id&quot;:&quot;41349&quot;,&quot;slug&quot;:&quot;default&quot;,&quot;valign&quot;:&quot;bottom&quot;,&quot;ignore&quot;:&quot;&quot;,&quot;reference&quot;:&quot;auto&quot;,&quot;class&quot;:&quot;&quot;,&quot;count&quot;:&quot;0&quot;,&quot;legendonly&quot;:&quot;&quot;,&quot;readonly&quot;:&quot;&quot;,&quot;score&quot;:&quot;0&quot;,&quot;starsonly&quot;:&quot;&quot;,&quot;best&quot;:&quot;5&quot;,&quot;gap&quot;:&quot;5&quot;,&quot;greet&quot;:&quot;Rate this post&quot;,&quot;legend&quot;:&quot;0\\\/5 - (0 voto)&quot;,&quot;size&quot;:&quot;24&quot;,&quot;title&quot;:&quot;A Energia dos Ciclos Lunares de 15\\\/12 a 21\\\/12 por Emylian Kali&quot;,&quot;width&quot;:&quot;0&quot;,&quot;_legend&quot;:&quot;{score}\\\/{best} - ({count} {votes})&quot;,&quot;font_factor&quot;:&quot;1.25&quot;}'>\n            \n<div class=\"kksr-stars\">\n    \n<div class=\"kksr-stars-inactive\">\n            <div class=\"kksr-star\" data-star=\"1\" style=\"padding-right: 5px\">\n            \n\n<div class=\"kksr-icon\" style=\"width: 24px; height: 24px;\"><\/div>\n        <\/div>\n            <div class=\"kksr-star\" data-star=\"2\" style=\"padding-right: 5px\">\n            \n\n<div class=\"kksr-icon\" style=\"width: 24px; height: 24px;\"><\/div>\n        <\/div>\n            <div class=\"kksr-star\" data-star=\"3\" style=\"padding-right: 5px\">\n            \n\n<div class=\"kksr-icon\" style=\"width: 24px; height: 24px;\"><\/div>\n        <\/div>\n            <div class=\"kksr-star\" data-star=\"4\" style=\"padding-right: 5px\">\n            \n\n<div class=\"kksr-icon\" style=\"width: 24px; height: 24px;\"><\/div>\n        <\/div>\n            <div class=\"kksr-star\" data-star=\"5\" style=\"padding-right: 5px\">\n            \n\n<div class=\"kksr-icon\" style=\"width: 24px; height: 24px;\"><\/div>\n        <\/div>\n    <\/div>\n    \n<div class=\"kksr-stars-active\" style=\"width: 0px;\">\n            <div class=\"kksr-star\" style=\"padding-right: 5px\">\n            \n\n<div class=\"kksr-icon\" style=\"width: 24px; height: 24px;\"><\/div>\n        <\/div>\n            <div class=\"kksr-star\" style=\"padding-right: 5px\">\n            \n\n<div class=\"kksr-icon\" style=\"width: 24px; height: 24px;\"><\/div>\n        <\/div>\n            <div class=\"kksr-star\" style=\"padding-right: 5px\">\n            \n\n<div class=\"kksr-icon\" style=\"width: 24px; height: 24px;\"><\/div>\n        <\/div>\n            <div class=\"kksr-star\" style=\"padding-right: 5px\">\n            \n\n<div class=\"kksr-icon\" style=\"width: 24px; height: 24px;\"><\/div>\n        <\/div>\n            <div class=\"kksr-star\" style=\"padding-right: 5px\">\n            \n\n<div class=\"kksr-icon\" style=\"width: 24px; height: 24px;\"><\/div>\n        <\/div>\n    <\/div>\n<\/div>\n                \n\n<div class=\"kksr-legend\" style=\"font-size: 19.2px;\">\n            <span class=\"kksr-muted\">Rate this post<\/span>\n    <\/div>\n    <\/div>\n","protected":false},"excerpt":{"rendered":"<p>Conex\u00e3o Espiritual, Acolhimento e Alegria\u00a0 Querido(a) Leitor(a), os ciclos lunares dos dias 15 a 21 de dezembro, afloram energias intensas de mudan\u00e7as emocionais e reflex\u00f5es. Com a Lua Cheia surgindo em G\u00eameos no dia 15, o c\u00e9u nos abre um portal para o autoconhecimento atrav\u00e9s da express\u00e3o e da comunica\u00e7\u00e3o. \u00c9 importante para refletir sobre [&hellip;]<\/p>\n","protected":false},"author":158,"featured_media":40190,"comment_status":"closed","ping_status":"closed","sticky":false,"template":"","format":"standard","meta":{"footnotes":""},"categories":[4893],"tags":[],"class_list":["post-41349","post","type-post","status-publish","format-standard","has-post-thumbnail","hentry","category-ciclo-lunar-semanal"],"yoast_head":"<!-- This site is optimized with the Yoast SEO plugin v27.4 - https:\/\/yoast.com\/product\/yoast-seo-wordpress\/ -->\n<title>A Energia dos Ciclos Lunares de 15\/12 a 21\/12 por Emylian Kali - iQuilibrio<\/title>\n<meta name=\"robots\" content=\"index, follow, max-snippet:-1, max-image-preview:large, max-video-preview:-1\" \/>\n<link rel=\"canonical\" href=\"https:\/\/www.iquilibrio.com\/blog\/ciclo-lunar-semanal\/a-energia-dos-ciclos-lunares-de-15-12-a-21-12-por-emylian-kali\/\" \/>\n<meta property=\"og:locale\" content=\"pt_BR\" \/>\n<meta property=\"og:type\" content=\"article\" \/>\n<meta property=\"og:title\" content=\"A Energia dos Ciclos Lunares de 15\/12 a 21\/12 por Emylian Kali - iQuilibrio\" \/>\n<meta property=\"og:description\" content=\"Conex\u00e3o Espiritual, Acolhimento e Alegria\u00a0 Querido(a) Leitor(a), os ciclos lunares dos dias 15 a 21 de dezembro, afloram energias intensas de mudan\u00e7as emocionais e reflex\u00f5es. Com a Lua Cheia surgindo em G\u00eameos no dia 15, o c\u00e9u nos abre um portal para o autoconhecimento atrav\u00e9s da express\u00e3o e da comunica\u00e7\u00e3o. \u00c9 importante para refletir sobre [&hellip;]\" \/>\n<meta property=\"og:url\" content=\"https:\/\/www.iquilibrio.com\/blog\/ciclo-lunar-semanal\/a-energia-dos-ciclos-lunares-de-15-12-a-21-12-por-emylian-kali\/\" \/>\n<meta property=\"og:site_name\" content=\"iQuilibrio\" \/>\n<meta property=\"article:publisher\" content=\"https:\/\/www.facebook.com\/iQuilibrio\/\" \/>\n<meta property=\"article:published_time\" content=\"2024-12-13T02:16:30+00:00\" \/>\n<meta property=\"og:image\" content=\"https:\/\/www.iquilibrio.com\/blog\/wp-content\/uploads\/2024\/02\/BLOG-Passagens-lunares-iQui.jpg\" \/>\n\t<meta property=\"og:image:width\" content=\"900\" \/>\n\t<meta property=\"og:image:height\" content=\"560\" \/>\n\t<meta property=\"og:image:type\" content=\"image\/jpeg\" \/>\n<meta name=\"author\" content=\"Arthur Peroni\" \/>\n<meta name=\"twitter:card\" content=\"summary_large_image\" \/>\n<meta name=\"twitter:creator\" content=\"@iquilibrio\" \/>\n<meta name=\"twitter:site\" content=\"@iquilibrio\" \/>\n<meta name=\"twitter:label1\" content=\"Escrito por\" \/>\n\t<meta name=\"twitter:data1\" content=\"Arthur Peroni\" \/>\n\t<meta name=\"twitter:label2\" content=\"Est. tempo de leitura\" \/>\n\t<meta name=\"twitter:data2\" content=\"6 minutos\" \/>\n<script type=\"application\/ld+json\" class=\"yoast-schema-graph\">{\"@context\":\"https:\\\/\\\/schema.org\",\"@graph\":[{\"@type\":\"Article\",\"@id\":\"https:\\\/\\\/www.iquilibrio.com\\\/blog\\\/ciclo-lunar-semanal\\\/a-energia-dos-ciclos-lunares-de-15-12-a-21-12-por-emylian-kali\\\/#article\",\"isPartOf\":{\"@id\":\"https:\\\/\\\/www.iquilibrio.com\\\/blog\\\/ciclo-lunar-semanal\\\/a-energia-dos-ciclos-lunares-de-15-12-a-21-12-por-emylian-kali\\\/\"},\"author\":{\"name\":\"Arthur Peroni\",\"@id\":\"https:\\\/\\\/www.iquilibrio.com\\\/blog\\\/#\\\/schema\\\/person\\\/21ae990723c2e5a1170c9a06dacb4d3d\"},\"headline\":\"A Energia dos Ciclos Lunares de 15\\\/12 a 21\\\/12 por Emylian Kali\",\"datePublished\":\"2024-12-13T02:16:30+00:00\",\"mainEntityOfPage\":{\"@id\":\"https:\\\/\\\/www.iquilibrio.com\\\/blog\\\/ciclo-lunar-semanal\\\/a-energia-dos-ciclos-lunares-de-15-12-a-21-12-por-emylian-kali\\\/\"},\"wordCount\":1136,\"publisher\":{\"@id\":\"https:\\\/\\\/www.iquilibrio.com\\\/blog\\\/#organization\"},\"image\":{\"@id\":\"https:\\\/\\\/www.iquilibrio.com\\\/blog\\\/ciclo-lunar-semanal\\\/a-energia-dos-ciclos-lunares-de-15-12-a-21-12-por-emylian-kali\\\/#primaryimage\"},\"thumbnailUrl\":\"https:\\\/\\\/www.iquilibrio.com\\\/blog\\\/wp-content\\\/uploads\\\/2024\\\/02\\\/BLOG-Passagens-lunares-iQui.jpg\",\"articleSection\":[\"Ciclo Lunar semanal\"],\"inLanguage\":\"pt-BR\"},{\"@type\":\"WebPage\",\"@id\":\"https:\\\/\\\/www.iquilibrio.com\\\/blog\\\/ciclo-lunar-semanal\\\/a-energia-dos-ciclos-lunares-de-15-12-a-21-12-por-emylian-kali\\\/\",\"url\":\"https:\\\/\\\/www.iquilibrio.com\\\/blog\\\/ciclo-lunar-semanal\\\/a-energia-dos-ciclos-lunares-de-15-12-a-21-12-por-emylian-kali\\\/\",\"name\":\"A Energia dos Ciclos Lunares de 15\\\/12 a 21\\\/12 por Emylian Kali - iQuilibrio\",\"isPartOf\":{\"@id\":\"https:\\\/\\\/www.iquilibrio.com\\\/blog\\\/#website\"},\"primaryImageOfPage\":{\"@id\":\"https:\\\/\\\/www.iquilibrio.com\\\/blog\\\/ciclo-lunar-semanal\\\/a-energia-dos-ciclos-lunares-de-15-12-a-21-12-por-emylian-kali\\\/#primaryimage\"},\"image\":{\"@id\":\"https:\\\/\\\/www.iquilibrio.com\\\/blog\\\/ciclo-lunar-semanal\\\/a-energia-dos-ciclos-lunares-de-15-12-a-21-12-por-emylian-kali\\\/#primaryimage\"},\"thumbnailUrl\":\"https:\\\/\\\/www.iquilibrio.com\\\/blog\\\/wp-content\\\/uploads\\\/2024\\\/02\\\/BLOG-Passagens-lunares-iQui.jpg\",\"datePublished\":\"2024-12-13T02:16:30+00:00\",\"breadcrumb\":{\"@id\":\"https:\\\/\\\/www.iquilibrio.com\\\/blog\\\/ciclo-lunar-semanal\\\/a-energia-dos-ciclos-lunares-de-15-12-a-21-12-por-emylian-kali\\\/#breadcrumb\"},\"inLanguage\":\"pt-BR\",\"potentialAction\":[{\"@type\":\"ReadAction\",\"target\":[\"https:\\\/\\\/www.iquilibrio.com\\\/blog\\\/ciclo-lunar-semanal\\\/a-energia-dos-ciclos-lunares-de-15-12-a-21-12-por-emylian-kali\\\/\"]}]},{\"@type\":\"ImageObject\",\"inLanguage\":\"pt-BR\",\"@id\":\"https:\\\/\\\/www.iquilibrio.com\\\/blog\\\/ciclo-lunar-semanal\\\/a-energia-dos-ciclos-lunares-de-15-12-a-21-12-por-emylian-kali\\\/#primaryimage\",\"url\":\"https:\\\/\\\/www.iquilibrio.com\\\/blog\\\/wp-content\\\/uploads\\\/2024\\\/02\\\/BLOG-Passagens-lunares-iQui.jpg\",\"contentUrl\":\"https:\\\/\\\/www.iquilibrio.com\\\/blog\\\/wp-content\\\/uploads\\\/2024\\\/02\\\/BLOG-Passagens-lunares-iQui.jpg\",\"width\":900,\"height\":560},{\"@type\":\"BreadcrumbList\",\"@id\":\"https:\\\/\\\/www.iquilibrio.com\\\/blog\\\/ciclo-lunar-semanal\\\/a-energia-dos-ciclos-lunares-de-15-12-a-21-12-por-emylian-kali\\\/#breadcrumb\",\"itemListElement\":[{\"@type\":\"ListItem\",\"position\":1,\"name\":\"In\u00edcio\",\"item\":\"https:\\\/\\\/www.iquilibrio.com\\\/blog\\\/\"},{\"@type\":\"ListItem\",\"position\":2,\"name\":\"A Energia dos Ciclos Lunares de 15\\\/12 a 21\\\/12 por Emylian Kali\"}]},{\"@type\":\"WebSite\",\"@id\":\"https:\\\/\\\/www.iquilibrio.com\\\/blog\\\/#website\",\"url\":\"https:\\\/\\\/www.iquilibrio.com\\\/blog\\\/\",\"name\":\"iQuilibrio\",\"description\":\"Blog iQuilibrio\",\"publisher\":{\"@id\":\"https:\\\/\\\/www.iquilibrio.com\\\/blog\\\/#organization\"},\"potentialAction\":[{\"@type\":\"SearchAction\",\"target\":{\"@type\":\"EntryPoint\",\"urlTemplate\":\"https:\\\/\\\/www.iquilibrio.com\\\/blog\\\/?s={search_term_string}\"},\"query-input\":{\"@type\":\"PropertyValueSpecification\",\"valueRequired\":true,\"valueName\":\"search_term_string\"}}],\"inLanguage\":\"pt-BR\"},{\"@type\":\"Organization\",\"@id\":\"https:\\\/\\\/www.iquilibrio.com\\\/blog\\\/#organization\",\"name\":\"Esoterismo, Misticismo e Tarot Online - iQuilibrio\",\"url\":\"https:\\\/\\\/www.iquilibrio.com\\\/blog\\\/\",\"logo\":{\"@type\":\"ImageObject\",\"inLanguage\":\"pt-BR\",\"@id\":\"https:\\\/\\\/www.iquilibrio.com\\\/blog\\\/#\\\/schema\\\/logo\\\/image\\\/\",\"url\":\"https:\\\/\\\/www.iquilibrio.com\\\/blog\\\/wp-content\\\/uploads\\\/2018\\\/12\\\/iquilibrio_lovo_vetor_preto-retina.png\",\"contentUrl\":\"https:\\\/\\\/www.iquilibrio.com\\\/blog\\\/wp-content\\\/uploads\\\/2018\\\/12\\\/iquilibrio_lovo_vetor_preto-retina.png\",\"width\":972,\"height\":180,\"caption\":\"Esoterismo, Misticismo e Tarot Online - iQuilibrio\"},\"image\":{\"@id\":\"https:\\\/\\\/www.iquilibrio.com\\\/blog\\\/#\\\/schema\\\/logo\\\/image\\\/\"},\"sameAs\":[\"https:\\\/\\\/www.facebook.com\\\/iQuilibrio\\\/\",\"https:\\\/\\\/x.com\\\/iquilibrio\",\"https:\\\/\\\/www.instagram.com\\\/iquilibrio\\\/\",\"https:\\\/\\\/www.linkedin.com\\\/company\\\/iquilibrio\\\/\",\"https:\\\/\\\/br.pinterest.com\\\/iquilibrio1397\\\/\",\"https:\\\/\\\/www.youtube.com\\\/channel\\\/UC175qxd-4Zsi4wzawT5zF2g\"]},{\"@type\":\"Person\",\"@id\":\"https:\\\/\\\/www.iquilibrio.com\\\/blog\\\/#\\\/schema\\\/person\\\/21ae990723c2e5a1170c9a06dacb4d3d\",\"name\":\"Arthur Peroni\",\"image\":{\"@type\":\"ImageObject\",\"inLanguage\":\"pt-BR\",\"@id\":\"https:\\\/\\\/www.iquilibrio.com\\\/blog\\\/wp-content\\\/uploads\\\/2023\\\/04\\\/Arthur-Peroni-150x150.jpg\",\"url\":\"https:\\\/\\\/www.iquilibrio.com\\\/blog\\\/wp-content\\\/uploads\\\/2023\\\/04\\\/Arthur-Peroni-150x150.jpg\",\"contentUrl\":\"https:\\\/\\\/www.iquilibrio.com\\\/blog\\\/wp-content\\\/uploads\\\/2023\\\/04\\\/Arthur-Peroni-150x150.jpg\",\"caption\":\"Arthur Peroni\"},\"description\":\"Arthur Peroni escreve sobre a vida, o universo e tudo mais. Amante da literatura m\u00edstica, e fic\u00e7\u00e3o, descobriu sua carreira de redator gra\u00e7as ao h\u00e1bito de leitura constante sobre fantasia e drama. Nas horas vagas, gosta de cozinhar, ler e ver filmes antigos. J\u00e1 trabalhou com, comunica\u00e7\u00e3o social, massoterapia, terapias hol\u00edsticas e design de interiores. Atualmente trabalha como redator SEO e se entusiasma com tudo o que \u00e9 esot\u00e9rico. Gosta de discutir sobre assuntos complexos e instigantes, e v\u00ea na escrita uma oportunidade de aprender e criar todos os dias, mentalmente e espiritualmente.\",\"url\":\"https:\\\/\\\/www.iquilibrio.com\\\/blog\\\/author\\\/raul-vinicius\\\/\"}]}<\/script>\n<!-- \/ Yoast SEO plugin. -->","yoast_head_json":{"title":"A Energia dos Ciclos Lunares de 15\/12 a 21\/12 por Emylian Kali - iQuilibrio","robots":{"index":"index","follow":"follow","max-snippet":"max-snippet:-1","max-image-preview":"max-image-preview:large","max-video-preview":"max-video-preview:-1"},"canonical":"https:\/\/www.iquilibrio.com\/blog\/ciclo-lunar-semanal\/a-energia-dos-ciclos-lunares-de-15-12-a-21-12-por-emylian-kali\/","og_locale":"pt_BR","og_type":"article","og_title":"A Energia dos Ciclos Lunares de 15\/12 a 21\/12 por Emylian Kali - iQuilibrio","og_description":"Conex\u00e3o Espiritual, Acolhimento e Alegria\u00a0 Querido(a) Leitor(a), os ciclos lunares dos dias 15 a 21 de dezembro, afloram energias intensas de mudan\u00e7as emocionais e reflex\u00f5es. Com a Lua Cheia surgindo em G\u00eameos no dia 15, o c\u00e9u nos abre um portal para o autoconhecimento atrav\u00e9s da express\u00e3o e da comunica\u00e7\u00e3o. \u00c9 importante para refletir sobre [&hellip;]","og_url":"https:\/\/www.iquilibrio.com\/blog\/ciclo-lunar-semanal\/a-energia-dos-ciclos-lunares-de-15-12-a-21-12-por-emylian-kali\/","og_site_name":"iQuilibrio","article_publisher":"https:\/\/www.facebook.com\/iQuilibrio\/","article_published_time":"2024-12-13T02:16:30+00:00","og_image":[{"width":900,"height":560,"url":"https:\/\/www.iquilibrio.com\/blog\/wp-content\/uploads\/2024\/02\/BLOG-Passagens-lunares-iQui.jpg","type":"image\/jpeg"}],"author":"Arthur Peroni","twitter_card":"summary_large_image","twitter_creator":"@iquilibrio","twitter_site":"@iquilibrio","twitter_misc":{"Escrito por":"Arthur Peroni","Est. tempo de leitura":"6 minutos"},"schema":{"@context":"https:\/\/schema.org","@graph":[{"@type":"Article","@id":"https:\/\/www.iquilibrio.com\/blog\/ciclo-lunar-semanal\/a-energia-dos-ciclos-lunares-de-15-12-a-21-12-por-emylian-kali\/#article","isPartOf":{"@id":"https:\/\/www.iquilibrio.com\/blog\/ciclo-lunar-semanal\/a-energia-dos-ciclos-lunares-de-15-12-a-21-12-por-emylian-kali\/"},"author":{"name":"Arthur Peroni","@id":"https:\/\/www.iquilibrio.com\/blog\/#\/schema\/person\/21ae990723c2e5a1170c9a06dacb4d3d"},"headline":"A Energia dos Ciclos Lunares de 15\/12 a 21\/12 por Emylian Kali","datePublished":"2024-12-13T02:16:30+00:00","mainEntityOfPage":{"@id":"https:\/\/www.iquilibrio.com\/blog\/ciclo-lunar-semanal\/a-energia-dos-ciclos-lunares-de-15-12-a-21-12-por-emylian-kali\/"},"wordCount":1136,"publisher":{"@id":"https:\/\/www.iquilibrio.com\/blog\/#organization"},"image":{"@id":"https:\/\/www.iquilibrio.com\/blog\/ciclo-lunar-semanal\/a-energia-dos-ciclos-lunares-de-15-12-a-21-12-por-emylian-kali\/#primaryimage"},"thumbnailUrl":"https:\/\/www.iquilibrio.com\/blog\/wp-content\/uploads\/2024\/02\/BLOG-Passagens-lunares-iQui.jpg","articleSection":["Ciclo Lunar semanal"],"inLanguage":"pt-BR"},{"@type":"WebPage","@id":"https:\/\/www.iquilibrio.com\/blog\/ciclo-lunar-semanal\/a-energia-dos-ciclos-lunares-de-15-12-a-21-12-por-emylian-kali\/","url":"https:\/\/www.iquilibrio.com\/blog\/ciclo-lunar-semanal\/a-energia-dos-ciclos-lunares-de-15-12-a-21-12-por-emylian-kali\/","name":"A Energia dos Ciclos Lunares de 15\/12 a 21\/12 por Emylian Kali - iQuilibrio","isPartOf":{"@id":"https:\/\/www.iquilibrio.com\/blog\/#website"},"primaryImageOfPage":{"@id":"https:\/\/www.iquilibrio.com\/blog\/ciclo-lunar-semanal\/a-energia-dos-ciclos-lunares-de-15-12-a-21-12-por-emylian-kali\/#primaryimage"},"image":{"@id":"https:\/\/www.iquilibrio.com\/blog\/ciclo-lunar-semanal\/a-energia-dos-ciclos-lunares-de-15-12-a-21-12-por-emylian-kali\/#primaryimage"},"thumbnailUrl":"https:\/\/www.iquilibrio.com\/blog\/wp-content\/uploads\/2024\/02\/BLOG-Passagens-lunares-iQui.jpg","datePublished":"2024-12-13T02:16:30+00:00","breadcrumb":{"@id":"https:\/\/www.iquilibrio.com\/blog\/ciclo-lunar-semanal\/a-energia-dos-ciclos-lunares-de-15-12-a-21-12-por-emylian-kali\/#breadcrumb"},"inLanguage":"pt-BR","potentialAction":[{"@type":"ReadAction","target":["https:\/\/www.iquilibrio.com\/blog\/ciclo-lunar-semanal\/a-energia-dos-ciclos-lunares-de-15-12-a-21-12-por-emylian-kali\/"]}]},{"@type":"ImageObject","inLanguage":"pt-BR","@id":"https:\/\/www.iquilibrio.com\/blog\/ciclo-lunar-semanal\/a-energia-dos-ciclos-lunares-de-15-12-a-21-12-por-emylian-kali\/#primaryimage","url":"https:\/\/www.iquilibrio.com\/blog\/wp-content\/uploads\/2024\/02\/BLOG-Passagens-lunares-iQui.jpg","contentUrl":"https:\/\/www.iquilibrio.com\/blog\/wp-content\/uploads\/2024\/02\/BLOG-Passagens-lunares-iQui.jpg","width":900,"height":560},{"@type":"BreadcrumbList","@id":"https:\/\/www.iquilibrio.com\/blog\/ciclo-lunar-semanal\/a-energia-dos-ciclos-lunares-de-15-12-a-21-12-por-emylian-kali\/#breadcrumb","itemListElement":[{"@type":"ListItem","position":1,"name":"In\u00edcio","item":"https:\/\/www.iquilibrio.com\/blog\/"},{"@type":"ListItem","position":2,"name":"A Energia dos Ciclos Lunares de 15\/12 a 21\/12 por Emylian Kali"}]},{"@type":"WebSite","@id":"https:\/\/www.iquilibrio.com\/blog\/#website","url":"https:\/\/www.iquilibrio.com\/blog\/","name":"iQuilibrio","description":"Blog iQuilibrio","publisher":{"@id":"https:\/\/www.iquilibrio.com\/blog\/#organization"},"potentialAction":[{"@type":"SearchAction","target":{"@type":"EntryPoint","urlTemplate":"https:\/\/www.iquilibrio.com\/blog\/?s={search_term_string}"},"query-input":{"@type":"PropertyValueSpecification","valueRequired":true,"valueName":"search_term_string"}}],"inLanguage":"pt-BR"},{"@type":"Organization","@id":"https:\/\/www.iquilibrio.com\/blog\/#organization","name":"Esoterismo, Misticismo e Tarot Online - iQuilibrio","url":"https:\/\/www.iquilibrio.com\/blog\/","logo":{"@type":"ImageObject","inLanguage":"pt-BR","@id":"https:\/\/www.iquilibrio.com\/blog\/#\/schema\/logo\/image\/","url":"https:\/\/www.iquilibrio.com\/blog\/wp-content\/uploads\/2018\/12\/iquilibrio_lovo_vetor_preto-retina.png","contentUrl":"https:\/\/www.iquilibrio.com\/blog\/wp-content\/uploads\/2018\/12\/iquilibrio_lovo_vetor_preto-retina.png","width":972,"height":180,"caption":"Esoterismo, Misticismo e Tarot Online - iQuilibrio"},"image":{"@id":"https:\/\/www.iquilibrio.com\/blog\/#\/schema\/logo\/image\/"},"sameAs":["https:\/\/www.facebook.com\/iQuilibrio\/","https:\/\/x.com\/iquilibrio","https:\/\/www.instagram.com\/iquilibrio\/","https:\/\/www.linkedin.com\/company\/iquilibrio\/","https:\/\/br.pinterest.com\/iquilibrio1397\/","https:\/\/www.youtube.com\/channel\/UC175qxd-4Zsi4wzawT5zF2g"]},{"@type":"Person","@id":"https:\/\/www.iquilibrio.com\/blog\/#\/schema\/person\/21ae990723c2e5a1170c9a06dacb4d3d","name":"Arthur Peroni","image":{"@type":"ImageObject","inLanguage":"pt-BR","@id":"https:\/\/www.iquilibrio.com\/blog\/wp-content\/uploads\/2023\/04\/Arthur-Peroni-150x150.jpg","url":"https:\/\/www.iquilibrio.com\/blog\/wp-content\/uploads\/2023\/04\/Arthur-Peroni-150x150.jpg","contentUrl":"https:\/\/www.iquilibrio.com\/blog\/wp-content\/uploads\/2023\/04\/Arthur-Peroni-150x150.jpg","caption":"Arthur Peroni"},"description":"Arthur Peroni escreve sobre a vida, o universo e tudo mais. Amante da literatura m\u00edstica, e fic\u00e7\u00e3o, descobriu sua carreira de redator gra\u00e7as ao h\u00e1bito de leitura constante sobre fantasia e drama. Nas horas vagas, gosta de cozinhar, ler e ver filmes antigos. J\u00e1 trabalhou com, comunica\u00e7\u00e3o social, massoterapia, terapias hol\u00edsticas e design de interiores. Atualmente trabalha como redator SEO e se entusiasma com tudo o que \u00e9 esot\u00e9rico. Gosta de discutir sobre assuntos complexos e instigantes, e v\u00ea na escrita uma oportunidade de aprender e criar todos os dias, mentalmente e espiritualmente.","url":"https:\/\/www.iquilibrio.com\/blog\/author\/raul-vinicius\/"}]}},"_links":{"self":[{"href":"https:\/\/www.iquilibrio.com\/blog\/wp-json\/wp\/v2\/posts\/41349","targetHints":{"allow":["GET"]}}],"collection":[{"href":"https:\/\/www.iquilibrio.com\/blog\/wp-json\/wp\/v2\/posts"}],"about":[{"href":"https:\/\/www.iquilibrio.com\/blog\/wp-json\/wp\/v2\/types\/post"}],"author":[{"embeddable":true,"href":"https:\/\/www.iquilibrio.com\/blog\/wp-json\/wp\/v2\/users\/158"}],"replies":[{"embeddable":true,"href":"https:\/\/www.iquilibrio.com\/blog\/wp-json\/wp\/v2\/comments?post=41349"}],"version-history":[{"count":1,"href":"https:\/\/www.iquilibrio.com\/blog\/wp-json\/wp\/v2\/posts\/41349\/revisions"}],"predecessor-version":[{"id":41350,"href":"https:\/\/www.iquilibrio.com\/blog\/wp-json\/wp\/v2\/posts\/41349\/revisions\/41350"}],"wp:featuredmedia":[{"embeddable":true,"href":"https:\/\/www.iquilibrio.com\/blog\/wp-json\/wp\/v2\/media\/40190"}],"wp:attachment":[{"href":"https:\/\/www.iquilibrio.com\/blog\/wp-json\/wp\/v2\/media?parent=41349"}],"wp:term":[{"taxonomy":"category","embeddable":true,"href":"https:\/\/www.iquilibrio.com\/blog\/wp-json\/wp\/v2\/categories?post=41349"},{"taxonomy":"post_tag","embeddable":true,"href":"https:\/\/www.iquilibrio.com\/blog\/wp-json\/wp\/v2\/tags?post=41349"}],"curies":[{"name":"wp","href":"https:\/\/api.w.org\/{rel}","templated":true}]}}