{"id":41277,"date":"2024-11-22T23:45:36","date_gmt":"2024-11-23T02:45:36","guid":{"rendered":"https:\/\/www.iquilibrio.com\/blog\/?p=41277"},"modified":"2024-11-22T23:45:36","modified_gmt":"2024-11-23T02:45:36","slug":"a-energia-dos-ciclos-lunares-de-22-11-a-30-11-por-emylian-kali","status":"publish","type":"post","link":"https:\/\/www.iquilibrio.com\/blog\/ciclo-lunar-semanal\/a-energia-dos-ciclos-lunares-de-22-11-a-30-11-por-emylian-kali\/","title":{"rendered":"A Energia dos Ciclos Lunares de 22\/11 a 30\/11 por Emylian Kali"},"content":{"rendered":"<h2>Expans\u00e3o e Busca Pessoal: Equilibrando nossas Mentes<\/h2>\n<p><span style=\"font-weight: 400;\">Amado(a) Leitor(a), chegamos aos dias 22 e 30 de novembro, e a Lua Minguante nos guia por um per\u00edodo de introspec\u00e7\u00e3o, limpeza e prepara\u00e7\u00e3o para o novo ciclo que est\u00e1 por vir, com reflex\u00e3o profunda, onde somos convidados a desapegar do que j\u00e1 n\u00e3o serve e nos reconectar com nossa ess\u00eancia.<\/span><\/p>\n<p><span style=\"font-weight: 400;\">Iniciamos a jornada com a Lua em Virgem, que traz uma energia pr\u00e1tica e organizadora, seguida pela passagem por Libra, Escorpi\u00e3o e, finalmente, Sagit\u00e1rio. Cada fase lunar nos oferece uma oportunidade \u00fanica de equilibrar, curar e expandir nossa consci\u00eancia.<\/span><\/p>\n<p><span style=\"font-weight: 400;\">\u00c0 medida que a Lua caminha de Virgem at\u00e9 Sagit\u00e1rio, ela nos convoca a cuidar dos detalhes, harmonizar nossos relacionamentos, mergulhar em transforma\u00e7\u00f5es emocionais e, por fim, abrir nossos cora\u00e7\u00f5es para novas aventuras e possibilidades.<\/span><\/p>\n<p><span style=\"font-weight: 400;\">Nos preparando fisicamente e espiritualmente para fechar cap\u00edtulos importantes, deixando o espa\u00e7o necess\u00e1rio para que novos sonhos e inten\u00e7\u00f5es flores\u00e7am no pr\u00f3ximo ciclo lunar.<\/span><\/p>\n<p><span style=\"font-weight: 400;\">Convido voc\u00ea a aproveitar essa fase para limpar o terreno de sua alma e se preparar para o que est\u00e1 por vir. A energia da Lua Minguante \u00e9 suave, mas poderosa, ajudando a liberar o que pesa e a fortalecer o que precisa florescer.<\/span><\/p>\n<p style=\"text-align: center;\"><span class=\"td_btn td_btn_md td_round_btn\" style=\"background-color: #666699; color: #ffffff;\"><a style=\"background-color: #666699; color: #ffffff;\" href=\"https:\/\/www.iquilibrio.com\/astrologia\/?utm_campaign=blog_conversao&amp;utm_medium=texto_cta&amp;utm_source=blog&amp;utm_content=2024_cat_astrologia_art_ciclo-lunar-semanal-09-11-a-14-11\" target=\"_blank\" rel=\"noopener\">Precisando de mais conselhos? Consulte uma profissional astrol\u00f3gica!<\/a><\/span><\/p>\n<hr \/>\n<h3><b>Lua Minguante em Virgem &#x1f312;&#x264d;- 22\/11 a 24\/11<\/b><\/h3>\n<p><b>Energias<\/b><span style=\"font-weight: 400;\"><br \/>\n<\/span><span style=\"font-weight: 400;\">A Lua Minguante em Virgem traz uma energia pr\u00e1tica e detalhista. Este \u00e9 um momento para fazer uma &#8220;limpeza&#8221; em diversas \u00e1reas da sua vida \u2014 tanto f\u00edsica quanto emocional. A energia virginiana \u00e9 ideal para reorganizar, ajustar rotinas e desapegar do que n\u00e3o est\u00e1 mais servindo ao seu prop\u00f3sito. A Lua Minguante refor\u00e7a esse chamado de encerramento, nos ajudando a cortar os excessos e trazer mais simplicidade.<\/span><\/p>\n<p><b>Dicas Semanais:<\/b><\/p>\n<ul>\n<li style=\"font-weight: 400;\" aria-level=\"1\"><span style=\"font-weight: 400;\">Aproveite para colocar ordem em sua vida, seja limpando sua casa ou ajustando sua agenda.<\/span><\/li>\n<li style=\"font-weight: 400;\" aria-level=\"1\"><span style=\"font-weight: 400;\">Avalie h\u00e1bitos ou relacionamentos que j\u00e1 n\u00e3o agregam valor e pense em formas de liberar esses fardos.<\/span><\/li>\n<li style=\"font-weight: 400;\" aria-level=\"1\"><span style=\"font-weight: 400;\">Fa\u00e7a uma desintoxica\u00e7\u00e3o, seja f\u00edsica ou emocional, para reequilibrar seu corpo e mente.<\/span><\/li>\n<\/ul>\n<p><b>Incenso<\/b><span style=\"font-weight: 400;\">: Alecrim, para purifica\u00e7\u00e3o e clareza mental.<\/span><\/p>\n<p><b>Ritual<\/b><span style=\"font-weight: 400;\">: Em um papel, escreva o que deseja eliminar de sua vida, sejam comportamentos, emo\u00e7\u00f5es ou situa\u00e7\u00f5es. Queime o papel enquanto mentaliza a liberta\u00e7\u00e3o dessas energias, permitindo que o incenso de alecrim limpe seu campo e traga clareza para os pr\u00f3ximos passos.<\/span><\/p>\n<p><b>Mantra<\/b><span style=\"font-weight: 400;\">: \u201cEu liberto o que n\u00e3o me serve mais e crio espa\u00e7o para o novo com leveza e sabedoria.\u201d<\/span><\/p>\n<hr \/>\n<h3><b>Lua em Libra &#x1f312;&#x264e;- 25\/11 a 26\/11<\/b><\/h3>\n<p><b>Energias<\/b><span style=\"font-weight: 400;\"><br \/>\n<\/span><span style=\"font-weight: 400;\">Com a Lua em Libra, o foco se volta para os relacionamentos e o equil\u00edbrio. A Lua Minguante nesta fase nos convida a refletir sobre as din\u00e2micas de nossas parcerias e a buscar harmonia em todas as \u00e1reas de nossa vida.<\/span><\/p>\n<p><span style=\"font-weight: 400;\">Libra nos lembra da import\u00e2ncia de sermos gentis, diplom\u00e1ticos e justos em nossas intera\u00e7\u00f5es, ao mesmo tempo que nos ajuda a avaliar o que est\u00e1 funcionando e o que precisa ser ajustado em nossos relacionamentos.<\/span><\/p>\n<p><b>Dicas Semanais:<\/b><\/p>\n<ul>\n<li style=\"font-weight: 400;\" aria-level=\"1\"><span style=\"font-weight: 400;\">Reflita sobre seus relacionamentos e busque o equil\u00edbrio entre dar e receber.<\/span><\/li>\n<li style=\"font-weight: 400;\" aria-level=\"1\"><span style=\"font-weight: 400;\">Tente resolver conflitos pendentes, buscando acordos que favore\u00e7am ambas as partes.<\/span><\/li>\n<li style=\"font-weight: 400;\" aria-level=\"1\"><span style=\"font-weight: 400;\">Este \u00e9 um \u00f3timo momento para rever contratos ou alian\u00e7as e ajustar as expectativas com clareza e gentileza.<\/span><\/li>\n<\/ul>\n<p><b>Incenso<\/b><span style=\"font-weight: 400;\">: S\u00e2ndalo, para promover harmonia e paz.<\/span><\/p>\n<p><b>Ritual<\/b><span style=\"font-weight: 400;\">: Coloque dois copos de \u00e1gua lado a lado. Em um, despeje simbolicamente todas as emo\u00e7\u00f5es ou situa\u00e7\u00f5es desequilibradas que voc\u00ea deseja liberar. No outro, coloque a inten\u00e7\u00e3o de equil\u00edbrio e harmonia. Beba a \u00e1gua do segundo copo, mentalizando que voc\u00ea est\u00e1 se enchendo de serenidade e equil\u00edbrio.<\/span><\/p>\n<p><b>Mantra<\/b><span style=\"font-weight: 400;\">: \u201cEu crio relacionamentos harmoniosos baseados no respeito, amor e equil\u00edbrio.\u201d<\/span><\/p>\n<hr \/>\n<h3><b>Lua em Escorpi\u00e3o&#x1f312;&#x264f; &#8211; 27\/11 a 29\/11<\/b><\/h3>\n<p><b>Energias<\/b><span style=\"font-weight: 400;\"><br \/>\n<\/span><span style=\"font-weight: 400;\">A passagem da Lua por Escorpi\u00e3o durante sua fase minguante traz uma profundidade intensa e transformadora. Escorpi\u00e3o \u00e9 o signo das emo\u00e7\u00f5es profundas, dos mist\u00e9rios e do renascimento.<\/span><\/p>\n<p><span style=\"font-weight: 400;\">Este \u00e9 um momento para ir fundo em suas emo\u00e7\u00f5es e enfrentar o que precisa ser transformado ou curado. O ciclo da Lua Minguante em Escorpi\u00e3o \u00e9 ideal para encerrar cap\u00edtulos e se preparar para renascer mais forte.<\/span><\/p>\n<p><b>Dicas Semanais:<\/b><\/p>\n<ul>\n<li style=\"font-weight: 400;\" aria-level=\"1\"><span style=\"font-weight: 400;\">Aproveite esse per\u00edodo para mergulhar em seu interior e fazer uma autoavalia\u00e7\u00e3o honesta.<\/span><\/li>\n<li style=\"font-weight: 400;\" aria-level=\"1\"><span style=\"font-weight: 400;\">Trabalhe na cura de traumas ou feridas emocionais que possam estar impedindo seu crescimento.<\/span><\/li>\n<li style=\"font-weight: 400;\" aria-level=\"1\"><span style=\"font-weight: 400;\">Pratique o perd\u00e3o \u2014 tanto de si mesmo quanto dos outros \u2014, e se permita encerrar ciclos dolorosos com sabedoria.<\/span><\/li>\n<\/ul>\n<p><b>Incenso<\/b><span style=\"font-weight: 400;\">: Mirra, para promover a cura e o renascimento espiritual.<\/span><\/p>\n<p><b>Ritual<\/b><span style=\"font-weight: 400;\">: Em um ambiente tranquilo, acenda o incenso de mirra e visualize uma luz dourada envolvendo seu cora\u00e7\u00e3o, trazendo cura e transforma\u00e7\u00e3o. Imagine-se liberando qualquer dor ou ressentimento, e permita que essa luz renove sua energia.<\/span><\/p>\n<p><b>Mantra<\/b><span style=\"font-weight: 400;\">: \u201cEu me transformo e me renovo, liberando com amor o que n\u00e3o faz parte do meu caminho.\u201d<\/span><\/p>\n<hr \/>\n<h3><b>Lua em Sagit\u00e1rio&#x1f312;&#x2650; &#8211; 30\/11<\/b><\/h3>\n<p><b>Energias<\/b><span style=\"font-weight: 400;\"><br \/>\n<\/span><span style=\"font-weight: 400;\">Com a chegada da Lua em Sagit\u00e1rio, a energia come\u00e7a a se abrir para novos horizontes. Sagit\u00e1rio \u00e9 o signo da expans\u00e3o, da busca por conhecimento e da aventura.<\/span><\/p>\n<p><span style=\"font-weight: 400;\">Depois de uma semana de introspec\u00e7\u00e3o e libera\u00e7\u00e3o, a Lua em Sagit\u00e1rio nos lembra da import\u00e2ncia de olhar para o futuro com otimismo e f\u00e9. Esta fase nos prepara para novos in\u00edcios, incentivando o crescimento e a explora\u00e7\u00e3o de novos caminhos.<\/span><\/p>\n<p><b>Dicas Semanais:<\/b><\/p>\n<ul>\n<li style=\"font-weight: 400;\" aria-level=\"1\"><span style=\"font-weight: 400;\">Pense nos pr\u00f3ximos passos que deseja dar em sua jornada e estabele\u00e7a metas ambiciosas.<\/span><\/li>\n<li style=\"font-weight: 400;\" aria-level=\"1\"><span style=\"font-weight: 400;\">Aproveite para expandir seus conhecimentos, seja estudando algo novo ou planejando uma viagem que desperte seu esp\u00edrito aventureiro.<\/span><\/li>\n<li style=\"font-weight: 400;\" aria-level=\"1\"><span style=\"font-weight: 400;\">Abra-se para novas possibilidades e confie que o universo est\u00e1 trabalhando ao seu favor.<\/span><\/li>\n<\/ul>\n<p><b>Incenso<\/b><span style=\"font-weight: 400;\">: Cedro, para fortalecer a confian\u00e7a e o esp\u00edrito aventureiro.<\/span><\/p>\n<p><b>Ritual<\/b><span style=\"font-weight: 400;\">: Acenda uma vela roxa e um incenso de cedro. Feche os olhos e visualize um caminho dourado se abrindo \u00e0 sua frente. Imagine-se caminhando por ele com confian\u00e7a e entusiasmo, enquanto novas oportunidades surgem ao longo do caminho.<\/span><\/p>\n<p><b>Mantra<\/b><span style=\"font-weight: 400;\">: \u201cEu abra\u00e7o as novas oportunidades com f\u00e9, confian\u00e7a e cora\u00e7\u00e3o aberto.\u201d<\/span><\/p>\n<p style=\"text-align: center;\"><span class=\"td_btn td_btn_md td_round_btn\" style=\"background-color: #666699; color: #ffffff;\"><a style=\"background-color: #666699; color: #ffffff;\" href=\"https:\/\/www.iquilibrio.com\/astrologia\/?utm_campaign=blog_conversao&amp;utm_medium=texto_cta&amp;utm_source=blog&amp;utm_content=2024_cat_astrologia_art_ciclo-lunar-semanal-09-11-a-14-11\" target=\"_blank\" rel=\"noopener\">Confira o que os astros apontam para voc\u00ea!<\/a><\/span><\/p>\n<hr \/>\n<p><img loading=\"lazy\" decoding=\"async\" class=\" wp-image-40193 alignleft\" src=\"https:\/\/www.iquilibrio.com\/blog\/wp-content\/uploads\/2024\/02\/Emylian-Kali-Astrocentro.png\" alt=\"\" width=\"252\" height=\"255\" srcset=\"https:\/\/www.iquilibrio.com\/blog\/wp-content\/uploads\/2024\/02\/Emylian-Kali-Astrocentro.png 334w, https:\/\/www.iquilibrio.com\/blog\/wp-content\/uploads\/2024\/02\/Emylian-Kali-Astrocentro-296x300.png 296w\" sizes=\"auto, (max-width: 252px) 100vw, 252px\" \/>Como oraculista profissional e bruxo, Emylian trabalha com diversas formas de energia e espiritualidade, fornecendo orienta\u00e7\u00e3o e aconselhamento em \u00e1reas como relacionamentos, carreira, finan\u00e7as, sa\u00fade e muito mais.<\/p>\n<p>A jornada espiritual de Emylian come\u00e7ou na inf\u00e2ncia, aos 5 anos de idade, quando teve seu primeiro contato visual com o mundo espiritual.<\/p>\n<p>Desde ent\u00e3o, ele vem aprimorando sua mediunidade e explorando v\u00e1rias \u00e1reas da espiritualidade Como intuitivo, Emylian possui uma sensibilidade agu\u00e7ada para captar as energias e vibra\u00e7\u00f5es dos or\u00e1culos, bem como interpretar suas mensagens.<\/p>\n\n\n<div class=\"kk-star-ratings kksr-auto kksr-align-left kksr-valign-bottom\"\n    data-payload='{&quot;align&quot;:&quot;left&quot;,&quot;id&quot;:&quot;41277&quot;,&quot;slug&quot;:&quot;default&quot;,&quot;valign&quot;:&quot;bottom&quot;,&quot;ignore&quot;:&quot;&quot;,&quot;reference&quot;:&quot;auto&quot;,&quot;class&quot;:&quot;&quot;,&quot;count&quot;:&quot;0&quot;,&quot;legendonly&quot;:&quot;&quot;,&quot;readonly&quot;:&quot;&quot;,&quot;score&quot;:&quot;0&quot;,&quot;starsonly&quot;:&quot;&quot;,&quot;best&quot;:&quot;5&quot;,&quot;gap&quot;:&quot;5&quot;,&quot;greet&quot;:&quot;Rate this post&quot;,&quot;legend&quot;:&quot;0\\\/5 - (0 voto)&quot;,&quot;size&quot;:&quot;24&quot;,&quot;title&quot;:&quot;A Energia dos Ciclos Lunares de 22\\\/11 a 30\\\/11 por Emylian Kali&quot;,&quot;width&quot;:&quot;0&quot;,&quot;_legend&quot;:&quot;{score}\\\/{best} - ({count} {votes})&quot;,&quot;font_factor&quot;:&quot;1.25&quot;}'>\n            \n<div class=\"kksr-stars\">\n    \n<div class=\"kksr-stars-inactive\">\n            <div class=\"kksr-star\" data-star=\"1\" style=\"padding-right: 5px\">\n            \n\n<div class=\"kksr-icon\" style=\"width: 24px; height: 24px;\"><\/div>\n        <\/div>\n            <div class=\"kksr-star\" data-star=\"2\" style=\"padding-right: 5px\">\n            \n\n<div class=\"kksr-icon\" style=\"width: 24px; height: 24px;\"><\/div>\n        <\/div>\n            <div class=\"kksr-star\" data-star=\"3\" style=\"padding-right: 5px\">\n            \n\n<div class=\"kksr-icon\" style=\"width: 24px; height: 24px;\"><\/div>\n        <\/div>\n            <div class=\"kksr-star\" data-star=\"4\" style=\"padding-right: 5px\">\n            \n\n<div class=\"kksr-icon\" style=\"width: 24px; height: 24px;\"><\/div>\n        <\/div>\n            <div class=\"kksr-star\" data-star=\"5\" style=\"padding-right: 5px\">\n            \n\n<div class=\"kksr-icon\" style=\"width: 24px; height: 24px;\"><\/div>\n        <\/div>\n    <\/div>\n    \n<div class=\"kksr-stars-active\" style=\"width: 0px;\">\n            <div class=\"kksr-star\" style=\"padding-right: 5px\">\n            \n\n<div class=\"kksr-icon\" style=\"width: 24px; height: 24px;\"><\/div>\n        <\/div>\n            <div class=\"kksr-star\" style=\"padding-right: 5px\">\n            \n\n<div class=\"kksr-icon\" style=\"width: 24px; height: 24px;\"><\/div>\n        <\/div>\n            <div class=\"kksr-star\" style=\"padding-right: 5px\">\n            \n\n<div class=\"kksr-icon\" style=\"width: 24px; height: 24px;\"><\/div>\n        <\/div>\n            <div class=\"kksr-star\" style=\"padding-right: 5px\">\n            \n\n<div class=\"kksr-icon\" style=\"width: 24px; height: 24px;\"><\/div>\n        <\/div>\n            <div class=\"kksr-star\" style=\"padding-right: 5px\">\n            \n\n<div class=\"kksr-icon\" style=\"width: 24px; height: 24px;\"><\/div>\n        <\/div>\n    <\/div>\n<\/div>\n                \n\n<div class=\"kksr-legend\" style=\"font-size: 19.2px;\">\n            <span class=\"kksr-muted\">Rate this post<\/span>\n    <\/div>\n    <\/div>\n","protected":false},"excerpt":{"rendered":"<p>Expans\u00e3o e Busca Pessoal: Equilibrando nossas Mentes Amado(a) Leitor(a), chegamos aos dias 22 e 30 de novembro, e a Lua Minguante nos guia por um per\u00edodo de introspec\u00e7\u00e3o, limpeza e prepara\u00e7\u00e3o para o novo ciclo que est\u00e1 por vir, com reflex\u00e3o profunda, onde somos convidados a desapegar do que j\u00e1 n\u00e3o serve e nos reconectar [&hellip;]<\/p>\n","protected":false},"author":158,"featured_media":40190,"comment_status":"closed","ping_status":"closed","sticky":false,"template":"","format":"standard","meta":{"footnotes":""},"categories":[4893],"tags":[],"class_list":["post-41277","post","type-post","status-publish","format-standard","has-post-thumbnail","hentry","category-ciclo-lunar-semanal"],"yoast_head":"<!-- This site is optimized with the Yoast SEO plugin v27.4 - https:\/\/yoast.com\/product\/yoast-seo-wordpress\/ -->\n<title>A Energia dos Ciclos Lunares de 22\/11 a 30\/11 por Emylian Kali - iQuilibrio<\/title>\n<meta name=\"robots\" content=\"index, follow, max-snippet:-1, max-image-preview:large, max-video-preview:-1\" \/>\n<link rel=\"canonical\" href=\"https:\/\/www.iquilibrio.com\/blog\/ciclo-lunar-semanal\/a-energia-dos-ciclos-lunares-de-22-11-a-30-11-por-emylian-kali\/\" \/>\n<meta property=\"og:locale\" content=\"pt_BR\" \/>\n<meta property=\"og:type\" content=\"article\" \/>\n<meta property=\"og:title\" content=\"A Energia dos Ciclos Lunares de 22\/11 a 30\/11 por Emylian Kali - iQuilibrio\" \/>\n<meta property=\"og:description\" content=\"Expans\u00e3o e Busca Pessoal: Equilibrando nossas Mentes Amado(a) Leitor(a), chegamos aos dias 22 e 30 de novembro, e a Lua Minguante nos guia por um per\u00edodo de introspec\u00e7\u00e3o, limpeza e prepara\u00e7\u00e3o para o novo ciclo que est\u00e1 por vir, com reflex\u00e3o profunda, onde somos convidados a desapegar do que j\u00e1 n\u00e3o serve e nos reconectar [&hellip;]\" \/>\n<meta property=\"og:url\" content=\"https:\/\/www.iquilibrio.com\/blog\/ciclo-lunar-semanal\/a-energia-dos-ciclos-lunares-de-22-11-a-30-11-por-emylian-kali\/\" \/>\n<meta property=\"og:site_name\" content=\"iQuilibrio\" \/>\n<meta property=\"article:publisher\" content=\"https:\/\/www.facebook.com\/iQuilibrio\/\" \/>\n<meta property=\"article:published_time\" content=\"2024-11-23T02:45:36+00:00\" \/>\n<meta property=\"og:image\" content=\"https:\/\/www.iquilibrio.com\/blog\/wp-content\/uploads\/2024\/02\/BLOG-Passagens-lunares-iQui.jpg\" \/>\n\t<meta property=\"og:image:width\" content=\"900\" \/>\n\t<meta property=\"og:image:height\" content=\"560\" \/>\n\t<meta property=\"og:image:type\" content=\"image\/jpeg\" \/>\n<meta name=\"author\" content=\"Arthur Peroni\" \/>\n<meta name=\"twitter:card\" content=\"summary_large_image\" \/>\n<meta name=\"twitter:creator\" content=\"@iquilibrio\" \/>\n<meta name=\"twitter:site\" content=\"@iquilibrio\" \/>\n<meta name=\"twitter:label1\" content=\"Escrito por\" \/>\n\t<meta name=\"twitter:data1\" content=\"Arthur Peroni\" \/>\n\t<meta name=\"twitter:label2\" content=\"Est. tempo de leitura\" \/>\n\t<meta name=\"twitter:data2\" content=\"7 minutos\" \/>\n<script type=\"application\/ld+json\" class=\"yoast-schema-graph\">{\"@context\":\"https:\\\/\\\/schema.org\",\"@graph\":[{\"@type\":\"Article\",\"@id\":\"https:\\\/\\\/www.iquilibrio.com\\\/blog\\\/ciclo-lunar-semanal\\\/a-energia-dos-ciclos-lunares-de-22-11-a-30-11-por-emylian-kali\\\/#article\",\"isPartOf\":{\"@id\":\"https:\\\/\\\/www.iquilibrio.com\\\/blog\\\/ciclo-lunar-semanal\\\/a-energia-dos-ciclos-lunares-de-22-11-a-30-11-por-emylian-kali\\\/\"},\"author\":{\"name\":\"Arthur Peroni\",\"@id\":\"https:\\\/\\\/www.iquilibrio.com\\\/blog\\\/#\\\/schema\\\/person\\\/21ae990723c2e5a1170c9a06dacb4d3d\"},\"headline\":\"A Energia dos Ciclos Lunares de 22\\\/11 a 30\\\/11 por Emylian Kali\",\"datePublished\":\"2024-11-23T02:45:36+00:00\",\"mainEntityOfPage\":{\"@id\":\"https:\\\/\\\/www.iquilibrio.com\\\/blog\\\/ciclo-lunar-semanal\\\/a-energia-dos-ciclos-lunares-de-22-11-a-30-11-por-emylian-kali\\\/\"},\"wordCount\":1158,\"publisher\":{\"@id\":\"https:\\\/\\\/www.iquilibrio.com\\\/blog\\\/#organization\"},\"image\":{\"@id\":\"https:\\\/\\\/www.iquilibrio.com\\\/blog\\\/ciclo-lunar-semanal\\\/a-energia-dos-ciclos-lunares-de-22-11-a-30-11-por-emylian-kali\\\/#primaryimage\"},\"thumbnailUrl\":\"https:\\\/\\\/www.iquilibrio.com\\\/blog\\\/wp-content\\\/uploads\\\/2024\\\/02\\\/BLOG-Passagens-lunares-iQui.jpg\",\"articleSection\":[\"Ciclo Lunar semanal\"],\"inLanguage\":\"pt-BR\"},{\"@type\":\"WebPage\",\"@id\":\"https:\\\/\\\/www.iquilibrio.com\\\/blog\\\/ciclo-lunar-semanal\\\/a-energia-dos-ciclos-lunares-de-22-11-a-30-11-por-emylian-kali\\\/\",\"url\":\"https:\\\/\\\/www.iquilibrio.com\\\/blog\\\/ciclo-lunar-semanal\\\/a-energia-dos-ciclos-lunares-de-22-11-a-30-11-por-emylian-kali\\\/\",\"name\":\"A Energia dos Ciclos Lunares de 22\\\/11 a 30\\\/11 por Emylian Kali - iQuilibrio\",\"isPartOf\":{\"@id\":\"https:\\\/\\\/www.iquilibrio.com\\\/blog\\\/#website\"},\"primaryImageOfPage\":{\"@id\":\"https:\\\/\\\/www.iquilibrio.com\\\/blog\\\/ciclo-lunar-semanal\\\/a-energia-dos-ciclos-lunares-de-22-11-a-30-11-por-emylian-kali\\\/#primaryimage\"},\"image\":{\"@id\":\"https:\\\/\\\/www.iquilibrio.com\\\/blog\\\/ciclo-lunar-semanal\\\/a-energia-dos-ciclos-lunares-de-22-11-a-30-11-por-emylian-kali\\\/#primaryimage\"},\"thumbnailUrl\":\"https:\\\/\\\/www.iquilibrio.com\\\/blog\\\/wp-content\\\/uploads\\\/2024\\\/02\\\/BLOG-Passagens-lunares-iQui.jpg\",\"datePublished\":\"2024-11-23T02:45:36+00:00\",\"breadcrumb\":{\"@id\":\"https:\\\/\\\/www.iquilibrio.com\\\/blog\\\/ciclo-lunar-semanal\\\/a-energia-dos-ciclos-lunares-de-22-11-a-30-11-por-emylian-kali\\\/#breadcrumb\"},\"inLanguage\":\"pt-BR\",\"potentialAction\":[{\"@type\":\"ReadAction\",\"target\":[\"https:\\\/\\\/www.iquilibrio.com\\\/blog\\\/ciclo-lunar-semanal\\\/a-energia-dos-ciclos-lunares-de-22-11-a-30-11-por-emylian-kali\\\/\"]}]},{\"@type\":\"ImageObject\",\"inLanguage\":\"pt-BR\",\"@id\":\"https:\\\/\\\/www.iquilibrio.com\\\/blog\\\/ciclo-lunar-semanal\\\/a-energia-dos-ciclos-lunares-de-22-11-a-30-11-por-emylian-kali\\\/#primaryimage\",\"url\":\"https:\\\/\\\/www.iquilibrio.com\\\/blog\\\/wp-content\\\/uploads\\\/2024\\\/02\\\/BLOG-Passagens-lunares-iQui.jpg\",\"contentUrl\":\"https:\\\/\\\/www.iquilibrio.com\\\/blog\\\/wp-content\\\/uploads\\\/2024\\\/02\\\/BLOG-Passagens-lunares-iQui.jpg\",\"width\":900,\"height\":560},{\"@type\":\"BreadcrumbList\",\"@id\":\"https:\\\/\\\/www.iquilibrio.com\\\/blog\\\/ciclo-lunar-semanal\\\/a-energia-dos-ciclos-lunares-de-22-11-a-30-11-por-emylian-kali\\\/#breadcrumb\",\"itemListElement\":[{\"@type\":\"ListItem\",\"position\":1,\"name\":\"In\u00edcio\",\"item\":\"https:\\\/\\\/www.iquilibrio.com\\\/blog\\\/\"},{\"@type\":\"ListItem\",\"position\":2,\"name\":\"A Energia dos Ciclos Lunares de 22\\\/11 a 30\\\/11 por Emylian Kali\"}]},{\"@type\":\"WebSite\",\"@id\":\"https:\\\/\\\/www.iquilibrio.com\\\/blog\\\/#website\",\"url\":\"https:\\\/\\\/www.iquilibrio.com\\\/blog\\\/\",\"name\":\"iQuilibrio\",\"description\":\"Blog iQuilibrio\",\"publisher\":{\"@id\":\"https:\\\/\\\/www.iquilibrio.com\\\/blog\\\/#organization\"},\"potentialAction\":[{\"@type\":\"SearchAction\",\"target\":{\"@type\":\"EntryPoint\",\"urlTemplate\":\"https:\\\/\\\/www.iquilibrio.com\\\/blog\\\/?s={search_term_string}\"},\"query-input\":{\"@type\":\"PropertyValueSpecification\",\"valueRequired\":true,\"valueName\":\"search_term_string\"}}],\"inLanguage\":\"pt-BR\"},{\"@type\":\"Organization\",\"@id\":\"https:\\\/\\\/www.iquilibrio.com\\\/blog\\\/#organization\",\"name\":\"Esoterismo, Misticismo e Tarot Online - iQuilibrio\",\"url\":\"https:\\\/\\\/www.iquilibrio.com\\\/blog\\\/\",\"logo\":{\"@type\":\"ImageObject\",\"inLanguage\":\"pt-BR\",\"@id\":\"https:\\\/\\\/www.iquilibrio.com\\\/blog\\\/#\\\/schema\\\/logo\\\/image\\\/\",\"url\":\"https:\\\/\\\/www.iquilibrio.com\\\/blog\\\/wp-content\\\/uploads\\\/2018\\\/12\\\/iquilibrio_lovo_vetor_preto-retina.png\",\"contentUrl\":\"https:\\\/\\\/www.iquilibrio.com\\\/blog\\\/wp-content\\\/uploads\\\/2018\\\/12\\\/iquilibrio_lovo_vetor_preto-retina.png\",\"width\":972,\"height\":180,\"caption\":\"Esoterismo, Misticismo e Tarot Online - iQuilibrio\"},\"image\":{\"@id\":\"https:\\\/\\\/www.iquilibrio.com\\\/blog\\\/#\\\/schema\\\/logo\\\/image\\\/\"},\"sameAs\":[\"https:\\\/\\\/www.facebook.com\\\/iQuilibrio\\\/\",\"https:\\\/\\\/x.com\\\/iquilibrio\",\"https:\\\/\\\/www.instagram.com\\\/iquilibrio\\\/\",\"https:\\\/\\\/www.linkedin.com\\\/company\\\/iquilibrio\\\/\",\"https:\\\/\\\/br.pinterest.com\\\/iquilibrio1397\\\/\",\"https:\\\/\\\/www.youtube.com\\\/channel\\\/UC175qxd-4Zsi4wzawT5zF2g\"]},{\"@type\":\"Person\",\"@id\":\"https:\\\/\\\/www.iquilibrio.com\\\/blog\\\/#\\\/schema\\\/person\\\/21ae990723c2e5a1170c9a06dacb4d3d\",\"name\":\"Arthur Peroni\",\"image\":{\"@type\":\"ImageObject\",\"inLanguage\":\"pt-BR\",\"@id\":\"https:\\\/\\\/www.iquilibrio.com\\\/blog\\\/wp-content\\\/uploads\\\/2023\\\/04\\\/Arthur-Peroni-150x150.jpg\",\"url\":\"https:\\\/\\\/www.iquilibrio.com\\\/blog\\\/wp-content\\\/uploads\\\/2023\\\/04\\\/Arthur-Peroni-150x150.jpg\",\"contentUrl\":\"https:\\\/\\\/www.iquilibrio.com\\\/blog\\\/wp-content\\\/uploads\\\/2023\\\/04\\\/Arthur-Peroni-150x150.jpg\",\"caption\":\"Arthur Peroni\"},\"description\":\"Arthur Peroni escreve sobre a vida, o universo e tudo mais. Amante da literatura m\u00edstica, e fic\u00e7\u00e3o, descobriu sua carreira de redator gra\u00e7as ao h\u00e1bito de leitura constante sobre fantasia e drama. Nas horas vagas, gosta de cozinhar, ler e ver filmes antigos. J\u00e1 trabalhou com, comunica\u00e7\u00e3o social, massoterapia, terapias hol\u00edsticas e design de interiores. Atualmente trabalha como redator SEO e se entusiasma com tudo o que \u00e9 esot\u00e9rico. Gosta de discutir sobre assuntos complexos e instigantes, e v\u00ea na escrita uma oportunidade de aprender e criar todos os dias, mentalmente e espiritualmente.\",\"url\":\"https:\\\/\\\/www.iquilibrio.com\\\/blog\\\/author\\\/raul-vinicius\\\/\"}]}<\/script>\n<!-- \/ Yoast SEO plugin. -->","yoast_head_json":{"title":"A Energia dos Ciclos Lunares de 22\/11 a 30\/11 por Emylian Kali - iQuilibrio","robots":{"index":"index","follow":"follow","max-snippet":"max-snippet:-1","max-image-preview":"max-image-preview:large","max-video-preview":"max-video-preview:-1"},"canonical":"https:\/\/www.iquilibrio.com\/blog\/ciclo-lunar-semanal\/a-energia-dos-ciclos-lunares-de-22-11-a-30-11-por-emylian-kali\/","og_locale":"pt_BR","og_type":"article","og_title":"A Energia dos Ciclos Lunares de 22\/11 a 30\/11 por Emylian Kali - iQuilibrio","og_description":"Expans\u00e3o e Busca Pessoal: Equilibrando nossas Mentes Amado(a) Leitor(a), chegamos aos dias 22 e 30 de novembro, e a Lua Minguante nos guia por um per\u00edodo de introspec\u00e7\u00e3o, limpeza e prepara\u00e7\u00e3o para o novo ciclo que est\u00e1 por vir, com reflex\u00e3o profunda, onde somos convidados a desapegar do que j\u00e1 n\u00e3o serve e nos reconectar [&hellip;]","og_url":"https:\/\/www.iquilibrio.com\/blog\/ciclo-lunar-semanal\/a-energia-dos-ciclos-lunares-de-22-11-a-30-11-por-emylian-kali\/","og_site_name":"iQuilibrio","article_publisher":"https:\/\/www.facebook.com\/iQuilibrio\/","article_published_time":"2024-11-23T02:45:36+00:00","og_image":[{"width":900,"height":560,"url":"https:\/\/www.iquilibrio.com\/blog\/wp-content\/uploads\/2024\/02\/BLOG-Passagens-lunares-iQui.jpg","type":"image\/jpeg"}],"author":"Arthur Peroni","twitter_card":"summary_large_image","twitter_creator":"@iquilibrio","twitter_site":"@iquilibrio","twitter_misc":{"Escrito por":"Arthur Peroni","Est. tempo de leitura":"7 minutos"},"schema":{"@context":"https:\/\/schema.org","@graph":[{"@type":"Article","@id":"https:\/\/www.iquilibrio.com\/blog\/ciclo-lunar-semanal\/a-energia-dos-ciclos-lunares-de-22-11-a-30-11-por-emylian-kali\/#article","isPartOf":{"@id":"https:\/\/www.iquilibrio.com\/blog\/ciclo-lunar-semanal\/a-energia-dos-ciclos-lunares-de-22-11-a-30-11-por-emylian-kali\/"},"author":{"name":"Arthur Peroni","@id":"https:\/\/www.iquilibrio.com\/blog\/#\/schema\/person\/21ae990723c2e5a1170c9a06dacb4d3d"},"headline":"A Energia dos Ciclos Lunares de 22\/11 a 30\/11 por Emylian Kali","datePublished":"2024-11-23T02:45:36+00:00","mainEntityOfPage":{"@id":"https:\/\/www.iquilibrio.com\/blog\/ciclo-lunar-semanal\/a-energia-dos-ciclos-lunares-de-22-11-a-30-11-por-emylian-kali\/"},"wordCount":1158,"publisher":{"@id":"https:\/\/www.iquilibrio.com\/blog\/#organization"},"image":{"@id":"https:\/\/www.iquilibrio.com\/blog\/ciclo-lunar-semanal\/a-energia-dos-ciclos-lunares-de-22-11-a-30-11-por-emylian-kali\/#primaryimage"},"thumbnailUrl":"https:\/\/www.iquilibrio.com\/blog\/wp-content\/uploads\/2024\/02\/BLOG-Passagens-lunares-iQui.jpg","articleSection":["Ciclo Lunar semanal"],"inLanguage":"pt-BR"},{"@type":"WebPage","@id":"https:\/\/www.iquilibrio.com\/blog\/ciclo-lunar-semanal\/a-energia-dos-ciclos-lunares-de-22-11-a-30-11-por-emylian-kali\/","url":"https:\/\/www.iquilibrio.com\/blog\/ciclo-lunar-semanal\/a-energia-dos-ciclos-lunares-de-22-11-a-30-11-por-emylian-kali\/","name":"A Energia dos Ciclos Lunares de 22\/11 a 30\/11 por Emylian Kali - iQuilibrio","isPartOf":{"@id":"https:\/\/www.iquilibrio.com\/blog\/#website"},"primaryImageOfPage":{"@id":"https:\/\/www.iquilibrio.com\/blog\/ciclo-lunar-semanal\/a-energia-dos-ciclos-lunares-de-22-11-a-30-11-por-emylian-kali\/#primaryimage"},"image":{"@id":"https:\/\/www.iquilibrio.com\/blog\/ciclo-lunar-semanal\/a-energia-dos-ciclos-lunares-de-22-11-a-30-11-por-emylian-kali\/#primaryimage"},"thumbnailUrl":"https:\/\/www.iquilibrio.com\/blog\/wp-content\/uploads\/2024\/02\/BLOG-Passagens-lunares-iQui.jpg","datePublished":"2024-11-23T02:45:36+00:00","breadcrumb":{"@id":"https:\/\/www.iquilibrio.com\/blog\/ciclo-lunar-semanal\/a-energia-dos-ciclos-lunares-de-22-11-a-30-11-por-emylian-kali\/#breadcrumb"},"inLanguage":"pt-BR","potentialAction":[{"@type":"ReadAction","target":["https:\/\/www.iquilibrio.com\/blog\/ciclo-lunar-semanal\/a-energia-dos-ciclos-lunares-de-22-11-a-30-11-por-emylian-kali\/"]}]},{"@type":"ImageObject","inLanguage":"pt-BR","@id":"https:\/\/www.iquilibrio.com\/blog\/ciclo-lunar-semanal\/a-energia-dos-ciclos-lunares-de-22-11-a-30-11-por-emylian-kali\/#primaryimage","url":"https:\/\/www.iquilibrio.com\/blog\/wp-content\/uploads\/2024\/02\/BLOG-Passagens-lunares-iQui.jpg","contentUrl":"https:\/\/www.iquilibrio.com\/blog\/wp-content\/uploads\/2024\/02\/BLOG-Passagens-lunares-iQui.jpg","width":900,"height":560},{"@type":"BreadcrumbList","@id":"https:\/\/www.iquilibrio.com\/blog\/ciclo-lunar-semanal\/a-energia-dos-ciclos-lunares-de-22-11-a-30-11-por-emylian-kali\/#breadcrumb","itemListElement":[{"@type":"ListItem","position":1,"name":"In\u00edcio","item":"https:\/\/www.iquilibrio.com\/blog\/"},{"@type":"ListItem","position":2,"name":"A Energia dos Ciclos Lunares de 22\/11 a 30\/11 por Emylian Kali"}]},{"@type":"WebSite","@id":"https:\/\/www.iquilibrio.com\/blog\/#website","url":"https:\/\/www.iquilibrio.com\/blog\/","name":"iQuilibrio","description":"Blog iQuilibrio","publisher":{"@id":"https:\/\/www.iquilibrio.com\/blog\/#organization"},"potentialAction":[{"@type":"SearchAction","target":{"@type":"EntryPoint","urlTemplate":"https:\/\/www.iquilibrio.com\/blog\/?s={search_term_string}"},"query-input":{"@type":"PropertyValueSpecification","valueRequired":true,"valueName":"search_term_string"}}],"inLanguage":"pt-BR"},{"@type":"Organization","@id":"https:\/\/www.iquilibrio.com\/blog\/#organization","name":"Esoterismo, Misticismo e Tarot Online - iQuilibrio","url":"https:\/\/www.iquilibrio.com\/blog\/","logo":{"@type":"ImageObject","inLanguage":"pt-BR","@id":"https:\/\/www.iquilibrio.com\/blog\/#\/schema\/logo\/image\/","url":"https:\/\/www.iquilibrio.com\/blog\/wp-content\/uploads\/2018\/12\/iquilibrio_lovo_vetor_preto-retina.png","contentUrl":"https:\/\/www.iquilibrio.com\/blog\/wp-content\/uploads\/2018\/12\/iquilibrio_lovo_vetor_preto-retina.png","width":972,"height":180,"caption":"Esoterismo, Misticismo e Tarot Online - iQuilibrio"},"image":{"@id":"https:\/\/www.iquilibrio.com\/blog\/#\/schema\/logo\/image\/"},"sameAs":["https:\/\/www.facebook.com\/iQuilibrio\/","https:\/\/x.com\/iquilibrio","https:\/\/www.instagram.com\/iquilibrio\/","https:\/\/www.linkedin.com\/company\/iquilibrio\/","https:\/\/br.pinterest.com\/iquilibrio1397\/","https:\/\/www.youtube.com\/channel\/UC175qxd-4Zsi4wzawT5zF2g"]},{"@type":"Person","@id":"https:\/\/www.iquilibrio.com\/blog\/#\/schema\/person\/21ae990723c2e5a1170c9a06dacb4d3d","name":"Arthur Peroni","image":{"@type":"ImageObject","inLanguage":"pt-BR","@id":"https:\/\/www.iquilibrio.com\/blog\/wp-content\/uploads\/2023\/04\/Arthur-Peroni-150x150.jpg","url":"https:\/\/www.iquilibrio.com\/blog\/wp-content\/uploads\/2023\/04\/Arthur-Peroni-150x150.jpg","contentUrl":"https:\/\/www.iquilibrio.com\/blog\/wp-content\/uploads\/2023\/04\/Arthur-Peroni-150x150.jpg","caption":"Arthur Peroni"},"description":"Arthur Peroni escreve sobre a vida, o universo e tudo mais. Amante da literatura m\u00edstica, e fic\u00e7\u00e3o, descobriu sua carreira de redator gra\u00e7as ao h\u00e1bito de leitura constante sobre fantasia e drama. Nas horas vagas, gosta de cozinhar, ler e ver filmes antigos. J\u00e1 trabalhou com, comunica\u00e7\u00e3o social, massoterapia, terapias hol\u00edsticas e design de interiores. Atualmente trabalha como redator SEO e se entusiasma com tudo o que \u00e9 esot\u00e9rico. Gosta de discutir sobre assuntos complexos e instigantes, e v\u00ea na escrita uma oportunidade de aprender e criar todos os dias, mentalmente e espiritualmente.","url":"https:\/\/www.iquilibrio.com\/blog\/author\/raul-vinicius\/"}]}},"_links":{"self":[{"href":"https:\/\/www.iquilibrio.com\/blog\/wp-json\/wp\/v2\/posts\/41277","targetHints":{"allow":["GET"]}}],"collection":[{"href":"https:\/\/www.iquilibrio.com\/blog\/wp-json\/wp\/v2\/posts"}],"about":[{"href":"https:\/\/www.iquilibrio.com\/blog\/wp-json\/wp\/v2\/types\/post"}],"author":[{"embeddable":true,"href":"https:\/\/www.iquilibrio.com\/blog\/wp-json\/wp\/v2\/users\/158"}],"replies":[{"embeddable":true,"href":"https:\/\/www.iquilibrio.com\/blog\/wp-json\/wp\/v2\/comments?post=41277"}],"version-history":[{"count":1,"href":"https:\/\/www.iquilibrio.com\/blog\/wp-json\/wp\/v2\/posts\/41277\/revisions"}],"predecessor-version":[{"id":41278,"href":"https:\/\/www.iquilibrio.com\/blog\/wp-json\/wp\/v2\/posts\/41277\/revisions\/41278"}],"wp:featuredmedia":[{"embeddable":true,"href":"https:\/\/www.iquilibrio.com\/blog\/wp-json\/wp\/v2\/media\/40190"}],"wp:attachment":[{"href":"https:\/\/www.iquilibrio.com\/blog\/wp-json\/wp\/v2\/media?parent=41277"}],"wp:term":[{"taxonomy":"category","embeddable":true,"href":"https:\/\/www.iquilibrio.com\/blog\/wp-json\/wp\/v2\/categories?post=41277"},{"taxonomy":"post_tag","embeddable":true,"href":"https:\/\/www.iquilibrio.com\/blog\/wp-json\/wp\/v2\/tags?post=41277"}],"curies":[{"name":"wp","href":"https:\/\/api.w.org\/{rel}","templated":true}]}}