{"id":41212,"date":"2024-11-01T14:12:04","date_gmt":"2024-11-01T17:12:04","guid":{"rendered":"https:\/\/www.iquilibrio.com\/blog\/?p=41212"},"modified":"2024-11-06T12:28:26","modified_gmt":"2024-11-06T15:28:26","slug":"a-energia-dos-ciclos-lunares-de-01-11-a-08-11-por-emylain-kali","status":"publish","type":"post","link":"https:\/\/www.iquilibrio.com\/blog\/ciclo-lunar-semanal\/a-energia-dos-ciclos-lunares-de-01-11-a-08-11-por-emylain-kali\/","title":{"rendered":"A Energia dos Ciclos Lunares de 01\/11 a 08\/11 por Emylain Kali"},"content":{"rendered":"<h2><b>A Chegada da Emo\u00e7\u00e3o Autentica e da Profundidade<\/b><\/h2>\n<p><span style=\"font-weight: 400;\">Querido leitor, neste in\u00edcio de novembro, somos agraciados com um convite celestial poderoso, que se inicia com a Lua Nova em Escorpi\u00e3o no dia 01. Este \u00e9 um momento de renascimento e transforma\u00e7\u00e3o, onde as emo\u00e7\u00f5es profundas e ocultas se fazem ouvir.<\/span><\/p>\n<p><span style=\"font-weight: 400;\">Em Escorpi\u00e3o, a Lua nos impulsiona a enfrentar nossas sombras e a buscar a autenticidade nas nossas inten\u00e7\u00f5es. \u00c9 hora de deixar ir o que n\u00e3o nos serve mais e dar espa\u00e7o ao novo. As energias deste signo intensificam nosso desejo de mergulhar em nosso interior, nos motivando a explorar os recantos mais profundos do nosso ser.<\/span><\/p>\n<p><span style=\"font-weight: 400;\">Nos dias seguintes, a Lua continua sua jornada em Escorpi\u00e3o at\u00e9 o dia 02, intensificando essa atmosfera de introspec\u00e7\u00e3o e autoconhecimento. \u00c9 um convite para refletir sobre nossas rela\u00e7\u00f5es, o que realmente valorizamos e para liberar antigos ressentimentos. Para preparar o terreno para novas inten\u00e7\u00f5es, pergunte-se: o que eu quero cultivar em minha vida?<\/span><\/p>\n<p><span style=\"font-weight: 400;\">A partir do dia 03, a Lua adentra o expansivo Sagit\u00e1rio, trazendo uma energia vibrante que nos encoraja a olhar para o futuro com esperan\u00e7a e otimismo, v\u00e1 em busca de novas ideias, viajar, tanto fisicamente quanto mentalmente. Essa fase foi feita para se aventurar em projetos criativos ou para se abrir a novas filosofias de vida. Aproveite para se conectar com pessoas que compartilham suas paix\u00f5es, pois a energia sagitariana favorece a uni\u00e3o e a troca de conhecimentos.<\/span><\/p>\n<p><span style=\"font-weight: 400;\">Nos dias 05 e 06, a Lua se transforma em Capric\u00f3rnio, trazendo um toque de realismo e disciplina, ao qual nos sentimos mais focados e determinados a trabalhar em nossas metas. Tenha um ideal para estruturar planos e tomar decis\u00f5es pr\u00e1ticas que te levar\u00e3o a resultados tang\u00edveis. Questione-se: como posso transformar minhas aspira\u00e7\u00f5es em a\u00e7\u00f5es concretas? A energia de Capric\u00f3rnio nos ensina que a paci\u00eancia e o esfor\u00e7o s\u00e3o fundamentais para o sucesso.<\/span><\/p>\n<p><span style=\"font-weight: 400;\">Por fim, entre os dias 07 e 08, a Lua brilha em Aqu\u00e1rio, convidando-nos a abra\u00e7ar nossa autenticidade e a celebrar a individualidade. Aqui, somos instigados a pensar fora da caixa, a desafiar normas e a buscar novas formas de express\u00e3o. As energias aquarianas nos conectam com a coletividade e nos incentivam a agir em prol de causas que acreditamos. Sendo \u00f3timo para se conectar com grupos e comunidades, encontrando for\u00e7a na diversidade e na inova\u00e7\u00e3o.<\/span><\/p>\n<p><span style=\"font-weight: 400;\">Al\u00e9m das energias lunares, novembro traz consigo eventos astrol\u00f3gicos significativos. A mudan\u00e7a definitiva de Plut\u00e3o para Aqu\u00e1rio marca uma nova era de transforma\u00e7\u00f5es sociais e pessoais, desafiando velhas estruturas e abrindo espa\u00e7o para novos paradigmas. E o Merc\u00fario Retr\u00f3grado em Sagit\u00e1rio nos convida a refletir sobre a comunica\u00e7\u00e3o e a verdade, trazendo \u00e0 tona quest\u00f5es que podem ter sido ignoradas.<\/span><\/p>\n<p><span style=\"font-weight: 400;\">Prepare-se para navegar por este ciclo lunar com consci\u00eancia e inten\u00e7\u00e3o. \u00c0 medida que exploramos cada fase da Lua, teremos a oportunidade de reescrever nossa narrativa e de nos libertar de padr\u00f5es que n\u00e3o nos servem mais. Que possamos aproveitar essa jornada de transforma\u00e7\u00e3o e crescimento!<\/span><\/p>\n<p style=\"text-align: center;\"><span class=\"td_btn td_btn_md td_round_btn\" style=\"background-color: #666699; color: #ffffff;\"><a style=\"background-color: #666699; color: #ffffff;\" href=\"https:\/\/www.iquilibrio.com\/astrologia\/?utm_campaign=blog_conversao&amp;utm_medium=texto_cta&amp;utm_source=blog&amp;utm_content=2024_cat_astrologia_art_sol-em-escorpiao\" target=\"_blank\" rel=\"noopener\">Precisando de mais conselhos? Consulte uma profissional astrol\u00f3gica!<\/a><\/span><\/p>\n<hr \/>\n<h3><b>Lua Nova em Escorpi\u00e3o (01\/11) &#x1f311;&#x264f;<\/b><\/h3>\n<p><b>Energias:<\/b><span style=\"font-weight: 400;\"> A Lua Nova em Escorpi\u00e3o \u00e9 um convite para a transforma\u00e7\u00e3o. As emo\u00e7\u00f5es est\u00e3o \u00e0 flor da pele, e o desejo de renova\u00e7\u00e3o \u00e9 forte. \u00c9 um momento para aprofundar-se nas pr\u00f3prias sombras e descobrir as verdades ocultas que nos impedem de seguir em frente.<\/span><\/p>\n<p><b>Dicas da Semana:<\/b><span style=\"font-weight: 400;\"> Use esse tempo para refletir sobre o que deseja manifestar nos pr\u00f3ximos meses. Escreva em um di\u00e1rio sobre seus anseios e inten\u00e7\u00f5es.<\/span><\/p>\n<p><b>Incenso:<\/b><span style=\"font-weight: 400;\"> Incenso de s\u00e2ndalo. Sua fragr\u00e2ncia suave ajuda a acalmar a mente e a criar um ambiente prop\u00edcio para a introspec\u00e7\u00e3o.<\/span><\/p>\n<p><b>Rituais:<\/b><span style=\"font-weight: 400;\"> Realize um ritual de libera\u00e7\u00e3o, onde voc\u00ea queima pap\u00e9is que contenham as situa\u00e7\u00f5es ou emo\u00e7\u00f5es que deseja soltar. Ao faz\u00ea-lo, visualize a energia negativa se dissipando.<\/span><\/p>\n<p><b>Mantra:<\/b><span style=\"font-weight: 400;\"> \u201cEstou aberto(a) \u00e0 transforma\u00e7\u00e3o. Acolho o novo que vem at\u00e9 mim.\u201d<\/span><\/p>\n<hr \/>\n<h3><b>Lua Crescente em Escorpi\u00e3o&#x1f312;&#x264f; (02\/11)<\/b><\/h3>\n<p><b>Energias:<\/b><span style=\"font-weight: 400;\"> O dia \u00e9 de continuidade do profundo mergulho emocional. A energia de Escorpi\u00e3o continua a nos convidar a investigar o que nos motiva.<\/span><\/p>\n<p><b>Dicas da Semana:<\/b><span style=\"font-weight: 400;\"> Pratique a gratid\u00e3o. Fa\u00e7a uma lista de coisas pelas quais voc\u00ea \u00e9 grato e sinta a energia positiva fluir.<\/span><\/p>\n<p><b>Incenso:<\/b><span style=\"font-weight: 400;\"> Incenso de mirra, que favorece a espiritualidade e a prote\u00e7\u00e3o.<\/span><\/p>\n<p><b>Rituais:<\/b><span style=\"font-weight: 400;\"> Medite por alguns minutos visualizando a luz da lua preenchendo seu ser e clareando seu caminho.<\/span><\/p>\n<p><b>Mantra:<\/b><span style=\"font-weight: 400;\"> \u201cA luz da lua ilumina minha jornada interior.\u201d<\/span><\/p>\n<hr \/>\n<h3><b>Lua Crescente em Sagit\u00e1rio &#x1f312;&#x2650;(03\/11 a 04\/11)<\/b><\/h3>\n<p><b>Energias:<\/b><span style=\"font-weight: 400;\"> A transi\u00e7\u00e3o para Sagit\u00e1rio traz um ar de liberdade e expans\u00e3o. Sinta-se motivado a explorar novas ideias e possibilidades.<\/span><\/p>\n<p><b>Dicas da Semana:<\/b><span style=\"font-weight: 400;\"> Saia da sua zona de conforto! Experimente algo novo, seja um novo hobby ou uma nova maneira de pensar.<\/span><\/p>\n<p><b>Incenso:<\/b><span style=\"font-weight: 400;\"> Incenso de eucalipto. Ele ajuda a abrir a mente e a purificar o ambiente.<\/span><\/p>\n<p><b>Rituais:<\/b><span style=\"font-weight: 400;\"> Crie um mapa de sonhos onde voc\u00ea pode visualizar suas aspira\u00e7\u00f5es e os caminhos que quer seguir.<\/span><\/p>\n<p><b>Mantra:<\/b><span style=\"font-weight: 400;\"> \u201cA vida \u00e9 uma aventura, e eu estou pronto(a) para explor\u00e1-la.\u201d<\/span><\/p>\n<hr \/>\n<h3><b>Lua Minguante em Capric\u00f3rnio &#x1f313;&#x2651;(05\/11 a 06\/11)<\/b><\/h3>\n<p><b>Energias:<\/b><span style=\"font-weight: 400;\"> A Lua em Capric\u00f3rnio pede disciplina e foco. \u00c9 o momento ideal para estruturar seus planos e colocar em pr\u00e1tica o que foi sonhado.<\/span><\/p>\n<p><b>Dicas da Semana:<\/b><span style=\"font-weight: 400;\"> Avalie suas metas. O que voc\u00ea pode fazer para se aproximar dos seus objetivos?<\/span><\/p>\n<p><b>Incenso:<\/b><span style=\"font-weight: 400;\"> Incenso de patchouli, que traz uma energia de grounding e conex\u00e3o com a Terra.<\/span><\/p>\n<p><b>Rituais:<\/b><span style=\"font-weight: 400;\"> Crie um cronograma com passos pr\u00e1ticos para alcan\u00e7ar suas metas, focando no que realmente importa.<\/span><\/p>\n<p><b>Mantra:<\/b><span style=\"font-weight: 400;\"> \u201cEu sou capaz de realizar meus sonhos com determina\u00e7\u00e3o.\u201d<\/span><\/p>\n<hr \/>\n<h3><b>Lua Crescente em Aqu\u00e1rio &#x1f313;&#x2652;(07\/11 a 08\/11)<\/b><\/h3>\n<p><b>Energias:<\/b><span style=\"font-weight: 400;\"> Apesar da virada da lua para a Crescente energia de Aqu\u00e1rio nos remete a minguante, e nos convida a ser aut\u00eanticos e a romper com o que n\u00e3o se alinha mais com nosso verdadeiro eu. \u00c9 um momento para olhar para o futuro com esperan\u00e7a.<\/span><\/p>\n<p><b>Dicas da Semana:<\/b><span style=\"font-weight: 400;\"> Converse com amigos sobre suas ideias e aspira\u00e7\u00f5es. A troca de experi\u00eancias traz novas perspectivas.<\/span><\/p>\n<p><b>Incenso:<\/b><span style=\"font-weight: 400;\"> Incenso de lavanda, que promove a tranquilidade e a clareza mental.<\/span><\/p>\n<p><b>Rituais:<\/b><span style=\"font-weight: 400;\"> Realize uma medita\u00e7\u00e3o em grupo ou online, conectando-se com pessoas que compartilham dos mesmos ideais.<\/span><\/p>\n<p><b>Mantra:<\/b><span style=\"font-weight: 400;\"> \u201cEu sou livre para ser quem eu realmente sou.\u201d<\/span><\/p>\n<hr \/>\n<p><img loading=\"lazy\" decoding=\"async\" class=\" wp-image-40073 alignleft\" src=\"https:\/\/www.iquilibrio.com\/blog\/wp-content\/uploads\/2024\/01\/Emylian-Kali-Astrocentro.png\" alt=\"\" width=\"318\" height=\"322\" srcset=\"https:\/\/www.iquilibrio.com\/blog\/wp-content\/uploads\/2024\/01\/Emylian-Kali-Astrocentro.png 334w, https:\/\/www.iquilibrio.com\/blog\/wp-content\/uploads\/2024\/01\/Emylian-Kali-Astrocentro-296x300.png 296w\" sizes=\"auto, (max-width: 318px) 100vw, 318px\" \/>Como oraculista profissional e bruxo, Emylian trabalha com diversas formas de energia e espiritualidade, fornecendo orienta\u00e7\u00e3o e aconselhamento em \u00e1reas como relacionamentos, carreira, finan\u00e7as, sa\u00fade e muito mais.<\/p>\n<p>A jornada espiritual de Emylian come\u00e7ou na inf\u00e2ncia, aos 5 anos de idade, quando teve seu primeiro contato visual com o mundo espiritual.<\/p>\n<p>Desde ent\u00e3o, ele vem aprimorando sua mediunidade e explorando v\u00e1rias \u00e1reas da espiritualidade Como intuitivo, Emylian possui uma sensibilidade agu\u00e7ada para captar as energias e vibra\u00e7\u00f5es dos or\u00e1culos, bem como interpretar suas mensagens.<\/p>\n<p>Ele utiliza sua mediunidade para ajudar as pessoas a encontrar respostas e solu\u00e7\u00f5es para seus desafios pessoais.<\/p>\n<p>&nbsp;<\/p>\n\n\n<div class=\"kk-star-ratings kksr-auto kksr-align-left kksr-valign-bottom\"\n    data-payload='{&quot;align&quot;:&quot;left&quot;,&quot;id&quot;:&quot;41212&quot;,&quot;slug&quot;:&quot;default&quot;,&quot;valign&quot;:&quot;bottom&quot;,&quot;ignore&quot;:&quot;&quot;,&quot;reference&quot;:&quot;auto&quot;,&quot;class&quot;:&quot;&quot;,&quot;count&quot;:&quot;0&quot;,&quot;legendonly&quot;:&quot;&quot;,&quot;readonly&quot;:&quot;&quot;,&quot;score&quot;:&quot;0&quot;,&quot;starsonly&quot;:&quot;&quot;,&quot;best&quot;:&quot;5&quot;,&quot;gap&quot;:&quot;5&quot;,&quot;greet&quot;:&quot;Rate this post&quot;,&quot;legend&quot;:&quot;0\\\/5 - (0 voto)&quot;,&quot;size&quot;:&quot;24&quot;,&quot;title&quot;:&quot;A Energia dos Ciclos Lunares de 01\\\/11 a 08\\\/11 por Emylain Kali&quot;,&quot;width&quot;:&quot;0&quot;,&quot;_legend&quot;:&quot;{score}\\\/{best} - ({count} {votes})&quot;,&quot;font_factor&quot;:&quot;1.25&quot;}'>\n            \n<div class=\"kksr-stars\">\n    \n<div class=\"kksr-stars-inactive\">\n            <div class=\"kksr-star\" data-star=\"1\" style=\"padding-right: 5px\">\n            \n\n<div class=\"kksr-icon\" style=\"width: 24px; height: 24px;\"><\/div>\n        <\/div>\n            <div class=\"kksr-star\" data-star=\"2\" style=\"padding-right: 5px\">\n            \n\n<div class=\"kksr-icon\" style=\"width: 24px; height: 24px;\"><\/div>\n        <\/div>\n            <div class=\"kksr-star\" data-star=\"3\" style=\"padding-right: 5px\">\n            \n\n<div class=\"kksr-icon\" style=\"width: 24px; height: 24px;\"><\/div>\n        <\/div>\n            <div class=\"kksr-star\" data-star=\"4\" style=\"padding-right: 5px\">\n            \n\n<div class=\"kksr-icon\" style=\"width: 24px; height: 24px;\"><\/div>\n        <\/div>\n            <div class=\"kksr-star\" data-star=\"5\" style=\"padding-right: 5px\">\n            \n\n<div class=\"kksr-icon\" style=\"width: 24px; height: 24px;\"><\/div>\n        <\/div>\n    <\/div>\n    \n<div class=\"kksr-stars-active\" style=\"width: 0px;\">\n            <div class=\"kksr-star\" style=\"padding-right: 5px\">\n            \n\n<div class=\"kksr-icon\" style=\"width: 24px; height: 24px;\"><\/div>\n        <\/div>\n            <div class=\"kksr-star\" style=\"padding-right: 5px\">\n            \n\n<div class=\"kksr-icon\" style=\"width: 24px; height: 24px;\"><\/div>\n        <\/div>\n            <div class=\"kksr-star\" style=\"padding-right: 5px\">\n            \n\n<div class=\"kksr-icon\" style=\"width: 24px; height: 24px;\"><\/div>\n        <\/div>\n            <div class=\"kksr-star\" style=\"padding-right: 5px\">\n            \n\n<div class=\"kksr-icon\" style=\"width: 24px; height: 24px;\"><\/div>\n        <\/div>\n            <div class=\"kksr-star\" style=\"padding-right: 5px\">\n            \n\n<div class=\"kksr-icon\" style=\"width: 24px; height: 24px;\"><\/div>\n        <\/div>\n    <\/div>\n<\/div>\n                \n\n<div class=\"kksr-legend\" style=\"font-size: 19.2px;\">\n            <span class=\"kksr-muted\">Rate this post<\/span>\n    <\/div>\n    <\/div>\n","protected":false},"excerpt":{"rendered":"<p>A Chegada da Emo\u00e7\u00e3o Autentica e da Profundidade Querido leitor, neste in\u00edcio de novembro, somos agraciados com um convite celestial poderoso, que se inicia com a Lua Nova em Escorpi\u00e3o no dia 01. Este \u00e9 um momento de renascimento e transforma\u00e7\u00e3o, onde as emo\u00e7\u00f5es profundas e ocultas se fazem ouvir. Em Escorpi\u00e3o, a Lua nos [&hellip;]<\/p>\n","protected":false},"author":158,"featured_media":40190,"comment_status":"closed","ping_status":"closed","sticky":false,"template":"","format":"standard","meta":{"footnotes":""},"categories":[4893],"tags":[],"class_list":["post-41212","post","type-post","status-publish","format-standard","has-post-thumbnail","hentry","category-ciclo-lunar-semanal"],"yoast_head":"<!-- This site is optimized with the Yoast SEO plugin v27.4 - https:\/\/yoast.com\/product\/yoast-seo-wordpress\/ -->\n<title>A Energia dos Ciclos Lunares de 01\/11 a 08\/11 por Emylain Kali - iQuilibrio<\/title>\n<meta name=\"robots\" content=\"index, follow, max-snippet:-1, max-image-preview:large, max-video-preview:-1\" \/>\n<link rel=\"canonical\" href=\"https:\/\/www.iquilibrio.com\/blog\/ciclo-lunar-semanal\/a-energia-dos-ciclos-lunares-de-01-11-a-08-11-por-emylain-kali\/\" \/>\n<meta property=\"og:locale\" content=\"pt_BR\" \/>\n<meta property=\"og:type\" content=\"article\" \/>\n<meta property=\"og:title\" content=\"A Energia dos Ciclos Lunares de 01\/11 a 08\/11 por Emylain Kali - iQuilibrio\" \/>\n<meta property=\"og:description\" content=\"A Chegada da Emo\u00e7\u00e3o Autentica e da Profundidade Querido leitor, neste in\u00edcio de novembro, somos agraciados com um convite celestial poderoso, que se inicia com a Lua Nova em Escorpi\u00e3o no dia 01. Este \u00e9 um momento de renascimento e transforma\u00e7\u00e3o, onde as emo\u00e7\u00f5es profundas e ocultas se fazem ouvir. Em Escorpi\u00e3o, a Lua nos [&hellip;]\" \/>\n<meta property=\"og:url\" content=\"https:\/\/www.iquilibrio.com\/blog\/ciclo-lunar-semanal\/a-energia-dos-ciclos-lunares-de-01-11-a-08-11-por-emylain-kali\/\" \/>\n<meta property=\"og:site_name\" content=\"iQuilibrio\" \/>\n<meta property=\"article:publisher\" content=\"https:\/\/www.facebook.com\/iQuilibrio\/\" \/>\n<meta property=\"article:published_time\" content=\"2024-11-01T17:12:04+00:00\" \/>\n<meta property=\"article:modified_time\" content=\"2024-11-06T15:28:26+00:00\" \/>\n<meta property=\"og:image\" content=\"https:\/\/www.iquilibrio.com\/blog\/wp-content\/uploads\/2024\/02\/BLOG-Passagens-lunares-iQui.jpg\" \/>\n\t<meta property=\"og:image:width\" content=\"900\" \/>\n\t<meta property=\"og:image:height\" content=\"560\" \/>\n\t<meta property=\"og:image:type\" content=\"image\/jpeg\" \/>\n<meta name=\"author\" content=\"Arthur Peroni\" \/>\n<meta name=\"twitter:card\" content=\"summary_large_image\" \/>\n<meta name=\"twitter:creator\" content=\"@iquilibrio\" \/>\n<meta name=\"twitter:site\" content=\"@iquilibrio\" \/>\n<meta name=\"twitter:label1\" content=\"Escrito por\" \/>\n\t<meta name=\"twitter:data1\" content=\"Arthur Peroni\" \/>\n\t<meta name=\"twitter:label2\" content=\"Est. tempo de leitura\" \/>\n\t<meta name=\"twitter:data2\" content=\"7 minutos\" \/>\n<script type=\"application\/ld+json\" class=\"yoast-schema-graph\">{\"@context\":\"https:\\\/\\\/schema.org\",\"@graph\":[{\"@type\":\"Article\",\"@id\":\"https:\\\/\\\/www.iquilibrio.com\\\/blog\\\/ciclo-lunar-semanal\\\/a-energia-dos-ciclos-lunares-de-01-11-a-08-11-por-emylain-kali\\\/#article\",\"isPartOf\":{\"@id\":\"https:\\\/\\\/www.iquilibrio.com\\\/blog\\\/ciclo-lunar-semanal\\\/a-energia-dos-ciclos-lunares-de-01-11-a-08-11-por-emylain-kali\\\/\"},\"author\":{\"name\":\"Arthur Peroni\",\"@id\":\"https:\\\/\\\/www.iquilibrio.com\\\/blog\\\/#\\\/schema\\\/person\\\/21ae990723c2e5a1170c9a06dacb4d3d\"},\"headline\":\"A Energia dos Ciclos Lunares de 01\\\/11 a 08\\\/11 por Emylain Kali\",\"datePublished\":\"2024-11-01T17:12:04+00:00\",\"dateModified\":\"2024-11-06T15:28:26+00:00\",\"mainEntityOfPage\":{\"@id\":\"https:\\\/\\\/www.iquilibrio.com\\\/blog\\\/ciclo-lunar-semanal\\\/a-energia-dos-ciclos-lunares-de-01-11-a-08-11-por-emylain-kali\\\/\"},\"wordCount\":1228,\"publisher\":{\"@id\":\"https:\\\/\\\/www.iquilibrio.com\\\/blog\\\/#organization\"},\"image\":{\"@id\":\"https:\\\/\\\/www.iquilibrio.com\\\/blog\\\/ciclo-lunar-semanal\\\/a-energia-dos-ciclos-lunares-de-01-11-a-08-11-por-emylain-kali\\\/#primaryimage\"},\"thumbnailUrl\":\"https:\\\/\\\/www.iquilibrio.com\\\/blog\\\/wp-content\\\/uploads\\\/2024\\\/02\\\/BLOG-Passagens-lunares-iQui.jpg\",\"articleSection\":[\"Ciclo Lunar semanal\"],\"inLanguage\":\"pt-BR\"},{\"@type\":\"WebPage\",\"@id\":\"https:\\\/\\\/www.iquilibrio.com\\\/blog\\\/ciclo-lunar-semanal\\\/a-energia-dos-ciclos-lunares-de-01-11-a-08-11-por-emylain-kali\\\/\",\"url\":\"https:\\\/\\\/www.iquilibrio.com\\\/blog\\\/ciclo-lunar-semanal\\\/a-energia-dos-ciclos-lunares-de-01-11-a-08-11-por-emylain-kali\\\/\",\"name\":\"A Energia dos Ciclos Lunares de 01\\\/11 a 08\\\/11 por Emylain Kali - iQuilibrio\",\"isPartOf\":{\"@id\":\"https:\\\/\\\/www.iquilibrio.com\\\/blog\\\/#website\"},\"primaryImageOfPage\":{\"@id\":\"https:\\\/\\\/www.iquilibrio.com\\\/blog\\\/ciclo-lunar-semanal\\\/a-energia-dos-ciclos-lunares-de-01-11-a-08-11-por-emylain-kali\\\/#primaryimage\"},\"image\":{\"@id\":\"https:\\\/\\\/www.iquilibrio.com\\\/blog\\\/ciclo-lunar-semanal\\\/a-energia-dos-ciclos-lunares-de-01-11-a-08-11-por-emylain-kali\\\/#primaryimage\"},\"thumbnailUrl\":\"https:\\\/\\\/www.iquilibrio.com\\\/blog\\\/wp-content\\\/uploads\\\/2024\\\/02\\\/BLOG-Passagens-lunares-iQui.jpg\",\"datePublished\":\"2024-11-01T17:12:04+00:00\",\"dateModified\":\"2024-11-06T15:28:26+00:00\",\"breadcrumb\":{\"@id\":\"https:\\\/\\\/www.iquilibrio.com\\\/blog\\\/ciclo-lunar-semanal\\\/a-energia-dos-ciclos-lunares-de-01-11-a-08-11-por-emylain-kali\\\/#breadcrumb\"},\"inLanguage\":\"pt-BR\",\"potentialAction\":[{\"@type\":\"ReadAction\",\"target\":[\"https:\\\/\\\/www.iquilibrio.com\\\/blog\\\/ciclo-lunar-semanal\\\/a-energia-dos-ciclos-lunares-de-01-11-a-08-11-por-emylain-kali\\\/\"]}]},{\"@type\":\"ImageObject\",\"inLanguage\":\"pt-BR\",\"@id\":\"https:\\\/\\\/www.iquilibrio.com\\\/blog\\\/ciclo-lunar-semanal\\\/a-energia-dos-ciclos-lunares-de-01-11-a-08-11-por-emylain-kali\\\/#primaryimage\",\"url\":\"https:\\\/\\\/www.iquilibrio.com\\\/blog\\\/wp-content\\\/uploads\\\/2024\\\/02\\\/BLOG-Passagens-lunares-iQui.jpg\",\"contentUrl\":\"https:\\\/\\\/www.iquilibrio.com\\\/blog\\\/wp-content\\\/uploads\\\/2024\\\/02\\\/BLOG-Passagens-lunares-iQui.jpg\",\"width\":900,\"height\":560},{\"@type\":\"BreadcrumbList\",\"@id\":\"https:\\\/\\\/www.iquilibrio.com\\\/blog\\\/ciclo-lunar-semanal\\\/a-energia-dos-ciclos-lunares-de-01-11-a-08-11-por-emylain-kali\\\/#breadcrumb\",\"itemListElement\":[{\"@type\":\"ListItem\",\"position\":1,\"name\":\"In\u00edcio\",\"item\":\"https:\\\/\\\/www.iquilibrio.com\\\/blog\\\/\"},{\"@type\":\"ListItem\",\"position\":2,\"name\":\"A Energia dos Ciclos Lunares de 01\\\/11 a 08\\\/11 por Emylain Kali\"}]},{\"@type\":\"WebSite\",\"@id\":\"https:\\\/\\\/www.iquilibrio.com\\\/blog\\\/#website\",\"url\":\"https:\\\/\\\/www.iquilibrio.com\\\/blog\\\/\",\"name\":\"iQuilibrio\",\"description\":\"Blog iQuilibrio\",\"publisher\":{\"@id\":\"https:\\\/\\\/www.iquilibrio.com\\\/blog\\\/#organization\"},\"potentialAction\":[{\"@type\":\"SearchAction\",\"target\":{\"@type\":\"EntryPoint\",\"urlTemplate\":\"https:\\\/\\\/www.iquilibrio.com\\\/blog\\\/?s={search_term_string}\"},\"query-input\":{\"@type\":\"PropertyValueSpecification\",\"valueRequired\":true,\"valueName\":\"search_term_string\"}}],\"inLanguage\":\"pt-BR\"},{\"@type\":\"Organization\",\"@id\":\"https:\\\/\\\/www.iquilibrio.com\\\/blog\\\/#organization\",\"name\":\"Esoterismo, Misticismo e Tarot Online - iQuilibrio\",\"url\":\"https:\\\/\\\/www.iquilibrio.com\\\/blog\\\/\",\"logo\":{\"@type\":\"ImageObject\",\"inLanguage\":\"pt-BR\",\"@id\":\"https:\\\/\\\/www.iquilibrio.com\\\/blog\\\/#\\\/schema\\\/logo\\\/image\\\/\",\"url\":\"https:\\\/\\\/www.iquilibrio.com\\\/blog\\\/wp-content\\\/uploads\\\/2018\\\/12\\\/iquilibrio_lovo_vetor_preto-retina.png\",\"contentUrl\":\"https:\\\/\\\/www.iquilibrio.com\\\/blog\\\/wp-content\\\/uploads\\\/2018\\\/12\\\/iquilibrio_lovo_vetor_preto-retina.png\",\"width\":972,\"height\":180,\"caption\":\"Esoterismo, Misticismo e Tarot Online - iQuilibrio\"},\"image\":{\"@id\":\"https:\\\/\\\/www.iquilibrio.com\\\/blog\\\/#\\\/schema\\\/logo\\\/image\\\/\"},\"sameAs\":[\"https:\\\/\\\/www.facebook.com\\\/iQuilibrio\\\/\",\"https:\\\/\\\/x.com\\\/iquilibrio\",\"https:\\\/\\\/www.instagram.com\\\/iquilibrio\\\/\",\"https:\\\/\\\/www.linkedin.com\\\/company\\\/iquilibrio\\\/\",\"https:\\\/\\\/br.pinterest.com\\\/iquilibrio1397\\\/\",\"https:\\\/\\\/www.youtube.com\\\/channel\\\/UC175qxd-4Zsi4wzawT5zF2g\"]},{\"@type\":\"Person\",\"@id\":\"https:\\\/\\\/www.iquilibrio.com\\\/blog\\\/#\\\/schema\\\/person\\\/21ae990723c2e5a1170c9a06dacb4d3d\",\"name\":\"Arthur Peroni\",\"image\":{\"@type\":\"ImageObject\",\"inLanguage\":\"pt-BR\",\"@id\":\"https:\\\/\\\/www.iquilibrio.com\\\/blog\\\/wp-content\\\/uploads\\\/2023\\\/04\\\/Arthur-Peroni-150x150.jpg\",\"url\":\"https:\\\/\\\/www.iquilibrio.com\\\/blog\\\/wp-content\\\/uploads\\\/2023\\\/04\\\/Arthur-Peroni-150x150.jpg\",\"contentUrl\":\"https:\\\/\\\/www.iquilibrio.com\\\/blog\\\/wp-content\\\/uploads\\\/2023\\\/04\\\/Arthur-Peroni-150x150.jpg\",\"caption\":\"Arthur Peroni\"},\"description\":\"Arthur Peroni escreve sobre a vida, o universo e tudo mais. Amante da literatura m\u00edstica, e fic\u00e7\u00e3o, descobriu sua carreira de redator gra\u00e7as ao h\u00e1bito de leitura constante sobre fantasia e drama. Nas horas vagas, gosta de cozinhar, ler e ver filmes antigos. J\u00e1 trabalhou com, comunica\u00e7\u00e3o social, massoterapia, terapias hol\u00edsticas e design de interiores. Atualmente trabalha como redator SEO e se entusiasma com tudo o que \u00e9 esot\u00e9rico. Gosta de discutir sobre assuntos complexos e instigantes, e v\u00ea na escrita uma oportunidade de aprender e criar todos os dias, mentalmente e espiritualmente.\",\"url\":\"https:\\\/\\\/www.iquilibrio.com\\\/blog\\\/author\\\/raul-vinicius\\\/\"}]}<\/script>\n<!-- \/ Yoast SEO plugin. -->","yoast_head_json":{"title":"A Energia dos Ciclos Lunares de 01\/11 a 08\/11 por Emylain Kali - iQuilibrio","robots":{"index":"index","follow":"follow","max-snippet":"max-snippet:-1","max-image-preview":"max-image-preview:large","max-video-preview":"max-video-preview:-1"},"canonical":"https:\/\/www.iquilibrio.com\/blog\/ciclo-lunar-semanal\/a-energia-dos-ciclos-lunares-de-01-11-a-08-11-por-emylain-kali\/","og_locale":"pt_BR","og_type":"article","og_title":"A Energia dos Ciclos Lunares de 01\/11 a 08\/11 por Emylain Kali - iQuilibrio","og_description":"A Chegada da Emo\u00e7\u00e3o Autentica e da Profundidade Querido leitor, neste in\u00edcio de novembro, somos agraciados com um convite celestial poderoso, que se inicia com a Lua Nova em Escorpi\u00e3o no dia 01. Este \u00e9 um momento de renascimento e transforma\u00e7\u00e3o, onde as emo\u00e7\u00f5es profundas e ocultas se fazem ouvir. Em Escorpi\u00e3o, a Lua nos [&hellip;]","og_url":"https:\/\/www.iquilibrio.com\/blog\/ciclo-lunar-semanal\/a-energia-dos-ciclos-lunares-de-01-11-a-08-11-por-emylain-kali\/","og_site_name":"iQuilibrio","article_publisher":"https:\/\/www.facebook.com\/iQuilibrio\/","article_published_time":"2024-11-01T17:12:04+00:00","article_modified_time":"2024-11-06T15:28:26+00:00","og_image":[{"width":900,"height":560,"url":"https:\/\/www.iquilibrio.com\/blog\/wp-content\/uploads\/2024\/02\/BLOG-Passagens-lunares-iQui.jpg","type":"image\/jpeg"}],"author":"Arthur Peroni","twitter_card":"summary_large_image","twitter_creator":"@iquilibrio","twitter_site":"@iquilibrio","twitter_misc":{"Escrito por":"Arthur Peroni","Est. tempo de leitura":"7 minutos"},"schema":{"@context":"https:\/\/schema.org","@graph":[{"@type":"Article","@id":"https:\/\/www.iquilibrio.com\/blog\/ciclo-lunar-semanal\/a-energia-dos-ciclos-lunares-de-01-11-a-08-11-por-emylain-kali\/#article","isPartOf":{"@id":"https:\/\/www.iquilibrio.com\/blog\/ciclo-lunar-semanal\/a-energia-dos-ciclos-lunares-de-01-11-a-08-11-por-emylain-kali\/"},"author":{"name":"Arthur Peroni","@id":"https:\/\/www.iquilibrio.com\/blog\/#\/schema\/person\/21ae990723c2e5a1170c9a06dacb4d3d"},"headline":"A Energia dos Ciclos Lunares de 01\/11 a 08\/11 por Emylain Kali","datePublished":"2024-11-01T17:12:04+00:00","dateModified":"2024-11-06T15:28:26+00:00","mainEntityOfPage":{"@id":"https:\/\/www.iquilibrio.com\/blog\/ciclo-lunar-semanal\/a-energia-dos-ciclos-lunares-de-01-11-a-08-11-por-emylain-kali\/"},"wordCount":1228,"publisher":{"@id":"https:\/\/www.iquilibrio.com\/blog\/#organization"},"image":{"@id":"https:\/\/www.iquilibrio.com\/blog\/ciclo-lunar-semanal\/a-energia-dos-ciclos-lunares-de-01-11-a-08-11-por-emylain-kali\/#primaryimage"},"thumbnailUrl":"https:\/\/www.iquilibrio.com\/blog\/wp-content\/uploads\/2024\/02\/BLOG-Passagens-lunares-iQui.jpg","articleSection":["Ciclo Lunar semanal"],"inLanguage":"pt-BR"},{"@type":"WebPage","@id":"https:\/\/www.iquilibrio.com\/blog\/ciclo-lunar-semanal\/a-energia-dos-ciclos-lunares-de-01-11-a-08-11-por-emylain-kali\/","url":"https:\/\/www.iquilibrio.com\/blog\/ciclo-lunar-semanal\/a-energia-dos-ciclos-lunares-de-01-11-a-08-11-por-emylain-kali\/","name":"A Energia dos Ciclos Lunares de 01\/11 a 08\/11 por Emylain Kali - iQuilibrio","isPartOf":{"@id":"https:\/\/www.iquilibrio.com\/blog\/#website"},"primaryImageOfPage":{"@id":"https:\/\/www.iquilibrio.com\/blog\/ciclo-lunar-semanal\/a-energia-dos-ciclos-lunares-de-01-11-a-08-11-por-emylain-kali\/#primaryimage"},"image":{"@id":"https:\/\/www.iquilibrio.com\/blog\/ciclo-lunar-semanal\/a-energia-dos-ciclos-lunares-de-01-11-a-08-11-por-emylain-kali\/#primaryimage"},"thumbnailUrl":"https:\/\/www.iquilibrio.com\/blog\/wp-content\/uploads\/2024\/02\/BLOG-Passagens-lunares-iQui.jpg","datePublished":"2024-11-01T17:12:04+00:00","dateModified":"2024-11-06T15:28:26+00:00","breadcrumb":{"@id":"https:\/\/www.iquilibrio.com\/blog\/ciclo-lunar-semanal\/a-energia-dos-ciclos-lunares-de-01-11-a-08-11-por-emylain-kali\/#breadcrumb"},"inLanguage":"pt-BR","potentialAction":[{"@type":"ReadAction","target":["https:\/\/www.iquilibrio.com\/blog\/ciclo-lunar-semanal\/a-energia-dos-ciclos-lunares-de-01-11-a-08-11-por-emylain-kali\/"]}]},{"@type":"ImageObject","inLanguage":"pt-BR","@id":"https:\/\/www.iquilibrio.com\/blog\/ciclo-lunar-semanal\/a-energia-dos-ciclos-lunares-de-01-11-a-08-11-por-emylain-kali\/#primaryimage","url":"https:\/\/www.iquilibrio.com\/blog\/wp-content\/uploads\/2024\/02\/BLOG-Passagens-lunares-iQui.jpg","contentUrl":"https:\/\/www.iquilibrio.com\/blog\/wp-content\/uploads\/2024\/02\/BLOG-Passagens-lunares-iQui.jpg","width":900,"height":560},{"@type":"BreadcrumbList","@id":"https:\/\/www.iquilibrio.com\/blog\/ciclo-lunar-semanal\/a-energia-dos-ciclos-lunares-de-01-11-a-08-11-por-emylain-kali\/#breadcrumb","itemListElement":[{"@type":"ListItem","position":1,"name":"In\u00edcio","item":"https:\/\/www.iquilibrio.com\/blog\/"},{"@type":"ListItem","position":2,"name":"A Energia dos Ciclos Lunares de 01\/11 a 08\/11 por Emylain Kali"}]},{"@type":"WebSite","@id":"https:\/\/www.iquilibrio.com\/blog\/#website","url":"https:\/\/www.iquilibrio.com\/blog\/","name":"iQuilibrio","description":"Blog iQuilibrio","publisher":{"@id":"https:\/\/www.iquilibrio.com\/blog\/#organization"},"potentialAction":[{"@type":"SearchAction","target":{"@type":"EntryPoint","urlTemplate":"https:\/\/www.iquilibrio.com\/blog\/?s={search_term_string}"},"query-input":{"@type":"PropertyValueSpecification","valueRequired":true,"valueName":"search_term_string"}}],"inLanguage":"pt-BR"},{"@type":"Organization","@id":"https:\/\/www.iquilibrio.com\/blog\/#organization","name":"Esoterismo, Misticismo e Tarot Online - iQuilibrio","url":"https:\/\/www.iquilibrio.com\/blog\/","logo":{"@type":"ImageObject","inLanguage":"pt-BR","@id":"https:\/\/www.iquilibrio.com\/blog\/#\/schema\/logo\/image\/","url":"https:\/\/www.iquilibrio.com\/blog\/wp-content\/uploads\/2018\/12\/iquilibrio_lovo_vetor_preto-retina.png","contentUrl":"https:\/\/www.iquilibrio.com\/blog\/wp-content\/uploads\/2018\/12\/iquilibrio_lovo_vetor_preto-retina.png","width":972,"height":180,"caption":"Esoterismo, Misticismo e Tarot Online - iQuilibrio"},"image":{"@id":"https:\/\/www.iquilibrio.com\/blog\/#\/schema\/logo\/image\/"},"sameAs":["https:\/\/www.facebook.com\/iQuilibrio\/","https:\/\/x.com\/iquilibrio","https:\/\/www.instagram.com\/iquilibrio\/","https:\/\/www.linkedin.com\/company\/iquilibrio\/","https:\/\/br.pinterest.com\/iquilibrio1397\/","https:\/\/www.youtube.com\/channel\/UC175qxd-4Zsi4wzawT5zF2g"]},{"@type":"Person","@id":"https:\/\/www.iquilibrio.com\/blog\/#\/schema\/person\/21ae990723c2e5a1170c9a06dacb4d3d","name":"Arthur Peroni","image":{"@type":"ImageObject","inLanguage":"pt-BR","@id":"https:\/\/www.iquilibrio.com\/blog\/wp-content\/uploads\/2023\/04\/Arthur-Peroni-150x150.jpg","url":"https:\/\/www.iquilibrio.com\/blog\/wp-content\/uploads\/2023\/04\/Arthur-Peroni-150x150.jpg","contentUrl":"https:\/\/www.iquilibrio.com\/blog\/wp-content\/uploads\/2023\/04\/Arthur-Peroni-150x150.jpg","caption":"Arthur Peroni"},"description":"Arthur Peroni escreve sobre a vida, o universo e tudo mais. Amante da literatura m\u00edstica, e fic\u00e7\u00e3o, descobriu sua carreira de redator gra\u00e7as ao h\u00e1bito de leitura constante sobre fantasia e drama. Nas horas vagas, gosta de cozinhar, ler e ver filmes antigos. J\u00e1 trabalhou com, comunica\u00e7\u00e3o social, massoterapia, terapias hol\u00edsticas e design de interiores. Atualmente trabalha como redator SEO e se entusiasma com tudo o que \u00e9 esot\u00e9rico. Gosta de discutir sobre assuntos complexos e instigantes, e v\u00ea na escrita uma oportunidade de aprender e criar todos os dias, mentalmente e espiritualmente.","url":"https:\/\/www.iquilibrio.com\/blog\/author\/raul-vinicius\/"}]}},"_links":{"self":[{"href":"https:\/\/www.iquilibrio.com\/blog\/wp-json\/wp\/v2\/posts\/41212","targetHints":{"allow":["GET"]}}],"collection":[{"href":"https:\/\/www.iquilibrio.com\/blog\/wp-json\/wp\/v2\/posts"}],"about":[{"href":"https:\/\/www.iquilibrio.com\/blog\/wp-json\/wp\/v2\/types\/post"}],"author":[{"embeddable":true,"href":"https:\/\/www.iquilibrio.com\/blog\/wp-json\/wp\/v2\/users\/158"}],"replies":[{"embeddable":true,"href":"https:\/\/www.iquilibrio.com\/blog\/wp-json\/wp\/v2\/comments?post=41212"}],"version-history":[{"count":3,"href":"https:\/\/www.iquilibrio.com\/blog\/wp-json\/wp\/v2\/posts\/41212\/revisions"}],"predecessor-version":[{"id":41220,"href":"https:\/\/www.iquilibrio.com\/blog\/wp-json\/wp\/v2\/posts\/41212\/revisions\/41220"}],"wp:featuredmedia":[{"embeddable":true,"href":"https:\/\/www.iquilibrio.com\/blog\/wp-json\/wp\/v2\/media\/40190"}],"wp:attachment":[{"href":"https:\/\/www.iquilibrio.com\/blog\/wp-json\/wp\/v2\/media?parent=41212"}],"wp:term":[{"taxonomy":"category","embeddable":true,"href":"https:\/\/www.iquilibrio.com\/blog\/wp-json\/wp\/v2\/categories?post=41212"},{"taxonomy":"post_tag","embeddable":true,"href":"https:\/\/www.iquilibrio.com\/blog\/wp-json\/wp\/v2\/tags?post=41212"}],"curies":[{"name":"wp","href":"https:\/\/api.w.org\/{rel}","templated":true}]}}