{"id":41203,"date":"2024-10-25T12:03:44","date_gmt":"2024-10-25T15:03:44","guid":{"rendered":"https:\/\/www.iquilibrio.com\/blog\/?p=41203"},"modified":"2024-10-25T12:03:44","modified_gmt":"2024-10-25T15:03:44","slug":"a-energia-dos-ciclos-lunares-de-25-10-a-31-10-por-emylian-kali","status":"publish","type":"post","link":"https:\/\/www.iquilibrio.com\/blog\/ciclo-lunar-semanal\/a-energia-dos-ciclos-lunares-de-25-10-a-31-10-por-emylian-kali\/","title":{"rendered":"A Energia dos Ciclos Lunares de 25\/10 a 31\/10, por Emylian Kali"},"content":{"rendered":"<h2><b>Finaliza\u00e7\u00e3o, Desapegos e Libera\u00e7\u00e3o<\/b><\/h2>\n<p><span style=\"font-weight: 400;\">Amados(as) Leitores(as), a dan\u00e7a da Lua Minguante nos convida a refletir sobre os ciclos que se encerram e as novas oportunidades que est\u00e3o por vir. Chegamos a fase de introspec\u00e7\u00e3o e libera\u00e7\u00e3o, onde cada ciclo lunar traz uma energia \u00fanica para nos guiar.<\/span><\/p>\n<p><span style=\"font-weight: 400;\">\u00c0 medida que a Lua passa por Le\u00e3o, Virgem, Libra e, finalmente, por Escorpi\u00e3o, somos chamados a ajustar nosso foco, a nos desapegar do que n\u00e3o nos serve mais e a preparar o terreno para o que est\u00e1 por vir.<\/span><\/p>\n<p><span style=\"font-weight: 400;\">A come\u00e7ar pela energia de Le\u00e3o durante a Lua Minguante nos dias <strong>24\/10 e 25\/10<\/strong> nos convida a soltar a necessidade de reconhecimento e brilhar do nosso jeito. \u00c9 um per\u00edodo ideal para liberar velhas inseguran\u00e7as que impedem a nossa verdadeira ess\u00eancia de se manifestar. Esteja aberto para se desapegar de egos inflacionados e expectativas que n\u00e3o lhe servem.<\/span><\/p>\n<p><span style=\"font-weight: 400;\">Com a Lua agora em Virgem entre <strong>26\/10 e 28\/10<\/strong>, a energia se torna mais pr\u00e1tica e anal\u00edtica. Foque na organiza\u00e7\u00e3o e no cuidado com a sa\u00fade f\u00edsica e emocional. Aproveite para avaliar o que pode ser melhorado em sua vida e implementar mudan\u00e7as que fa\u00e7am sentido.<\/span><\/p>\n<p><span style=\"font-weight: 400;\">A passagem da Lua por Libra no dia <strong>29\/10<\/strong> at\u00e9 o dia <strong>30\/10<\/strong> traz \u00e0 tona quest\u00f5es relacionadas a relacionamentos e harmonia. Este \u00e9 um convite para refletir sobre as conex\u00f5es que cultivamos e o que precisamos liberar para criar mais equil\u00edbrio em nossas vidas.<\/span><\/p>\n<p><span style=\"font-weight: 400;\">Finalmente, o dia <strong>31\/10<\/strong> ela entra em Escorpi\u00e3o, a Lua nos provoca a mergulhar nas profundezas de nossas emo\u00e7\u00f5es. Este \u00e9 um dia poderoso para o autoconhecimento e a transforma\u00e7\u00e3o. Prepare-se para enfrentar o que est\u00e1 oculto, liberando padr\u00f5es que j\u00e1 n\u00e3o t\u00eam mais lugar em sua vida.<\/span><\/p>\n<h4><b>Energia da Semana<\/b><\/h4>\n<p><span style=\"font-weight: 400;\">Esses dias de Lua Minguante s\u00e3o um convite ao recolhimento, \u00e0 reflex\u00e3o e ao desapego. Conforme a Lua percorre esses signos, voc\u00ea \u00e9 guiado a ajustar diferentes \u00e1reas da vida, preparando-se para o renascimento no pr\u00f3ximo ciclo lunar. A cada fase, voc\u00ea se fortalece, mais alinhado consigo mesmo e com o universo.<\/span><\/p>\n<hr \/>\n<h3><b>Lua Minguante em Le\u00e3o&#x1f312;&#x264c; (24\/10 a 25\/10)<\/b><\/h3>\n<p><b>Energia:<\/b><span style=\"font-weight: 400;\"> A Lua em Le\u00e3o, mesmo na fase Minguante, ainda traz uma necessidade de autoexpress\u00e3o e de reconectar-se com o seu eu mais aut\u00eantico. No entanto, agora, em vez de brilhar para o mundo, voc\u00ea \u00e9 convidado a olhar para dentro e desapegar de desejos e comportamentos que buscam aprova\u00e7\u00e3o externa.<\/span><\/p>\n<p><span style=\"font-weight: 400;\">Busque abandonar o orgulho e as preocupa\u00e7\u00f5es com a imagem, deixando que sua ess\u00eancia verdadeira fale mais alto. Desapego de vaidades e busca pela autenticidade. Tempo de revisar como voc\u00ea tem se expressado e se isso realmente reflete quem voc\u00ea \u00e9.<\/span><\/p>\n<ul>\n<li style=\"font-weight: 400;\" aria-level=\"1\"><b>Dica semanal:<\/b><span style=\"font-weight: 400;\"> Pergunte-se o que em sua vida ainda \u00e9 mantido pelo ego. Liberte-se da necessidade de valida\u00e7\u00e3o e foque no que realmente faz seu cora\u00e7\u00e3o vibrar.<\/span><span style=\"font-weight: 400;\">\n<p><\/span><\/li>\n<li style=\"font-weight: 400;\" aria-level=\"1\"><b>Incenso:<\/b><span style=\"font-weight: 400;\"> S\u00e2ndalo, para ajudar a conectar-se com a ess\u00eancia interna e promover um desapego saud\u00e1vel.<\/span><span style=\"font-weight: 400;\">\n<p><\/span><\/li>\n<li style=\"font-weight: 400;\" aria-level=\"1\"><b>Ritual:<\/b><span style=\"font-weight: 400;\"> Acenda uma vela dourada e, ao observ\u00e1-la, visualize seus medos relacionados \u00e0 imagem e reconhecimento sendo derretidos. Ao final, sinta-se livre para ser quem voc\u00ea realmente \u00e9.<\/span><span style=\"font-weight: 400;\">\n<p><\/span><\/li>\n<li style=\"font-weight: 400;\" aria-level=\"1\"><b>Mantra:<\/b><span style=\"font-weight: 400;\"><span style=\"font-weight: 400;\"> \u201cEu sou suficiente do jeito que sou, e minha ess\u00eancia brilha sem necessidade de aprova\u00e7\u00e3o.\u201d<\/span><\/span><br \/>\n<hr \/>\n<\/li>\n<\/ul>\n<h3><b>Lua Minguante em Virgem&#x1f312;&#x264d; (26\/10 a 28\/10)<\/b><\/h3>\n<p><b>Energia:<\/b><span style=\"font-weight: 400;\"> Quando a Lua passa por Virgem, ela traz uma energia de purifica\u00e7\u00e3o e an\u00e1lise. Este \u00e9 o momento ideal para fazer limpezas, tanto f\u00edsicas quanto emocionais. Virgem valoriza o detalhe, ent\u00e3o aproveite este per\u00edodo para reorganizar sua rotina, desintoxicar seu corpo e mente e eliminar tudo o que n\u00e3o est\u00e1 funcionando.<\/span><\/p>\n<p><span style=\"font-weight: 400;\">\u00c9 tamb\u00e9m uma fase excelente para refletir sobre os pequenos h\u00e1bitos que acumulamos ao longo do tempo e que podem estar drenando nossa energia. Hora de cuidar dos detalhes da vida e eliminar o que n\u00e3o faz mais sentido.<\/span><\/p>\n<ul>\n<li style=\"font-weight: 400;\" aria-level=\"1\"><b>Dica semanal:<\/b><span style=\"font-weight: 400;\"> Reorganize seu espa\u00e7o f\u00edsico e dedique um tempo para cuidar da sa\u00fade. Pequenos ajustes podem trazer grande paz.<\/span><span style=\"font-weight: 400;\">\n<p><\/span><\/li>\n<li style=\"font-weight: 400;\" aria-level=\"1\"><b>Incenso:<\/b><span style=\"font-weight: 400;\"> Lavanda, para acalmar a mente e trazer clareza ao processo de purifica\u00e7\u00e3o.<\/span><span style=\"font-weight: 400;\">\n<p><\/span><\/li>\n<li style=\"font-weight: 400;\" aria-level=\"1\"><b>Ritual:<\/b><span style=\"font-weight: 400;\"> Fa\u00e7a uma limpeza profunda em seu espa\u00e7o de trabalho ou em casa. Enquanto organiza, mentalize a limpeza tamb\u00e9m de seus pensamentos e emo\u00e7\u00f5es, deixando ir tudo o que n\u00e3o ressoa mais com seu prop\u00f3sito.<\/span><span style=\"font-weight: 400;\">\n<p><\/span><\/li>\n<li style=\"font-weight: 400;\" aria-level=\"1\"><b>Mantra:<\/b><span style=\"font-weight: 400;\"><span style=\"font-weight: 400;\"> \u201cEu libero com gratid\u00e3o o que n\u00e3o me serve mais, abrindo espa\u00e7o para o novo\u201d<\/span><\/span><br \/>\n<hr \/>\n<\/li>\n<\/ul>\n<h3><b>Lua Minguante em Libra&#x1f312;&#x264e; (29\/10 a 30\/10)<\/b><\/h3>\n<p><b>Energia:<\/b><span style=\"font-weight: 400;\"> Com a Lua em Libra, o foco volta-se para o equil\u00edbrio, especialmente nas rela\u00e7\u00f5es. Este \u00e9 o momento de refletir sobre como voc\u00ea tem se relacionado com os outros e consigo mesmo.<\/span><\/p>\n<p><span style=\"font-weight: 400;\">Onde h\u00e1 desequil\u00edbrios? Onde voc\u00ea tem se entregado demais ou recebido de menos? Libra nos ensina a import\u00e2ncia da harmonia, e, durante a Lua Minguante, voc\u00ea \u00e9 chamado a soltar padr\u00f5es de comportamento ou rela\u00e7\u00f5es que n\u00e3o contribuem para esse equil\u00edbrio. Use esse tempo para revisar como voc\u00ea tem equilibrado suas pr\u00f3prias necessidades com as dos outros.<\/span><\/p>\n<ul>\n<li style=\"font-weight: 400;\" aria-level=\"1\"><b>Dica semanal:<\/b><span style=\"font-weight: 400;\"> Avalie suas rela\u00e7\u00f5es e perceba onde h\u00e1 necessidade de mais equil\u00edbrio. Este \u00e9 o momento de ajustar suas din\u00e2micas e desapegar de padr\u00f5es disfuncionais.<\/span><span style=\"font-weight: 400;\">\n<p><\/span><\/li>\n<li style=\"font-weight: 400;\" aria-level=\"1\"><b>Incenso:<\/b><span style=\"font-weight: 400;\"> Rosa branca, para promover paz e harmonia nas emo\u00e7\u00f5es.<\/span><span style=\"font-weight: 400;\">\n<p><\/span><\/li>\n<li style=\"font-weight: 400;\" aria-level=\"1\"><b>Ritual:<\/b><span style=\"font-weight: 400;\"> Escreva em um papel o que precisa ser ajustado em suas rela\u00e7\u00f5es. Depois, queime o papel, liberando essas din\u00e2micas de desequil\u00edbrio e pedindo por harmonia em suas intera\u00e7\u00f5es.<\/span><span style=\"font-weight: 400;\">\n<p><\/span><\/li>\n<li style=\"font-weight: 400;\" aria-level=\"1\"><b>Mantra:<\/b><span style=\"font-weight: 400;\"><span style=\"font-weight: 400;\"> \u201cEu permito que o equil\u00edbrio e a harmonia fluam livremente em todas as minhas rela\u00e7\u00f5es.\u201d<\/span><\/span><br \/>\n<hr \/>\n<\/li>\n<\/ul>\n<h3><b>Lua Minguante em Escorpi\u00e3o &#x1f312;&#x264f;(31\/10)<\/b><\/h3>\n<p><b>Energia:<\/b><span style=\"font-weight: 400;\"> Encerrando o ciclo com a Lua em Escorpi\u00e3o, a energia de transforma\u00e7\u00e3o e libera\u00e7\u00e3o profunda se intensifica. Escorpi\u00e3o rege o que \u00e9 oculto, as emo\u00e7\u00f5es profundas e o renascimento, sendo esta uma fase poderosa para deixar ir o que est\u00e1 preso nas camadas mais profundas do seu ser.<\/span><\/p>\n<p><span style=\"font-weight: 400;\">Aproveite para liberar m\u00e1goas antigas, traumas e medos que j\u00e1 n\u00e3o fazem parte do seu crescimento. Escorpi\u00e3o nos ensina que, ao liberar o velho, renascemos mais fortes e alinhados com nosso prop\u00f3sito. <\/span><span style=\"font-weight: 400;\">Transforma\u00e7\u00e3o profunda e renascimento. Hora de soltar emo\u00e7\u00f5es reprimidas e abrir-se para o novo.<\/span><\/p>\n<ul>\n<li style=\"font-weight: 400;\" aria-level=\"1\"><b>Dica semanal:<\/b><span style=\"font-weight: 400;\"> Use este momento para olhar para dentro e identificar o que precisa ser curado e liberado em n\u00edveis mais profundos.<\/span><span style=\"font-weight: 400;\">\n<p><\/span><\/li>\n<li style=\"font-weight: 400;\" aria-level=\"1\"><b>Incenso:<\/b><span style=\"font-weight: 400;\"> Mirra, para ajudar na transforma\u00e7\u00e3o emocional e espiritual.<\/span><span style=\"font-weight: 400;\">\n<p><\/span><\/li>\n<li style=\"font-weight: 400;\" aria-level=\"1\"><b>Ritual:<\/b><span style=\"font-weight: 400;\"> Em um espa\u00e7o silencioso, escreva em um papel tudo o que voc\u00ea deseja transformar ou liberar em sua vida. Queime o papel e visualize as energias negativas se dissipando, abrindo caminho para o seu renascimento.<\/span><span style=\"font-weight: 400;\">\n<p><\/span><\/li>\n<li style=\"font-weight: 400;\" aria-level=\"1\"><b>Mantra:<\/b><span style=\"font-weight: 400;\"> \u201cEu renas\u00e7o a cada libera\u00e7\u00e3o, e minha ess\u00eancia se fortalece com cada transforma\u00e7\u00e3o.\u201d<\/span><\/li>\n<\/ul>\n<p><span style=\"font-weight: 400;\">Esses dias de Lua Minguante s\u00e3o um convite ao recolhimento, \u00e0 reflex\u00e3o e ao desapego. Conforme a Lua percorre esses signos, voc\u00ea \u00e9 guiado a ajustar diferentes \u00e1reas da vida, preparando-se para o renascimento no pr\u00f3ximo ciclo lunar. A cada fase, voc\u00ea se fortalece, mais alinhado consigo mesmo e com o universo.<\/span><\/p>\n<hr \/>\n<p><img loading=\"lazy\" decoding=\"async\" class=\" wp-image-40193 alignleft\" src=\"https:\/\/www.iquilibrio.com\/blog\/wp-content\/uploads\/2024\/02\/Emylian-Kali-Astrocentro.png\" alt=\"\" width=\"280\" height=\"283\" srcset=\"https:\/\/www.iquilibrio.com\/blog\/wp-content\/uploads\/2024\/02\/Emylian-Kali-Astrocentro.png 334w, https:\/\/www.iquilibrio.com\/blog\/wp-content\/uploads\/2024\/02\/Emylian-Kali-Astrocentro-296x300.png 296w\" sizes=\"auto, (max-width: 280px) 100vw, 280px\" \/>Como oraculista profissional e bruxo, Emylian trabalha com diversas formas de energia e espiritualidade, fornecendo orienta\u00e7\u00e3o e aconselhamento em \u00e1reas como relacionamentos, carreira, finan\u00e7as, sa\u00fade e muito mais.<\/p>\n<p>A jornada espiritual de Emylian come\u00e7ou na inf\u00e2ncia, aos 5 anos de idade, quando teve seu primeiro contato visual com o mundo espiritual.<\/p>\n<p>Desde ent\u00e3o, ele vem aprimorando sua mediunidade e explorando v\u00e1rias \u00e1reas da espiritualidade Como intuitivo, Emylian possui uma sensibilidade agu\u00e7ada para captar as energias e vibra\u00e7\u00f5es dos or\u00e1culos, bem como interpretar suas mensagens.<\/p>\n<p>Ele utiliza sua mediunidade para ajudar as pessoas a encontrar respostas e solu\u00e7\u00f5es para seus desafios pessoais.<\/p>\n\n\n<div class=\"kk-star-ratings kksr-auto kksr-align-left kksr-valign-bottom\"\n    data-payload='{&quot;align&quot;:&quot;left&quot;,&quot;id&quot;:&quot;41203&quot;,&quot;slug&quot;:&quot;default&quot;,&quot;valign&quot;:&quot;bottom&quot;,&quot;ignore&quot;:&quot;&quot;,&quot;reference&quot;:&quot;auto&quot;,&quot;class&quot;:&quot;&quot;,&quot;count&quot;:&quot;0&quot;,&quot;legendonly&quot;:&quot;&quot;,&quot;readonly&quot;:&quot;&quot;,&quot;score&quot;:&quot;0&quot;,&quot;starsonly&quot;:&quot;&quot;,&quot;best&quot;:&quot;5&quot;,&quot;gap&quot;:&quot;5&quot;,&quot;greet&quot;:&quot;Rate this post&quot;,&quot;legend&quot;:&quot;0\\\/5 - (0 voto)&quot;,&quot;size&quot;:&quot;24&quot;,&quot;title&quot;:&quot;A Energia dos Ciclos Lunares de 25\\\/10 a 31\\\/10, por Emylian Kali&quot;,&quot;width&quot;:&quot;0&quot;,&quot;_legend&quot;:&quot;{score}\\\/{best} - ({count} {votes})&quot;,&quot;font_factor&quot;:&quot;1.25&quot;}'>\n            \n<div class=\"kksr-stars\">\n    \n<div class=\"kksr-stars-inactive\">\n            <div class=\"kksr-star\" data-star=\"1\" style=\"padding-right: 5px\">\n            \n\n<div class=\"kksr-icon\" style=\"width: 24px; height: 24px;\"><\/div>\n        <\/div>\n            <div class=\"kksr-star\" data-star=\"2\" style=\"padding-right: 5px\">\n            \n\n<div class=\"kksr-icon\" style=\"width: 24px; height: 24px;\"><\/div>\n        <\/div>\n            <div class=\"kksr-star\" data-star=\"3\" style=\"padding-right: 5px\">\n            \n\n<div class=\"kksr-icon\" style=\"width: 24px; height: 24px;\"><\/div>\n        <\/div>\n            <div class=\"kksr-star\" data-star=\"4\" style=\"padding-right: 5px\">\n            \n\n<div class=\"kksr-icon\" style=\"width: 24px; height: 24px;\"><\/div>\n        <\/div>\n            <div class=\"kksr-star\" data-star=\"5\" style=\"padding-right: 5px\">\n            \n\n<div class=\"kksr-icon\" style=\"width: 24px; height: 24px;\"><\/div>\n        <\/div>\n    <\/div>\n    \n<div class=\"kksr-stars-active\" style=\"width: 0px;\">\n            <div class=\"kksr-star\" style=\"padding-right: 5px\">\n            \n\n<div class=\"kksr-icon\" style=\"width: 24px; height: 24px;\"><\/div>\n        <\/div>\n            <div class=\"kksr-star\" style=\"padding-right: 5px\">\n            \n\n<div class=\"kksr-icon\" style=\"width: 24px; height: 24px;\"><\/div>\n        <\/div>\n            <div class=\"kksr-star\" style=\"padding-right: 5px\">\n            \n\n<div class=\"kksr-icon\" style=\"width: 24px; height: 24px;\"><\/div>\n        <\/div>\n            <div class=\"kksr-star\" style=\"padding-right: 5px\">\n            \n\n<div class=\"kksr-icon\" style=\"width: 24px; height: 24px;\"><\/div>\n        <\/div>\n            <div class=\"kksr-star\" style=\"padding-right: 5px\">\n            \n\n<div class=\"kksr-icon\" style=\"width: 24px; height: 24px;\"><\/div>\n        <\/div>\n    <\/div>\n<\/div>\n                \n\n<div class=\"kksr-legend\" style=\"font-size: 19.2px;\">\n            <span class=\"kksr-muted\">Rate this post<\/span>\n    <\/div>\n    <\/div>\n","protected":false},"excerpt":{"rendered":"<p>Finaliza\u00e7\u00e3o, Desapegos e Libera\u00e7\u00e3o Amados(as) Leitores(as), a dan\u00e7a da Lua Minguante nos convida a refletir sobre os ciclos que se encerram e as novas oportunidades que est\u00e3o por vir. Chegamos a fase de introspec\u00e7\u00e3o e libera\u00e7\u00e3o, onde cada ciclo lunar traz uma energia \u00fanica para nos guiar. \u00c0 medida que a Lua passa por Le\u00e3o, [&hellip;]<\/p>\n","protected":false},"author":158,"featured_media":40190,"comment_status":"closed","ping_status":"closed","sticky":false,"template":"","format":"standard","meta":{"footnotes":""},"categories":[4893],"tags":[],"class_list":["post-41203","post","type-post","status-publish","format-standard","has-post-thumbnail","hentry","category-ciclo-lunar-semanal"],"yoast_head":"<!-- This site is optimized with the Yoast SEO plugin v27.4 - https:\/\/yoast.com\/product\/yoast-seo-wordpress\/ -->\n<title>A Energia dos Ciclos Lunares de 25\/10 a 31\/10, por Emylian Kali - iQuilibrio<\/title>\n<meta name=\"robots\" content=\"index, follow, max-snippet:-1, max-image-preview:large, max-video-preview:-1\" \/>\n<link rel=\"canonical\" href=\"https:\/\/www.iquilibrio.com\/blog\/ciclo-lunar-semanal\/a-energia-dos-ciclos-lunares-de-25-10-a-31-10-por-emylian-kali\/\" \/>\n<meta property=\"og:locale\" content=\"pt_BR\" \/>\n<meta property=\"og:type\" content=\"article\" \/>\n<meta property=\"og:title\" content=\"A Energia dos Ciclos Lunares de 25\/10 a 31\/10, por Emylian Kali - iQuilibrio\" \/>\n<meta property=\"og:description\" content=\"Finaliza\u00e7\u00e3o, Desapegos e Libera\u00e7\u00e3o Amados(as) Leitores(as), a dan\u00e7a da Lua Minguante nos convida a refletir sobre os ciclos que se encerram e as novas oportunidades que est\u00e3o por vir. Chegamos a fase de introspec\u00e7\u00e3o e libera\u00e7\u00e3o, onde cada ciclo lunar traz uma energia \u00fanica para nos guiar. \u00c0 medida que a Lua passa por Le\u00e3o, [&hellip;]\" \/>\n<meta property=\"og:url\" content=\"https:\/\/www.iquilibrio.com\/blog\/ciclo-lunar-semanal\/a-energia-dos-ciclos-lunares-de-25-10-a-31-10-por-emylian-kali\/\" \/>\n<meta property=\"og:site_name\" content=\"iQuilibrio\" \/>\n<meta property=\"article:publisher\" content=\"https:\/\/www.facebook.com\/iQuilibrio\/\" \/>\n<meta property=\"article:published_time\" content=\"2024-10-25T15:03:44+00:00\" \/>\n<meta property=\"og:image\" content=\"https:\/\/www.iquilibrio.com\/blog\/wp-content\/uploads\/2024\/02\/BLOG-Passagens-lunares-iQui.jpg\" \/>\n\t<meta property=\"og:image:width\" content=\"900\" \/>\n\t<meta property=\"og:image:height\" content=\"560\" \/>\n\t<meta property=\"og:image:type\" content=\"image\/jpeg\" \/>\n<meta name=\"author\" content=\"Arthur Peroni\" \/>\n<meta name=\"twitter:card\" content=\"summary_large_image\" \/>\n<meta name=\"twitter:creator\" content=\"@iquilibrio\" \/>\n<meta name=\"twitter:site\" content=\"@iquilibrio\" \/>\n<meta name=\"twitter:label1\" content=\"Escrito por\" \/>\n\t<meta name=\"twitter:data1\" content=\"Arthur Peroni\" \/>\n\t<meta name=\"twitter:label2\" content=\"Est. tempo de leitura\" \/>\n\t<meta name=\"twitter:data2\" content=\"8 minutos\" \/>\n<script type=\"application\/ld+json\" class=\"yoast-schema-graph\">{\"@context\":\"https:\\\/\\\/schema.org\",\"@graph\":[{\"@type\":\"Article\",\"@id\":\"https:\\\/\\\/www.iquilibrio.com\\\/blog\\\/ciclo-lunar-semanal\\\/a-energia-dos-ciclos-lunares-de-25-10-a-31-10-por-emylian-kali\\\/#article\",\"isPartOf\":{\"@id\":\"https:\\\/\\\/www.iquilibrio.com\\\/blog\\\/ciclo-lunar-semanal\\\/a-energia-dos-ciclos-lunares-de-25-10-a-31-10-por-emylian-kali\\\/\"},\"author\":{\"name\":\"Arthur Peroni\",\"@id\":\"https:\\\/\\\/www.iquilibrio.com\\\/blog\\\/#\\\/schema\\\/person\\\/21ae990723c2e5a1170c9a06dacb4d3d\"},\"headline\":\"A Energia dos Ciclos Lunares de 25\\\/10 a 31\\\/10, por Emylian Kali\",\"datePublished\":\"2024-10-25T15:03:44+00:00\",\"mainEntityOfPage\":{\"@id\":\"https:\\\/\\\/www.iquilibrio.com\\\/blog\\\/ciclo-lunar-semanal\\\/a-energia-dos-ciclos-lunares-de-25-10-a-31-10-por-emylian-kali\\\/\"},\"wordCount\":1337,\"publisher\":{\"@id\":\"https:\\\/\\\/www.iquilibrio.com\\\/blog\\\/#organization\"},\"image\":{\"@id\":\"https:\\\/\\\/www.iquilibrio.com\\\/blog\\\/ciclo-lunar-semanal\\\/a-energia-dos-ciclos-lunares-de-25-10-a-31-10-por-emylian-kali\\\/#primaryimage\"},\"thumbnailUrl\":\"https:\\\/\\\/www.iquilibrio.com\\\/blog\\\/wp-content\\\/uploads\\\/2024\\\/02\\\/BLOG-Passagens-lunares-iQui.jpg\",\"articleSection\":[\"Ciclo Lunar semanal\"],\"inLanguage\":\"pt-BR\"},{\"@type\":\"WebPage\",\"@id\":\"https:\\\/\\\/www.iquilibrio.com\\\/blog\\\/ciclo-lunar-semanal\\\/a-energia-dos-ciclos-lunares-de-25-10-a-31-10-por-emylian-kali\\\/\",\"url\":\"https:\\\/\\\/www.iquilibrio.com\\\/blog\\\/ciclo-lunar-semanal\\\/a-energia-dos-ciclos-lunares-de-25-10-a-31-10-por-emylian-kali\\\/\",\"name\":\"A Energia dos Ciclos Lunares de 25\\\/10 a 31\\\/10, por Emylian Kali - iQuilibrio\",\"isPartOf\":{\"@id\":\"https:\\\/\\\/www.iquilibrio.com\\\/blog\\\/#website\"},\"primaryImageOfPage\":{\"@id\":\"https:\\\/\\\/www.iquilibrio.com\\\/blog\\\/ciclo-lunar-semanal\\\/a-energia-dos-ciclos-lunares-de-25-10-a-31-10-por-emylian-kali\\\/#primaryimage\"},\"image\":{\"@id\":\"https:\\\/\\\/www.iquilibrio.com\\\/blog\\\/ciclo-lunar-semanal\\\/a-energia-dos-ciclos-lunares-de-25-10-a-31-10-por-emylian-kali\\\/#primaryimage\"},\"thumbnailUrl\":\"https:\\\/\\\/www.iquilibrio.com\\\/blog\\\/wp-content\\\/uploads\\\/2024\\\/02\\\/BLOG-Passagens-lunares-iQui.jpg\",\"datePublished\":\"2024-10-25T15:03:44+00:00\",\"breadcrumb\":{\"@id\":\"https:\\\/\\\/www.iquilibrio.com\\\/blog\\\/ciclo-lunar-semanal\\\/a-energia-dos-ciclos-lunares-de-25-10-a-31-10-por-emylian-kali\\\/#breadcrumb\"},\"inLanguage\":\"pt-BR\",\"potentialAction\":[{\"@type\":\"ReadAction\",\"target\":[\"https:\\\/\\\/www.iquilibrio.com\\\/blog\\\/ciclo-lunar-semanal\\\/a-energia-dos-ciclos-lunares-de-25-10-a-31-10-por-emylian-kali\\\/\"]}]},{\"@type\":\"ImageObject\",\"inLanguage\":\"pt-BR\",\"@id\":\"https:\\\/\\\/www.iquilibrio.com\\\/blog\\\/ciclo-lunar-semanal\\\/a-energia-dos-ciclos-lunares-de-25-10-a-31-10-por-emylian-kali\\\/#primaryimage\",\"url\":\"https:\\\/\\\/www.iquilibrio.com\\\/blog\\\/wp-content\\\/uploads\\\/2024\\\/02\\\/BLOG-Passagens-lunares-iQui.jpg\",\"contentUrl\":\"https:\\\/\\\/www.iquilibrio.com\\\/blog\\\/wp-content\\\/uploads\\\/2024\\\/02\\\/BLOG-Passagens-lunares-iQui.jpg\",\"width\":900,\"height\":560},{\"@type\":\"BreadcrumbList\",\"@id\":\"https:\\\/\\\/www.iquilibrio.com\\\/blog\\\/ciclo-lunar-semanal\\\/a-energia-dos-ciclos-lunares-de-25-10-a-31-10-por-emylian-kali\\\/#breadcrumb\",\"itemListElement\":[{\"@type\":\"ListItem\",\"position\":1,\"name\":\"In\u00edcio\",\"item\":\"https:\\\/\\\/www.iquilibrio.com\\\/blog\\\/\"},{\"@type\":\"ListItem\",\"position\":2,\"name\":\"A Energia dos Ciclos Lunares de 25\\\/10 a 31\\\/10, por Emylian Kali\"}]},{\"@type\":\"WebSite\",\"@id\":\"https:\\\/\\\/www.iquilibrio.com\\\/blog\\\/#website\",\"url\":\"https:\\\/\\\/www.iquilibrio.com\\\/blog\\\/\",\"name\":\"iQuilibrio\",\"description\":\"Blog iQuilibrio\",\"publisher\":{\"@id\":\"https:\\\/\\\/www.iquilibrio.com\\\/blog\\\/#organization\"},\"potentialAction\":[{\"@type\":\"SearchAction\",\"target\":{\"@type\":\"EntryPoint\",\"urlTemplate\":\"https:\\\/\\\/www.iquilibrio.com\\\/blog\\\/?s={search_term_string}\"},\"query-input\":{\"@type\":\"PropertyValueSpecification\",\"valueRequired\":true,\"valueName\":\"search_term_string\"}}],\"inLanguage\":\"pt-BR\"},{\"@type\":\"Organization\",\"@id\":\"https:\\\/\\\/www.iquilibrio.com\\\/blog\\\/#organization\",\"name\":\"Esoterismo, Misticismo e Tarot Online - iQuilibrio\",\"url\":\"https:\\\/\\\/www.iquilibrio.com\\\/blog\\\/\",\"logo\":{\"@type\":\"ImageObject\",\"inLanguage\":\"pt-BR\",\"@id\":\"https:\\\/\\\/www.iquilibrio.com\\\/blog\\\/#\\\/schema\\\/logo\\\/image\\\/\",\"url\":\"https:\\\/\\\/www.iquilibrio.com\\\/blog\\\/wp-content\\\/uploads\\\/2018\\\/12\\\/iquilibrio_lovo_vetor_preto-retina.png\",\"contentUrl\":\"https:\\\/\\\/www.iquilibrio.com\\\/blog\\\/wp-content\\\/uploads\\\/2018\\\/12\\\/iquilibrio_lovo_vetor_preto-retina.png\",\"width\":972,\"height\":180,\"caption\":\"Esoterismo, Misticismo e Tarot Online - iQuilibrio\"},\"image\":{\"@id\":\"https:\\\/\\\/www.iquilibrio.com\\\/blog\\\/#\\\/schema\\\/logo\\\/image\\\/\"},\"sameAs\":[\"https:\\\/\\\/www.facebook.com\\\/iQuilibrio\\\/\",\"https:\\\/\\\/x.com\\\/iquilibrio\",\"https:\\\/\\\/www.instagram.com\\\/iquilibrio\\\/\",\"https:\\\/\\\/www.linkedin.com\\\/company\\\/iquilibrio\\\/\",\"https:\\\/\\\/br.pinterest.com\\\/iquilibrio1397\\\/\",\"https:\\\/\\\/www.youtube.com\\\/channel\\\/UC175qxd-4Zsi4wzawT5zF2g\"]},{\"@type\":\"Person\",\"@id\":\"https:\\\/\\\/www.iquilibrio.com\\\/blog\\\/#\\\/schema\\\/person\\\/21ae990723c2e5a1170c9a06dacb4d3d\",\"name\":\"Arthur Peroni\",\"image\":{\"@type\":\"ImageObject\",\"inLanguage\":\"pt-BR\",\"@id\":\"https:\\\/\\\/www.iquilibrio.com\\\/blog\\\/wp-content\\\/uploads\\\/2023\\\/04\\\/Arthur-Peroni-150x150.jpg\",\"url\":\"https:\\\/\\\/www.iquilibrio.com\\\/blog\\\/wp-content\\\/uploads\\\/2023\\\/04\\\/Arthur-Peroni-150x150.jpg\",\"contentUrl\":\"https:\\\/\\\/www.iquilibrio.com\\\/blog\\\/wp-content\\\/uploads\\\/2023\\\/04\\\/Arthur-Peroni-150x150.jpg\",\"caption\":\"Arthur Peroni\"},\"description\":\"Arthur Peroni escreve sobre a vida, o universo e tudo mais. Amante da literatura m\u00edstica, e fic\u00e7\u00e3o, descobriu sua carreira de redator gra\u00e7as ao h\u00e1bito de leitura constante sobre fantasia e drama. Nas horas vagas, gosta de cozinhar, ler e ver filmes antigos. J\u00e1 trabalhou com, comunica\u00e7\u00e3o social, massoterapia, terapias hol\u00edsticas e design de interiores. Atualmente trabalha como redator SEO e se entusiasma com tudo o que \u00e9 esot\u00e9rico. Gosta de discutir sobre assuntos complexos e instigantes, e v\u00ea na escrita uma oportunidade de aprender e criar todos os dias, mentalmente e espiritualmente.\",\"url\":\"https:\\\/\\\/www.iquilibrio.com\\\/blog\\\/author\\\/raul-vinicius\\\/\"}]}<\/script>\n<!-- \/ Yoast SEO plugin. -->","yoast_head_json":{"title":"A Energia dos Ciclos Lunares de 25\/10 a 31\/10, por Emylian Kali - iQuilibrio","robots":{"index":"index","follow":"follow","max-snippet":"max-snippet:-1","max-image-preview":"max-image-preview:large","max-video-preview":"max-video-preview:-1"},"canonical":"https:\/\/www.iquilibrio.com\/blog\/ciclo-lunar-semanal\/a-energia-dos-ciclos-lunares-de-25-10-a-31-10-por-emylian-kali\/","og_locale":"pt_BR","og_type":"article","og_title":"A Energia dos Ciclos Lunares de 25\/10 a 31\/10, por Emylian Kali - iQuilibrio","og_description":"Finaliza\u00e7\u00e3o, Desapegos e Libera\u00e7\u00e3o Amados(as) Leitores(as), a dan\u00e7a da Lua Minguante nos convida a refletir sobre os ciclos que se encerram e as novas oportunidades que est\u00e3o por vir. Chegamos a fase de introspec\u00e7\u00e3o e libera\u00e7\u00e3o, onde cada ciclo lunar traz uma energia \u00fanica para nos guiar. \u00c0 medida que a Lua passa por Le\u00e3o, [&hellip;]","og_url":"https:\/\/www.iquilibrio.com\/blog\/ciclo-lunar-semanal\/a-energia-dos-ciclos-lunares-de-25-10-a-31-10-por-emylian-kali\/","og_site_name":"iQuilibrio","article_publisher":"https:\/\/www.facebook.com\/iQuilibrio\/","article_published_time":"2024-10-25T15:03:44+00:00","og_image":[{"width":900,"height":560,"url":"https:\/\/www.iquilibrio.com\/blog\/wp-content\/uploads\/2024\/02\/BLOG-Passagens-lunares-iQui.jpg","type":"image\/jpeg"}],"author":"Arthur Peroni","twitter_card":"summary_large_image","twitter_creator":"@iquilibrio","twitter_site":"@iquilibrio","twitter_misc":{"Escrito por":"Arthur Peroni","Est. tempo de leitura":"8 minutos"},"schema":{"@context":"https:\/\/schema.org","@graph":[{"@type":"Article","@id":"https:\/\/www.iquilibrio.com\/blog\/ciclo-lunar-semanal\/a-energia-dos-ciclos-lunares-de-25-10-a-31-10-por-emylian-kali\/#article","isPartOf":{"@id":"https:\/\/www.iquilibrio.com\/blog\/ciclo-lunar-semanal\/a-energia-dos-ciclos-lunares-de-25-10-a-31-10-por-emylian-kali\/"},"author":{"name":"Arthur Peroni","@id":"https:\/\/www.iquilibrio.com\/blog\/#\/schema\/person\/21ae990723c2e5a1170c9a06dacb4d3d"},"headline":"A Energia dos Ciclos Lunares de 25\/10 a 31\/10, por Emylian Kali","datePublished":"2024-10-25T15:03:44+00:00","mainEntityOfPage":{"@id":"https:\/\/www.iquilibrio.com\/blog\/ciclo-lunar-semanal\/a-energia-dos-ciclos-lunares-de-25-10-a-31-10-por-emylian-kali\/"},"wordCount":1337,"publisher":{"@id":"https:\/\/www.iquilibrio.com\/blog\/#organization"},"image":{"@id":"https:\/\/www.iquilibrio.com\/blog\/ciclo-lunar-semanal\/a-energia-dos-ciclos-lunares-de-25-10-a-31-10-por-emylian-kali\/#primaryimage"},"thumbnailUrl":"https:\/\/www.iquilibrio.com\/blog\/wp-content\/uploads\/2024\/02\/BLOG-Passagens-lunares-iQui.jpg","articleSection":["Ciclo Lunar semanal"],"inLanguage":"pt-BR"},{"@type":"WebPage","@id":"https:\/\/www.iquilibrio.com\/blog\/ciclo-lunar-semanal\/a-energia-dos-ciclos-lunares-de-25-10-a-31-10-por-emylian-kali\/","url":"https:\/\/www.iquilibrio.com\/blog\/ciclo-lunar-semanal\/a-energia-dos-ciclos-lunares-de-25-10-a-31-10-por-emylian-kali\/","name":"A Energia dos Ciclos Lunares de 25\/10 a 31\/10, por Emylian Kali - iQuilibrio","isPartOf":{"@id":"https:\/\/www.iquilibrio.com\/blog\/#website"},"primaryImageOfPage":{"@id":"https:\/\/www.iquilibrio.com\/blog\/ciclo-lunar-semanal\/a-energia-dos-ciclos-lunares-de-25-10-a-31-10-por-emylian-kali\/#primaryimage"},"image":{"@id":"https:\/\/www.iquilibrio.com\/blog\/ciclo-lunar-semanal\/a-energia-dos-ciclos-lunares-de-25-10-a-31-10-por-emylian-kali\/#primaryimage"},"thumbnailUrl":"https:\/\/www.iquilibrio.com\/blog\/wp-content\/uploads\/2024\/02\/BLOG-Passagens-lunares-iQui.jpg","datePublished":"2024-10-25T15:03:44+00:00","breadcrumb":{"@id":"https:\/\/www.iquilibrio.com\/blog\/ciclo-lunar-semanal\/a-energia-dos-ciclos-lunares-de-25-10-a-31-10-por-emylian-kali\/#breadcrumb"},"inLanguage":"pt-BR","potentialAction":[{"@type":"ReadAction","target":["https:\/\/www.iquilibrio.com\/blog\/ciclo-lunar-semanal\/a-energia-dos-ciclos-lunares-de-25-10-a-31-10-por-emylian-kali\/"]}]},{"@type":"ImageObject","inLanguage":"pt-BR","@id":"https:\/\/www.iquilibrio.com\/blog\/ciclo-lunar-semanal\/a-energia-dos-ciclos-lunares-de-25-10-a-31-10-por-emylian-kali\/#primaryimage","url":"https:\/\/www.iquilibrio.com\/blog\/wp-content\/uploads\/2024\/02\/BLOG-Passagens-lunares-iQui.jpg","contentUrl":"https:\/\/www.iquilibrio.com\/blog\/wp-content\/uploads\/2024\/02\/BLOG-Passagens-lunares-iQui.jpg","width":900,"height":560},{"@type":"BreadcrumbList","@id":"https:\/\/www.iquilibrio.com\/blog\/ciclo-lunar-semanal\/a-energia-dos-ciclos-lunares-de-25-10-a-31-10-por-emylian-kali\/#breadcrumb","itemListElement":[{"@type":"ListItem","position":1,"name":"In\u00edcio","item":"https:\/\/www.iquilibrio.com\/blog\/"},{"@type":"ListItem","position":2,"name":"A Energia dos Ciclos Lunares de 25\/10 a 31\/10, por Emylian Kali"}]},{"@type":"WebSite","@id":"https:\/\/www.iquilibrio.com\/blog\/#website","url":"https:\/\/www.iquilibrio.com\/blog\/","name":"iQuilibrio","description":"Blog iQuilibrio","publisher":{"@id":"https:\/\/www.iquilibrio.com\/blog\/#organization"},"potentialAction":[{"@type":"SearchAction","target":{"@type":"EntryPoint","urlTemplate":"https:\/\/www.iquilibrio.com\/blog\/?s={search_term_string}"},"query-input":{"@type":"PropertyValueSpecification","valueRequired":true,"valueName":"search_term_string"}}],"inLanguage":"pt-BR"},{"@type":"Organization","@id":"https:\/\/www.iquilibrio.com\/blog\/#organization","name":"Esoterismo, Misticismo e Tarot Online - iQuilibrio","url":"https:\/\/www.iquilibrio.com\/blog\/","logo":{"@type":"ImageObject","inLanguage":"pt-BR","@id":"https:\/\/www.iquilibrio.com\/blog\/#\/schema\/logo\/image\/","url":"https:\/\/www.iquilibrio.com\/blog\/wp-content\/uploads\/2018\/12\/iquilibrio_lovo_vetor_preto-retina.png","contentUrl":"https:\/\/www.iquilibrio.com\/blog\/wp-content\/uploads\/2018\/12\/iquilibrio_lovo_vetor_preto-retina.png","width":972,"height":180,"caption":"Esoterismo, Misticismo e Tarot Online - iQuilibrio"},"image":{"@id":"https:\/\/www.iquilibrio.com\/blog\/#\/schema\/logo\/image\/"},"sameAs":["https:\/\/www.facebook.com\/iQuilibrio\/","https:\/\/x.com\/iquilibrio","https:\/\/www.instagram.com\/iquilibrio\/","https:\/\/www.linkedin.com\/company\/iquilibrio\/","https:\/\/br.pinterest.com\/iquilibrio1397\/","https:\/\/www.youtube.com\/channel\/UC175qxd-4Zsi4wzawT5zF2g"]},{"@type":"Person","@id":"https:\/\/www.iquilibrio.com\/blog\/#\/schema\/person\/21ae990723c2e5a1170c9a06dacb4d3d","name":"Arthur Peroni","image":{"@type":"ImageObject","inLanguage":"pt-BR","@id":"https:\/\/www.iquilibrio.com\/blog\/wp-content\/uploads\/2023\/04\/Arthur-Peroni-150x150.jpg","url":"https:\/\/www.iquilibrio.com\/blog\/wp-content\/uploads\/2023\/04\/Arthur-Peroni-150x150.jpg","contentUrl":"https:\/\/www.iquilibrio.com\/blog\/wp-content\/uploads\/2023\/04\/Arthur-Peroni-150x150.jpg","caption":"Arthur Peroni"},"description":"Arthur Peroni escreve sobre a vida, o universo e tudo mais. Amante da literatura m\u00edstica, e fic\u00e7\u00e3o, descobriu sua carreira de redator gra\u00e7as ao h\u00e1bito de leitura constante sobre fantasia e drama. Nas horas vagas, gosta de cozinhar, ler e ver filmes antigos. J\u00e1 trabalhou com, comunica\u00e7\u00e3o social, massoterapia, terapias hol\u00edsticas e design de interiores. Atualmente trabalha como redator SEO e se entusiasma com tudo o que \u00e9 esot\u00e9rico. Gosta de discutir sobre assuntos complexos e instigantes, e v\u00ea na escrita uma oportunidade de aprender e criar todos os dias, mentalmente e espiritualmente.","url":"https:\/\/www.iquilibrio.com\/blog\/author\/raul-vinicius\/"}]}},"_links":{"self":[{"href":"https:\/\/www.iquilibrio.com\/blog\/wp-json\/wp\/v2\/posts\/41203","targetHints":{"allow":["GET"]}}],"collection":[{"href":"https:\/\/www.iquilibrio.com\/blog\/wp-json\/wp\/v2\/posts"}],"about":[{"href":"https:\/\/www.iquilibrio.com\/blog\/wp-json\/wp\/v2\/types\/post"}],"author":[{"embeddable":true,"href":"https:\/\/www.iquilibrio.com\/blog\/wp-json\/wp\/v2\/users\/158"}],"replies":[{"embeddable":true,"href":"https:\/\/www.iquilibrio.com\/blog\/wp-json\/wp\/v2\/comments?post=41203"}],"version-history":[{"count":1,"href":"https:\/\/www.iquilibrio.com\/blog\/wp-json\/wp\/v2\/posts\/41203\/revisions"}],"predecessor-version":[{"id":41204,"href":"https:\/\/www.iquilibrio.com\/blog\/wp-json\/wp\/v2\/posts\/41203\/revisions\/41204"}],"wp:featuredmedia":[{"embeddable":true,"href":"https:\/\/www.iquilibrio.com\/blog\/wp-json\/wp\/v2\/media\/40190"}],"wp:attachment":[{"href":"https:\/\/www.iquilibrio.com\/blog\/wp-json\/wp\/v2\/media?parent=41203"}],"wp:term":[{"taxonomy":"category","embeddable":true,"href":"https:\/\/www.iquilibrio.com\/blog\/wp-json\/wp\/v2\/categories?post=41203"},{"taxonomy":"post_tag","embeddable":true,"href":"https:\/\/www.iquilibrio.com\/blog\/wp-json\/wp\/v2\/tags?post=41203"}],"curies":[{"name":"wp","href":"https:\/\/api.w.org\/{rel}","templated":true}]}}