{"id":41191,"date":"2024-10-18T10:19:10","date_gmt":"2024-10-18T13:19:10","guid":{"rendered":"https:\/\/www.iquilibrio.com\/blog\/?p=41191"},"modified":"2024-10-18T10:19:10","modified_gmt":"2024-10-18T13:19:10","slug":"a-energia-dos-ciclos-lunares-de-17-10-a-23-10-por-emylian-kali","status":"publish","type":"post","link":"https:\/\/www.iquilibrio.com\/blog\/ciclo-lunar-semanal\/a-energia-dos-ciclos-lunares-de-17-10-a-23-10-por-emylian-kali\/","title":{"rendered":"A Energia dos Ciclos Lunares de 17\/10 a 23\/10, por Emylian Kali"},"content":{"rendered":"<h2><b>For\u00e7a, Equil\u00edbrio e Conex\u00e3o Introspectiva<\/b><\/h2>\n<p><span style=\"font-weight: 400;\">Estimado(a) Leitor(a) os dias <strong>17 e 23 de outubro<\/strong>, marcam uma semana de ciclos lunares que nos convidam a navegar por diferentes paisagens energ\u00e9ticas, come\u00e7ando com a Lua Crescente em \u00c1ries e encerrando com a Lua em C\u00e2ncer. Esses ciclos nos oferecem momentos de impulso, estabilidade, curiosidade e acolhimento emocional. Durante essa semana, o ritmo da Lua nos ajuda a equilibrar a\u00e7\u00e3o com introspec\u00e7\u00e3o, movimento com pausa, e nos guia atrav\u00e9s de um processo de transforma\u00e7\u00e3o e crescimento. Cada dia traz uma nova oportunidade de ajustar nossas inten\u00e7\u00f5es, seguir nossos instintos e nutrir nosso ser, permitindo que a natureza da Lua inspire nossos passos.<\/span><\/p>\n<p><span style=\"font-weight: 400;\"><strong>No dia 17\/10<\/strong> a energia ariana \u00e9 marcada por sua intensidade e for\u00e7a, inspirando a\u00e7\u00e3o e coragem. A Lua Crescente em \u00c1ries desperta o desejo de conquistar, de ir atr\u00e1s de seus objetivos com determina\u00e7\u00e3o. Este \u00e9 um momento ideal para come\u00e7ar novos projetos e se lan\u00e7ar em desafios.<\/span><\/p>\n<p><span style=\"font-weight: 400;\">Com a Lua passando por Touro, no dia <strong>18\/10<\/strong> a energia muda para um tom mais est\u00e1vel e seguro. Touro nos ensina a desacelerar, a cuidar do que j\u00e1 foi iniciado, e a buscar conforto e seguran\u00e7a. \u00c9 um per\u00edodo prop\u00edcio para cuidar das necessidades materiais e investir no autocuidado.<\/span><\/p>\n<p><span style=\"font-weight: 400;\"><strong>Do dia 19\/10 ao dia 20\/10<\/strong> a Lua em G\u00eameos traz uma energia leve e curiosa. A mente se torna \u00e1gil, buscando novas informa\u00e7\u00f5es e maneiras de se expressar. Esse \u00e9 o poder necess\u00e1rio para se abrir a novos di\u00e1logos, trocas de ideias e explorar novas perspectivas. Flexibilidade e comunica\u00e7\u00e3o s\u00e3o essenciais.<\/span><\/p>\n<p><span style=\"font-weight: 400;\">Ao final da semana do dia<strong> 21\/10 a 23\/10<\/strong>, a Lua em C\u00e2ncer nos chama para o lar, para as emo\u00e7\u00f5es e o cuidado com o interior. A energia canceriana \u00e9 sens\u00edvel e protetora, criando um espa\u00e7o para cuidar de si mesmo e das pessoas pr\u00f3ximas. \u00c9 um momento de introspec\u00e7\u00e3o e de nutrir as rela\u00e7\u00f5es mais importantes.<\/span><\/p>\n<h3><b>Energia da Semana<\/b><\/h3>\n<p><span style=\"font-weight: 400;\">Essa semana \u00e9 um convite para explorar diferentes facetas de si mesmo, desde a for\u00e7a de a\u00e7\u00e3o at\u00e9 a necessidade de acolhimento e introspec\u00e7\u00e3o. Cada fase lunar traz consigo uma oportunidade \u00fanica de se alinhar com as energias do cosmos, encontrando equil\u00edbrio entre o fazer e o sentir, entre o movimento e a pausa.<\/span><\/p>\n<p><span style=\"font-weight: 400;\">Siga o fluxo, respeite o ritmo natural da vida e permita que cada ciclo te guie com sabedoria.<\/span><\/p>\n<hr \/>\n<p>&nbsp;<\/p>\n<h3><b>Lua Crescente em \u00c1ries &#x1f319;&#x2648;(17\/10)<\/b><\/h3>\n<p><b>Energia:<\/b><span style=\"font-weight: 400;\"> A Lua Crescente em \u00c1ries te convida a despertar sua coragem e abra\u00e7ar o esp\u00edrito da iniciativa. Tente agir com confian\u00e7a, sem hesita\u00e7\u00e3o, e dar o primeiro passo em dire\u00e7\u00e3o aos seus objetivos.<\/span><\/p>\n<p><span style=\"font-weight: 400;\">A energia ariana \u00e9 cheia de for\u00e7a e determina\u00e7\u00e3o, proporcionando o impulso necess\u00e1rio para come\u00e7ar novos projetos ou dar continuidade \u00e0queles que exigem movimento. Impulsividade, coragem e a\u00e7\u00e3o. \u00c1ries traz a energia de lideran\u00e7a e proatividade, te empurrando para fazer o que precisa ser feito, sem olhar para tr\u00e1s.<\/span><\/p>\n<ul>\n<li style=\"font-weight: 400;\" aria-level=\"1\"><b>Dica semanal:<\/b><span style=\"font-weight: 400;\"> N\u00e3o espere por valida\u00e7\u00f5es externas. Confie no seu instinto e d\u00ea aquele primeiro passo que est\u00e1 adiando.<\/span><span style=\"font-weight: 400;\">\n<p><\/span><\/li>\n<li style=\"font-weight: 400;\" aria-level=\"1\"><b>Incenso:<\/b><span style=\"font-weight: 400;\"> Canela, para aumentar a energia, coragem e a determina\u00e7\u00e3o.<\/span><span style=\"font-weight: 400;\">\n<p><\/span><\/li>\n<li style=\"font-weight: 400;\" aria-level=\"1\"><b>Ritual:<\/b><span style=\"font-weight: 400;\"> Escreva em um papel algo que voc\u00ea tem procrastinado ou uma decis\u00e3o que tem evitado. Ao acender uma vela vermelha, visualize a a\u00e7\u00e3o sendo tomada e queime o papel, simbolizando o in\u00edcio da jornada.<\/span><span style=\"font-weight: 400;\">\n<p><\/span><\/li>\n<li style=\"font-weight: 400;\" aria-level=\"1\"><b>Mantra:<\/b><span style=\"font-weight: 400;\"><span style=\"font-weight: 400;\"> &#8220;Eu sou a for\u00e7a do movimento e avan\u00e7o. Tomo decis\u00f5es com confian\u00e7a e coragem, criando meu pr\u00f3prio caminho.&#8221;<\/span><\/span><br \/>\n<hr \/>\n<\/li>\n<\/ul>\n<h3><b>Lua em Touro &#x1f319;&#x2649;(18\/10)<\/b><\/h3>\n<p><b>Energia:<\/b><span style=\"font-weight: 400;\"> Logo ap\u00f3s o dinamismo de \u00c1ries, a Lua em Touro te traz uma energia mais est\u00e1vel e voltada para o conforto e a seguran\u00e7a. \u00c9 hora de desacelerar, cuidar do corpo e das necessidades materiais.<\/span><\/p>\n<p><span style=\"font-weight: 400;\">A Lua em Touro \u00e9 excelente para focar naquilo que traz seguran\u00e7a, seja emocional, financeira ou f\u00edsica. Estabilidade, seguran\u00e7a e gratifica\u00e7\u00e3o sensorial. A energia taurina te conecta com o prazer dos sentidos e o desejo de criar algo s\u00f3lido.<\/span><\/p>\n<ul>\n<li style=\"font-weight: 400;\" aria-level=\"1\"><b>Dica semanal:<\/b><span style=\"font-weight: 400;\"> Invista em algo que nutra suas necessidades materiais ou f\u00edsicas. Permita-se desfrutar dos prazeres simples da vida.<\/span><span style=\"font-weight: 400;\">\n<p><\/span><\/li>\n<li style=\"font-weight: 400;\" aria-level=\"1\"><b>Incenso:<\/b><span style=\"font-weight: 400;\"> S\u00e2ndalo, para aterramento e equil\u00edbrio. <\/span><span style=\"font-weight: 400;\">\n<p><\/span><\/li>\n<li style=\"font-weight: 400;\" aria-level=\"1\"><b>Ritual:<\/b><span style=\"font-weight: 400;\"> Realize uma breve medita\u00e7\u00e3o com os p\u00e9s descal\u00e7os na terra ou em um ch\u00e3o firme. Imagine ra\u00edzes crescendo a partir de seus p\u00e9s, conectando-se profundamente com a Terra, trazendo-lhe estabilidade e for\u00e7a.<\/span><span style=\"font-weight: 400;\">\n<p><\/span><\/li>\n<li style=\"font-weight: 400;\" aria-level=\"1\"><b>Mantra:<\/b><span style=\"font-weight: 400;\"><span style=\"font-weight: 400;\"> &#8220;Eu me conecto com a Terra e encontro estabilidade em cada passo. Minha seguran\u00e7a vem de dentro e cresce com cada a\u00e7\u00e3o consciente.&#8221;<\/span><\/span><br \/>\n<hr \/>\n<\/li>\n<\/ul>\n<h3><b>Lua em G\u00eameos &#x1f319;&#x264a;(19\/10 a 20\/10)<\/b><\/h3>\n<p><b>Energia:<\/b><span style=\"font-weight: 400;\"> A Lua passa por G\u00eameos, trazendo uma energia de comunica\u00e7\u00e3o e curiosidade. V\u00e1 em busca informa\u00e7\u00f5es, aprender algo novo ou resolver pend\u00eancias atrav\u00e9s do di\u00e1logo. G\u00eameos te incentiva a manter a mente ativa, trocando ideias e explorando diferentes pontos de vista.<\/span><\/p>\n<p><span style=\"font-weight: 400;\">A leveza e a versatilidade s\u00e3o caracter\u00edsticas dessa fase. Comunica\u00e7\u00e3o, aprendizado e flexibilidade. A energia geminiana favorece di\u00e1logos, estudos e a troca de informa\u00e7\u00f5es.<\/span><\/p>\n<ul>\n<li style=\"font-weight: 400;\" aria-level=\"1\"><b>Dica semanal:<\/b><span style=\"font-weight: 400;\"> Use este momento para expressar suas ideias com clareza. Escreva, converse, ou\u00e7a. Mantenha a mente aberta para novas possibilidades.<\/span><span style=\"font-weight: 400;\">\n<p><\/span><\/li>\n<li style=\"font-weight: 400;\" aria-level=\"1\"><b>Incenso:<\/b><span style=\"font-weight: 400;\"> Hortel\u00e3-pimenta, para clareza mental e estimula\u00e7\u00e3o intelectual.<\/span><span style=\"font-weight: 400;\">\n<p><\/span><\/li>\n<li style=\"font-weight: 400;\" aria-level=\"1\"><b>Ritual:<\/b><span style=\"font-weight: 400;\"> Escreva seus pensamentos e ideias que surgirem durante esse per\u00edodo. Isso ajudar\u00e1 a organizar a mente e permitir\u00e1 que voc\u00ea veja solu\u00e7\u00f5es criativas para os desafios.<\/span><span style=\"font-weight: 400;\">\n<p><\/span><\/li>\n<li style=\"font-weight: 400;\" aria-level=\"1\"><b>Mantra:<\/b><span style=\"font-weight: 400;\"><span style=\"font-weight: 400;\"> &#8220;Eu sou a express\u00e3o clara e verdadeira de minhas ideias. Minhas palavras t\u00eam poder e abrem portas para novas oportunidades.&#8221;<\/span><\/span><br \/>\n<hr \/>\n<\/li>\n<\/ul>\n<h3><b>Lua em C\u00e2ncer &#x1f319;&#x264b;(21\/10 a 23\/10)<\/b><\/h3>\n<p><b>Energia:<\/b><span style=\"font-weight: 400;\"> Encerrando a semana, a Lua entra em C\u00e2ncer, trazendo uma energia voltada para as emo\u00e7\u00f5es, o lar e o cuidado. Surgir\u00e1 uma fase de introspec\u00e7\u00e3o, onde o foco est\u00e1 no autocuidado e nas rela\u00e7\u00f5es familiares.<\/span><\/p>\n<p><span style=\"font-weight: 400;\">A Lua em C\u00e2ncer desperta o desejo de proteger e ser protegido, criando um espa\u00e7o seguro para processar emo\u00e7\u00f5es e nutrir a alma. Cuidado emocional, acolhimento e conex\u00e3o familiar. A energia canceriana favorece a introspec\u00e7\u00e3o e o cuidado com as rela\u00e7\u00f5es mais pr\u00f3ximas.<\/span><\/p>\n<ul>\n<li style=\"font-weight: 400;\" aria-level=\"1\"><b>Dica semanal:<\/b><span style=\"font-weight: 400;\"> Reserve um tempo para si e para aqueles que ama. Permita-se cuidar do seu espa\u00e7o emocional e f\u00edsico, criando um ambiente que te traga paz e conforto.<\/span><span style=\"font-weight: 400;\">\n<p><\/span><\/li>\n<li style=\"font-weight: 400;\" aria-level=\"1\"><b>Incenso:<\/b><span style=\"font-weight: 400;\"> Rosa branca, para harmonizar as emo\u00e7\u00f5es e trazer paz interior.<\/span><span style=\"font-weight: 400;\">\n<p><\/span><\/li>\n<li style=\"font-weight: 400;\" aria-level=\"1\"><b>Ritual:<\/b><span style=\"font-weight: 400;\"> Acenda uma vela branca e medite por alguns minutos, permitindo-se sentir as emo\u00e7\u00f5es que surgirem, sem julg\u00e1-las. Se sentir necessidade, escreva sobre seus sentimentos ou compartilhe-os com algu\u00e9m de confian\u00e7a.<\/span><span style=\"font-weight: 400;\">\n<p><\/span><\/li>\n<li style=\"font-weight: 400;\" aria-level=\"1\"><b>Mantra:<\/b><span style=\"font-weight: 400;\"><span style=\"font-weight: 400;\"> &#8220;Eu acolho minhas emo\u00e7\u00f5es com carinho e aceita\u00e7\u00e3o. Meu lar \u00e9 meu ref\u00fagio, e eu me permito cuidar de mim e dos que amo.&#8221;<\/span><\/span><br \/>\n<hr \/>\n<p><img loading=\"lazy\" decoding=\"async\" class=\" wp-image-40073 alignleft\" src=\"https:\/\/www.iquilibrio.com\/blog\/wp-content\/uploads\/2024\/01\/Emylian-Kali-Astrocentro.png\" alt=\"\" width=\"269\" height=\"272\" srcset=\"https:\/\/www.iquilibrio.com\/blog\/wp-content\/uploads\/2024\/01\/Emylian-Kali-Astrocentro.png 334w, https:\/\/www.iquilibrio.com\/blog\/wp-content\/uploads\/2024\/01\/Emylian-Kali-Astrocentro-296x300.png 296w\" sizes=\"auto, (max-width: 269px) 100vw, 269px\" \/>Como oraculista profissional e bruxo, Emylian trabalha com diversas formas de energia e espiritualidade, fornecendo orienta\u00e7\u00e3o e aconselhamento em \u00e1reas como relacionamentos, carreira, finan\u00e7as, sa\u00fade e muito mais.<\/p>\n<p>A jornada espiritual de Emylian come\u00e7ou na inf\u00e2ncia, aos 5 anos de idade, quando teve seu primeiro contato visual com o mundo espiritual.<\/p>\n<p>Desde ent\u00e3o, ele vem aprimorando sua mediunidade e explorando v\u00e1rias \u00e1reas da espiritualidade Como intuitivo, Emylian possui uma sensibilidade agu\u00e7ada para captar as energias e vibra\u00e7\u00f5es dos or\u00e1culos, bem como interpretar suas mensagens.<\/p>\n<p>Ele utiliza sua mediunidade para ajudar as pessoas a encontrar respostas e solu\u00e7\u00f5es para seus desafios pessoais.<\/li>\n<\/ul>\n\n\n<div class=\"kk-star-ratings kksr-auto kksr-align-left kksr-valign-bottom\"\n    data-payload='{&quot;align&quot;:&quot;left&quot;,&quot;id&quot;:&quot;41191&quot;,&quot;slug&quot;:&quot;default&quot;,&quot;valign&quot;:&quot;bottom&quot;,&quot;ignore&quot;:&quot;&quot;,&quot;reference&quot;:&quot;auto&quot;,&quot;class&quot;:&quot;&quot;,&quot;count&quot;:&quot;0&quot;,&quot;legendonly&quot;:&quot;&quot;,&quot;readonly&quot;:&quot;&quot;,&quot;score&quot;:&quot;0&quot;,&quot;starsonly&quot;:&quot;&quot;,&quot;best&quot;:&quot;5&quot;,&quot;gap&quot;:&quot;5&quot;,&quot;greet&quot;:&quot;Rate this post&quot;,&quot;legend&quot;:&quot;0\\\/5 - (0 voto)&quot;,&quot;size&quot;:&quot;24&quot;,&quot;title&quot;:&quot;A Energia dos Ciclos Lunares de 17\\\/10 a 23\\\/10, por Emylian Kali&quot;,&quot;width&quot;:&quot;0&quot;,&quot;_legend&quot;:&quot;{score}\\\/{best} - ({count} {votes})&quot;,&quot;font_factor&quot;:&quot;1.25&quot;}'>\n            \n<div class=\"kksr-stars\">\n    \n<div class=\"kksr-stars-inactive\">\n            <div class=\"kksr-star\" data-star=\"1\" style=\"padding-right: 5px\">\n            \n\n<div class=\"kksr-icon\" style=\"width: 24px; height: 24px;\"><\/div>\n        <\/div>\n            <div class=\"kksr-star\" data-star=\"2\" style=\"padding-right: 5px\">\n            \n\n<div class=\"kksr-icon\" style=\"width: 24px; height: 24px;\"><\/div>\n        <\/div>\n            <div class=\"kksr-star\" data-star=\"3\" style=\"padding-right: 5px\">\n            \n\n<div class=\"kksr-icon\" style=\"width: 24px; height: 24px;\"><\/div>\n        <\/div>\n            <div class=\"kksr-star\" data-star=\"4\" style=\"padding-right: 5px\">\n            \n\n<div class=\"kksr-icon\" style=\"width: 24px; height: 24px;\"><\/div>\n        <\/div>\n            <div class=\"kksr-star\" data-star=\"5\" style=\"padding-right: 5px\">\n            \n\n<div class=\"kksr-icon\" style=\"width: 24px; height: 24px;\"><\/div>\n        <\/div>\n    <\/div>\n    \n<div class=\"kksr-stars-active\" style=\"width: 0px;\">\n            <div class=\"kksr-star\" style=\"padding-right: 5px\">\n            \n\n<div class=\"kksr-icon\" style=\"width: 24px; height: 24px;\"><\/div>\n        <\/div>\n            <div class=\"kksr-star\" style=\"padding-right: 5px\">\n            \n\n<div class=\"kksr-icon\" style=\"width: 24px; height: 24px;\"><\/div>\n        <\/div>\n            <div class=\"kksr-star\" style=\"padding-right: 5px\">\n            \n\n<div class=\"kksr-icon\" style=\"width: 24px; height: 24px;\"><\/div>\n        <\/div>\n            <div class=\"kksr-star\" style=\"padding-right: 5px\">\n            \n\n<div class=\"kksr-icon\" style=\"width: 24px; height: 24px;\"><\/div>\n        <\/div>\n            <div class=\"kksr-star\" style=\"padding-right: 5px\">\n            \n\n<div class=\"kksr-icon\" style=\"width: 24px; height: 24px;\"><\/div>\n        <\/div>\n    <\/div>\n<\/div>\n                \n\n<div class=\"kksr-legend\" style=\"font-size: 19.2px;\">\n            <span class=\"kksr-muted\">Rate this post<\/span>\n    <\/div>\n    <\/div>\n","protected":false},"excerpt":{"rendered":"<p>For\u00e7a, Equil\u00edbrio e Conex\u00e3o Introspectiva Estimado(a) Leitor(a) os dias 17 e 23 de outubro, marcam uma semana de ciclos lunares que nos convidam a navegar por diferentes paisagens energ\u00e9ticas, come\u00e7ando com a Lua Crescente em \u00c1ries e encerrando com a Lua em C\u00e2ncer. Esses ciclos nos oferecem momentos de impulso, estabilidade, curiosidade e acolhimento emocional. [&hellip;]<\/p>\n","protected":false},"author":158,"featured_media":40190,"comment_status":"closed","ping_status":"closed","sticky":false,"template":"","format":"standard","meta":{"footnotes":""},"categories":[4893],"tags":[],"class_list":["post-41191","post","type-post","status-publish","format-standard","has-post-thumbnail","hentry","category-ciclo-lunar-semanal"],"yoast_head":"<!-- This site is optimized with the Yoast SEO plugin v27.4 - https:\/\/yoast.com\/product\/yoast-seo-wordpress\/ -->\n<title>A Energia dos Ciclos Lunares de 17\/10 a 23\/10, por Emylian Kali - iQuilibrio<\/title>\n<meta name=\"robots\" content=\"index, follow, max-snippet:-1, max-image-preview:large, max-video-preview:-1\" \/>\n<link rel=\"canonical\" href=\"https:\/\/www.iquilibrio.com\/blog\/ciclo-lunar-semanal\/a-energia-dos-ciclos-lunares-de-17-10-a-23-10-por-emylian-kali\/\" \/>\n<meta property=\"og:locale\" content=\"pt_BR\" \/>\n<meta property=\"og:type\" content=\"article\" \/>\n<meta property=\"og:title\" content=\"A Energia dos Ciclos Lunares de 17\/10 a 23\/10, por Emylian Kali - iQuilibrio\" \/>\n<meta property=\"og:description\" content=\"For\u00e7a, Equil\u00edbrio e Conex\u00e3o Introspectiva Estimado(a) Leitor(a) os dias 17 e 23 de outubro, marcam uma semana de ciclos lunares que nos convidam a navegar por diferentes paisagens energ\u00e9ticas, come\u00e7ando com a Lua Crescente em \u00c1ries e encerrando com a Lua em C\u00e2ncer. Esses ciclos nos oferecem momentos de impulso, estabilidade, curiosidade e acolhimento emocional. [&hellip;]\" \/>\n<meta property=\"og:url\" content=\"https:\/\/www.iquilibrio.com\/blog\/ciclo-lunar-semanal\/a-energia-dos-ciclos-lunares-de-17-10-a-23-10-por-emylian-kali\/\" \/>\n<meta property=\"og:site_name\" content=\"iQuilibrio\" \/>\n<meta property=\"article:publisher\" content=\"https:\/\/www.facebook.com\/iQuilibrio\/\" \/>\n<meta property=\"article:published_time\" content=\"2024-10-18T13:19:10+00:00\" \/>\n<meta property=\"og:image\" content=\"https:\/\/www.iquilibrio.com\/blog\/wp-content\/uploads\/2024\/02\/BLOG-Passagens-lunares-iQui.jpg\" \/>\n\t<meta property=\"og:image:width\" content=\"900\" \/>\n\t<meta property=\"og:image:height\" content=\"560\" \/>\n\t<meta property=\"og:image:type\" content=\"image\/jpeg\" \/>\n<meta name=\"author\" content=\"Arthur Peroni\" \/>\n<meta name=\"twitter:card\" content=\"summary_large_image\" \/>\n<meta name=\"twitter:creator\" content=\"@iquilibrio\" \/>\n<meta name=\"twitter:site\" content=\"@iquilibrio\" \/>\n<meta name=\"twitter:label1\" content=\"Escrito por\" \/>\n\t<meta name=\"twitter:data1\" content=\"Arthur Peroni\" \/>\n\t<meta name=\"twitter:label2\" content=\"Est. tempo de leitura\" \/>\n\t<meta name=\"twitter:data2\" content=\"7 minutos\" \/>\n<script type=\"application\/ld+json\" class=\"yoast-schema-graph\">{\"@context\":\"https:\\\/\\\/schema.org\",\"@graph\":[{\"@type\":\"Article\",\"@id\":\"https:\\\/\\\/www.iquilibrio.com\\\/blog\\\/ciclo-lunar-semanal\\\/a-energia-dos-ciclos-lunares-de-17-10-a-23-10-por-emylian-kali\\\/#article\",\"isPartOf\":{\"@id\":\"https:\\\/\\\/www.iquilibrio.com\\\/blog\\\/ciclo-lunar-semanal\\\/a-energia-dos-ciclos-lunares-de-17-10-a-23-10-por-emylian-kali\\\/\"},\"author\":{\"name\":\"Arthur Peroni\",\"@id\":\"https:\\\/\\\/www.iquilibrio.com\\\/blog\\\/#\\\/schema\\\/person\\\/21ae990723c2e5a1170c9a06dacb4d3d\"},\"headline\":\"A Energia dos Ciclos Lunares de 17\\\/10 a 23\\\/10, por Emylian Kali\",\"datePublished\":\"2024-10-18T13:19:10+00:00\",\"mainEntityOfPage\":{\"@id\":\"https:\\\/\\\/www.iquilibrio.com\\\/blog\\\/ciclo-lunar-semanal\\\/a-energia-dos-ciclos-lunares-de-17-10-a-23-10-por-emylian-kali\\\/\"},\"wordCount\":1291,\"publisher\":{\"@id\":\"https:\\\/\\\/www.iquilibrio.com\\\/blog\\\/#organization\"},\"image\":{\"@id\":\"https:\\\/\\\/www.iquilibrio.com\\\/blog\\\/ciclo-lunar-semanal\\\/a-energia-dos-ciclos-lunares-de-17-10-a-23-10-por-emylian-kali\\\/#primaryimage\"},\"thumbnailUrl\":\"https:\\\/\\\/www.iquilibrio.com\\\/blog\\\/wp-content\\\/uploads\\\/2024\\\/02\\\/BLOG-Passagens-lunares-iQui.jpg\",\"articleSection\":[\"Ciclo Lunar semanal\"],\"inLanguage\":\"pt-BR\"},{\"@type\":\"WebPage\",\"@id\":\"https:\\\/\\\/www.iquilibrio.com\\\/blog\\\/ciclo-lunar-semanal\\\/a-energia-dos-ciclos-lunares-de-17-10-a-23-10-por-emylian-kali\\\/\",\"url\":\"https:\\\/\\\/www.iquilibrio.com\\\/blog\\\/ciclo-lunar-semanal\\\/a-energia-dos-ciclos-lunares-de-17-10-a-23-10-por-emylian-kali\\\/\",\"name\":\"A Energia dos Ciclos Lunares de 17\\\/10 a 23\\\/10, por Emylian Kali - iQuilibrio\",\"isPartOf\":{\"@id\":\"https:\\\/\\\/www.iquilibrio.com\\\/blog\\\/#website\"},\"primaryImageOfPage\":{\"@id\":\"https:\\\/\\\/www.iquilibrio.com\\\/blog\\\/ciclo-lunar-semanal\\\/a-energia-dos-ciclos-lunares-de-17-10-a-23-10-por-emylian-kali\\\/#primaryimage\"},\"image\":{\"@id\":\"https:\\\/\\\/www.iquilibrio.com\\\/blog\\\/ciclo-lunar-semanal\\\/a-energia-dos-ciclos-lunares-de-17-10-a-23-10-por-emylian-kali\\\/#primaryimage\"},\"thumbnailUrl\":\"https:\\\/\\\/www.iquilibrio.com\\\/blog\\\/wp-content\\\/uploads\\\/2024\\\/02\\\/BLOG-Passagens-lunares-iQui.jpg\",\"datePublished\":\"2024-10-18T13:19:10+00:00\",\"breadcrumb\":{\"@id\":\"https:\\\/\\\/www.iquilibrio.com\\\/blog\\\/ciclo-lunar-semanal\\\/a-energia-dos-ciclos-lunares-de-17-10-a-23-10-por-emylian-kali\\\/#breadcrumb\"},\"inLanguage\":\"pt-BR\",\"potentialAction\":[{\"@type\":\"ReadAction\",\"target\":[\"https:\\\/\\\/www.iquilibrio.com\\\/blog\\\/ciclo-lunar-semanal\\\/a-energia-dos-ciclos-lunares-de-17-10-a-23-10-por-emylian-kali\\\/\"]}]},{\"@type\":\"ImageObject\",\"inLanguage\":\"pt-BR\",\"@id\":\"https:\\\/\\\/www.iquilibrio.com\\\/blog\\\/ciclo-lunar-semanal\\\/a-energia-dos-ciclos-lunares-de-17-10-a-23-10-por-emylian-kali\\\/#primaryimage\",\"url\":\"https:\\\/\\\/www.iquilibrio.com\\\/blog\\\/wp-content\\\/uploads\\\/2024\\\/02\\\/BLOG-Passagens-lunares-iQui.jpg\",\"contentUrl\":\"https:\\\/\\\/www.iquilibrio.com\\\/blog\\\/wp-content\\\/uploads\\\/2024\\\/02\\\/BLOG-Passagens-lunares-iQui.jpg\",\"width\":900,\"height\":560},{\"@type\":\"BreadcrumbList\",\"@id\":\"https:\\\/\\\/www.iquilibrio.com\\\/blog\\\/ciclo-lunar-semanal\\\/a-energia-dos-ciclos-lunares-de-17-10-a-23-10-por-emylian-kali\\\/#breadcrumb\",\"itemListElement\":[{\"@type\":\"ListItem\",\"position\":1,\"name\":\"In\u00edcio\",\"item\":\"https:\\\/\\\/www.iquilibrio.com\\\/blog\\\/\"},{\"@type\":\"ListItem\",\"position\":2,\"name\":\"A Energia dos Ciclos Lunares de 17\\\/10 a 23\\\/10, por Emylian Kali\"}]},{\"@type\":\"WebSite\",\"@id\":\"https:\\\/\\\/www.iquilibrio.com\\\/blog\\\/#website\",\"url\":\"https:\\\/\\\/www.iquilibrio.com\\\/blog\\\/\",\"name\":\"iQuilibrio\",\"description\":\"Blog iQuilibrio\",\"publisher\":{\"@id\":\"https:\\\/\\\/www.iquilibrio.com\\\/blog\\\/#organization\"},\"potentialAction\":[{\"@type\":\"SearchAction\",\"target\":{\"@type\":\"EntryPoint\",\"urlTemplate\":\"https:\\\/\\\/www.iquilibrio.com\\\/blog\\\/?s={search_term_string}\"},\"query-input\":{\"@type\":\"PropertyValueSpecification\",\"valueRequired\":true,\"valueName\":\"search_term_string\"}}],\"inLanguage\":\"pt-BR\"},{\"@type\":\"Organization\",\"@id\":\"https:\\\/\\\/www.iquilibrio.com\\\/blog\\\/#organization\",\"name\":\"Esoterismo, Misticismo e Tarot Online - iQuilibrio\",\"url\":\"https:\\\/\\\/www.iquilibrio.com\\\/blog\\\/\",\"logo\":{\"@type\":\"ImageObject\",\"inLanguage\":\"pt-BR\",\"@id\":\"https:\\\/\\\/www.iquilibrio.com\\\/blog\\\/#\\\/schema\\\/logo\\\/image\\\/\",\"url\":\"https:\\\/\\\/www.iquilibrio.com\\\/blog\\\/wp-content\\\/uploads\\\/2018\\\/12\\\/iquilibrio_lovo_vetor_preto-retina.png\",\"contentUrl\":\"https:\\\/\\\/www.iquilibrio.com\\\/blog\\\/wp-content\\\/uploads\\\/2018\\\/12\\\/iquilibrio_lovo_vetor_preto-retina.png\",\"width\":972,\"height\":180,\"caption\":\"Esoterismo, Misticismo e Tarot Online - iQuilibrio\"},\"image\":{\"@id\":\"https:\\\/\\\/www.iquilibrio.com\\\/blog\\\/#\\\/schema\\\/logo\\\/image\\\/\"},\"sameAs\":[\"https:\\\/\\\/www.facebook.com\\\/iQuilibrio\\\/\",\"https:\\\/\\\/x.com\\\/iquilibrio\",\"https:\\\/\\\/www.instagram.com\\\/iquilibrio\\\/\",\"https:\\\/\\\/www.linkedin.com\\\/company\\\/iquilibrio\\\/\",\"https:\\\/\\\/br.pinterest.com\\\/iquilibrio1397\\\/\",\"https:\\\/\\\/www.youtube.com\\\/channel\\\/UC175qxd-4Zsi4wzawT5zF2g\"]},{\"@type\":\"Person\",\"@id\":\"https:\\\/\\\/www.iquilibrio.com\\\/blog\\\/#\\\/schema\\\/person\\\/21ae990723c2e5a1170c9a06dacb4d3d\",\"name\":\"Arthur Peroni\",\"image\":{\"@type\":\"ImageObject\",\"inLanguage\":\"pt-BR\",\"@id\":\"https:\\\/\\\/www.iquilibrio.com\\\/blog\\\/wp-content\\\/uploads\\\/2023\\\/04\\\/Arthur-Peroni-150x150.jpg\",\"url\":\"https:\\\/\\\/www.iquilibrio.com\\\/blog\\\/wp-content\\\/uploads\\\/2023\\\/04\\\/Arthur-Peroni-150x150.jpg\",\"contentUrl\":\"https:\\\/\\\/www.iquilibrio.com\\\/blog\\\/wp-content\\\/uploads\\\/2023\\\/04\\\/Arthur-Peroni-150x150.jpg\",\"caption\":\"Arthur Peroni\"},\"description\":\"Arthur Peroni escreve sobre a vida, o universo e tudo mais. Amante da literatura m\u00edstica, e fic\u00e7\u00e3o, descobriu sua carreira de redator gra\u00e7as ao h\u00e1bito de leitura constante sobre fantasia e drama. Nas horas vagas, gosta de cozinhar, ler e ver filmes antigos. J\u00e1 trabalhou com, comunica\u00e7\u00e3o social, massoterapia, terapias hol\u00edsticas e design de interiores. Atualmente trabalha como redator SEO e se entusiasma com tudo o que \u00e9 esot\u00e9rico. Gosta de discutir sobre assuntos complexos e instigantes, e v\u00ea na escrita uma oportunidade de aprender e criar todos os dias, mentalmente e espiritualmente.\",\"url\":\"https:\\\/\\\/www.iquilibrio.com\\\/blog\\\/author\\\/raul-vinicius\\\/\"}]}<\/script>\n<!-- \/ Yoast SEO plugin. -->","yoast_head_json":{"title":"A Energia dos Ciclos Lunares de 17\/10 a 23\/10, por Emylian Kali - iQuilibrio","robots":{"index":"index","follow":"follow","max-snippet":"max-snippet:-1","max-image-preview":"max-image-preview:large","max-video-preview":"max-video-preview:-1"},"canonical":"https:\/\/www.iquilibrio.com\/blog\/ciclo-lunar-semanal\/a-energia-dos-ciclos-lunares-de-17-10-a-23-10-por-emylian-kali\/","og_locale":"pt_BR","og_type":"article","og_title":"A Energia dos Ciclos Lunares de 17\/10 a 23\/10, por Emylian Kali - iQuilibrio","og_description":"For\u00e7a, Equil\u00edbrio e Conex\u00e3o Introspectiva Estimado(a) Leitor(a) os dias 17 e 23 de outubro, marcam uma semana de ciclos lunares que nos convidam a navegar por diferentes paisagens energ\u00e9ticas, come\u00e7ando com a Lua Crescente em \u00c1ries e encerrando com a Lua em C\u00e2ncer. Esses ciclos nos oferecem momentos de impulso, estabilidade, curiosidade e acolhimento emocional. [&hellip;]","og_url":"https:\/\/www.iquilibrio.com\/blog\/ciclo-lunar-semanal\/a-energia-dos-ciclos-lunares-de-17-10-a-23-10-por-emylian-kali\/","og_site_name":"iQuilibrio","article_publisher":"https:\/\/www.facebook.com\/iQuilibrio\/","article_published_time":"2024-10-18T13:19:10+00:00","og_image":[{"width":900,"height":560,"url":"https:\/\/www.iquilibrio.com\/blog\/wp-content\/uploads\/2024\/02\/BLOG-Passagens-lunares-iQui.jpg","type":"image\/jpeg"}],"author":"Arthur Peroni","twitter_card":"summary_large_image","twitter_creator":"@iquilibrio","twitter_site":"@iquilibrio","twitter_misc":{"Escrito por":"Arthur Peroni","Est. tempo de leitura":"7 minutos"},"schema":{"@context":"https:\/\/schema.org","@graph":[{"@type":"Article","@id":"https:\/\/www.iquilibrio.com\/blog\/ciclo-lunar-semanal\/a-energia-dos-ciclos-lunares-de-17-10-a-23-10-por-emylian-kali\/#article","isPartOf":{"@id":"https:\/\/www.iquilibrio.com\/blog\/ciclo-lunar-semanal\/a-energia-dos-ciclos-lunares-de-17-10-a-23-10-por-emylian-kali\/"},"author":{"name":"Arthur Peroni","@id":"https:\/\/www.iquilibrio.com\/blog\/#\/schema\/person\/21ae990723c2e5a1170c9a06dacb4d3d"},"headline":"A Energia dos Ciclos Lunares de 17\/10 a 23\/10, por Emylian Kali","datePublished":"2024-10-18T13:19:10+00:00","mainEntityOfPage":{"@id":"https:\/\/www.iquilibrio.com\/blog\/ciclo-lunar-semanal\/a-energia-dos-ciclos-lunares-de-17-10-a-23-10-por-emylian-kali\/"},"wordCount":1291,"publisher":{"@id":"https:\/\/www.iquilibrio.com\/blog\/#organization"},"image":{"@id":"https:\/\/www.iquilibrio.com\/blog\/ciclo-lunar-semanal\/a-energia-dos-ciclos-lunares-de-17-10-a-23-10-por-emylian-kali\/#primaryimage"},"thumbnailUrl":"https:\/\/www.iquilibrio.com\/blog\/wp-content\/uploads\/2024\/02\/BLOG-Passagens-lunares-iQui.jpg","articleSection":["Ciclo Lunar semanal"],"inLanguage":"pt-BR"},{"@type":"WebPage","@id":"https:\/\/www.iquilibrio.com\/blog\/ciclo-lunar-semanal\/a-energia-dos-ciclos-lunares-de-17-10-a-23-10-por-emylian-kali\/","url":"https:\/\/www.iquilibrio.com\/blog\/ciclo-lunar-semanal\/a-energia-dos-ciclos-lunares-de-17-10-a-23-10-por-emylian-kali\/","name":"A Energia dos Ciclos Lunares de 17\/10 a 23\/10, por Emylian Kali - iQuilibrio","isPartOf":{"@id":"https:\/\/www.iquilibrio.com\/blog\/#website"},"primaryImageOfPage":{"@id":"https:\/\/www.iquilibrio.com\/blog\/ciclo-lunar-semanal\/a-energia-dos-ciclos-lunares-de-17-10-a-23-10-por-emylian-kali\/#primaryimage"},"image":{"@id":"https:\/\/www.iquilibrio.com\/blog\/ciclo-lunar-semanal\/a-energia-dos-ciclos-lunares-de-17-10-a-23-10-por-emylian-kali\/#primaryimage"},"thumbnailUrl":"https:\/\/www.iquilibrio.com\/blog\/wp-content\/uploads\/2024\/02\/BLOG-Passagens-lunares-iQui.jpg","datePublished":"2024-10-18T13:19:10+00:00","breadcrumb":{"@id":"https:\/\/www.iquilibrio.com\/blog\/ciclo-lunar-semanal\/a-energia-dos-ciclos-lunares-de-17-10-a-23-10-por-emylian-kali\/#breadcrumb"},"inLanguage":"pt-BR","potentialAction":[{"@type":"ReadAction","target":["https:\/\/www.iquilibrio.com\/blog\/ciclo-lunar-semanal\/a-energia-dos-ciclos-lunares-de-17-10-a-23-10-por-emylian-kali\/"]}]},{"@type":"ImageObject","inLanguage":"pt-BR","@id":"https:\/\/www.iquilibrio.com\/blog\/ciclo-lunar-semanal\/a-energia-dos-ciclos-lunares-de-17-10-a-23-10-por-emylian-kali\/#primaryimage","url":"https:\/\/www.iquilibrio.com\/blog\/wp-content\/uploads\/2024\/02\/BLOG-Passagens-lunares-iQui.jpg","contentUrl":"https:\/\/www.iquilibrio.com\/blog\/wp-content\/uploads\/2024\/02\/BLOG-Passagens-lunares-iQui.jpg","width":900,"height":560},{"@type":"BreadcrumbList","@id":"https:\/\/www.iquilibrio.com\/blog\/ciclo-lunar-semanal\/a-energia-dos-ciclos-lunares-de-17-10-a-23-10-por-emylian-kali\/#breadcrumb","itemListElement":[{"@type":"ListItem","position":1,"name":"In\u00edcio","item":"https:\/\/www.iquilibrio.com\/blog\/"},{"@type":"ListItem","position":2,"name":"A Energia dos Ciclos Lunares de 17\/10 a 23\/10, por Emylian Kali"}]},{"@type":"WebSite","@id":"https:\/\/www.iquilibrio.com\/blog\/#website","url":"https:\/\/www.iquilibrio.com\/blog\/","name":"iQuilibrio","description":"Blog iQuilibrio","publisher":{"@id":"https:\/\/www.iquilibrio.com\/blog\/#organization"},"potentialAction":[{"@type":"SearchAction","target":{"@type":"EntryPoint","urlTemplate":"https:\/\/www.iquilibrio.com\/blog\/?s={search_term_string}"},"query-input":{"@type":"PropertyValueSpecification","valueRequired":true,"valueName":"search_term_string"}}],"inLanguage":"pt-BR"},{"@type":"Organization","@id":"https:\/\/www.iquilibrio.com\/blog\/#organization","name":"Esoterismo, Misticismo e Tarot Online - iQuilibrio","url":"https:\/\/www.iquilibrio.com\/blog\/","logo":{"@type":"ImageObject","inLanguage":"pt-BR","@id":"https:\/\/www.iquilibrio.com\/blog\/#\/schema\/logo\/image\/","url":"https:\/\/www.iquilibrio.com\/blog\/wp-content\/uploads\/2018\/12\/iquilibrio_lovo_vetor_preto-retina.png","contentUrl":"https:\/\/www.iquilibrio.com\/blog\/wp-content\/uploads\/2018\/12\/iquilibrio_lovo_vetor_preto-retina.png","width":972,"height":180,"caption":"Esoterismo, Misticismo e Tarot Online - iQuilibrio"},"image":{"@id":"https:\/\/www.iquilibrio.com\/blog\/#\/schema\/logo\/image\/"},"sameAs":["https:\/\/www.facebook.com\/iQuilibrio\/","https:\/\/x.com\/iquilibrio","https:\/\/www.instagram.com\/iquilibrio\/","https:\/\/www.linkedin.com\/company\/iquilibrio\/","https:\/\/br.pinterest.com\/iquilibrio1397\/","https:\/\/www.youtube.com\/channel\/UC175qxd-4Zsi4wzawT5zF2g"]},{"@type":"Person","@id":"https:\/\/www.iquilibrio.com\/blog\/#\/schema\/person\/21ae990723c2e5a1170c9a06dacb4d3d","name":"Arthur Peroni","image":{"@type":"ImageObject","inLanguage":"pt-BR","@id":"https:\/\/www.iquilibrio.com\/blog\/wp-content\/uploads\/2023\/04\/Arthur-Peroni-150x150.jpg","url":"https:\/\/www.iquilibrio.com\/blog\/wp-content\/uploads\/2023\/04\/Arthur-Peroni-150x150.jpg","contentUrl":"https:\/\/www.iquilibrio.com\/blog\/wp-content\/uploads\/2023\/04\/Arthur-Peroni-150x150.jpg","caption":"Arthur Peroni"},"description":"Arthur Peroni escreve sobre a vida, o universo e tudo mais. Amante da literatura m\u00edstica, e fic\u00e7\u00e3o, descobriu sua carreira de redator gra\u00e7as ao h\u00e1bito de leitura constante sobre fantasia e drama. Nas horas vagas, gosta de cozinhar, ler e ver filmes antigos. J\u00e1 trabalhou com, comunica\u00e7\u00e3o social, massoterapia, terapias hol\u00edsticas e design de interiores. Atualmente trabalha como redator SEO e se entusiasma com tudo o que \u00e9 esot\u00e9rico. Gosta de discutir sobre assuntos complexos e instigantes, e v\u00ea na escrita uma oportunidade de aprender e criar todos os dias, mentalmente e espiritualmente.","url":"https:\/\/www.iquilibrio.com\/blog\/author\/raul-vinicius\/"}]}},"_links":{"self":[{"href":"https:\/\/www.iquilibrio.com\/blog\/wp-json\/wp\/v2\/posts\/41191","targetHints":{"allow":["GET"]}}],"collection":[{"href":"https:\/\/www.iquilibrio.com\/blog\/wp-json\/wp\/v2\/posts"}],"about":[{"href":"https:\/\/www.iquilibrio.com\/blog\/wp-json\/wp\/v2\/types\/post"}],"author":[{"embeddable":true,"href":"https:\/\/www.iquilibrio.com\/blog\/wp-json\/wp\/v2\/users\/158"}],"replies":[{"embeddable":true,"href":"https:\/\/www.iquilibrio.com\/blog\/wp-json\/wp\/v2\/comments?post=41191"}],"version-history":[{"count":1,"href":"https:\/\/www.iquilibrio.com\/blog\/wp-json\/wp\/v2\/posts\/41191\/revisions"}],"predecessor-version":[{"id":41192,"href":"https:\/\/www.iquilibrio.com\/blog\/wp-json\/wp\/v2\/posts\/41191\/revisions\/41192"}],"wp:featuredmedia":[{"embeddable":true,"href":"https:\/\/www.iquilibrio.com\/blog\/wp-json\/wp\/v2\/media\/40190"}],"wp:attachment":[{"href":"https:\/\/www.iquilibrio.com\/blog\/wp-json\/wp\/v2\/media?parent=41191"}],"wp:term":[{"taxonomy":"category","embeddable":true,"href":"https:\/\/www.iquilibrio.com\/blog\/wp-json\/wp\/v2\/categories?post=41191"},{"taxonomy":"post_tag","embeddable":true,"href":"https:\/\/www.iquilibrio.com\/blog\/wp-json\/wp\/v2\/tags?post=41191"}],"curies":[{"name":"wp","href":"https:\/\/api.w.org\/{rel}","templated":true}]}}