{"id":41163,"date":"2024-10-13T13:00:16","date_gmt":"2024-10-13T16:00:16","guid":{"rendered":"https:\/\/www.iquilibrio.com\/blog\/?p=41163"},"modified":"2024-10-13T13:00:16","modified_gmt":"2024-10-13T16:00:16","slug":"a-energia-dos-ciclos-lunares-de-10-10-a-16-10-por-emylian-kalli","status":"publish","type":"post","link":"https:\/\/www.iquilibrio.com\/blog\/ciclo-lunar-semanal\/a-energia-dos-ciclos-lunares-de-10-10-a-16-10-por-emylian-kalli\/","title":{"rendered":"A Energia dos Ciclos Lunares de 10\/10 a 16\/10, por Emylian Kalli"},"content":{"rendered":"<h2><b>Sentimentos Aflorados e Caminhos Aflorados\u00a0<\/b><\/h2>\n<p><span style=\"font-weight: 400;\">Amado(a) Desbravador(a) Lunar, durante essa semana, voc\u00ea passar\u00e1 por uma verdadeira jornada lunar, indo do pragmatismo ao impulso, passando pela sensibilidade e pela inova\u00e7\u00e3o. Ao se sintonizar com cada fase, lembre-se de que a Lua \u00e9 um reflexo das mar\u00e9s da vida: \u00e0s vezes introspectiva, \u00e0s vezes ativa, mas sempre em movimento.<\/span><\/p>\n<p><span style=\"font-weight: 400;\">A semana de 10\/10 e 16\/10, a Lua nos guia por uma jornada de crescimento e renova\u00e7\u00e3o. A partir do dia 10\/10, com a Lua Crescente em Capric\u00f3rnio, voc\u00ea sentir\u00e1 um chamado para estruturar seus planos e focar na constru\u00e7\u00e3o de algo mais s\u00f3lido em sua vida. A energia capricorniana \u00e9 ideal para tra\u00e7ar metas, revisar projetos e estabelecer um caminho claro para alcan\u00e7ar seus objetivos. Esse \u00e9 o momento de ser pragm\u00e1tico, de plantar suas sementes com inten\u00e7\u00e3o e de cuidar para que elas cres\u00e7am com solidez.<\/span><\/p>\n<p><span style=\"font-weight: 400;\">Os dias 11\/10 e 12\/10, a Lua passa por Aqu\u00e1rio, trazendo um sopro de inova\u00e7\u00e3o e liberdade. Ap\u00f3s o pragmatismo de Capric\u00f3rnio, Aqu\u00e1rio vem para romper com as tradi\u00e7\u00f5es e padr\u00f5es. Esse \u00e9 um per\u00edodo de busca por novas ideias, de se conectar com o coletivo, amigos, ou grupos que compartilhem de seus ideais. A energia aquariana convida voc\u00ea a olhar para o futuro com uma mente aberta, a pensar fora da caixa e a permitir que suas intui\u00e7\u00f5es guiem decis\u00f5es inesperadas.<\/span><\/p>\n<p><span style=\"font-weight: 400;\">De 13\/10 a 14\/10, a Lua entra em Peixes, criando uma atmosfera de sensibilidade e introspec\u00e7\u00e3o. Este \u00e9 o momento de olhar para dentro, de se conectar com suas emo\u00e7\u00f5es mais profundas e de permitir que a intui\u00e7\u00e3o e a espiritualidade conduzam seu caminho. A Lua em Peixes pode trazer sonhos v\u00edvidos, insights intuitivos e a sensa\u00e7\u00e3o de que voc\u00ea est\u00e1 mais em sintonia com o mundo invis\u00edvel. Aproveite esses dias para meditar, descansar e renovar suas energias internas.<\/span><\/p>\n<p><span style=\"font-weight: 400;\">Para os dias 15\/10 e 16\/10, a Lua entra em \u00c1ries, trazendo uma onda de a\u00e7\u00e3o e dinamismo. Depois de dias de reflex\u00e3o e introspec\u00e7\u00e3o, a energia ariana desperta a coragem e a motiva\u00e7\u00e3o para agir. \u00c1ries nos impulsiona a tomar a iniciativa e a buscar novas oportunidades com determina\u00e7\u00e3o e entusiasmo. Aproveite esse impulso para dar o primeiro passo em dire\u00e7\u00e3o \u00e0s suas metas, sem medo de enfrentar os desafios que possam surgir.<\/span><span style=\"font-weight: 400;\"><\/p>\n<p><\/span><\/p>\n<p><b>Energia da Semana<\/b><span style=\"font-weight: 400;\">: A semana ser\u00e1 de energia, disciplina, responsabilidade e foco nos objetivos a longo prazo. \u00c9 o momento ideal para plantar sementes que desejam ver florescer com firmeza e estabilidade.<\/span><\/p>\n<p style=\"text-align: center;\"><span class=\"td_btn td_btn_md td_round_btn\" style=\"background-color: #666699; color: #ffffff;\"><a style=\"background-color: #666699; color: #ffffff;\" href=\"https:\/\/www.iquilibrio.com\/astrologia\/?utm_campaign=blog_conversao&amp;utm_medium=texto_cta&amp;utm_source=blog&amp;utm_content=2024_cat_ciclo-lunar-semanal_art_luas\" target=\"_blank\" rel=\"noopener\">Fa\u00e7a uma leitura personalizada do seu mapa completo!<\/a><\/span><\/p>\n<hr \/>\n<h3><span style=\"font-weight: 400;\">\u00a0<\/span><b>Lua Crescente em Capric\u00f3rnio &#x1f319;&#x2651;(10\/10)<\/b><\/h3>\n<p><b>Energia<\/b><span style=\"font-weight: 400;\">: A semana come\u00e7a com a Lua Crescente em Capric\u00f3rnio, uma fase voltada para o crescimento e consolida\u00e7\u00e3o. O pragmatismo capricorniano te convida a focar no que realmente importa, estabelecendo metas e tra\u00e7ando o caminho com paci\u00eancia e determina\u00e7\u00e3o. Use essa energia para avan\u00e7ar nos seus projetos com responsabilidade e realismo, sem se deixar levar por distra\u00e7\u00f5es.<\/span><\/p>\n<ul>\n<li style=\"font-weight: 400;\" aria-level=\"1\"><b>Dica semanal:<\/b><span style=\"font-weight: 400;\"> Revise suas prioridades e crie uma estrutura s\u00f3lida para alcan\u00e7ar suas metas. N\u00e3o tenha medo de adotar uma abordagem pr\u00e1tica e determinada.<\/span><span style=\"font-weight: 400;\">\n<p><\/span><\/li>\n<li style=\"font-weight: 400;\" aria-level=\"1\"><b>Incenso:<\/b><span style=\"font-weight: 400;\"> Cedro, para fortalecer sua base e trazer clareza nas decis\u00f5es.<\/span><span style=\"font-weight: 400;\">\n<p><\/span><\/li>\n<li style=\"font-weight: 400;\" aria-level=\"1\"><b>Ritual:<\/b><span style=\"font-weight: 400;\"> Em um peda\u00e7o de papel, escreva suas metas de curto e longo prazo. Depois, acenda uma vela branca, simbolizando a luz que guiar\u00e1 seus passos em dire\u00e7\u00e3o a essas realiza\u00e7\u00f5es. Mantenha o papel em um local onde voc\u00ea possa v\u00ea-lo diariamente.<\/span><span style=\"font-weight: 400;\">\n<p><\/span><\/li>\n<li style=\"font-weight: 400;\" aria-level=\"1\"><b>Mantra:<\/b><span style=\"font-weight: 400;\"><span style=\"font-weight: 400;\"> &#8220;Eu sou a for\u00e7a que constr\u00f3i com foco e determina\u00e7\u00e3o. Meu caminho \u00e9 s\u00f3lido, e minhas metas s\u00e3o claras.&#8221;<\/span><\/span><br \/>\n<hr \/>\n<\/li>\n<\/ul>\n<h3><b>Lua em Aqu\u00e1rio &#x1f319;&#x2652;(11\/10 a 12\/10)<\/b><\/h3>\n<p><b>Energia:<\/b><span style=\"font-weight: 400;\"> Nos dias 11 e 12, a Lua entra em Aqu\u00e1rio, trazendo uma mudan\u00e7a no ritmo e incentivando pensamentos mais inovadores e uma conex\u00e3o com o coletivo. Aqui, a energia \u00e9 de liberdade, originalidade e um olhar voltado para o futuro. Use esses dias para explorar novas ideias, conectar-se com grupos e abra\u00e7ar sua singularidade. A energia aquariana \u00e9 refrescante e inovadora, te incentivando a buscar solu\u00e7\u00f5es diferentes e a romper com padr\u00f5es tradicionais. A independ\u00eancia \u00e9 a chave durante essa fase.<\/span><\/p>\n<ul>\n<li style=\"font-weight: 400;\" aria-level=\"1\"><b>Dica semanal:<\/b><span style=\"font-weight: 400;\"> Abra-se para novas perspectivas e n\u00e3o tenha medo de pensar fora da caixa. Este \u00e9 o momento de buscar a originalidade em suas abordagens.<\/span><span style=\"font-weight: 400;\">\n<p><\/span><\/li>\n<li style=\"font-weight: 400;\" aria-level=\"1\"><b>Incenso:<\/b><span style=\"font-weight: 400;\"> Alecrim, para clareza mental e renova\u00e7\u00e3o de ideias.<\/span><span style=\"font-weight: 400;\">\n<p><\/span><\/li>\n<li style=\"font-weight: 400;\" aria-level=\"1\"><b>Ritual:<\/b><span style=\"font-weight: 400;\"> Pratique uma medita\u00e7\u00e3o focada em expans\u00e3o mental. Feche os olhos e visualize uma luz azul ao redor de sua cabe\u00e7a, iluminando sua mente e abrindo-a para novas possibilidades e solu\u00e7\u00f5es.<\/span><span style=\"font-weight: 400;\">\n<p><\/span><\/li>\n<li style=\"font-weight: 400;\" aria-level=\"1\"><b>Mantra:<\/b><span style=\"font-weight: 400;\"><span style=\"font-weight: 400;\"> &#8220;Eu sou livre para explorar novas ideias e abra\u00e7ar minha originalidade com confian\u00e7a.&#8221;<\/span><\/span><br \/>\n<hr \/>\n<\/li>\n<\/ul>\n<h3><b>Lua em Peixes &#x1f319;&#x2653;(13\/10 a 14\/10)<\/b><\/h3>\n<p><b>Energia<\/b><span style=\"font-weight: 400;\">: Quando a Lua passa por Peixes, a energia se torna mais suave e introspectiva. Esse \u00e9 o momento de se conectar com suas emo\u00e7\u00f5es mais profundas, ouvir sua intui\u00e7\u00e3o e dar espa\u00e7o para a espiritualidade. A Lua em Peixes desperta os sonhos, a imagina\u00e7\u00e3o e o desejo de fugir um pouco da realidade cotidiana. A energia de Peixes \u00e9 intuitiva, sens\u00edvel e conectada ao mundo dos sonhos e da espiritualidade. Busque se reconectar com sua alma e permitir que a intui\u00e7\u00e3o guie seus passos.<\/span><\/p>\n<ul>\n<li style=\"font-weight: 400;\" aria-level=\"1\"><b>Dica semanal:<\/b><span style=\"font-weight: 400;\"> D\u00ea um tempo para si mesmo. Medite, reflita e permita-se sentir, sem pressa ou cobran\u00e7as. Aceite o que seu cora\u00e7\u00e3o quer te dizer.<\/span><span style=\"font-weight: 400;\">\n<p><\/span><\/li>\n<li style=\"font-weight: 400;\" aria-level=\"1\"><b>Incenso:<\/b><span style=\"font-weight: 400;\"> Lavanda, para trazer paz, equil\u00edbrio e aumentar a intui\u00e7\u00e3o.<\/span><span style=\"font-weight: 400;\">\n<p><\/span><\/li>\n<li style=\"font-weight: 400;\" aria-level=\"1\"><b>Ritual:<\/b><span style=\"font-weight: 400;\"> Em um ambiente calmo, acenda uma vela roxa e concentre-se em seus sonhos ou desejos mais profundos. Fa\u00e7a uma anota\u00e7\u00e3o desses sentimentos ou mensagens que surgirem durante esse processo.<\/span><span style=\"font-weight: 400;\">\n<p><\/span><\/li>\n<li style=\"font-weight: 400;\" aria-level=\"1\"><b>Mantra:<\/b><span style=\"font-weight: 400;\"><span style=\"font-weight: 400;\"> &#8220;Eu confio na minha intui\u00e7\u00e3o e permito que ela me guie em cada passo do caminho.&#8221;<\/span><\/span><br \/>\n<hr \/>\n<\/li>\n<\/ul>\n<h3><b>Lua em \u00c1ries &#x1f319;&#x2648;(15\/10 a 16\/10)<\/b><\/h3>\n<p><b>Energia<\/b><span style=\"font-weight: 400;\">: Finalmente, a semana encerra com a Lua passando por \u00c1ries, trazendo uma energia de a\u00e7\u00e3o, dinamismo e coragem. A Lua em \u00c1ries \u00e9 impulsiva, cheia de entusiasmo e te encoraja a dar aquele primeiro passo em dire\u00e7\u00e3o \u00e0s suas metas, agora n\u00e3o \u00e9 hora de hesitar, mas sim de agir com confian\u00e7a e determina\u00e7\u00e3o. A energia ariana \u00e9 de iniciativa e coragem. Ela te encoraja a ser proativo, enfrentar desafios de frente e abra\u00e7ar novas oportunidades com ousadia.<\/span><\/p>\n<ul>\n<li style=\"font-weight: 400;\" aria-level=\"1\"><b>Dica semanal:<\/b><span style=\"font-weight: 400;\"> Aproveite essa fase para come\u00e7ar algo novo ou para dar andamento \u00e0queles planos que estavam parados. Aja sem medo, com o cora\u00e7\u00e3o cheio de coragem.<\/span><span style=\"font-weight: 400;\">\n<p><\/span><\/li>\n<li style=\"font-weight: 400;\" aria-level=\"1\"><b>Incenso:<\/b><span style=\"font-weight: 400;\"> Canela, para ativar o entusiasmo e o poder de a\u00e7\u00e3o.<\/span><span style=\"font-weight: 400;\">\n<p><\/span><\/li>\n<li style=\"font-weight: 400;\" aria-level=\"1\"><b>Ritual:<\/b><span style=\"font-weight: 400;\"> Escreva em um papel uma a\u00e7\u00e3o que voc\u00ea deseja tomar, mas que tem adiado por medo ou inseguran\u00e7a. Em seguida, queime esse papel, simbolizando a transforma\u00e7\u00e3o do medo em coragem e energia para seguir adiante.<\/span><span style=\"font-weight: 400;\">\n<p><\/span><\/li>\n<li style=\"font-weight: 400;\" aria-level=\"1\"><b>Mantra:<\/b><span style=\"font-weight: 400;\"><span style=\"font-weight: 400;\"> &#8220;Eu sou a for\u00e7a que transforma ideias em a\u00e7\u00e3o. A coragem me impulsiona para frente, e eu abra\u00e7o as oportunidades com confian\u00e7a.&#8221;<\/span><\/span><br \/>\n<hr \/>\n<p><img loading=\"lazy\" decoding=\"async\" class=\" wp-image-40193 alignleft\" src=\"https:\/\/www.iquilibrio.com\/blog\/wp-content\/uploads\/2024\/02\/Emylian-Kali-Astrocentro.png\" alt=\"\" width=\"276\" height=\"279\" srcset=\"https:\/\/www.iquilibrio.com\/blog\/wp-content\/uploads\/2024\/02\/Emylian-Kali-Astrocentro.png 334w, https:\/\/www.iquilibrio.com\/blog\/wp-content\/uploads\/2024\/02\/Emylian-Kali-Astrocentro-296x300.png 296w\" sizes=\"auto, (max-width: 276px) 100vw, 276px\" \/>Como oraculista profissional e bruxo, Emylian trabalha com diversas formas de energia e espiritualidade, fornecendo orienta\u00e7\u00e3o e aconselhamento em \u00e1reas como relacionamentos, carreira, finan\u00e7as, sa\u00fade e muito mais.<\/p>\n<p>A jornada espiritual de Emylian come\u00e7ou na inf\u00e2ncia, aos 5 anos de idade, quando teve seu primeiro contato visual com o mundo espiritual.<\/p>\n<p>Desde ent\u00e3o, ele vem aprimorando sua mediunidade e explorando v\u00e1rias \u00e1reas da espiritualidade Como intuitivo, Emylian possui uma sensibilidade agu\u00e7ada para captar as energias e vibra\u00e7\u00f5es dos or\u00e1culos, bem como interpretar suas mensagens.<\/p>\n<p>Ele utiliza sua mediunidade para ajudar as pessoas a encontrar respostas e solu\u00e7\u00f5es para seus desafios pessoais.<\/p>\n<p><span style=\"font-weight: 400;\"><\/p>\n<p><\/span><\/li>\n<\/ul>\n<p>&nbsp;<\/p>\n\n\n<div class=\"kk-star-ratings kksr-auto kksr-align-left kksr-valign-bottom\"\n    data-payload='{&quot;align&quot;:&quot;left&quot;,&quot;id&quot;:&quot;41163&quot;,&quot;slug&quot;:&quot;default&quot;,&quot;valign&quot;:&quot;bottom&quot;,&quot;ignore&quot;:&quot;&quot;,&quot;reference&quot;:&quot;auto&quot;,&quot;class&quot;:&quot;&quot;,&quot;count&quot;:&quot;0&quot;,&quot;legendonly&quot;:&quot;&quot;,&quot;readonly&quot;:&quot;&quot;,&quot;score&quot;:&quot;0&quot;,&quot;starsonly&quot;:&quot;&quot;,&quot;best&quot;:&quot;5&quot;,&quot;gap&quot;:&quot;5&quot;,&quot;greet&quot;:&quot;Rate this post&quot;,&quot;legend&quot;:&quot;0\\\/5 - (0 voto)&quot;,&quot;size&quot;:&quot;24&quot;,&quot;title&quot;:&quot;A Energia dos Ciclos Lunares de 10\\\/10 a 16\\\/10, por Emylian Kalli&quot;,&quot;width&quot;:&quot;0&quot;,&quot;_legend&quot;:&quot;{score}\\\/{best} - ({count} {votes})&quot;,&quot;font_factor&quot;:&quot;1.25&quot;}'>\n            \n<div class=\"kksr-stars\">\n    \n<div class=\"kksr-stars-inactive\">\n            <div class=\"kksr-star\" data-star=\"1\" style=\"padding-right: 5px\">\n            \n\n<div class=\"kksr-icon\" style=\"width: 24px; height: 24px;\"><\/div>\n        <\/div>\n            <div class=\"kksr-star\" data-star=\"2\" style=\"padding-right: 5px\">\n            \n\n<div class=\"kksr-icon\" style=\"width: 24px; height: 24px;\"><\/div>\n        <\/div>\n            <div class=\"kksr-star\" data-star=\"3\" style=\"padding-right: 5px\">\n            \n\n<div class=\"kksr-icon\" style=\"width: 24px; height: 24px;\"><\/div>\n        <\/div>\n            <div class=\"kksr-star\" data-star=\"4\" style=\"padding-right: 5px\">\n            \n\n<div class=\"kksr-icon\" style=\"width: 24px; height: 24px;\"><\/div>\n        <\/div>\n            <div class=\"kksr-star\" data-star=\"5\" style=\"padding-right: 5px\">\n            \n\n<div class=\"kksr-icon\" style=\"width: 24px; height: 24px;\"><\/div>\n        <\/div>\n    <\/div>\n    \n<div class=\"kksr-stars-active\" style=\"width: 0px;\">\n            <div class=\"kksr-star\" style=\"padding-right: 5px\">\n            \n\n<div class=\"kksr-icon\" style=\"width: 24px; height: 24px;\"><\/div>\n        <\/div>\n            <div class=\"kksr-star\" style=\"padding-right: 5px\">\n            \n\n<div class=\"kksr-icon\" style=\"width: 24px; height: 24px;\"><\/div>\n        <\/div>\n            <div class=\"kksr-star\" style=\"padding-right: 5px\">\n            \n\n<div class=\"kksr-icon\" style=\"width: 24px; height: 24px;\"><\/div>\n        <\/div>\n            <div class=\"kksr-star\" style=\"padding-right: 5px\">\n            \n\n<div class=\"kksr-icon\" style=\"width: 24px; height: 24px;\"><\/div>\n        <\/div>\n            <div class=\"kksr-star\" style=\"padding-right: 5px\">\n            \n\n<div class=\"kksr-icon\" style=\"width: 24px; height: 24px;\"><\/div>\n        <\/div>\n    <\/div>\n<\/div>\n                \n\n<div class=\"kksr-legend\" style=\"font-size: 19.2px;\">\n            <span class=\"kksr-muted\">Rate this post<\/span>\n    <\/div>\n    <\/div>\n","protected":false},"excerpt":{"rendered":"<p>Sentimentos Aflorados e Caminhos Aflorados\u00a0 Amado(a) Desbravador(a) Lunar, durante essa semana, voc\u00ea passar\u00e1 por uma verdadeira jornada lunar, indo do pragmatismo ao impulso, passando pela sensibilidade e pela inova\u00e7\u00e3o. Ao se sintonizar com cada fase, lembre-se de que a Lua \u00e9 um reflexo das mar\u00e9s da vida: \u00e0s vezes introspectiva, \u00e0s vezes ativa, mas sempre [&hellip;]<\/p>\n","protected":false},"author":158,"featured_media":40190,"comment_status":"closed","ping_status":"closed","sticky":false,"template":"","format":"standard","meta":{"footnotes":""},"categories":[4893],"tags":[],"class_list":["post-41163","post","type-post","status-publish","format-standard","has-post-thumbnail","hentry","category-ciclo-lunar-semanal"],"yoast_head":"<!-- This site is optimized with the Yoast SEO plugin v27.4 - https:\/\/yoast.com\/product\/yoast-seo-wordpress\/ -->\n<title>A Energia dos Ciclos Lunares de 10\/10 a 16\/10, por Emylian Kalli - iQuilibrio<\/title>\n<meta name=\"robots\" content=\"index, follow, max-snippet:-1, max-image-preview:large, max-video-preview:-1\" \/>\n<link rel=\"canonical\" href=\"https:\/\/www.iquilibrio.com\/blog\/ciclo-lunar-semanal\/a-energia-dos-ciclos-lunares-de-10-10-a-16-10-por-emylian-kalli\/\" \/>\n<meta property=\"og:locale\" content=\"pt_BR\" \/>\n<meta property=\"og:type\" content=\"article\" \/>\n<meta property=\"og:title\" content=\"A Energia dos Ciclos Lunares de 10\/10 a 16\/10, por Emylian Kalli - iQuilibrio\" \/>\n<meta property=\"og:description\" content=\"Sentimentos Aflorados e Caminhos Aflorados\u00a0 Amado(a) Desbravador(a) Lunar, durante essa semana, voc\u00ea passar\u00e1 por uma verdadeira jornada lunar, indo do pragmatismo ao impulso, passando pela sensibilidade e pela inova\u00e7\u00e3o. Ao se sintonizar com cada fase, lembre-se de que a Lua \u00e9 um reflexo das mar\u00e9s da vida: \u00e0s vezes introspectiva, \u00e0s vezes ativa, mas sempre [&hellip;]\" \/>\n<meta property=\"og:url\" content=\"https:\/\/www.iquilibrio.com\/blog\/ciclo-lunar-semanal\/a-energia-dos-ciclos-lunares-de-10-10-a-16-10-por-emylian-kalli\/\" \/>\n<meta property=\"og:site_name\" content=\"iQuilibrio\" \/>\n<meta property=\"article:publisher\" content=\"https:\/\/www.facebook.com\/iQuilibrio\/\" \/>\n<meta property=\"article:published_time\" content=\"2024-10-13T16:00:16+00:00\" \/>\n<meta property=\"og:image\" content=\"https:\/\/www.iquilibrio.com\/blog\/wp-content\/uploads\/2024\/02\/BLOG-Passagens-lunares-iQui.jpg\" \/>\n\t<meta property=\"og:image:width\" content=\"900\" \/>\n\t<meta property=\"og:image:height\" content=\"560\" \/>\n\t<meta property=\"og:image:type\" content=\"image\/jpeg\" \/>\n<meta name=\"author\" content=\"Arthur Peroni\" \/>\n<meta name=\"twitter:card\" content=\"summary_large_image\" \/>\n<meta name=\"twitter:creator\" content=\"@iquilibrio\" \/>\n<meta name=\"twitter:site\" content=\"@iquilibrio\" \/>\n<meta name=\"twitter:label1\" content=\"Escrito por\" \/>\n\t<meta name=\"twitter:data1\" content=\"Arthur Peroni\" \/>\n\t<meta name=\"twitter:label2\" content=\"Est. tempo de leitura\" \/>\n\t<meta name=\"twitter:data2\" content=\"8 minutos\" \/>\n<script type=\"application\/ld+json\" class=\"yoast-schema-graph\">{\"@context\":\"https:\\\/\\\/schema.org\",\"@graph\":[{\"@type\":\"Article\",\"@id\":\"https:\\\/\\\/www.iquilibrio.com\\\/blog\\\/ciclo-lunar-semanal\\\/a-energia-dos-ciclos-lunares-de-10-10-a-16-10-por-emylian-kalli\\\/#article\",\"isPartOf\":{\"@id\":\"https:\\\/\\\/www.iquilibrio.com\\\/blog\\\/ciclo-lunar-semanal\\\/a-energia-dos-ciclos-lunares-de-10-10-a-16-10-por-emylian-kalli\\\/\"},\"author\":{\"name\":\"Arthur Peroni\",\"@id\":\"https:\\\/\\\/www.iquilibrio.com\\\/blog\\\/#\\\/schema\\\/person\\\/21ae990723c2e5a1170c9a06dacb4d3d\"},\"headline\":\"A Energia dos Ciclos Lunares de 10\\\/10 a 16\\\/10, por Emylian Kalli\",\"datePublished\":\"2024-10-13T16:00:16+00:00\",\"mainEntityOfPage\":{\"@id\":\"https:\\\/\\\/www.iquilibrio.com\\\/blog\\\/ciclo-lunar-semanal\\\/a-energia-dos-ciclos-lunares-de-10-10-a-16-10-por-emylian-kalli\\\/\"},\"wordCount\":1306,\"publisher\":{\"@id\":\"https:\\\/\\\/www.iquilibrio.com\\\/blog\\\/#organization\"},\"image\":{\"@id\":\"https:\\\/\\\/www.iquilibrio.com\\\/blog\\\/ciclo-lunar-semanal\\\/a-energia-dos-ciclos-lunares-de-10-10-a-16-10-por-emylian-kalli\\\/#primaryimage\"},\"thumbnailUrl\":\"https:\\\/\\\/www.iquilibrio.com\\\/blog\\\/wp-content\\\/uploads\\\/2024\\\/02\\\/BLOG-Passagens-lunares-iQui.jpg\",\"articleSection\":[\"Ciclo Lunar semanal\"],\"inLanguage\":\"pt-BR\"},{\"@type\":\"WebPage\",\"@id\":\"https:\\\/\\\/www.iquilibrio.com\\\/blog\\\/ciclo-lunar-semanal\\\/a-energia-dos-ciclos-lunares-de-10-10-a-16-10-por-emylian-kalli\\\/\",\"url\":\"https:\\\/\\\/www.iquilibrio.com\\\/blog\\\/ciclo-lunar-semanal\\\/a-energia-dos-ciclos-lunares-de-10-10-a-16-10-por-emylian-kalli\\\/\",\"name\":\"A Energia dos Ciclos Lunares de 10\\\/10 a 16\\\/10, por Emylian Kalli - iQuilibrio\",\"isPartOf\":{\"@id\":\"https:\\\/\\\/www.iquilibrio.com\\\/blog\\\/#website\"},\"primaryImageOfPage\":{\"@id\":\"https:\\\/\\\/www.iquilibrio.com\\\/blog\\\/ciclo-lunar-semanal\\\/a-energia-dos-ciclos-lunares-de-10-10-a-16-10-por-emylian-kalli\\\/#primaryimage\"},\"image\":{\"@id\":\"https:\\\/\\\/www.iquilibrio.com\\\/blog\\\/ciclo-lunar-semanal\\\/a-energia-dos-ciclos-lunares-de-10-10-a-16-10-por-emylian-kalli\\\/#primaryimage\"},\"thumbnailUrl\":\"https:\\\/\\\/www.iquilibrio.com\\\/blog\\\/wp-content\\\/uploads\\\/2024\\\/02\\\/BLOG-Passagens-lunares-iQui.jpg\",\"datePublished\":\"2024-10-13T16:00:16+00:00\",\"breadcrumb\":{\"@id\":\"https:\\\/\\\/www.iquilibrio.com\\\/blog\\\/ciclo-lunar-semanal\\\/a-energia-dos-ciclos-lunares-de-10-10-a-16-10-por-emylian-kalli\\\/#breadcrumb\"},\"inLanguage\":\"pt-BR\",\"potentialAction\":[{\"@type\":\"ReadAction\",\"target\":[\"https:\\\/\\\/www.iquilibrio.com\\\/blog\\\/ciclo-lunar-semanal\\\/a-energia-dos-ciclos-lunares-de-10-10-a-16-10-por-emylian-kalli\\\/\"]}]},{\"@type\":\"ImageObject\",\"inLanguage\":\"pt-BR\",\"@id\":\"https:\\\/\\\/www.iquilibrio.com\\\/blog\\\/ciclo-lunar-semanal\\\/a-energia-dos-ciclos-lunares-de-10-10-a-16-10-por-emylian-kalli\\\/#primaryimage\",\"url\":\"https:\\\/\\\/www.iquilibrio.com\\\/blog\\\/wp-content\\\/uploads\\\/2024\\\/02\\\/BLOG-Passagens-lunares-iQui.jpg\",\"contentUrl\":\"https:\\\/\\\/www.iquilibrio.com\\\/blog\\\/wp-content\\\/uploads\\\/2024\\\/02\\\/BLOG-Passagens-lunares-iQui.jpg\",\"width\":900,\"height\":560},{\"@type\":\"BreadcrumbList\",\"@id\":\"https:\\\/\\\/www.iquilibrio.com\\\/blog\\\/ciclo-lunar-semanal\\\/a-energia-dos-ciclos-lunares-de-10-10-a-16-10-por-emylian-kalli\\\/#breadcrumb\",\"itemListElement\":[{\"@type\":\"ListItem\",\"position\":1,\"name\":\"In\u00edcio\",\"item\":\"https:\\\/\\\/www.iquilibrio.com\\\/blog\\\/\"},{\"@type\":\"ListItem\",\"position\":2,\"name\":\"A Energia dos Ciclos Lunares de 10\\\/10 a 16\\\/10, por Emylian Kalli\"}]},{\"@type\":\"WebSite\",\"@id\":\"https:\\\/\\\/www.iquilibrio.com\\\/blog\\\/#website\",\"url\":\"https:\\\/\\\/www.iquilibrio.com\\\/blog\\\/\",\"name\":\"iQuilibrio\",\"description\":\"Blog iQuilibrio\",\"publisher\":{\"@id\":\"https:\\\/\\\/www.iquilibrio.com\\\/blog\\\/#organization\"},\"potentialAction\":[{\"@type\":\"SearchAction\",\"target\":{\"@type\":\"EntryPoint\",\"urlTemplate\":\"https:\\\/\\\/www.iquilibrio.com\\\/blog\\\/?s={search_term_string}\"},\"query-input\":{\"@type\":\"PropertyValueSpecification\",\"valueRequired\":true,\"valueName\":\"search_term_string\"}}],\"inLanguage\":\"pt-BR\"},{\"@type\":\"Organization\",\"@id\":\"https:\\\/\\\/www.iquilibrio.com\\\/blog\\\/#organization\",\"name\":\"Esoterismo, Misticismo e Tarot Online - iQuilibrio\",\"url\":\"https:\\\/\\\/www.iquilibrio.com\\\/blog\\\/\",\"logo\":{\"@type\":\"ImageObject\",\"inLanguage\":\"pt-BR\",\"@id\":\"https:\\\/\\\/www.iquilibrio.com\\\/blog\\\/#\\\/schema\\\/logo\\\/image\\\/\",\"url\":\"https:\\\/\\\/www.iquilibrio.com\\\/blog\\\/wp-content\\\/uploads\\\/2018\\\/12\\\/iquilibrio_lovo_vetor_preto-retina.png\",\"contentUrl\":\"https:\\\/\\\/www.iquilibrio.com\\\/blog\\\/wp-content\\\/uploads\\\/2018\\\/12\\\/iquilibrio_lovo_vetor_preto-retina.png\",\"width\":972,\"height\":180,\"caption\":\"Esoterismo, Misticismo e Tarot Online - iQuilibrio\"},\"image\":{\"@id\":\"https:\\\/\\\/www.iquilibrio.com\\\/blog\\\/#\\\/schema\\\/logo\\\/image\\\/\"},\"sameAs\":[\"https:\\\/\\\/www.facebook.com\\\/iQuilibrio\\\/\",\"https:\\\/\\\/x.com\\\/iquilibrio\",\"https:\\\/\\\/www.instagram.com\\\/iquilibrio\\\/\",\"https:\\\/\\\/www.linkedin.com\\\/company\\\/iquilibrio\\\/\",\"https:\\\/\\\/br.pinterest.com\\\/iquilibrio1397\\\/\",\"https:\\\/\\\/www.youtube.com\\\/channel\\\/UC175qxd-4Zsi4wzawT5zF2g\"]},{\"@type\":\"Person\",\"@id\":\"https:\\\/\\\/www.iquilibrio.com\\\/blog\\\/#\\\/schema\\\/person\\\/21ae990723c2e5a1170c9a06dacb4d3d\",\"name\":\"Arthur Peroni\",\"image\":{\"@type\":\"ImageObject\",\"inLanguage\":\"pt-BR\",\"@id\":\"https:\\\/\\\/www.iquilibrio.com\\\/blog\\\/wp-content\\\/uploads\\\/2023\\\/04\\\/Arthur-Peroni-150x150.jpg\",\"url\":\"https:\\\/\\\/www.iquilibrio.com\\\/blog\\\/wp-content\\\/uploads\\\/2023\\\/04\\\/Arthur-Peroni-150x150.jpg\",\"contentUrl\":\"https:\\\/\\\/www.iquilibrio.com\\\/blog\\\/wp-content\\\/uploads\\\/2023\\\/04\\\/Arthur-Peroni-150x150.jpg\",\"caption\":\"Arthur Peroni\"},\"description\":\"Arthur Peroni escreve sobre a vida, o universo e tudo mais. Amante da literatura m\u00edstica, e fic\u00e7\u00e3o, descobriu sua carreira de redator gra\u00e7as ao h\u00e1bito de leitura constante sobre fantasia e drama. Nas horas vagas, gosta de cozinhar, ler e ver filmes antigos. J\u00e1 trabalhou com, comunica\u00e7\u00e3o social, massoterapia, terapias hol\u00edsticas e design de interiores. Atualmente trabalha como redator SEO e se entusiasma com tudo o que \u00e9 esot\u00e9rico. Gosta de discutir sobre assuntos complexos e instigantes, e v\u00ea na escrita uma oportunidade de aprender e criar todos os dias, mentalmente e espiritualmente.\",\"url\":\"https:\\\/\\\/www.iquilibrio.com\\\/blog\\\/author\\\/raul-vinicius\\\/\"}]}<\/script>\n<!-- \/ Yoast SEO plugin. -->","yoast_head_json":{"title":"A Energia dos Ciclos Lunares de 10\/10 a 16\/10, por Emylian Kalli - iQuilibrio","robots":{"index":"index","follow":"follow","max-snippet":"max-snippet:-1","max-image-preview":"max-image-preview:large","max-video-preview":"max-video-preview:-1"},"canonical":"https:\/\/www.iquilibrio.com\/blog\/ciclo-lunar-semanal\/a-energia-dos-ciclos-lunares-de-10-10-a-16-10-por-emylian-kalli\/","og_locale":"pt_BR","og_type":"article","og_title":"A Energia dos Ciclos Lunares de 10\/10 a 16\/10, por Emylian Kalli - iQuilibrio","og_description":"Sentimentos Aflorados e Caminhos Aflorados\u00a0 Amado(a) Desbravador(a) Lunar, durante essa semana, voc\u00ea passar\u00e1 por uma verdadeira jornada lunar, indo do pragmatismo ao impulso, passando pela sensibilidade e pela inova\u00e7\u00e3o. Ao se sintonizar com cada fase, lembre-se de que a Lua \u00e9 um reflexo das mar\u00e9s da vida: \u00e0s vezes introspectiva, \u00e0s vezes ativa, mas sempre [&hellip;]","og_url":"https:\/\/www.iquilibrio.com\/blog\/ciclo-lunar-semanal\/a-energia-dos-ciclos-lunares-de-10-10-a-16-10-por-emylian-kalli\/","og_site_name":"iQuilibrio","article_publisher":"https:\/\/www.facebook.com\/iQuilibrio\/","article_published_time":"2024-10-13T16:00:16+00:00","og_image":[{"width":900,"height":560,"url":"https:\/\/www.iquilibrio.com\/blog\/wp-content\/uploads\/2024\/02\/BLOG-Passagens-lunares-iQui.jpg","type":"image\/jpeg"}],"author":"Arthur Peroni","twitter_card":"summary_large_image","twitter_creator":"@iquilibrio","twitter_site":"@iquilibrio","twitter_misc":{"Escrito por":"Arthur Peroni","Est. tempo de leitura":"8 minutos"},"schema":{"@context":"https:\/\/schema.org","@graph":[{"@type":"Article","@id":"https:\/\/www.iquilibrio.com\/blog\/ciclo-lunar-semanal\/a-energia-dos-ciclos-lunares-de-10-10-a-16-10-por-emylian-kalli\/#article","isPartOf":{"@id":"https:\/\/www.iquilibrio.com\/blog\/ciclo-lunar-semanal\/a-energia-dos-ciclos-lunares-de-10-10-a-16-10-por-emylian-kalli\/"},"author":{"name":"Arthur Peroni","@id":"https:\/\/www.iquilibrio.com\/blog\/#\/schema\/person\/21ae990723c2e5a1170c9a06dacb4d3d"},"headline":"A Energia dos Ciclos Lunares de 10\/10 a 16\/10, por Emylian Kalli","datePublished":"2024-10-13T16:00:16+00:00","mainEntityOfPage":{"@id":"https:\/\/www.iquilibrio.com\/blog\/ciclo-lunar-semanal\/a-energia-dos-ciclos-lunares-de-10-10-a-16-10-por-emylian-kalli\/"},"wordCount":1306,"publisher":{"@id":"https:\/\/www.iquilibrio.com\/blog\/#organization"},"image":{"@id":"https:\/\/www.iquilibrio.com\/blog\/ciclo-lunar-semanal\/a-energia-dos-ciclos-lunares-de-10-10-a-16-10-por-emylian-kalli\/#primaryimage"},"thumbnailUrl":"https:\/\/www.iquilibrio.com\/blog\/wp-content\/uploads\/2024\/02\/BLOG-Passagens-lunares-iQui.jpg","articleSection":["Ciclo Lunar semanal"],"inLanguage":"pt-BR"},{"@type":"WebPage","@id":"https:\/\/www.iquilibrio.com\/blog\/ciclo-lunar-semanal\/a-energia-dos-ciclos-lunares-de-10-10-a-16-10-por-emylian-kalli\/","url":"https:\/\/www.iquilibrio.com\/blog\/ciclo-lunar-semanal\/a-energia-dos-ciclos-lunares-de-10-10-a-16-10-por-emylian-kalli\/","name":"A Energia dos Ciclos Lunares de 10\/10 a 16\/10, por Emylian Kalli - iQuilibrio","isPartOf":{"@id":"https:\/\/www.iquilibrio.com\/blog\/#website"},"primaryImageOfPage":{"@id":"https:\/\/www.iquilibrio.com\/blog\/ciclo-lunar-semanal\/a-energia-dos-ciclos-lunares-de-10-10-a-16-10-por-emylian-kalli\/#primaryimage"},"image":{"@id":"https:\/\/www.iquilibrio.com\/blog\/ciclo-lunar-semanal\/a-energia-dos-ciclos-lunares-de-10-10-a-16-10-por-emylian-kalli\/#primaryimage"},"thumbnailUrl":"https:\/\/www.iquilibrio.com\/blog\/wp-content\/uploads\/2024\/02\/BLOG-Passagens-lunares-iQui.jpg","datePublished":"2024-10-13T16:00:16+00:00","breadcrumb":{"@id":"https:\/\/www.iquilibrio.com\/blog\/ciclo-lunar-semanal\/a-energia-dos-ciclos-lunares-de-10-10-a-16-10-por-emylian-kalli\/#breadcrumb"},"inLanguage":"pt-BR","potentialAction":[{"@type":"ReadAction","target":["https:\/\/www.iquilibrio.com\/blog\/ciclo-lunar-semanal\/a-energia-dos-ciclos-lunares-de-10-10-a-16-10-por-emylian-kalli\/"]}]},{"@type":"ImageObject","inLanguage":"pt-BR","@id":"https:\/\/www.iquilibrio.com\/blog\/ciclo-lunar-semanal\/a-energia-dos-ciclos-lunares-de-10-10-a-16-10-por-emylian-kalli\/#primaryimage","url":"https:\/\/www.iquilibrio.com\/blog\/wp-content\/uploads\/2024\/02\/BLOG-Passagens-lunares-iQui.jpg","contentUrl":"https:\/\/www.iquilibrio.com\/blog\/wp-content\/uploads\/2024\/02\/BLOG-Passagens-lunares-iQui.jpg","width":900,"height":560},{"@type":"BreadcrumbList","@id":"https:\/\/www.iquilibrio.com\/blog\/ciclo-lunar-semanal\/a-energia-dos-ciclos-lunares-de-10-10-a-16-10-por-emylian-kalli\/#breadcrumb","itemListElement":[{"@type":"ListItem","position":1,"name":"In\u00edcio","item":"https:\/\/www.iquilibrio.com\/blog\/"},{"@type":"ListItem","position":2,"name":"A Energia dos Ciclos Lunares de 10\/10 a 16\/10, por Emylian Kalli"}]},{"@type":"WebSite","@id":"https:\/\/www.iquilibrio.com\/blog\/#website","url":"https:\/\/www.iquilibrio.com\/blog\/","name":"iQuilibrio","description":"Blog iQuilibrio","publisher":{"@id":"https:\/\/www.iquilibrio.com\/blog\/#organization"},"potentialAction":[{"@type":"SearchAction","target":{"@type":"EntryPoint","urlTemplate":"https:\/\/www.iquilibrio.com\/blog\/?s={search_term_string}"},"query-input":{"@type":"PropertyValueSpecification","valueRequired":true,"valueName":"search_term_string"}}],"inLanguage":"pt-BR"},{"@type":"Organization","@id":"https:\/\/www.iquilibrio.com\/blog\/#organization","name":"Esoterismo, Misticismo e Tarot Online - iQuilibrio","url":"https:\/\/www.iquilibrio.com\/blog\/","logo":{"@type":"ImageObject","inLanguage":"pt-BR","@id":"https:\/\/www.iquilibrio.com\/blog\/#\/schema\/logo\/image\/","url":"https:\/\/www.iquilibrio.com\/blog\/wp-content\/uploads\/2018\/12\/iquilibrio_lovo_vetor_preto-retina.png","contentUrl":"https:\/\/www.iquilibrio.com\/blog\/wp-content\/uploads\/2018\/12\/iquilibrio_lovo_vetor_preto-retina.png","width":972,"height":180,"caption":"Esoterismo, Misticismo e Tarot Online - iQuilibrio"},"image":{"@id":"https:\/\/www.iquilibrio.com\/blog\/#\/schema\/logo\/image\/"},"sameAs":["https:\/\/www.facebook.com\/iQuilibrio\/","https:\/\/x.com\/iquilibrio","https:\/\/www.instagram.com\/iquilibrio\/","https:\/\/www.linkedin.com\/company\/iquilibrio\/","https:\/\/br.pinterest.com\/iquilibrio1397\/","https:\/\/www.youtube.com\/channel\/UC175qxd-4Zsi4wzawT5zF2g"]},{"@type":"Person","@id":"https:\/\/www.iquilibrio.com\/blog\/#\/schema\/person\/21ae990723c2e5a1170c9a06dacb4d3d","name":"Arthur Peroni","image":{"@type":"ImageObject","inLanguage":"pt-BR","@id":"https:\/\/www.iquilibrio.com\/blog\/wp-content\/uploads\/2023\/04\/Arthur-Peroni-150x150.jpg","url":"https:\/\/www.iquilibrio.com\/blog\/wp-content\/uploads\/2023\/04\/Arthur-Peroni-150x150.jpg","contentUrl":"https:\/\/www.iquilibrio.com\/blog\/wp-content\/uploads\/2023\/04\/Arthur-Peroni-150x150.jpg","caption":"Arthur Peroni"},"description":"Arthur Peroni escreve sobre a vida, o universo e tudo mais. Amante da literatura m\u00edstica, e fic\u00e7\u00e3o, descobriu sua carreira de redator gra\u00e7as ao h\u00e1bito de leitura constante sobre fantasia e drama. Nas horas vagas, gosta de cozinhar, ler e ver filmes antigos. J\u00e1 trabalhou com, comunica\u00e7\u00e3o social, massoterapia, terapias hol\u00edsticas e design de interiores. Atualmente trabalha como redator SEO e se entusiasma com tudo o que \u00e9 esot\u00e9rico. Gosta de discutir sobre assuntos complexos e instigantes, e v\u00ea na escrita uma oportunidade de aprender e criar todos os dias, mentalmente e espiritualmente.","url":"https:\/\/www.iquilibrio.com\/blog\/author\/raul-vinicius\/"}]}},"_links":{"self":[{"href":"https:\/\/www.iquilibrio.com\/blog\/wp-json\/wp\/v2\/posts\/41163","targetHints":{"allow":["GET"]}}],"collection":[{"href":"https:\/\/www.iquilibrio.com\/blog\/wp-json\/wp\/v2\/posts"}],"about":[{"href":"https:\/\/www.iquilibrio.com\/blog\/wp-json\/wp\/v2\/types\/post"}],"author":[{"embeddable":true,"href":"https:\/\/www.iquilibrio.com\/blog\/wp-json\/wp\/v2\/users\/158"}],"replies":[{"embeddable":true,"href":"https:\/\/www.iquilibrio.com\/blog\/wp-json\/wp\/v2\/comments?post=41163"}],"version-history":[{"count":1,"href":"https:\/\/www.iquilibrio.com\/blog\/wp-json\/wp\/v2\/posts\/41163\/revisions"}],"predecessor-version":[{"id":41164,"href":"https:\/\/www.iquilibrio.com\/blog\/wp-json\/wp\/v2\/posts\/41163\/revisions\/41164"}],"wp:featuredmedia":[{"embeddable":true,"href":"https:\/\/www.iquilibrio.com\/blog\/wp-json\/wp\/v2\/media\/40190"}],"wp:attachment":[{"href":"https:\/\/www.iquilibrio.com\/blog\/wp-json\/wp\/v2\/media?parent=41163"}],"wp:term":[{"taxonomy":"category","embeddable":true,"href":"https:\/\/www.iquilibrio.com\/blog\/wp-json\/wp\/v2\/categories?post=41163"},{"taxonomy":"post_tag","embeddable":true,"href":"https:\/\/www.iquilibrio.com\/blog\/wp-json\/wp\/v2\/tags?post=41163"}],"curies":[{"name":"wp","href":"https:\/\/api.w.org\/{rel}","templated":true}]}}