{"id":41128,"date":"2024-10-03T11:44:50","date_gmt":"2024-10-03T14:44:50","guid":{"rendered":"https:\/\/www.iquilibrio.com\/blog\/?p=41128"},"modified":"2024-10-03T11:44:50","modified_gmt":"2024-10-03T14:44:50","slug":"a-energia-dos-ciclos-lunares-de-02-10-a-09-10-por-emylain-kali","status":"publish","type":"post","link":"https:\/\/www.iquilibrio.com\/blog\/ciclo-lunar-semanal\/a-energia-dos-ciclos-lunares-de-02-10-a-09-10-por-emylain-kali\/","title":{"rendered":"A Energia dos Ciclos Lunares de 02\/10 a 09\/10, por Emylain Kali"},"content":{"rendered":"<h2><b><\/b><b>Novos Come\u00e7os e Florescer Espiritual<\/b><\/h2>\n<p><span style=\"font-weight: 400;\">Nesta semana amado(a) leitor, o c\u00e9u nos presenteia com uma sequ\u00eancia de ciclos lunares que nos convidam, entre os dias <\/span><b>02\/10 e 09\/10<\/b><span style=\"font-weight: 400;\">, seremos guiados por uma sequ\u00eancia intensa e transformadora dos ciclos lunares. O ponto de partida \u00e9 uma Lua\u00a0<\/span><\/p>\n<p><b>Nova em Libra no dia 02\/10<\/b><span style=\"font-weight: 400;\">, que marca n\u00e3o s\u00f3 um momento de renova\u00e7\u00e3o, mas tamb\u00e9m o \u00faltimo eclipse solar anular do ano. Esse eclipse traz consigo uma energia poderosa de fechamento e novos come\u00e7os, funcionando como um portal que nos convida a redefinir nosso equil\u00edbrio interno e nas rela\u00e7\u00f5es ao nosso redor.<\/span><\/p>\n<p><span style=\"font-weight: 400;\">\u00c9 um per\u00edodo para plantar sementes que v\u00e3o florescer ao longo dos pr\u00f3ximos meses, especialmente em temas de harmonia, justi\u00e7a e beleza.<\/span><\/p>\n<p><b>Com a Lua em Libra at\u00e9 o dia 03\/10<\/b><span style=\"font-weight: 400;\">, o foco estar\u00e1 nas conex\u00f5es e no ajuste das energias entre n\u00f3s e os outros. Sentiremos uma forte necessidade de buscar paz em nossos relacionamentos, reavaliando parcerias e buscando harmonia onde houver desentendimentos.<\/span><\/p>\n<p><span style=\"font-weight: 400;\">No entanto, esse desejo de equil\u00edbrio pode ser testado \u00e0 medida que velhos padr\u00f5es v\u00eam \u00e0 tona com o eclipse, nos desafiando a agir com mais consci\u00eancia e gentileza.<\/span><\/p>\n<p><b>Nos dias 04\/10 e 05\/10<\/b><span style=\"font-weight: 400;\">, a Lua entra em Escorpi\u00e3o, intensificando emo\u00e7\u00f5es e nos levando a mergulhos profundos em nossa psique. Este \u00e9 o momento ideal para nos libertarmos de cargas emocionais pesadas, fazendo um detox energ\u00e9tico e mental. Com a Lua em Escorpi\u00e3o, revela\u00e7\u00f5es podem surgir \u2014 verdades ocultas ou sentimentos reprimidos que exigem ser reconhecidos. O eclipse anterior ainda reverbera, trazendo \u00e0 tona quest\u00f5es que precisam de cura e transforma\u00e7\u00e3o.<\/span><\/p>\n<p><b>Entre 06\/10 e 08\/10<\/b><span style=\"font-weight: 400;\">, a Lua se desloca para Sagit\u00e1rio, proporcionando uma expans\u00e3o mental e espiritual. Aqui, \u00e9 hora de olhar para o futuro com otimismo, de buscar novos horizontes e aventuras que nos conectem a um prop\u00f3sito maior.<\/span><\/p>\n<p><span style=\"font-weight: 400;\">O esp\u00edrito aventureiro de Sagit\u00e1rio nos encoraja a explorar diferentes filosofias, viajar internamente ou externamente, e abrir nossa mente para novas possibilidades. \u00c9 uma fase que pede leveza, por\u00e9m sem perder de vista a sabedoria que adquirimos em momentos de maior introspec\u00e7\u00e3o.<\/span><\/p>\n<p><b>Ao chegar o dia 09\/10<\/b><span style=\"font-weight: 400;\">, a Lua entra em Capric\u00f3rnio, trazendo um chamado para a responsabilidade, estrutura e constru\u00e7\u00e3o de bases s\u00f3lidas. O que aprendemos ao longo da semana agora pede concretiza\u00e7\u00e3o. Capric\u00f3rnio nos ajuda a colocar os p\u00e9s no ch\u00e3o, estruturando nossos sonhos de forma pr\u00e1tica e realista.<\/span><\/p>\n<p><span style=\"font-weight: 400;\">Este \u00e9 o momento de tra\u00e7ar metas claras e trabalhar diligentemente em dire\u00e7\u00e3o aos nossos objetivos, lembrando sempre que as sementes plantadas no in\u00edcio deste ciclo lunar est\u00e3o agora prontas para serem cuidadas com disciplina e determina\u00e7\u00e3o.<\/span><\/p>\n<hr \/>\n<h3><b>Energia da Semana<\/b><\/h3>\n<p><span style=\"font-weight: 400;\">Nesta semana, somos agraciados com um momento poderoso: a Lua Nova em Libra, acompanhada de um eclipse solar anular, trazendo uma energia de renova\u00e7\u00e3o profunda e mudan\u00e7a em nossas vidas. Cada fase lunar ao longo da semana nos convida a refletir sobre equil\u00edbrio, transforma\u00e7\u00e3o e expans\u00e3o. A energia c\u00f3smica est\u00e1 pronta para nos guiar em um novo ciclo de evolu\u00e7\u00e3o.<\/span><\/p>\n<p style=\"text-align: center;\"><span class=\"td_btn td_btn_md td_round_btn\" style=\"background-color: #666699; color: #ffffff;\"><a style=\"background-color: #666699; color: #ffffff;\" href=\"https:\/\/www.iquilibrio.com\/astrologia\/?utm_campaign=blog_conversao&amp;utm_medium=texto_cta&amp;utm_source=blog&amp;utm_content=2024_cat_ciclo-lunar-semanal_art_luas\" target=\"_blank\" rel=\"noopener\">Fa\u00e7a uma leitura personalizada do seu mapa completo!<\/a><\/span><\/p>\n<hr \/>\n<h3><b>Lua Nova em Libra: Eclipse Solar Anular &#x1f311;&#x264e;(02\/10)<\/b><\/h3>\n<p><b>Energia<\/b><span style=\"font-weight: 400;\">: A Lua Nova em Libra traz consigo o desejo por harmonia e equil\u00edbrio nas rela\u00e7\u00f5es. Com o eclipse solar anular, esse evento marca um portal para novas possibilidades, oferecendo a chance de iniciar algo completamente novo, especialmente no que diz respeito \u00e0s conex\u00f5es emocionais e parcerias. Este eclipse \u00e9 um convite para reavaliar o que est\u00e1 desequilibrado e fazer as corre\u00e7\u00f5es necess\u00e1rias.<\/span><\/p>\n<p><b>Dica Semanal<\/b><span style=\"font-weight: 400;\">: Aproveite esse eclipse para revisar suas parcerias, seja no amor ou nos neg\u00f3cios. Pergunte-se: o que precisa ser ajustado? O que est\u00e1 sendo oculto que agora pode vir \u00e0 tona?<\/span><\/p>\n<p><b>Incenso<\/b><span style=\"font-weight: 400;\">: Rosa branca, para harmonizar e promover paz nos relacionamentos.<\/span><\/p>\n<p><b>Ritual<\/b><span style=\"font-weight: 400;\">: Escreva em um papel tr\u00eas inten\u00e7\u00f5es relacionadas a relacionamentos ou ao equil\u00edbrio em sua vida. Coloque o papel sob uma vela branca e deixe-a queimar por completo. Visualize suas inten\u00e7\u00f5es sendo plantadas no universo.<\/span><\/p>\n<p><b>Mantra<\/b><span style=\"font-weight: 400;\">: \u201cEu acolho novos come\u00e7os e equilibro minhas rela\u00e7\u00f5es com sabedoria e amor\u201d<\/span><\/p>\n<hr \/>\n<h3><b>Lua em Escorpi\u00e3o &#x1f311;&#x264f;(04\/10 a 05\/10)<\/b><\/h3>\n<p><b>Energia<\/b><span style=\"font-weight: 400;\">: Com a Lua passando por Escorpi\u00e3o, entramos em um per\u00edodo de intensa emo\u00e7\u00e3o e transforma\u00e7\u00e3o. As \u00e1guas profundas de Escorpi\u00e3o nos convidam a olhar para as sombras, a entender o que precisa ser transmutado e a liberar o que nos impede de evoluir. H\u00e1 uma energia forte de cura e regenera\u00e7\u00e3o.<\/span><\/p>\n<p><b>Dica Semanal<\/b><span style=\"font-weight: 400;\">: Use este momento para trabalhar em algo que precisa ser transformado em sua vida. Pode ser uma velha ferida emocional ou um comportamento que n\u00e3o lhe serve mais. \u00c9 hora de curar e renascer.<\/span><\/p>\n<p><b>Incenso<\/b><span style=\"font-weight: 400;\">: Mirra, para prote\u00e7\u00e3o e purifica\u00e7\u00e3o energ\u00e9tica.<\/span><\/p>\n<p><b>Ritual<\/b><span style=\"font-weight: 400;\">: Realize uma medita\u00e7\u00e3o de libera\u00e7\u00e3o. Sente-se em um lugar tranquilo e visualize uma luz dourada envolvendo seu corpo. Concentre-se nas \u00e1reas da vida onde voc\u00ea sente a necessidade de transforma\u00e7\u00e3o. Visualize esses bloqueios se dissolvendo na luz.<\/span><\/p>\n<p><b>Mantra<\/b><span style=\"font-weight: 400;\">: \u201cEu transcendo minhas sombras e renas\u00e7o com for\u00e7a e clareza.\u201d<\/span><\/p>\n<hr \/>\n<h3><b>Lua em Sagit\u00e1rio &#x1f311;&#x2650;(06\/10 a 08\/10)<\/b><\/h3>\n<p><b>Energia<\/b><span style=\"font-weight: 400;\">: A Lua em Sagit\u00e1rio nos traz um sopro de expans\u00e3o e aventura. Este \u00e9 o momento de abrir sua mente para novas possibilidades, buscar aprendizado e explorar novos horizontes. A energia \u00e9 leve, otimista e cheia de entusiasmo, convidando-nos a olhar al\u00e9m das nossas limita\u00e7\u00f5es e abra\u00e7ar o desconhecido com confian\u00e7a.<\/span><\/p>\n<p><b>Dica Semanal<\/b><span style=\"font-weight: 400;\">: Este \u00e9 um excelente momento para planejar uma viagem, aprender algo novo ou simplesmente sair da sua zona de conforto. Deixe o esp\u00edrito aventureiro de Sagit\u00e1rio guiar suas a\u00e7\u00f5es.<\/span><\/p>\n<p><b>Incenso<\/b><span style=\"font-weight: 400;\">: S\u00e1lvia, para purifica\u00e7\u00e3o e renova\u00e7\u00e3o de energias.<\/span><\/p>\n<p><b>Ritual<\/b><span style=\"font-weight: 400;\">: Escreva em um di\u00e1rio seus maiores sonhos e objetivos. N\u00e3o se limite. Ap\u00f3s isso, visualize-se alcan\u00e7ando esses objetivos e sentindo a satisfa\u00e7\u00e3o de estar em seu caminho de crescimento.<\/span><\/p>\n<p><b>Mantra<\/b><span style=\"font-weight: 400;\">: \u201cEu sou guiado pela minha sabedoria interna e confio no fluxo da vida.\u201d<\/span><\/p>\n<hr \/>\n<h3><b>Lua em Capric\u00f3rnio &#x1f311;&#x2651;(09\/10)<\/b><\/h3>\n<p><b>Energia<\/b><span style=\"font-weight: 400;\">: Com a Lua entrando em Capric\u00f3rnio, a energia muda para um foco mais pr\u00e1tico e determinado. Este \u00e9 um bom momento para colocar os p\u00e9s no ch\u00e3o e organizar sua vida com disciplina e planejamento. Capric\u00f3rnio nos ensina a persistir e a trabalhar com consist\u00eancia para alcan\u00e7ar nossos objetivos de longo prazo.<\/span><\/p>\n<p><b>Dica Semanal<\/b><span style=\"font-weight: 400;\">: Use esse dia para revisar seus planos e metas. Reavalie o que precisa de mais aten\u00e7\u00e3o e foco para que suas ambi\u00e7\u00f5es se concretizem de forma pr\u00e1tica.<\/span><\/p>\n<p><b>Incenso<\/b><span style=\"font-weight: 400;\">: Patchouli, para aterrar e fortalecer a perseveran\u00e7a.<\/span><\/p>\n<p><b>Ritual<\/b><span style=\"font-weight: 400;\">: Em um ambiente tranquilo, acenda uma vela marrom e visualize-se escalando uma montanha, simbolizando os desafios que voc\u00ea est\u00e1 superando. Sinta a for\u00e7a da terra te apoiando em sua jornada de sucesso.<\/span><\/p>\n<p><b>Mantra<\/b><span style=\"font-weight: 400;\">: \u201cEu construo meus sonhos com dedica\u00e7\u00e3o, paci\u00eancia e foco.\u201d<\/span><\/p>\n<hr \/>\n<p><span style=\"font-weight: 400;\"><img loading=\"lazy\" decoding=\"async\" class=\" wp-image-40193 alignleft\" src=\"https:\/\/www.iquilibrio.com\/blog\/wp-content\/uploads\/2024\/02\/Emylian-Kali-Astrocentro.png\" alt=\"\" width=\"294\" height=\"298\" srcset=\"https:\/\/www.iquilibrio.com\/blog\/wp-content\/uploads\/2024\/02\/Emylian-Kali-Astrocentro.png 334w, https:\/\/www.iquilibrio.com\/blog\/wp-content\/uploads\/2024\/02\/Emylian-Kali-Astrocentro-296x300.png 296w\" sizes=\"auto, (max-width: 294px) 100vw, 294px\" \/>Como oraculista profissional e bruxo, Emylian trabalha com diversas formas de energia e espiritualidade, fornecendo orienta\u00e7\u00e3o e aconselhamento em \u00e1reas como relacionamentos, carreira, finan\u00e7as, sa\u00fade e muito mais.<\/span><\/p>\n<p><span style=\"font-weight: 400;\">A jornada espiritual de Emylian come\u00e7ou na inf\u00e2ncia, aos 5 anos de idade, quando teve seu primeiro contato visual com o mundo espiritual.<\/span><\/p>\n<p><span style=\"font-weight: 400;\">Desde ent\u00e3o, ele vem aprimorando sua mediunidade e explorando v\u00e1rias \u00e1reas da espiritualidade Como intuitivo, Emylian possui uma sensibilidade agu\u00e7ada para captar as energias e vibra\u00e7\u00f5es dos or\u00e1culos, bem como interpretar suas mensagens.<\/span><\/p>\n<p><span style=\"font-weight: 400;\">Ele utiliza sua mediunidade para ajudar as pessoas a encontrar respostas e solu\u00e7\u00f5es para seus desafios pessoais.<\/span><\/p>\n<p>&nbsp;<\/p>\n\n\n<div class=\"kk-star-ratings kksr-auto kksr-align-left kksr-valign-bottom\"\n    data-payload='{&quot;align&quot;:&quot;left&quot;,&quot;id&quot;:&quot;41128&quot;,&quot;slug&quot;:&quot;default&quot;,&quot;valign&quot;:&quot;bottom&quot;,&quot;ignore&quot;:&quot;&quot;,&quot;reference&quot;:&quot;auto&quot;,&quot;class&quot;:&quot;&quot;,&quot;count&quot;:&quot;0&quot;,&quot;legendonly&quot;:&quot;&quot;,&quot;readonly&quot;:&quot;&quot;,&quot;score&quot;:&quot;0&quot;,&quot;starsonly&quot;:&quot;&quot;,&quot;best&quot;:&quot;5&quot;,&quot;gap&quot;:&quot;5&quot;,&quot;greet&quot;:&quot;Rate this post&quot;,&quot;legend&quot;:&quot;0\\\/5 - (0 voto)&quot;,&quot;size&quot;:&quot;24&quot;,&quot;title&quot;:&quot;A Energia dos Ciclos Lunares de 02\\\/10 a 09\\\/10, por Emylain Kali&quot;,&quot;width&quot;:&quot;0&quot;,&quot;_legend&quot;:&quot;{score}\\\/{best} - ({count} {votes})&quot;,&quot;font_factor&quot;:&quot;1.25&quot;}'>\n            \n<div class=\"kksr-stars\">\n    \n<div class=\"kksr-stars-inactive\">\n            <div class=\"kksr-star\" data-star=\"1\" style=\"padding-right: 5px\">\n            \n\n<div class=\"kksr-icon\" style=\"width: 24px; height: 24px;\"><\/div>\n        <\/div>\n            <div class=\"kksr-star\" data-star=\"2\" style=\"padding-right: 5px\">\n            \n\n<div class=\"kksr-icon\" style=\"width: 24px; height: 24px;\"><\/div>\n        <\/div>\n            <div class=\"kksr-star\" data-star=\"3\" style=\"padding-right: 5px\">\n            \n\n<div class=\"kksr-icon\" style=\"width: 24px; height: 24px;\"><\/div>\n        <\/div>\n            <div class=\"kksr-star\" data-star=\"4\" style=\"padding-right: 5px\">\n            \n\n<div class=\"kksr-icon\" style=\"width: 24px; height: 24px;\"><\/div>\n        <\/div>\n            <div class=\"kksr-star\" data-star=\"5\" style=\"padding-right: 5px\">\n            \n\n<div class=\"kksr-icon\" style=\"width: 24px; height: 24px;\"><\/div>\n        <\/div>\n    <\/div>\n    \n<div class=\"kksr-stars-active\" style=\"width: 0px;\">\n            <div class=\"kksr-star\" style=\"padding-right: 5px\">\n            \n\n<div class=\"kksr-icon\" style=\"width: 24px; height: 24px;\"><\/div>\n        <\/div>\n            <div class=\"kksr-star\" style=\"padding-right: 5px\">\n            \n\n<div class=\"kksr-icon\" style=\"width: 24px; height: 24px;\"><\/div>\n        <\/div>\n            <div class=\"kksr-star\" style=\"padding-right: 5px\">\n            \n\n<div class=\"kksr-icon\" style=\"width: 24px; height: 24px;\"><\/div>\n        <\/div>\n            <div class=\"kksr-star\" style=\"padding-right: 5px\">\n            \n\n<div class=\"kksr-icon\" style=\"width: 24px; height: 24px;\"><\/div>\n        <\/div>\n            <div class=\"kksr-star\" style=\"padding-right: 5px\">\n            \n\n<div class=\"kksr-icon\" style=\"width: 24px; height: 24px;\"><\/div>\n        <\/div>\n    <\/div>\n<\/div>\n                \n\n<div class=\"kksr-legend\" style=\"font-size: 19.2px;\">\n            <span class=\"kksr-muted\">Rate this post<\/span>\n    <\/div>\n    <\/div>\n","protected":false},"excerpt":{"rendered":"<p>Novos Come\u00e7os e Florescer Espiritual Nesta semana amado(a) leitor, o c\u00e9u nos presenteia com uma sequ\u00eancia de ciclos lunares que nos convidam, entre os dias 02\/10 e 09\/10, seremos guiados por uma sequ\u00eancia intensa e transformadora dos ciclos lunares. O ponto de partida \u00e9 uma Lua\u00a0 Nova em Libra no dia 02\/10, que marca n\u00e3o [&hellip;]<\/p>\n","protected":false},"author":158,"featured_media":40190,"comment_status":"closed","ping_status":"closed","sticky":false,"template":"","format":"standard","meta":{"footnotes":""},"categories":[4893],"tags":[],"class_list":["post-41128","post","type-post","status-publish","format-standard","has-post-thumbnail","hentry","category-ciclo-lunar-semanal"],"yoast_head":"<!-- This site is optimized with the Yoast SEO plugin v27.4 - https:\/\/yoast.com\/product\/yoast-seo-wordpress\/ -->\n<title>A Energia dos Ciclos Lunares de 02\/10 a 09\/10, por Emylain Kali - iQuilibrio<\/title>\n<meta name=\"robots\" content=\"index, follow, max-snippet:-1, max-image-preview:large, max-video-preview:-1\" \/>\n<link rel=\"canonical\" href=\"https:\/\/www.iquilibrio.com\/blog\/ciclo-lunar-semanal\/a-energia-dos-ciclos-lunares-de-02-10-a-09-10-por-emylain-kali\/\" \/>\n<meta property=\"og:locale\" content=\"pt_BR\" \/>\n<meta property=\"og:type\" content=\"article\" \/>\n<meta property=\"og:title\" content=\"A Energia dos Ciclos Lunares de 02\/10 a 09\/10, por Emylain Kali - iQuilibrio\" \/>\n<meta property=\"og:description\" content=\"Novos Come\u00e7os e Florescer Espiritual Nesta semana amado(a) leitor, o c\u00e9u nos presenteia com uma sequ\u00eancia de ciclos lunares que nos convidam, entre os dias 02\/10 e 09\/10, seremos guiados por uma sequ\u00eancia intensa e transformadora dos ciclos lunares. O ponto de partida \u00e9 uma Lua\u00a0 Nova em Libra no dia 02\/10, que marca n\u00e3o [&hellip;]\" \/>\n<meta property=\"og:url\" content=\"https:\/\/www.iquilibrio.com\/blog\/ciclo-lunar-semanal\/a-energia-dos-ciclos-lunares-de-02-10-a-09-10-por-emylain-kali\/\" \/>\n<meta property=\"og:site_name\" content=\"iQuilibrio\" \/>\n<meta property=\"article:publisher\" content=\"https:\/\/www.facebook.com\/iQuilibrio\/\" \/>\n<meta property=\"article:published_time\" content=\"2024-10-03T14:44:50+00:00\" \/>\n<meta property=\"og:image\" content=\"https:\/\/www.iquilibrio.com\/blog\/wp-content\/uploads\/2024\/02\/BLOG-Passagens-lunares-iQui.jpg\" \/>\n\t<meta property=\"og:image:width\" content=\"900\" \/>\n\t<meta property=\"og:image:height\" content=\"560\" \/>\n\t<meta property=\"og:image:type\" content=\"image\/jpeg\" \/>\n<meta name=\"author\" content=\"Arthur Peroni\" \/>\n<meta name=\"twitter:card\" content=\"summary_large_image\" \/>\n<meta name=\"twitter:creator\" content=\"@iquilibrio\" \/>\n<meta name=\"twitter:site\" content=\"@iquilibrio\" \/>\n<meta name=\"twitter:label1\" content=\"Escrito por\" \/>\n\t<meta name=\"twitter:data1\" content=\"Arthur Peroni\" \/>\n\t<meta name=\"twitter:label2\" content=\"Est. tempo de leitura\" \/>\n\t<meta name=\"twitter:data2\" content=\"7 minutos\" \/>\n<script type=\"application\/ld+json\" class=\"yoast-schema-graph\">{\"@context\":\"https:\\\/\\\/schema.org\",\"@graph\":[{\"@type\":\"Article\",\"@id\":\"https:\\\/\\\/www.iquilibrio.com\\\/blog\\\/ciclo-lunar-semanal\\\/a-energia-dos-ciclos-lunares-de-02-10-a-09-10-por-emylain-kali\\\/#article\",\"isPartOf\":{\"@id\":\"https:\\\/\\\/www.iquilibrio.com\\\/blog\\\/ciclo-lunar-semanal\\\/a-energia-dos-ciclos-lunares-de-02-10-a-09-10-por-emylain-kali\\\/\"},\"author\":{\"name\":\"Arthur Peroni\",\"@id\":\"https:\\\/\\\/www.iquilibrio.com\\\/blog\\\/#\\\/schema\\\/person\\\/21ae990723c2e5a1170c9a06dacb4d3d\"},\"headline\":\"A Energia dos Ciclos Lunares de 02\\\/10 a 09\\\/10, por Emylain Kali\",\"datePublished\":\"2024-10-03T14:44:50+00:00\",\"mainEntityOfPage\":{\"@id\":\"https:\\\/\\\/www.iquilibrio.com\\\/blog\\\/ciclo-lunar-semanal\\\/a-energia-dos-ciclos-lunares-de-02-10-a-09-10-por-emylain-kali\\\/\"},\"wordCount\":1312,\"publisher\":{\"@id\":\"https:\\\/\\\/www.iquilibrio.com\\\/blog\\\/#organization\"},\"image\":{\"@id\":\"https:\\\/\\\/www.iquilibrio.com\\\/blog\\\/ciclo-lunar-semanal\\\/a-energia-dos-ciclos-lunares-de-02-10-a-09-10-por-emylain-kali\\\/#primaryimage\"},\"thumbnailUrl\":\"https:\\\/\\\/www.iquilibrio.com\\\/blog\\\/wp-content\\\/uploads\\\/2024\\\/02\\\/BLOG-Passagens-lunares-iQui.jpg\",\"articleSection\":[\"Ciclo Lunar semanal\"],\"inLanguage\":\"pt-BR\"},{\"@type\":\"WebPage\",\"@id\":\"https:\\\/\\\/www.iquilibrio.com\\\/blog\\\/ciclo-lunar-semanal\\\/a-energia-dos-ciclos-lunares-de-02-10-a-09-10-por-emylain-kali\\\/\",\"url\":\"https:\\\/\\\/www.iquilibrio.com\\\/blog\\\/ciclo-lunar-semanal\\\/a-energia-dos-ciclos-lunares-de-02-10-a-09-10-por-emylain-kali\\\/\",\"name\":\"A Energia dos Ciclos Lunares de 02\\\/10 a 09\\\/10, por Emylain Kali - iQuilibrio\",\"isPartOf\":{\"@id\":\"https:\\\/\\\/www.iquilibrio.com\\\/blog\\\/#website\"},\"primaryImageOfPage\":{\"@id\":\"https:\\\/\\\/www.iquilibrio.com\\\/blog\\\/ciclo-lunar-semanal\\\/a-energia-dos-ciclos-lunares-de-02-10-a-09-10-por-emylain-kali\\\/#primaryimage\"},\"image\":{\"@id\":\"https:\\\/\\\/www.iquilibrio.com\\\/blog\\\/ciclo-lunar-semanal\\\/a-energia-dos-ciclos-lunares-de-02-10-a-09-10-por-emylain-kali\\\/#primaryimage\"},\"thumbnailUrl\":\"https:\\\/\\\/www.iquilibrio.com\\\/blog\\\/wp-content\\\/uploads\\\/2024\\\/02\\\/BLOG-Passagens-lunares-iQui.jpg\",\"datePublished\":\"2024-10-03T14:44:50+00:00\",\"breadcrumb\":{\"@id\":\"https:\\\/\\\/www.iquilibrio.com\\\/blog\\\/ciclo-lunar-semanal\\\/a-energia-dos-ciclos-lunares-de-02-10-a-09-10-por-emylain-kali\\\/#breadcrumb\"},\"inLanguage\":\"pt-BR\",\"potentialAction\":[{\"@type\":\"ReadAction\",\"target\":[\"https:\\\/\\\/www.iquilibrio.com\\\/blog\\\/ciclo-lunar-semanal\\\/a-energia-dos-ciclos-lunares-de-02-10-a-09-10-por-emylain-kali\\\/\"]}]},{\"@type\":\"ImageObject\",\"inLanguage\":\"pt-BR\",\"@id\":\"https:\\\/\\\/www.iquilibrio.com\\\/blog\\\/ciclo-lunar-semanal\\\/a-energia-dos-ciclos-lunares-de-02-10-a-09-10-por-emylain-kali\\\/#primaryimage\",\"url\":\"https:\\\/\\\/www.iquilibrio.com\\\/blog\\\/wp-content\\\/uploads\\\/2024\\\/02\\\/BLOG-Passagens-lunares-iQui.jpg\",\"contentUrl\":\"https:\\\/\\\/www.iquilibrio.com\\\/blog\\\/wp-content\\\/uploads\\\/2024\\\/02\\\/BLOG-Passagens-lunares-iQui.jpg\",\"width\":900,\"height\":560},{\"@type\":\"BreadcrumbList\",\"@id\":\"https:\\\/\\\/www.iquilibrio.com\\\/blog\\\/ciclo-lunar-semanal\\\/a-energia-dos-ciclos-lunares-de-02-10-a-09-10-por-emylain-kali\\\/#breadcrumb\",\"itemListElement\":[{\"@type\":\"ListItem\",\"position\":1,\"name\":\"In\u00edcio\",\"item\":\"https:\\\/\\\/www.iquilibrio.com\\\/blog\\\/\"},{\"@type\":\"ListItem\",\"position\":2,\"name\":\"A Energia dos Ciclos Lunares de 02\\\/10 a 09\\\/10, por Emylain Kali\"}]},{\"@type\":\"WebSite\",\"@id\":\"https:\\\/\\\/www.iquilibrio.com\\\/blog\\\/#website\",\"url\":\"https:\\\/\\\/www.iquilibrio.com\\\/blog\\\/\",\"name\":\"iQuilibrio\",\"description\":\"Blog iQuilibrio\",\"publisher\":{\"@id\":\"https:\\\/\\\/www.iquilibrio.com\\\/blog\\\/#organization\"},\"potentialAction\":[{\"@type\":\"SearchAction\",\"target\":{\"@type\":\"EntryPoint\",\"urlTemplate\":\"https:\\\/\\\/www.iquilibrio.com\\\/blog\\\/?s={search_term_string}\"},\"query-input\":{\"@type\":\"PropertyValueSpecification\",\"valueRequired\":true,\"valueName\":\"search_term_string\"}}],\"inLanguage\":\"pt-BR\"},{\"@type\":\"Organization\",\"@id\":\"https:\\\/\\\/www.iquilibrio.com\\\/blog\\\/#organization\",\"name\":\"Esoterismo, Misticismo e Tarot Online - iQuilibrio\",\"url\":\"https:\\\/\\\/www.iquilibrio.com\\\/blog\\\/\",\"logo\":{\"@type\":\"ImageObject\",\"inLanguage\":\"pt-BR\",\"@id\":\"https:\\\/\\\/www.iquilibrio.com\\\/blog\\\/#\\\/schema\\\/logo\\\/image\\\/\",\"url\":\"https:\\\/\\\/www.iquilibrio.com\\\/blog\\\/wp-content\\\/uploads\\\/2018\\\/12\\\/iquilibrio_lovo_vetor_preto-retina.png\",\"contentUrl\":\"https:\\\/\\\/www.iquilibrio.com\\\/blog\\\/wp-content\\\/uploads\\\/2018\\\/12\\\/iquilibrio_lovo_vetor_preto-retina.png\",\"width\":972,\"height\":180,\"caption\":\"Esoterismo, Misticismo e Tarot Online - iQuilibrio\"},\"image\":{\"@id\":\"https:\\\/\\\/www.iquilibrio.com\\\/blog\\\/#\\\/schema\\\/logo\\\/image\\\/\"},\"sameAs\":[\"https:\\\/\\\/www.facebook.com\\\/iQuilibrio\\\/\",\"https:\\\/\\\/x.com\\\/iquilibrio\",\"https:\\\/\\\/www.instagram.com\\\/iquilibrio\\\/\",\"https:\\\/\\\/www.linkedin.com\\\/company\\\/iquilibrio\\\/\",\"https:\\\/\\\/br.pinterest.com\\\/iquilibrio1397\\\/\",\"https:\\\/\\\/www.youtube.com\\\/channel\\\/UC175qxd-4Zsi4wzawT5zF2g\"]},{\"@type\":\"Person\",\"@id\":\"https:\\\/\\\/www.iquilibrio.com\\\/blog\\\/#\\\/schema\\\/person\\\/21ae990723c2e5a1170c9a06dacb4d3d\",\"name\":\"Arthur Peroni\",\"image\":{\"@type\":\"ImageObject\",\"inLanguage\":\"pt-BR\",\"@id\":\"https:\\\/\\\/www.iquilibrio.com\\\/blog\\\/wp-content\\\/uploads\\\/2023\\\/04\\\/Arthur-Peroni-150x150.jpg\",\"url\":\"https:\\\/\\\/www.iquilibrio.com\\\/blog\\\/wp-content\\\/uploads\\\/2023\\\/04\\\/Arthur-Peroni-150x150.jpg\",\"contentUrl\":\"https:\\\/\\\/www.iquilibrio.com\\\/blog\\\/wp-content\\\/uploads\\\/2023\\\/04\\\/Arthur-Peroni-150x150.jpg\",\"caption\":\"Arthur Peroni\"},\"description\":\"Arthur Peroni escreve sobre a vida, o universo e tudo mais. Amante da literatura m\u00edstica, e fic\u00e7\u00e3o, descobriu sua carreira de redator gra\u00e7as ao h\u00e1bito de leitura constante sobre fantasia e drama. Nas horas vagas, gosta de cozinhar, ler e ver filmes antigos. J\u00e1 trabalhou com, comunica\u00e7\u00e3o social, massoterapia, terapias hol\u00edsticas e design de interiores. Atualmente trabalha como redator SEO e se entusiasma com tudo o que \u00e9 esot\u00e9rico. Gosta de discutir sobre assuntos complexos e instigantes, e v\u00ea na escrita uma oportunidade de aprender e criar todos os dias, mentalmente e espiritualmente.\",\"url\":\"https:\\\/\\\/www.iquilibrio.com\\\/blog\\\/author\\\/raul-vinicius\\\/\"}]}<\/script>\n<!-- \/ Yoast SEO plugin. -->","yoast_head_json":{"title":"A Energia dos Ciclos Lunares de 02\/10 a 09\/10, por Emylain Kali - iQuilibrio","robots":{"index":"index","follow":"follow","max-snippet":"max-snippet:-1","max-image-preview":"max-image-preview:large","max-video-preview":"max-video-preview:-1"},"canonical":"https:\/\/www.iquilibrio.com\/blog\/ciclo-lunar-semanal\/a-energia-dos-ciclos-lunares-de-02-10-a-09-10-por-emylain-kali\/","og_locale":"pt_BR","og_type":"article","og_title":"A Energia dos Ciclos Lunares de 02\/10 a 09\/10, por Emylain Kali - iQuilibrio","og_description":"Novos Come\u00e7os e Florescer Espiritual Nesta semana amado(a) leitor, o c\u00e9u nos presenteia com uma sequ\u00eancia de ciclos lunares que nos convidam, entre os dias 02\/10 e 09\/10, seremos guiados por uma sequ\u00eancia intensa e transformadora dos ciclos lunares. O ponto de partida \u00e9 uma Lua\u00a0 Nova em Libra no dia 02\/10, que marca n\u00e3o [&hellip;]","og_url":"https:\/\/www.iquilibrio.com\/blog\/ciclo-lunar-semanal\/a-energia-dos-ciclos-lunares-de-02-10-a-09-10-por-emylain-kali\/","og_site_name":"iQuilibrio","article_publisher":"https:\/\/www.facebook.com\/iQuilibrio\/","article_published_time":"2024-10-03T14:44:50+00:00","og_image":[{"width":900,"height":560,"url":"https:\/\/www.iquilibrio.com\/blog\/wp-content\/uploads\/2024\/02\/BLOG-Passagens-lunares-iQui.jpg","type":"image\/jpeg"}],"author":"Arthur Peroni","twitter_card":"summary_large_image","twitter_creator":"@iquilibrio","twitter_site":"@iquilibrio","twitter_misc":{"Escrito por":"Arthur Peroni","Est. tempo de leitura":"7 minutos"},"schema":{"@context":"https:\/\/schema.org","@graph":[{"@type":"Article","@id":"https:\/\/www.iquilibrio.com\/blog\/ciclo-lunar-semanal\/a-energia-dos-ciclos-lunares-de-02-10-a-09-10-por-emylain-kali\/#article","isPartOf":{"@id":"https:\/\/www.iquilibrio.com\/blog\/ciclo-lunar-semanal\/a-energia-dos-ciclos-lunares-de-02-10-a-09-10-por-emylain-kali\/"},"author":{"name":"Arthur Peroni","@id":"https:\/\/www.iquilibrio.com\/blog\/#\/schema\/person\/21ae990723c2e5a1170c9a06dacb4d3d"},"headline":"A Energia dos Ciclos Lunares de 02\/10 a 09\/10, por Emylain Kali","datePublished":"2024-10-03T14:44:50+00:00","mainEntityOfPage":{"@id":"https:\/\/www.iquilibrio.com\/blog\/ciclo-lunar-semanal\/a-energia-dos-ciclos-lunares-de-02-10-a-09-10-por-emylain-kali\/"},"wordCount":1312,"publisher":{"@id":"https:\/\/www.iquilibrio.com\/blog\/#organization"},"image":{"@id":"https:\/\/www.iquilibrio.com\/blog\/ciclo-lunar-semanal\/a-energia-dos-ciclos-lunares-de-02-10-a-09-10-por-emylain-kali\/#primaryimage"},"thumbnailUrl":"https:\/\/www.iquilibrio.com\/blog\/wp-content\/uploads\/2024\/02\/BLOG-Passagens-lunares-iQui.jpg","articleSection":["Ciclo Lunar semanal"],"inLanguage":"pt-BR"},{"@type":"WebPage","@id":"https:\/\/www.iquilibrio.com\/blog\/ciclo-lunar-semanal\/a-energia-dos-ciclos-lunares-de-02-10-a-09-10-por-emylain-kali\/","url":"https:\/\/www.iquilibrio.com\/blog\/ciclo-lunar-semanal\/a-energia-dos-ciclos-lunares-de-02-10-a-09-10-por-emylain-kali\/","name":"A Energia dos Ciclos Lunares de 02\/10 a 09\/10, por Emylain Kali - iQuilibrio","isPartOf":{"@id":"https:\/\/www.iquilibrio.com\/blog\/#website"},"primaryImageOfPage":{"@id":"https:\/\/www.iquilibrio.com\/blog\/ciclo-lunar-semanal\/a-energia-dos-ciclos-lunares-de-02-10-a-09-10-por-emylain-kali\/#primaryimage"},"image":{"@id":"https:\/\/www.iquilibrio.com\/blog\/ciclo-lunar-semanal\/a-energia-dos-ciclos-lunares-de-02-10-a-09-10-por-emylain-kali\/#primaryimage"},"thumbnailUrl":"https:\/\/www.iquilibrio.com\/blog\/wp-content\/uploads\/2024\/02\/BLOG-Passagens-lunares-iQui.jpg","datePublished":"2024-10-03T14:44:50+00:00","breadcrumb":{"@id":"https:\/\/www.iquilibrio.com\/blog\/ciclo-lunar-semanal\/a-energia-dos-ciclos-lunares-de-02-10-a-09-10-por-emylain-kali\/#breadcrumb"},"inLanguage":"pt-BR","potentialAction":[{"@type":"ReadAction","target":["https:\/\/www.iquilibrio.com\/blog\/ciclo-lunar-semanal\/a-energia-dos-ciclos-lunares-de-02-10-a-09-10-por-emylain-kali\/"]}]},{"@type":"ImageObject","inLanguage":"pt-BR","@id":"https:\/\/www.iquilibrio.com\/blog\/ciclo-lunar-semanal\/a-energia-dos-ciclos-lunares-de-02-10-a-09-10-por-emylain-kali\/#primaryimage","url":"https:\/\/www.iquilibrio.com\/blog\/wp-content\/uploads\/2024\/02\/BLOG-Passagens-lunares-iQui.jpg","contentUrl":"https:\/\/www.iquilibrio.com\/blog\/wp-content\/uploads\/2024\/02\/BLOG-Passagens-lunares-iQui.jpg","width":900,"height":560},{"@type":"BreadcrumbList","@id":"https:\/\/www.iquilibrio.com\/blog\/ciclo-lunar-semanal\/a-energia-dos-ciclos-lunares-de-02-10-a-09-10-por-emylain-kali\/#breadcrumb","itemListElement":[{"@type":"ListItem","position":1,"name":"In\u00edcio","item":"https:\/\/www.iquilibrio.com\/blog\/"},{"@type":"ListItem","position":2,"name":"A Energia dos Ciclos Lunares de 02\/10 a 09\/10, por Emylain Kali"}]},{"@type":"WebSite","@id":"https:\/\/www.iquilibrio.com\/blog\/#website","url":"https:\/\/www.iquilibrio.com\/blog\/","name":"iQuilibrio","description":"Blog iQuilibrio","publisher":{"@id":"https:\/\/www.iquilibrio.com\/blog\/#organization"},"potentialAction":[{"@type":"SearchAction","target":{"@type":"EntryPoint","urlTemplate":"https:\/\/www.iquilibrio.com\/blog\/?s={search_term_string}"},"query-input":{"@type":"PropertyValueSpecification","valueRequired":true,"valueName":"search_term_string"}}],"inLanguage":"pt-BR"},{"@type":"Organization","@id":"https:\/\/www.iquilibrio.com\/blog\/#organization","name":"Esoterismo, Misticismo e Tarot Online - iQuilibrio","url":"https:\/\/www.iquilibrio.com\/blog\/","logo":{"@type":"ImageObject","inLanguage":"pt-BR","@id":"https:\/\/www.iquilibrio.com\/blog\/#\/schema\/logo\/image\/","url":"https:\/\/www.iquilibrio.com\/blog\/wp-content\/uploads\/2018\/12\/iquilibrio_lovo_vetor_preto-retina.png","contentUrl":"https:\/\/www.iquilibrio.com\/blog\/wp-content\/uploads\/2018\/12\/iquilibrio_lovo_vetor_preto-retina.png","width":972,"height":180,"caption":"Esoterismo, Misticismo e Tarot Online - iQuilibrio"},"image":{"@id":"https:\/\/www.iquilibrio.com\/blog\/#\/schema\/logo\/image\/"},"sameAs":["https:\/\/www.facebook.com\/iQuilibrio\/","https:\/\/x.com\/iquilibrio","https:\/\/www.instagram.com\/iquilibrio\/","https:\/\/www.linkedin.com\/company\/iquilibrio\/","https:\/\/br.pinterest.com\/iquilibrio1397\/","https:\/\/www.youtube.com\/channel\/UC175qxd-4Zsi4wzawT5zF2g"]},{"@type":"Person","@id":"https:\/\/www.iquilibrio.com\/blog\/#\/schema\/person\/21ae990723c2e5a1170c9a06dacb4d3d","name":"Arthur Peroni","image":{"@type":"ImageObject","inLanguage":"pt-BR","@id":"https:\/\/www.iquilibrio.com\/blog\/wp-content\/uploads\/2023\/04\/Arthur-Peroni-150x150.jpg","url":"https:\/\/www.iquilibrio.com\/blog\/wp-content\/uploads\/2023\/04\/Arthur-Peroni-150x150.jpg","contentUrl":"https:\/\/www.iquilibrio.com\/blog\/wp-content\/uploads\/2023\/04\/Arthur-Peroni-150x150.jpg","caption":"Arthur Peroni"},"description":"Arthur Peroni escreve sobre a vida, o universo e tudo mais. Amante da literatura m\u00edstica, e fic\u00e7\u00e3o, descobriu sua carreira de redator gra\u00e7as ao h\u00e1bito de leitura constante sobre fantasia e drama. Nas horas vagas, gosta de cozinhar, ler e ver filmes antigos. J\u00e1 trabalhou com, comunica\u00e7\u00e3o social, massoterapia, terapias hol\u00edsticas e design de interiores. Atualmente trabalha como redator SEO e se entusiasma com tudo o que \u00e9 esot\u00e9rico. Gosta de discutir sobre assuntos complexos e instigantes, e v\u00ea na escrita uma oportunidade de aprender e criar todos os dias, mentalmente e espiritualmente.","url":"https:\/\/www.iquilibrio.com\/blog\/author\/raul-vinicius\/"}]}},"_links":{"self":[{"href":"https:\/\/www.iquilibrio.com\/blog\/wp-json\/wp\/v2\/posts\/41128","targetHints":{"allow":["GET"]}}],"collection":[{"href":"https:\/\/www.iquilibrio.com\/blog\/wp-json\/wp\/v2\/posts"}],"about":[{"href":"https:\/\/www.iquilibrio.com\/blog\/wp-json\/wp\/v2\/types\/post"}],"author":[{"embeddable":true,"href":"https:\/\/www.iquilibrio.com\/blog\/wp-json\/wp\/v2\/users\/158"}],"replies":[{"embeddable":true,"href":"https:\/\/www.iquilibrio.com\/blog\/wp-json\/wp\/v2\/comments?post=41128"}],"version-history":[{"count":1,"href":"https:\/\/www.iquilibrio.com\/blog\/wp-json\/wp\/v2\/posts\/41128\/revisions"}],"predecessor-version":[{"id":41129,"href":"https:\/\/www.iquilibrio.com\/blog\/wp-json\/wp\/v2\/posts\/41128\/revisions\/41129"}],"wp:featuredmedia":[{"embeddable":true,"href":"https:\/\/www.iquilibrio.com\/blog\/wp-json\/wp\/v2\/media\/40190"}],"wp:attachment":[{"href":"https:\/\/www.iquilibrio.com\/blog\/wp-json\/wp\/v2\/media?parent=41128"}],"wp:term":[{"taxonomy":"category","embeddable":true,"href":"https:\/\/www.iquilibrio.com\/blog\/wp-json\/wp\/v2\/categories?post=41128"},{"taxonomy":"post_tag","embeddable":true,"href":"https:\/\/www.iquilibrio.com\/blog\/wp-json\/wp\/v2\/tags?post=41128"}],"curies":[{"name":"wp","href":"https:\/\/api.w.org\/{rel}","templated":true}]}}