{"id":41124,"date":"2024-10-06T22:59:19","date_gmt":"2024-10-07T01:59:19","guid":{"rendered":"https:\/\/www.iquilibrio.com\/blog\/?p=41124"},"modified":"2024-10-06T23:03:33","modified_gmt":"2024-10-07T02:03:33","slug":"jupiter-retrogrado-para-refletir-e-avaliar","status":"publish","type":"post","link":"https:\/\/www.iquilibrio.com\/blog\/astrologia\/jupiter-retrogrado-para-refletir-e-avaliar\/","title":{"rendered":"J\u00fapiter Retr\u00f3grado traz um momento de reflex\u00e3o e de avalia\u00e7\u00e3o, por Deborah de Ob\u00e1"},"content":{"rendered":"<p>O fen\u00f4meno de J\u00fapiter Retr\u00f3grado \u00e9 um evento astrol\u00f3gico que acontece quando o planeta J\u00fapiter parece se mover para tr\u00e1s no c\u00e9u, em rela\u00e7\u00e3o \u00e0 Terra.<\/p>\n<p>Durante essa fase , que ocorre regularmente ao longo dos anos, as energias expansivas de J\u00fapiter se voltam para dentro, criando um per\u00edodo de intensa introspec\u00e7\u00e3o e reavalia\u00e7\u00e3o.<\/p>\n<p>\u00c9 como se o universo estivesse nos pedindo para desacelerar, refletir e ajustar nossos planos antes de seguirmos em frente.<\/p>\n<p>Mas, afinal, o que significa J\u00fapiter Retr\u00f3grado? Quais s\u00e3o os seus impactos em nossas vidas e como podemos aproveitar esse per\u00edodo de forma consciente? Vamos explorar mais a fundo as influ\u00eancias <strong><a href=\"https:\/\/www.iquilibrio.com\/blog\/astrologia\/previsoes-astrologicas-para-o-segundo-semestre-de-2024\/\">dessa fase astrol\u00f3gica<\/a><\/strong>.<\/p>\n<hr \/>\n<h3>A Energia de J\u00fapiter em Retrocesso: 09\/10\/2024<\/h3>\n<p>O movimento se dar\u00e1 no dia 09\/10\/2024, e \u00e9 um momento importante para prestarmos aten\u00e7\u00e3o em diversas \u00e1reas de nossas vidas. Contudo, vamos compreender a energia que envolve este planeta para as nossas influencias!<\/p>\n<p>J\u00fapiter \u00e9 conhecido como o planeta da <a href=\"https:\/\/www.iquilibrio.com\/blog\/astrologia\/planetas\/influencia-de-jupiter\/\"><strong>expans\u00e3o<\/strong><\/a>, <strong><a href=\"https:\/\/www.iquilibrio.com\/blog\/astrologia\/talento-oculto-no-mapa-astral-pela-especialista-tatiana\/\">crescimento<\/a><\/strong> e <a href=\"https:\/\/www.iquilibrio.com\/blog\/simpatias\/amuletos-rituais-ano-novo\/\"><strong>sorte<\/strong><\/a>. Em seu movimento direto, ele nos impulsiona a buscar novas oportunidades, explorar horizontes e crescer em v\u00e1rias \u00e1reas da vida.<\/p>\n<p>No entanto, quando est\u00e1 retr\u00f3grado, essas energias se voltam para dentro. Esse momento c\u00f3smico nos convida a refletir sobre nossas cren\u00e7as, revisitar planos antigos e questionar o que realmente traz felicidade e realiza\u00e7\u00e3o.<\/p>\n<p>Durante o J\u00fapiter Retr\u00f3grado, temos a oportunidade de examinar decis\u00f5es passadas e corrigir poss\u00edveis desvios de curso. Se voc\u00ea vem sentindo que algo n\u00e3o est\u00e1 progredindo como esperado, essa \u00e9 a fase ideal para avaliar o que precisa ser ajustado.<\/p>\n<p>\u00c9 um per\u00edodo de aprendizado profundo, onde revisitar li\u00e7\u00f5es do passado pode trazer uma nova perspectiva e uma compreens\u00e3o mais clara de nossos prop\u00f3sitos.<\/p>\n<p style=\"text-align: center;\"><span class=\"td_btn td_btn_md td_round_btn\" style=\"background-color: #666699; color: #ffffff;\"><a style=\"background-color: #666699; color: #ffffff;\" href=\"https:\/\/www.iquilibrio.com\/astrologia\/?utm_campaign=blog_conversao&amp;utm_medium=texto_cta&amp;utm_source=blog&amp;utm_content=2024_cat_astrologia_jupter-retrogrado\" target=\"_blank\" rel=\"noopener\">Fa\u00e7a uma leitura personalizada do seu mapa completo!<\/a><\/span><\/p>\n<h3>O impacto de J\u00fapiter Retr\u00f3grado em nossas vidas<\/h3>\n<p><strong><a href=\"https:\/\/www.iquilibrio.com\/blog\/astrologia\/planetas\/jupiter-cada-signo\/\">Os efeitos de J\u00fapiter<\/a><\/strong> Retr\u00f3grado variam de pessoa para pessoa, dependendo do mapa astral individual. No entanto, em um contexto coletivo, esse tr\u00e2nsito c\u00f3smico \u00e9 um convite para desacelerar e repensar \u00e1reas da vida onde estamos buscando expans\u00e3o de forma excessiva. Esse &#8220;freio&#8221; nos d\u00e1 a chance de revisar metas com <a href=\"https:\/\/www.astrocentro.com.br\/blog\/bem-estar\/meditacao-obter-orientacao\/\"><strong>mais sabedoria<\/strong><\/a> e discernimento.<\/p>\n<p>Se, por exemplo, voc\u00ea tem se esfor\u00e7ado para alcan\u00e7ar uma promo\u00e7\u00e3o no trabalho ou expandir um neg\u00f3cio, J\u00fapiter Retr\u00f3grado pode trazer uma pausa necess\u00e1ria para reavaliar suas estrat\u00e9gias. Projetos que foram deixados de lado no passado podem ser revisitados com novos olhos, proporcionando solu\u00e7\u00f5es inovadoras e mais eficazes.<\/p>\n<p>Nas rela\u00e7\u00f5es interpessoais, esse \u00e9 um momento poderoso para cura e comunica\u00e7\u00e3o honesta. Quest\u00f5es n\u00e3o resolvidas podem emergir, oferecendo a chance de resolver desentendimentos e fortalecer la\u00e7os com base em uma compreens\u00e3o mais emp\u00e1tica e profunda.<\/p>\n<h3>Como aproveitar o per\u00edodo de J\u00fapiter Retr\u00f3grado<\/h3>\n<p>Esse \u00e9 um per\u00edodo prop\u00edcio para pr\u00e1ticas que promovam o autoconhecimento e a introspec\u00e7\u00e3o.<\/p>\n<p>Medita\u00e7\u00e3o, ioga, ou at\u00e9 mesmo passar mais tempo na natureza podem ser ferramentas poderosas para acessar uma sabedoria interna e encontrar respostas que o mundo externo n\u00e3o pode oferecer. Ao se permitir essa pausa, voc\u00ea pode descobrir novos caminhos e oportunidades que n\u00e3o estavam vis\u00edveis antes.<\/p>\n<p>No campo profissional, este \u00e9 o momento ideal para revisar projetos e estrat\u00e9gias. Aquelas ideias que foram colocadas em segundo plano podem agora ser aprimoradas e implementadas de forma mais eficiente. Utilize esse tempo para <a href=\"https:\/\/www.astrocentro.com.br\/blog\/espiritual\/caminho\/\"><strong>revisar, reorganizar e preparar o terreno<\/strong><\/a> para um crescimento mais sustent\u00e1vel no futuro.<\/p>\n<hr \/>\n<h3>J\u00fapiter Retr\u00f3grado e o desenvolvimento pessoal<\/h3>\n<p>Em termos de desenvolvimento pessoal, J\u00fapiter Retr\u00f3grado nos lembra que nem sempre precisamos estar em movimento para progredir.<\/p>\n<p>\u00c0s vezes, o maior crescimento acontece na quietude e na reflex\u00e3o. Ao abra\u00e7ar esse per\u00edodo de introspec\u00e7\u00e3o, voc\u00ea pode emergir com uma vis\u00e3o mais clara e uma for\u00e7a renovada para perseguir seus sonhos.<\/p>\n<p>Esse tr\u00e2nsito astrol\u00f3gico tamb\u00e9m nos ensina a paci\u00eancia. \u00c9 um momento de plantio, onde as sementes da sabedoria s\u00e3o semeadas. E, quando J\u00fapiter retomar seu movimento direto, essas sementes estar\u00e3o prontas para florescer, trazendo expans\u00e3o e oportunidades mais alinhadas com nosso verdadeiro eu.<\/p>\n<h3>Pise no freio!<\/h3>\n<p><a href=\"https:\/\/www.astrocentro.com.br\/blog\/astrologia\/planeta-regente-2025-como-aproveitar-ao-maximo-suas-energias\/\"><strong>J\u00fapiter<\/strong><\/a> Retr\u00f3grado \u00e9 um convite c\u00f3smico para desacelerar, refletir e reajustar. Embora possa parecer um per\u00edodo de estagna\u00e7\u00e3o, na verdade, ele nos prepara para uma expans\u00e3o futura mais aut\u00eantica e significativa.<\/p>\n<p>Ao alinhar seus objetivos com seu prop\u00f3sito interno e aproveitar esse momento de introspec\u00e7\u00e3o, voc\u00ea estar\u00e1 pronto para colher os frutos desse crescimento quando J\u00fapiter retomar seu movimento direto.<\/p>\n<p>Este \u00e9 o momento de reavaliar suas metas, abra\u00e7ar a paci\u00eancia e se preparar para um futuro mais iluminado e pr\u00f3spero. Que J\u00fapiter Retr\u00f3grado lhe traga sabedoria e clareza para trilhar seu caminho com ainda mais confian\u00e7a.<\/p>\n<p style=\"text-align: center;\"><span class=\"td_btn td_btn_md td_round_btn\" style=\"background-color: #666699; color: #ffffff;\"><a style=\"background-color: #666699; color: #ffffff;\" href=\"https:\/\/www.iquilibrio.com\/astrologia\/?utm_campaign=blog_conversao&amp;utm_medium=texto_cta&amp;utm_source=blog&amp;utm_content=2024_cat_astrologia_jupter-retrogrado\" target=\"_blank\" rel=\"noopener\">Tenha uma vis\u00e3o completa e profissional com nossos especialistas!<\/a><\/span><\/p>\n<hr \/>\n<p><img loading=\"lazy\" decoding=\"async\" class=\"wp-image-40229 alignleft\" src=\"https:\/\/www.iquilibrio.com\/blog\/wp-content\/uploads\/2024\/02\/deborah-de-oba.png\" sizes=\"auto, (max-width: 301px) 100vw, 301px\" srcset=\"https:\/\/www.iquilibrio.com\/blog\/wp-content\/uploads\/2024\/02\/deborah-de-oba.png 800w, https:\/\/www.iquilibrio.com\/blog\/wp-content\/uploads\/2024\/02\/deborah-de-oba-300x188.png 300w, https:\/\/www.iquilibrio.com\/blog\/wp-content\/uploads\/2024\/02\/deborah-de-oba-768x480.png 768w, https:\/\/www.iquilibrio.com\/blog\/wp-content\/uploads\/2024\/02\/deborah-de-oba-696x435.png 696w, https:\/\/www.iquilibrio.com\/blog\/wp-content\/uploads\/2024\/02\/deborah-de-oba-672x420.png 672w\" alt=\"\" width=\"365\" height=\"229\" \/>Minha entrega em cada atendimento \u00e9 completa. Tenho o profundo desejo de reestruturar a raiz de qualquer tipo de desequil\u00edbrio ou estancamento na vida de quem me procura.<\/p>\n<p>Al\u00e9m disso, me encanta resolver dilemas e desafios. E n\u00e3o fa\u00e7o pouco caso de qual o tipo de quest\u00e3o, j\u00e1 que qualquer d\u00favida \u00e9 pertinente.<\/p>\n<p>Sou met\u00f3dica e n\u00e3o posso trair os princ\u00edpios dos Or\u00e1culos. Assim, minha disposi\u00e7\u00e3o \u00e9 oferecer meus m\u00e9todos e experi\u00eancia s\u00e3o os alicerces para levar ao sucesso em qualquer \u00e1rea da sua vida.<\/p>\n\n\n<div class=\"kk-star-ratings kksr-auto kksr-align-left kksr-valign-bottom\"\n    data-payload='{&quot;align&quot;:&quot;left&quot;,&quot;id&quot;:&quot;41124&quot;,&quot;slug&quot;:&quot;default&quot;,&quot;valign&quot;:&quot;bottom&quot;,&quot;ignore&quot;:&quot;&quot;,&quot;reference&quot;:&quot;auto&quot;,&quot;class&quot;:&quot;&quot;,&quot;count&quot;:&quot;0&quot;,&quot;legendonly&quot;:&quot;&quot;,&quot;readonly&quot;:&quot;&quot;,&quot;score&quot;:&quot;0&quot;,&quot;starsonly&quot;:&quot;&quot;,&quot;best&quot;:&quot;5&quot;,&quot;gap&quot;:&quot;5&quot;,&quot;greet&quot;:&quot;Rate this post&quot;,&quot;legend&quot;:&quot;0\\\/5 - (0 voto)&quot;,&quot;size&quot;:&quot;24&quot;,&quot;title&quot;:&quot;J\u00fapiter Retr\u00f3grado traz um momento de reflex\u00e3o e de avalia\u00e7\u00e3o, por Deborah de Ob\u00e1&quot;,&quot;width&quot;:&quot;0&quot;,&quot;_legend&quot;:&quot;{score}\\\/{best} - ({count} {votes})&quot;,&quot;font_factor&quot;:&quot;1.25&quot;}'>\n            \n<div class=\"kksr-stars\">\n    \n<div class=\"kksr-stars-inactive\">\n            <div class=\"kksr-star\" data-star=\"1\" style=\"padding-right: 5px\">\n            \n\n<div class=\"kksr-icon\" style=\"width: 24px; height: 24px;\"><\/div>\n        <\/div>\n            <div class=\"kksr-star\" data-star=\"2\" style=\"padding-right: 5px\">\n            \n\n<div class=\"kksr-icon\" style=\"width: 24px; height: 24px;\"><\/div>\n        <\/div>\n            <div class=\"kksr-star\" data-star=\"3\" style=\"padding-right: 5px\">\n            \n\n<div class=\"kksr-icon\" style=\"width: 24px; height: 24px;\"><\/div>\n        <\/div>\n            <div class=\"kksr-star\" data-star=\"4\" style=\"padding-right: 5px\">\n            \n\n<div class=\"kksr-icon\" style=\"width: 24px; height: 24px;\"><\/div>\n        <\/div>\n            <div class=\"kksr-star\" data-star=\"5\" style=\"padding-right: 5px\">\n            \n\n<div class=\"kksr-icon\" style=\"width: 24px; height: 24px;\"><\/div>\n        <\/div>\n    <\/div>\n    \n<div class=\"kksr-stars-active\" style=\"width: 0px;\">\n            <div class=\"kksr-star\" style=\"padding-right: 5px\">\n            \n\n<div class=\"kksr-icon\" style=\"width: 24px; height: 24px;\"><\/div>\n        <\/div>\n            <div class=\"kksr-star\" style=\"padding-right: 5px\">\n            \n\n<div class=\"kksr-icon\" style=\"width: 24px; height: 24px;\"><\/div>\n        <\/div>\n            <div class=\"kksr-star\" style=\"padding-right: 5px\">\n            \n\n<div class=\"kksr-icon\" style=\"width: 24px; height: 24px;\"><\/div>\n        <\/div>\n            <div class=\"kksr-star\" style=\"padding-right: 5px\">\n            \n\n<div class=\"kksr-icon\" style=\"width: 24px; height: 24px;\"><\/div>\n        <\/div>\n            <div class=\"kksr-star\" style=\"padding-right: 5px\">\n            \n\n<div class=\"kksr-icon\" style=\"width: 24px; height: 24px;\"><\/div>\n        <\/div>\n    <\/div>\n<\/div>\n                \n\n<div class=\"kksr-legend\" style=\"font-size: 19.2px;\">\n            <span class=\"kksr-muted\">Rate this post<\/span>\n    <\/div>\n    <\/div>\n","protected":false},"excerpt":{"rendered":"<p>O fen\u00f4meno de J\u00fapiter Retr\u00f3grado \u00e9 um evento astrol\u00f3gico que acontece quando o planeta J\u00fapiter parece se mover para tr\u00e1s no c\u00e9u, em rela\u00e7\u00e3o \u00e0 Terra. Durante essa fase , que ocorre regularmente ao longo dos anos, as energias expansivas de J\u00fapiter se voltam para dentro, criando um per\u00edodo de intensa introspec\u00e7\u00e3o e reavalia\u00e7\u00e3o. \u00c9 [&hellip;]<\/p>\n","protected":false},"author":166,"featured_media":11460,"comment_status":"closed","ping_status":"closed","sticky":false,"template":"","format":"standard","meta":{"footnotes":""},"categories":[517],"tags":[],"class_list":["post-41124","post","type-post","status-publish","format-standard","has-post-thumbnail","hentry","category-astrologia"],"yoast_head":"<!-- This site is optimized with the Yoast SEO plugin v27.4 - https:\/\/yoast.com\/product\/yoast-seo-wordpress\/ -->\n<title>Uma an\u00e1lise profunda com J\u00fapiter retr\u00f3grado<\/title>\n<meta name=\"description\" content=\"Descubra como o J\u00fapiter Retr\u00f3grado impacta sua vida e como usar esse per\u00edodo de reflex\u00e3o para revisar metas e alcan\u00e7ar crescimento pessoal.\" \/>\n<meta name=\"robots\" content=\"index, follow, max-snippet:-1, max-image-preview:large, max-video-preview:-1\" \/>\n<link rel=\"canonical\" href=\"https:\/\/www.iquilibrio.com\/blog\/astrologia\/jupiter-retrogrado-para-refletir-e-avaliar\/\" \/>\n<meta property=\"og:locale\" content=\"pt_BR\" \/>\n<meta property=\"og:type\" content=\"article\" \/>\n<meta property=\"og:title\" content=\"Uma an\u00e1lise profunda com J\u00fapiter retr\u00f3grado\" \/>\n<meta property=\"og:description\" content=\"Descubra como o J\u00fapiter Retr\u00f3grado impacta sua vida e como usar esse per\u00edodo de reflex\u00e3o para revisar metas e alcan\u00e7ar crescimento pessoal.\" \/>\n<meta property=\"og:url\" content=\"https:\/\/www.iquilibrio.com\/blog\/astrologia\/jupiter-retrogrado-para-refletir-e-avaliar\/\" \/>\n<meta property=\"og:site_name\" content=\"iQuilibrio\" \/>\n<meta property=\"article:publisher\" content=\"https:\/\/www.facebook.com\/iQuilibrio\/\" \/>\n<meta property=\"article:published_time\" content=\"2024-10-07T01:59:19+00:00\" \/>\n<meta property=\"article:modified_time\" content=\"2024-10-07T02:03:33+00:00\" \/>\n<meta property=\"og:image\" content=\"https:\/\/www.iquilibrio.com\/blog\/wp-content\/uploads\/2017\/11\/jupiter.jpg\" \/>\n\t<meta property=\"og:image:width\" content=\"900\" \/>\n\t<meta property=\"og:image:height\" content=\"560\" \/>\n\t<meta property=\"og:image:type\" content=\"image\/jpeg\" \/>\n<meta name=\"author\" content=\"Juliana Almeida Cordeiro\" \/>\n<meta name=\"twitter:card\" content=\"summary_large_image\" \/>\n<meta name=\"twitter:creator\" content=\"@iquilibrio\" \/>\n<meta name=\"twitter:site\" content=\"@iquilibrio\" \/>\n<meta name=\"twitter:label1\" content=\"Escrito por\" \/>\n\t<meta name=\"twitter:data1\" content=\"Juliana Almeida Cordeiro\" \/>\n\t<meta name=\"twitter:label2\" content=\"Est. tempo de leitura\" \/>\n\t<meta name=\"twitter:data2\" content=\"6 minutos\" \/>\n<script type=\"application\/ld+json\" class=\"yoast-schema-graph\">{\"@context\":\"https:\\\/\\\/schema.org\",\"@graph\":[{\"@type\":\"Article\",\"@id\":\"https:\\\/\\\/www.iquilibrio.com\\\/blog\\\/astrologia\\\/jupiter-retrogrado-para-refletir-e-avaliar\\\/#article\",\"isPartOf\":{\"@id\":\"https:\\\/\\\/www.iquilibrio.com\\\/blog\\\/astrologia\\\/jupiter-retrogrado-para-refletir-e-avaliar\\\/\"},\"author\":{\"name\":\"Juliana Almeida Cordeiro\",\"@id\":\"https:\\\/\\\/www.iquilibrio.com\\\/blog\\\/#\\\/schema\\\/person\\\/d2f074e5b1b29087bc21673b609b4199\"},\"headline\":\"J\u00fapiter Retr\u00f3grado traz um momento de reflex\u00e3o e de avalia\u00e7\u00e3o, por Deborah de Ob\u00e1\",\"datePublished\":\"2024-10-07T01:59:19+00:00\",\"dateModified\":\"2024-10-07T02:03:33+00:00\",\"mainEntityOfPage\":{\"@id\":\"https:\\\/\\\/www.iquilibrio.com\\\/blog\\\/astrologia\\\/jupiter-retrogrado-para-refletir-e-avaliar\\\/\"},\"wordCount\":961,\"publisher\":{\"@id\":\"https:\\\/\\\/www.iquilibrio.com\\\/blog\\\/#organization\"},\"image\":{\"@id\":\"https:\\\/\\\/www.iquilibrio.com\\\/blog\\\/astrologia\\\/jupiter-retrogrado-para-refletir-e-avaliar\\\/#primaryimage\"},\"thumbnailUrl\":\"https:\\\/\\\/www.iquilibrio.com\\\/blog\\\/wp-content\\\/uploads\\\/2017\\\/11\\\/jupiter.jpg\",\"articleSection\":[\"Astrologia\"],\"inLanguage\":\"pt-BR\"},{\"@type\":\"WebPage\",\"@id\":\"https:\\\/\\\/www.iquilibrio.com\\\/blog\\\/astrologia\\\/jupiter-retrogrado-para-refletir-e-avaliar\\\/\",\"url\":\"https:\\\/\\\/www.iquilibrio.com\\\/blog\\\/astrologia\\\/jupiter-retrogrado-para-refletir-e-avaliar\\\/\",\"name\":\"Uma an\u00e1lise profunda com J\u00fapiter retr\u00f3grado\",\"isPartOf\":{\"@id\":\"https:\\\/\\\/www.iquilibrio.com\\\/blog\\\/#website\"},\"primaryImageOfPage\":{\"@id\":\"https:\\\/\\\/www.iquilibrio.com\\\/blog\\\/astrologia\\\/jupiter-retrogrado-para-refletir-e-avaliar\\\/#primaryimage\"},\"image\":{\"@id\":\"https:\\\/\\\/www.iquilibrio.com\\\/blog\\\/astrologia\\\/jupiter-retrogrado-para-refletir-e-avaliar\\\/#primaryimage\"},\"thumbnailUrl\":\"https:\\\/\\\/www.iquilibrio.com\\\/blog\\\/wp-content\\\/uploads\\\/2017\\\/11\\\/jupiter.jpg\",\"datePublished\":\"2024-10-07T01:59:19+00:00\",\"dateModified\":\"2024-10-07T02:03:33+00:00\",\"description\":\"Descubra como o J\u00fapiter Retr\u00f3grado impacta sua vida e como usar esse per\u00edodo de reflex\u00e3o para revisar metas e alcan\u00e7ar crescimento pessoal.\",\"breadcrumb\":{\"@id\":\"https:\\\/\\\/www.iquilibrio.com\\\/blog\\\/astrologia\\\/jupiter-retrogrado-para-refletir-e-avaliar\\\/#breadcrumb\"},\"inLanguage\":\"pt-BR\",\"potentialAction\":[{\"@type\":\"ReadAction\",\"target\":[\"https:\\\/\\\/www.iquilibrio.com\\\/blog\\\/astrologia\\\/jupiter-retrogrado-para-refletir-e-avaliar\\\/\"]}]},{\"@type\":\"ImageObject\",\"inLanguage\":\"pt-BR\",\"@id\":\"https:\\\/\\\/www.iquilibrio.com\\\/blog\\\/astrologia\\\/jupiter-retrogrado-para-refletir-e-avaliar\\\/#primaryimage\",\"url\":\"https:\\\/\\\/www.iquilibrio.com\\\/blog\\\/wp-content\\\/uploads\\\/2017\\\/11\\\/jupiter.jpg\",\"contentUrl\":\"https:\\\/\\\/www.iquilibrio.com\\\/blog\\\/wp-content\\\/uploads\\\/2017\\\/11\\\/jupiter.jpg\",\"width\":900,\"height\":560,\"caption\":\"A chegada de J\u00fapiter retr\u00f3grado veio com uma oportunidade de refletir e crescer!\"},{\"@type\":\"BreadcrumbList\",\"@id\":\"https:\\\/\\\/www.iquilibrio.com\\\/blog\\\/astrologia\\\/jupiter-retrogrado-para-refletir-e-avaliar\\\/#breadcrumb\",\"itemListElement\":[{\"@type\":\"ListItem\",\"position\":1,\"name\":\"In\u00edcio\",\"item\":\"https:\\\/\\\/www.iquilibrio.com\\\/blog\\\/\"},{\"@type\":\"ListItem\",\"position\":2,\"name\":\"J\u00fapiter Retr\u00f3grado traz um momento de reflex\u00e3o e de avalia\u00e7\u00e3o, por Deborah de Ob\u00e1\"}]},{\"@type\":\"WebSite\",\"@id\":\"https:\\\/\\\/www.iquilibrio.com\\\/blog\\\/#website\",\"url\":\"https:\\\/\\\/www.iquilibrio.com\\\/blog\\\/\",\"name\":\"iQuilibrio\",\"description\":\"Blog iQuilibrio\",\"publisher\":{\"@id\":\"https:\\\/\\\/www.iquilibrio.com\\\/blog\\\/#organization\"},\"potentialAction\":[{\"@type\":\"SearchAction\",\"target\":{\"@type\":\"EntryPoint\",\"urlTemplate\":\"https:\\\/\\\/www.iquilibrio.com\\\/blog\\\/?s={search_term_string}\"},\"query-input\":{\"@type\":\"PropertyValueSpecification\",\"valueRequired\":true,\"valueName\":\"search_term_string\"}}],\"inLanguage\":\"pt-BR\"},{\"@type\":\"Organization\",\"@id\":\"https:\\\/\\\/www.iquilibrio.com\\\/blog\\\/#organization\",\"name\":\"Esoterismo, Misticismo e Tarot Online - iQuilibrio\",\"url\":\"https:\\\/\\\/www.iquilibrio.com\\\/blog\\\/\",\"logo\":{\"@type\":\"ImageObject\",\"inLanguage\":\"pt-BR\",\"@id\":\"https:\\\/\\\/www.iquilibrio.com\\\/blog\\\/#\\\/schema\\\/logo\\\/image\\\/\",\"url\":\"https:\\\/\\\/www.iquilibrio.com\\\/blog\\\/wp-content\\\/uploads\\\/2018\\\/12\\\/iquilibrio_lovo_vetor_preto-retina.png\",\"contentUrl\":\"https:\\\/\\\/www.iquilibrio.com\\\/blog\\\/wp-content\\\/uploads\\\/2018\\\/12\\\/iquilibrio_lovo_vetor_preto-retina.png\",\"width\":972,\"height\":180,\"caption\":\"Esoterismo, Misticismo e Tarot Online - iQuilibrio\"},\"image\":{\"@id\":\"https:\\\/\\\/www.iquilibrio.com\\\/blog\\\/#\\\/schema\\\/logo\\\/image\\\/\"},\"sameAs\":[\"https:\\\/\\\/www.facebook.com\\\/iQuilibrio\\\/\",\"https:\\\/\\\/x.com\\\/iquilibrio\",\"https:\\\/\\\/www.instagram.com\\\/iquilibrio\\\/\",\"https:\\\/\\\/www.linkedin.com\\\/company\\\/iquilibrio\\\/\",\"https:\\\/\\\/br.pinterest.com\\\/iquilibrio1397\\\/\",\"https:\\\/\\\/www.youtube.com\\\/channel\\\/UC175qxd-4Zsi4wzawT5zF2g\"]},{\"@type\":\"Person\",\"@id\":\"https:\\\/\\\/www.iquilibrio.com\\\/blog\\\/#\\\/schema\\\/person\\\/d2f074e5b1b29087bc21673b609b4199\",\"name\":\"Juliana Almeida Cordeiro\",\"image\":{\"@type\":\"ImageObject\",\"inLanguage\":\"pt-BR\",\"@id\":\"https:\\\/\\\/www.iquilibrio.com\\\/blog\\\/wp-content\\\/uploads\\\/2024\\\/11\\\/IMG_20240925_202319_927-150x150.webp\",\"url\":\"https:\\\/\\\/www.iquilibrio.com\\\/blog\\\/wp-content\\\/uploads\\\/2024\\\/11\\\/IMG_20240925_202319_927-150x150.webp\",\"contentUrl\":\"https:\\\/\\\/www.iquilibrio.com\\\/blog\\\/wp-content\\\/uploads\\\/2024\\\/11\\\/IMG_20240925_202319_927-150x150.webp\",\"caption\":\"Juliana Almeida Cordeiro\"},\"description\":\"Escritora, redatora, leitora \u00e1vida - inclusive de Tarot. Trabalho com as palavras para construir cada vez mais boas hist\u00f3rias, na fic\u00e7\u00e3o, nos blogs e na vida.\",\"sameAs\":[\"https:\\\/\\\/www.instagram.com\\\/leituraslunares\",\"https:\\\/\\\/www.linkedin.com\\\/in\\\/jualmeidacordeiro\\\/\"],\"url\":\"https:\\\/\\\/www.iquilibrio.com\\\/blog\\\/author\\\/juliana-almeida\\\/\"}]}<\/script>\n<!-- \/ Yoast SEO plugin. -->","yoast_head_json":{"title":"Uma an\u00e1lise profunda com J\u00fapiter retr\u00f3grado","description":"Descubra como o J\u00fapiter Retr\u00f3grado impacta sua vida e como usar esse per\u00edodo de reflex\u00e3o para revisar metas e alcan\u00e7ar crescimento pessoal.","robots":{"index":"index","follow":"follow","max-snippet":"max-snippet:-1","max-image-preview":"max-image-preview:large","max-video-preview":"max-video-preview:-1"},"canonical":"https:\/\/www.iquilibrio.com\/blog\/astrologia\/jupiter-retrogrado-para-refletir-e-avaliar\/","og_locale":"pt_BR","og_type":"article","og_title":"Uma an\u00e1lise profunda com J\u00fapiter retr\u00f3grado","og_description":"Descubra como o J\u00fapiter Retr\u00f3grado impacta sua vida e como usar esse per\u00edodo de reflex\u00e3o para revisar metas e alcan\u00e7ar crescimento pessoal.","og_url":"https:\/\/www.iquilibrio.com\/blog\/astrologia\/jupiter-retrogrado-para-refletir-e-avaliar\/","og_site_name":"iQuilibrio","article_publisher":"https:\/\/www.facebook.com\/iQuilibrio\/","article_published_time":"2024-10-07T01:59:19+00:00","article_modified_time":"2024-10-07T02:03:33+00:00","og_image":[{"width":900,"height":560,"url":"https:\/\/www.iquilibrio.com\/blog\/wp-content\/uploads\/2017\/11\/jupiter.jpg","type":"image\/jpeg"}],"author":"Juliana Almeida Cordeiro","twitter_card":"summary_large_image","twitter_creator":"@iquilibrio","twitter_site":"@iquilibrio","twitter_misc":{"Escrito por":"Juliana Almeida Cordeiro","Est. tempo de leitura":"6 minutos"},"schema":{"@context":"https:\/\/schema.org","@graph":[{"@type":"Article","@id":"https:\/\/www.iquilibrio.com\/blog\/astrologia\/jupiter-retrogrado-para-refletir-e-avaliar\/#article","isPartOf":{"@id":"https:\/\/www.iquilibrio.com\/blog\/astrologia\/jupiter-retrogrado-para-refletir-e-avaliar\/"},"author":{"name":"Juliana Almeida Cordeiro","@id":"https:\/\/www.iquilibrio.com\/blog\/#\/schema\/person\/d2f074e5b1b29087bc21673b609b4199"},"headline":"J\u00fapiter Retr\u00f3grado traz um momento de reflex\u00e3o e de avalia\u00e7\u00e3o, por Deborah de Ob\u00e1","datePublished":"2024-10-07T01:59:19+00:00","dateModified":"2024-10-07T02:03:33+00:00","mainEntityOfPage":{"@id":"https:\/\/www.iquilibrio.com\/blog\/astrologia\/jupiter-retrogrado-para-refletir-e-avaliar\/"},"wordCount":961,"publisher":{"@id":"https:\/\/www.iquilibrio.com\/blog\/#organization"},"image":{"@id":"https:\/\/www.iquilibrio.com\/blog\/astrologia\/jupiter-retrogrado-para-refletir-e-avaliar\/#primaryimage"},"thumbnailUrl":"https:\/\/www.iquilibrio.com\/blog\/wp-content\/uploads\/2017\/11\/jupiter.jpg","articleSection":["Astrologia"],"inLanguage":"pt-BR"},{"@type":"WebPage","@id":"https:\/\/www.iquilibrio.com\/blog\/astrologia\/jupiter-retrogrado-para-refletir-e-avaliar\/","url":"https:\/\/www.iquilibrio.com\/blog\/astrologia\/jupiter-retrogrado-para-refletir-e-avaliar\/","name":"Uma an\u00e1lise profunda com J\u00fapiter retr\u00f3grado","isPartOf":{"@id":"https:\/\/www.iquilibrio.com\/blog\/#website"},"primaryImageOfPage":{"@id":"https:\/\/www.iquilibrio.com\/blog\/astrologia\/jupiter-retrogrado-para-refletir-e-avaliar\/#primaryimage"},"image":{"@id":"https:\/\/www.iquilibrio.com\/blog\/astrologia\/jupiter-retrogrado-para-refletir-e-avaliar\/#primaryimage"},"thumbnailUrl":"https:\/\/www.iquilibrio.com\/blog\/wp-content\/uploads\/2017\/11\/jupiter.jpg","datePublished":"2024-10-07T01:59:19+00:00","dateModified":"2024-10-07T02:03:33+00:00","description":"Descubra como o J\u00fapiter Retr\u00f3grado impacta sua vida e como usar esse per\u00edodo de reflex\u00e3o para revisar metas e alcan\u00e7ar crescimento pessoal.","breadcrumb":{"@id":"https:\/\/www.iquilibrio.com\/blog\/astrologia\/jupiter-retrogrado-para-refletir-e-avaliar\/#breadcrumb"},"inLanguage":"pt-BR","potentialAction":[{"@type":"ReadAction","target":["https:\/\/www.iquilibrio.com\/blog\/astrologia\/jupiter-retrogrado-para-refletir-e-avaliar\/"]}]},{"@type":"ImageObject","inLanguage":"pt-BR","@id":"https:\/\/www.iquilibrio.com\/blog\/astrologia\/jupiter-retrogrado-para-refletir-e-avaliar\/#primaryimage","url":"https:\/\/www.iquilibrio.com\/blog\/wp-content\/uploads\/2017\/11\/jupiter.jpg","contentUrl":"https:\/\/www.iquilibrio.com\/blog\/wp-content\/uploads\/2017\/11\/jupiter.jpg","width":900,"height":560,"caption":"A chegada de J\u00fapiter retr\u00f3grado veio com uma oportunidade de refletir e crescer!"},{"@type":"BreadcrumbList","@id":"https:\/\/www.iquilibrio.com\/blog\/astrologia\/jupiter-retrogrado-para-refletir-e-avaliar\/#breadcrumb","itemListElement":[{"@type":"ListItem","position":1,"name":"In\u00edcio","item":"https:\/\/www.iquilibrio.com\/blog\/"},{"@type":"ListItem","position":2,"name":"J\u00fapiter Retr\u00f3grado traz um momento de reflex\u00e3o e de avalia\u00e7\u00e3o, por Deborah de Ob\u00e1"}]},{"@type":"WebSite","@id":"https:\/\/www.iquilibrio.com\/blog\/#website","url":"https:\/\/www.iquilibrio.com\/blog\/","name":"iQuilibrio","description":"Blog iQuilibrio","publisher":{"@id":"https:\/\/www.iquilibrio.com\/blog\/#organization"},"potentialAction":[{"@type":"SearchAction","target":{"@type":"EntryPoint","urlTemplate":"https:\/\/www.iquilibrio.com\/blog\/?s={search_term_string}"},"query-input":{"@type":"PropertyValueSpecification","valueRequired":true,"valueName":"search_term_string"}}],"inLanguage":"pt-BR"},{"@type":"Organization","@id":"https:\/\/www.iquilibrio.com\/blog\/#organization","name":"Esoterismo, Misticismo e Tarot Online - iQuilibrio","url":"https:\/\/www.iquilibrio.com\/blog\/","logo":{"@type":"ImageObject","inLanguage":"pt-BR","@id":"https:\/\/www.iquilibrio.com\/blog\/#\/schema\/logo\/image\/","url":"https:\/\/www.iquilibrio.com\/blog\/wp-content\/uploads\/2018\/12\/iquilibrio_lovo_vetor_preto-retina.png","contentUrl":"https:\/\/www.iquilibrio.com\/blog\/wp-content\/uploads\/2018\/12\/iquilibrio_lovo_vetor_preto-retina.png","width":972,"height":180,"caption":"Esoterismo, Misticismo e Tarot Online - iQuilibrio"},"image":{"@id":"https:\/\/www.iquilibrio.com\/blog\/#\/schema\/logo\/image\/"},"sameAs":["https:\/\/www.facebook.com\/iQuilibrio\/","https:\/\/x.com\/iquilibrio","https:\/\/www.instagram.com\/iquilibrio\/","https:\/\/www.linkedin.com\/company\/iquilibrio\/","https:\/\/br.pinterest.com\/iquilibrio1397\/","https:\/\/www.youtube.com\/channel\/UC175qxd-4Zsi4wzawT5zF2g"]},{"@type":"Person","@id":"https:\/\/www.iquilibrio.com\/blog\/#\/schema\/person\/d2f074e5b1b29087bc21673b609b4199","name":"Juliana Almeida Cordeiro","image":{"@type":"ImageObject","inLanguage":"pt-BR","@id":"https:\/\/www.iquilibrio.com\/blog\/wp-content\/uploads\/2024\/11\/IMG_20240925_202319_927-150x150.webp","url":"https:\/\/www.iquilibrio.com\/blog\/wp-content\/uploads\/2024\/11\/IMG_20240925_202319_927-150x150.webp","contentUrl":"https:\/\/www.iquilibrio.com\/blog\/wp-content\/uploads\/2024\/11\/IMG_20240925_202319_927-150x150.webp","caption":"Juliana Almeida Cordeiro"},"description":"Escritora, redatora, leitora \u00e1vida - inclusive de Tarot. Trabalho com as palavras para construir cada vez mais boas hist\u00f3rias, na fic\u00e7\u00e3o, nos blogs e na vida.","sameAs":["https:\/\/www.instagram.com\/leituraslunares","https:\/\/www.linkedin.com\/in\/jualmeidacordeiro\/"],"url":"https:\/\/www.iquilibrio.com\/blog\/author\/juliana-almeida\/"}]}},"_links":{"self":[{"href":"https:\/\/www.iquilibrio.com\/blog\/wp-json\/wp\/v2\/posts\/41124","targetHints":{"allow":["GET"]}}],"collection":[{"href":"https:\/\/www.iquilibrio.com\/blog\/wp-json\/wp\/v2\/posts"}],"about":[{"href":"https:\/\/www.iquilibrio.com\/blog\/wp-json\/wp\/v2\/types\/post"}],"author":[{"embeddable":true,"href":"https:\/\/www.iquilibrio.com\/blog\/wp-json\/wp\/v2\/users\/166"}],"replies":[{"embeddable":true,"href":"https:\/\/www.iquilibrio.com\/blog\/wp-json\/wp\/v2\/comments?post=41124"}],"version-history":[{"count":6,"href":"https:\/\/www.iquilibrio.com\/blog\/wp-json\/wp\/v2\/posts\/41124\/revisions"}],"predecessor-version":[{"id":41139,"href":"https:\/\/www.iquilibrio.com\/blog\/wp-json\/wp\/v2\/posts\/41124\/revisions\/41139"}],"wp:featuredmedia":[{"embeddable":true,"href":"https:\/\/www.iquilibrio.com\/blog\/wp-json\/wp\/v2\/media\/11460"}],"wp:attachment":[{"href":"https:\/\/www.iquilibrio.com\/blog\/wp-json\/wp\/v2\/media?parent=41124"}],"wp:term":[{"taxonomy":"category","embeddable":true,"href":"https:\/\/www.iquilibrio.com\/blog\/wp-json\/wp\/v2\/categories?post=41124"},{"taxonomy":"post_tag","embeddable":true,"href":"https:\/\/www.iquilibrio.com\/blog\/wp-json\/wp\/v2\/tags?post=41124"}],"curies":[{"name":"wp","href":"https:\/\/api.w.org\/{rel}","templated":true}]}}