{"id":41116,"date":"2024-11-05T07:34:09","date_gmt":"2024-11-05T10:34:09","guid":{"rendered":"https:\/\/www.iquilibrio.com\/blog\/?p=41116"},"modified":"2024-11-19T00:14:30","modified_gmt":"2024-11-19T03:14:30","slug":"calendario-astrologico-2025-principais-datas-e-energias-por-tatiana-marinho","status":"publish","type":"post","link":"https:\/\/www.iquilibrio.com\/blog\/astrologia\/calendario-astrologico-2025-principais-datas-e-energias-por-tatiana-marinho\/","title":{"rendered":"Calend\u00e1rio Astrol\u00f3gico 2025: Principais Datas e Energias, por Tatiana marinho"},"content":{"rendered":"<article class=\"w-full text-token-text-primary focus-visible:outline-2 focus-visible:outline-offset-[-4px]\" dir=\"auto\" data-testid=\"conversation-turn-21\" data-scroll-anchor=\"false\">\n<div class=\"text-base py-[18px] px-3 md:px-4 m-auto w-full md:px-5 lg:px-4 xl:px-5\">\n<div class=\"mx-auto flex flex-1 gap-4 text-base md:gap-5 lg:gap-6 md:max-w-3xl lg:max-w-[40rem] xl:max-w-[48rem]\">\n<div class=\"group\/conversation-turn relative flex w-full min-w-0 flex-col agent-turn\">\n<div class=\"flex-col gap-1 md:gap-3\">\n<div class=\"flex max-w-full flex-col flex-grow\">\n<div class=\"min-h-8 text-message flex w-full flex-col items-end gap-2 whitespace-normal break-words [.text-message+&amp;]:mt-5\" dir=\"auto\" data-message-author-role=\"assistant\" data-message-id=\"e61798ba-42f3-4f01-b41e-cbe5ebe4699e\">\n<div class=\"flex w-full flex-col gap-1 empty:hidden first:pt-[3px]\">\n<div class=\"markdown prose w-full break-words dark:prose-invert dark\">\n<p>O ano de 2025 promete ser repleto de eventos astrol\u00f3gicos marcantes, trazendo transforma\u00e7\u00f5es, oportunidades e desafios para todos os signos.<\/p>\n<p>Acompanhar o <strong>calend\u00e1rio astrol\u00f3gico 2025<\/strong> pode ajudar a aproveitar ao m\u00e1ximo as energias dos planetas e astros, al\u00e9m de guiar decis\u00f5es pessoais, profissionais e emocionais. Veja a seguir as datas mais importantes para ficar de olho!<\/p>\n<p><span class=\"td_btn td_btn_md td_round_btn\" style=\"background-color: #666699; color: #ffffff;\"><a style=\"background-color: #666699; color: #ffffff;\" href=\"https:\/\/www.iquilibrio.com\/astrologia\/?utm_campaign=blog_conversao&amp;utm_medium=texto_cta&amp;utm_source=blog&amp;utm_content=2024_cat_astrologia_art_calendario-astrologico-2025\" target=\"_blank\" rel=\"noopener\"><strong>Entenda melhor a si mesmo e aos outros com apoio de especialistas, clique aqui!<\/strong><\/a><\/span><\/p>\n<hr \/>\n<h2><b>Janeiro 2025: O come\u00e7o \u00e9 todo seu!<\/b><\/h2>\n<ul>\n<li style=\"font-weight: 400;\" aria-level=\"1\">\n<h4><b>03\/01:<\/b><span style=\"font-weight: 400;\"> V\u00eanus entra em Peixes<\/span><\/h4>\n<\/li>\n<\/ul>\n<p><span style=\"font-weight: 400;\">O ano come\u00e7a com V\u00eanus em Peixes, trazendo um clima rom\u00e2ntico e sonhador. Ideal para fazer promessas de amor que podem durar o ano todo. Celebre o <\/span><b>Ano Novo<\/b><span style=\"font-weight: 400;\"> com esperan\u00e7as renovadas e amores inesperados! Romance, criatividade e sonhos est\u00e3o em alta. Um bom momento para os amores plat\u00f4nicos e para imaginar mil futuros.<\/span><\/p>\n<p><span style=\"font-weight: 400;\">S\u00f3 cuidado para n\u00e3o perder o ch\u00e3o, ok?<\/span><\/p>\n<ul>\n<li style=\"font-weight: 400;\" aria-level=\"1\">\n<h4><b>06\/01:<\/b><span style=\"font-weight: 400;\"> Marte entra em C\u00e2ncer<\/span><\/h4>\n<\/li>\n<\/ul>\n<p><span style=\"font-weight: 400;\">A energia de Marte em C\u00e2ncer traz um foco nas emo\u00e7\u00f5es e na fam\u00edlia. O <\/span><b>Dia de Reis (06\/01)<\/b><span style=\"font-weight: 400;\"> \u00e9 o momento perfeito para refletir sobre os la\u00e7os familiares e preparar o lar para o ano que se inicia. A\u00e7\u00f5es movidas pela emo\u00e7\u00e3o! Se prepare para defender sua casa e seus ideais como um guerreiro em pleno modo &#8220;mam\u00e3e&#8221;.<\/span><\/p>\n<ul>\n<li style=\"font-weight: 400;\" aria-level=\"1\">\n<h4><b>08\/01:<\/b><span style=\"font-weight: 400;\"> Merc\u00fario entra em Capric\u00f3rnio<\/span><\/h4>\n<\/li>\n<\/ul>\n<p><span style=\"font-weight: 400;\">Merc\u00fario em Capric\u00f3rnio favorece a comunica\u00e7\u00e3o pr\u00e1tica e a organiza\u00e7\u00e3o. Um bom tempo para rever resolu\u00e7\u00f5es de Ano Novo e ajustar metas. O foco est\u00e1 em finan\u00e7as e estabilidade, fundamentais ap\u00f3s as festas. Planejamento s\u00e9rio e focado. Cuidado com as palavras afiadas, mas use a mente para construir seus sonhos com efici\u00eancia.<\/span><\/p>\n<ul>\n<li style=\"font-weight: 400;\" aria-level=\"1\">\n<h4><b>13\/01:<\/b><span style=\"font-weight: 400;\"> Lua Cheia em C\u00e2ncer<\/span><\/h4>\n<\/li>\n<\/ul>\n<p><span style=\"font-weight: 400;\">A Lua Cheia em C\u00e2ncer traz emo\u00e7\u00f5es \u00e0 tona, ideal para se reconectar com a fam\u00edlia. Use essa energia para curar relacionamentos e fortalecer la\u00e7os, especialmente no <\/span><b>m\u00eas do retorno \u00e0s aulas<\/b><span style=\"font-weight: 400;\">.\u00a0<\/span><\/p>\n<ul>\n<li style=\"font-weight: 400;\" aria-level=\"1\">\n<h4><b>19\/01:<\/b><span style=\"font-weight: 400;\"> Sol entra em Aqu\u00e1rio<\/span><\/h4>\n<\/li>\n<\/ul>\n<p><span style=\"font-weight: 400;\">A entrada do Sol em Aqu\u00e1rio estimula a criatividade e a inova\u00e7\u00e3o. Aproveite o esp\u00edrito de <\/span><b>Liberdade e Igualdade<\/b><span style=\"font-weight: 400;\"> que Aqu\u00e1rio traz, perfeito para discutir ideias novas e surpreendentes! Os exc\u00eantricos t\u00eam sua chance de brilhar!<\/span><\/p>\n<ul>\n<li style=\"font-weight: 400;\" aria-level=\"1\">\n<h4><b>27\/01:<\/b><span style=\"font-weight: 400;\"> Merc\u00fario entra em Aqu\u00e1rio<\/span><\/h4>\n<\/li>\n<\/ul>\n<p><span style=\"font-weight: 400;\">O racioc\u00ednio se torna mais inovador e original com Merc\u00fario em Aqu\u00e1rio. Prepare-se para novas ideias e abordagens criativas em sua vida pessoal e profissional. Hora de pensar fora da caixa. Converse sobre teorias mirabolantes e fa\u00e7a planos inovadores.<\/span><\/p>\n<ul>\n<li style=\"font-weight: 400;\" aria-level=\"1\">\n<h4><b>29\/01:<\/b><span style=\"font-weight: 400;\"> Lua Nova em Aqu\u00e1rio<\/span><\/h4>\n<\/li>\n<\/ul>\n<p><span style=\"font-weight: 400;\">Uma Lua Nova para iniciar projetos inovadores e originais. \u00c9 a hora perfeita para definir inten\u00e7\u00f5es para o futuro, especialmente nas \u00e1reas de amizade e redes sociais. Hora de plantar sementes de inova\u00e7\u00e3o e liberdade. Novos projetos de vida pedem ousadia!<\/span><\/p>\n<ul>\n<li style=\"font-weight: 400;\" aria-level=\"1\">\n<h4><b>30\/01:<\/b><span style=\"font-weight: 400;\"> Fim de Urano Retr\u00f3grado em Touro<\/span><\/h4>\n<\/li>\n<\/ul>\n<p><span style=\"font-weight: 400;\">Com Urano retomando o movimento direto, surpresas positivas nas finan\u00e7as e no lar podem acontecer. Espere por inova\u00e7\u00f5es que trazem conforto e seguran\u00e7a.<\/span><\/p>\n<hr \/>\n<p>&nbsp;<\/p>\n<h2><b>Fevereiro 2025: A\u00e7\u00e3o e Conex\u00f5es<\/b><\/h2>\n<ul>\n<li style=\"font-weight: 400;\" aria-level=\"1\">\n<h4><b>04\/02:<\/b><span style=\"font-weight: 400;\"> V\u00eanus entra em \u00c1ries<\/span><\/h4>\n<\/li>\n<\/ul>\n<p><span style=\"font-weight: 400;\">V\u00eanus em \u00c1ries traz paix\u00e3o e espontaneidade. O clima \u00e9 perfeito para um <\/span><b>Dia dos Namorados (12\/06)<\/b><span style=\"font-weight: 400;\"> antecipado, onde a\u00e7\u00f5es rom\u00e2nticas e ousadas s\u00e3o bem-vindas!<\/span><\/p>\n<ul>\n<li style=\"font-weight: 400;\" aria-level=\"1\">\n<h4><b>04\/02:<\/b><span style=\"font-weight: 400;\"> Fim de J\u00fapiter Retr\u00f3grado em G\u00eameos<\/span><\/h4>\n<\/li>\n<\/ul>\n<p><span style=\"font-weight: 400;\">O fim do retr\u00f3grado de J\u00fapiter traz novas oportunidades de expans\u00e3o e crescimento. Prepare-se para aprender e ensinar, especialmente durante o <\/span><b>m\u00eas de volta \u00e0s aulas<\/b><span style=\"font-weight: 400;\">.<\/span><\/p>\n<ul>\n<li style=\"font-weight: 400;\" aria-level=\"1\">\n<h4><b>12\/02:<\/b><span style=\"font-weight: 400;\"> Lua Cheia em Le\u00e3o<\/span><\/h4>\n<\/li>\n<\/ul>\n<p><span style=\"font-weight: 400;\">A Lua Cheia em Le\u00e3o ilumina o cora\u00e7\u00e3o e o palco. \u00c9 um \u00f3timo momento para brilhar e se destacar. Aproveite a energia criativa para eventos sociais, especialmente na \u00e9poca do <\/span><b>Carnaval<\/b><span style=\"font-weight: 400;\">.<\/span><\/p>\n<ul>\n<li style=\"font-weight: 400;\" aria-level=\"1\">\n<h4><b>14\/02:<\/b><span style=\"font-weight: 400;\"> Merc\u00fario entra em Peixes<\/span><\/h4>\n<\/li>\n<\/ul>\n<p><span style=\"font-weight: 400;\">Merc\u00fario em Peixes estimula a intui\u00e7\u00e3o e a criatividade. Prepare-se para conversas profundas e inspiradoras, uma oportunidade perfeita para discuss\u00f5es sobre o <\/span><b>Dia de S\u00e3o Valentim<\/b><span style=\"font-weight: 400;\">.<\/span><\/p>\n<ul>\n<li style=\"font-weight: 400;\" aria-level=\"1\">\n<h4><b>18\/02:<\/b><span style=\"font-weight: 400;\"> Sol entra em Peixes<\/span><\/h4>\n<\/li>\n<\/ul>\n<p><span style=\"font-weight: 400;\">O Sol em Peixes traz um clima de compaix\u00e3o e espiritualidade. Prepare-se para o <\/span><b>M\u00eas do Carnaval<\/b><span style=\"font-weight: 400;\">, onde a energia criativa \u00e9 alta e as express\u00f5es art\u00edsticas florescem.<\/span><\/p>\n<ul>\n<li style=\"font-weight: 400;\" aria-level=\"1\">\n<h4><b>23\/02:<\/b><span style=\"font-weight: 400;\"> Fim de Marte Retr\u00f3grado<\/span><\/h4>\n<\/li>\n<\/ul>\n<p><span style=\"font-weight: 400;\">O fim do retr\u00f3grado de Marte traz energia renovada e motiva\u00e7\u00e3o. Um \u00f3timo momento para a\u00e7\u00f5es decisivas, especialmente para quem planeja viajar ou se aventurar.<\/span><\/p>\n<ul>\n<li style=\"font-weight: 400;\" aria-level=\"1\">\n<h4><b>27\/02:<\/b><span style=\"font-weight: 400;\"> Lua Nova em Peixes<\/span><\/h4>\n<\/li>\n<\/ul>\n<p><span style=\"font-weight: 400;\">A Lua Nova em Peixes \u00e9 ideal para novos come\u00e7os e para se conectar com seus sonhos. \u00c9 a hora de estabelecer inten\u00e7\u00f5es espirituais e criativas que poder\u00e3o florescer ao longo do ano.<\/span><\/p>\n<hr \/>\n<h2><b>Mar\u00e7o 2025: Renova\u00e7\u00e3o e Reavalia\u00e7\u00e3o &#8211; O Ano Novo Astrol\u00f3gico Vem A\u00ed!<\/b><\/h2>\n<ul>\n<li style=\"font-weight: 400;\" aria-level=\"1\">\n<h4><b>01\/03:<\/b><span style=\"font-weight: 400;\"> V\u00eanus Retr\u00f3grado em \u00c1ries<\/span><\/h4>\n<\/li>\n<\/ul>\n<p><span style=\"font-weight: 400;\">Com V\u00eanus retr\u00f3grado, quest\u00f5es de amor e relacionamentos v\u00eam \u00e0 tona. Uma boa \u00e9poca para reavaliar conex\u00f5es e definir o que realmente queremos em nossos relacionamentos.<\/span><\/p>\n<ul>\n<li style=\"font-weight: 400;\" aria-level=\"1\">\n<h4><b>03\/03:<\/b><span style=\"font-weight: 400;\"> Merc\u00fario entra em \u00c1ries<\/span><\/h4>\n<\/li>\n<\/ul>\n<p><span style=\"font-weight: 400;\">Merc\u00fario em \u00c1ries traz comunica\u00e7\u00e3o direta e r\u00e1pida. Perfeito para assertividade nos neg\u00f3cios e para falar o que est\u00e1 na mente de forma clara.<\/span><\/p>\n<ul>\n<li style=\"font-weight: 400;\" aria-level=\"1\">\n<h4><b>14\/03:<\/b><span style=\"font-weight: 400;\"> Lua Cheia em Virgem e Eclipse Lunar Total em Virgem<\/span><\/h4>\n<\/li>\n<\/ul>\n<p><span style=\"font-weight: 400;\">Essa Lua Cheia traz \u00e0 tona quest\u00f5es de sa\u00fade e bem-estar. Aproveite para revisar h\u00e1bitos e fazer ajustes necess\u00e1rios. O eclipse intensifica as emo\u00e7\u00f5es e traz revela\u00e7\u00f5es profundas.<\/span><\/p>\n<ul>\n<li style=\"font-weight: 400;\" aria-level=\"1\">\n<h4><b>15\/03:<\/b><span style=\"font-weight: 400;\"> Merc\u00fario Retr\u00f3grado em \u00c1ries<\/span><\/h4>\n<\/li>\n<\/ul>\n<p><span style=\"font-weight: 400;\">Com Merc\u00fario retr\u00f3grado, as comunica\u00e7\u00f5es podem ficar confusas. Tenha cuidado ao tomar decis\u00f5es e evite mal-entendidos durante esse per\u00edodo.<\/span><\/p>\n<ul>\n<li style=\"font-weight: 400;\" aria-level=\"1\">\n<h4><b>20\/03:<\/b><span style=\"font-weight: 400;\"> Sol entra em \u00c1ries (Equin\u00f3cio de Outono e Ano Novo Astrol\u00f3gico)<\/span><\/h4>\n<\/li>\n<\/ul>\n<p><span style=\"font-weight: 400;\">O in\u00edcio do Ano Novo Astrol\u00f3gico traz novas energias e oportunidades. Celebre o <\/span><b>Dia Internacional da Felicidade (20\/03)<\/b><span style=\"font-weight: 400;\"> refletindo sobre o que te faz feliz.<\/span><\/p>\n<ul>\n<li style=\"font-weight: 400;\" aria-level=\"1\">\n<h4><b>26\/03:<\/b><span style=\"font-weight: 400;\"> Lilith entra em Escorpi\u00e3o<\/span><\/h4>\n<\/li>\n<\/ul>\n<p><span style=\"font-weight: 400;\">Lilith em Escorpi\u00e3o intensifica as emo\u00e7\u00f5es e pode trazer \u00e0 tona quest\u00f5es ocultas. \u00c9 um bom momento para olhar para dentro e confrontar medos e desejos.<\/span><\/p>\n<ul>\n<li style=\"font-weight: 400;\" aria-level=\"1\">\n<h4><b>29\/03:<\/b><span style=\"font-weight: 400;\"> Lua Nova em \u00c1ries e Eclipse Solar Parcial em \u00c1ries<\/span><\/h4>\n<\/li>\n<\/ul>\n<p><span style=\"font-weight: 400;\">A Lua Nova em \u00c1ries \u00e9 o momento perfeito para definir novas inten\u00e7\u00f5es. O eclipse traz oportunidades inesperadas, especialmente em novas aventuras.<\/span><\/p>\n<ul>\n<li style=\"font-weight: 400;\" aria-level=\"1\">\n<h4><b>30\/03:<\/b><span style=\"font-weight: 400;\"> Netuno entra em \u00c1ries<\/span><\/h4>\n<\/li>\n<\/ul>\n<p><span style=\"font-weight: 400;\">Netuno em \u00c1ries traz um novo ciclo de espiritualidade e autodescoberta. Um convite a buscar seu verdadeiro eu e expandir a consci\u00eancia.<\/span><\/p>\n<hr \/>\n<h2><b>Abril 2025: A\u00e7\u00e3o e Harmoniza\u00e7\u00e3o &#8211; O amor est\u00e1 no ar, ser\u00e1?<\/b><\/h2>\n<ul>\n<li style=\"font-weight: 400;\" aria-level=\"1\">\n<h4><b>07\/04:<\/b><span style=\"font-weight: 400;\"> Fim de Merc\u00fario Retr\u00f3grado em \u00c1ries<\/span><\/h4>\n<\/li>\n<\/ul>\n<p><span style=\"font-weight: 400;\">Com Merc\u00fario voltando ao movimento direto, \u00e9 hora de retomar planos e ideias que estavam paradas. Aproveite para fazer ajustes nas comunica\u00e7\u00f5es.<\/span><\/p>\n<ul>\n<li style=\"font-weight: 400;\" aria-level=\"1\">\n<h4><b>12\/04:<\/b><span style=\"font-weight: 400;\"> Lua Cheia em Libra<\/span><\/h4>\n<\/li>\n<\/ul>\n<p><span style=\"font-weight: 400;\">A Lua Cheia em Libra traz um foco nas rela\u00e7\u00f5es. \u00c9 um bom momento para equilibrar parcerias e buscar harmonia. O <\/span><b>Dia Mundial da Sa\u00fade (07\/04)<\/b><span style=\"font-weight: 400;\"> tamb\u00e9m pede aten\u00e7\u00e3o ao bem-estar.<\/span><\/p>\n<ul>\n<li style=\"font-weight: 400;\" aria-level=\"1\">\n<h4><b>12\/04:<\/b><span style=\"font-weight: 400;\"> Fim de V\u00eanus Retr\u00f3grado<\/span><\/h4>\n<\/li>\n<\/ul>\n<p><span style=\"font-weight: 400;\">O fim do retr\u00f3grado de V\u00eanus traz clareza nos relacionamentos. As rela\u00e7\u00f5es amorosas ficam mais fortes e saud\u00e1veis.<\/span><\/p>\n<ul>\n<li style=\"font-weight: 400;\" aria-level=\"1\">\n<h4><b>16\/04:<\/b><span style=\"font-weight: 400;\"> Merc\u00fario entra em Touro<\/span><\/h4>\n<\/li>\n<\/ul>\n<p><span style=\"font-weight: 400;\">Merc\u00fario em Touro traz foco nas finan\u00e7as e seguran\u00e7a material. Ideal para fazer planos financeiros e buscar estabilidade.<\/span><\/p>\n<ul>\n<li style=\"font-weight: 400;\" aria-level=\"1\">\n<h4><b>18\/04:<\/b><span style=\"font-weight: 400;\"> Marte entra em Le\u00e3o<\/span><\/h4>\n<\/li>\n<\/ul>\n<p><span style=\"font-weight: 400;\">Marte em Le\u00e3o traz uma energia poderosa e criativa. Prepare-se para se destacar e mostrar suas habilidades, especialmente em apresenta\u00e7\u00f5es.<\/span><\/p>\n<ul>\n<li style=\"font-weight: 400;\" aria-level=\"1\">\n<h4><b>19\/04:<\/b><span style=\"font-weight: 400;\"> Sol entra em Touro<\/span><\/h4>\n<\/li>\n<\/ul>\n<p><span style=\"font-weight: 400;\">O Sol em Touro traz um ar de estabilidade e prazer. \u00c9 hora de apreciar a vida e os pequenos prazeres, com um foco especial em finan\u00e7as e beleza.<\/span><\/p>\n<ul>\n<li style=\"font-weight: 400;\" aria-level=\"1\">\n<h4><b>27\/04:<\/b><span style=\"font-weight: 400;\"> Lua Nova em Touro<\/span><\/h4>\n<\/li>\n<\/ul>\n<p><span style=\"font-weight: 400;\">Uma Lua Nova em Touro \u00e9 perfeita para estabelecer metas financeiras e de seguran\u00e7a. Plantar as sementes para a abund\u00e2ncia que deseja alcan\u00e7ar.<\/span><\/p>\n<ul>\n<li style=\"font-weight: 400;\" aria-level=\"1\">\n<h4><b>30\/04:<\/b><span style=\"font-weight: 400;\"> V\u00eanus entra em G\u00eameos<\/span><\/h4>\n<\/li>\n<\/ul>\n<p><span style=\"font-weight: 400;\">V\u00eanus em G\u00eameos traz um clima leve e comunicativo nos relacionamentos. \u00c9 um bom momento para socializar e fazer novas conex\u00f5es.<\/span><\/p>\n<hr \/>\n<h2><b>Maio 2025: Crescimento e Reavalia\u00e7\u00e3o<\/b><\/h2>\n<ul>\n<li style=\"font-weight: 400;\" aria-level=\"1\">\n<h4><b>04\/05:<\/b><span style=\"font-weight: 400;\"> Plut\u00e3o Retr\u00f3grado em Aqu\u00e1rio<\/span><\/h4>\n<\/li>\n<\/ul>\n<p><span style=\"font-weight: 400;\">O in\u00edcio do retr\u00f3grado de Plut\u00e3o pede uma revis\u00e3o das rela\u00e7\u00f5es sociais e dos ideais coletivos. Uma boa \u00e9poca para questionar velhas cren\u00e7as e se abrir para novas perspectivas.<\/span><\/p>\n<ul>\n<li style=\"font-weight: 400;\" aria-level=\"1\">\n<h4><b>10\/05:<\/b><span style=\"font-weight: 400;\"> Merc\u00fario entra em Touro<\/span><\/h4>\n<\/li>\n<\/ul>\n<p><span style=\"font-weight: 400;\">Merc\u00fario em Touro \u00e9 ideal para conversas pr\u00e1ticas e planejamento financeiro. Aproveite para rever suas finan\u00e7as e tomar decis\u00f5es mais acertadas.<\/span><\/p>\n<ul>\n<li style=\"font-weight: 400;\" aria-level=\"1\">\n<h4><b>12\/05:<\/b><span style=\"font-weight: 400;\"> Lua Cheia em Escorpi\u00e3o<\/span><\/h4>\n<\/li>\n<\/ul>\n<p><span style=\"font-weight: 400;\">A Lua Cheia em Escorpi\u00e3o traz uma intensidade emocional. \u00c9 um momento de transforma\u00e7\u00e3o e libera\u00e7\u00e3o, perfeito para se desfazer do que n\u00e3o serve mais.<\/span><\/p>\n<ul>\n<li style=\"font-weight: 400;\" aria-level=\"1\">\n<h4><b>15\/05:<\/b><span style=\"font-weight: 400;\"> Sol entra em G\u00eameos<\/span><\/h4>\n<\/li>\n<\/ul>\n<p><span style=\"font-weight: 400;\">O Sol em G\u00eameos traz curiosidade e um desejo de aprender. A comunica\u00e7\u00e3o e a socializa\u00e7\u00e3o est\u00e3o em alta, perfeitas para encontros e eventos.<\/span><\/p>\n<ul>\n<li style=\"font-weight: 400;\" aria-level=\"1\">\n<h4><b>18\/05:<\/b><span style=\"font-weight: 400;\"> V\u00eanus entra em C\u00e2ncer<\/span><\/h4>\n<\/li>\n<\/ul>\n<p><span style=\"font-weight: 400;\">V\u00eanus em C\u00e2ncer intensifica as emo\u00e7\u00f5es nas rela\u00e7\u00f5es. Uma \u00f3tima \u00e9poca para criar la\u00e7os mais fortes com a fam\u00edlia e os amigos.<\/span><\/p>\n<ul>\n<li style=\"font-weight: 400;\" aria-level=\"1\">\n<h4><b>21\/05:<\/b><span style=\"font-weight: 400;\"> Lua Nova em G\u00eameos<\/span><\/h4>\n<\/li>\n<\/ul>\n<p><span style=\"font-weight: 400;\">A Lua Nova em G\u00eameos \u00e9 perfeita para novos come\u00e7os em comunica\u00e7\u00f5es e aprendizagens. Ideal para explorar novos interesses e compartilhar ideias.<\/span><\/p>\n<ul>\n<li style=\"font-weight: 400;\" aria-level=\"1\">\n<h4><b>30\/05:<\/b><span style=\"font-weight: 400;\"> Merc\u00fario entra em G\u00eameos<\/span><\/h4>\n<\/li>\n<\/ul>\n<p><span style=\"font-weight: 400;\">Merc\u00fario em G\u00eameos traz uma comunica\u00e7\u00e3o r\u00e1pida e curiosa. A mente estar\u00e1 afiada, ideal para aprender e ensinar, especialmente em ambientes sociais.<\/span><\/p>\n<hr \/>\n<h2><b>Junho 2025: Aprofundamento e Reflex\u00e3o &#8211; O m\u00eas da colheita emocional<\/b><\/h2>\n<ul>\n<li style=\"font-weight: 400;\" aria-level=\"1\">\n<h4><b>02\/06:<\/b><span style=\"font-weight: 400;\"> Fim de J\u00fapiter Retr\u00f3grado em G\u00eameos<\/span><\/h4>\n<\/li>\n<\/ul>\n<p><span style=\"font-weight: 400;\">O retorno direto de J\u00fapiter traz novas oportunidades e expans\u00e3o. \u00c9 um bom momento para seguir adiante com seus planos e sonhos.<\/span><\/p>\n<ul>\n<li style=\"font-weight: 400;\" aria-level=\"1\">\n<h4><b>03\/06:<\/b><span style=\"font-weight: 400;\"> Lua Cheia em Sagit\u00e1rio<\/span><\/h4>\n<\/li>\n<\/ul>\n<p><span style=\"font-weight: 400;\">A Lua Cheia em Sagit\u00e1rio ilumina quest\u00f5es de filosofia e aprendizado. \u00c9 hora de expandir os horizontes e buscar novas aventuras.<\/span><\/p>\n<ul>\n<li style=\"font-weight: 400;\" aria-level=\"1\">\n<h4><b>05\/06:<\/b><span style=\"font-weight: 400;\"> Merc\u00fario Retr\u00f3grado em G\u00eameos<\/span><\/h4>\n<\/li>\n<\/ul>\n<p><span style=\"font-weight: 400;\">Merc\u00fario retr\u00f3grado em G\u00eameos traz confus\u00f5es nas comunica\u00e7\u00f5es. Uma boa \u00e9poca para revisar projetos antigos e repensar abordagens.<\/span><\/p>\n<ul>\n<li style=\"font-weight: 400;\" aria-level=\"1\">\n<h4><b>12\/06:<\/b><span style=\"font-weight: 400;\"> V\u00eanus entra em Le\u00e3o<\/span><\/h4>\n<\/li>\n<\/ul>\n<p><span style=\"font-weight: 400;\">V\u00eanus em Le\u00e3o traz paix\u00e3o e criatividade. Prepare-se para um clima rom\u00e2ntico e vibrante, ideal para o <\/span><b>Dia dos Namorados (12\/06)<\/b><span style=\"font-weight: 400;\">.<\/span><\/p>\n<ul>\n<li style=\"font-weight: 400;\" aria-level=\"1\">\n<h4><b>21\/06:<\/b><span style=\"font-weight: 400;\"> Sol entra em C\u00e2ncer (In\u00edcio do Inverno)<\/span><\/h4>\n<\/li>\n<\/ul>\n<p><span style=\"font-weight: 400;\">O Sol em C\u00e2ncer traz foco nas emo\u00e7\u00f5es e nas rela\u00e7\u00f5es familiares. Aproveite para cuidar dos la\u00e7os afetivos e do seu bem-estar emocional.<\/span><\/p>\n<ul>\n<li style=\"font-weight: 400;\" aria-level=\"1\">\n<h4><b>28\/06:<\/b><span style=\"font-weight: 400;\"> Lua Nova em C\u00e2ncer<\/span><\/h4>\n<\/li>\n<\/ul>\n<p><span style=\"font-weight: 400;\">A Lua Nova em C\u00e2ncer \u00e9 ideal para novos come\u00e7os nas rela\u00e7\u00f5es familiares. \u00c9 hora de estabelecer inten\u00e7\u00f5es para um lar mais acolhedor e seguro.<\/span><\/p>\n<hr \/>\n<h2><b>Julho 2025: Introspec\u00e7\u00e3o e Conex\u00f5es &#8211; Um m\u00eas para sair do casulo e brilhar<\/b><\/h2>\n<ul>\n<li style=\"font-weight: 400;\" aria-level=\"1\">\n<h4><b>02\/07:<\/b><span style=\"font-weight: 400;\"> Merc\u00fario em C\u00e2ncer<\/span><\/h4>\n<\/li>\n<\/ul>\n<p><span style=\"font-weight: 400;\">Merc\u00fario em C\u00e2ncer estimula conversas mais emocionais e \u00edntimas. Ideal para aprofundar la\u00e7os e cuidar de relacionamentos importantes.<\/span><\/p>\n<ul>\n<li style=\"font-weight: 400;\" aria-level=\"1\">\n<h4><b>06\/07:<\/b><span style=\"font-weight: 400;\"> Lua Cheia em Capric\u00f3rnio<\/span><\/h4>\n<\/li>\n<\/ul>\n<p><span style=\"font-weight: 400;\">A Lua Cheia em Capric\u00f3rnio traz um foco nas ambi\u00e7\u00f5es e no trabalho. \u00c9 uma boa \u00e9poca para revisar suas metas de carreira e refletir sobre o que precisa ser ajustado.<\/span><\/p>\n<ul>\n<li style=\"font-weight: 400;\" aria-level=\"1\">\n<h4><b>10\/07:<\/b><span style=\"font-weight: 400;\"> V\u00eanus Retr\u00f3grado em Le\u00e3o<\/span><\/h4>\n<\/li>\n<\/ul>\n<p><span style=\"font-weight: 400;\">O retr\u00f3grado de V\u00eanus pode trazer quest\u00f5es do passado \u00e0 tona. Uma boa \u00e9poca para refletir sobre relacionamentos e se reconectar com o que \u00e9 importante.<\/span><\/p>\n<ul>\n<li style=\"font-weight: 400;\" aria-level=\"1\">\n<h4><b>12\/07:<\/b><span style=\"font-weight: 400;\"> Merc\u00fario entra em Le\u00e3o<\/span><\/h4>\n<\/li>\n<\/ul>\n<p><span style=\"font-weight: 400;\">Merc\u00fario em Le\u00e3o traz uma comunica\u00e7\u00e3o assertiva e criativa. Ideal para apresenta\u00e7\u00f5es e para mostrar seu talento.<\/span><\/p>\n<ul>\n<li style=\"font-weight: 400;\" aria-level=\"1\">\n<h4><b>19\/07:<\/b><span style=\"font-weight: 400;\"> Lua Nova em Le\u00e3o<\/span><\/h4>\n<\/li>\n<\/ul>\n<p><span style=\"font-weight: 400;\">Uma Lua Nova em Le\u00e3o \u00e9 perfeita para novos come\u00e7os criativos e art\u00edsticos. Aproveite para se expressar e se conectar com o que realmente ama.<\/span><\/p>\n<ul>\n<li style=\"font-weight: 400;\" aria-level=\"1\">\n<h4><b>24\/07:<\/b><span style=\"font-weight: 400;\"> Marte entra em Virgem<\/span><\/h4>\n<\/li>\n<\/ul>\n<p><span style=\"font-weight: 400;\">Marte em Virgem traz foco na produtividade e no trabalho. Prepare-se para colocar em pr\u00e1tica seus planos de carreira e melhorar a efici\u00eancia.<\/span><\/p>\n<hr \/>\n<h2><b>Agosto 2025: Estrutura e Aprofundamento &#8211; Entre a a\u00e7\u00e3o e a paix\u00e3o<\/b><\/h2>\n<ul>\n<li style=\"font-weight: 400;\" aria-level=\"1\">\n<h4><b>01\/08:<\/b><span style=\"font-weight: 400;\"> Fim de V\u00eanus Retr\u00f3grado em Le\u00e3o<\/span><\/h4>\n<p><span style=\"font-weight: 400;\">O fim do retr\u00f3grado de V\u00eanus traz clareza nas rela\u00e7\u00f5es. \u00c9 um bom momento para reavaliar o que foi aprendido sobre amor e relacionamentos.<\/span><\/li>\n<\/ul>\n<p>&nbsp;<\/p>\n<ul>\n<li style=\"font-weight: 400;\" aria-level=\"1\">\n<h4><b>05\/08:<\/b><span style=\"font-weight: 400;\"> Lua Cheia em Aqu\u00e1rio<\/span><\/h4>\n<\/li>\n<\/ul>\n<p><span style=\"font-weight: 400;\">A Lua Cheia em Aqu\u00e1rio traz \u00e0 tona quest\u00f5es sociais e coletivas. \u00c9 hora de se conectar com a comunidade e fazer algo que beneficie todos.<\/span><\/p>\n<ul>\n<li style=\"font-weight: 400;\" aria-level=\"1\">\n<h4><b>10\/08:<\/b><span style=\"font-weight: 400;\"> Merc\u00fario entra em Virgem<\/span><\/h4>\n<\/li>\n<\/ul>\n<p><span style=\"font-weight: 400;\">Merc\u00fario em Virgem traz um foco pr\u00e1tico e anal\u00edtico. \u00c9 uma boa \u00e9poca para revisar projetos e ajustar detalhes importantes.<\/span><\/p>\n<ul>\n<li style=\"font-weight: 400;\" aria-level=\"1\">\n<h4><b>16\/08:<\/b><span style=\"font-weight: 400;\"> V\u00eanus entra em Virgem<\/span><\/h4>\n<\/li>\n<\/ul>\n<p><span style=\"font-weight: 400;\">V\u00eanus em Virgem busca rela\u00e7\u00f5es mais pr\u00e1ticas e saud\u00e1veis. Uma boa \u00e9poca para cuidar da sa\u00fade e do bem-estar emocional.<\/span><\/p>\n<ul>\n<li style=\"font-weight: 400;\" aria-level=\"1\">\n<h4><b>23\/08:<\/b><span style=\"font-weight: 400;\"> Lua Nova em Virgem<\/span><\/h4>\n<\/li>\n<\/ul>\n<p><span style=\"font-weight: 400;\">A Lua Nova em Virgem \u00e9 ideal para novos come\u00e7os em sa\u00fade e trabalho. \u00c9 hora de estabelecer inten\u00e7\u00f5es para uma vida mais equilibrada.<\/span><\/p>\n<ul>\n<li style=\"font-weight: 400;\" aria-level=\"1\">\n<h4><b>27\/08:<\/b><span style=\"font-weight: 400;\"> Marte em Libra<\/span><\/h4>\n<\/li>\n<\/ul>\n<p><span style=\"font-weight: 400;\">Marte em Libra traz foco nas rela\u00e7\u00f5es e na busca por equil\u00edbrio. Uma boa \u00e9poca para resolver conflitos e harmonizar parcerias.<\/span><\/p>\n<hr \/>\n<h2><b>Setembro 2025: Reflex\u00e3o e Crescimento \u2013 Entre o sonho e a realidade<\/b><\/h2>\n<ul>\n<li style=\"font-weight: 400;\" aria-level=\"1\">\n<h4><b>05\/09:<\/b><span style=\"font-weight: 400;\"> Lua Cheia em Peixes<\/span><\/h4>\n<\/li>\n<\/ul>\n<p><span style=\"font-weight: 400;\">A Lua Cheia em Peixes traz \u00e0 tona emo\u00e7\u00f5es e intui\u00e7\u00f5es. \u00c9 um bom momento para refletir sobre sonhos e buscar inspira\u00e7\u00e3o espiritual.<\/span><\/p>\n<ul>\n<li style=\"font-weight: 400;\" aria-level=\"1\">\n<h4><b>10\/09:<\/b><span style=\"font-weight: 400;\"> Merc\u00fario Retr\u00f3grado em Libra<\/span><\/h4>\n<\/li>\n<\/ul>\n<p><span style=\"font-weight: 400;\">Merc\u00fario retr\u00f3grado em Libra traz desafios nas comunica\u00e7\u00f5es. Uma boa \u00e9poca para reavaliar relacionamentos e buscar solu\u00e7\u00f5es pac\u00edficas.<\/span><\/p>\n<ul>\n<li style=\"font-weight: 400;\" aria-level=\"1\">\n<h4><b>22\/09:<\/b><span style=\"font-weight: 400;\"> Sol entra em Libra (Equin\u00f3cio de Primavera)<\/span><\/h4>\n<\/li>\n<\/ul>\n<p><span style=\"font-weight: 400;\">O Sol em Libra traz foco nas rela\u00e7\u00f5es e na busca por harmonia. Celebre o <\/span><b>Dia da \u00c1rvore (21\/09)<\/b><span style=\"font-weight: 400;\">, refletindo sobre a import\u00e2ncia do equil\u00edbrio na natureza e na vida.<\/span><\/p>\n<ul>\n<li style=\"font-weight: 400;\" aria-level=\"1\">\n<h4><b>29\/09:<\/b><span style=\"font-weight: 400;\"> V\u00eanus entra em Libra<\/span><\/h4>\n<\/li>\n<\/ul>\n<p><span style=\"font-weight: 400;\">V\u00eanus em Libra traz um clima rom\u00e2ntico e harmonioso. Aproveite para cultivar relacionamentos e buscar beleza em todas as \u00e1reas da vida.<\/span><\/p>\n<hr \/>\n<h2><b>Outubro 2025: Transforma\u00e7\u00f5es, Rein\u00edcios e Harmonia<\/b><\/h2>\n<ul>\n<li style=\"font-weight: 400;\" aria-level=\"1\">\n<h4><b>06\/10:<\/b><span style=\"font-weight: 400;\"> Merc\u00fario entra em Escorpi\u00e3o<\/span><\/h4>\n<\/li>\n<\/ul>\n<p><span style=\"font-weight: 400;\">O m\u00eas come\u00e7a com um tom mais introspectivo. Merc\u00fario em Escorpi\u00e3o convida a di\u00e1logos profundos, especialmente com a proximidade do <\/span><b>Dia das Crian\u00e7as (12\/10)<\/b><span style=\"font-weight: 400;\">.<\/span><\/p>\n<ul>\n<li style=\"font-weight: 400;\" aria-level=\"1\">\n<h4><b>07\/10:<\/b><span style=\"font-weight: 400;\"> Lua Cheia em \u00c1ries<\/span><\/h4>\n<\/li>\n<\/ul>\n<p><span style=\"font-weight: 400;\">A Lua Cheia em \u00c1ries traz um pico de energia e a\u00e7\u00e3o. Prepare-se para aproveitar o esp\u00edrito competitivo e din\u00e2mico, ideal para o <\/span><b>Dia de Nossa Senhora Aparecida (12\/10)<\/b><span style=\"font-weight: 400;\">.<\/span><\/p>\n<ul>\n<li style=\"font-weight: 400;\" aria-level=\"1\">\n<h4><b>13\/10:<\/b><span style=\"font-weight: 400;\"> V\u00eanus entra em Libra<\/span><\/h4>\n<\/li>\n<\/ul>\n<p><span style=\"font-weight: 400;\">V\u00eanus em Libra busca harmonia nas rela\u00e7\u00f5es, especialmente com a aproxima\u00e7\u00e3o do <\/span><b>Dia dos Professores (15\/10)<\/b><span style=\"font-weight: 400;\">.<\/span><\/p>\n<ul>\n<li style=\"font-weight: 400;\" aria-level=\"1\">\n<h4><b>21\/10:<\/b><span style=\"font-weight: 400;\"> Lua Nova em Libra<\/span><\/h4>\n<\/li>\n<\/ul>\n<p><span style=\"font-weight: 400;\">A Lua Nova em Libra simboliza recome\u00e7os nas rela\u00e7\u00f5es. Ideal para plantar novas inten\u00e7\u00f5es e fortalecer parcerias.<\/span><\/p>\n<ul>\n<li style=\"font-weight: 400;\" aria-level=\"1\">\n<h4><b>23\/10:<\/b><span style=\"font-weight: 400;\"> Sol entra em Escorpi\u00e3o<\/span><\/h4>\n<\/li>\n<\/ul>\n<p><span style=\"font-weight: 400;\">O Sol em Escorpi\u00e3o traz intensidade e profundidade \u00e0s rela\u00e7\u00f5es. Prepare-se para explorar mist\u00e9rios e emo\u00e7\u00f5es durante o <\/span><b>Halloween (31\/10)<\/b><span style=\"font-weight: 400;\">.<\/span><\/p>\n<hr \/>\n<h2><b>Novembro 2025: Revela\u00e7\u00f5es e Renova\u00e7\u00e3o<\/b><\/h2>\n<p>&nbsp;<\/p>\n<ul>\n<li style=\"font-weight: 400;\" aria-level=\"1\">\n<h4><b>04\/11:<\/b><span style=\"font-weight: 400;\"> Marte entra em Sagit\u00e1rio<\/span><\/h4>\n<\/li>\n<\/ul>\n<p><span style=\"font-weight: 400;\">Marte em Sagit\u00e1rio traz um esp\u00edrito aventureiro. O <\/span><b>Dia de Finados (02\/11)<\/b><span style=\"font-weight: 400;\"> \u00e9 um momento de reflex\u00e3o sobre o passado e novas perspectivas de vida.<\/span><\/p>\n<ul>\n<li style=\"font-weight: 400;\" aria-level=\"1\">\n<h4><b>05\/11:<\/b><span style=\"font-weight: 400;\"> Lua Cheia em Touro<\/span><\/h4>\n<\/li>\n<\/ul>\n<p><span style=\"font-weight: 400;\">A Lua Cheia em Touro favorece quest\u00f5es materiais. Uma boa \u00e9poca para reavaliar finan\u00e7as, especialmente antes da <\/span><b>Black Friday (28\/11)<\/b><span style=\"font-weight: 400;\">.<\/span><\/p>\n<ul>\n<li style=\"font-weight: 400;\" aria-level=\"1\">\n<h4><b>06\/11:<\/b><span style=\"font-weight: 400;\"> V\u00eanus entra em Escorpi\u00e3o<\/span><\/h4>\n<\/li>\n<\/ul>\n<p><span style=\"font-weight: 400;\">A intensidade nos relacionamentos aumenta com V\u00eanus em Escorpi\u00e3o. Uma boa \u00e9poca para o <\/span><b>Dia da Proclama\u00e7\u00e3o da Rep\u00fablica (15\/11)<\/b><span style=\"font-weight: 400;\">.<\/span><\/p>\n<ul>\n<li style=\"font-weight: 400;\" aria-level=\"1\">\n<h4><b>09\/11:<\/b><span style=\"font-weight: 400;\"> Merc\u00fario Retr\u00f3grado em Sagit\u00e1rio<\/span><\/h4>\n<\/li>\n<\/ul>\n<p><span style=\"font-weight: 400;\">Merc\u00fario retr\u00f3grado pode trazer confus\u00f5es nas comunica\u00e7\u00f5es. Uma boa \u00e9poca para revisar cren\u00e7as e filosofias pessoais.<\/span><\/p>\n<ul>\n<li style=\"font-weight: 400;\" aria-level=\"1\">\n<h4><b>11\/11:<\/b><span style=\"font-weight: 400;\"> J\u00fapiter Retr\u00f3grado em C\u00e2ncer<\/span><\/h4>\n<\/li>\n<\/ul>\n<p><span style=\"font-weight: 400;\">J\u00fapiter retr\u00f3grado pede uma revis\u00e3o nas \u00e1reas de fam\u00edlia e lar. Aproveite para harmonizar o ambiente familiar antes do Natal.<\/span><\/p>\n<ul>\n<li style=\"font-weight: 400;\" aria-level=\"1\">\n<h4><b>20\/11:<\/b><span style=\"font-weight: 400;\"> Lua Nova em Escorpi\u00e3o<\/span><\/h4>\n<\/li>\n<\/ul>\n<p><span style=\"font-weight: 400;\">Uma Lua Nova poderosa para transforma\u00e7\u00f5es emocionais e renova\u00e7\u00e3o. Uma oportunidade para refletir sobre o <\/span><b>Dia da Consci\u00eancia Negra (20\/11)<\/b><span style=\"font-weight: 400;\">.<\/span><\/p>\n<ul>\n<li style=\"font-weight: 400;\" aria-level=\"1\">\n<h4><b>30\/11:<\/b><span style=\"font-weight: 400;\"> V\u00eanus em Sagit\u00e1rio<\/span><\/h4>\n<\/li>\n<\/ul>\n<p><span style=\"font-weight: 400;\">V\u00eanus em Sagit\u00e1rio traz uma vis\u00e3o otimista nas rela\u00e7\u00f5es. Prepare-se para um clima de festa e alegria no final do m\u00eas.<\/span><\/p>\n<hr \/>\n<h2><b>Dezembro 2025: Festejos e Expans\u00e3o<\/b><\/h2>\n<ul>\n<li style=\"font-weight: 400;\" aria-level=\"1\">\n<h4><b>01\/12:<\/b><span style=\"font-weight: 400;\"> Fim de Merc\u00fario Retr\u00f3grado em Sagit\u00e1rio<\/span><\/h4>\n<\/li>\n<\/ul>\n<p><span style=\"font-weight: 400;\">O retorno de Merc\u00fario ao movimento direto traz clareza nas comunica\u00e7\u00f5es. Ideal para seguir em frente com planos e projetos.<\/span><\/p>\n<ul>\n<li style=\"font-weight: 400;\" aria-level=\"1\">\n<h4><b>09\/12:<\/b><span style=\"font-weight: 400;\"> Lua Cheia em G\u00eameos<\/span><\/h4>\n<\/li>\n<\/ul>\n<p><span style=\"font-weight: 400;\">A Lua Cheia em G\u00eameos ilumina as comunica\u00e7\u00f5es. Uma boa \u00e9poca para compartilhar ideias e fazer conex\u00f5es, especialmente durante as festas de fim de ano.<\/span><\/p>\n<ul>\n<li style=\"font-weight: 400;\" aria-level=\"1\">\n<h4><b>12\/12:<\/b><span style=\"font-weight: 400;\"> V\u00eanus entra em Capric\u00f3rnio<\/span><\/h4>\n<\/li>\n<\/ul>\n<p><span style=\"font-weight: 400;\">V\u00eanus em Capric\u00f3rnio busca estabilidade nas rela\u00e7\u00f5es. Uma boa \u00e9poca para refletir sobre o que realmente valoriza em sua vida.<\/span><\/p>\n<ul>\n<li style=\"font-weight: 400;\" aria-level=\"1\">\n<h4><b>21\/12:<\/b><span style=\"font-weight: 400;\"> Sol entra em Capric\u00f3rnio (In\u00edcio do Ver\u00e3o)<\/span><\/h4>\n<\/li>\n<\/ul>\n<p><span style=\"font-weight: 400;\">O Sol em Capric\u00f3rnio traz um foco em ambi\u00e7\u00f5es e realiza\u00e7\u00f5es. Aproveite o <\/span><b>Natal (25\/12)<\/b><span style=\"font-weight: 400;\"> para celebrar com a fam\u00edlia e amigos.<\/span><\/p>\n<ul>\n<li style=\"font-weight: 400;\" aria-level=\"1\">\n<h4><b>24\/12:<\/b><span style=\"font-weight: 400;\"> Lua Nova em Capric\u00f3rnio<\/span><\/h4>\n<\/li>\n<\/ul>\n<p><span style=\"font-weight: 400;\">A Lua Nova em Capric\u00f3rnio \u00e9 ideal para estabelecer metas para o pr\u00f3ximo ano. Uma boa \u00e9poca para refletir sobre o que deseja alcan\u00e7ar.<\/span><\/p>\n<ul>\n<li style=\"font-weight: 400;\" aria-level=\"1\">\n<h4><b>31\/12:<\/b><span style=\"font-weight: 400;\"> V\u00eanus em Capric\u00f3rnio<\/span><\/h4>\n<\/li>\n<\/ul>\n<p><span style=\"font-weight: 400;\">O m\u00eas termina com um foco nas rela\u00e7\u00f5es, preparando o terreno para um <\/span><b>Ano Novo<\/b><span style=\"font-weight: 400;\"> cheio de promessas e inten\u00e7\u00f5es renovadas.<\/span><\/p>\n<hr \/>\n<\/div>\n<\/div>\n<\/div>\n<\/div>\n<\/div>\n<\/div>\n<\/div>\n<\/div>\n<\/article>\n<article class=\"w-full text-token-text-primary focus-visible:outline-2 focus-visible:outline-offset-[-4px]\" dir=\"auto\" data-testid=\"conversation-turn-23\" data-scroll-anchor=\"true\">\n<div class=\"text-base py-[18px] px-3 md:px-4 m-auto w-full md:px-5 lg:px-4 xl:px-5\">\n<div class=\"mx-auto flex flex-1 gap-4 text-base md:gap-5 lg:gap-6 md:max-w-3xl lg:max-w-[40rem] xl:max-w-[48rem]\">\n<div class=\"group\/conversation-turn relative flex w-full min-w-0 flex-col agent-turn\">\n<div class=\"flex-col gap-1 md:gap-3\">\n<div class=\"flex max-w-full flex-col flex-grow\">\n<div class=\"min-h-8 text-message flex w-full flex-col items-end gap-2 whitespace-normal break-words [.text-message+&amp;]:mt-5\" dir=\"auto\" data-message-author-role=\"assistant\" data-message-id=\"988ebeea-c6f4-42e6-8ae0-9ce31474223d\">\n<div class=\"flex w-full flex-col gap-1 empty:hidden first:pt-[3px]\">\n<div class=\"markdown prose w-full break-words dark:prose-invert dark\">\n<p>2025 \u00e9 um ano que promete muitos movimentos e \u00e9 importante estar de olho nos astros!<\/p>\n<p>Mas, para todos os efeitos recomendamos fortemente que voc\u00ea se prepare de acordo com o mapeamento astral, que voc\u00ea pode fazer com um consultor especializado!<\/p>\n<p style=\"text-align: center;\"><span class=\"td_btn td_btn_md td_round_btn\" style=\"background-color: #666699; color: #ffffff;\"><a style=\"background-color: #666699; color: #ffffff;\" href=\"https:\/\/www.iquilibrio.com\/astrologia\/?utm_campaign=blog_conversao&amp;utm_medium=texto_cta&amp;utm_source=blog&amp;utm_content=2024_cat_astrologia_art_calendario-astrologiico-2025\" target=\"_blank\" rel=\"noopener\">Precisando de mais conselhos? Consulte uma profissional astrol\u00f3gica!<\/a><\/span><\/p>\n<\/div>\n<\/div>\n<\/div>\n<\/div>\n<\/div>\n<\/div>\n<\/div>\n<\/div>\n<\/article>\n\n\n<div class=\"kk-star-ratings kksr-auto kksr-align-left kksr-valign-bottom\"\n    data-payload='{&quot;align&quot;:&quot;left&quot;,&quot;id&quot;:&quot;41116&quot;,&quot;slug&quot;:&quot;default&quot;,&quot;valign&quot;:&quot;bottom&quot;,&quot;ignore&quot;:&quot;&quot;,&quot;reference&quot;:&quot;auto&quot;,&quot;class&quot;:&quot;&quot;,&quot;count&quot;:&quot;3&quot;,&quot;legendonly&quot;:&quot;&quot;,&quot;readonly&quot;:&quot;&quot;,&quot;score&quot;:&quot;2.3&quot;,&quot;starsonly&quot;:&quot;&quot;,&quot;best&quot;:&quot;5&quot;,&quot;gap&quot;:&quot;5&quot;,&quot;greet&quot;:&quot;Rate this post&quot;,&quot;legend&quot;:&quot;2.3\\\/5 - (3 votos)&quot;,&quot;size&quot;:&quot;24&quot;,&quot;title&quot;:&quot;Calend\u00e1rio Astrol\u00f3gico 2025: Principais Datas e Energias, por Tatiana marinho&quot;,&quot;width&quot;:&quot;64.2&quot;,&quot;_legend&quot;:&quot;{score}\\\/{best} - ({count} {votes})&quot;,&quot;font_factor&quot;:&quot;1.25&quot;}'>\n            \n<div class=\"kksr-stars\">\n    \n<div class=\"kksr-stars-inactive\">\n            <div class=\"kksr-star\" data-star=\"1\" style=\"padding-right: 5px\">\n            \n\n<div class=\"kksr-icon\" style=\"width: 24px; height: 24px;\"><\/div>\n        <\/div>\n            <div class=\"kksr-star\" data-star=\"2\" style=\"padding-right: 5px\">\n            \n\n<div class=\"kksr-icon\" style=\"width: 24px; height: 24px;\"><\/div>\n        <\/div>\n            <div class=\"kksr-star\" data-star=\"3\" style=\"padding-right: 5px\">\n            \n\n<div class=\"kksr-icon\" style=\"width: 24px; height: 24px;\"><\/div>\n        <\/div>\n            <div class=\"kksr-star\" data-star=\"4\" style=\"padding-right: 5px\">\n            \n\n<div class=\"kksr-icon\" style=\"width: 24px; height: 24px;\"><\/div>\n        <\/div>\n            <div class=\"kksr-star\" data-star=\"5\" style=\"padding-right: 5px\">\n            \n\n<div class=\"kksr-icon\" style=\"width: 24px; height: 24px;\"><\/div>\n        <\/div>\n    <\/div>\n    \n<div class=\"kksr-stars-active\" style=\"width: 64.2px;\">\n            <div class=\"kksr-star\" style=\"padding-right: 5px\">\n            \n\n<div class=\"kksr-icon\" style=\"width: 24px; height: 24px;\"><\/div>\n        <\/div>\n            <div class=\"kksr-star\" style=\"padding-right: 5px\">\n            \n\n<div class=\"kksr-icon\" style=\"width: 24px; height: 24px;\"><\/div>\n        <\/div>\n            <div class=\"kksr-star\" style=\"padding-right: 5px\">\n            \n\n<div class=\"kksr-icon\" style=\"width: 24px; height: 24px;\"><\/div>\n        <\/div>\n            <div class=\"kksr-star\" style=\"padding-right: 5px\">\n            \n\n<div class=\"kksr-icon\" style=\"width: 24px; height: 24px;\"><\/div>\n        <\/div>\n            <div class=\"kksr-star\" style=\"padding-right: 5px\">\n            \n\n<div class=\"kksr-icon\" style=\"width: 24px; height: 24px;\"><\/div>\n        <\/div>\n    <\/div>\n<\/div>\n                \n\n<div class=\"kksr-legend\" style=\"font-size: 19.2px;\">\n            2.3\/5 - (3 votos)    <\/div>\n    <\/div>\n","protected":false},"excerpt":{"rendered":"<p>O ano de 2025 promete ser repleto de eventos astrol\u00f3gicos marcantes, trazendo transforma\u00e7\u00f5es, oportunidades e desafios para todos os signos. Acompanhar o calend\u00e1rio astrol\u00f3gico 2025 pode ajudar a aproveitar ao m\u00e1ximo as energias dos planetas e astros, al\u00e9m de guiar decis\u00f5es pessoais, profissionais e emocionais. Veja a seguir as datas mais importantes para ficar de [&hellip;]<\/p>\n","protected":false},"author":158,"featured_media":41264,"comment_status":"closed","ping_status":"closed","sticky":false,"template":"","format":"standard","meta":{"footnotes":""},"categories":[517],"tags":[],"class_list":["post-41116","post","type-post","status-publish","format-standard","has-post-thumbnail","hentry","category-astrologia"],"yoast_head":"<!-- This site is optimized with the Yoast SEO plugin v27.4 - https:\/\/yoast.com\/product\/yoast-seo-wordpress\/ -->\n<title>Calend\u00e1rio Astrol\u00f3gico 2025: Principais Datas e Energias, por Tatiana marinho - iQuilibrio<\/title>\n<meta name=\"robots\" content=\"index, follow, max-snippet:-1, max-image-preview:large, max-video-preview:-1\" \/>\n<link rel=\"canonical\" href=\"https:\/\/www.iquilibrio.com\/blog\/astrologia\/calendario-astrologico-2025-principais-datas-e-energias-por-tatiana-marinho\/\" \/>\n<meta property=\"og:locale\" content=\"pt_BR\" \/>\n<meta property=\"og:type\" content=\"article\" \/>\n<meta property=\"og:title\" content=\"Calend\u00e1rio Astrol\u00f3gico 2025: Principais Datas e Energias, por Tatiana marinho - iQuilibrio\" \/>\n<meta property=\"og:description\" content=\"O ano de 2025 promete ser repleto de eventos astrol\u00f3gicos marcantes, trazendo transforma\u00e7\u00f5es, oportunidades e desafios para todos os signos. Acompanhar o calend\u00e1rio astrol\u00f3gico 2025 pode ajudar a aproveitar ao m\u00e1ximo as energias dos planetas e astros, al\u00e9m de guiar decis\u00f5es pessoais, profissionais e emocionais. Veja a seguir as datas mais importantes para ficar de [&hellip;]\" \/>\n<meta property=\"og:url\" content=\"https:\/\/www.iquilibrio.com\/blog\/astrologia\/calendario-astrologico-2025-principais-datas-e-energias-por-tatiana-marinho\/\" \/>\n<meta property=\"og:site_name\" content=\"iQuilibrio\" \/>\n<meta property=\"article:publisher\" content=\"https:\/\/www.facebook.com\/iQuilibrio\/\" \/>\n<meta property=\"article:published_time\" content=\"2024-11-05T10:34:09+00:00\" \/>\n<meta property=\"article:modified_time\" content=\"2024-11-19T03:14:30+00:00\" \/>\n<meta property=\"og:image\" content=\"https:\/\/www.iquilibrio.com\/blog\/wp-content\/uploads\/2024\/11\/Calendario-astrologico.jpg\" \/>\n\t<meta property=\"og:image:width\" content=\"900\" \/>\n\t<meta property=\"og:image:height\" content=\"560\" \/>\n\t<meta property=\"og:image:type\" content=\"image\/jpeg\" \/>\n<meta name=\"author\" content=\"Arthur Peroni\" \/>\n<meta name=\"twitter:card\" content=\"summary_large_image\" \/>\n<meta name=\"twitter:creator\" content=\"@iquilibrio\" \/>\n<meta name=\"twitter:site\" content=\"@iquilibrio\" \/>\n<meta name=\"twitter:label1\" content=\"Escrito por\" \/>\n\t<meta name=\"twitter:data1\" content=\"Arthur Peroni\" \/>\n\t<meta name=\"twitter:label2\" content=\"Est. tempo de leitura\" \/>\n\t<meta name=\"twitter:data2\" content=\"15 minutos\" \/>\n<script type=\"application\/ld+json\" class=\"yoast-schema-graph\">{\"@context\":\"https:\\\/\\\/schema.org\",\"@graph\":[{\"@type\":\"Article\",\"@id\":\"https:\\\/\\\/www.iquilibrio.com\\\/blog\\\/astrologia\\\/calendario-astrologico-2025-principais-datas-e-energias-por-tatiana-marinho\\\/#article\",\"isPartOf\":{\"@id\":\"https:\\\/\\\/www.iquilibrio.com\\\/blog\\\/astrologia\\\/calendario-astrologico-2025-principais-datas-e-energias-por-tatiana-marinho\\\/\"},\"author\":{\"name\":\"Arthur Peroni\",\"@id\":\"https:\\\/\\\/www.iquilibrio.com\\\/blog\\\/#\\\/schema\\\/person\\\/21ae990723c2e5a1170c9a06dacb4d3d\"},\"headline\":\"Calend\u00e1rio Astrol\u00f3gico 2025: Principais Datas e Energias, por Tatiana marinho\",\"datePublished\":\"2024-11-05T10:34:09+00:00\",\"dateModified\":\"2024-11-19T03:14:30+00:00\",\"mainEntityOfPage\":{\"@id\":\"https:\\\/\\\/www.iquilibrio.com\\\/blog\\\/astrologia\\\/calendario-astrologico-2025-principais-datas-e-energias-por-tatiana-marinho\\\/\"},\"wordCount\":2886,\"publisher\":{\"@id\":\"https:\\\/\\\/www.iquilibrio.com\\\/blog\\\/#organization\"},\"image\":{\"@id\":\"https:\\\/\\\/www.iquilibrio.com\\\/blog\\\/astrologia\\\/calendario-astrologico-2025-principais-datas-e-energias-por-tatiana-marinho\\\/#primaryimage\"},\"thumbnailUrl\":\"https:\\\/\\\/www.iquilibrio.com\\\/blog\\\/wp-content\\\/uploads\\\/2024\\\/11\\\/Calendario-astrologico.jpg\",\"articleSection\":[\"Astrologia\"],\"inLanguage\":\"pt-BR\"},{\"@type\":\"WebPage\",\"@id\":\"https:\\\/\\\/www.iquilibrio.com\\\/blog\\\/astrologia\\\/calendario-astrologico-2025-principais-datas-e-energias-por-tatiana-marinho\\\/\",\"url\":\"https:\\\/\\\/www.iquilibrio.com\\\/blog\\\/astrologia\\\/calendario-astrologico-2025-principais-datas-e-energias-por-tatiana-marinho\\\/\",\"name\":\"Calend\u00e1rio Astrol\u00f3gico 2025: Principais Datas e Energias, por Tatiana marinho - iQuilibrio\",\"isPartOf\":{\"@id\":\"https:\\\/\\\/www.iquilibrio.com\\\/blog\\\/#website\"},\"primaryImageOfPage\":{\"@id\":\"https:\\\/\\\/www.iquilibrio.com\\\/blog\\\/astrologia\\\/calendario-astrologico-2025-principais-datas-e-energias-por-tatiana-marinho\\\/#primaryimage\"},\"image\":{\"@id\":\"https:\\\/\\\/www.iquilibrio.com\\\/blog\\\/astrologia\\\/calendario-astrologico-2025-principais-datas-e-energias-por-tatiana-marinho\\\/#primaryimage\"},\"thumbnailUrl\":\"https:\\\/\\\/www.iquilibrio.com\\\/blog\\\/wp-content\\\/uploads\\\/2024\\\/11\\\/Calendario-astrologico.jpg\",\"datePublished\":\"2024-11-05T10:34:09+00:00\",\"dateModified\":\"2024-11-19T03:14:30+00:00\",\"breadcrumb\":{\"@id\":\"https:\\\/\\\/www.iquilibrio.com\\\/blog\\\/astrologia\\\/calendario-astrologico-2025-principais-datas-e-energias-por-tatiana-marinho\\\/#breadcrumb\"},\"inLanguage\":\"pt-BR\",\"potentialAction\":[{\"@type\":\"ReadAction\",\"target\":[\"https:\\\/\\\/www.iquilibrio.com\\\/blog\\\/astrologia\\\/calendario-astrologico-2025-principais-datas-e-energias-por-tatiana-marinho\\\/\"]}]},{\"@type\":\"ImageObject\",\"inLanguage\":\"pt-BR\",\"@id\":\"https:\\\/\\\/www.iquilibrio.com\\\/blog\\\/astrologia\\\/calendario-astrologico-2025-principais-datas-e-energias-por-tatiana-marinho\\\/#primaryimage\",\"url\":\"https:\\\/\\\/www.iquilibrio.com\\\/blog\\\/wp-content\\\/uploads\\\/2024\\\/11\\\/Calendario-astrologico.jpg\",\"contentUrl\":\"https:\\\/\\\/www.iquilibrio.com\\\/blog\\\/wp-content\\\/uploads\\\/2024\\\/11\\\/Calendario-astrologico.jpg\",\"width\":900,\"height\":560,\"caption\":\"Calend\u00e1rio astrol\u00f3gico\"},{\"@type\":\"BreadcrumbList\",\"@id\":\"https:\\\/\\\/www.iquilibrio.com\\\/blog\\\/astrologia\\\/calendario-astrologico-2025-principais-datas-e-energias-por-tatiana-marinho\\\/#breadcrumb\",\"itemListElement\":[{\"@type\":\"ListItem\",\"position\":1,\"name\":\"In\u00edcio\",\"item\":\"https:\\\/\\\/www.iquilibrio.com\\\/blog\\\/\"},{\"@type\":\"ListItem\",\"position\":2,\"name\":\"Calend\u00e1rio Astrol\u00f3gico 2025: Principais Datas e Energias, por Tatiana marinho\"}]},{\"@type\":\"WebSite\",\"@id\":\"https:\\\/\\\/www.iquilibrio.com\\\/blog\\\/#website\",\"url\":\"https:\\\/\\\/www.iquilibrio.com\\\/blog\\\/\",\"name\":\"iQuilibrio\",\"description\":\"Blog iQuilibrio\",\"publisher\":{\"@id\":\"https:\\\/\\\/www.iquilibrio.com\\\/blog\\\/#organization\"},\"potentialAction\":[{\"@type\":\"SearchAction\",\"target\":{\"@type\":\"EntryPoint\",\"urlTemplate\":\"https:\\\/\\\/www.iquilibrio.com\\\/blog\\\/?s={search_term_string}\"},\"query-input\":{\"@type\":\"PropertyValueSpecification\",\"valueRequired\":true,\"valueName\":\"search_term_string\"}}],\"inLanguage\":\"pt-BR\"},{\"@type\":\"Organization\",\"@id\":\"https:\\\/\\\/www.iquilibrio.com\\\/blog\\\/#organization\",\"name\":\"Esoterismo, Misticismo e Tarot Online - iQuilibrio\",\"url\":\"https:\\\/\\\/www.iquilibrio.com\\\/blog\\\/\",\"logo\":{\"@type\":\"ImageObject\",\"inLanguage\":\"pt-BR\",\"@id\":\"https:\\\/\\\/www.iquilibrio.com\\\/blog\\\/#\\\/schema\\\/logo\\\/image\\\/\",\"url\":\"https:\\\/\\\/www.iquilibrio.com\\\/blog\\\/wp-content\\\/uploads\\\/2018\\\/12\\\/iquilibrio_lovo_vetor_preto-retina.png\",\"contentUrl\":\"https:\\\/\\\/www.iquilibrio.com\\\/blog\\\/wp-content\\\/uploads\\\/2018\\\/12\\\/iquilibrio_lovo_vetor_preto-retina.png\",\"width\":972,\"height\":180,\"caption\":\"Esoterismo, Misticismo e Tarot Online - iQuilibrio\"},\"image\":{\"@id\":\"https:\\\/\\\/www.iquilibrio.com\\\/blog\\\/#\\\/schema\\\/logo\\\/image\\\/\"},\"sameAs\":[\"https:\\\/\\\/www.facebook.com\\\/iQuilibrio\\\/\",\"https:\\\/\\\/x.com\\\/iquilibrio\",\"https:\\\/\\\/www.instagram.com\\\/iquilibrio\\\/\",\"https:\\\/\\\/www.linkedin.com\\\/company\\\/iquilibrio\\\/\",\"https:\\\/\\\/br.pinterest.com\\\/iquilibrio1397\\\/\",\"https:\\\/\\\/www.youtube.com\\\/channel\\\/UC175qxd-4Zsi4wzawT5zF2g\"]},{\"@type\":\"Person\",\"@id\":\"https:\\\/\\\/www.iquilibrio.com\\\/blog\\\/#\\\/schema\\\/person\\\/21ae990723c2e5a1170c9a06dacb4d3d\",\"name\":\"Arthur Peroni\",\"image\":{\"@type\":\"ImageObject\",\"inLanguage\":\"pt-BR\",\"@id\":\"https:\\\/\\\/www.iquilibrio.com\\\/blog\\\/wp-content\\\/uploads\\\/2023\\\/04\\\/Arthur-Peroni-150x150.jpg\",\"url\":\"https:\\\/\\\/www.iquilibrio.com\\\/blog\\\/wp-content\\\/uploads\\\/2023\\\/04\\\/Arthur-Peroni-150x150.jpg\",\"contentUrl\":\"https:\\\/\\\/www.iquilibrio.com\\\/blog\\\/wp-content\\\/uploads\\\/2023\\\/04\\\/Arthur-Peroni-150x150.jpg\",\"caption\":\"Arthur Peroni\"},\"description\":\"Arthur Peroni escreve sobre a vida, o universo e tudo mais. Amante da literatura m\u00edstica, e fic\u00e7\u00e3o, descobriu sua carreira de redator gra\u00e7as ao h\u00e1bito de leitura constante sobre fantasia e drama. Nas horas vagas, gosta de cozinhar, ler e ver filmes antigos. J\u00e1 trabalhou com, comunica\u00e7\u00e3o social, massoterapia, terapias hol\u00edsticas e design de interiores. Atualmente trabalha como redator SEO e se entusiasma com tudo o que \u00e9 esot\u00e9rico. Gosta de discutir sobre assuntos complexos e instigantes, e v\u00ea na escrita uma oportunidade de aprender e criar todos os dias, mentalmente e espiritualmente.\",\"url\":\"https:\\\/\\\/www.iquilibrio.com\\\/blog\\\/author\\\/raul-vinicius\\\/\"}]}<\/script>\n<!-- \/ Yoast SEO plugin. -->","yoast_head_json":{"title":"Calend\u00e1rio Astrol\u00f3gico 2025: Principais Datas e Energias, por Tatiana marinho - iQuilibrio","robots":{"index":"index","follow":"follow","max-snippet":"max-snippet:-1","max-image-preview":"max-image-preview:large","max-video-preview":"max-video-preview:-1"},"canonical":"https:\/\/www.iquilibrio.com\/blog\/astrologia\/calendario-astrologico-2025-principais-datas-e-energias-por-tatiana-marinho\/","og_locale":"pt_BR","og_type":"article","og_title":"Calend\u00e1rio Astrol\u00f3gico 2025: Principais Datas e Energias, por Tatiana marinho - iQuilibrio","og_description":"O ano de 2025 promete ser repleto de eventos astrol\u00f3gicos marcantes, trazendo transforma\u00e7\u00f5es, oportunidades e desafios para todos os signos. Acompanhar o calend\u00e1rio astrol\u00f3gico 2025 pode ajudar a aproveitar ao m\u00e1ximo as energias dos planetas e astros, al\u00e9m de guiar decis\u00f5es pessoais, profissionais e emocionais. Veja a seguir as datas mais importantes para ficar de [&hellip;]","og_url":"https:\/\/www.iquilibrio.com\/blog\/astrologia\/calendario-astrologico-2025-principais-datas-e-energias-por-tatiana-marinho\/","og_site_name":"iQuilibrio","article_publisher":"https:\/\/www.facebook.com\/iQuilibrio\/","article_published_time":"2024-11-05T10:34:09+00:00","article_modified_time":"2024-11-19T03:14:30+00:00","og_image":[{"width":900,"height":560,"url":"https:\/\/www.iquilibrio.com\/blog\/wp-content\/uploads\/2024\/11\/Calendario-astrologico.jpg","type":"image\/jpeg"}],"author":"Arthur Peroni","twitter_card":"summary_large_image","twitter_creator":"@iquilibrio","twitter_site":"@iquilibrio","twitter_misc":{"Escrito por":"Arthur Peroni","Est. tempo de leitura":"15 minutos"},"schema":{"@context":"https:\/\/schema.org","@graph":[{"@type":"Article","@id":"https:\/\/www.iquilibrio.com\/blog\/astrologia\/calendario-astrologico-2025-principais-datas-e-energias-por-tatiana-marinho\/#article","isPartOf":{"@id":"https:\/\/www.iquilibrio.com\/blog\/astrologia\/calendario-astrologico-2025-principais-datas-e-energias-por-tatiana-marinho\/"},"author":{"name":"Arthur Peroni","@id":"https:\/\/www.iquilibrio.com\/blog\/#\/schema\/person\/21ae990723c2e5a1170c9a06dacb4d3d"},"headline":"Calend\u00e1rio Astrol\u00f3gico 2025: Principais Datas e Energias, por Tatiana marinho","datePublished":"2024-11-05T10:34:09+00:00","dateModified":"2024-11-19T03:14:30+00:00","mainEntityOfPage":{"@id":"https:\/\/www.iquilibrio.com\/blog\/astrologia\/calendario-astrologico-2025-principais-datas-e-energias-por-tatiana-marinho\/"},"wordCount":2886,"publisher":{"@id":"https:\/\/www.iquilibrio.com\/blog\/#organization"},"image":{"@id":"https:\/\/www.iquilibrio.com\/blog\/astrologia\/calendario-astrologico-2025-principais-datas-e-energias-por-tatiana-marinho\/#primaryimage"},"thumbnailUrl":"https:\/\/www.iquilibrio.com\/blog\/wp-content\/uploads\/2024\/11\/Calendario-astrologico.jpg","articleSection":["Astrologia"],"inLanguage":"pt-BR"},{"@type":"WebPage","@id":"https:\/\/www.iquilibrio.com\/blog\/astrologia\/calendario-astrologico-2025-principais-datas-e-energias-por-tatiana-marinho\/","url":"https:\/\/www.iquilibrio.com\/blog\/astrologia\/calendario-astrologico-2025-principais-datas-e-energias-por-tatiana-marinho\/","name":"Calend\u00e1rio Astrol\u00f3gico 2025: Principais Datas e Energias, por Tatiana marinho - iQuilibrio","isPartOf":{"@id":"https:\/\/www.iquilibrio.com\/blog\/#website"},"primaryImageOfPage":{"@id":"https:\/\/www.iquilibrio.com\/blog\/astrologia\/calendario-astrologico-2025-principais-datas-e-energias-por-tatiana-marinho\/#primaryimage"},"image":{"@id":"https:\/\/www.iquilibrio.com\/blog\/astrologia\/calendario-astrologico-2025-principais-datas-e-energias-por-tatiana-marinho\/#primaryimage"},"thumbnailUrl":"https:\/\/www.iquilibrio.com\/blog\/wp-content\/uploads\/2024\/11\/Calendario-astrologico.jpg","datePublished":"2024-11-05T10:34:09+00:00","dateModified":"2024-11-19T03:14:30+00:00","breadcrumb":{"@id":"https:\/\/www.iquilibrio.com\/blog\/astrologia\/calendario-astrologico-2025-principais-datas-e-energias-por-tatiana-marinho\/#breadcrumb"},"inLanguage":"pt-BR","potentialAction":[{"@type":"ReadAction","target":["https:\/\/www.iquilibrio.com\/blog\/astrologia\/calendario-astrologico-2025-principais-datas-e-energias-por-tatiana-marinho\/"]}]},{"@type":"ImageObject","inLanguage":"pt-BR","@id":"https:\/\/www.iquilibrio.com\/blog\/astrologia\/calendario-astrologico-2025-principais-datas-e-energias-por-tatiana-marinho\/#primaryimage","url":"https:\/\/www.iquilibrio.com\/blog\/wp-content\/uploads\/2024\/11\/Calendario-astrologico.jpg","contentUrl":"https:\/\/www.iquilibrio.com\/blog\/wp-content\/uploads\/2024\/11\/Calendario-astrologico.jpg","width":900,"height":560,"caption":"Calend\u00e1rio astrol\u00f3gico"},{"@type":"BreadcrumbList","@id":"https:\/\/www.iquilibrio.com\/blog\/astrologia\/calendario-astrologico-2025-principais-datas-e-energias-por-tatiana-marinho\/#breadcrumb","itemListElement":[{"@type":"ListItem","position":1,"name":"In\u00edcio","item":"https:\/\/www.iquilibrio.com\/blog\/"},{"@type":"ListItem","position":2,"name":"Calend\u00e1rio Astrol\u00f3gico 2025: Principais Datas e Energias, por Tatiana marinho"}]},{"@type":"WebSite","@id":"https:\/\/www.iquilibrio.com\/blog\/#website","url":"https:\/\/www.iquilibrio.com\/blog\/","name":"iQuilibrio","description":"Blog iQuilibrio","publisher":{"@id":"https:\/\/www.iquilibrio.com\/blog\/#organization"},"potentialAction":[{"@type":"SearchAction","target":{"@type":"EntryPoint","urlTemplate":"https:\/\/www.iquilibrio.com\/blog\/?s={search_term_string}"},"query-input":{"@type":"PropertyValueSpecification","valueRequired":true,"valueName":"search_term_string"}}],"inLanguage":"pt-BR"},{"@type":"Organization","@id":"https:\/\/www.iquilibrio.com\/blog\/#organization","name":"Esoterismo, Misticismo e Tarot Online - iQuilibrio","url":"https:\/\/www.iquilibrio.com\/blog\/","logo":{"@type":"ImageObject","inLanguage":"pt-BR","@id":"https:\/\/www.iquilibrio.com\/blog\/#\/schema\/logo\/image\/","url":"https:\/\/www.iquilibrio.com\/blog\/wp-content\/uploads\/2018\/12\/iquilibrio_lovo_vetor_preto-retina.png","contentUrl":"https:\/\/www.iquilibrio.com\/blog\/wp-content\/uploads\/2018\/12\/iquilibrio_lovo_vetor_preto-retina.png","width":972,"height":180,"caption":"Esoterismo, Misticismo e Tarot Online - iQuilibrio"},"image":{"@id":"https:\/\/www.iquilibrio.com\/blog\/#\/schema\/logo\/image\/"},"sameAs":["https:\/\/www.facebook.com\/iQuilibrio\/","https:\/\/x.com\/iquilibrio","https:\/\/www.instagram.com\/iquilibrio\/","https:\/\/www.linkedin.com\/company\/iquilibrio\/","https:\/\/br.pinterest.com\/iquilibrio1397\/","https:\/\/www.youtube.com\/channel\/UC175qxd-4Zsi4wzawT5zF2g"]},{"@type":"Person","@id":"https:\/\/www.iquilibrio.com\/blog\/#\/schema\/person\/21ae990723c2e5a1170c9a06dacb4d3d","name":"Arthur Peroni","image":{"@type":"ImageObject","inLanguage":"pt-BR","@id":"https:\/\/www.iquilibrio.com\/blog\/wp-content\/uploads\/2023\/04\/Arthur-Peroni-150x150.jpg","url":"https:\/\/www.iquilibrio.com\/blog\/wp-content\/uploads\/2023\/04\/Arthur-Peroni-150x150.jpg","contentUrl":"https:\/\/www.iquilibrio.com\/blog\/wp-content\/uploads\/2023\/04\/Arthur-Peroni-150x150.jpg","caption":"Arthur Peroni"},"description":"Arthur Peroni escreve sobre a vida, o universo e tudo mais. Amante da literatura m\u00edstica, e fic\u00e7\u00e3o, descobriu sua carreira de redator gra\u00e7as ao h\u00e1bito de leitura constante sobre fantasia e drama. Nas horas vagas, gosta de cozinhar, ler e ver filmes antigos. J\u00e1 trabalhou com, comunica\u00e7\u00e3o social, massoterapia, terapias hol\u00edsticas e design de interiores. Atualmente trabalha como redator SEO e se entusiasma com tudo o que \u00e9 esot\u00e9rico. Gosta de discutir sobre assuntos complexos e instigantes, e v\u00ea na escrita uma oportunidade de aprender e criar todos os dias, mentalmente e espiritualmente.","url":"https:\/\/www.iquilibrio.com\/blog\/author\/raul-vinicius\/"}]}},"_links":{"self":[{"href":"https:\/\/www.iquilibrio.com\/blog\/wp-json\/wp\/v2\/posts\/41116","targetHints":{"allow":["GET"]}}],"collection":[{"href":"https:\/\/www.iquilibrio.com\/blog\/wp-json\/wp\/v2\/posts"}],"about":[{"href":"https:\/\/www.iquilibrio.com\/blog\/wp-json\/wp\/v2\/types\/post"}],"author":[{"embeddable":true,"href":"https:\/\/www.iquilibrio.com\/blog\/wp-json\/wp\/v2\/users\/158"}],"replies":[{"embeddable":true,"href":"https:\/\/www.iquilibrio.com\/blog\/wp-json\/wp\/v2\/comments?post=41116"}],"version-history":[{"count":5,"href":"https:\/\/www.iquilibrio.com\/blog\/wp-json\/wp\/v2\/posts\/41116\/revisions"}],"predecessor-version":[{"id":41217,"href":"https:\/\/www.iquilibrio.com\/blog\/wp-json\/wp\/v2\/posts\/41116\/revisions\/41217"}],"wp:featuredmedia":[{"embeddable":true,"href":"https:\/\/www.iquilibrio.com\/blog\/wp-json\/wp\/v2\/media\/41264"}],"wp:attachment":[{"href":"https:\/\/www.iquilibrio.com\/blog\/wp-json\/wp\/v2\/media?parent=41116"}],"wp:term":[{"taxonomy":"category","embeddable":true,"href":"https:\/\/www.iquilibrio.com\/blog\/wp-json\/wp\/v2\/categories?post=41116"},{"taxonomy":"post_tag","embeddable":true,"href":"https:\/\/www.iquilibrio.com\/blog\/wp-json\/wp\/v2\/tags?post=41116"}],"curies":[{"name":"wp","href":"https:\/\/api.w.org\/{rel}","templated":true}]}}