{"id":41020,"date":"2024-09-24T06:00:01","date_gmt":"2024-09-24T09:00:01","guid":{"rendered":"https:\/\/www.iquilibrio.com\/blog\/?p=41020"},"modified":"2024-09-02T10:47:38","modified_gmt":"2024-09-02T13:47:38","slug":"a-energia-dos-ciclos-lunares-de-24-09-a-01-10-por-emylian-kali","status":"publish","type":"post","link":"https:\/\/www.iquilibrio.com\/blog\/astrologia\/a-energia-dos-ciclos-lunares-de-24-09-a-01-10-por-emylian-kali\/","title":{"rendered":"A Energia dos Ciclos Lunares de 24\/09 a 01\/10, por Emylian Kali"},"content":{"rendered":"<h2><b>Autocuidado e Novas A\u00e7\u00f5es Criativas<\/b><\/h2>\n<p><span style=\"font-weight: 400;\">Querido(a) leitor(a),<\/span><\/p>\n<p><span style=\"font-weight: 400;\">Para sua semana do dia 24 de setembro a 1\u00ba de outubro, os ciclos lunares nos guiam por um per\u00edodo de fechamento e introspec\u00e7\u00e3o, convidando-nos a olhar para dentro e ajustar o que precisa de cuidado e aten\u00e7\u00e3o. Come\u00e7amos a semana com a Lua Minguante em C\u00e2ncer, trazendo \u00e0 tona nossas emo\u00e7\u00f5es mais profundas e nos incentivando a buscar conforto e seguran\u00e7a em nosso lar e em nossas conex\u00f5es mais \u00edntimas. Este \u00e9 um momento ideal para se recolher, cuidar de si mesmo e daqueles que ama, permitindo-se sentir e processar as emo\u00e7\u00f5es que emergem.<\/span><\/p>\n<p><span style=\"font-weight: 400;\">Em seguida a Lua transita por Le\u00e3o, trazendo um sopro de vitalidade e expressividade. Apesar da fase minguante, Le\u00e3o nos inspira a brilhar, a expressar nossa criatividade e a reconectar com a alegria. Use esse per\u00edodo para finalizar projetos criativos ou para celebrar pequenas vit\u00f3rias com os que est\u00e3o ao seu redor, sempre mantendo o foco na autenticidade e na verdade do cora\u00e7\u00e3o.<\/span><\/p>\n<p><span style=\"font-weight: 400;\">Ao nos aproximarmos do final da semana, a Lua passa por Virgem, oferecendo uma energia de organiza\u00e7\u00e3o e discernimento. \u00c9 um bom momento para fazer ajustes, colocar as coisas em ordem e se preparar para o novo ciclo que est\u00e1 por vir. Utilize essa fase para purificar o que n\u00e3o serve mais, tanto no plano f\u00edsico quanto no emocional.<\/span><\/p>\n<p><span style=\"font-weight: 400;\">Finalmente, a Lua entra em Libra, sinalizando o in\u00edcio de um per\u00edodo de busca por equil\u00edbrio e harmonia. \u00c9 hora de se preparar para o novo ciclo lunar, que trar\u00e1 consigo novas possibilidades e oportunidades de crescimento. Que essa semana de Lua Minguante te guie suavemente para o que est\u00e1 por vir, com amor, clareza e renova\u00e7\u00e3o.<\/span><\/p>\n<p><span style=\"font-weight: 400;\">Que os ciclos lunares desta semana te guiem com sabedoria, permitindo que voc\u00ea finalize o que precisa ser conclu\u00eddo e abra espa\u00e7o para o novo, com equil\u00edbrio e serenidade.<\/span><\/p>\n<p style=\"text-align: center;\"><span class=\"td_btn td_btn_md td_round_btn\" style=\"background-color: #666699; color: #ffffff;\"><a style=\"background-color: #666699; color: #ffffff;\" href=\"https:\/\/www.iquilibrio.com\/astrologia\/?utm_campaign=blog_conversao&amp;utm_medium=texto_cta&amp;utm_source=blog&amp;utm_content=2024_cat_ciclo-lunar-semanal_art_luas\" target=\"_blank\" rel=\"noopener\">Fa\u00e7a uma leitura personalizada do seu mapa completo!<\/a><\/span><\/p>\n<hr \/>\n<h3><b>24\/09 a 25\/09 &#8211; Lua Minguante em C\u00e2ncer&#x1f319;&#x264b;<\/b><\/h3>\n<p><b>Energia<\/b><span style=\"font-weight: 400;\">: A Lua Minguante em C\u00e2ncer traz uma energia de acolhimento e introspec\u00e7\u00e3o, pedindo que nos voltemos para dentro e cuidemos de nossas emo\u00e7\u00f5es. Este \u00e9 o momento de curar feridas emocionais e buscar conforto em ambientes familiares e seguros.<\/span><\/p>\n<p><b>Dica Semanal<\/b><span style=\"font-weight: 400;\">: Dedique tempo para se conectar com as suas ra\u00edzes, seja passando momentos tranquilos em casa ou revisitando mem\u00f3rias que te trazem paz. Valorize o aconchego do lar e cuide de suas rela\u00e7\u00f5es mais pr\u00f3ximas.<\/span><\/p>\n<p><b>Incenso<\/b><span style=\"font-weight: 400;\">: Camomila, para promover tranquilidade e paz.<\/span><\/p>\n<p><b>Ritual<\/b><span style=\"font-weight: 400;\">: Prepare um banho de ervas com p\u00e9talas de rosa e camomila. Enquanto estiver no banho, visualize todas as emo\u00e7\u00f5es negativas sendo lavadas e dissolvidas na \u00e1gua.<\/span><\/p>\n<p><b>Mantra<\/b><span style=\"font-weight: 400;\">: \u201cEu acolho minhas emo\u00e7\u00f5es com amor e permito que elas se dissolvam suavemente.\u201d<\/span><\/p>\n<hr \/>\n<h3><b>26\/09 a 28\/09 &#8211; Lua Minguante em Le\u00e3o&#x1f319;&#x264c;<\/b><\/h3>\n<p><b>Energia<\/b><span style=\"font-weight: 400;\">: Mesmo na fase minguante, a Lua em Le\u00e3o traz um brilho especial, incentivando a express\u00e3o pessoal e a autoconfian\u00e7a. Este \u00e9 um momento para olhar para dentro e resgatar sua pr\u00f3pria luz, reconhecendo o seu valor e potencial.<\/span><\/p>\n<p><b>Dica Semanal<\/b><span style=\"font-weight: 400;\">: Aproveite esses dias para finalizar projetos criativos que ainda precisam do seu toque final. Reforce a confian\u00e7a em si mesmo e celebre suas conquistas, por menores que sejam.<\/span><\/p>\n<p><b>Incenso<\/b><span style=\"font-weight: 400;\">: S\u00e2ndalo, para fortalecer a autoestima e a conex\u00e3o espiritual.<\/span><\/p>\n<p><b>Ritual<\/b><span style=\"font-weight: 400;\">: Acenda uma vela dourada e, enquanto ela queima, escreva em um papel algo sobre si que voc\u00ea deseja liberar. Queime o papel na chama da vela, simbolizando a libera\u00e7\u00e3o do que n\u00e3o serve mais.<\/span><\/p>\n<p><b>Mantra<\/b><span style=\"font-weight: 400;\">: \u201cEu reconhe\u00e7o minha luz e libero tudo que me impede de brilhar.\u201d<\/span><\/p>\n<hr \/>\n<h3><b>29\/09 a 30\/09 &#8211; Lua Minguante em Virgem&#x1f319;&#x264d;<\/b><\/h3>\n<p><b>Energia<\/b><span style=\"font-weight: 400;\">: A Lua Minguante em Virgem \u00e9 ideal para organiza\u00e7\u00e3o e purifica\u00e7\u00e3o. A energia detalhista de Virgem nos ajuda a colocar as coisas em ordem, seja na mente, no corpo ou no ambiente ao redor.<\/span><\/p>\n<p><b>Dica Semanal<\/b><span style=\"font-weight: 400;\">: Organize seu espa\u00e7o de trabalho ou casa, eliminando o que n\u00e3o \u00e9 mais \u00fatil. Pratique a purifica\u00e7\u00e3o emocional, liberando pensamentos e sentimentos que bloqueiam seu progresso.<\/span><\/p>\n<p><b>Incenso<\/b><span style=\"font-weight: 400;\">: Alecrim, para purifica\u00e7\u00e3o e clareza mental.<\/span><\/p>\n<p><b>Ritual<\/b><span style=\"font-weight: 400;\">: Realize uma limpeza energ\u00e9tica em sua casa, usando \u00e1gua com sal grosso e algumas gotas de \u00f3leo essencial de alecrim. Enquanto limpa, visualize toda energia estagnada sendo removida.<\/span><\/p>\n<p><b>Mantra<\/b><span style=\"font-weight: 400;\">: \u201cEu purifico minha mente, corpo e esp\u00edrito, preparando-me para o novo.\u201d<\/span><\/p>\n<hr \/>\n<h3><b>01\/10 &#8211; Lua em Libra&#x1f319;&#x264e;<\/b><\/h3>\n<p><b>Energia<\/b><span style=\"font-weight: 400;\">: A Lua entrando em Libra traz um clima de harmonia e busca por equil\u00edbrio. \u00c9 um momento de se preparar para o novo ciclo lunar com serenidade, focando na harmonia interna e nas rela\u00e7\u00f5es equilibradas.<\/span><\/p>\n<p><b>Dica Semanal<\/b><span style=\"font-weight: 400;\">: Use esse dia para refletir sobre seus relacionamentos e como voc\u00ea pode trazer mais equil\u00edbrio para sua vida. Busque reconcilia\u00e7\u00e3o e entendimento, onde houver desentendimentos.<\/span><\/p>\n<p><b>Incenso<\/b><span style=\"font-weight: 400;\">: Lavanda, para promover equil\u00edbrio e serenidade.<\/span><\/p>\n<p><b>Ritual<\/b><span style=\"font-weight: 400;\">: Medite ao ar livre, se poss\u00edvel, visualizando uma balan\u00e7a dourada equilibrando todos os aspectos da sua vida. Sinta a energia de paz e equil\u00edbrio fluindo em voc\u00ea.<\/span><\/p>\n<p><b>Mantra<\/b><span style=\"font-weight: 400;\">: \u201cEu acolho a harmonia em minha vida e nas minhas rela\u00e7\u00f5es.\u201d<\/span><\/p>\n<hr \/>\n<p><img loading=\"lazy\" decoding=\"async\" class=\" wp-image-40193 alignleft\" src=\"https:\/\/www.iquilibrio.com\/blog\/wp-content\/uploads\/2024\/02\/Emylian-Kali-Astrocentro.png\" alt=\"\" width=\"267\" height=\"270\" srcset=\"https:\/\/www.iquilibrio.com\/blog\/wp-content\/uploads\/2024\/02\/Emylian-Kali-Astrocentro.png 334w, https:\/\/www.iquilibrio.com\/blog\/wp-content\/uploads\/2024\/02\/Emylian-Kali-Astrocentro-296x300.png 296w\" sizes=\"auto, (max-width: 267px) 100vw, 267px\" \/>Como oraculista profissional e bruxo, Emylian trabalha com diversas formas de energia e espiritualidade, fornecendo orienta\u00e7\u00e3o e aconselhamento em \u00e1reas como relacionamentos, carreira, finan\u00e7as, sa\u00fade e muito mais.<\/p>\n<p>A jornada espiritual de Emylian come\u00e7ou na inf\u00e2ncia, aos 5 anos de idade, quando teve seu primeiro contato visual com o mundo espiritual.<\/p>\n<p>Desde ent\u00e3o, ele vem aprimorando sua mediunidade e explorando v\u00e1rias \u00e1reas da espiritualidade Como intuitivo, Emylian possui uma sensibilidade agu\u00e7ada para captar as energias e vibra\u00e7\u00f5es dos or\u00e1culos, bem como interpretar suas mensagens.<\/p>\n<p>Ele utiliza sua mediunidade para ajudar as pessoas a encontrar respostas e solu\u00e7\u00f5es para seus desafios pessoais.<\/p>\n\n\n<div class=\"kk-star-ratings kksr-auto kksr-align-left kksr-valign-bottom\"\n    data-payload='{&quot;align&quot;:&quot;left&quot;,&quot;id&quot;:&quot;41020&quot;,&quot;slug&quot;:&quot;default&quot;,&quot;valign&quot;:&quot;bottom&quot;,&quot;ignore&quot;:&quot;&quot;,&quot;reference&quot;:&quot;auto&quot;,&quot;class&quot;:&quot;&quot;,&quot;count&quot;:&quot;0&quot;,&quot;legendonly&quot;:&quot;&quot;,&quot;readonly&quot;:&quot;&quot;,&quot;score&quot;:&quot;0&quot;,&quot;starsonly&quot;:&quot;&quot;,&quot;best&quot;:&quot;5&quot;,&quot;gap&quot;:&quot;5&quot;,&quot;greet&quot;:&quot;Rate this post&quot;,&quot;legend&quot;:&quot;0\\\/5 - (0 voto)&quot;,&quot;size&quot;:&quot;24&quot;,&quot;title&quot;:&quot;A Energia dos Ciclos Lunares de 24\\\/09 a 01\\\/10, por Emylian Kali&quot;,&quot;width&quot;:&quot;0&quot;,&quot;_legend&quot;:&quot;{score}\\\/{best} - ({count} {votes})&quot;,&quot;font_factor&quot;:&quot;1.25&quot;}'>\n            \n<div class=\"kksr-stars\">\n    \n<div class=\"kksr-stars-inactive\">\n            <div class=\"kksr-star\" data-star=\"1\" style=\"padding-right: 5px\">\n            \n\n<div class=\"kksr-icon\" style=\"width: 24px; height: 24px;\"><\/div>\n        <\/div>\n            <div class=\"kksr-star\" data-star=\"2\" style=\"padding-right: 5px\">\n            \n\n<div class=\"kksr-icon\" style=\"width: 24px; height: 24px;\"><\/div>\n        <\/div>\n            <div class=\"kksr-star\" data-star=\"3\" style=\"padding-right: 5px\">\n            \n\n<div class=\"kksr-icon\" style=\"width: 24px; height: 24px;\"><\/div>\n        <\/div>\n            <div class=\"kksr-star\" data-star=\"4\" style=\"padding-right: 5px\">\n            \n\n<div class=\"kksr-icon\" style=\"width: 24px; height: 24px;\"><\/div>\n        <\/div>\n            <div class=\"kksr-star\" data-star=\"5\" style=\"padding-right: 5px\">\n            \n\n<div class=\"kksr-icon\" style=\"width: 24px; height: 24px;\"><\/div>\n        <\/div>\n    <\/div>\n    \n<div class=\"kksr-stars-active\" style=\"width: 0px;\">\n            <div class=\"kksr-star\" style=\"padding-right: 5px\">\n            \n\n<div class=\"kksr-icon\" style=\"width: 24px; height: 24px;\"><\/div>\n        <\/div>\n            <div class=\"kksr-star\" style=\"padding-right: 5px\">\n            \n\n<div class=\"kksr-icon\" style=\"width: 24px; height: 24px;\"><\/div>\n        <\/div>\n            <div class=\"kksr-star\" style=\"padding-right: 5px\">\n            \n\n<div class=\"kksr-icon\" style=\"width: 24px; height: 24px;\"><\/div>\n        <\/div>\n            <div class=\"kksr-star\" style=\"padding-right: 5px\">\n            \n\n<div class=\"kksr-icon\" style=\"width: 24px; height: 24px;\"><\/div>\n        <\/div>\n            <div class=\"kksr-star\" style=\"padding-right: 5px\">\n            \n\n<div class=\"kksr-icon\" style=\"width: 24px; height: 24px;\"><\/div>\n        <\/div>\n    <\/div>\n<\/div>\n                \n\n<div class=\"kksr-legend\" style=\"font-size: 19.2px;\">\n            <span class=\"kksr-muted\">Rate this post<\/span>\n    <\/div>\n    <\/div>\n","protected":false},"excerpt":{"rendered":"<p>Autocuidado e Novas A\u00e7\u00f5es Criativas Querido(a) leitor(a), Para sua semana do dia 24 de setembro a 1\u00ba de outubro, os ciclos lunares nos guiam por um per\u00edodo de fechamento e introspec\u00e7\u00e3o, convidando-nos a olhar para dentro e ajustar o que precisa de cuidado e aten\u00e7\u00e3o. Come\u00e7amos a semana com a Lua Minguante em C\u00e2ncer, trazendo [&hellip;]<\/p>\n","protected":false},"author":158,"featured_media":40190,"comment_status":"closed","ping_status":"closed","sticky":false,"template":"","format":"standard","meta":{"footnotes":""},"categories":[517],"tags":[],"class_list":["post-41020","post","type-post","status-publish","format-standard","has-post-thumbnail","hentry","category-astrologia"],"yoast_head":"<!-- This site is optimized with the Yoast SEO plugin v27.4 - https:\/\/yoast.com\/product\/yoast-seo-wordpress\/ -->\n<title>A Energia dos Ciclos Lunares de 24\/09 a 01\/10, por Emylian Kali - iQuilibrio<\/title>\n<meta name=\"robots\" content=\"index, follow, max-snippet:-1, max-image-preview:large, max-video-preview:-1\" \/>\n<link rel=\"canonical\" href=\"https:\/\/www.iquilibrio.com\/blog\/astrologia\/a-energia-dos-ciclos-lunares-de-24-09-a-01-10-por-emylian-kali\/\" \/>\n<meta property=\"og:locale\" content=\"pt_BR\" \/>\n<meta property=\"og:type\" content=\"article\" \/>\n<meta property=\"og:title\" content=\"A Energia dos Ciclos Lunares de 24\/09 a 01\/10, por Emylian Kali - iQuilibrio\" \/>\n<meta property=\"og:description\" content=\"Autocuidado e Novas A\u00e7\u00f5es Criativas Querido(a) leitor(a), Para sua semana do dia 24 de setembro a 1\u00ba de outubro, os ciclos lunares nos guiam por um per\u00edodo de fechamento e introspec\u00e7\u00e3o, convidando-nos a olhar para dentro e ajustar o que precisa de cuidado e aten\u00e7\u00e3o. Come\u00e7amos a semana com a Lua Minguante em C\u00e2ncer, trazendo [&hellip;]\" \/>\n<meta property=\"og:url\" content=\"https:\/\/www.iquilibrio.com\/blog\/astrologia\/a-energia-dos-ciclos-lunares-de-24-09-a-01-10-por-emylian-kali\/\" \/>\n<meta property=\"og:site_name\" content=\"iQuilibrio\" \/>\n<meta property=\"article:publisher\" content=\"https:\/\/www.facebook.com\/iQuilibrio\/\" \/>\n<meta property=\"article:published_time\" content=\"2024-09-24T09:00:01+00:00\" \/>\n<meta property=\"og:image\" content=\"https:\/\/www.iquilibrio.com\/blog\/wp-content\/uploads\/2024\/02\/BLOG-Passagens-lunares-iQui.jpg\" \/>\n\t<meta property=\"og:image:width\" content=\"900\" \/>\n\t<meta property=\"og:image:height\" content=\"560\" \/>\n\t<meta property=\"og:image:type\" content=\"image\/jpeg\" \/>\n<meta name=\"author\" content=\"Arthur Peroni\" \/>\n<meta name=\"twitter:card\" content=\"summary_large_image\" \/>\n<meta name=\"twitter:creator\" content=\"@iquilibrio\" \/>\n<meta name=\"twitter:site\" content=\"@iquilibrio\" \/>\n<meta name=\"twitter:label1\" content=\"Escrito por\" \/>\n\t<meta name=\"twitter:data1\" content=\"Arthur Peroni\" \/>\n\t<meta name=\"twitter:label2\" content=\"Est. tempo de leitura\" \/>\n\t<meta name=\"twitter:data2\" content=\"6 minutos\" \/>\n<script type=\"application\/ld+json\" class=\"yoast-schema-graph\">{\"@context\":\"https:\\\/\\\/schema.org\",\"@graph\":[{\"@type\":\"Article\",\"@id\":\"https:\\\/\\\/www.iquilibrio.com\\\/blog\\\/astrologia\\\/a-energia-dos-ciclos-lunares-de-24-09-a-01-10-por-emylian-kali\\\/#article\",\"isPartOf\":{\"@id\":\"https:\\\/\\\/www.iquilibrio.com\\\/blog\\\/astrologia\\\/a-energia-dos-ciclos-lunares-de-24-09-a-01-10-por-emylian-kali\\\/\"},\"author\":{\"name\":\"Arthur Peroni\",\"@id\":\"https:\\\/\\\/www.iquilibrio.com\\\/blog\\\/#\\\/schema\\\/person\\\/21ae990723c2e5a1170c9a06dacb4d3d\"},\"headline\":\"A Energia dos Ciclos Lunares de 24\\\/09 a 01\\\/10, por Emylian Kali\",\"datePublished\":\"2024-09-24T09:00:01+00:00\",\"mainEntityOfPage\":{\"@id\":\"https:\\\/\\\/www.iquilibrio.com\\\/blog\\\/astrologia\\\/a-energia-dos-ciclos-lunares-de-24-09-a-01-10-por-emylian-kali\\\/\"},\"wordCount\":1006,\"publisher\":{\"@id\":\"https:\\\/\\\/www.iquilibrio.com\\\/blog\\\/#organization\"},\"image\":{\"@id\":\"https:\\\/\\\/www.iquilibrio.com\\\/blog\\\/astrologia\\\/a-energia-dos-ciclos-lunares-de-24-09-a-01-10-por-emylian-kali\\\/#primaryimage\"},\"thumbnailUrl\":\"https:\\\/\\\/www.iquilibrio.com\\\/blog\\\/wp-content\\\/uploads\\\/2024\\\/02\\\/BLOG-Passagens-lunares-iQui.jpg\",\"articleSection\":[\"Astrologia\"],\"inLanguage\":\"pt-BR\"},{\"@type\":\"WebPage\",\"@id\":\"https:\\\/\\\/www.iquilibrio.com\\\/blog\\\/astrologia\\\/a-energia-dos-ciclos-lunares-de-24-09-a-01-10-por-emylian-kali\\\/\",\"url\":\"https:\\\/\\\/www.iquilibrio.com\\\/blog\\\/astrologia\\\/a-energia-dos-ciclos-lunares-de-24-09-a-01-10-por-emylian-kali\\\/\",\"name\":\"A Energia dos Ciclos Lunares de 24\\\/09 a 01\\\/10, por Emylian Kali - iQuilibrio\",\"isPartOf\":{\"@id\":\"https:\\\/\\\/www.iquilibrio.com\\\/blog\\\/#website\"},\"primaryImageOfPage\":{\"@id\":\"https:\\\/\\\/www.iquilibrio.com\\\/blog\\\/astrologia\\\/a-energia-dos-ciclos-lunares-de-24-09-a-01-10-por-emylian-kali\\\/#primaryimage\"},\"image\":{\"@id\":\"https:\\\/\\\/www.iquilibrio.com\\\/blog\\\/astrologia\\\/a-energia-dos-ciclos-lunares-de-24-09-a-01-10-por-emylian-kali\\\/#primaryimage\"},\"thumbnailUrl\":\"https:\\\/\\\/www.iquilibrio.com\\\/blog\\\/wp-content\\\/uploads\\\/2024\\\/02\\\/BLOG-Passagens-lunares-iQui.jpg\",\"datePublished\":\"2024-09-24T09:00:01+00:00\",\"breadcrumb\":{\"@id\":\"https:\\\/\\\/www.iquilibrio.com\\\/blog\\\/astrologia\\\/a-energia-dos-ciclos-lunares-de-24-09-a-01-10-por-emylian-kali\\\/#breadcrumb\"},\"inLanguage\":\"pt-BR\",\"potentialAction\":[{\"@type\":\"ReadAction\",\"target\":[\"https:\\\/\\\/www.iquilibrio.com\\\/blog\\\/astrologia\\\/a-energia-dos-ciclos-lunares-de-24-09-a-01-10-por-emylian-kali\\\/\"]}]},{\"@type\":\"ImageObject\",\"inLanguage\":\"pt-BR\",\"@id\":\"https:\\\/\\\/www.iquilibrio.com\\\/blog\\\/astrologia\\\/a-energia-dos-ciclos-lunares-de-24-09-a-01-10-por-emylian-kali\\\/#primaryimage\",\"url\":\"https:\\\/\\\/www.iquilibrio.com\\\/blog\\\/wp-content\\\/uploads\\\/2024\\\/02\\\/BLOG-Passagens-lunares-iQui.jpg\",\"contentUrl\":\"https:\\\/\\\/www.iquilibrio.com\\\/blog\\\/wp-content\\\/uploads\\\/2024\\\/02\\\/BLOG-Passagens-lunares-iQui.jpg\",\"width\":900,\"height\":560},{\"@type\":\"BreadcrumbList\",\"@id\":\"https:\\\/\\\/www.iquilibrio.com\\\/blog\\\/astrologia\\\/a-energia-dos-ciclos-lunares-de-24-09-a-01-10-por-emylian-kali\\\/#breadcrumb\",\"itemListElement\":[{\"@type\":\"ListItem\",\"position\":1,\"name\":\"In\u00edcio\",\"item\":\"https:\\\/\\\/www.iquilibrio.com\\\/blog\\\/\"},{\"@type\":\"ListItem\",\"position\":2,\"name\":\"A Energia dos Ciclos Lunares de 24\\\/09 a 01\\\/10, por Emylian Kali\"}]},{\"@type\":\"WebSite\",\"@id\":\"https:\\\/\\\/www.iquilibrio.com\\\/blog\\\/#website\",\"url\":\"https:\\\/\\\/www.iquilibrio.com\\\/blog\\\/\",\"name\":\"iQuilibrio\",\"description\":\"Blog iQuilibrio\",\"publisher\":{\"@id\":\"https:\\\/\\\/www.iquilibrio.com\\\/blog\\\/#organization\"},\"potentialAction\":[{\"@type\":\"SearchAction\",\"target\":{\"@type\":\"EntryPoint\",\"urlTemplate\":\"https:\\\/\\\/www.iquilibrio.com\\\/blog\\\/?s={search_term_string}\"},\"query-input\":{\"@type\":\"PropertyValueSpecification\",\"valueRequired\":true,\"valueName\":\"search_term_string\"}}],\"inLanguage\":\"pt-BR\"},{\"@type\":\"Organization\",\"@id\":\"https:\\\/\\\/www.iquilibrio.com\\\/blog\\\/#organization\",\"name\":\"Esoterismo, Misticismo e Tarot Online - iQuilibrio\",\"url\":\"https:\\\/\\\/www.iquilibrio.com\\\/blog\\\/\",\"logo\":{\"@type\":\"ImageObject\",\"inLanguage\":\"pt-BR\",\"@id\":\"https:\\\/\\\/www.iquilibrio.com\\\/blog\\\/#\\\/schema\\\/logo\\\/image\\\/\",\"url\":\"https:\\\/\\\/www.iquilibrio.com\\\/blog\\\/wp-content\\\/uploads\\\/2018\\\/12\\\/iquilibrio_lovo_vetor_preto-retina.png\",\"contentUrl\":\"https:\\\/\\\/www.iquilibrio.com\\\/blog\\\/wp-content\\\/uploads\\\/2018\\\/12\\\/iquilibrio_lovo_vetor_preto-retina.png\",\"width\":972,\"height\":180,\"caption\":\"Esoterismo, Misticismo e Tarot Online - iQuilibrio\"},\"image\":{\"@id\":\"https:\\\/\\\/www.iquilibrio.com\\\/blog\\\/#\\\/schema\\\/logo\\\/image\\\/\"},\"sameAs\":[\"https:\\\/\\\/www.facebook.com\\\/iQuilibrio\\\/\",\"https:\\\/\\\/x.com\\\/iquilibrio\",\"https:\\\/\\\/www.instagram.com\\\/iquilibrio\\\/\",\"https:\\\/\\\/www.linkedin.com\\\/company\\\/iquilibrio\\\/\",\"https:\\\/\\\/br.pinterest.com\\\/iquilibrio1397\\\/\",\"https:\\\/\\\/www.youtube.com\\\/channel\\\/UC175qxd-4Zsi4wzawT5zF2g\"]},{\"@type\":\"Person\",\"@id\":\"https:\\\/\\\/www.iquilibrio.com\\\/blog\\\/#\\\/schema\\\/person\\\/21ae990723c2e5a1170c9a06dacb4d3d\",\"name\":\"Arthur Peroni\",\"image\":{\"@type\":\"ImageObject\",\"inLanguage\":\"pt-BR\",\"@id\":\"https:\\\/\\\/www.iquilibrio.com\\\/blog\\\/wp-content\\\/uploads\\\/2023\\\/04\\\/Arthur-Peroni-150x150.jpg\",\"url\":\"https:\\\/\\\/www.iquilibrio.com\\\/blog\\\/wp-content\\\/uploads\\\/2023\\\/04\\\/Arthur-Peroni-150x150.jpg\",\"contentUrl\":\"https:\\\/\\\/www.iquilibrio.com\\\/blog\\\/wp-content\\\/uploads\\\/2023\\\/04\\\/Arthur-Peroni-150x150.jpg\",\"caption\":\"Arthur Peroni\"},\"description\":\"Arthur Peroni escreve sobre a vida, o universo e tudo mais. Amante da literatura m\u00edstica, e fic\u00e7\u00e3o, descobriu sua carreira de redator gra\u00e7as ao h\u00e1bito de leitura constante sobre fantasia e drama. Nas horas vagas, gosta de cozinhar, ler e ver filmes antigos. J\u00e1 trabalhou com, comunica\u00e7\u00e3o social, massoterapia, terapias hol\u00edsticas e design de interiores. Atualmente trabalha como redator SEO e se entusiasma com tudo o que \u00e9 esot\u00e9rico. Gosta de discutir sobre assuntos complexos e instigantes, e v\u00ea na escrita uma oportunidade de aprender e criar todos os dias, mentalmente e espiritualmente.\",\"url\":\"https:\\\/\\\/www.iquilibrio.com\\\/blog\\\/author\\\/raul-vinicius\\\/\"}]}<\/script>\n<!-- \/ Yoast SEO plugin. -->","yoast_head_json":{"title":"A Energia dos Ciclos Lunares de 24\/09 a 01\/10, por Emylian Kali - iQuilibrio","robots":{"index":"index","follow":"follow","max-snippet":"max-snippet:-1","max-image-preview":"max-image-preview:large","max-video-preview":"max-video-preview:-1"},"canonical":"https:\/\/www.iquilibrio.com\/blog\/astrologia\/a-energia-dos-ciclos-lunares-de-24-09-a-01-10-por-emylian-kali\/","og_locale":"pt_BR","og_type":"article","og_title":"A Energia dos Ciclos Lunares de 24\/09 a 01\/10, por Emylian Kali - iQuilibrio","og_description":"Autocuidado e Novas A\u00e7\u00f5es Criativas Querido(a) leitor(a), Para sua semana do dia 24 de setembro a 1\u00ba de outubro, os ciclos lunares nos guiam por um per\u00edodo de fechamento e introspec\u00e7\u00e3o, convidando-nos a olhar para dentro e ajustar o que precisa de cuidado e aten\u00e7\u00e3o. Come\u00e7amos a semana com a Lua Minguante em C\u00e2ncer, trazendo [&hellip;]","og_url":"https:\/\/www.iquilibrio.com\/blog\/astrologia\/a-energia-dos-ciclos-lunares-de-24-09-a-01-10-por-emylian-kali\/","og_site_name":"iQuilibrio","article_publisher":"https:\/\/www.facebook.com\/iQuilibrio\/","article_published_time":"2024-09-24T09:00:01+00:00","og_image":[{"width":900,"height":560,"url":"https:\/\/www.iquilibrio.com\/blog\/wp-content\/uploads\/2024\/02\/BLOG-Passagens-lunares-iQui.jpg","type":"image\/jpeg"}],"author":"Arthur Peroni","twitter_card":"summary_large_image","twitter_creator":"@iquilibrio","twitter_site":"@iquilibrio","twitter_misc":{"Escrito por":"Arthur Peroni","Est. tempo de leitura":"6 minutos"},"schema":{"@context":"https:\/\/schema.org","@graph":[{"@type":"Article","@id":"https:\/\/www.iquilibrio.com\/blog\/astrologia\/a-energia-dos-ciclos-lunares-de-24-09-a-01-10-por-emylian-kali\/#article","isPartOf":{"@id":"https:\/\/www.iquilibrio.com\/blog\/astrologia\/a-energia-dos-ciclos-lunares-de-24-09-a-01-10-por-emylian-kali\/"},"author":{"name":"Arthur Peroni","@id":"https:\/\/www.iquilibrio.com\/blog\/#\/schema\/person\/21ae990723c2e5a1170c9a06dacb4d3d"},"headline":"A Energia dos Ciclos Lunares de 24\/09 a 01\/10, por Emylian Kali","datePublished":"2024-09-24T09:00:01+00:00","mainEntityOfPage":{"@id":"https:\/\/www.iquilibrio.com\/blog\/astrologia\/a-energia-dos-ciclos-lunares-de-24-09-a-01-10-por-emylian-kali\/"},"wordCount":1006,"publisher":{"@id":"https:\/\/www.iquilibrio.com\/blog\/#organization"},"image":{"@id":"https:\/\/www.iquilibrio.com\/blog\/astrologia\/a-energia-dos-ciclos-lunares-de-24-09-a-01-10-por-emylian-kali\/#primaryimage"},"thumbnailUrl":"https:\/\/www.iquilibrio.com\/blog\/wp-content\/uploads\/2024\/02\/BLOG-Passagens-lunares-iQui.jpg","articleSection":["Astrologia"],"inLanguage":"pt-BR"},{"@type":"WebPage","@id":"https:\/\/www.iquilibrio.com\/blog\/astrologia\/a-energia-dos-ciclos-lunares-de-24-09-a-01-10-por-emylian-kali\/","url":"https:\/\/www.iquilibrio.com\/blog\/astrologia\/a-energia-dos-ciclos-lunares-de-24-09-a-01-10-por-emylian-kali\/","name":"A Energia dos Ciclos Lunares de 24\/09 a 01\/10, por Emylian Kali - iQuilibrio","isPartOf":{"@id":"https:\/\/www.iquilibrio.com\/blog\/#website"},"primaryImageOfPage":{"@id":"https:\/\/www.iquilibrio.com\/blog\/astrologia\/a-energia-dos-ciclos-lunares-de-24-09-a-01-10-por-emylian-kali\/#primaryimage"},"image":{"@id":"https:\/\/www.iquilibrio.com\/blog\/astrologia\/a-energia-dos-ciclos-lunares-de-24-09-a-01-10-por-emylian-kali\/#primaryimage"},"thumbnailUrl":"https:\/\/www.iquilibrio.com\/blog\/wp-content\/uploads\/2024\/02\/BLOG-Passagens-lunares-iQui.jpg","datePublished":"2024-09-24T09:00:01+00:00","breadcrumb":{"@id":"https:\/\/www.iquilibrio.com\/blog\/astrologia\/a-energia-dos-ciclos-lunares-de-24-09-a-01-10-por-emylian-kali\/#breadcrumb"},"inLanguage":"pt-BR","potentialAction":[{"@type":"ReadAction","target":["https:\/\/www.iquilibrio.com\/blog\/astrologia\/a-energia-dos-ciclos-lunares-de-24-09-a-01-10-por-emylian-kali\/"]}]},{"@type":"ImageObject","inLanguage":"pt-BR","@id":"https:\/\/www.iquilibrio.com\/blog\/astrologia\/a-energia-dos-ciclos-lunares-de-24-09-a-01-10-por-emylian-kali\/#primaryimage","url":"https:\/\/www.iquilibrio.com\/blog\/wp-content\/uploads\/2024\/02\/BLOG-Passagens-lunares-iQui.jpg","contentUrl":"https:\/\/www.iquilibrio.com\/blog\/wp-content\/uploads\/2024\/02\/BLOG-Passagens-lunares-iQui.jpg","width":900,"height":560},{"@type":"BreadcrumbList","@id":"https:\/\/www.iquilibrio.com\/blog\/astrologia\/a-energia-dos-ciclos-lunares-de-24-09-a-01-10-por-emylian-kali\/#breadcrumb","itemListElement":[{"@type":"ListItem","position":1,"name":"In\u00edcio","item":"https:\/\/www.iquilibrio.com\/blog\/"},{"@type":"ListItem","position":2,"name":"A Energia dos Ciclos Lunares de 24\/09 a 01\/10, por Emylian Kali"}]},{"@type":"WebSite","@id":"https:\/\/www.iquilibrio.com\/blog\/#website","url":"https:\/\/www.iquilibrio.com\/blog\/","name":"iQuilibrio","description":"Blog iQuilibrio","publisher":{"@id":"https:\/\/www.iquilibrio.com\/blog\/#organization"},"potentialAction":[{"@type":"SearchAction","target":{"@type":"EntryPoint","urlTemplate":"https:\/\/www.iquilibrio.com\/blog\/?s={search_term_string}"},"query-input":{"@type":"PropertyValueSpecification","valueRequired":true,"valueName":"search_term_string"}}],"inLanguage":"pt-BR"},{"@type":"Organization","@id":"https:\/\/www.iquilibrio.com\/blog\/#organization","name":"Esoterismo, Misticismo e Tarot Online - iQuilibrio","url":"https:\/\/www.iquilibrio.com\/blog\/","logo":{"@type":"ImageObject","inLanguage":"pt-BR","@id":"https:\/\/www.iquilibrio.com\/blog\/#\/schema\/logo\/image\/","url":"https:\/\/www.iquilibrio.com\/blog\/wp-content\/uploads\/2018\/12\/iquilibrio_lovo_vetor_preto-retina.png","contentUrl":"https:\/\/www.iquilibrio.com\/blog\/wp-content\/uploads\/2018\/12\/iquilibrio_lovo_vetor_preto-retina.png","width":972,"height":180,"caption":"Esoterismo, Misticismo e Tarot Online - iQuilibrio"},"image":{"@id":"https:\/\/www.iquilibrio.com\/blog\/#\/schema\/logo\/image\/"},"sameAs":["https:\/\/www.facebook.com\/iQuilibrio\/","https:\/\/x.com\/iquilibrio","https:\/\/www.instagram.com\/iquilibrio\/","https:\/\/www.linkedin.com\/company\/iquilibrio\/","https:\/\/br.pinterest.com\/iquilibrio1397\/","https:\/\/www.youtube.com\/channel\/UC175qxd-4Zsi4wzawT5zF2g"]},{"@type":"Person","@id":"https:\/\/www.iquilibrio.com\/blog\/#\/schema\/person\/21ae990723c2e5a1170c9a06dacb4d3d","name":"Arthur Peroni","image":{"@type":"ImageObject","inLanguage":"pt-BR","@id":"https:\/\/www.iquilibrio.com\/blog\/wp-content\/uploads\/2023\/04\/Arthur-Peroni-150x150.jpg","url":"https:\/\/www.iquilibrio.com\/blog\/wp-content\/uploads\/2023\/04\/Arthur-Peroni-150x150.jpg","contentUrl":"https:\/\/www.iquilibrio.com\/blog\/wp-content\/uploads\/2023\/04\/Arthur-Peroni-150x150.jpg","caption":"Arthur Peroni"},"description":"Arthur Peroni escreve sobre a vida, o universo e tudo mais. Amante da literatura m\u00edstica, e fic\u00e7\u00e3o, descobriu sua carreira de redator gra\u00e7as ao h\u00e1bito de leitura constante sobre fantasia e drama. Nas horas vagas, gosta de cozinhar, ler e ver filmes antigos. J\u00e1 trabalhou com, comunica\u00e7\u00e3o social, massoterapia, terapias hol\u00edsticas e design de interiores. Atualmente trabalha como redator SEO e se entusiasma com tudo o que \u00e9 esot\u00e9rico. Gosta de discutir sobre assuntos complexos e instigantes, e v\u00ea na escrita uma oportunidade de aprender e criar todos os dias, mentalmente e espiritualmente.","url":"https:\/\/www.iquilibrio.com\/blog\/author\/raul-vinicius\/"}]}},"_links":{"self":[{"href":"https:\/\/www.iquilibrio.com\/blog\/wp-json\/wp\/v2\/posts\/41020","targetHints":{"allow":["GET"]}}],"collection":[{"href":"https:\/\/www.iquilibrio.com\/blog\/wp-json\/wp\/v2\/posts"}],"about":[{"href":"https:\/\/www.iquilibrio.com\/blog\/wp-json\/wp\/v2\/types\/post"}],"author":[{"embeddable":true,"href":"https:\/\/www.iquilibrio.com\/blog\/wp-json\/wp\/v2\/users\/158"}],"replies":[{"embeddable":true,"href":"https:\/\/www.iquilibrio.com\/blog\/wp-json\/wp\/v2\/comments?post=41020"}],"version-history":[{"count":1,"href":"https:\/\/www.iquilibrio.com\/blog\/wp-json\/wp\/v2\/posts\/41020\/revisions"}],"predecessor-version":[{"id":41021,"href":"https:\/\/www.iquilibrio.com\/blog\/wp-json\/wp\/v2\/posts\/41020\/revisions\/41021"}],"wp:featuredmedia":[{"embeddable":true,"href":"https:\/\/www.iquilibrio.com\/blog\/wp-json\/wp\/v2\/media\/40190"}],"wp:attachment":[{"href":"https:\/\/www.iquilibrio.com\/blog\/wp-json\/wp\/v2\/media?parent=41020"}],"wp:term":[{"taxonomy":"category","embeddable":true,"href":"https:\/\/www.iquilibrio.com\/blog\/wp-json\/wp\/v2\/categories?post=41020"},{"taxonomy":"post_tag","embeddable":true,"href":"https:\/\/www.iquilibrio.com\/blog\/wp-json\/wp\/v2\/tags?post=41020"}],"curies":[{"name":"wp","href":"https:\/\/api.w.org\/{rel}","templated":true}]}}