{"id":41018,"date":"2024-09-16T06:00:08","date_gmt":"2024-09-16T09:00:08","guid":{"rendered":"https:\/\/www.iquilibrio.com\/blog\/?p=41018"},"modified":"2024-09-02T10:48:21","modified_gmt":"2024-09-02T13:48:21","slug":"a-energia-dos-ciclos-lunares-de-17-09-a-23-09-por-emylian-kali","status":"publish","type":"post","link":"https:\/\/www.iquilibrio.com\/blog\/astrologia\/a-energia-dos-ciclos-lunares-de-17-09-a-23-09-por-emylian-kali\/","title":{"rendered":"A Energia dos Ciclos Lunares de 17\/09 a 23\/09, por Emylian Kali"},"content":{"rendered":"<h2><b>Ilumina\u00e7\u00e3o, Simplicidade e Reconex\u00e3o Espiritual<\/b><\/h2>\n<p><span style=\"font-weight: 400;\">Querido(a) leitor(a),<\/span><\/p>\n<p><span style=\"font-weight: 400;\">Na semana de 17 a 23 de setembro, os c\u00e9us nos trazem um convite especial para uma jornada de transforma\u00e7\u00e3o e introspec\u00e7\u00e3o. A chegada da Lua Cheia em Peixes, marcada pelo poderoso eclipse lunar, abre um portal de profunda sensibilidade e conex\u00e3o espiritual. Este \u00e9 um momento de ilumina\u00e7\u00e3o, onde as \u00e1guas piscianas refletem nossas emo\u00e7\u00f5es mais escondidas, revelando o que precisa ser liberado. Prepare-se para um dia de grande import\u00e2ncia, onde o passado pode ser transmutado e o novo pode come\u00e7ar a florescer.<\/span><\/p>\n<p><span style=\"font-weight: 400;\">\u00c0 medida que a Lua se move para \u00c1ries, a energia muda, trazendo um impulso de a\u00e7\u00e3o e coragem. Depois da introspec\u00e7\u00e3o profunda, \u00e9 hora de agir com determina\u00e7\u00e3o, canalizando o que foi revelado em passos concretos. Nos dias que a Lua estar\u00e1 em Touro, somos chamados a ancorar essa energia, buscando estabilidade e prazer nas coisas simples e duradouras.<\/span><\/p>\n<p><span style=\"font-weight: 400;\">Por fim, no final da semana, a Lua chega a G\u00eameos, encerrando o ciclo com uma oportunidade de cura e renova\u00e7\u00e3o. Este \u00e9 um momento para se reconectar com a espiritualidade e descansar, permitindo que o que foi trabalhado ao longo da semana se assente e flores\u00e7a em sua vida.<\/span><\/p>\n<p><span style=\"font-weight: 400;\">Que cada fase lunar desta semana te guie com clareza, trazendo \u00e0 tona o que precisa ser visto, e te inspire a agir com coragem e amor.<\/span><\/p>\n<p style=\"text-align: center;\"><span class=\"td_btn td_btn_md td_round_btn\" style=\"background-color: #666699; color: #ffffff;\"><a style=\"background-color: #666699; color: #ffffff;\" href=\"https:\/\/www.iquilibrio.com\/astrologia\/?utm_campaign=blog_conversao&amp;utm_medium=texto_cta&amp;utm_source=blog&amp;utm_content=2024_cat_ciclo-lunar-semanal_art_luas\" target=\"_blank\" rel=\"noopener\">Tenha uma leitura completa do seu mapa astral!<\/a><\/span><\/p>\n<hr \/>\n<h3><b>Lua Cheia em Peixes \u2013 Eclipse Lunar&#x1f315;&#x2653;(17\/09)<\/b><\/h3>\n<p><b>Energia:<\/b><span style=\"font-weight: 400;\"> Este ciclo lunar \u00e9 particularmente poderoso, marcado pelo Eclipse Lunar em Peixes, que intensifica as energias emocionais e espirituais.<\/span><\/p>\n<p><span style=\"font-weight: 400;\">A Lua Cheia em Peixes ilumina nossas emo\u00e7\u00f5es mais profundas e nos convida a soltar aquilo que j\u00e1 n\u00e3o nos serve, encerrando ciclos com amor e compaix\u00e3o. \u00c9 um momento de grande sensibilidade, intui\u00e7\u00e3o e conex\u00e3o espiritual.<\/span><\/p>\n<p><span style=\"font-weight: 400;\">Este eclipse nos oferece a chance de uma transforma\u00e7\u00e3o profunda, pedindo que nos conectemos com nosso eu interior e liberemos padr\u00f5es antigos.<\/span><\/p>\n<p><b>Dica da Semana:<\/b><span style=\"font-weight: 400;\"> Permita-se sentir profundamente durante esse per\u00edodo, mas lembre-se de manter os p\u00e9s no ch\u00e3o. Evite tomar decis\u00f5es impulsivas ou se deixar levar por ilus\u00f5es. Use essa energia para curar feridas emocionais e se reconectar com a espiritualidade, seja atrav\u00e9s da medita\u00e7\u00e3o, da arte ou da natureza.<\/span><\/p>\n<p><b>Incenso:<\/b><span style=\"font-weight: 400;\"> S\u00e1lvia branca, para purifica\u00e7\u00e3o e clareza espiritual.<\/span><\/p>\n<p><b>Ritual:<\/b><span style=\"font-weight: 400;\"> Em uma noite tranquila, acenda uma vela branca e o incenso de s\u00e1lvia branca. Sente-se confortavelmente e respire profundamente, conectando-se com a energia da Lua Cheia. Escreva em um papel tudo o que deseja liberar e, em seguida, queime-o na chama da vela, permitindo que a fuma\u00e7a leve seus desejos de transforma\u00e7\u00e3o ao universo. Finalize com uma medita\u00e7\u00e3o focada na gratid\u00e3o e na cura.<\/span><\/p>\n<p><b>Mantra:<\/b><span style=\"font-weight: 400;\"> &#8220;Eu liberto com amor o que n\u00e3o me serve mais e abro espa\u00e7o para a cura e a transforma\u00e7\u00e3o em minha vida.&#8221;<\/span><\/p>\n<hr \/>\n<h3><b>Lua em \u00c1ries &#x1f315;&#x2648;(18\/09 a 19\/09)<\/b><\/h3>\n<p><b>Energia:<\/b><span style=\"font-weight: 400;\"> Com a Lua transitando por \u00c1ries, a energia se torna mais din\u00e2mica e impulsiva. \u00c1ries traz um impulso de a\u00e7\u00e3o e coragem, encorajando-nos a dar passos decisivos em dire\u00e7\u00e3o aos nossos objetivos.<\/span><\/p>\n<p><span style=\"font-weight: 400;\">Este \u00e9 um per\u00edodo de grande motiva\u00e7\u00e3o, onde podemos iniciar novos projetos com vigor e confian\u00e7a.<\/span><\/p>\n<p><b>Dica da Semana:<\/b><span style=\"font-weight: 400;\"> Aproveite essa energia para agir de forma assertiva e determinada. Evite conflitos ou decis\u00f5es precipitadas; use a energia ariana para focar em suas metas e impulsionar seus projetos.<\/span><\/p>\n<p><span style=\"font-weight: 400;\">Este \u00e9 um \u00f3timo momento para atividades f\u00edsicas ou qualquer coisa que exija energia e iniciativa.<\/span><\/p>\n<p><b>Incenso:<\/b><span style=\"font-weight: 400;\"> Canela, para atrair prosperidade e aumentar a energia.<\/span><\/p>\n<p><b>Ritual:<\/b><span style=\"font-weight: 400;\"> Acenda o incenso de canela e visualize seus objetivos com clareza. Enquanto o incenso queima, mova-se fisicamente, seja dan\u00e7ando ou fazendo uma caminhada, para incorporar a energia ativa de \u00c1ries.<\/span><\/p>\n<p><span style=\"font-weight: 400;\">Mentalize a concretiza\u00e7\u00e3o de suas metas e sinta a for\u00e7a e a coragem fluindo por todo o seu corpo.<\/span><\/p>\n<p><b>Mantra: <\/b><span style=\"font-weight: 400;\">&#8220;Eu ajo com coragem e determina\u00e7\u00e3o, avan\u00e7ando confiante em dire\u00e7\u00e3o aos meus objetivos.&#8221;<\/span><\/p>\n<hr \/>\n<h3><b>Lua em Touro &#x1f315;&#x2649;(20\/09 a 21\/09)<\/b><\/h3>\n<p><b>Energia: <\/b><span style=\"font-weight: 400;\">A Lua em Touro traz uma energia de estabilidade e conforto, favorecendo a conex\u00e3o com os sentidos e o prazer nas pequenas coisas da vida.<\/span><\/p>\n<p><span style=\"font-weight: 400;\">Este \u00e9 um per\u00edodo prop\u00edcio para cuidar de si mesmo e valorizar as coisas simples que trazem seguran\u00e7a e bem-estar. Touro nos convida a cultivar paci\u00eancia e a focar em construir uma base s\u00f3lida em nossas vidas.<\/span><\/p>\n<p><b>Dica da Semana: <\/b><span style=\"font-weight: 400;\">Dedique-se a atividades que proporcionem conforto e seguran\u00e7a, como cuidar da casa, cozinhar ou simplesmente relaxar em um ambiente agrad\u00e1vel. Evite a pressa; use esse tempo para nutrir-se e cultivar o que realmente importa em sua vida.<\/span><\/p>\n<p><b>Incenso:<\/b><span style=\"font-weight: 400;\"> Patchouli, para atrair prosperidade e promover estabilidade.<\/span><\/p>\n<p><b>Ritual: <\/b><span style=\"font-weight: 400;\">Prepare um ambiente aconchegante em casa, com velas e o incenso de patchouli. Sente-se confortavelmente e concentre-se na sua respira\u00e7\u00e3o, trazendo sua mente para o momento presente.<\/span><\/p>\n<p><span style=\"font-weight: 400;\">Ap\u00f3s alguns minutos de medita\u00e7\u00e3o, escreva uma lista de tudo o que voc\u00ea j\u00e1 tem e agradece, refor\u00e7ando a energia de abund\u00e2ncia e seguran\u00e7a em sua vida.<\/span><\/p>\n<p><b>Mantra: <\/b><span style=\"font-weight: 400;\">&#8220;Eu valorizo e cultivo a seguran\u00e7a e a abund\u00e2ncia em todas as \u00e1reas da minha vida.&#8221;<\/span><\/p>\n<hr \/>\n<h3><b>Lua em G\u00eameos &#x1f315;&#x264a;(22\/09 a 23\/09)<\/b><\/h3>\n<p><b>Energia: <\/b><span style=\"font-weight: 400;\">Com a Lua em G\u00eameos, encerramos a semana com uma energia de introspec\u00e7\u00e3o e sensibilidade.<\/span><\/p>\n<p><span style=\"font-weight: 400;\">Este \u00e9 um momento de recarregar as energias, conectando-se com o seu lado mais intuitivo e espiritual. G\u00eameos nos ajuda a sonhar e a nos perder na imagina\u00e7\u00e3o, ao mesmo tempo em que nos convida a nos dissolver em nossa conex\u00e3o com o universo.<\/span><\/p>\n<p><b>Dica da Semana: <\/b><span style=\"font-weight: 400;\">Utilize essa fase para se permitir descansar e se reconectar com sua espiritualidade.<\/span><\/p>\n<p><span style=\"font-weight: 400;\">Evite sobrecarregar-se com responsabilidades pr\u00e1ticas; priorize seu bem-estar emocional e espiritual. Este \u00e9 um momento excelente para pr\u00e1ticas meditativas, art\u00edsticas ou espirituais.<\/span><\/p>\n<p><b>Incenso:<\/b><span style=\"font-weight: 400;\"> Lavanda, para promover paz e relaxamento.<\/span><\/p>\n<p><b>Ritual: <\/b><span style=\"font-weight: 400;\">Acenda uma vela azul claro e o incenso de lavanda. Encontre um lugar tranquilo onde possa relaxar e meditar. <\/span><span style=\"font-weight: 400;\">Visualize um mar calmo, onde voc\u00ea flutua serenamente, permitindo que todas as preocupa\u00e7\u00f5es se dissolvam na \u00e1gua.<\/span><\/p>\n<p><span style=\"font-weight: 400;\">Ap\u00f3s a medita\u00e7\u00e3o, anote quaisquer insights ou sentimentos que surgirem e guarde-os em seu cora\u00e7\u00e3o como orienta\u00e7\u00f5es do universo.<\/span><\/p>\n<p><b>Mantra: <\/b><span style=\"font-weight: 400;\">&#8220;Eu me entrego \u00e0 correnteza da vida, confiando na sabedoria do universo para me guiar.&#8221;<\/span><\/p>\n<p><span style=\"font-weight: 400;\">Que esses ciclos lunares te guiem com clareza, prop\u00f3sito e leveza, permitindo que voc\u00ea caminhe em sintonia com as energias do universo.<\/span><\/p>\n<hr \/>\n<p><img loading=\"lazy\" decoding=\"async\" class=\" wp-image-40193 alignleft\" src=\"https:\/\/www.iquilibrio.com\/blog\/wp-content\/uploads\/2024\/02\/Emylian-Kali-Astrocentro.png\" alt=\"\" width=\"262\" height=\"265\" srcset=\"https:\/\/www.iquilibrio.com\/blog\/wp-content\/uploads\/2024\/02\/Emylian-Kali-Astrocentro.png 334w, https:\/\/www.iquilibrio.com\/blog\/wp-content\/uploads\/2024\/02\/Emylian-Kali-Astrocentro-296x300.png 296w\" sizes=\"auto, (max-width: 262px) 100vw, 262px\" \/>Como oraculista profissional e bruxo, Emylian trabalha com diversas formas de energia e espiritualidade, fornecendo orienta\u00e7\u00e3o e aconselhamento em \u00e1reas como relacionamentos, carreira, finan\u00e7as, sa\u00fade e muito mais.<\/p>\n<p>A jornada espiritual de Emylian come\u00e7ou na inf\u00e2ncia, aos 5 anos de idade, quando teve seu primeiro contato visual com o mundo espiritual.<\/p>\n<p>Desde ent\u00e3o, ele vem aprimorando sua mediunidade e explorando v\u00e1rias \u00e1reas da espiritualidade Como intuitivo, Emylian possui uma sensibilidade agu\u00e7ada para captar as energias e vibra\u00e7\u00f5es dos or\u00e1culos, bem como interpretar suas mensagens.<\/p>\n<p>Ele utiliza sua mediunidade para ajudar as pessoas a encontrar respostas e solu\u00e7\u00f5es para seus desafios pessoais.<\/p>\n\n\n<div class=\"kk-star-ratings kksr-auto kksr-align-left kksr-valign-bottom\"\n    data-payload='{&quot;align&quot;:&quot;left&quot;,&quot;id&quot;:&quot;41018&quot;,&quot;slug&quot;:&quot;default&quot;,&quot;valign&quot;:&quot;bottom&quot;,&quot;ignore&quot;:&quot;&quot;,&quot;reference&quot;:&quot;auto&quot;,&quot;class&quot;:&quot;&quot;,&quot;count&quot;:&quot;0&quot;,&quot;legendonly&quot;:&quot;&quot;,&quot;readonly&quot;:&quot;&quot;,&quot;score&quot;:&quot;0&quot;,&quot;starsonly&quot;:&quot;&quot;,&quot;best&quot;:&quot;5&quot;,&quot;gap&quot;:&quot;5&quot;,&quot;greet&quot;:&quot;Rate this post&quot;,&quot;legend&quot;:&quot;0\\\/5 - (0 voto)&quot;,&quot;size&quot;:&quot;24&quot;,&quot;title&quot;:&quot;A Energia dos Ciclos Lunares de 17\\\/09 a 23\\\/09, por Emylian Kali&quot;,&quot;width&quot;:&quot;0&quot;,&quot;_legend&quot;:&quot;{score}\\\/{best} - ({count} {votes})&quot;,&quot;font_factor&quot;:&quot;1.25&quot;}'>\n            \n<div class=\"kksr-stars\">\n    \n<div class=\"kksr-stars-inactive\">\n            <div class=\"kksr-star\" data-star=\"1\" style=\"padding-right: 5px\">\n            \n\n<div class=\"kksr-icon\" style=\"width: 24px; height: 24px;\"><\/div>\n        <\/div>\n            <div class=\"kksr-star\" data-star=\"2\" style=\"padding-right: 5px\">\n            \n\n<div class=\"kksr-icon\" style=\"width: 24px; height: 24px;\"><\/div>\n        <\/div>\n            <div class=\"kksr-star\" data-star=\"3\" style=\"padding-right: 5px\">\n            \n\n<div class=\"kksr-icon\" style=\"width: 24px; height: 24px;\"><\/div>\n        <\/div>\n            <div class=\"kksr-star\" data-star=\"4\" style=\"padding-right: 5px\">\n            \n\n<div class=\"kksr-icon\" style=\"width: 24px; height: 24px;\"><\/div>\n        <\/div>\n            <div class=\"kksr-star\" data-star=\"5\" style=\"padding-right: 5px\">\n            \n\n<div class=\"kksr-icon\" style=\"width: 24px; height: 24px;\"><\/div>\n        <\/div>\n    <\/div>\n    \n<div class=\"kksr-stars-active\" style=\"width: 0px;\">\n            <div class=\"kksr-star\" style=\"padding-right: 5px\">\n            \n\n<div class=\"kksr-icon\" style=\"width: 24px; height: 24px;\"><\/div>\n        <\/div>\n            <div class=\"kksr-star\" style=\"padding-right: 5px\">\n            \n\n<div class=\"kksr-icon\" style=\"width: 24px; height: 24px;\"><\/div>\n        <\/div>\n            <div class=\"kksr-star\" style=\"padding-right: 5px\">\n            \n\n<div class=\"kksr-icon\" style=\"width: 24px; height: 24px;\"><\/div>\n        <\/div>\n            <div class=\"kksr-star\" style=\"padding-right: 5px\">\n            \n\n<div class=\"kksr-icon\" style=\"width: 24px; height: 24px;\"><\/div>\n        <\/div>\n            <div class=\"kksr-star\" style=\"padding-right: 5px\">\n            \n\n<div class=\"kksr-icon\" style=\"width: 24px; height: 24px;\"><\/div>\n        <\/div>\n    <\/div>\n<\/div>\n                \n\n<div class=\"kksr-legend\" style=\"font-size: 19.2px;\">\n            <span class=\"kksr-muted\">Rate this post<\/span>\n    <\/div>\n    <\/div>\n","protected":false},"excerpt":{"rendered":"<p>Ilumina\u00e7\u00e3o, Simplicidade e Reconex\u00e3o Espiritual Querido(a) leitor(a), Na semana de 17 a 23 de setembro, os c\u00e9us nos trazem um convite especial para uma jornada de transforma\u00e7\u00e3o e introspec\u00e7\u00e3o. A chegada da Lua Cheia em Peixes, marcada pelo poderoso eclipse lunar, abre um portal de profunda sensibilidade e conex\u00e3o espiritual. Este \u00e9 um momento de [&hellip;]<\/p>\n","protected":false},"author":158,"featured_media":40190,"comment_status":"closed","ping_status":"closed","sticky":false,"template":"","format":"standard","meta":{"footnotes":""},"categories":[517],"tags":[],"class_list":["post-41018","post","type-post","status-publish","format-standard","has-post-thumbnail","hentry","category-astrologia"],"yoast_head":"<!-- This site is optimized with the Yoast SEO plugin v27.4 - https:\/\/yoast.com\/product\/yoast-seo-wordpress\/ -->\n<title>A Energia dos Ciclos Lunares de 17\/09 a 23\/09, por Emylian Kali - iQuilibrio<\/title>\n<meta name=\"robots\" content=\"index, follow, max-snippet:-1, max-image-preview:large, max-video-preview:-1\" \/>\n<link rel=\"canonical\" href=\"https:\/\/www.iquilibrio.com\/blog\/astrologia\/a-energia-dos-ciclos-lunares-de-17-09-a-23-09-por-emylian-kali\/\" \/>\n<meta property=\"og:locale\" content=\"pt_BR\" \/>\n<meta property=\"og:type\" content=\"article\" \/>\n<meta property=\"og:title\" content=\"A Energia dos Ciclos Lunares de 17\/09 a 23\/09, por Emylian Kali - iQuilibrio\" \/>\n<meta property=\"og:description\" content=\"Ilumina\u00e7\u00e3o, Simplicidade e Reconex\u00e3o Espiritual Querido(a) leitor(a), Na semana de 17 a 23 de setembro, os c\u00e9us nos trazem um convite especial para uma jornada de transforma\u00e7\u00e3o e introspec\u00e7\u00e3o. A chegada da Lua Cheia em Peixes, marcada pelo poderoso eclipse lunar, abre um portal de profunda sensibilidade e conex\u00e3o espiritual. Este \u00e9 um momento de [&hellip;]\" \/>\n<meta property=\"og:url\" content=\"https:\/\/www.iquilibrio.com\/blog\/astrologia\/a-energia-dos-ciclos-lunares-de-17-09-a-23-09-por-emylian-kali\/\" \/>\n<meta property=\"og:site_name\" content=\"iQuilibrio\" \/>\n<meta property=\"article:publisher\" content=\"https:\/\/www.facebook.com\/iQuilibrio\/\" \/>\n<meta property=\"article:published_time\" content=\"2024-09-16T09:00:08+00:00\" \/>\n<meta property=\"og:image\" content=\"https:\/\/www.iquilibrio.com\/blog\/wp-content\/uploads\/2024\/02\/BLOG-Passagens-lunares-iQui.jpg\" \/>\n\t<meta property=\"og:image:width\" content=\"900\" \/>\n\t<meta property=\"og:image:height\" content=\"560\" \/>\n\t<meta property=\"og:image:type\" content=\"image\/jpeg\" \/>\n<meta name=\"author\" content=\"Arthur Peroni\" \/>\n<meta name=\"twitter:card\" content=\"summary_large_image\" \/>\n<meta name=\"twitter:creator\" content=\"@iquilibrio\" \/>\n<meta name=\"twitter:site\" content=\"@iquilibrio\" \/>\n<meta name=\"twitter:label1\" content=\"Escrito por\" \/>\n\t<meta name=\"twitter:data1\" content=\"Arthur Peroni\" \/>\n\t<meta name=\"twitter:label2\" content=\"Est. tempo de leitura\" \/>\n\t<meta name=\"twitter:data2\" content=\"7 minutos\" \/>\n<script type=\"application\/ld+json\" class=\"yoast-schema-graph\">{\"@context\":\"https:\\\/\\\/schema.org\",\"@graph\":[{\"@type\":\"Article\",\"@id\":\"https:\\\/\\\/www.iquilibrio.com\\\/blog\\\/astrologia\\\/a-energia-dos-ciclos-lunares-de-17-09-a-23-09-por-emylian-kali\\\/#article\",\"isPartOf\":{\"@id\":\"https:\\\/\\\/www.iquilibrio.com\\\/blog\\\/astrologia\\\/a-energia-dos-ciclos-lunares-de-17-09-a-23-09-por-emylian-kali\\\/\"},\"author\":{\"name\":\"Arthur Peroni\",\"@id\":\"https:\\\/\\\/www.iquilibrio.com\\\/blog\\\/#\\\/schema\\\/person\\\/21ae990723c2e5a1170c9a06dacb4d3d\"},\"headline\":\"A Energia dos Ciclos Lunares de 17\\\/09 a 23\\\/09, por Emylian Kali\",\"datePublished\":\"2024-09-16T09:00:08+00:00\",\"mainEntityOfPage\":{\"@id\":\"https:\\\/\\\/www.iquilibrio.com\\\/blog\\\/astrologia\\\/a-energia-dos-ciclos-lunares-de-17-09-a-23-09-por-emylian-kali\\\/\"},\"wordCount\":1235,\"publisher\":{\"@id\":\"https:\\\/\\\/www.iquilibrio.com\\\/blog\\\/#organization\"},\"image\":{\"@id\":\"https:\\\/\\\/www.iquilibrio.com\\\/blog\\\/astrologia\\\/a-energia-dos-ciclos-lunares-de-17-09-a-23-09-por-emylian-kali\\\/#primaryimage\"},\"thumbnailUrl\":\"https:\\\/\\\/www.iquilibrio.com\\\/blog\\\/wp-content\\\/uploads\\\/2024\\\/02\\\/BLOG-Passagens-lunares-iQui.jpg\",\"articleSection\":[\"Astrologia\"],\"inLanguage\":\"pt-BR\"},{\"@type\":\"WebPage\",\"@id\":\"https:\\\/\\\/www.iquilibrio.com\\\/blog\\\/astrologia\\\/a-energia-dos-ciclos-lunares-de-17-09-a-23-09-por-emylian-kali\\\/\",\"url\":\"https:\\\/\\\/www.iquilibrio.com\\\/blog\\\/astrologia\\\/a-energia-dos-ciclos-lunares-de-17-09-a-23-09-por-emylian-kali\\\/\",\"name\":\"A Energia dos Ciclos Lunares de 17\\\/09 a 23\\\/09, por Emylian Kali - iQuilibrio\",\"isPartOf\":{\"@id\":\"https:\\\/\\\/www.iquilibrio.com\\\/blog\\\/#website\"},\"primaryImageOfPage\":{\"@id\":\"https:\\\/\\\/www.iquilibrio.com\\\/blog\\\/astrologia\\\/a-energia-dos-ciclos-lunares-de-17-09-a-23-09-por-emylian-kali\\\/#primaryimage\"},\"image\":{\"@id\":\"https:\\\/\\\/www.iquilibrio.com\\\/blog\\\/astrologia\\\/a-energia-dos-ciclos-lunares-de-17-09-a-23-09-por-emylian-kali\\\/#primaryimage\"},\"thumbnailUrl\":\"https:\\\/\\\/www.iquilibrio.com\\\/blog\\\/wp-content\\\/uploads\\\/2024\\\/02\\\/BLOG-Passagens-lunares-iQui.jpg\",\"datePublished\":\"2024-09-16T09:00:08+00:00\",\"breadcrumb\":{\"@id\":\"https:\\\/\\\/www.iquilibrio.com\\\/blog\\\/astrologia\\\/a-energia-dos-ciclos-lunares-de-17-09-a-23-09-por-emylian-kali\\\/#breadcrumb\"},\"inLanguage\":\"pt-BR\",\"potentialAction\":[{\"@type\":\"ReadAction\",\"target\":[\"https:\\\/\\\/www.iquilibrio.com\\\/blog\\\/astrologia\\\/a-energia-dos-ciclos-lunares-de-17-09-a-23-09-por-emylian-kali\\\/\"]}]},{\"@type\":\"ImageObject\",\"inLanguage\":\"pt-BR\",\"@id\":\"https:\\\/\\\/www.iquilibrio.com\\\/blog\\\/astrologia\\\/a-energia-dos-ciclos-lunares-de-17-09-a-23-09-por-emylian-kali\\\/#primaryimage\",\"url\":\"https:\\\/\\\/www.iquilibrio.com\\\/blog\\\/wp-content\\\/uploads\\\/2024\\\/02\\\/BLOG-Passagens-lunares-iQui.jpg\",\"contentUrl\":\"https:\\\/\\\/www.iquilibrio.com\\\/blog\\\/wp-content\\\/uploads\\\/2024\\\/02\\\/BLOG-Passagens-lunares-iQui.jpg\",\"width\":900,\"height\":560},{\"@type\":\"BreadcrumbList\",\"@id\":\"https:\\\/\\\/www.iquilibrio.com\\\/blog\\\/astrologia\\\/a-energia-dos-ciclos-lunares-de-17-09-a-23-09-por-emylian-kali\\\/#breadcrumb\",\"itemListElement\":[{\"@type\":\"ListItem\",\"position\":1,\"name\":\"In\u00edcio\",\"item\":\"https:\\\/\\\/www.iquilibrio.com\\\/blog\\\/\"},{\"@type\":\"ListItem\",\"position\":2,\"name\":\"A Energia dos Ciclos Lunares de 17\\\/09 a 23\\\/09, por Emylian Kali\"}]},{\"@type\":\"WebSite\",\"@id\":\"https:\\\/\\\/www.iquilibrio.com\\\/blog\\\/#website\",\"url\":\"https:\\\/\\\/www.iquilibrio.com\\\/blog\\\/\",\"name\":\"iQuilibrio\",\"description\":\"Blog iQuilibrio\",\"publisher\":{\"@id\":\"https:\\\/\\\/www.iquilibrio.com\\\/blog\\\/#organization\"},\"potentialAction\":[{\"@type\":\"SearchAction\",\"target\":{\"@type\":\"EntryPoint\",\"urlTemplate\":\"https:\\\/\\\/www.iquilibrio.com\\\/blog\\\/?s={search_term_string}\"},\"query-input\":{\"@type\":\"PropertyValueSpecification\",\"valueRequired\":true,\"valueName\":\"search_term_string\"}}],\"inLanguage\":\"pt-BR\"},{\"@type\":\"Organization\",\"@id\":\"https:\\\/\\\/www.iquilibrio.com\\\/blog\\\/#organization\",\"name\":\"Esoterismo, Misticismo e Tarot Online - iQuilibrio\",\"url\":\"https:\\\/\\\/www.iquilibrio.com\\\/blog\\\/\",\"logo\":{\"@type\":\"ImageObject\",\"inLanguage\":\"pt-BR\",\"@id\":\"https:\\\/\\\/www.iquilibrio.com\\\/blog\\\/#\\\/schema\\\/logo\\\/image\\\/\",\"url\":\"https:\\\/\\\/www.iquilibrio.com\\\/blog\\\/wp-content\\\/uploads\\\/2018\\\/12\\\/iquilibrio_lovo_vetor_preto-retina.png\",\"contentUrl\":\"https:\\\/\\\/www.iquilibrio.com\\\/blog\\\/wp-content\\\/uploads\\\/2018\\\/12\\\/iquilibrio_lovo_vetor_preto-retina.png\",\"width\":972,\"height\":180,\"caption\":\"Esoterismo, Misticismo e Tarot Online - iQuilibrio\"},\"image\":{\"@id\":\"https:\\\/\\\/www.iquilibrio.com\\\/blog\\\/#\\\/schema\\\/logo\\\/image\\\/\"},\"sameAs\":[\"https:\\\/\\\/www.facebook.com\\\/iQuilibrio\\\/\",\"https:\\\/\\\/x.com\\\/iquilibrio\",\"https:\\\/\\\/www.instagram.com\\\/iquilibrio\\\/\",\"https:\\\/\\\/www.linkedin.com\\\/company\\\/iquilibrio\\\/\",\"https:\\\/\\\/br.pinterest.com\\\/iquilibrio1397\\\/\",\"https:\\\/\\\/www.youtube.com\\\/channel\\\/UC175qxd-4Zsi4wzawT5zF2g\"]},{\"@type\":\"Person\",\"@id\":\"https:\\\/\\\/www.iquilibrio.com\\\/blog\\\/#\\\/schema\\\/person\\\/21ae990723c2e5a1170c9a06dacb4d3d\",\"name\":\"Arthur Peroni\",\"image\":{\"@type\":\"ImageObject\",\"inLanguage\":\"pt-BR\",\"@id\":\"https:\\\/\\\/www.iquilibrio.com\\\/blog\\\/wp-content\\\/uploads\\\/2023\\\/04\\\/Arthur-Peroni-150x150.jpg\",\"url\":\"https:\\\/\\\/www.iquilibrio.com\\\/blog\\\/wp-content\\\/uploads\\\/2023\\\/04\\\/Arthur-Peroni-150x150.jpg\",\"contentUrl\":\"https:\\\/\\\/www.iquilibrio.com\\\/blog\\\/wp-content\\\/uploads\\\/2023\\\/04\\\/Arthur-Peroni-150x150.jpg\",\"caption\":\"Arthur Peroni\"},\"description\":\"Arthur Peroni escreve sobre a vida, o universo e tudo mais. Amante da literatura m\u00edstica, e fic\u00e7\u00e3o, descobriu sua carreira de redator gra\u00e7as ao h\u00e1bito de leitura constante sobre fantasia e drama. Nas horas vagas, gosta de cozinhar, ler e ver filmes antigos. J\u00e1 trabalhou com, comunica\u00e7\u00e3o social, massoterapia, terapias hol\u00edsticas e design de interiores. Atualmente trabalha como redator SEO e se entusiasma com tudo o que \u00e9 esot\u00e9rico. Gosta de discutir sobre assuntos complexos e instigantes, e v\u00ea na escrita uma oportunidade de aprender e criar todos os dias, mentalmente e espiritualmente.\",\"url\":\"https:\\\/\\\/www.iquilibrio.com\\\/blog\\\/author\\\/raul-vinicius\\\/\"}]}<\/script>\n<!-- \/ Yoast SEO plugin. -->","yoast_head_json":{"title":"A Energia dos Ciclos Lunares de 17\/09 a 23\/09, por Emylian Kali - iQuilibrio","robots":{"index":"index","follow":"follow","max-snippet":"max-snippet:-1","max-image-preview":"max-image-preview:large","max-video-preview":"max-video-preview:-1"},"canonical":"https:\/\/www.iquilibrio.com\/blog\/astrologia\/a-energia-dos-ciclos-lunares-de-17-09-a-23-09-por-emylian-kali\/","og_locale":"pt_BR","og_type":"article","og_title":"A Energia dos Ciclos Lunares de 17\/09 a 23\/09, por Emylian Kali - iQuilibrio","og_description":"Ilumina\u00e7\u00e3o, Simplicidade e Reconex\u00e3o Espiritual Querido(a) leitor(a), Na semana de 17 a 23 de setembro, os c\u00e9us nos trazem um convite especial para uma jornada de transforma\u00e7\u00e3o e introspec\u00e7\u00e3o. A chegada da Lua Cheia em Peixes, marcada pelo poderoso eclipse lunar, abre um portal de profunda sensibilidade e conex\u00e3o espiritual. Este \u00e9 um momento de [&hellip;]","og_url":"https:\/\/www.iquilibrio.com\/blog\/astrologia\/a-energia-dos-ciclos-lunares-de-17-09-a-23-09-por-emylian-kali\/","og_site_name":"iQuilibrio","article_publisher":"https:\/\/www.facebook.com\/iQuilibrio\/","article_published_time":"2024-09-16T09:00:08+00:00","og_image":[{"width":900,"height":560,"url":"https:\/\/www.iquilibrio.com\/blog\/wp-content\/uploads\/2024\/02\/BLOG-Passagens-lunares-iQui.jpg","type":"image\/jpeg"}],"author":"Arthur Peroni","twitter_card":"summary_large_image","twitter_creator":"@iquilibrio","twitter_site":"@iquilibrio","twitter_misc":{"Escrito por":"Arthur Peroni","Est. tempo de leitura":"7 minutos"},"schema":{"@context":"https:\/\/schema.org","@graph":[{"@type":"Article","@id":"https:\/\/www.iquilibrio.com\/blog\/astrologia\/a-energia-dos-ciclos-lunares-de-17-09-a-23-09-por-emylian-kali\/#article","isPartOf":{"@id":"https:\/\/www.iquilibrio.com\/blog\/astrologia\/a-energia-dos-ciclos-lunares-de-17-09-a-23-09-por-emylian-kali\/"},"author":{"name":"Arthur Peroni","@id":"https:\/\/www.iquilibrio.com\/blog\/#\/schema\/person\/21ae990723c2e5a1170c9a06dacb4d3d"},"headline":"A Energia dos Ciclos Lunares de 17\/09 a 23\/09, por Emylian Kali","datePublished":"2024-09-16T09:00:08+00:00","mainEntityOfPage":{"@id":"https:\/\/www.iquilibrio.com\/blog\/astrologia\/a-energia-dos-ciclos-lunares-de-17-09-a-23-09-por-emylian-kali\/"},"wordCount":1235,"publisher":{"@id":"https:\/\/www.iquilibrio.com\/blog\/#organization"},"image":{"@id":"https:\/\/www.iquilibrio.com\/blog\/astrologia\/a-energia-dos-ciclos-lunares-de-17-09-a-23-09-por-emylian-kali\/#primaryimage"},"thumbnailUrl":"https:\/\/www.iquilibrio.com\/blog\/wp-content\/uploads\/2024\/02\/BLOG-Passagens-lunares-iQui.jpg","articleSection":["Astrologia"],"inLanguage":"pt-BR"},{"@type":"WebPage","@id":"https:\/\/www.iquilibrio.com\/blog\/astrologia\/a-energia-dos-ciclos-lunares-de-17-09-a-23-09-por-emylian-kali\/","url":"https:\/\/www.iquilibrio.com\/blog\/astrologia\/a-energia-dos-ciclos-lunares-de-17-09-a-23-09-por-emylian-kali\/","name":"A Energia dos Ciclos Lunares de 17\/09 a 23\/09, por Emylian Kali - iQuilibrio","isPartOf":{"@id":"https:\/\/www.iquilibrio.com\/blog\/#website"},"primaryImageOfPage":{"@id":"https:\/\/www.iquilibrio.com\/blog\/astrologia\/a-energia-dos-ciclos-lunares-de-17-09-a-23-09-por-emylian-kali\/#primaryimage"},"image":{"@id":"https:\/\/www.iquilibrio.com\/blog\/astrologia\/a-energia-dos-ciclos-lunares-de-17-09-a-23-09-por-emylian-kali\/#primaryimage"},"thumbnailUrl":"https:\/\/www.iquilibrio.com\/blog\/wp-content\/uploads\/2024\/02\/BLOG-Passagens-lunares-iQui.jpg","datePublished":"2024-09-16T09:00:08+00:00","breadcrumb":{"@id":"https:\/\/www.iquilibrio.com\/blog\/astrologia\/a-energia-dos-ciclos-lunares-de-17-09-a-23-09-por-emylian-kali\/#breadcrumb"},"inLanguage":"pt-BR","potentialAction":[{"@type":"ReadAction","target":["https:\/\/www.iquilibrio.com\/blog\/astrologia\/a-energia-dos-ciclos-lunares-de-17-09-a-23-09-por-emylian-kali\/"]}]},{"@type":"ImageObject","inLanguage":"pt-BR","@id":"https:\/\/www.iquilibrio.com\/blog\/astrologia\/a-energia-dos-ciclos-lunares-de-17-09-a-23-09-por-emylian-kali\/#primaryimage","url":"https:\/\/www.iquilibrio.com\/blog\/wp-content\/uploads\/2024\/02\/BLOG-Passagens-lunares-iQui.jpg","contentUrl":"https:\/\/www.iquilibrio.com\/blog\/wp-content\/uploads\/2024\/02\/BLOG-Passagens-lunares-iQui.jpg","width":900,"height":560},{"@type":"BreadcrumbList","@id":"https:\/\/www.iquilibrio.com\/blog\/astrologia\/a-energia-dos-ciclos-lunares-de-17-09-a-23-09-por-emylian-kali\/#breadcrumb","itemListElement":[{"@type":"ListItem","position":1,"name":"In\u00edcio","item":"https:\/\/www.iquilibrio.com\/blog\/"},{"@type":"ListItem","position":2,"name":"A Energia dos Ciclos Lunares de 17\/09 a 23\/09, por Emylian Kali"}]},{"@type":"WebSite","@id":"https:\/\/www.iquilibrio.com\/blog\/#website","url":"https:\/\/www.iquilibrio.com\/blog\/","name":"iQuilibrio","description":"Blog iQuilibrio","publisher":{"@id":"https:\/\/www.iquilibrio.com\/blog\/#organization"},"potentialAction":[{"@type":"SearchAction","target":{"@type":"EntryPoint","urlTemplate":"https:\/\/www.iquilibrio.com\/blog\/?s={search_term_string}"},"query-input":{"@type":"PropertyValueSpecification","valueRequired":true,"valueName":"search_term_string"}}],"inLanguage":"pt-BR"},{"@type":"Organization","@id":"https:\/\/www.iquilibrio.com\/blog\/#organization","name":"Esoterismo, Misticismo e Tarot Online - iQuilibrio","url":"https:\/\/www.iquilibrio.com\/blog\/","logo":{"@type":"ImageObject","inLanguage":"pt-BR","@id":"https:\/\/www.iquilibrio.com\/blog\/#\/schema\/logo\/image\/","url":"https:\/\/www.iquilibrio.com\/blog\/wp-content\/uploads\/2018\/12\/iquilibrio_lovo_vetor_preto-retina.png","contentUrl":"https:\/\/www.iquilibrio.com\/blog\/wp-content\/uploads\/2018\/12\/iquilibrio_lovo_vetor_preto-retina.png","width":972,"height":180,"caption":"Esoterismo, Misticismo e Tarot Online - iQuilibrio"},"image":{"@id":"https:\/\/www.iquilibrio.com\/blog\/#\/schema\/logo\/image\/"},"sameAs":["https:\/\/www.facebook.com\/iQuilibrio\/","https:\/\/x.com\/iquilibrio","https:\/\/www.instagram.com\/iquilibrio\/","https:\/\/www.linkedin.com\/company\/iquilibrio\/","https:\/\/br.pinterest.com\/iquilibrio1397\/","https:\/\/www.youtube.com\/channel\/UC175qxd-4Zsi4wzawT5zF2g"]},{"@type":"Person","@id":"https:\/\/www.iquilibrio.com\/blog\/#\/schema\/person\/21ae990723c2e5a1170c9a06dacb4d3d","name":"Arthur Peroni","image":{"@type":"ImageObject","inLanguage":"pt-BR","@id":"https:\/\/www.iquilibrio.com\/blog\/wp-content\/uploads\/2023\/04\/Arthur-Peroni-150x150.jpg","url":"https:\/\/www.iquilibrio.com\/blog\/wp-content\/uploads\/2023\/04\/Arthur-Peroni-150x150.jpg","contentUrl":"https:\/\/www.iquilibrio.com\/blog\/wp-content\/uploads\/2023\/04\/Arthur-Peroni-150x150.jpg","caption":"Arthur Peroni"},"description":"Arthur Peroni escreve sobre a vida, o universo e tudo mais. Amante da literatura m\u00edstica, e fic\u00e7\u00e3o, descobriu sua carreira de redator gra\u00e7as ao h\u00e1bito de leitura constante sobre fantasia e drama. Nas horas vagas, gosta de cozinhar, ler e ver filmes antigos. J\u00e1 trabalhou com, comunica\u00e7\u00e3o social, massoterapia, terapias hol\u00edsticas e design de interiores. Atualmente trabalha como redator SEO e se entusiasma com tudo o que \u00e9 esot\u00e9rico. Gosta de discutir sobre assuntos complexos e instigantes, e v\u00ea na escrita uma oportunidade de aprender e criar todos os dias, mentalmente e espiritualmente.","url":"https:\/\/www.iquilibrio.com\/blog\/author\/raul-vinicius\/"}]}},"_links":{"self":[{"href":"https:\/\/www.iquilibrio.com\/blog\/wp-json\/wp\/v2\/posts\/41018","targetHints":{"allow":["GET"]}}],"collection":[{"href":"https:\/\/www.iquilibrio.com\/blog\/wp-json\/wp\/v2\/posts"}],"about":[{"href":"https:\/\/www.iquilibrio.com\/blog\/wp-json\/wp\/v2\/types\/post"}],"author":[{"embeddable":true,"href":"https:\/\/www.iquilibrio.com\/blog\/wp-json\/wp\/v2\/users\/158"}],"replies":[{"embeddable":true,"href":"https:\/\/www.iquilibrio.com\/blog\/wp-json\/wp\/v2\/comments?post=41018"}],"version-history":[{"count":1,"href":"https:\/\/www.iquilibrio.com\/blog\/wp-json\/wp\/v2\/posts\/41018\/revisions"}],"predecessor-version":[{"id":41019,"href":"https:\/\/www.iquilibrio.com\/blog\/wp-json\/wp\/v2\/posts\/41018\/revisions\/41019"}],"wp:featuredmedia":[{"embeddable":true,"href":"https:\/\/www.iquilibrio.com\/blog\/wp-json\/wp\/v2\/media\/40190"}],"wp:attachment":[{"href":"https:\/\/www.iquilibrio.com\/blog\/wp-json\/wp\/v2\/media?parent=41018"}],"wp:term":[{"taxonomy":"category","embeddable":true,"href":"https:\/\/www.iquilibrio.com\/blog\/wp-json\/wp\/v2\/categories?post=41018"},{"taxonomy":"post_tag","embeddable":true,"href":"https:\/\/www.iquilibrio.com\/blog\/wp-json\/wp\/v2\/tags?post=41018"}],"curies":[{"name":"wp","href":"https:\/\/api.w.org\/{rel}","templated":true}]}}