{"id":41016,"date":"2024-09-10T06:06:25","date_gmt":"2024-09-10T09:06:25","guid":{"rendered":"https:\/\/www.iquilibrio.com\/blog\/?p=41016"},"modified":"2024-09-02T10:48:38","modified_gmt":"2024-09-02T13:48:38","slug":"a-energia-dos-ciclos-lunares-de-11-09-a-16-09-por-emylian-kali","status":"publish","type":"post","link":"https:\/\/www.iquilibrio.com\/blog\/astrologia\/a-energia-dos-ciclos-lunares-de-11-09-a-16-09-por-emylian-kali\/","title":{"rendered":"A Energia dos Ciclos Lunares de 11\/09 a 16\/09, por Emylian Kali"},"content":{"rendered":"<h2><b>Descobertas de Horizontes e Novas Oportunidades<\/b><\/h2>\n<p><span style=\"font-weight: 400;\">Querido(a) leitor(a),<\/span><\/p>\n<p><span style=\"font-weight: 400;\">Nesta semana, seguimos em sintonia com os ciclos lunares que nos convidam a um profundo mergulho interior e \u00e0 expans\u00e3o de nossas perspectivas.<\/span><\/p>\n<p><span style=\"font-weight: 400;\">Come\u00e7amos com a Lua Nova em Sagit\u00e1rio no dia 11 de setembro, um per\u00edodo que desperta em n\u00f3s o desejo de aventura, de explorar novos horizontes e de ampliar nossos conhecimentos.<\/span><\/p>\n<p><span style=\"font-weight: 400;\">\u00c9 o momento perfeito para plantar sementes de crescimento pessoal e espiritual, aproveitando a energia sagitariana para vislumbrar novas possibilidades e caminhos.<\/span><\/p>\n<p><span style=\"font-weight: 400;\">\u00c0 medida que a Lua transita por Capric\u00f3rnio, Aqu\u00e1rio e Peixes, nos pr\u00f3ximos dias, seremos levados a equilibrar nossos sonhos com a realidade, trazendo estrutura e disciplina aos nossos planos enquanto mantemos a mente aberta para inova\u00e7\u00f5es e insights intuitivos. Cada fase lunar nos guiar\u00e1 a encontrar um equil\u00edbrio entre o pragmatismo e a criatividade, entre o planejamento e a fluidez.<\/span><\/p>\n<p><span style=\"font-weight: 400;\">Permita que esta semana seja uma dan\u00e7a entre a vis\u00e3o e a a\u00e7\u00e3o, onde voc\u00ea pode alinhar seus desejos mais profundos com passos pr\u00e1ticos, sempre confiando na sabedoria da Lua para iluminar o caminho. Que cada noite traga consigo um novo entendimento e que cada amanhecer seja uma chance de colocar em pr\u00e1tica aquilo que voc\u00ea mais almeja.<\/span><\/p>\n<hr \/>\n<h3><b>Lua Nova em Sagit\u00e1rio &#x1f311;&#x2650;(11\/09)<\/b><\/h3>\n<p><b>Energia: <\/b><span style=\"font-weight: 400;\">A Lua Nova em Sagit\u00e1rio nos convida a explorar o desconhecido com entusiasmo e otimismo.<\/span><\/p>\n<p><span style=\"font-weight: 400;\">Esta fase \u00e9 ideal para iniciar novos projetos, especialmente aqueles que envolvem aprendizado, viagens ou expans\u00e3o pessoal.<\/span><\/p>\n<p><span style=\"font-weight: 400;\">Sagit\u00e1rio nos conecta com nossa sabedoria interior, despertando o desejo de crescer e superar limites.<\/span><\/p>\n<p><b>Dica da Semana: <\/b><span style=\"font-weight: 400;\">Aproveite essa energia para definir metas ousadas e tra\u00e7ar novos caminhos. Permita-se sonhar grande, sabendo que o universo apoia sua jornada. Evite se limitar por medos ou inseguran\u00e7as; o momento \u00e9 de confiar em suas capacidades e seguir em frente com coragem.<\/span><\/p>\n<p><b>Incenso:<\/b><span style=\"font-weight: 400;\"> S\u00e2ndalo, para abrir caminhos e conectar com a sabedoria espiritual.<\/span><\/p>\n<p><b>Ritual: <\/b><span style=\"font-weight: 400;\">Acenda uma vela roxa e, com um caderno em m\u00e3os, escreva suas metas mais ousadas para o futuro. Visualize-se realizando cada uma delas, sentindo a emo\u00e7\u00e3o e a satisfa\u00e7\u00e3o que isso trar\u00e1.<\/span><\/p>\n<p><span style=\"font-weight: 400;\">Ao final, agrade\u00e7a ao universo pela oportunidade de crescimento e guarde o papel em um local especial.<\/span><\/p>\n<p><b>Mantra: <\/b><span style=\"font-weight: 400;\">&#8220;Eu confio na minha sabedoria interior e sigo em dire\u00e7\u00e3o aos meus sonhos com coragem e determina\u00e7\u00e3o.&#8221;<\/span><\/p>\n<hr \/>\n<h3><b>Lua em Capric\u00f3rnio &#x1f311;&#x2651;(12\/09 a 13\/09)<\/b><\/h3>\n<p><b>Energia: <\/b><span style=\"font-weight: 400;\">Quando a Lua transita por Capric\u00f3rnio, somos chamados a estruturar nossas ideias e dar forma aos nossos projetos.<\/span><\/p>\n<p><span style=\"font-weight: 400;\">Este \u00e9 um momento de trabalho \u00e1rduo, planejamento e responsabilidade. A energia capricorniana nos ajuda a focar no que \u00e9 essencial, trazendo disciplina e perseveran\u00e7a.<\/span><\/p>\n<p><b>Dica da Semana: <\/b><span style=\"font-weight: 400;\">Utilize essa fase para organizar suas tarefas e avan\u00e7ar de maneira pr\u00e1tica em seus objetivos. Evite dispers\u00f5es e mantenha o foco em suas prioridades.<\/span><\/p>\n<p><span style=\"font-weight: 400;\">Este \u00e9 um \u00f3timo per\u00edodo para fazer um planejamento financeiro ou estabelecer rotinas mais produtivas.<\/span><\/p>\n<p><b>Incenso:<\/b><span style=\"font-weight: 400;\"> Cedro, para atrair estabilidade e foco.<\/span><\/p>\n<p><b>Ritual: <\/b><span style=\"font-weight: 400;\">Encontre um lugar tranquilo e acenda o incenso de cedro. Com uma folha de papel, liste todas as suas responsabilidades e objetivos a curto e longo prazo.<\/span><\/p>\n<p><span style=\"font-weight: 400;\">Em seguida, desenhe um plano de a\u00e7\u00e3o para alcan\u00e7\u00e1-los. Ao terminar, queime a lista com gratid\u00e3o, permitindo que a fuma\u00e7a leve seus desejos ao universo.<\/span><\/p>\n<p><b>Mantra: <\/b><span style=\"font-weight: 400;\">&#8220;Eu estruturo meus sonhos com disciplina e perseveran\u00e7a, manifestando a realidade que desejo.&#8221;<\/span><\/p>\n<hr \/>\n<h3><b>Lua em Aqu\u00e1rio &#x1f311;&#x2652;(14\/09 a 15\/09)<\/b><\/h3>\n<p><b>Energia: <\/b><span style=\"font-weight: 400;\">A Lua em Aqu\u00e1rio traz um clima de inova\u00e7\u00e3o, originalidade e abertura para novas ideias. Este \u00e9 um per\u00edodo de pensar fora da caixa, buscar solu\u00e7\u00f5es criativas e se conectar com a comunidade. A energia aquariana promove a colabora\u00e7\u00e3o e a expans\u00e3o mental.<\/span><\/p>\n<p><b>Dica da Semana: <\/b><span style=\"font-weight: 400;\">Aproveite essa fase para participar de atividades em grupo ou iniciar projetos que beneficiem o coletivo. Este \u00e9 um bom momento para se envolver em causas sociais ou desenvolver novas habilidades tecnol\u00f3gicas. Evite se prender a velhos padr\u00f5es; permita-se experimentar o novo.<\/span><\/p>\n<p><b>Incenso:<\/b><span style=\"font-weight: 400;\"> Ol\u00edbano, para promover clareza mental e inspira\u00e7\u00e3o.<\/span><\/p>\n<p><b>Ritual: <\/b><span style=\"font-weight: 400;\">Crie um espa\u00e7o sagrado em sua casa e acenda o incenso de ol\u00edbano. Sente-se em posi\u00e7\u00e3o confort\u00e1vel e visualize luzes brilhantes ao seu redor, representando novas ideias e inova\u00e7\u00f5es. Deixe sua mente viajar sem limites e anote todas as inspira\u00e7\u00f5es que surgirem.<\/span><\/p>\n<p><b>Mantra: <\/b><span style=\"font-weight: 400;\">&#8220;Eu abro minha mente para novas possibilidades e crio solu\u00e7\u00f5es inovadoras que beneficiam a todos.&#8221;<\/span><\/p>\n<hr \/>\n<h3><b>Lua em Peixes &#x1f311;&#x2653;(16\/09)<\/b><\/h3>\n<p><b>Energia: <\/b><span style=\"font-weight: 400;\">Com a Lua em Peixes, somos convidados a mergulhar em nossas emo\u00e7\u00f5es e nos conectar com o lado espiritual. Esta \u00e9 uma fase de sensibilidade, intui\u00e7\u00e3o e empatia. A energia pisciana nos guia a explorar nossos sonhos e a confiar em nossos sentimentos mais profundos.<\/span><\/p>\n<p><b>Dica da Semana: <\/b><span style=\"font-weight: 400;\">Aproveite essa fase para meditar, refletir e se conectar com seu eu interior. Evite sobrecarregar-se com tarefas pr\u00e1ticas; este \u00e9 um momento para nutrir a alma e ouvir a voz do cora\u00e7\u00e3o. Busque atividades que tragam paz e serenidade.<\/span><\/p>\n<p><b>Incenso:<\/b><span style=\"font-weight: 400;\"> Lavanda, para promover relaxamento e equil\u00edbrio emocional.<\/span><\/p>\n<p><b>Ritual: <\/b><span style=\"font-weight: 400;\">Prepare um banho com sal grosso e gotas de \u00f3leo essencial de lavanda. Enquanto se banha, visualize todas as tens\u00f5es e preocupa\u00e7\u00f5es se dissolvendo na \u00e1gua. Ap\u00f3s o banho, acenda o incenso de lavanda e medite por alguns minutos, focando na sua respira\u00e7\u00e3o e na paz interior.<\/span><\/p>\n<p><b>Mantra: <\/b><span style=\"font-weight: 400;\">&#8220;Eu me conecto com a minha ess\u00eancia, encontro paz nas minhas emo\u00e7\u00f5es e confio na minha intui\u00e7\u00e3o.&#8221;<\/span><\/p>\n<p><span style=\"font-weight: 400;\">Que esses ciclos lunares tragam clareza, prop\u00f3sito e a energia necess\u00e1ria para trilhar seu caminho com amor e determina\u00e7\u00e3o.<\/span><\/p>\n<hr \/>\n<p><img loading=\"lazy\" decoding=\"async\" class=\" wp-image-40193 alignleft\" src=\"https:\/\/www.iquilibrio.com\/blog\/wp-content\/uploads\/2024\/02\/Emylian-Kali-Astrocentro.png\" alt=\"\" width=\"244\" height=\"247\" srcset=\"https:\/\/www.iquilibrio.com\/blog\/wp-content\/uploads\/2024\/02\/Emylian-Kali-Astrocentro.png 334w, https:\/\/www.iquilibrio.com\/blog\/wp-content\/uploads\/2024\/02\/Emylian-Kali-Astrocentro-296x300.png 296w\" sizes=\"auto, (max-width: 244px) 100vw, 244px\" \/>Como oraculista profissional e bruxo, Emylian trabalha com diversas formas de energia e espiritualidade, fornecendo orienta\u00e7\u00e3o e aconselhamento em \u00e1reas como relacionamentos, carreira, finan\u00e7as, sa\u00fade e muito mais.<\/p>\n<p>A jornada espiritual de Emylian come\u00e7ou na inf\u00e2ncia, aos 5 anos de idade, quando teve seu primeiro contato visual com o mundo espiritual.<\/p>\n<p>Desde ent\u00e3o, ele vem aprimorando sua mediunidade e explorando v\u00e1rias \u00e1reas da espiritualidade Como intuitivo, Emylian possui uma sensibilidade agu\u00e7ada para captar as energias e vibra\u00e7\u00f5es dos or\u00e1culos, bem como interpretar suas mensagens.<\/p>\n<p>Ele utiliza sua mediunidade para ajudar as pessoas a encontrar respostas e solu\u00e7\u00f5es para seus desafios pessoais.<\/p>\n\n\n<div class=\"kk-star-ratings kksr-auto kksr-align-left kksr-valign-bottom\"\n    data-payload='{&quot;align&quot;:&quot;left&quot;,&quot;id&quot;:&quot;41016&quot;,&quot;slug&quot;:&quot;default&quot;,&quot;valign&quot;:&quot;bottom&quot;,&quot;ignore&quot;:&quot;&quot;,&quot;reference&quot;:&quot;auto&quot;,&quot;class&quot;:&quot;&quot;,&quot;count&quot;:&quot;0&quot;,&quot;legendonly&quot;:&quot;&quot;,&quot;readonly&quot;:&quot;&quot;,&quot;score&quot;:&quot;0&quot;,&quot;starsonly&quot;:&quot;&quot;,&quot;best&quot;:&quot;5&quot;,&quot;gap&quot;:&quot;5&quot;,&quot;greet&quot;:&quot;Rate this post&quot;,&quot;legend&quot;:&quot;0\\\/5 - (0 voto)&quot;,&quot;size&quot;:&quot;24&quot;,&quot;title&quot;:&quot;A Energia dos Ciclos Lunares de 11\\\/09 a 16\\\/09, por Emylian Kali&quot;,&quot;width&quot;:&quot;0&quot;,&quot;_legend&quot;:&quot;{score}\\\/{best} - ({count} {votes})&quot;,&quot;font_factor&quot;:&quot;1.25&quot;}'>\n            \n<div class=\"kksr-stars\">\n    \n<div class=\"kksr-stars-inactive\">\n            <div class=\"kksr-star\" data-star=\"1\" style=\"padding-right: 5px\">\n            \n\n<div class=\"kksr-icon\" style=\"width: 24px; height: 24px;\"><\/div>\n        <\/div>\n            <div class=\"kksr-star\" data-star=\"2\" style=\"padding-right: 5px\">\n            \n\n<div class=\"kksr-icon\" style=\"width: 24px; height: 24px;\"><\/div>\n        <\/div>\n            <div class=\"kksr-star\" data-star=\"3\" style=\"padding-right: 5px\">\n            \n\n<div class=\"kksr-icon\" style=\"width: 24px; height: 24px;\"><\/div>\n        <\/div>\n            <div class=\"kksr-star\" data-star=\"4\" style=\"padding-right: 5px\">\n            \n\n<div class=\"kksr-icon\" style=\"width: 24px; height: 24px;\"><\/div>\n        <\/div>\n            <div class=\"kksr-star\" data-star=\"5\" style=\"padding-right: 5px\">\n            \n\n<div class=\"kksr-icon\" style=\"width: 24px; height: 24px;\"><\/div>\n        <\/div>\n    <\/div>\n    \n<div class=\"kksr-stars-active\" style=\"width: 0px;\">\n            <div class=\"kksr-star\" style=\"padding-right: 5px\">\n            \n\n<div class=\"kksr-icon\" style=\"width: 24px; height: 24px;\"><\/div>\n        <\/div>\n            <div class=\"kksr-star\" style=\"padding-right: 5px\">\n            \n\n<div class=\"kksr-icon\" style=\"width: 24px; height: 24px;\"><\/div>\n        <\/div>\n            <div class=\"kksr-star\" style=\"padding-right: 5px\">\n            \n\n<div class=\"kksr-icon\" style=\"width: 24px; height: 24px;\"><\/div>\n        <\/div>\n            <div class=\"kksr-star\" style=\"padding-right: 5px\">\n            \n\n<div class=\"kksr-icon\" style=\"width: 24px; height: 24px;\"><\/div>\n        <\/div>\n            <div class=\"kksr-star\" style=\"padding-right: 5px\">\n            \n\n<div class=\"kksr-icon\" style=\"width: 24px; height: 24px;\"><\/div>\n        <\/div>\n    <\/div>\n<\/div>\n                \n\n<div class=\"kksr-legend\" style=\"font-size: 19.2px;\">\n            <span class=\"kksr-muted\">Rate this post<\/span>\n    <\/div>\n    <\/div>\n","protected":false},"excerpt":{"rendered":"<p>Descobertas de Horizontes e Novas Oportunidades Querido(a) leitor(a), Nesta semana, seguimos em sintonia com os ciclos lunares que nos convidam a um profundo mergulho interior e \u00e0 expans\u00e3o de nossas perspectivas. Come\u00e7amos com a Lua Nova em Sagit\u00e1rio no dia 11 de setembro, um per\u00edodo que desperta em n\u00f3s o desejo de aventura, de explorar [&hellip;]<\/p>\n","protected":false},"author":158,"featured_media":40190,"comment_status":"closed","ping_status":"closed","sticky":false,"template":"","format":"standard","meta":{"footnotes":""},"categories":[517],"tags":[],"class_list":["post-41016","post","type-post","status-publish","format-standard","has-post-thumbnail","hentry","category-astrologia"],"yoast_head":"<!-- This site is optimized with the Yoast SEO plugin v27.4 - https:\/\/yoast.com\/product\/yoast-seo-wordpress\/ -->\n<title>A Energia dos Ciclos Lunares de 11\/09 a 16\/09, por Emylian Kali - iQuilibrio<\/title>\n<meta name=\"robots\" content=\"index, follow, max-snippet:-1, max-image-preview:large, max-video-preview:-1\" \/>\n<link rel=\"canonical\" href=\"https:\/\/www.iquilibrio.com\/blog\/astrologia\/a-energia-dos-ciclos-lunares-de-11-09-a-16-09-por-emylian-kali\/\" \/>\n<meta property=\"og:locale\" content=\"pt_BR\" \/>\n<meta property=\"og:type\" content=\"article\" \/>\n<meta property=\"og:title\" content=\"A Energia dos Ciclos Lunares de 11\/09 a 16\/09, por Emylian Kali - iQuilibrio\" \/>\n<meta property=\"og:description\" content=\"Descobertas de Horizontes e Novas Oportunidades Querido(a) leitor(a), Nesta semana, seguimos em sintonia com os ciclos lunares que nos convidam a um profundo mergulho interior e \u00e0 expans\u00e3o de nossas perspectivas. Come\u00e7amos com a Lua Nova em Sagit\u00e1rio no dia 11 de setembro, um per\u00edodo que desperta em n\u00f3s o desejo de aventura, de explorar [&hellip;]\" \/>\n<meta property=\"og:url\" content=\"https:\/\/www.iquilibrio.com\/blog\/astrologia\/a-energia-dos-ciclos-lunares-de-11-09-a-16-09-por-emylian-kali\/\" \/>\n<meta property=\"og:site_name\" content=\"iQuilibrio\" \/>\n<meta property=\"article:publisher\" content=\"https:\/\/www.facebook.com\/iQuilibrio\/\" \/>\n<meta property=\"article:published_time\" content=\"2024-09-10T09:06:25+00:00\" \/>\n<meta property=\"og:image\" content=\"https:\/\/www.iquilibrio.com\/blog\/wp-content\/uploads\/2024\/02\/BLOG-Passagens-lunares-iQui.jpg\" \/>\n\t<meta property=\"og:image:width\" content=\"900\" \/>\n\t<meta property=\"og:image:height\" content=\"560\" \/>\n\t<meta property=\"og:image:type\" content=\"image\/jpeg\" \/>\n<meta name=\"author\" content=\"Arthur Peroni\" \/>\n<meta name=\"twitter:card\" content=\"summary_large_image\" \/>\n<meta name=\"twitter:creator\" content=\"@iquilibrio\" \/>\n<meta name=\"twitter:site\" content=\"@iquilibrio\" \/>\n<meta name=\"twitter:label1\" content=\"Escrito por\" \/>\n\t<meta name=\"twitter:data1\" content=\"Arthur Peroni\" \/>\n\t<meta name=\"twitter:label2\" content=\"Est. tempo de leitura\" \/>\n\t<meta name=\"twitter:data2\" content=\"6 minutos\" \/>\n<script type=\"application\/ld+json\" class=\"yoast-schema-graph\">{\"@context\":\"https:\\\/\\\/schema.org\",\"@graph\":[{\"@type\":\"Article\",\"@id\":\"https:\\\/\\\/www.iquilibrio.com\\\/blog\\\/astrologia\\\/a-energia-dos-ciclos-lunares-de-11-09-a-16-09-por-emylian-kali\\\/#article\",\"isPartOf\":{\"@id\":\"https:\\\/\\\/www.iquilibrio.com\\\/blog\\\/astrologia\\\/a-energia-dos-ciclos-lunares-de-11-09-a-16-09-por-emylian-kali\\\/\"},\"author\":{\"name\":\"Arthur Peroni\",\"@id\":\"https:\\\/\\\/www.iquilibrio.com\\\/blog\\\/#\\\/schema\\\/person\\\/21ae990723c2e5a1170c9a06dacb4d3d\"},\"headline\":\"A Energia dos Ciclos Lunares de 11\\\/09 a 16\\\/09, por Emylian Kali\",\"datePublished\":\"2024-09-10T09:06:25+00:00\",\"mainEntityOfPage\":{\"@id\":\"https:\\\/\\\/www.iquilibrio.com\\\/blog\\\/astrologia\\\/a-energia-dos-ciclos-lunares-de-11-09-a-16-09-por-emylian-kali\\\/\"},\"wordCount\":1082,\"publisher\":{\"@id\":\"https:\\\/\\\/www.iquilibrio.com\\\/blog\\\/#organization\"},\"image\":{\"@id\":\"https:\\\/\\\/www.iquilibrio.com\\\/blog\\\/astrologia\\\/a-energia-dos-ciclos-lunares-de-11-09-a-16-09-por-emylian-kali\\\/#primaryimage\"},\"thumbnailUrl\":\"https:\\\/\\\/www.iquilibrio.com\\\/blog\\\/wp-content\\\/uploads\\\/2024\\\/02\\\/BLOG-Passagens-lunares-iQui.jpg\",\"articleSection\":[\"Astrologia\"],\"inLanguage\":\"pt-BR\"},{\"@type\":\"WebPage\",\"@id\":\"https:\\\/\\\/www.iquilibrio.com\\\/blog\\\/astrologia\\\/a-energia-dos-ciclos-lunares-de-11-09-a-16-09-por-emylian-kali\\\/\",\"url\":\"https:\\\/\\\/www.iquilibrio.com\\\/blog\\\/astrologia\\\/a-energia-dos-ciclos-lunares-de-11-09-a-16-09-por-emylian-kali\\\/\",\"name\":\"A Energia dos Ciclos Lunares de 11\\\/09 a 16\\\/09, por Emylian Kali - iQuilibrio\",\"isPartOf\":{\"@id\":\"https:\\\/\\\/www.iquilibrio.com\\\/blog\\\/#website\"},\"primaryImageOfPage\":{\"@id\":\"https:\\\/\\\/www.iquilibrio.com\\\/blog\\\/astrologia\\\/a-energia-dos-ciclos-lunares-de-11-09-a-16-09-por-emylian-kali\\\/#primaryimage\"},\"image\":{\"@id\":\"https:\\\/\\\/www.iquilibrio.com\\\/blog\\\/astrologia\\\/a-energia-dos-ciclos-lunares-de-11-09-a-16-09-por-emylian-kali\\\/#primaryimage\"},\"thumbnailUrl\":\"https:\\\/\\\/www.iquilibrio.com\\\/blog\\\/wp-content\\\/uploads\\\/2024\\\/02\\\/BLOG-Passagens-lunares-iQui.jpg\",\"datePublished\":\"2024-09-10T09:06:25+00:00\",\"breadcrumb\":{\"@id\":\"https:\\\/\\\/www.iquilibrio.com\\\/blog\\\/astrologia\\\/a-energia-dos-ciclos-lunares-de-11-09-a-16-09-por-emylian-kali\\\/#breadcrumb\"},\"inLanguage\":\"pt-BR\",\"potentialAction\":[{\"@type\":\"ReadAction\",\"target\":[\"https:\\\/\\\/www.iquilibrio.com\\\/blog\\\/astrologia\\\/a-energia-dos-ciclos-lunares-de-11-09-a-16-09-por-emylian-kali\\\/\"]}]},{\"@type\":\"ImageObject\",\"inLanguage\":\"pt-BR\",\"@id\":\"https:\\\/\\\/www.iquilibrio.com\\\/blog\\\/astrologia\\\/a-energia-dos-ciclos-lunares-de-11-09-a-16-09-por-emylian-kali\\\/#primaryimage\",\"url\":\"https:\\\/\\\/www.iquilibrio.com\\\/blog\\\/wp-content\\\/uploads\\\/2024\\\/02\\\/BLOG-Passagens-lunares-iQui.jpg\",\"contentUrl\":\"https:\\\/\\\/www.iquilibrio.com\\\/blog\\\/wp-content\\\/uploads\\\/2024\\\/02\\\/BLOG-Passagens-lunares-iQui.jpg\",\"width\":900,\"height\":560},{\"@type\":\"BreadcrumbList\",\"@id\":\"https:\\\/\\\/www.iquilibrio.com\\\/blog\\\/astrologia\\\/a-energia-dos-ciclos-lunares-de-11-09-a-16-09-por-emylian-kali\\\/#breadcrumb\",\"itemListElement\":[{\"@type\":\"ListItem\",\"position\":1,\"name\":\"In\u00edcio\",\"item\":\"https:\\\/\\\/www.iquilibrio.com\\\/blog\\\/\"},{\"@type\":\"ListItem\",\"position\":2,\"name\":\"A Energia dos Ciclos Lunares de 11\\\/09 a 16\\\/09, por Emylian Kali\"}]},{\"@type\":\"WebSite\",\"@id\":\"https:\\\/\\\/www.iquilibrio.com\\\/blog\\\/#website\",\"url\":\"https:\\\/\\\/www.iquilibrio.com\\\/blog\\\/\",\"name\":\"iQuilibrio\",\"description\":\"Blog iQuilibrio\",\"publisher\":{\"@id\":\"https:\\\/\\\/www.iquilibrio.com\\\/blog\\\/#organization\"},\"potentialAction\":[{\"@type\":\"SearchAction\",\"target\":{\"@type\":\"EntryPoint\",\"urlTemplate\":\"https:\\\/\\\/www.iquilibrio.com\\\/blog\\\/?s={search_term_string}\"},\"query-input\":{\"@type\":\"PropertyValueSpecification\",\"valueRequired\":true,\"valueName\":\"search_term_string\"}}],\"inLanguage\":\"pt-BR\"},{\"@type\":\"Organization\",\"@id\":\"https:\\\/\\\/www.iquilibrio.com\\\/blog\\\/#organization\",\"name\":\"Esoterismo, Misticismo e Tarot Online - iQuilibrio\",\"url\":\"https:\\\/\\\/www.iquilibrio.com\\\/blog\\\/\",\"logo\":{\"@type\":\"ImageObject\",\"inLanguage\":\"pt-BR\",\"@id\":\"https:\\\/\\\/www.iquilibrio.com\\\/blog\\\/#\\\/schema\\\/logo\\\/image\\\/\",\"url\":\"https:\\\/\\\/www.iquilibrio.com\\\/blog\\\/wp-content\\\/uploads\\\/2018\\\/12\\\/iquilibrio_lovo_vetor_preto-retina.png\",\"contentUrl\":\"https:\\\/\\\/www.iquilibrio.com\\\/blog\\\/wp-content\\\/uploads\\\/2018\\\/12\\\/iquilibrio_lovo_vetor_preto-retina.png\",\"width\":972,\"height\":180,\"caption\":\"Esoterismo, Misticismo e Tarot Online - iQuilibrio\"},\"image\":{\"@id\":\"https:\\\/\\\/www.iquilibrio.com\\\/blog\\\/#\\\/schema\\\/logo\\\/image\\\/\"},\"sameAs\":[\"https:\\\/\\\/www.facebook.com\\\/iQuilibrio\\\/\",\"https:\\\/\\\/x.com\\\/iquilibrio\",\"https:\\\/\\\/www.instagram.com\\\/iquilibrio\\\/\",\"https:\\\/\\\/www.linkedin.com\\\/company\\\/iquilibrio\\\/\",\"https:\\\/\\\/br.pinterest.com\\\/iquilibrio1397\\\/\",\"https:\\\/\\\/www.youtube.com\\\/channel\\\/UC175qxd-4Zsi4wzawT5zF2g\"]},{\"@type\":\"Person\",\"@id\":\"https:\\\/\\\/www.iquilibrio.com\\\/blog\\\/#\\\/schema\\\/person\\\/21ae990723c2e5a1170c9a06dacb4d3d\",\"name\":\"Arthur Peroni\",\"image\":{\"@type\":\"ImageObject\",\"inLanguage\":\"pt-BR\",\"@id\":\"https:\\\/\\\/www.iquilibrio.com\\\/blog\\\/wp-content\\\/uploads\\\/2023\\\/04\\\/Arthur-Peroni-150x150.jpg\",\"url\":\"https:\\\/\\\/www.iquilibrio.com\\\/blog\\\/wp-content\\\/uploads\\\/2023\\\/04\\\/Arthur-Peroni-150x150.jpg\",\"contentUrl\":\"https:\\\/\\\/www.iquilibrio.com\\\/blog\\\/wp-content\\\/uploads\\\/2023\\\/04\\\/Arthur-Peroni-150x150.jpg\",\"caption\":\"Arthur Peroni\"},\"description\":\"Arthur Peroni escreve sobre a vida, o universo e tudo mais. Amante da literatura m\u00edstica, e fic\u00e7\u00e3o, descobriu sua carreira de redator gra\u00e7as ao h\u00e1bito de leitura constante sobre fantasia e drama. Nas horas vagas, gosta de cozinhar, ler e ver filmes antigos. J\u00e1 trabalhou com, comunica\u00e7\u00e3o social, massoterapia, terapias hol\u00edsticas e design de interiores. Atualmente trabalha como redator SEO e se entusiasma com tudo o que \u00e9 esot\u00e9rico. Gosta de discutir sobre assuntos complexos e instigantes, e v\u00ea na escrita uma oportunidade de aprender e criar todos os dias, mentalmente e espiritualmente.\",\"url\":\"https:\\\/\\\/www.iquilibrio.com\\\/blog\\\/author\\\/raul-vinicius\\\/\"}]}<\/script>\n<!-- \/ Yoast SEO plugin. -->","yoast_head_json":{"title":"A Energia dos Ciclos Lunares de 11\/09 a 16\/09, por Emylian Kali - iQuilibrio","robots":{"index":"index","follow":"follow","max-snippet":"max-snippet:-1","max-image-preview":"max-image-preview:large","max-video-preview":"max-video-preview:-1"},"canonical":"https:\/\/www.iquilibrio.com\/blog\/astrologia\/a-energia-dos-ciclos-lunares-de-11-09-a-16-09-por-emylian-kali\/","og_locale":"pt_BR","og_type":"article","og_title":"A Energia dos Ciclos Lunares de 11\/09 a 16\/09, por Emylian Kali - iQuilibrio","og_description":"Descobertas de Horizontes e Novas Oportunidades Querido(a) leitor(a), Nesta semana, seguimos em sintonia com os ciclos lunares que nos convidam a um profundo mergulho interior e \u00e0 expans\u00e3o de nossas perspectivas. Come\u00e7amos com a Lua Nova em Sagit\u00e1rio no dia 11 de setembro, um per\u00edodo que desperta em n\u00f3s o desejo de aventura, de explorar [&hellip;]","og_url":"https:\/\/www.iquilibrio.com\/blog\/astrologia\/a-energia-dos-ciclos-lunares-de-11-09-a-16-09-por-emylian-kali\/","og_site_name":"iQuilibrio","article_publisher":"https:\/\/www.facebook.com\/iQuilibrio\/","article_published_time":"2024-09-10T09:06:25+00:00","og_image":[{"width":900,"height":560,"url":"https:\/\/www.iquilibrio.com\/blog\/wp-content\/uploads\/2024\/02\/BLOG-Passagens-lunares-iQui.jpg","type":"image\/jpeg"}],"author":"Arthur Peroni","twitter_card":"summary_large_image","twitter_creator":"@iquilibrio","twitter_site":"@iquilibrio","twitter_misc":{"Escrito por":"Arthur Peroni","Est. tempo de leitura":"6 minutos"},"schema":{"@context":"https:\/\/schema.org","@graph":[{"@type":"Article","@id":"https:\/\/www.iquilibrio.com\/blog\/astrologia\/a-energia-dos-ciclos-lunares-de-11-09-a-16-09-por-emylian-kali\/#article","isPartOf":{"@id":"https:\/\/www.iquilibrio.com\/blog\/astrologia\/a-energia-dos-ciclos-lunares-de-11-09-a-16-09-por-emylian-kali\/"},"author":{"name":"Arthur Peroni","@id":"https:\/\/www.iquilibrio.com\/blog\/#\/schema\/person\/21ae990723c2e5a1170c9a06dacb4d3d"},"headline":"A Energia dos Ciclos Lunares de 11\/09 a 16\/09, por Emylian Kali","datePublished":"2024-09-10T09:06:25+00:00","mainEntityOfPage":{"@id":"https:\/\/www.iquilibrio.com\/blog\/astrologia\/a-energia-dos-ciclos-lunares-de-11-09-a-16-09-por-emylian-kali\/"},"wordCount":1082,"publisher":{"@id":"https:\/\/www.iquilibrio.com\/blog\/#organization"},"image":{"@id":"https:\/\/www.iquilibrio.com\/blog\/astrologia\/a-energia-dos-ciclos-lunares-de-11-09-a-16-09-por-emylian-kali\/#primaryimage"},"thumbnailUrl":"https:\/\/www.iquilibrio.com\/blog\/wp-content\/uploads\/2024\/02\/BLOG-Passagens-lunares-iQui.jpg","articleSection":["Astrologia"],"inLanguage":"pt-BR"},{"@type":"WebPage","@id":"https:\/\/www.iquilibrio.com\/blog\/astrologia\/a-energia-dos-ciclos-lunares-de-11-09-a-16-09-por-emylian-kali\/","url":"https:\/\/www.iquilibrio.com\/blog\/astrologia\/a-energia-dos-ciclos-lunares-de-11-09-a-16-09-por-emylian-kali\/","name":"A Energia dos Ciclos Lunares de 11\/09 a 16\/09, por Emylian Kali - iQuilibrio","isPartOf":{"@id":"https:\/\/www.iquilibrio.com\/blog\/#website"},"primaryImageOfPage":{"@id":"https:\/\/www.iquilibrio.com\/blog\/astrologia\/a-energia-dos-ciclos-lunares-de-11-09-a-16-09-por-emylian-kali\/#primaryimage"},"image":{"@id":"https:\/\/www.iquilibrio.com\/blog\/astrologia\/a-energia-dos-ciclos-lunares-de-11-09-a-16-09-por-emylian-kali\/#primaryimage"},"thumbnailUrl":"https:\/\/www.iquilibrio.com\/blog\/wp-content\/uploads\/2024\/02\/BLOG-Passagens-lunares-iQui.jpg","datePublished":"2024-09-10T09:06:25+00:00","breadcrumb":{"@id":"https:\/\/www.iquilibrio.com\/blog\/astrologia\/a-energia-dos-ciclos-lunares-de-11-09-a-16-09-por-emylian-kali\/#breadcrumb"},"inLanguage":"pt-BR","potentialAction":[{"@type":"ReadAction","target":["https:\/\/www.iquilibrio.com\/blog\/astrologia\/a-energia-dos-ciclos-lunares-de-11-09-a-16-09-por-emylian-kali\/"]}]},{"@type":"ImageObject","inLanguage":"pt-BR","@id":"https:\/\/www.iquilibrio.com\/blog\/astrologia\/a-energia-dos-ciclos-lunares-de-11-09-a-16-09-por-emylian-kali\/#primaryimage","url":"https:\/\/www.iquilibrio.com\/blog\/wp-content\/uploads\/2024\/02\/BLOG-Passagens-lunares-iQui.jpg","contentUrl":"https:\/\/www.iquilibrio.com\/blog\/wp-content\/uploads\/2024\/02\/BLOG-Passagens-lunares-iQui.jpg","width":900,"height":560},{"@type":"BreadcrumbList","@id":"https:\/\/www.iquilibrio.com\/blog\/astrologia\/a-energia-dos-ciclos-lunares-de-11-09-a-16-09-por-emylian-kali\/#breadcrumb","itemListElement":[{"@type":"ListItem","position":1,"name":"In\u00edcio","item":"https:\/\/www.iquilibrio.com\/blog\/"},{"@type":"ListItem","position":2,"name":"A Energia dos Ciclos Lunares de 11\/09 a 16\/09, por Emylian Kali"}]},{"@type":"WebSite","@id":"https:\/\/www.iquilibrio.com\/blog\/#website","url":"https:\/\/www.iquilibrio.com\/blog\/","name":"iQuilibrio","description":"Blog iQuilibrio","publisher":{"@id":"https:\/\/www.iquilibrio.com\/blog\/#organization"},"potentialAction":[{"@type":"SearchAction","target":{"@type":"EntryPoint","urlTemplate":"https:\/\/www.iquilibrio.com\/blog\/?s={search_term_string}"},"query-input":{"@type":"PropertyValueSpecification","valueRequired":true,"valueName":"search_term_string"}}],"inLanguage":"pt-BR"},{"@type":"Organization","@id":"https:\/\/www.iquilibrio.com\/blog\/#organization","name":"Esoterismo, Misticismo e Tarot Online - iQuilibrio","url":"https:\/\/www.iquilibrio.com\/blog\/","logo":{"@type":"ImageObject","inLanguage":"pt-BR","@id":"https:\/\/www.iquilibrio.com\/blog\/#\/schema\/logo\/image\/","url":"https:\/\/www.iquilibrio.com\/blog\/wp-content\/uploads\/2018\/12\/iquilibrio_lovo_vetor_preto-retina.png","contentUrl":"https:\/\/www.iquilibrio.com\/blog\/wp-content\/uploads\/2018\/12\/iquilibrio_lovo_vetor_preto-retina.png","width":972,"height":180,"caption":"Esoterismo, Misticismo e Tarot Online - iQuilibrio"},"image":{"@id":"https:\/\/www.iquilibrio.com\/blog\/#\/schema\/logo\/image\/"},"sameAs":["https:\/\/www.facebook.com\/iQuilibrio\/","https:\/\/x.com\/iquilibrio","https:\/\/www.instagram.com\/iquilibrio\/","https:\/\/www.linkedin.com\/company\/iquilibrio\/","https:\/\/br.pinterest.com\/iquilibrio1397\/","https:\/\/www.youtube.com\/channel\/UC175qxd-4Zsi4wzawT5zF2g"]},{"@type":"Person","@id":"https:\/\/www.iquilibrio.com\/blog\/#\/schema\/person\/21ae990723c2e5a1170c9a06dacb4d3d","name":"Arthur Peroni","image":{"@type":"ImageObject","inLanguage":"pt-BR","@id":"https:\/\/www.iquilibrio.com\/blog\/wp-content\/uploads\/2023\/04\/Arthur-Peroni-150x150.jpg","url":"https:\/\/www.iquilibrio.com\/blog\/wp-content\/uploads\/2023\/04\/Arthur-Peroni-150x150.jpg","contentUrl":"https:\/\/www.iquilibrio.com\/blog\/wp-content\/uploads\/2023\/04\/Arthur-Peroni-150x150.jpg","caption":"Arthur Peroni"},"description":"Arthur Peroni escreve sobre a vida, o universo e tudo mais. Amante da literatura m\u00edstica, e fic\u00e7\u00e3o, descobriu sua carreira de redator gra\u00e7as ao h\u00e1bito de leitura constante sobre fantasia e drama. Nas horas vagas, gosta de cozinhar, ler e ver filmes antigos. J\u00e1 trabalhou com, comunica\u00e7\u00e3o social, massoterapia, terapias hol\u00edsticas e design de interiores. Atualmente trabalha como redator SEO e se entusiasma com tudo o que \u00e9 esot\u00e9rico. Gosta de discutir sobre assuntos complexos e instigantes, e v\u00ea na escrita uma oportunidade de aprender e criar todos os dias, mentalmente e espiritualmente.","url":"https:\/\/www.iquilibrio.com\/blog\/author\/raul-vinicius\/"}]}},"_links":{"self":[{"href":"https:\/\/www.iquilibrio.com\/blog\/wp-json\/wp\/v2\/posts\/41016","targetHints":{"allow":["GET"]}}],"collection":[{"href":"https:\/\/www.iquilibrio.com\/blog\/wp-json\/wp\/v2\/posts"}],"about":[{"href":"https:\/\/www.iquilibrio.com\/blog\/wp-json\/wp\/v2\/types\/post"}],"author":[{"embeddable":true,"href":"https:\/\/www.iquilibrio.com\/blog\/wp-json\/wp\/v2\/users\/158"}],"replies":[{"embeddable":true,"href":"https:\/\/www.iquilibrio.com\/blog\/wp-json\/wp\/v2\/comments?post=41016"}],"version-history":[{"count":1,"href":"https:\/\/www.iquilibrio.com\/blog\/wp-json\/wp\/v2\/posts\/41016\/revisions"}],"predecessor-version":[{"id":41017,"href":"https:\/\/www.iquilibrio.com\/blog\/wp-json\/wp\/v2\/posts\/41016\/revisions\/41017"}],"wp:featuredmedia":[{"embeddable":true,"href":"https:\/\/www.iquilibrio.com\/blog\/wp-json\/wp\/v2\/media\/40190"}],"wp:attachment":[{"href":"https:\/\/www.iquilibrio.com\/blog\/wp-json\/wp\/v2\/media?parent=41016"}],"wp:term":[{"taxonomy":"category","embeddable":true,"href":"https:\/\/www.iquilibrio.com\/blog\/wp-json\/wp\/v2\/categories?post=41016"},{"taxonomy":"post_tag","embeddable":true,"href":"https:\/\/www.iquilibrio.com\/blog\/wp-json\/wp\/v2\/tags?post=41016"}],"curies":[{"name":"wp","href":"https:\/\/api.w.org\/{rel}","templated":true}]}}