{"id":40953,"date":"2024-08-20T01:38:36","date_gmt":"2024-08-20T04:38:36","guid":{"rendered":"https:\/\/www.iquilibrio.com\/blog\/?p=40953"},"modified":"2024-08-20T01:38:36","modified_gmt":"2024-08-20T04:38:36","slug":"sol-em-virgem-2","status":"publish","type":"post","link":"https:\/\/www.iquilibrio.com\/blog\/astrologia\/sol-em-virgem-2\/","title":{"rendered":"A entrada do Sol em Virgem e Quadratura entre Marte e V\u00eanus, pela consultora Abna"},"content":{"rendered":"<p><span style=\"font-weight: 400;\">Fui convidada a falar sobre dois temas muito interessantes: <\/span><b>Sol em Virgem<\/b><span style=\"font-weight: 400;\"> e a <\/span><b>quadratura entre Marte e V\u00eanus<\/b><span style=\"font-weight: 400;\">.<\/span><\/p>\n<p><span style=\"font-weight: 400;\">Sendo assim, quero ent\u00e3o convidar voc\u00ea a uma viagem simples, mas envolvente por esses astros, planetas e constela\u00e7\u00f5es. Vamos conhecer um pouco da hist\u00f3ria da constela\u00e7\u00e3o de Virgem, o que significa ter o <\/span><b>Sol em Virgem<\/b><span style=\"font-weight: 400;\">.<\/span><\/p>\n<p><span style=\"font-weight: 400;\">Em seguida, exploraremos <\/span><b>Marte e V\u00eanus<\/b><span style=\"font-weight: 400;\">, seu simbolismo na astrologia, e o que \u00e9 uma quadratura, al\u00e9m de como isso reflete em nossas vidas.<\/span><\/p>\n<p style=\"text-align: center;\"><span class=\"td_btn td_btn_md td_round_btn\" style=\"background-color: #666699; color: #ffffff;\"><a style=\"background-color: #666699; color: #ffffff;\" href=\"https:\/\/www.iquilibrio.com\/astrologia\/?utm_campaign=blog_conversao&amp;utm_medium=texto_cta&amp;utm_source=blog&amp;utm_content=2024_cat_astrologia_art_sol-em-virgem\" target=\"_blank\" rel=\"noopener\">Quer dicas completas para a vida? Fa\u00e7a a leitura completa do seu mapa astral!<\/a><\/span><\/p>\n<hr \/>\n<h2><span style=\"font-weight: 400;\">Uma visita \u00e0 Hist\u00f3ria da Constela\u00e7\u00e3o de Virgem<\/span><\/h2>\n<p><span style=\"font-weight: 400;\">Vamos come\u00e7ar com um resumo fascinante da hist\u00f3ria de Virgem. Astreia, a virgem, era filha de J\u00fapiter e T\u00eamis.<\/span><\/p>\n<p><span style=\"font-weight: 400;\">Entre suas maiores virtudes estavam a ordem, a paz, a bondade e a justi\u00e7a, e ela espalhava essas qualidades entre as pessoas com dedica\u00e7\u00e3o. No entanto, com o passar do tempo, a humanidade come\u00e7ou a viver em desordem, o que levou Astreia a buscar ex\u00edlio nos C\u00e9us, onde foi transformada na constela\u00e7\u00e3o de Virgem. A balan\u00e7a que ela carregava, por sua vez, foi convertida na constela\u00e7\u00e3o de Libra.<\/span><\/p>\n<p><span style=\"font-weight: 400;\">Voc\u00ea j\u00e1 percebeu que Virgem \u00e9 o \u00fanico signo do zod\u00edaco representado por uma mulher? Pois \u00e9! Enquanto os outros signos s\u00e3o simbolizados por seres, animais ou homens, Virgem destaca-se como a \u00fanica figura feminina.<\/span><\/p>\n<p><span style=\"font-weight: 400;\">Esse signo est\u00e1 profundamente ligado \u00e0 terra e ao alimento que ela produz. <a href=\"https:\/\/www.iquilibrio.com\/blog\/astrologia\/signos\/virgem\/tudo-sobre-virgem\/\" target=\"_blank\" rel=\"noopener\">Virgem representa uma nova fonte de energia vital<\/a>, capaz de sustentar a vida: a agricultura. N\u00e3o \u00e9 \u00e0 toa que os antrop\u00f3logos acreditam que foram as mulheres que inventaram a agricultura.<\/span><\/p>\n<p><span style=\"font-weight: 400;\">Vale ressaltar que o s\u00edmbolo de Virgem, representado por uma mulher, n\u00e3o tem rela\u00e7\u00e3o com a virgindade no sentido sexual.<\/span><\/p>\n<p><span style=\"font-weight: 400;\">Em vez disso, faz refer\u00eancia \u00e0s deusas virgens, figuras femininas que n\u00e3o se submeteram \u00e0 domina\u00e7\u00e3o patriarcal de suas sociedades. Embora seja comum destacar a praticidade e a meticulosidade daqueles que t\u00eam o Sol em Virgem, h\u00e1 algo mais a ser considerado.<\/span><\/p>\n<p><span style=\"font-weight: 400;\">Toda virginiana e todo virginiano s\u00e3o, por natureza, divas e divos, exalando uma sensualidade crua e aut\u00eantica.<\/span><\/p>\n<p><span style=\"font-weight: 400;\">Uma das caracter\u00edsticas mais marcantes de Virgem \u00e9 a sua capacidade de servir. Contudo, esse servir n\u00e3o \u00e9 submisso, pois nada tem a ver com a deusa Astreia, que nunca se submeteu.<\/span><\/p>\n<p><span style=\"font-weight: 400;\">O servi\u00e7o prestado por Virgem \u00e9 generoso, elegante e empoderado. \u00c9 uma capacidade de agir que se assemelha \u00e0 m\u00e3e natureza, que cria, produz e oferece seus frutos, belezas e plantas sem cobrar nada, exceto o nosso respeito e preserva\u00e7\u00e3o.<\/span><\/p>\n<p><span style=\"font-weight: 400;\">Virgem \u00e9 regido por Merc\u00fario, o planeta que mais compartilha caracter\u00edsticas semelhantes com este signo.<\/span><\/p>\n<p><span style=\"font-weight: 400;\">No in\u00edcio, Merc\u00fario era o deus dos caminhos. Por\u00e9m, com seu capacete, que simboliza a for\u00e7a da mentalidade, e suas sand\u00e1lias aladas, que representam a agilidade mental, ele tornou-se o mensageiro dos deuses.<\/span><\/p>\n<p><span style=\"font-weight: 400;\">Merc\u00fario n\u00e3o apenas guiava pelos caminhos, mas tamb\u00e9m era o portador de conhecimentos ocultos.<\/span><\/p>\n<p><span style=\"font-weight: 400;\">A partir desse ocultismo, emerge a figura da diva curiosa e indom\u00e1vel, pois aqueles que t\u00eam o Sol em Virgem parecem saber e entender o que os outros n\u00e3o conseguem perceber. Afinal, <a href=\"https:\/\/www.iquilibrio.com\/blog\/astrologia\/astrologia-e-espiritualidade\/\">conhecimento \u00e9 poder.<\/a><\/span><\/p>\n<p style=\"text-align: center;\"><span class=\"td_btn td_btn_md td_round_btn\" style=\"background-color: #666699; color: #ffffff;\"><a style=\"background-color: #666699; color: #ffffff;\" href=\"https:\/\/www.iquilibrio.com\/astrologia\/?utm_campaign=blog_conversao&amp;utm_medium=texto_cta&amp;utm_source=blog&amp;utm_content=2024_cat_astrologia_art_sol-em-virgem\" target=\"_blank\" rel=\"noopener\">Que tal uma vis\u00e3o aprofundada sobre tudo? Fa\u00e7a a leitura do seu mapa astral!<\/a><\/span><\/p>\n<hr \/>\n<h3><img loading=\"lazy\" decoding=\"async\" class=\"alignnone size-full wp-image-40957\" src=\"https:\/\/www.iquilibrio.com\/blog\/wp-content\/uploads\/2024\/08\/Sol-em-virgem-2.jpg\" alt=\"\" width=\"900\" height=\"560\" srcset=\"https:\/\/www.iquilibrio.com\/blog\/wp-content\/uploads\/2024\/08\/Sol-em-virgem-2.jpg 900w, https:\/\/www.iquilibrio.com\/blog\/wp-content\/uploads\/2024\/08\/Sol-em-virgem-2-300x187.jpg 300w, https:\/\/www.iquilibrio.com\/blog\/wp-content\/uploads\/2024\/08\/Sol-em-virgem-2-768x478.jpg 768w, https:\/\/www.iquilibrio.com\/blog\/wp-content\/uploads\/2024\/08\/Sol-em-virgem-2-696x433.jpg 696w, https:\/\/www.iquilibrio.com\/blog\/wp-content\/uploads\/2024\/08\/Sol-em-virgem-2-675x420.jpg 675w\" sizes=\"auto, (max-width: 900px) 100vw, 900px\" \/><\/h3>\n<h3><b>O Sol em Virgem e Seus Efeitos<\/b><\/h3>\n<p><span style=\"font-weight: 400;\">Como mencionado, a partir do dia <\/span><b>22 de agosto<\/b><span style=\"font-weight: 400;\">, o Sol ingressa em Virgem. Esse per\u00edodo trar\u00e1 \u00e0 tona os valores essenciais para o signo, como o apre\u00e7o pelo conhecimento e a habilidade de produzir e fertilizar a terra atrav\u00e9s de um trabalho minucioso e eficiente.<\/span><\/p>\n<p><span style=\"font-weight: 400;\">\u00a0Virgem simboliza dinamismo e organiza\u00e7\u00e3o, atributos que promovem praticidade e um foco no essencial na hora de agir.<\/span><\/p>\n<p><span style=\"font-weight: 400;\">Ser de Virgem \u00e9 ser funcional, pr\u00e1tico e <a href=\"https:\/\/www.iquilibrio.com\/blog\/amor-2\/oraculos\/\">objetivo em suas a\u00e7\u00f5es<\/a>, mas tamb\u00e9m possuir uma dose de individualismo que n\u00e3o se confunde com ego\u00edsmo. As pessoas com o Sol em Virgem s\u00e3o, em geral, altamente anal\u00edticas, com um excepcional potencial mental.<\/span><\/p>\n<p><span style=\"font-weight: 400;\">Elas t\u00eam uma observa\u00e7\u00e3o agu\u00e7ada, cr\u00edticas precisas e uma habilidade natural de separar o joio do trigo. Al\u00e9m disso, s\u00e3o dotadas de uma sensibilidade que lhes permite filtrar a realidade de maneira racional e objetiva.<\/span><\/p>\n<p><span style=\"font-weight: 400;\">Os virginianos est\u00e3o sempre em busca de alcan\u00e7ar o melhor desempenho e resultado em tudo o que fazem. No entanto, devido a essas caracter\u00edsticas, Virgem pode ter dificuldades em se relacionar com Peixes, j\u00e1 que o Sol em Virgem lan\u00e7a sua sombra sobre esse signo.\u00a0<\/span><\/p>\n<p><span style=\"font-weight: 400;\">Para atingir o equil\u00edbrio, \u00e9 crucial que os virginianos desenvolvam um ritmo que respeite seus pr\u00f3prios limites, pois a busca incessante pela perfei\u00e7\u00e3o pode, por vezes, levar ao esgotamento.<\/span><\/p>\n<p><span style=\"font-weight: 400;\">Assim, \u00e9 fundamental que Virgem cultive a paci\u00eancia e o respeito por sua pr\u00f3pria natureza para que possa viver em harmonia consigo mesmo.<\/span><\/p>\n<hr \/>\n<h3>\u00a0\u00a0<img loading=\"lazy\" decoding=\"async\" class=\"alignnone size-full wp-image-40956\" src=\"https:\/\/www.iquilibrio.com\/blog\/wp-content\/uploads\/2024\/08\/Sol-em-virgem-1-1.jpg\" alt=\"\" width=\"900\" height=\"560\" srcset=\"https:\/\/www.iquilibrio.com\/blog\/wp-content\/uploads\/2024\/08\/Sol-em-virgem-1-1.jpg 900w, https:\/\/www.iquilibrio.com\/blog\/wp-content\/uploads\/2024\/08\/Sol-em-virgem-1-1-300x187.jpg 300w, https:\/\/www.iquilibrio.com\/blog\/wp-content\/uploads\/2024\/08\/Sol-em-virgem-1-1-768x478.jpg 768w, https:\/\/www.iquilibrio.com\/blog\/wp-content\/uploads\/2024\/08\/Sol-em-virgem-1-1-696x433.jpg 696w, https:\/\/www.iquilibrio.com\/blog\/wp-content\/uploads\/2024\/08\/Sol-em-virgem-1-1-675x420.jpg 675w\" sizes=\"auto, (max-width: 900px) 100vw, 900px\" \/><\/h3>\n<h3><b>A Quadratura Entre Marte e V\u00eanus<\/b><\/h3>\n<p><span style=\"font-weight: 400;\">Agora, vamos ao pr\u00f3ximo tema!<\/span><\/p>\n<p><span style=\"font-weight: 400;\">Antes de mergulharmos nesse t\u00f3pico, \u00e9 importante entender o que \u00e9 uma quadratura. Esse \u00e9 um aspecto astrol\u00f3gico desafiador, que ocorre quando dois pontos ou planetas est\u00e3o a 90\u00b0 no mapa astral.<\/span><\/p>\n<p><span style=\"font-weight: 400;\">Quando Marte e V\u00eanus entram em quadratura, isso sinaliza um conflito entre as energias desses dois planetas.<\/span><\/p>\n<p><span style=\"font-weight: 400;\">No pr\u00f3ximo dia <\/span><b>14 de agosto<\/b><span style=\"font-weight: 400;\">, por volta das <\/span><b>10h45<\/b><span style=\"font-weight: 400;\">, Marte, posicionado em G\u00eameos, formar\u00e1 uma quadratura com V\u00eanus, que estar\u00e1 em Virgem. V\u00eanus em Virgem intensifica as paix\u00f5es de maneira profunda, intensa e at\u00e9 fren\u00e9tica<\/span><\/p>\n<p><span style=\"font-weight: 400;\">\u00a0Enquanto isso, Marte em G\u00eameos exalta a intelig\u00eancia de forma pr\u00e1tica e organizada, com a necessidade de ser detalhista para se sentir seguro na experi\u00eancia.<\/span><\/p>\n<p><span style=\"font-weight: 400;\">Essa quadratura, portanto, sugere uma temporada de paix\u00f5es avassaladoras e fugazes, que se constroem rapidamente, mas que tamb\u00e9m podem desmoronar com a mesma velocidade.<\/span><\/p>\n<p><span style=\"font-weight: 400;\">V\u00eanus est\u00e1 associado ao lado mais sens\u00edvel da nossa natureza. No entanto, Virgem, sendo um signo de terra, tende a ser menos receptivo \u00e0s emo\u00e7\u00f5es. Por outro lado, Marte, o planeta que representa o deus da guerra, \u00e9 impetuoso e conflituoso, especialmente em G\u00eameos.<\/span><\/p>\n<p><span style=\"font-weight: 400;\">Esse embate de energias complexas pode resultar em decis\u00f5es emocionais arriscadas, causando desequil\u00edbrios em relacionamentos intensos e recentes. As dificuldades geradas por essa quadratura podem, no entanto, trazer mudan\u00e7as significativas para o nosso crescimento.<\/span><\/p>\n<p><span style=\"font-weight: 400;\">O desafio, ent\u00e3o, \u00e9 transformar os excessos em criatividade, convertendo paix\u00f5es avassaladoras e inst\u00e1veis em amores s\u00f3lidos e saud\u00e1veis.<\/span><\/p>\n<p>Aproveite para conferir o seu <a href=\"https:\/\/www.astrocentro.com.br\/blog\/horoscopo\/horoscopo-diario\/\">hor\u00f3scopo di\u00e1rio!\u00a0<\/a><\/p>\n<hr \/>\n<p><img loading=\"lazy\" decoding=\"async\" class=\" wp-image-33736 alignleft\" src=\"https:\/\/www.iquilibrio.com\/blog\/wp-content\/uploads\/2021\/12\/abna.png\" alt=\"\" width=\"191\" height=\"175\" srcset=\"https:\/\/www.iquilibrio.com\/blog\/wp-content\/uploads\/2021\/12\/abna.png 366w, https:\/\/www.iquilibrio.com\/blog\/wp-content\/uploads\/2021\/12\/abna-300x275.png 300w\" sizes=\"auto, (max-width: 191px) 100vw, 191px\" \/>Ol\u00e1, eu sou a <a href=\"https:\/\/www.iquilibrio.com\/esotericos\/abna\/\">consultora Abna!<\/a><\/p>\n<p>Encontrei na terapia hol\u00edstica recursos que ajudam a encontrar harmonia e bem-estar nas mais variadas viv\u00eancias.<\/p>\n<p>Essa medicina alternativa \u00e9 capaz de fornecer uma nova perspectiva de como podemos fazer escolhas melhores, al\u00e9m de construirmos um melhor destino e encontrar a luz que sempre procuramos.<\/p>\n\n\n<div class=\"kk-star-ratings kksr-auto kksr-align-left kksr-valign-bottom\"\n    data-payload='{&quot;align&quot;:&quot;left&quot;,&quot;id&quot;:&quot;40953&quot;,&quot;slug&quot;:&quot;default&quot;,&quot;valign&quot;:&quot;bottom&quot;,&quot;ignore&quot;:&quot;&quot;,&quot;reference&quot;:&quot;auto&quot;,&quot;class&quot;:&quot;&quot;,&quot;count&quot;:&quot;0&quot;,&quot;legendonly&quot;:&quot;&quot;,&quot;readonly&quot;:&quot;&quot;,&quot;score&quot;:&quot;0&quot;,&quot;starsonly&quot;:&quot;&quot;,&quot;best&quot;:&quot;5&quot;,&quot;gap&quot;:&quot;5&quot;,&quot;greet&quot;:&quot;Rate this post&quot;,&quot;legend&quot;:&quot;0\\\/5 - (0 voto)&quot;,&quot;size&quot;:&quot;24&quot;,&quot;title&quot;:&quot;A entrada do Sol em Virgem e Quadratura entre Marte e V\u00eanus, pela consultora Abna&quot;,&quot;width&quot;:&quot;0&quot;,&quot;_legend&quot;:&quot;{score}\\\/{best} - ({count} {votes})&quot;,&quot;font_factor&quot;:&quot;1.25&quot;}'>\n            \n<div class=\"kksr-stars\">\n    \n<div class=\"kksr-stars-inactive\">\n            <div class=\"kksr-star\" data-star=\"1\" style=\"padding-right: 5px\">\n            \n\n<div class=\"kksr-icon\" style=\"width: 24px; height: 24px;\"><\/div>\n        <\/div>\n            <div class=\"kksr-star\" data-star=\"2\" style=\"padding-right: 5px\">\n            \n\n<div class=\"kksr-icon\" style=\"width: 24px; height: 24px;\"><\/div>\n        <\/div>\n            <div class=\"kksr-star\" data-star=\"3\" style=\"padding-right: 5px\">\n            \n\n<div class=\"kksr-icon\" style=\"width: 24px; height: 24px;\"><\/div>\n        <\/div>\n            <div class=\"kksr-star\" data-star=\"4\" style=\"padding-right: 5px\">\n            \n\n<div class=\"kksr-icon\" style=\"width: 24px; height: 24px;\"><\/div>\n        <\/div>\n            <div class=\"kksr-star\" data-star=\"5\" style=\"padding-right: 5px\">\n            \n\n<div class=\"kksr-icon\" style=\"width: 24px; height: 24px;\"><\/div>\n        <\/div>\n    <\/div>\n    \n<div class=\"kksr-stars-active\" style=\"width: 0px;\">\n            <div class=\"kksr-star\" style=\"padding-right: 5px\">\n            \n\n<div class=\"kksr-icon\" style=\"width: 24px; height: 24px;\"><\/div>\n        <\/div>\n            <div class=\"kksr-star\" style=\"padding-right: 5px\">\n            \n\n<div class=\"kksr-icon\" style=\"width: 24px; height: 24px;\"><\/div>\n        <\/div>\n            <div class=\"kksr-star\" style=\"padding-right: 5px\">\n            \n\n<div class=\"kksr-icon\" style=\"width: 24px; height: 24px;\"><\/div>\n        <\/div>\n            <div class=\"kksr-star\" style=\"padding-right: 5px\">\n            \n\n<div class=\"kksr-icon\" style=\"width: 24px; height: 24px;\"><\/div>\n        <\/div>\n            <div class=\"kksr-star\" style=\"padding-right: 5px\">\n            \n\n<div class=\"kksr-icon\" style=\"width: 24px; height: 24px;\"><\/div>\n        <\/div>\n    <\/div>\n<\/div>\n                \n\n<div class=\"kksr-legend\" style=\"font-size: 19.2px;\">\n            <span class=\"kksr-muted\">Rate this post<\/span>\n    <\/div>\n    <\/div>\n","protected":false},"excerpt":{"rendered":"<p>Fui convidada a falar sobre dois temas muito interessantes: Sol em Virgem e a quadratura entre Marte e V\u00eanus. Sendo assim, quero ent\u00e3o convidar voc\u00ea a uma viagem simples, mas envolvente por esses astros, planetas e constela\u00e7\u00f5es. Vamos conhecer um pouco da hist\u00f3ria da constela\u00e7\u00e3o de Virgem, o que significa ter o Sol em Virgem. [&hellip;]<\/p>\n","protected":false},"author":158,"featured_media":40954,"comment_status":"closed","ping_status":"closed","sticky":false,"template":"","format":"standard","meta":{"footnotes":""},"categories":[517],"tags":[],"class_list":["post-40953","post","type-post","status-publish","format-standard","has-post-thumbnail","hentry","category-astrologia"],"yoast_head":"<!-- This site is optimized with the Yoast SEO plugin v27.4 - https:\/\/yoast.com\/product\/yoast-seo-wordpress\/ -->\n<title>Sol em Virgem e quadratura Marte e V\u00eanus, confira o movimento!<\/title>\n<meta name=\"description\" content=\"Explore as caracter\u00edsticas da entrada do Sol em Virgem e entenda a intensa quadratura entre Marte e V\u00eanus, trazendo transforma\u00e7\u00f5es no amor.\" \/>\n<meta name=\"robots\" content=\"index, follow, max-snippet:-1, max-image-preview:large, max-video-preview:-1\" \/>\n<link rel=\"canonical\" href=\"https:\/\/www.iquilibrio.com\/blog\/astrologia\/sol-em-virgem-2\/\" \/>\n<meta property=\"og:locale\" content=\"pt_BR\" \/>\n<meta property=\"og:type\" content=\"article\" \/>\n<meta property=\"og:title\" content=\"Sol em Virgem e quadratura Marte e V\u00eanus, confira o movimento!\" \/>\n<meta property=\"og:description\" content=\"Explore as caracter\u00edsticas da entrada do Sol em Virgem e entenda a intensa quadratura entre Marte e V\u00eanus, trazendo transforma\u00e7\u00f5es no amor.\" \/>\n<meta property=\"og:url\" content=\"https:\/\/www.iquilibrio.com\/blog\/astrologia\/sol-em-virgem-2\/\" \/>\n<meta property=\"og:site_name\" content=\"iQuilibrio\" \/>\n<meta property=\"article:publisher\" content=\"https:\/\/www.facebook.com\/iQuilibrio\/\" \/>\n<meta property=\"article:published_time\" content=\"2024-08-20T04:38:36+00:00\" \/>\n<meta property=\"og:image\" content=\"https:\/\/www.iquilibrio.com\/blog\/wp-content\/uploads\/2024\/08\/Sol-em-virgem.jpg\" \/>\n\t<meta property=\"og:image:width\" content=\"900\" \/>\n\t<meta property=\"og:image:height\" content=\"560\" \/>\n\t<meta property=\"og:image:type\" content=\"image\/jpeg\" \/>\n<meta name=\"author\" content=\"Arthur Peroni\" \/>\n<meta name=\"twitter:card\" content=\"summary_large_image\" \/>\n<meta name=\"twitter:creator\" content=\"@iquilibrio\" \/>\n<meta name=\"twitter:site\" content=\"@iquilibrio\" \/>\n<meta name=\"twitter:label1\" content=\"Escrito por\" \/>\n\t<meta name=\"twitter:data1\" content=\"Arthur Peroni\" \/>\n\t<meta name=\"twitter:label2\" content=\"Est. tempo de leitura\" \/>\n\t<meta name=\"twitter:data2\" content=\"7 minutos\" \/>\n<script type=\"application\/ld+json\" class=\"yoast-schema-graph\">{\"@context\":\"https:\\\/\\\/schema.org\",\"@graph\":[{\"@type\":\"Article\",\"@id\":\"https:\\\/\\\/www.iquilibrio.com\\\/blog\\\/astrologia\\\/sol-em-virgem-2\\\/#article\",\"isPartOf\":{\"@id\":\"https:\\\/\\\/www.iquilibrio.com\\\/blog\\\/astrologia\\\/sol-em-virgem-2\\\/\"},\"author\":{\"name\":\"Arthur Peroni\",\"@id\":\"https:\\\/\\\/www.iquilibrio.com\\\/blog\\\/#\\\/schema\\\/person\\\/21ae990723c2e5a1170c9a06dacb4d3d\"},\"headline\":\"A entrada do Sol em Virgem e Quadratura entre Marte e V\u00eanus, pela consultora Abna\",\"datePublished\":\"2024-08-20T04:38:36+00:00\",\"mainEntityOfPage\":{\"@id\":\"https:\\\/\\\/www.iquilibrio.com\\\/blog\\\/astrologia\\\/sol-em-virgem-2\\\/\"},\"wordCount\":1178,\"publisher\":{\"@id\":\"https:\\\/\\\/www.iquilibrio.com\\\/blog\\\/#organization\"},\"image\":{\"@id\":\"https:\\\/\\\/www.iquilibrio.com\\\/blog\\\/astrologia\\\/sol-em-virgem-2\\\/#primaryimage\"},\"thumbnailUrl\":\"https:\\\/\\\/www.iquilibrio.com\\\/blog\\\/wp-content\\\/uploads\\\/2024\\\/08\\\/Sol-em-virgem.jpg\",\"articleSection\":[\"Astrologia\"],\"inLanguage\":\"pt-BR\"},{\"@type\":\"WebPage\",\"@id\":\"https:\\\/\\\/www.iquilibrio.com\\\/blog\\\/astrologia\\\/sol-em-virgem-2\\\/\",\"url\":\"https:\\\/\\\/www.iquilibrio.com\\\/blog\\\/astrologia\\\/sol-em-virgem-2\\\/\",\"name\":\"Sol em Virgem e quadratura Marte e V\u00eanus, confira o movimento!\",\"isPartOf\":{\"@id\":\"https:\\\/\\\/www.iquilibrio.com\\\/blog\\\/#website\"},\"primaryImageOfPage\":{\"@id\":\"https:\\\/\\\/www.iquilibrio.com\\\/blog\\\/astrologia\\\/sol-em-virgem-2\\\/#primaryimage\"},\"image\":{\"@id\":\"https:\\\/\\\/www.iquilibrio.com\\\/blog\\\/astrologia\\\/sol-em-virgem-2\\\/#primaryimage\"},\"thumbnailUrl\":\"https:\\\/\\\/www.iquilibrio.com\\\/blog\\\/wp-content\\\/uploads\\\/2024\\\/08\\\/Sol-em-virgem.jpg\",\"datePublished\":\"2024-08-20T04:38:36+00:00\",\"description\":\"Explore as caracter\u00edsticas da entrada do Sol em Virgem e entenda a intensa quadratura entre Marte e V\u00eanus, trazendo transforma\u00e7\u00f5es no amor.\",\"breadcrumb\":{\"@id\":\"https:\\\/\\\/www.iquilibrio.com\\\/blog\\\/astrologia\\\/sol-em-virgem-2\\\/#breadcrumb\"},\"inLanguage\":\"pt-BR\",\"potentialAction\":[{\"@type\":\"ReadAction\",\"target\":[\"https:\\\/\\\/www.iquilibrio.com\\\/blog\\\/astrologia\\\/sol-em-virgem-2\\\/\"]}]},{\"@type\":\"ImageObject\",\"inLanguage\":\"pt-BR\",\"@id\":\"https:\\\/\\\/www.iquilibrio.com\\\/blog\\\/astrologia\\\/sol-em-virgem-2\\\/#primaryimage\",\"url\":\"https:\\\/\\\/www.iquilibrio.com\\\/blog\\\/wp-content\\\/uploads\\\/2024\\\/08\\\/Sol-em-virgem.jpg\",\"contentUrl\":\"https:\\\/\\\/www.iquilibrio.com\\\/blog\\\/wp-content\\\/uploads\\\/2024\\\/08\\\/Sol-em-virgem.jpg\",\"width\":900,\"height\":560,\"caption\":\"Sol em virgem\"},{\"@type\":\"BreadcrumbList\",\"@id\":\"https:\\\/\\\/www.iquilibrio.com\\\/blog\\\/astrologia\\\/sol-em-virgem-2\\\/#breadcrumb\",\"itemListElement\":[{\"@type\":\"ListItem\",\"position\":1,\"name\":\"In\u00edcio\",\"item\":\"https:\\\/\\\/www.iquilibrio.com\\\/blog\\\/\"},{\"@type\":\"ListItem\",\"position\":2,\"name\":\"A entrada do Sol em Virgem e Quadratura entre Marte e V\u00eanus, pela consultora Abna\"}]},{\"@type\":\"WebSite\",\"@id\":\"https:\\\/\\\/www.iquilibrio.com\\\/blog\\\/#website\",\"url\":\"https:\\\/\\\/www.iquilibrio.com\\\/blog\\\/\",\"name\":\"iQuilibrio\",\"description\":\"Blog iQuilibrio\",\"publisher\":{\"@id\":\"https:\\\/\\\/www.iquilibrio.com\\\/blog\\\/#organization\"},\"potentialAction\":[{\"@type\":\"SearchAction\",\"target\":{\"@type\":\"EntryPoint\",\"urlTemplate\":\"https:\\\/\\\/www.iquilibrio.com\\\/blog\\\/?s={search_term_string}\"},\"query-input\":{\"@type\":\"PropertyValueSpecification\",\"valueRequired\":true,\"valueName\":\"search_term_string\"}}],\"inLanguage\":\"pt-BR\"},{\"@type\":\"Organization\",\"@id\":\"https:\\\/\\\/www.iquilibrio.com\\\/blog\\\/#organization\",\"name\":\"Esoterismo, Misticismo e Tarot Online - iQuilibrio\",\"url\":\"https:\\\/\\\/www.iquilibrio.com\\\/blog\\\/\",\"logo\":{\"@type\":\"ImageObject\",\"inLanguage\":\"pt-BR\",\"@id\":\"https:\\\/\\\/www.iquilibrio.com\\\/blog\\\/#\\\/schema\\\/logo\\\/image\\\/\",\"url\":\"https:\\\/\\\/www.iquilibrio.com\\\/blog\\\/wp-content\\\/uploads\\\/2018\\\/12\\\/iquilibrio_lovo_vetor_preto-retina.png\",\"contentUrl\":\"https:\\\/\\\/www.iquilibrio.com\\\/blog\\\/wp-content\\\/uploads\\\/2018\\\/12\\\/iquilibrio_lovo_vetor_preto-retina.png\",\"width\":972,\"height\":180,\"caption\":\"Esoterismo, Misticismo e Tarot Online - iQuilibrio\"},\"image\":{\"@id\":\"https:\\\/\\\/www.iquilibrio.com\\\/blog\\\/#\\\/schema\\\/logo\\\/image\\\/\"},\"sameAs\":[\"https:\\\/\\\/www.facebook.com\\\/iQuilibrio\\\/\",\"https:\\\/\\\/x.com\\\/iquilibrio\",\"https:\\\/\\\/www.instagram.com\\\/iquilibrio\\\/\",\"https:\\\/\\\/www.linkedin.com\\\/company\\\/iquilibrio\\\/\",\"https:\\\/\\\/br.pinterest.com\\\/iquilibrio1397\\\/\",\"https:\\\/\\\/www.youtube.com\\\/channel\\\/UC175qxd-4Zsi4wzawT5zF2g\"]},{\"@type\":\"Person\",\"@id\":\"https:\\\/\\\/www.iquilibrio.com\\\/blog\\\/#\\\/schema\\\/person\\\/21ae990723c2e5a1170c9a06dacb4d3d\",\"name\":\"Arthur Peroni\",\"image\":{\"@type\":\"ImageObject\",\"inLanguage\":\"pt-BR\",\"@id\":\"https:\\\/\\\/www.iquilibrio.com\\\/blog\\\/wp-content\\\/uploads\\\/2023\\\/04\\\/Arthur-Peroni-150x150.jpg\",\"url\":\"https:\\\/\\\/www.iquilibrio.com\\\/blog\\\/wp-content\\\/uploads\\\/2023\\\/04\\\/Arthur-Peroni-150x150.jpg\",\"contentUrl\":\"https:\\\/\\\/www.iquilibrio.com\\\/blog\\\/wp-content\\\/uploads\\\/2023\\\/04\\\/Arthur-Peroni-150x150.jpg\",\"caption\":\"Arthur Peroni\"},\"description\":\"Arthur Peroni escreve sobre a vida, o universo e tudo mais. Amante da literatura m\u00edstica, e fic\u00e7\u00e3o, descobriu sua carreira de redator gra\u00e7as ao h\u00e1bito de leitura constante sobre fantasia e drama. Nas horas vagas, gosta de cozinhar, ler e ver filmes antigos. J\u00e1 trabalhou com, comunica\u00e7\u00e3o social, massoterapia, terapias hol\u00edsticas e design de interiores. Atualmente trabalha como redator SEO e se entusiasma com tudo o que \u00e9 esot\u00e9rico. Gosta de discutir sobre assuntos complexos e instigantes, e v\u00ea na escrita uma oportunidade de aprender e criar todos os dias, mentalmente e espiritualmente.\",\"url\":\"https:\\\/\\\/www.iquilibrio.com\\\/blog\\\/author\\\/raul-vinicius\\\/\"}]}<\/script>\n<!-- \/ Yoast SEO plugin. -->","yoast_head_json":{"title":"Sol em Virgem e quadratura Marte e V\u00eanus, confira o movimento!","description":"Explore as caracter\u00edsticas da entrada do Sol em Virgem e entenda a intensa quadratura entre Marte e V\u00eanus, trazendo transforma\u00e7\u00f5es no amor.","robots":{"index":"index","follow":"follow","max-snippet":"max-snippet:-1","max-image-preview":"max-image-preview:large","max-video-preview":"max-video-preview:-1"},"canonical":"https:\/\/www.iquilibrio.com\/blog\/astrologia\/sol-em-virgem-2\/","og_locale":"pt_BR","og_type":"article","og_title":"Sol em Virgem e quadratura Marte e V\u00eanus, confira o movimento!","og_description":"Explore as caracter\u00edsticas da entrada do Sol em Virgem e entenda a intensa quadratura entre Marte e V\u00eanus, trazendo transforma\u00e7\u00f5es no amor.","og_url":"https:\/\/www.iquilibrio.com\/blog\/astrologia\/sol-em-virgem-2\/","og_site_name":"iQuilibrio","article_publisher":"https:\/\/www.facebook.com\/iQuilibrio\/","article_published_time":"2024-08-20T04:38:36+00:00","og_image":[{"width":900,"height":560,"url":"https:\/\/www.iquilibrio.com\/blog\/wp-content\/uploads\/2024\/08\/Sol-em-virgem.jpg","type":"image\/jpeg"}],"author":"Arthur Peroni","twitter_card":"summary_large_image","twitter_creator":"@iquilibrio","twitter_site":"@iquilibrio","twitter_misc":{"Escrito por":"Arthur Peroni","Est. tempo de leitura":"7 minutos"},"schema":{"@context":"https:\/\/schema.org","@graph":[{"@type":"Article","@id":"https:\/\/www.iquilibrio.com\/blog\/astrologia\/sol-em-virgem-2\/#article","isPartOf":{"@id":"https:\/\/www.iquilibrio.com\/blog\/astrologia\/sol-em-virgem-2\/"},"author":{"name":"Arthur Peroni","@id":"https:\/\/www.iquilibrio.com\/blog\/#\/schema\/person\/21ae990723c2e5a1170c9a06dacb4d3d"},"headline":"A entrada do Sol em Virgem e Quadratura entre Marte e V\u00eanus, pela consultora Abna","datePublished":"2024-08-20T04:38:36+00:00","mainEntityOfPage":{"@id":"https:\/\/www.iquilibrio.com\/blog\/astrologia\/sol-em-virgem-2\/"},"wordCount":1178,"publisher":{"@id":"https:\/\/www.iquilibrio.com\/blog\/#organization"},"image":{"@id":"https:\/\/www.iquilibrio.com\/blog\/astrologia\/sol-em-virgem-2\/#primaryimage"},"thumbnailUrl":"https:\/\/www.iquilibrio.com\/blog\/wp-content\/uploads\/2024\/08\/Sol-em-virgem.jpg","articleSection":["Astrologia"],"inLanguage":"pt-BR"},{"@type":"WebPage","@id":"https:\/\/www.iquilibrio.com\/blog\/astrologia\/sol-em-virgem-2\/","url":"https:\/\/www.iquilibrio.com\/blog\/astrologia\/sol-em-virgem-2\/","name":"Sol em Virgem e quadratura Marte e V\u00eanus, confira o movimento!","isPartOf":{"@id":"https:\/\/www.iquilibrio.com\/blog\/#website"},"primaryImageOfPage":{"@id":"https:\/\/www.iquilibrio.com\/blog\/astrologia\/sol-em-virgem-2\/#primaryimage"},"image":{"@id":"https:\/\/www.iquilibrio.com\/blog\/astrologia\/sol-em-virgem-2\/#primaryimage"},"thumbnailUrl":"https:\/\/www.iquilibrio.com\/blog\/wp-content\/uploads\/2024\/08\/Sol-em-virgem.jpg","datePublished":"2024-08-20T04:38:36+00:00","description":"Explore as caracter\u00edsticas da entrada do Sol em Virgem e entenda a intensa quadratura entre Marte e V\u00eanus, trazendo transforma\u00e7\u00f5es no amor.","breadcrumb":{"@id":"https:\/\/www.iquilibrio.com\/blog\/astrologia\/sol-em-virgem-2\/#breadcrumb"},"inLanguage":"pt-BR","potentialAction":[{"@type":"ReadAction","target":["https:\/\/www.iquilibrio.com\/blog\/astrologia\/sol-em-virgem-2\/"]}]},{"@type":"ImageObject","inLanguage":"pt-BR","@id":"https:\/\/www.iquilibrio.com\/blog\/astrologia\/sol-em-virgem-2\/#primaryimage","url":"https:\/\/www.iquilibrio.com\/blog\/wp-content\/uploads\/2024\/08\/Sol-em-virgem.jpg","contentUrl":"https:\/\/www.iquilibrio.com\/blog\/wp-content\/uploads\/2024\/08\/Sol-em-virgem.jpg","width":900,"height":560,"caption":"Sol em virgem"},{"@type":"BreadcrumbList","@id":"https:\/\/www.iquilibrio.com\/blog\/astrologia\/sol-em-virgem-2\/#breadcrumb","itemListElement":[{"@type":"ListItem","position":1,"name":"In\u00edcio","item":"https:\/\/www.iquilibrio.com\/blog\/"},{"@type":"ListItem","position":2,"name":"A entrada do Sol em Virgem e Quadratura entre Marte e V\u00eanus, pela consultora Abna"}]},{"@type":"WebSite","@id":"https:\/\/www.iquilibrio.com\/blog\/#website","url":"https:\/\/www.iquilibrio.com\/blog\/","name":"iQuilibrio","description":"Blog iQuilibrio","publisher":{"@id":"https:\/\/www.iquilibrio.com\/blog\/#organization"},"potentialAction":[{"@type":"SearchAction","target":{"@type":"EntryPoint","urlTemplate":"https:\/\/www.iquilibrio.com\/blog\/?s={search_term_string}"},"query-input":{"@type":"PropertyValueSpecification","valueRequired":true,"valueName":"search_term_string"}}],"inLanguage":"pt-BR"},{"@type":"Organization","@id":"https:\/\/www.iquilibrio.com\/blog\/#organization","name":"Esoterismo, Misticismo e Tarot Online - iQuilibrio","url":"https:\/\/www.iquilibrio.com\/blog\/","logo":{"@type":"ImageObject","inLanguage":"pt-BR","@id":"https:\/\/www.iquilibrio.com\/blog\/#\/schema\/logo\/image\/","url":"https:\/\/www.iquilibrio.com\/blog\/wp-content\/uploads\/2018\/12\/iquilibrio_lovo_vetor_preto-retina.png","contentUrl":"https:\/\/www.iquilibrio.com\/blog\/wp-content\/uploads\/2018\/12\/iquilibrio_lovo_vetor_preto-retina.png","width":972,"height":180,"caption":"Esoterismo, Misticismo e Tarot Online - iQuilibrio"},"image":{"@id":"https:\/\/www.iquilibrio.com\/blog\/#\/schema\/logo\/image\/"},"sameAs":["https:\/\/www.facebook.com\/iQuilibrio\/","https:\/\/x.com\/iquilibrio","https:\/\/www.instagram.com\/iquilibrio\/","https:\/\/www.linkedin.com\/company\/iquilibrio\/","https:\/\/br.pinterest.com\/iquilibrio1397\/","https:\/\/www.youtube.com\/channel\/UC175qxd-4Zsi4wzawT5zF2g"]},{"@type":"Person","@id":"https:\/\/www.iquilibrio.com\/blog\/#\/schema\/person\/21ae990723c2e5a1170c9a06dacb4d3d","name":"Arthur Peroni","image":{"@type":"ImageObject","inLanguage":"pt-BR","@id":"https:\/\/www.iquilibrio.com\/blog\/wp-content\/uploads\/2023\/04\/Arthur-Peroni-150x150.jpg","url":"https:\/\/www.iquilibrio.com\/blog\/wp-content\/uploads\/2023\/04\/Arthur-Peroni-150x150.jpg","contentUrl":"https:\/\/www.iquilibrio.com\/blog\/wp-content\/uploads\/2023\/04\/Arthur-Peroni-150x150.jpg","caption":"Arthur Peroni"},"description":"Arthur Peroni escreve sobre a vida, o universo e tudo mais. Amante da literatura m\u00edstica, e fic\u00e7\u00e3o, descobriu sua carreira de redator gra\u00e7as ao h\u00e1bito de leitura constante sobre fantasia e drama. Nas horas vagas, gosta de cozinhar, ler e ver filmes antigos. J\u00e1 trabalhou com, comunica\u00e7\u00e3o social, massoterapia, terapias hol\u00edsticas e design de interiores. Atualmente trabalha como redator SEO e se entusiasma com tudo o que \u00e9 esot\u00e9rico. Gosta de discutir sobre assuntos complexos e instigantes, e v\u00ea na escrita uma oportunidade de aprender e criar todos os dias, mentalmente e espiritualmente.","url":"https:\/\/www.iquilibrio.com\/blog\/author\/raul-vinicius\/"}]}},"_links":{"self":[{"href":"https:\/\/www.iquilibrio.com\/blog\/wp-json\/wp\/v2\/posts\/40953","targetHints":{"allow":["GET"]}}],"collection":[{"href":"https:\/\/www.iquilibrio.com\/blog\/wp-json\/wp\/v2\/posts"}],"about":[{"href":"https:\/\/www.iquilibrio.com\/blog\/wp-json\/wp\/v2\/types\/post"}],"author":[{"embeddable":true,"href":"https:\/\/www.iquilibrio.com\/blog\/wp-json\/wp\/v2\/users\/158"}],"replies":[{"embeddable":true,"href":"https:\/\/www.iquilibrio.com\/blog\/wp-json\/wp\/v2\/comments?post=40953"}],"version-history":[{"count":1,"href":"https:\/\/www.iquilibrio.com\/blog\/wp-json\/wp\/v2\/posts\/40953\/revisions"}],"predecessor-version":[{"id":40958,"href":"https:\/\/www.iquilibrio.com\/blog\/wp-json\/wp\/v2\/posts\/40953\/revisions\/40958"}],"wp:featuredmedia":[{"embeddable":true,"href":"https:\/\/www.iquilibrio.com\/blog\/wp-json\/wp\/v2\/media\/40954"}],"wp:attachment":[{"href":"https:\/\/www.iquilibrio.com\/blog\/wp-json\/wp\/v2\/media?parent=40953"}],"wp:term":[{"taxonomy":"category","embeddable":true,"href":"https:\/\/www.iquilibrio.com\/blog\/wp-json\/wp\/v2\/categories?post=40953"},{"taxonomy":"post_tag","embeddable":true,"href":"https:\/\/www.iquilibrio.com\/blog\/wp-json\/wp\/v2\/tags?post=40953"}],"curies":[{"name":"wp","href":"https:\/\/api.w.org\/{rel}","templated":true}]}}