{"id":40889,"date":"2024-07-30T22:39:58","date_gmt":"2024-07-31T01:39:58","guid":{"rendered":"https:\/\/www.iquilibrio.com\/blog\/?p=40889"},"modified":"2024-07-30T22:39:58","modified_gmt":"2024-07-31T01:39:58","slug":"previsoes-para-agosto-pela-consultora-melissa-2","status":"publish","type":"post","link":"https:\/\/www.iquilibrio.com\/blog\/previsoes-2024\/previsoes-para-agosto-pela-consultora-melissa-2\/","title":{"rendered":"Previs\u00f5es para Agosto, pela consultora Melissa"},"content":{"rendered":"<p><span style=\"font-weight: 400;\">Ei, pessoal! Agosto chegou trazendo uma mistura de energias para animar nossas vidas. A palavra-chave \u00e9 abund\u00e2ncia; \u00e9 o momento de colher os frutos do nosso trabalho, comemorar conquistas e compartilhar a alegria com quem amamos.<\/span><\/p>\n<p><span style=\"font-weight: 400;\">Embora possam surgir desafios que exijam for\u00e7a e determina\u00e7\u00e3o, \u00e9 importante manter a calma e encontrar equil\u00edbrio entre responsabilidades e necessidades pessoais.<\/span><\/p>\n<p><span style=\"font-weight: 400;\">Aproveite para refletir sobre seus objetivos, buscar autoconhecimento e crescimento espiritual. Confie na sua intui\u00e7\u00e3o e encontre harmonia entre a realiza\u00e7\u00e3o pessoal e a gratid\u00e3o pelas conquistas materiais.<\/span><\/p>\n<p><span style=\"font-weight: 400;\">Este m\u00eas traz uma energia positiva que devemos aproveitar ao m\u00e1ximo. Lembrem-se de contar com amigos e familiares nos momentos dif\u00edceis, pois juntos somos mais fortes!<\/span><\/p>\n<hr \/>\n<p><img loading=\"lazy\" decoding=\"async\" class=\"size-full wp-image-39433\" src=\"https:\/\/www.iquilibrio.com\/blog\/wp-content\/uploads\/2023\/08\/Signos-no-amor.jpg\" alt=\"\" width=\"900\" height=\"560\" srcset=\"https:\/\/www.iquilibrio.com\/blog\/wp-content\/uploads\/2023\/08\/Signos-no-amor.jpg 900w, https:\/\/www.iquilibrio.com\/blog\/wp-content\/uploads\/2023\/08\/Signos-no-amor-300x187.jpg 300w, https:\/\/www.iquilibrio.com\/blog\/wp-content\/uploads\/2023\/08\/Signos-no-amor-768x478.jpg 768w, https:\/\/www.iquilibrio.com\/blog\/wp-content\/uploads\/2023\/08\/Signos-no-amor-696x433.jpg 696w, https:\/\/www.iquilibrio.com\/blog\/wp-content\/uploads\/2023\/08\/Signos-no-amor-675x420.jpg 675w\" sizes=\"auto, (max-width: 900px) 100vw, 900px\" \/><\/p>\n<h2><span style=\"font-weight: 400;\">Previs\u00f5es para o Amor em Agosto 2024<\/span><\/h2>\n<p><span style=\"font-weight: 400;\">As cartas do tar\u00f4 indicam que agosto ser\u00e1 um m\u00eas de emo\u00e7\u00f5es intensas e decis\u00f5es importantes no amor. No in\u00edcio do m\u00eas, haver\u00e1 um foco em uni\u00e3o e escolhas, sugerindo que voc\u00ea poder\u00e1 enfrentar decis\u00f5es significativas em seus relacionamentos. \u00c9 um per\u00edodo de dualidade, onde pode ser necess\u00e1rio escolher entre seguir o cora\u00e7\u00e3o ou a raz\u00e3o, o que pode causar conflitos internos.<\/span><\/p>\n<p><span style=\"font-weight: 400;\">O tar\u00f4 aconselha ser honesto consigo mesmo e com seus sentimentos. Se estiver em um relacionamento, busque uma comunica\u00e7\u00e3o aberta com o parceiro para superar desafios e compartilhar responsabilidades.<\/span><\/p>\n<p><span style=\"font-weight: 400;\">Se estiver procurando um novo amor, reflita sobre o que \u00e9 importante para voc\u00ea e tome decis\u00f5es alinhadas com seus valores. O amor requer esfor\u00e7o e dedica\u00e7\u00e3o para prosperar.<\/span><\/p>\n<p><img loading=\"lazy\" decoding=\"async\" class=\"size-full wp-image-40015\" src=\"https:\/\/www.iquilibrio.com\/blog\/wp-content\/uploads\/2023\/12\/Feng-shui-no-trabalho.jpg\" alt=\"Feng shui no trabalho\" width=\"900\" height=\"560\" srcset=\"https:\/\/www.iquilibrio.com\/blog\/wp-content\/uploads\/2023\/12\/Feng-shui-no-trabalho.jpg 900w, https:\/\/www.iquilibrio.com\/blog\/wp-content\/uploads\/2023\/12\/Feng-shui-no-trabalho-300x187.jpg 300w, https:\/\/www.iquilibrio.com\/blog\/wp-content\/uploads\/2023\/12\/Feng-shui-no-trabalho-768x478.jpg 768w, https:\/\/www.iquilibrio.com\/blog\/wp-content\/uploads\/2023\/12\/Feng-shui-no-trabalho-696x433.jpg 696w, https:\/\/www.iquilibrio.com\/blog\/wp-content\/uploads\/2023\/12\/Feng-shui-no-trabalho-675x420.jpg 675w\" sizes=\"auto, (max-width: 900px) 100vw, 900px\" \/><\/p>\n<h2><span style=\"font-weight: 400;\">Previs\u00e3o para Trabalho e Finan\u00e7as:<\/span><\/h2>\n<p><span style=\"font-weight: 400;\">Agosto promete ser um m\u00eas positivo para o trabalho e as finan\u00e7as, com conquistas e sucesso profissional. \u00c9 o momento de transformar projetos em realidade, colocando-os em pr\u00e1tica com a\u00e7\u00e3o e planejamento estrat\u00e9gico. Avance sem medo, mas com foco e perseveran\u00e7a para alcan\u00e7ar o sucesso.<\/span><\/p>\n<p><span style=\"font-weight: 400;\">No entanto, \u00e9 importante equilibrar o trabalho com o bem-estar pessoal. N\u00e3o se deixe levar apenas pela empolga\u00e7\u00e3o do sucesso profissional; reserve tempo para cuidar da sa\u00fade mental e emocional. Para aqueles enfrentando o desemprego, novas oportunidades est\u00e3o surgindo, tornando este um bom momento para intensificar a busca por uma nova posi\u00e7\u00e3o e explorar diferentes op\u00e7\u00f5es profissionais.<\/span><\/p>\n<p><span style=\"font-weight: 400;\">Se voc\u00ea j\u00e1 est\u00e1 empregado, abrace novos desafios e busque crescimento em sua carreira. Esteja atento a projetos inovadores e ideias que possam trazer prosperidade. O sucesso est\u00e1 ao seu alcance, basta dedica\u00e7\u00e3o e determina\u00e7\u00e3o para construir uma carreira s\u00f3lida e gratificante.<\/span><\/p>\n<p><img loading=\"lazy\" decoding=\"async\" class=\"alignnone size-full wp-image-15785\" src=\"https:\/\/www.iquilibrio.com\/blog\/wp-content\/uploads\/2018\/04\/saude.jpg\" alt=\"sa\u00fade espiritual\" width=\"900\" height=\"560\" \/><\/p>\n<h2><span style=\"font-weight: 400;\">Previs\u00e3o para Sa\u00fade em Agosto:<\/span><\/h2>\n<p><span style=\"font-weight: 400;\">Vamos falar sobre sa\u00fade e cuidados em agosto. Este m\u00eas \u00e9 ideal para focarmos na sa\u00fade em todas as suas dimens\u00f5es, buscando equil\u00edbrio na rotina de cuidados.<\/span><\/p>\n<p><span style=\"font-weight: 400;\">Cuidar da sa\u00fade f\u00edsica \u00e9 fundamental, mas n\u00e3o podemos esquecer do bem-estar mental. Precisamos prestar aten\u00e7\u00e3o \u00e0s nossas necessidades emocionais, sem deixar que as preocupa\u00e7\u00f5es do dia a dia nos fa\u00e7am negligenciar esse aspecto.<\/span><\/p>\n<p><span style=\"font-weight: 400;\">Se estivermos enfrentando incertezas ou conflitos em rela\u00e7\u00e3o \u00e0 nossa sa\u00fade, \u00e9 importante manter a calma e buscar clareza para tomar decis\u00f5es informadas. N\u00e3o hesite em procurar ajuda m\u00e9dica ou profissional para avaliar sintomas ou preocupa\u00e7\u00f5es.<\/span><\/p>\n<p><span style=\"font-weight: 400;\">Cuidar da sa\u00fade vai al\u00e9m de exerc\u00edcios e alimenta\u00e7\u00e3o; inclui tamb\u00e9m formas de relaxamento e redu\u00e7\u00e3o do estresse, como medita\u00e7\u00e3o, ioga e terapia.<\/span><\/p>\n<p><span style=\"font-weight: 400;\">Devemos ser honestos sobre nossas necessidades e limita\u00e7\u00f5es, ajustando corpo e mente conforme necess\u00e1rio. \u00c9 importante tratar todos os aspectos da vida com justi\u00e7a e honestidade, lembrando que tanto o f\u00edsico quanto o mental s\u00e3o essenciais.<\/span><\/p>\n<p><span style=\"font-weight: 400;\">Para quem est\u00e1 em tratamento, fazer escolhas conscientes e equilibradas \u00e9 fundamental. Avaliar o progresso com objetividade e buscar uma segunda opini\u00e3o, se necess\u00e1rio, s\u00e3o medidas que podem ajudar a tomar decis\u00f5es informadas e cuidar da sa\u00fade mental durante o processo.<\/span><\/p>\n<p><img loading=\"lazy\" decoding=\"async\" class=\"alignnone size-full wp-image-27858\" src=\"https:\/\/www.iquilibrio.com\/blog\/wp-content\/uploads\/2019\/08\/espiritualidade-e-saude.jpg\" alt=\"sa\u00fade e espiritual\" width=\"900\" height=\"560\" srcset=\"https:\/\/www.iquilibrio.com\/blog\/wp-content\/uploads\/2019\/08\/espiritualidade-e-saude.jpg 900w, https:\/\/www.iquilibrio.com\/blog\/wp-content\/uploads\/2019\/08\/espiritualidade-e-saude-300x187.jpg 300w, https:\/\/www.iquilibrio.com\/blog\/wp-content\/uploads\/2019\/08\/espiritualidade-e-saude-768x478.jpg 768w, https:\/\/www.iquilibrio.com\/blog\/wp-content\/uploads\/2019\/08\/espiritualidade-e-saude-696x433.jpg 696w, https:\/\/www.iquilibrio.com\/blog\/wp-content\/uploads\/2019\/08\/espiritualidade-e-saude-675x420.jpg 675w\" sizes=\"auto, (max-width: 900px) 100vw, 900px\" \/><\/p>\n<h2><span style=\"font-weight: 400;\">Espiritualidade em Agosto:<\/span><\/h2>\n<p><span style=\"font-weight: 400;\">Agosto traz um chamado para cuidarmos da nossa sa\u00fade mental e olharmos para dentro de n\u00f3s mesmos. \u00c9 uma oportunidade de entender sentimentos profundos, como preocupa\u00e7\u00e3o, depress\u00e3o e medo, que podem nos roubar a energia e a motiva\u00e7\u00e3o.<\/span><\/p>\n<p><span style=\"font-weight: 400;\">O foco deste m\u00eas \u00e9 fortalecer a intui\u00e7\u00e3o e o autoconhecimento, mergulhando em uma jornada de autodescoberta e conscientiza\u00e7\u00e3o das nossas motiva\u00e7\u00f5es ocultas.<\/span><\/p>\n<p><span style=\"font-weight: 400;\">As energias de agosto simbolizam um recome\u00e7o, incentivando-nos a aprender e crescer. Devemos estar abertos a novas perspectivas e buscar compreender melhor o mundo material e espiritual. Encontrar momentos de paz e reflex\u00e3o, atrav\u00e9s de medita\u00e7\u00e3o, contempla\u00e7\u00e3o e conex\u00e3o com a natureza, pode fortalecer nossa intui\u00e7\u00e3o e aprofundar nossa espiritualidade.<\/span><\/p>\n<p><span style=\"font-weight: 400;\">Este \u00e9 um per\u00edodo de crescimento e aprendizado, tanto pessoal quanto em rela\u00e7\u00e3o ao mundo ao nosso redor. Confie na sua intui\u00e7\u00e3o e aproveite este momento para expandir sua espiritualidade e se conectar com o seu eu mais profundo.<\/span><\/p>\n<p><span style=\"font-weight: 400;\">Seja receptivo a explorar novos caminhos de conhecimento e autoconsci\u00eancia, aproveitando esta oportunidade para um processo enriquecedor.<\/span><\/p>\n<hr \/>\n<h3><b>1\u00aa Semana: Reflex\u00e3o e Equil\u00edbrio<\/b><\/h3>\n<p><span style=\"font-weight: 400;\">Na primeira semana de agosto, h\u00e1 um foco em reflex\u00e3o e busca por equil\u00edbrio em diversas \u00e1reas da vida.<\/span><\/p>\n<p><span style=\"font-weight: 400;\">No campo espiritual, \u00e9 um momento de aprofundamento e busca de novos conhecimentos. No amor, desafios emocionais podem surgir, pedindo uma avalia\u00e7\u00e3o das conex\u00f5es e sentimentos. Profissionalmente, \u00e9 hora de buscar uma abordagem estrat\u00e9gica, enquanto na sa\u00fade, o equil\u00edbrio entre corpo e mente \u00e9 essencial.<\/span><\/p>\n<p><span style=\"font-weight: 400;\">A semana destaca a import\u00e2ncia de enfrentar os desafios emocionais com sabedoria e paci\u00eancia.<\/span><\/p>\n<hr \/>\n<h3><b>2\u00aa Semana: Determina\u00e7\u00e3o e Lideran\u00e7a<\/b><\/h3>\n<p><span style=\"font-weight: 400;\">A segunda semana traz uma energia de determina\u00e7\u00e3o e lideran\u00e7a. No trabalho, \u00e9 um momento prop\u00edcio para assumir novas responsabilidades e buscar crescimento.<\/span><\/p>\n<p><span style=\"font-weight: 400;\">No amor, h\u00e1 confian\u00e7a e seguran\u00e7a, com possibilidades de novas conex\u00f5es para solteiros. A sa\u00fade f\u00edsica e emocional deve ser cuidada com entusiasmo e autodisciplina. <\/span><\/p>\n<p><span style=\"font-weight: 400;\">Espiritualmente, \u00e9 uma fase de conex\u00e3o com o poder interior, incentivando o autoconhecimento e a autoconfian\u00e7a. A semana \u00e9 marcada pela capacidade de tomar decis\u00f5es firmes e buscar o sucesso.<\/span><\/p>\n<hr \/>\n<h3><b>3\u00aa Semana: Equil\u00edbrio e Supera\u00e7\u00e3o<\/b><\/h3>\n<p><span style=\"font-weight: 400;\">A terceira semana pode ser desafiadora, mas tamb\u00e9m oferece oportunidades para buscar equil\u00edbrio e supera\u00e7\u00e3o. No amor, \u00e9 um per\u00edodo para resolver conflitos e buscar estabilidade emocional.<\/span><\/p>\n<p><span style=\"font-weight: 400;\">Profissionalmente, \u00e9 importante manter a calma e agir com diplomacia. A sa\u00fade requer aten\u00e7\u00e3o ao equil\u00edbrio emocional e gest\u00e3o do estresse.<\/span><\/p>\n<p><span style=\"font-weight: 400;\">Espiritualmente, \u00e9 um momento de buscar sabedoria interior para enfrentar desafios. A semana enfatiza a import\u00e2ncia de paci\u00eancia e perseveran\u00e7a para superar obst\u00e1culos.<\/span><\/p>\n<hr \/>\n<h3><b>4\u00aa Semana: Conex\u00e3o e Realiza\u00e7\u00e3o<\/b><\/h3>\n<p><span style=\"font-weight: 400;\">Na quarta semana, h\u00e1 uma energia positiva e promissora. No campo espiritual, \u00e9 um momento de conex\u00e3o profunda com a intui\u00e7\u00e3o e sabedoria interior, trazendo sucesso e reconhecimento.<\/span><\/p>\n<p><span style=\"font-weight: 400;\">No amor, h\u00e1 potencial para uma conex\u00e3o emocional mais profunda. Profissionalmente, \u00e9 uma fase favor\u00e1vel para crescimento e realiza\u00e7\u00e3o, com reconhecimento pelo trabalho \u00e1rduo.<\/span><\/p>\n<p><span style=\"font-weight: 400;\">Na sa\u00fade, h\u00e1 estabilidade e progresso, com foco em manter h\u00e1bitos saud\u00e1veis. A semana \u00e9 marcada por uma atitude positiva e confian\u00e7a nas pr\u00f3prias habilidades.<\/span><\/p>\n<hr \/>\n<h3><b>Um m\u00eas para ter aten\u00e7\u00e3o!<\/b><\/h3>\n<p><span style=\"font-weight: 400;\">Agosto \u00e9 um m\u00eas de mudan\u00e7as e transforma\u00e7\u00f5es, oferecendo oportunidades para crescimento pessoal e profissional.<\/span><\/p>\n<p><span style=\"font-weight: 400;\">No amor, \u00e9 hora de deixar para tr\u00e1s o que n\u00e3o faz mais sentido e abrir-se para novas possibilidades. No trabalho, novas oportunidades e desafios devem ser abra\u00e7ados com confian\u00e7a. A sa\u00fade, especialmente o sistema nervoso e a sa\u00fade mental, requer aten\u00e7\u00e3o, com pr\u00e1ticas de gest\u00e3o de estresse sendo recomendadas.<\/span><\/p>\n<p><span style=\"font-weight: 400;\">Espiritualmente, \u00e9 um momento para aprofundar a conex\u00e3o com o eu interior. O m\u00eas encoraja o crescimento e a expans\u00e3o em todas as \u00e1reas da vida. Aproveite este per\u00edodo de transforma\u00e7\u00f5es para desenvolver-se e crescer.<\/span><\/p>\n<p>&nbsp;<\/p>\n\n\n<div class=\"kk-star-ratings kksr-auto kksr-align-left kksr-valign-bottom\"\n    data-payload='{&quot;align&quot;:&quot;left&quot;,&quot;id&quot;:&quot;40889&quot;,&quot;slug&quot;:&quot;default&quot;,&quot;valign&quot;:&quot;bottom&quot;,&quot;ignore&quot;:&quot;&quot;,&quot;reference&quot;:&quot;auto&quot;,&quot;class&quot;:&quot;&quot;,&quot;count&quot;:&quot;0&quot;,&quot;legendonly&quot;:&quot;&quot;,&quot;readonly&quot;:&quot;&quot;,&quot;score&quot;:&quot;0&quot;,&quot;starsonly&quot;:&quot;&quot;,&quot;best&quot;:&quot;5&quot;,&quot;gap&quot;:&quot;5&quot;,&quot;greet&quot;:&quot;Rate this post&quot;,&quot;legend&quot;:&quot;0\\\/5 - (0 voto)&quot;,&quot;size&quot;:&quot;24&quot;,&quot;title&quot;:&quot;Previs\u00f5es para Agosto, pela consultora Melissa&quot;,&quot;width&quot;:&quot;0&quot;,&quot;_legend&quot;:&quot;{score}\\\/{best} - ({count} {votes})&quot;,&quot;font_factor&quot;:&quot;1.25&quot;}'>\n            \n<div class=\"kksr-stars\">\n    \n<div class=\"kksr-stars-inactive\">\n            <div class=\"kksr-star\" data-star=\"1\" style=\"padding-right: 5px\">\n            \n\n<div class=\"kksr-icon\" style=\"width: 24px; height: 24px;\"><\/div>\n        <\/div>\n            <div class=\"kksr-star\" data-star=\"2\" style=\"padding-right: 5px\">\n            \n\n<div class=\"kksr-icon\" style=\"width: 24px; height: 24px;\"><\/div>\n        <\/div>\n            <div class=\"kksr-star\" data-star=\"3\" style=\"padding-right: 5px\">\n            \n\n<div class=\"kksr-icon\" style=\"width: 24px; height: 24px;\"><\/div>\n        <\/div>\n            <div class=\"kksr-star\" data-star=\"4\" style=\"padding-right: 5px\">\n            \n\n<div class=\"kksr-icon\" style=\"width: 24px; height: 24px;\"><\/div>\n        <\/div>\n            <div class=\"kksr-star\" data-star=\"5\" style=\"padding-right: 5px\">\n            \n\n<div class=\"kksr-icon\" style=\"width: 24px; height: 24px;\"><\/div>\n        <\/div>\n    <\/div>\n    \n<div class=\"kksr-stars-active\" style=\"width: 0px;\">\n            <div class=\"kksr-star\" style=\"padding-right: 5px\">\n            \n\n<div class=\"kksr-icon\" style=\"width: 24px; height: 24px;\"><\/div>\n        <\/div>\n            <div class=\"kksr-star\" style=\"padding-right: 5px\">\n            \n\n<div class=\"kksr-icon\" style=\"width: 24px; height: 24px;\"><\/div>\n        <\/div>\n            <div class=\"kksr-star\" style=\"padding-right: 5px\">\n            \n\n<div class=\"kksr-icon\" style=\"width: 24px; height: 24px;\"><\/div>\n        <\/div>\n            <div class=\"kksr-star\" style=\"padding-right: 5px\">\n            \n\n<div class=\"kksr-icon\" style=\"width: 24px; height: 24px;\"><\/div>\n        <\/div>\n            <div class=\"kksr-star\" style=\"padding-right: 5px\">\n            \n\n<div class=\"kksr-icon\" style=\"width: 24px; height: 24px;\"><\/div>\n        <\/div>\n    <\/div>\n<\/div>\n                \n\n<div class=\"kksr-legend\" style=\"font-size: 19.2px;\">\n            <span class=\"kksr-muted\">Rate this post<\/span>\n    <\/div>\n    <\/div>\n","protected":false},"excerpt":{"rendered":"<p>Ei, pessoal! Agosto chegou trazendo uma mistura de energias para animar nossas vidas. A palavra-chave \u00e9 abund\u00e2ncia; \u00e9 o momento de colher os frutos do nosso trabalho, comemorar conquistas e compartilhar a alegria com quem amamos. Embora possam surgir desafios que exijam for\u00e7a e determina\u00e7\u00e3o, \u00e9 importante manter a calma e encontrar equil\u00edbrio entre responsabilidades [&hellip;]<\/p>\n","protected":false},"author":158,"featured_media":40170,"comment_status":"closed","ping_status":"closed","sticky":false,"template":"","format":"standard","meta":{"footnotes":""},"categories":[4892],"tags":[],"class_list":["post-40889","post","type-post","status-publish","format-standard","has-post-thumbnail","hentry","category-previsoes-2024"],"yoast_head":"<!-- This site is optimized with the Yoast SEO plugin v27.4 - https:\/\/yoast.com\/product\/yoast-seo-wordpress\/ -->\n<title>Previs\u00f5es para Agosto, pela consultora Melissa - iQuilibrio<\/title>\n<meta name=\"robots\" content=\"index, follow, max-snippet:-1, max-image-preview:large, max-video-preview:-1\" \/>\n<link rel=\"canonical\" href=\"https:\/\/www.iquilibrio.com\/blog\/previsoes-2024\/previsoes-para-agosto-pela-consultora-melissa-2\/\" \/>\n<meta property=\"og:locale\" content=\"pt_BR\" \/>\n<meta property=\"og:type\" content=\"article\" \/>\n<meta property=\"og:title\" content=\"Previs\u00f5es para Agosto, pela consultora Melissa - iQuilibrio\" \/>\n<meta property=\"og:description\" content=\"Ei, pessoal! Agosto chegou trazendo uma mistura de energias para animar nossas vidas. A palavra-chave \u00e9 abund\u00e2ncia; \u00e9 o momento de colher os frutos do nosso trabalho, comemorar conquistas e compartilhar a alegria com quem amamos. Embora possam surgir desafios que exijam for\u00e7a e determina\u00e7\u00e3o, \u00e9 importante manter a calma e encontrar equil\u00edbrio entre responsabilidades [&hellip;]\" \/>\n<meta property=\"og:url\" content=\"https:\/\/www.iquilibrio.com\/blog\/previsoes-2024\/previsoes-para-agosto-pela-consultora-melissa-2\/\" \/>\n<meta property=\"og:site_name\" content=\"iQuilibrio\" \/>\n<meta property=\"article:publisher\" content=\"https:\/\/www.facebook.com\/iQuilibrio\/\" \/>\n<meta property=\"article:published_time\" content=\"2024-07-31T01:39:58+00:00\" \/>\n<meta property=\"og:image\" content=\"https:\/\/www.iquilibrio.com\/blog\/wp-content\/uploads\/2024\/02\/BLOG-Capa-horoscopo-mensal-iQui.jpg\" \/>\n\t<meta property=\"og:image:width\" content=\"900\" \/>\n\t<meta property=\"og:image:height\" content=\"560\" \/>\n\t<meta property=\"og:image:type\" content=\"image\/jpeg\" \/>\n<meta name=\"author\" content=\"Arthur Peroni\" \/>\n<meta name=\"twitter:card\" content=\"summary_large_image\" \/>\n<meta name=\"twitter:creator\" content=\"@iquilibrio\" \/>\n<meta name=\"twitter:site\" content=\"@iquilibrio\" \/>\n<meta name=\"twitter:label1\" content=\"Escrito por\" \/>\n\t<meta name=\"twitter:data1\" content=\"Arthur Peroni\" \/>\n\t<meta name=\"twitter:label2\" content=\"Est. tempo de leitura\" \/>\n\t<meta name=\"twitter:data2\" content=\"8 minutos\" \/>\n<script type=\"application\/ld+json\" class=\"yoast-schema-graph\">{\"@context\":\"https:\\\/\\\/schema.org\",\"@graph\":[{\"@type\":\"Article\",\"@id\":\"https:\\\/\\\/www.iquilibrio.com\\\/blog\\\/previsoes-2024\\\/previsoes-para-agosto-pela-consultora-melissa-2\\\/#article\",\"isPartOf\":{\"@id\":\"https:\\\/\\\/www.iquilibrio.com\\\/blog\\\/previsoes-2024\\\/previsoes-para-agosto-pela-consultora-melissa-2\\\/\"},\"author\":{\"name\":\"Arthur Peroni\",\"@id\":\"https:\\\/\\\/www.iquilibrio.com\\\/blog\\\/#\\\/schema\\\/person\\\/21ae990723c2e5a1170c9a06dacb4d3d\"},\"headline\":\"Previs\u00f5es para Agosto, pela consultora Melissa\",\"datePublished\":\"2024-07-31T01:39:58+00:00\",\"mainEntityOfPage\":{\"@id\":\"https:\\\/\\\/www.iquilibrio.com\\\/blog\\\/previsoes-2024\\\/previsoes-para-agosto-pela-consultora-melissa-2\\\/\"},\"wordCount\":1330,\"publisher\":{\"@id\":\"https:\\\/\\\/www.iquilibrio.com\\\/blog\\\/#organization\"},\"image\":{\"@id\":\"https:\\\/\\\/www.iquilibrio.com\\\/blog\\\/previsoes-2024\\\/previsoes-para-agosto-pela-consultora-melissa-2\\\/#primaryimage\"},\"thumbnailUrl\":\"https:\\\/\\\/www.iquilibrio.com\\\/blog\\\/wp-content\\\/uploads\\\/2024\\\/02\\\/BLOG-Capa-horoscopo-mensal-iQui.jpg\",\"articleSection\":[\"Previs\u00f5es 2024\"],\"inLanguage\":\"pt-BR\"},{\"@type\":\"WebPage\",\"@id\":\"https:\\\/\\\/www.iquilibrio.com\\\/blog\\\/previsoes-2024\\\/previsoes-para-agosto-pela-consultora-melissa-2\\\/\",\"url\":\"https:\\\/\\\/www.iquilibrio.com\\\/blog\\\/previsoes-2024\\\/previsoes-para-agosto-pela-consultora-melissa-2\\\/\",\"name\":\"Previs\u00f5es para Agosto, pela consultora Melissa - iQuilibrio\",\"isPartOf\":{\"@id\":\"https:\\\/\\\/www.iquilibrio.com\\\/blog\\\/#website\"},\"primaryImageOfPage\":{\"@id\":\"https:\\\/\\\/www.iquilibrio.com\\\/blog\\\/previsoes-2024\\\/previsoes-para-agosto-pela-consultora-melissa-2\\\/#primaryimage\"},\"image\":{\"@id\":\"https:\\\/\\\/www.iquilibrio.com\\\/blog\\\/previsoes-2024\\\/previsoes-para-agosto-pela-consultora-melissa-2\\\/#primaryimage\"},\"thumbnailUrl\":\"https:\\\/\\\/www.iquilibrio.com\\\/blog\\\/wp-content\\\/uploads\\\/2024\\\/02\\\/BLOG-Capa-horoscopo-mensal-iQui.jpg\",\"datePublished\":\"2024-07-31T01:39:58+00:00\",\"breadcrumb\":{\"@id\":\"https:\\\/\\\/www.iquilibrio.com\\\/blog\\\/previsoes-2024\\\/previsoes-para-agosto-pela-consultora-melissa-2\\\/#breadcrumb\"},\"inLanguage\":\"pt-BR\",\"potentialAction\":[{\"@type\":\"ReadAction\",\"target\":[\"https:\\\/\\\/www.iquilibrio.com\\\/blog\\\/previsoes-2024\\\/previsoes-para-agosto-pela-consultora-melissa-2\\\/\"]}]},{\"@type\":\"ImageObject\",\"inLanguage\":\"pt-BR\",\"@id\":\"https:\\\/\\\/www.iquilibrio.com\\\/blog\\\/previsoes-2024\\\/previsoes-para-agosto-pela-consultora-melissa-2\\\/#primaryimage\",\"url\":\"https:\\\/\\\/www.iquilibrio.com\\\/blog\\\/wp-content\\\/uploads\\\/2024\\\/02\\\/BLOG-Capa-horoscopo-mensal-iQui.jpg\",\"contentUrl\":\"https:\\\/\\\/www.iquilibrio.com\\\/blog\\\/wp-content\\\/uploads\\\/2024\\\/02\\\/BLOG-Capa-horoscopo-mensal-iQui.jpg\",\"width\":900,\"height\":560,\"caption\":\"Previs\u00e3o mensal\"},{\"@type\":\"BreadcrumbList\",\"@id\":\"https:\\\/\\\/www.iquilibrio.com\\\/blog\\\/previsoes-2024\\\/previsoes-para-agosto-pela-consultora-melissa-2\\\/#breadcrumb\",\"itemListElement\":[{\"@type\":\"ListItem\",\"position\":1,\"name\":\"In\u00edcio\",\"item\":\"https:\\\/\\\/www.iquilibrio.com\\\/blog\\\/\"},{\"@type\":\"ListItem\",\"position\":2,\"name\":\"Previs\u00f5es para Agosto, pela consultora Melissa\"}]},{\"@type\":\"WebSite\",\"@id\":\"https:\\\/\\\/www.iquilibrio.com\\\/blog\\\/#website\",\"url\":\"https:\\\/\\\/www.iquilibrio.com\\\/blog\\\/\",\"name\":\"iQuilibrio\",\"description\":\"Blog iQuilibrio\",\"publisher\":{\"@id\":\"https:\\\/\\\/www.iquilibrio.com\\\/blog\\\/#organization\"},\"potentialAction\":[{\"@type\":\"SearchAction\",\"target\":{\"@type\":\"EntryPoint\",\"urlTemplate\":\"https:\\\/\\\/www.iquilibrio.com\\\/blog\\\/?s={search_term_string}\"},\"query-input\":{\"@type\":\"PropertyValueSpecification\",\"valueRequired\":true,\"valueName\":\"search_term_string\"}}],\"inLanguage\":\"pt-BR\"},{\"@type\":\"Organization\",\"@id\":\"https:\\\/\\\/www.iquilibrio.com\\\/blog\\\/#organization\",\"name\":\"Esoterismo, Misticismo e Tarot Online - iQuilibrio\",\"url\":\"https:\\\/\\\/www.iquilibrio.com\\\/blog\\\/\",\"logo\":{\"@type\":\"ImageObject\",\"inLanguage\":\"pt-BR\",\"@id\":\"https:\\\/\\\/www.iquilibrio.com\\\/blog\\\/#\\\/schema\\\/logo\\\/image\\\/\",\"url\":\"https:\\\/\\\/www.iquilibrio.com\\\/blog\\\/wp-content\\\/uploads\\\/2018\\\/12\\\/iquilibrio_lovo_vetor_preto-retina.png\",\"contentUrl\":\"https:\\\/\\\/www.iquilibrio.com\\\/blog\\\/wp-content\\\/uploads\\\/2018\\\/12\\\/iquilibrio_lovo_vetor_preto-retina.png\",\"width\":972,\"height\":180,\"caption\":\"Esoterismo, Misticismo e Tarot Online - iQuilibrio\"},\"image\":{\"@id\":\"https:\\\/\\\/www.iquilibrio.com\\\/blog\\\/#\\\/schema\\\/logo\\\/image\\\/\"},\"sameAs\":[\"https:\\\/\\\/www.facebook.com\\\/iQuilibrio\\\/\",\"https:\\\/\\\/x.com\\\/iquilibrio\",\"https:\\\/\\\/www.instagram.com\\\/iquilibrio\\\/\",\"https:\\\/\\\/www.linkedin.com\\\/company\\\/iquilibrio\\\/\",\"https:\\\/\\\/br.pinterest.com\\\/iquilibrio1397\\\/\",\"https:\\\/\\\/www.youtube.com\\\/channel\\\/UC175qxd-4Zsi4wzawT5zF2g\"]},{\"@type\":\"Person\",\"@id\":\"https:\\\/\\\/www.iquilibrio.com\\\/blog\\\/#\\\/schema\\\/person\\\/21ae990723c2e5a1170c9a06dacb4d3d\",\"name\":\"Arthur Peroni\",\"image\":{\"@type\":\"ImageObject\",\"inLanguage\":\"pt-BR\",\"@id\":\"https:\\\/\\\/www.iquilibrio.com\\\/blog\\\/wp-content\\\/uploads\\\/2023\\\/04\\\/Arthur-Peroni-150x150.jpg\",\"url\":\"https:\\\/\\\/www.iquilibrio.com\\\/blog\\\/wp-content\\\/uploads\\\/2023\\\/04\\\/Arthur-Peroni-150x150.jpg\",\"contentUrl\":\"https:\\\/\\\/www.iquilibrio.com\\\/blog\\\/wp-content\\\/uploads\\\/2023\\\/04\\\/Arthur-Peroni-150x150.jpg\",\"caption\":\"Arthur Peroni\"},\"description\":\"Arthur Peroni escreve sobre a vida, o universo e tudo mais. Amante da literatura m\u00edstica, e fic\u00e7\u00e3o, descobriu sua carreira de redator gra\u00e7as ao h\u00e1bito de leitura constante sobre fantasia e drama. Nas horas vagas, gosta de cozinhar, ler e ver filmes antigos. J\u00e1 trabalhou com, comunica\u00e7\u00e3o social, massoterapia, terapias hol\u00edsticas e design de interiores. Atualmente trabalha como redator SEO e se entusiasma com tudo o que \u00e9 esot\u00e9rico. Gosta de discutir sobre assuntos complexos e instigantes, e v\u00ea na escrita uma oportunidade de aprender e criar todos os dias, mentalmente e espiritualmente.\",\"url\":\"https:\\\/\\\/www.iquilibrio.com\\\/blog\\\/author\\\/raul-vinicius\\\/\"}]}<\/script>\n<!-- \/ Yoast SEO plugin. -->","yoast_head_json":{"title":"Previs\u00f5es para Agosto, pela consultora Melissa - iQuilibrio","robots":{"index":"index","follow":"follow","max-snippet":"max-snippet:-1","max-image-preview":"max-image-preview:large","max-video-preview":"max-video-preview:-1"},"canonical":"https:\/\/www.iquilibrio.com\/blog\/previsoes-2024\/previsoes-para-agosto-pela-consultora-melissa-2\/","og_locale":"pt_BR","og_type":"article","og_title":"Previs\u00f5es para Agosto, pela consultora Melissa - iQuilibrio","og_description":"Ei, pessoal! Agosto chegou trazendo uma mistura de energias para animar nossas vidas. A palavra-chave \u00e9 abund\u00e2ncia; \u00e9 o momento de colher os frutos do nosso trabalho, comemorar conquistas e compartilhar a alegria com quem amamos. Embora possam surgir desafios que exijam for\u00e7a e determina\u00e7\u00e3o, \u00e9 importante manter a calma e encontrar equil\u00edbrio entre responsabilidades [&hellip;]","og_url":"https:\/\/www.iquilibrio.com\/blog\/previsoes-2024\/previsoes-para-agosto-pela-consultora-melissa-2\/","og_site_name":"iQuilibrio","article_publisher":"https:\/\/www.facebook.com\/iQuilibrio\/","article_published_time":"2024-07-31T01:39:58+00:00","og_image":[{"width":900,"height":560,"url":"https:\/\/www.iquilibrio.com\/blog\/wp-content\/uploads\/2024\/02\/BLOG-Capa-horoscopo-mensal-iQui.jpg","type":"image\/jpeg"}],"author":"Arthur Peroni","twitter_card":"summary_large_image","twitter_creator":"@iquilibrio","twitter_site":"@iquilibrio","twitter_misc":{"Escrito por":"Arthur Peroni","Est. tempo de leitura":"8 minutos"},"schema":{"@context":"https:\/\/schema.org","@graph":[{"@type":"Article","@id":"https:\/\/www.iquilibrio.com\/blog\/previsoes-2024\/previsoes-para-agosto-pela-consultora-melissa-2\/#article","isPartOf":{"@id":"https:\/\/www.iquilibrio.com\/blog\/previsoes-2024\/previsoes-para-agosto-pela-consultora-melissa-2\/"},"author":{"name":"Arthur Peroni","@id":"https:\/\/www.iquilibrio.com\/blog\/#\/schema\/person\/21ae990723c2e5a1170c9a06dacb4d3d"},"headline":"Previs\u00f5es para Agosto, pela consultora Melissa","datePublished":"2024-07-31T01:39:58+00:00","mainEntityOfPage":{"@id":"https:\/\/www.iquilibrio.com\/blog\/previsoes-2024\/previsoes-para-agosto-pela-consultora-melissa-2\/"},"wordCount":1330,"publisher":{"@id":"https:\/\/www.iquilibrio.com\/blog\/#organization"},"image":{"@id":"https:\/\/www.iquilibrio.com\/blog\/previsoes-2024\/previsoes-para-agosto-pela-consultora-melissa-2\/#primaryimage"},"thumbnailUrl":"https:\/\/www.iquilibrio.com\/blog\/wp-content\/uploads\/2024\/02\/BLOG-Capa-horoscopo-mensal-iQui.jpg","articleSection":["Previs\u00f5es 2024"],"inLanguage":"pt-BR"},{"@type":"WebPage","@id":"https:\/\/www.iquilibrio.com\/blog\/previsoes-2024\/previsoes-para-agosto-pela-consultora-melissa-2\/","url":"https:\/\/www.iquilibrio.com\/blog\/previsoes-2024\/previsoes-para-agosto-pela-consultora-melissa-2\/","name":"Previs\u00f5es para Agosto, pela consultora Melissa - iQuilibrio","isPartOf":{"@id":"https:\/\/www.iquilibrio.com\/blog\/#website"},"primaryImageOfPage":{"@id":"https:\/\/www.iquilibrio.com\/blog\/previsoes-2024\/previsoes-para-agosto-pela-consultora-melissa-2\/#primaryimage"},"image":{"@id":"https:\/\/www.iquilibrio.com\/blog\/previsoes-2024\/previsoes-para-agosto-pela-consultora-melissa-2\/#primaryimage"},"thumbnailUrl":"https:\/\/www.iquilibrio.com\/blog\/wp-content\/uploads\/2024\/02\/BLOG-Capa-horoscopo-mensal-iQui.jpg","datePublished":"2024-07-31T01:39:58+00:00","breadcrumb":{"@id":"https:\/\/www.iquilibrio.com\/blog\/previsoes-2024\/previsoes-para-agosto-pela-consultora-melissa-2\/#breadcrumb"},"inLanguage":"pt-BR","potentialAction":[{"@type":"ReadAction","target":["https:\/\/www.iquilibrio.com\/blog\/previsoes-2024\/previsoes-para-agosto-pela-consultora-melissa-2\/"]}]},{"@type":"ImageObject","inLanguage":"pt-BR","@id":"https:\/\/www.iquilibrio.com\/blog\/previsoes-2024\/previsoes-para-agosto-pela-consultora-melissa-2\/#primaryimage","url":"https:\/\/www.iquilibrio.com\/blog\/wp-content\/uploads\/2024\/02\/BLOG-Capa-horoscopo-mensal-iQui.jpg","contentUrl":"https:\/\/www.iquilibrio.com\/blog\/wp-content\/uploads\/2024\/02\/BLOG-Capa-horoscopo-mensal-iQui.jpg","width":900,"height":560,"caption":"Previs\u00e3o mensal"},{"@type":"BreadcrumbList","@id":"https:\/\/www.iquilibrio.com\/blog\/previsoes-2024\/previsoes-para-agosto-pela-consultora-melissa-2\/#breadcrumb","itemListElement":[{"@type":"ListItem","position":1,"name":"In\u00edcio","item":"https:\/\/www.iquilibrio.com\/blog\/"},{"@type":"ListItem","position":2,"name":"Previs\u00f5es para Agosto, pela consultora Melissa"}]},{"@type":"WebSite","@id":"https:\/\/www.iquilibrio.com\/blog\/#website","url":"https:\/\/www.iquilibrio.com\/blog\/","name":"iQuilibrio","description":"Blog iQuilibrio","publisher":{"@id":"https:\/\/www.iquilibrio.com\/blog\/#organization"},"potentialAction":[{"@type":"SearchAction","target":{"@type":"EntryPoint","urlTemplate":"https:\/\/www.iquilibrio.com\/blog\/?s={search_term_string}"},"query-input":{"@type":"PropertyValueSpecification","valueRequired":true,"valueName":"search_term_string"}}],"inLanguage":"pt-BR"},{"@type":"Organization","@id":"https:\/\/www.iquilibrio.com\/blog\/#organization","name":"Esoterismo, Misticismo e Tarot Online - iQuilibrio","url":"https:\/\/www.iquilibrio.com\/blog\/","logo":{"@type":"ImageObject","inLanguage":"pt-BR","@id":"https:\/\/www.iquilibrio.com\/blog\/#\/schema\/logo\/image\/","url":"https:\/\/www.iquilibrio.com\/blog\/wp-content\/uploads\/2018\/12\/iquilibrio_lovo_vetor_preto-retina.png","contentUrl":"https:\/\/www.iquilibrio.com\/blog\/wp-content\/uploads\/2018\/12\/iquilibrio_lovo_vetor_preto-retina.png","width":972,"height":180,"caption":"Esoterismo, Misticismo e Tarot Online - iQuilibrio"},"image":{"@id":"https:\/\/www.iquilibrio.com\/blog\/#\/schema\/logo\/image\/"},"sameAs":["https:\/\/www.facebook.com\/iQuilibrio\/","https:\/\/x.com\/iquilibrio","https:\/\/www.instagram.com\/iquilibrio\/","https:\/\/www.linkedin.com\/company\/iquilibrio\/","https:\/\/br.pinterest.com\/iquilibrio1397\/","https:\/\/www.youtube.com\/channel\/UC175qxd-4Zsi4wzawT5zF2g"]},{"@type":"Person","@id":"https:\/\/www.iquilibrio.com\/blog\/#\/schema\/person\/21ae990723c2e5a1170c9a06dacb4d3d","name":"Arthur Peroni","image":{"@type":"ImageObject","inLanguage":"pt-BR","@id":"https:\/\/www.iquilibrio.com\/blog\/wp-content\/uploads\/2023\/04\/Arthur-Peroni-150x150.jpg","url":"https:\/\/www.iquilibrio.com\/blog\/wp-content\/uploads\/2023\/04\/Arthur-Peroni-150x150.jpg","contentUrl":"https:\/\/www.iquilibrio.com\/blog\/wp-content\/uploads\/2023\/04\/Arthur-Peroni-150x150.jpg","caption":"Arthur Peroni"},"description":"Arthur Peroni escreve sobre a vida, o universo e tudo mais. Amante da literatura m\u00edstica, e fic\u00e7\u00e3o, descobriu sua carreira de redator gra\u00e7as ao h\u00e1bito de leitura constante sobre fantasia e drama. Nas horas vagas, gosta de cozinhar, ler e ver filmes antigos. J\u00e1 trabalhou com, comunica\u00e7\u00e3o social, massoterapia, terapias hol\u00edsticas e design de interiores. Atualmente trabalha como redator SEO e se entusiasma com tudo o que \u00e9 esot\u00e9rico. Gosta de discutir sobre assuntos complexos e instigantes, e v\u00ea na escrita uma oportunidade de aprender e criar todos os dias, mentalmente e espiritualmente.","url":"https:\/\/www.iquilibrio.com\/blog\/author\/raul-vinicius\/"}]}},"_links":{"self":[{"href":"https:\/\/www.iquilibrio.com\/blog\/wp-json\/wp\/v2\/posts\/40889","targetHints":{"allow":["GET"]}}],"collection":[{"href":"https:\/\/www.iquilibrio.com\/blog\/wp-json\/wp\/v2\/posts"}],"about":[{"href":"https:\/\/www.iquilibrio.com\/blog\/wp-json\/wp\/v2\/types\/post"}],"author":[{"embeddable":true,"href":"https:\/\/www.iquilibrio.com\/blog\/wp-json\/wp\/v2\/users\/158"}],"replies":[{"embeddable":true,"href":"https:\/\/www.iquilibrio.com\/blog\/wp-json\/wp\/v2\/comments?post=40889"}],"version-history":[{"count":1,"href":"https:\/\/www.iquilibrio.com\/blog\/wp-json\/wp\/v2\/posts\/40889\/revisions"}],"predecessor-version":[{"id":40890,"href":"https:\/\/www.iquilibrio.com\/blog\/wp-json\/wp\/v2\/posts\/40889\/revisions\/40890"}],"wp:featuredmedia":[{"embeddable":true,"href":"https:\/\/www.iquilibrio.com\/blog\/wp-json\/wp\/v2\/media\/40170"}],"wp:attachment":[{"href":"https:\/\/www.iquilibrio.com\/blog\/wp-json\/wp\/v2\/media?parent=40889"}],"wp:term":[{"taxonomy":"category","embeddable":true,"href":"https:\/\/www.iquilibrio.com\/blog\/wp-json\/wp\/v2\/categories?post=40889"},{"taxonomy":"post_tag","embeddable":true,"href":"https:\/\/www.iquilibrio.com\/blog\/wp-json\/wp\/v2\/tags?post=40889"}],"curies":[{"name":"wp","href":"https:\/\/api.w.org\/{rel}","templated":true}]}}