{"id":40776,"date":"2024-06-27T13:38:21","date_gmt":"2024-06-27T16:38:21","guid":{"rendered":"https:\/\/www.iquilibrio.com\/blog\/?p=40776"},"modified":"2024-06-27T13:38:21","modified_gmt":"2024-06-27T16:38:21","slug":"previsoes-para-julho-pela-consultora-melissa","status":"publish","type":"post","link":"https:\/\/www.iquilibrio.com\/blog\/previsoes-2024\/previsoes-para-julho-pela-consultora-melissa\/","title":{"rendered":"Previs\u00f5es para Julho, pela consultora Melissa"},"content":{"rendered":"<p><span style=\"font-weight: 400;\">No universo m\u00edstico do tar\u00f4, julho chega como um per\u00edodo de profunda reflex\u00e3o e crescimento espiritual. \u00c0 medida que nos conectamos com as cartas, elas revelam um cen\u00e1rio vibrante de energias e influ\u00eancias que moldar\u00e3o nossas vidas neste m\u00eas.<\/span><\/p>\n<p><span style=\"font-weight: 400;\">Julho n\u00e3o \u00e9 apenas um momento de previs\u00e3o, mas tamb\u00e9m de prepara\u00e7\u00e3o e entendimento interior e as cartas nos convidam a explorar novos caminhos, enfrentar desafios com sabedoria e abra\u00e7ar as oportunidades que surgirem. Cada carta carrega consigo um simbolismo \u00fanico, oferecendo informa\u00e7\u00f5es valiosas para orientar nossas escolhas e decis\u00f5es ao longo deste ciclo.<\/span><\/p>\n<p><span style=\"font-weight: 400;\">O m\u00eas de julho ser\u00e1 um per\u00edodo de mudan\u00e7as e transforma\u00e7\u00f5es, onde eventos significativos poder\u00e3o surgir, trazendo tanto oportunidades quanto desafios. Haver\u00e1 o encerramento de uma fase dif\u00edcil, juntamente com a necessidade de recupera\u00e7\u00e3o e reflex\u00e3o, marcando um momento de aceita\u00e7\u00e3o e prepara\u00e7\u00e3o para novos come\u00e7os. Ser\u00e1 um per\u00edodo emocionalmente intenso, mas necess\u00e1rio para o crescimento pessoal.<\/span><\/p>\n<p><span style=\"font-weight: 400;\">Tamb\u00e9m \u00e9 um momento de realiza\u00e7\u00e3o e progresso, com a conclus\u00e3o de um ciclo importante, proporcionando uma sensa\u00e7\u00e3o de plenitude e conquista. A abordagem pr\u00e1tica e diligente ser\u00e1 fundamental, portanto, aproveite para colher os frutos do seu trabalho \u00e1rduo e planejar cuidadosamente os pr\u00f3ximos passos.<\/span><\/p>\n<p><span style=\"font-weight: 400;\">Al\u00e9m disso, voc\u00ea pode sentir incertezas e ilus\u00f5es relacionadas a aspectos subconscientes, com momentos de confus\u00e3o que exigir\u00e3o confian\u00e7a na sua intui\u00e7\u00e3o. Ser\u00e1 necess\u00e1rio equilibrar m\u00faltiplas responsabilidades e manter a flexibilidade diante das situa\u00e7\u00f5es, adaptando-se e lidando com as emo\u00e7\u00f5es de maneira equilibrada.<\/span><\/p>\n<p><span style=\"font-weight: 400;\">Portanto, julho ser\u00e1 um m\u00eas de significativas mudan\u00e7as e transforma\u00e7\u00f5es, com o encerramento de ciclos dif\u00edceis e a prepara\u00e7\u00e3o para novos come\u00e7os. Voc\u00ea poder\u00e1 alcan\u00e7ar uma sensa\u00e7\u00e3o de realiza\u00e7\u00e3o e progresso pr\u00e1tico em suas metas. No entanto, \u00e9 essencial equilibrar emo\u00e7\u00f5es e responsabilidades, confiando na sua intui\u00e7\u00e3o para lidar com as incertezas. Este \u00e9 um m\u00eas de adapta\u00e7\u00e3o, planejamento cuidadoso e colheita dos resultados dos seus esfor\u00e7os.<\/span><\/p>\n<hr \/>\n<figure id=\"attachment_39433\" aria-describedby=\"caption-attachment-39433\" style=\"width: 900px\" class=\"wp-caption alignnone\"><img loading=\"lazy\" decoding=\"async\" class=\"size-full wp-image-39433\" src=\"https:\/\/www.iquilibrio.com\/blog\/wp-content\/uploads\/2023\/08\/Signos-no-amor.jpg\" alt=\"\" width=\"900\" height=\"560\" srcset=\"https:\/\/www.iquilibrio.com\/blog\/wp-content\/uploads\/2023\/08\/Signos-no-amor.jpg 900w, https:\/\/www.iquilibrio.com\/blog\/wp-content\/uploads\/2023\/08\/Signos-no-amor-300x187.jpg 300w, https:\/\/www.iquilibrio.com\/blog\/wp-content\/uploads\/2023\/08\/Signos-no-amor-768x478.jpg 768w, https:\/\/www.iquilibrio.com\/blog\/wp-content\/uploads\/2023\/08\/Signos-no-amor-696x433.jpg 696w, https:\/\/www.iquilibrio.com\/blog\/wp-content\/uploads\/2023\/08\/Signos-no-amor-675x420.jpg 675w\" sizes=\"auto, (max-width: 900px) 100vw, 900px\" \/><figcaption id=\"caption-attachment-39433\" class=\"wp-caption-text\">Signos no amor<\/figcaption><\/figure>\n<p><b>PREVIS\u00d5ES PARA O AMOR EM JULHO\/2024:<\/b><\/p>\n<p><span style=\"font-weight: 400;\">Para o campo amoroso em julho, a energia \u00e9 de cria\u00e7\u00e3o e reflex\u00e3o. Este \u00e9 um excelente momento para manifestar seus desejos; voc\u00ea possui todas as ferramentas necess\u00e1rias para moldar a realidade que deseja em seus relacionamentos. No entanto, \u00e9 crucial ter paci\u00eancia e avaliar as situa\u00e7\u00f5es, observando os frutos de seus esfor\u00e7os e considerando se est\u00e1 no caminho certo.<\/span><\/p>\n<p><span style=\"font-weight: 400;\">Para os casais, este \u00e9 um momento ideal para renovar e revitalizar a rela\u00e7\u00e3o. Novos come\u00e7os e a capacidade de transformar a din\u00e2mica do relacionamento est\u00e3o em destaque. Se h\u00e1 quest\u00f5es pendentes, agora \u00e9 a hora de abord\u00e1-las com paci\u00eancia e cuidado, avaliando os progressos e fazendo os ajustes necess\u00e1rios para o futuro do relacionamento. Invista tempo e esfor\u00e7o na constru\u00e7\u00e3o de uma base s\u00f3lida.<\/span><\/p>\n<p><span style=\"font-weight: 400;\">Para os solteiros, esta fase \u00e9 poderosa para atrair novas oportunidades. Seja proativo e use suas habilidades de comunica\u00e7\u00e3o e charme para conhecer novas pessoas. Embora muitas possibilidades surjam, \u00e9 importante ser paciente e n\u00e3o se apressar. Avalie cuidadosamente as op\u00e7\u00f5es e invista tempo para conhecer bem as pessoas antes de tomar decis\u00f5es importantes. A reflex\u00e3o e a paci\u00eancia ser\u00e3o essenciais para encontrar um relacionamento que realmente valha a pena.<\/span><\/p>\n<hr \/>\n<p><img loading=\"lazy\" decoding=\"async\" class=\"alignnone size-full wp-image-14451\" src=\"https:\/\/www.iquilibrio.com\/blog\/wp-content\/uploads\/2018\/02\/celular-no-trabalho.jpg\" alt=\"\" width=\"900\" height=\"560\" \/><\/p>\n<p><b>PREVIS\u00d5ES PARA O TRABALHO E FINAN\u00c7AS:<\/b><\/p>\n<p><span style=\"font-weight: 400;\">Para o campo profissional em junho, espera-se um per\u00edodo de desafios e reavalia\u00e7\u00e3o. \u00c9 um momento prop\u00edcio para fazer uma pausa e refletir, talvez at\u00e9 mudar sua perspectiva e adotar uma abordagem mais paciente. Poss\u00edveis decep\u00e7\u00f5es ou dificuldades podem surgir, exigindo resili\u00eancia e capacidade de superar adversidades.<\/span><\/p>\n<p><span style=\"font-weight: 400;\">Voc\u00ea poder\u00e1 enfrentar obst\u00e1culos ou contratempos que demandam uma nova maneira de pensar. Este \u00e9 o momento de observar a situa\u00e7\u00e3o de diferentes \u00e2ngulos e encontrar solu\u00e7\u00f5es inovadoras. A frustra\u00e7\u00e3o pode estar presente, mas \u00e9 importante lembrar que este per\u00edodo de espera ou sacrif\u00edcio pode levar a uma compreens\u00e3o mais profunda e a uma eventual transforma\u00e7\u00e3o positiva.<\/span><\/p>\n<p><span style=\"font-weight: 400;\">Se voc\u00ea sentir uma sensa\u00e7\u00e3o de estagna\u00e7\u00e3o ou insatisfa\u00e7\u00e3o com sua posi\u00e7\u00e3o atual, pode ser um bom momento para reavaliar suas metas e considerar se est\u00e1 no caminho certo. Conflitos no trabalho, desentendimentos com colegas ou superiores, ou at\u00e9 desapontamentos em rela\u00e7\u00e3o a promo\u00e7\u00f5es ou projetos podem ocorrer. Nessas horas, \u00e9 crucial manter a calma e buscar entender as li\u00e7\u00f5es que essas experi\u00eancias dif\u00edceis podem trazer. Use este tempo para refletir sobre suas verdadeiras aspira\u00e7\u00f5es e como voc\u00ea pode alinhar melhor sua carreira com seus valores pessoais.<\/span><\/p>\n<p><span style=\"font-weight: 400;\">Para os desempregados, a busca por emprego pode ser particularmente desafiadora neste m\u00eas. O processo pode demorar mais do que o esperado, exigindo paci\u00eancia e uma abordagem diferente. Poss\u00edveis rejei\u00e7\u00f5es ou decep\u00e7\u00f5es podem surgir, por isso \u00e9 importante n\u00e3o desanimar. Este \u00e9 um momento para aprender com as dificuldades e se fortalecer. Aproveite esse per\u00edodo para aprimorar suas habilidades, revisar suas estrat\u00e9gias e estar aberto a oportunidades que possam parecer menos convencionais.<\/span><\/p>\n<hr \/>\n<p><img loading=\"lazy\" decoding=\"async\" class=\"size-full wp-image-38453\" src=\"https:\/\/www.iquilibrio.com\/blog\/wp-content\/uploads\/2023\/02\/Dia-internacional-da-Saude-da-Mulher.jpg\" alt=\"Dia Internacional da Sa\u00fade da Mulher\" width=\"900\" height=\"560\" srcset=\"https:\/\/www.iquilibrio.com\/blog\/wp-content\/uploads\/2023\/02\/Dia-internacional-da-Saude-da-Mulher.jpg 900w, https:\/\/www.iquilibrio.com\/blog\/wp-content\/uploads\/2023\/02\/Dia-internacional-da-Saude-da-Mulher-300x187.jpg 300w, https:\/\/www.iquilibrio.com\/blog\/wp-content\/uploads\/2023\/02\/Dia-internacional-da-Saude-da-Mulher-768x478.jpg 768w, https:\/\/www.iquilibrio.com\/blog\/wp-content\/uploads\/2023\/02\/Dia-internacional-da-Saude-da-Mulher-696x433.jpg 696w, https:\/\/www.iquilibrio.com\/blog\/wp-content\/uploads\/2023\/02\/Dia-internacional-da-Saude-da-Mulher-675x420.jpg 675w\" sizes=\"auto, (max-width: 900px) 100vw, 900px\" \/><\/p>\n<p><b>PREVIS\u00d5ES PARA A SA\u00daDE EM JULHO\/2024:<\/b><\/p>\n<p><span style=\"font-weight: 400;\">Para a sa\u00fade no m\u00eas de junho, temos um per\u00edodo de busca por equil\u00edbrio e discernimento. De modo geral, \u00e9 essencial harmonizar corpo e mente, destacando a import\u00e2ncia de fazer escolhas saud\u00e1veis e conscientes. Este \u00e9 um momento prop\u00edcio para avaliar suas rotinas e h\u00e1bitos, buscando um estilo de vida que promova bem-estar e equil\u00edbrio. A \u00eanfase est\u00e1 em tomar decis\u00f5es racionais e informadas, com clareza mental e a capacidade de analisar situa\u00e7\u00f5es objetivamente, sugerindo que voc\u00ea deve abordar quest\u00f5es de sa\u00fade com um pensamento cr\u00edtico e racional.<\/span><\/p>\n<p>&nbsp;<\/p>\n<p><span style=\"font-weight: 400;\">Manter a sa\u00fade exigir\u00e1 um compromisso consciente com escolhas de vida equilibradas e bem-informadas. Este pode ser um bom momento para estabelecer rotinas que promovam o bem-estar f\u00edsico e mental, como uma dieta equilibrada, exerc\u00edcios regulares e pr\u00e1ticas de relaxamento. Baseie suas decis\u00f5es de sa\u00fade em informa\u00e7\u00f5es confi\u00e1veis e em consultas profissionais, evitando suposi\u00e7\u00f5es ou tratamentos sem fundamento.<\/span><\/p>\n<p><span style=\"font-weight: 400;\">Para aqueles que est\u00e3o em tratamento, \u00e9 crucial seguir um plano que considere tanto aspectos f\u00edsicos quanto emocionais, buscando um equil\u00edbrio. Siga rigorosamente as orienta\u00e7\u00f5es m\u00e9dicas e esteja atento aos detalhes importantes. Pode surgir a necessidade de obter uma segunda opini\u00e3o ou buscar informa\u00e7\u00f5es adicionais para garantir que voc\u00ea est\u00e1 recebendo o melhor cuidado poss\u00edvel.<\/span><\/p>\n<p><span style=\"font-weight: 400;\">Ser\u00e1 vital olhar para a sa\u00fade de forma integrada, mas preste aten\u00e7\u00e3o especial em \u00e1reas relacionadas ao sistema respirat\u00f3rio, como pulm\u00f5es e garganta, ou ao sistema nervoso central, que podem necessitar de cuidados especiais. \u00c9 aconselh\u00e1vel estar atento a qualquer sintoma ou desconforto nessas \u00e1reas e procurar orienta\u00e7\u00e3o m\u00e9dica apropriada.<\/span><\/p>\n<hr \/>\n<p><img loading=\"lazy\" decoding=\"async\" class=\"alignnone size-full wp-image-11095\" src=\"https:\/\/www.iquilibrio.com\/blog\/wp-content\/uploads\/2017\/11\/espiritualidade-a-distancia.jpg\" alt=\"\" width=\"900\" height=\"560\" srcset=\"https:\/\/www.iquilibrio.com\/blog\/wp-content\/uploads\/2017\/11\/espiritualidade-a-distancia.jpg 900w, https:\/\/www.iquilibrio.com\/blog\/wp-content\/uploads\/2017\/11\/espiritualidade-a-distancia-300x187.jpg 300w, https:\/\/www.iquilibrio.com\/blog\/wp-content\/uploads\/2017\/11\/espiritualidade-a-distancia-768x478.jpg 768w\" sizes=\"auto, (max-width: 900px) 100vw, 900px\" \/><\/p>\n<p><b>ESPIRITUALIDADE EM JULHO:<\/b><\/p>\n<p><span style=\"font-weight: 400;\">Para o campo espiritual no m\u00eas de junho, temos uma mensagem poderosa de renova\u00e7\u00e3o e lideran\u00e7a. Este \u00e9 um momento para reflex\u00e3o, avalia\u00e7\u00e3o e renova\u00e7\u00e3o, onde voc\u00ea est\u00e1 em um ponto de virada e suas a\u00e7\u00f5es passadas est\u00e3o sendo julgadas, voc\u00ea tem a chance de aprender com elas, avan\u00e7ando com um novo entendimento.<\/span><\/p>\n<p><span style=\"font-weight: 400;\">Este per\u00edodo marca um despertar espiritual e a necessidade de abandonar qualquer peso ou arrependimento do passado para seguir em frente com uma consci\u00eancia mais elevada. \u00c9 um momento de purifica\u00e7\u00e3o e busca pela verdade interior, preparando-se para um novo ciclo de crescimento.\u00a0<\/span><\/p>\n<p><span style=\"font-weight: 400;\">Sua energia de lideran\u00e7a, coragem e vis\u00e3o representa algu\u00e9m assertivo, inspirador e capaz de guiar os outros com sabedoria e entusiasmo. Voc\u00ea assumir\u00e1 um papel ativo e assertivo em sua jornada e pode se sentir mais confiante e motivado para explorar novos caminhos. Este pode ser um per\u00edodo em que voc\u00ea liderar\u00e1 grupos ou compartilhar\u00e1 sua vis\u00e3o e conhecimento com os outros.<\/span><\/p>\n<p><span style=\"font-weight: 400;\">Portanto, junho ser\u00e1 um m\u00eas de grande progresso, onde voc\u00ea ser\u00e1 chamado a refletir sobre seu caminho, aprender com suas experi\u00eancias e liderar com confian\u00e7a e paix\u00e3o. Voc\u00ea ter\u00e1 a oportunidade de influenciar positivamente aqueles ao seu redor com sua sabedoria e lideran\u00e7a. Seu entusiasmo e vis\u00e3o inspirar\u00e3o os outros a seguirem seus pr\u00f3prios caminhos com mais confian\u00e7a e convic\u00e7\u00e3o.<\/span><\/p>\n<hr \/>\n<p><b>Conselho para este m\u00eas!<\/b><\/p>\n<p><span style=\"font-weight: 400;\">Para o m\u00eas de julho, o foco est\u00e1 no equil\u00edbrio, na paci\u00eancia e na modera\u00e7\u00e3o, enfatizando a import\u00e2ncia de encontrar harmonia tanto internamente quanto externamente. \u00c9 um momento para evitar extremos e adotar uma abordagem tranquila diante dos desafios que surgirem.<\/span><\/p>\n<p><span style=\"font-weight: 400;\">Este per\u00edodo requer esfor\u00e7o cont\u00ednuo e dedica\u00e7\u00e3o para o aprimoramento pessoal e profissional, dedicando-se com disciplina e persist\u00eancia \u00e0s metas e projetos estabelecidos. \u00c9 uma oportunidade favor\u00e1vel para investir no autoconhecimento, cuidar da sa\u00fade f\u00edsica e emocional, e buscar a excel\u00eancia em todas as \u00e1reas de atua\u00e7\u00e3o.<\/span><\/p>\n<p><span style=\"font-weight: 400;\">Julho tamb\u00e9m \u00e9 prop\u00edcio para nutrir relacionamentos harmoniosos, promovendo compreens\u00e3o e paci\u00eancia nas intera\u00e7\u00f5es pessoais. Al\u00e9m disso, \u00e9 um momento oportuno para o planejamento financeiro, visando estabilidade e crescimento a longo prazo. Portanto, neste m\u00eas, aproveite para buscar equil\u00edbrio interior, concentrar-se no desenvolvimento pessoal e profissional, cultivar relacionamentos com serenidade e gerenciar suas finan\u00e7as de maneira estrat\u00e9gica.<\/span><\/p>\n<p><span style=\"font-weight: 400;\">Essas pr\u00e1ticas contribuir\u00e3o para construir bases s\u00f3lidas para seu bem-estar geral e para alcan\u00e7ar seus objetivos de vida.<\/span><\/p>\n<p><span style=\"font-weight: 400;\">\u00c0 medida que conclu\u00edmos essas previs\u00f5es, fica claro que este m\u00eas promete ser um per\u00edodo de transforma\u00e7\u00e3o e crescimento pessoal.<\/span><\/p>\n<p><span style=\"font-weight: 400;\">As cartas nos lembram da import\u00e2ncia de buscar equil\u00edbrio, paci\u00eancia e modera\u00e7\u00e3o em todas as \u00e1reas da vida. Elas nos encorajam a refletir profundamente sobre nossas escolhas, a\u00e7\u00f5es e relacionamentos, aproveitando as oportunidades para evoluir espiritualmente. Que este conhecimento nos guie com clareza e sabedoria, nos ajudando a trilhar um caminho de harmonia e realiza\u00e7\u00e3o.<\/span><\/p>\n<p><span style=\"font-weight: 400;\">Que as b\u00ean\u00e7\u00e3os do tar\u00f4 nos acompanhem ao longo de julho, proporcionando luz e orienta\u00e7\u00e3o em cada passo que dermos.<\/span><\/p>\n\n\n<div class=\"kk-star-ratings kksr-auto kksr-align-left kksr-valign-bottom\"\n    data-payload='{&quot;align&quot;:&quot;left&quot;,&quot;id&quot;:&quot;40776&quot;,&quot;slug&quot;:&quot;default&quot;,&quot;valign&quot;:&quot;bottom&quot;,&quot;ignore&quot;:&quot;&quot;,&quot;reference&quot;:&quot;auto&quot;,&quot;class&quot;:&quot;&quot;,&quot;count&quot;:&quot;0&quot;,&quot;legendonly&quot;:&quot;&quot;,&quot;readonly&quot;:&quot;&quot;,&quot;score&quot;:&quot;0&quot;,&quot;starsonly&quot;:&quot;&quot;,&quot;best&quot;:&quot;5&quot;,&quot;gap&quot;:&quot;5&quot;,&quot;greet&quot;:&quot;Rate this post&quot;,&quot;legend&quot;:&quot;0\\\/5 - (0 voto)&quot;,&quot;size&quot;:&quot;24&quot;,&quot;title&quot;:&quot;Previs\u00f5es para Julho, pela consultora Melissa&quot;,&quot;width&quot;:&quot;0&quot;,&quot;_legend&quot;:&quot;{score}\\\/{best} - ({count} {votes})&quot;,&quot;font_factor&quot;:&quot;1.25&quot;}'>\n            \n<div class=\"kksr-stars\">\n    \n<div class=\"kksr-stars-inactive\">\n            <div class=\"kksr-star\" data-star=\"1\" style=\"padding-right: 5px\">\n            \n\n<div class=\"kksr-icon\" style=\"width: 24px; height: 24px;\"><\/div>\n        <\/div>\n            <div class=\"kksr-star\" data-star=\"2\" style=\"padding-right: 5px\">\n            \n\n<div class=\"kksr-icon\" style=\"width: 24px; height: 24px;\"><\/div>\n        <\/div>\n            <div class=\"kksr-star\" data-star=\"3\" style=\"padding-right: 5px\">\n            \n\n<div class=\"kksr-icon\" style=\"width: 24px; height: 24px;\"><\/div>\n        <\/div>\n            <div class=\"kksr-star\" data-star=\"4\" style=\"padding-right: 5px\">\n            \n\n<div class=\"kksr-icon\" style=\"width: 24px; height: 24px;\"><\/div>\n        <\/div>\n            <div class=\"kksr-star\" data-star=\"5\" style=\"padding-right: 5px\">\n            \n\n<div class=\"kksr-icon\" style=\"width: 24px; height: 24px;\"><\/div>\n        <\/div>\n    <\/div>\n    \n<div class=\"kksr-stars-active\" style=\"width: 0px;\">\n            <div class=\"kksr-star\" style=\"padding-right: 5px\">\n            \n\n<div class=\"kksr-icon\" style=\"width: 24px; height: 24px;\"><\/div>\n        <\/div>\n            <div class=\"kksr-star\" style=\"padding-right: 5px\">\n            \n\n<div class=\"kksr-icon\" style=\"width: 24px; height: 24px;\"><\/div>\n        <\/div>\n            <div class=\"kksr-star\" style=\"padding-right: 5px\">\n            \n\n<div class=\"kksr-icon\" style=\"width: 24px; height: 24px;\"><\/div>\n        <\/div>\n            <div class=\"kksr-star\" style=\"padding-right: 5px\">\n            \n\n<div class=\"kksr-icon\" style=\"width: 24px; height: 24px;\"><\/div>\n        <\/div>\n            <div class=\"kksr-star\" style=\"padding-right: 5px\">\n            \n\n<div class=\"kksr-icon\" style=\"width: 24px; height: 24px;\"><\/div>\n        <\/div>\n    <\/div>\n<\/div>\n                \n\n<div class=\"kksr-legend\" style=\"font-size: 19.2px;\">\n            <span class=\"kksr-muted\">Rate this post<\/span>\n    <\/div>\n    <\/div>\n","protected":false},"excerpt":{"rendered":"<p>No universo m\u00edstico do tar\u00f4, julho chega como um per\u00edodo de profunda reflex\u00e3o e crescimento espiritual. \u00c0 medida que nos conectamos com as cartas, elas revelam um cen\u00e1rio vibrante de energias e influ\u00eancias que moldar\u00e3o nossas vidas neste m\u00eas. Julho n\u00e3o \u00e9 apenas um momento de previs\u00e3o, mas tamb\u00e9m de prepara\u00e7\u00e3o e entendimento interior e [&hellip;]<\/p>\n","protected":false},"author":158,"featured_media":40777,"comment_status":"closed","ping_status":"closed","sticky":false,"template":"","format":"standard","meta":{"footnotes":""},"categories":[4892],"tags":[],"class_list":["post-40776","post","type-post","status-publish","format-standard","has-post-thumbnail","hentry","category-previsoes-2024"],"yoast_head":"<!-- This site is optimized with the Yoast SEO plugin v27.4 - https:\/\/yoast.com\/product\/yoast-seo-wordpress\/ -->\n<title>Previs\u00f5es para Julho, pela consultora Melissa - iQuilibrio<\/title>\n<meta name=\"robots\" content=\"index, follow, max-snippet:-1, max-image-preview:large, max-video-preview:-1\" \/>\n<link rel=\"canonical\" href=\"https:\/\/www.iquilibrio.com\/blog\/previsoes-2024\/previsoes-para-julho-pela-consultora-melissa\/\" \/>\n<meta property=\"og:locale\" content=\"pt_BR\" \/>\n<meta property=\"og:type\" content=\"article\" \/>\n<meta property=\"og:title\" content=\"Previs\u00f5es para Julho, pela consultora Melissa - iQuilibrio\" \/>\n<meta property=\"og:description\" content=\"No universo m\u00edstico do tar\u00f4, julho chega como um per\u00edodo de profunda reflex\u00e3o e crescimento espiritual. \u00c0 medida que nos conectamos com as cartas, elas revelam um cen\u00e1rio vibrante de energias e influ\u00eancias que moldar\u00e3o nossas vidas neste m\u00eas. Julho n\u00e3o \u00e9 apenas um momento de previs\u00e3o, mas tamb\u00e9m de prepara\u00e7\u00e3o e entendimento interior e [&hellip;]\" \/>\n<meta property=\"og:url\" content=\"https:\/\/www.iquilibrio.com\/blog\/previsoes-2024\/previsoes-para-julho-pela-consultora-melissa\/\" \/>\n<meta property=\"og:site_name\" content=\"iQuilibrio\" \/>\n<meta property=\"article:publisher\" content=\"https:\/\/www.facebook.com\/iQuilibrio\/\" \/>\n<meta property=\"article:published_time\" content=\"2024-06-27T16:38:21+00:00\" \/>\n<meta property=\"og:image\" content=\"https:\/\/www.iquilibrio.com\/blog\/wp-content\/uploads\/2024\/06\/BLOG-Capa-horoscopo-mensal-iQui.jpg\" \/>\n\t<meta property=\"og:image:width\" content=\"900\" \/>\n\t<meta property=\"og:image:height\" content=\"560\" \/>\n\t<meta property=\"og:image:type\" content=\"image\/jpeg\" \/>\n<meta name=\"author\" content=\"Arthur Peroni\" \/>\n<meta name=\"twitter:card\" content=\"summary_large_image\" \/>\n<meta name=\"twitter:creator\" content=\"@iquilibrio\" \/>\n<meta name=\"twitter:site\" content=\"@iquilibrio\" \/>\n<meta name=\"twitter:label1\" content=\"Escrito por\" \/>\n\t<meta name=\"twitter:data1\" content=\"Arthur Peroni\" \/>\n\t<meta name=\"twitter:label2\" content=\"Est. tempo de leitura\" \/>\n\t<meta name=\"twitter:data2\" content=\"10 minutos\" \/>\n<script type=\"application\/ld+json\" class=\"yoast-schema-graph\">{\"@context\":\"https:\\\/\\\/schema.org\",\"@graph\":[{\"@type\":\"Article\",\"@id\":\"https:\\\/\\\/www.iquilibrio.com\\\/blog\\\/previsoes-2024\\\/previsoes-para-julho-pela-consultora-melissa\\\/#article\",\"isPartOf\":{\"@id\":\"https:\\\/\\\/www.iquilibrio.com\\\/blog\\\/previsoes-2024\\\/previsoes-para-julho-pela-consultora-melissa\\\/\"},\"author\":{\"name\":\"Arthur Peroni\",\"@id\":\"https:\\\/\\\/www.iquilibrio.com\\\/blog\\\/#\\\/schema\\\/person\\\/21ae990723c2e5a1170c9a06dacb4d3d\"},\"headline\":\"Previs\u00f5es para Julho, pela consultora Melissa\",\"datePublished\":\"2024-06-27T16:38:21+00:00\",\"mainEntityOfPage\":{\"@id\":\"https:\\\/\\\/www.iquilibrio.com\\\/blog\\\/previsoes-2024\\\/previsoes-para-julho-pela-consultora-melissa\\\/\"},\"wordCount\":1732,\"publisher\":{\"@id\":\"https:\\\/\\\/www.iquilibrio.com\\\/blog\\\/#organization\"},\"image\":{\"@id\":\"https:\\\/\\\/www.iquilibrio.com\\\/blog\\\/previsoes-2024\\\/previsoes-para-julho-pela-consultora-melissa\\\/#primaryimage\"},\"thumbnailUrl\":\"https:\\\/\\\/www.iquilibrio.com\\\/blog\\\/wp-content\\\/uploads\\\/2024\\\/06\\\/BLOG-Capa-horoscopo-mensal-iQui.jpg\",\"articleSection\":[\"Previs\u00f5es 2024\"],\"inLanguage\":\"pt-BR\"},{\"@type\":\"WebPage\",\"@id\":\"https:\\\/\\\/www.iquilibrio.com\\\/blog\\\/previsoes-2024\\\/previsoes-para-julho-pela-consultora-melissa\\\/\",\"url\":\"https:\\\/\\\/www.iquilibrio.com\\\/blog\\\/previsoes-2024\\\/previsoes-para-julho-pela-consultora-melissa\\\/\",\"name\":\"Previs\u00f5es para Julho, pela consultora Melissa - iQuilibrio\",\"isPartOf\":{\"@id\":\"https:\\\/\\\/www.iquilibrio.com\\\/blog\\\/#website\"},\"primaryImageOfPage\":{\"@id\":\"https:\\\/\\\/www.iquilibrio.com\\\/blog\\\/previsoes-2024\\\/previsoes-para-julho-pela-consultora-melissa\\\/#primaryimage\"},\"image\":{\"@id\":\"https:\\\/\\\/www.iquilibrio.com\\\/blog\\\/previsoes-2024\\\/previsoes-para-julho-pela-consultora-melissa\\\/#primaryimage\"},\"thumbnailUrl\":\"https:\\\/\\\/www.iquilibrio.com\\\/blog\\\/wp-content\\\/uploads\\\/2024\\\/06\\\/BLOG-Capa-horoscopo-mensal-iQui.jpg\",\"datePublished\":\"2024-06-27T16:38:21+00:00\",\"breadcrumb\":{\"@id\":\"https:\\\/\\\/www.iquilibrio.com\\\/blog\\\/previsoes-2024\\\/previsoes-para-julho-pela-consultora-melissa\\\/#breadcrumb\"},\"inLanguage\":\"pt-BR\",\"potentialAction\":[{\"@type\":\"ReadAction\",\"target\":[\"https:\\\/\\\/www.iquilibrio.com\\\/blog\\\/previsoes-2024\\\/previsoes-para-julho-pela-consultora-melissa\\\/\"]}]},{\"@type\":\"ImageObject\",\"inLanguage\":\"pt-BR\",\"@id\":\"https:\\\/\\\/www.iquilibrio.com\\\/blog\\\/previsoes-2024\\\/previsoes-para-julho-pela-consultora-melissa\\\/#primaryimage\",\"url\":\"https:\\\/\\\/www.iquilibrio.com\\\/blog\\\/wp-content\\\/uploads\\\/2024\\\/06\\\/BLOG-Capa-horoscopo-mensal-iQui.jpg\",\"contentUrl\":\"https:\\\/\\\/www.iquilibrio.com\\\/blog\\\/wp-content\\\/uploads\\\/2024\\\/06\\\/BLOG-Capa-horoscopo-mensal-iQui.jpg\",\"width\":900,\"height\":560},{\"@type\":\"BreadcrumbList\",\"@id\":\"https:\\\/\\\/www.iquilibrio.com\\\/blog\\\/previsoes-2024\\\/previsoes-para-julho-pela-consultora-melissa\\\/#breadcrumb\",\"itemListElement\":[{\"@type\":\"ListItem\",\"position\":1,\"name\":\"In\u00edcio\",\"item\":\"https:\\\/\\\/www.iquilibrio.com\\\/blog\\\/\"},{\"@type\":\"ListItem\",\"position\":2,\"name\":\"Previs\u00f5es para Julho, pela consultora Melissa\"}]},{\"@type\":\"WebSite\",\"@id\":\"https:\\\/\\\/www.iquilibrio.com\\\/blog\\\/#website\",\"url\":\"https:\\\/\\\/www.iquilibrio.com\\\/blog\\\/\",\"name\":\"iQuilibrio\",\"description\":\"Blog iQuilibrio\",\"publisher\":{\"@id\":\"https:\\\/\\\/www.iquilibrio.com\\\/blog\\\/#organization\"},\"potentialAction\":[{\"@type\":\"SearchAction\",\"target\":{\"@type\":\"EntryPoint\",\"urlTemplate\":\"https:\\\/\\\/www.iquilibrio.com\\\/blog\\\/?s={search_term_string}\"},\"query-input\":{\"@type\":\"PropertyValueSpecification\",\"valueRequired\":true,\"valueName\":\"search_term_string\"}}],\"inLanguage\":\"pt-BR\"},{\"@type\":\"Organization\",\"@id\":\"https:\\\/\\\/www.iquilibrio.com\\\/blog\\\/#organization\",\"name\":\"Esoterismo, Misticismo e Tarot Online - iQuilibrio\",\"url\":\"https:\\\/\\\/www.iquilibrio.com\\\/blog\\\/\",\"logo\":{\"@type\":\"ImageObject\",\"inLanguage\":\"pt-BR\",\"@id\":\"https:\\\/\\\/www.iquilibrio.com\\\/blog\\\/#\\\/schema\\\/logo\\\/image\\\/\",\"url\":\"https:\\\/\\\/www.iquilibrio.com\\\/blog\\\/wp-content\\\/uploads\\\/2018\\\/12\\\/iquilibrio_lovo_vetor_preto-retina.png\",\"contentUrl\":\"https:\\\/\\\/www.iquilibrio.com\\\/blog\\\/wp-content\\\/uploads\\\/2018\\\/12\\\/iquilibrio_lovo_vetor_preto-retina.png\",\"width\":972,\"height\":180,\"caption\":\"Esoterismo, Misticismo e Tarot Online - iQuilibrio\"},\"image\":{\"@id\":\"https:\\\/\\\/www.iquilibrio.com\\\/blog\\\/#\\\/schema\\\/logo\\\/image\\\/\"},\"sameAs\":[\"https:\\\/\\\/www.facebook.com\\\/iQuilibrio\\\/\",\"https:\\\/\\\/x.com\\\/iquilibrio\",\"https:\\\/\\\/www.instagram.com\\\/iquilibrio\\\/\",\"https:\\\/\\\/www.linkedin.com\\\/company\\\/iquilibrio\\\/\",\"https:\\\/\\\/br.pinterest.com\\\/iquilibrio1397\\\/\",\"https:\\\/\\\/www.youtube.com\\\/channel\\\/UC175qxd-4Zsi4wzawT5zF2g\"]},{\"@type\":\"Person\",\"@id\":\"https:\\\/\\\/www.iquilibrio.com\\\/blog\\\/#\\\/schema\\\/person\\\/21ae990723c2e5a1170c9a06dacb4d3d\",\"name\":\"Arthur Peroni\",\"image\":{\"@type\":\"ImageObject\",\"inLanguage\":\"pt-BR\",\"@id\":\"https:\\\/\\\/www.iquilibrio.com\\\/blog\\\/wp-content\\\/uploads\\\/2023\\\/04\\\/Arthur-Peroni-150x150.jpg\",\"url\":\"https:\\\/\\\/www.iquilibrio.com\\\/blog\\\/wp-content\\\/uploads\\\/2023\\\/04\\\/Arthur-Peroni-150x150.jpg\",\"contentUrl\":\"https:\\\/\\\/www.iquilibrio.com\\\/blog\\\/wp-content\\\/uploads\\\/2023\\\/04\\\/Arthur-Peroni-150x150.jpg\",\"caption\":\"Arthur Peroni\"},\"description\":\"Arthur Peroni escreve sobre a vida, o universo e tudo mais. Amante da literatura m\u00edstica, e fic\u00e7\u00e3o, descobriu sua carreira de redator gra\u00e7as ao h\u00e1bito de leitura constante sobre fantasia e drama. Nas horas vagas, gosta de cozinhar, ler e ver filmes antigos. J\u00e1 trabalhou com, comunica\u00e7\u00e3o social, massoterapia, terapias hol\u00edsticas e design de interiores. Atualmente trabalha como redator SEO e se entusiasma com tudo o que \u00e9 esot\u00e9rico. Gosta de discutir sobre assuntos complexos e instigantes, e v\u00ea na escrita uma oportunidade de aprender e criar todos os dias, mentalmente e espiritualmente.\",\"url\":\"https:\\\/\\\/www.iquilibrio.com\\\/blog\\\/author\\\/raul-vinicius\\\/\"}]}<\/script>\n<!-- \/ Yoast SEO plugin. -->","yoast_head_json":{"title":"Previs\u00f5es para Julho, pela consultora Melissa - iQuilibrio","robots":{"index":"index","follow":"follow","max-snippet":"max-snippet:-1","max-image-preview":"max-image-preview:large","max-video-preview":"max-video-preview:-1"},"canonical":"https:\/\/www.iquilibrio.com\/blog\/previsoes-2024\/previsoes-para-julho-pela-consultora-melissa\/","og_locale":"pt_BR","og_type":"article","og_title":"Previs\u00f5es para Julho, pela consultora Melissa - iQuilibrio","og_description":"No universo m\u00edstico do tar\u00f4, julho chega como um per\u00edodo de profunda reflex\u00e3o e crescimento espiritual. \u00c0 medida que nos conectamos com as cartas, elas revelam um cen\u00e1rio vibrante de energias e influ\u00eancias que moldar\u00e3o nossas vidas neste m\u00eas. Julho n\u00e3o \u00e9 apenas um momento de previs\u00e3o, mas tamb\u00e9m de prepara\u00e7\u00e3o e entendimento interior e [&hellip;]","og_url":"https:\/\/www.iquilibrio.com\/blog\/previsoes-2024\/previsoes-para-julho-pela-consultora-melissa\/","og_site_name":"iQuilibrio","article_publisher":"https:\/\/www.facebook.com\/iQuilibrio\/","article_published_time":"2024-06-27T16:38:21+00:00","og_image":[{"width":900,"height":560,"url":"https:\/\/www.iquilibrio.com\/blog\/wp-content\/uploads\/2024\/06\/BLOG-Capa-horoscopo-mensal-iQui.jpg","type":"image\/jpeg"}],"author":"Arthur Peroni","twitter_card":"summary_large_image","twitter_creator":"@iquilibrio","twitter_site":"@iquilibrio","twitter_misc":{"Escrito por":"Arthur Peroni","Est. tempo de leitura":"10 minutos"},"schema":{"@context":"https:\/\/schema.org","@graph":[{"@type":"Article","@id":"https:\/\/www.iquilibrio.com\/blog\/previsoes-2024\/previsoes-para-julho-pela-consultora-melissa\/#article","isPartOf":{"@id":"https:\/\/www.iquilibrio.com\/blog\/previsoes-2024\/previsoes-para-julho-pela-consultora-melissa\/"},"author":{"name":"Arthur Peroni","@id":"https:\/\/www.iquilibrio.com\/blog\/#\/schema\/person\/21ae990723c2e5a1170c9a06dacb4d3d"},"headline":"Previs\u00f5es para Julho, pela consultora Melissa","datePublished":"2024-06-27T16:38:21+00:00","mainEntityOfPage":{"@id":"https:\/\/www.iquilibrio.com\/blog\/previsoes-2024\/previsoes-para-julho-pela-consultora-melissa\/"},"wordCount":1732,"publisher":{"@id":"https:\/\/www.iquilibrio.com\/blog\/#organization"},"image":{"@id":"https:\/\/www.iquilibrio.com\/blog\/previsoes-2024\/previsoes-para-julho-pela-consultora-melissa\/#primaryimage"},"thumbnailUrl":"https:\/\/www.iquilibrio.com\/blog\/wp-content\/uploads\/2024\/06\/BLOG-Capa-horoscopo-mensal-iQui.jpg","articleSection":["Previs\u00f5es 2024"],"inLanguage":"pt-BR"},{"@type":"WebPage","@id":"https:\/\/www.iquilibrio.com\/blog\/previsoes-2024\/previsoes-para-julho-pela-consultora-melissa\/","url":"https:\/\/www.iquilibrio.com\/blog\/previsoes-2024\/previsoes-para-julho-pela-consultora-melissa\/","name":"Previs\u00f5es para Julho, pela consultora Melissa - iQuilibrio","isPartOf":{"@id":"https:\/\/www.iquilibrio.com\/blog\/#website"},"primaryImageOfPage":{"@id":"https:\/\/www.iquilibrio.com\/blog\/previsoes-2024\/previsoes-para-julho-pela-consultora-melissa\/#primaryimage"},"image":{"@id":"https:\/\/www.iquilibrio.com\/blog\/previsoes-2024\/previsoes-para-julho-pela-consultora-melissa\/#primaryimage"},"thumbnailUrl":"https:\/\/www.iquilibrio.com\/blog\/wp-content\/uploads\/2024\/06\/BLOG-Capa-horoscopo-mensal-iQui.jpg","datePublished":"2024-06-27T16:38:21+00:00","breadcrumb":{"@id":"https:\/\/www.iquilibrio.com\/blog\/previsoes-2024\/previsoes-para-julho-pela-consultora-melissa\/#breadcrumb"},"inLanguage":"pt-BR","potentialAction":[{"@type":"ReadAction","target":["https:\/\/www.iquilibrio.com\/blog\/previsoes-2024\/previsoes-para-julho-pela-consultora-melissa\/"]}]},{"@type":"ImageObject","inLanguage":"pt-BR","@id":"https:\/\/www.iquilibrio.com\/blog\/previsoes-2024\/previsoes-para-julho-pela-consultora-melissa\/#primaryimage","url":"https:\/\/www.iquilibrio.com\/blog\/wp-content\/uploads\/2024\/06\/BLOG-Capa-horoscopo-mensal-iQui.jpg","contentUrl":"https:\/\/www.iquilibrio.com\/blog\/wp-content\/uploads\/2024\/06\/BLOG-Capa-horoscopo-mensal-iQui.jpg","width":900,"height":560},{"@type":"BreadcrumbList","@id":"https:\/\/www.iquilibrio.com\/blog\/previsoes-2024\/previsoes-para-julho-pela-consultora-melissa\/#breadcrumb","itemListElement":[{"@type":"ListItem","position":1,"name":"In\u00edcio","item":"https:\/\/www.iquilibrio.com\/blog\/"},{"@type":"ListItem","position":2,"name":"Previs\u00f5es para Julho, pela consultora Melissa"}]},{"@type":"WebSite","@id":"https:\/\/www.iquilibrio.com\/blog\/#website","url":"https:\/\/www.iquilibrio.com\/blog\/","name":"iQuilibrio","description":"Blog iQuilibrio","publisher":{"@id":"https:\/\/www.iquilibrio.com\/blog\/#organization"},"potentialAction":[{"@type":"SearchAction","target":{"@type":"EntryPoint","urlTemplate":"https:\/\/www.iquilibrio.com\/blog\/?s={search_term_string}"},"query-input":{"@type":"PropertyValueSpecification","valueRequired":true,"valueName":"search_term_string"}}],"inLanguage":"pt-BR"},{"@type":"Organization","@id":"https:\/\/www.iquilibrio.com\/blog\/#organization","name":"Esoterismo, Misticismo e Tarot Online - iQuilibrio","url":"https:\/\/www.iquilibrio.com\/blog\/","logo":{"@type":"ImageObject","inLanguage":"pt-BR","@id":"https:\/\/www.iquilibrio.com\/blog\/#\/schema\/logo\/image\/","url":"https:\/\/www.iquilibrio.com\/blog\/wp-content\/uploads\/2018\/12\/iquilibrio_lovo_vetor_preto-retina.png","contentUrl":"https:\/\/www.iquilibrio.com\/blog\/wp-content\/uploads\/2018\/12\/iquilibrio_lovo_vetor_preto-retina.png","width":972,"height":180,"caption":"Esoterismo, Misticismo e Tarot Online - iQuilibrio"},"image":{"@id":"https:\/\/www.iquilibrio.com\/blog\/#\/schema\/logo\/image\/"},"sameAs":["https:\/\/www.facebook.com\/iQuilibrio\/","https:\/\/x.com\/iquilibrio","https:\/\/www.instagram.com\/iquilibrio\/","https:\/\/www.linkedin.com\/company\/iquilibrio\/","https:\/\/br.pinterest.com\/iquilibrio1397\/","https:\/\/www.youtube.com\/channel\/UC175qxd-4Zsi4wzawT5zF2g"]},{"@type":"Person","@id":"https:\/\/www.iquilibrio.com\/blog\/#\/schema\/person\/21ae990723c2e5a1170c9a06dacb4d3d","name":"Arthur Peroni","image":{"@type":"ImageObject","inLanguage":"pt-BR","@id":"https:\/\/www.iquilibrio.com\/blog\/wp-content\/uploads\/2023\/04\/Arthur-Peroni-150x150.jpg","url":"https:\/\/www.iquilibrio.com\/blog\/wp-content\/uploads\/2023\/04\/Arthur-Peroni-150x150.jpg","contentUrl":"https:\/\/www.iquilibrio.com\/blog\/wp-content\/uploads\/2023\/04\/Arthur-Peroni-150x150.jpg","caption":"Arthur Peroni"},"description":"Arthur Peroni escreve sobre a vida, o universo e tudo mais. Amante da literatura m\u00edstica, e fic\u00e7\u00e3o, descobriu sua carreira de redator gra\u00e7as ao h\u00e1bito de leitura constante sobre fantasia e drama. Nas horas vagas, gosta de cozinhar, ler e ver filmes antigos. J\u00e1 trabalhou com, comunica\u00e7\u00e3o social, massoterapia, terapias hol\u00edsticas e design de interiores. Atualmente trabalha como redator SEO e se entusiasma com tudo o que \u00e9 esot\u00e9rico. Gosta de discutir sobre assuntos complexos e instigantes, e v\u00ea na escrita uma oportunidade de aprender e criar todos os dias, mentalmente e espiritualmente.","url":"https:\/\/www.iquilibrio.com\/blog\/author\/raul-vinicius\/"}]}},"_links":{"self":[{"href":"https:\/\/www.iquilibrio.com\/blog\/wp-json\/wp\/v2\/posts\/40776","targetHints":{"allow":["GET"]}}],"collection":[{"href":"https:\/\/www.iquilibrio.com\/blog\/wp-json\/wp\/v2\/posts"}],"about":[{"href":"https:\/\/www.iquilibrio.com\/blog\/wp-json\/wp\/v2\/types\/post"}],"author":[{"embeddable":true,"href":"https:\/\/www.iquilibrio.com\/blog\/wp-json\/wp\/v2\/users\/158"}],"replies":[{"embeddable":true,"href":"https:\/\/www.iquilibrio.com\/blog\/wp-json\/wp\/v2\/comments?post=40776"}],"version-history":[{"count":1,"href":"https:\/\/www.iquilibrio.com\/blog\/wp-json\/wp\/v2\/posts\/40776\/revisions"}],"predecessor-version":[{"id":40778,"href":"https:\/\/www.iquilibrio.com\/blog\/wp-json\/wp\/v2\/posts\/40776\/revisions\/40778"}],"wp:featuredmedia":[{"embeddable":true,"href":"https:\/\/www.iquilibrio.com\/blog\/wp-json\/wp\/v2\/media\/40777"}],"wp:attachment":[{"href":"https:\/\/www.iquilibrio.com\/blog\/wp-json\/wp\/v2\/media?parent=40776"}],"wp:term":[{"taxonomy":"category","embeddable":true,"href":"https:\/\/www.iquilibrio.com\/blog\/wp-json\/wp\/v2\/categories?post=40776"},{"taxonomy":"post_tag","embeddable":true,"href":"https:\/\/www.iquilibrio.com\/blog\/wp-json\/wp\/v2\/tags?post=40776"}],"curies":[{"name":"wp","href":"https:\/\/api.w.org\/{rel}","templated":true}]}}