{"id":40757,"date":"2024-07-14T07:00:52","date_gmt":"2024-07-14T10:00:52","guid":{"rendered":"https:\/\/www.iquilibrio.com\/blog\/?p=40757"},"modified":"2024-06-27T11:05:53","modified_gmt":"2024-06-27T14:05:53","slug":"explorando-os-ciclos-lunares-de-21-07-a-26-07","status":"publish","type":"post","link":"https:\/\/www.iquilibrio.com\/blog\/astrologia\/explorando-os-ciclos-lunares-de-21-07-a-26-07\/","title":{"rendered":"Explorando os Ciclos Lunares de 21\/07 a 26\/07"},"content":{"rendered":"<h2><b>A Ilumina\u00e7\u00e3o dos Ciclos em Nossa Jornada<\/b><\/h2>\n<p><span style=\"font-weight: 400;\">Querido(a) Leitor(a) prepare-se para uma semana cheia de energias diversas e transformadoras, guiadas pelos movimentos lunares. Cada fase lunar nos oferece uma oportunidade \u00fanica de crescimento e introspec\u00e7\u00e3o.<\/span><\/p>\n<p><span style=\"font-weight: 400;\">Vamos juntos explorar as influ\u00eancias astrais deste per\u00edodo e descobrir como podemos aproveitar ao m\u00e1ximo cada momento.<\/span><\/p>\n<h3><b>Lua Cheia em Capric\u00f3rnio: 21\/07<\/b><\/h3>\n<p><span style=\"font-weight: 400;\">A semana come\u00e7a com a poderosa Lua Cheia em Capric\u00f3rnio. Este \u00e9 um momento de culmina\u00e7\u00e3o e realiza\u00e7\u00e3o. A energia capricorniana traz foco, determina\u00e7\u00e3o e a chance de ver os frutos do nosso trabalho duro. Use essa energia para finalizar projetos importantes e refletir sobre suas conquistas.<\/span><\/p>\n<h3><b>Lua em Aqu\u00e1rio: 22\/07<\/b><\/h3>\n<p><span style=\"font-weight: 400;\">Quando a Lua passa por Aqu\u00e1rio, somos incentivados a pensar fora da caixa e abra\u00e7ar a inova\u00e7\u00e3o. Esta \u00e9 uma excelente fase para conectar-se com amigos, participar de atividades comunit\u00e1rias e explorar novas ideias.<\/span><\/p>\n<p><span style=\"font-weight: 400;\">Deixe sua mente aberta para o novo e inesperado.<\/span><\/p>\n<h3><b>Lua em Peixes: 23\/07 a 24\/07<\/b><\/h3>\n<p><span style=\"font-weight: 400;\">Com a Lua em Peixes, a energia se torna mais introspectiva e sens\u00edvel. Este \u00e9 um momento para se conectar com sua intui\u00e7\u00e3o, explorar seus sonhos e praticar a compaix\u00e3o.<\/span><\/p>\n<p><span style=\"font-weight: 400;\">Aproveite esta fase para meditar, criar arte ou simplesmente permitir-se sentir profundamente.<\/span><\/p>\n<h3><b>Lua em \u00c1ries: 25\/07 a 26\/07<\/b><\/h3>\n<p><span style=\"font-weight: 400;\">A semana termina com a Lua em \u00c1ries, trazendo uma explos\u00e3o de energia e entusiasmo. Este \u00e9 um momento ideal para iniciar novos projetos, tomar a iniciativa e agir com coragem.<\/span><\/p>\n<p><span style=\"font-weight: 400;\">Deixe sua paix\u00e3o e determina\u00e7\u00e3o guiarem suas a\u00e7\u00f5es.<\/span><\/p>\n<p><span style=\"font-weight: 400;\">Precioso(a) Leitor(a) cada fase lunar desta semana oferece uma oportunidade \u00fanica para crescer, inovar e se renovar.<\/span><\/p>\n<p><span style=\"font-weight: 400;\">Aproveite as energias da Lua Cheia em Capric\u00f3rnio para celebrar suas realiza\u00e7\u00f5es, abra-se para novas ideias com a Lua em Aqu\u00e1rio, mergulhe em suas emo\u00e7\u00f5es com a Lua em Peixes e termine a semana com uma atitude proativa e corajosa com a Lua em \u00c1ries. Estamos juntos nesta jornada c\u00f3smica, explorando cada momento com cora\u00e7\u00e3o e mente abertos.<\/span><\/p>\n<hr \/>\n<h2><b>Lua Cheia em Capric\u00f3rnio&#x1f315;&#x2651;: 21\/07<\/b><\/h2>\n<p><b><i>Energias:<\/i><\/b><span style=\"font-weight: 400;\"> A Lua Cheia em Capric\u00f3rnio \u00e9 um momento de culmina\u00e7\u00e3o e realiza\u00e7\u00e3o. Esta fase nos ajuda a ver os frutos do nosso trabalho \u00e1rduo e nos incentiva a manter o foco nas nossas metas de longo prazo.<\/span><\/p>\n<p><span style=\"font-weight: 400;\">A energia capricorniana \u00e9 pr\u00e1tica, determinada e orientada para resultados.<\/span><\/p>\n<p><b><i>Dicas Semanais:<\/i><\/b><\/p>\n<ul>\n<li style=\"font-weight: 400;\" aria-level=\"1\"><span style=\"font-weight: 400;\">Concentre-se em concluir projetos importantes e refletir sobre suas conquistas.<\/span><\/li>\n<li style=\"font-weight: 400;\" aria-level=\"1\"><span style=\"font-weight: 400;\">Avalie suas metas de longo prazo e fa\u00e7a ajustes necess\u00e1rios para se manter no caminho certo.<\/span><\/li>\n<li style=\"font-weight: 400;\" aria-level=\"1\"><span style=\"font-weight: 400;\">Mantenha uma abordagem disciplinada e estruturada em suas atividades.<\/span><\/li>\n<\/ul>\n<p><b><i>Incenso:<\/i><\/b><span style=\"font-weight: 400;\"> Ol\u00edbano &#8211; para promover a concentra\u00e7\u00e3o e a clareza mental.<\/span><\/p>\n<p><b><i>Ritual:<\/i><\/b><span style=\"font-weight: 400;\"> Escreva uma lista das suas principais conquistas at\u00e9 agora e das metas que deseja alcan\u00e7ar no futuro. Medite sobre elas e visualize-se realizando cada uma com sucesso.<\/span><\/p>\n<p><b><i>Mantra:<\/i><\/b><span style=\"font-weight: 400;\"> &#8220;Eu celebro minhas realiza\u00e7\u00f5es e continuo focado(a) nos meus objetivos de longo prazo.&#8221;<\/span><\/p>\n<hr \/>\n<h2><b>Lua em Aqu\u00e1rio&#x1f315;&#x2652;: 22\/07<\/b><\/h2>\n<p><b><i>Energias:<\/i><\/b> <span style=\"font-weight: 400;\">Com a Lua em Aqu\u00e1rio, a energia se torna mais inovadora e voltada para o coletivo. Este \u00e9 um momento para abra\u00e7ar novas ideias, conectar-se com a comunidade e pensar fora da caixa.<\/span><\/p>\n<p><span style=\"font-weight: 400;\">A energia aquariana \u00e9 idealista, progressista e orientada para a mudan\u00e7a.<\/span><\/p>\n<p><b><i>Dicas Semanais:<\/i><\/b><\/p>\n<ul>\n<li style=\"font-weight: 400;\" aria-level=\"1\"><span style=\"font-weight: 400;\">Participe de atividades comunit\u00e1rias e conecte-se com pessoas que compartilham seus interesses.<\/span><\/li>\n<li style=\"font-weight: 400;\" aria-level=\"1\"><span style=\"font-weight: 400;\">Explore novas ideias e projetos que promovam o bem-estar coletivo.<\/span><\/li>\n<li style=\"font-weight: 400;\" aria-level=\"1\"><span style=\"font-weight: 400;\">Mantenha-se aberto(a) para o novo e inesperado.<\/span><\/li>\n<\/ul>\n<p><b><i>Incenso:<\/i><\/b><span style=\"font-weight: 400;\"> Lavanda &#8211; para promover a calma e a clareza mental.<\/span><\/p>\n<p><b><i>Ritual:<\/i><\/b><span style=\"font-weight: 400;\"> Crie um espa\u00e7o sagrado com elementos que simbolizam inova\u00e7\u00e3o e progresso, como cristais e s\u00edmbolos de avan\u00e7o tecnol\u00f3gico. Medite sobre como voc\u00ea pode contribuir para o bem-estar da sua comunidade.<\/span><\/p>\n<p><b><i>Mantra:<\/i><\/b><span style=\"font-weight: 400;\"> &#8220;Eu estou aberto(a) a novas ideias e contribuir para o bem-estar coletivo.&#8221;<\/span><\/p>\n<hr \/>\n<h2><b>Lua em Peixes&#x1f315;&#x2653;: 23\/07 a 24\/07<\/b><\/h2>\n<p><b><i>Energias:<\/i><\/b><span style=\"font-weight: 400;\"> A Lua em Peixes traz uma energia sens\u00edvel e introspectiva. Esta fase \u00e9 ideal para se conectar com sua intui\u00e7\u00e3o, explorar seus sonhos e praticar a compaix\u00e3o.<\/span><\/p>\n<p><span style=\"font-weight: 400;\">A energia pisciana \u00e9 espiritual, emp\u00e1tica e orientada para a cura.<\/span><\/p>\n<p><b><i>Dicas Semanais:<\/i><\/b><\/p>\n<ul>\n<li style=\"font-weight: 400;\" aria-level=\"1\"><span style=\"font-weight: 400;\">Dedique tempo \u00e0 medita\u00e7\u00e3o e \u00e0 introspec\u00e7\u00e3o para se conectar com sua intui\u00e7\u00e3o.<\/span><\/li>\n<li style=\"font-weight: 400;\" aria-level=\"1\"><span style=\"font-weight: 400;\">Explore atividades criativas, como a arte ou a m\u00fasica, para expressar suas emo\u00e7\u00f5es.<\/span><\/li>\n<li style=\"font-weight: 400;\" aria-level=\"1\"><span style=\"font-weight: 400;\">Pratique a compaix\u00e3o e o cuidado, tanto consigo mesmo(a) quanto com os outros.<\/span><\/li>\n<\/ul>\n<p><b><i>Incenso:<\/i><\/b><span style=\"font-weight: 400;\"> S\u00e1lvia &#8211; para promover a purifica\u00e7\u00e3o e a paz interior.<\/span><\/p>\n<p><b><i>Ritual:<\/i><\/b><span style=\"font-weight: 400;\"> Tome um banho de ervas com lavanda e camomila, visualizando a \u00e1gua purificando suas emo\u00e7\u00f5es e trazendo clareza espiritual.<\/span><\/p>\n<p><b><i>Mantra:<\/i><\/b><span style=\"font-weight: 400;\"> &#8220;Eu me conecto com minha intui\u00e7\u00e3o e permito que a cura emocional ocorra.&#8221;<\/span><\/p>\n<hr \/>\n<h2><b>Lua em \u00c1ries&#x1f315;&#x2648;: 25\/07 a 26\/07<\/b><\/h2>\n<p><b><i>Energias:<\/i><\/b><span style=\"font-weight: 400;\"> A Lua em \u00c1ries traz uma explos\u00e3o de energia e entusiasmo. Esta fase \u00e9 perfeita para iniciar novos projetos, tomar iniciativas e agir com coragem.<\/span><\/p>\n<p><span style=\"font-weight: 400;\">A energia ariana \u00e9 din\u00e2mica, impulsiva e orientada para a a\u00e7\u00e3o.<\/span><\/p>\n<p><b><i>Dicas Semanais:<\/i><\/b><\/p>\n<ul>\n<li style=\"font-weight: 400;\" aria-level=\"1\"><span style=\"font-weight: 400;\">Comece novos projetos ou tome a iniciativa em \u00e1reas que precisam de impulso.<\/span><\/li>\n<li style=\"font-weight: 400;\" aria-level=\"1\"><span style=\"font-weight: 400;\">Mantenha-se ativo(a) e canalize sua energia em atividades produtivas.<\/span><\/li>\n<li style=\"font-weight: 400;\" aria-level=\"1\"><span style=\"font-weight: 400;\">Cultive a coragem e a determina\u00e7\u00e3o para enfrentar desafios.<\/span><\/li>\n<\/ul>\n<p><b><i>Incenso:<\/i><\/b><span style=\"font-weight: 400;\"> Canela &#8211; para promover a motiva\u00e7\u00e3o e a vitalidade.<\/span><\/p>\n<p><b><i>Ritual:<\/i><\/b><span style=\"font-weight: 400;\"> Acenda uma vela vermelha e visualize suas inten\u00e7\u00f5es e projetos sendo energizados e ganhando impulso. Sinta a energia de a\u00e7\u00e3o e coragem fluindo atrav\u00e9s de voc\u00ea.<\/span><\/p>\n<p><b><i>Mantra:<\/i><\/b><span style=\"font-weight: 400;\"> &#8220;Eu abra\u00e7o a energia da a\u00e7\u00e3o e da coragem para iniciar novos projetos.&#8221;<\/span><\/p>\n<p><span style=\"font-weight: 400;\">Amado(a) Leitor(a) estamos juntos nesta jornada c\u00f3smica, explorando cada momento com cora\u00e7\u00e3o e mente abertos.<\/span><\/p>\n<p><span style=\"font-weight: 400;\">Muita luz e prote\u00e7\u00e3o em sua vida!<\/span><\/p>\n<hr \/>\n<p><img loading=\"lazy\" decoding=\"async\" class=\"wp-image-40073 alignleft td-animation-stack-type0-2 td-animation-stack-type0-1\" src=\"https:\/\/www.iquilibrio.com\/blog\/wp-content\/uploads\/2024\/01\/Emylian-Kali-Astrocentro.png\" sizes=\"auto, (max-width: 237px) 100vw, 237px\" srcset=\"https:\/\/www.iquilibrio.com\/blog\/wp-content\/uploads\/2024\/01\/Emylian-Kali-Astrocentro.png 334w, https:\/\/www.iquilibrio.com\/blog\/wp-content\/uploads\/2024\/01\/Emylian-Kali-Astrocentro-296x300.png 296w\" alt=\"\" width=\"237\" height=\"240\" \/>Com mais de uma d\u00e9cada de experi\u00eancia, Emylian Kali se destaca por oferecer um atendimento diferenciado e profundamente pessoal aos seus clientes. Como oraculista profissional e bruxo, Emylian trabalha com diversas formas de energia e espiritualidade, fornecendo orienta\u00e7\u00e3o e aconselhamento em \u00e1reas como relacionamentos, carreira, finan\u00e7as, sa\u00fade e muito mais. A jornada espiritual de Emylian come\u00e7ou na inf\u00e2ncia, aos 5 anos de idade, quando teve seu primeiro contato visual com o mundo espiritual. Desde ent\u00e3o, ele vem aprimorando sua mediunidade e explorando v\u00e1rias \u00e1reas da espiritualidade Como intuitivo, Emylian possui uma sensibilidade agu\u00e7ada para captar as energias e vibra\u00e7\u00f5es dos or\u00e1culos, bem como interpretar suas mensagens. Ele utiliza sua mediunidade para ajudar as pessoas a encontrar respostas e solu\u00e7\u00f5es para seus desafios pessoais.<\/p>\n\n\n<div class=\"kk-star-ratings kksr-auto kksr-align-left kksr-valign-bottom\"\n    data-payload='{&quot;align&quot;:&quot;left&quot;,&quot;id&quot;:&quot;40757&quot;,&quot;slug&quot;:&quot;default&quot;,&quot;valign&quot;:&quot;bottom&quot;,&quot;ignore&quot;:&quot;&quot;,&quot;reference&quot;:&quot;auto&quot;,&quot;class&quot;:&quot;&quot;,&quot;count&quot;:&quot;0&quot;,&quot;legendonly&quot;:&quot;&quot;,&quot;readonly&quot;:&quot;&quot;,&quot;score&quot;:&quot;0&quot;,&quot;starsonly&quot;:&quot;&quot;,&quot;best&quot;:&quot;5&quot;,&quot;gap&quot;:&quot;5&quot;,&quot;greet&quot;:&quot;Rate this post&quot;,&quot;legend&quot;:&quot;0\\\/5 - (0 voto)&quot;,&quot;size&quot;:&quot;24&quot;,&quot;title&quot;:&quot;Explorando os Ciclos Lunares de 21\\\/07 a 26\\\/07&quot;,&quot;width&quot;:&quot;0&quot;,&quot;_legend&quot;:&quot;{score}\\\/{best} - ({count} {votes})&quot;,&quot;font_factor&quot;:&quot;1.25&quot;}'>\n            \n<div class=\"kksr-stars\">\n    \n<div class=\"kksr-stars-inactive\">\n            <div class=\"kksr-star\" data-star=\"1\" style=\"padding-right: 5px\">\n            \n\n<div class=\"kksr-icon\" style=\"width: 24px; height: 24px;\"><\/div>\n        <\/div>\n            <div class=\"kksr-star\" data-star=\"2\" style=\"padding-right: 5px\">\n            \n\n<div class=\"kksr-icon\" style=\"width: 24px; height: 24px;\"><\/div>\n        <\/div>\n            <div class=\"kksr-star\" data-star=\"3\" style=\"padding-right: 5px\">\n            \n\n<div class=\"kksr-icon\" style=\"width: 24px; height: 24px;\"><\/div>\n        <\/div>\n            <div class=\"kksr-star\" data-star=\"4\" style=\"padding-right: 5px\">\n            \n\n<div class=\"kksr-icon\" style=\"width: 24px; height: 24px;\"><\/div>\n        <\/div>\n            <div class=\"kksr-star\" data-star=\"5\" style=\"padding-right: 5px\">\n            \n\n<div class=\"kksr-icon\" style=\"width: 24px; height: 24px;\"><\/div>\n        <\/div>\n    <\/div>\n    \n<div class=\"kksr-stars-active\" style=\"width: 0px;\">\n            <div class=\"kksr-star\" style=\"padding-right: 5px\">\n            \n\n<div class=\"kksr-icon\" style=\"width: 24px; height: 24px;\"><\/div>\n        <\/div>\n            <div class=\"kksr-star\" style=\"padding-right: 5px\">\n            \n\n<div class=\"kksr-icon\" style=\"width: 24px; height: 24px;\"><\/div>\n        <\/div>\n            <div class=\"kksr-star\" style=\"padding-right: 5px\">\n            \n\n<div class=\"kksr-icon\" style=\"width: 24px; height: 24px;\"><\/div>\n        <\/div>\n            <div class=\"kksr-star\" style=\"padding-right: 5px\">\n            \n\n<div class=\"kksr-icon\" style=\"width: 24px; height: 24px;\"><\/div>\n        <\/div>\n            <div class=\"kksr-star\" style=\"padding-right: 5px\">\n            \n\n<div class=\"kksr-icon\" style=\"width: 24px; height: 24px;\"><\/div>\n        <\/div>\n    <\/div>\n<\/div>\n                \n\n<div class=\"kksr-legend\" style=\"font-size: 19.2px;\">\n            <span class=\"kksr-muted\">Rate this post<\/span>\n    <\/div>\n    <\/div>\n","protected":false},"excerpt":{"rendered":"<p>A Ilumina\u00e7\u00e3o dos Ciclos em Nossa Jornada Querido(a) Leitor(a) prepare-se para uma semana cheia de energias diversas e transformadoras, guiadas pelos movimentos lunares. Cada fase lunar nos oferece uma oportunidade \u00fanica de crescimento e introspec\u00e7\u00e3o. Vamos juntos explorar as influ\u00eancias astrais deste per\u00edodo e descobrir como podemos aproveitar ao m\u00e1ximo cada momento. Lua Cheia em [&hellip;]<\/p>\n","protected":false},"author":158,"featured_media":40190,"comment_status":"closed","ping_status":"closed","sticky":false,"template":"","format":"standard","meta":{"footnotes":""},"categories":[517],"tags":[],"class_list":["post-40757","post","type-post","status-publish","format-standard","has-post-thumbnail","hentry","category-astrologia"],"yoast_head":"<!-- This site is optimized with the Yoast SEO plugin v27.4 - https:\/\/yoast.com\/product\/yoast-seo-wordpress\/ -->\n<title>Explorando os Ciclos Lunares de 21\/07 a 26\/07 - iQuilibrio<\/title>\n<meta name=\"robots\" content=\"index, follow, max-snippet:-1, max-image-preview:large, max-video-preview:-1\" \/>\n<link rel=\"canonical\" href=\"https:\/\/www.iquilibrio.com\/blog\/astrologia\/explorando-os-ciclos-lunares-de-21-07-a-26-07\/\" \/>\n<meta property=\"og:locale\" content=\"pt_BR\" \/>\n<meta property=\"og:type\" content=\"article\" \/>\n<meta property=\"og:title\" content=\"Explorando os Ciclos Lunares de 21\/07 a 26\/07 - iQuilibrio\" \/>\n<meta property=\"og:description\" content=\"A Ilumina\u00e7\u00e3o dos Ciclos em Nossa Jornada Querido(a) Leitor(a) prepare-se para uma semana cheia de energias diversas e transformadoras, guiadas pelos movimentos lunares. Cada fase lunar nos oferece uma oportunidade \u00fanica de crescimento e introspec\u00e7\u00e3o. Vamos juntos explorar as influ\u00eancias astrais deste per\u00edodo e descobrir como podemos aproveitar ao m\u00e1ximo cada momento. Lua Cheia em [&hellip;]\" \/>\n<meta property=\"og:url\" content=\"https:\/\/www.iquilibrio.com\/blog\/astrologia\/explorando-os-ciclos-lunares-de-21-07-a-26-07\/\" \/>\n<meta property=\"og:site_name\" content=\"iQuilibrio\" \/>\n<meta property=\"article:publisher\" content=\"https:\/\/www.facebook.com\/iQuilibrio\/\" \/>\n<meta property=\"article:published_time\" content=\"2024-07-14T10:00:52+00:00\" \/>\n<meta property=\"og:image\" content=\"https:\/\/www.iquilibrio.com\/blog\/wp-content\/uploads\/2024\/02\/BLOG-Passagens-lunares-iQui.jpg\" \/>\n\t<meta property=\"og:image:width\" content=\"900\" \/>\n\t<meta property=\"og:image:height\" content=\"560\" \/>\n\t<meta property=\"og:image:type\" content=\"image\/jpeg\" \/>\n<meta name=\"author\" content=\"Arthur Peroni\" \/>\n<meta name=\"twitter:card\" content=\"summary_large_image\" \/>\n<meta name=\"twitter:creator\" content=\"@iquilibrio\" \/>\n<meta name=\"twitter:site\" content=\"@iquilibrio\" \/>\n<meta name=\"twitter:label1\" content=\"Escrito por\" \/>\n\t<meta name=\"twitter:data1\" content=\"Arthur Peroni\" \/>\n\t<meta name=\"twitter:label2\" content=\"Est. tempo de leitura\" \/>\n\t<meta name=\"twitter:data2\" content=\"6 minutos\" \/>\n<script type=\"application\/ld+json\" class=\"yoast-schema-graph\">{\"@context\":\"https:\\\/\\\/schema.org\",\"@graph\":[{\"@type\":\"Article\",\"@id\":\"https:\\\/\\\/www.iquilibrio.com\\\/blog\\\/astrologia\\\/explorando-os-ciclos-lunares-de-21-07-a-26-07\\\/#article\",\"isPartOf\":{\"@id\":\"https:\\\/\\\/www.iquilibrio.com\\\/blog\\\/astrologia\\\/explorando-os-ciclos-lunares-de-21-07-a-26-07\\\/\"},\"author\":{\"name\":\"Arthur Peroni\",\"@id\":\"https:\\\/\\\/www.iquilibrio.com\\\/blog\\\/#\\\/schema\\\/person\\\/21ae990723c2e5a1170c9a06dacb4d3d\"},\"headline\":\"Explorando os Ciclos Lunares de 21\\\/07 a 26\\\/07\",\"datePublished\":\"2024-07-14T10:00:52+00:00\",\"mainEntityOfPage\":{\"@id\":\"https:\\\/\\\/www.iquilibrio.com\\\/blog\\\/astrologia\\\/explorando-os-ciclos-lunares-de-21-07-a-26-07\\\/\"},\"wordCount\":1092,\"publisher\":{\"@id\":\"https:\\\/\\\/www.iquilibrio.com\\\/blog\\\/#organization\"},\"image\":{\"@id\":\"https:\\\/\\\/www.iquilibrio.com\\\/blog\\\/astrologia\\\/explorando-os-ciclos-lunares-de-21-07-a-26-07\\\/#primaryimage\"},\"thumbnailUrl\":\"https:\\\/\\\/www.iquilibrio.com\\\/blog\\\/wp-content\\\/uploads\\\/2024\\\/02\\\/BLOG-Passagens-lunares-iQui.jpg\",\"articleSection\":[\"Astrologia\"],\"inLanguage\":\"pt-BR\"},{\"@type\":\"WebPage\",\"@id\":\"https:\\\/\\\/www.iquilibrio.com\\\/blog\\\/astrologia\\\/explorando-os-ciclos-lunares-de-21-07-a-26-07\\\/\",\"url\":\"https:\\\/\\\/www.iquilibrio.com\\\/blog\\\/astrologia\\\/explorando-os-ciclos-lunares-de-21-07-a-26-07\\\/\",\"name\":\"Explorando os Ciclos Lunares de 21\\\/07 a 26\\\/07 - iQuilibrio\",\"isPartOf\":{\"@id\":\"https:\\\/\\\/www.iquilibrio.com\\\/blog\\\/#website\"},\"primaryImageOfPage\":{\"@id\":\"https:\\\/\\\/www.iquilibrio.com\\\/blog\\\/astrologia\\\/explorando-os-ciclos-lunares-de-21-07-a-26-07\\\/#primaryimage\"},\"image\":{\"@id\":\"https:\\\/\\\/www.iquilibrio.com\\\/blog\\\/astrologia\\\/explorando-os-ciclos-lunares-de-21-07-a-26-07\\\/#primaryimage\"},\"thumbnailUrl\":\"https:\\\/\\\/www.iquilibrio.com\\\/blog\\\/wp-content\\\/uploads\\\/2024\\\/02\\\/BLOG-Passagens-lunares-iQui.jpg\",\"datePublished\":\"2024-07-14T10:00:52+00:00\",\"breadcrumb\":{\"@id\":\"https:\\\/\\\/www.iquilibrio.com\\\/blog\\\/astrologia\\\/explorando-os-ciclos-lunares-de-21-07-a-26-07\\\/#breadcrumb\"},\"inLanguage\":\"pt-BR\",\"potentialAction\":[{\"@type\":\"ReadAction\",\"target\":[\"https:\\\/\\\/www.iquilibrio.com\\\/blog\\\/astrologia\\\/explorando-os-ciclos-lunares-de-21-07-a-26-07\\\/\"]}]},{\"@type\":\"ImageObject\",\"inLanguage\":\"pt-BR\",\"@id\":\"https:\\\/\\\/www.iquilibrio.com\\\/blog\\\/astrologia\\\/explorando-os-ciclos-lunares-de-21-07-a-26-07\\\/#primaryimage\",\"url\":\"https:\\\/\\\/www.iquilibrio.com\\\/blog\\\/wp-content\\\/uploads\\\/2024\\\/02\\\/BLOG-Passagens-lunares-iQui.jpg\",\"contentUrl\":\"https:\\\/\\\/www.iquilibrio.com\\\/blog\\\/wp-content\\\/uploads\\\/2024\\\/02\\\/BLOG-Passagens-lunares-iQui.jpg\",\"width\":900,\"height\":560},{\"@type\":\"BreadcrumbList\",\"@id\":\"https:\\\/\\\/www.iquilibrio.com\\\/blog\\\/astrologia\\\/explorando-os-ciclos-lunares-de-21-07-a-26-07\\\/#breadcrumb\",\"itemListElement\":[{\"@type\":\"ListItem\",\"position\":1,\"name\":\"In\u00edcio\",\"item\":\"https:\\\/\\\/www.iquilibrio.com\\\/blog\\\/\"},{\"@type\":\"ListItem\",\"position\":2,\"name\":\"Explorando os Ciclos Lunares de 21\\\/07 a 26\\\/07\"}]},{\"@type\":\"WebSite\",\"@id\":\"https:\\\/\\\/www.iquilibrio.com\\\/blog\\\/#website\",\"url\":\"https:\\\/\\\/www.iquilibrio.com\\\/blog\\\/\",\"name\":\"iQuilibrio\",\"description\":\"Blog iQuilibrio\",\"publisher\":{\"@id\":\"https:\\\/\\\/www.iquilibrio.com\\\/blog\\\/#organization\"},\"potentialAction\":[{\"@type\":\"SearchAction\",\"target\":{\"@type\":\"EntryPoint\",\"urlTemplate\":\"https:\\\/\\\/www.iquilibrio.com\\\/blog\\\/?s={search_term_string}\"},\"query-input\":{\"@type\":\"PropertyValueSpecification\",\"valueRequired\":true,\"valueName\":\"search_term_string\"}}],\"inLanguage\":\"pt-BR\"},{\"@type\":\"Organization\",\"@id\":\"https:\\\/\\\/www.iquilibrio.com\\\/blog\\\/#organization\",\"name\":\"Esoterismo, Misticismo e Tarot Online - iQuilibrio\",\"url\":\"https:\\\/\\\/www.iquilibrio.com\\\/blog\\\/\",\"logo\":{\"@type\":\"ImageObject\",\"inLanguage\":\"pt-BR\",\"@id\":\"https:\\\/\\\/www.iquilibrio.com\\\/blog\\\/#\\\/schema\\\/logo\\\/image\\\/\",\"url\":\"https:\\\/\\\/www.iquilibrio.com\\\/blog\\\/wp-content\\\/uploads\\\/2018\\\/12\\\/iquilibrio_lovo_vetor_preto-retina.png\",\"contentUrl\":\"https:\\\/\\\/www.iquilibrio.com\\\/blog\\\/wp-content\\\/uploads\\\/2018\\\/12\\\/iquilibrio_lovo_vetor_preto-retina.png\",\"width\":972,\"height\":180,\"caption\":\"Esoterismo, Misticismo e Tarot Online - iQuilibrio\"},\"image\":{\"@id\":\"https:\\\/\\\/www.iquilibrio.com\\\/blog\\\/#\\\/schema\\\/logo\\\/image\\\/\"},\"sameAs\":[\"https:\\\/\\\/www.facebook.com\\\/iQuilibrio\\\/\",\"https:\\\/\\\/x.com\\\/iquilibrio\",\"https:\\\/\\\/www.instagram.com\\\/iquilibrio\\\/\",\"https:\\\/\\\/www.linkedin.com\\\/company\\\/iquilibrio\\\/\",\"https:\\\/\\\/br.pinterest.com\\\/iquilibrio1397\\\/\",\"https:\\\/\\\/www.youtube.com\\\/channel\\\/UC175qxd-4Zsi4wzawT5zF2g\"]},{\"@type\":\"Person\",\"@id\":\"https:\\\/\\\/www.iquilibrio.com\\\/blog\\\/#\\\/schema\\\/person\\\/21ae990723c2e5a1170c9a06dacb4d3d\",\"name\":\"Arthur Peroni\",\"image\":{\"@type\":\"ImageObject\",\"inLanguage\":\"pt-BR\",\"@id\":\"https:\\\/\\\/www.iquilibrio.com\\\/blog\\\/wp-content\\\/uploads\\\/2023\\\/04\\\/Arthur-Peroni-150x150.jpg\",\"url\":\"https:\\\/\\\/www.iquilibrio.com\\\/blog\\\/wp-content\\\/uploads\\\/2023\\\/04\\\/Arthur-Peroni-150x150.jpg\",\"contentUrl\":\"https:\\\/\\\/www.iquilibrio.com\\\/blog\\\/wp-content\\\/uploads\\\/2023\\\/04\\\/Arthur-Peroni-150x150.jpg\",\"caption\":\"Arthur Peroni\"},\"description\":\"Arthur Peroni escreve sobre a vida, o universo e tudo mais. Amante da literatura m\u00edstica, e fic\u00e7\u00e3o, descobriu sua carreira de redator gra\u00e7as ao h\u00e1bito de leitura constante sobre fantasia e drama. Nas horas vagas, gosta de cozinhar, ler e ver filmes antigos. J\u00e1 trabalhou com, comunica\u00e7\u00e3o social, massoterapia, terapias hol\u00edsticas e design de interiores. Atualmente trabalha como redator SEO e se entusiasma com tudo o que \u00e9 esot\u00e9rico. Gosta de discutir sobre assuntos complexos e instigantes, e v\u00ea na escrita uma oportunidade de aprender e criar todos os dias, mentalmente e espiritualmente.\",\"url\":\"https:\\\/\\\/www.iquilibrio.com\\\/blog\\\/author\\\/raul-vinicius\\\/\"}]}<\/script>\n<!-- \/ Yoast SEO plugin. -->","yoast_head_json":{"title":"Explorando os Ciclos Lunares de 21\/07 a 26\/07 - iQuilibrio","robots":{"index":"index","follow":"follow","max-snippet":"max-snippet:-1","max-image-preview":"max-image-preview:large","max-video-preview":"max-video-preview:-1"},"canonical":"https:\/\/www.iquilibrio.com\/blog\/astrologia\/explorando-os-ciclos-lunares-de-21-07-a-26-07\/","og_locale":"pt_BR","og_type":"article","og_title":"Explorando os Ciclos Lunares de 21\/07 a 26\/07 - iQuilibrio","og_description":"A Ilumina\u00e7\u00e3o dos Ciclos em Nossa Jornada Querido(a) Leitor(a) prepare-se para uma semana cheia de energias diversas e transformadoras, guiadas pelos movimentos lunares. Cada fase lunar nos oferece uma oportunidade \u00fanica de crescimento e introspec\u00e7\u00e3o. Vamos juntos explorar as influ\u00eancias astrais deste per\u00edodo e descobrir como podemos aproveitar ao m\u00e1ximo cada momento. Lua Cheia em [&hellip;]","og_url":"https:\/\/www.iquilibrio.com\/blog\/astrologia\/explorando-os-ciclos-lunares-de-21-07-a-26-07\/","og_site_name":"iQuilibrio","article_publisher":"https:\/\/www.facebook.com\/iQuilibrio\/","article_published_time":"2024-07-14T10:00:52+00:00","og_image":[{"width":900,"height":560,"url":"https:\/\/www.iquilibrio.com\/blog\/wp-content\/uploads\/2024\/02\/BLOG-Passagens-lunares-iQui.jpg","type":"image\/jpeg"}],"author":"Arthur Peroni","twitter_card":"summary_large_image","twitter_creator":"@iquilibrio","twitter_site":"@iquilibrio","twitter_misc":{"Escrito por":"Arthur Peroni","Est. tempo de leitura":"6 minutos"},"schema":{"@context":"https:\/\/schema.org","@graph":[{"@type":"Article","@id":"https:\/\/www.iquilibrio.com\/blog\/astrologia\/explorando-os-ciclos-lunares-de-21-07-a-26-07\/#article","isPartOf":{"@id":"https:\/\/www.iquilibrio.com\/blog\/astrologia\/explorando-os-ciclos-lunares-de-21-07-a-26-07\/"},"author":{"name":"Arthur Peroni","@id":"https:\/\/www.iquilibrio.com\/blog\/#\/schema\/person\/21ae990723c2e5a1170c9a06dacb4d3d"},"headline":"Explorando os Ciclos Lunares de 21\/07 a 26\/07","datePublished":"2024-07-14T10:00:52+00:00","mainEntityOfPage":{"@id":"https:\/\/www.iquilibrio.com\/blog\/astrologia\/explorando-os-ciclos-lunares-de-21-07-a-26-07\/"},"wordCount":1092,"publisher":{"@id":"https:\/\/www.iquilibrio.com\/blog\/#organization"},"image":{"@id":"https:\/\/www.iquilibrio.com\/blog\/astrologia\/explorando-os-ciclos-lunares-de-21-07-a-26-07\/#primaryimage"},"thumbnailUrl":"https:\/\/www.iquilibrio.com\/blog\/wp-content\/uploads\/2024\/02\/BLOG-Passagens-lunares-iQui.jpg","articleSection":["Astrologia"],"inLanguage":"pt-BR"},{"@type":"WebPage","@id":"https:\/\/www.iquilibrio.com\/blog\/astrologia\/explorando-os-ciclos-lunares-de-21-07-a-26-07\/","url":"https:\/\/www.iquilibrio.com\/blog\/astrologia\/explorando-os-ciclos-lunares-de-21-07-a-26-07\/","name":"Explorando os Ciclos Lunares de 21\/07 a 26\/07 - iQuilibrio","isPartOf":{"@id":"https:\/\/www.iquilibrio.com\/blog\/#website"},"primaryImageOfPage":{"@id":"https:\/\/www.iquilibrio.com\/blog\/astrologia\/explorando-os-ciclos-lunares-de-21-07-a-26-07\/#primaryimage"},"image":{"@id":"https:\/\/www.iquilibrio.com\/blog\/astrologia\/explorando-os-ciclos-lunares-de-21-07-a-26-07\/#primaryimage"},"thumbnailUrl":"https:\/\/www.iquilibrio.com\/blog\/wp-content\/uploads\/2024\/02\/BLOG-Passagens-lunares-iQui.jpg","datePublished":"2024-07-14T10:00:52+00:00","breadcrumb":{"@id":"https:\/\/www.iquilibrio.com\/blog\/astrologia\/explorando-os-ciclos-lunares-de-21-07-a-26-07\/#breadcrumb"},"inLanguage":"pt-BR","potentialAction":[{"@type":"ReadAction","target":["https:\/\/www.iquilibrio.com\/blog\/astrologia\/explorando-os-ciclos-lunares-de-21-07-a-26-07\/"]}]},{"@type":"ImageObject","inLanguage":"pt-BR","@id":"https:\/\/www.iquilibrio.com\/blog\/astrologia\/explorando-os-ciclos-lunares-de-21-07-a-26-07\/#primaryimage","url":"https:\/\/www.iquilibrio.com\/blog\/wp-content\/uploads\/2024\/02\/BLOG-Passagens-lunares-iQui.jpg","contentUrl":"https:\/\/www.iquilibrio.com\/blog\/wp-content\/uploads\/2024\/02\/BLOG-Passagens-lunares-iQui.jpg","width":900,"height":560},{"@type":"BreadcrumbList","@id":"https:\/\/www.iquilibrio.com\/blog\/astrologia\/explorando-os-ciclos-lunares-de-21-07-a-26-07\/#breadcrumb","itemListElement":[{"@type":"ListItem","position":1,"name":"In\u00edcio","item":"https:\/\/www.iquilibrio.com\/blog\/"},{"@type":"ListItem","position":2,"name":"Explorando os Ciclos Lunares de 21\/07 a 26\/07"}]},{"@type":"WebSite","@id":"https:\/\/www.iquilibrio.com\/blog\/#website","url":"https:\/\/www.iquilibrio.com\/blog\/","name":"iQuilibrio","description":"Blog iQuilibrio","publisher":{"@id":"https:\/\/www.iquilibrio.com\/blog\/#organization"},"potentialAction":[{"@type":"SearchAction","target":{"@type":"EntryPoint","urlTemplate":"https:\/\/www.iquilibrio.com\/blog\/?s={search_term_string}"},"query-input":{"@type":"PropertyValueSpecification","valueRequired":true,"valueName":"search_term_string"}}],"inLanguage":"pt-BR"},{"@type":"Organization","@id":"https:\/\/www.iquilibrio.com\/blog\/#organization","name":"Esoterismo, Misticismo e Tarot Online - iQuilibrio","url":"https:\/\/www.iquilibrio.com\/blog\/","logo":{"@type":"ImageObject","inLanguage":"pt-BR","@id":"https:\/\/www.iquilibrio.com\/blog\/#\/schema\/logo\/image\/","url":"https:\/\/www.iquilibrio.com\/blog\/wp-content\/uploads\/2018\/12\/iquilibrio_lovo_vetor_preto-retina.png","contentUrl":"https:\/\/www.iquilibrio.com\/blog\/wp-content\/uploads\/2018\/12\/iquilibrio_lovo_vetor_preto-retina.png","width":972,"height":180,"caption":"Esoterismo, Misticismo e Tarot Online - iQuilibrio"},"image":{"@id":"https:\/\/www.iquilibrio.com\/blog\/#\/schema\/logo\/image\/"},"sameAs":["https:\/\/www.facebook.com\/iQuilibrio\/","https:\/\/x.com\/iquilibrio","https:\/\/www.instagram.com\/iquilibrio\/","https:\/\/www.linkedin.com\/company\/iquilibrio\/","https:\/\/br.pinterest.com\/iquilibrio1397\/","https:\/\/www.youtube.com\/channel\/UC175qxd-4Zsi4wzawT5zF2g"]},{"@type":"Person","@id":"https:\/\/www.iquilibrio.com\/blog\/#\/schema\/person\/21ae990723c2e5a1170c9a06dacb4d3d","name":"Arthur Peroni","image":{"@type":"ImageObject","inLanguage":"pt-BR","@id":"https:\/\/www.iquilibrio.com\/blog\/wp-content\/uploads\/2023\/04\/Arthur-Peroni-150x150.jpg","url":"https:\/\/www.iquilibrio.com\/blog\/wp-content\/uploads\/2023\/04\/Arthur-Peroni-150x150.jpg","contentUrl":"https:\/\/www.iquilibrio.com\/blog\/wp-content\/uploads\/2023\/04\/Arthur-Peroni-150x150.jpg","caption":"Arthur Peroni"},"description":"Arthur Peroni escreve sobre a vida, o universo e tudo mais. Amante da literatura m\u00edstica, e fic\u00e7\u00e3o, descobriu sua carreira de redator gra\u00e7as ao h\u00e1bito de leitura constante sobre fantasia e drama. Nas horas vagas, gosta de cozinhar, ler e ver filmes antigos. J\u00e1 trabalhou com, comunica\u00e7\u00e3o social, massoterapia, terapias hol\u00edsticas e design de interiores. Atualmente trabalha como redator SEO e se entusiasma com tudo o que \u00e9 esot\u00e9rico. Gosta de discutir sobre assuntos complexos e instigantes, e v\u00ea na escrita uma oportunidade de aprender e criar todos os dias, mentalmente e espiritualmente.","url":"https:\/\/www.iquilibrio.com\/blog\/author\/raul-vinicius\/"}]}},"_links":{"self":[{"href":"https:\/\/www.iquilibrio.com\/blog\/wp-json\/wp\/v2\/posts\/40757","targetHints":{"allow":["GET"]}}],"collection":[{"href":"https:\/\/www.iquilibrio.com\/blog\/wp-json\/wp\/v2\/posts"}],"about":[{"href":"https:\/\/www.iquilibrio.com\/blog\/wp-json\/wp\/v2\/types\/post"}],"author":[{"embeddable":true,"href":"https:\/\/www.iquilibrio.com\/blog\/wp-json\/wp\/v2\/users\/158"}],"replies":[{"embeddable":true,"href":"https:\/\/www.iquilibrio.com\/blog\/wp-json\/wp\/v2\/comments?post=40757"}],"version-history":[{"count":3,"href":"https:\/\/www.iquilibrio.com\/blog\/wp-json\/wp\/v2\/posts\/40757\/revisions"}],"predecessor-version":[{"id":40765,"href":"https:\/\/www.iquilibrio.com\/blog\/wp-json\/wp\/v2\/posts\/40757\/revisions\/40765"}],"wp:featuredmedia":[{"embeddable":true,"href":"https:\/\/www.iquilibrio.com\/blog\/wp-json\/wp\/v2\/media\/40190"}],"wp:attachment":[{"href":"https:\/\/www.iquilibrio.com\/blog\/wp-json\/wp\/v2\/media?parent=40757"}],"wp:term":[{"taxonomy":"category","embeddable":true,"href":"https:\/\/www.iquilibrio.com\/blog\/wp-json\/wp\/v2\/categories?post=40757"},{"taxonomy":"post_tag","embeddable":true,"href":"https:\/\/www.iquilibrio.com\/blog\/wp-json\/wp\/v2\/tags?post=40757"}],"curies":[{"name":"wp","href":"https:\/\/api.w.org\/{rel}","templated":true}]}}