{"id":40755,"date":"2024-07-04T07:00:48","date_gmt":"2024-07-04T10:00:48","guid":{"rendered":"https:\/\/www.iquilibrio.com\/blog\/?p=40755"},"modified":"2024-06-27T11:07:33","modified_gmt":"2024-06-27T14:07:33","slug":"a-energia-dos-ciclos-lunares-de-12-07-a-20-07","status":"publish","type":"post","link":"https:\/\/www.iquilibrio.com\/blog\/astrologia\/a-energia-dos-ciclos-lunares-de-12-07-a-20-07\/","title":{"rendered":"A Energia dos Ciclos Lunares de 12\/07 a 20\/07"},"content":{"rendered":"<h2><b>Crescimento, Profundidade e Expans\u00e3o<\/b><\/h2>\n<p><span style=\"font-weight: 400;\">Bem-vindos(as)! Nossos(as) amados(a) Leitores(as) esta semana, o c\u00e9u nos convida a embarcar em uma jornada de crescimento e transforma\u00e7\u00e3o por meio das fases lunares que est\u00e3o por vir.<\/span><\/p>\n<p><span style=\"font-weight: 400;\">Cada fase traz consigo uma energia \u00fanica, desde o equil\u00edbrio harmonioso da Lua Crescente em Libra at\u00e9 a estrutura disciplinada da Lua em Capric\u00f3rnio. Vamos explorar juntos as influ\u00eancias astrais deste per\u00edodo e como podemos aproveitar ao m\u00e1ximo cada momento.<\/span><\/p>\n<h3><b>Lua Crescente em Libra: 13\/07<\/b><\/h3>\n<p><span style=\"font-weight: 400;\">A Lua Crescente em Libra nos proporciona um momento de buscar equil\u00edbrio e harmonia em nossas vidas. \u00c9 uma fase ideal para fortalecer relacionamentos, resolver conflitos e criar um ambiente acolhedor ao nosso redor. Use essa energia para estabelecer conex\u00f5es significativas e cultivar a paz interior.<\/span><\/p>\n<h3><b>Lua em Escorpi\u00e3o: 14\/07 a 15\/07<\/b><\/h3>\n<p><span style=\"font-weight: 400;\">\u00c0 medida que a Lua transita por Escorpi\u00e3o, somos chamados a explorar nossas profundezas emocionais. Esta fase nos oferece a oportunidade de enfrentar nossos medos, transformar velhos padr\u00f5es e nos curar em um n\u00edvel profundo. Deixe-se guiar pela intui\u00e7\u00e3o e permita que a transforma\u00e7\u00e3o ocorra.<\/span><\/p>\n<h3><b>Lua em Sagit\u00e1rio: 16\/07 a 18\/07<\/b><\/h3>\n<p><span style=\"font-weight: 400;\">Com a Lua em Sagit\u00e1rio, somos inspirados a buscar novas aventuras e expandir nossos horizontes. Esta \u00e9 uma fase para explorar, aprender e crescer.<\/span><\/p>\n<p><span style=\"font-weight: 400;\">Abra-se para novas experi\u00eancias e deixe seu esp\u00edrito aventureiro guiar seu caminho.<\/span><\/p>\n<h3><b>Lua em Capric\u00f3rnio: 19\/07 a 20\/07<\/b><\/h3>\n<p><span style=\"font-weight: 400;\">A semana termina com a Lua em Capric\u00f3rnio, trazendo uma energia de determina\u00e7\u00e3o e disciplina. Este \u00e9 o momento de focar em nossas ambi\u00e7\u00f5es e trabalhar de forma diligente para alcan\u00e7ar nossas metas. Estabele\u00e7a planos pr\u00e1ticos e mantenha-se firme em seus objetivos.<\/span><\/p>\n<p><span style=\"font-weight: 400;\">Querido(a) Leitor(a), esta semana \u00e9 uma oportunidade maravilhosa para crescer, transformar e se expandir. Aproveite cada fase lunar para se conectar com diferentes aspectos de si mesmo(a) e do universo ao seu redor. Estamos juntos nesta jornada c\u00f3smica, buscando sempre a harmonia, a profundidade emocional, a aventura e a realiza\u00e7\u00e3o de nossos sonhos.<\/span><\/p>\n<hr \/>\n<h2><b>Lua Crescente em Libra&#x1f319;&#x264e;: 13\/07<\/b><\/h2>\n<p><b><i>Energias:<\/i><\/b><span style=\"font-weight: 400;\"> A Lua Crescente em Libra nos convida a buscar equil\u00edbrio e harmonia em nossos relacionamentos e ambiente. Este \u00e9 um per\u00edodo prop\u00edcio para cultivar a coopera\u00e7\u00e3o e a justi\u00e7a, al\u00e9m de focar no embelezamento de nossa vida.<\/span><\/p>\n<p><b><i>Dicas Semanais:<\/i><\/b><\/p>\n<ul>\n<li style=\"font-weight: 400;\" aria-level=\"1\"><span style=\"font-weight: 400;\">Trabalhe na resolu\u00e7\u00e3o de conflitos e fortale\u00e7a suas parcerias.<\/span><\/li>\n<li style=\"font-weight: 400;\" aria-level=\"1\"><span style=\"font-weight: 400;\">D\u00ea aten\u00e7\u00e3o ao seu espa\u00e7o pessoal, tornando-o mais acolhedor e harmonioso.<\/span><\/li>\n<li style=\"font-weight: 400;\" aria-level=\"1\"><span style=\"font-weight: 400;\">Busque atividades que tragam paz e equil\u00edbrio, como ioga ou medita\u00e7\u00e3o.<\/span><\/li>\n<\/ul>\n<p><b><i>Incenso:<\/i><\/b><span style=\"font-weight: 400;\"> S\u00e2ndalo &#8211; para promover a calma e a harmonia.<\/span><\/p>\n<p><b><i>Ritual:<\/i><\/b><span style=\"font-weight: 400;\"> Crie um espa\u00e7o sagrado em sua casa, decorando com flores frescas e acendendo uma vela branca. Sente-se em sil\u00eancio e visualize a harmonia fluindo em todas as \u00e1reas da sua vida.<\/span><\/p>\n<p><b><i>Mantra:<\/i><\/b><span style=\"font-weight: 400;\"> &#8220;Eu busco e encontro equil\u00edbrio e harmonia em todos os meus relacionamentos e ambientes.&#8221;<\/span><\/p>\n<hr \/>\n<h2><b>Lua em Escorpi\u00e3o&#x1f319;&#x264f;: 14\/07 a 15\/07<\/b><\/h2>\n<p><b><i>Energias:<\/i><\/b><span style=\"font-weight: 400;\"> A Lua em Escorpi\u00e3o traz uma energia de profundidade emocional e transforma\u00e7\u00e3o. Este \u00e9 um momento para explorar seus sentimentos mais intensos e permitir que a cura ocorra.<\/span><\/p>\n<p><b><i>Dicas Semanais:<\/i><\/b><\/p>\n<ul>\n<li style=\"font-weight: 400;\" aria-level=\"1\"><span style=\"font-weight: 400;\">Pratique a introspec\u00e7\u00e3o e a autoan\u00e1lise para entender suas emo\u00e7\u00f5es.<\/span><\/li>\n<li style=\"font-weight: 400;\" aria-level=\"1\"><span style=\"font-weight: 400;\">Liberte-se de velhos padr\u00f5es e emo\u00e7\u00f5es que n\u00e3o servem mais.<\/span><\/li>\n<li style=\"font-weight: 400;\" aria-level=\"1\"><span style=\"font-weight: 400;\">Conecte-se com sua intui\u00e7\u00e3o e permita-se transformar.<\/span><\/li>\n<\/ul>\n<p><b><i>Incenso:<\/i><\/b><span style=\"font-weight: 400;\"> Mirra &#8211; para promover a introspec\u00e7\u00e3o e a cura emocional.<\/span><\/p>\n<p><b><i>Ritual:<\/i><\/b><span style=\"font-weight: 400;\"> Tome um banho de ervas com alecrim e lavanda, visualizando as \u00e1guas levando embora todas as energias negativas e trazendo renova\u00e7\u00e3o.<\/span><\/p>\n<p><b><i>Mantra:<\/i><\/b><span style=\"font-weight: 400;\"> &#8220;Eu abra\u00e7o minha profundidade emocional e permito que a transforma\u00e7\u00e3o e a cura ocorram.&#8221;<\/span><\/p>\n<hr \/>\n<h2><b>Lua em Sagit\u00e1rio&#x1f319;&#x2650;: 16\/07 a 18\/07<\/b><\/h2>\n<p><b><i>Energias:<\/i><\/b><span style=\"font-weight: 400;\"> Quando a Lua est\u00e1 em Sagit\u00e1rio, somos inspirados a buscar aventuras e expandir nossos horizontes. Esta fase \u00e9 ideal para explorar novas ideias e perspectivas.<\/span><\/p>\n<p><b><i>Dicas Semanais:<\/i><\/b><\/p>\n<ul>\n<li style=\"font-weight: 400;\" aria-level=\"1\"><span style=\"font-weight: 400;\">Planeje uma viagem ou uma atividade ao ar livre que expanda seus horizontes.<\/span><\/li>\n<li style=\"font-weight: 400;\" aria-level=\"1\"><span style=\"font-weight: 400;\">Estude ou aprenda algo novo que desperte sua curiosidade.<\/span><\/li>\n<li style=\"font-weight: 400;\" aria-level=\"1\"><span style=\"font-weight: 400;\">Cultive uma atitude otimista e aberta \u00e0 aventura.<\/span><\/li>\n<\/ul>\n<p><b><i>Incenso:<\/i><\/b><span style=\"font-weight: 400;\"> Cedro &#8211; para promover a clareza mental e a expans\u00e3o espiritual.<\/span><\/p>\n<p><b><i>Ritual:<\/i><\/b><span style=\"font-weight: 400;\"> Escreva em um di\u00e1rio suas metas e sonhos mais ambiciosos, e visualize-se alcan\u00e7ando cada um deles com alegria e entusiasmo.<\/span><\/p>\n<p><b><i>Mantra:<\/i><\/b><span style=\"font-weight: 400;\"> &#8220;Eu abro meu cora\u00e7\u00e3o e mente para novas aventuras e possibilidades infinitas.&#8221;<\/span><\/p>\n<hr \/>\n<h2><b>Lua em Capric\u00f3rnio&#x1f319;&#x2651;: 19\/07 a 20\/07<\/b><\/h2>\n<p><b><i>Energias:<\/i><\/b><span style=\"font-weight: 400;\"> A Lua em Capric\u00f3rnio traz uma energia de estrutura e determina\u00e7\u00e3o. Este \u00e9 um momento para focar nas suas ambi\u00e7\u00f5es e estabelecer metas pr\u00e1ticas e realistas.<\/span><\/p>\n<p><b><i>Dicas Semanais:<\/i><\/b><\/p>\n<ul>\n<li style=\"font-weight: 400;\" aria-level=\"1\"><span style=\"font-weight: 400;\">Organize seu tempo e suas tarefas para alcan\u00e7ar suas metas.<\/span><\/li>\n<li style=\"font-weight: 400;\" aria-level=\"1\"><span style=\"font-weight: 400;\">Concentre-se no trabalho e em projetos que exijam disciplina.<\/span><\/li>\n<li style=\"font-weight: 400;\" aria-level=\"1\"><span style=\"font-weight: 400;\">Estabele\u00e7a limites saud\u00e1veis e mantenha-se comprometido com seus objetivos.<\/span><\/li>\n<\/ul>\n<p><b><i>Incenso:<\/i><\/b><span style=\"font-weight: 400;\"> Ol\u00edbano &#8211; para promover a concentra\u00e7\u00e3o e a disciplina.<\/span><\/p>\n<p><b><i>Ritual:<\/i><\/b><span style=\"font-weight: 400;\"> Fa\u00e7a uma lista de suas metas a curto e longo prazo, e crie um plano de a\u00e7\u00e3o detalhado para alcan\u00e7ar cada uma delas. Visualize-se cumprindo cada etapa com sucesso.<\/span><\/p>\n<p><b><i>Mantra:<\/i><\/b><span style=\"font-weight: 400;\"> &#8220;Eu estou focado(a) e determinado(a). Eu alcan\u00e7o minhas metas com disciplina e perseveran\u00e7a.&#8221;<\/span><\/p>\n<p><span style=\"font-weight: 400;\">Ao longo desta semana, aproveite cada fase lunar para se conectar com diferentes aspectos de si mesmo(a) e do universo. Deixe que as energias da Lua guiem seu crescimento, cura e realiza\u00e7\u00f5es.<\/span><\/p>\n<p><span style=\"font-weight: 400;\">Muita luz e prote\u00e7\u00e3o em sua vida!<\/span><\/p>\n<hr \/>\n<p><img loading=\"lazy\" decoding=\"async\" class=\"wp-image-40073 alignleft td-animation-stack-type0-2 td-animation-stack-type0-1\" src=\"https:\/\/www.iquilibrio.com\/blog\/wp-content\/uploads\/2024\/01\/Emylian-Kali-Astrocentro.png\" sizes=\"auto, (max-width: 237px) 100vw, 237px\" srcset=\"https:\/\/www.iquilibrio.com\/blog\/wp-content\/uploads\/2024\/01\/Emylian-Kali-Astrocentro.png 334w, https:\/\/www.iquilibrio.com\/blog\/wp-content\/uploads\/2024\/01\/Emylian-Kali-Astrocentro-296x300.png 296w\" alt=\"\" width=\"237\" height=\"240\" \/>Com mais de uma d\u00e9cada de experi\u00eancia, Emylian Kali se destaca por oferecer um atendimento diferenciado e profundamente pessoal aos seus clientes. Como oraculista profissional e bruxo, Emylian trabalha com diversas formas de energia e espiritualidade, fornecendo orienta\u00e7\u00e3o e aconselhamento em \u00e1reas como relacionamentos, carreira, finan\u00e7as, sa\u00fade e muito mais. A jornada espiritual de Emylian come\u00e7ou na inf\u00e2ncia, aos 5 anos de idade, quando teve seu primeiro contato visual com o mundo espiritual. Desde ent\u00e3o, ele vem aprimorando sua mediunidade e explorando v\u00e1rias \u00e1reas da espiritualidade Como intuitivo, Emylian possui uma sensibilidade agu\u00e7ada para captar as energias e vibra\u00e7\u00f5es dos or\u00e1culos, bem como interpretar suas mensagens. Ele utiliza sua mediunidade para ajudar as pessoas a encontrar respostas e solu\u00e7\u00f5es para seus desafios pessoais.<\/p>\n\n\n<div class=\"kk-star-ratings kksr-auto kksr-align-left kksr-valign-bottom\"\n    data-payload='{&quot;align&quot;:&quot;left&quot;,&quot;id&quot;:&quot;40755&quot;,&quot;slug&quot;:&quot;default&quot;,&quot;valign&quot;:&quot;bottom&quot;,&quot;ignore&quot;:&quot;&quot;,&quot;reference&quot;:&quot;auto&quot;,&quot;class&quot;:&quot;&quot;,&quot;count&quot;:&quot;0&quot;,&quot;legendonly&quot;:&quot;&quot;,&quot;readonly&quot;:&quot;&quot;,&quot;score&quot;:&quot;0&quot;,&quot;starsonly&quot;:&quot;&quot;,&quot;best&quot;:&quot;5&quot;,&quot;gap&quot;:&quot;5&quot;,&quot;greet&quot;:&quot;Rate this post&quot;,&quot;legend&quot;:&quot;0\\\/5 - (0 voto)&quot;,&quot;size&quot;:&quot;24&quot;,&quot;title&quot;:&quot;A Energia dos Ciclos Lunares de 12\\\/07 a 20\\\/07&quot;,&quot;width&quot;:&quot;0&quot;,&quot;_legend&quot;:&quot;{score}\\\/{best} - ({count} {votes})&quot;,&quot;font_factor&quot;:&quot;1.25&quot;}'>\n            \n<div class=\"kksr-stars\">\n    \n<div class=\"kksr-stars-inactive\">\n            <div class=\"kksr-star\" data-star=\"1\" style=\"padding-right: 5px\">\n            \n\n<div class=\"kksr-icon\" style=\"width: 24px; height: 24px;\"><\/div>\n        <\/div>\n            <div class=\"kksr-star\" data-star=\"2\" style=\"padding-right: 5px\">\n            \n\n<div class=\"kksr-icon\" style=\"width: 24px; height: 24px;\"><\/div>\n        <\/div>\n            <div class=\"kksr-star\" data-star=\"3\" style=\"padding-right: 5px\">\n            \n\n<div class=\"kksr-icon\" style=\"width: 24px; height: 24px;\"><\/div>\n        <\/div>\n            <div class=\"kksr-star\" data-star=\"4\" style=\"padding-right: 5px\">\n            \n\n<div class=\"kksr-icon\" style=\"width: 24px; height: 24px;\"><\/div>\n        <\/div>\n            <div class=\"kksr-star\" data-star=\"5\" style=\"padding-right: 5px\">\n            \n\n<div class=\"kksr-icon\" style=\"width: 24px; height: 24px;\"><\/div>\n        <\/div>\n    <\/div>\n    \n<div class=\"kksr-stars-active\" style=\"width: 0px;\">\n            <div class=\"kksr-star\" style=\"padding-right: 5px\">\n            \n\n<div class=\"kksr-icon\" style=\"width: 24px; height: 24px;\"><\/div>\n        <\/div>\n            <div class=\"kksr-star\" style=\"padding-right: 5px\">\n            \n\n<div class=\"kksr-icon\" style=\"width: 24px; height: 24px;\"><\/div>\n        <\/div>\n            <div class=\"kksr-star\" style=\"padding-right: 5px\">\n            \n\n<div class=\"kksr-icon\" style=\"width: 24px; height: 24px;\"><\/div>\n        <\/div>\n            <div class=\"kksr-star\" style=\"padding-right: 5px\">\n            \n\n<div class=\"kksr-icon\" style=\"width: 24px; height: 24px;\"><\/div>\n        <\/div>\n            <div class=\"kksr-star\" style=\"padding-right: 5px\">\n            \n\n<div class=\"kksr-icon\" style=\"width: 24px; height: 24px;\"><\/div>\n        <\/div>\n    <\/div>\n<\/div>\n                \n\n<div class=\"kksr-legend\" style=\"font-size: 19.2px;\">\n            <span class=\"kksr-muted\">Rate this post<\/span>\n    <\/div>\n    <\/div>\n","protected":false},"excerpt":{"rendered":"<p>Crescimento, Profundidade e Expans\u00e3o Bem-vindos(as)! Nossos(as) amados(a) Leitores(as) esta semana, o c\u00e9u nos convida a embarcar em uma jornada de crescimento e transforma\u00e7\u00e3o por meio das fases lunares que est\u00e3o por vir. Cada fase traz consigo uma energia \u00fanica, desde o equil\u00edbrio harmonioso da Lua Crescente em Libra at\u00e9 a estrutura disciplinada da Lua em [&hellip;]<\/p>\n","protected":false},"author":158,"featured_media":40190,"comment_status":"closed","ping_status":"closed","sticky":false,"template":"","format":"standard","meta":{"footnotes":""},"categories":[517],"tags":[],"class_list":["post-40755","post","type-post","status-publish","format-standard","has-post-thumbnail","hentry","category-astrologia"],"yoast_head":"<!-- This site is optimized with the Yoast SEO plugin v27.4 - https:\/\/yoast.com\/product\/yoast-seo-wordpress\/ -->\n<title>A Energia dos Ciclos Lunares de 12\/07 a 20\/07 - iQuilibrio<\/title>\n<meta name=\"robots\" content=\"index, follow, max-snippet:-1, max-image-preview:large, max-video-preview:-1\" \/>\n<link rel=\"canonical\" href=\"https:\/\/www.iquilibrio.com\/blog\/astrologia\/a-energia-dos-ciclos-lunares-de-12-07-a-20-07\/\" \/>\n<meta property=\"og:locale\" content=\"pt_BR\" \/>\n<meta property=\"og:type\" content=\"article\" \/>\n<meta property=\"og:title\" content=\"A Energia dos Ciclos Lunares de 12\/07 a 20\/07 - iQuilibrio\" \/>\n<meta property=\"og:description\" content=\"Crescimento, Profundidade e Expans\u00e3o Bem-vindos(as)! Nossos(as) amados(a) Leitores(as) esta semana, o c\u00e9u nos convida a embarcar em uma jornada de crescimento e transforma\u00e7\u00e3o por meio das fases lunares que est\u00e3o por vir. Cada fase traz consigo uma energia \u00fanica, desde o equil\u00edbrio harmonioso da Lua Crescente em Libra at\u00e9 a estrutura disciplinada da Lua em [&hellip;]\" \/>\n<meta property=\"og:url\" content=\"https:\/\/www.iquilibrio.com\/blog\/astrologia\/a-energia-dos-ciclos-lunares-de-12-07-a-20-07\/\" \/>\n<meta property=\"og:site_name\" content=\"iQuilibrio\" \/>\n<meta property=\"article:publisher\" content=\"https:\/\/www.facebook.com\/iQuilibrio\/\" \/>\n<meta property=\"article:published_time\" content=\"2024-07-04T10:00:48+00:00\" \/>\n<meta property=\"og:image\" content=\"https:\/\/www.iquilibrio.com\/blog\/wp-content\/uploads\/2024\/02\/BLOG-Passagens-lunares-iQui.jpg\" \/>\n\t<meta property=\"og:image:width\" content=\"900\" \/>\n\t<meta property=\"og:image:height\" content=\"560\" \/>\n\t<meta property=\"og:image:type\" content=\"image\/jpeg\" \/>\n<meta name=\"author\" content=\"Arthur Peroni\" \/>\n<meta name=\"twitter:card\" content=\"summary_large_image\" \/>\n<meta name=\"twitter:creator\" content=\"@iquilibrio\" \/>\n<meta name=\"twitter:site\" content=\"@iquilibrio\" \/>\n<meta name=\"twitter:label1\" content=\"Escrito por\" \/>\n\t<meta name=\"twitter:data1\" content=\"Arthur Peroni\" \/>\n\t<meta name=\"twitter:label2\" content=\"Est. tempo de leitura\" \/>\n\t<meta name=\"twitter:data2\" content=\"6 minutos\" \/>\n<script type=\"application\/ld+json\" class=\"yoast-schema-graph\">{\"@context\":\"https:\\\/\\\/schema.org\",\"@graph\":[{\"@type\":\"Article\",\"@id\":\"https:\\\/\\\/www.iquilibrio.com\\\/blog\\\/astrologia\\\/a-energia-dos-ciclos-lunares-de-12-07-a-20-07\\\/#article\",\"isPartOf\":{\"@id\":\"https:\\\/\\\/www.iquilibrio.com\\\/blog\\\/astrologia\\\/a-energia-dos-ciclos-lunares-de-12-07-a-20-07\\\/\"},\"author\":{\"name\":\"Arthur Peroni\",\"@id\":\"https:\\\/\\\/www.iquilibrio.com\\\/blog\\\/#\\\/schema\\\/person\\\/21ae990723c2e5a1170c9a06dacb4d3d\"},\"headline\":\"A Energia dos Ciclos Lunares de 12\\\/07 a 20\\\/07\",\"datePublished\":\"2024-07-04T10:00:48+00:00\",\"mainEntityOfPage\":{\"@id\":\"https:\\\/\\\/www.iquilibrio.com\\\/blog\\\/astrologia\\\/a-energia-dos-ciclos-lunares-de-12-07-a-20-07\\\/\"},\"wordCount\":1053,\"publisher\":{\"@id\":\"https:\\\/\\\/www.iquilibrio.com\\\/blog\\\/#organization\"},\"image\":{\"@id\":\"https:\\\/\\\/www.iquilibrio.com\\\/blog\\\/astrologia\\\/a-energia-dos-ciclos-lunares-de-12-07-a-20-07\\\/#primaryimage\"},\"thumbnailUrl\":\"https:\\\/\\\/www.iquilibrio.com\\\/blog\\\/wp-content\\\/uploads\\\/2024\\\/02\\\/BLOG-Passagens-lunares-iQui.jpg\",\"articleSection\":[\"Astrologia\"],\"inLanguage\":\"pt-BR\"},{\"@type\":\"WebPage\",\"@id\":\"https:\\\/\\\/www.iquilibrio.com\\\/blog\\\/astrologia\\\/a-energia-dos-ciclos-lunares-de-12-07-a-20-07\\\/\",\"url\":\"https:\\\/\\\/www.iquilibrio.com\\\/blog\\\/astrologia\\\/a-energia-dos-ciclos-lunares-de-12-07-a-20-07\\\/\",\"name\":\"A Energia dos Ciclos Lunares de 12\\\/07 a 20\\\/07 - iQuilibrio\",\"isPartOf\":{\"@id\":\"https:\\\/\\\/www.iquilibrio.com\\\/blog\\\/#website\"},\"primaryImageOfPage\":{\"@id\":\"https:\\\/\\\/www.iquilibrio.com\\\/blog\\\/astrologia\\\/a-energia-dos-ciclos-lunares-de-12-07-a-20-07\\\/#primaryimage\"},\"image\":{\"@id\":\"https:\\\/\\\/www.iquilibrio.com\\\/blog\\\/astrologia\\\/a-energia-dos-ciclos-lunares-de-12-07-a-20-07\\\/#primaryimage\"},\"thumbnailUrl\":\"https:\\\/\\\/www.iquilibrio.com\\\/blog\\\/wp-content\\\/uploads\\\/2024\\\/02\\\/BLOG-Passagens-lunares-iQui.jpg\",\"datePublished\":\"2024-07-04T10:00:48+00:00\",\"breadcrumb\":{\"@id\":\"https:\\\/\\\/www.iquilibrio.com\\\/blog\\\/astrologia\\\/a-energia-dos-ciclos-lunares-de-12-07-a-20-07\\\/#breadcrumb\"},\"inLanguage\":\"pt-BR\",\"potentialAction\":[{\"@type\":\"ReadAction\",\"target\":[\"https:\\\/\\\/www.iquilibrio.com\\\/blog\\\/astrologia\\\/a-energia-dos-ciclos-lunares-de-12-07-a-20-07\\\/\"]}]},{\"@type\":\"ImageObject\",\"inLanguage\":\"pt-BR\",\"@id\":\"https:\\\/\\\/www.iquilibrio.com\\\/blog\\\/astrologia\\\/a-energia-dos-ciclos-lunares-de-12-07-a-20-07\\\/#primaryimage\",\"url\":\"https:\\\/\\\/www.iquilibrio.com\\\/blog\\\/wp-content\\\/uploads\\\/2024\\\/02\\\/BLOG-Passagens-lunares-iQui.jpg\",\"contentUrl\":\"https:\\\/\\\/www.iquilibrio.com\\\/blog\\\/wp-content\\\/uploads\\\/2024\\\/02\\\/BLOG-Passagens-lunares-iQui.jpg\",\"width\":900,\"height\":560},{\"@type\":\"BreadcrumbList\",\"@id\":\"https:\\\/\\\/www.iquilibrio.com\\\/blog\\\/astrologia\\\/a-energia-dos-ciclos-lunares-de-12-07-a-20-07\\\/#breadcrumb\",\"itemListElement\":[{\"@type\":\"ListItem\",\"position\":1,\"name\":\"In\u00edcio\",\"item\":\"https:\\\/\\\/www.iquilibrio.com\\\/blog\\\/\"},{\"@type\":\"ListItem\",\"position\":2,\"name\":\"A Energia dos Ciclos Lunares de 12\\\/07 a 20\\\/07\"}]},{\"@type\":\"WebSite\",\"@id\":\"https:\\\/\\\/www.iquilibrio.com\\\/blog\\\/#website\",\"url\":\"https:\\\/\\\/www.iquilibrio.com\\\/blog\\\/\",\"name\":\"iQuilibrio\",\"description\":\"Blog iQuilibrio\",\"publisher\":{\"@id\":\"https:\\\/\\\/www.iquilibrio.com\\\/blog\\\/#organization\"},\"potentialAction\":[{\"@type\":\"SearchAction\",\"target\":{\"@type\":\"EntryPoint\",\"urlTemplate\":\"https:\\\/\\\/www.iquilibrio.com\\\/blog\\\/?s={search_term_string}\"},\"query-input\":{\"@type\":\"PropertyValueSpecification\",\"valueRequired\":true,\"valueName\":\"search_term_string\"}}],\"inLanguage\":\"pt-BR\"},{\"@type\":\"Organization\",\"@id\":\"https:\\\/\\\/www.iquilibrio.com\\\/blog\\\/#organization\",\"name\":\"Esoterismo, Misticismo e Tarot Online - iQuilibrio\",\"url\":\"https:\\\/\\\/www.iquilibrio.com\\\/blog\\\/\",\"logo\":{\"@type\":\"ImageObject\",\"inLanguage\":\"pt-BR\",\"@id\":\"https:\\\/\\\/www.iquilibrio.com\\\/blog\\\/#\\\/schema\\\/logo\\\/image\\\/\",\"url\":\"https:\\\/\\\/www.iquilibrio.com\\\/blog\\\/wp-content\\\/uploads\\\/2018\\\/12\\\/iquilibrio_lovo_vetor_preto-retina.png\",\"contentUrl\":\"https:\\\/\\\/www.iquilibrio.com\\\/blog\\\/wp-content\\\/uploads\\\/2018\\\/12\\\/iquilibrio_lovo_vetor_preto-retina.png\",\"width\":972,\"height\":180,\"caption\":\"Esoterismo, Misticismo e Tarot Online - iQuilibrio\"},\"image\":{\"@id\":\"https:\\\/\\\/www.iquilibrio.com\\\/blog\\\/#\\\/schema\\\/logo\\\/image\\\/\"},\"sameAs\":[\"https:\\\/\\\/www.facebook.com\\\/iQuilibrio\\\/\",\"https:\\\/\\\/x.com\\\/iquilibrio\",\"https:\\\/\\\/www.instagram.com\\\/iquilibrio\\\/\",\"https:\\\/\\\/www.linkedin.com\\\/company\\\/iquilibrio\\\/\",\"https:\\\/\\\/br.pinterest.com\\\/iquilibrio1397\\\/\",\"https:\\\/\\\/www.youtube.com\\\/channel\\\/UC175qxd-4Zsi4wzawT5zF2g\"]},{\"@type\":\"Person\",\"@id\":\"https:\\\/\\\/www.iquilibrio.com\\\/blog\\\/#\\\/schema\\\/person\\\/21ae990723c2e5a1170c9a06dacb4d3d\",\"name\":\"Arthur Peroni\",\"image\":{\"@type\":\"ImageObject\",\"inLanguage\":\"pt-BR\",\"@id\":\"https:\\\/\\\/www.iquilibrio.com\\\/blog\\\/wp-content\\\/uploads\\\/2023\\\/04\\\/Arthur-Peroni-150x150.jpg\",\"url\":\"https:\\\/\\\/www.iquilibrio.com\\\/blog\\\/wp-content\\\/uploads\\\/2023\\\/04\\\/Arthur-Peroni-150x150.jpg\",\"contentUrl\":\"https:\\\/\\\/www.iquilibrio.com\\\/blog\\\/wp-content\\\/uploads\\\/2023\\\/04\\\/Arthur-Peroni-150x150.jpg\",\"caption\":\"Arthur Peroni\"},\"description\":\"Arthur Peroni escreve sobre a vida, o universo e tudo mais. Amante da literatura m\u00edstica, e fic\u00e7\u00e3o, descobriu sua carreira de redator gra\u00e7as ao h\u00e1bito de leitura constante sobre fantasia e drama. Nas horas vagas, gosta de cozinhar, ler e ver filmes antigos. J\u00e1 trabalhou com, comunica\u00e7\u00e3o social, massoterapia, terapias hol\u00edsticas e design de interiores. Atualmente trabalha como redator SEO e se entusiasma com tudo o que \u00e9 esot\u00e9rico. Gosta de discutir sobre assuntos complexos e instigantes, e v\u00ea na escrita uma oportunidade de aprender e criar todos os dias, mentalmente e espiritualmente.\",\"url\":\"https:\\\/\\\/www.iquilibrio.com\\\/blog\\\/author\\\/raul-vinicius\\\/\"}]}<\/script>\n<!-- \/ Yoast SEO plugin. -->","yoast_head_json":{"title":"A Energia dos Ciclos Lunares de 12\/07 a 20\/07 - iQuilibrio","robots":{"index":"index","follow":"follow","max-snippet":"max-snippet:-1","max-image-preview":"max-image-preview:large","max-video-preview":"max-video-preview:-1"},"canonical":"https:\/\/www.iquilibrio.com\/blog\/astrologia\/a-energia-dos-ciclos-lunares-de-12-07-a-20-07\/","og_locale":"pt_BR","og_type":"article","og_title":"A Energia dos Ciclos Lunares de 12\/07 a 20\/07 - iQuilibrio","og_description":"Crescimento, Profundidade e Expans\u00e3o Bem-vindos(as)! Nossos(as) amados(a) Leitores(as) esta semana, o c\u00e9u nos convida a embarcar em uma jornada de crescimento e transforma\u00e7\u00e3o por meio das fases lunares que est\u00e3o por vir. Cada fase traz consigo uma energia \u00fanica, desde o equil\u00edbrio harmonioso da Lua Crescente em Libra at\u00e9 a estrutura disciplinada da Lua em [&hellip;]","og_url":"https:\/\/www.iquilibrio.com\/blog\/astrologia\/a-energia-dos-ciclos-lunares-de-12-07-a-20-07\/","og_site_name":"iQuilibrio","article_publisher":"https:\/\/www.facebook.com\/iQuilibrio\/","article_published_time":"2024-07-04T10:00:48+00:00","og_image":[{"width":900,"height":560,"url":"https:\/\/www.iquilibrio.com\/blog\/wp-content\/uploads\/2024\/02\/BLOG-Passagens-lunares-iQui.jpg","type":"image\/jpeg"}],"author":"Arthur Peroni","twitter_card":"summary_large_image","twitter_creator":"@iquilibrio","twitter_site":"@iquilibrio","twitter_misc":{"Escrito por":"Arthur Peroni","Est. tempo de leitura":"6 minutos"},"schema":{"@context":"https:\/\/schema.org","@graph":[{"@type":"Article","@id":"https:\/\/www.iquilibrio.com\/blog\/astrologia\/a-energia-dos-ciclos-lunares-de-12-07-a-20-07\/#article","isPartOf":{"@id":"https:\/\/www.iquilibrio.com\/blog\/astrologia\/a-energia-dos-ciclos-lunares-de-12-07-a-20-07\/"},"author":{"name":"Arthur Peroni","@id":"https:\/\/www.iquilibrio.com\/blog\/#\/schema\/person\/21ae990723c2e5a1170c9a06dacb4d3d"},"headline":"A Energia dos Ciclos Lunares de 12\/07 a 20\/07","datePublished":"2024-07-04T10:00:48+00:00","mainEntityOfPage":{"@id":"https:\/\/www.iquilibrio.com\/blog\/astrologia\/a-energia-dos-ciclos-lunares-de-12-07-a-20-07\/"},"wordCount":1053,"publisher":{"@id":"https:\/\/www.iquilibrio.com\/blog\/#organization"},"image":{"@id":"https:\/\/www.iquilibrio.com\/blog\/astrologia\/a-energia-dos-ciclos-lunares-de-12-07-a-20-07\/#primaryimage"},"thumbnailUrl":"https:\/\/www.iquilibrio.com\/blog\/wp-content\/uploads\/2024\/02\/BLOG-Passagens-lunares-iQui.jpg","articleSection":["Astrologia"],"inLanguage":"pt-BR"},{"@type":"WebPage","@id":"https:\/\/www.iquilibrio.com\/blog\/astrologia\/a-energia-dos-ciclos-lunares-de-12-07-a-20-07\/","url":"https:\/\/www.iquilibrio.com\/blog\/astrologia\/a-energia-dos-ciclos-lunares-de-12-07-a-20-07\/","name":"A Energia dos Ciclos Lunares de 12\/07 a 20\/07 - iQuilibrio","isPartOf":{"@id":"https:\/\/www.iquilibrio.com\/blog\/#website"},"primaryImageOfPage":{"@id":"https:\/\/www.iquilibrio.com\/blog\/astrologia\/a-energia-dos-ciclos-lunares-de-12-07-a-20-07\/#primaryimage"},"image":{"@id":"https:\/\/www.iquilibrio.com\/blog\/astrologia\/a-energia-dos-ciclos-lunares-de-12-07-a-20-07\/#primaryimage"},"thumbnailUrl":"https:\/\/www.iquilibrio.com\/blog\/wp-content\/uploads\/2024\/02\/BLOG-Passagens-lunares-iQui.jpg","datePublished":"2024-07-04T10:00:48+00:00","breadcrumb":{"@id":"https:\/\/www.iquilibrio.com\/blog\/astrologia\/a-energia-dos-ciclos-lunares-de-12-07-a-20-07\/#breadcrumb"},"inLanguage":"pt-BR","potentialAction":[{"@type":"ReadAction","target":["https:\/\/www.iquilibrio.com\/blog\/astrologia\/a-energia-dos-ciclos-lunares-de-12-07-a-20-07\/"]}]},{"@type":"ImageObject","inLanguage":"pt-BR","@id":"https:\/\/www.iquilibrio.com\/blog\/astrologia\/a-energia-dos-ciclos-lunares-de-12-07-a-20-07\/#primaryimage","url":"https:\/\/www.iquilibrio.com\/blog\/wp-content\/uploads\/2024\/02\/BLOG-Passagens-lunares-iQui.jpg","contentUrl":"https:\/\/www.iquilibrio.com\/blog\/wp-content\/uploads\/2024\/02\/BLOG-Passagens-lunares-iQui.jpg","width":900,"height":560},{"@type":"BreadcrumbList","@id":"https:\/\/www.iquilibrio.com\/blog\/astrologia\/a-energia-dos-ciclos-lunares-de-12-07-a-20-07\/#breadcrumb","itemListElement":[{"@type":"ListItem","position":1,"name":"In\u00edcio","item":"https:\/\/www.iquilibrio.com\/blog\/"},{"@type":"ListItem","position":2,"name":"A Energia dos Ciclos Lunares de 12\/07 a 20\/07"}]},{"@type":"WebSite","@id":"https:\/\/www.iquilibrio.com\/blog\/#website","url":"https:\/\/www.iquilibrio.com\/blog\/","name":"iQuilibrio","description":"Blog iQuilibrio","publisher":{"@id":"https:\/\/www.iquilibrio.com\/blog\/#organization"},"potentialAction":[{"@type":"SearchAction","target":{"@type":"EntryPoint","urlTemplate":"https:\/\/www.iquilibrio.com\/blog\/?s={search_term_string}"},"query-input":{"@type":"PropertyValueSpecification","valueRequired":true,"valueName":"search_term_string"}}],"inLanguage":"pt-BR"},{"@type":"Organization","@id":"https:\/\/www.iquilibrio.com\/blog\/#organization","name":"Esoterismo, Misticismo e Tarot Online - iQuilibrio","url":"https:\/\/www.iquilibrio.com\/blog\/","logo":{"@type":"ImageObject","inLanguage":"pt-BR","@id":"https:\/\/www.iquilibrio.com\/blog\/#\/schema\/logo\/image\/","url":"https:\/\/www.iquilibrio.com\/blog\/wp-content\/uploads\/2018\/12\/iquilibrio_lovo_vetor_preto-retina.png","contentUrl":"https:\/\/www.iquilibrio.com\/blog\/wp-content\/uploads\/2018\/12\/iquilibrio_lovo_vetor_preto-retina.png","width":972,"height":180,"caption":"Esoterismo, Misticismo e Tarot Online - iQuilibrio"},"image":{"@id":"https:\/\/www.iquilibrio.com\/blog\/#\/schema\/logo\/image\/"},"sameAs":["https:\/\/www.facebook.com\/iQuilibrio\/","https:\/\/x.com\/iquilibrio","https:\/\/www.instagram.com\/iquilibrio\/","https:\/\/www.linkedin.com\/company\/iquilibrio\/","https:\/\/br.pinterest.com\/iquilibrio1397\/","https:\/\/www.youtube.com\/channel\/UC175qxd-4Zsi4wzawT5zF2g"]},{"@type":"Person","@id":"https:\/\/www.iquilibrio.com\/blog\/#\/schema\/person\/21ae990723c2e5a1170c9a06dacb4d3d","name":"Arthur Peroni","image":{"@type":"ImageObject","inLanguage":"pt-BR","@id":"https:\/\/www.iquilibrio.com\/blog\/wp-content\/uploads\/2023\/04\/Arthur-Peroni-150x150.jpg","url":"https:\/\/www.iquilibrio.com\/blog\/wp-content\/uploads\/2023\/04\/Arthur-Peroni-150x150.jpg","contentUrl":"https:\/\/www.iquilibrio.com\/blog\/wp-content\/uploads\/2023\/04\/Arthur-Peroni-150x150.jpg","caption":"Arthur Peroni"},"description":"Arthur Peroni escreve sobre a vida, o universo e tudo mais. Amante da literatura m\u00edstica, e fic\u00e7\u00e3o, descobriu sua carreira de redator gra\u00e7as ao h\u00e1bito de leitura constante sobre fantasia e drama. Nas horas vagas, gosta de cozinhar, ler e ver filmes antigos. J\u00e1 trabalhou com, comunica\u00e7\u00e3o social, massoterapia, terapias hol\u00edsticas e design de interiores. Atualmente trabalha como redator SEO e se entusiasma com tudo o que \u00e9 esot\u00e9rico. Gosta de discutir sobre assuntos complexos e instigantes, e v\u00ea na escrita uma oportunidade de aprender e criar todos os dias, mentalmente e espiritualmente.","url":"https:\/\/www.iquilibrio.com\/blog\/author\/raul-vinicius\/"}]}},"_links":{"self":[{"href":"https:\/\/www.iquilibrio.com\/blog\/wp-json\/wp\/v2\/posts\/40755","targetHints":{"allow":["GET"]}}],"collection":[{"href":"https:\/\/www.iquilibrio.com\/blog\/wp-json\/wp\/v2\/posts"}],"about":[{"href":"https:\/\/www.iquilibrio.com\/blog\/wp-json\/wp\/v2\/types\/post"}],"author":[{"embeddable":true,"href":"https:\/\/www.iquilibrio.com\/blog\/wp-json\/wp\/v2\/users\/158"}],"replies":[{"embeddable":true,"href":"https:\/\/www.iquilibrio.com\/blog\/wp-json\/wp\/v2\/comments?post=40755"}],"version-history":[{"count":2,"href":"https:\/\/www.iquilibrio.com\/blog\/wp-json\/wp\/v2\/posts\/40755\/revisions"}],"predecessor-version":[{"id":40766,"href":"https:\/\/www.iquilibrio.com\/blog\/wp-json\/wp\/v2\/posts\/40755\/revisions\/40766"}],"wp:featuredmedia":[{"embeddable":true,"href":"https:\/\/www.iquilibrio.com\/blog\/wp-json\/wp\/v2\/media\/40190"}],"wp:attachment":[{"href":"https:\/\/www.iquilibrio.com\/blog\/wp-json\/wp\/v2\/media?parent=40755"}],"wp:term":[{"taxonomy":"category","embeddable":true,"href":"https:\/\/www.iquilibrio.com\/blog\/wp-json\/wp\/v2\/categories?post=40755"},{"taxonomy":"post_tag","embeddable":true,"href":"https:\/\/www.iquilibrio.com\/blog\/wp-json\/wp\/v2\/tags?post=40755"}],"curies":[{"name":"wp","href":"https:\/\/api.w.org\/{rel}","templated":true}]}}