{"id":40753,"date":"2024-06-27T02:02:17","date_gmt":"2024-06-27T05:02:17","guid":{"rendered":"https:\/\/www.iquilibrio.com\/blog\/?p=40753"},"modified":"2024-06-27T02:02:17","modified_gmt":"2024-06-27T05:02:17","slug":"a-energia-dos-ciclos-lunares-de-05-07-a-12-07","status":"publish","type":"post","link":"https:\/\/www.iquilibrio.com\/blog\/astrologia\/a-energia-dos-ciclos-lunares-de-05-07-a-12-07\/","title":{"rendered":"A Energia dos Ciclos Lunares de 05\/07 a 12\/07"},"content":{"rendered":"<h2><b>Um Per\u00edodo de Renova\u00e7\u00e3o, Transforma\u00e7\u00e3o e Clareza<\/b><\/h2>\n<p><span style=\"font-weight: 400;\">Nesta semana amado(a) leitor, o c\u00e9u nos presenteia com uma sequ\u00eancia de ciclos lunares que nos convidam a uma jornada de renova\u00e7\u00e3o emocional, express\u00e3o criativa e organiza\u00e7\u00e3o pr\u00e1tica.<\/span><\/p>\n<p><span style=\"font-weight: 400;\">A energia lunar estar\u00e1 em constante movimento, come\u00e7ando com a profunda introspec\u00e7\u00e3o da Lua Nova em C\u00e2ncer, passando pela vibrante autoexpress\u00e3o da Lua em Le\u00e3o e culminando na meticulosa organiza\u00e7\u00e3o da Lua em Virgem.<\/span><\/p>\n<p><span style=\"font-weight: 400;\">Vamos juntos explorar as oportunidades e desafios que cada fase lunar traz, para que possamos nos alinhar com as energias do cosmos e navegar por esta semana de forma harmoniosa e produtiva.<\/span><\/p>\n<hr \/>\n<h3><b>Lua Nova em C\u00e2ncer: 05\/07 a 06\/07<\/b><\/h3>\n<p><span style=\"font-weight: 400;\">A Lua Nova em C\u00e2ncer \u00e9 um momento m\u00e1gico de novos come\u00e7os. \u00c9 um per\u00edodo ideal para se conectar com suas emo\u00e7\u00f5es mais profundas e definir inten\u00e7\u00f5es focadas no cuidado e na nutri\u00e7\u00e3o, tanto de si mesmo(a) quanto dos seus entes queridos.<\/span><\/p>\n<p><span style=\"font-weight: 400;\">Esta fase lunar nos encoraja a criar um espa\u00e7o seguro e acolhedor, onde possamos crescer emocionalmente.<\/span><\/p>\n<h3><b>Lua em Le\u00e3o: 08\/07 a 09\/07<\/b><\/h3>\n<p><span style=\"font-weight: 400;\">Quando a Lua transita por Le\u00e3o, somos chamados a brilhar. A energia leonina nos incentiva a expressar nossa criatividade e mostrar nossa autenticidade ao mundo.<\/span><\/p>\n<p><span style=\"font-weight: 400;\">\u00c9 uma oportunidade perfeita para celebrar nossas conquistas, destacar nossos talentos e compartilhar nossa alegria com os outros. Deixe sua luz interior brilhar intensamente!<\/span><\/p>\n<h3><b>Lua em Virgem: 10\/07 a 11\/07<\/b><\/h3>\n<p><span style=\"font-weight: 400;\">Finalmente, a Lua em Virgem nos traz uma energia de praticidade e organiza\u00e7\u00e3o. Este \u00e9 o momento de colocar ordem em nossas vidas, cuidar dos detalhes e estabelecer uma rotina saud\u00e1vel.<\/span><\/p>\n<p><span style=\"font-weight: 400;\">A energia virginiana nos ajuda a analisar nossas tarefas e projetos com um olhar cr\u00edtico, refinando e melhorando cada aspecto da nossa vida cotidiana.<\/span><\/p>\n<p><span style=\"font-weight: 400;\">Ao longo desta semana, aproveite cada fase lunar para se conectar com diferentes aspectos de si mesmo(a). Permita-se mergulhar nas profundezas de suas emo\u00e7\u00f5es, expressar sua criatividade e organizar sua vida de forma que reflita seu verdadeiro eu.<\/span><\/p>\n<p><span style=\"font-weight: 400;\">Estamos juntos nessa jornada c\u00f3smica, aproveitando cada momento para crescer e evoluir.<\/span><\/p>\n<hr \/>\n<h2><b>Lua Nova em C\u00e2ncer&#x1f311;&#x264b;: 05\/07 a 06\/07<\/b><\/h2>\n<p><b><i>Energias:<\/i><\/b><span style=\"font-weight: 400;\"> A Lua Nova em C\u00e2ncer marca o in\u00edcio de um novo ciclo emocional. Este \u00e9 um momento de introspec\u00e7\u00e3o, onde voc\u00ea pode se conectar profundamente com suas emo\u00e7\u00f5es e definir novas inten\u00e7\u00f5es para o futuro.<\/span><\/p>\n<p><b><i>Dicas Semanais:<\/i><\/b><\/p>\n<ul>\n<li style=\"font-weight: 400;\" aria-level=\"1\"><span style=\"font-weight: 400;\">Reflita sobre suas necessidades emocionais e as dos seus entes queridos.<\/span><\/li>\n<li style=\"font-weight: 400;\" aria-level=\"1\"><span style=\"font-weight: 400;\">Comece projetos que envolvam o lar e a fam\u00edlia.<\/span><\/li>\n<li style=\"font-weight: 400;\" aria-level=\"1\"><span style=\"font-weight: 400;\">Pratique o autocuidado e a nutri\u00e7\u00e3o emocional.<\/span><\/li>\n<\/ul>\n<p><b><i>Incenso:<\/i><\/b> <span style=\"font-weight: 400;\">Camomila &#8211; para promover a calma e a clareza emocional.<\/span><\/p>\n<p><b><i>Ritual:<\/i><\/b><span style=\"font-weight: 400;\"> Escreva em um papel suas inten\u00e7\u00f5es e desejos para este novo ciclo. Coloque este papel embaixo de um vaso de planta, simbolizando o crescimento e a nutri\u00e7\u00e3o das suas inten\u00e7\u00f5es.<\/span><\/p>\n<p><b><i>Mantra:<\/i><\/b><span style=\"font-weight: 400;\"> &#8220;Eu me conecto com minhas emo\u00e7\u00f5es e cuido de meu bem-estar e do bem-estar dos que amo.&#8221;<\/span><\/p>\n<hr \/>\n<h2><b>Lua em Le\u00e3o&#x1f311;&#x264c;: 08\/07 a 09\/07<\/b><\/h2>\n<p><b><i>Energias:<\/i><\/b><span style=\"font-weight: 400;\"> Quando a Lua passa por Le\u00e3o, ela traz uma onda de criatividade, confian\u00e7a e auto express\u00e3o. Este \u00e9 o momento de brilhar e mostrar ao mundo quem voc\u00ea realmente \u00e9.<\/span><\/p>\n<p><b><i>Dicas Semanais:<\/i><\/b><\/p>\n<ul>\n<li style=\"font-weight: 400;\" aria-level=\"1\"><span style=\"font-weight: 400;\">Expresse sua criatividade em projetos pessoais.<\/span><\/li>\n<li style=\"font-weight: 400;\" aria-level=\"1\"><span style=\"font-weight: 400;\">Mostre-se confiante em suas habilidades e talentos.<\/span><\/li>\n<li style=\"font-weight: 400;\" aria-level=\"1\"><span style=\"font-weight: 400;\">Celebre suas conquistas e compartilhe sua alegria com os outros.<\/span><\/li>\n<\/ul>\n<p><b><i>Incenso:<\/i><\/b><span style=\"font-weight: 400;\"> Rosa &#8211; para elevar a autoestima e abrir o cora\u00e7\u00e3o.<\/span><\/p>\n<p><b><i>Ritual:<\/i><\/b><span style=\"font-weight: 400;\"> Acenda uma vela dourada e visualize-se alcan\u00e7ando seus objetivos e sendo reconhecido por seus talentos. Sinta a energia do sucesso e da alegria envolvendo voc\u00ea.<\/span><\/p>\n<p><b><i>Mantra:<\/i><\/b><span style=\"font-weight: 400;\"> &#8220;Eu sou confiante e criativo(a). Eu brilho minha luz \u00fanica para o mundo.&#8221;<\/span><\/p>\n<hr \/>\n<h2><b>Lua em Virgem&#x1f311;&#x264d;: 10\/07 a 11\/07<\/b><\/h2>\n<p><b><i>Energias:<\/i><\/b><span style=\"font-weight: 400;\"> Com a Lua em Virgem, a energia se volta para a organiza\u00e7\u00e3o, a sa\u00fade e os detalhes do dia a dia. Este \u00e9 um per\u00edodo ideal para colocar ordem em sua vida e cuidar do seu bem-estar f\u00edsico e mental.<\/span><\/p>\n<p><b><i>Dicas Semanais:<\/i><\/b><\/p>\n<ul>\n<li style=\"font-weight: 400;\" aria-level=\"1\"><span style=\"font-weight: 400;\">Organize seu espa\u00e7o de trabalho e sua casa.<\/span><\/li>\n<li style=\"font-weight: 400;\" aria-level=\"1\"><span style=\"font-weight: 400;\">Estabele\u00e7a uma rotina saud\u00e1vel e cuide do seu corpo.<\/span><\/li>\n<li style=\"font-weight: 400;\" aria-level=\"1\"><span style=\"font-weight: 400;\">Analise e refine seus planos e projetos com aten\u00e7\u00e3o aos detalhes.<\/span><\/li>\n<\/ul>\n<p><b><i>Incenso:<\/i><\/b><span style=\"font-weight: 400;\"> Lavanda &#8211; para promover a calma e a clareza mental.<\/span><\/p>\n<p><b><i>Ritual:<\/i><\/b><span style=\"font-weight: 400;\"> Prepare uma infus\u00e3o de ervas calmantes (como camomila e lavanda) e tome um banho relaxante, visualizando todas as preocupa\u00e7\u00f5es e tens\u00f5es sendo lavadas.<\/span><\/p>\n<p><b><i>Mantra:<\/i><\/b><span style=\"font-weight: 400;\"> &#8220;Eu sou organizado(a) e cuidadoso(a). Eu cuido de mim e creio ordem e harmonia em minha vida.&#8221;<\/span><\/p>\n<p><span style=\"font-weight: 400;\">Querido(a) Leitor(a) Fique atento, pois cada fase lunar desta semana oferece uma oportunidade \u00fanica para crescer, inovar e se renovar. <\/span><span style=\"font-weight: 400;\"><\/p>\n<p><\/span><\/p>\n<p><span style=\"font-weight: 400;\">Muita luz e prote\u00e7\u00e3o em sua vida!<\/span><\/p>\n\n\n<div class=\"kk-star-ratings kksr-auto kksr-align-left kksr-valign-bottom\"\n    data-payload='{&quot;align&quot;:&quot;left&quot;,&quot;id&quot;:&quot;40753&quot;,&quot;slug&quot;:&quot;default&quot;,&quot;valign&quot;:&quot;bottom&quot;,&quot;ignore&quot;:&quot;&quot;,&quot;reference&quot;:&quot;auto&quot;,&quot;class&quot;:&quot;&quot;,&quot;count&quot;:&quot;0&quot;,&quot;legendonly&quot;:&quot;&quot;,&quot;readonly&quot;:&quot;&quot;,&quot;score&quot;:&quot;0&quot;,&quot;starsonly&quot;:&quot;&quot;,&quot;best&quot;:&quot;5&quot;,&quot;gap&quot;:&quot;5&quot;,&quot;greet&quot;:&quot;Rate this post&quot;,&quot;legend&quot;:&quot;0\\\/5 - (0 voto)&quot;,&quot;size&quot;:&quot;24&quot;,&quot;title&quot;:&quot;A Energia dos Ciclos Lunares de 05\\\/07 a 12\\\/07&quot;,&quot;width&quot;:&quot;0&quot;,&quot;_legend&quot;:&quot;{score}\\\/{best} - ({count} {votes})&quot;,&quot;font_factor&quot;:&quot;1.25&quot;}'>\n            \n<div class=\"kksr-stars\">\n    \n<div class=\"kksr-stars-inactive\">\n            <div class=\"kksr-star\" data-star=\"1\" style=\"padding-right: 5px\">\n            \n\n<div class=\"kksr-icon\" style=\"width: 24px; height: 24px;\"><\/div>\n        <\/div>\n            <div class=\"kksr-star\" data-star=\"2\" style=\"padding-right: 5px\">\n            \n\n<div class=\"kksr-icon\" style=\"width: 24px; height: 24px;\"><\/div>\n        <\/div>\n            <div class=\"kksr-star\" data-star=\"3\" style=\"padding-right: 5px\">\n            \n\n<div class=\"kksr-icon\" style=\"width: 24px; height: 24px;\"><\/div>\n        <\/div>\n            <div class=\"kksr-star\" data-star=\"4\" style=\"padding-right: 5px\">\n            \n\n<div class=\"kksr-icon\" style=\"width: 24px; height: 24px;\"><\/div>\n        <\/div>\n            <div class=\"kksr-star\" data-star=\"5\" style=\"padding-right: 5px\">\n            \n\n<div class=\"kksr-icon\" style=\"width: 24px; height: 24px;\"><\/div>\n        <\/div>\n    <\/div>\n    \n<div class=\"kksr-stars-active\" style=\"width: 0px;\">\n            <div class=\"kksr-star\" style=\"padding-right: 5px\">\n            \n\n<div class=\"kksr-icon\" style=\"width: 24px; height: 24px;\"><\/div>\n        <\/div>\n            <div class=\"kksr-star\" style=\"padding-right: 5px\">\n            \n\n<div class=\"kksr-icon\" style=\"width: 24px; height: 24px;\"><\/div>\n        <\/div>\n            <div class=\"kksr-star\" style=\"padding-right: 5px\">\n            \n\n<div class=\"kksr-icon\" style=\"width: 24px; height: 24px;\"><\/div>\n        <\/div>\n            <div class=\"kksr-star\" style=\"padding-right: 5px\">\n            \n\n<div class=\"kksr-icon\" style=\"width: 24px; height: 24px;\"><\/div>\n        <\/div>\n            <div class=\"kksr-star\" style=\"padding-right: 5px\">\n            \n\n<div class=\"kksr-icon\" style=\"width: 24px; height: 24px;\"><\/div>\n        <\/div>\n    <\/div>\n<\/div>\n                \n\n<div class=\"kksr-legend\" style=\"font-size: 19.2px;\">\n            <span class=\"kksr-muted\">Rate this post<\/span>\n    <\/div>\n    <\/div>\n","protected":false},"excerpt":{"rendered":"<p>Um Per\u00edodo de Renova\u00e7\u00e3o, Transforma\u00e7\u00e3o e Clareza Nesta semana amado(a) leitor, o c\u00e9u nos presenteia com uma sequ\u00eancia de ciclos lunares que nos convidam a uma jornada de renova\u00e7\u00e3o emocional, express\u00e3o criativa e organiza\u00e7\u00e3o pr\u00e1tica. A energia lunar estar\u00e1 em constante movimento, come\u00e7ando com a profunda introspec\u00e7\u00e3o da Lua Nova em C\u00e2ncer, passando pela vibrante [&hellip;]<\/p>\n","protected":false},"author":158,"featured_media":40190,"comment_status":"closed","ping_status":"closed","sticky":false,"template":"","format":"standard","meta":{"footnotes":""},"categories":[517],"tags":[],"class_list":["post-40753","post","type-post","status-publish","format-standard","has-post-thumbnail","hentry","category-astrologia"],"yoast_head":"<!-- This site is optimized with the Yoast SEO plugin v27.4 - https:\/\/yoast.com\/product\/yoast-seo-wordpress\/ -->\n<title>A Energia dos Ciclos Lunares de 05\/07 a 12\/07 - iQuilibrio<\/title>\n<meta name=\"robots\" content=\"index, follow, max-snippet:-1, max-image-preview:large, max-video-preview:-1\" \/>\n<link rel=\"canonical\" href=\"https:\/\/www.iquilibrio.com\/blog\/astrologia\/a-energia-dos-ciclos-lunares-de-05-07-a-12-07\/\" \/>\n<meta property=\"og:locale\" content=\"pt_BR\" \/>\n<meta property=\"og:type\" content=\"article\" \/>\n<meta property=\"og:title\" content=\"A Energia dos Ciclos Lunares de 05\/07 a 12\/07 - iQuilibrio\" \/>\n<meta property=\"og:description\" content=\"Um Per\u00edodo de Renova\u00e7\u00e3o, Transforma\u00e7\u00e3o e Clareza Nesta semana amado(a) leitor, o c\u00e9u nos presenteia com uma sequ\u00eancia de ciclos lunares que nos convidam a uma jornada de renova\u00e7\u00e3o emocional, express\u00e3o criativa e organiza\u00e7\u00e3o pr\u00e1tica. A energia lunar estar\u00e1 em constante movimento, come\u00e7ando com a profunda introspec\u00e7\u00e3o da Lua Nova em C\u00e2ncer, passando pela vibrante [&hellip;]\" \/>\n<meta property=\"og:url\" content=\"https:\/\/www.iquilibrio.com\/blog\/astrologia\/a-energia-dos-ciclos-lunares-de-05-07-a-12-07\/\" \/>\n<meta property=\"og:site_name\" content=\"iQuilibrio\" \/>\n<meta property=\"article:publisher\" content=\"https:\/\/www.facebook.com\/iQuilibrio\/\" \/>\n<meta property=\"article:published_time\" content=\"2024-06-27T05:02:17+00:00\" \/>\n<meta property=\"og:image\" content=\"https:\/\/www.iquilibrio.com\/blog\/wp-content\/uploads\/2024\/02\/BLOG-Passagens-lunares-iQui.jpg\" \/>\n\t<meta property=\"og:image:width\" content=\"900\" \/>\n\t<meta property=\"og:image:height\" content=\"560\" \/>\n\t<meta property=\"og:image:type\" content=\"image\/jpeg\" \/>\n<meta name=\"author\" content=\"Arthur Peroni\" \/>\n<meta name=\"twitter:card\" content=\"summary_large_image\" \/>\n<meta name=\"twitter:creator\" content=\"@iquilibrio\" \/>\n<meta name=\"twitter:site\" content=\"@iquilibrio\" \/>\n<meta name=\"twitter:label1\" content=\"Escrito por\" \/>\n\t<meta name=\"twitter:data1\" content=\"Arthur Peroni\" \/>\n\t<meta name=\"twitter:label2\" content=\"Est. tempo de leitura\" \/>\n\t<meta name=\"twitter:data2\" content=\"5 minutos\" \/>\n<script type=\"application\/ld+json\" class=\"yoast-schema-graph\">{\"@context\":\"https:\\\/\\\/schema.org\",\"@graph\":[{\"@type\":\"Article\",\"@id\":\"https:\\\/\\\/www.iquilibrio.com\\\/blog\\\/astrologia\\\/a-energia-dos-ciclos-lunares-de-05-07-a-12-07\\\/#article\",\"isPartOf\":{\"@id\":\"https:\\\/\\\/www.iquilibrio.com\\\/blog\\\/astrologia\\\/a-energia-dos-ciclos-lunares-de-05-07-a-12-07\\\/\"},\"author\":{\"name\":\"Arthur Peroni\",\"@id\":\"https:\\\/\\\/www.iquilibrio.com\\\/blog\\\/#\\\/schema\\\/person\\\/21ae990723c2e5a1170c9a06dacb4d3d\"},\"headline\":\"A Energia dos Ciclos Lunares de 05\\\/07 a 12\\\/07\",\"datePublished\":\"2024-06-27T05:02:17+00:00\",\"mainEntityOfPage\":{\"@id\":\"https:\\\/\\\/www.iquilibrio.com\\\/blog\\\/astrologia\\\/a-energia-dos-ciclos-lunares-de-05-07-a-12-07\\\/\"},\"wordCount\":802,\"publisher\":{\"@id\":\"https:\\\/\\\/www.iquilibrio.com\\\/blog\\\/#organization\"},\"image\":{\"@id\":\"https:\\\/\\\/www.iquilibrio.com\\\/blog\\\/astrologia\\\/a-energia-dos-ciclos-lunares-de-05-07-a-12-07\\\/#primaryimage\"},\"thumbnailUrl\":\"https:\\\/\\\/www.iquilibrio.com\\\/blog\\\/wp-content\\\/uploads\\\/2024\\\/02\\\/BLOG-Passagens-lunares-iQui.jpg\",\"articleSection\":[\"Astrologia\"],\"inLanguage\":\"pt-BR\"},{\"@type\":\"WebPage\",\"@id\":\"https:\\\/\\\/www.iquilibrio.com\\\/blog\\\/astrologia\\\/a-energia-dos-ciclos-lunares-de-05-07-a-12-07\\\/\",\"url\":\"https:\\\/\\\/www.iquilibrio.com\\\/blog\\\/astrologia\\\/a-energia-dos-ciclos-lunares-de-05-07-a-12-07\\\/\",\"name\":\"A Energia dos Ciclos Lunares de 05\\\/07 a 12\\\/07 - iQuilibrio\",\"isPartOf\":{\"@id\":\"https:\\\/\\\/www.iquilibrio.com\\\/blog\\\/#website\"},\"primaryImageOfPage\":{\"@id\":\"https:\\\/\\\/www.iquilibrio.com\\\/blog\\\/astrologia\\\/a-energia-dos-ciclos-lunares-de-05-07-a-12-07\\\/#primaryimage\"},\"image\":{\"@id\":\"https:\\\/\\\/www.iquilibrio.com\\\/blog\\\/astrologia\\\/a-energia-dos-ciclos-lunares-de-05-07-a-12-07\\\/#primaryimage\"},\"thumbnailUrl\":\"https:\\\/\\\/www.iquilibrio.com\\\/blog\\\/wp-content\\\/uploads\\\/2024\\\/02\\\/BLOG-Passagens-lunares-iQui.jpg\",\"datePublished\":\"2024-06-27T05:02:17+00:00\",\"breadcrumb\":{\"@id\":\"https:\\\/\\\/www.iquilibrio.com\\\/blog\\\/astrologia\\\/a-energia-dos-ciclos-lunares-de-05-07-a-12-07\\\/#breadcrumb\"},\"inLanguage\":\"pt-BR\",\"potentialAction\":[{\"@type\":\"ReadAction\",\"target\":[\"https:\\\/\\\/www.iquilibrio.com\\\/blog\\\/astrologia\\\/a-energia-dos-ciclos-lunares-de-05-07-a-12-07\\\/\"]}]},{\"@type\":\"ImageObject\",\"inLanguage\":\"pt-BR\",\"@id\":\"https:\\\/\\\/www.iquilibrio.com\\\/blog\\\/astrologia\\\/a-energia-dos-ciclos-lunares-de-05-07-a-12-07\\\/#primaryimage\",\"url\":\"https:\\\/\\\/www.iquilibrio.com\\\/blog\\\/wp-content\\\/uploads\\\/2024\\\/02\\\/BLOG-Passagens-lunares-iQui.jpg\",\"contentUrl\":\"https:\\\/\\\/www.iquilibrio.com\\\/blog\\\/wp-content\\\/uploads\\\/2024\\\/02\\\/BLOG-Passagens-lunares-iQui.jpg\",\"width\":900,\"height\":560},{\"@type\":\"BreadcrumbList\",\"@id\":\"https:\\\/\\\/www.iquilibrio.com\\\/blog\\\/astrologia\\\/a-energia-dos-ciclos-lunares-de-05-07-a-12-07\\\/#breadcrumb\",\"itemListElement\":[{\"@type\":\"ListItem\",\"position\":1,\"name\":\"In\u00edcio\",\"item\":\"https:\\\/\\\/www.iquilibrio.com\\\/blog\\\/\"},{\"@type\":\"ListItem\",\"position\":2,\"name\":\"A Energia dos Ciclos Lunares de 05\\\/07 a 12\\\/07\"}]},{\"@type\":\"WebSite\",\"@id\":\"https:\\\/\\\/www.iquilibrio.com\\\/blog\\\/#website\",\"url\":\"https:\\\/\\\/www.iquilibrio.com\\\/blog\\\/\",\"name\":\"iQuilibrio\",\"description\":\"Blog iQuilibrio\",\"publisher\":{\"@id\":\"https:\\\/\\\/www.iquilibrio.com\\\/blog\\\/#organization\"},\"potentialAction\":[{\"@type\":\"SearchAction\",\"target\":{\"@type\":\"EntryPoint\",\"urlTemplate\":\"https:\\\/\\\/www.iquilibrio.com\\\/blog\\\/?s={search_term_string}\"},\"query-input\":{\"@type\":\"PropertyValueSpecification\",\"valueRequired\":true,\"valueName\":\"search_term_string\"}}],\"inLanguage\":\"pt-BR\"},{\"@type\":\"Organization\",\"@id\":\"https:\\\/\\\/www.iquilibrio.com\\\/blog\\\/#organization\",\"name\":\"Esoterismo, Misticismo e Tarot Online - iQuilibrio\",\"url\":\"https:\\\/\\\/www.iquilibrio.com\\\/blog\\\/\",\"logo\":{\"@type\":\"ImageObject\",\"inLanguage\":\"pt-BR\",\"@id\":\"https:\\\/\\\/www.iquilibrio.com\\\/blog\\\/#\\\/schema\\\/logo\\\/image\\\/\",\"url\":\"https:\\\/\\\/www.iquilibrio.com\\\/blog\\\/wp-content\\\/uploads\\\/2018\\\/12\\\/iquilibrio_lovo_vetor_preto-retina.png\",\"contentUrl\":\"https:\\\/\\\/www.iquilibrio.com\\\/blog\\\/wp-content\\\/uploads\\\/2018\\\/12\\\/iquilibrio_lovo_vetor_preto-retina.png\",\"width\":972,\"height\":180,\"caption\":\"Esoterismo, Misticismo e Tarot Online - iQuilibrio\"},\"image\":{\"@id\":\"https:\\\/\\\/www.iquilibrio.com\\\/blog\\\/#\\\/schema\\\/logo\\\/image\\\/\"},\"sameAs\":[\"https:\\\/\\\/www.facebook.com\\\/iQuilibrio\\\/\",\"https:\\\/\\\/x.com\\\/iquilibrio\",\"https:\\\/\\\/www.instagram.com\\\/iquilibrio\\\/\",\"https:\\\/\\\/www.linkedin.com\\\/company\\\/iquilibrio\\\/\",\"https:\\\/\\\/br.pinterest.com\\\/iquilibrio1397\\\/\",\"https:\\\/\\\/www.youtube.com\\\/channel\\\/UC175qxd-4Zsi4wzawT5zF2g\"]},{\"@type\":\"Person\",\"@id\":\"https:\\\/\\\/www.iquilibrio.com\\\/blog\\\/#\\\/schema\\\/person\\\/21ae990723c2e5a1170c9a06dacb4d3d\",\"name\":\"Arthur Peroni\",\"image\":{\"@type\":\"ImageObject\",\"inLanguage\":\"pt-BR\",\"@id\":\"https:\\\/\\\/www.iquilibrio.com\\\/blog\\\/wp-content\\\/uploads\\\/2023\\\/04\\\/Arthur-Peroni-150x150.jpg\",\"url\":\"https:\\\/\\\/www.iquilibrio.com\\\/blog\\\/wp-content\\\/uploads\\\/2023\\\/04\\\/Arthur-Peroni-150x150.jpg\",\"contentUrl\":\"https:\\\/\\\/www.iquilibrio.com\\\/blog\\\/wp-content\\\/uploads\\\/2023\\\/04\\\/Arthur-Peroni-150x150.jpg\",\"caption\":\"Arthur Peroni\"},\"description\":\"Arthur Peroni escreve sobre a vida, o universo e tudo mais. Amante da literatura m\u00edstica, e fic\u00e7\u00e3o, descobriu sua carreira de redator gra\u00e7as ao h\u00e1bito de leitura constante sobre fantasia e drama. Nas horas vagas, gosta de cozinhar, ler e ver filmes antigos. J\u00e1 trabalhou com, comunica\u00e7\u00e3o social, massoterapia, terapias hol\u00edsticas e design de interiores. Atualmente trabalha como redator SEO e se entusiasma com tudo o que \u00e9 esot\u00e9rico. Gosta de discutir sobre assuntos complexos e instigantes, e v\u00ea na escrita uma oportunidade de aprender e criar todos os dias, mentalmente e espiritualmente.\",\"url\":\"https:\\\/\\\/www.iquilibrio.com\\\/blog\\\/author\\\/raul-vinicius\\\/\"}]}<\/script>\n<!-- \/ Yoast SEO plugin. -->","yoast_head_json":{"title":"A Energia dos Ciclos Lunares de 05\/07 a 12\/07 - iQuilibrio","robots":{"index":"index","follow":"follow","max-snippet":"max-snippet:-1","max-image-preview":"max-image-preview:large","max-video-preview":"max-video-preview:-1"},"canonical":"https:\/\/www.iquilibrio.com\/blog\/astrologia\/a-energia-dos-ciclos-lunares-de-05-07-a-12-07\/","og_locale":"pt_BR","og_type":"article","og_title":"A Energia dos Ciclos Lunares de 05\/07 a 12\/07 - iQuilibrio","og_description":"Um Per\u00edodo de Renova\u00e7\u00e3o, Transforma\u00e7\u00e3o e Clareza Nesta semana amado(a) leitor, o c\u00e9u nos presenteia com uma sequ\u00eancia de ciclos lunares que nos convidam a uma jornada de renova\u00e7\u00e3o emocional, express\u00e3o criativa e organiza\u00e7\u00e3o pr\u00e1tica. A energia lunar estar\u00e1 em constante movimento, come\u00e7ando com a profunda introspec\u00e7\u00e3o da Lua Nova em C\u00e2ncer, passando pela vibrante [&hellip;]","og_url":"https:\/\/www.iquilibrio.com\/blog\/astrologia\/a-energia-dos-ciclos-lunares-de-05-07-a-12-07\/","og_site_name":"iQuilibrio","article_publisher":"https:\/\/www.facebook.com\/iQuilibrio\/","article_published_time":"2024-06-27T05:02:17+00:00","og_image":[{"width":900,"height":560,"url":"https:\/\/www.iquilibrio.com\/blog\/wp-content\/uploads\/2024\/02\/BLOG-Passagens-lunares-iQui.jpg","type":"image\/jpeg"}],"author":"Arthur Peroni","twitter_card":"summary_large_image","twitter_creator":"@iquilibrio","twitter_site":"@iquilibrio","twitter_misc":{"Escrito por":"Arthur Peroni","Est. tempo de leitura":"5 minutos"},"schema":{"@context":"https:\/\/schema.org","@graph":[{"@type":"Article","@id":"https:\/\/www.iquilibrio.com\/blog\/astrologia\/a-energia-dos-ciclos-lunares-de-05-07-a-12-07\/#article","isPartOf":{"@id":"https:\/\/www.iquilibrio.com\/blog\/astrologia\/a-energia-dos-ciclos-lunares-de-05-07-a-12-07\/"},"author":{"name":"Arthur Peroni","@id":"https:\/\/www.iquilibrio.com\/blog\/#\/schema\/person\/21ae990723c2e5a1170c9a06dacb4d3d"},"headline":"A Energia dos Ciclos Lunares de 05\/07 a 12\/07","datePublished":"2024-06-27T05:02:17+00:00","mainEntityOfPage":{"@id":"https:\/\/www.iquilibrio.com\/blog\/astrologia\/a-energia-dos-ciclos-lunares-de-05-07-a-12-07\/"},"wordCount":802,"publisher":{"@id":"https:\/\/www.iquilibrio.com\/blog\/#organization"},"image":{"@id":"https:\/\/www.iquilibrio.com\/blog\/astrologia\/a-energia-dos-ciclos-lunares-de-05-07-a-12-07\/#primaryimage"},"thumbnailUrl":"https:\/\/www.iquilibrio.com\/blog\/wp-content\/uploads\/2024\/02\/BLOG-Passagens-lunares-iQui.jpg","articleSection":["Astrologia"],"inLanguage":"pt-BR"},{"@type":"WebPage","@id":"https:\/\/www.iquilibrio.com\/blog\/astrologia\/a-energia-dos-ciclos-lunares-de-05-07-a-12-07\/","url":"https:\/\/www.iquilibrio.com\/blog\/astrologia\/a-energia-dos-ciclos-lunares-de-05-07-a-12-07\/","name":"A Energia dos Ciclos Lunares de 05\/07 a 12\/07 - iQuilibrio","isPartOf":{"@id":"https:\/\/www.iquilibrio.com\/blog\/#website"},"primaryImageOfPage":{"@id":"https:\/\/www.iquilibrio.com\/blog\/astrologia\/a-energia-dos-ciclos-lunares-de-05-07-a-12-07\/#primaryimage"},"image":{"@id":"https:\/\/www.iquilibrio.com\/blog\/astrologia\/a-energia-dos-ciclos-lunares-de-05-07-a-12-07\/#primaryimage"},"thumbnailUrl":"https:\/\/www.iquilibrio.com\/blog\/wp-content\/uploads\/2024\/02\/BLOG-Passagens-lunares-iQui.jpg","datePublished":"2024-06-27T05:02:17+00:00","breadcrumb":{"@id":"https:\/\/www.iquilibrio.com\/blog\/astrologia\/a-energia-dos-ciclos-lunares-de-05-07-a-12-07\/#breadcrumb"},"inLanguage":"pt-BR","potentialAction":[{"@type":"ReadAction","target":["https:\/\/www.iquilibrio.com\/blog\/astrologia\/a-energia-dos-ciclos-lunares-de-05-07-a-12-07\/"]}]},{"@type":"ImageObject","inLanguage":"pt-BR","@id":"https:\/\/www.iquilibrio.com\/blog\/astrologia\/a-energia-dos-ciclos-lunares-de-05-07-a-12-07\/#primaryimage","url":"https:\/\/www.iquilibrio.com\/blog\/wp-content\/uploads\/2024\/02\/BLOG-Passagens-lunares-iQui.jpg","contentUrl":"https:\/\/www.iquilibrio.com\/blog\/wp-content\/uploads\/2024\/02\/BLOG-Passagens-lunares-iQui.jpg","width":900,"height":560},{"@type":"BreadcrumbList","@id":"https:\/\/www.iquilibrio.com\/blog\/astrologia\/a-energia-dos-ciclos-lunares-de-05-07-a-12-07\/#breadcrumb","itemListElement":[{"@type":"ListItem","position":1,"name":"In\u00edcio","item":"https:\/\/www.iquilibrio.com\/blog\/"},{"@type":"ListItem","position":2,"name":"A Energia dos Ciclos Lunares de 05\/07 a 12\/07"}]},{"@type":"WebSite","@id":"https:\/\/www.iquilibrio.com\/blog\/#website","url":"https:\/\/www.iquilibrio.com\/blog\/","name":"iQuilibrio","description":"Blog iQuilibrio","publisher":{"@id":"https:\/\/www.iquilibrio.com\/blog\/#organization"},"potentialAction":[{"@type":"SearchAction","target":{"@type":"EntryPoint","urlTemplate":"https:\/\/www.iquilibrio.com\/blog\/?s={search_term_string}"},"query-input":{"@type":"PropertyValueSpecification","valueRequired":true,"valueName":"search_term_string"}}],"inLanguage":"pt-BR"},{"@type":"Organization","@id":"https:\/\/www.iquilibrio.com\/blog\/#organization","name":"Esoterismo, Misticismo e Tarot Online - iQuilibrio","url":"https:\/\/www.iquilibrio.com\/blog\/","logo":{"@type":"ImageObject","inLanguage":"pt-BR","@id":"https:\/\/www.iquilibrio.com\/blog\/#\/schema\/logo\/image\/","url":"https:\/\/www.iquilibrio.com\/blog\/wp-content\/uploads\/2018\/12\/iquilibrio_lovo_vetor_preto-retina.png","contentUrl":"https:\/\/www.iquilibrio.com\/blog\/wp-content\/uploads\/2018\/12\/iquilibrio_lovo_vetor_preto-retina.png","width":972,"height":180,"caption":"Esoterismo, Misticismo e Tarot Online - iQuilibrio"},"image":{"@id":"https:\/\/www.iquilibrio.com\/blog\/#\/schema\/logo\/image\/"},"sameAs":["https:\/\/www.facebook.com\/iQuilibrio\/","https:\/\/x.com\/iquilibrio","https:\/\/www.instagram.com\/iquilibrio\/","https:\/\/www.linkedin.com\/company\/iquilibrio\/","https:\/\/br.pinterest.com\/iquilibrio1397\/","https:\/\/www.youtube.com\/channel\/UC175qxd-4Zsi4wzawT5zF2g"]},{"@type":"Person","@id":"https:\/\/www.iquilibrio.com\/blog\/#\/schema\/person\/21ae990723c2e5a1170c9a06dacb4d3d","name":"Arthur Peroni","image":{"@type":"ImageObject","inLanguage":"pt-BR","@id":"https:\/\/www.iquilibrio.com\/blog\/wp-content\/uploads\/2023\/04\/Arthur-Peroni-150x150.jpg","url":"https:\/\/www.iquilibrio.com\/blog\/wp-content\/uploads\/2023\/04\/Arthur-Peroni-150x150.jpg","contentUrl":"https:\/\/www.iquilibrio.com\/blog\/wp-content\/uploads\/2023\/04\/Arthur-Peroni-150x150.jpg","caption":"Arthur Peroni"},"description":"Arthur Peroni escreve sobre a vida, o universo e tudo mais. Amante da literatura m\u00edstica, e fic\u00e7\u00e3o, descobriu sua carreira de redator gra\u00e7as ao h\u00e1bito de leitura constante sobre fantasia e drama. Nas horas vagas, gosta de cozinhar, ler e ver filmes antigos. J\u00e1 trabalhou com, comunica\u00e7\u00e3o social, massoterapia, terapias hol\u00edsticas e design de interiores. Atualmente trabalha como redator SEO e se entusiasma com tudo o que \u00e9 esot\u00e9rico. Gosta de discutir sobre assuntos complexos e instigantes, e v\u00ea na escrita uma oportunidade de aprender e criar todos os dias, mentalmente e espiritualmente.","url":"https:\/\/www.iquilibrio.com\/blog\/author\/raul-vinicius\/"}]}},"_links":{"self":[{"href":"https:\/\/www.iquilibrio.com\/blog\/wp-json\/wp\/v2\/posts\/40753","targetHints":{"allow":["GET"]}}],"collection":[{"href":"https:\/\/www.iquilibrio.com\/blog\/wp-json\/wp\/v2\/posts"}],"about":[{"href":"https:\/\/www.iquilibrio.com\/blog\/wp-json\/wp\/v2\/types\/post"}],"author":[{"embeddable":true,"href":"https:\/\/www.iquilibrio.com\/blog\/wp-json\/wp\/v2\/users\/158"}],"replies":[{"embeddable":true,"href":"https:\/\/www.iquilibrio.com\/blog\/wp-json\/wp\/v2\/comments?post=40753"}],"version-history":[{"count":1,"href":"https:\/\/www.iquilibrio.com\/blog\/wp-json\/wp\/v2\/posts\/40753\/revisions"}],"predecessor-version":[{"id":40754,"href":"https:\/\/www.iquilibrio.com\/blog\/wp-json\/wp\/v2\/posts\/40753\/revisions\/40754"}],"wp:featuredmedia":[{"embeddable":true,"href":"https:\/\/www.iquilibrio.com\/blog\/wp-json\/wp\/v2\/media\/40190"}],"wp:attachment":[{"href":"https:\/\/www.iquilibrio.com\/blog\/wp-json\/wp\/v2\/media?parent=40753"}],"wp:term":[{"taxonomy":"category","embeddable":true,"href":"https:\/\/www.iquilibrio.com\/blog\/wp-json\/wp\/v2\/categories?post=40753"},{"taxonomy":"post_tag","embeddable":true,"href":"https:\/\/www.iquilibrio.com\/blog\/wp-json\/wp\/v2\/tags?post=40753"}],"curies":[{"name":"wp","href":"https:\/\/api.w.org\/{rel}","templated":true}]}}