{"id":40724,"date":"2024-06-16T12:21:52","date_gmt":"2024-06-16T15:21:52","guid":{"rendered":"https:\/\/www.iquilibrio.com\/blog\/?p=40724"},"modified":"2024-06-16T12:21:52","modified_gmt":"2024-06-16T15:21:52","slug":"sol-em-cancer-lagrimas-de-tristeza-ou-alegria-por-tatiana-marinho","status":"publish","type":"post","link":"https:\/\/www.iquilibrio.com\/blog\/astrologia\/sol-em-cancer-lagrimas-de-tristeza-ou-alegria-por-tatiana-marinho\/","title":{"rendered":"Sol em C\u00e2ncer: L\u00e1grimas de tristeza ou alegria? Por Tatiana Marinho"},"content":{"rendered":"<p>O Sol em C\u00e2ncer \u00e9 uma posi\u00e7\u00e3o astrol\u00f3gica profundamente ligada \u00e0s emo\u00e7\u00f5es, \u00e0 sensibilidade e \u00e0 conex\u00e3o com as ra\u00edzes familiares. Nascidos aproximadamente entre <strong>21 de junho e 22 de julho<\/strong>, os cancerianos s\u00e3o conhecidos por sua natureza protetora, intuitiva e altamente emotiva.<\/p>\n<p>Mas o que se esconde por tr\u00e1s dessa fachada sens\u00edvel? S\u00e3o suas l\u00e1grimas de alegria ou de tristeza? Vamos explorar o emocional dos nativos de C\u00e2ncer, desvendando os motivos por tr\u00e1s de suas l\u00e1grimas.<\/p>\n<hr \/>\n<h2>Um Mergulho nas Emo\u00e7\u00f5es<\/h2>\n<p>O signo de C\u00e2ncer \u00e9 simbolizado pelo caranguejo, um animal que carrega sua casa nas costas, representando a import\u00e2ncia do lar e da <a href=\"https:\/\/www.iquilibrio.com\/blog\/espiritualidade\/emocoes-espirituais\/\">seguran\u00e7a emocional<\/a> para esses nativos.<\/p>\n<p>Governado pela Lua, o regente das emo\u00e7\u00f5es, os cancerianos s\u00e3o profundamente conectados aos seus sentimentos e aos sentimentos dos outros. Eles t\u00eam uma habilidade inata de captar e reagir \u00e0s emo\u00e7\u00f5es ao seu redor, o que pode ser tanto uma b\u00ean\u00e7\u00e3o quanto uma maldi\u00e7\u00e3o.<\/p>\n<hr \/>\n<h2>Sensibilidade \u00e0 Flor da Pele<\/h2>\n<p>Cancerianos s\u00e3o extremamente sens\u00edveis e emp\u00e1ticos. Eles sentem as emo\u00e7\u00f5es com uma intensidade que poucos signos conseguem igualar. Essa sensibilidade pode levar a l\u00e1grimas frequentes, seja de alegria ou de tristeza.<\/p>\n<p>Sua habilidade de se conectar emocionalmente com os outros significa que eles muitas vezes choram n\u00e3o apenas por si mesmos, mas tamb\u00e9m pelas dores e alegrias daqueles que amam.<\/p>\n<p style=\"text-align: center;\"><span class=\"td_btn td_btn_md td_round_btn\" style=\"background-color: #666699; color: #ffffff;\"><a style=\"background-color: #666699; color: #ffffff;\" href=\"https:\/\/www.iquilibrio.com\/astrologia\/?utm_campaign=blog_conversao&amp;utm_medium=texto_cta&amp;utm_source=blog&amp;utm_content=2024_cat_astrologia_art_sol-em-cancer\" target=\"_blank\" rel=\"noopener\">Tenha todas as informa\u00e7\u00f5es com a leitura personalizada do seu mapa astral<\/a><\/span><\/p>\n<h2>A Influ\u00eancia da Lua<\/h2>\n<p>A Lua, regente do signo de C\u00e2ncer, muda de fase a cada 28 dias aproximadamente, afetando diretamente o<a href=\"https:\/\/www.iquilibrio.com\/blog\/astrologia\/significado-dos-sonhos\/\"> humor dos cancerianos<\/a>. Esta liga\u00e7\u00e3o lunar faz com que suas emo\u00e7\u00f5es sejam t\u00e3o mut\u00e1veis quanto as mar\u00e9s, influenciando seu estado de esp\u00edrito e a forma como lidam com as situa\u00e7\u00f5es di\u00e1rias.<\/p>\n<p>Por isso, suas l\u00e1grimas podem surgir de maneira inesperada, movidas por lembran\u00e7as, momentos de ternura ou situa\u00e7\u00f5es de estresse, oscilando conforme as mar\u00e9s.<\/p>\n<hr \/>\n<h3>L\u00e1grimas de Alegria&#8230;<\/h3>\n<p>Cancerianos encontram alegria nas pequenas coisas da vida. Momentos de intimidade familiar, conquistas pessoais e <a href=\"https:\/\/www.iquilibrio.com\/blog\/astrologia\/relacionamentos-saudaveis\/\">demonstra\u00e7\u00f5es de amor e afeto<\/a> s\u00e3o capazes de encher seus cora\u00e7\u00f5es de alegria.<\/p>\n<p>Suas l\u00e1grimas de alegria s\u00e3o uma express\u00e3o pura de gratid\u00e3o e felicidade, muitas vezes provocadas por gestos simples e sinceros. Reuni\u00f5es familiares e momentos de uni\u00e3o com entes queridos s\u00e3o extremamente importantes para eles, podendo chorar de alegria ao verem a fam\u00edlia reunida ou ao receberem uma demonstra\u00e7\u00e3o de carinho inesperada.<\/p>\n<p>Eles s\u00e3o experts em superar desafios e alcan\u00e7ar objetivos pessoais, e estes motivos trazem uma enorme satisfa\u00e7\u00e3o emocional. Suas l\u00e1grimas de alegria nesses momentos s\u00e3o um testemunho da sua determina\u00e7\u00e3o e do seu compromisso emocional com suas metas.<\/p>\n<hr \/>\n<h3>L\u00e1grimas de Tristeza&#8230;<\/h3>\n<p>Assim como podem ser profundamente felizes, os cancerianos tamb\u00e9m podem ser profundamente tristes. Sua tend\u00eancia a reviver mem\u00f3rias e a se apegar ao passado pode causar momentos de melancolia.<\/p>\n<p>Perder algu\u00e9m que amam ou enfrentar uma <a href=\"https:\/\/www.astrocentro.com.br\/blog\/amor\/como-proteger-o-seu-namoro-com-dicas-esotericas\/\">despedida dif\u00edcil<\/a> s\u00e3o situa\u00e7\u00f5es que podem trazer l\u00e1grimas abundantes para um canceriano. Sua liga\u00e7\u00e3o emocional forte com os outros faz com que despedidas sejam especialmente dolorosas.<\/p>\n<p>Sua empatia natural significa que eles frequentemente absorvem a dor dos outros. Ver algu\u00e9m que amam sofrer pode trazer l\u00e1grimas de tristeza, mesmo que eles pr\u00f3prios n\u00e3o estejam diretamente afetados pela situa\u00e7\u00e3o.<\/p>\n<hr \/>\n<h3>Equilibrando Emo\u00e7\u00f5es<\/h3>\n<p>Equilibrar suas emo\u00e7\u00f5es \u00e9 crucial para os cancerianos. Aqui est\u00e3o algumas maneiras de lidar com essa montanha-russa emocional:<\/p>\n<ol>\n<li><strong>Autocuidado<\/strong>: Pr\u00e1ticas de autocuidado, como medita\u00e7\u00e3o, yoga e tempo sozinho, podem ajudar os cancerianos a se reconectar consigo mesmos e equilibrar suas emo\u00e7\u00f5es.<\/li>\n<li><strong>Express\u00e3o Criativa<\/strong>: Canalizar suas emo\u00e7\u00f5es atrav\u00e9s da arte, m\u00fasica ou escrita pode ser uma forma saud\u00e1vel de lidar com sentimentos intensos.<\/li>\n<li style=\"text-align: center;\">\n<p style=\"text-align: center;\"><strong>Redes de Apoio<\/strong>: Ter um c\u00edrculo de apoio de amigos e familiares em quem confiam pode oferecer um espa\u00e7o seguro para expressar e processar emo\u00e7\u00f5es.<\/p>\n<p>&nbsp;<\/p>\n<p><span class=\"td_btn td_btn_md td_round_btn\" style=\"background-color: #666699; color: #ffffff;\"><a style=\"background-color: #666699; color: #ffffff;\" href=\"https:\/\/www.iquilibrio.com\/astrologia\/?utm_campaign=blog_conversao&amp;utm_medium=texto_cta&amp;utm_source=blog&amp;utm_content=2024_cat_astrologia_art_sol-em-cancer\" target=\"_blank\" rel=\"noopener\">Confira o seu mapa astral completo!<\/a><\/span><\/p>\n<hr \/>\n<p>&nbsp;<\/li>\n<\/ol>\n<h2>Sentimentos aflorados<\/h2>\n<p>O Sol em C\u00e2ncer ilumina uma jornada emocional rica e complexa, onde l\u00e1grimas de alegria e tristeza se entrela\u00e7am constantemente.<\/p>\n<p>Para os cancerianos, a vida \u00e9 vivida atrav\u00e9s do cora\u00e7\u00e3o, e suas l\u00e1grimas s\u00e3o um reflexo de sua profunda conex\u00e3o com o mundo ao seu redor. Entender e aceitar essa sensibilidade pode ajudar a apreciar a beleza e a profundidade dos nativos de C\u00e2ncer, reconhecendo que suas l\u00e1grimas s\u00e3o um testemunho da autenticidade e da intensidade de suas emo\u00e7\u00f5es.<\/p>\n<p>Aproveite essa compreens\u00e3o para se conectar melhor com os cancerianos em sua vida e valorizar a profundidade emocional que eles trazem para cada intera\u00e7\u00e3o e relacionamento.<\/p>\n<hr \/>\n<p><img loading=\"lazy\" decoding=\"async\" class=\"size-full wp-image-40292 alignleft td-animation-stack-type0-2 td-animation-stack-type0-1\" src=\"https:\/\/www.iquilibrio.com\/blog\/wp-content\/uploads\/2024\/02\/Tatiana-Beco.webp\" sizes=\"auto, (max-width: 358px) 100vw, 358px\" srcset=\"https:\/\/www.iquilibrio.com\/blog\/wp-content\/uploads\/2024\/02\/Tatiana-Beco.webp 358w, https:\/\/www.iquilibrio.com\/blog\/wp-content\/uploads\/2024\/02\/Tatiana-Beco-300x187.webp 300w, https:\/\/www.iquilibrio.com\/blog\/wp-content\/uploads\/2024\/02\/Tatiana-Beco-356x223.webp 356w\" alt=\"\" width=\"358\" height=\"223\" \/>Eu amo orientar as pessoas por meio da astrologia, pois ela me resgatou quando comecei a procurar me conhecer melhor. Visitando e conhecendo todo tipo de lugar espiritual e religioso. Os astros preencheram lacunas, reuniu algumas respostas soltas e outras que estavam pela metade vagando em minha mente.<\/p>\n<p>\u00c0s vezes, s\u00f3 perguntamos e queremos saber algo pontual, mas podemos fazer um giro de 360\u00b0 graus. E mostrado quest\u00f5es das quais n\u00e3o estamos vendo a partir de tal pergunta, o que \u00e9 fant\u00e1stico saber. Fa\u00e7a qualquer pergunta e eu responderei com responsabilidade, sinalizando melhorias, evitando e minimizando desafios, tanto nas coisas boas quanto nas menos boas que precisamos enfrentar.<\/p>\n\n\n<div class=\"kk-star-ratings kksr-auto kksr-align-left kksr-valign-bottom\"\n    data-payload='{&quot;align&quot;:&quot;left&quot;,&quot;id&quot;:&quot;40724&quot;,&quot;slug&quot;:&quot;default&quot;,&quot;valign&quot;:&quot;bottom&quot;,&quot;ignore&quot;:&quot;&quot;,&quot;reference&quot;:&quot;auto&quot;,&quot;class&quot;:&quot;&quot;,&quot;count&quot;:&quot;0&quot;,&quot;legendonly&quot;:&quot;&quot;,&quot;readonly&quot;:&quot;&quot;,&quot;score&quot;:&quot;0&quot;,&quot;starsonly&quot;:&quot;&quot;,&quot;best&quot;:&quot;5&quot;,&quot;gap&quot;:&quot;5&quot;,&quot;greet&quot;:&quot;Rate this post&quot;,&quot;legend&quot;:&quot;0\\\/5 - (0 voto)&quot;,&quot;size&quot;:&quot;24&quot;,&quot;title&quot;:&quot;Sol em C\u00e2ncer: L\u00e1grimas de tristeza ou alegria? Por Tatiana Marinho&quot;,&quot;width&quot;:&quot;0&quot;,&quot;_legend&quot;:&quot;{score}\\\/{best} - ({count} {votes})&quot;,&quot;font_factor&quot;:&quot;1.25&quot;}'>\n            \n<div class=\"kksr-stars\">\n    \n<div class=\"kksr-stars-inactive\">\n            <div class=\"kksr-star\" data-star=\"1\" style=\"padding-right: 5px\">\n            \n\n<div class=\"kksr-icon\" style=\"width: 24px; height: 24px;\"><\/div>\n        <\/div>\n            <div class=\"kksr-star\" data-star=\"2\" style=\"padding-right: 5px\">\n            \n\n<div class=\"kksr-icon\" style=\"width: 24px; height: 24px;\"><\/div>\n        <\/div>\n            <div class=\"kksr-star\" data-star=\"3\" style=\"padding-right: 5px\">\n            \n\n<div class=\"kksr-icon\" style=\"width: 24px; height: 24px;\"><\/div>\n        <\/div>\n            <div class=\"kksr-star\" data-star=\"4\" style=\"padding-right: 5px\">\n            \n\n<div class=\"kksr-icon\" style=\"width: 24px; height: 24px;\"><\/div>\n        <\/div>\n            <div class=\"kksr-star\" data-star=\"5\" style=\"padding-right: 5px\">\n            \n\n<div class=\"kksr-icon\" style=\"width: 24px; height: 24px;\"><\/div>\n        <\/div>\n    <\/div>\n    \n<div class=\"kksr-stars-active\" style=\"width: 0px;\">\n            <div class=\"kksr-star\" style=\"padding-right: 5px\">\n            \n\n<div class=\"kksr-icon\" style=\"width: 24px; height: 24px;\"><\/div>\n        <\/div>\n            <div class=\"kksr-star\" style=\"padding-right: 5px\">\n            \n\n<div class=\"kksr-icon\" style=\"width: 24px; height: 24px;\"><\/div>\n        <\/div>\n            <div class=\"kksr-star\" style=\"padding-right: 5px\">\n            \n\n<div class=\"kksr-icon\" style=\"width: 24px; height: 24px;\"><\/div>\n        <\/div>\n            <div class=\"kksr-star\" style=\"padding-right: 5px\">\n            \n\n<div class=\"kksr-icon\" style=\"width: 24px; height: 24px;\"><\/div>\n        <\/div>\n            <div class=\"kksr-star\" style=\"padding-right: 5px\">\n            \n\n<div class=\"kksr-icon\" style=\"width: 24px; height: 24px;\"><\/div>\n        <\/div>\n    <\/div>\n<\/div>\n                \n\n<div class=\"kksr-legend\" style=\"font-size: 19.2px;\">\n            <span class=\"kksr-muted\">Rate this post<\/span>\n    <\/div>\n    <\/div>\n","protected":false},"excerpt":{"rendered":"<p>O Sol em C\u00e2ncer \u00e9 uma posi\u00e7\u00e3o astrol\u00f3gica profundamente ligada \u00e0s emo\u00e7\u00f5es, \u00e0 sensibilidade e \u00e0 conex\u00e3o com as ra\u00edzes familiares. Nascidos aproximadamente entre 21 de junho e 22 de julho, os cancerianos s\u00e3o conhecidos por sua natureza protetora, intuitiva e altamente emotiva. Mas o que se esconde por tr\u00e1s dessa fachada sens\u00edvel? S\u00e3o suas [&hellip;]<\/p>\n","protected":false},"author":158,"featured_media":40725,"comment_status":"closed","ping_status":"closed","sticky":false,"template":"","format":"standard","meta":{"footnotes":""},"categories":[517],"tags":[],"class_list":["post-40724","post","type-post","status-publish","format-standard","has-post-thumbnail","hentry","category-astrologia"],"yoast_head":"<!-- This site is optimized with the Yoast SEO plugin v27.4 - https:\/\/yoast.com\/product\/yoast-seo-wordpress\/ -->\n<title>Sol em C\u00e2ncer: Emo\u00e7\u00f5es \u00e0 Flor da Pele e Sensibilidade Profunda<\/title>\n<meta name=\"description\" content=\"Descubra como o Sol em C\u00e2ncer influencia as emo\u00e7\u00f5es e a sensibilidade dos cancerianos. Entenda como \u00e9 fundamental equilibrar as emo\u00e7\u00f5es.\" \/>\n<meta name=\"robots\" content=\"index, follow, max-snippet:-1, max-image-preview:large, max-video-preview:-1\" \/>\n<link rel=\"canonical\" href=\"https:\/\/www.iquilibrio.com\/blog\/astrologia\/sol-em-cancer-lagrimas-de-tristeza-ou-alegria-por-tatiana-marinho\/\" \/>\n<meta property=\"og:locale\" content=\"pt_BR\" \/>\n<meta property=\"og:type\" content=\"article\" \/>\n<meta property=\"og:title\" content=\"Sol em C\u00e2ncer: Emo\u00e7\u00f5es \u00e0 Flor da Pele e Sensibilidade Profunda\" \/>\n<meta property=\"og:description\" content=\"Descubra como o Sol em C\u00e2ncer influencia as emo\u00e7\u00f5es e a sensibilidade dos cancerianos. Entenda como \u00e9 fundamental equilibrar as emo\u00e7\u00f5es.\" \/>\n<meta property=\"og:url\" content=\"https:\/\/www.iquilibrio.com\/blog\/astrologia\/sol-em-cancer-lagrimas-de-tristeza-ou-alegria-por-tatiana-marinho\/\" \/>\n<meta property=\"og:site_name\" content=\"iQuilibrio\" \/>\n<meta property=\"article:publisher\" content=\"https:\/\/www.facebook.com\/iQuilibrio\/\" \/>\n<meta property=\"article:published_time\" content=\"2024-06-16T15:21:52+00:00\" \/>\n<meta property=\"og:image\" content=\"https:\/\/www.iquilibrio.com\/blog\/wp-content\/uploads\/2024\/06\/Sol-em-cancer.jpg\" \/>\n\t<meta property=\"og:image:width\" content=\"900\" \/>\n\t<meta property=\"og:image:height\" content=\"560\" \/>\n\t<meta property=\"og:image:type\" content=\"image\/jpeg\" \/>\n<meta name=\"author\" content=\"Arthur Peroni\" \/>\n<meta name=\"twitter:card\" content=\"summary_large_image\" \/>\n<meta name=\"twitter:creator\" content=\"@iquilibrio\" \/>\n<meta name=\"twitter:site\" content=\"@iquilibrio\" \/>\n<meta name=\"twitter:label1\" content=\"Escrito por\" \/>\n\t<meta name=\"twitter:data1\" content=\"Arthur Peroni\" \/>\n\t<meta name=\"twitter:label2\" content=\"Est. tempo de leitura\" \/>\n\t<meta name=\"twitter:data2\" content=\"5 minutos\" \/>\n<script type=\"application\/ld+json\" class=\"yoast-schema-graph\">{\"@context\":\"https:\\\/\\\/schema.org\",\"@graph\":[{\"@type\":\"Article\",\"@id\":\"https:\\\/\\\/www.iquilibrio.com\\\/blog\\\/astrologia\\\/sol-em-cancer-lagrimas-de-tristeza-ou-alegria-por-tatiana-marinho\\\/#article\",\"isPartOf\":{\"@id\":\"https:\\\/\\\/www.iquilibrio.com\\\/blog\\\/astrologia\\\/sol-em-cancer-lagrimas-de-tristeza-ou-alegria-por-tatiana-marinho\\\/\"},\"author\":{\"name\":\"Arthur Peroni\",\"@id\":\"https:\\\/\\\/www.iquilibrio.com\\\/blog\\\/#\\\/schema\\\/person\\\/21ae990723c2e5a1170c9a06dacb4d3d\"},\"headline\":\"Sol em C\u00e2ncer: L\u00e1grimas de tristeza ou alegria? Por Tatiana Marinho\",\"datePublished\":\"2024-06-16T15:21:52+00:00\",\"mainEntityOfPage\":{\"@id\":\"https:\\\/\\\/www.iquilibrio.com\\\/blog\\\/astrologia\\\/sol-em-cancer-lagrimas-de-tristeza-ou-alegria-por-tatiana-marinho\\\/\"},\"wordCount\":949,\"publisher\":{\"@id\":\"https:\\\/\\\/www.iquilibrio.com\\\/blog\\\/#organization\"},\"image\":{\"@id\":\"https:\\\/\\\/www.iquilibrio.com\\\/blog\\\/astrologia\\\/sol-em-cancer-lagrimas-de-tristeza-ou-alegria-por-tatiana-marinho\\\/#primaryimage\"},\"thumbnailUrl\":\"https:\\\/\\\/www.iquilibrio.com\\\/blog\\\/wp-content\\\/uploads\\\/2024\\\/06\\\/Sol-em-cancer.jpg\",\"articleSection\":[\"Astrologia\"],\"inLanguage\":\"pt-BR\"},{\"@type\":\"WebPage\",\"@id\":\"https:\\\/\\\/www.iquilibrio.com\\\/blog\\\/astrologia\\\/sol-em-cancer-lagrimas-de-tristeza-ou-alegria-por-tatiana-marinho\\\/\",\"url\":\"https:\\\/\\\/www.iquilibrio.com\\\/blog\\\/astrologia\\\/sol-em-cancer-lagrimas-de-tristeza-ou-alegria-por-tatiana-marinho\\\/\",\"name\":\"Sol em C\u00e2ncer: Emo\u00e7\u00f5es \u00e0 Flor da Pele e Sensibilidade Profunda\",\"isPartOf\":{\"@id\":\"https:\\\/\\\/www.iquilibrio.com\\\/blog\\\/#website\"},\"primaryImageOfPage\":{\"@id\":\"https:\\\/\\\/www.iquilibrio.com\\\/blog\\\/astrologia\\\/sol-em-cancer-lagrimas-de-tristeza-ou-alegria-por-tatiana-marinho\\\/#primaryimage\"},\"image\":{\"@id\":\"https:\\\/\\\/www.iquilibrio.com\\\/blog\\\/astrologia\\\/sol-em-cancer-lagrimas-de-tristeza-ou-alegria-por-tatiana-marinho\\\/#primaryimage\"},\"thumbnailUrl\":\"https:\\\/\\\/www.iquilibrio.com\\\/blog\\\/wp-content\\\/uploads\\\/2024\\\/06\\\/Sol-em-cancer.jpg\",\"datePublished\":\"2024-06-16T15:21:52+00:00\",\"description\":\"Descubra como o Sol em C\u00e2ncer influencia as emo\u00e7\u00f5es e a sensibilidade dos cancerianos. Entenda como \u00e9 fundamental equilibrar as emo\u00e7\u00f5es.\",\"breadcrumb\":{\"@id\":\"https:\\\/\\\/www.iquilibrio.com\\\/blog\\\/astrologia\\\/sol-em-cancer-lagrimas-de-tristeza-ou-alegria-por-tatiana-marinho\\\/#breadcrumb\"},\"inLanguage\":\"pt-BR\",\"potentialAction\":[{\"@type\":\"ReadAction\",\"target\":[\"https:\\\/\\\/www.iquilibrio.com\\\/blog\\\/astrologia\\\/sol-em-cancer-lagrimas-de-tristeza-ou-alegria-por-tatiana-marinho\\\/\"]}]},{\"@type\":\"ImageObject\",\"inLanguage\":\"pt-BR\",\"@id\":\"https:\\\/\\\/www.iquilibrio.com\\\/blog\\\/astrologia\\\/sol-em-cancer-lagrimas-de-tristeza-ou-alegria-por-tatiana-marinho\\\/#primaryimage\",\"url\":\"https:\\\/\\\/www.iquilibrio.com\\\/blog\\\/wp-content\\\/uploads\\\/2024\\\/06\\\/Sol-em-cancer.jpg\",\"contentUrl\":\"https:\\\/\\\/www.iquilibrio.com\\\/blog\\\/wp-content\\\/uploads\\\/2024\\\/06\\\/Sol-em-cancer.jpg\",\"width\":900,\"height\":560,\"caption\":\"Sol em C\u00e2ncer\"},{\"@type\":\"BreadcrumbList\",\"@id\":\"https:\\\/\\\/www.iquilibrio.com\\\/blog\\\/astrologia\\\/sol-em-cancer-lagrimas-de-tristeza-ou-alegria-por-tatiana-marinho\\\/#breadcrumb\",\"itemListElement\":[{\"@type\":\"ListItem\",\"position\":1,\"name\":\"In\u00edcio\",\"item\":\"https:\\\/\\\/www.iquilibrio.com\\\/blog\\\/\"},{\"@type\":\"ListItem\",\"position\":2,\"name\":\"Sol em C\u00e2ncer: L\u00e1grimas de tristeza ou alegria? Por Tatiana Marinho\"}]},{\"@type\":\"WebSite\",\"@id\":\"https:\\\/\\\/www.iquilibrio.com\\\/blog\\\/#website\",\"url\":\"https:\\\/\\\/www.iquilibrio.com\\\/blog\\\/\",\"name\":\"iQuilibrio\",\"description\":\"Blog iQuilibrio\",\"publisher\":{\"@id\":\"https:\\\/\\\/www.iquilibrio.com\\\/blog\\\/#organization\"},\"potentialAction\":[{\"@type\":\"SearchAction\",\"target\":{\"@type\":\"EntryPoint\",\"urlTemplate\":\"https:\\\/\\\/www.iquilibrio.com\\\/blog\\\/?s={search_term_string}\"},\"query-input\":{\"@type\":\"PropertyValueSpecification\",\"valueRequired\":true,\"valueName\":\"search_term_string\"}}],\"inLanguage\":\"pt-BR\"},{\"@type\":\"Organization\",\"@id\":\"https:\\\/\\\/www.iquilibrio.com\\\/blog\\\/#organization\",\"name\":\"Esoterismo, Misticismo e Tarot Online - iQuilibrio\",\"url\":\"https:\\\/\\\/www.iquilibrio.com\\\/blog\\\/\",\"logo\":{\"@type\":\"ImageObject\",\"inLanguage\":\"pt-BR\",\"@id\":\"https:\\\/\\\/www.iquilibrio.com\\\/blog\\\/#\\\/schema\\\/logo\\\/image\\\/\",\"url\":\"https:\\\/\\\/www.iquilibrio.com\\\/blog\\\/wp-content\\\/uploads\\\/2018\\\/12\\\/iquilibrio_lovo_vetor_preto-retina.png\",\"contentUrl\":\"https:\\\/\\\/www.iquilibrio.com\\\/blog\\\/wp-content\\\/uploads\\\/2018\\\/12\\\/iquilibrio_lovo_vetor_preto-retina.png\",\"width\":972,\"height\":180,\"caption\":\"Esoterismo, Misticismo e Tarot Online - iQuilibrio\"},\"image\":{\"@id\":\"https:\\\/\\\/www.iquilibrio.com\\\/blog\\\/#\\\/schema\\\/logo\\\/image\\\/\"},\"sameAs\":[\"https:\\\/\\\/www.facebook.com\\\/iQuilibrio\\\/\",\"https:\\\/\\\/x.com\\\/iquilibrio\",\"https:\\\/\\\/www.instagram.com\\\/iquilibrio\\\/\",\"https:\\\/\\\/www.linkedin.com\\\/company\\\/iquilibrio\\\/\",\"https:\\\/\\\/br.pinterest.com\\\/iquilibrio1397\\\/\",\"https:\\\/\\\/www.youtube.com\\\/channel\\\/UC175qxd-4Zsi4wzawT5zF2g\"]},{\"@type\":\"Person\",\"@id\":\"https:\\\/\\\/www.iquilibrio.com\\\/blog\\\/#\\\/schema\\\/person\\\/21ae990723c2e5a1170c9a06dacb4d3d\",\"name\":\"Arthur Peroni\",\"image\":{\"@type\":\"ImageObject\",\"inLanguage\":\"pt-BR\",\"@id\":\"https:\\\/\\\/www.iquilibrio.com\\\/blog\\\/wp-content\\\/uploads\\\/2023\\\/04\\\/Arthur-Peroni-150x150.jpg\",\"url\":\"https:\\\/\\\/www.iquilibrio.com\\\/blog\\\/wp-content\\\/uploads\\\/2023\\\/04\\\/Arthur-Peroni-150x150.jpg\",\"contentUrl\":\"https:\\\/\\\/www.iquilibrio.com\\\/blog\\\/wp-content\\\/uploads\\\/2023\\\/04\\\/Arthur-Peroni-150x150.jpg\",\"caption\":\"Arthur Peroni\"},\"description\":\"Arthur Peroni escreve sobre a vida, o universo e tudo mais. Amante da literatura m\u00edstica, e fic\u00e7\u00e3o, descobriu sua carreira de redator gra\u00e7as ao h\u00e1bito de leitura constante sobre fantasia e drama. Nas horas vagas, gosta de cozinhar, ler e ver filmes antigos. J\u00e1 trabalhou com, comunica\u00e7\u00e3o social, massoterapia, terapias hol\u00edsticas e design de interiores. Atualmente trabalha como redator SEO e se entusiasma com tudo o que \u00e9 esot\u00e9rico. Gosta de discutir sobre assuntos complexos e instigantes, e v\u00ea na escrita uma oportunidade de aprender e criar todos os dias, mentalmente e espiritualmente.\",\"url\":\"https:\\\/\\\/www.iquilibrio.com\\\/blog\\\/author\\\/raul-vinicius\\\/\"}]}<\/script>\n<!-- \/ Yoast SEO plugin. -->","yoast_head_json":{"title":"Sol em C\u00e2ncer: Emo\u00e7\u00f5es \u00e0 Flor da Pele e Sensibilidade Profunda","description":"Descubra como o Sol em C\u00e2ncer influencia as emo\u00e7\u00f5es e a sensibilidade dos cancerianos. Entenda como \u00e9 fundamental equilibrar as emo\u00e7\u00f5es.","robots":{"index":"index","follow":"follow","max-snippet":"max-snippet:-1","max-image-preview":"max-image-preview:large","max-video-preview":"max-video-preview:-1"},"canonical":"https:\/\/www.iquilibrio.com\/blog\/astrologia\/sol-em-cancer-lagrimas-de-tristeza-ou-alegria-por-tatiana-marinho\/","og_locale":"pt_BR","og_type":"article","og_title":"Sol em C\u00e2ncer: Emo\u00e7\u00f5es \u00e0 Flor da Pele e Sensibilidade Profunda","og_description":"Descubra como o Sol em C\u00e2ncer influencia as emo\u00e7\u00f5es e a sensibilidade dos cancerianos. Entenda como \u00e9 fundamental equilibrar as emo\u00e7\u00f5es.","og_url":"https:\/\/www.iquilibrio.com\/blog\/astrologia\/sol-em-cancer-lagrimas-de-tristeza-ou-alegria-por-tatiana-marinho\/","og_site_name":"iQuilibrio","article_publisher":"https:\/\/www.facebook.com\/iQuilibrio\/","article_published_time":"2024-06-16T15:21:52+00:00","og_image":[{"width":900,"height":560,"url":"https:\/\/www.iquilibrio.com\/blog\/wp-content\/uploads\/2024\/06\/Sol-em-cancer.jpg","type":"image\/jpeg"}],"author":"Arthur Peroni","twitter_card":"summary_large_image","twitter_creator":"@iquilibrio","twitter_site":"@iquilibrio","twitter_misc":{"Escrito por":"Arthur Peroni","Est. tempo de leitura":"5 minutos"},"schema":{"@context":"https:\/\/schema.org","@graph":[{"@type":"Article","@id":"https:\/\/www.iquilibrio.com\/blog\/astrologia\/sol-em-cancer-lagrimas-de-tristeza-ou-alegria-por-tatiana-marinho\/#article","isPartOf":{"@id":"https:\/\/www.iquilibrio.com\/blog\/astrologia\/sol-em-cancer-lagrimas-de-tristeza-ou-alegria-por-tatiana-marinho\/"},"author":{"name":"Arthur Peroni","@id":"https:\/\/www.iquilibrio.com\/blog\/#\/schema\/person\/21ae990723c2e5a1170c9a06dacb4d3d"},"headline":"Sol em C\u00e2ncer: L\u00e1grimas de tristeza ou alegria? Por Tatiana Marinho","datePublished":"2024-06-16T15:21:52+00:00","mainEntityOfPage":{"@id":"https:\/\/www.iquilibrio.com\/blog\/astrologia\/sol-em-cancer-lagrimas-de-tristeza-ou-alegria-por-tatiana-marinho\/"},"wordCount":949,"publisher":{"@id":"https:\/\/www.iquilibrio.com\/blog\/#organization"},"image":{"@id":"https:\/\/www.iquilibrio.com\/blog\/astrologia\/sol-em-cancer-lagrimas-de-tristeza-ou-alegria-por-tatiana-marinho\/#primaryimage"},"thumbnailUrl":"https:\/\/www.iquilibrio.com\/blog\/wp-content\/uploads\/2024\/06\/Sol-em-cancer.jpg","articleSection":["Astrologia"],"inLanguage":"pt-BR"},{"@type":"WebPage","@id":"https:\/\/www.iquilibrio.com\/blog\/astrologia\/sol-em-cancer-lagrimas-de-tristeza-ou-alegria-por-tatiana-marinho\/","url":"https:\/\/www.iquilibrio.com\/blog\/astrologia\/sol-em-cancer-lagrimas-de-tristeza-ou-alegria-por-tatiana-marinho\/","name":"Sol em C\u00e2ncer: Emo\u00e7\u00f5es \u00e0 Flor da Pele e Sensibilidade Profunda","isPartOf":{"@id":"https:\/\/www.iquilibrio.com\/blog\/#website"},"primaryImageOfPage":{"@id":"https:\/\/www.iquilibrio.com\/blog\/astrologia\/sol-em-cancer-lagrimas-de-tristeza-ou-alegria-por-tatiana-marinho\/#primaryimage"},"image":{"@id":"https:\/\/www.iquilibrio.com\/blog\/astrologia\/sol-em-cancer-lagrimas-de-tristeza-ou-alegria-por-tatiana-marinho\/#primaryimage"},"thumbnailUrl":"https:\/\/www.iquilibrio.com\/blog\/wp-content\/uploads\/2024\/06\/Sol-em-cancer.jpg","datePublished":"2024-06-16T15:21:52+00:00","description":"Descubra como o Sol em C\u00e2ncer influencia as emo\u00e7\u00f5es e a sensibilidade dos cancerianos. Entenda como \u00e9 fundamental equilibrar as emo\u00e7\u00f5es.","breadcrumb":{"@id":"https:\/\/www.iquilibrio.com\/blog\/astrologia\/sol-em-cancer-lagrimas-de-tristeza-ou-alegria-por-tatiana-marinho\/#breadcrumb"},"inLanguage":"pt-BR","potentialAction":[{"@type":"ReadAction","target":["https:\/\/www.iquilibrio.com\/blog\/astrologia\/sol-em-cancer-lagrimas-de-tristeza-ou-alegria-por-tatiana-marinho\/"]}]},{"@type":"ImageObject","inLanguage":"pt-BR","@id":"https:\/\/www.iquilibrio.com\/blog\/astrologia\/sol-em-cancer-lagrimas-de-tristeza-ou-alegria-por-tatiana-marinho\/#primaryimage","url":"https:\/\/www.iquilibrio.com\/blog\/wp-content\/uploads\/2024\/06\/Sol-em-cancer.jpg","contentUrl":"https:\/\/www.iquilibrio.com\/blog\/wp-content\/uploads\/2024\/06\/Sol-em-cancer.jpg","width":900,"height":560,"caption":"Sol em C\u00e2ncer"},{"@type":"BreadcrumbList","@id":"https:\/\/www.iquilibrio.com\/blog\/astrologia\/sol-em-cancer-lagrimas-de-tristeza-ou-alegria-por-tatiana-marinho\/#breadcrumb","itemListElement":[{"@type":"ListItem","position":1,"name":"In\u00edcio","item":"https:\/\/www.iquilibrio.com\/blog\/"},{"@type":"ListItem","position":2,"name":"Sol em C\u00e2ncer: L\u00e1grimas de tristeza ou alegria? Por Tatiana Marinho"}]},{"@type":"WebSite","@id":"https:\/\/www.iquilibrio.com\/blog\/#website","url":"https:\/\/www.iquilibrio.com\/blog\/","name":"iQuilibrio","description":"Blog iQuilibrio","publisher":{"@id":"https:\/\/www.iquilibrio.com\/blog\/#organization"},"potentialAction":[{"@type":"SearchAction","target":{"@type":"EntryPoint","urlTemplate":"https:\/\/www.iquilibrio.com\/blog\/?s={search_term_string}"},"query-input":{"@type":"PropertyValueSpecification","valueRequired":true,"valueName":"search_term_string"}}],"inLanguage":"pt-BR"},{"@type":"Organization","@id":"https:\/\/www.iquilibrio.com\/blog\/#organization","name":"Esoterismo, Misticismo e Tarot Online - iQuilibrio","url":"https:\/\/www.iquilibrio.com\/blog\/","logo":{"@type":"ImageObject","inLanguage":"pt-BR","@id":"https:\/\/www.iquilibrio.com\/blog\/#\/schema\/logo\/image\/","url":"https:\/\/www.iquilibrio.com\/blog\/wp-content\/uploads\/2018\/12\/iquilibrio_lovo_vetor_preto-retina.png","contentUrl":"https:\/\/www.iquilibrio.com\/blog\/wp-content\/uploads\/2018\/12\/iquilibrio_lovo_vetor_preto-retina.png","width":972,"height":180,"caption":"Esoterismo, Misticismo e Tarot Online - iQuilibrio"},"image":{"@id":"https:\/\/www.iquilibrio.com\/blog\/#\/schema\/logo\/image\/"},"sameAs":["https:\/\/www.facebook.com\/iQuilibrio\/","https:\/\/x.com\/iquilibrio","https:\/\/www.instagram.com\/iquilibrio\/","https:\/\/www.linkedin.com\/company\/iquilibrio\/","https:\/\/br.pinterest.com\/iquilibrio1397\/","https:\/\/www.youtube.com\/channel\/UC175qxd-4Zsi4wzawT5zF2g"]},{"@type":"Person","@id":"https:\/\/www.iquilibrio.com\/blog\/#\/schema\/person\/21ae990723c2e5a1170c9a06dacb4d3d","name":"Arthur Peroni","image":{"@type":"ImageObject","inLanguage":"pt-BR","@id":"https:\/\/www.iquilibrio.com\/blog\/wp-content\/uploads\/2023\/04\/Arthur-Peroni-150x150.jpg","url":"https:\/\/www.iquilibrio.com\/blog\/wp-content\/uploads\/2023\/04\/Arthur-Peroni-150x150.jpg","contentUrl":"https:\/\/www.iquilibrio.com\/blog\/wp-content\/uploads\/2023\/04\/Arthur-Peroni-150x150.jpg","caption":"Arthur Peroni"},"description":"Arthur Peroni escreve sobre a vida, o universo e tudo mais. Amante da literatura m\u00edstica, e fic\u00e7\u00e3o, descobriu sua carreira de redator gra\u00e7as ao h\u00e1bito de leitura constante sobre fantasia e drama. Nas horas vagas, gosta de cozinhar, ler e ver filmes antigos. J\u00e1 trabalhou com, comunica\u00e7\u00e3o social, massoterapia, terapias hol\u00edsticas e design de interiores. Atualmente trabalha como redator SEO e se entusiasma com tudo o que \u00e9 esot\u00e9rico. Gosta de discutir sobre assuntos complexos e instigantes, e v\u00ea na escrita uma oportunidade de aprender e criar todos os dias, mentalmente e espiritualmente.","url":"https:\/\/www.iquilibrio.com\/blog\/author\/raul-vinicius\/"}]}},"_links":{"self":[{"href":"https:\/\/www.iquilibrio.com\/blog\/wp-json\/wp\/v2\/posts\/40724","targetHints":{"allow":["GET"]}}],"collection":[{"href":"https:\/\/www.iquilibrio.com\/blog\/wp-json\/wp\/v2\/posts"}],"about":[{"href":"https:\/\/www.iquilibrio.com\/blog\/wp-json\/wp\/v2\/types\/post"}],"author":[{"embeddable":true,"href":"https:\/\/www.iquilibrio.com\/blog\/wp-json\/wp\/v2\/users\/158"}],"replies":[{"embeddable":true,"href":"https:\/\/www.iquilibrio.com\/blog\/wp-json\/wp\/v2\/comments?post=40724"}],"version-history":[{"count":1,"href":"https:\/\/www.iquilibrio.com\/blog\/wp-json\/wp\/v2\/posts\/40724\/revisions"}],"predecessor-version":[{"id":40726,"href":"https:\/\/www.iquilibrio.com\/blog\/wp-json\/wp\/v2\/posts\/40724\/revisions\/40726"}],"wp:featuredmedia":[{"embeddable":true,"href":"https:\/\/www.iquilibrio.com\/blog\/wp-json\/wp\/v2\/media\/40725"}],"wp:attachment":[{"href":"https:\/\/www.iquilibrio.com\/blog\/wp-json\/wp\/v2\/media?parent=40724"}],"wp:term":[{"taxonomy":"category","embeddable":true,"href":"https:\/\/www.iquilibrio.com\/blog\/wp-json\/wp\/v2\/categories?post=40724"},{"taxonomy":"post_tag","embeddable":true,"href":"https:\/\/www.iquilibrio.com\/blog\/wp-json\/wp\/v2\/tags?post=40724"}],"curies":[{"name":"wp","href":"https:\/\/api.w.org\/{rel}","templated":true}]}}