{"id":40663,"date":"2024-06-01T19:02:50","date_gmt":"2024-06-01T22:02:50","guid":{"rendered":"https:\/\/www.iquilibrio.com\/blog\/?p=40663"},"modified":"2024-06-01T19:02:50","modified_gmt":"2024-06-01T22:02:50","slug":"previsoes-para-junho-pela-consultora-melissa","status":"publish","type":"post","link":"https:\/\/www.iquilibrio.com\/blog\/previsoes-2024\/previsoes-para-junho-pela-consultora-melissa\/","title":{"rendered":"Previs\u00f5es para Junho, pela consultora Melissa"},"content":{"rendered":"<p><span style=\"font-weight: 400;\">Preparando-se para embarcar em um novo ciclo, adentramos o m\u00eas de junho, um per\u00edodo marcado por uma aura de transforma\u00e7\u00e3o e potencial para mudan\u00e7as profundas.<\/span><\/p>\n<p><span style=\"font-weight: 400;\">\u00c0 medida que o frio do inverno se intensifica, somos convidados a refletir sobre os caminhos que percorremos at\u00e9 agora e a vislumbrar as possibilidades que se abrem \u00e0 nossa frente. Nesta jornada emocionante, as previs\u00f5es para o m\u00eas de junho revelam uma tape\u00e7aria de experi\u00eancias que nos desafiam a explorar os recantos mais \u00edntimos de nossa alma, enquanto nos impulsionam em dire\u00e7\u00e3o ao crescimento e \u00e0 evolu\u00e7\u00e3o pessoal.<\/span><\/p>\n<p><span style=\"font-weight: 400;\">Em meio a ciclos c\u00f3smicos e energias em fluxo, cada um de n\u00f3s se v\u00ea diante de um cen\u00e1rio \u00fanico, repleto de oportunidades e desafios que moldar\u00e3o nossa jornada nos pr\u00f3ximos trinta dias.<\/span><\/p>\n<p><span style=\"font-weight: 400;\">Portanto, prepare-se para transforma\u00e7\u00f5es significativas, movimento e adapta\u00e7\u00e3o, al\u00e9m de um per\u00edodo de profunda reflex\u00e3o e colheita de resultados das a\u00e7\u00f5es passadas. Novas emo\u00e7\u00f5es, criatividade e intui\u00e7\u00e3o estar\u00e3o em alta, fazendo com que voc\u00ea sinta o impacto de suas decis\u00f5es anteriores.<\/span><\/p>\n<p><span style=\"font-weight: 400;\">Este \u00e9 o momento de refletir sobre como suas escolhas moldaram a realidade atual e de abra\u00e7ar novas perspectivas emocionais. Esteja aberto para novos relacionamentos ou para aprofundar conex\u00f5es existentes, focando na autenticidade emocional.<\/span><\/p>\n<p><span style=\"font-weight: 400;\">Mudan\u00e7as e oportunidades de lideran\u00e7a exigem uma atitude decisiva. Momentos de sorte e avan\u00e7os significativos, especialmente relacionados aos seus objetivos e ambi\u00e7\u00f5es, est\u00e3o no horizonte, espere por novidades inesperadas que abrir\u00e3o portas para o crescimento pessoal e profissional. Utilize sua energia, criatividade e habilidades de lideran\u00e7a para aproveitar ao m\u00e1ximo essas oportunidades.<\/span><\/p>\n<p><span style=\"font-weight: 400;\">Haver\u00e1 tamb\u00e9m um per\u00edodo de incerteza, ilus\u00f5es e a necessidade de explorar o subconsciente. Este \u00e9 um chamado para equilibrar m\u00faltiplas responsabilidades e tomar decis\u00f5es pr\u00e1ticas, mesmo em meio \u00e0s incertezas. Confie na sua intui\u00e7\u00e3o para guiar suas decis\u00f5es e adapte-se \u00e0s mudan\u00e7as com flexibilidade, gerenciando seu tempo e recursos com cuidado para manter um equil\u00edbrio saud\u00e1vel entre diferentes \u00e1reas da vida.<\/span><\/p>\n<p><span style=\"font-weight: 400;\">Portanto, junho ser\u00e1 um m\u00eas de profunda introspec\u00e7\u00e3o e colheita dos frutos das a\u00e7\u00f5es passadas. Este per\u00edodo trar\u00e1 novas emo\u00e7\u00f5es e criatividade, enquanto mudan\u00e7as inesperadas abrir\u00e3o portas para crescimento e oportunidades. <\/span><\/p>\n<p><span style=\"font-weight: 400;\">O equil\u00edbrio e a adapta\u00e7\u00e3o ser\u00e3o cruciais, e haver\u00e1 novos come\u00e7os e profundidade emocional nos relacionamentos. Seja aberto e genu\u00edno em suas conex\u00f5es, permitindo que novas oportunidades de amor flores\u00e7am.<\/span><\/p>\n<p><span style=\"font-weight: 400;\">Este \u00e9 um momento prop\u00edcio para lideran\u00e7a e a\u00e7\u00e3o decisiva. Espere por mudan\u00e7as e oportunidades que podem impulsionar sua carreira para novos patamares, mas mantenha um equil\u00edbrio entre suas responsabilidades e bem-estar. Preste aten\u00e7\u00e3o \u00e0 sua sa\u00fade emocional e mental, usando sua intui\u00e7\u00e3o para guiar seu autocuidado e navegando pelas incertezas com confian\u00e7a.<\/span><\/p>\n<p><span style=\"font-weight: 400;\">Esteja aberto para explorar aspectos mais profundos de sua espiritualidade e encontrar equil\u00edbrio entre o mundo material e espiritual.<\/span><\/p>\n<hr \/>\n<p><img loading=\"lazy\" decoding=\"async\" class=\"alignnone size-full wp-image-40664\" src=\"https:\/\/www.iquilibrio.com\/blog\/wp-content\/uploads\/2024\/06\/Amor.jpg\" alt=\"\" width=\"900\" height=\"560\" srcset=\"https:\/\/www.iquilibrio.com\/blog\/wp-content\/uploads\/2024\/06\/Amor.jpg 900w, https:\/\/www.iquilibrio.com\/blog\/wp-content\/uploads\/2024\/06\/Amor-300x187.jpg 300w, https:\/\/www.iquilibrio.com\/blog\/wp-content\/uploads\/2024\/06\/Amor-768x478.jpg 768w, https:\/\/www.iquilibrio.com\/blog\/wp-content\/uploads\/2024\/06\/Amor-696x433.jpg 696w, https:\/\/www.iquilibrio.com\/blog\/wp-content\/uploads\/2024\/06\/Amor-675x420.jpg 675w\" sizes=\"auto, (max-width: 900px) 100vw, 900px\" \/><\/p>\n<h3><b>Previs\u00f5es para o amor em Junho de 2024<\/b><span id=\"Previsoes_para_o_amorx1f498\"><b>&#x1f498;<\/b><\/span><\/h3>\n<p><span style=\"font-weight: 400;\">Para a \u00e1rea amorosa, junho promete vitalidade, paix\u00e3o renovada e confian\u00e7a, ser\u00e1 um m\u00eas de energia intensa e renova\u00e7\u00e3o em sua vida amorosa, onde voc\u00ea encontrar\u00e1 determina\u00e7\u00e3o e coragem para enfrentar desafios emocionais e inspira\u00e7\u00e3o para novos come\u00e7os.<\/span><\/p>\n<p><span style=\"font-weight: 400;\">Este per\u00edodo vibrante e ativo trar\u00e1 crescimento e novas conex\u00f5es em seus relacionamentos.<\/span><\/p>\n<p><span style=\"font-weight: 400;\">Para aqueles em um relacionamento, haver\u00e1 uma profundidade de conex\u00e3o e a capacidade de superar obst\u00e1culos juntos. Junho ser\u00e1 ideal para fortalecer a uni\u00e3o, trabalhando em conjunto para resolver problemas e construir uma base mais s\u00f3lida.<\/span><\/p>\n<p><span style=\"font-weight: 400;\">Com um toque de paix\u00e3o e entusiasmo, os casais podem experimentar um renascimento em sua rela\u00e7\u00e3o, aproveitando este momento para explorar novas atividades juntos, redescobrir a intimidade e reacender a chama do romance.<\/span><\/p>\n<p><span style=\"font-weight: 400;\">Para os solteiros, junho sugere que voc\u00ea est\u00e1 em um lugar de confian\u00e7a e autossufici\u00eancia, pronto para atrair relacionamentos saud\u00e1veis e positivos.<\/span><\/p>\n<p><span style=\"font-weight: 400;\">Novas oportunidades rom\u00e2nticas est\u00e3o no horizonte, trazendo excita\u00e7\u00e3o e potencial para novas conex\u00f5es. Este \u00e9 o momento ideal para se abrir a novas experi\u00eancias e pessoas, aproveitando a energia din\u00e2mica do m\u00eas para iniciar um relacionamento promissor.<\/span><\/p>\n<hr \/>\n<h3><img loading=\"lazy\" decoding=\"async\" class=\"alignnone size-full wp-image-40665\" src=\"https:\/\/www.iquilibrio.com\/blog\/wp-content\/uploads\/2024\/06\/Financas.jpg\" alt=\"\" width=\"900\" height=\"560\" srcset=\"https:\/\/www.iquilibrio.com\/blog\/wp-content\/uploads\/2024\/06\/Financas.jpg 900w, https:\/\/www.iquilibrio.com\/blog\/wp-content\/uploads\/2024\/06\/Financas-300x187.jpg 300w, https:\/\/www.iquilibrio.com\/blog\/wp-content\/uploads\/2024\/06\/Financas-768x478.jpg 768w, https:\/\/www.iquilibrio.com\/blog\/wp-content\/uploads\/2024\/06\/Financas-696x433.jpg 696w, https:\/\/www.iquilibrio.com\/blog\/wp-content\/uploads\/2024\/06\/Financas-675x420.jpg 675w\" sizes=\"auto, (max-width: 900px) 100vw, 900px\" \/><\/h3>\n<h3><b>Previs\u00e3o para o trabalho e finan\u00e7as<\/b><span id=\"Previsoes_para_trabalho_e_financasx1f4b8x1f4b9\"><span id=\"Previsoes_para_o_trabalho_e_financasx1f4b8x1f4b9\"><b>&#x1f4b8;&#x1f4b9;<\/b><\/span><\/span><\/h3>\n<p><span style=\"font-weight: 400;\">No campo profissional, junho ser\u00e1 um per\u00edodo de realiza\u00e7\u00e3o, equil\u00edbrio e generosidade. Este m\u00eas promete completude e sucesso, com a conclus\u00e3o de ciclos e a conquista de metas importantes.<\/span><\/p>\n<p><span style=\"font-weight: 400;\">\u00c9 um momento de reconhecimento e recompensa pelos esfor\u00e7os investidos, com um foco especial em equil\u00edbrio, reciprocidade e apoio m\u00fatuo, as rela\u00e7\u00f5es profissionais ser\u00e3o pautadas por generosidade e coopera\u00e7\u00e3o.<\/span><\/p>\n<p><span style=\"font-weight: 400;\">Para aqueles que est\u00e3o empregados, essa fase ser\u00e1 extremamente positiva. Voc\u00ea poder\u00e1 alcan\u00e7ar um marco significativo em sua carreira, como a conclus\u00e3o de um projeto importante ou at\u00e9 mesmo uma promo\u00e7\u00e3o, seu trabalho e habilidades ser\u00e3o reconhecidos, trazendo uma sensa\u00e7\u00e3o de satisfa\u00e7\u00e3o e realiza\u00e7\u00e3o.<\/span><\/p>\n<p><span style=\"font-weight: 400;\">Haver\u00e1 um ambiente de apoio e reciprocidade no trabalho, onde a ajuda e a colabora\u00e7\u00e3o com colegas ser\u00e3o fundamentais. \u00c9 tamb\u00e9m um per\u00edodo prop\u00edcio para receber um b\u00f4nus, aumento salarial ou outro tipo de recompensa financeira.<\/span><\/p>\n<p><span style=\"font-weight: 400;\">Para os que est\u00e3o em busca de emprego, tudo indica que voc\u00ea est\u00e1 perto de completar um ciclo de busca, sugerindo que uma oportunidade significativa est\u00e1 a caminho. Voc\u00ea pode encontrar algu\u00e9m disposto a ajudar, seja atrav\u00e9s de um contato, uma recomenda\u00e7\u00e3o ou at\u00e9 mesmo uma oferta direta de emprego.<\/span><\/p>\n<p><span style=\"font-weight: 400;\">Este \u00e9 um m\u00eas favor\u00e1vel para alcan\u00e7ar equil\u00edbrio financeiro e profissional, aproveitando ao m\u00e1ximo as redes de apoio e as oportunidades que surgirem.<\/span><\/p>\n<hr \/>\n<h3><img loading=\"lazy\" decoding=\"async\" class=\"alignnone size-full wp-image-40666\" src=\"https:\/\/www.iquilibrio.com\/blog\/wp-content\/uploads\/2024\/06\/Saude.jpg\" alt=\"\" width=\"900\" height=\"560\" srcset=\"https:\/\/www.iquilibrio.com\/blog\/wp-content\/uploads\/2024\/06\/Saude.jpg 900w, https:\/\/www.iquilibrio.com\/blog\/wp-content\/uploads\/2024\/06\/Saude-300x187.jpg 300w, https:\/\/www.iquilibrio.com\/blog\/wp-content\/uploads\/2024\/06\/Saude-768x478.jpg 768w, https:\/\/www.iquilibrio.com\/blog\/wp-content\/uploads\/2024\/06\/Saude-696x433.jpg 696w, https:\/\/www.iquilibrio.com\/blog\/wp-content\/uploads\/2024\/06\/Saude-675x420.jpg 675w\" sizes=\"auto, (max-width: 900px) 100vw, 900px\" \/><\/h3>\n<h3><b>Previs\u00f5es para a sa\u00fade em Junho de 2024<\/b><span id=\"Previsoes_para_saudex1f49a\"><b>&#x1f49a;<\/b><\/span><\/h3>\n<p><span style=\"font-weight: 400;\">Para a sa\u00fade, o m\u00eas trar\u00e1 um per\u00edodo de recome\u00e7o, paci\u00eancia e progresso. Ser\u00e1 tempo de avan\u00e7os significativos no cuidado, onde voc\u00ea ter\u00e1 a capacidade de tomar iniciativas e utilizar todos os recursos dispon\u00edveis para alcan\u00e7ar melhorias.<\/span><\/p>\n<p><span style=\"font-weight: 400;\">As energias voltadas para a proatividade indicar\u00e3o que voc\u00ea estar\u00e1 motivado a assumir o controle de sua sa\u00fade e bem-estar. Embora paci\u00eancia e esfor\u00e7o cont\u00ednuo sejam necess\u00e1rios, os resultados vir\u00e3o com o tempo, recompensando o cuidado e o empenho dedicados. A sa\u00fade exigir\u00e1 investimento de tempo e aten\u00e7\u00e3o, com recompensas colhidas gradualmente.<\/span><\/p>\n<p><span style=\"font-weight: 400;\">Para aqueles que est\u00e3o em tratamento m\u00e9dico, o per\u00edodo ser\u00e1 encorajador. Novas abordagens ou tratamentos inovadores podem surgir, trazendo esperan\u00e7a e potencial para melhorias significativas, ser\u00e1 um bom momento para explorar todas as op\u00e7\u00f5es dispon\u00edveis e, possivelmente, iniciar novos m\u00e9todos.<\/span><\/p>\n<p><span style=\"font-weight: 400;\">O progresso ser\u00e1 gradual, portanto, \u00e9 importante ter paci\u00eancia. O tratamento exigir\u00e1 compromisso cont\u00ednuo e, embora os resultados possam n\u00e3o ser imediatos, a perseveran\u00e7a ser\u00e1 recompensada a longo prazo, \u00e9 essencial manter a confian\u00e7a nos cuidados recebidos e seguir rigorosamente as recomenda\u00e7\u00f5es m\u00e9dicas.<\/span><\/p>\n<p><span style=\"font-weight: 400;\">Neste m\u00eas, a mente e o sistema nervoso ser\u00e3o \u00e1reas a serem observadas, cuidar do bem-estar mental e emocional ser\u00e1 t\u00e3o importante quanto cuidar do f\u00edsico. T\u00e9cnicas de gerenciamento de estresse, medita\u00e7\u00e3o ou terapia poder\u00e3o ser muito ben\u00e9ficas.<\/span><\/p>\n<p><span style=\"font-weight: 400;\">Al\u00e9m disso, aten\u00e7\u00e3o ao sistema digestivo e metab\u00f3lico ser\u00e1 crucial, manter uma alimenta\u00e7\u00e3o equilibrada e cuidar da digest\u00e3o ser\u00e3o importantes, com h\u00e1bitos saud\u00e1veis e sustent\u00e1veis trazendo benef\u00edcios significativos a longo prazo.<\/span><\/p>\n<hr \/>\n<h3><img loading=\"lazy\" decoding=\"async\" class=\"alignnone size-full wp-image-40667\" src=\"https:\/\/www.iquilibrio.com\/blog\/wp-content\/uploads\/2024\/06\/Saude-1.jpg\" alt=\"\" width=\"900\" height=\"560\" srcset=\"https:\/\/www.iquilibrio.com\/blog\/wp-content\/uploads\/2024\/06\/Saude-1.jpg 900w, https:\/\/www.iquilibrio.com\/blog\/wp-content\/uploads\/2024\/06\/Saude-1-300x187.jpg 300w, https:\/\/www.iquilibrio.com\/blog\/wp-content\/uploads\/2024\/06\/Saude-1-768x478.jpg 768w, https:\/\/www.iquilibrio.com\/blog\/wp-content\/uploads\/2024\/06\/Saude-1-696x433.jpg 696w, https:\/\/www.iquilibrio.com\/blog\/wp-content\/uploads\/2024\/06\/Saude-1-675x420.jpg 675w\" sizes=\"auto, (max-width: 900px) 100vw, 900px\" \/><\/h3>\n<h3><b>Espiritualidade em Junho de 2024<\/b><span id=\"Espiritualidadex1f64f\"><span id=\"Espiritualidade_em_abrilx1f64f\"><b>&#x1f64f;<\/b><\/span><\/span><\/h3>\n<p><span style=\"font-weight: 400;\">Para a espiritualidade, junho trar\u00e1 uma mensagem poderosa de transforma\u00e7\u00e3o profunda e supera\u00e7\u00e3o de dificuldades, ser\u00e1 um per\u00edodo marcado por renascimento e a necessidade de deixar para tr\u00e1s o que n\u00e3o serve mais.<\/span><\/p>\n<p><span style=\"font-weight: 400;\">Este m\u00eas promete mudan\u00e7as profundas e significativas, onde voc\u00ea pode sentir a necessidade de abandonar velhos padr\u00f5es de pensamento, cren\u00e7as ou pr\u00e1ticas que j\u00e1 n\u00e3o ressoam com voc\u00ea. Embora essa transforma\u00e7\u00e3o possa ser desafiadora no in\u00edcio, ela \u00e9 essencial para o crescimento, oferecendo um momento de renova\u00e7\u00e3o e abertura para novas perspectivas e experi\u00eancias.<\/span><\/p>\n<p><span style=\"font-weight: 400;\">Aceitar essas mudan\u00e7as com coragem e disposi\u00e7\u00e3o para evoluir ser\u00e1 crucial.<\/span><\/p>\n<p><span style=\"font-weight: 400;\">Durante este per\u00edodo, voc\u00ea pode enfrentar dificuldades e uma sensa\u00e7\u00e3o de isolamento, al\u00e9m de momentos de questionamento e incertezas. Pode haver ocasi\u00f5es em que voc\u00ea se sinta desconectado ou enfrente desafios que testem sua f\u00e9 e resili\u00eancia.<\/span><\/p>\n<p><span style=\"font-weight: 400;\">No entanto, esses desafios s\u00e3o tempor\u00e1rios e podem ser superados com perseveran\u00e7a e apoio, lembre-se de que mesmo nas dificuldades, h\u00e1 oportunidades para crescimento e fortalecimento espiritual. Buscar suporte com amigos ou mentores pode ser extremamente ben\u00e9fico durante este per\u00edodo.<\/span><\/p>\n<p><span style=\"font-weight: 400;\">Assim, junho ser\u00e1 um m\u00eas de profunda transforma\u00e7\u00e3o, possivelmente desencadeada por dificuldades ou crises, \u00e9 uma oportunidade para deixar para tr\u00e1s o que n\u00e3o serve mais, ainda que essa transi\u00e7\u00e3o possa causar sentimentos de isolamento ou escassez.<\/span><\/p>\n<p><span style=\"font-weight: 400;\">Este processo, apesar de desafiador, tamb\u00e9m representa uma oportunidade para um renascimento, passar por essas dificuldades pode levar a uma compreens\u00e3o mais profunda de si mesmo e do seu caminho, sendo um momento para se abrir a novas formas de pensar e ser, permitindo que a transforma\u00e7\u00e3o o conduza a um estado mais elevado e aut\u00eantico.<\/span><\/p>\n<hr \/>\n<p><span style=\"font-weight: 400;\">1\u00ba semana:<\/span><\/p>\n<p><span style=\"font-weight: 400;\">Esta semana traz consigo a necessidade de uma mudan\u00e7a de perspectiva em rela\u00e7\u00e3o \u00e0s suas metas e objetivos, isso pode exigir sacrif\u00edcios ou ajustes para alcan\u00e7ar o sucesso desejado. \u00c9 um momento para cultivar a paci\u00eancia e dedicar-se ao seu progresso pessoal, mesmo que isso implique sair da sua zona de conforto.<\/span><\/p>\n<p><span style=\"font-weight: 400;\">No \u00e2mbito amoroso, seu relacionamento pode passar por um per\u00edodo de espera ou introspec\u00e7\u00e3o. Para os solteiros, pode ser hora de focar em seu pr\u00f3prio desenvolvimento pessoal antes de buscar um novo romance. Para os casais, a comunica\u00e7\u00e3o clara e a paci\u00eancia ser\u00e3o fundamentais.<\/span><\/p>\n<p><span style=\"font-weight: 400;\">Na esfera profissional, voc\u00ea pode sentir-se preso em uma situa\u00e7\u00e3o ou enfrentar obst\u00e1culos que o impe\u00e7am de avan\u00e7ar. No entanto, \u00e9 importante manter o foco em suas tarefas e estar aberto a novas oportunidades. Para aqueles desempregados, \u00e9 um momento para refletir sobre sua situa\u00e7\u00e3o sem se desanimar, buscando aprimorar suas habilidades e qualifica\u00e7\u00f5es.<\/span><\/p>\n<p><span style=\"font-weight: 400;\">Cuidar da sa\u00fade f\u00edsica e mental \u00e9 crucial durante este per\u00edodo. Esteja atento aos sinais do seu corpo e n\u00e3o hesite em procurar apoio. Para quem est\u00e1 em tratamento de sa\u00fade, \u00e9 fundamental manter uma atitude positiva e seguir as orienta\u00e7\u00f5es m\u00e9dicas com dilig\u00eancia. Preste aten\u00e7\u00e3o as \u00e1reas do pesco\u00e7o e coluna cervical.\u00a0<\/span><\/p>\n<p><span style=\"font-weight: 400;\">Na espiritualidade, a primeira semana de junho traz a oportunidade de uma transforma\u00e7\u00e3o profunda. Embora possa enfrentar desafios, \u00e9 um momento para buscar novas perspectivas e abra\u00e7ar as oportunidades de aprendizado. Dedique tempo para meditar, refletir e se conectar com seu \u201ceu\u201d interior.<\/span><\/p>\n<hr \/>\n<p><span style=\"font-weight: 400;\">2\u00ba semana:\u00a0<\/span><\/p>\n<p><span style=\"font-weight: 400;\">Esta semana traz a promessa de cura e equil\u00edbrio ap\u00f3s per\u00edodos desafiadores. Mesmo depois de enfrentar dificuldades, \u00e9 poss\u00edvel encontrar uma nova sensa\u00e7\u00e3o de harmonia e paz interior, buscando equil\u00edbrio em todas as \u00e1reas da vida e cultivando a serenidade.<\/span><\/p>\n<p><span style=\"font-weight: 400;\">No \u00e2mbito amoroso, pode ser um momento de buscar reconcilia\u00e7\u00e3o e cura em relacionamentos que enfrentaram desafios recentes. Para os solteiros, \u00e9 uma oportunidade de refletir sobre li\u00e7\u00f5es aprendidas em relacionamentos passados e se abrir para novas possibilidades amorosas, com sabedoria e maturidade emocional.<\/span><\/p>\n<p><span style=\"font-weight: 400;\">No campo profissional, \u00e9 hora de encontrar um equil\u00edbrio saud\u00e1vel entre trabalho e vida pessoal. Para os empregados, isso pode significar estabelecer um ritmo mais harmonioso entre responsabilidades profissionais e pessoais. Para os desempregados, \u00e9 crucial superar a decep\u00e7\u00e3o da busca por emprego e encontrar maneiras de se curar emocionalmente enquanto continuam procurando oportunidades.<\/span><\/p>\n<p><span style=\"font-weight: 400;\">Na esfera da sa\u00fade, \u00e9 importante atender \u00e0s necessidades da mente, do corpo e do esp\u00edrito para promover a cura e o bem-estar. Lidar com quest\u00f5es emocionais que afetam a sa\u00fade geral, especialmente relacionadas ao estresse ou preocupa\u00e7\u00f5es mentais, \u00e9 essencial. Preste aten\u00e7\u00e3o especial ao cora\u00e7\u00e3o e ao sistema circulat\u00f3rio.<\/span><\/p>\n<p><span style=\"font-weight: 400;\">Em termos espirituais, a cura e o entendimento podem ser alcan\u00e7ados atrav\u00e9s da aceita\u00e7\u00e3o e do equil\u00edbrio, integrando aspectos opostos da vida e encontrando o ponto intermedi\u00e1rio entre eles. A cura espiritual pode vir da supera\u00e7\u00e3o de desafios emocionais e do ato de perdoar. Este \u00e9 um momento para buscar a harmonia e se conectar com a ess\u00eancia mais profunda.<\/span><\/p>\n<hr \/>\n<p><span style=\"font-weight: 400;\">3\u00ba semana:<\/span><\/p>\n<p><span style=\"font-weight: 400;\">Durante esta semana, voc\u00ea pode se deparar com desafios ou aspectos sombrios da vida, especialmente relacionados \u00e0 seguran\u00e7a e estabilidade material. Pode ser um momento de encarar seus medos e lidar com situa\u00e7\u00f5es que foram evitadas, mas confie em suas habilidades internas para lidar com esses desafios de maneira pr\u00e1tica e resiliente.<\/span><\/p>\n<p><span style=\"font-weight: 400;\">No campo amoroso, \u00e9 poss\u00edvel que surjam quest\u00f5es profundas nos relacionamentos, como ci\u00fames, inseguran\u00e7as ou conflitos de poder. Para casais, \u00e9 essencial abordar essas quest\u00f5es com honestidade e comprometimento m\u00fatuo para fortalecer o relacionamento. Para os solteiros, pode ser um per\u00edodo de autorreflex\u00e3o sobre padr\u00f5es de comportamento ou cren\u00e7as que afetam seus relacionamentos.<\/span><\/p>\n<p><span style=\"font-weight: 400;\">No aspecto profissional, podem surgir desafios inesperados em sua carreira ou finan\u00e7as durante esta semana, levando a momentos de incerteza ou instabilidade. No entanto, confie em sua capacidade de lidar com esses desafios de forma pragm\u00e1tica e encontrar solu\u00e7\u00f5es que promovam sua seguran\u00e7a financeira e profissional a longo prazo.<\/span><\/p>\n<p><span style=\"font-weight: 400;\">Esta semana pode trazer \u00e0 tona quest\u00f5es de sa\u00fade que estavam sendo negligenciadas ou reprimidas, exigindo que voc\u00ea confronte problemas f\u00edsicos ou mentais que precisam de aten\u00e7\u00e3o imediata. Cuide da sua sa\u00fade de maneira pr\u00e1tica e cuidadosa, prestando especial aten\u00e7\u00e3o \u00e0 alimenta\u00e7\u00e3o e ao descanso adequado, al\u00e9m de observar o funcionamento do sistema digestivo e dos \u00f3rg\u00e3os abdominais.<\/span><\/p>\n<p><span style=\"font-weight: 400;\">Voc\u00ea pode estar passando por um per\u00edodo de conflito ou transforma\u00e7\u00e3o espiritual, confrontando aspectos sombrios de si mesmo ou do mundo ao seu redor. Esse momento pode exigir uma autorreflex\u00e3o profunda e confronto com seus medos e limita\u00e7\u00f5es. Por meio de uma pr\u00e1tica espiritual consistente e do cuidado com sua pr\u00f3pria energia, \u00e9 poss\u00edvel encontrar estabilidade e crescimento mesmo nos momentos mais desafiadores.<\/span><\/p>\n<hr \/>\n<p><span style=\"font-weight: 400;\">4\u00ba semana:<\/span><\/p>\n<p><span style=\"font-weight: 400;\">Durante esta semana, voc\u00ea pode se deparar com escolhas importantes e novas perspectivas que moldar\u00e3o seu futuro. Esteja aberto para explorar as diversas op\u00e7\u00f5es diante de voc\u00ea e opte pelo caminho que esteja mais alinhado com sua verdade interior.<\/span><\/p>\n<p><span style=\"font-weight: 400;\">No campo amoroso, h\u00e1 espa\u00e7o para conex\u00f5es profundas e significativas, onde a comunica\u00e7\u00e3o clara e honesta sobre sentimentos e desejos dentro do relacionamento \u00e9 fundamental. Para os solteiros, este pode ser um momento de novos encontros ou de se aventurar em novas perspectivas amorosas.<\/span><\/p>\n<p><span style=\"font-weight: 400;\">No aspecto profissional, voc\u00ea pode enfrentar uma escolha crucial relacionada \u00e0 sua carreira ou trabalho, exigindo uma avalia\u00e7\u00e3o cuidadosa das op\u00e7\u00f5es dispon\u00edveis. \u00c9 crucial conduzir uma pesquisa detalhada e analisar as informa\u00e7\u00f5es antes de tomar uma decis\u00e3o. Para aqueles que est\u00e3o desempregados, \u00e9 hora de explorar diferentes op\u00e7\u00f5es de carreira ou abordagens na busca por emprego.<\/span><\/p>\n<p><span style=\"font-weight: 400;\">\u00c9 essencial prestar aten\u00e7\u00e3o \u00e0s escolhas que voc\u00ea faz em rela\u00e7\u00e3o \u00e0 sua sa\u00fade f\u00edsica e mental nesta semana, priorizando seu bem-estar. Aborde quest\u00f5es de sa\u00fade de maneira direta e assertiva, especialmente a sa\u00fade mental, incluindo o cuidado com o c\u00e9rebro e a mente.<\/span><\/p>\n<p><span style=\"font-weight: 400;\">Esta semana \u00e9 uma oportunidade de explora\u00e7\u00e3o e descoberta, alimentada por uma mente curiosa e investigativa. Esteja disposto a questionar suas cren\u00e7as e a explorar diversas tradi\u00e7\u00f5es, mantendo-se receptivo a novas perspectivas que possam surgir ao longo desse per\u00edodo.<\/span><\/p>\n<hr \/>\n<p><b>CONCLUS\u00c3O \/ CONSELHO:<\/b><\/p>\n<p><span style=\"font-weight: 400;\">Vamos come\u00e7ar com conselhos gerais para cada aspecto da vida. Esteja atento \u00e0 sua intui\u00e7\u00e3o e \u00e0 sabedoria interna neste m\u00eas; confie nos seus instintos e no conhecimento que voc\u00ea acumulou para orientar suas decis\u00f5es. Mantenha-se firme em seus princ\u00edpios e valores, mesmo diante de desafios ou incertezas, encontre o equil\u00edbrio entre a\u00e7\u00e3o e reflex\u00e3o, sabendo quando avan\u00e7ar com determina\u00e7\u00e3o e quando recuar para ganhar uma perspectiva mais clara.<\/span><\/p>\n<p><span style=\"font-weight: 400;\">No campo amoroso, para casais, \u00e9 hora de priorizar uma comunica\u00e7\u00e3o clara e honesta, aprofundando a conex\u00e3o emocional com seu parceiro ao compartilhar seus pensamentos e sentimentos mais \u00edntimos. Para os solteiros, este \u00e9 um momento para explorar suas pr\u00f3prias mentes e emo\u00e7\u00f5es, sendo honesto consigo mesmo sobre o que voc\u00ea realmente deseja em um relacionamento e enfrentando qualquer medo ou d\u00favida que possa surgir.<\/span><\/p>\n<p><span style=\"font-weight: 400;\">Quanto ao aspecto profissional, confie em sua capacidade de an\u00e1lise e tomada de decis\u00e3o. Se voc\u00ea est\u00e1 empregado, mantenha uma abordagem justa e objetiva em suas intera\u00e7\u00f5es no local de trabalho. Para os desempregados, este \u00e9 um momento para avaliar suas habilidades e metas profissionais com clareza, sendo assertivo na busca por oportunidades e preparado para defender suas ideias e habilidades durante entrevistas ou negocia\u00e7\u00f5es.<\/span><\/p>\n<p><span style=\"font-weight: 400;\">Esteja atento aos sinais que seu corpo e suas emo\u00e7\u00f5es est\u00e3o emitindo neste m\u00eas. Pratique o autocuidado e busque um equil\u00edbrio saud\u00e1vel entre mente, corpo e esp\u00edrito. Se voc\u00ea estiver em tratamento de sa\u00fade, confie nos cuidados que est\u00e1 recebendo e n\u00e3o hesite em procurar apoio adicional, se necess\u00e1rio. D\u00ea aten\u00e7\u00e3o especial \u00e0 sua sa\u00fade mental e ao sistema respirat\u00f3rio durante este per\u00edodo.<\/span><\/p>\n<p><span style=\"font-weight: 400;\">Aproveite este m\u00eas para explorar seu mundo interior e se conectar com sua sabedoria espiritual. Permita-se momentos de sil\u00eancio e contempla\u00e7\u00e3o, confiando em sua capacidade de discernimento e racioc\u00ednio claro ao abordar quest\u00f5es espirituais mais complexas. Esteja aberto para receber orienta\u00e7\u00e3o do universo, confiando que as respostas est\u00e3o dentro de voc\u00ea.<\/span><\/p>\n<p><span style=\"font-weight: 400;\">\u00c0 medida que nos aproximamos do m\u00eas de junho, levamos conosco as li\u00e7\u00f5es aprendidas, os desafios superados e as b\u00ean\u00e7\u00e3os recebidas. Este per\u00edodo de transforma\u00e7\u00e3o e reflex\u00e3o nos proporcionar\u00e1 uma oportunidade \u00fanica de crescimento pessoal e espiritual, \u00e0 medida que navegamos pelas mar\u00e9s da mudan\u00e7a e abra\u00e7amos o desconhecido com coragem e determina\u00e7\u00e3o.<\/span><\/p>\n<p><span style=\"font-weight: 400;\">Enquanto nos preparamos para dar as boas-vindas a um novo m\u00eas, carregamos conosco a sabedoria adquirida e a esperan\u00e7a renovada, prontos para enfrentar os desafios e celebrar as vit\u00f3rias que aguardam \u00e0 nossa frente. Que junho seja um cap\u00edtulo significativo em nossa jornada, e que nos traga ainda mais oportunidades de crescimento, amor e realiza\u00e7\u00e3o. Que possamos continuar a caminhar com confian\u00e7a e gratid\u00e3o, honrando o passado, vivendo plenamente o presente e abra\u00e7ando o futuro com alegria e otimismo.<\/span><\/p>\n\n\n<div class=\"kk-star-ratings kksr-auto kksr-align-left kksr-valign-bottom\"\n    data-payload='{&quot;align&quot;:&quot;left&quot;,&quot;id&quot;:&quot;40663&quot;,&quot;slug&quot;:&quot;default&quot;,&quot;valign&quot;:&quot;bottom&quot;,&quot;ignore&quot;:&quot;&quot;,&quot;reference&quot;:&quot;auto&quot;,&quot;class&quot;:&quot;&quot;,&quot;count&quot;:&quot;1&quot;,&quot;legendonly&quot;:&quot;&quot;,&quot;readonly&quot;:&quot;&quot;,&quot;score&quot;:&quot;5&quot;,&quot;starsonly&quot;:&quot;&quot;,&quot;best&quot;:&quot;5&quot;,&quot;gap&quot;:&quot;5&quot;,&quot;greet&quot;:&quot;Rate this post&quot;,&quot;legend&quot;:&quot;5\\\/5 - (1 voto)&quot;,&quot;size&quot;:&quot;24&quot;,&quot;title&quot;:&quot;Previs\u00f5es para Junho, pela consultora Melissa&quot;,&quot;width&quot;:&quot;142.5&quot;,&quot;_legend&quot;:&quot;{score}\\\/{best} - ({count} {votes})&quot;,&quot;font_factor&quot;:&quot;1.25&quot;}'>\n            \n<div class=\"kksr-stars\">\n    \n<div class=\"kksr-stars-inactive\">\n            <div class=\"kksr-star\" data-star=\"1\" style=\"padding-right: 5px\">\n            \n\n<div class=\"kksr-icon\" style=\"width: 24px; height: 24px;\"><\/div>\n        <\/div>\n            <div class=\"kksr-star\" data-star=\"2\" style=\"padding-right: 5px\">\n            \n\n<div class=\"kksr-icon\" style=\"width: 24px; height: 24px;\"><\/div>\n        <\/div>\n            <div class=\"kksr-star\" data-star=\"3\" style=\"padding-right: 5px\">\n            \n\n<div class=\"kksr-icon\" style=\"width: 24px; height: 24px;\"><\/div>\n        <\/div>\n            <div class=\"kksr-star\" data-star=\"4\" style=\"padding-right: 5px\">\n            \n\n<div class=\"kksr-icon\" style=\"width: 24px; height: 24px;\"><\/div>\n        <\/div>\n            <div class=\"kksr-star\" data-star=\"5\" style=\"padding-right: 5px\">\n            \n\n<div class=\"kksr-icon\" style=\"width: 24px; height: 24px;\"><\/div>\n        <\/div>\n    <\/div>\n    \n<div class=\"kksr-stars-active\" style=\"width: 142.5px;\">\n            <div class=\"kksr-star\" style=\"padding-right: 5px\">\n            \n\n<div class=\"kksr-icon\" style=\"width: 24px; height: 24px;\"><\/div>\n        <\/div>\n            <div class=\"kksr-star\" style=\"padding-right: 5px\">\n            \n\n<div class=\"kksr-icon\" style=\"width: 24px; height: 24px;\"><\/div>\n        <\/div>\n            <div class=\"kksr-star\" style=\"padding-right: 5px\">\n            \n\n<div class=\"kksr-icon\" style=\"width: 24px; height: 24px;\"><\/div>\n        <\/div>\n            <div class=\"kksr-star\" style=\"padding-right: 5px\">\n            \n\n<div class=\"kksr-icon\" style=\"width: 24px; height: 24px;\"><\/div>\n        <\/div>\n            <div class=\"kksr-star\" style=\"padding-right: 5px\">\n            \n\n<div class=\"kksr-icon\" style=\"width: 24px; height: 24px;\"><\/div>\n        <\/div>\n    <\/div>\n<\/div>\n                \n\n<div class=\"kksr-legend\" style=\"font-size: 19.2px;\">\n            5\/5 - (1 voto)    <\/div>\n    <\/div>\n","protected":false},"excerpt":{"rendered":"<p>Preparando-se para embarcar em um novo ciclo, adentramos o m\u00eas de junho, um per\u00edodo marcado por uma aura de transforma\u00e7\u00e3o e potencial para mudan\u00e7as profundas. \u00c0 medida que o frio do inverno se intensifica, somos convidados a refletir sobre os caminhos que percorremos at\u00e9 agora e a vislumbrar as possibilidades que se abrem \u00e0 nossa [&hellip;]<\/p>\n","protected":false},"author":158,"featured_media":40315,"comment_status":"closed","ping_status":"closed","sticky":false,"template":"","format":"standard","meta":{"footnotes":""},"categories":[4892],"tags":[],"class_list":["post-40663","post","type-post","status-publish","format-standard","has-post-thumbnail","hentry","category-previsoes-2024"],"yoast_head":"<!-- This site is optimized with the Yoast SEO plugin v27.4 - https:\/\/yoast.com\/product\/yoast-seo-wordpress\/ -->\n<title>Previs\u00f5es para Junho, pela consultora Melissa - iQuilibrio<\/title>\n<meta name=\"robots\" content=\"index, follow, max-snippet:-1, max-image-preview:large, max-video-preview:-1\" \/>\n<link rel=\"canonical\" href=\"https:\/\/www.iquilibrio.com\/blog\/previsoes-2024\/previsoes-para-junho-pela-consultora-melissa\/\" \/>\n<meta property=\"og:locale\" content=\"pt_BR\" \/>\n<meta property=\"og:type\" content=\"article\" \/>\n<meta property=\"og:title\" content=\"Previs\u00f5es para Junho, pela consultora Melissa - iQuilibrio\" \/>\n<meta property=\"og:description\" content=\"Preparando-se para embarcar em um novo ciclo, adentramos o m\u00eas de junho, um per\u00edodo marcado por uma aura de transforma\u00e7\u00e3o e potencial para mudan\u00e7as profundas. \u00c0 medida que o frio do inverno se intensifica, somos convidados a refletir sobre os caminhos que percorremos at\u00e9 agora e a vislumbrar as possibilidades que se abrem \u00e0 nossa [&hellip;]\" \/>\n<meta property=\"og:url\" content=\"https:\/\/www.iquilibrio.com\/blog\/previsoes-2024\/previsoes-para-junho-pela-consultora-melissa\/\" \/>\n<meta property=\"og:site_name\" content=\"iQuilibrio\" \/>\n<meta property=\"article:publisher\" content=\"https:\/\/www.facebook.com\/iQuilibrio\/\" \/>\n<meta property=\"article:published_time\" content=\"2024-06-01T22:02:50+00:00\" \/>\n<meta property=\"og:image\" content=\"https:\/\/www.iquilibrio.com\/blog\/wp-content\/uploads\/2024\/03\/BLOG-Capa-horoscopo-mensal-iQui.jpg\" \/>\n\t<meta property=\"og:image:width\" content=\"900\" \/>\n\t<meta property=\"og:image:height\" content=\"560\" \/>\n\t<meta property=\"og:image:type\" content=\"image\/jpeg\" \/>\n<meta name=\"author\" content=\"Arthur Peroni\" \/>\n<meta name=\"twitter:card\" content=\"summary_large_image\" \/>\n<meta name=\"twitter:creator\" content=\"@iquilibrio\" \/>\n<meta name=\"twitter:site\" content=\"@iquilibrio\" \/>\n<meta name=\"twitter:label1\" content=\"Escrito por\" \/>\n\t<meta name=\"twitter:data1\" content=\"Arthur Peroni\" \/>\n\t<meta name=\"twitter:label2\" content=\"Est. tempo de leitura\" \/>\n\t<meta name=\"twitter:data2\" content=\"17 minutos\" \/>\n<script type=\"application\/ld+json\" class=\"yoast-schema-graph\">{\"@context\":\"https:\\\/\\\/schema.org\",\"@graph\":[{\"@type\":\"Article\",\"@id\":\"https:\\\/\\\/www.iquilibrio.com\\\/blog\\\/previsoes-2024\\\/previsoes-para-junho-pela-consultora-melissa\\\/#article\",\"isPartOf\":{\"@id\":\"https:\\\/\\\/www.iquilibrio.com\\\/blog\\\/previsoes-2024\\\/previsoes-para-junho-pela-consultora-melissa\\\/\"},\"author\":{\"name\":\"Arthur Peroni\",\"@id\":\"https:\\\/\\\/www.iquilibrio.com\\\/blog\\\/#\\\/schema\\\/person\\\/21ae990723c2e5a1170c9a06dacb4d3d\"},\"headline\":\"Previs\u00f5es para Junho, pela consultora Melissa\",\"datePublished\":\"2024-06-01T22:02:50+00:00\",\"mainEntityOfPage\":{\"@id\":\"https:\\\/\\\/www.iquilibrio.com\\\/blog\\\/previsoes-2024\\\/previsoes-para-junho-pela-consultora-melissa\\\/\"},\"wordCount\":3176,\"publisher\":{\"@id\":\"https:\\\/\\\/www.iquilibrio.com\\\/blog\\\/#organization\"},\"image\":{\"@id\":\"https:\\\/\\\/www.iquilibrio.com\\\/blog\\\/previsoes-2024\\\/previsoes-para-junho-pela-consultora-melissa\\\/#primaryimage\"},\"thumbnailUrl\":\"https:\\\/\\\/www.iquilibrio.com\\\/blog\\\/wp-content\\\/uploads\\\/2024\\\/03\\\/BLOG-Capa-horoscopo-mensal-iQui.jpg\",\"articleSection\":[\"Previs\u00f5es 2024\"],\"inLanguage\":\"pt-BR\"},{\"@type\":\"WebPage\",\"@id\":\"https:\\\/\\\/www.iquilibrio.com\\\/blog\\\/previsoes-2024\\\/previsoes-para-junho-pela-consultora-melissa\\\/\",\"url\":\"https:\\\/\\\/www.iquilibrio.com\\\/blog\\\/previsoes-2024\\\/previsoes-para-junho-pela-consultora-melissa\\\/\",\"name\":\"Previs\u00f5es para Junho, pela consultora Melissa - iQuilibrio\",\"isPartOf\":{\"@id\":\"https:\\\/\\\/www.iquilibrio.com\\\/blog\\\/#website\"},\"primaryImageOfPage\":{\"@id\":\"https:\\\/\\\/www.iquilibrio.com\\\/blog\\\/previsoes-2024\\\/previsoes-para-junho-pela-consultora-melissa\\\/#primaryimage\"},\"image\":{\"@id\":\"https:\\\/\\\/www.iquilibrio.com\\\/blog\\\/previsoes-2024\\\/previsoes-para-junho-pela-consultora-melissa\\\/#primaryimage\"},\"thumbnailUrl\":\"https:\\\/\\\/www.iquilibrio.com\\\/blog\\\/wp-content\\\/uploads\\\/2024\\\/03\\\/BLOG-Capa-horoscopo-mensal-iQui.jpg\",\"datePublished\":\"2024-06-01T22:02:50+00:00\",\"breadcrumb\":{\"@id\":\"https:\\\/\\\/www.iquilibrio.com\\\/blog\\\/previsoes-2024\\\/previsoes-para-junho-pela-consultora-melissa\\\/#breadcrumb\"},\"inLanguage\":\"pt-BR\",\"potentialAction\":[{\"@type\":\"ReadAction\",\"target\":[\"https:\\\/\\\/www.iquilibrio.com\\\/blog\\\/previsoes-2024\\\/previsoes-para-junho-pela-consultora-melissa\\\/\"]}]},{\"@type\":\"ImageObject\",\"inLanguage\":\"pt-BR\",\"@id\":\"https:\\\/\\\/www.iquilibrio.com\\\/blog\\\/previsoes-2024\\\/previsoes-para-junho-pela-consultora-melissa\\\/#primaryimage\",\"url\":\"https:\\\/\\\/www.iquilibrio.com\\\/blog\\\/wp-content\\\/uploads\\\/2024\\\/03\\\/BLOG-Capa-horoscopo-mensal-iQui.jpg\",\"contentUrl\":\"https:\\\/\\\/www.iquilibrio.com\\\/blog\\\/wp-content\\\/uploads\\\/2024\\\/03\\\/BLOG-Capa-horoscopo-mensal-iQui.jpg\",\"width\":900,\"height\":560},{\"@type\":\"BreadcrumbList\",\"@id\":\"https:\\\/\\\/www.iquilibrio.com\\\/blog\\\/previsoes-2024\\\/previsoes-para-junho-pela-consultora-melissa\\\/#breadcrumb\",\"itemListElement\":[{\"@type\":\"ListItem\",\"position\":1,\"name\":\"In\u00edcio\",\"item\":\"https:\\\/\\\/www.iquilibrio.com\\\/blog\\\/\"},{\"@type\":\"ListItem\",\"position\":2,\"name\":\"Previs\u00f5es para Junho, pela consultora Melissa\"}]},{\"@type\":\"WebSite\",\"@id\":\"https:\\\/\\\/www.iquilibrio.com\\\/blog\\\/#website\",\"url\":\"https:\\\/\\\/www.iquilibrio.com\\\/blog\\\/\",\"name\":\"iQuilibrio\",\"description\":\"Blog iQuilibrio\",\"publisher\":{\"@id\":\"https:\\\/\\\/www.iquilibrio.com\\\/blog\\\/#organization\"},\"potentialAction\":[{\"@type\":\"SearchAction\",\"target\":{\"@type\":\"EntryPoint\",\"urlTemplate\":\"https:\\\/\\\/www.iquilibrio.com\\\/blog\\\/?s={search_term_string}\"},\"query-input\":{\"@type\":\"PropertyValueSpecification\",\"valueRequired\":true,\"valueName\":\"search_term_string\"}}],\"inLanguage\":\"pt-BR\"},{\"@type\":\"Organization\",\"@id\":\"https:\\\/\\\/www.iquilibrio.com\\\/blog\\\/#organization\",\"name\":\"Esoterismo, Misticismo e Tarot Online - iQuilibrio\",\"url\":\"https:\\\/\\\/www.iquilibrio.com\\\/blog\\\/\",\"logo\":{\"@type\":\"ImageObject\",\"inLanguage\":\"pt-BR\",\"@id\":\"https:\\\/\\\/www.iquilibrio.com\\\/blog\\\/#\\\/schema\\\/logo\\\/image\\\/\",\"url\":\"https:\\\/\\\/www.iquilibrio.com\\\/blog\\\/wp-content\\\/uploads\\\/2018\\\/12\\\/iquilibrio_lovo_vetor_preto-retina.png\",\"contentUrl\":\"https:\\\/\\\/www.iquilibrio.com\\\/blog\\\/wp-content\\\/uploads\\\/2018\\\/12\\\/iquilibrio_lovo_vetor_preto-retina.png\",\"width\":972,\"height\":180,\"caption\":\"Esoterismo, Misticismo e Tarot Online - iQuilibrio\"},\"image\":{\"@id\":\"https:\\\/\\\/www.iquilibrio.com\\\/blog\\\/#\\\/schema\\\/logo\\\/image\\\/\"},\"sameAs\":[\"https:\\\/\\\/www.facebook.com\\\/iQuilibrio\\\/\",\"https:\\\/\\\/x.com\\\/iquilibrio\",\"https:\\\/\\\/www.instagram.com\\\/iquilibrio\\\/\",\"https:\\\/\\\/www.linkedin.com\\\/company\\\/iquilibrio\\\/\",\"https:\\\/\\\/br.pinterest.com\\\/iquilibrio1397\\\/\",\"https:\\\/\\\/www.youtube.com\\\/channel\\\/UC175qxd-4Zsi4wzawT5zF2g\"]},{\"@type\":\"Person\",\"@id\":\"https:\\\/\\\/www.iquilibrio.com\\\/blog\\\/#\\\/schema\\\/person\\\/21ae990723c2e5a1170c9a06dacb4d3d\",\"name\":\"Arthur Peroni\",\"image\":{\"@type\":\"ImageObject\",\"inLanguage\":\"pt-BR\",\"@id\":\"https:\\\/\\\/www.iquilibrio.com\\\/blog\\\/wp-content\\\/uploads\\\/2023\\\/04\\\/Arthur-Peroni-150x150.jpg\",\"url\":\"https:\\\/\\\/www.iquilibrio.com\\\/blog\\\/wp-content\\\/uploads\\\/2023\\\/04\\\/Arthur-Peroni-150x150.jpg\",\"contentUrl\":\"https:\\\/\\\/www.iquilibrio.com\\\/blog\\\/wp-content\\\/uploads\\\/2023\\\/04\\\/Arthur-Peroni-150x150.jpg\",\"caption\":\"Arthur Peroni\"},\"description\":\"Arthur Peroni escreve sobre a vida, o universo e tudo mais. Amante da literatura m\u00edstica, e fic\u00e7\u00e3o, descobriu sua carreira de redator gra\u00e7as ao h\u00e1bito de leitura constante sobre fantasia e drama. Nas horas vagas, gosta de cozinhar, ler e ver filmes antigos. J\u00e1 trabalhou com, comunica\u00e7\u00e3o social, massoterapia, terapias hol\u00edsticas e design de interiores. Atualmente trabalha como redator SEO e se entusiasma com tudo o que \u00e9 esot\u00e9rico. Gosta de discutir sobre assuntos complexos e instigantes, e v\u00ea na escrita uma oportunidade de aprender e criar todos os dias, mentalmente e espiritualmente.\",\"url\":\"https:\\\/\\\/www.iquilibrio.com\\\/blog\\\/author\\\/raul-vinicius\\\/\"}]}<\/script>\n<!-- \/ Yoast SEO plugin. -->","yoast_head_json":{"title":"Previs\u00f5es para Junho, pela consultora Melissa - iQuilibrio","robots":{"index":"index","follow":"follow","max-snippet":"max-snippet:-1","max-image-preview":"max-image-preview:large","max-video-preview":"max-video-preview:-1"},"canonical":"https:\/\/www.iquilibrio.com\/blog\/previsoes-2024\/previsoes-para-junho-pela-consultora-melissa\/","og_locale":"pt_BR","og_type":"article","og_title":"Previs\u00f5es para Junho, pela consultora Melissa - iQuilibrio","og_description":"Preparando-se para embarcar em um novo ciclo, adentramos o m\u00eas de junho, um per\u00edodo marcado por uma aura de transforma\u00e7\u00e3o e potencial para mudan\u00e7as profundas. \u00c0 medida que o frio do inverno se intensifica, somos convidados a refletir sobre os caminhos que percorremos at\u00e9 agora e a vislumbrar as possibilidades que se abrem \u00e0 nossa [&hellip;]","og_url":"https:\/\/www.iquilibrio.com\/blog\/previsoes-2024\/previsoes-para-junho-pela-consultora-melissa\/","og_site_name":"iQuilibrio","article_publisher":"https:\/\/www.facebook.com\/iQuilibrio\/","article_published_time":"2024-06-01T22:02:50+00:00","og_image":[{"width":900,"height":560,"url":"https:\/\/www.iquilibrio.com\/blog\/wp-content\/uploads\/2024\/03\/BLOG-Capa-horoscopo-mensal-iQui.jpg","type":"image\/jpeg"}],"author":"Arthur Peroni","twitter_card":"summary_large_image","twitter_creator":"@iquilibrio","twitter_site":"@iquilibrio","twitter_misc":{"Escrito por":"Arthur Peroni","Est. tempo de leitura":"17 minutos"},"schema":{"@context":"https:\/\/schema.org","@graph":[{"@type":"Article","@id":"https:\/\/www.iquilibrio.com\/blog\/previsoes-2024\/previsoes-para-junho-pela-consultora-melissa\/#article","isPartOf":{"@id":"https:\/\/www.iquilibrio.com\/blog\/previsoes-2024\/previsoes-para-junho-pela-consultora-melissa\/"},"author":{"name":"Arthur Peroni","@id":"https:\/\/www.iquilibrio.com\/blog\/#\/schema\/person\/21ae990723c2e5a1170c9a06dacb4d3d"},"headline":"Previs\u00f5es para Junho, pela consultora Melissa","datePublished":"2024-06-01T22:02:50+00:00","mainEntityOfPage":{"@id":"https:\/\/www.iquilibrio.com\/blog\/previsoes-2024\/previsoes-para-junho-pela-consultora-melissa\/"},"wordCount":3176,"publisher":{"@id":"https:\/\/www.iquilibrio.com\/blog\/#organization"},"image":{"@id":"https:\/\/www.iquilibrio.com\/blog\/previsoes-2024\/previsoes-para-junho-pela-consultora-melissa\/#primaryimage"},"thumbnailUrl":"https:\/\/www.iquilibrio.com\/blog\/wp-content\/uploads\/2024\/03\/BLOG-Capa-horoscopo-mensal-iQui.jpg","articleSection":["Previs\u00f5es 2024"],"inLanguage":"pt-BR"},{"@type":"WebPage","@id":"https:\/\/www.iquilibrio.com\/blog\/previsoes-2024\/previsoes-para-junho-pela-consultora-melissa\/","url":"https:\/\/www.iquilibrio.com\/blog\/previsoes-2024\/previsoes-para-junho-pela-consultora-melissa\/","name":"Previs\u00f5es para Junho, pela consultora Melissa - iQuilibrio","isPartOf":{"@id":"https:\/\/www.iquilibrio.com\/blog\/#website"},"primaryImageOfPage":{"@id":"https:\/\/www.iquilibrio.com\/blog\/previsoes-2024\/previsoes-para-junho-pela-consultora-melissa\/#primaryimage"},"image":{"@id":"https:\/\/www.iquilibrio.com\/blog\/previsoes-2024\/previsoes-para-junho-pela-consultora-melissa\/#primaryimage"},"thumbnailUrl":"https:\/\/www.iquilibrio.com\/blog\/wp-content\/uploads\/2024\/03\/BLOG-Capa-horoscopo-mensal-iQui.jpg","datePublished":"2024-06-01T22:02:50+00:00","breadcrumb":{"@id":"https:\/\/www.iquilibrio.com\/blog\/previsoes-2024\/previsoes-para-junho-pela-consultora-melissa\/#breadcrumb"},"inLanguage":"pt-BR","potentialAction":[{"@type":"ReadAction","target":["https:\/\/www.iquilibrio.com\/blog\/previsoes-2024\/previsoes-para-junho-pela-consultora-melissa\/"]}]},{"@type":"ImageObject","inLanguage":"pt-BR","@id":"https:\/\/www.iquilibrio.com\/blog\/previsoes-2024\/previsoes-para-junho-pela-consultora-melissa\/#primaryimage","url":"https:\/\/www.iquilibrio.com\/blog\/wp-content\/uploads\/2024\/03\/BLOG-Capa-horoscopo-mensal-iQui.jpg","contentUrl":"https:\/\/www.iquilibrio.com\/blog\/wp-content\/uploads\/2024\/03\/BLOG-Capa-horoscopo-mensal-iQui.jpg","width":900,"height":560},{"@type":"BreadcrumbList","@id":"https:\/\/www.iquilibrio.com\/blog\/previsoes-2024\/previsoes-para-junho-pela-consultora-melissa\/#breadcrumb","itemListElement":[{"@type":"ListItem","position":1,"name":"In\u00edcio","item":"https:\/\/www.iquilibrio.com\/blog\/"},{"@type":"ListItem","position":2,"name":"Previs\u00f5es para Junho, pela consultora Melissa"}]},{"@type":"WebSite","@id":"https:\/\/www.iquilibrio.com\/blog\/#website","url":"https:\/\/www.iquilibrio.com\/blog\/","name":"iQuilibrio","description":"Blog iQuilibrio","publisher":{"@id":"https:\/\/www.iquilibrio.com\/blog\/#organization"},"potentialAction":[{"@type":"SearchAction","target":{"@type":"EntryPoint","urlTemplate":"https:\/\/www.iquilibrio.com\/blog\/?s={search_term_string}"},"query-input":{"@type":"PropertyValueSpecification","valueRequired":true,"valueName":"search_term_string"}}],"inLanguage":"pt-BR"},{"@type":"Organization","@id":"https:\/\/www.iquilibrio.com\/blog\/#organization","name":"Esoterismo, Misticismo e Tarot Online - iQuilibrio","url":"https:\/\/www.iquilibrio.com\/blog\/","logo":{"@type":"ImageObject","inLanguage":"pt-BR","@id":"https:\/\/www.iquilibrio.com\/blog\/#\/schema\/logo\/image\/","url":"https:\/\/www.iquilibrio.com\/blog\/wp-content\/uploads\/2018\/12\/iquilibrio_lovo_vetor_preto-retina.png","contentUrl":"https:\/\/www.iquilibrio.com\/blog\/wp-content\/uploads\/2018\/12\/iquilibrio_lovo_vetor_preto-retina.png","width":972,"height":180,"caption":"Esoterismo, Misticismo e Tarot Online - iQuilibrio"},"image":{"@id":"https:\/\/www.iquilibrio.com\/blog\/#\/schema\/logo\/image\/"},"sameAs":["https:\/\/www.facebook.com\/iQuilibrio\/","https:\/\/x.com\/iquilibrio","https:\/\/www.instagram.com\/iquilibrio\/","https:\/\/www.linkedin.com\/company\/iquilibrio\/","https:\/\/br.pinterest.com\/iquilibrio1397\/","https:\/\/www.youtube.com\/channel\/UC175qxd-4Zsi4wzawT5zF2g"]},{"@type":"Person","@id":"https:\/\/www.iquilibrio.com\/blog\/#\/schema\/person\/21ae990723c2e5a1170c9a06dacb4d3d","name":"Arthur Peroni","image":{"@type":"ImageObject","inLanguage":"pt-BR","@id":"https:\/\/www.iquilibrio.com\/blog\/wp-content\/uploads\/2023\/04\/Arthur-Peroni-150x150.jpg","url":"https:\/\/www.iquilibrio.com\/blog\/wp-content\/uploads\/2023\/04\/Arthur-Peroni-150x150.jpg","contentUrl":"https:\/\/www.iquilibrio.com\/blog\/wp-content\/uploads\/2023\/04\/Arthur-Peroni-150x150.jpg","caption":"Arthur Peroni"},"description":"Arthur Peroni escreve sobre a vida, o universo e tudo mais. Amante da literatura m\u00edstica, e fic\u00e7\u00e3o, descobriu sua carreira de redator gra\u00e7as ao h\u00e1bito de leitura constante sobre fantasia e drama. Nas horas vagas, gosta de cozinhar, ler e ver filmes antigos. J\u00e1 trabalhou com, comunica\u00e7\u00e3o social, massoterapia, terapias hol\u00edsticas e design de interiores. Atualmente trabalha como redator SEO e se entusiasma com tudo o que \u00e9 esot\u00e9rico. Gosta de discutir sobre assuntos complexos e instigantes, e v\u00ea na escrita uma oportunidade de aprender e criar todos os dias, mentalmente e espiritualmente.","url":"https:\/\/www.iquilibrio.com\/blog\/author\/raul-vinicius\/"}]}},"_links":{"self":[{"href":"https:\/\/www.iquilibrio.com\/blog\/wp-json\/wp\/v2\/posts\/40663","targetHints":{"allow":["GET"]}}],"collection":[{"href":"https:\/\/www.iquilibrio.com\/blog\/wp-json\/wp\/v2\/posts"}],"about":[{"href":"https:\/\/www.iquilibrio.com\/blog\/wp-json\/wp\/v2\/types\/post"}],"author":[{"embeddable":true,"href":"https:\/\/www.iquilibrio.com\/blog\/wp-json\/wp\/v2\/users\/158"}],"replies":[{"embeddable":true,"href":"https:\/\/www.iquilibrio.com\/blog\/wp-json\/wp\/v2\/comments?post=40663"}],"version-history":[{"count":1,"href":"https:\/\/www.iquilibrio.com\/blog\/wp-json\/wp\/v2\/posts\/40663\/revisions"}],"predecessor-version":[{"id":40668,"href":"https:\/\/www.iquilibrio.com\/blog\/wp-json\/wp\/v2\/posts\/40663\/revisions\/40668"}],"wp:featuredmedia":[{"embeddable":true,"href":"https:\/\/www.iquilibrio.com\/blog\/wp-json\/wp\/v2\/media\/40315"}],"wp:attachment":[{"href":"https:\/\/www.iquilibrio.com\/blog\/wp-json\/wp\/v2\/media?parent=40663"}],"wp:term":[{"taxonomy":"category","embeddable":true,"href":"https:\/\/www.iquilibrio.com\/blog\/wp-json\/wp\/v2\/categories?post=40663"},{"taxonomy":"post_tag","embeddable":true,"href":"https:\/\/www.iquilibrio.com\/blog\/wp-json\/wp\/v2\/tags?post=40663"}],"curies":[{"name":"wp","href":"https:\/\/api.w.org\/{rel}","templated":true}]}}