{"id":40604,"date":"2024-05-18T12:16:45","date_gmt":"2024-05-18T15:16:45","guid":{"rendered":"https:\/\/www.iquilibrio.com\/blog\/?p=40604"},"modified":"2024-05-18T12:16:45","modified_gmt":"2024-05-18T15:16:45","slug":"sol-em-gemeos-mudanca-e-adaptacao-por-tatiana-marinho","status":"publish","type":"post","link":"https:\/\/www.iquilibrio.com\/blog\/astrologia\/sol-em-gemeos-mudanca-e-adaptacao-por-tatiana-marinho\/","title":{"rendered":"Sol em g\u00eameos: mudan\u00e7a e adapta\u00e7\u00e3o, por Tatiana Marinho"},"content":{"rendered":"<p style=\"text-align: center;\"><span style=\"font-weight: 400;\">\u201cViver \u00e9 a coisa\u00a0<\/span><\/p>\n<p style=\"text-align: center;\"><span style=\"font-weight: 400;\">mais rara do mundo.<\/span><\/p>\n<p style=\"text-align: center;\"><span style=\"font-weight: 400;\">A maior parte das<\/span><\/p>\n<p style=\"text-align: center;\"><span style=\"font-weight: 400;\">pessoas existe,\u00a0<\/span><\/p>\n<p style=\"text-align: center;\"><span style=\"font-weight: 400;\">s\u00f3 isso.\u201d<\/span><\/p>\n<ul>\n<li style=\"list-style-type: none;\">\n<ul>\n<li style=\"list-style-type: none;\">\n<ul>\n<li style=\"list-style-type: none;\">\n<ul>\n<li style=\"list-style-type: none;\">\n<ul>\n<li style=\"list-style-type: none;\">\n<ul>\n<li style=\"list-style-type: none;\">\n<ul>\n<li style=\"list-style-type: none;\">\n<ul>\n<li style=\"list-style-type: none;\">\n<ul>\n<li style=\"list-style-type: none;\">\n<ul>\n<li style=\"list-style-type: none;\">\n<ul>\n<li style=\"list-style-type: none;\">\n<ul>\n<li style=\"list-style-type: none;\">\n<ul>\n<li style=\"list-style-type: none;\">\n<ul>\n<li style=\"list-style-type: none;\">\n<ul>\n<li style=\"list-style-type: none;\">\n<ul>\n<li style=\"list-style-type: none;\">\n<ul>\n<li style=\"list-style-type: none;\">\n<ul>\n<li style=\"list-style-type: none;\">\n<ul>\n<li aria-level=\"1\"><b>Oscar Wilde<\/b><\/li>\n<\/ul>\n<\/li>\n<\/ul>\n<\/li>\n<\/ul>\n<\/li>\n<\/ul>\n<\/li>\n<\/ul>\n<\/li>\n<\/ul>\n<\/li>\n<\/ul>\n<\/li>\n<\/ul>\n<\/li>\n<\/ul>\n<\/li>\n<\/ul>\n<\/li>\n<\/ul>\n<\/li>\n<\/ul>\n<\/li>\n<\/ul>\n<\/li>\n<\/ul>\n<\/li>\n<\/ul>\n<\/li>\n<\/ul>\n<\/li>\n<\/ul>\n<\/li>\n<\/ul>\n<\/li>\n<\/ul>\n<p><span style=\"font-weight: 400;\">Primeiramente, com o impulso e iniciativa da energia de \u00c1ries, passamos a existir no mundo.<\/span><\/p>\n<p><span style=\"font-weight: 400;\">Depois, na energia de Touro, aprendemos a sobreviver, nutrindo nossas necessidades b\u00e1sicas, e lidamos com a materialidade.<\/span><\/p>\n<p><span style=\"font-weight: 400;\">Agora, na energia de G\u00eameos, entendemos que precisamos das trocas, para expandir nosso conhecimento a n\u00edvel b\u00e1sico e essencial, para come\u00e7armos a nos <a href=\"https:\/\/www.iquilibrio.com\/blog\/astrologia\/explorando-o-potencial-da-astrologia-por-tatiana-marinho\/\">expressar no mundo<\/a>.<\/span><\/p>\n<p><span style=\"font-weight: 400;\">O planeta Merc\u00fario rege o signo de G\u00eameos, representa o elemento Ar Mut\u00e1vel, que possui flexibilidade, agilidade para sempre mudar as ideias e espalh\u00e1-las pelo mundo afora.<\/span><\/p>\n<p><span style=\"font-weight: 400;\">Estar\u00e1 em destaque as seguintes palavras chaves:<\/span><\/p>\n<ul>\n<li style=\"font-weight: 400;\" aria-level=\"1\"><span style=\"font-weight: 400;\">Comunica\u00e7\u00e3o verbal e escrita<\/span><\/li>\n<li style=\"font-weight: 400;\" aria-level=\"1\"><span style=\"font-weight: 400;\">Movimento constante<\/span><\/li>\n<li style=\"font-weight: 400;\" aria-level=\"1\"><span style=\"font-weight: 400;\">Fluidez das ideias<\/span><\/li>\n<\/ul>\n<p><span style=\"font-weight: 400;\">A entrada do Sol em G\u00eameos \u00e9 um evento celestial que desperta curiosidade e reflex\u00e3o entre os amantes da astrologia. Este movimento, que ocorre anualmente entre maio e junho, traz consigo uma energia din\u00e2mica e vers\u00e1til, caracter\u00edstica do signo de G\u00eameos.\u00a0<\/span><\/p>\n<p><span style=\"font-weight: 400;\">Vamos explorar como essa transi\u00e7\u00e3o influencia cada signo do zod\u00edaco e como podemos aproveitar ao m\u00e1ximo essa fase.<\/span><\/p>\n<p style=\"text-align: center;\"><span class=\"td_btn td_btn_md td_round_btn\" style=\"background-color: #666699; color: #ffffff;\"><a style=\"background-color: #666699; color: #ffffff;\" href=\"https:\/\/www.iquilibrio.com\/astrologia\/?utm_campaign=blog_conversao&amp;utm_medium=texto_cta&amp;utm_source=blog&amp;utm_content=2024_cat_astrologia_art_sol-gemeos\" target=\"_blank\" rel=\"noopener\">Veja como essa energia impacta no seu mapa astral!<\/a><\/span><\/p>\n<hr \/>\n<h2><span style=\"font-weight: 400;\">O Movimento Celestial: O Sol em G\u00eameos<\/span><\/h2>\n<p><span style=\"font-weight: 400;\">Quando o Sol entra no signo de G\u00eameos, somos banhados por uma energia de mudan\u00e7a e adaptabilidade. G\u00eameos, um signo do elemento ar, \u00e9 regido pelo planeta Merc\u00fario, o mensageiro dos deuses na mitologia romana. Esta combina\u00e7\u00e3o confere a G\u00eameos uma mente \u00e1gil e curiosa, sempre em busca de <a href=\"https:\/\/www.astrocentro.com.br\/blog\/simpatias-2\/simpatia-amor-2\/\">novas experi\u00eancias<\/a> e conhecimentos.<\/span><\/p>\n<hr \/>\n<h3><span style=\"font-weight: 400;\">Impacto nos Signos do Zod\u00edaco<\/span><\/h3>\n<h3><span style=\"font-weight: 400;\">\u00c1ries<\/span><\/h3>\n<p><span style=\"font-weight: 400;\">Para os arianos, a entrada do Sol em G\u00eameos promete um per\u00edodo de comunica\u00e7\u00e3o clara e eficaz. Eles ser\u00e3o inspirados a expressar suas ideias de forma assertiva e a buscar novos <a href=\"https:\/\/www.iquilibrio.com\/blog\/astrologia\/astrologia-saude-mental\/\">desafios intelectuais.<\/a><\/span><\/p>\n<h3><span style=\"font-weight: 400;\">Touro<\/span><\/h3>\n<p><span style=\"font-weight: 400;\">Taurinos podem sentir uma necessidade de ampliar seus horizontes durante este per\u00edodo. A entrada do Sol em G\u00eameos os encoraja a explorar novas oportunidades de aprendizado e a expandir seus interesses.<\/span><\/p>\n<h3><span style=\"font-weight: 400;\">G\u00eameos<\/span><\/h3>\n<p><span style=\"font-weight: 400;\">Para os geminianos, esta \u00e9 uma \u00e9poca de celebra\u00e7\u00e3o e renova\u00e7\u00e3o. Com o Sol brilhando em seu pr\u00f3prio signo, eles se sentir\u00e3o revigorados e prontos para se conectar com os outros de maneira mais profunda.<\/span><\/p>\n<h3><span style=\"font-weight: 400;\">C\u00e2ncer<\/span><\/h3>\n<p><span style=\"font-weight: 400;\">Cancerianos podem se sentir mais comunicativos e soci\u00e1veis durante esta fase. Eles ser\u00e3o incentivados a compartilhar suas emo\u00e7\u00f5es de forma aberta e a buscar conex\u00f5es significativas com aqueles ao seu redor.<\/span><\/p>\n<h3><span style=\"font-weight: 400;\">Le\u00e3o<\/span><\/h3>\n<p><span style=\"font-weight: 400;\">Le\u00e3o pode se beneficiar da energia de G\u00eameos atrav\u00e9s do desenvolvimento de suas habilidades de comunica\u00e7\u00e3o e networking. Este \u00e9 um momento prop\u00edcio para eles expandirem sua rede de contatos e se destacarem em projetos que exigem colabora\u00e7\u00e3o.<\/span><\/p>\n<h3><span style=\"font-weight: 400;\">Virgem<\/span><\/h3>\n<p><span style=\"font-weight: 400;\">Virginianos podem encontrar inspira\u00e7\u00e3o para buscar novos interesses e hobbies durante esta fase. A entrada do Sol em G\u00eameos os incentiva a sair da rotina e a explorar novas formas de express\u00e3o criativa.<\/span><\/p>\n<h3><span style=\"font-weight: 400;\">Libra<\/span><\/h3>\n<p><span style=\"font-weight: 400;\">Para os librianos, esta \u00e9 uma \u00e9poca de foco nas rela\u00e7\u00f5es interpessoais. Eles ser\u00e3o motivados a cultivar parcerias harmoniosas e a buscar o equil\u00edbrio em <a href=\"https:\/\/www.iquilibrio.com\/blog\/astrologia\/como-ser-promovido-trabalho\/\">todas as \u00e1reas de suas vidas.<\/a><\/span><\/p>\n<h3><span style=\"font-weight: 400;\">Escorpi\u00e3o<\/span><\/h3>\n<p><span style=\"font-weight: 400;\">Escorpianos podem sentir um impulso para se comunicar de maneira mais transparente durante este per\u00edodo. A entrada do Sol em G\u00eameos os encoraja a compartilhar suas verdadeiras inten\u00e7\u00f5es e a se conectar de forma mais aut\u00eantica com os outros.<\/span><\/p>\n<h3><span style=\"font-weight: 400;\">Sagit\u00e1rio<\/span><\/h3>\n<p><span style=\"font-weight: 400;\">Sagitarianos podem se sentir mais inquisitivos e filos\u00f3ficos durante esta fase. Eles ser\u00e3o inspirados a expandir seus horizontes atrav\u00e9s da busca por conhecimento e da explora\u00e7\u00e3o de novas ideias.<\/span><\/p>\n<h3><span style=\"font-weight: 400;\">Capric\u00f3rnio<\/span><\/h3>\n<p><span style=\"font-weight: 400;\">Capricornianos podem se beneficiar da energia de G\u00eameos atrav\u00e9s do desenvolvimento de suas <a href=\"https:\/\/www.astrocentro.com.br\/blog\/simpatias-2\/simpatia-dinheiro-2024\/\">habilidades de comunica\u00e7\u00e3o<\/a>. Este \u00e9 um momento prop\u00edcio para eles compartilharem suas ideias de forma clara e convincente.<\/span><\/p>\n<h3><span style=\"font-weight: 400;\">Aqu\u00e1rio<\/span><\/h3>\n<p><span style=\"font-weight: 400;\">Aquarianos podem sentir um impulso para se conectar com os outros de maneira mais profunda durante este per\u00edodo. A entrada do Sol em G\u00eameos os incentiva a cultivar relacionamentos aut\u00eanticos e significativos.<\/span><\/p>\n<h3><span style=\"font-weight: 400;\">Peixes<\/span><\/h3>\n<p><span style=\"font-weight: 400;\">Para os piscianos, esta \u00e9 uma \u00e9poca de foco no autocuidado e na introspec\u00e7\u00e3o. Eles ser\u00e3o motivados a dedicar tempo para refletir sobre suas necessidades emocionais e a nutrir sua espiritualidade.<\/span><\/p>\n<p style=\"text-align: center;\"><span class=\"td_btn td_btn_md td_round_btn\" style=\"background-color: #666699; color: #ffffff;\"><a style=\"background-color: #666699; color: #ffffff;\" href=\"https:\/\/www.iquilibrio.com\/astrologia\/?utm_campaign=blog_conversao&amp;utm_medium=texto_cta&amp;utm_source=blog&amp;utm_content=2024_cat_astrologia_art_sol-gemeos\" target=\"_blank\" rel=\"noopener\">Fa\u00e7a seu mapa completo e descubra co<\/a>mo as energias que favorecem seu crescimento!<\/span><\/p>\n<p><span style=\"font-weight: 400;\">Em conclus\u00e3o, a entrada do Sol em G\u00eameos traz consigo uma energia de mudan\u00e7a e adapta\u00e7\u00e3o que influencia cada signo do zod\u00edaco de maneira \u00fanica. Este \u00e9 um momento prop\u00edcio para explorar novas ideias, cultivar relacionamentos significativos e expandir nossos horizontes. Que possamos aproveitar ao m\u00e1ximo essa fase celestial e nos conectar com a energia vers\u00e1til e din\u00e2mica de G\u00eameos.<\/span><\/p>\n<hr \/>\n<p><img loading=\"lazy\" decoding=\"async\" class=\"wp-image-40292 alignleft td-animation-stack-type0-2\" src=\"https:\/\/www.iquilibrio.com\/blog\/wp-content\/uploads\/2024\/02\/Tatiana-Beco.webp\" sizes=\"auto, (max-width: 242px) 100vw, 242px\" srcset=\"https:\/\/www.iquilibrio.com\/blog\/wp-content\/uploads\/2024\/02\/Tatiana-Beco.webp 358w, https:\/\/www.iquilibrio.com\/blog\/wp-content\/uploads\/2024\/02\/Tatiana-Beco-300x187.webp 300w, https:\/\/www.iquilibrio.com\/blog\/wp-content\/uploads\/2024\/02\/Tatiana-Beco-356x223.webp 356w\" alt=\"\" width=\"242\" height=\"151\" \/><\/p>\n<div class=\"flex-1 overflow-hidden\">\n<div class=\"react-scroll-to-bottom--css-psdeb-79elbk h-full\">\n<div class=\"react-scroll-to-bottom--css-psdeb-1n7m0yu\">\n<div class=\"flex flex-col text-sm pb-9\">\n<div class=\"w-full text-token-text-primary\" data-testid=\"conversation-turn-45\">\n<div class=\"px-4 py-2 justify-center text-base md:gap-6 m-auto\">\n<div class=\"flex flex-1 text-base mx-auto gap-3 md:px-5 lg:px-1 xl:px-5 md:max-w-3xl lg:max-w-[40rem] xl:max-w-[48rem] group final-completion\">\n<div class=\"relative flex w-full flex-col agent-turn\">\n<div class=\"flex-col gap-1 md:gap-3\">\n<div class=\"flex flex-grow flex-col max-w-full\">\n<div class=\"min-h-[20px] text-message flex flex-col items-start gap-3 whitespace-pre-wrap break-words [.text-message+&amp;]:mt-5 overflow-x-auto\" data-message-author-role=\"assistant\" data-message-id=\"d9b15b81-0359-4315-9d00-15245ea372fa\">\n<div class=\"markdown prose w-full break-words dark:prose-invert light\">\n<div class=\"flex flex-grow flex-col max-w-full\">\n<div class=\"min-h-[20px] text-message flex flex-col items-start gap-3 whitespace-pre-wrap break-words [.text-message+&amp;]:mt-5 overflow-x-auto\" data-message-author-role=\"assistant\" data-message-id=\"c799f5c5-53f6-4262-8a84-7cce095052f7\">\n<div class=\"markdown prose w-full break-words dark:prose-invert light\">\n<p>Eu amo orientar as pessoas por meio da astrologia, pois ela me resgatou quando comecei a procurar me conhecer melhor. Visitando e conhecendo todo tipo de lugar espiritual e religioso. Os astros preencheram lacunas, reuniu algumas respostas soltas e outras que estavam pela metade vagando em minha mente.<\/p>\n<\/div>\n<\/div>\n<\/div>\n<\/div>\n<\/div>\n<\/div>\n<\/div>\n<\/div>\n<\/div>\n<\/div>\n<\/div>\n<\/div>\n<\/div>\n<\/div>\n<\/div>\n<p>\u00c0s vezes, s\u00f3 perguntamos e queremos saber algo pontual, mas podemos fazer um giro de 360\u00b0 graus. E mostrado quest\u00f5es das quais n\u00e3o estamos vendo a partir de tal pergunta, o que \u00e9 fant\u00e1stico saber. Fa\u00e7a qualquer pergunta e eu responderei com responsabilidade, sinalizando melhorias, evitando e minimizando desafios, tanto nas coisas boas quanto nas menos boas que precisamos enfrentar.<\/p>\n\n\n<div class=\"kk-star-ratings kksr-auto kksr-align-left kksr-valign-bottom\"\n    data-payload='{&quot;align&quot;:&quot;left&quot;,&quot;id&quot;:&quot;40604&quot;,&quot;slug&quot;:&quot;default&quot;,&quot;valign&quot;:&quot;bottom&quot;,&quot;ignore&quot;:&quot;&quot;,&quot;reference&quot;:&quot;auto&quot;,&quot;class&quot;:&quot;&quot;,&quot;count&quot;:&quot;9&quot;,&quot;legendonly&quot;:&quot;&quot;,&quot;readonly&quot;:&quot;&quot;,&quot;score&quot;:&quot;5&quot;,&quot;starsonly&quot;:&quot;&quot;,&quot;best&quot;:&quot;5&quot;,&quot;gap&quot;:&quot;5&quot;,&quot;greet&quot;:&quot;Rate this post&quot;,&quot;legend&quot;:&quot;5\\\/5 - (9 votos)&quot;,&quot;size&quot;:&quot;24&quot;,&quot;title&quot;:&quot;Sol em g\u00eameos: mudan\u00e7a e adapta\u00e7\u00e3o, por Tatiana Marinho&quot;,&quot;width&quot;:&quot;142.5&quot;,&quot;_legend&quot;:&quot;{score}\\\/{best} - ({count} {votes})&quot;,&quot;font_factor&quot;:&quot;1.25&quot;}'>\n            \n<div class=\"kksr-stars\">\n    \n<div class=\"kksr-stars-inactive\">\n            <div class=\"kksr-star\" data-star=\"1\" style=\"padding-right: 5px\">\n            \n\n<div class=\"kksr-icon\" style=\"width: 24px; height: 24px;\"><\/div>\n        <\/div>\n            <div class=\"kksr-star\" data-star=\"2\" style=\"padding-right: 5px\">\n            \n\n<div class=\"kksr-icon\" style=\"width: 24px; height: 24px;\"><\/div>\n        <\/div>\n            <div class=\"kksr-star\" data-star=\"3\" style=\"padding-right: 5px\">\n            \n\n<div class=\"kksr-icon\" style=\"width: 24px; height: 24px;\"><\/div>\n        <\/div>\n            <div class=\"kksr-star\" data-star=\"4\" style=\"padding-right: 5px\">\n            \n\n<div class=\"kksr-icon\" style=\"width: 24px; height: 24px;\"><\/div>\n        <\/div>\n            <div class=\"kksr-star\" data-star=\"5\" style=\"padding-right: 5px\">\n            \n\n<div class=\"kksr-icon\" style=\"width: 24px; height: 24px;\"><\/div>\n        <\/div>\n    <\/div>\n    \n<div class=\"kksr-stars-active\" style=\"width: 142.5px;\">\n            <div class=\"kksr-star\" style=\"padding-right: 5px\">\n            \n\n<div class=\"kksr-icon\" style=\"width: 24px; height: 24px;\"><\/div>\n        <\/div>\n            <div class=\"kksr-star\" style=\"padding-right: 5px\">\n            \n\n<div class=\"kksr-icon\" style=\"width: 24px; height: 24px;\"><\/div>\n        <\/div>\n            <div class=\"kksr-star\" style=\"padding-right: 5px\">\n            \n\n<div class=\"kksr-icon\" style=\"width: 24px; height: 24px;\"><\/div>\n        <\/div>\n            <div class=\"kksr-star\" style=\"padding-right: 5px\">\n            \n\n<div class=\"kksr-icon\" style=\"width: 24px; height: 24px;\"><\/div>\n        <\/div>\n            <div class=\"kksr-star\" style=\"padding-right: 5px\">\n            \n\n<div class=\"kksr-icon\" style=\"width: 24px; height: 24px;\"><\/div>\n        <\/div>\n    <\/div>\n<\/div>\n                \n\n<div class=\"kksr-legend\" style=\"font-size: 19.2px;\">\n            5\/5 - (9 votos)    <\/div>\n    <\/div>\n","protected":false},"excerpt":{"rendered":"<p>\u201cViver \u00e9 a coisa\u00a0 mais rara do mundo. A maior parte das pessoas existe,\u00a0 s\u00f3 isso.\u201d Oscar Wilde Primeiramente, com o impulso e iniciativa da energia de \u00c1ries, passamos a existir no mundo. Depois, na energia de Touro, aprendemos a sobreviver, nutrindo nossas necessidades b\u00e1sicas, e lidamos com a materialidade. Agora, na energia de G\u00eameos, [&hellip;]<\/p>\n","protected":false},"author":158,"featured_media":40605,"comment_status":"closed","ping_status":"closed","sticky":false,"template":"","format":"standard","meta":{"footnotes":""},"categories":[517],"tags":[],"class_list":["post-40604","post","type-post","status-publish","format-standard","has-post-thumbnail","hentry","category-astrologia"],"yoast_head":"<!-- This site is optimized with the Yoast SEO plugin v27.4 - https:\/\/yoast.com\/product\/yoast-seo-wordpress\/ -->\n<title>Sol em g\u00eameos, per\u00edodo de adapta\u00e7\u00e3o e mudan\u00e7as<\/title>\n<meta name=\"description\" content=\"Confira a influ\u00eancia do movimento do sol em g\u00eameos, e veja como esta energia impacta no seu signo.\" \/>\n<meta name=\"robots\" content=\"index, follow, max-snippet:-1, max-image-preview:large, max-video-preview:-1\" \/>\n<link rel=\"canonical\" href=\"https:\/\/www.iquilibrio.com\/blog\/astrologia\/sol-em-gemeos-mudanca-e-adaptacao-por-tatiana-marinho\/\" \/>\n<meta property=\"og:locale\" content=\"pt_BR\" \/>\n<meta property=\"og:type\" content=\"article\" \/>\n<meta property=\"og:title\" content=\"Sol em g\u00eameos, per\u00edodo de adapta\u00e7\u00e3o e mudan\u00e7as\" \/>\n<meta property=\"og:description\" content=\"Confira a influ\u00eancia do movimento do sol em g\u00eameos, e veja como esta energia impacta no seu signo.\" \/>\n<meta property=\"og:url\" content=\"https:\/\/www.iquilibrio.com\/blog\/astrologia\/sol-em-gemeos-mudanca-e-adaptacao-por-tatiana-marinho\/\" \/>\n<meta property=\"og:site_name\" content=\"iQuilibrio\" \/>\n<meta property=\"article:publisher\" content=\"https:\/\/www.facebook.com\/iQuilibrio\/\" \/>\n<meta property=\"article:published_time\" content=\"2024-05-18T15:16:45+00:00\" \/>\n<meta property=\"og:image\" content=\"https:\/\/www.iquilibrio.com\/blog\/wp-content\/uploads\/2024\/05\/Sol-em-gemeos.jpg\" \/>\n\t<meta property=\"og:image:width\" content=\"900\" \/>\n\t<meta property=\"og:image:height\" content=\"560\" \/>\n\t<meta property=\"og:image:type\" content=\"image\/jpeg\" \/>\n<meta name=\"author\" content=\"Arthur Peroni\" \/>\n<meta name=\"twitter:card\" content=\"summary_large_image\" \/>\n<meta name=\"twitter:creator\" content=\"@iquilibrio\" \/>\n<meta name=\"twitter:site\" content=\"@iquilibrio\" \/>\n<meta name=\"twitter:label1\" content=\"Escrito por\" \/>\n\t<meta name=\"twitter:data1\" content=\"Arthur Peroni\" \/>\n\t<meta name=\"twitter:label2\" content=\"Est. tempo de leitura\" \/>\n\t<meta name=\"twitter:data2\" content=\"5 minutos\" \/>\n<script type=\"application\/ld+json\" class=\"yoast-schema-graph\">{\"@context\":\"https:\\\/\\\/schema.org\",\"@graph\":[{\"@type\":\"Article\",\"@id\":\"https:\\\/\\\/www.iquilibrio.com\\\/blog\\\/astrologia\\\/sol-em-gemeos-mudanca-e-adaptacao-por-tatiana-marinho\\\/#article\",\"isPartOf\":{\"@id\":\"https:\\\/\\\/www.iquilibrio.com\\\/blog\\\/astrologia\\\/sol-em-gemeos-mudanca-e-adaptacao-por-tatiana-marinho\\\/\"},\"author\":{\"name\":\"Arthur Peroni\",\"@id\":\"https:\\\/\\\/www.iquilibrio.com\\\/blog\\\/#\\\/schema\\\/person\\\/21ae990723c2e5a1170c9a06dacb4d3d\"},\"headline\":\"Sol em g\u00eameos: mudan\u00e7a e adapta\u00e7\u00e3o, por Tatiana Marinho\",\"datePublished\":\"2024-05-18T15:16:45+00:00\",\"mainEntityOfPage\":{\"@id\":\"https:\\\/\\\/www.iquilibrio.com\\\/blog\\\/astrologia\\\/sol-em-gemeos-mudanca-e-adaptacao-por-tatiana-marinho\\\/\"},\"wordCount\":933,\"publisher\":{\"@id\":\"https:\\\/\\\/www.iquilibrio.com\\\/blog\\\/#organization\"},\"image\":{\"@id\":\"https:\\\/\\\/www.iquilibrio.com\\\/blog\\\/astrologia\\\/sol-em-gemeos-mudanca-e-adaptacao-por-tatiana-marinho\\\/#primaryimage\"},\"thumbnailUrl\":\"https:\\\/\\\/www.iquilibrio.com\\\/blog\\\/wp-content\\\/uploads\\\/2024\\\/05\\\/Sol-em-gemeos.jpg\",\"articleSection\":[\"Astrologia\"],\"inLanguage\":\"pt-BR\"},{\"@type\":\"WebPage\",\"@id\":\"https:\\\/\\\/www.iquilibrio.com\\\/blog\\\/astrologia\\\/sol-em-gemeos-mudanca-e-adaptacao-por-tatiana-marinho\\\/\",\"url\":\"https:\\\/\\\/www.iquilibrio.com\\\/blog\\\/astrologia\\\/sol-em-gemeos-mudanca-e-adaptacao-por-tatiana-marinho\\\/\",\"name\":\"Sol em g\u00eameos, per\u00edodo de adapta\u00e7\u00e3o e mudan\u00e7as\",\"isPartOf\":{\"@id\":\"https:\\\/\\\/www.iquilibrio.com\\\/blog\\\/#website\"},\"primaryImageOfPage\":{\"@id\":\"https:\\\/\\\/www.iquilibrio.com\\\/blog\\\/astrologia\\\/sol-em-gemeos-mudanca-e-adaptacao-por-tatiana-marinho\\\/#primaryimage\"},\"image\":{\"@id\":\"https:\\\/\\\/www.iquilibrio.com\\\/blog\\\/astrologia\\\/sol-em-gemeos-mudanca-e-adaptacao-por-tatiana-marinho\\\/#primaryimage\"},\"thumbnailUrl\":\"https:\\\/\\\/www.iquilibrio.com\\\/blog\\\/wp-content\\\/uploads\\\/2024\\\/05\\\/Sol-em-gemeos.jpg\",\"datePublished\":\"2024-05-18T15:16:45+00:00\",\"description\":\"Confira a influ\u00eancia do movimento do sol em g\u00eameos, e veja como esta energia impacta no seu signo.\",\"breadcrumb\":{\"@id\":\"https:\\\/\\\/www.iquilibrio.com\\\/blog\\\/astrologia\\\/sol-em-gemeos-mudanca-e-adaptacao-por-tatiana-marinho\\\/#breadcrumb\"},\"inLanguage\":\"pt-BR\",\"potentialAction\":[{\"@type\":\"ReadAction\",\"target\":[\"https:\\\/\\\/www.iquilibrio.com\\\/blog\\\/astrologia\\\/sol-em-gemeos-mudanca-e-adaptacao-por-tatiana-marinho\\\/\"]}]},{\"@type\":\"ImageObject\",\"inLanguage\":\"pt-BR\",\"@id\":\"https:\\\/\\\/www.iquilibrio.com\\\/blog\\\/astrologia\\\/sol-em-gemeos-mudanca-e-adaptacao-por-tatiana-marinho\\\/#primaryimage\",\"url\":\"https:\\\/\\\/www.iquilibrio.com\\\/blog\\\/wp-content\\\/uploads\\\/2024\\\/05\\\/Sol-em-gemeos.jpg\",\"contentUrl\":\"https:\\\/\\\/www.iquilibrio.com\\\/blog\\\/wp-content\\\/uploads\\\/2024\\\/05\\\/Sol-em-gemeos.jpg\",\"width\":900,\"height\":560},{\"@type\":\"BreadcrumbList\",\"@id\":\"https:\\\/\\\/www.iquilibrio.com\\\/blog\\\/astrologia\\\/sol-em-gemeos-mudanca-e-adaptacao-por-tatiana-marinho\\\/#breadcrumb\",\"itemListElement\":[{\"@type\":\"ListItem\",\"position\":1,\"name\":\"In\u00edcio\",\"item\":\"https:\\\/\\\/www.iquilibrio.com\\\/blog\\\/\"},{\"@type\":\"ListItem\",\"position\":2,\"name\":\"Sol em g\u00eameos: mudan\u00e7a e adapta\u00e7\u00e3o, por Tatiana Marinho\"}]},{\"@type\":\"WebSite\",\"@id\":\"https:\\\/\\\/www.iquilibrio.com\\\/blog\\\/#website\",\"url\":\"https:\\\/\\\/www.iquilibrio.com\\\/blog\\\/\",\"name\":\"iQuilibrio\",\"description\":\"Blog iQuilibrio\",\"publisher\":{\"@id\":\"https:\\\/\\\/www.iquilibrio.com\\\/blog\\\/#organization\"},\"potentialAction\":[{\"@type\":\"SearchAction\",\"target\":{\"@type\":\"EntryPoint\",\"urlTemplate\":\"https:\\\/\\\/www.iquilibrio.com\\\/blog\\\/?s={search_term_string}\"},\"query-input\":{\"@type\":\"PropertyValueSpecification\",\"valueRequired\":true,\"valueName\":\"search_term_string\"}}],\"inLanguage\":\"pt-BR\"},{\"@type\":\"Organization\",\"@id\":\"https:\\\/\\\/www.iquilibrio.com\\\/blog\\\/#organization\",\"name\":\"Esoterismo, Misticismo e Tarot Online - iQuilibrio\",\"url\":\"https:\\\/\\\/www.iquilibrio.com\\\/blog\\\/\",\"logo\":{\"@type\":\"ImageObject\",\"inLanguage\":\"pt-BR\",\"@id\":\"https:\\\/\\\/www.iquilibrio.com\\\/blog\\\/#\\\/schema\\\/logo\\\/image\\\/\",\"url\":\"https:\\\/\\\/www.iquilibrio.com\\\/blog\\\/wp-content\\\/uploads\\\/2018\\\/12\\\/iquilibrio_lovo_vetor_preto-retina.png\",\"contentUrl\":\"https:\\\/\\\/www.iquilibrio.com\\\/blog\\\/wp-content\\\/uploads\\\/2018\\\/12\\\/iquilibrio_lovo_vetor_preto-retina.png\",\"width\":972,\"height\":180,\"caption\":\"Esoterismo, Misticismo e Tarot Online - iQuilibrio\"},\"image\":{\"@id\":\"https:\\\/\\\/www.iquilibrio.com\\\/blog\\\/#\\\/schema\\\/logo\\\/image\\\/\"},\"sameAs\":[\"https:\\\/\\\/www.facebook.com\\\/iQuilibrio\\\/\",\"https:\\\/\\\/x.com\\\/iquilibrio\",\"https:\\\/\\\/www.instagram.com\\\/iquilibrio\\\/\",\"https:\\\/\\\/www.linkedin.com\\\/company\\\/iquilibrio\\\/\",\"https:\\\/\\\/br.pinterest.com\\\/iquilibrio1397\\\/\",\"https:\\\/\\\/www.youtube.com\\\/channel\\\/UC175qxd-4Zsi4wzawT5zF2g\"]},{\"@type\":\"Person\",\"@id\":\"https:\\\/\\\/www.iquilibrio.com\\\/blog\\\/#\\\/schema\\\/person\\\/21ae990723c2e5a1170c9a06dacb4d3d\",\"name\":\"Arthur Peroni\",\"image\":{\"@type\":\"ImageObject\",\"inLanguage\":\"pt-BR\",\"@id\":\"https:\\\/\\\/www.iquilibrio.com\\\/blog\\\/wp-content\\\/uploads\\\/2023\\\/04\\\/Arthur-Peroni-150x150.jpg\",\"url\":\"https:\\\/\\\/www.iquilibrio.com\\\/blog\\\/wp-content\\\/uploads\\\/2023\\\/04\\\/Arthur-Peroni-150x150.jpg\",\"contentUrl\":\"https:\\\/\\\/www.iquilibrio.com\\\/blog\\\/wp-content\\\/uploads\\\/2023\\\/04\\\/Arthur-Peroni-150x150.jpg\",\"caption\":\"Arthur Peroni\"},\"description\":\"Arthur Peroni escreve sobre a vida, o universo e tudo mais. Amante da literatura m\u00edstica, e fic\u00e7\u00e3o, descobriu sua carreira de redator gra\u00e7as ao h\u00e1bito de leitura constante sobre fantasia e drama. Nas horas vagas, gosta de cozinhar, ler e ver filmes antigos. J\u00e1 trabalhou com, comunica\u00e7\u00e3o social, massoterapia, terapias hol\u00edsticas e design de interiores. Atualmente trabalha como redator SEO e se entusiasma com tudo o que \u00e9 esot\u00e9rico. Gosta de discutir sobre assuntos complexos e instigantes, e v\u00ea na escrita uma oportunidade de aprender e criar todos os dias, mentalmente e espiritualmente.\",\"url\":\"https:\\\/\\\/www.iquilibrio.com\\\/blog\\\/author\\\/raul-vinicius\\\/\"}]}<\/script>\n<!-- \/ Yoast SEO plugin. -->","yoast_head_json":{"title":"Sol em g\u00eameos, per\u00edodo de adapta\u00e7\u00e3o e mudan\u00e7as","description":"Confira a influ\u00eancia do movimento do sol em g\u00eameos, e veja como esta energia impacta no seu signo.","robots":{"index":"index","follow":"follow","max-snippet":"max-snippet:-1","max-image-preview":"max-image-preview:large","max-video-preview":"max-video-preview:-1"},"canonical":"https:\/\/www.iquilibrio.com\/blog\/astrologia\/sol-em-gemeos-mudanca-e-adaptacao-por-tatiana-marinho\/","og_locale":"pt_BR","og_type":"article","og_title":"Sol em g\u00eameos, per\u00edodo de adapta\u00e7\u00e3o e mudan\u00e7as","og_description":"Confira a influ\u00eancia do movimento do sol em g\u00eameos, e veja como esta energia impacta no seu signo.","og_url":"https:\/\/www.iquilibrio.com\/blog\/astrologia\/sol-em-gemeos-mudanca-e-adaptacao-por-tatiana-marinho\/","og_site_name":"iQuilibrio","article_publisher":"https:\/\/www.facebook.com\/iQuilibrio\/","article_published_time":"2024-05-18T15:16:45+00:00","og_image":[{"width":900,"height":560,"url":"https:\/\/www.iquilibrio.com\/blog\/wp-content\/uploads\/2024\/05\/Sol-em-gemeos.jpg","type":"image\/jpeg"}],"author":"Arthur Peroni","twitter_card":"summary_large_image","twitter_creator":"@iquilibrio","twitter_site":"@iquilibrio","twitter_misc":{"Escrito por":"Arthur Peroni","Est. tempo de leitura":"5 minutos"},"schema":{"@context":"https:\/\/schema.org","@graph":[{"@type":"Article","@id":"https:\/\/www.iquilibrio.com\/blog\/astrologia\/sol-em-gemeos-mudanca-e-adaptacao-por-tatiana-marinho\/#article","isPartOf":{"@id":"https:\/\/www.iquilibrio.com\/blog\/astrologia\/sol-em-gemeos-mudanca-e-adaptacao-por-tatiana-marinho\/"},"author":{"name":"Arthur Peroni","@id":"https:\/\/www.iquilibrio.com\/blog\/#\/schema\/person\/21ae990723c2e5a1170c9a06dacb4d3d"},"headline":"Sol em g\u00eameos: mudan\u00e7a e adapta\u00e7\u00e3o, por Tatiana Marinho","datePublished":"2024-05-18T15:16:45+00:00","mainEntityOfPage":{"@id":"https:\/\/www.iquilibrio.com\/blog\/astrologia\/sol-em-gemeos-mudanca-e-adaptacao-por-tatiana-marinho\/"},"wordCount":933,"publisher":{"@id":"https:\/\/www.iquilibrio.com\/blog\/#organization"},"image":{"@id":"https:\/\/www.iquilibrio.com\/blog\/astrologia\/sol-em-gemeos-mudanca-e-adaptacao-por-tatiana-marinho\/#primaryimage"},"thumbnailUrl":"https:\/\/www.iquilibrio.com\/blog\/wp-content\/uploads\/2024\/05\/Sol-em-gemeos.jpg","articleSection":["Astrologia"],"inLanguage":"pt-BR"},{"@type":"WebPage","@id":"https:\/\/www.iquilibrio.com\/blog\/astrologia\/sol-em-gemeos-mudanca-e-adaptacao-por-tatiana-marinho\/","url":"https:\/\/www.iquilibrio.com\/blog\/astrologia\/sol-em-gemeos-mudanca-e-adaptacao-por-tatiana-marinho\/","name":"Sol em g\u00eameos, per\u00edodo de adapta\u00e7\u00e3o e mudan\u00e7as","isPartOf":{"@id":"https:\/\/www.iquilibrio.com\/blog\/#website"},"primaryImageOfPage":{"@id":"https:\/\/www.iquilibrio.com\/blog\/astrologia\/sol-em-gemeos-mudanca-e-adaptacao-por-tatiana-marinho\/#primaryimage"},"image":{"@id":"https:\/\/www.iquilibrio.com\/blog\/astrologia\/sol-em-gemeos-mudanca-e-adaptacao-por-tatiana-marinho\/#primaryimage"},"thumbnailUrl":"https:\/\/www.iquilibrio.com\/blog\/wp-content\/uploads\/2024\/05\/Sol-em-gemeos.jpg","datePublished":"2024-05-18T15:16:45+00:00","description":"Confira a influ\u00eancia do movimento do sol em g\u00eameos, e veja como esta energia impacta no seu signo.","breadcrumb":{"@id":"https:\/\/www.iquilibrio.com\/blog\/astrologia\/sol-em-gemeos-mudanca-e-adaptacao-por-tatiana-marinho\/#breadcrumb"},"inLanguage":"pt-BR","potentialAction":[{"@type":"ReadAction","target":["https:\/\/www.iquilibrio.com\/blog\/astrologia\/sol-em-gemeos-mudanca-e-adaptacao-por-tatiana-marinho\/"]}]},{"@type":"ImageObject","inLanguage":"pt-BR","@id":"https:\/\/www.iquilibrio.com\/blog\/astrologia\/sol-em-gemeos-mudanca-e-adaptacao-por-tatiana-marinho\/#primaryimage","url":"https:\/\/www.iquilibrio.com\/blog\/wp-content\/uploads\/2024\/05\/Sol-em-gemeos.jpg","contentUrl":"https:\/\/www.iquilibrio.com\/blog\/wp-content\/uploads\/2024\/05\/Sol-em-gemeos.jpg","width":900,"height":560},{"@type":"BreadcrumbList","@id":"https:\/\/www.iquilibrio.com\/blog\/astrologia\/sol-em-gemeos-mudanca-e-adaptacao-por-tatiana-marinho\/#breadcrumb","itemListElement":[{"@type":"ListItem","position":1,"name":"In\u00edcio","item":"https:\/\/www.iquilibrio.com\/blog\/"},{"@type":"ListItem","position":2,"name":"Sol em g\u00eameos: mudan\u00e7a e adapta\u00e7\u00e3o, por Tatiana Marinho"}]},{"@type":"WebSite","@id":"https:\/\/www.iquilibrio.com\/blog\/#website","url":"https:\/\/www.iquilibrio.com\/blog\/","name":"iQuilibrio","description":"Blog iQuilibrio","publisher":{"@id":"https:\/\/www.iquilibrio.com\/blog\/#organization"},"potentialAction":[{"@type":"SearchAction","target":{"@type":"EntryPoint","urlTemplate":"https:\/\/www.iquilibrio.com\/blog\/?s={search_term_string}"},"query-input":{"@type":"PropertyValueSpecification","valueRequired":true,"valueName":"search_term_string"}}],"inLanguage":"pt-BR"},{"@type":"Organization","@id":"https:\/\/www.iquilibrio.com\/blog\/#organization","name":"Esoterismo, Misticismo e Tarot Online - iQuilibrio","url":"https:\/\/www.iquilibrio.com\/blog\/","logo":{"@type":"ImageObject","inLanguage":"pt-BR","@id":"https:\/\/www.iquilibrio.com\/blog\/#\/schema\/logo\/image\/","url":"https:\/\/www.iquilibrio.com\/blog\/wp-content\/uploads\/2018\/12\/iquilibrio_lovo_vetor_preto-retina.png","contentUrl":"https:\/\/www.iquilibrio.com\/blog\/wp-content\/uploads\/2018\/12\/iquilibrio_lovo_vetor_preto-retina.png","width":972,"height":180,"caption":"Esoterismo, Misticismo e Tarot Online - iQuilibrio"},"image":{"@id":"https:\/\/www.iquilibrio.com\/blog\/#\/schema\/logo\/image\/"},"sameAs":["https:\/\/www.facebook.com\/iQuilibrio\/","https:\/\/x.com\/iquilibrio","https:\/\/www.instagram.com\/iquilibrio\/","https:\/\/www.linkedin.com\/company\/iquilibrio\/","https:\/\/br.pinterest.com\/iquilibrio1397\/","https:\/\/www.youtube.com\/channel\/UC175qxd-4Zsi4wzawT5zF2g"]},{"@type":"Person","@id":"https:\/\/www.iquilibrio.com\/blog\/#\/schema\/person\/21ae990723c2e5a1170c9a06dacb4d3d","name":"Arthur Peroni","image":{"@type":"ImageObject","inLanguage":"pt-BR","@id":"https:\/\/www.iquilibrio.com\/blog\/wp-content\/uploads\/2023\/04\/Arthur-Peroni-150x150.jpg","url":"https:\/\/www.iquilibrio.com\/blog\/wp-content\/uploads\/2023\/04\/Arthur-Peroni-150x150.jpg","contentUrl":"https:\/\/www.iquilibrio.com\/blog\/wp-content\/uploads\/2023\/04\/Arthur-Peroni-150x150.jpg","caption":"Arthur Peroni"},"description":"Arthur Peroni escreve sobre a vida, o universo e tudo mais. Amante da literatura m\u00edstica, e fic\u00e7\u00e3o, descobriu sua carreira de redator gra\u00e7as ao h\u00e1bito de leitura constante sobre fantasia e drama. Nas horas vagas, gosta de cozinhar, ler e ver filmes antigos. J\u00e1 trabalhou com, comunica\u00e7\u00e3o social, massoterapia, terapias hol\u00edsticas e design de interiores. Atualmente trabalha como redator SEO e se entusiasma com tudo o que \u00e9 esot\u00e9rico. Gosta de discutir sobre assuntos complexos e instigantes, e v\u00ea na escrita uma oportunidade de aprender e criar todos os dias, mentalmente e espiritualmente.","url":"https:\/\/www.iquilibrio.com\/blog\/author\/raul-vinicius\/"}]}},"_links":{"self":[{"href":"https:\/\/www.iquilibrio.com\/blog\/wp-json\/wp\/v2\/posts\/40604","targetHints":{"allow":["GET"]}}],"collection":[{"href":"https:\/\/www.iquilibrio.com\/blog\/wp-json\/wp\/v2\/posts"}],"about":[{"href":"https:\/\/www.iquilibrio.com\/blog\/wp-json\/wp\/v2\/types\/post"}],"author":[{"embeddable":true,"href":"https:\/\/www.iquilibrio.com\/blog\/wp-json\/wp\/v2\/users\/158"}],"replies":[{"embeddable":true,"href":"https:\/\/www.iquilibrio.com\/blog\/wp-json\/wp\/v2\/comments?post=40604"}],"version-history":[{"count":1,"href":"https:\/\/www.iquilibrio.com\/blog\/wp-json\/wp\/v2\/posts\/40604\/revisions"}],"predecessor-version":[{"id":40606,"href":"https:\/\/www.iquilibrio.com\/blog\/wp-json\/wp\/v2\/posts\/40604\/revisions\/40606"}],"wp:featuredmedia":[{"embeddable":true,"href":"https:\/\/www.iquilibrio.com\/blog\/wp-json\/wp\/v2\/media\/40605"}],"wp:attachment":[{"href":"https:\/\/www.iquilibrio.com\/blog\/wp-json\/wp\/v2\/media?parent=40604"}],"wp:term":[{"taxonomy":"category","embeddable":true,"href":"https:\/\/www.iquilibrio.com\/blog\/wp-json\/wp\/v2\/categories?post=40604"},{"taxonomy":"post_tag","embeddable":true,"href":"https:\/\/www.iquilibrio.com\/blog\/wp-json\/wp\/v2\/tags?post=40604"}],"curies":[{"name":"wp","href":"https:\/\/api.w.org\/{rel}","templated":true}]}}