{"id":40570,"date":"2024-05-13T07:00:48","date_gmt":"2024-05-13T10:00:48","guid":{"rendered":"https:\/\/www.iquilibrio.com\/blog\/?p=40570"},"modified":"2024-05-05T15:26:48","modified_gmt":"2024-05-05T18:26:48","slug":"as-energias-dos-ciclos-lunares-15-05-a-22-05","status":"publish","type":"post","link":"https:\/\/www.iquilibrio.com\/blog\/ciclo-lunar-semanal\/as-energias-dos-ciclos-lunares-15-05-a-22-05\/","title":{"rendered":"As Energias dos Ciclos Lunares \u2013 15\/05 a 22\/05"},"content":{"rendered":"<h2><b>Derrubando Desafios em Nossa Vida Astral<\/b><\/h2>\n<p><span style=\"font-weight: 400;\">Querido leitor, os ciclos lunares de <strong>15\/05 at\u00e9 22\/05<\/strong>, essas energias lunares se manifestam de forma intensa e transformadora, trazendo consigo uma s\u00e9rie de influ\u00eancias que nos desafiar\u00e3o a explorar diferentes aspectos de nossa jornada interior.<\/span><\/p>\n<p><span style=\"font-weight: 400;\">Surgir\u00e1 uma energia intensa e transformadora conforme navegamos pelos ciclos lunares. <\/span><span style=\"font-weight: 400;\"><br \/>\n<\/span><span style=\"font-weight: 400;\">Iniciamos com a Lua Crescente em Le\u00e3o, uma fase que nos instiga a expressar nossa autenticidade com confian\u00e7a e bravura.\u00a0<\/span><\/p>\n<p><span style=\"font-weight: 400;\">\u00c9 hora de nos destacarmos e compartilharmos nossos talentos \u00fanicos com o mundo e \u00e0 medida que avan\u00e7amos para a Lua em Virgem, somos chamados a focar na praticidade e na organiza\u00e7\u00e3o para aprimorar nossas habilidades e cuidar de nossa sa\u00fade f\u00edsica e mental.<\/span><span style=\"font-weight: 400;\"><br \/>\n<\/span><span style=\"font-weight: 400;\">Com a Lua em Libra, buscamos equil\u00edbrio e harmonia em nossas vidas, cultivando relacionamentos saud\u00e1veis e justos.<\/span><\/p>\n<p><span style=\"font-weight: 400;\">Finalmente, a Lua em Escorpi\u00e3o nos convida a mergulhar nas profundezas de nossas emo\u00e7\u00f5es e confrontar nossos medos mais profundos, emergindo com uma maior compreens\u00e3o de n\u00f3s mesmos.<\/span><\/p>\n<p><span style=\"font-weight: 400;\">Com a Lua entrando em Libra, somos convidados a buscar equil\u00edbrio e harmonia em nossas vidas. Libra nos ensina sobre a import\u00e2ncia do relacionamento e da coopera\u00e7\u00e3o, e nos incentiva a cultivar rela\u00e7\u00f5es saud\u00e1veis e justas baseadas no respeito m\u00fatuo.<\/span><\/p>\n<p><span style=\"font-weight: 400;\">Ao longo desta semana lunar, cada fase nos presenteia com uma oportunidade \u00fanica de crescimento e evolu\u00e7\u00e3o. Que possamos nos abrir para as mensagens do cosmos e nos permitir ser guiados pela sabedoria das estrelas em nossa jornada de autodescoberta.<\/span><\/p>\n<hr \/>\n<h3><b>Lua Crescente em Le\u00e3o &#x1f312;&#x264c;(15\/05)<\/b><\/h3>\n<p><span style=\"font-weight: 400;\">Iniciamos a semana sob a influ\u00eancia da Lua Crescente em Le\u00e3o, uma fase que nos convida a brilhar intensamente e a expressar nossa verdadeira ess\u00eancia com confian\u00e7a e bravura.<\/span><\/p>\n<p><span style=\"font-weight: 400;\">Le\u00e3o nos lembra da import\u00e2ncia de honrar nossa individualidade e de buscar alegria e paix\u00e3o em tudo o que fazemos. E assim brilhar com todo o nosso esplendor e nos expressarmos criativamente, assumirmos a lideran\u00e7a em nossas vidas e nos conectarmos com nossa autoconfian\u00e7a interior.<\/span><\/p>\n<p><b><i>Dicas Semanais:<\/i><\/b><\/p>\n<ul>\n<li style=\"font-weight: 400;\" aria-level=\"1\"><span style=\"font-weight: 400;\">Dedique tempo para expressar sua criatividade de maneiras diferentes.<\/span><\/li>\n<li style=\"font-weight: 400;\" aria-level=\"1\"><span style=\"font-weight: 400;\">Seja corajoso ao enfrentar desafios e seguir seus objetivos.<\/span><\/li>\n<\/ul>\n<p><b><i>Incensos Recomendados:<\/i><\/b><span style=\"font-weight: 400;\"> S\u00e2ndalo para promover a autoconfian\u00e7a e incenso de laranja para estimular a criatividade.<\/span><\/p>\n<p><b><i>Ritual:<\/i><\/b><span style=\"font-weight: 400;\"> Acenda uma vela amarela e visualize-se envolto em uma aura de confian\u00e7a e brilho.<\/span><\/p>\n<p><b><i>Mantra:<\/i><\/b><span style=\"font-weight: 400;\"> &#8220;Eu sou corajoso, eu sou criativo, eu sou digno de brilhar.&#8221;<\/span><\/p>\n<hr \/>\n<h3><b>Lua em Virgem&#x1f312;&#x264d; (16\/05 a 17\/05)\u00a0<\/b><\/h3>\n<p><span style=\"font-weight: 400;\">\u00c0 medida que a Lua entra em Virgem, somos convidados a focar na organiza\u00e7\u00e3o e na praticidade.<\/span><\/p>\n<p><span style=\"font-weight: 400;\">Este \u00e9 um momento para colocar nossas vidas em ordem, cuidar de nossa sa\u00fade e prestar aten\u00e7\u00e3o aos detalhes que muitas vezes passam despercebidos. Com a Lua transitando para Virgem, temos que focar na aten\u00e7\u00e3o aos detalhes.<\/span><\/p>\n<p><span style=\"font-weight: 400;\">Virgem nos incentiva a aprimorar nossas habilidades, a buscar a excel\u00eancia em nossas tarefas e a cuidar de nossa sa\u00fade f\u00edsica e mental.<\/span><\/p>\n<p><b><i>Dicas Semanais:<\/i><\/b><\/p>\n<ul>\n<li style=\"font-weight: 400;\" aria-level=\"1\"><span style=\"font-weight: 400;\">Organize sua rotina e fa\u00e7a planos concretos para alcan\u00e7ar seus objetivos.<\/span><\/li>\n<li style=\"font-weight: 400;\" aria-level=\"1\"><span style=\"font-weight: 400;\">Dedique tempo para cuidar do seu corpo e da sua sa\u00fade.<\/span><\/li>\n<\/ul>\n<p><b><i>Incensos Recomendados:<\/i><\/b><span style=\"font-weight: 400;\"> Lavanda para promover a calma e o foco, e incenso de eucalipto para purificar o ambiente.<\/span><\/p>\n<p><b><i>Ritual:<\/i><\/b><span style=\"font-weight: 400;\"> Limpe e organize seu espa\u00e7o de trabalho ou casa, deixando-o livre de energia estagnada.<\/span><\/p>\n<p><b><i>Mantra:<\/i><\/b><span style=\"font-weight: 400;\"> &#8220;Eu sou organizado, eu sou focado, eu sou saud\u00e1vel em corpo e mente.&#8221;<\/span><\/p>\n<hr \/>\n<h3><b>Lua em Libra&#x1f312;&#x264e; (18\/05 a 19\/05)<\/b><b>\u00a0<\/b><\/h3>\n<p><span style=\"font-weight: 400;\">Com a Lua entrando em Libra, somos convidados a buscar equil\u00edbrio e harmonia em nossas vidas.<\/span><\/p>\n<p><span style=\"font-weight: 400;\">Libra nos ensina sobre a import\u00e2ncia do relacionamento e da coopera\u00e7\u00e3o, e nos incentiva a cultivar rela\u00e7\u00f5es saud\u00e1veis e justas baseadas no respeito m\u00fatuo.<\/span><\/p>\n<p><span style=\"font-weight: 400;\">Este \u00e9 um per\u00edodo prop\u00edcio para se nutrir, cultivar a paz interior e encontrar solu\u00e7\u00f5es pac\u00edficas para os conflitos.<\/span><\/p>\n<p><b><i>Dicas Semanais:<\/i><\/b><\/p>\n<ul>\n<li style=\"font-weight: 400;\" aria-level=\"1\"><span style=\"font-weight: 400;\">Busque o consenso e a coopera\u00e7\u00e3o em suas intera\u00e7\u00f5es com os outros.<\/span><\/li>\n<li style=\"font-weight: 400;\" aria-level=\"1\"><span style=\"font-weight: 400;\">Reserve um tempo para apreciar a beleza ao seu redor e se conectar com a arte.<\/span><\/li>\n<\/ul>\n<p><b><i>Incensos Recomendados:<\/i><\/b><span style=\"font-weight: 400;\"> Rosa para promover o amor e a harmonia nos relacionamentos, e incenso de jasmim para atrair paz e tranquilidade.<\/span><\/p>\n<p><b><i>Ritual:<\/i><\/b><span style=\"font-weight: 400;\"> Medite sobre a import\u00e2ncia do equil\u00edbrio em sua vida e visualize-se envolto em uma aura de harmonia.<\/span><\/p>\n<p><b><i>Mantra:<\/i><\/b><span style=\"font-weight: 400;\"> &#8220;Eu sou amor, eu sou paz, eu sou equil\u00edbrio.&#8221;<\/span><\/p>\n<hr \/>\n<h3><b>Lua em Escorpi\u00e3o&#x1f312;&#x264f; (20\/05 a 22\/05)<\/b><\/h3>\n<p><span style=\"font-weight: 400;\">Concluindo a semana, a Lua entra em Escorpi\u00e3o, trazendo consigo uma energia de profundidade, intensidade e transforma\u00e7\u00e3o.<\/span><\/p>\n<p><span style=\"font-weight: 400;\">Escorpi\u00e3o nos convida a explorar e compreender as profundezas de nossas emo\u00e7\u00f5es, a confrontar nossos medos mais profundos e a renascer com uma maior compreens\u00e3o de n\u00f3s mesmos.<\/span><\/p>\n<p><span style=\"font-weight: 400;\">Essa fase nos incentiva a mergulhar fundo em nosso interior para assim liberar o que n\u00e3o nos serve mais e aprender algo mais al\u00e9m com uma nova perspectiva sobre a vida.<\/span><\/p>\n<p><b><i>Dicas Semanais:<\/i><\/b><\/p>\n<p><span style=\"font-weight: 400;\">Permita-se explorar suas emo\u00e7\u00f5es mais profundas e enfrentar seus medos.<\/span><\/p>\n<p><span style=\"font-weight: 400;\">Esteja aberto para a transforma\u00e7\u00e3o e o crescimento pessoal.<\/span><\/p>\n<p><b><i>Incensos Recomendados:<\/i><\/b><span style=\"font-weight: 400;\"> Patchouli para promover a transforma\u00e7\u00e3o interior, e incenso de mirra para purificar e renovar a energia do ambiente.<\/span><\/p>\n<p><b><i>Ritual:<\/i><\/b><span style=\"font-weight: 400;\"> Fa\u00e7a um ritual de banho de purifica\u00e7\u00e3o, visualizando-se liberando todo o peso emocional e renascendo com uma nova energia.<\/span><\/p>\n<p><b><i>Mantra:<\/i><\/b><span style=\"font-weight: 400;\"> &#8220;Eu sou forte, eu sou corajoso, eu sou renova\u00e7\u00e3o.&#8221;<\/span><\/p>\n<hr \/>\n<p><span style=\"font-weight: 400;\">Que esta semana lunar seja uma jornada de autodescoberta, crescimento e renova\u00e7\u00e3o. Que possamos nos conectar com as energias c\u00f3smicas e nos alinhar com o ritmo natural do universo.<\/span><\/p>\n<p><span style=\"font-weight: 400;\">Nos vemos nas estrelas!<\/span><\/p>\n\n\n<div class=\"kk-star-ratings kksr-auto kksr-align-left kksr-valign-bottom\"\n    data-payload='{&quot;align&quot;:&quot;left&quot;,&quot;id&quot;:&quot;40570&quot;,&quot;slug&quot;:&quot;default&quot;,&quot;valign&quot;:&quot;bottom&quot;,&quot;ignore&quot;:&quot;&quot;,&quot;reference&quot;:&quot;auto&quot;,&quot;class&quot;:&quot;&quot;,&quot;count&quot;:&quot;0&quot;,&quot;legendonly&quot;:&quot;&quot;,&quot;readonly&quot;:&quot;&quot;,&quot;score&quot;:&quot;0&quot;,&quot;starsonly&quot;:&quot;&quot;,&quot;best&quot;:&quot;5&quot;,&quot;gap&quot;:&quot;5&quot;,&quot;greet&quot;:&quot;Rate this post&quot;,&quot;legend&quot;:&quot;0\\\/5 - (0 voto)&quot;,&quot;size&quot;:&quot;24&quot;,&quot;title&quot;:&quot;As Energias dos Ciclos Lunares \u2013 15\\\/05 a 22\\\/05&quot;,&quot;width&quot;:&quot;0&quot;,&quot;_legend&quot;:&quot;{score}\\\/{best} - ({count} {votes})&quot;,&quot;font_factor&quot;:&quot;1.25&quot;}'>\n            \n<div class=\"kksr-stars\">\n    \n<div class=\"kksr-stars-inactive\">\n            <div class=\"kksr-star\" data-star=\"1\" style=\"padding-right: 5px\">\n            \n\n<div class=\"kksr-icon\" style=\"width: 24px; height: 24px;\"><\/div>\n        <\/div>\n            <div class=\"kksr-star\" data-star=\"2\" style=\"padding-right: 5px\">\n            \n\n<div class=\"kksr-icon\" style=\"width: 24px; height: 24px;\"><\/div>\n        <\/div>\n            <div class=\"kksr-star\" data-star=\"3\" style=\"padding-right: 5px\">\n            \n\n<div class=\"kksr-icon\" style=\"width: 24px; height: 24px;\"><\/div>\n        <\/div>\n            <div class=\"kksr-star\" data-star=\"4\" style=\"padding-right: 5px\">\n            \n\n<div class=\"kksr-icon\" style=\"width: 24px; height: 24px;\"><\/div>\n        <\/div>\n            <div class=\"kksr-star\" data-star=\"5\" style=\"padding-right: 5px\">\n            \n\n<div class=\"kksr-icon\" style=\"width: 24px; height: 24px;\"><\/div>\n        <\/div>\n    <\/div>\n    \n<div class=\"kksr-stars-active\" style=\"width: 0px;\">\n            <div class=\"kksr-star\" style=\"padding-right: 5px\">\n            \n\n<div class=\"kksr-icon\" style=\"width: 24px; height: 24px;\"><\/div>\n        <\/div>\n            <div class=\"kksr-star\" style=\"padding-right: 5px\">\n            \n\n<div class=\"kksr-icon\" style=\"width: 24px; height: 24px;\"><\/div>\n        <\/div>\n            <div class=\"kksr-star\" style=\"padding-right: 5px\">\n            \n\n<div class=\"kksr-icon\" style=\"width: 24px; height: 24px;\"><\/div>\n        <\/div>\n            <div class=\"kksr-star\" style=\"padding-right: 5px\">\n            \n\n<div class=\"kksr-icon\" style=\"width: 24px; height: 24px;\"><\/div>\n        <\/div>\n            <div class=\"kksr-star\" style=\"padding-right: 5px\">\n            \n\n<div class=\"kksr-icon\" style=\"width: 24px; height: 24px;\"><\/div>\n        <\/div>\n    <\/div>\n<\/div>\n                \n\n<div class=\"kksr-legend\" style=\"font-size: 19.2px;\">\n            <span class=\"kksr-muted\">Rate this post<\/span>\n    <\/div>\n    <\/div>\n","protected":false},"excerpt":{"rendered":"<p>Derrubando Desafios em Nossa Vida Astral Querido leitor, os ciclos lunares de 15\/05 at\u00e9 22\/05, essas energias lunares se manifestam de forma intensa e transformadora, trazendo consigo uma s\u00e9rie de influ\u00eancias que nos desafiar\u00e3o a explorar diferentes aspectos de nossa jornada interior. Surgir\u00e1 uma energia intensa e transformadora conforme navegamos pelos ciclos lunares. Iniciamos com [&hellip;]<\/p>\n","protected":false},"author":158,"featured_media":40190,"comment_status":"closed","ping_status":"closed","sticky":false,"template":"","format":"standard","meta":{"footnotes":""},"categories":[4893],"tags":[],"class_list":["post-40570","post","type-post","status-publish","format-standard","has-post-thumbnail","hentry","category-ciclo-lunar-semanal"],"yoast_head":"<!-- This site is optimized with the Yoast SEO plugin v27.4 - https:\/\/yoast.com\/product\/yoast-seo-wordpress\/ -->\n<title>As Energias dos Ciclos Lunares \u2013 15\/05 a 22\/05 - iQuilibrio<\/title>\n<meta name=\"robots\" content=\"index, follow, max-snippet:-1, max-image-preview:large, max-video-preview:-1\" \/>\n<link rel=\"canonical\" href=\"https:\/\/www.iquilibrio.com\/blog\/ciclo-lunar-semanal\/as-energias-dos-ciclos-lunares-15-05-a-22-05\/\" \/>\n<meta property=\"og:locale\" content=\"pt_BR\" \/>\n<meta property=\"og:type\" content=\"article\" \/>\n<meta property=\"og:title\" content=\"As Energias dos Ciclos Lunares \u2013 15\/05 a 22\/05 - iQuilibrio\" \/>\n<meta property=\"og:description\" content=\"Derrubando Desafios em Nossa Vida Astral Querido leitor, os ciclos lunares de 15\/05 at\u00e9 22\/05, essas energias lunares se manifestam de forma intensa e transformadora, trazendo consigo uma s\u00e9rie de influ\u00eancias que nos desafiar\u00e3o a explorar diferentes aspectos de nossa jornada interior. Surgir\u00e1 uma energia intensa e transformadora conforme navegamos pelos ciclos lunares. Iniciamos com [&hellip;]\" \/>\n<meta property=\"og:url\" content=\"https:\/\/www.iquilibrio.com\/blog\/ciclo-lunar-semanal\/as-energias-dos-ciclos-lunares-15-05-a-22-05\/\" \/>\n<meta property=\"og:site_name\" content=\"iQuilibrio\" \/>\n<meta property=\"article:publisher\" content=\"https:\/\/www.facebook.com\/iQuilibrio\/\" \/>\n<meta property=\"article:published_time\" content=\"2024-05-13T10:00:48+00:00\" \/>\n<meta property=\"og:image\" content=\"https:\/\/www.iquilibrio.com\/blog\/wp-content\/uploads\/2024\/02\/BLOG-Passagens-lunares-iQui.jpg\" \/>\n\t<meta property=\"og:image:width\" content=\"900\" \/>\n\t<meta property=\"og:image:height\" content=\"560\" \/>\n\t<meta property=\"og:image:type\" content=\"image\/jpeg\" \/>\n<meta name=\"author\" content=\"Arthur Peroni\" \/>\n<meta name=\"twitter:card\" content=\"summary_large_image\" \/>\n<meta name=\"twitter:creator\" content=\"@iquilibrio\" \/>\n<meta name=\"twitter:site\" content=\"@iquilibrio\" \/>\n<meta name=\"twitter:label1\" content=\"Escrito por\" \/>\n\t<meta name=\"twitter:data1\" content=\"Arthur Peroni\" \/>\n\t<meta name=\"twitter:label2\" content=\"Est. tempo de leitura\" \/>\n\t<meta name=\"twitter:data2\" content=\"5 minutos\" \/>\n<script type=\"application\/ld+json\" class=\"yoast-schema-graph\">{\"@context\":\"https:\\\/\\\/schema.org\",\"@graph\":[{\"@type\":\"Article\",\"@id\":\"https:\\\/\\\/www.iquilibrio.com\\\/blog\\\/ciclo-lunar-semanal\\\/as-energias-dos-ciclos-lunares-15-05-a-22-05\\\/#article\",\"isPartOf\":{\"@id\":\"https:\\\/\\\/www.iquilibrio.com\\\/blog\\\/ciclo-lunar-semanal\\\/as-energias-dos-ciclos-lunares-15-05-a-22-05\\\/\"},\"author\":{\"name\":\"Arthur Peroni\",\"@id\":\"https:\\\/\\\/www.iquilibrio.com\\\/blog\\\/#\\\/schema\\\/person\\\/21ae990723c2e5a1170c9a06dacb4d3d\"},\"headline\":\"As Energias dos Ciclos Lunares \u2013 15\\\/05 a 22\\\/05\",\"datePublished\":\"2024-05-13T10:00:48+00:00\",\"mainEntityOfPage\":{\"@id\":\"https:\\\/\\\/www.iquilibrio.com\\\/blog\\\/ciclo-lunar-semanal\\\/as-energias-dos-ciclos-lunares-15-05-a-22-05\\\/\"},\"wordCount\":954,\"publisher\":{\"@id\":\"https:\\\/\\\/www.iquilibrio.com\\\/blog\\\/#organization\"},\"image\":{\"@id\":\"https:\\\/\\\/www.iquilibrio.com\\\/blog\\\/ciclo-lunar-semanal\\\/as-energias-dos-ciclos-lunares-15-05-a-22-05\\\/#primaryimage\"},\"thumbnailUrl\":\"https:\\\/\\\/www.iquilibrio.com\\\/blog\\\/wp-content\\\/uploads\\\/2024\\\/02\\\/BLOG-Passagens-lunares-iQui.jpg\",\"articleSection\":[\"Ciclo Lunar semanal\"],\"inLanguage\":\"pt-BR\"},{\"@type\":\"WebPage\",\"@id\":\"https:\\\/\\\/www.iquilibrio.com\\\/blog\\\/ciclo-lunar-semanal\\\/as-energias-dos-ciclos-lunares-15-05-a-22-05\\\/\",\"url\":\"https:\\\/\\\/www.iquilibrio.com\\\/blog\\\/ciclo-lunar-semanal\\\/as-energias-dos-ciclos-lunares-15-05-a-22-05\\\/\",\"name\":\"As Energias dos Ciclos Lunares \u2013 15\\\/05 a 22\\\/05 - iQuilibrio\",\"isPartOf\":{\"@id\":\"https:\\\/\\\/www.iquilibrio.com\\\/blog\\\/#website\"},\"primaryImageOfPage\":{\"@id\":\"https:\\\/\\\/www.iquilibrio.com\\\/blog\\\/ciclo-lunar-semanal\\\/as-energias-dos-ciclos-lunares-15-05-a-22-05\\\/#primaryimage\"},\"image\":{\"@id\":\"https:\\\/\\\/www.iquilibrio.com\\\/blog\\\/ciclo-lunar-semanal\\\/as-energias-dos-ciclos-lunares-15-05-a-22-05\\\/#primaryimage\"},\"thumbnailUrl\":\"https:\\\/\\\/www.iquilibrio.com\\\/blog\\\/wp-content\\\/uploads\\\/2024\\\/02\\\/BLOG-Passagens-lunares-iQui.jpg\",\"datePublished\":\"2024-05-13T10:00:48+00:00\",\"breadcrumb\":{\"@id\":\"https:\\\/\\\/www.iquilibrio.com\\\/blog\\\/ciclo-lunar-semanal\\\/as-energias-dos-ciclos-lunares-15-05-a-22-05\\\/#breadcrumb\"},\"inLanguage\":\"pt-BR\",\"potentialAction\":[{\"@type\":\"ReadAction\",\"target\":[\"https:\\\/\\\/www.iquilibrio.com\\\/blog\\\/ciclo-lunar-semanal\\\/as-energias-dos-ciclos-lunares-15-05-a-22-05\\\/\"]}]},{\"@type\":\"ImageObject\",\"inLanguage\":\"pt-BR\",\"@id\":\"https:\\\/\\\/www.iquilibrio.com\\\/blog\\\/ciclo-lunar-semanal\\\/as-energias-dos-ciclos-lunares-15-05-a-22-05\\\/#primaryimage\",\"url\":\"https:\\\/\\\/www.iquilibrio.com\\\/blog\\\/wp-content\\\/uploads\\\/2024\\\/02\\\/BLOG-Passagens-lunares-iQui.jpg\",\"contentUrl\":\"https:\\\/\\\/www.iquilibrio.com\\\/blog\\\/wp-content\\\/uploads\\\/2024\\\/02\\\/BLOG-Passagens-lunares-iQui.jpg\",\"width\":900,\"height\":560},{\"@type\":\"BreadcrumbList\",\"@id\":\"https:\\\/\\\/www.iquilibrio.com\\\/blog\\\/ciclo-lunar-semanal\\\/as-energias-dos-ciclos-lunares-15-05-a-22-05\\\/#breadcrumb\",\"itemListElement\":[{\"@type\":\"ListItem\",\"position\":1,\"name\":\"In\u00edcio\",\"item\":\"https:\\\/\\\/www.iquilibrio.com\\\/blog\\\/\"},{\"@type\":\"ListItem\",\"position\":2,\"name\":\"As Energias dos Ciclos Lunares \u2013 15\\\/05 a 22\\\/05\"}]},{\"@type\":\"WebSite\",\"@id\":\"https:\\\/\\\/www.iquilibrio.com\\\/blog\\\/#website\",\"url\":\"https:\\\/\\\/www.iquilibrio.com\\\/blog\\\/\",\"name\":\"iQuilibrio\",\"description\":\"Blog iQuilibrio\",\"publisher\":{\"@id\":\"https:\\\/\\\/www.iquilibrio.com\\\/blog\\\/#organization\"},\"potentialAction\":[{\"@type\":\"SearchAction\",\"target\":{\"@type\":\"EntryPoint\",\"urlTemplate\":\"https:\\\/\\\/www.iquilibrio.com\\\/blog\\\/?s={search_term_string}\"},\"query-input\":{\"@type\":\"PropertyValueSpecification\",\"valueRequired\":true,\"valueName\":\"search_term_string\"}}],\"inLanguage\":\"pt-BR\"},{\"@type\":\"Organization\",\"@id\":\"https:\\\/\\\/www.iquilibrio.com\\\/blog\\\/#organization\",\"name\":\"Esoterismo, Misticismo e Tarot Online - iQuilibrio\",\"url\":\"https:\\\/\\\/www.iquilibrio.com\\\/blog\\\/\",\"logo\":{\"@type\":\"ImageObject\",\"inLanguage\":\"pt-BR\",\"@id\":\"https:\\\/\\\/www.iquilibrio.com\\\/blog\\\/#\\\/schema\\\/logo\\\/image\\\/\",\"url\":\"https:\\\/\\\/www.iquilibrio.com\\\/blog\\\/wp-content\\\/uploads\\\/2018\\\/12\\\/iquilibrio_lovo_vetor_preto-retina.png\",\"contentUrl\":\"https:\\\/\\\/www.iquilibrio.com\\\/blog\\\/wp-content\\\/uploads\\\/2018\\\/12\\\/iquilibrio_lovo_vetor_preto-retina.png\",\"width\":972,\"height\":180,\"caption\":\"Esoterismo, Misticismo e Tarot Online - iQuilibrio\"},\"image\":{\"@id\":\"https:\\\/\\\/www.iquilibrio.com\\\/blog\\\/#\\\/schema\\\/logo\\\/image\\\/\"},\"sameAs\":[\"https:\\\/\\\/www.facebook.com\\\/iQuilibrio\\\/\",\"https:\\\/\\\/x.com\\\/iquilibrio\",\"https:\\\/\\\/www.instagram.com\\\/iquilibrio\\\/\",\"https:\\\/\\\/www.linkedin.com\\\/company\\\/iquilibrio\\\/\",\"https:\\\/\\\/br.pinterest.com\\\/iquilibrio1397\\\/\",\"https:\\\/\\\/www.youtube.com\\\/channel\\\/UC175qxd-4Zsi4wzawT5zF2g\"]},{\"@type\":\"Person\",\"@id\":\"https:\\\/\\\/www.iquilibrio.com\\\/blog\\\/#\\\/schema\\\/person\\\/21ae990723c2e5a1170c9a06dacb4d3d\",\"name\":\"Arthur Peroni\",\"image\":{\"@type\":\"ImageObject\",\"inLanguage\":\"pt-BR\",\"@id\":\"https:\\\/\\\/www.iquilibrio.com\\\/blog\\\/wp-content\\\/uploads\\\/2023\\\/04\\\/Arthur-Peroni-150x150.jpg\",\"url\":\"https:\\\/\\\/www.iquilibrio.com\\\/blog\\\/wp-content\\\/uploads\\\/2023\\\/04\\\/Arthur-Peroni-150x150.jpg\",\"contentUrl\":\"https:\\\/\\\/www.iquilibrio.com\\\/blog\\\/wp-content\\\/uploads\\\/2023\\\/04\\\/Arthur-Peroni-150x150.jpg\",\"caption\":\"Arthur Peroni\"},\"description\":\"Arthur Peroni escreve sobre a vida, o universo e tudo mais. Amante da literatura m\u00edstica, e fic\u00e7\u00e3o, descobriu sua carreira de redator gra\u00e7as ao h\u00e1bito de leitura constante sobre fantasia e drama. Nas horas vagas, gosta de cozinhar, ler e ver filmes antigos. J\u00e1 trabalhou com, comunica\u00e7\u00e3o social, massoterapia, terapias hol\u00edsticas e design de interiores. Atualmente trabalha como redator SEO e se entusiasma com tudo o que \u00e9 esot\u00e9rico. Gosta de discutir sobre assuntos complexos e instigantes, e v\u00ea na escrita uma oportunidade de aprender e criar todos os dias, mentalmente e espiritualmente.\",\"url\":\"https:\\\/\\\/www.iquilibrio.com\\\/blog\\\/author\\\/raul-vinicius\\\/\"}]}<\/script>\n<!-- \/ Yoast SEO plugin. -->","yoast_head_json":{"title":"As Energias dos Ciclos Lunares \u2013 15\/05 a 22\/05 - iQuilibrio","robots":{"index":"index","follow":"follow","max-snippet":"max-snippet:-1","max-image-preview":"max-image-preview:large","max-video-preview":"max-video-preview:-1"},"canonical":"https:\/\/www.iquilibrio.com\/blog\/ciclo-lunar-semanal\/as-energias-dos-ciclos-lunares-15-05-a-22-05\/","og_locale":"pt_BR","og_type":"article","og_title":"As Energias dos Ciclos Lunares \u2013 15\/05 a 22\/05 - iQuilibrio","og_description":"Derrubando Desafios em Nossa Vida Astral Querido leitor, os ciclos lunares de 15\/05 at\u00e9 22\/05, essas energias lunares se manifestam de forma intensa e transformadora, trazendo consigo uma s\u00e9rie de influ\u00eancias que nos desafiar\u00e3o a explorar diferentes aspectos de nossa jornada interior. Surgir\u00e1 uma energia intensa e transformadora conforme navegamos pelos ciclos lunares. Iniciamos com [&hellip;]","og_url":"https:\/\/www.iquilibrio.com\/blog\/ciclo-lunar-semanal\/as-energias-dos-ciclos-lunares-15-05-a-22-05\/","og_site_name":"iQuilibrio","article_publisher":"https:\/\/www.facebook.com\/iQuilibrio\/","article_published_time":"2024-05-13T10:00:48+00:00","og_image":[{"width":900,"height":560,"url":"https:\/\/www.iquilibrio.com\/blog\/wp-content\/uploads\/2024\/02\/BLOG-Passagens-lunares-iQui.jpg","type":"image\/jpeg"}],"author":"Arthur Peroni","twitter_card":"summary_large_image","twitter_creator":"@iquilibrio","twitter_site":"@iquilibrio","twitter_misc":{"Escrito por":"Arthur Peroni","Est. tempo de leitura":"5 minutos"},"schema":{"@context":"https:\/\/schema.org","@graph":[{"@type":"Article","@id":"https:\/\/www.iquilibrio.com\/blog\/ciclo-lunar-semanal\/as-energias-dos-ciclos-lunares-15-05-a-22-05\/#article","isPartOf":{"@id":"https:\/\/www.iquilibrio.com\/blog\/ciclo-lunar-semanal\/as-energias-dos-ciclos-lunares-15-05-a-22-05\/"},"author":{"name":"Arthur Peroni","@id":"https:\/\/www.iquilibrio.com\/blog\/#\/schema\/person\/21ae990723c2e5a1170c9a06dacb4d3d"},"headline":"As Energias dos Ciclos Lunares \u2013 15\/05 a 22\/05","datePublished":"2024-05-13T10:00:48+00:00","mainEntityOfPage":{"@id":"https:\/\/www.iquilibrio.com\/blog\/ciclo-lunar-semanal\/as-energias-dos-ciclos-lunares-15-05-a-22-05\/"},"wordCount":954,"publisher":{"@id":"https:\/\/www.iquilibrio.com\/blog\/#organization"},"image":{"@id":"https:\/\/www.iquilibrio.com\/blog\/ciclo-lunar-semanal\/as-energias-dos-ciclos-lunares-15-05-a-22-05\/#primaryimage"},"thumbnailUrl":"https:\/\/www.iquilibrio.com\/blog\/wp-content\/uploads\/2024\/02\/BLOG-Passagens-lunares-iQui.jpg","articleSection":["Ciclo Lunar semanal"],"inLanguage":"pt-BR"},{"@type":"WebPage","@id":"https:\/\/www.iquilibrio.com\/blog\/ciclo-lunar-semanal\/as-energias-dos-ciclos-lunares-15-05-a-22-05\/","url":"https:\/\/www.iquilibrio.com\/blog\/ciclo-lunar-semanal\/as-energias-dos-ciclos-lunares-15-05-a-22-05\/","name":"As Energias dos Ciclos Lunares \u2013 15\/05 a 22\/05 - iQuilibrio","isPartOf":{"@id":"https:\/\/www.iquilibrio.com\/blog\/#website"},"primaryImageOfPage":{"@id":"https:\/\/www.iquilibrio.com\/blog\/ciclo-lunar-semanal\/as-energias-dos-ciclos-lunares-15-05-a-22-05\/#primaryimage"},"image":{"@id":"https:\/\/www.iquilibrio.com\/blog\/ciclo-lunar-semanal\/as-energias-dos-ciclos-lunares-15-05-a-22-05\/#primaryimage"},"thumbnailUrl":"https:\/\/www.iquilibrio.com\/blog\/wp-content\/uploads\/2024\/02\/BLOG-Passagens-lunares-iQui.jpg","datePublished":"2024-05-13T10:00:48+00:00","breadcrumb":{"@id":"https:\/\/www.iquilibrio.com\/blog\/ciclo-lunar-semanal\/as-energias-dos-ciclos-lunares-15-05-a-22-05\/#breadcrumb"},"inLanguage":"pt-BR","potentialAction":[{"@type":"ReadAction","target":["https:\/\/www.iquilibrio.com\/blog\/ciclo-lunar-semanal\/as-energias-dos-ciclos-lunares-15-05-a-22-05\/"]}]},{"@type":"ImageObject","inLanguage":"pt-BR","@id":"https:\/\/www.iquilibrio.com\/blog\/ciclo-lunar-semanal\/as-energias-dos-ciclos-lunares-15-05-a-22-05\/#primaryimage","url":"https:\/\/www.iquilibrio.com\/blog\/wp-content\/uploads\/2024\/02\/BLOG-Passagens-lunares-iQui.jpg","contentUrl":"https:\/\/www.iquilibrio.com\/blog\/wp-content\/uploads\/2024\/02\/BLOG-Passagens-lunares-iQui.jpg","width":900,"height":560},{"@type":"BreadcrumbList","@id":"https:\/\/www.iquilibrio.com\/blog\/ciclo-lunar-semanal\/as-energias-dos-ciclos-lunares-15-05-a-22-05\/#breadcrumb","itemListElement":[{"@type":"ListItem","position":1,"name":"In\u00edcio","item":"https:\/\/www.iquilibrio.com\/blog\/"},{"@type":"ListItem","position":2,"name":"As Energias dos Ciclos Lunares \u2013 15\/05 a 22\/05"}]},{"@type":"WebSite","@id":"https:\/\/www.iquilibrio.com\/blog\/#website","url":"https:\/\/www.iquilibrio.com\/blog\/","name":"iQuilibrio","description":"Blog iQuilibrio","publisher":{"@id":"https:\/\/www.iquilibrio.com\/blog\/#organization"},"potentialAction":[{"@type":"SearchAction","target":{"@type":"EntryPoint","urlTemplate":"https:\/\/www.iquilibrio.com\/blog\/?s={search_term_string}"},"query-input":{"@type":"PropertyValueSpecification","valueRequired":true,"valueName":"search_term_string"}}],"inLanguage":"pt-BR"},{"@type":"Organization","@id":"https:\/\/www.iquilibrio.com\/blog\/#organization","name":"Esoterismo, Misticismo e Tarot Online - iQuilibrio","url":"https:\/\/www.iquilibrio.com\/blog\/","logo":{"@type":"ImageObject","inLanguage":"pt-BR","@id":"https:\/\/www.iquilibrio.com\/blog\/#\/schema\/logo\/image\/","url":"https:\/\/www.iquilibrio.com\/blog\/wp-content\/uploads\/2018\/12\/iquilibrio_lovo_vetor_preto-retina.png","contentUrl":"https:\/\/www.iquilibrio.com\/blog\/wp-content\/uploads\/2018\/12\/iquilibrio_lovo_vetor_preto-retina.png","width":972,"height":180,"caption":"Esoterismo, Misticismo e Tarot Online - iQuilibrio"},"image":{"@id":"https:\/\/www.iquilibrio.com\/blog\/#\/schema\/logo\/image\/"},"sameAs":["https:\/\/www.facebook.com\/iQuilibrio\/","https:\/\/x.com\/iquilibrio","https:\/\/www.instagram.com\/iquilibrio\/","https:\/\/www.linkedin.com\/company\/iquilibrio\/","https:\/\/br.pinterest.com\/iquilibrio1397\/","https:\/\/www.youtube.com\/channel\/UC175qxd-4Zsi4wzawT5zF2g"]},{"@type":"Person","@id":"https:\/\/www.iquilibrio.com\/blog\/#\/schema\/person\/21ae990723c2e5a1170c9a06dacb4d3d","name":"Arthur Peroni","image":{"@type":"ImageObject","inLanguage":"pt-BR","@id":"https:\/\/www.iquilibrio.com\/blog\/wp-content\/uploads\/2023\/04\/Arthur-Peroni-150x150.jpg","url":"https:\/\/www.iquilibrio.com\/blog\/wp-content\/uploads\/2023\/04\/Arthur-Peroni-150x150.jpg","contentUrl":"https:\/\/www.iquilibrio.com\/blog\/wp-content\/uploads\/2023\/04\/Arthur-Peroni-150x150.jpg","caption":"Arthur Peroni"},"description":"Arthur Peroni escreve sobre a vida, o universo e tudo mais. Amante da literatura m\u00edstica, e fic\u00e7\u00e3o, descobriu sua carreira de redator gra\u00e7as ao h\u00e1bito de leitura constante sobre fantasia e drama. Nas horas vagas, gosta de cozinhar, ler e ver filmes antigos. J\u00e1 trabalhou com, comunica\u00e7\u00e3o social, massoterapia, terapias hol\u00edsticas e design de interiores. Atualmente trabalha como redator SEO e se entusiasma com tudo o que \u00e9 esot\u00e9rico. Gosta de discutir sobre assuntos complexos e instigantes, e v\u00ea na escrita uma oportunidade de aprender e criar todos os dias, mentalmente e espiritualmente.","url":"https:\/\/www.iquilibrio.com\/blog\/author\/raul-vinicius\/"}]}},"_links":{"self":[{"href":"https:\/\/www.iquilibrio.com\/blog\/wp-json\/wp\/v2\/posts\/40570","targetHints":{"allow":["GET"]}}],"collection":[{"href":"https:\/\/www.iquilibrio.com\/blog\/wp-json\/wp\/v2\/posts"}],"about":[{"href":"https:\/\/www.iquilibrio.com\/blog\/wp-json\/wp\/v2\/types\/post"}],"author":[{"embeddable":true,"href":"https:\/\/www.iquilibrio.com\/blog\/wp-json\/wp\/v2\/users\/158"}],"replies":[{"embeddable":true,"href":"https:\/\/www.iquilibrio.com\/blog\/wp-json\/wp\/v2\/comments?post=40570"}],"version-history":[{"count":1,"href":"https:\/\/www.iquilibrio.com\/blog\/wp-json\/wp\/v2\/posts\/40570\/revisions"}],"predecessor-version":[{"id":40571,"href":"https:\/\/www.iquilibrio.com\/blog\/wp-json\/wp\/v2\/posts\/40570\/revisions\/40571"}],"wp:featuredmedia":[{"embeddable":true,"href":"https:\/\/www.iquilibrio.com\/blog\/wp-json\/wp\/v2\/media\/40190"}],"wp:attachment":[{"href":"https:\/\/www.iquilibrio.com\/blog\/wp-json\/wp\/v2\/media?parent=40570"}],"wp:term":[{"taxonomy":"category","embeddable":true,"href":"https:\/\/www.iquilibrio.com\/blog\/wp-json\/wp\/v2\/categories?post=40570"},{"taxonomy":"post_tag","embeddable":true,"href":"https:\/\/www.iquilibrio.com\/blog\/wp-json\/wp\/v2\/tags?post=40570"}],"curies":[{"name":"wp","href":"https:\/\/api.w.org\/{rel}","templated":true}]}}