{"id":40568,"date":"2024-05-06T07:00:56","date_gmt":"2024-05-06T10:00:56","guid":{"rendered":"https:\/\/www.iquilibrio.com\/blog\/?p=40568"},"modified":"2024-05-05T15:16:28","modified_gmt":"2024-05-05T18:16:28","slug":"as-energias-dos-ciclos-lunares-08-05-a-14-05","status":"publish","type":"post","link":"https:\/\/www.iquilibrio.com\/blog\/ciclo-lunar-semanal\/as-energias-dos-ciclos-lunares-08-05-a-14-05\/","title":{"rendered":"As Energias dos Ciclos Lunares \u2013 08\/05 a 14\/05"},"content":{"rendered":"<h2><b>Uma Nova Era de Expans\u00e3o <\/b><\/h2>\n<p><span style=\"font-weight: 400;\">Agraciado leitor, Maio est\u00e1 trazendo consigo uma mudan\u00e7a significativa nos c\u00e9us astrol\u00f3gicos que certamente ir\u00e1 impactar nossas vidas de maneiras interessantes e estimulantes. Este m\u00eas, o expansivo e benevolente J\u00fapiter, o grande benfeitor do zod\u00edaco, est\u00e1 prontamente se despedindo de seu tr\u00e2nsito em Touro e se preparando para ingressar nas energias \u00e1geis e comunicativas de G\u00eameos.<\/span><\/p>\n<p><b>Fato Importante sobre Maio:<\/b><span style=\"font-weight: 400;\"> \u00c9 crucial notar que neste m\u00eas, J\u00fapiter, o grande benfeitor do zod\u00edaco, muda de signo, deixando para tr\u00e1s as influ\u00eancias terrenas de Touro e ingressando nas energias \u00e1geis e comunicativas de G\u00eameos.<\/span><\/p>\n<p><span style=\"font-weight: 400;\">Esta mudan\u00e7a de signo de J\u00fapiter \u00e9 um evento astrol\u00f3gico digno de nota, pois promete abrir novos horizontes, trazer oportunidades de crescimento e ampliar nossa perspectiva sobre o mundo ao nosso redor. Como J\u00fapiter rege a expans\u00e3o, a abund\u00e2ncia, o aprendizado e a sorte, sua entrada em G\u00eameos nos convida a abra\u00e7ar a versatilidade, a curiosidade e a troca de ideias.<\/span><\/p>\n<p><span style=\"font-weight: 400;\">Neste m\u00eas, somos encorajados a nos abrir para novas experi\u00eancias, a explorar diferentes \u00e1reas de interesse e a expandir nossos horizontes mentais. Esteja aberto para novas oportunidades de crescimento pessoal e profissional que podem surgir durante este tr\u00e2nsito de J\u00fapiter em G\u00eameos.<\/span><\/p>\n<p><span style=\"font-weight: 400;\">Ent\u00e3o podemos dizer que essa semana ser\u00e1 de grande reestrutura\u00e7\u00e3o, com chances de mudan\u00e7a e expans\u00e3o, onde somos chamados a nos conectar com nossa verdadeira ess\u00eancia e a explorar novas possibilidades.<\/span><\/p>\n<hr \/>\n<h3><b>Lua Nova em Touro&#x1f311;&#x2649; (08\/05)<\/b><b>\u00a0<\/b><\/h3>\n<p><span style=\"font-weight: 400;\">Com a Lua Nova em Touro, somos convidados a semear as sementes de nossos sonhos mais profundos e a nos conectar com a nossa estabilidade interior.<\/span><\/p>\n<p><span style=\"font-weight: 400;\">Este \u00e9 um momento para definir inten\u00e7\u00f5es claras e concretas para o futuro, para cultivar a seguran\u00e7a e para manifestar a abund\u00e2ncia em nossas vidas. Visualize o que desejamos manifestar em nossas vidas e para come\u00e7ar a agir em dire\u00e7\u00e3o aos nossos objetivos com determina\u00e7\u00e3o e foco.<\/span><\/p>\n<p><b><i>Dicas Semanais:<\/i><\/b><\/p>\n<ul>\n<li style=\"font-weight: 400;\" aria-level=\"1\"><span style=\"font-weight: 400;\">Dedique tempo para meditar e visualizar seus sonhos se manifestando.<\/span><\/li>\n<li style=\"font-weight: 400;\" aria-level=\"1\"><span style=\"font-weight: 400;\">Fa\u00e7a uma lista de metas e objetivos que deseja alcan\u00e7ar durante este ciclo lunar.<\/span><\/li>\n<\/ul>\n<p><b><i>Incensos Recomendados: <\/i><\/b><span style=\"font-weight: 400;\">Patchouli para ancoragem e incenso de rosa para atrair amor e prosperidade.<\/span><\/p>\n<p><b><i>Ritual: <\/i><\/b><span style=\"font-weight: 400;\">Acenda uma vela e escreva suas inten\u00e7\u00f5es em um peda\u00e7o de papel, visualizando cada desejo se manifestando com clareza e facilidade.<\/span><\/p>\n<p><b><i>Mantra:<\/i><\/b><span style=\"font-weight: 400;\"> &#8220;Eu sou grato pela abund\u00e2ncia que flui em minha vida. Eu planto as sementes dos meus sonhos com confian\u00e7a e f\u00e9.&#8221;<\/span><\/p>\n<hr \/>\n<h3><b>Lua em G\u00eameos&#x1f311;&#x264a; (09\/05 a 10\/05)<\/b><b>\u00a0<\/b><\/h3>\n<p><span style=\"font-weight: 400;\">Quando a Lua entra em G\u00eameos, somos envolvidos por uma energia de curiosidade, versatilidade e comunica\u00e7\u00e3o.<\/span><\/p>\n<p><span style=\"font-weight: 400;\">Esteja aberto para novas informa\u00e7\u00f5es e oportunidades de crescimento, explorar novas ideias, a comunicar nossos pensamentos e a nos conectar com os outros de maneira leve e descontra\u00edda. Este \u00e9 um per\u00edodo prop\u00edcio para aprender, trocar ideias e expandir nossa mente.<\/span><\/p>\n<p><b><i>Dicas Semanais:<\/i><\/b><\/p>\n<ul>\n<li style=\"font-weight: 400;\" aria-level=\"1\"><span style=\"font-weight: 400;\">Mantenha-se aberto para novas informa\u00e7\u00f5es e perspectivas.<\/span><\/li>\n<li style=\"font-weight: 400;\" aria-level=\"1\"><span style=\"font-weight: 400;\">Envolva-se em conversas estimulantes e compartilhe suas ideias com os outros.<\/span><\/li>\n<\/ul>\n<p><b><i>Incensos Recomendados:<\/i><\/b><span style=\"font-weight: 400;\"> Lavanda para promover a clareza mental e incenso de laranja para estimular a criatividade.<\/span><\/p>\n<p><b><i>Ritual:<\/i><\/b><span style=\"font-weight: 400;\"> Fa\u00e7a um brainstorming de novas ideias e projetos que deseja explorar durante este ciclo lunar.<\/span><\/p>\n<p><b><i>Mantra:<\/i><\/b><span style=\"font-weight: 400;\"> &#8220;Eu sou curioso e aberto para aprender e crescer a cada dia.&#8221;<\/span><\/p>\n<hr \/>\n<h3><b>Lua em C\u00e2ncer &#x1f311;&#x264b;(11\/05 a 12\/05)<\/b><b>\u00a0<\/b><\/h3>\n<p><span style=\"font-weight: 400;\">Com a Lua transitando em C\u00e2ncer, somos convidados a nos conectar com nossas emo\u00e7\u00f5es mais profundas, a nutrir nossos relacionamentos e a criar um espa\u00e7o seguro para expressar nossos sentimentos.<\/span><\/p>\n<p><span style=\"font-weight: 400;\">Este \u00e9 um momento para cuidar de si mesmo e fortalecer os la\u00e7os familiares e emocionais, trazendo uma energia de sensibilidade, cuidado e emo\u00e7\u00e3o, que aos poucos nos conecta com nosso eu mais profundo, para nutrir nossos relacionamentos e para criar um espa\u00e7o seguro para expressar nossos sentimentos.<\/span><\/p>\n<p><b><i>Dicas Semanais:<\/i><\/b><\/p>\n<ul>\n<li style=\"font-weight: 400;\" aria-level=\"1\"><span style=\"font-weight: 400;\">Dedique tempo para cuidar de si mesmo e para se conectar com sua intui\u00e7\u00e3o.<\/span><\/li>\n<li style=\"font-weight: 400;\" aria-level=\"1\"><span style=\"font-weight: 400;\">Fortale\u00e7a seus la\u00e7os familiares e emocionais.<\/span><\/li>\n<\/ul>\n<p><b><i>Incensos Recomendados:<\/i><\/b><span style=\"font-weight: 400;\"> S\u00e2ndalo para promover a tranquilidade emocional e incenso de mirra para cura emocional.<\/span><\/p>\n<p><b><i>Ritual:<\/i><\/b><span style=\"font-weight: 400;\"> Fa\u00e7a um banho de imers\u00e3o relaxante, visualize-se envolto em luz e amor, e permita que suas emo\u00e7\u00f5es fluam livremente.<\/span><\/p>\n<p><b><i>Mantra:<\/i><\/b><span style=\"font-weight: 400;\"> &#8220;Eu honro minhas emo\u00e7\u00f5es e \u00e0s expresso com amor e compaix\u00e3o.&#8221;<\/span><\/p>\n<hr \/>\n<h3><b>Lua em Le\u00e3o&#x1f311;&#x264c; (13\/05 a 14\/05)<\/b><\/h3>\n<p><span style=\"font-weight: 400;\">Concluindo nossa semana lunar, a Lua entra em Le\u00e3o, trazendo consigo uma energia de auto express\u00e3o, autoconfian\u00e7a e criatividade.<\/span><\/p>\n<p><span style=\"font-weight: 400;\">Este \u00e9 um momento para nos destacarmos, para mostrarmos ao mundo quem realmente somos e para compartilharmos nossos dons e talentos \u00fanicos. Essa ser\u00e1 uma jornada de crescimento, aprendizado e autoconhecimento.<\/span><\/p>\n<p><span style=\"font-weight: 400;\">Ent\u00e3o aproveite ao m\u00e1ximo as energias dessa lua para manifestar seus sonhos e viver uma vida verdadeiramente significativa.<\/span><\/p>\n<p><b><i>Dicas Semanais:<\/i><\/b><\/p>\n<ul>\n<li style=\"font-weight: 400;\" aria-level=\"1\"><span style=\"font-weight: 400;\">Permita-se brilhar e expressar sua autenticidade.<\/span><\/li>\n<li style=\"font-weight: 400;\" aria-level=\"1\"><span style=\"font-weight: 400;\">Cultive a gratid\u00e3o por suas habilidades e conquistas.<\/span><\/li>\n<\/ul>\n<p><b><i>Incensos Recomendados:<\/i><\/b><span style=\"font-weight: 400;\"> Incenso de canela para promover a confian\u00e7a e incenso de benjoim para atrair sucesso e reconhecimento.<\/span><\/p>\n<p><b><i>Ritual:<\/i><\/b><span style=\"font-weight: 400;\"> Fa\u00e7a uma lista de todas as suas realiza\u00e7\u00f5es e talentos, e celebre sua grandeza interior.<\/span><\/p>\n<p><b><i>Mantra:<\/i><\/b><span style=\"font-weight: 400;\"> &#8220;Eu sou digno de amor, sucesso e felicidade. Eu brilho com minha pr\u00f3pria luz.&#8221;<\/span><\/p>\n<p><span style=\"font-weight: 400;\">Que essa seja uma semana iluminada de grandes \u00eaxitos e renova\u00e7\u00f5es em sua vida, que traga realmente a ajuda que voc\u00ea busca neste momento.<\/span><\/p>\n<hr \/>\n<p>Desejamos uma semana repleta de boas energias e boa ventura!<\/p>\n<p>Nos vemos nas estrelas<\/p>\n\n\n<div class=\"kk-star-ratings kksr-auto kksr-align-left kksr-valign-bottom\"\n    data-payload='{&quot;align&quot;:&quot;left&quot;,&quot;id&quot;:&quot;40568&quot;,&quot;slug&quot;:&quot;default&quot;,&quot;valign&quot;:&quot;bottom&quot;,&quot;ignore&quot;:&quot;&quot;,&quot;reference&quot;:&quot;auto&quot;,&quot;class&quot;:&quot;&quot;,&quot;count&quot;:&quot;0&quot;,&quot;legendonly&quot;:&quot;&quot;,&quot;readonly&quot;:&quot;&quot;,&quot;score&quot;:&quot;0&quot;,&quot;starsonly&quot;:&quot;&quot;,&quot;best&quot;:&quot;5&quot;,&quot;gap&quot;:&quot;5&quot;,&quot;greet&quot;:&quot;Rate this post&quot;,&quot;legend&quot;:&quot;0\\\/5 - (0 voto)&quot;,&quot;size&quot;:&quot;24&quot;,&quot;title&quot;:&quot;As Energias dos Ciclos Lunares \u2013 08\\\/05 a 14\\\/05&quot;,&quot;width&quot;:&quot;0&quot;,&quot;_legend&quot;:&quot;{score}\\\/{best} - ({count} {votes})&quot;,&quot;font_factor&quot;:&quot;1.25&quot;}'>\n            \n<div class=\"kksr-stars\">\n    \n<div class=\"kksr-stars-inactive\">\n            <div class=\"kksr-star\" data-star=\"1\" style=\"padding-right: 5px\">\n            \n\n<div class=\"kksr-icon\" style=\"width: 24px; height: 24px;\"><\/div>\n        <\/div>\n            <div class=\"kksr-star\" data-star=\"2\" style=\"padding-right: 5px\">\n            \n\n<div class=\"kksr-icon\" style=\"width: 24px; height: 24px;\"><\/div>\n        <\/div>\n            <div class=\"kksr-star\" data-star=\"3\" style=\"padding-right: 5px\">\n            \n\n<div class=\"kksr-icon\" style=\"width: 24px; height: 24px;\"><\/div>\n        <\/div>\n            <div class=\"kksr-star\" data-star=\"4\" style=\"padding-right: 5px\">\n            \n\n<div class=\"kksr-icon\" style=\"width: 24px; height: 24px;\"><\/div>\n        <\/div>\n            <div class=\"kksr-star\" data-star=\"5\" style=\"padding-right: 5px\">\n            \n\n<div class=\"kksr-icon\" style=\"width: 24px; height: 24px;\"><\/div>\n        <\/div>\n    <\/div>\n    \n<div class=\"kksr-stars-active\" style=\"width: 0px;\">\n            <div class=\"kksr-star\" style=\"padding-right: 5px\">\n            \n\n<div class=\"kksr-icon\" style=\"width: 24px; height: 24px;\"><\/div>\n        <\/div>\n            <div class=\"kksr-star\" style=\"padding-right: 5px\">\n            \n\n<div class=\"kksr-icon\" style=\"width: 24px; height: 24px;\"><\/div>\n        <\/div>\n            <div class=\"kksr-star\" style=\"padding-right: 5px\">\n            \n\n<div class=\"kksr-icon\" style=\"width: 24px; height: 24px;\"><\/div>\n        <\/div>\n            <div class=\"kksr-star\" style=\"padding-right: 5px\">\n            \n\n<div class=\"kksr-icon\" style=\"width: 24px; height: 24px;\"><\/div>\n        <\/div>\n            <div class=\"kksr-star\" style=\"padding-right: 5px\">\n            \n\n<div class=\"kksr-icon\" style=\"width: 24px; height: 24px;\"><\/div>\n        <\/div>\n    <\/div>\n<\/div>\n                \n\n<div class=\"kksr-legend\" style=\"font-size: 19.2px;\">\n            <span class=\"kksr-muted\">Rate this post<\/span>\n    <\/div>\n    <\/div>\n","protected":false},"excerpt":{"rendered":"<p>Uma Nova Era de Expans\u00e3o Agraciado leitor, Maio est\u00e1 trazendo consigo uma mudan\u00e7a significativa nos c\u00e9us astrol\u00f3gicos que certamente ir\u00e1 impactar nossas vidas de maneiras interessantes e estimulantes. Este m\u00eas, o expansivo e benevolente J\u00fapiter, o grande benfeitor do zod\u00edaco, est\u00e1 prontamente se despedindo de seu tr\u00e2nsito em Touro e se preparando para ingressar nas [&hellip;]<\/p>\n","protected":false},"author":158,"featured_media":40190,"comment_status":"closed","ping_status":"closed","sticky":false,"template":"","format":"standard","meta":{"footnotes":""},"categories":[4893],"tags":[],"class_list":["post-40568","post","type-post","status-publish","format-standard","has-post-thumbnail","hentry","category-ciclo-lunar-semanal"],"yoast_head":"<!-- This site is optimized with the Yoast SEO plugin v27.4 - https:\/\/yoast.com\/product\/yoast-seo-wordpress\/ -->\n<title>As Energias dos Ciclos Lunares \u2013 08\/05 a 14\/05 - iQuilibrio<\/title>\n<meta name=\"robots\" content=\"index, follow, max-snippet:-1, max-image-preview:large, max-video-preview:-1\" \/>\n<link rel=\"canonical\" href=\"https:\/\/www.iquilibrio.com\/blog\/ciclo-lunar-semanal\/as-energias-dos-ciclos-lunares-08-05-a-14-05\/\" \/>\n<meta property=\"og:locale\" content=\"pt_BR\" \/>\n<meta property=\"og:type\" content=\"article\" \/>\n<meta property=\"og:title\" content=\"As Energias dos Ciclos Lunares \u2013 08\/05 a 14\/05 - iQuilibrio\" \/>\n<meta property=\"og:description\" content=\"Uma Nova Era de Expans\u00e3o Agraciado leitor, Maio est\u00e1 trazendo consigo uma mudan\u00e7a significativa nos c\u00e9us astrol\u00f3gicos que certamente ir\u00e1 impactar nossas vidas de maneiras interessantes e estimulantes. Este m\u00eas, o expansivo e benevolente J\u00fapiter, o grande benfeitor do zod\u00edaco, est\u00e1 prontamente se despedindo de seu tr\u00e2nsito em Touro e se preparando para ingressar nas [&hellip;]\" \/>\n<meta property=\"og:url\" content=\"https:\/\/www.iquilibrio.com\/blog\/ciclo-lunar-semanal\/as-energias-dos-ciclos-lunares-08-05-a-14-05\/\" \/>\n<meta property=\"og:site_name\" content=\"iQuilibrio\" \/>\n<meta property=\"article:publisher\" content=\"https:\/\/www.facebook.com\/iQuilibrio\/\" \/>\n<meta property=\"article:published_time\" content=\"2024-05-06T10:00:56+00:00\" \/>\n<meta property=\"og:image\" content=\"https:\/\/www.iquilibrio.com\/blog\/wp-content\/uploads\/2024\/02\/BLOG-Passagens-lunares-iQui.jpg\" \/>\n\t<meta property=\"og:image:width\" content=\"900\" \/>\n\t<meta property=\"og:image:height\" content=\"560\" \/>\n\t<meta property=\"og:image:type\" content=\"image\/jpeg\" \/>\n<meta name=\"author\" content=\"Arthur Peroni\" \/>\n<meta name=\"twitter:card\" content=\"summary_large_image\" \/>\n<meta name=\"twitter:creator\" content=\"@iquilibrio\" \/>\n<meta name=\"twitter:site\" content=\"@iquilibrio\" \/>\n<meta name=\"twitter:label1\" content=\"Escrito por\" \/>\n\t<meta name=\"twitter:data1\" content=\"Arthur Peroni\" \/>\n\t<meta name=\"twitter:label2\" content=\"Est. tempo de leitura\" \/>\n\t<meta name=\"twitter:data2\" content=\"5 minutos\" \/>\n<script type=\"application\/ld+json\" class=\"yoast-schema-graph\">{\"@context\":\"https:\\\/\\\/schema.org\",\"@graph\":[{\"@type\":\"Article\",\"@id\":\"https:\\\/\\\/www.iquilibrio.com\\\/blog\\\/ciclo-lunar-semanal\\\/as-energias-dos-ciclos-lunares-08-05-a-14-05\\\/#article\",\"isPartOf\":{\"@id\":\"https:\\\/\\\/www.iquilibrio.com\\\/blog\\\/ciclo-lunar-semanal\\\/as-energias-dos-ciclos-lunares-08-05-a-14-05\\\/\"},\"author\":{\"name\":\"Arthur Peroni\",\"@id\":\"https:\\\/\\\/www.iquilibrio.com\\\/blog\\\/#\\\/schema\\\/person\\\/21ae990723c2e5a1170c9a06dacb4d3d\"},\"headline\":\"As Energias dos Ciclos Lunares \u2013 08\\\/05 a 14\\\/05\",\"datePublished\":\"2024-05-06T10:00:56+00:00\",\"mainEntityOfPage\":{\"@id\":\"https:\\\/\\\/www.iquilibrio.com\\\/blog\\\/ciclo-lunar-semanal\\\/as-energias-dos-ciclos-lunares-08-05-a-14-05\\\/\"},\"wordCount\":941,\"publisher\":{\"@id\":\"https:\\\/\\\/www.iquilibrio.com\\\/blog\\\/#organization\"},\"image\":{\"@id\":\"https:\\\/\\\/www.iquilibrio.com\\\/blog\\\/ciclo-lunar-semanal\\\/as-energias-dos-ciclos-lunares-08-05-a-14-05\\\/#primaryimage\"},\"thumbnailUrl\":\"https:\\\/\\\/www.iquilibrio.com\\\/blog\\\/wp-content\\\/uploads\\\/2024\\\/02\\\/BLOG-Passagens-lunares-iQui.jpg\",\"articleSection\":[\"Ciclo Lunar semanal\"],\"inLanguage\":\"pt-BR\"},{\"@type\":\"WebPage\",\"@id\":\"https:\\\/\\\/www.iquilibrio.com\\\/blog\\\/ciclo-lunar-semanal\\\/as-energias-dos-ciclos-lunares-08-05-a-14-05\\\/\",\"url\":\"https:\\\/\\\/www.iquilibrio.com\\\/blog\\\/ciclo-lunar-semanal\\\/as-energias-dos-ciclos-lunares-08-05-a-14-05\\\/\",\"name\":\"As Energias dos Ciclos Lunares \u2013 08\\\/05 a 14\\\/05 - iQuilibrio\",\"isPartOf\":{\"@id\":\"https:\\\/\\\/www.iquilibrio.com\\\/blog\\\/#website\"},\"primaryImageOfPage\":{\"@id\":\"https:\\\/\\\/www.iquilibrio.com\\\/blog\\\/ciclo-lunar-semanal\\\/as-energias-dos-ciclos-lunares-08-05-a-14-05\\\/#primaryimage\"},\"image\":{\"@id\":\"https:\\\/\\\/www.iquilibrio.com\\\/blog\\\/ciclo-lunar-semanal\\\/as-energias-dos-ciclos-lunares-08-05-a-14-05\\\/#primaryimage\"},\"thumbnailUrl\":\"https:\\\/\\\/www.iquilibrio.com\\\/blog\\\/wp-content\\\/uploads\\\/2024\\\/02\\\/BLOG-Passagens-lunares-iQui.jpg\",\"datePublished\":\"2024-05-06T10:00:56+00:00\",\"breadcrumb\":{\"@id\":\"https:\\\/\\\/www.iquilibrio.com\\\/blog\\\/ciclo-lunar-semanal\\\/as-energias-dos-ciclos-lunares-08-05-a-14-05\\\/#breadcrumb\"},\"inLanguage\":\"pt-BR\",\"potentialAction\":[{\"@type\":\"ReadAction\",\"target\":[\"https:\\\/\\\/www.iquilibrio.com\\\/blog\\\/ciclo-lunar-semanal\\\/as-energias-dos-ciclos-lunares-08-05-a-14-05\\\/\"]}]},{\"@type\":\"ImageObject\",\"inLanguage\":\"pt-BR\",\"@id\":\"https:\\\/\\\/www.iquilibrio.com\\\/blog\\\/ciclo-lunar-semanal\\\/as-energias-dos-ciclos-lunares-08-05-a-14-05\\\/#primaryimage\",\"url\":\"https:\\\/\\\/www.iquilibrio.com\\\/blog\\\/wp-content\\\/uploads\\\/2024\\\/02\\\/BLOG-Passagens-lunares-iQui.jpg\",\"contentUrl\":\"https:\\\/\\\/www.iquilibrio.com\\\/blog\\\/wp-content\\\/uploads\\\/2024\\\/02\\\/BLOG-Passagens-lunares-iQui.jpg\",\"width\":900,\"height\":560},{\"@type\":\"BreadcrumbList\",\"@id\":\"https:\\\/\\\/www.iquilibrio.com\\\/blog\\\/ciclo-lunar-semanal\\\/as-energias-dos-ciclos-lunares-08-05-a-14-05\\\/#breadcrumb\",\"itemListElement\":[{\"@type\":\"ListItem\",\"position\":1,\"name\":\"In\u00edcio\",\"item\":\"https:\\\/\\\/www.iquilibrio.com\\\/blog\\\/\"},{\"@type\":\"ListItem\",\"position\":2,\"name\":\"As Energias dos Ciclos Lunares \u2013 08\\\/05 a 14\\\/05\"}]},{\"@type\":\"WebSite\",\"@id\":\"https:\\\/\\\/www.iquilibrio.com\\\/blog\\\/#website\",\"url\":\"https:\\\/\\\/www.iquilibrio.com\\\/blog\\\/\",\"name\":\"iQuilibrio\",\"description\":\"Blog iQuilibrio\",\"publisher\":{\"@id\":\"https:\\\/\\\/www.iquilibrio.com\\\/blog\\\/#organization\"},\"potentialAction\":[{\"@type\":\"SearchAction\",\"target\":{\"@type\":\"EntryPoint\",\"urlTemplate\":\"https:\\\/\\\/www.iquilibrio.com\\\/blog\\\/?s={search_term_string}\"},\"query-input\":{\"@type\":\"PropertyValueSpecification\",\"valueRequired\":true,\"valueName\":\"search_term_string\"}}],\"inLanguage\":\"pt-BR\"},{\"@type\":\"Organization\",\"@id\":\"https:\\\/\\\/www.iquilibrio.com\\\/blog\\\/#organization\",\"name\":\"Esoterismo, Misticismo e Tarot Online - iQuilibrio\",\"url\":\"https:\\\/\\\/www.iquilibrio.com\\\/blog\\\/\",\"logo\":{\"@type\":\"ImageObject\",\"inLanguage\":\"pt-BR\",\"@id\":\"https:\\\/\\\/www.iquilibrio.com\\\/blog\\\/#\\\/schema\\\/logo\\\/image\\\/\",\"url\":\"https:\\\/\\\/www.iquilibrio.com\\\/blog\\\/wp-content\\\/uploads\\\/2018\\\/12\\\/iquilibrio_lovo_vetor_preto-retina.png\",\"contentUrl\":\"https:\\\/\\\/www.iquilibrio.com\\\/blog\\\/wp-content\\\/uploads\\\/2018\\\/12\\\/iquilibrio_lovo_vetor_preto-retina.png\",\"width\":972,\"height\":180,\"caption\":\"Esoterismo, Misticismo e Tarot Online - iQuilibrio\"},\"image\":{\"@id\":\"https:\\\/\\\/www.iquilibrio.com\\\/blog\\\/#\\\/schema\\\/logo\\\/image\\\/\"},\"sameAs\":[\"https:\\\/\\\/www.facebook.com\\\/iQuilibrio\\\/\",\"https:\\\/\\\/x.com\\\/iquilibrio\",\"https:\\\/\\\/www.instagram.com\\\/iquilibrio\\\/\",\"https:\\\/\\\/www.linkedin.com\\\/company\\\/iquilibrio\\\/\",\"https:\\\/\\\/br.pinterest.com\\\/iquilibrio1397\\\/\",\"https:\\\/\\\/www.youtube.com\\\/channel\\\/UC175qxd-4Zsi4wzawT5zF2g\"]},{\"@type\":\"Person\",\"@id\":\"https:\\\/\\\/www.iquilibrio.com\\\/blog\\\/#\\\/schema\\\/person\\\/21ae990723c2e5a1170c9a06dacb4d3d\",\"name\":\"Arthur Peroni\",\"image\":{\"@type\":\"ImageObject\",\"inLanguage\":\"pt-BR\",\"@id\":\"https:\\\/\\\/www.iquilibrio.com\\\/blog\\\/wp-content\\\/uploads\\\/2023\\\/04\\\/Arthur-Peroni-150x150.jpg\",\"url\":\"https:\\\/\\\/www.iquilibrio.com\\\/blog\\\/wp-content\\\/uploads\\\/2023\\\/04\\\/Arthur-Peroni-150x150.jpg\",\"contentUrl\":\"https:\\\/\\\/www.iquilibrio.com\\\/blog\\\/wp-content\\\/uploads\\\/2023\\\/04\\\/Arthur-Peroni-150x150.jpg\",\"caption\":\"Arthur Peroni\"},\"description\":\"Arthur Peroni escreve sobre a vida, o universo e tudo mais. Amante da literatura m\u00edstica, e fic\u00e7\u00e3o, descobriu sua carreira de redator gra\u00e7as ao h\u00e1bito de leitura constante sobre fantasia e drama. Nas horas vagas, gosta de cozinhar, ler e ver filmes antigos. J\u00e1 trabalhou com, comunica\u00e7\u00e3o social, massoterapia, terapias hol\u00edsticas e design de interiores. Atualmente trabalha como redator SEO e se entusiasma com tudo o que \u00e9 esot\u00e9rico. Gosta de discutir sobre assuntos complexos e instigantes, e v\u00ea na escrita uma oportunidade de aprender e criar todos os dias, mentalmente e espiritualmente.\",\"url\":\"https:\\\/\\\/www.iquilibrio.com\\\/blog\\\/author\\\/raul-vinicius\\\/\"}]}<\/script>\n<!-- \/ Yoast SEO plugin. -->","yoast_head_json":{"title":"As Energias dos Ciclos Lunares \u2013 08\/05 a 14\/05 - iQuilibrio","robots":{"index":"index","follow":"follow","max-snippet":"max-snippet:-1","max-image-preview":"max-image-preview:large","max-video-preview":"max-video-preview:-1"},"canonical":"https:\/\/www.iquilibrio.com\/blog\/ciclo-lunar-semanal\/as-energias-dos-ciclos-lunares-08-05-a-14-05\/","og_locale":"pt_BR","og_type":"article","og_title":"As Energias dos Ciclos Lunares \u2013 08\/05 a 14\/05 - iQuilibrio","og_description":"Uma Nova Era de Expans\u00e3o Agraciado leitor, Maio est\u00e1 trazendo consigo uma mudan\u00e7a significativa nos c\u00e9us astrol\u00f3gicos que certamente ir\u00e1 impactar nossas vidas de maneiras interessantes e estimulantes. Este m\u00eas, o expansivo e benevolente J\u00fapiter, o grande benfeitor do zod\u00edaco, est\u00e1 prontamente se despedindo de seu tr\u00e2nsito em Touro e se preparando para ingressar nas [&hellip;]","og_url":"https:\/\/www.iquilibrio.com\/blog\/ciclo-lunar-semanal\/as-energias-dos-ciclos-lunares-08-05-a-14-05\/","og_site_name":"iQuilibrio","article_publisher":"https:\/\/www.facebook.com\/iQuilibrio\/","article_published_time":"2024-05-06T10:00:56+00:00","og_image":[{"width":900,"height":560,"url":"https:\/\/www.iquilibrio.com\/blog\/wp-content\/uploads\/2024\/02\/BLOG-Passagens-lunares-iQui.jpg","type":"image\/jpeg"}],"author":"Arthur Peroni","twitter_card":"summary_large_image","twitter_creator":"@iquilibrio","twitter_site":"@iquilibrio","twitter_misc":{"Escrito por":"Arthur Peroni","Est. tempo de leitura":"5 minutos"},"schema":{"@context":"https:\/\/schema.org","@graph":[{"@type":"Article","@id":"https:\/\/www.iquilibrio.com\/blog\/ciclo-lunar-semanal\/as-energias-dos-ciclos-lunares-08-05-a-14-05\/#article","isPartOf":{"@id":"https:\/\/www.iquilibrio.com\/blog\/ciclo-lunar-semanal\/as-energias-dos-ciclos-lunares-08-05-a-14-05\/"},"author":{"name":"Arthur Peroni","@id":"https:\/\/www.iquilibrio.com\/blog\/#\/schema\/person\/21ae990723c2e5a1170c9a06dacb4d3d"},"headline":"As Energias dos Ciclos Lunares \u2013 08\/05 a 14\/05","datePublished":"2024-05-06T10:00:56+00:00","mainEntityOfPage":{"@id":"https:\/\/www.iquilibrio.com\/blog\/ciclo-lunar-semanal\/as-energias-dos-ciclos-lunares-08-05-a-14-05\/"},"wordCount":941,"publisher":{"@id":"https:\/\/www.iquilibrio.com\/blog\/#organization"},"image":{"@id":"https:\/\/www.iquilibrio.com\/blog\/ciclo-lunar-semanal\/as-energias-dos-ciclos-lunares-08-05-a-14-05\/#primaryimage"},"thumbnailUrl":"https:\/\/www.iquilibrio.com\/blog\/wp-content\/uploads\/2024\/02\/BLOG-Passagens-lunares-iQui.jpg","articleSection":["Ciclo Lunar semanal"],"inLanguage":"pt-BR"},{"@type":"WebPage","@id":"https:\/\/www.iquilibrio.com\/blog\/ciclo-lunar-semanal\/as-energias-dos-ciclos-lunares-08-05-a-14-05\/","url":"https:\/\/www.iquilibrio.com\/blog\/ciclo-lunar-semanal\/as-energias-dos-ciclos-lunares-08-05-a-14-05\/","name":"As Energias dos Ciclos Lunares \u2013 08\/05 a 14\/05 - iQuilibrio","isPartOf":{"@id":"https:\/\/www.iquilibrio.com\/blog\/#website"},"primaryImageOfPage":{"@id":"https:\/\/www.iquilibrio.com\/blog\/ciclo-lunar-semanal\/as-energias-dos-ciclos-lunares-08-05-a-14-05\/#primaryimage"},"image":{"@id":"https:\/\/www.iquilibrio.com\/blog\/ciclo-lunar-semanal\/as-energias-dos-ciclos-lunares-08-05-a-14-05\/#primaryimage"},"thumbnailUrl":"https:\/\/www.iquilibrio.com\/blog\/wp-content\/uploads\/2024\/02\/BLOG-Passagens-lunares-iQui.jpg","datePublished":"2024-05-06T10:00:56+00:00","breadcrumb":{"@id":"https:\/\/www.iquilibrio.com\/blog\/ciclo-lunar-semanal\/as-energias-dos-ciclos-lunares-08-05-a-14-05\/#breadcrumb"},"inLanguage":"pt-BR","potentialAction":[{"@type":"ReadAction","target":["https:\/\/www.iquilibrio.com\/blog\/ciclo-lunar-semanal\/as-energias-dos-ciclos-lunares-08-05-a-14-05\/"]}]},{"@type":"ImageObject","inLanguage":"pt-BR","@id":"https:\/\/www.iquilibrio.com\/blog\/ciclo-lunar-semanal\/as-energias-dos-ciclos-lunares-08-05-a-14-05\/#primaryimage","url":"https:\/\/www.iquilibrio.com\/blog\/wp-content\/uploads\/2024\/02\/BLOG-Passagens-lunares-iQui.jpg","contentUrl":"https:\/\/www.iquilibrio.com\/blog\/wp-content\/uploads\/2024\/02\/BLOG-Passagens-lunares-iQui.jpg","width":900,"height":560},{"@type":"BreadcrumbList","@id":"https:\/\/www.iquilibrio.com\/blog\/ciclo-lunar-semanal\/as-energias-dos-ciclos-lunares-08-05-a-14-05\/#breadcrumb","itemListElement":[{"@type":"ListItem","position":1,"name":"In\u00edcio","item":"https:\/\/www.iquilibrio.com\/blog\/"},{"@type":"ListItem","position":2,"name":"As Energias dos Ciclos Lunares \u2013 08\/05 a 14\/05"}]},{"@type":"WebSite","@id":"https:\/\/www.iquilibrio.com\/blog\/#website","url":"https:\/\/www.iquilibrio.com\/blog\/","name":"iQuilibrio","description":"Blog iQuilibrio","publisher":{"@id":"https:\/\/www.iquilibrio.com\/blog\/#organization"},"potentialAction":[{"@type":"SearchAction","target":{"@type":"EntryPoint","urlTemplate":"https:\/\/www.iquilibrio.com\/blog\/?s={search_term_string}"},"query-input":{"@type":"PropertyValueSpecification","valueRequired":true,"valueName":"search_term_string"}}],"inLanguage":"pt-BR"},{"@type":"Organization","@id":"https:\/\/www.iquilibrio.com\/blog\/#organization","name":"Esoterismo, Misticismo e Tarot Online - iQuilibrio","url":"https:\/\/www.iquilibrio.com\/blog\/","logo":{"@type":"ImageObject","inLanguage":"pt-BR","@id":"https:\/\/www.iquilibrio.com\/blog\/#\/schema\/logo\/image\/","url":"https:\/\/www.iquilibrio.com\/blog\/wp-content\/uploads\/2018\/12\/iquilibrio_lovo_vetor_preto-retina.png","contentUrl":"https:\/\/www.iquilibrio.com\/blog\/wp-content\/uploads\/2018\/12\/iquilibrio_lovo_vetor_preto-retina.png","width":972,"height":180,"caption":"Esoterismo, Misticismo e Tarot Online - iQuilibrio"},"image":{"@id":"https:\/\/www.iquilibrio.com\/blog\/#\/schema\/logo\/image\/"},"sameAs":["https:\/\/www.facebook.com\/iQuilibrio\/","https:\/\/x.com\/iquilibrio","https:\/\/www.instagram.com\/iquilibrio\/","https:\/\/www.linkedin.com\/company\/iquilibrio\/","https:\/\/br.pinterest.com\/iquilibrio1397\/","https:\/\/www.youtube.com\/channel\/UC175qxd-4Zsi4wzawT5zF2g"]},{"@type":"Person","@id":"https:\/\/www.iquilibrio.com\/blog\/#\/schema\/person\/21ae990723c2e5a1170c9a06dacb4d3d","name":"Arthur Peroni","image":{"@type":"ImageObject","inLanguage":"pt-BR","@id":"https:\/\/www.iquilibrio.com\/blog\/wp-content\/uploads\/2023\/04\/Arthur-Peroni-150x150.jpg","url":"https:\/\/www.iquilibrio.com\/blog\/wp-content\/uploads\/2023\/04\/Arthur-Peroni-150x150.jpg","contentUrl":"https:\/\/www.iquilibrio.com\/blog\/wp-content\/uploads\/2023\/04\/Arthur-Peroni-150x150.jpg","caption":"Arthur Peroni"},"description":"Arthur Peroni escreve sobre a vida, o universo e tudo mais. Amante da literatura m\u00edstica, e fic\u00e7\u00e3o, descobriu sua carreira de redator gra\u00e7as ao h\u00e1bito de leitura constante sobre fantasia e drama. Nas horas vagas, gosta de cozinhar, ler e ver filmes antigos. J\u00e1 trabalhou com, comunica\u00e7\u00e3o social, massoterapia, terapias hol\u00edsticas e design de interiores. Atualmente trabalha como redator SEO e se entusiasma com tudo o que \u00e9 esot\u00e9rico. Gosta de discutir sobre assuntos complexos e instigantes, e v\u00ea na escrita uma oportunidade de aprender e criar todos os dias, mentalmente e espiritualmente.","url":"https:\/\/www.iquilibrio.com\/blog\/author\/raul-vinicius\/"}]}},"_links":{"self":[{"href":"https:\/\/www.iquilibrio.com\/blog\/wp-json\/wp\/v2\/posts\/40568","targetHints":{"allow":["GET"]}}],"collection":[{"href":"https:\/\/www.iquilibrio.com\/blog\/wp-json\/wp\/v2\/posts"}],"about":[{"href":"https:\/\/www.iquilibrio.com\/blog\/wp-json\/wp\/v2\/types\/post"}],"author":[{"embeddable":true,"href":"https:\/\/www.iquilibrio.com\/blog\/wp-json\/wp\/v2\/users\/158"}],"replies":[{"embeddable":true,"href":"https:\/\/www.iquilibrio.com\/blog\/wp-json\/wp\/v2\/comments?post=40568"}],"version-history":[{"count":1,"href":"https:\/\/www.iquilibrio.com\/blog\/wp-json\/wp\/v2\/posts\/40568\/revisions"}],"predecessor-version":[{"id":40569,"href":"https:\/\/www.iquilibrio.com\/blog\/wp-json\/wp\/v2\/posts\/40568\/revisions\/40569"}],"wp:featuredmedia":[{"embeddable":true,"href":"https:\/\/www.iquilibrio.com\/blog\/wp-json\/wp\/v2\/media\/40190"}],"wp:attachment":[{"href":"https:\/\/www.iquilibrio.com\/blog\/wp-json\/wp\/v2\/media?parent=40568"}],"wp:term":[{"taxonomy":"category","embeddable":true,"href":"https:\/\/www.iquilibrio.com\/blog\/wp-json\/wp\/v2\/categories?post=40568"},{"taxonomy":"post_tag","embeddable":true,"href":"https:\/\/www.iquilibrio.com\/blog\/wp-json\/wp\/v2\/tags?post=40568"}],"curies":[{"name":"wp","href":"https:\/\/api.w.org\/{rel}","templated":true}]}}