{"id":40551,"date":"2024-05-02T18:00:38","date_gmt":"2024-05-02T21:00:38","guid":{"rendered":"https:\/\/www.iquilibrio.com\/blog\/?p=40551"},"modified":"2024-05-02T16:11:41","modified_gmt":"2024-05-02T19:11:41","slug":"previsoes-para-maio-pela-consultora-melissa","status":"publish","type":"post","link":"https:\/\/www.iquilibrio.com\/blog\/previsoes-2024\/previsoes-para-maio-pela-consultora-melissa\/","title":{"rendered":"Previs\u00f5es para Maio, pela consultora Melissa"},"content":{"rendered":"<p><span style=\"font-weight: 400;\">Maio se apresenta como um per\u00edodo de amplia\u00e7\u00e3o, abrindo portas para novas perspectivas e emocionantes oportunidades. Este m\u00eas ser\u00e1 marcado por uma sensa\u00e7\u00e3o de realiza\u00e7\u00e3o, onde voc\u00ea poder\u00e1 finalmente alcan\u00e7ar metas significativas e sentir uma sensa\u00e7\u00e3o de conclus\u00e3o em v\u00e1rios aspectos de sua vida.<\/span><\/p>\n<p><span style=\"font-weight: 400;\">\u00c9 um momento de criatividade abundante, comunica\u00e7\u00e3o clara e o florescer de novas ideias. Agora \u00e9 a hora de explorar seus talentos criativos, expressar suas opini\u00f5es e buscar novas formas de se comunicar com os outros. Esteja receptivo \u00e0s oportunidades que podem surgir por meio de projetos ou iniciativas de comunica\u00e7\u00e3o.<\/span><\/p>\n<p><span style=\"font-weight: 400;\">A energia de paix\u00e3o, entusiasmo e conex\u00f5es profundas permeiam este per\u00edodo. No campo das rela\u00e7\u00f5es pessoais, \u00e9 uma \u00e9poca prop\u00edcia para fortalecer la\u00e7os afetivos, explorar novas conex\u00f5es e buscar experi\u00eancias emocionais enriquecedoras, esteja preparado para o romance, a aventura e o crescimento pessoal por meio das suas intera\u00e7\u00f5es interpessoais.<\/span><\/p>\n<p><span style=\"font-weight: 400;\">Assim, maio promete ser um m\u00eas de expans\u00e3o, criatividade e conex\u00f5es emocionais significativas. Esteja pronto para abra\u00e7ar as oportunidades que surgirem, mantenha-se determinado na busca pelos seus objetivos e esteja preparado para explorar novos horizontes em todas as \u00e1reas da sua vida.<\/span><\/p>\n<hr \/>\n<p><img loading=\"lazy\" decoding=\"async\" class=\"alignnone size-full wp-image-40552\" src=\"https:\/\/www.iquilibrio.com\/blog\/wp-content\/uploads\/2024\/05\/espiritualidade-1.jpg\" alt=\"\" width=\"900\" height=\"560\" srcset=\"https:\/\/www.iquilibrio.com\/blog\/wp-content\/uploads\/2024\/05\/espiritualidade-1.jpg 900w, https:\/\/www.iquilibrio.com\/blog\/wp-content\/uploads\/2024\/05\/espiritualidade-1-300x187.jpg 300w, https:\/\/www.iquilibrio.com\/blog\/wp-content\/uploads\/2024\/05\/espiritualidade-1-768x478.jpg 768w, https:\/\/www.iquilibrio.com\/blog\/wp-content\/uploads\/2024\/05\/espiritualidade-1-696x433.jpg 696w, https:\/\/www.iquilibrio.com\/blog\/wp-content\/uploads\/2024\/05\/espiritualidade-1-675x420.jpg 675w\" sizes=\"auto, (max-width: 900px) 100vw, 900px\" \/><\/p>\n<h3><b>Previs\u00f5es para o amor<\/b><span id=\"Previsoes_para_o_amorx1f498\"><b>&#x1f498;<\/b><\/span><\/h3>\n<p><span style=\"font-weight: 400;\"><strong>No aspecto amoroso<\/strong>, vislumbramos um per\u00edodo repleto de potencialidades e oportunidades emocionais. Para os casais, essa conjuntura sugere um momento de profunda conex\u00e3o, onde a energia da manifesta\u00e7\u00e3o se une \u00e0 atmosfera de romance, paix\u00e3o e express\u00e3o emocional. \u00c9 uma fase prop\u00edcia para fortalecer os la\u00e7os afetivos, expressar sentimentos de forma aut\u00eantica e explorar novas dimens\u00f5es de conex\u00e3o com o parceiro.<\/span><\/p>\n<p><span style=\"font-weight: 400;\">Para os solteiros, este \u00e9 um per\u00edodo favor\u00e1vel para novos encontros e poss\u00edveis relacionamentos. Voc\u00ea est\u00e1 no comando da sua vida amorosa e possui a habilidade de atrair o que deseja, abrindo espa\u00e7o para encontros rom\u00e2nticos e emocionais. Esteja aberto para conhecer novas pessoas, deixe sua autenticidade brilhar e fique pronto para se aventurar com mente e cora\u00e7\u00e3o abertos.<\/span><\/p>\n<p><span style=\"font-weight: 400;\">Assim, o m\u00eas de maio nos reserva um vasto potencial de amor e romance, seja fortalecendo os v\u00ednculos j\u00e1 existentes ou abrindo as portas para novas conex\u00f5es emocionais. Aproveite essa energia positiva para cultivar relacionamentos saud\u00e1veis, aut\u00eanticos e significativos.<\/span><\/p>\n<hr \/>\n<h3><img loading=\"lazy\" decoding=\"async\" class=\"alignnone size-full wp-image-40554\" src=\"https:\/\/www.iquilibrio.com\/blog\/wp-content\/uploads\/2024\/05\/Trabalho-e-financas.jpg\" alt=\"\" width=\"900\" height=\"560\" srcset=\"https:\/\/www.iquilibrio.com\/blog\/wp-content\/uploads\/2024\/05\/Trabalho-e-financas.jpg 900w, https:\/\/www.iquilibrio.com\/blog\/wp-content\/uploads\/2024\/05\/Trabalho-e-financas-300x187.jpg 300w, https:\/\/www.iquilibrio.com\/blog\/wp-content\/uploads\/2024\/05\/Trabalho-e-financas-768x478.jpg 768w, https:\/\/www.iquilibrio.com\/blog\/wp-content\/uploads\/2024\/05\/Trabalho-e-financas-696x433.jpg 696w, https:\/\/www.iquilibrio.com\/blog\/wp-content\/uploads\/2024\/05\/Trabalho-e-financas-675x420.jpg 675w\" sizes=\"auto, (max-width: 900px) 100vw, 900px\" \/><\/h3>\n<h3><b>Previs\u00f5es para trabalho e finan\u00e7as<\/b><span id=\"Previsoes_para_o_trabalho_e_financasx1f4b8x1f4b9\"><b>&#x1f4b8;&#x1f4b9;<\/b><\/span><\/h3>\n<p><span style=\"font-weight: 400;\"><strong>No \u00e2mbito profissional<\/strong>, adentramos um per\u00edodo marcado por mudan\u00e7as e desafios significativos, tanto para os que est\u00e3o empregados quanto para os desempregados. Para os que j\u00e1 possuem ocupa\u00e7\u00e3o, este momento pode representar o in\u00edcio de uma nova jornada ou fase em suas carreiras, possivelmente sinalizando uma oportunidade de transforma\u00e7\u00e3o radical no ambiente de trabalho. Entretanto, \u00e9 crucial estar atento aos poss\u00edveis conflitos ou obst\u00e1culos que possam surgir, especialmente em cen\u00e1rios de competi\u00e7\u00e3o acirrada ou confrontos de ideias. Manter-se flex\u00edvel, de mente aberta, e buscar solu\u00e7\u00f5es criativas s\u00e3o aspectos fundamentais para superar tais desafios.<\/span><\/p>\n<p><span style=\"font-weight: 400;\">J\u00e1 para os desempregados, essa configura\u00e7\u00e3o indica a import\u00e2ncia de abra\u00e7ar o desconhecido e estar receptivo a oportunidades imprevistas. Pode ser o momento de dar um salto de f\u00e9 em dire\u00e7\u00e3o a novas possibilidades de emprego ou empreendedorismo. Apesar dos eventuais obst\u00e1culos ou da competi\u00e7\u00e3o no percurso, \u00e9 crucial n\u00e3o se render diante dos desafios, mantendo-se aberto \u00e0 adapta\u00e7\u00e3o e \u00e0 aprendizagem atrav\u00e9s das experi\u00eancias.<\/span><\/p>\n<hr \/>\n<h3><img loading=\"lazy\" decoding=\"async\" class=\"alignnone size-full wp-image-40555\" src=\"https:\/\/www.iquilibrio.com\/blog\/wp-content\/uploads\/2024\/05\/Trabalho-e-financas-1.jpg\" alt=\"\" width=\"900\" height=\"560\" srcset=\"https:\/\/www.iquilibrio.com\/blog\/wp-content\/uploads\/2024\/05\/Trabalho-e-financas-1.jpg 900w, https:\/\/www.iquilibrio.com\/blog\/wp-content\/uploads\/2024\/05\/Trabalho-e-financas-1-300x187.jpg 300w, https:\/\/www.iquilibrio.com\/blog\/wp-content\/uploads\/2024\/05\/Trabalho-e-financas-1-768x478.jpg 768w, https:\/\/www.iquilibrio.com\/blog\/wp-content\/uploads\/2024\/05\/Trabalho-e-financas-1-696x433.jpg 696w, https:\/\/www.iquilibrio.com\/blog\/wp-content\/uploads\/2024\/05\/Trabalho-e-financas-1-675x420.jpg 675w\" sizes=\"auto, (max-width: 900px) 100vw, 900px\" \/><\/h3>\n<h3><b>Previs\u00f5es para sa\u00fade<\/b><span id=\"Previsoes_para_saudex1f49a\"><b>&#x1f49a;<\/b><\/span><\/h3>\n<p><span style=\"font-weight: 400;\"><strong>Para a sa\u00fade<\/strong>, este \u00e9 um per\u00edodo que demanda buscar orienta\u00e7\u00e3o e tomar decis\u00f5es embasadas na raz\u00e3o e no conhecimento, especialmente quando se trata da sua sa\u00fade. \u00c9 crucial estar atento aos sinais e sintomas que o corpo emite e confiar na sua intui\u00e7\u00e3o para guiar suas escolhas nesse sentido. Al\u00e9m disso, \u00e9 hora de abordar qualquer quest\u00e3o de sa\u00fade com clareza de pensamento e discernimento, analisando-a de forma l\u00f3gica. Recorrer a profissionais de sa\u00fade qualificados e buscar informa\u00e7\u00f5es confi\u00e1veis s\u00e3o passos essenciais para tomar decis\u00f5es importantes sobre sua sa\u00fade neste momento.<\/span><\/p>\n<p><span style=\"font-weight: 400;\">Para aqueles em tratamento m\u00e9dico, seguir as orienta\u00e7\u00f5es m\u00e9dicas com dilig\u00eancia e precis\u00e3o \u00e9 fundamental. Confie na compet\u00eancia e experi\u00eancia dos profissionais de sa\u00fade que o acompanham, mantendo uma comunica\u00e7\u00e3o aberta e franca com sua equipe m\u00e9dica. N\u00e3o hesite em fazer perguntas ou buscar esclarecimentos sobre seu tratamento. Ser assertivo e proativo em rela\u00e7\u00e3o \u00e0 sua sa\u00fade \u00e9 essencial, garantindo que voc\u00ea participe ativamente do processo de tratamento e tome decis\u00f5es embasadas em informa\u00e7\u00f5es precisas e objetivas.<\/span><\/p>\n<p><span style=\"font-weight: 400;\">Destacamos a import\u00e2ncia de dedicar aten\u00e7\u00e3o especial \u00e0 sa\u00fade mental e ao sistema nervoso. Fique atento a sinais de estresse, ansiedade ou sobrecarga mental e busque maneiras saud\u00e1veis de lidar com essas quest\u00f5es, como t\u00e9cnicas de relaxamento, medita\u00e7\u00e3o ou conversas com um profissional de sa\u00fade mental, se necess\u00e1rio. Al\u00e9m disso, consulte um m\u00e9dico se estiver enfrentando problemas relacionados ao sistema nervoso ou outras quest\u00f5es de sa\u00fade que demandem aten\u00e7\u00e3o especializada.<\/span><\/p>\n<hr \/>\n<h3><img loading=\"lazy\" decoding=\"async\" class=\"alignnone size-full wp-image-40553\" src=\"https:\/\/www.iquilibrio.com\/blog\/wp-content\/uploads\/2024\/05\/espiritualidade.jpg\" alt=\"\" width=\"900\" height=\"560\" srcset=\"https:\/\/www.iquilibrio.com\/blog\/wp-content\/uploads\/2024\/05\/espiritualidade.jpg 900w, https:\/\/www.iquilibrio.com\/blog\/wp-content\/uploads\/2024\/05\/espiritualidade-300x187.jpg 300w, https:\/\/www.iquilibrio.com\/blog\/wp-content\/uploads\/2024\/05\/espiritualidade-768x478.jpg 768w, https:\/\/www.iquilibrio.com\/blog\/wp-content\/uploads\/2024\/05\/espiritualidade-696x433.jpg 696w, https:\/\/www.iquilibrio.com\/blog\/wp-content\/uploads\/2024\/05\/espiritualidade-675x420.jpg 675w\" sizes=\"auto, (max-width: 900px) 100vw, 900px\" \/><\/h3>\n<h3><b>Espiritualidade<\/b><span id=\"Espiritualidade_em_abrilx1f64f\"><b>&#x1f64f;<\/b><\/span><\/h3>\n<p><span style=\"font-weight: 400;\"><strong>Para o nosso esp\u00edrito<\/strong>, este \u00e9 um momento de profunda introspec\u00e7\u00e3o e mudan\u00e7a emocional em sua jornada, \u00e9 hora de se voltar para dentro, confiar na sua intui\u00e7\u00e3o e se conectar com sua espiritualidade de uma maneira mais profunda e intuitiva. Atrav\u00e9s da medita\u00e7\u00e3o, contempla\u00e7\u00e3o e explora\u00e7\u00e3o interior, voc\u00ea pode descobrir novas ideias e mist\u00e9rios do universo.<\/span><\/p>\n<p><span style=\"font-weight: 400;\">Ao mesmo tempo, voc\u00ea pode encontrar desafios emocionais e sentimentos de tristeza ou desilus\u00e3o em rela\u00e7\u00e3o \u00e0 sua jornada espiritual, \u00e9 poss\u00edvel que voc\u00ea se depare com momentos de intensas emo\u00e7\u00f5es ou questionamentos sobre suas cren\u00e7as, se sentindo desconectado do divino. No entanto, mesmo nessas situa\u00e7\u00f5es dif\u00edceis, h\u00e1 uma mensagem de esperan\u00e7a e renova\u00e7\u00e3o: enfrente suas emo\u00e7\u00f5es de frente, permitindo-se sentir e processar o que precisa ser liberado. Confie que esse processo abrir\u00e1 caminho para uma compreens\u00e3o mais profunda e um crescimento espiritual renovado.<\/span><\/p>\n<p><span style=\"font-weight: 400;\">Use este per\u00edodo como uma oportunidade para se reconectar com sua espiritualidade de maneira aut\u00eantica e sincera, busque solu\u00e7\u00f5es para superar os desafios que surgirem em seu caminho e lembre-se de que cada obst\u00e1culo \u00e9 uma chance de fortalecer-se e crescer espiritualmente. Confie na sua intui\u00e7\u00e3o e no poder interior para gui\u00e1-lo atrav\u00e9s dessa fase de transforma\u00e7\u00e3o e renascimento.<\/span><\/p>\n<hr \/>\n<h4><span style=\"font-weight: 400;\">1\u00ba semana:<\/span><\/h4>\n<p><span style=\"font-weight: 400;\">Voc\u00ea est\u00e1 no comando de sua vida e das situa\u00e7\u00f5es que se apresentam. Este \u00e9 um per\u00edodo de estabilidade emocional e realiza\u00e7\u00e3o pessoal; portanto, mantenha-se concentrado em seus objetivos e confie em sua capacidade de alcan\u00e7\u00e1-los. Voc\u00ea encontrar\u00e1 apoio e compreens\u00e3o em seu c\u00edrculo social, mas esteja preparado para desafios imprevistos e mudan\u00e7as repentinas. Mantenha-se flex\u00edvel e adapt\u00e1vel diante das circunst\u00e2ncias e cuide de sua sa\u00fade f\u00edsica e emocional, reservando tempo para o autocuidado e o descanso. Confie em sua intui\u00e7\u00e3o e siga seu caminho espiritual com confian\u00e7a e determina\u00e7\u00e3o.<\/span><\/p>\n<p><span style=\"font-weight: 400;\">No campo amoroso, tanto para casais quanto para solteiros, este \u00e9 um per\u00edodo de harmonia e realiza\u00e7\u00e3o emocional. Casais podem desfrutar de momentos de paz e conex\u00e3o profunda, fortalecendo os la\u00e7os existentes. Para os solteiros, \u00e9 uma \u00e9poca favor\u00e1vel para atrair relacionamentos significativos. Esteja aberto para novas oportunidades e conex\u00f5es em sua vida amorosa, pois a energia \u00e9 de felicidade e contentamento.<\/span><\/p>\n<p><span style=\"font-weight: 400;\">No campo profissional, \u00e9 hora de aproveitar as oportunidades que surgirem. H\u00e1 indica\u00e7\u00f5es de lideran\u00e7a e autoridade, sugerindo que voc\u00ea pode assumir mais responsabilidades e buscar crescimento na carreira. Para os desempregados, h\u00e1 uma mensagem de esperan\u00e7a e realiza\u00e7\u00e3o, pois em breve voc\u00ea encontrar\u00e1 um trabalho que trar\u00e1 satisfa\u00e7\u00e3o. Mantenha uma atitude positiva e continue perseguindo suas metas profissionais com determina\u00e7\u00e3o.<\/span><\/p>\n<p><span style=\"font-weight: 400;\">Quanto \u00e0 sa\u00fade, \u00e9 importante cuidar tanto da sa\u00fade emocional quanto da mental, estabelecendo rotinas e limites saud\u00e1veis para manter o equil\u00edbrio. A aten\u00e7\u00e3o especial deve ser dada \u00e0 \u00e1rea da cabe\u00e7a, incluindo o c\u00e9rebro, os olhos ou o sistema nervoso. Preste aten\u00e7\u00e3o a quaisquer sintomas nessa regi\u00e3o e busque orienta\u00e7\u00e3o m\u00e9dica, se necess\u00e1rio.<\/span><\/p>\n<p><span style=\"font-weight: 400;\">No campo espiritual, este \u00e9 um momento para lidar com emo\u00e7\u00f5es profundas e explorar quest\u00f5es internas. Busque sua intui\u00e7\u00e3o e respostas dentro de si mesmo, especialmente durante per\u00edodos de introspec\u00e7\u00e3o e reflex\u00e3o. Aceite as li\u00e7\u00f5es do passado e abra-se para novas possibilidades de crescimento espiritual, buscando orienta\u00e7\u00e3o e praticando m\u00e9todos como medita\u00e7\u00e3o para encontrar clareza e renova\u00e7\u00e3o.<\/span><\/p>\n<hr \/>\n<h4><span style=\"font-weight: 400;\">2\u00ba semana:\u00a0<\/span><\/h4>\n<p><span style=\"font-weight: 400;\">A segunda semana de maio traz consigo uma atmosfera carregada de esperan\u00e7a e renova\u00e7\u00e3o, \u00e9 um per\u00edodo para deixar para tr\u00e1s o que n\u00e3o serve mais e buscar novas oportunidades. Encorajo voc\u00ea a avan\u00e7ar com coragem, abandonando padr\u00f5es antigos que possam estar limitando seu crescimento pessoal. Busque conex\u00f5es aut\u00eanticas consigo mesmo e com os outros, explore novas possibilidades e liberte-se de qualquer bagagem emocional que esteja pesando, al\u00e9m disso, confie em sua intui\u00e7\u00e3o e mantenha viva a esperan\u00e7a, pois o universo est\u00e1 conspirando a seu favor, trazendo oportunidades renovadas e realiza\u00e7\u00e3o emocional.<\/span><\/p>\n<p><span style=\"font-weight: 400;\">No \u00e2mbito dos relacionamentos, seja para casais ou solteiros, esta semana promete uma busca por uma nova perspectiva emocional. \u00c9 um momento para encarar o futuro com otimismo e confian\u00e7a, deixando para tr\u00e1s os desafios emocionais do passado. Casais podem renovar a esperan\u00e7a em seu relacionamento, enquanto os solteiros podem se abrir para novas possibilidades de amor. Confie que o universo est\u00e1 trabalhando a seu favor, trazendo pessoas significativas em sua vida.<\/span><\/p>\n<p><span style=\"font-weight: 400;\">No campo profissional, \u00e9 uma semana de reflex\u00e3o e movimento em dire\u00e7\u00e3o \u00e0 realiza\u00e7\u00e3o pessoal. Visualize seus objetivos mais elevados e tenha f\u00e9 em seu potencial para alcan\u00e7\u00e1-los, deixe para tr\u00e1s situa\u00e7\u00f5es ou caminhos que n\u00e3o lhe trazem contentamento, buscando maior realiza\u00e7\u00e3o em sua carreira. Para os desempregados, \u00e9 momento de refletir sobre o que realmente traz satisfa\u00e7\u00e3o e felicidade, buscando novos caminhos alinhados com seus objetivos e valores profissionais.<\/span><\/p>\n<p><span style=\"font-weight: 400;\">Na \u00e1rea da sa\u00fade, \u00e9 tempo de encontrar equil\u00edbrio emocional e mental, prestando aten\u00e7\u00e3o aos sinais do corpo e mantendo uma vis\u00e3o positiva. Deixe para tr\u00e1s o que n\u00e3o contribui para seu bem-estar, afaste-se de situa\u00e7\u00f5es estressantes. Cuide tamb\u00e9m do sistema circulat\u00f3rio e n\u00e3o negligencie sua sa\u00fade emocional e mental.<\/span><\/p>\n<p><span style=\"font-weight: 400;\">No aspecto espiritual, \u00e9 uma semana de busca interior e introspec\u00e7\u00e3o. Afaste-se das distra\u00e7\u00f5es mundanas e busque um significado mais profundo em sua vida, dedique tempo \u00e0 medita\u00e7\u00e3o e pr\u00e1ticas que o ajudem a se conectar com sua ess\u00eancia espiritual, refletindo sobre suas cren\u00e7as, valores e prop\u00f3sito de vida.<\/span><\/p>\n<hr \/>\n<h4><span style=\"font-weight: 400;\">3\u00ba semana:<\/span><\/h4>\n<p><span style=\"font-weight: 400;\">Durante a terceira semana de maio, uma mistura de desafios emocionais e celebra\u00e7\u00e3o est\u00e1 no ar. Pode haver momentos de incerteza e confus\u00e3o, nos quais voc\u00ea se sente inst\u00e1vel em rela\u00e7\u00e3o aos seus sentimentos e \u00e0s situa\u00e7\u00f5es que enfrenta. Por\u00e9m, lembre-se de que muitas respostas residem no mundo do inconsciente e da intui\u00e7\u00e3o; confie em sua voz interior para orient\u00e1-lo nessas horas. Apesar das incertezas, voc\u00ea encontrar\u00e1 motivos para celebrar e se alegrar. \u00c9 uma oportunidade para compartilhar emo\u00e7\u00f5es profundas, explorar novas formas de comunica\u00e7\u00e3o e, principalmente, celebrar a harmonia e o amor que compartilha com os outros.<\/span><\/p>\n<p><span style=\"font-weight: 400;\">Para os casais, essa semana sugere uma oportunidade de fortalecer a conex\u00e3o emocional e superar desafios juntos. J\u00e1 para os solteiros, \u00e9 um momento para se divertir e celebrar a pr\u00f3pria independ\u00eancia e autoconfian\u00e7a, enquanto se abre para novas possibilidades.<\/span><\/p>\n<p><span style=\"font-weight: 400;\">No campo profissional, voc\u00ea pode enfrentar d\u00favidas e desafios, mas tamb\u00e9m pode esperar alcan\u00e7ar sucesso e reconhecimento. Mantenha a calma diante das incertezas, pois boas not\u00edcias podem estar a caminho. Para os desempregados, h\u00e1 esperan\u00e7a de encontrar uma nova oportunidade profissional em breve; mantenha-se perseverante e otimista.<\/span><\/p>\n<p><span style=\"font-weight: 400;\">Quanto \u00e0 sa\u00fade, \u00e9 essencial cuidar do equil\u00edbrio emocional e f\u00edsico. O estresse e a ansiedade podem afetar sua sa\u00fade, por isso, priorize o autocuidado e busque maneiras de relaxar. Preste aten\u00e7\u00e3o especial \u00e0s \u00e1reas relacionadas ao sistema nervoso e emocional e siga as orienta\u00e7\u00f5es m\u00e9dicas, mantendo uma comunica\u00e7\u00e3o aberta com seus profissionais de sa\u00fade.<\/span><\/p>\n<p><span style=\"font-weight: 400;\">No campo espiritual, esta semana \u00e9 uma oportunidade para refletir profundamente e se conectar consigo mesmo. Explore suas emo\u00e7\u00f5es mais profundas e busque respostas internamente. Celebre suas conquistas e esteja aberto a mensagens do mundo espiritual, confiando no processo e na orienta\u00e7\u00e3o que voc\u00ea recebe.<\/span><\/p>\n<hr \/>\n<h4><span style=\"font-weight: 400;\">4\u00ba semana:<\/span><\/h4>\n<p><span style=\"font-weight: 400;\">Durante a \u00faltima semana de maio, podemos esperar um per\u00edodo de renova\u00e7\u00e3o e recupera\u00e7\u00e3o. Apesar dos desafios emocionais que possam surgir, \u00e9 crucial enfrent\u00e1-los com coragem, determina\u00e7\u00e3o e compaix\u00e3o. \u00c9 fundamental encontrar uma abordagem mais gentil e compassiva diante das adversidades, confiando na sua for\u00e7a interior para super\u00e1-las. Este \u00e9 o momento ideal para reservar um tempo para cuidar de si mesmo e recarregar suas energias, seja ap\u00f3s enfrentar desafios recentes ou simplesmente para lidar com o estresse do dia a dia, permita-se um per\u00edodo de descanso e rejuvenescimento. Desconecte-se das press\u00f5es externas, encontre momentos de tranquilidade e busque a paz interior.<\/span><\/p>\n<p><span style=\"font-weight: 400;\">No campo amoroso, tanto para casais quanto para solteiros, esta semana traz estabilidade e oportunidades para fortalecer os la\u00e7os emocionais. Para casais, \u00e9 uma oportunidade para demonstrar amor e apoio m\u00fatuos, enquanto enfrentam desafios com empatia e compaix\u00e3o. J\u00e1 para os solteiros, \u00e9 um momento para se concentrar no crescimento pessoal e no fortalecimento da autoconfian\u00e7a.<\/span><\/p>\n<p><span style=\"font-weight: 400;\">No \u00e2mbito profissional, h\u00e1 uma mistura de incerteza e oportunidade. Para os empregados, podem surgir desafios no ambiente de trabalho, mas tamb\u00e9m h\u00e1 espa\u00e7o para o crescimento e o sucesso. \u00c9 importante confiar na intui\u00e7\u00e3o e adaptabilidade para enfrentar os desafios com uma mentalidade positiva. Para os desempregados, \u00e9 um momento para explorar novas oportunidades de carreira e manter a esperan\u00e7a em suas habilidades.<\/span><\/p>\n<p><span style=\"font-weight: 400;\">Quanto \u00e0 sa\u00fade, \u00e9 essencial cuidar do equil\u00edbrio emocional e f\u00edsico. Preste aten\u00e7\u00e3o aos sinais que seu corpo envia e busque maneiras saud\u00e1veis de lidar com o estresse e a ansiedade. Mantenha um equil\u00edbrio saud\u00e1vel entre trabalho e lazer, e cultive relacionamentos positivos que promovam o bem-estar emocional.<\/span><\/p>\n<p><span style=\"font-weight: 400;\">Na espiritualidade, esta semana \u00e9 prop\u00edcia para a busca interior e reflex\u00e3o sobre quest\u00f5es espirituais. Explore os mist\u00e9rios da vida e da consci\u00eancia, cultivando uma conex\u00e3o aut\u00eantica com o divino por meio de pr\u00e1ticas como medita\u00e7\u00e3o, yoga ou ora\u00e7\u00e3o. Lembre-se de que a jornada espiritual \u00e9 pessoal e \u00fanica para cada indiv\u00edduo.<\/span><\/p>\n<hr \/>\n<h3><b>CONCLUS\u00c3O \/ CONSELHO:<\/b><\/h3>\n<p><span style=\"font-weight: 400;\">Para o m\u00eas de maio, a orienta\u00e7\u00e3o \u00e9 encarar as diferentes \u00e1reas da vida com compaix\u00e3o e equil\u00edbrio emocional. Este \u00e9 um momento para lidar com os desafios de forma corajosa e aceitar as situa\u00e7\u00f5es com serenidade, visando alcan\u00e7ar harmonia emocional em todos os aspectos. Nos relacionamentos, \u00e9 fundamental nutrir conex\u00f5es emocionais aut\u00eanticas, expressando sentimentos com honestidade e compaix\u00e3o, seja para fortalecer v\u00ednculos existentes ou para atrair novas conex\u00f5es significativas. No \u00e2mbito profissional, \u00e9 hora de enfrentar desafios com determina\u00e7\u00e3o, buscando oportunidades de colabora\u00e7\u00e3o e parceria sem perder de vista seus valores e metas pessoais.\u00a0<\/span><\/p>\n<p><span style=\"font-weight: 400;\">Cuidar da sa\u00fade emocional e mental \u00e9 crucial, pois ela influencia diretamente o bem-estar f\u00edsico. Esteja atento \u00e0s suas necessidades emocionais e procure apoio quando necess\u00e1rio, especialmente em rela\u00e7\u00e3o \u00e0 sa\u00fade do sistema circulat\u00f3rio e cardiovascular. Dedique tempo para se conectar espiritualmente de forma significativa, explorando os aspectos mais profundos de si mesmo e buscando compreender o significado por tr\u00e1s das experi\u00eancias desafiadoras. Mergulhe na jornada interior com coragem e amor.<\/span><\/p>\n<p><span style=\"font-weight: 400;\">Maio convida a abra\u00e7ar todas as nuances da experi\u00eancia humana, reconhecendo a beleza e a complexidade que surgem da interse\u00e7\u00e3o entre luz e sombra. Enfrentando os desafios com compaix\u00e3o e coragem, \u00e9 poss\u00edvel encontrar oportunidades de crescimento e transforma\u00e7\u00e3o em todas as \u00e1reas da vida.<\/span><\/p>\n<hr \/>\n<p>&nbsp;<\/p>\n\n\n<div class=\"kk-star-ratings kksr-auto kksr-align-left kksr-valign-bottom\"\n    data-payload='{&quot;align&quot;:&quot;left&quot;,&quot;id&quot;:&quot;40551&quot;,&quot;slug&quot;:&quot;default&quot;,&quot;valign&quot;:&quot;bottom&quot;,&quot;ignore&quot;:&quot;&quot;,&quot;reference&quot;:&quot;auto&quot;,&quot;class&quot;:&quot;&quot;,&quot;count&quot;:&quot;0&quot;,&quot;legendonly&quot;:&quot;&quot;,&quot;readonly&quot;:&quot;&quot;,&quot;score&quot;:&quot;0&quot;,&quot;starsonly&quot;:&quot;&quot;,&quot;best&quot;:&quot;5&quot;,&quot;gap&quot;:&quot;5&quot;,&quot;greet&quot;:&quot;Rate this post&quot;,&quot;legend&quot;:&quot;0\\\/5 - (0 voto)&quot;,&quot;size&quot;:&quot;24&quot;,&quot;title&quot;:&quot;Previs\u00f5es para Maio, pela consultora Melissa&quot;,&quot;width&quot;:&quot;0&quot;,&quot;_legend&quot;:&quot;{score}\\\/{best} - ({count} {votes})&quot;,&quot;font_factor&quot;:&quot;1.25&quot;}'>\n            \n<div class=\"kksr-stars\">\n    \n<div class=\"kksr-stars-inactive\">\n            <div class=\"kksr-star\" data-star=\"1\" style=\"padding-right: 5px\">\n            \n\n<div class=\"kksr-icon\" style=\"width: 24px; height: 24px;\"><\/div>\n        <\/div>\n            <div class=\"kksr-star\" data-star=\"2\" style=\"padding-right: 5px\">\n            \n\n<div class=\"kksr-icon\" style=\"width: 24px; height: 24px;\"><\/div>\n        <\/div>\n            <div class=\"kksr-star\" data-star=\"3\" style=\"padding-right: 5px\">\n            \n\n<div class=\"kksr-icon\" style=\"width: 24px; height: 24px;\"><\/div>\n        <\/div>\n            <div class=\"kksr-star\" data-star=\"4\" style=\"padding-right: 5px\">\n            \n\n<div class=\"kksr-icon\" style=\"width: 24px; height: 24px;\"><\/div>\n        <\/div>\n            <div class=\"kksr-star\" data-star=\"5\" style=\"padding-right: 5px\">\n            \n\n<div class=\"kksr-icon\" style=\"width: 24px; height: 24px;\"><\/div>\n        <\/div>\n    <\/div>\n    \n<div class=\"kksr-stars-active\" style=\"width: 0px;\">\n            <div class=\"kksr-star\" style=\"padding-right: 5px\">\n            \n\n<div class=\"kksr-icon\" style=\"width: 24px; height: 24px;\"><\/div>\n        <\/div>\n            <div class=\"kksr-star\" style=\"padding-right: 5px\">\n            \n\n<div class=\"kksr-icon\" style=\"width: 24px; height: 24px;\"><\/div>\n        <\/div>\n            <div class=\"kksr-star\" style=\"padding-right: 5px\">\n            \n\n<div class=\"kksr-icon\" style=\"width: 24px; height: 24px;\"><\/div>\n        <\/div>\n            <div class=\"kksr-star\" style=\"padding-right: 5px\">\n            \n\n<div class=\"kksr-icon\" style=\"width: 24px; height: 24px;\"><\/div>\n        <\/div>\n            <div class=\"kksr-star\" style=\"padding-right: 5px\">\n            \n\n<div class=\"kksr-icon\" style=\"width: 24px; height: 24px;\"><\/div>\n        <\/div>\n    <\/div>\n<\/div>\n                \n\n<div class=\"kksr-legend\" style=\"font-size: 19.2px;\">\n            <span class=\"kksr-muted\">Rate this post<\/span>\n    <\/div>\n    <\/div>\n","protected":false},"excerpt":{"rendered":"<p>Maio se apresenta como um per\u00edodo de amplia\u00e7\u00e3o, abrindo portas para novas perspectivas e emocionantes oportunidades. Este m\u00eas ser\u00e1 marcado por uma sensa\u00e7\u00e3o de realiza\u00e7\u00e3o, onde voc\u00ea poder\u00e1 finalmente alcan\u00e7ar metas significativas e sentir uma sensa\u00e7\u00e3o de conclus\u00e3o em v\u00e1rios aspectos de sua vida. \u00c9 um momento de criatividade abundante, comunica\u00e7\u00e3o clara e o florescer [&hellip;]<\/p>\n","protected":false},"author":158,"featured_media":40315,"comment_status":"closed","ping_status":"closed","sticky":false,"template":"","format":"standard","meta":{"footnotes":""},"categories":[4892],"tags":[],"class_list":["post-40551","post","type-post","status-publish","format-standard","has-post-thumbnail","hentry","category-previsoes-2024"],"yoast_head":"<!-- This site is optimized with the Yoast SEO plugin v27.4 - https:\/\/yoast.com\/product\/yoast-seo-wordpress\/ -->\n<title>Previs\u00f5es para Maio, pela consultora Melissa - iQuilibrio<\/title>\n<meta name=\"robots\" content=\"index, follow, max-snippet:-1, max-image-preview:large, max-video-preview:-1\" \/>\n<link rel=\"canonical\" href=\"https:\/\/www.iquilibrio.com\/blog\/previsoes-2024\/previsoes-para-maio-pela-consultora-melissa\/\" \/>\n<meta property=\"og:locale\" content=\"pt_BR\" \/>\n<meta property=\"og:type\" content=\"article\" \/>\n<meta property=\"og:title\" content=\"Previs\u00f5es para Maio, pela consultora Melissa - iQuilibrio\" \/>\n<meta property=\"og:description\" content=\"Maio se apresenta como um per\u00edodo de amplia\u00e7\u00e3o, abrindo portas para novas perspectivas e emocionantes oportunidades. Este m\u00eas ser\u00e1 marcado por uma sensa\u00e7\u00e3o de realiza\u00e7\u00e3o, onde voc\u00ea poder\u00e1 finalmente alcan\u00e7ar metas significativas e sentir uma sensa\u00e7\u00e3o de conclus\u00e3o em v\u00e1rios aspectos de sua vida. \u00c9 um momento de criatividade abundante, comunica\u00e7\u00e3o clara e o florescer [&hellip;]\" \/>\n<meta property=\"og:url\" content=\"https:\/\/www.iquilibrio.com\/blog\/previsoes-2024\/previsoes-para-maio-pela-consultora-melissa\/\" \/>\n<meta property=\"og:site_name\" content=\"iQuilibrio\" \/>\n<meta property=\"article:publisher\" content=\"https:\/\/www.facebook.com\/iQuilibrio\/\" \/>\n<meta property=\"article:published_time\" content=\"2024-05-02T21:00:38+00:00\" \/>\n<meta property=\"og:image\" content=\"https:\/\/www.iquilibrio.com\/blog\/wp-content\/uploads\/2024\/03\/BLOG-Capa-horoscopo-mensal-iQui.jpg\" \/>\n\t<meta property=\"og:image:width\" content=\"900\" \/>\n\t<meta property=\"og:image:height\" content=\"560\" \/>\n\t<meta property=\"og:image:type\" content=\"image\/jpeg\" \/>\n<meta name=\"author\" content=\"Arthur Peroni\" \/>\n<meta name=\"twitter:card\" content=\"summary_large_image\" \/>\n<meta name=\"twitter:creator\" content=\"@iquilibrio\" \/>\n<meta name=\"twitter:site\" content=\"@iquilibrio\" \/>\n<meta name=\"twitter:label1\" content=\"Escrito por\" \/>\n\t<meta name=\"twitter:data1\" content=\"Arthur Peroni\" \/>\n\t<meta name=\"twitter:label2\" content=\"Est. tempo de leitura\" \/>\n\t<meta name=\"twitter:data2\" content=\"15 minutos\" \/>\n<script type=\"application\/ld+json\" class=\"yoast-schema-graph\">{\"@context\":\"https:\\\/\\\/schema.org\",\"@graph\":[{\"@type\":\"Article\",\"@id\":\"https:\\\/\\\/www.iquilibrio.com\\\/blog\\\/previsoes-2024\\\/previsoes-para-maio-pela-consultora-melissa\\\/#article\",\"isPartOf\":{\"@id\":\"https:\\\/\\\/www.iquilibrio.com\\\/blog\\\/previsoes-2024\\\/previsoes-para-maio-pela-consultora-melissa\\\/\"},\"author\":{\"name\":\"Arthur Peroni\",\"@id\":\"https:\\\/\\\/www.iquilibrio.com\\\/blog\\\/#\\\/schema\\\/person\\\/21ae990723c2e5a1170c9a06dacb4d3d\"},\"headline\":\"Previs\u00f5es para Maio, pela consultora Melissa\",\"datePublished\":\"2024-05-02T21:00:38+00:00\",\"mainEntityOfPage\":{\"@id\":\"https:\\\/\\\/www.iquilibrio.com\\\/blog\\\/previsoes-2024\\\/previsoes-para-maio-pela-consultora-melissa\\\/\"},\"wordCount\":2732,\"publisher\":{\"@id\":\"https:\\\/\\\/www.iquilibrio.com\\\/blog\\\/#organization\"},\"image\":{\"@id\":\"https:\\\/\\\/www.iquilibrio.com\\\/blog\\\/previsoes-2024\\\/previsoes-para-maio-pela-consultora-melissa\\\/#primaryimage\"},\"thumbnailUrl\":\"https:\\\/\\\/www.iquilibrio.com\\\/blog\\\/wp-content\\\/uploads\\\/2024\\\/03\\\/BLOG-Capa-horoscopo-mensal-iQui.jpg\",\"articleSection\":[\"Previs\u00f5es 2024\"],\"inLanguage\":\"pt-BR\"},{\"@type\":\"WebPage\",\"@id\":\"https:\\\/\\\/www.iquilibrio.com\\\/blog\\\/previsoes-2024\\\/previsoes-para-maio-pela-consultora-melissa\\\/\",\"url\":\"https:\\\/\\\/www.iquilibrio.com\\\/blog\\\/previsoes-2024\\\/previsoes-para-maio-pela-consultora-melissa\\\/\",\"name\":\"Previs\u00f5es para Maio, pela consultora Melissa - iQuilibrio\",\"isPartOf\":{\"@id\":\"https:\\\/\\\/www.iquilibrio.com\\\/blog\\\/#website\"},\"primaryImageOfPage\":{\"@id\":\"https:\\\/\\\/www.iquilibrio.com\\\/blog\\\/previsoes-2024\\\/previsoes-para-maio-pela-consultora-melissa\\\/#primaryimage\"},\"image\":{\"@id\":\"https:\\\/\\\/www.iquilibrio.com\\\/blog\\\/previsoes-2024\\\/previsoes-para-maio-pela-consultora-melissa\\\/#primaryimage\"},\"thumbnailUrl\":\"https:\\\/\\\/www.iquilibrio.com\\\/blog\\\/wp-content\\\/uploads\\\/2024\\\/03\\\/BLOG-Capa-horoscopo-mensal-iQui.jpg\",\"datePublished\":\"2024-05-02T21:00:38+00:00\",\"breadcrumb\":{\"@id\":\"https:\\\/\\\/www.iquilibrio.com\\\/blog\\\/previsoes-2024\\\/previsoes-para-maio-pela-consultora-melissa\\\/#breadcrumb\"},\"inLanguage\":\"pt-BR\",\"potentialAction\":[{\"@type\":\"ReadAction\",\"target\":[\"https:\\\/\\\/www.iquilibrio.com\\\/blog\\\/previsoes-2024\\\/previsoes-para-maio-pela-consultora-melissa\\\/\"]}]},{\"@type\":\"ImageObject\",\"inLanguage\":\"pt-BR\",\"@id\":\"https:\\\/\\\/www.iquilibrio.com\\\/blog\\\/previsoes-2024\\\/previsoes-para-maio-pela-consultora-melissa\\\/#primaryimage\",\"url\":\"https:\\\/\\\/www.iquilibrio.com\\\/blog\\\/wp-content\\\/uploads\\\/2024\\\/03\\\/BLOG-Capa-horoscopo-mensal-iQui.jpg\",\"contentUrl\":\"https:\\\/\\\/www.iquilibrio.com\\\/blog\\\/wp-content\\\/uploads\\\/2024\\\/03\\\/BLOG-Capa-horoscopo-mensal-iQui.jpg\",\"width\":900,\"height\":560},{\"@type\":\"BreadcrumbList\",\"@id\":\"https:\\\/\\\/www.iquilibrio.com\\\/blog\\\/previsoes-2024\\\/previsoes-para-maio-pela-consultora-melissa\\\/#breadcrumb\",\"itemListElement\":[{\"@type\":\"ListItem\",\"position\":1,\"name\":\"In\u00edcio\",\"item\":\"https:\\\/\\\/www.iquilibrio.com\\\/blog\\\/\"},{\"@type\":\"ListItem\",\"position\":2,\"name\":\"Previs\u00f5es para Maio, pela consultora Melissa\"}]},{\"@type\":\"WebSite\",\"@id\":\"https:\\\/\\\/www.iquilibrio.com\\\/blog\\\/#website\",\"url\":\"https:\\\/\\\/www.iquilibrio.com\\\/blog\\\/\",\"name\":\"iQuilibrio\",\"description\":\"Blog iQuilibrio\",\"publisher\":{\"@id\":\"https:\\\/\\\/www.iquilibrio.com\\\/blog\\\/#organization\"},\"potentialAction\":[{\"@type\":\"SearchAction\",\"target\":{\"@type\":\"EntryPoint\",\"urlTemplate\":\"https:\\\/\\\/www.iquilibrio.com\\\/blog\\\/?s={search_term_string}\"},\"query-input\":{\"@type\":\"PropertyValueSpecification\",\"valueRequired\":true,\"valueName\":\"search_term_string\"}}],\"inLanguage\":\"pt-BR\"},{\"@type\":\"Organization\",\"@id\":\"https:\\\/\\\/www.iquilibrio.com\\\/blog\\\/#organization\",\"name\":\"Esoterismo, Misticismo e Tarot Online - iQuilibrio\",\"url\":\"https:\\\/\\\/www.iquilibrio.com\\\/blog\\\/\",\"logo\":{\"@type\":\"ImageObject\",\"inLanguage\":\"pt-BR\",\"@id\":\"https:\\\/\\\/www.iquilibrio.com\\\/blog\\\/#\\\/schema\\\/logo\\\/image\\\/\",\"url\":\"https:\\\/\\\/www.iquilibrio.com\\\/blog\\\/wp-content\\\/uploads\\\/2018\\\/12\\\/iquilibrio_lovo_vetor_preto-retina.png\",\"contentUrl\":\"https:\\\/\\\/www.iquilibrio.com\\\/blog\\\/wp-content\\\/uploads\\\/2018\\\/12\\\/iquilibrio_lovo_vetor_preto-retina.png\",\"width\":972,\"height\":180,\"caption\":\"Esoterismo, Misticismo e Tarot Online - iQuilibrio\"},\"image\":{\"@id\":\"https:\\\/\\\/www.iquilibrio.com\\\/blog\\\/#\\\/schema\\\/logo\\\/image\\\/\"},\"sameAs\":[\"https:\\\/\\\/www.facebook.com\\\/iQuilibrio\\\/\",\"https:\\\/\\\/x.com\\\/iquilibrio\",\"https:\\\/\\\/www.instagram.com\\\/iquilibrio\\\/\",\"https:\\\/\\\/www.linkedin.com\\\/company\\\/iquilibrio\\\/\",\"https:\\\/\\\/br.pinterest.com\\\/iquilibrio1397\\\/\",\"https:\\\/\\\/www.youtube.com\\\/channel\\\/UC175qxd-4Zsi4wzawT5zF2g\"]},{\"@type\":\"Person\",\"@id\":\"https:\\\/\\\/www.iquilibrio.com\\\/blog\\\/#\\\/schema\\\/person\\\/21ae990723c2e5a1170c9a06dacb4d3d\",\"name\":\"Arthur Peroni\",\"image\":{\"@type\":\"ImageObject\",\"inLanguage\":\"pt-BR\",\"@id\":\"https:\\\/\\\/www.iquilibrio.com\\\/blog\\\/wp-content\\\/uploads\\\/2023\\\/04\\\/Arthur-Peroni-150x150.jpg\",\"url\":\"https:\\\/\\\/www.iquilibrio.com\\\/blog\\\/wp-content\\\/uploads\\\/2023\\\/04\\\/Arthur-Peroni-150x150.jpg\",\"contentUrl\":\"https:\\\/\\\/www.iquilibrio.com\\\/blog\\\/wp-content\\\/uploads\\\/2023\\\/04\\\/Arthur-Peroni-150x150.jpg\",\"caption\":\"Arthur Peroni\"},\"description\":\"Arthur Peroni escreve sobre a vida, o universo e tudo mais. Amante da literatura m\u00edstica, e fic\u00e7\u00e3o, descobriu sua carreira de redator gra\u00e7as ao h\u00e1bito de leitura constante sobre fantasia e drama. Nas horas vagas, gosta de cozinhar, ler e ver filmes antigos. J\u00e1 trabalhou com, comunica\u00e7\u00e3o social, massoterapia, terapias hol\u00edsticas e design de interiores. Atualmente trabalha como redator SEO e se entusiasma com tudo o que \u00e9 esot\u00e9rico. Gosta de discutir sobre assuntos complexos e instigantes, e v\u00ea na escrita uma oportunidade de aprender e criar todos os dias, mentalmente e espiritualmente.\",\"url\":\"https:\\\/\\\/www.iquilibrio.com\\\/blog\\\/author\\\/raul-vinicius\\\/\"}]}<\/script>\n<!-- \/ Yoast SEO plugin. -->","yoast_head_json":{"title":"Previs\u00f5es para Maio, pela consultora Melissa - iQuilibrio","robots":{"index":"index","follow":"follow","max-snippet":"max-snippet:-1","max-image-preview":"max-image-preview:large","max-video-preview":"max-video-preview:-1"},"canonical":"https:\/\/www.iquilibrio.com\/blog\/previsoes-2024\/previsoes-para-maio-pela-consultora-melissa\/","og_locale":"pt_BR","og_type":"article","og_title":"Previs\u00f5es para Maio, pela consultora Melissa - iQuilibrio","og_description":"Maio se apresenta como um per\u00edodo de amplia\u00e7\u00e3o, abrindo portas para novas perspectivas e emocionantes oportunidades. Este m\u00eas ser\u00e1 marcado por uma sensa\u00e7\u00e3o de realiza\u00e7\u00e3o, onde voc\u00ea poder\u00e1 finalmente alcan\u00e7ar metas significativas e sentir uma sensa\u00e7\u00e3o de conclus\u00e3o em v\u00e1rios aspectos de sua vida. \u00c9 um momento de criatividade abundante, comunica\u00e7\u00e3o clara e o florescer [&hellip;]","og_url":"https:\/\/www.iquilibrio.com\/blog\/previsoes-2024\/previsoes-para-maio-pela-consultora-melissa\/","og_site_name":"iQuilibrio","article_publisher":"https:\/\/www.facebook.com\/iQuilibrio\/","article_published_time":"2024-05-02T21:00:38+00:00","og_image":[{"width":900,"height":560,"url":"https:\/\/www.iquilibrio.com\/blog\/wp-content\/uploads\/2024\/03\/BLOG-Capa-horoscopo-mensal-iQui.jpg","type":"image\/jpeg"}],"author":"Arthur Peroni","twitter_card":"summary_large_image","twitter_creator":"@iquilibrio","twitter_site":"@iquilibrio","twitter_misc":{"Escrito por":"Arthur Peroni","Est. tempo de leitura":"15 minutos"},"schema":{"@context":"https:\/\/schema.org","@graph":[{"@type":"Article","@id":"https:\/\/www.iquilibrio.com\/blog\/previsoes-2024\/previsoes-para-maio-pela-consultora-melissa\/#article","isPartOf":{"@id":"https:\/\/www.iquilibrio.com\/blog\/previsoes-2024\/previsoes-para-maio-pela-consultora-melissa\/"},"author":{"name":"Arthur Peroni","@id":"https:\/\/www.iquilibrio.com\/blog\/#\/schema\/person\/21ae990723c2e5a1170c9a06dacb4d3d"},"headline":"Previs\u00f5es para Maio, pela consultora Melissa","datePublished":"2024-05-02T21:00:38+00:00","mainEntityOfPage":{"@id":"https:\/\/www.iquilibrio.com\/blog\/previsoes-2024\/previsoes-para-maio-pela-consultora-melissa\/"},"wordCount":2732,"publisher":{"@id":"https:\/\/www.iquilibrio.com\/blog\/#organization"},"image":{"@id":"https:\/\/www.iquilibrio.com\/blog\/previsoes-2024\/previsoes-para-maio-pela-consultora-melissa\/#primaryimage"},"thumbnailUrl":"https:\/\/www.iquilibrio.com\/blog\/wp-content\/uploads\/2024\/03\/BLOG-Capa-horoscopo-mensal-iQui.jpg","articleSection":["Previs\u00f5es 2024"],"inLanguage":"pt-BR"},{"@type":"WebPage","@id":"https:\/\/www.iquilibrio.com\/blog\/previsoes-2024\/previsoes-para-maio-pela-consultora-melissa\/","url":"https:\/\/www.iquilibrio.com\/blog\/previsoes-2024\/previsoes-para-maio-pela-consultora-melissa\/","name":"Previs\u00f5es para Maio, pela consultora Melissa - iQuilibrio","isPartOf":{"@id":"https:\/\/www.iquilibrio.com\/blog\/#website"},"primaryImageOfPage":{"@id":"https:\/\/www.iquilibrio.com\/blog\/previsoes-2024\/previsoes-para-maio-pela-consultora-melissa\/#primaryimage"},"image":{"@id":"https:\/\/www.iquilibrio.com\/blog\/previsoes-2024\/previsoes-para-maio-pela-consultora-melissa\/#primaryimage"},"thumbnailUrl":"https:\/\/www.iquilibrio.com\/blog\/wp-content\/uploads\/2024\/03\/BLOG-Capa-horoscopo-mensal-iQui.jpg","datePublished":"2024-05-02T21:00:38+00:00","breadcrumb":{"@id":"https:\/\/www.iquilibrio.com\/blog\/previsoes-2024\/previsoes-para-maio-pela-consultora-melissa\/#breadcrumb"},"inLanguage":"pt-BR","potentialAction":[{"@type":"ReadAction","target":["https:\/\/www.iquilibrio.com\/blog\/previsoes-2024\/previsoes-para-maio-pela-consultora-melissa\/"]}]},{"@type":"ImageObject","inLanguage":"pt-BR","@id":"https:\/\/www.iquilibrio.com\/blog\/previsoes-2024\/previsoes-para-maio-pela-consultora-melissa\/#primaryimage","url":"https:\/\/www.iquilibrio.com\/blog\/wp-content\/uploads\/2024\/03\/BLOG-Capa-horoscopo-mensal-iQui.jpg","contentUrl":"https:\/\/www.iquilibrio.com\/blog\/wp-content\/uploads\/2024\/03\/BLOG-Capa-horoscopo-mensal-iQui.jpg","width":900,"height":560},{"@type":"BreadcrumbList","@id":"https:\/\/www.iquilibrio.com\/blog\/previsoes-2024\/previsoes-para-maio-pela-consultora-melissa\/#breadcrumb","itemListElement":[{"@type":"ListItem","position":1,"name":"In\u00edcio","item":"https:\/\/www.iquilibrio.com\/blog\/"},{"@type":"ListItem","position":2,"name":"Previs\u00f5es para Maio, pela consultora Melissa"}]},{"@type":"WebSite","@id":"https:\/\/www.iquilibrio.com\/blog\/#website","url":"https:\/\/www.iquilibrio.com\/blog\/","name":"iQuilibrio","description":"Blog iQuilibrio","publisher":{"@id":"https:\/\/www.iquilibrio.com\/blog\/#organization"},"potentialAction":[{"@type":"SearchAction","target":{"@type":"EntryPoint","urlTemplate":"https:\/\/www.iquilibrio.com\/blog\/?s={search_term_string}"},"query-input":{"@type":"PropertyValueSpecification","valueRequired":true,"valueName":"search_term_string"}}],"inLanguage":"pt-BR"},{"@type":"Organization","@id":"https:\/\/www.iquilibrio.com\/blog\/#organization","name":"Esoterismo, Misticismo e Tarot Online - iQuilibrio","url":"https:\/\/www.iquilibrio.com\/blog\/","logo":{"@type":"ImageObject","inLanguage":"pt-BR","@id":"https:\/\/www.iquilibrio.com\/blog\/#\/schema\/logo\/image\/","url":"https:\/\/www.iquilibrio.com\/blog\/wp-content\/uploads\/2018\/12\/iquilibrio_lovo_vetor_preto-retina.png","contentUrl":"https:\/\/www.iquilibrio.com\/blog\/wp-content\/uploads\/2018\/12\/iquilibrio_lovo_vetor_preto-retina.png","width":972,"height":180,"caption":"Esoterismo, Misticismo e Tarot Online - iQuilibrio"},"image":{"@id":"https:\/\/www.iquilibrio.com\/blog\/#\/schema\/logo\/image\/"},"sameAs":["https:\/\/www.facebook.com\/iQuilibrio\/","https:\/\/x.com\/iquilibrio","https:\/\/www.instagram.com\/iquilibrio\/","https:\/\/www.linkedin.com\/company\/iquilibrio\/","https:\/\/br.pinterest.com\/iquilibrio1397\/","https:\/\/www.youtube.com\/channel\/UC175qxd-4Zsi4wzawT5zF2g"]},{"@type":"Person","@id":"https:\/\/www.iquilibrio.com\/blog\/#\/schema\/person\/21ae990723c2e5a1170c9a06dacb4d3d","name":"Arthur Peroni","image":{"@type":"ImageObject","inLanguage":"pt-BR","@id":"https:\/\/www.iquilibrio.com\/blog\/wp-content\/uploads\/2023\/04\/Arthur-Peroni-150x150.jpg","url":"https:\/\/www.iquilibrio.com\/blog\/wp-content\/uploads\/2023\/04\/Arthur-Peroni-150x150.jpg","contentUrl":"https:\/\/www.iquilibrio.com\/blog\/wp-content\/uploads\/2023\/04\/Arthur-Peroni-150x150.jpg","caption":"Arthur Peroni"},"description":"Arthur Peroni escreve sobre a vida, o universo e tudo mais. Amante da literatura m\u00edstica, e fic\u00e7\u00e3o, descobriu sua carreira de redator gra\u00e7as ao h\u00e1bito de leitura constante sobre fantasia e drama. Nas horas vagas, gosta de cozinhar, ler e ver filmes antigos. J\u00e1 trabalhou com, comunica\u00e7\u00e3o social, massoterapia, terapias hol\u00edsticas e design de interiores. Atualmente trabalha como redator SEO e se entusiasma com tudo o que \u00e9 esot\u00e9rico. Gosta de discutir sobre assuntos complexos e instigantes, e v\u00ea na escrita uma oportunidade de aprender e criar todos os dias, mentalmente e espiritualmente.","url":"https:\/\/www.iquilibrio.com\/blog\/author\/raul-vinicius\/"}]}},"_links":{"self":[{"href":"https:\/\/www.iquilibrio.com\/blog\/wp-json\/wp\/v2\/posts\/40551","targetHints":{"allow":["GET"]}}],"collection":[{"href":"https:\/\/www.iquilibrio.com\/blog\/wp-json\/wp\/v2\/posts"}],"about":[{"href":"https:\/\/www.iquilibrio.com\/blog\/wp-json\/wp\/v2\/types\/post"}],"author":[{"embeddable":true,"href":"https:\/\/www.iquilibrio.com\/blog\/wp-json\/wp\/v2\/users\/158"}],"replies":[{"embeddable":true,"href":"https:\/\/www.iquilibrio.com\/blog\/wp-json\/wp\/v2\/comments?post=40551"}],"version-history":[{"count":1,"href":"https:\/\/www.iquilibrio.com\/blog\/wp-json\/wp\/v2\/posts\/40551\/revisions"}],"predecessor-version":[{"id":40556,"href":"https:\/\/www.iquilibrio.com\/blog\/wp-json\/wp\/v2\/posts\/40551\/revisions\/40556"}],"wp:featuredmedia":[{"embeddable":true,"href":"https:\/\/www.iquilibrio.com\/blog\/wp-json\/wp\/v2\/media\/40315"}],"wp:attachment":[{"href":"https:\/\/www.iquilibrio.com\/blog\/wp-json\/wp\/v2\/media?parent=40551"}],"wp:term":[{"taxonomy":"category","embeddable":true,"href":"https:\/\/www.iquilibrio.com\/blog\/wp-json\/wp\/v2\/categories?post=40551"},{"taxonomy":"post_tag","embeddable":true,"href":"https:\/\/www.iquilibrio.com\/blog\/wp-json\/wp\/v2\/tags?post=40551"}],"curies":[{"name":"wp","href":"https:\/\/api.w.org\/{rel}","templated":true}]}}