{"id":40532,"date":"2024-04-24T17:32:26","date_gmt":"2024-04-24T20:32:26","guid":{"rendered":"https:\/\/www.iquilibrio.com\/blog\/?p=40532"},"modified":"2024-04-24T17:31:15","modified_gmt":"2024-04-24T20:31:15","slug":"fim-de-mercurio-retrogrado-reflexoes-e-novos-comecos-por-deborah-de-oba","status":"publish","type":"post","link":"https:\/\/www.iquilibrio.com\/blog\/astrologia\/fim-de-mercurio-retrogrado-reflexoes-e-novos-comecos-por-deborah-de-oba\/","title":{"rendered":"Fim de Merc\u00fario Retr\u00f3grado: Reflex\u00f5es e Novos Come\u00e7os, por Deborah de Ob\u00e1"},"content":{"rendered":"<p><span style=\"font-weight: 400;\">Tr\u00eas vezes ao ano, somos presenteados com o movimento aparente de retrograda\u00e7\u00e3o do planeta Merc\u00fario, que nos proporciona a oportunidade de revisar e refletir sobre diferentes aspectos de nossas vidas, de acordo com o signo em que essa retrograda\u00e7\u00e3o ocorre em nosso mapa astral.<\/span><\/p>\n<p><span style=\"font-weight: 400;\">Entre os dias<\/span><b> 2 e 25 de abril de 2024<\/b><span style=\"font-weight: 400;\">, tivemos essa oportunidade de reflex\u00e3o. Durante esse per\u00edodo, somos convidados a analisar e ajustar aspectos importantes de nossas vidas, promovendo um crescimento pessoal e preparando-nos para seguir em frente de forma mais consciente e alinhada com nossos verdadeiros desejos e <\/span><a href=\"https:\/\/www.iquilibrio.com\/blog\/espiritualidade\/como-saber-sobre-minha-vida-passada\/\"><span style=\"font-weight: 400;\">prop\u00f3sitos<\/span><\/a><span style=\"font-weight: 400;\">.<\/span><\/p>\n<hr \/>\n<h2><span style=\"font-weight: 400;\">O Fim da Retrograda\u00e7\u00e3o: Corrigindo o Curso<\/span><\/h2>\n<p><span style=\"font-weight: 400;\">O fim da retrograda\u00e7\u00e3o de Merc\u00fario \u00e9 o momento de corrigir, ajustar e aparar as arestas em \u00e1reas onde percebemos que algo n\u00e3o est\u00e1 fluindo da maneira desejada. \u00c9 hora de refletir sobre as<\/span><a href=\"https:\/\/www.iquilibrio.com\/blog\/astrologia\/roda-da-vida\/\"><span style=\"font-weight: 400;\"> li\u00e7\u00f5es aprendidas<\/span><\/a><span style=\"font-weight: 400;\"> durante esse per\u00edodo e considerar como podemos aplic\u00e1-las em nossas vidas daqui para frente.<\/span><\/p>\n<p><span style=\"font-weight: 400;\">Durante a retrograda\u00e7\u00e3o de Merc\u00fario em \u00c1ries, somos convidados a revisar nossa autoimagem, nossa for\u00e7a interior e nossas atitudes. \u00c9 um momento de questionamento e auto an\u00e1lise, no qual nos confrontamos com perguntas importantes:<\/span><\/p>\n<ul>\n<li style=\"font-weight: 400;\" aria-level=\"1\"><span style=\"font-weight: 400;\">Quem sou eu?<\/span><\/li>\n<li style=\"font-weight: 400;\" aria-level=\"1\"><span style=\"font-weight: 400;\">Qual \u00e9 a imagem que tenho de mim mesmo?<\/span><\/li>\n<li style=\"font-weight: 400;\" aria-level=\"1\"><span style=\"font-weight: 400;\">Que imagem estou transmitindo aos outros?<\/span><\/li>\n<li style=\"font-weight: 400;\" aria-level=\"1\"><span style=\"font-weight: 400;\">Onde est\u00e1 minha coragem e meu poder de a\u00e7\u00e3o?<\/span><\/li>\n<li style=\"font-weight: 400;\" aria-level=\"1\"><span style=\"font-weight: 400;\">O que desejo iniciar em minha vida?<\/span><\/li>\n<li style=\"font-weight: 400;\" aria-level=\"1\"><span style=\"font-weight: 400;\">Qual caminho desejo seguir?<\/span><\/li>\n<\/ul>\n<p><span style=\"font-weight: 400;\">Cada pessoa faz essa autoan\u00e1lise de acordo com a posi\u00e7\u00e3o do signo de \u00c1ries em seu mapa astral, mas todos passam por uma revis\u00e3o de aspectos relacionados \u00e0 for\u00e7a interior, coragem e iniciativa.<\/span><\/p>\n<p><span style=\"font-weight: 400;\">Durante esse per\u00edodo, somos confrontados com nossos medos, <\/span><a href=\"https:\/\/www.iquilibrio.com\/blog\/bem-estar\/dicas-amor\/inseguranca-amor\/\"><span style=\"font-weight: 400;\">inseguran\u00e7as e d\u00favidas<\/span><\/a><span style=\"font-weight: 400;\">, e somos convidados a encontrar maneiras de super\u00e1-los e seguir em frente com determina\u00e7\u00e3o e confian\u00e7a.<\/span><\/p>\n<p style=\"text-align: center;\"><span class=\"td_btn td_btn_md td_round_btn\" style=\"background-color: #993366; color: #ffffff;\"><a style=\"background-color: #993366; color: #ffffff;\" href=\"https:\/\/www.iquilibrio.com\/astrologia\/?utm_campaign=blog_conversao&amp;utm_medium=texto_cta&amp;utm_source=blog&amp;utm_content=2024_cat_astrologia_mercurio_retrogrado\">Fa\u00e7a uma an\u00e1lise profunda no seu mapeamento astral!<\/a><\/span><\/p>\n<hr \/>\n<h3><span style=\"font-weight: 400;\">Hora de Agir: Retomando o Controle<\/span><\/h3>\n<p><span style=\"font-weight: 400;\">Com o fim da retrograda\u00e7\u00e3o de Merc\u00fario em \u00c1ries, podemos esperar sentir uma mudan\u00e7a r\u00e1pida e significativa em nossa energia e motiva\u00e7\u00e3o. \u00c9 como se as coisas come\u00e7assem a se <\/span><a href=\"https:\/\/www.iquilibrio.com\/blog\/espiritualidade\/abertura-de-caminhos\/\"><span style=\"font-weight: 400;\">mover mais rapidamente<\/span><\/a><span style=\"font-weight: 400;\">, os \u00e2nimos se renovassem e a procrastina\u00e7\u00e3o desaparecesse. \u00c9 hora de agir e corrigir o que percebemos estar fora do lugar.<\/span><\/p>\n<p><span style=\"font-weight: 400;\">Quando uma retrograda\u00e7\u00e3o chega ao fim, \u00e9 como se estiv\u00e9ssemos concluindo uma fase de revis\u00e3o e preparando-nos para seguir em frente com mais clareza e determina\u00e7\u00e3o. \u00c9 como se tiv\u00e9ssemos completado as aulas de revis\u00e3o para uma prova e estiv\u00e9ssemos prontos para enfrentar o desafio que se apresenta \u00e0 nossa frente.<\/span><\/p>\n<hr \/>\n<h3><span style=\"font-weight: 400;\">Reflex\u00f5es para Cada Casa do Mapa Astral<\/span><\/h3>\n<p><span style=\"font-weight: 400;\">Durante a retrograda\u00e7\u00e3o de Merc\u00fario em \u00c1ries, cada casa do mapa astral \u00e9 afetada de maneira diferente, e cada pessoa passa por um processo de reflex\u00e3o e revis\u00e3o de acordo com a \u00e1rea da vida representada por essa casa.<\/span><\/p>\n<p><span style=\"font-weight: 400;\">Veja como cada casa pode ter sido afetada durante esse per\u00edodo e o que podemos aprender com essa experi\u00eancia:<\/span><\/p>\n<p><b>Casa 1:<\/b><span style=\"font-weight: 400;\"> Revis\u00e3o da autoimagem e da identidade pessoal.<\/span><\/p>\n<p><b>Casa 2:<\/b><span style=\"font-weight: 400;\"> Reflex\u00e3o sobre finan\u00e7as e valores pessoais.<\/span><\/p>\n<p><b>Casa 3:<\/b><span style=\"font-weight: 400;\"> An\u00e1lise da comunica\u00e7\u00e3o e dos padr\u00f5es mentais.<\/span><\/p>\n<p><b>Casa 4:<\/b><span style=\"font-weight: 400;\"> Revis\u00e3o das <\/span><a href=\"https:\/\/www.iquilibrio.com\/blog\/outros\/constelacao-familiar-pros-e-contras\/\"><span style=\"font-weight: 400;\">ra\u00edzes familiares<\/span><\/a><span style=\"font-weight: 400;\"> e da vida dom\u00e9stica.<\/span><\/p>\n<p><b>Casa 5:<\/b><span style=\"font-weight: 400;\"> Reflex\u00e3o sobre prazer, criatividade e auto express\u00e3o.<\/span><\/p>\n<p><b>Casa 6:<\/b><span style=\"font-weight: 400;\"> An\u00e1lise da rotina di\u00e1ria e da sa\u00fade.<\/span><\/p>\n<p><b>Casa 7: <\/b><span style=\"font-weight: 400;\">Revis\u00e3o dos relacionamentos e parcerias.<\/span><\/p>\n<p><b>Casa 8:<\/b><span style=\"font-weight: 400;\"> Reflex\u00e3o sobre transforma\u00e7\u00e3o e intimidade.<\/span><\/p>\n<p><b>Casa 9:<\/b><span style=\"font-weight: 400;\"> An\u00e1lise de cren\u00e7as e busca por conhecimento.<\/span><\/p>\n<p><b>Casa 10:<\/b><span style=\"font-weight: 400;\"> Revis\u00e3o de metas profissionais e ambi\u00e7\u00f5es.<\/span><\/p>\n<p><b>Casa 11:<\/b><span style=\"font-weight: 400;\"> Reflex\u00e3o sobre amizades e objetivos de vida.<\/span><\/p>\n<p><b>Casa 12:<\/b><span style=\"font-weight: 400;\"> An\u00e1lise do inconsciente e do autoconhecimento.<\/span><\/p>\n<p><b>Pr\u00f3xima Retrograda\u00e7\u00e3o:<\/b><span style=\"font-weight: 400;\"> Preparando-se para o Futuro<\/span><\/p>\n<p><span style=\"font-weight: 400;\">A pr\u00f3xima oportunidade de revis\u00e3o ocorrer\u00e1 em agosto, com a retrograda\u00e7\u00e3o de Merc\u00fario nos signos de Virgem e Le\u00e3o. Se fizermos nosso dever de casa agora, ser\u00e1 mais f\u00e1cil lidar com as novas revis\u00f5es que surgir\u00e3o no futuro.<\/span><\/p>\n<p><span style=\"font-weight: 400;\">O primeiro passo \u00e9 focar em n\u00f3s mesmos, desenvolver o amor pr\u00f3prio e preparar-nos para nos tornarmos nossa melhor vers\u00e3o.<\/span><\/p>\n<p style=\"text-align: center;\"><span class=\"td_btn td_btn_md td_round_btn\" style=\"background-color: #993366; color: #ffffff;\"><a style=\"background-color: #993366; color: #ffffff;\" href=\"https:\/\/www.iquilibrio.com\/astrologia\/?utm_campaign=blog_conversao&amp;utm_medium=texto_cta&amp;utm_source=blog&amp;utm_content=2024_cat_astrologia_mercurio_retrogrado\">Fa\u00e7a o seu mapa astral completo clicando aqui!<\/a><\/span><\/p>\n<hr \/>\n<p><img loading=\"lazy\" decoding=\"async\" class=\"wp-image-40229 td-animation-stack-type0-2 alignleft\" src=\"https:\/\/www.iquilibrio.com\/blog\/wp-content\/uploads\/2024\/02\/deborah-de-oba.png\" sizes=\"auto, (max-width: 254px) 100vw, 254px\" srcset=\"https:\/\/www.iquilibrio.com\/blog\/wp-content\/uploads\/2024\/02\/deborah-de-oba.png 800w, https:\/\/www.iquilibrio.com\/blog\/wp-content\/uploads\/2024\/02\/deborah-de-oba-300x188.png 300w, https:\/\/www.iquilibrio.com\/blog\/wp-content\/uploads\/2024\/02\/deborah-de-oba-768x480.png 768w, https:\/\/www.iquilibrio.com\/blog\/wp-content\/uploads\/2024\/02\/deborah-de-oba-696x435.png 696w, https:\/\/www.iquilibrio.com\/blog\/wp-content\/uploads\/2024\/02\/deborah-de-oba-672x420.png 672w\" alt=\"\" width=\"254\" height=\"159\" \/><\/p>\n<p>Minha entrega em cada atendimento \u00e9 completa. Tenho o profundo desejo de reestruturar a raiz de qualquer tipo de desequil\u00edbrio ou estancamento na vida de quem me procura.<\/p>\n<p>Al\u00e9m disso, me encanta resolver dilemas e desafios. E n\u00e3o fa\u00e7o pouco caso de qual o tipo de quest\u00e3o, j\u00e1 que qualquer d\u00favida \u00e9 pertinente.<\/p>\n<p>Sou met\u00f3dica e n\u00e3o posso trair os princ\u00edpios dos Or\u00e1culos. Assim, minha disposi\u00e7\u00e3o \u00e9 oferecer meus m\u00e9todos e experi\u00eancia s\u00e3o os alicerces para levar ao sucesso em qualquer \u00e1rea da sua vida.<\/p>\n\n\n<div class=\"kk-star-ratings kksr-auto kksr-align-left kksr-valign-bottom\"\n    data-payload='{&quot;align&quot;:&quot;left&quot;,&quot;id&quot;:&quot;40532&quot;,&quot;slug&quot;:&quot;default&quot;,&quot;valign&quot;:&quot;bottom&quot;,&quot;ignore&quot;:&quot;&quot;,&quot;reference&quot;:&quot;auto&quot;,&quot;class&quot;:&quot;&quot;,&quot;count&quot;:&quot;0&quot;,&quot;legendonly&quot;:&quot;&quot;,&quot;readonly&quot;:&quot;&quot;,&quot;score&quot;:&quot;0&quot;,&quot;starsonly&quot;:&quot;&quot;,&quot;best&quot;:&quot;5&quot;,&quot;gap&quot;:&quot;5&quot;,&quot;greet&quot;:&quot;Rate this post&quot;,&quot;legend&quot;:&quot;0\\\/5 - (0 voto)&quot;,&quot;size&quot;:&quot;24&quot;,&quot;title&quot;:&quot;Fim de Merc\u00fario Retr\u00f3grado: Reflex\u00f5es e Novos Come\u00e7os, por Deborah de Ob\u00e1&quot;,&quot;width&quot;:&quot;0&quot;,&quot;_legend&quot;:&quot;{score}\\\/{best} - ({count} {votes})&quot;,&quot;font_factor&quot;:&quot;1.25&quot;}'>\n            \n<div class=\"kksr-stars\">\n    \n<div class=\"kksr-stars-inactive\">\n            <div class=\"kksr-star\" data-star=\"1\" style=\"padding-right: 5px\">\n            \n\n<div class=\"kksr-icon\" style=\"width: 24px; height: 24px;\"><\/div>\n        <\/div>\n            <div class=\"kksr-star\" data-star=\"2\" style=\"padding-right: 5px\">\n            \n\n<div class=\"kksr-icon\" style=\"width: 24px; height: 24px;\"><\/div>\n        <\/div>\n            <div class=\"kksr-star\" data-star=\"3\" style=\"padding-right: 5px\">\n            \n\n<div class=\"kksr-icon\" style=\"width: 24px; height: 24px;\"><\/div>\n        <\/div>\n            <div class=\"kksr-star\" data-star=\"4\" style=\"padding-right: 5px\">\n            \n\n<div class=\"kksr-icon\" style=\"width: 24px; height: 24px;\"><\/div>\n        <\/div>\n            <div class=\"kksr-star\" data-star=\"5\" style=\"padding-right: 5px\">\n            \n\n<div class=\"kksr-icon\" style=\"width: 24px; height: 24px;\"><\/div>\n        <\/div>\n    <\/div>\n    \n<div class=\"kksr-stars-active\" style=\"width: 0px;\">\n            <div class=\"kksr-star\" style=\"padding-right: 5px\">\n            \n\n<div class=\"kksr-icon\" style=\"width: 24px; height: 24px;\"><\/div>\n        <\/div>\n            <div class=\"kksr-star\" style=\"padding-right: 5px\">\n            \n\n<div class=\"kksr-icon\" style=\"width: 24px; height: 24px;\"><\/div>\n        <\/div>\n            <div class=\"kksr-star\" style=\"padding-right: 5px\">\n            \n\n<div class=\"kksr-icon\" style=\"width: 24px; height: 24px;\"><\/div>\n        <\/div>\n            <div class=\"kksr-star\" style=\"padding-right: 5px\">\n            \n\n<div class=\"kksr-icon\" style=\"width: 24px; height: 24px;\"><\/div>\n        <\/div>\n            <div class=\"kksr-star\" style=\"padding-right: 5px\">\n            \n\n<div class=\"kksr-icon\" style=\"width: 24px; height: 24px;\"><\/div>\n        <\/div>\n    <\/div>\n<\/div>\n                \n\n<div class=\"kksr-legend\" style=\"font-size: 19.2px;\">\n            <span class=\"kksr-muted\">Rate this post<\/span>\n    <\/div>\n    <\/div>\n","protected":false},"excerpt":{"rendered":"<p>Tr\u00eas vezes ao ano, somos presenteados com o movimento aparente de retrograda\u00e7\u00e3o do planeta Merc\u00fario, que nos proporciona a oportunidade de revisar e refletir sobre diferentes aspectos de nossas vidas, de acordo com o signo em que essa retrograda\u00e7\u00e3o ocorre em nosso mapa astral. Entre os dias 2 e 25 de abril de 2024, tivemos [&hellip;]<\/p>\n","protected":false},"author":158,"featured_media":40533,"comment_status":"closed","ping_status":"closed","sticky":false,"template":"","format":"standard","meta":{"footnotes":""},"categories":[517],"tags":[],"class_list":["post-40532","post","type-post","status-publish","format-standard","has-post-thumbnail","hentry","category-astrologia"],"yoast_head":"<!-- This site is optimized with the Yoast SEO plugin v27.4 - https:\/\/yoast.com\/product\/yoast-seo-wordpress\/ -->\n<title>Fim de Merc\u00fario Retr\u00f3grado: Reflex\u00f5es e Novos Come\u00e7os, por Deborah de Ob\u00e1 - iQuilibrio<\/title>\n<meta name=\"robots\" content=\"index, follow, max-snippet:-1, max-image-preview:large, max-video-preview:-1\" \/>\n<link rel=\"canonical\" href=\"https:\/\/www.iquilibrio.com\/blog\/astrologia\/fim-de-mercurio-retrogrado-reflexoes-e-novos-comecos-por-deborah-de-oba\/\" \/>\n<meta property=\"og:locale\" content=\"pt_BR\" \/>\n<meta property=\"og:type\" content=\"article\" \/>\n<meta property=\"og:title\" content=\"Fim de Merc\u00fario Retr\u00f3grado: Reflex\u00f5es e Novos Come\u00e7os, por Deborah de Ob\u00e1 - iQuilibrio\" \/>\n<meta property=\"og:description\" content=\"Tr\u00eas vezes ao ano, somos presenteados com o movimento aparente de retrograda\u00e7\u00e3o do planeta Merc\u00fario, que nos proporciona a oportunidade de revisar e refletir sobre diferentes aspectos de nossas vidas, de acordo com o signo em que essa retrograda\u00e7\u00e3o ocorre em nosso mapa astral. Entre os dias 2 e 25 de abril de 2024, tivemos [&hellip;]\" \/>\n<meta property=\"og:url\" content=\"https:\/\/www.iquilibrio.com\/blog\/astrologia\/fim-de-mercurio-retrogrado-reflexoes-e-novos-comecos-por-deborah-de-oba\/\" \/>\n<meta property=\"og:site_name\" content=\"iQuilibrio\" \/>\n<meta property=\"article:publisher\" content=\"https:\/\/www.facebook.com\/iQuilibrio\/\" \/>\n<meta property=\"article:published_time\" content=\"2024-04-24T20:32:26+00:00\" \/>\n<meta property=\"og:image\" content=\"https:\/\/www.iquilibrio.com\/blog\/wp-content\/uploads\/2024\/04\/Novo-Projeto-1.jpg\" \/>\n\t<meta property=\"og:image:width\" content=\"900\" \/>\n\t<meta property=\"og:image:height\" content=\"560\" \/>\n\t<meta property=\"og:image:type\" content=\"image\/jpeg\" \/>\n<meta name=\"author\" content=\"Arthur Peroni\" \/>\n<meta name=\"twitter:card\" content=\"summary_large_image\" \/>\n<meta name=\"twitter:creator\" content=\"@iquilibrio\" \/>\n<meta name=\"twitter:site\" content=\"@iquilibrio\" \/>\n<meta name=\"twitter:label1\" content=\"Escrito por\" \/>\n\t<meta name=\"twitter:data1\" content=\"Arthur Peroni\" \/>\n\t<meta name=\"twitter:label2\" content=\"Est. tempo de leitura\" \/>\n\t<meta name=\"twitter:data2\" content=\"5 minutos\" \/>\n<script type=\"application\/ld+json\" class=\"yoast-schema-graph\">{\"@context\":\"https:\\\/\\\/schema.org\",\"@graph\":[{\"@type\":\"Article\",\"@id\":\"https:\\\/\\\/www.iquilibrio.com\\\/blog\\\/astrologia\\\/fim-de-mercurio-retrogrado-reflexoes-e-novos-comecos-por-deborah-de-oba\\\/#article\",\"isPartOf\":{\"@id\":\"https:\\\/\\\/www.iquilibrio.com\\\/blog\\\/astrologia\\\/fim-de-mercurio-retrogrado-reflexoes-e-novos-comecos-por-deborah-de-oba\\\/\"},\"author\":{\"name\":\"Arthur Peroni\",\"@id\":\"https:\\\/\\\/www.iquilibrio.com\\\/blog\\\/#\\\/schema\\\/person\\\/21ae990723c2e5a1170c9a06dacb4d3d\"},\"headline\":\"Fim de Merc\u00fario Retr\u00f3grado: Reflex\u00f5es e Novos Come\u00e7os, por Deborah de Ob\u00e1\",\"datePublished\":\"2024-04-24T20:32:26+00:00\",\"mainEntityOfPage\":{\"@id\":\"https:\\\/\\\/www.iquilibrio.com\\\/blog\\\/astrologia\\\/fim-de-mercurio-retrogrado-reflexoes-e-novos-comecos-por-deborah-de-oba\\\/\"},\"wordCount\":816,\"publisher\":{\"@id\":\"https:\\\/\\\/www.iquilibrio.com\\\/blog\\\/#organization\"},\"image\":{\"@id\":\"https:\\\/\\\/www.iquilibrio.com\\\/blog\\\/astrologia\\\/fim-de-mercurio-retrogrado-reflexoes-e-novos-comecos-por-deborah-de-oba\\\/#primaryimage\"},\"thumbnailUrl\":\"https:\\\/\\\/www.iquilibrio.com\\\/blog\\\/wp-content\\\/uploads\\\/2024\\\/04\\\/Novo-Projeto-1.jpg\",\"articleSection\":[\"Astrologia\"],\"inLanguage\":\"pt-BR\"},{\"@type\":\"WebPage\",\"@id\":\"https:\\\/\\\/www.iquilibrio.com\\\/blog\\\/astrologia\\\/fim-de-mercurio-retrogrado-reflexoes-e-novos-comecos-por-deborah-de-oba\\\/\",\"url\":\"https:\\\/\\\/www.iquilibrio.com\\\/blog\\\/astrologia\\\/fim-de-mercurio-retrogrado-reflexoes-e-novos-comecos-por-deborah-de-oba\\\/\",\"name\":\"Fim de Merc\u00fario Retr\u00f3grado: Reflex\u00f5es e Novos Come\u00e7os, por Deborah de Ob\u00e1 - iQuilibrio\",\"isPartOf\":{\"@id\":\"https:\\\/\\\/www.iquilibrio.com\\\/blog\\\/#website\"},\"primaryImageOfPage\":{\"@id\":\"https:\\\/\\\/www.iquilibrio.com\\\/blog\\\/astrologia\\\/fim-de-mercurio-retrogrado-reflexoes-e-novos-comecos-por-deborah-de-oba\\\/#primaryimage\"},\"image\":{\"@id\":\"https:\\\/\\\/www.iquilibrio.com\\\/blog\\\/astrologia\\\/fim-de-mercurio-retrogrado-reflexoes-e-novos-comecos-por-deborah-de-oba\\\/#primaryimage\"},\"thumbnailUrl\":\"https:\\\/\\\/www.iquilibrio.com\\\/blog\\\/wp-content\\\/uploads\\\/2024\\\/04\\\/Novo-Projeto-1.jpg\",\"datePublished\":\"2024-04-24T20:32:26+00:00\",\"breadcrumb\":{\"@id\":\"https:\\\/\\\/www.iquilibrio.com\\\/blog\\\/astrologia\\\/fim-de-mercurio-retrogrado-reflexoes-e-novos-comecos-por-deborah-de-oba\\\/#breadcrumb\"},\"inLanguage\":\"pt-BR\",\"potentialAction\":[{\"@type\":\"ReadAction\",\"target\":[\"https:\\\/\\\/www.iquilibrio.com\\\/blog\\\/astrologia\\\/fim-de-mercurio-retrogrado-reflexoes-e-novos-comecos-por-deborah-de-oba\\\/\"]}]},{\"@type\":\"ImageObject\",\"inLanguage\":\"pt-BR\",\"@id\":\"https:\\\/\\\/www.iquilibrio.com\\\/blog\\\/astrologia\\\/fim-de-mercurio-retrogrado-reflexoes-e-novos-comecos-por-deborah-de-oba\\\/#primaryimage\",\"url\":\"https:\\\/\\\/www.iquilibrio.com\\\/blog\\\/wp-content\\\/uploads\\\/2024\\\/04\\\/Novo-Projeto-1.jpg\",\"contentUrl\":\"https:\\\/\\\/www.iquilibrio.com\\\/blog\\\/wp-content\\\/uploads\\\/2024\\\/04\\\/Novo-Projeto-1.jpg\",\"width\":900,\"height\":560,\"caption\":\"Merc\u00fario retr\u00f3grado\"},{\"@type\":\"BreadcrumbList\",\"@id\":\"https:\\\/\\\/www.iquilibrio.com\\\/blog\\\/astrologia\\\/fim-de-mercurio-retrogrado-reflexoes-e-novos-comecos-por-deborah-de-oba\\\/#breadcrumb\",\"itemListElement\":[{\"@type\":\"ListItem\",\"position\":1,\"name\":\"In\u00edcio\",\"item\":\"https:\\\/\\\/www.iquilibrio.com\\\/blog\\\/\"},{\"@type\":\"ListItem\",\"position\":2,\"name\":\"Fim de Merc\u00fario Retr\u00f3grado: Reflex\u00f5es e Novos Come\u00e7os, por Deborah de Ob\u00e1\"}]},{\"@type\":\"WebSite\",\"@id\":\"https:\\\/\\\/www.iquilibrio.com\\\/blog\\\/#website\",\"url\":\"https:\\\/\\\/www.iquilibrio.com\\\/blog\\\/\",\"name\":\"iQuilibrio\",\"description\":\"Blog iQuilibrio\",\"publisher\":{\"@id\":\"https:\\\/\\\/www.iquilibrio.com\\\/blog\\\/#organization\"},\"potentialAction\":[{\"@type\":\"SearchAction\",\"target\":{\"@type\":\"EntryPoint\",\"urlTemplate\":\"https:\\\/\\\/www.iquilibrio.com\\\/blog\\\/?s={search_term_string}\"},\"query-input\":{\"@type\":\"PropertyValueSpecification\",\"valueRequired\":true,\"valueName\":\"search_term_string\"}}],\"inLanguage\":\"pt-BR\"},{\"@type\":\"Organization\",\"@id\":\"https:\\\/\\\/www.iquilibrio.com\\\/blog\\\/#organization\",\"name\":\"Esoterismo, Misticismo e Tarot Online - iQuilibrio\",\"url\":\"https:\\\/\\\/www.iquilibrio.com\\\/blog\\\/\",\"logo\":{\"@type\":\"ImageObject\",\"inLanguage\":\"pt-BR\",\"@id\":\"https:\\\/\\\/www.iquilibrio.com\\\/blog\\\/#\\\/schema\\\/logo\\\/image\\\/\",\"url\":\"https:\\\/\\\/www.iquilibrio.com\\\/blog\\\/wp-content\\\/uploads\\\/2018\\\/12\\\/iquilibrio_lovo_vetor_preto-retina.png\",\"contentUrl\":\"https:\\\/\\\/www.iquilibrio.com\\\/blog\\\/wp-content\\\/uploads\\\/2018\\\/12\\\/iquilibrio_lovo_vetor_preto-retina.png\",\"width\":972,\"height\":180,\"caption\":\"Esoterismo, Misticismo e Tarot Online - iQuilibrio\"},\"image\":{\"@id\":\"https:\\\/\\\/www.iquilibrio.com\\\/blog\\\/#\\\/schema\\\/logo\\\/image\\\/\"},\"sameAs\":[\"https:\\\/\\\/www.facebook.com\\\/iQuilibrio\\\/\",\"https:\\\/\\\/x.com\\\/iquilibrio\",\"https:\\\/\\\/www.instagram.com\\\/iquilibrio\\\/\",\"https:\\\/\\\/www.linkedin.com\\\/company\\\/iquilibrio\\\/\",\"https:\\\/\\\/br.pinterest.com\\\/iquilibrio1397\\\/\",\"https:\\\/\\\/www.youtube.com\\\/channel\\\/UC175qxd-4Zsi4wzawT5zF2g\"]},{\"@type\":\"Person\",\"@id\":\"https:\\\/\\\/www.iquilibrio.com\\\/blog\\\/#\\\/schema\\\/person\\\/21ae990723c2e5a1170c9a06dacb4d3d\",\"name\":\"Arthur Peroni\",\"image\":{\"@type\":\"ImageObject\",\"inLanguage\":\"pt-BR\",\"@id\":\"https:\\\/\\\/www.iquilibrio.com\\\/blog\\\/wp-content\\\/uploads\\\/2023\\\/04\\\/Arthur-Peroni-150x150.jpg\",\"url\":\"https:\\\/\\\/www.iquilibrio.com\\\/blog\\\/wp-content\\\/uploads\\\/2023\\\/04\\\/Arthur-Peroni-150x150.jpg\",\"contentUrl\":\"https:\\\/\\\/www.iquilibrio.com\\\/blog\\\/wp-content\\\/uploads\\\/2023\\\/04\\\/Arthur-Peroni-150x150.jpg\",\"caption\":\"Arthur Peroni\"},\"description\":\"Arthur Peroni escreve sobre a vida, o universo e tudo mais. Amante da literatura m\u00edstica, e fic\u00e7\u00e3o, descobriu sua carreira de redator gra\u00e7as ao h\u00e1bito de leitura constante sobre fantasia e drama. Nas horas vagas, gosta de cozinhar, ler e ver filmes antigos. J\u00e1 trabalhou com, comunica\u00e7\u00e3o social, massoterapia, terapias hol\u00edsticas e design de interiores. Atualmente trabalha como redator SEO e se entusiasma com tudo o que \u00e9 esot\u00e9rico. Gosta de discutir sobre assuntos complexos e instigantes, e v\u00ea na escrita uma oportunidade de aprender e criar todos os dias, mentalmente e espiritualmente.\",\"url\":\"https:\\\/\\\/www.iquilibrio.com\\\/blog\\\/author\\\/raul-vinicius\\\/\"}]}<\/script>\n<!-- \/ Yoast SEO plugin. -->","yoast_head_json":{"title":"Fim de Merc\u00fario Retr\u00f3grado: Reflex\u00f5es e Novos Come\u00e7os, por Deborah de Ob\u00e1 - iQuilibrio","robots":{"index":"index","follow":"follow","max-snippet":"max-snippet:-1","max-image-preview":"max-image-preview:large","max-video-preview":"max-video-preview:-1"},"canonical":"https:\/\/www.iquilibrio.com\/blog\/astrologia\/fim-de-mercurio-retrogrado-reflexoes-e-novos-comecos-por-deborah-de-oba\/","og_locale":"pt_BR","og_type":"article","og_title":"Fim de Merc\u00fario Retr\u00f3grado: Reflex\u00f5es e Novos Come\u00e7os, por Deborah de Ob\u00e1 - iQuilibrio","og_description":"Tr\u00eas vezes ao ano, somos presenteados com o movimento aparente de retrograda\u00e7\u00e3o do planeta Merc\u00fario, que nos proporciona a oportunidade de revisar e refletir sobre diferentes aspectos de nossas vidas, de acordo com o signo em que essa retrograda\u00e7\u00e3o ocorre em nosso mapa astral. Entre os dias 2 e 25 de abril de 2024, tivemos [&hellip;]","og_url":"https:\/\/www.iquilibrio.com\/blog\/astrologia\/fim-de-mercurio-retrogrado-reflexoes-e-novos-comecos-por-deborah-de-oba\/","og_site_name":"iQuilibrio","article_publisher":"https:\/\/www.facebook.com\/iQuilibrio\/","article_published_time":"2024-04-24T20:32:26+00:00","og_image":[{"width":900,"height":560,"url":"https:\/\/www.iquilibrio.com\/blog\/wp-content\/uploads\/2024\/04\/Novo-Projeto-1.jpg","type":"image\/jpeg"}],"author":"Arthur Peroni","twitter_card":"summary_large_image","twitter_creator":"@iquilibrio","twitter_site":"@iquilibrio","twitter_misc":{"Escrito por":"Arthur Peroni","Est. tempo de leitura":"5 minutos"},"schema":{"@context":"https:\/\/schema.org","@graph":[{"@type":"Article","@id":"https:\/\/www.iquilibrio.com\/blog\/astrologia\/fim-de-mercurio-retrogrado-reflexoes-e-novos-comecos-por-deborah-de-oba\/#article","isPartOf":{"@id":"https:\/\/www.iquilibrio.com\/blog\/astrologia\/fim-de-mercurio-retrogrado-reflexoes-e-novos-comecos-por-deborah-de-oba\/"},"author":{"name":"Arthur Peroni","@id":"https:\/\/www.iquilibrio.com\/blog\/#\/schema\/person\/21ae990723c2e5a1170c9a06dacb4d3d"},"headline":"Fim de Merc\u00fario Retr\u00f3grado: Reflex\u00f5es e Novos Come\u00e7os, por Deborah de Ob\u00e1","datePublished":"2024-04-24T20:32:26+00:00","mainEntityOfPage":{"@id":"https:\/\/www.iquilibrio.com\/blog\/astrologia\/fim-de-mercurio-retrogrado-reflexoes-e-novos-comecos-por-deborah-de-oba\/"},"wordCount":816,"publisher":{"@id":"https:\/\/www.iquilibrio.com\/blog\/#organization"},"image":{"@id":"https:\/\/www.iquilibrio.com\/blog\/astrologia\/fim-de-mercurio-retrogrado-reflexoes-e-novos-comecos-por-deborah-de-oba\/#primaryimage"},"thumbnailUrl":"https:\/\/www.iquilibrio.com\/blog\/wp-content\/uploads\/2024\/04\/Novo-Projeto-1.jpg","articleSection":["Astrologia"],"inLanguage":"pt-BR"},{"@type":"WebPage","@id":"https:\/\/www.iquilibrio.com\/blog\/astrologia\/fim-de-mercurio-retrogrado-reflexoes-e-novos-comecos-por-deborah-de-oba\/","url":"https:\/\/www.iquilibrio.com\/blog\/astrologia\/fim-de-mercurio-retrogrado-reflexoes-e-novos-comecos-por-deborah-de-oba\/","name":"Fim de Merc\u00fario Retr\u00f3grado: Reflex\u00f5es e Novos Come\u00e7os, por Deborah de Ob\u00e1 - iQuilibrio","isPartOf":{"@id":"https:\/\/www.iquilibrio.com\/blog\/#website"},"primaryImageOfPage":{"@id":"https:\/\/www.iquilibrio.com\/blog\/astrologia\/fim-de-mercurio-retrogrado-reflexoes-e-novos-comecos-por-deborah-de-oba\/#primaryimage"},"image":{"@id":"https:\/\/www.iquilibrio.com\/blog\/astrologia\/fim-de-mercurio-retrogrado-reflexoes-e-novos-comecos-por-deborah-de-oba\/#primaryimage"},"thumbnailUrl":"https:\/\/www.iquilibrio.com\/blog\/wp-content\/uploads\/2024\/04\/Novo-Projeto-1.jpg","datePublished":"2024-04-24T20:32:26+00:00","breadcrumb":{"@id":"https:\/\/www.iquilibrio.com\/blog\/astrologia\/fim-de-mercurio-retrogrado-reflexoes-e-novos-comecos-por-deborah-de-oba\/#breadcrumb"},"inLanguage":"pt-BR","potentialAction":[{"@type":"ReadAction","target":["https:\/\/www.iquilibrio.com\/blog\/astrologia\/fim-de-mercurio-retrogrado-reflexoes-e-novos-comecos-por-deborah-de-oba\/"]}]},{"@type":"ImageObject","inLanguage":"pt-BR","@id":"https:\/\/www.iquilibrio.com\/blog\/astrologia\/fim-de-mercurio-retrogrado-reflexoes-e-novos-comecos-por-deborah-de-oba\/#primaryimage","url":"https:\/\/www.iquilibrio.com\/blog\/wp-content\/uploads\/2024\/04\/Novo-Projeto-1.jpg","contentUrl":"https:\/\/www.iquilibrio.com\/blog\/wp-content\/uploads\/2024\/04\/Novo-Projeto-1.jpg","width":900,"height":560,"caption":"Merc\u00fario retr\u00f3grado"},{"@type":"BreadcrumbList","@id":"https:\/\/www.iquilibrio.com\/blog\/astrologia\/fim-de-mercurio-retrogrado-reflexoes-e-novos-comecos-por-deborah-de-oba\/#breadcrumb","itemListElement":[{"@type":"ListItem","position":1,"name":"In\u00edcio","item":"https:\/\/www.iquilibrio.com\/blog\/"},{"@type":"ListItem","position":2,"name":"Fim de Merc\u00fario Retr\u00f3grado: Reflex\u00f5es e Novos Come\u00e7os, por Deborah de Ob\u00e1"}]},{"@type":"WebSite","@id":"https:\/\/www.iquilibrio.com\/blog\/#website","url":"https:\/\/www.iquilibrio.com\/blog\/","name":"iQuilibrio","description":"Blog iQuilibrio","publisher":{"@id":"https:\/\/www.iquilibrio.com\/blog\/#organization"},"potentialAction":[{"@type":"SearchAction","target":{"@type":"EntryPoint","urlTemplate":"https:\/\/www.iquilibrio.com\/blog\/?s={search_term_string}"},"query-input":{"@type":"PropertyValueSpecification","valueRequired":true,"valueName":"search_term_string"}}],"inLanguage":"pt-BR"},{"@type":"Organization","@id":"https:\/\/www.iquilibrio.com\/blog\/#organization","name":"Esoterismo, Misticismo e Tarot Online - iQuilibrio","url":"https:\/\/www.iquilibrio.com\/blog\/","logo":{"@type":"ImageObject","inLanguage":"pt-BR","@id":"https:\/\/www.iquilibrio.com\/blog\/#\/schema\/logo\/image\/","url":"https:\/\/www.iquilibrio.com\/blog\/wp-content\/uploads\/2018\/12\/iquilibrio_lovo_vetor_preto-retina.png","contentUrl":"https:\/\/www.iquilibrio.com\/blog\/wp-content\/uploads\/2018\/12\/iquilibrio_lovo_vetor_preto-retina.png","width":972,"height":180,"caption":"Esoterismo, Misticismo e Tarot Online - iQuilibrio"},"image":{"@id":"https:\/\/www.iquilibrio.com\/blog\/#\/schema\/logo\/image\/"},"sameAs":["https:\/\/www.facebook.com\/iQuilibrio\/","https:\/\/x.com\/iquilibrio","https:\/\/www.instagram.com\/iquilibrio\/","https:\/\/www.linkedin.com\/company\/iquilibrio\/","https:\/\/br.pinterest.com\/iquilibrio1397\/","https:\/\/www.youtube.com\/channel\/UC175qxd-4Zsi4wzawT5zF2g"]},{"@type":"Person","@id":"https:\/\/www.iquilibrio.com\/blog\/#\/schema\/person\/21ae990723c2e5a1170c9a06dacb4d3d","name":"Arthur Peroni","image":{"@type":"ImageObject","inLanguage":"pt-BR","@id":"https:\/\/www.iquilibrio.com\/blog\/wp-content\/uploads\/2023\/04\/Arthur-Peroni-150x150.jpg","url":"https:\/\/www.iquilibrio.com\/blog\/wp-content\/uploads\/2023\/04\/Arthur-Peroni-150x150.jpg","contentUrl":"https:\/\/www.iquilibrio.com\/blog\/wp-content\/uploads\/2023\/04\/Arthur-Peroni-150x150.jpg","caption":"Arthur Peroni"},"description":"Arthur Peroni escreve sobre a vida, o universo e tudo mais. Amante da literatura m\u00edstica, e fic\u00e7\u00e3o, descobriu sua carreira de redator gra\u00e7as ao h\u00e1bito de leitura constante sobre fantasia e drama. Nas horas vagas, gosta de cozinhar, ler e ver filmes antigos. J\u00e1 trabalhou com, comunica\u00e7\u00e3o social, massoterapia, terapias hol\u00edsticas e design de interiores. Atualmente trabalha como redator SEO e se entusiasma com tudo o que \u00e9 esot\u00e9rico. Gosta de discutir sobre assuntos complexos e instigantes, e v\u00ea na escrita uma oportunidade de aprender e criar todos os dias, mentalmente e espiritualmente.","url":"https:\/\/www.iquilibrio.com\/blog\/author\/raul-vinicius\/"}]}},"_links":{"self":[{"href":"https:\/\/www.iquilibrio.com\/blog\/wp-json\/wp\/v2\/posts\/40532","targetHints":{"allow":["GET"]}}],"collection":[{"href":"https:\/\/www.iquilibrio.com\/blog\/wp-json\/wp\/v2\/posts"}],"about":[{"href":"https:\/\/www.iquilibrio.com\/blog\/wp-json\/wp\/v2\/types\/post"}],"author":[{"embeddable":true,"href":"https:\/\/www.iquilibrio.com\/blog\/wp-json\/wp\/v2\/users\/158"}],"replies":[{"embeddable":true,"href":"https:\/\/www.iquilibrio.com\/blog\/wp-json\/wp\/v2\/comments?post=40532"}],"version-history":[{"count":1,"href":"https:\/\/www.iquilibrio.com\/blog\/wp-json\/wp\/v2\/posts\/40532\/revisions"}],"predecessor-version":[{"id":40534,"href":"https:\/\/www.iquilibrio.com\/blog\/wp-json\/wp\/v2\/posts\/40532\/revisions\/40534"}],"wp:featuredmedia":[{"embeddable":true,"href":"https:\/\/www.iquilibrio.com\/blog\/wp-json\/wp\/v2\/media\/40533"}],"wp:attachment":[{"href":"https:\/\/www.iquilibrio.com\/blog\/wp-json\/wp\/v2\/media?parent=40532"}],"wp:term":[{"taxonomy":"category","embeddable":true,"href":"https:\/\/www.iquilibrio.com\/blog\/wp-json\/wp\/v2\/categories?post=40532"},{"taxonomy":"post_tag","embeddable":true,"href":"https:\/\/www.iquilibrio.com\/blog\/wp-json\/wp\/v2\/tags?post=40532"}],"curies":[{"name":"wp","href":"https:\/\/api.w.org\/{rel}","templated":true}]}}