{"id":40490,"date":"2024-04-10T18:00:55","date_gmt":"2024-04-10T21:00:55","guid":{"rendered":"https:\/\/www.iquilibrio.com\/blog\/?p=40490"},"modified":"2024-04-09T21:58:00","modified_gmt":"2024-04-10T00:58:00","slug":"conjuncao-sol-e-mercurio","status":"publish","type":"post","link":"https:\/\/www.iquilibrio.com\/blog\/astrologia\/conjuncao-sol-e-mercurio\/","title":{"rendered":"Conjun\u00e7\u00e3o Sol e Merc\u00fario: Voc\u00ea nasceu, sorria! &#8211; Pela consultora Ana L\u00facia"},"content":{"rendered":"<p><span style=\"font-weight: 400;\">Hoje, vamos explorar uma conex\u00e3o particularmente intrigante: a Conjun\u00e7\u00e3o Sol e Merc\u00fario. Se voc\u00ea j\u00e1 se aventurou pelo mundo do <\/span><a href=\"https:\/\/www.iquilibrio.com\/blog\/astrologia\/mapa-astral\/\"><span style=\"font-weight: 400;\">Mapa Astral<\/span><\/a><span style=\"font-weight: 400;\">, certamente compreende a riqueza de informa\u00e7\u00f5es que ele oferece.\u00a0<\/span><\/p>\n<p><span style=\"font-weight: 400;\">Desde os signos at\u00e9 os tr\u00e2nsitos planet\u00e1rios, cada elemento desempenha um papel crucial em moldar quem somos e como interagimos com o universo ao nosso redor.\u00a0<\/span><\/p>\n<p><span style=\"font-weight: 400;\">Vamos conhecer um pouco mais sobre esse tr\u00e2nsito?<\/span><\/p>\n<p style=\"text-align: center;\"><span class=\"td_btn td_btn_md td_round_btn\" style=\"background-color: #993366; color: #ffffff;\"><a style=\"background-color: #993366; color: #ffffff;\" href=\"https:\/\/www.iquilibrio.com\/astrologia\/?utm_campaign=blog_conversao&amp;utm_medium=texto_cta&amp;utm_source=blog&amp;utm_content=2024_cat_astrologia_art_conjuncao_sol_e_mercurio\"><span style=\"font-weight: 400;\">Explore mais sobre seu Mapa Astral e desvende os segredos do seu destino<\/span><\/a><\/span><\/p>\n<h2><b>O que \u00e9 a Conjun\u00e7\u00e3o Sol e Merc\u00fario?<\/b><\/h2>\n<p><span style=\"font-weight: 400;\">Imagine o Sol como a ess\u00eancia da sua identidade, aquilo que voc\u00ea veio a ser. Agora, adicione Merc\u00fario &#8211; o mensageiro dos <\/span><a href=\"https:\/\/www.iquilibrio.com\/blog\/espiritualidade\/wicca\/deuses-wicca\/\"><span style=\"font-weight: 400;\">deuses<\/span><\/a><span style=\"font-weight: 400;\">, respons\u00e1vel pela forma como nos expressamos e comunicamos.\u00a0<\/span><\/p>\n<p><span style=\"font-weight: 400;\">Portanto, quando esses dois se encontram em conjun\u00e7\u00e3o, seus destinos se entrela\u00e7am, influenciando diretamente como voc\u00ea se manifesta no mundo.<\/span><\/p>\n<p><span style=\"font-weight: 400;\">Assim, Merc\u00fario, \u00e1gil em sua \u00f3rbita, nunca se distancia do Sol al\u00e9m de 28\u00ba graus, logo, \u00e9 uma proximidade que resulta em conjun\u00e7\u00f5es frequentes.\u00a0<\/span><\/p>\n<p><span style=\"font-weight: 400;\">Esses encontros podem ocorrer no mesmo <\/span><a href=\"https:\/\/www.iquilibrio.com\/blog\/astrologia\/a-forca-da-mulher-de-cada-signo\/\"><span style=\"font-weight: 400;\">signo<\/span><\/a><span style=\"font-weight: 400;\"> ou em signos diferentes, dentro da mesma casa ou em casas distintas, adicionando uma camada de complexidade \u00e0 an\u00e1lise astrol\u00f3gica.<\/span><\/p>\n<figure id=\"attachment_40492\" aria-describedby=\"caption-attachment-40492\" style=\"width: 900px\" class=\"wp-caption alignnone\"><img loading=\"lazy\" decoding=\"async\" class=\"size-full wp-image-40492\" src=\"https:\/\/www.iquilibrio.com\/blog\/wp-content\/uploads\/2024\/04\/Conjuncao-Sol-e-Mercurio.jpg\" alt=\"Conjun\u00e7\u00e3o Sol e Merc\u00fario\" width=\"900\" height=\"560\" srcset=\"https:\/\/www.iquilibrio.com\/blog\/wp-content\/uploads\/2024\/04\/Conjuncao-Sol-e-Mercurio.jpg 900w, https:\/\/www.iquilibrio.com\/blog\/wp-content\/uploads\/2024\/04\/Conjuncao-Sol-e-Mercurio-300x187.jpg 300w, https:\/\/www.iquilibrio.com\/blog\/wp-content\/uploads\/2024\/04\/Conjuncao-Sol-e-Mercurio-768x478.jpg 768w, https:\/\/www.iquilibrio.com\/blog\/wp-content\/uploads\/2024\/04\/Conjuncao-Sol-e-Mercurio-696x433.jpg 696w, https:\/\/www.iquilibrio.com\/blog\/wp-content\/uploads\/2024\/04\/Conjuncao-Sol-e-Mercurio-675x420.jpg 675w\" sizes=\"auto, (max-width: 900px) 100vw, 900px\" \/><figcaption id=\"caption-attachment-40492\" class=\"wp-caption-text\">Conjun\u00e7\u00e3o Sol e Merc\u00fario<\/figcaption><\/figure>\n<h3><b>Qual o impacto da conjun\u00e7\u00e3o Sol e Merc\u00fario no mapa astral?<\/b><\/h3>\n<p><span style=\"font-weight: 400;\">Decerto, esse encontro, vai influenciar em como voc\u00ea se manifesta. Afinal, essa conjun\u00e7\u00e3o conversa em individual em cada Mapa Astral e com cada ser humano.<\/span><\/p>\n<ul>\n<li style=\"font-weight: 400;\" aria-level=\"1\"><span style=\"font-weight: 400;\">o Sol \u00e9 quem voc\u00ea \u00e9,\u00a0<\/span><\/li>\n<li style=\"font-weight: 400;\" aria-level=\"1\"><span style=\"font-weight: 400;\">Merc\u00fario \u00e9 como sua mente se expressa,\u00a0<\/span><\/li>\n<\/ul>\n<p><span style=\"font-weight: 400;\">Logo, os signos em que cada um estiver ser\u00e3o de suma import\u00e2ncia na an\u00e1lise de seu Mapa Astral.\u00a0<\/span><\/p>\n<p><span style=\"font-weight: 400;\">Por exemplo, se voc\u00ea nasceu com o <\/span><a href=\"https:\/\/www.iquilibrio.com\/blog\/astrologia\/sol-em-aries\/\"><span style=\"font-weight: 400;\">Sol em \u00c1ries<\/span><\/a><span style=\"font-weight: 400;\">, mas seu Merc\u00fario est\u00e1 em Peixes, Merc\u00fario s\u00f3 poder\u00e1 estar em Peixes, \u00c1ries ou Touro, sempre estar\u00e1 no mesmo signo do seu Sol, num signo antes ou depois do Sol.\u00a0<\/span><\/p>\n<p><span style=\"font-weight: 400;\">Se voc\u00ea nasceu com o Sol em \u00c1ries voc\u00ea ter\u00e1 uma atitude de competi\u00e7\u00e3o, pressa, vontade de come\u00e7ar coisas novas e de ser independente.\u00a0<\/span><\/p>\n<p><span style=\"font-weight: 400;\">Al\u00e9m disso, caso algumas situa\u00e7\u00f5es ou pessoas atrapalhem sua independ\u00eancia voc\u00ea poder\u00e1 desenvolver raiva e ser mais agressivo.<\/span><\/p>\n<p><span style=\"font-weight: 400;\">Entretanto,\u00a0 Merc\u00fario estando em Peixes provavelmente voc\u00ea tenha uma mente mais rom\u00e2ntica, po\u00e9tica, emp\u00e1tica e leve em considera\u00e7\u00e3o os sentimentos dos outros.\u00a0<\/span><\/p>\n<p><span style=\"font-weight: 400;\">Assim, como seu Sol conseguir\u00e1 ser independente se voc\u00ea desenvolver um <\/span><a href=\"https:\/\/www.astrocentro.com.br\/blog\/numerologia\/poder-numerologia\/\"><span style=\"font-weight: 400;\">padr\u00e3o<\/span><\/a><span style=\"font-weight: 400;\"> mental de salvador dos outros?<\/span><\/p>\n<p><span style=\"font-weight: 400;\">Se por acaso, seu Sol estiver abra\u00e7ado com seu Merc\u00fario no signo de \u00c1ries, os dois v\u00e3o trabalhar para sua independ\u00eancia, lembrando que, se por acaso voc\u00ea tiver problemas com sua independ\u00eancia, os dois v\u00e3o trabalhar para sua raiva.\u00a0<\/span><\/p>\n<p style=\"text-align: center;\"><span class=\"td_btn td_btn_md td_round_btn\" style=\"background-color: #993366; color: #ffffff;\"><a style=\"background-color: #993366; color: #ffffff;\" href=\"https:\/\/www.iquilibrio.com\/astrologia\/?utm_campaign=blog_conversao&amp;utm_medium=texto_cta&amp;utm_source=blog&amp;utm_content=2024_cat_astrologia_art_conjuncao_sol_e_mercurio\"><span style=\"font-weight: 400;\">Descubra como a astrologia pode iluminar seu caminho e orientar suas escolhas<\/span><\/a><\/span><\/p>\n<h3><b>A conjun\u00e7\u00e3o \u00e9 boa?<\/b><\/h3>\n<p><span style=\"font-weight: 400;\">A astrologia n\u00e3o fomenta certo ou errado, por meio dela, <\/span><a href=\"https:\/\/www.astrocentro.com.br\/blog\/astrologia\/astrologo\/\"><span style=\"font-weight: 400;\">astr\u00f3logos<\/span><\/a><span style=\"font-weight: 400;\"> analisam como as pessoas podem usar seus Mapas de forma mais harmoniosa.<\/span><\/p>\n<p><span style=\"font-weight: 400;\">Assim, uma conjun\u00e7\u00e3o pode ser boa ou n\u00e3o, vai depender de\u00a0 como voc\u00ea a estiver usando.\u00a0<\/span><\/p>\n<p><span style=\"font-weight: 400;\">Desse modo, na conjun\u00e7\u00e3o de Sol e Merc\u00fario, a vontade da pessoa vai se expressar\u00a0 verbal ou mentalmente, num desejo de se comunicar de alguma forma, de expressar o pensamento de maneira pessoal.\u00a0<\/span><\/p>\n<p><span style=\"font-weight: 400;\">Al\u00e9m disso, pode indicar:<\/span><\/p>\n<ul>\n<li style=\"font-weight: 400;\" aria-level=\"1\"><span style=\"font-weight: 400;\">intelig\u00eancia,\u00a0<\/span><\/li>\n<li style=\"font-weight: 400;\" aria-level=\"1\"><span style=\"font-weight: 400;\">adaptabilidade.\u00a0<\/span><\/li>\n<\/ul>\n<p><span style=\"font-weight: 400;\">Afinal, <\/span><span style=\"font-weight: 400;\">quando ambos os planetas compartilham o mesmo signo, uma coer\u00eancia natural se estabelece, facilitando a <\/span><a href=\"https:\/\/www.iquilibrio.com\/blog\/espiritualidade\/xamanismo\/carpe-diem\/\"><span style=\"font-weight: 400;\">express\u00e3o<\/span><\/a><span style=\"font-weight: 400;\"> verbal e mental.\u00a0<\/span><\/p>\n<p><span style=\"font-weight: 400;\">No entanto, se estiverem em signos diferentes, podem surgir desafios na comunica\u00e7\u00e3o das necessidades do Sol.<\/span><\/p>\n<figure id=\"attachment_40493\" aria-describedby=\"caption-attachment-40493\" style=\"width: 900px\" class=\"wp-caption alignnone\"><img loading=\"lazy\" decoding=\"async\" class=\"size-full wp-image-40493\" src=\"https:\/\/www.iquilibrio.com\/blog\/wp-content\/uploads\/2024\/04\/Conjuncao-Sol-e-Mercurio-1.jpg\" alt=\"Conjun\u00e7\u00e3o Sol e Merc\u00fario\" width=\"900\" height=\"560\" srcset=\"https:\/\/www.iquilibrio.com\/blog\/wp-content\/uploads\/2024\/04\/Conjuncao-Sol-e-Mercurio-1.jpg 900w, https:\/\/www.iquilibrio.com\/blog\/wp-content\/uploads\/2024\/04\/Conjuncao-Sol-e-Mercurio-1-300x187.jpg 300w, https:\/\/www.iquilibrio.com\/blog\/wp-content\/uploads\/2024\/04\/Conjuncao-Sol-e-Mercurio-1-768x478.jpg 768w, https:\/\/www.iquilibrio.com\/blog\/wp-content\/uploads\/2024\/04\/Conjuncao-Sol-e-Mercurio-1-696x433.jpg 696w, https:\/\/www.iquilibrio.com\/blog\/wp-content\/uploads\/2024\/04\/Conjuncao-Sol-e-Mercurio-1-675x420.jpg 675w\" sizes=\"auto, (max-width: 900px) 100vw, 900px\" \/><figcaption id=\"caption-attachment-40493\" class=\"wp-caption-text\">Conjun\u00e7\u00e3o Sol e Merc\u00fario<\/figcaption><\/figure>\n<h2><b>Explorando a Din\u00e2mica Sol-Merc\u00fario<\/b><\/h2>\n<p><span style=\"font-weight: 400;\">Merc\u00fario tem uma obsess\u00e3o pelo Sol, ele quer ser reconhecido pelo Sol. Dessa maneira, Merc\u00fario \u00e9 a mente, o padr\u00e3o mental, os <\/span><a href=\"https:\/\/www.iquilibrio.com\/blog\/bem-estar\/pensamentos-negativos\/\"><span style=\"font-weight: 400;\">pensamentos<\/span><\/a><span style=\"font-weight: 400;\"> que est\u00e3o diretamente ligados ao ego, ao Eu.<\/span><\/p>\n<p><span style=\"font-weight: 400;\">Tudo que pensamos forma o nosso eu, n\u00e3o \u00e9 o nosso eu que vai formar a nossa cabe\u00e7a, \u00e9 Merc\u00fario e suas ideias.<\/span><\/p>\n<p><span style=\"font-weight: 400;\">Assim, ele tamb\u00e9m representa os 5 sentidos, \u00e9 atrav\u00e9s deles que temos um relativo controle da vida.Afinal, todos dependemos dos 5 sentidos, sabemos que quando um desses sentidos n\u00e3o funciona, ficamos carente dessa falta.<\/span><\/p>\n<p><span style=\"font-weight: 400;\">Merc\u00fario forma nossas opini\u00f5es, d\u00e1 nome aos objetos, est\u00e1 ligado ao que est\u00e1 fora, ent\u00e3o s\u00e3o dois, n\u00f3s e o que pensamos.\u00a0<\/span><\/p>\n<p><span style=\"font-weight: 400;\">Contudo, o Sol \u00e9 aquilo que somos.\u00a0<\/span><\/p>\n<p style=\"text-align: center;\"><span class=\"td_btn td_btn_md td_round_btn\" style=\"background-color: #993366; color: #ffffff;\"><a style=\"background-color: #993366; color: #ffffff;\" href=\"https:\/\/www.iquilibrio.com\/astrologia\/?utm_campaign=blog_conversao&amp;utm_medium=texto_cta&amp;utm_source=blog&amp;utm_content=2024_cat_astrologia_art_conjuncao_sol_e_mercurio\"><span style=\"font-weight: 400;\">Descubra mais sobre si mesma e seu destino por meio de uma an\u00e1lise personalizada do seu Mapa Astral<\/span><\/a><\/span><\/p>\n<h3><b>Entendendo a din\u00e2mica dessa conjun\u00e7\u00e3o<\/b><\/h3>\n<p><span style=\"font-weight: 400;\">Portanto, na conjun\u00e7\u00e3o Sol e Merc\u00fario, o planeta \u00e9 o intermedi\u00e1rio do Sol, um comunicador. Pessoas com Merc\u00fario forte no Mapa Astral, normalmente tem intelecto forte, tem interesse em comunicar, saber.<\/span><\/p>\n<p><span style=\"font-weight: 400;\">O quanto o seu Merc\u00fario \u00e9 forte? Como a sua mente est\u00e1 direcionando sua vida? Por causa dos pensamentos, Merc\u00fario vai influir em todos os planetas.<\/span><\/p>\n<p><span style=\"font-weight: 400;\">Se deseja saber o quanto seu Merc\u00fario est\u00e1 presente em seu mapa, <\/span><a href=\"https:\/\/www.iquilibrio.com\/esotericos\/ana-lucia-astrocaminho\/\"><span style=\"font-weight: 400;\">fale com a consultora Ana L\u00facia.<\/span><\/a><\/p>\n<p><span style=\"font-weight: 400;\">\u00a0A maneira como voc\u00ea pensa acaba influindo nos seus <\/span><a href=\"https:\/\/www.iquilibrio.com\/blog\/bem-estar\/dicas-amor\/relacionamentos-toxicos\/\"><span style=\"font-weight: 400;\">relacionamentos<\/span><\/a><span style=\"font-weight: 400;\">, na sua maneira de agir, em como voc\u00ea quer crescer na vida.<\/span><\/p>\n<p><span style=\"font-weight: 400;\">Tudo acaba sendo colorido pela nossa maneira de pensar, ou seja, pelo nosso Merc\u00fario.<\/span><\/p>\n<p><span style=\"font-weight: 400;\">Merc\u00fario depende do Sol quando est\u00e1 perto, n\u00e3o depende tanto do Sol quando est\u00e1 retr\u00f3grado, cria autonomia, pode expandir mais a mente. O Sol \u00e9 eu sou, Merc\u00fario \u00e9 quem vai comprar e vender tudo na nossa vida.<\/span><\/p>\n<p><span style=\"font-weight: 400;\">Sua mente, seu Merc\u00fario est\u00e1 trabalhando, criando a vida que voc\u00ea quer?<\/span><\/p>\n<p><span style=\"font-weight: 400;\">Siga o seu Mapa, ele \u00e9 a luz de seu caminho.<\/span><\/p>\n<hr \/>\n<p><img loading=\"lazy\" decoding=\"async\" class=\" wp-image-40248 alignleft\" src=\"https:\/\/www.iquilibrio.com\/blog\/wp-content\/uploads\/2024\/02\/ana-lucia-astrocaminho.jpg\" alt=\"\" width=\"383\" height=\"239\" srcset=\"https:\/\/www.iquilibrio.com\/blog\/wp-content\/uploads\/2024\/02\/ana-lucia-astrocaminho.jpg 800w, https:\/\/www.iquilibrio.com\/blog\/wp-content\/uploads\/2024\/02\/ana-lucia-astrocaminho-300x188.jpg 300w, https:\/\/www.iquilibrio.com\/blog\/wp-content\/uploads\/2024\/02\/ana-lucia-astrocaminho-768x480.jpg 768w, https:\/\/www.iquilibrio.com\/blog\/wp-content\/uploads\/2024\/02\/ana-lucia-astrocaminho-696x435.jpg 696w, https:\/\/www.iquilibrio.com\/blog\/wp-content\/uploads\/2024\/02\/ana-lucia-astrocaminho-672x420.jpg 672w\" sizes=\"auto, (max-width: 383px) 100vw, 383px\" \/><\/p>\n<p>Sou Ana L\u00facia, ajudo pessoas na ilumina\u00e7\u00e3o de seus caminhos com a ajuda da energia dos astros. Seja qual for a sua inseguran\u00e7a, no amor, carreira, fam\u00edlia, autoconhecimento, dinheiro, quest\u00f5es judiciais e sa\u00fade.<\/p>\n\n\n<div class=\"kk-star-ratings kksr-auto kksr-align-left kksr-valign-bottom\"\n    data-payload='{&quot;align&quot;:&quot;left&quot;,&quot;id&quot;:&quot;40490&quot;,&quot;slug&quot;:&quot;default&quot;,&quot;valign&quot;:&quot;bottom&quot;,&quot;ignore&quot;:&quot;&quot;,&quot;reference&quot;:&quot;auto&quot;,&quot;class&quot;:&quot;&quot;,&quot;count&quot;:&quot;0&quot;,&quot;legendonly&quot;:&quot;&quot;,&quot;readonly&quot;:&quot;&quot;,&quot;score&quot;:&quot;0&quot;,&quot;starsonly&quot;:&quot;&quot;,&quot;best&quot;:&quot;5&quot;,&quot;gap&quot;:&quot;5&quot;,&quot;greet&quot;:&quot;Rate this post&quot;,&quot;legend&quot;:&quot;0\\\/5 - (0 voto)&quot;,&quot;size&quot;:&quot;24&quot;,&quot;title&quot;:&quot;Conjun\u00e7\u00e3o Sol e Merc\u00fario: Voc\u00ea nasceu, sorria! - Pela consultora Ana L\u00facia&quot;,&quot;width&quot;:&quot;0&quot;,&quot;_legend&quot;:&quot;{score}\\\/{best} - ({count} {votes})&quot;,&quot;font_factor&quot;:&quot;1.25&quot;}'>\n            \n<div class=\"kksr-stars\">\n    \n<div class=\"kksr-stars-inactive\">\n            <div class=\"kksr-star\" data-star=\"1\" style=\"padding-right: 5px\">\n            \n\n<div class=\"kksr-icon\" style=\"width: 24px; height: 24px;\"><\/div>\n        <\/div>\n            <div class=\"kksr-star\" data-star=\"2\" style=\"padding-right: 5px\">\n            \n\n<div class=\"kksr-icon\" style=\"width: 24px; height: 24px;\"><\/div>\n        <\/div>\n            <div class=\"kksr-star\" data-star=\"3\" style=\"padding-right: 5px\">\n            \n\n<div class=\"kksr-icon\" style=\"width: 24px; height: 24px;\"><\/div>\n        <\/div>\n            <div class=\"kksr-star\" data-star=\"4\" style=\"padding-right: 5px\">\n            \n\n<div class=\"kksr-icon\" style=\"width: 24px; height: 24px;\"><\/div>\n        <\/div>\n            <div class=\"kksr-star\" data-star=\"5\" style=\"padding-right: 5px\">\n            \n\n<div class=\"kksr-icon\" style=\"width: 24px; height: 24px;\"><\/div>\n        <\/div>\n    <\/div>\n    \n<div class=\"kksr-stars-active\" style=\"width: 0px;\">\n            <div class=\"kksr-star\" style=\"padding-right: 5px\">\n            \n\n<div class=\"kksr-icon\" style=\"width: 24px; height: 24px;\"><\/div>\n        <\/div>\n            <div class=\"kksr-star\" style=\"padding-right: 5px\">\n            \n\n<div class=\"kksr-icon\" style=\"width: 24px; height: 24px;\"><\/div>\n        <\/div>\n            <div class=\"kksr-star\" style=\"padding-right: 5px\">\n            \n\n<div class=\"kksr-icon\" style=\"width: 24px; height: 24px;\"><\/div>\n        <\/div>\n            <div class=\"kksr-star\" style=\"padding-right: 5px\">\n            \n\n<div class=\"kksr-icon\" style=\"width: 24px; height: 24px;\"><\/div>\n        <\/div>\n            <div class=\"kksr-star\" style=\"padding-right: 5px\">\n            \n\n<div class=\"kksr-icon\" style=\"width: 24px; height: 24px;\"><\/div>\n        <\/div>\n    <\/div>\n<\/div>\n                \n\n<div class=\"kksr-legend\" style=\"font-size: 19.2px;\">\n            <span class=\"kksr-muted\">Rate this post<\/span>\n    <\/div>\n    <\/div>\n","protected":false},"excerpt":{"rendered":"<p>Hoje, vamos explorar uma conex\u00e3o particularmente intrigante: a Conjun\u00e7\u00e3o Sol e Merc\u00fario. Se voc\u00ea j\u00e1 se aventurou pelo mundo do Mapa Astral, certamente compreende a riqueza de informa\u00e7\u00f5es que ele oferece.\u00a0 Desde os signos at\u00e9 os tr\u00e2nsitos planet\u00e1rios, cada elemento desempenha um papel crucial em moldar quem somos e como interagimos com o universo ao [&hellip;]<\/p>\n","protected":false},"author":161,"featured_media":40491,"comment_status":"closed","ping_status":"closed","sticky":false,"template":"","format":"standard","meta":{"footnotes":""},"categories":[517,532],"tags":[2943],"class_list":["post-40490","post","type-post","status-publish","format-standard","has-post-thumbnail","hentry","category-astrologia","category-planetas","tag-astrologia"],"yoast_head":"<!-- This site is optimized with the Yoast SEO plugin v27.4 - https:\/\/yoast.com\/product\/yoast-seo-wordpress\/ -->\n<title>Conjun\u00e7\u00e3o Sol e Merc\u00fario: Entenda a Comunica\u00e7\u00e3o no Mapa Astral<\/title>\n<meta name=\"description\" content=\"Descubra como a Conjun\u00e7\u00e3o Sol e Merc\u00fario influencia sua identidade e comunica\u00e7\u00e3o no Mapa Astral. Entenda o impacto na sua forma de express\u00e3o.\" \/>\n<meta name=\"robots\" content=\"index, follow, max-snippet:-1, max-image-preview:large, max-video-preview:-1\" \/>\n<link rel=\"canonical\" href=\"https:\/\/www.iquilibrio.com\/blog\/astrologia\/conjuncao-sol-e-mercurio\/\" \/>\n<meta property=\"og:locale\" content=\"pt_BR\" \/>\n<meta property=\"og:type\" content=\"article\" \/>\n<meta property=\"og:title\" content=\"Conjun\u00e7\u00e3o Sol e Merc\u00fario: Entenda a Comunica\u00e7\u00e3o no Mapa Astral\" \/>\n<meta property=\"og:description\" content=\"Descubra como a Conjun\u00e7\u00e3o Sol e Merc\u00fario influencia sua identidade e comunica\u00e7\u00e3o no Mapa Astral. Entenda o impacto na sua forma de express\u00e3o.\" \/>\n<meta property=\"og:url\" content=\"https:\/\/www.iquilibrio.com\/blog\/astrologia\/conjuncao-sol-e-mercurio\/\" \/>\n<meta property=\"og:site_name\" content=\"iQuilibrio\" \/>\n<meta property=\"article:publisher\" content=\"https:\/\/www.facebook.com\/iQuilibrio\/\" \/>\n<meta property=\"article:published_time\" content=\"2024-04-10T21:00:55+00:00\" \/>\n<meta property=\"og:image\" content=\"https:\/\/www.iquilibrio.com\/blog\/wp-content\/uploads\/2024\/04\/Conjuncao-Sol-e-Mercurio-2.jpg\" \/>\n\t<meta property=\"og:image:width\" content=\"900\" \/>\n\t<meta property=\"og:image:height\" content=\"560\" \/>\n\t<meta property=\"og:image:type\" content=\"image\/jpeg\" \/>\n<meta name=\"author\" content=\"Caroline Rodrigues\" \/>\n<meta name=\"twitter:card\" content=\"summary_large_image\" \/>\n<meta name=\"twitter:creator\" content=\"@iquilibrio\" \/>\n<meta name=\"twitter:site\" content=\"@iquilibrio\" \/>\n<meta name=\"twitter:label1\" content=\"Escrito por\" \/>\n\t<meta name=\"twitter:data1\" content=\"Caroline Rodrigues\" \/>\n\t<meta name=\"twitter:label2\" content=\"Est. tempo de leitura\" \/>\n\t<meta name=\"twitter:data2\" content=\"6 minutos\" \/>\n<script type=\"application\/ld+json\" class=\"yoast-schema-graph\">{\"@context\":\"https:\\\/\\\/schema.org\",\"@graph\":[{\"@type\":\"Article\",\"@id\":\"https:\\\/\\\/www.iquilibrio.com\\\/blog\\\/astrologia\\\/conjuncao-sol-e-mercurio\\\/#article\",\"isPartOf\":{\"@id\":\"https:\\\/\\\/www.iquilibrio.com\\\/blog\\\/astrologia\\\/conjuncao-sol-e-mercurio\\\/\"},\"author\":{\"name\":\"Caroline Rodrigues\",\"@id\":\"https:\\\/\\\/www.iquilibrio.com\\\/blog\\\/#\\\/schema\\\/person\\\/d2a838a4b9311bdef1bd3fe2cdab523b\"},\"headline\":\"Conjun\u00e7\u00e3o Sol e Merc\u00fario: Voc\u00ea nasceu, sorria! &#8211; Pela consultora Ana L\u00facia\",\"datePublished\":\"2024-04-10T21:00:55+00:00\",\"mainEntityOfPage\":{\"@id\":\"https:\\\/\\\/www.iquilibrio.com\\\/blog\\\/astrologia\\\/conjuncao-sol-e-mercurio\\\/\"},\"wordCount\":1014,\"publisher\":{\"@id\":\"https:\\\/\\\/www.iquilibrio.com\\\/blog\\\/#organization\"},\"image\":{\"@id\":\"https:\\\/\\\/www.iquilibrio.com\\\/blog\\\/astrologia\\\/conjuncao-sol-e-mercurio\\\/#primaryimage\"},\"thumbnailUrl\":\"https:\\\/\\\/www.iquilibrio.com\\\/blog\\\/wp-content\\\/uploads\\\/2024\\\/04\\\/Conjuncao-Sol-e-Mercurio-2.jpg\",\"keywords\":[\"astrologia\"],\"articleSection\":[\"Astrologia\",\"Planetas\"],\"inLanguage\":\"pt-BR\"},{\"@type\":\"WebPage\",\"@id\":\"https:\\\/\\\/www.iquilibrio.com\\\/blog\\\/astrologia\\\/conjuncao-sol-e-mercurio\\\/\",\"url\":\"https:\\\/\\\/www.iquilibrio.com\\\/blog\\\/astrologia\\\/conjuncao-sol-e-mercurio\\\/\",\"name\":\"Conjun\u00e7\u00e3o Sol e Merc\u00fario: Entenda a Comunica\u00e7\u00e3o no Mapa Astral\",\"isPartOf\":{\"@id\":\"https:\\\/\\\/www.iquilibrio.com\\\/blog\\\/#website\"},\"primaryImageOfPage\":{\"@id\":\"https:\\\/\\\/www.iquilibrio.com\\\/blog\\\/astrologia\\\/conjuncao-sol-e-mercurio\\\/#primaryimage\"},\"image\":{\"@id\":\"https:\\\/\\\/www.iquilibrio.com\\\/blog\\\/astrologia\\\/conjuncao-sol-e-mercurio\\\/#primaryimage\"},\"thumbnailUrl\":\"https:\\\/\\\/www.iquilibrio.com\\\/blog\\\/wp-content\\\/uploads\\\/2024\\\/04\\\/Conjuncao-Sol-e-Mercurio-2.jpg\",\"datePublished\":\"2024-04-10T21:00:55+00:00\",\"description\":\"Descubra como a Conjun\u00e7\u00e3o Sol e Merc\u00fario influencia sua identidade e comunica\u00e7\u00e3o no Mapa Astral. Entenda o impacto na sua forma de express\u00e3o.\",\"breadcrumb\":{\"@id\":\"https:\\\/\\\/www.iquilibrio.com\\\/blog\\\/astrologia\\\/conjuncao-sol-e-mercurio\\\/#breadcrumb\"},\"inLanguage\":\"pt-BR\",\"potentialAction\":[{\"@type\":\"ReadAction\",\"target\":[\"https:\\\/\\\/www.iquilibrio.com\\\/blog\\\/astrologia\\\/conjuncao-sol-e-mercurio\\\/\"]}]},{\"@type\":\"ImageObject\",\"inLanguage\":\"pt-BR\",\"@id\":\"https:\\\/\\\/www.iquilibrio.com\\\/blog\\\/astrologia\\\/conjuncao-sol-e-mercurio\\\/#primaryimage\",\"url\":\"https:\\\/\\\/www.iquilibrio.com\\\/blog\\\/wp-content\\\/uploads\\\/2024\\\/04\\\/Conjuncao-Sol-e-Mercurio-2.jpg\",\"contentUrl\":\"https:\\\/\\\/www.iquilibrio.com\\\/blog\\\/wp-content\\\/uploads\\\/2024\\\/04\\\/Conjuncao-Sol-e-Mercurio-2.jpg\",\"width\":900,\"height\":560,\"caption\":\"Conjun\u00e7\u00e3o Sol e Merc\u00fario\"},{\"@type\":\"BreadcrumbList\",\"@id\":\"https:\\\/\\\/www.iquilibrio.com\\\/blog\\\/astrologia\\\/conjuncao-sol-e-mercurio\\\/#breadcrumb\",\"itemListElement\":[{\"@type\":\"ListItem\",\"position\":1,\"name\":\"In\u00edcio\",\"item\":\"https:\\\/\\\/www.iquilibrio.com\\\/blog\\\/\"},{\"@type\":\"ListItem\",\"position\":2,\"name\":\"Conjun\u00e7\u00e3o Sol e Merc\u00fario: Voc\u00ea nasceu, sorria! &#8211; Pela consultora Ana L\u00facia\"}]},{\"@type\":\"WebSite\",\"@id\":\"https:\\\/\\\/www.iquilibrio.com\\\/blog\\\/#website\",\"url\":\"https:\\\/\\\/www.iquilibrio.com\\\/blog\\\/\",\"name\":\"iQuilibrio\",\"description\":\"Blog iQuilibrio\",\"publisher\":{\"@id\":\"https:\\\/\\\/www.iquilibrio.com\\\/blog\\\/#organization\"},\"potentialAction\":[{\"@type\":\"SearchAction\",\"target\":{\"@type\":\"EntryPoint\",\"urlTemplate\":\"https:\\\/\\\/www.iquilibrio.com\\\/blog\\\/?s={search_term_string}\"},\"query-input\":{\"@type\":\"PropertyValueSpecification\",\"valueRequired\":true,\"valueName\":\"search_term_string\"}}],\"inLanguage\":\"pt-BR\"},{\"@type\":\"Organization\",\"@id\":\"https:\\\/\\\/www.iquilibrio.com\\\/blog\\\/#organization\",\"name\":\"Esoterismo, Misticismo e Tarot Online - iQuilibrio\",\"url\":\"https:\\\/\\\/www.iquilibrio.com\\\/blog\\\/\",\"logo\":{\"@type\":\"ImageObject\",\"inLanguage\":\"pt-BR\",\"@id\":\"https:\\\/\\\/www.iquilibrio.com\\\/blog\\\/#\\\/schema\\\/logo\\\/image\\\/\",\"url\":\"https:\\\/\\\/www.iquilibrio.com\\\/blog\\\/wp-content\\\/uploads\\\/2018\\\/12\\\/iquilibrio_lovo_vetor_preto-retina.png\",\"contentUrl\":\"https:\\\/\\\/www.iquilibrio.com\\\/blog\\\/wp-content\\\/uploads\\\/2018\\\/12\\\/iquilibrio_lovo_vetor_preto-retina.png\",\"width\":972,\"height\":180,\"caption\":\"Esoterismo, Misticismo e Tarot Online - iQuilibrio\"},\"image\":{\"@id\":\"https:\\\/\\\/www.iquilibrio.com\\\/blog\\\/#\\\/schema\\\/logo\\\/image\\\/\"},\"sameAs\":[\"https:\\\/\\\/www.facebook.com\\\/iQuilibrio\\\/\",\"https:\\\/\\\/x.com\\\/iquilibrio\",\"https:\\\/\\\/www.instagram.com\\\/iquilibrio\\\/\",\"https:\\\/\\\/www.linkedin.com\\\/company\\\/iquilibrio\\\/\",\"https:\\\/\\\/br.pinterest.com\\\/iquilibrio1397\\\/\",\"https:\\\/\\\/www.youtube.com\\\/channel\\\/UC175qxd-4Zsi4wzawT5zF2g\"]},{\"@type\":\"Person\",\"@id\":\"https:\\\/\\\/www.iquilibrio.com\\\/blog\\\/#\\\/schema\\\/person\\\/d2a838a4b9311bdef1bd3fe2cdab523b\",\"name\":\"Caroline Rodrigues\",\"image\":{\"@type\":\"ImageObject\",\"inLanguage\":\"pt-BR\",\"@id\":\"https:\\\/\\\/www.iquilibrio.com\\\/blog\\\/wp-content\\\/uploads\\\/2023\\\/07\\\/Imagem-do-WhatsApp-de-2023-07-12-as-15.51.46-150x150.jpg\",\"url\":\"https:\\\/\\\/www.iquilibrio.com\\\/blog\\\/wp-content\\\/uploads\\\/2023\\\/07\\\/Imagem-do-WhatsApp-de-2023-07-12-as-15.51.46-150x150.jpg\",\"contentUrl\":\"https:\\\/\\\/www.iquilibrio.com\\\/blog\\\/wp-content\\\/uploads\\\/2023\\\/07\\\/Imagem-do-WhatsApp-de-2023-07-12-as-15.51.46-150x150.jpg\",\"caption\":\"Caroline Rodrigues\"},\"description\":\"Leitora de fantasias e curiosa por aprender sobre si mesma e o mundo ao seu redor! \u00c9 ariana e por isso n\u00e3o nega a vontade de fazer v\u00e1rias coisas de uma s\u00f3 vez, apaixonada por tudo que a faz se questionar sobre as suas pr\u00f3prias certezas, seja em filmes, s\u00e9ries ou livros! Gosta de praticar medita\u00e7\u00e3o e limpezas espirituais para equilibrar as energias em casa e ler sobre o universo e seus segredos\u00a0tamb\u00e9m! Encara escrever como uma forma de se expressar e falar o que sente, visto que \u00e9 uma pessoa muito sens\u00edvel\u00a0e\u00a0emotiva!\",\"url\":\"https:\\\/\\\/www.iquilibrio.com\\\/blog\\\/author\\\/caroline-rodrigues\\\/\"}]}<\/script>\n<!-- \/ Yoast SEO plugin. -->","yoast_head_json":{"title":"Conjun\u00e7\u00e3o Sol e Merc\u00fario: Entenda a Comunica\u00e7\u00e3o no Mapa Astral","description":"Descubra como a Conjun\u00e7\u00e3o Sol e Merc\u00fario influencia sua identidade e comunica\u00e7\u00e3o no Mapa Astral. Entenda o impacto na sua forma de express\u00e3o.","robots":{"index":"index","follow":"follow","max-snippet":"max-snippet:-1","max-image-preview":"max-image-preview:large","max-video-preview":"max-video-preview:-1"},"canonical":"https:\/\/www.iquilibrio.com\/blog\/astrologia\/conjuncao-sol-e-mercurio\/","og_locale":"pt_BR","og_type":"article","og_title":"Conjun\u00e7\u00e3o Sol e Merc\u00fario: Entenda a Comunica\u00e7\u00e3o no Mapa Astral","og_description":"Descubra como a Conjun\u00e7\u00e3o Sol e Merc\u00fario influencia sua identidade e comunica\u00e7\u00e3o no Mapa Astral. Entenda o impacto na sua forma de express\u00e3o.","og_url":"https:\/\/www.iquilibrio.com\/blog\/astrologia\/conjuncao-sol-e-mercurio\/","og_site_name":"iQuilibrio","article_publisher":"https:\/\/www.facebook.com\/iQuilibrio\/","article_published_time":"2024-04-10T21:00:55+00:00","og_image":[{"width":900,"height":560,"url":"https:\/\/www.iquilibrio.com\/blog\/wp-content\/uploads\/2024\/04\/Conjuncao-Sol-e-Mercurio-2.jpg","type":"image\/jpeg"}],"author":"Caroline Rodrigues","twitter_card":"summary_large_image","twitter_creator":"@iquilibrio","twitter_site":"@iquilibrio","twitter_misc":{"Escrito por":"Caroline Rodrigues","Est. tempo de leitura":"6 minutos"},"schema":{"@context":"https:\/\/schema.org","@graph":[{"@type":"Article","@id":"https:\/\/www.iquilibrio.com\/blog\/astrologia\/conjuncao-sol-e-mercurio\/#article","isPartOf":{"@id":"https:\/\/www.iquilibrio.com\/blog\/astrologia\/conjuncao-sol-e-mercurio\/"},"author":{"name":"Caroline Rodrigues","@id":"https:\/\/www.iquilibrio.com\/blog\/#\/schema\/person\/d2a838a4b9311bdef1bd3fe2cdab523b"},"headline":"Conjun\u00e7\u00e3o Sol e Merc\u00fario: Voc\u00ea nasceu, sorria! &#8211; Pela consultora Ana L\u00facia","datePublished":"2024-04-10T21:00:55+00:00","mainEntityOfPage":{"@id":"https:\/\/www.iquilibrio.com\/blog\/astrologia\/conjuncao-sol-e-mercurio\/"},"wordCount":1014,"publisher":{"@id":"https:\/\/www.iquilibrio.com\/blog\/#organization"},"image":{"@id":"https:\/\/www.iquilibrio.com\/blog\/astrologia\/conjuncao-sol-e-mercurio\/#primaryimage"},"thumbnailUrl":"https:\/\/www.iquilibrio.com\/blog\/wp-content\/uploads\/2024\/04\/Conjuncao-Sol-e-Mercurio-2.jpg","keywords":["astrologia"],"articleSection":["Astrologia","Planetas"],"inLanguage":"pt-BR"},{"@type":"WebPage","@id":"https:\/\/www.iquilibrio.com\/blog\/astrologia\/conjuncao-sol-e-mercurio\/","url":"https:\/\/www.iquilibrio.com\/blog\/astrologia\/conjuncao-sol-e-mercurio\/","name":"Conjun\u00e7\u00e3o Sol e Merc\u00fario: Entenda a Comunica\u00e7\u00e3o no Mapa Astral","isPartOf":{"@id":"https:\/\/www.iquilibrio.com\/blog\/#website"},"primaryImageOfPage":{"@id":"https:\/\/www.iquilibrio.com\/blog\/astrologia\/conjuncao-sol-e-mercurio\/#primaryimage"},"image":{"@id":"https:\/\/www.iquilibrio.com\/blog\/astrologia\/conjuncao-sol-e-mercurio\/#primaryimage"},"thumbnailUrl":"https:\/\/www.iquilibrio.com\/blog\/wp-content\/uploads\/2024\/04\/Conjuncao-Sol-e-Mercurio-2.jpg","datePublished":"2024-04-10T21:00:55+00:00","description":"Descubra como a Conjun\u00e7\u00e3o Sol e Merc\u00fario influencia sua identidade e comunica\u00e7\u00e3o no Mapa Astral. Entenda o impacto na sua forma de express\u00e3o.","breadcrumb":{"@id":"https:\/\/www.iquilibrio.com\/blog\/astrologia\/conjuncao-sol-e-mercurio\/#breadcrumb"},"inLanguage":"pt-BR","potentialAction":[{"@type":"ReadAction","target":["https:\/\/www.iquilibrio.com\/blog\/astrologia\/conjuncao-sol-e-mercurio\/"]}]},{"@type":"ImageObject","inLanguage":"pt-BR","@id":"https:\/\/www.iquilibrio.com\/blog\/astrologia\/conjuncao-sol-e-mercurio\/#primaryimage","url":"https:\/\/www.iquilibrio.com\/blog\/wp-content\/uploads\/2024\/04\/Conjuncao-Sol-e-Mercurio-2.jpg","contentUrl":"https:\/\/www.iquilibrio.com\/blog\/wp-content\/uploads\/2024\/04\/Conjuncao-Sol-e-Mercurio-2.jpg","width":900,"height":560,"caption":"Conjun\u00e7\u00e3o Sol e Merc\u00fario"},{"@type":"BreadcrumbList","@id":"https:\/\/www.iquilibrio.com\/blog\/astrologia\/conjuncao-sol-e-mercurio\/#breadcrumb","itemListElement":[{"@type":"ListItem","position":1,"name":"In\u00edcio","item":"https:\/\/www.iquilibrio.com\/blog\/"},{"@type":"ListItem","position":2,"name":"Conjun\u00e7\u00e3o Sol e Merc\u00fario: Voc\u00ea nasceu, sorria! &#8211; Pela consultora Ana L\u00facia"}]},{"@type":"WebSite","@id":"https:\/\/www.iquilibrio.com\/blog\/#website","url":"https:\/\/www.iquilibrio.com\/blog\/","name":"iQuilibrio","description":"Blog iQuilibrio","publisher":{"@id":"https:\/\/www.iquilibrio.com\/blog\/#organization"},"potentialAction":[{"@type":"SearchAction","target":{"@type":"EntryPoint","urlTemplate":"https:\/\/www.iquilibrio.com\/blog\/?s={search_term_string}"},"query-input":{"@type":"PropertyValueSpecification","valueRequired":true,"valueName":"search_term_string"}}],"inLanguage":"pt-BR"},{"@type":"Organization","@id":"https:\/\/www.iquilibrio.com\/blog\/#organization","name":"Esoterismo, Misticismo e Tarot Online - iQuilibrio","url":"https:\/\/www.iquilibrio.com\/blog\/","logo":{"@type":"ImageObject","inLanguage":"pt-BR","@id":"https:\/\/www.iquilibrio.com\/blog\/#\/schema\/logo\/image\/","url":"https:\/\/www.iquilibrio.com\/blog\/wp-content\/uploads\/2018\/12\/iquilibrio_lovo_vetor_preto-retina.png","contentUrl":"https:\/\/www.iquilibrio.com\/blog\/wp-content\/uploads\/2018\/12\/iquilibrio_lovo_vetor_preto-retina.png","width":972,"height":180,"caption":"Esoterismo, Misticismo e Tarot Online - iQuilibrio"},"image":{"@id":"https:\/\/www.iquilibrio.com\/blog\/#\/schema\/logo\/image\/"},"sameAs":["https:\/\/www.facebook.com\/iQuilibrio\/","https:\/\/x.com\/iquilibrio","https:\/\/www.instagram.com\/iquilibrio\/","https:\/\/www.linkedin.com\/company\/iquilibrio\/","https:\/\/br.pinterest.com\/iquilibrio1397\/","https:\/\/www.youtube.com\/channel\/UC175qxd-4Zsi4wzawT5zF2g"]},{"@type":"Person","@id":"https:\/\/www.iquilibrio.com\/blog\/#\/schema\/person\/d2a838a4b9311bdef1bd3fe2cdab523b","name":"Caroline Rodrigues","image":{"@type":"ImageObject","inLanguage":"pt-BR","@id":"https:\/\/www.iquilibrio.com\/blog\/wp-content\/uploads\/2023\/07\/Imagem-do-WhatsApp-de-2023-07-12-as-15.51.46-150x150.jpg","url":"https:\/\/www.iquilibrio.com\/blog\/wp-content\/uploads\/2023\/07\/Imagem-do-WhatsApp-de-2023-07-12-as-15.51.46-150x150.jpg","contentUrl":"https:\/\/www.iquilibrio.com\/blog\/wp-content\/uploads\/2023\/07\/Imagem-do-WhatsApp-de-2023-07-12-as-15.51.46-150x150.jpg","caption":"Caroline Rodrigues"},"description":"Leitora de fantasias e curiosa por aprender sobre si mesma e o mundo ao seu redor! \u00c9 ariana e por isso n\u00e3o nega a vontade de fazer v\u00e1rias coisas de uma s\u00f3 vez, apaixonada por tudo que a faz se questionar sobre as suas pr\u00f3prias certezas, seja em filmes, s\u00e9ries ou livros! Gosta de praticar medita\u00e7\u00e3o e limpezas espirituais para equilibrar as energias em casa e ler sobre o universo e seus segredos\u00a0tamb\u00e9m! Encara escrever como uma forma de se expressar e falar o que sente, visto que \u00e9 uma pessoa muito sens\u00edvel\u00a0e\u00a0emotiva!","url":"https:\/\/www.iquilibrio.com\/blog\/author\/caroline-rodrigues\/"}]}},"_links":{"self":[{"href":"https:\/\/www.iquilibrio.com\/blog\/wp-json\/wp\/v2\/posts\/40490","targetHints":{"allow":["GET"]}}],"collection":[{"href":"https:\/\/www.iquilibrio.com\/blog\/wp-json\/wp\/v2\/posts"}],"about":[{"href":"https:\/\/www.iquilibrio.com\/blog\/wp-json\/wp\/v2\/types\/post"}],"author":[{"embeddable":true,"href":"https:\/\/www.iquilibrio.com\/blog\/wp-json\/wp\/v2\/users\/161"}],"replies":[{"embeddable":true,"href":"https:\/\/www.iquilibrio.com\/blog\/wp-json\/wp\/v2\/comments?post=40490"}],"version-history":[{"count":3,"href":"https:\/\/www.iquilibrio.com\/blog\/wp-json\/wp\/v2\/posts\/40490\/revisions"}],"predecessor-version":[{"id":40496,"href":"https:\/\/www.iquilibrio.com\/blog\/wp-json\/wp\/v2\/posts\/40490\/revisions\/40496"}],"wp:featuredmedia":[{"embeddable":true,"href":"https:\/\/www.iquilibrio.com\/blog\/wp-json\/wp\/v2\/media\/40491"}],"wp:attachment":[{"href":"https:\/\/www.iquilibrio.com\/blog\/wp-json\/wp\/v2\/media?parent=40490"}],"wp:term":[{"taxonomy":"category","embeddable":true,"href":"https:\/\/www.iquilibrio.com\/blog\/wp-json\/wp\/v2\/categories?post=40490"},{"taxonomy":"post_tag","embeddable":true,"href":"https:\/\/www.iquilibrio.com\/blog\/wp-json\/wp\/v2\/tags?post=40490"}],"curies":[{"name":"wp","href":"https:\/\/api.w.org\/{rel}","templated":true}]}}