{"id":40479,"date":"2024-04-08T07:30:32","date_gmt":"2024-04-08T10:30:32","guid":{"rendered":"https:\/\/www.iquilibrio.com\/blog\/?p=40479"},"modified":"2024-04-08T01:28:20","modified_gmt":"2024-04-08T04:28:20","slug":"eclipse-solar-e-lua-nova-em-aries-por-deborah-de-oba","status":"publish","type":"post","link":"https:\/\/www.iquilibrio.com\/blog\/astrologia\/eclipse-solar-e-lua-nova-em-aries-por-deborah-de-oba\/","title":{"rendered":"Eclipse Solar e Lua Nova em \u00c1ries, por Deborah de Ob\u00e1"},"content":{"rendered":"<p><span style=\"font-weight: 400;\">Um eclipse solar \u00e9 um fen\u00f4meno que ocorre quando a Lua se interp\u00f5e entre a Terra e o Sol, ocultando total ou parcialmente a sua luz numa estreita faixa na superf\u00edcie terrestre, escurecendo o astro por alguns minutos.<\/span><\/p>\n<p><span style=\"font-weight: 400;\">Esses eventos ocorrem aproximadamente duas vezes por ano, durante a fase nova da Lua.<\/span><\/p>\n<p><b>Em 8 de abril, \u00e0s 15h18<\/b><span style=\"font-weight: 400;\">, adentramos na fase de Lua Nova sob a influ\u00eancia do signo de \u00c1ries. Uma Lua em \u00c1ries inspira um sentimento mais aventureiro e distingue-se por seu desejo ardente de independ\u00eancia e liberdade.<\/span><\/p>\n<p><span style=\"font-weight: 400;\">Isso pode contrastar com a natureza da Lua, que busca intimidade e cuidado. Durante este per\u00edodo, voc\u00ea pode sentir uma inquieta\u00e7\u00e3o e pode usar v\u00e1rias a\u00e7\u00f5es para evitar compromissos em relacionamentos, necessitando assumir responsabilidades pelo bem-estar dos outros em momentos espec\u00edficos.<\/span><\/p>\n<p><span style=\"font-weight: 400;\">\u00c9 importante n\u00e3o esconder seus sentimentos dos outros e aceitar seu pr\u00f3prio momento. N\u00e3o permita que supostos defeitos o fa\u00e7am sentir-se culpado, pois n\u00e3o h\u00e1 motivo para isso.<\/span><\/p>\n<p><span style=\"font-weight: 400;\">Por outro lado, voc\u00ea n\u00e3o causar\u00e1 inc\u00f4modos \u00e0s outras pessoas e muitos desses sentimentos e emo\u00e7\u00f5es est\u00e3o internamente guardados.<\/span><\/p>\n<p style=\"text-align: center;\"><a href=\"https:\/\/www.iquilibrio.com\/astrologia\/?utm_campaign=blog_conversao&amp;utm_medium=texto_cta&amp;utm_source=blog&amp;utm_content=2024_cat_astrologia_mercurio_retrogrado\"><span class=\"td_btn td_btn_md td_round_btn\" style=\"background-color: #993366; color: #ffffff;\"><span style=\"color: #ffffff; font-family: Open Sans, arial, sans-serif;\"><span style=\"font-size: 16px; background-color: #993366;\"><b>O que ser\u00e1 que este evento dir\u00e1 nos seus pr\u00f3ximos dias? Confira no seu mapa astral!<\/b><\/span><\/span><\/span><\/a><\/p>\n<hr \/>\n<h2><span style=\"font-weight: 400;\">As conjun\u00e7\u00f5es deste per\u00edodo<\/span><\/h2>\n<p><span style=\"font-weight: 400;\">Durante este evento astrol\u00f3gico, as caracter\u00edsticas da Lua, sujeitas \u00e0s vicissitudes emocionais, podem se expressar como um conflito entre sua individualidade e o desejo de integra\u00e7\u00e3o em um relacionamento. Isso pode levar a momentos de temperamento e desequil\u00edbrio, questionando a compatibilidade entre voc\u00ea e o outro.\u00a0<\/span><\/p>\n<p><span style=\"font-weight: 400;\">No entanto, \u00e9 uma oportunidade para harmonizar sentimentos com vontade pr\u00f3pria.<\/span><\/p>\n<p><span style=\"font-weight: 400;\">A conjun\u00e7\u00e3o da Lua Nova em \u00c1ries com o Sol reflete claramente todas as energias presentes em voc\u00ea, tornando dif\u00edcil ocultar sua verdadeira ess\u00eancia. \u00c9 importante considerar n\u00e3o apenas seus pr\u00f3prios objetivos, mas tamb\u00e9m os sentimentos alheios em suas a\u00e7\u00f5es.<\/span><\/p>\n<p><span style=\"font-weight: 400;\">Al\u00e9m disso, a conjun\u00e7\u00e3o com Merc\u00fario pode fazer com que o intelecto seja ocasionalmente dominado pelas emo\u00e7\u00f5es, tornando-o sens\u00edvel \u00e0s cr\u00edticas alheias.<\/span><\/p>\n<p><span style=\"font-weight: 400;\">A privacidade e os assuntos familiares podem ganhar destaque, assim como quest\u00f5es relacionadas \u00e0 sa\u00fade e alimenta\u00e7\u00e3o. Durante os dias do eclipse e p\u00f3s-eclipse, \u00e9 aconselh\u00e1vel manter uma dieta saud\u00e1vel.<\/span><\/p>\n<p style=\"text-align: center;\"><a href=\"https:\/\/www.iquilibrio.com\/astrologia\/?utm_campaign=blog_conversao&amp;utm_medium=texto_cta&amp;utm_source=blog&amp;utm_content=2024_cat_astrologia_mercurio_retrogrado\"><span class=\"td_btn td_btn_md td_round_btn\" style=\"background-color: #993366; color: #ffffff;\"><span style=\"color: #ffffff; font-family: Open Sans, arial, sans-serif;\"><span style=\"font-size: 16px; background-color: #993366;\"><b>Prepare os seus dias com o direcionamento certo!<\/b><\/span><\/span><\/span><\/a><\/p>\n<p><span style=\"font-weight: 400;\">Uma conjun\u00e7\u00e3o significativa durante esse per\u00edodo \u00e9 com Qu\u00edron, indicando uma conex\u00e3o profunda entre suas emo\u00e7\u00f5es e seu desenvolvimento espiritual. Voc\u00ea pode se sentir extremamente sens\u00edvel e disposto a explorar temas que nem todos t\u00eam acesso, construindo um espa\u00e7o \u00fanico que reflete sua individualidade.<\/span><\/p>\n<p><span style=\"font-weight: 400;\">No entanto, \u00e9 importante n\u00e3o abusar dessa compreens\u00e3o emocional, mantendo um equil\u00edbrio saud\u00e1vel.<\/span><\/p>\n<p><span style=\"font-weight: 400;\">A conjun\u00e7\u00e3o com o Nodo Lunar Ascendente indica um despertar interior para aceitar seus sentimentos e confiar em seus instintos, seguindo seu pr\u00f3prio caminho na vida. Esse aspecto tamb\u00e9m pode atrair a presen\u00e7a de pessoas significativas. Durante esse per\u00edodo, \u00e9 crucial agir em conson\u00e2ncia com suas cren\u00e7as, pois \u00e9 dif\u00edcil fazer algo apenas por motivos racionais.<\/span><\/p>\n<p><span style=\"font-weight: 400;\">Aspectos menores, como o sextil com o Meio do C\u00e9u, indicam harmonia nas rela\u00e7\u00f5es de trabalho, facilitando a vida disciplinada e as intera\u00e7\u00f5es com colegas e superiores.<\/span><\/p>\n<p><span style=\"font-weight: 400;\">Enfim, essa energia promove uni\u00e3o e confian\u00e7a, aliviando a press\u00e3o das responsabilidades di\u00e1rias. E com os direcionamentos certos, voc\u00ea estar\u00e1 mais alinhada com seu caminho astrol\u00f3gico.<\/span><\/p>\n<p>Aproveite e busque as respostas no lugar certo, pois aqui, voc\u00ea encontrar\u00e1 as respostas que precisa.<\/p>\n<p style=\"text-align: center;\"><a href=\"https:\/\/www.iquilibrio.com\/astrologia\/?utm_campaign=blog_conversao&amp;utm_medium=texto_cta&amp;utm_source=blog&amp;utm_content=2024_cat_astrologia_mercurio_retrogrado\"><span class=\"td_btn td_btn_md td_round_btn\" style=\"background-color: #993366; color: #ffffff;\">Fa\u00e7a uma an\u00e1lise profunda no seu mapeamento astral!<\/span><\/a><\/p>\n<hr \/>\n<p><img loading=\"lazy\" decoding=\"async\" class=\"wp-image-40229 alignleft\" src=\"https:\/\/www.iquilibrio.com\/blog\/wp-content\/uploads\/2024\/02\/deborah-de-oba.png\" alt=\"\" width=\"254\" height=\"159\" srcset=\"https:\/\/www.iquilibrio.com\/blog\/wp-content\/uploads\/2024\/02\/deborah-de-oba.png 800w, https:\/\/www.iquilibrio.com\/blog\/wp-content\/uploads\/2024\/02\/deborah-de-oba-300x188.png 300w, https:\/\/www.iquilibrio.com\/blog\/wp-content\/uploads\/2024\/02\/deborah-de-oba-768x480.png 768w, https:\/\/www.iquilibrio.com\/blog\/wp-content\/uploads\/2024\/02\/deborah-de-oba-696x435.png 696w, https:\/\/www.iquilibrio.com\/blog\/wp-content\/uploads\/2024\/02\/deborah-de-oba-672x420.png 672w\" sizes=\"auto, (max-width: 254px) 100vw, 254px\" \/>Minha entrega em cada atendimento \u00e9 completa. Tenho o profundo desejo de reestruturar a raiz de qualquer tipo de desequil\u00edbrio ou estancamento na vida de quem me procura.<\/p>\n<p>Al\u00e9m disso, me encanta resolver dilemas e desafios. E n\u00e3o fa\u00e7o pouco caso de qual o tipo de quest\u00e3o, j\u00e1 que qualquer d\u00favida \u00e9 pertinente.<\/p>\n<p>Sou met\u00f3dica e n\u00e3o posso trair os princ\u00edpios dos Or\u00e1culos. Assim, minha disposi\u00e7\u00e3o \u00e9 oferecer meus m\u00e9todos e experi\u00eancia s\u00e3o os alicerces para levar ao sucesso em qualquer \u00e1rea da sua vida.<\/p>\n\n\n<div class=\"kk-star-ratings kksr-auto kksr-align-left kksr-valign-bottom\"\n    data-payload='{&quot;align&quot;:&quot;left&quot;,&quot;id&quot;:&quot;40479&quot;,&quot;slug&quot;:&quot;default&quot;,&quot;valign&quot;:&quot;bottom&quot;,&quot;ignore&quot;:&quot;&quot;,&quot;reference&quot;:&quot;auto&quot;,&quot;class&quot;:&quot;&quot;,&quot;count&quot;:&quot;0&quot;,&quot;legendonly&quot;:&quot;&quot;,&quot;readonly&quot;:&quot;&quot;,&quot;score&quot;:&quot;0&quot;,&quot;starsonly&quot;:&quot;&quot;,&quot;best&quot;:&quot;5&quot;,&quot;gap&quot;:&quot;5&quot;,&quot;greet&quot;:&quot;Rate this post&quot;,&quot;legend&quot;:&quot;0\\\/5 - (0 voto)&quot;,&quot;size&quot;:&quot;24&quot;,&quot;title&quot;:&quot;Eclipse Solar e Lua Nova em \u00c1ries, por Deborah de Ob\u00e1&quot;,&quot;width&quot;:&quot;0&quot;,&quot;_legend&quot;:&quot;{score}\\\/{best} - ({count} {votes})&quot;,&quot;font_factor&quot;:&quot;1.25&quot;}'>\n            \n<div class=\"kksr-stars\">\n    \n<div class=\"kksr-stars-inactive\">\n            <div class=\"kksr-star\" data-star=\"1\" style=\"padding-right: 5px\">\n            \n\n<div class=\"kksr-icon\" style=\"width: 24px; height: 24px;\"><\/div>\n        <\/div>\n            <div class=\"kksr-star\" data-star=\"2\" style=\"padding-right: 5px\">\n            \n\n<div class=\"kksr-icon\" style=\"width: 24px; height: 24px;\"><\/div>\n        <\/div>\n            <div class=\"kksr-star\" data-star=\"3\" style=\"padding-right: 5px\">\n            \n\n<div class=\"kksr-icon\" style=\"width: 24px; height: 24px;\"><\/div>\n        <\/div>\n            <div class=\"kksr-star\" data-star=\"4\" style=\"padding-right: 5px\">\n            \n\n<div class=\"kksr-icon\" style=\"width: 24px; height: 24px;\"><\/div>\n        <\/div>\n            <div class=\"kksr-star\" data-star=\"5\" style=\"padding-right: 5px\">\n            \n\n<div class=\"kksr-icon\" style=\"width: 24px; height: 24px;\"><\/div>\n        <\/div>\n    <\/div>\n    \n<div class=\"kksr-stars-active\" style=\"width: 0px;\">\n            <div class=\"kksr-star\" style=\"padding-right: 5px\">\n            \n\n<div class=\"kksr-icon\" style=\"width: 24px; height: 24px;\"><\/div>\n        <\/div>\n            <div class=\"kksr-star\" style=\"padding-right: 5px\">\n            \n\n<div class=\"kksr-icon\" style=\"width: 24px; height: 24px;\"><\/div>\n        <\/div>\n            <div class=\"kksr-star\" style=\"padding-right: 5px\">\n            \n\n<div class=\"kksr-icon\" style=\"width: 24px; height: 24px;\"><\/div>\n        <\/div>\n            <div class=\"kksr-star\" style=\"padding-right: 5px\">\n            \n\n<div class=\"kksr-icon\" style=\"width: 24px; height: 24px;\"><\/div>\n        <\/div>\n            <div class=\"kksr-star\" style=\"padding-right: 5px\">\n            \n\n<div class=\"kksr-icon\" style=\"width: 24px; height: 24px;\"><\/div>\n        <\/div>\n    <\/div>\n<\/div>\n                \n\n<div class=\"kksr-legend\" style=\"font-size: 19.2px;\">\n            <span class=\"kksr-muted\">Rate this post<\/span>\n    <\/div>\n    <\/div>\n","protected":false},"excerpt":{"rendered":"<p>Um eclipse solar \u00e9 um fen\u00f4meno que ocorre quando a Lua se interp\u00f5e entre a Terra e o Sol, ocultando total ou parcialmente a sua luz numa estreita faixa na superf\u00edcie terrestre, escurecendo o astro por alguns minutos. Esses eventos ocorrem aproximadamente duas vezes por ano, durante a fase nova da Lua. Em 8 de [&hellip;]<\/p>\n","protected":false},"author":158,"featured_media":40425,"comment_status":"closed","ping_status":"closed","sticky":false,"template":"","format":"standard","meta":{"footnotes":""},"categories":[517],"tags":[],"class_list":["post-40479","post","type-post","status-publish","format-standard","has-post-thumbnail","hentry","category-astrologia"],"yoast_head":"<!-- This site is optimized with the Yoast SEO plugin v27.4 - https:\/\/yoast.com\/product\/yoast-seo-wordpress\/ -->\n<title>Eclipse Solar e Lua Nova em \u00c1ries, por Deborah de Ob\u00e1 - iQuilibrio<\/title>\n<meta name=\"robots\" content=\"index, follow, max-snippet:-1, max-image-preview:large, max-video-preview:-1\" \/>\n<link rel=\"canonical\" href=\"https:\/\/www.iquilibrio.com\/blog\/astrologia\/eclipse-solar-e-lua-nova-em-aries-por-deborah-de-oba\/\" \/>\n<meta property=\"og:locale\" content=\"pt_BR\" \/>\n<meta property=\"og:type\" content=\"article\" \/>\n<meta property=\"og:title\" content=\"Eclipse Solar e Lua Nova em \u00c1ries, por Deborah de Ob\u00e1 - iQuilibrio\" \/>\n<meta property=\"og:description\" content=\"Um eclipse solar \u00e9 um fen\u00f4meno que ocorre quando a Lua se interp\u00f5e entre a Terra e o Sol, ocultando total ou parcialmente a sua luz numa estreita faixa na superf\u00edcie terrestre, escurecendo o astro por alguns minutos. Esses eventos ocorrem aproximadamente duas vezes por ano, durante a fase nova da Lua. Em 8 de [&hellip;]\" \/>\n<meta property=\"og:url\" content=\"https:\/\/www.iquilibrio.com\/blog\/astrologia\/eclipse-solar-e-lua-nova-em-aries-por-deborah-de-oba\/\" \/>\n<meta property=\"og:site_name\" content=\"iQuilibrio\" \/>\n<meta property=\"article:publisher\" content=\"https:\/\/www.facebook.com\/iQuilibrio\/\" \/>\n<meta property=\"article:published_time\" content=\"2024-04-08T10:30:32+00:00\" \/>\n<meta property=\"og:image\" content=\"https:\/\/www.iquilibrio.com\/blog\/wp-content\/uploads\/2024\/03\/Eclipse-solar-em-libra.jpg\" \/>\n\t<meta property=\"og:image:width\" content=\"900\" \/>\n\t<meta property=\"og:image:height\" content=\"560\" \/>\n\t<meta property=\"og:image:type\" content=\"image\/jpeg\" \/>\n<meta name=\"author\" content=\"Arthur Peroni\" \/>\n<meta name=\"twitter:card\" content=\"summary_large_image\" \/>\n<meta name=\"twitter:creator\" content=\"@iquilibrio\" \/>\n<meta name=\"twitter:site\" content=\"@iquilibrio\" \/>\n<meta name=\"twitter:label1\" content=\"Escrito por\" \/>\n\t<meta name=\"twitter:data1\" content=\"Arthur Peroni\" \/>\n\t<meta name=\"twitter:label2\" content=\"Est. tempo de leitura\" \/>\n\t<meta name=\"twitter:data2\" content=\"4 minutos\" \/>\n<script type=\"application\/ld+json\" class=\"yoast-schema-graph\">{\"@context\":\"https:\\\/\\\/schema.org\",\"@graph\":[{\"@type\":\"Article\",\"@id\":\"https:\\\/\\\/www.iquilibrio.com\\\/blog\\\/astrologia\\\/eclipse-solar-e-lua-nova-em-aries-por-deborah-de-oba\\\/#article\",\"isPartOf\":{\"@id\":\"https:\\\/\\\/www.iquilibrio.com\\\/blog\\\/astrologia\\\/eclipse-solar-e-lua-nova-em-aries-por-deborah-de-oba\\\/\"},\"author\":{\"name\":\"Arthur Peroni\",\"@id\":\"https:\\\/\\\/www.iquilibrio.com\\\/blog\\\/#\\\/schema\\\/person\\\/21ae990723c2e5a1170c9a06dacb4d3d\"},\"headline\":\"Eclipse Solar e Lua Nova em \u00c1ries, por Deborah de Ob\u00e1\",\"datePublished\":\"2024-04-08T10:30:32+00:00\",\"mainEntityOfPage\":{\"@id\":\"https:\\\/\\\/www.iquilibrio.com\\\/blog\\\/astrologia\\\/eclipse-solar-e-lua-nova-em-aries-por-deborah-de-oba\\\/\"},\"wordCount\":717,\"publisher\":{\"@id\":\"https:\\\/\\\/www.iquilibrio.com\\\/blog\\\/#organization\"},\"image\":{\"@id\":\"https:\\\/\\\/www.iquilibrio.com\\\/blog\\\/astrologia\\\/eclipse-solar-e-lua-nova-em-aries-por-deborah-de-oba\\\/#primaryimage\"},\"thumbnailUrl\":\"https:\\\/\\\/www.iquilibrio.com\\\/blog\\\/wp-content\\\/uploads\\\/2024\\\/03\\\/Eclipse-solar-em-libra.jpg\",\"articleSection\":[\"Astrologia\"],\"inLanguage\":\"pt-BR\"},{\"@type\":\"WebPage\",\"@id\":\"https:\\\/\\\/www.iquilibrio.com\\\/blog\\\/astrologia\\\/eclipse-solar-e-lua-nova-em-aries-por-deborah-de-oba\\\/\",\"url\":\"https:\\\/\\\/www.iquilibrio.com\\\/blog\\\/astrologia\\\/eclipse-solar-e-lua-nova-em-aries-por-deborah-de-oba\\\/\",\"name\":\"Eclipse Solar e Lua Nova em \u00c1ries, por Deborah de Ob\u00e1 - iQuilibrio\",\"isPartOf\":{\"@id\":\"https:\\\/\\\/www.iquilibrio.com\\\/blog\\\/#website\"},\"primaryImageOfPage\":{\"@id\":\"https:\\\/\\\/www.iquilibrio.com\\\/blog\\\/astrologia\\\/eclipse-solar-e-lua-nova-em-aries-por-deborah-de-oba\\\/#primaryimage\"},\"image\":{\"@id\":\"https:\\\/\\\/www.iquilibrio.com\\\/blog\\\/astrologia\\\/eclipse-solar-e-lua-nova-em-aries-por-deborah-de-oba\\\/#primaryimage\"},\"thumbnailUrl\":\"https:\\\/\\\/www.iquilibrio.com\\\/blog\\\/wp-content\\\/uploads\\\/2024\\\/03\\\/Eclipse-solar-em-libra.jpg\",\"datePublished\":\"2024-04-08T10:30:32+00:00\",\"breadcrumb\":{\"@id\":\"https:\\\/\\\/www.iquilibrio.com\\\/blog\\\/astrologia\\\/eclipse-solar-e-lua-nova-em-aries-por-deborah-de-oba\\\/#breadcrumb\"},\"inLanguage\":\"pt-BR\",\"potentialAction\":[{\"@type\":\"ReadAction\",\"target\":[\"https:\\\/\\\/www.iquilibrio.com\\\/blog\\\/astrologia\\\/eclipse-solar-e-lua-nova-em-aries-por-deborah-de-oba\\\/\"]}]},{\"@type\":\"ImageObject\",\"inLanguage\":\"pt-BR\",\"@id\":\"https:\\\/\\\/www.iquilibrio.com\\\/blog\\\/astrologia\\\/eclipse-solar-e-lua-nova-em-aries-por-deborah-de-oba\\\/#primaryimage\",\"url\":\"https:\\\/\\\/www.iquilibrio.com\\\/blog\\\/wp-content\\\/uploads\\\/2024\\\/03\\\/Eclipse-solar-em-libra.jpg\",\"contentUrl\":\"https:\\\/\\\/www.iquilibrio.com\\\/blog\\\/wp-content\\\/uploads\\\/2024\\\/03\\\/Eclipse-solar-em-libra.jpg\",\"width\":900,\"height\":560,\"caption\":\"Eclipse solar\"},{\"@type\":\"BreadcrumbList\",\"@id\":\"https:\\\/\\\/www.iquilibrio.com\\\/blog\\\/astrologia\\\/eclipse-solar-e-lua-nova-em-aries-por-deborah-de-oba\\\/#breadcrumb\",\"itemListElement\":[{\"@type\":\"ListItem\",\"position\":1,\"name\":\"In\u00edcio\",\"item\":\"https:\\\/\\\/www.iquilibrio.com\\\/blog\\\/\"},{\"@type\":\"ListItem\",\"position\":2,\"name\":\"Eclipse Solar e Lua Nova em \u00c1ries, por Deborah de Ob\u00e1\"}]},{\"@type\":\"WebSite\",\"@id\":\"https:\\\/\\\/www.iquilibrio.com\\\/blog\\\/#website\",\"url\":\"https:\\\/\\\/www.iquilibrio.com\\\/blog\\\/\",\"name\":\"iQuilibrio\",\"description\":\"Blog iQuilibrio\",\"publisher\":{\"@id\":\"https:\\\/\\\/www.iquilibrio.com\\\/blog\\\/#organization\"},\"potentialAction\":[{\"@type\":\"SearchAction\",\"target\":{\"@type\":\"EntryPoint\",\"urlTemplate\":\"https:\\\/\\\/www.iquilibrio.com\\\/blog\\\/?s={search_term_string}\"},\"query-input\":{\"@type\":\"PropertyValueSpecification\",\"valueRequired\":true,\"valueName\":\"search_term_string\"}}],\"inLanguage\":\"pt-BR\"},{\"@type\":\"Organization\",\"@id\":\"https:\\\/\\\/www.iquilibrio.com\\\/blog\\\/#organization\",\"name\":\"Esoterismo, Misticismo e Tarot Online - iQuilibrio\",\"url\":\"https:\\\/\\\/www.iquilibrio.com\\\/blog\\\/\",\"logo\":{\"@type\":\"ImageObject\",\"inLanguage\":\"pt-BR\",\"@id\":\"https:\\\/\\\/www.iquilibrio.com\\\/blog\\\/#\\\/schema\\\/logo\\\/image\\\/\",\"url\":\"https:\\\/\\\/www.iquilibrio.com\\\/blog\\\/wp-content\\\/uploads\\\/2018\\\/12\\\/iquilibrio_lovo_vetor_preto-retina.png\",\"contentUrl\":\"https:\\\/\\\/www.iquilibrio.com\\\/blog\\\/wp-content\\\/uploads\\\/2018\\\/12\\\/iquilibrio_lovo_vetor_preto-retina.png\",\"width\":972,\"height\":180,\"caption\":\"Esoterismo, Misticismo e Tarot Online - iQuilibrio\"},\"image\":{\"@id\":\"https:\\\/\\\/www.iquilibrio.com\\\/blog\\\/#\\\/schema\\\/logo\\\/image\\\/\"},\"sameAs\":[\"https:\\\/\\\/www.facebook.com\\\/iQuilibrio\\\/\",\"https:\\\/\\\/x.com\\\/iquilibrio\",\"https:\\\/\\\/www.instagram.com\\\/iquilibrio\\\/\",\"https:\\\/\\\/www.linkedin.com\\\/company\\\/iquilibrio\\\/\",\"https:\\\/\\\/br.pinterest.com\\\/iquilibrio1397\\\/\",\"https:\\\/\\\/www.youtube.com\\\/channel\\\/UC175qxd-4Zsi4wzawT5zF2g\"]},{\"@type\":\"Person\",\"@id\":\"https:\\\/\\\/www.iquilibrio.com\\\/blog\\\/#\\\/schema\\\/person\\\/21ae990723c2e5a1170c9a06dacb4d3d\",\"name\":\"Arthur Peroni\",\"image\":{\"@type\":\"ImageObject\",\"inLanguage\":\"pt-BR\",\"@id\":\"https:\\\/\\\/www.iquilibrio.com\\\/blog\\\/wp-content\\\/uploads\\\/2023\\\/04\\\/Arthur-Peroni-150x150.jpg\",\"url\":\"https:\\\/\\\/www.iquilibrio.com\\\/blog\\\/wp-content\\\/uploads\\\/2023\\\/04\\\/Arthur-Peroni-150x150.jpg\",\"contentUrl\":\"https:\\\/\\\/www.iquilibrio.com\\\/blog\\\/wp-content\\\/uploads\\\/2023\\\/04\\\/Arthur-Peroni-150x150.jpg\",\"caption\":\"Arthur Peroni\"},\"description\":\"Arthur Peroni escreve sobre a vida, o universo e tudo mais. Amante da literatura m\u00edstica, e fic\u00e7\u00e3o, descobriu sua carreira de redator gra\u00e7as ao h\u00e1bito de leitura constante sobre fantasia e drama. Nas horas vagas, gosta de cozinhar, ler e ver filmes antigos. J\u00e1 trabalhou com, comunica\u00e7\u00e3o social, massoterapia, terapias hol\u00edsticas e design de interiores. Atualmente trabalha como redator SEO e se entusiasma com tudo o que \u00e9 esot\u00e9rico. Gosta de discutir sobre assuntos complexos e instigantes, e v\u00ea na escrita uma oportunidade de aprender e criar todos os dias, mentalmente e espiritualmente.\",\"url\":\"https:\\\/\\\/www.iquilibrio.com\\\/blog\\\/author\\\/raul-vinicius\\\/\"}]}<\/script>\n<!-- \/ Yoast SEO plugin. -->","yoast_head_json":{"title":"Eclipse Solar e Lua Nova em \u00c1ries, por Deborah de Ob\u00e1 - iQuilibrio","robots":{"index":"index","follow":"follow","max-snippet":"max-snippet:-1","max-image-preview":"max-image-preview:large","max-video-preview":"max-video-preview:-1"},"canonical":"https:\/\/www.iquilibrio.com\/blog\/astrologia\/eclipse-solar-e-lua-nova-em-aries-por-deborah-de-oba\/","og_locale":"pt_BR","og_type":"article","og_title":"Eclipse Solar e Lua Nova em \u00c1ries, por Deborah de Ob\u00e1 - iQuilibrio","og_description":"Um eclipse solar \u00e9 um fen\u00f4meno que ocorre quando a Lua se interp\u00f5e entre a Terra e o Sol, ocultando total ou parcialmente a sua luz numa estreita faixa na superf\u00edcie terrestre, escurecendo o astro por alguns minutos. Esses eventos ocorrem aproximadamente duas vezes por ano, durante a fase nova da Lua. Em 8 de [&hellip;]","og_url":"https:\/\/www.iquilibrio.com\/blog\/astrologia\/eclipse-solar-e-lua-nova-em-aries-por-deborah-de-oba\/","og_site_name":"iQuilibrio","article_publisher":"https:\/\/www.facebook.com\/iQuilibrio\/","article_published_time":"2024-04-08T10:30:32+00:00","og_image":[{"width":900,"height":560,"url":"https:\/\/www.iquilibrio.com\/blog\/wp-content\/uploads\/2024\/03\/Eclipse-solar-em-libra.jpg","type":"image\/jpeg"}],"author":"Arthur Peroni","twitter_card":"summary_large_image","twitter_creator":"@iquilibrio","twitter_site":"@iquilibrio","twitter_misc":{"Escrito por":"Arthur Peroni","Est. tempo de leitura":"4 minutos"},"schema":{"@context":"https:\/\/schema.org","@graph":[{"@type":"Article","@id":"https:\/\/www.iquilibrio.com\/blog\/astrologia\/eclipse-solar-e-lua-nova-em-aries-por-deborah-de-oba\/#article","isPartOf":{"@id":"https:\/\/www.iquilibrio.com\/blog\/astrologia\/eclipse-solar-e-lua-nova-em-aries-por-deborah-de-oba\/"},"author":{"name":"Arthur Peroni","@id":"https:\/\/www.iquilibrio.com\/blog\/#\/schema\/person\/21ae990723c2e5a1170c9a06dacb4d3d"},"headline":"Eclipse Solar e Lua Nova em \u00c1ries, por Deborah de Ob\u00e1","datePublished":"2024-04-08T10:30:32+00:00","mainEntityOfPage":{"@id":"https:\/\/www.iquilibrio.com\/blog\/astrologia\/eclipse-solar-e-lua-nova-em-aries-por-deborah-de-oba\/"},"wordCount":717,"publisher":{"@id":"https:\/\/www.iquilibrio.com\/blog\/#organization"},"image":{"@id":"https:\/\/www.iquilibrio.com\/blog\/astrologia\/eclipse-solar-e-lua-nova-em-aries-por-deborah-de-oba\/#primaryimage"},"thumbnailUrl":"https:\/\/www.iquilibrio.com\/blog\/wp-content\/uploads\/2024\/03\/Eclipse-solar-em-libra.jpg","articleSection":["Astrologia"],"inLanguage":"pt-BR"},{"@type":"WebPage","@id":"https:\/\/www.iquilibrio.com\/blog\/astrologia\/eclipse-solar-e-lua-nova-em-aries-por-deborah-de-oba\/","url":"https:\/\/www.iquilibrio.com\/blog\/astrologia\/eclipse-solar-e-lua-nova-em-aries-por-deborah-de-oba\/","name":"Eclipse Solar e Lua Nova em \u00c1ries, por Deborah de Ob\u00e1 - iQuilibrio","isPartOf":{"@id":"https:\/\/www.iquilibrio.com\/blog\/#website"},"primaryImageOfPage":{"@id":"https:\/\/www.iquilibrio.com\/blog\/astrologia\/eclipse-solar-e-lua-nova-em-aries-por-deborah-de-oba\/#primaryimage"},"image":{"@id":"https:\/\/www.iquilibrio.com\/blog\/astrologia\/eclipse-solar-e-lua-nova-em-aries-por-deborah-de-oba\/#primaryimage"},"thumbnailUrl":"https:\/\/www.iquilibrio.com\/blog\/wp-content\/uploads\/2024\/03\/Eclipse-solar-em-libra.jpg","datePublished":"2024-04-08T10:30:32+00:00","breadcrumb":{"@id":"https:\/\/www.iquilibrio.com\/blog\/astrologia\/eclipse-solar-e-lua-nova-em-aries-por-deborah-de-oba\/#breadcrumb"},"inLanguage":"pt-BR","potentialAction":[{"@type":"ReadAction","target":["https:\/\/www.iquilibrio.com\/blog\/astrologia\/eclipse-solar-e-lua-nova-em-aries-por-deborah-de-oba\/"]}]},{"@type":"ImageObject","inLanguage":"pt-BR","@id":"https:\/\/www.iquilibrio.com\/blog\/astrologia\/eclipse-solar-e-lua-nova-em-aries-por-deborah-de-oba\/#primaryimage","url":"https:\/\/www.iquilibrio.com\/blog\/wp-content\/uploads\/2024\/03\/Eclipse-solar-em-libra.jpg","contentUrl":"https:\/\/www.iquilibrio.com\/blog\/wp-content\/uploads\/2024\/03\/Eclipse-solar-em-libra.jpg","width":900,"height":560,"caption":"Eclipse solar"},{"@type":"BreadcrumbList","@id":"https:\/\/www.iquilibrio.com\/blog\/astrologia\/eclipse-solar-e-lua-nova-em-aries-por-deborah-de-oba\/#breadcrumb","itemListElement":[{"@type":"ListItem","position":1,"name":"In\u00edcio","item":"https:\/\/www.iquilibrio.com\/blog\/"},{"@type":"ListItem","position":2,"name":"Eclipse Solar e Lua Nova em \u00c1ries, por Deborah de Ob\u00e1"}]},{"@type":"WebSite","@id":"https:\/\/www.iquilibrio.com\/blog\/#website","url":"https:\/\/www.iquilibrio.com\/blog\/","name":"iQuilibrio","description":"Blog iQuilibrio","publisher":{"@id":"https:\/\/www.iquilibrio.com\/blog\/#organization"},"potentialAction":[{"@type":"SearchAction","target":{"@type":"EntryPoint","urlTemplate":"https:\/\/www.iquilibrio.com\/blog\/?s={search_term_string}"},"query-input":{"@type":"PropertyValueSpecification","valueRequired":true,"valueName":"search_term_string"}}],"inLanguage":"pt-BR"},{"@type":"Organization","@id":"https:\/\/www.iquilibrio.com\/blog\/#organization","name":"Esoterismo, Misticismo e Tarot Online - iQuilibrio","url":"https:\/\/www.iquilibrio.com\/blog\/","logo":{"@type":"ImageObject","inLanguage":"pt-BR","@id":"https:\/\/www.iquilibrio.com\/blog\/#\/schema\/logo\/image\/","url":"https:\/\/www.iquilibrio.com\/blog\/wp-content\/uploads\/2018\/12\/iquilibrio_lovo_vetor_preto-retina.png","contentUrl":"https:\/\/www.iquilibrio.com\/blog\/wp-content\/uploads\/2018\/12\/iquilibrio_lovo_vetor_preto-retina.png","width":972,"height":180,"caption":"Esoterismo, Misticismo e Tarot Online - iQuilibrio"},"image":{"@id":"https:\/\/www.iquilibrio.com\/blog\/#\/schema\/logo\/image\/"},"sameAs":["https:\/\/www.facebook.com\/iQuilibrio\/","https:\/\/x.com\/iquilibrio","https:\/\/www.instagram.com\/iquilibrio\/","https:\/\/www.linkedin.com\/company\/iquilibrio\/","https:\/\/br.pinterest.com\/iquilibrio1397\/","https:\/\/www.youtube.com\/channel\/UC175qxd-4Zsi4wzawT5zF2g"]},{"@type":"Person","@id":"https:\/\/www.iquilibrio.com\/blog\/#\/schema\/person\/21ae990723c2e5a1170c9a06dacb4d3d","name":"Arthur Peroni","image":{"@type":"ImageObject","inLanguage":"pt-BR","@id":"https:\/\/www.iquilibrio.com\/blog\/wp-content\/uploads\/2023\/04\/Arthur-Peroni-150x150.jpg","url":"https:\/\/www.iquilibrio.com\/blog\/wp-content\/uploads\/2023\/04\/Arthur-Peroni-150x150.jpg","contentUrl":"https:\/\/www.iquilibrio.com\/blog\/wp-content\/uploads\/2023\/04\/Arthur-Peroni-150x150.jpg","caption":"Arthur Peroni"},"description":"Arthur Peroni escreve sobre a vida, o universo e tudo mais. Amante da literatura m\u00edstica, e fic\u00e7\u00e3o, descobriu sua carreira de redator gra\u00e7as ao h\u00e1bito de leitura constante sobre fantasia e drama. Nas horas vagas, gosta de cozinhar, ler e ver filmes antigos. J\u00e1 trabalhou com, comunica\u00e7\u00e3o social, massoterapia, terapias hol\u00edsticas e design de interiores. Atualmente trabalha como redator SEO e se entusiasma com tudo o que \u00e9 esot\u00e9rico. Gosta de discutir sobre assuntos complexos e instigantes, e v\u00ea na escrita uma oportunidade de aprender e criar todos os dias, mentalmente e espiritualmente.","url":"https:\/\/www.iquilibrio.com\/blog\/author\/raul-vinicius\/"}]}},"_links":{"self":[{"href":"https:\/\/www.iquilibrio.com\/blog\/wp-json\/wp\/v2\/posts\/40479","targetHints":{"allow":["GET"]}}],"collection":[{"href":"https:\/\/www.iquilibrio.com\/blog\/wp-json\/wp\/v2\/posts"}],"about":[{"href":"https:\/\/www.iquilibrio.com\/blog\/wp-json\/wp\/v2\/types\/post"}],"author":[{"embeddable":true,"href":"https:\/\/www.iquilibrio.com\/blog\/wp-json\/wp\/v2\/users\/158"}],"replies":[{"embeddable":true,"href":"https:\/\/www.iquilibrio.com\/blog\/wp-json\/wp\/v2\/comments?post=40479"}],"version-history":[{"count":1,"href":"https:\/\/www.iquilibrio.com\/blog\/wp-json\/wp\/v2\/posts\/40479\/revisions"}],"predecessor-version":[{"id":40480,"href":"https:\/\/www.iquilibrio.com\/blog\/wp-json\/wp\/v2\/posts\/40479\/revisions\/40480"}],"wp:featuredmedia":[{"embeddable":true,"href":"https:\/\/www.iquilibrio.com\/blog\/wp-json\/wp\/v2\/media\/40425"}],"wp:attachment":[{"href":"https:\/\/www.iquilibrio.com\/blog\/wp-json\/wp\/v2\/media?parent=40479"}],"wp:term":[{"taxonomy":"category","embeddable":true,"href":"https:\/\/www.iquilibrio.com\/blog\/wp-json\/wp\/v2\/categories?post=40479"},{"taxonomy":"post_tag","embeddable":true,"href":"https:\/\/www.iquilibrio.com\/blog\/wp-json\/wp\/v2\/tags?post=40479"}],"curies":[{"name":"wp","href":"https:\/\/api.w.org\/{rel}","templated":true}]}}