{"id":40473,"date":"2024-04-08T07:00:58","date_gmt":"2024-04-08T10:00:58","guid":{"rendered":"https:\/\/www.iquilibrio.com\/blog\/?p=40473"},"modified":"2024-04-07T21:01:57","modified_gmt":"2024-04-08T00:01:57","slug":"ciclo-lunar-semanal-08-04-a-14-04","status":"publish","type":"post","link":"https:\/\/www.iquilibrio.com\/blog\/ciclo-lunar-semanal\/ciclo-lunar-semanal-08-04-a-14-04\/","title":{"rendered":"Ciclo lunar semanal 08\/04 a 14\/04"},"content":{"rendered":"<p><span style=\"font-weight: 400;\">Querido leitor, embarcaremos em uma jornada c\u00f3smica de profunda transforma\u00e7\u00e3o e renova\u00e7\u00e3o. Durante esta semana, os ciclos lunares de <strong>08\/04 a 14\/04<\/strong> nos guiar\u00e3o por uma dan\u00e7a celestial \u00fanica, oferecendo-nos oportunidades de crescimento e introspec\u00e7\u00e3o.<\/span><\/p>\n<p><b>Lua Nova em \u00c1ries com Eclipse Solar (08\/04):<\/b><span style=\"font-weight: 400;\"> Prepare-se para um momento de renascimento e novos come\u00e7os, pois a Lua se renova em \u00c1ries, marcando o segundo eclipse do ano, desta vez solar. \u00c9 hora de plantar as sementes de nossos sonhos mais profundos e nos sintonizar com nossas verdadeiras paix\u00f5es.<\/span><\/p>\n<p><b>Lua em Touro (09\/04 a 10\/04):<\/b><span style=\"font-weight: 400;\"> Conforme a Lua transita para Touro, somos convidados a cultivar a estabilidade e a seguran\u00e7a em nossas vidas. Busque honrar seus sentidos, cuidar do corpo f\u00edsico e desfrutar dos prazeres simples da vida.<\/span><\/p>\n<p><b>Lua em G\u00eameos (11\/04 a 12\/04):<\/b><span style=\"font-weight: 400;\"> Sob a influ\u00eancia de G\u00eameos, nossa mente se agu\u00e7a e buscamos conhecimento e comunica\u00e7\u00e3o. A mar\u00e9 astral est\u00e1 favor\u00e1vel para voc\u00ea aprender algo novo, trocar ideias com os outros e explorar diferentes perspectivas.<\/span><\/p>\n<p><b>Lua em C\u00e2ncer (13\/04 a 14\/04):<\/b><span style=\"font-weight: 400;\"> \u00c0 medida que a Lua adentra C\u00e2ncer, somos convidados a nos conectar com nossas emo\u00e7\u00f5es mais profundas e a nutrir nossa sensibilidade interior. A energia de c\u00e2ncer te convida a fortalecer la\u00e7os familiares, criar um espa\u00e7o seguro para n\u00f3s mesmos e honrar nossa intui\u00e7\u00e3o.<\/span><\/p>\n<p><span style=\"font-weight: 400;\">\u00c0 medida que nos preparamos para mergulhar nestes ciclos lunares, convido-o a abrir o cora\u00e7\u00e3o e a mente para as mensagens do cosmos. Que cada fase seja uma oportunidade para crescimento pessoal, renova\u00e7\u00e3o espiritual e conex\u00e3o com a verdadeira ess\u00eancia do nosso ser.<\/span><\/p>\n<hr \/>\n<h2><b>Ciclos Lunares e suas Energias<\/b><\/h2>\n<h3><b>Lua Nova em \u00c1ries com Eclipse Solar&#x1f311;&#x2648; (08\/04)<\/b><\/h3>\n<p><span style=\"font-weight: 400;\">O universo nos presenteia com um momento de novos come\u00e7os, \u00e0 medida que a Lua se renova em \u00c1ries, marcando o segundo eclipse do ano, desta vez solar.<\/span><\/p>\n<p><span style=\"font-weight: 400;\">Ser\u00e3o aflorados nossos desejos mais profundos e nos sintonizar com nossas verdadeiras paix\u00f5es.<\/span><\/p>\n<p><b>Dicas da semana:<\/b><\/p>\n<ul>\n<li style=\"font-weight: 400;\" aria-level=\"1\"><span style=\"font-weight: 400;\">Estabele\u00e7a metas e inten\u00e7\u00f5es claras para o pr\u00f3ximo ciclo.<\/span><\/li>\n<li style=\"font-weight: 400;\" aria-level=\"1\"><span style=\"font-weight: 400;\">Cultive coragem e determina\u00e7\u00e3o para seguir seus sonhos.<\/span><\/li>\n<\/ul>\n<p><b>Incensos Recomendados:<\/b><span style=\"font-weight: 400;\"> S\u00e2ndalo para purifica\u00e7\u00e3o e rosa para atrair amor e prosperidade.<\/span><\/p>\n<p><b>Ritual:<\/b><span style=\"font-weight: 400;\"> Escreva suas inten\u00e7\u00f5es em um papel e queime-o, visualizando seus objetivos se manifestando;<\/span><\/p>\n<p><b>Mantra:<\/b><span style=\"font-weight: 400;\"> &#8220;Eu sou o criador da minha realidade, e manifesto meus sonhos com coragem.&#8221;<\/span><\/p>\n<hr \/>\n<h3><b>Lua em Touro&#x1f311;&#x2649; (09\/04 a 10\/04)<\/b><\/h3>\n<p><span style=\"font-weight: 400;\">Com a Lua transitando em Touro, somos convidados a conectar-nos com a terra e buscar estabilidade e seguran\u00e7a em nossas vidas.<\/span><\/p>\n<p><span style=\"font-weight: 400;\">\u00c9 a fase de cuidar do corpo f\u00edsico e desfrutar dos prazeres simples da vida.<\/span><\/p>\n<p><b>Dicas da semana:<\/b><\/p>\n<ul>\n<li style=\"font-weight: 400;\" aria-level=\"1\"><span style=\"font-weight: 400;\">Aprecie a natureza e os prazeres sensoriais;<\/span><\/li>\n<li style=\"font-weight: 400;\" aria-level=\"1\"><span style=\"font-weight: 400;\">Cultive a gratid\u00e3o pela abund\u00e2ncia que o cerca.<\/span><\/li>\n<\/ul>\n<p><b>Incensos Recomendados:<\/b><span style=\"font-weight: 400;\"> Patchouli para ancoragem e canela para atrair prosperidade.<\/span><\/p>\n<p><b>Ritual:<\/b><span style=\"font-weight: 400;\"> Fa\u00e7a um banho de imers\u00e3o com sais de banho, relaxando e conectando-se com a terra.<\/span><\/p>\n<p><b>Mantra:<\/b><span style=\"font-weight: 400;\"> &#8220;Eu sou seguro e sustentado pelo amor incondicional do universo.&#8221;<\/span><\/p>\n<hr \/>\n<h3><b>Lua em G\u00eameos&#x1f311;&#x264a; (11\/04 a 12\/04)<\/b><\/h3>\n<p><span style=\"font-weight: 400;\">Sob a influ\u00eancia de G\u00eameos, nossa mente se agu\u00e7a e buscamos conhecimento e comunica\u00e7\u00e3o. Busque aprender algo novo, trocar ideias com os seus entes queridos e pessoas pr\u00f3ximas e explorar diferentes perspectivas de a\u00e7\u00e3o e movimenta\u00e7\u00e3o.<\/span><\/p>\n<p><b>Dicas da semana:<\/b><\/p>\n<ul>\n<li style=\"font-weight: 400;\" aria-level=\"1\"><span style=\"font-weight: 400;\">Esteja aberto a novas informa\u00e7\u00f5es e experi\u00eancias.<\/span><\/li>\n<li style=\"font-weight: 400;\" aria-level=\"1\"><span style=\"font-weight: 400;\">Comunique-se de forma clara e honesta.<\/span><\/li>\n<\/ul>\n<p><b>Incensos Recomendados:<\/b><span style=\"font-weight: 400;\"> Lavanda para clareza mental e eucalipto para estimular a mente.<\/span><\/p>\n<p><b>Ritual:<\/b><span style=\"font-weight: 400;\"> Medite sobre as mensagens que o universo est\u00e1 tentando lhe transmitir.<\/span><\/p>\n<p><b>Mantra:<\/b><span style=\"font-weight: 400;\"> &#8220;Eu sou receptivo \u00e0s mensagens do universo e comunico-me com clareza e autenticidade.&#8221;<\/span><\/p>\n<p><b>Lua em C\u00e2ncer&#x1f311;&#x264b; (13\/04 a 14\/04)<\/b><\/p>\n<p><span style=\"font-weight: 400;\">Com a Lua entrando em C\u00e2ncer, somos convidados a honrar nossas emo\u00e7\u00f5es e a nos conectar com nossa sensibilidade interior.<\/span><\/p>\n<p><span style=\"font-weight: 400;\">Foque em nutrir-se emocionalmente, fortalecer os la\u00e7os familiares e criar um espa\u00e7o seguro para si mesmo.<\/span><\/p>\n<p><b>Dicas da semana:<\/b><\/p>\n<ul>\n<li style=\"font-weight: 400;\" aria-level=\"1\"><span style=\"font-weight: 400;\">Reserve um tempo para cuidar de si mesmo emocionalmente.<\/span><\/li>\n<li style=\"font-weight: 400;\" aria-level=\"1\"><span style=\"font-weight: 400;\">Demonstre amor e carinho aos seus entes queridos.<\/span><\/li>\n<\/ul>\n<p><b>Incensos Recomendados:<\/b><span style=\"font-weight: 400;\"> Camomila para acalmar as emo\u00e7\u00f5es e jasmim para promover a auto aceita\u00e7\u00e3o.<\/span><\/p>\n<p><b>Ritual:<\/b><span style=\"font-weight: 400;\"> Escreva uma carta para si mesmo expressando amor e gratid\u00e3o.<\/span><\/p>\n<p><b>Mantra:<\/b><span style=\"font-weight: 400;\"> &#8220;Eu me permito sentir minhas emo\u00e7\u00f5es e encontro seguran\u00e7a no amor que me cerca.&#8221;<\/span><\/p>\n<p><span style=\"font-weight: 400;\">Que esta semana lunar seja uma jornada de autodescoberta, crescimento e amor. Que cada fase nos guie mais perto da nossa verdadeira ess\u00eancia e nos ajude a manifestar nossos sonhos mais profundos.&#x1f320;<\/span><\/p>\n\n\n<div class=\"kk-star-ratings kksr-auto kksr-align-left kksr-valign-bottom\"\n    data-payload='{&quot;align&quot;:&quot;left&quot;,&quot;id&quot;:&quot;40473&quot;,&quot;slug&quot;:&quot;default&quot;,&quot;valign&quot;:&quot;bottom&quot;,&quot;ignore&quot;:&quot;&quot;,&quot;reference&quot;:&quot;auto&quot;,&quot;class&quot;:&quot;&quot;,&quot;count&quot;:&quot;0&quot;,&quot;legendonly&quot;:&quot;&quot;,&quot;readonly&quot;:&quot;&quot;,&quot;score&quot;:&quot;0&quot;,&quot;starsonly&quot;:&quot;&quot;,&quot;best&quot;:&quot;5&quot;,&quot;gap&quot;:&quot;5&quot;,&quot;greet&quot;:&quot;Rate this post&quot;,&quot;legend&quot;:&quot;0\\\/5 - (0 voto)&quot;,&quot;size&quot;:&quot;24&quot;,&quot;title&quot;:&quot;Ciclo lunar semanal 08\\\/04 a 14\\\/04&quot;,&quot;width&quot;:&quot;0&quot;,&quot;_legend&quot;:&quot;{score}\\\/{best} - ({count} {votes})&quot;,&quot;font_factor&quot;:&quot;1.25&quot;}'>\n            \n<div class=\"kksr-stars\">\n    \n<div class=\"kksr-stars-inactive\">\n            <div class=\"kksr-star\" data-star=\"1\" style=\"padding-right: 5px\">\n            \n\n<div class=\"kksr-icon\" style=\"width: 24px; height: 24px;\"><\/div>\n        <\/div>\n            <div class=\"kksr-star\" data-star=\"2\" style=\"padding-right: 5px\">\n            \n\n<div class=\"kksr-icon\" style=\"width: 24px; height: 24px;\"><\/div>\n        <\/div>\n            <div class=\"kksr-star\" data-star=\"3\" style=\"padding-right: 5px\">\n            \n\n<div class=\"kksr-icon\" style=\"width: 24px; height: 24px;\"><\/div>\n        <\/div>\n            <div class=\"kksr-star\" data-star=\"4\" style=\"padding-right: 5px\">\n            \n\n<div class=\"kksr-icon\" style=\"width: 24px; height: 24px;\"><\/div>\n        <\/div>\n            <div class=\"kksr-star\" data-star=\"5\" style=\"padding-right: 5px\">\n            \n\n<div class=\"kksr-icon\" style=\"width: 24px; height: 24px;\"><\/div>\n        <\/div>\n    <\/div>\n    \n<div class=\"kksr-stars-active\" style=\"width: 0px;\">\n            <div class=\"kksr-star\" style=\"padding-right: 5px\">\n            \n\n<div class=\"kksr-icon\" style=\"width: 24px; height: 24px;\"><\/div>\n        <\/div>\n            <div class=\"kksr-star\" style=\"padding-right: 5px\">\n            \n\n<div class=\"kksr-icon\" style=\"width: 24px; height: 24px;\"><\/div>\n        <\/div>\n            <div class=\"kksr-star\" style=\"padding-right: 5px\">\n            \n\n<div class=\"kksr-icon\" style=\"width: 24px; height: 24px;\"><\/div>\n        <\/div>\n            <div class=\"kksr-star\" style=\"padding-right: 5px\">\n            \n\n<div class=\"kksr-icon\" style=\"width: 24px; height: 24px;\"><\/div>\n        <\/div>\n            <div class=\"kksr-star\" style=\"padding-right: 5px\">\n            \n\n<div class=\"kksr-icon\" style=\"width: 24px; height: 24px;\"><\/div>\n        <\/div>\n    <\/div>\n<\/div>\n                \n\n<div class=\"kksr-legend\" style=\"font-size: 19.2px;\">\n            <span class=\"kksr-muted\">Rate this post<\/span>\n    <\/div>\n    <\/div>\n","protected":false},"excerpt":{"rendered":"<p>Querido leitor, embarcaremos em uma jornada c\u00f3smica de profunda transforma\u00e7\u00e3o e renova\u00e7\u00e3o. Durante esta semana, os ciclos lunares de 08\/04 a 14\/04 nos guiar\u00e3o por uma dan\u00e7a celestial \u00fanica, oferecendo-nos oportunidades de crescimento e introspec\u00e7\u00e3o. Lua Nova em \u00c1ries com Eclipse Solar (08\/04): Prepare-se para um momento de renascimento e novos come\u00e7os, pois a Lua [&hellip;]<\/p>\n","protected":false},"author":158,"featured_media":40190,"comment_status":"closed","ping_status":"closed","sticky":false,"template":"","format":"standard","meta":{"footnotes":""},"categories":[4893],"tags":[],"class_list":["post-40473","post","type-post","status-publish","format-standard","has-post-thumbnail","hentry","category-ciclo-lunar-semanal"],"yoast_head":"<!-- This site is optimized with the Yoast SEO plugin v27.4 - https:\/\/yoast.com\/product\/yoast-seo-wordpress\/ -->\n<title>Ciclo lunar semanal 08\/04 a 14\/04 - iQuilibrio<\/title>\n<meta name=\"robots\" content=\"index, follow, max-snippet:-1, max-image-preview:large, max-video-preview:-1\" \/>\n<link rel=\"canonical\" href=\"https:\/\/www.iquilibrio.com\/blog\/ciclo-lunar-semanal\/ciclo-lunar-semanal-08-04-a-14-04\/\" \/>\n<meta property=\"og:locale\" content=\"pt_BR\" \/>\n<meta property=\"og:type\" content=\"article\" \/>\n<meta property=\"og:title\" content=\"Ciclo lunar semanal 08\/04 a 14\/04 - iQuilibrio\" \/>\n<meta property=\"og:description\" content=\"Querido leitor, embarcaremos em uma jornada c\u00f3smica de profunda transforma\u00e7\u00e3o e renova\u00e7\u00e3o. Durante esta semana, os ciclos lunares de 08\/04 a 14\/04 nos guiar\u00e3o por uma dan\u00e7a celestial \u00fanica, oferecendo-nos oportunidades de crescimento e introspec\u00e7\u00e3o. Lua Nova em \u00c1ries com Eclipse Solar (08\/04): Prepare-se para um momento de renascimento e novos come\u00e7os, pois a Lua [&hellip;]\" \/>\n<meta property=\"og:url\" content=\"https:\/\/www.iquilibrio.com\/blog\/ciclo-lunar-semanal\/ciclo-lunar-semanal-08-04-a-14-04\/\" \/>\n<meta property=\"og:site_name\" content=\"iQuilibrio\" \/>\n<meta property=\"article:publisher\" content=\"https:\/\/www.facebook.com\/iQuilibrio\/\" \/>\n<meta property=\"article:published_time\" content=\"2024-04-08T10:00:58+00:00\" \/>\n<meta property=\"og:image\" content=\"https:\/\/www.iquilibrio.com\/blog\/wp-content\/uploads\/2024\/02\/BLOG-Passagens-lunares-iQui.jpg\" \/>\n\t<meta property=\"og:image:width\" content=\"900\" \/>\n\t<meta property=\"og:image:height\" content=\"560\" \/>\n\t<meta property=\"og:image:type\" content=\"image\/jpeg\" \/>\n<meta name=\"author\" content=\"Arthur Peroni\" \/>\n<meta name=\"twitter:card\" content=\"summary_large_image\" \/>\n<meta name=\"twitter:creator\" content=\"@iquilibrio\" \/>\n<meta name=\"twitter:site\" content=\"@iquilibrio\" \/>\n<meta name=\"twitter:label1\" content=\"Escrito por\" \/>\n\t<meta name=\"twitter:data1\" content=\"Arthur Peroni\" \/>\n\t<meta name=\"twitter:label2\" content=\"Est. tempo de leitura\" \/>\n\t<meta name=\"twitter:data2\" content=\"4 minutos\" \/>\n<script type=\"application\/ld+json\" class=\"yoast-schema-graph\">{\"@context\":\"https:\\\/\\\/schema.org\",\"@graph\":[{\"@type\":\"Article\",\"@id\":\"https:\\\/\\\/www.iquilibrio.com\\\/blog\\\/ciclo-lunar-semanal\\\/ciclo-lunar-semanal-08-04-a-14-04\\\/#article\",\"isPartOf\":{\"@id\":\"https:\\\/\\\/www.iquilibrio.com\\\/blog\\\/ciclo-lunar-semanal\\\/ciclo-lunar-semanal-08-04-a-14-04\\\/\"},\"author\":{\"name\":\"Arthur Peroni\",\"@id\":\"https:\\\/\\\/www.iquilibrio.com\\\/blog\\\/#\\\/schema\\\/person\\\/21ae990723c2e5a1170c9a06dacb4d3d\"},\"headline\":\"Ciclo lunar semanal 08\\\/04 a 14\\\/04\",\"datePublished\":\"2024-04-08T10:00:58+00:00\",\"mainEntityOfPage\":{\"@id\":\"https:\\\/\\\/www.iquilibrio.com\\\/blog\\\/ciclo-lunar-semanal\\\/ciclo-lunar-semanal-08-04-a-14-04\\\/\"},\"wordCount\":762,\"publisher\":{\"@id\":\"https:\\\/\\\/www.iquilibrio.com\\\/blog\\\/#organization\"},\"image\":{\"@id\":\"https:\\\/\\\/www.iquilibrio.com\\\/blog\\\/ciclo-lunar-semanal\\\/ciclo-lunar-semanal-08-04-a-14-04\\\/#primaryimage\"},\"thumbnailUrl\":\"https:\\\/\\\/www.iquilibrio.com\\\/blog\\\/wp-content\\\/uploads\\\/2024\\\/02\\\/BLOG-Passagens-lunares-iQui.jpg\",\"articleSection\":[\"Ciclo Lunar semanal\"],\"inLanguage\":\"pt-BR\"},{\"@type\":\"WebPage\",\"@id\":\"https:\\\/\\\/www.iquilibrio.com\\\/blog\\\/ciclo-lunar-semanal\\\/ciclo-lunar-semanal-08-04-a-14-04\\\/\",\"url\":\"https:\\\/\\\/www.iquilibrio.com\\\/blog\\\/ciclo-lunar-semanal\\\/ciclo-lunar-semanal-08-04-a-14-04\\\/\",\"name\":\"Ciclo lunar semanal 08\\\/04 a 14\\\/04 - iQuilibrio\",\"isPartOf\":{\"@id\":\"https:\\\/\\\/www.iquilibrio.com\\\/blog\\\/#website\"},\"primaryImageOfPage\":{\"@id\":\"https:\\\/\\\/www.iquilibrio.com\\\/blog\\\/ciclo-lunar-semanal\\\/ciclo-lunar-semanal-08-04-a-14-04\\\/#primaryimage\"},\"image\":{\"@id\":\"https:\\\/\\\/www.iquilibrio.com\\\/blog\\\/ciclo-lunar-semanal\\\/ciclo-lunar-semanal-08-04-a-14-04\\\/#primaryimage\"},\"thumbnailUrl\":\"https:\\\/\\\/www.iquilibrio.com\\\/blog\\\/wp-content\\\/uploads\\\/2024\\\/02\\\/BLOG-Passagens-lunares-iQui.jpg\",\"datePublished\":\"2024-04-08T10:00:58+00:00\",\"breadcrumb\":{\"@id\":\"https:\\\/\\\/www.iquilibrio.com\\\/blog\\\/ciclo-lunar-semanal\\\/ciclo-lunar-semanal-08-04-a-14-04\\\/#breadcrumb\"},\"inLanguage\":\"pt-BR\",\"potentialAction\":[{\"@type\":\"ReadAction\",\"target\":[\"https:\\\/\\\/www.iquilibrio.com\\\/blog\\\/ciclo-lunar-semanal\\\/ciclo-lunar-semanal-08-04-a-14-04\\\/\"]}]},{\"@type\":\"ImageObject\",\"inLanguage\":\"pt-BR\",\"@id\":\"https:\\\/\\\/www.iquilibrio.com\\\/blog\\\/ciclo-lunar-semanal\\\/ciclo-lunar-semanal-08-04-a-14-04\\\/#primaryimage\",\"url\":\"https:\\\/\\\/www.iquilibrio.com\\\/blog\\\/wp-content\\\/uploads\\\/2024\\\/02\\\/BLOG-Passagens-lunares-iQui.jpg\",\"contentUrl\":\"https:\\\/\\\/www.iquilibrio.com\\\/blog\\\/wp-content\\\/uploads\\\/2024\\\/02\\\/BLOG-Passagens-lunares-iQui.jpg\",\"width\":900,\"height\":560},{\"@type\":\"BreadcrumbList\",\"@id\":\"https:\\\/\\\/www.iquilibrio.com\\\/blog\\\/ciclo-lunar-semanal\\\/ciclo-lunar-semanal-08-04-a-14-04\\\/#breadcrumb\",\"itemListElement\":[{\"@type\":\"ListItem\",\"position\":1,\"name\":\"In\u00edcio\",\"item\":\"https:\\\/\\\/www.iquilibrio.com\\\/blog\\\/\"},{\"@type\":\"ListItem\",\"position\":2,\"name\":\"Ciclo lunar semanal 08\\\/04 a 14\\\/04\"}]},{\"@type\":\"WebSite\",\"@id\":\"https:\\\/\\\/www.iquilibrio.com\\\/blog\\\/#website\",\"url\":\"https:\\\/\\\/www.iquilibrio.com\\\/blog\\\/\",\"name\":\"iQuilibrio\",\"description\":\"Blog iQuilibrio\",\"publisher\":{\"@id\":\"https:\\\/\\\/www.iquilibrio.com\\\/blog\\\/#organization\"},\"potentialAction\":[{\"@type\":\"SearchAction\",\"target\":{\"@type\":\"EntryPoint\",\"urlTemplate\":\"https:\\\/\\\/www.iquilibrio.com\\\/blog\\\/?s={search_term_string}\"},\"query-input\":{\"@type\":\"PropertyValueSpecification\",\"valueRequired\":true,\"valueName\":\"search_term_string\"}}],\"inLanguage\":\"pt-BR\"},{\"@type\":\"Organization\",\"@id\":\"https:\\\/\\\/www.iquilibrio.com\\\/blog\\\/#organization\",\"name\":\"Esoterismo, Misticismo e Tarot Online - iQuilibrio\",\"url\":\"https:\\\/\\\/www.iquilibrio.com\\\/blog\\\/\",\"logo\":{\"@type\":\"ImageObject\",\"inLanguage\":\"pt-BR\",\"@id\":\"https:\\\/\\\/www.iquilibrio.com\\\/blog\\\/#\\\/schema\\\/logo\\\/image\\\/\",\"url\":\"https:\\\/\\\/www.iquilibrio.com\\\/blog\\\/wp-content\\\/uploads\\\/2018\\\/12\\\/iquilibrio_lovo_vetor_preto-retina.png\",\"contentUrl\":\"https:\\\/\\\/www.iquilibrio.com\\\/blog\\\/wp-content\\\/uploads\\\/2018\\\/12\\\/iquilibrio_lovo_vetor_preto-retina.png\",\"width\":972,\"height\":180,\"caption\":\"Esoterismo, Misticismo e Tarot Online - iQuilibrio\"},\"image\":{\"@id\":\"https:\\\/\\\/www.iquilibrio.com\\\/blog\\\/#\\\/schema\\\/logo\\\/image\\\/\"},\"sameAs\":[\"https:\\\/\\\/www.facebook.com\\\/iQuilibrio\\\/\",\"https:\\\/\\\/x.com\\\/iquilibrio\",\"https:\\\/\\\/www.instagram.com\\\/iquilibrio\\\/\",\"https:\\\/\\\/www.linkedin.com\\\/company\\\/iquilibrio\\\/\",\"https:\\\/\\\/br.pinterest.com\\\/iquilibrio1397\\\/\",\"https:\\\/\\\/www.youtube.com\\\/channel\\\/UC175qxd-4Zsi4wzawT5zF2g\"]},{\"@type\":\"Person\",\"@id\":\"https:\\\/\\\/www.iquilibrio.com\\\/blog\\\/#\\\/schema\\\/person\\\/21ae990723c2e5a1170c9a06dacb4d3d\",\"name\":\"Arthur Peroni\",\"image\":{\"@type\":\"ImageObject\",\"inLanguage\":\"pt-BR\",\"@id\":\"https:\\\/\\\/www.iquilibrio.com\\\/blog\\\/wp-content\\\/uploads\\\/2023\\\/04\\\/Arthur-Peroni-150x150.jpg\",\"url\":\"https:\\\/\\\/www.iquilibrio.com\\\/blog\\\/wp-content\\\/uploads\\\/2023\\\/04\\\/Arthur-Peroni-150x150.jpg\",\"contentUrl\":\"https:\\\/\\\/www.iquilibrio.com\\\/blog\\\/wp-content\\\/uploads\\\/2023\\\/04\\\/Arthur-Peroni-150x150.jpg\",\"caption\":\"Arthur Peroni\"},\"description\":\"Arthur Peroni escreve sobre a vida, o universo e tudo mais. Amante da literatura m\u00edstica, e fic\u00e7\u00e3o, descobriu sua carreira de redator gra\u00e7as ao h\u00e1bito de leitura constante sobre fantasia e drama. Nas horas vagas, gosta de cozinhar, ler e ver filmes antigos. J\u00e1 trabalhou com, comunica\u00e7\u00e3o social, massoterapia, terapias hol\u00edsticas e design de interiores. Atualmente trabalha como redator SEO e se entusiasma com tudo o que \u00e9 esot\u00e9rico. Gosta de discutir sobre assuntos complexos e instigantes, e v\u00ea na escrita uma oportunidade de aprender e criar todos os dias, mentalmente e espiritualmente.\",\"url\":\"https:\\\/\\\/www.iquilibrio.com\\\/blog\\\/author\\\/raul-vinicius\\\/\"}]}<\/script>\n<!-- \/ Yoast SEO plugin. -->","yoast_head_json":{"title":"Ciclo lunar semanal 08\/04 a 14\/04 - iQuilibrio","robots":{"index":"index","follow":"follow","max-snippet":"max-snippet:-1","max-image-preview":"max-image-preview:large","max-video-preview":"max-video-preview:-1"},"canonical":"https:\/\/www.iquilibrio.com\/blog\/ciclo-lunar-semanal\/ciclo-lunar-semanal-08-04-a-14-04\/","og_locale":"pt_BR","og_type":"article","og_title":"Ciclo lunar semanal 08\/04 a 14\/04 - iQuilibrio","og_description":"Querido leitor, embarcaremos em uma jornada c\u00f3smica de profunda transforma\u00e7\u00e3o e renova\u00e7\u00e3o. Durante esta semana, os ciclos lunares de 08\/04 a 14\/04 nos guiar\u00e3o por uma dan\u00e7a celestial \u00fanica, oferecendo-nos oportunidades de crescimento e introspec\u00e7\u00e3o. Lua Nova em \u00c1ries com Eclipse Solar (08\/04): Prepare-se para um momento de renascimento e novos come\u00e7os, pois a Lua [&hellip;]","og_url":"https:\/\/www.iquilibrio.com\/blog\/ciclo-lunar-semanal\/ciclo-lunar-semanal-08-04-a-14-04\/","og_site_name":"iQuilibrio","article_publisher":"https:\/\/www.facebook.com\/iQuilibrio\/","article_published_time":"2024-04-08T10:00:58+00:00","og_image":[{"width":900,"height":560,"url":"https:\/\/www.iquilibrio.com\/blog\/wp-content\/uploads\/2024\/02\/BLOG-Passagens-lunares-iQui.jpg","type":"image\/jpeg"}],"author":"Arthur Peroni","twitter_card":"summary_large_image","twitter_creator":"@iquilibrio","twitter_site":"@iquilibrio","twitter_misc":{"Escrito por":"Arthur Peroni","Est. tempo de leitura":"4 minutos"},"schema":{"@context":"https:\/\/schema.org","@graph":[{"@type":"Article","@id":"https:\/\/www.iquilibrio.com\/blog\/ciclo-lunar-semanal\/ciclo-lunar-semanal-08-04-a-14-04\/#article","isPartOf":{"@id":"https:\/\/www.iquilibrio.com\/blog\/ciclo-lunar-semanal\/ciclo-lunar-semanal-08-04-a-14-04\/"},"author":{"name":"Arthur Peroni","@id":"https:\/\/www.iquilibrio.com\/blog\/#\/schema\/person\/21ae990723c2e5a1170c9a06dacb4d3d"},"headline":"Ciclo lunar semanal 08\/04 a 14\/04","datePublished":"2024-04-08T10:00:58+00:00","mainEntityOfPage":{"@id":"https:\/\/www.iquilibrio.com\/blog\/ciclo-lunar-semanal\/ciclo-lunar-semanal-08-04-a-14-04\/"},"wordCount":762,"publisher":{"@id":"https:\/\/www.iquilibrio.com\/blog\/#organization"},"image":{"@id":"https:\/\/www.iquilibrio.com\/blog\/ciclo-lunar-semanal\/ciclo-lunar-semanal-08-04-a-14-04\/#primaryimage"},"thumbnailUrl":"https:\/\/www.iquilibrio.com\/blog\/wp-content\/uploads\/2024\/02\/BLOG-Passagens-lunares-iQui.jpg","articleSection":["Ciclo Lunar semanal"],"inLanguage":"pt-BR"},{"@type":"WebPage","@id":"https:\/\/www.iquilibrio.com\/blog\/ciclo-lunar-semanal\/ciclo-lunar-semanal-08-04-a-14-04\/","url":"https:\/\/www.iquilibrio.com\/blog\/ciclo-lunar-semanal\/ciclo-lunar-semanal-08-04-a-14-04\/","name":"Ciclo lunar semanal 08\/04 a 14\/04 - iQuilibrio","isPartOf":{"@id":"https:\/\/www.iquilibrio.com\/blog\/#website"},"primaryImageOfPage":{"@id":"https:\/\/www.iquilibrio.com\/blog\/ciclo-lunar-semanal\/ciclo-lunar-semanal-08-04-a-14-04\/#primaryimage"},"image":{"@id":"https:\/\/www.iquilibrio.com\/blog\/ciclo-lunar-semanal\/ciclo-lunar-semanal-08-04-a-14-04\/#primaryimage"},"thumbnailUrl":"https:\/\/www.iquilibrio.com\/blog\/wp-content\/uploads\/2024\/02\/BLOG-Passagens-lunares-iQui.jpg","datePublished":"2024-04-08T10:00:58+00:00","breadcrumb":{"@id":"https:\/\/www.iquilibrio.com\/blog\/ciclo-lunar-semanal\/ciclo-lunar-semanal-08-04-a-14-04\/#breadcrumb"},"inLanguage":"pt-BR","potentialAction":[{"@type":"ReadAction","target":["https:\/\/www.iquilibrio.com\/blog\/ciclo-lunar-semanal\/ciclo-lunar-semanal-08-04-a-14-04\/"]}]},{"@type":"ImageObject","inLanguage":"pt-BR","@id":"https:\/\/www.iquilibrio.com\/blog\/ciclo-lunar-semanal\/ciclo-lunar-semanal-08-04-a-14-04\/#primaryimage","url":"https:\/\/www.iquilibrio.com\/blog\/wp-content\/uploads\/2024\/02\/BLOG-Passagens-lunares-iQui.jpg","contentUrl":"https:\/\/www.iquilibrio.com\/blog\/wp-content\/uploads\/2024\/02\/BLOG-Passagens-lunares-iQui.jpg","width":900,"height":560},{"@type":"BreadcrumbList","@id":"https:\/\/www.iquilibrio.com\/blog\/ciclo-lunar-semanal\/ciclo-lunar-semanal-08-04-a-14-04\/#breadcrumb","itemListElement":[{"@type":"ListItem","position":1,"name":"In\u00edcio","item":"https:\/\/www.iquilibrio.com\/blog\/"},{"@type":"ListItem","position":2,"name":"Ciclo lunar semanal 08\/04 a 14\/04"}]},{"@type":"WebSite","@id":"https:\/\/www.iquilibrio.com\/blog\/#website","url":"https:\/\/www.iquilibrio.com\/blog\/","name":"iQuilibrio","description":"Blog iQuilibrio","publisher":{"@id":"https:\/\/www.iquilibrio.com\/blog\/#organization"},"potentialAction":[{"@type":"SearchAction","target":{"@type":"EntryPoint","urlTemplate":"https:\/\/www.iquilibrio.com\/blog\/?s={search_term_string}"},"query-input":{"@type":"PropertyValueSpecification","valueRequired":true,"valueName":"search_term_string"}}],"inLanguage":"pt-BR"},{"@type":"Organization","@id":"https:\/\/www.iquilibrio.com\/blog\/#organization","name":"Esoterismo, Misticismo e Tarot Online - iQuilibrio","url":"https:\/\/www.iquilibrio.com\/blog\/","logo":{"@type":"ImageObject","inLanguage":"pt-BR","@id":"https:\/\/www.iquilibrio.com\/blog\/#\/schema\/logo\/image\/","url":"https:\/\/www.iquilibrio.com\/blog\/wp-content\/uploads\/2018\/12\/iquilibrio_lovo_vetor_preto-retina.png","contentUrl":"https:\/\/www.iquilibrio.com\/blog\/wp-content\/uploads\/2018\/12\/iquilibrio_lovo_vetor_preto-retina.png","width":972,"height":180,"caption":"Esoterismo, Misticismo e Tarot Online - iQuilibrio"},"image":{"@id":"https:\/\/www.iquilibrio.com\/blog\/#\/schema\/logo\/image\/"},"sameAs":["https:\/\/www.facebook.com\/iQuilibrio\/","https:\/\/x.com\/iquilibrio","https:\/\/www.instagram.com\/iquilibrio\/","https:\/\/www.linkedin.com\/company\/iquilibrio\/","https:\/\/br.pinterest.com\/iquilibrio1397\/","https:\/\/www.youtube.com\/channel\/UC175qxd-4Zsi4wzawT5zF2g"]},{"@type":"Person","@id":"https:\/\/www.iquilibrio.com\/blog\/#\/schema\/person\/21ae990723c2e5a1170c9a06dacb4d3d","name":"Arthur Peroni","image":{"@type":"ImageObject","inLanguage":"pt-BR","@id":"https:\/\/www.iquilibrio.com\/blog\/wp-content\/uploads\/2023\/04\/Arthur-Peroni-150x150.jpg","url":"https:\/\/www.iquilibrio.com\/blog\/wp-content\/uploads\/2023\/04\/Arthur-Peroni-150x150.jpg","contentUrl":"https:\/\/www.iquilibrio.com\/blog\/wp-content\/uploads\/2023\/04\/Arthur-Peroni-150x150.jpg","caption":"Arthur Peroni"},"description":"Arthur Peroni escreve sobre a vida, o universo e tudo mais. Amante da literatura m\u00edstica, e fic\u00e7\u00e3o, descobriu sua carreira de redator gra\u00e7as ao h\u00e1bito de leitura constante sobre fantasia e drama. Nas horas vagas, gosta de cozinhar, ler e ver filmes antigos. J\u00e1 trabalhou com, comunica\u00e7\u00e3o social, massoterapia, terapias hol\u00edsticas e design de interiores. Atualmente trabalha como redator SEO e se entusiasma com tudo o que \u00e9 esot\u00e9rico. Gosta de discutir sobre assuntos complexos e instigantes, e v\u00ea na escrita uma oportunidade de aprender e criar todos os dias, mentalmente e espiritualmente.","url":"https:\/\/www.iquilibrio.com\/blog\/author\/raul-vinicius\/"}]}},"_links":{"self":[{"href":"https:\/\/www.iquilibrio.com\/blog\/wp-json\/wp\/v2\/posts\/40473","targetHints":{"allow":["GET"]}}],"collection":[{"href":"https:\/\/www.iquilibrio.com\/blog\/wp-json\/wp\/v2\/posts"}],"about":[{"href":"https:\/\/www.iquilibrio.com\/blog\/wp-json\/wp\/v2\/types\/post"}],"author":[{"embeddable":true,"href":"https:\/\/www.iquilibrio.com\/blog\/wp-json\/wp\/v2\/users\/158"}],"replies":[{"embeddable":true,"href":"https:\/\/www.iquilibrio.com\/blog\/wp-json\/wp\/v2\/comments?post=40473"}],"version-history":[{"count":1,"href":"https:\/\/www.iquilibrio.com\/blog\/wp-json\/wp\/v2\/posts\/40473\/revisions"}],"predecessor-version":[{"id":40474,"href":"https:\/\/www.iquilibrio.com\/blog\/wp-json\/wp\/v2\/posts\/40473\/revisions\/40474"}],"wp:featuredmedia":[{"embeddable":true,"href":"https:\/\/www.iquilibrio.com\/blog\/wp-json\/wp\/v2\/media\/40190"}],"wp:attachment":[{"href":"https:\/\/www.iquilibrio.com\/blog\/wp-json\/wp\/v2\/media?parent=40473"}],"wp:term":[{"taxonomy":"category","embeddable":true,"href":"https:\/\/www.iquilibrio.com\/blog\/wp-json\/wp\/v2\/categories?post=40473"},{"taxonomy":"post_tag","embeddable":true,"href":"https:\/\/www.iquilibrio.com\/blog\/wp-json\/wp\/v2\/tags?post=40473"}],"curies":[{"name":"wp","href":"https:\/\/api.w.org\/{rel}","templated":true}]}}