{"id":40456,"date":"2024-04-01T07:00:13","date_gmt":"2024-04-01T10:00:13","guid":{"rendered":"https:\/\/www.iquilibrio.com\/blog\/?p=40456"},"modified":"2024-03-31T23:03:43","modified_gmt":"2024-04-01T02:03:43","slug":"40456","status":"publish","type":"post","link":"https:\/\/www.iquilibrio.com\/blog\/ciclo-lunar-semanal\/40456\/","title":{"rendered":"Ciclo lunar semanal 01\/04 a 07\/04"},"content":{"rendered":"<p><span style=\"font-weight: 400;\">Querido leitor lunar \u00e0 medida que nos preparamos para embarcar em uma nova jornada nos ciclos da Lua, somos envolvidos por uma dan\u00e7a c\u00f3smica repleta de energias transformadoras, de<strong> 01\/04 a 07\/04<\/strong>. Durante este per\u00edodo, a Lua nos conduzir\u00e1 por uma variedade de fases, cada uma carregada de sua pr\u00f3pria magia e influ\u00eancia sobre nossas vidas<\/span><\/p>\n<p><b>Lua Minguante em Capric\u00f3rnio (02\/04):<\/b><span style=\"font-weight: 400;\"> Com a Lua entrando em sua fase minguante em Capric\u00f3rnio, somos convidados a olhar para dentro e refletir sobre o que j\u00e1 n\u00e3o nos serve mais. \u00c9 uma fase auspiciosa para deixar ir velhos padr\u00f5es, cren\u00e7as limitantes e bagagens emocionais que carregamos h\u00e1 muito tempo.<\/span><\/p>\n<p><b>Lua em Aqu\u00e1rio (03\/04 a 04\/04):<\/b><span style=\"font-weight: 400;\"> A chegada da Lua transitando em Aqu\u00e1rio, \u00e9 hora de abra\u00e7ar nossa singularidade e buscar conex\u00f5es aut\u00eanticas com o mundo ao nosso redor. Esta fase em si nos convida a explorar novas ideias, expandir nossos horizontes e encontrar maneiras inovadoras de contribuir para a comunidade.<\/span><\/p>\n<p><b>Lua em Peixes (05\/04 a 06\/04):<\/b><span style=\"font-weight: 400;\"> Sob a influ\u00eancia compassiva de Peixes, mergulhamos nas profundezas de nossas emo\u00e7\u00f5es e intui\u00e7\u00f5es. \u00c9 uma fase importante para nutrir nossa espiritualidade, honrar nossa sensibilidade e praticar a compaix\u00e3o consigo mesmo e com os outros.<\/span><\/p>\n<p><b>Lua em \u00c1ries (07\/04):<\/b><span style=\"font-weight: 400;\"> Concluindo este ciclo lunar, a Lua entra em \u00c1ries, trazendo consigo uma energia ardente e impulsiva. Busque agir com coragem, confian\u00e7a e determina\u00e7\u00e3o, pois \u00e9 hora de dar vida \u00e0s nossas paix\u00f5es e iniciar novos empreendimentos com entusiasmo.<\/span><\/p>\n<p><span style=\"font-weight: 400;\">\u00c0 medida que nos aventuramos pelos ciclos lunares desta semana, convido-o a sintonizar-se com as mensagens do cosmos e a seguir o ritmo do universo em sua jornada pessoal. Que cada fase seja uma oportunidade para crescimento, auto descoberta e conex\u00e3o com o divino dentro de voc\u00ea.<\/span><\/p>\n<hr \/>\n<h2><b>Ciclos Lunares e suas Energias<\/b><\/h2>\n<h3><b>Lua Minguante em Capric\u00f3rnio &#x1f313;&#x2651; (02\/04)<\/b><\/h3>\n<p><span style=\"font-weight: 400;\">\u00c0 medida que a Lua entra em sua fase minguante em Capric\u00f3rnio, \u00e9 hora de liberar o que n\u00e3o nos serve mais. Liberte- se de velhos padr\u00f5es, emo\u00e7\u00f5es estagnadas e bagagens desnecess\u00e1rias.<\/span><\/p>\n<p><b>Dicas da semana:<\/b><\/p>\n<ul>\n<li><span style=\"font-weight: 400;\">Fa\u00e7a uma limpeza f\u00edsica e emocional.<\/span><\/li>\n<li><span style=\"font-weight: 400;\">Reflita sobre as li\u00e7\u00f5es aprendidas e planeje mudan\u00e7as positivas.<\/span><\/li>\n<\/ul>\n<p><b>Incensos Recomendados:<\/b><span style=\"font-weight: 400;\"> S\u00e1lvia para purifica\u00e7\u00e3o e mirra para liberta\u00e7\u00e3o.<\/span><\/p>\n<p><b>Ritual:<\/b><span style=\"font-weight: 400;\"> Escreva em um papel tudo o que deseja deixar para tr\u00e1s e, em seguida, queime-o, simbolizando a libera\u00e7\u00e3o.<\/span><\/p>\n<p><b>Mantra:<\/b><span style=\"font-weight: 400;\"> &#8220;Eu deixo ir o que n\u00e3o me serve mais, abrindo espa\u00e7o para o novo.&#8221;<\/span><\/p>\n<hr \/>\n<h3><b>Lua em Aqu\u00e1rio &#x1f31c;&#x2652;(03\/04 a 04\/04)<\/b><\/h3>\n<p><span style=\"font-weight: 400;\">Com a Lua transitando em Aqu\u00e1rio, somos convidados a abra\u00e7ar nossa individualidade e a nos conectar com a comunidade ao nosso redor. Trace novas perspectivas e crie ideias inovadoras.<\/span><\/p>\n<p><b>Dicas da semana:<\/b><\/p>\n<ul>\n<li><span style=\"font-weight: 400;\">Envolver-se em atividades sociais ou comunit\u00e1rias.<\/span><\/li>\n<li><span style=\"font-weight: 400;\">Explore novas tecnologias ou hobbies que despertem sua curiosidade.<\/span><\/li>\n<\/ul>\n<p><b>Incensos Recomendados:<\/b><span style=\"font-weight: 400;\"> Patchouli para inspira\u00e7\u00e3o e cedro para clareza mental.<\/span><\/p>\n<p><b>Ritual:<\/b><span style=\"font-weight: 400;\"> Medite sobre como voc\u00ea pode contribuir positivamente para o mundo ao seu redor.<\/span><\/p>\n<p><b>Mantra:<\/b><span style=\"font-weight: 400;\"> &#8220;Eu sou \u00fanico, e minha singularidade \u00e9 uma d\u00e1diva para o mundo.&#8221;<\/span><\/p>\n<hr \/>\n<h3><b>Lua em Peixes&#x1f316;&#x2653; (05\/04 a 06\/04)<\/b><\/h3>\n<p><span style=\"font-weight: 400;\">Sob a influ\u00eancia compassiva de Peixes, mergulhamos nas profundezas de nossas emo\u00e7\u00f5es e intui\u00e7\u00f5es. Tente nutrir sua espiritualidade, explorando a criatividade e praticando a compaix\u00e3o consigo mesmo e com os outros.<\/span><\/p>\n<p><b>Dicas Semanais:<\/b><\/p>\n<ul>\n<li><span style=\"font-weight: 400;\">Dedique tempo para atividades art\u00edsticas ou espirituais.<\/span><\/li>\n<li><span style=\"font-weight: 400;\">Pratique a empatia e a compaix\u00e3o em suas intera\u00e7\u00f5es.<\/span><\/li>\n<\/ul>\n<p><b>Incensos Recomendados:<\/b><span style=\"font-weight: 400;\"> S\u00e2ndalo para medita\u00e7\u00e3o e lavanda para relaxamento.<\/span><\/p>\n<p><b>Ritual:<\/b><span style=\"font-weight: 400;\"> Tome um banho de imers\u00e3o com sais de banho arom\u00e1ticos, visualizando-se envolto em luz e tranquilidade.<\/span><\/p>\n<p><b>Mantra:<\/b><span style=\"font-weight: 400;\"> &#8220;Eu me permito sentir profundamente e crescer atrav\u00e9s da compaix\u00e3o.&#8221;<\/span><\/p>\n<hr \/>\n<h3><b>Lua em \u00c1ries&#x1f319;&#x2648; (07\/04)<\/b><\/h3>\n<p><span style=\"font-weight: 400;\">Com a Lua entrando em \u00c1ries, somos impulsionados pela energia ardente deste signo de fogo. \u00c9 hora de agir com coragem e determina\u00e7\u00e3o. Use este momento para iniciar novos projetos, expressar sua individualidade e assumir a lideran\u00e7a em sua vida.\u00a0<\/span><\/p>\n<p><b>Dicas da semana:\u00a0<\/b><\/p>\n<ul>\n<li><span style=\"font-weight: 400;\">Tenha coragem e seja forte.<\/span><\/li>\n<li><span style=\"font-weight: 400;\">Movimente seus projetos e os transforme em realidade<\/span><\/li>\n<\/ul>\n<p><b>Ritual: <\/b><span style=\"font-weight: 400;\">Anote todas as metas e projetos para 2024 e mentalize essa a\u00e7\u00e3o sendo conclu\u00edda.<\/span><\/p>\n<p><b>Incensos Recomendados:<\/b> <span style=\"font-weight: 400;\">Cedro e Patchouli, podem ajudar a fortalecer sua determina\u00e7\u00e3o durante um ritual de manifesta\u00e7\u00e3o.<\/span><\/p>\n<p><b>Mantra:<\/b><span style=\"font-weight: 400;\"> &#8220;Com coragem e determina\u00e7\u00e3o, eu manifesto meus sonhos.&#8221;<\/span><\/p>\n<p><span style=\"font-weight: 400;\">Que esta semana lunar seja uma jornada de autodescoberta e crescimento. Que cada fase nos inspire a viver com mais autenticidade e amor.<\/span><\/p>\n<p>Esperamos que a sua semana seja repleta de realiza\u00e7\u00f5es e boas vibra\u00e7\u00f5es, e decerto, a energia da lua abrir\u00e1 os bons caminhos para voc\u00ea.<\/p>\n<p>Boa semana!<\/p>\n\n\n<div class=\"kk-star-ratings kksr-auto kksr-align-left kksr-valign-bottom\"\n    data-payload='{&quot;align&quot;:&quot;left&quot;,&quot;id&quot;:&quot;40456&quot;,&quot;slug&quot;:&quot;default&quot;,&quot;valign&quot;:&quot;bottom&quot;,&quot;ignore&quot;:&quot;&quot;,&quot;reference&quot;:&quot;auto&quot;,&quot;class&quot;:&quot;&quot;,&quot;count&quot;:&quot;1&quot;,&quot;legendonly&quot;:&quot;&quot;,&quot;readonly&quot;:&quot;&quot;,&quot;score&quot;:&quot;5&quot;,&quot;starsonly&quot;:&quot;&quot;,&quot;best&quot;:&quot;5&quot;,&quot;gap&quot;:&quot;5&quot;,&quot;greet&quot;:&quot;Rate this post&quot;,&quot;legend&quot;:&quot;5\\\/5 - (1 voto)&quot;,&quot;size&quot;:&quot;24&quot;,&quot;title&quot;:&quot;Ciclo lunar semanal 01\\\/04 a 07\\\/04&quot;,&quot;width&quot;:&quot;142.5&quot;,&quot;_legend&quot;:&quot;{score}\\\/{best} - ({count} {votes})&quot;,&quot;font_factor&quot;:&quot;1.25&quot;}'>\n            \n<div class=\"kksr-stars\">\n    \n<div class=\"kksr-stars-inactive\">\n            <div class=\"kksr-star\" data-star=\"1\" style=\"padding-right: 5px\">\n            \n\n<div class=\"kksr-icon\" style=\"width: 24px; height: 24px;\"><\/div>\n        <\/div>\n            <div class=\"kksr-star\" data-star=\"2\" style=\"padding-right: 5px\">\n            \n\n<div class=\"kksr-icon\" style=\"width: 24px; height: 24px;\"><\/div>\n        <\/div>\n            <div class=\"kksr-star\" data-star=\"3\" style=\"padding-right: 5px\">\n            \n\n<div class=\"kksr-icon\" style=\"width: 24px; height: 24px;\"><\/div>\n        <\/div>\n            <div class=\"kksr-star\" data-star=\"4\" style=\"padding-right: 5px\">\n            \n\n<div class=\"kksr-icon\" style=\"width: 24px; height: 24px;\"><\/div>\n        <\/div>\n            <div class=\"kksr-star\" data-star=\"5\" style=\"padding-right: 5px\">\n            \n\n<div class=\"kksr-icon\" style=\"width: 24px; height: 24px;\"><\/div>\n        <\/div>\n    <\/div>\n    \n<div class=\"kksr-stars-active\" style=\"width: 142.5px;\">\n            <div class=\"kksr-star\" style=\"padding-right: 5px\">\n            \n\n<div class=\"kksr-icon\" style=\"width: 24px; height: 24px;\"><\/div>\n        <\/div>\n            <div class=\"kksr-star\" style=\"padding-right: 5px\">\n            \n\n<div class=\"kksr-icon\" style=\"width: 24px; height: 24px;\"><\/div>\n        <\/div>\n            <div class=\"kksr-star\" style=\"padding-right: 5px\">\n            \n\n<div class=\"kksr-icon\" style=\"width: 24px; height: 24px;\"><\/div>\n        <\/div>\n            <div class=\"kksr-star\" style=\"padding-right: 5px\">\n            \n\n<div class=\"kksr-icon\" style=\"width: 24px; height: 24px;\"><\/div>\n        <\/div>\n            <div class=\"kksr-star\" style=\"padding-right: 5px\">\n            \n\n<div class=\"kksr-icon\" style=\"width: 24px; height: 24px;\"><\/div>\n        <\/div>\n    <\/div>\n<\/div>\n                \n\n<div class=\"kksr-legend\" style=\"font-size: 19.2px;\">\n            5\/5 - (1 voto)    <\/div>\n    <\/div>\n","protected":false},"excerpt":{"rendered":"<p>Querido leitor lunar \u00e0 medida que nos preparamos para embarcar em uma nova jornada nos ciclos da Lua, somos envolvidos por uma dan\u00e7a c\u00f3smica repleta de energias transformadoras, de 01\/04 a 07\/04. Durante este per\u00edodo, a Lua nos conduzir\u00e1 por uma variedade de fases, cada uma carregada de sua pr\u00f3pria magia e influ\u00eancia sobre nossas [&hellip;]<\/p>\n","protected":false},"author":158,"featured_media":40190,"comment_status":"closed","ping_status":"closed","sticky":false,"template":"","format":"standard","meta":{"footnotes":""},"categories":[4893],"tags":[],"class_list":["post-40456","post","type-post","status-publish","format-standard","has-post-thumbnail","hentry","category-ciclo-lunar-semanal"],"yoast_head":"<!-- This site is optimized with the Yoast SEO plugin v27.4 - https:\/\/yoast.com\/product\/yoast-seo-wordpress\/ -->\n<title>Ciclo lunar semanal 01\/04 a 07\/04 - iQuilibrio<\/title>\n<meta name=\"robots\" content=\"index, follow, max-snippet:-1, max-image-preview:large, max-video-preview:-1\" \/>\n<link rel=\"canonical\" href=\"https:\/\/www.iquilibrio.com\/blog\/ciclo-lunar-semanal\/40456\/\" \/>\n<meta property=\"og:locale\" content=\"pt_BR\" \/>\n<meta property=\"og:type\" content=\"article\" \/>\n<meta property=\"og:title\" content=\"Ciclo lunar semanal 01\/04 a 07\/04 - iQuilibrio\" \/>\n<meta property=\"og:description\" content=\"Querido leitor lunar \u00e0 medida que nos preparamos para embarcar em uma nova jornada nos ciclos da Lua, somos envolvidos por uma dan\u00e7a c\u00f3smica repleta de energias transformadoras, de 01\/04 a 07\/04. Durante este per\u00edodo, a Lua nos conduzir\u00e1 por uma variedade de fases, cada uma carregada de sua pr\u00f3pria magia e influ\u00eancia sobre nossas [&hellip;]\" \/>\n<meta property=\"og:url\" content=\"https:\/\/www.iquilibrio.com\/blog\/ciclo-lunar-semanal\/40456\/\" \/>\n<meta property=\"og:site_name\" content=\"iQuilibrio\" \/>\n<meta property=\"article:publisher\" content=\"https:\/\/www.facebook.com\/iQuilibrio\/\" \/>\n<meta property=\"article:published_time\" content=\"2024-04-01T10:00:13+00:00\" \/>\n<meta property=\"og:image\" content=\"https:\/\/www.iquilibrio.com\/blog\/wp-content\/uploads\/2024\/02\/BLOG-Passagens-lunares-iQui.jpg\" \/>\n\t<meta property=\"og:image:width\" content=\"900\" \/>\n\t<meta property=\"og:image:height\" content=\"560\" \/>\n\t<meta property=\"og:image:type\" content=\"image\/jpeg\" \/>\n<meta name=\"author\" content=\"Arthur Peroni\" \/>\n<meta name=\"twitter:card\" content=\"summary_large_image\" \/>\n<meta name=\"twitter:creator\" content=\"@iquilibrio\" \/>\n<meta name=\"twitter:site\" content=\"@iquilibrio\" \/>\n<meta name=\"twitter:label1\" content=\"Escrito por\" \/>\n\t<meta name=\"twitter:data1\" content=\"Arthur Peroni\" \/>\n\t<meta name=\"twitter:label2\" content=\"Est. tempo de leitura\" \/>\n\t<meta name=\"twitter:data2\" content=\"4 minutos\" \/>\n<script type=\"application\/ld+json\" class=\"yoast-schema-graph\">{\"@context\":\"https:\\\/\\\/schema.org\",\"@graph\":[{\"@type\":\"Article\",\"@id\":\"https:\\\/\\\/www.iquilibrio.com\\\/blog\\\/ciclo-lunar-semanal\\\/40456\\\/#article\",\"isPartOf\":{\"@id\":\"https:\\\/\\\/www.iquilibrio.com\\\/blog\\\/ciclo-lunar-semanal\\\/40456\\\/\"},\"author\":{\"name\":\"Arthur Peroni\",\"@id\":\"https:\\\/\\\/www.iquilibrio.com\\\/blog\\\/#\\\/schema\\\/person\\\/21ae990723c2e5a1170c9a06dacb4d3d\"},\"headline\":\"Ciclo lunar semanal 01\\\/04 a 07\\\/04\",\"datePublished\":\"2024-04-01T10:00:13+00:00\",\"mainEntityOfPage\":{\"@id\":\"https:\\\/\\\/www.iquilibrio.com\\\/blog\\\/ciclo-lunar-semanal\\\/40456\\\/\"},\"wordCount\":781,\"publisher\":{\"@id\":\"https:\\\/\\\/www.iquilibrio.com\\\/blog\\\/#organization\"},\"image\":{\"@id\":\"https:\\\/\\\/www.iquilibrio.com\\\/blog\\\/ciclo-lunar-semanal\\\/40456\\\/#primaryimage\"},\"thumbnailUrl\":\"https:\\\/\\\/www.iquilibrio.com\\\/blog\\\/wp-content\\\/uploads\\\/2024\\\/02\\\/BLOG-Passagens-lunares-iQui.jpg\",\"articleSection\":[\"Ciclo Lunar semanal\"],\"inLanguage\":\"pt-BR\"},{\"@type\":\"WebPage\",\"@id\":\"https:\\\/\\\/www.iquilibrio.com\\\/blog\\\/ciclo-lunar-semanal\\\/40456\\\/\",\"url\":\"https:\\\/\\\/www.iquilibrio.com\\\/blog\\\/ciclo-lunar-semanal\\\/40456\\\/\",\"name\":\"Ciclo lunar semanal 01\\\/04 a 07\\\/04 - iQuilibrio\",\"isPartOf\":{\"@id\":\"https:\\\/\\\/www.iquilibrio.com\\\/blog\\\/#website\"},\"primaryImageOfPage\":{\"@id\":\"https:\\\/\\\/www.iquilibrio.com\\\/blog\\\/ciclo-lunar-semanal\\\/40456\\\/#primaryimage\"},\"image\":{\"@id\":\"https:\\\/\\\/www.iquilibrio.com\\\/blog\\\/ciclo-lunar-semanal\\\/40456\\\/#primaryimage\"},\"thumbnailUrl\":\"https:\\\/\\\/www.iquilibrio.com\\\/blog\\\/wp-content\\\/uploads\\\/2024\\\/02\\\/BLOG-Passagens-lunares-iQui.jpg\",\"datePublished\":\"2024-04-01T10:00:13+00:00\",\"breadcrumb\":{\"@id\":\"https:\\\/\\\/www.iquilibrio.com\\\/blog\\\/ciclo-lunar-semanal\\\/40456\\\/#breadcrumb\"},\"inLanguage\":\"pt-BR\",\"potentialAction\":[{\"@type\":\"ReadAction\",\"target\":[\"https:\\\/\\\/www.iquilibrio.com\\\/blog\\\/ciclo-lunar-semanal\\\/40456\\\/\"]}]},{\"@type\":\"ImageObject\",\"inLanguage\":\"pt-BR\",\"@id\":\"https:\\\/\\\/www.iquilibrio.com\\\/blog\\\/ciclo-lunar-semanal\\\/40456\\\/#primaryimage\",\"url\":\"https:\\\/\\\/www.iquilibrio.com\\\/blog\\\/wp-content\\\/uploads\\\/2024\\\/02\\\/BLOG-Passagens-lunares-iQui.jpg\",\"contentUrl\":\"https:\\\/\\\/www.iquilibrio.com\\\/blog\\\/wp-content\\\/uploads\\\/2024\\\/02\\\/BLOG-Passagens-lunares-iQui.jpg\",\"width\":900,\"height\":560},{\"@type\":\"BreadcrumbList\",\"@id\":\"https:\\\/\\\/www.iquilibrio.com\\\/blog\\\/ciclo-lunar-semanal\\\/40456\\\/#breadcrumb\",\"itemListElement\":[{\"@type\":\"ListItem\",\"position\":1,\"name\":\"In\u00edcio\",\"item\":\"https:\\\/\\\/www.iquilibrio.com\\\/blog\\\/\"},{\"@type\":\"ListItem\",\"position\":2,\"name\":\"Ciclo lunar semanal 01\\\/04 a 07\\\/04\"}]},{\"@type\":\"WebSite\",\"@id\":\"https:\\\/\\\/www.iquilibrio.com\\\/blog\\\/#website\",\"url\":\"https:\\\/\\\/www.iquilibrio.com\\\/blog\\\/\",\"name\":\"iQuilibrio\",\"description\":\"Blog iQuilibrio\",\"publisher\":{\"@id\":\"https:\\\/\\\/www.iquilibrio.com\\\/blog\\\/#organization\"},\"potentialAction\":[{\"@type\":\"SearchAction\",\"target\":{\"@type\":\"EntryPoint\",\"urlTemplate\":\"https:\\\/\\\/www.iquilibrio.com\\\/blog\\\/?s={search_term_string}\"},\"query-input\":{\"@type\":\"PropertyValueSpecification\",\"valueRequired\":true,\"valueName\":\"search_term_string\"}}],\"inLanguage\":\"pt-BR\"},{\"@type\":\"Organization\",\"@id\":\"https:\\\/\\\/www.iquilibrio.com\\\/blog\\\/#organization\",\"name\":\"Esoterismo, Misticismo e Tarot Online - iQuilibrio\",\"url\":\"https:\\\/\\\/www.iquilibrio.com\\\/blog\\\/\",\"logo\":{\"@type\":\"ImageObject\",\"inLanguage\":\"pt-BR\",\"@id\":\"https:\\\/\\\/www.iquilibrio.com\\\/blog\\\/#\\\/schema\\\/logo\\\/image\\\/\",\"url\":\"https:\\\/\\\/www.iquilibrio.com\\\/blog\\\/wp-content\\\/uploads\\\/2018\\\/12\\\/iquilibrio_lovo_vetor_preto-retina.png\",\"contentUrl\":\"https:\\\/\\\/www.iquilibrio.com\\\/blog\\\/wp-content\\\/uploads\\\/2018\\\/12\\\/iquilibrio_lovo_vetor_preto-retina.png\",\"width\":972,\"height\":180,\"caption\":\"Esoterismo, Misticismo e Tarot Online - iQuilibrio\"},\"image\":{\"@id\":\"https:\\\/\\\/www.iquilibrio.com\\\/blog\\\/#\\\/schema\\\/logo\\\/image\\\/\"},\"sameAs\":[\"https:\\\/\\\/www.facebook.com\\\/iQuilibrio\\\/\",\"https:\\\/\\\/x.com\\\/iquilibrio\",\"https:\\\/\\\/www.instagram.com\\\/iquilibrio\\\/\",\"https:\\\/\\\/www.linkedin.com\\\/company\\\/iquilibrio\\\/\",\"https:\\\/\\\/br.pinterest.com\\\/iquilibrio1397\\\/\",\"https:\\\/\\\/www.youtube.com\\\/channel\\\/UC175qxd-4Zsi4wzawT5zF2g\"]},{\"@type\":\"Person\",\"@id\":\"https:\\\/\\\/www.iquilibrio.com\\\/blog\\\/#\\\/schema\\\/person\\\/21ae990723c2e5a1170c9a06dacb4d3d\",\"name\":\"Arthur Peroni\",\"image\":{\"@type\":\"ImageObject\",\"inLanguage\":\"pt-BR\",\"@id\":\"https:\\\/\\\/www.iquilibrio.com\\\/blog\\\/wp-content\\\/uploads\\\/2023\\\/04\\\/Arthur-Peroni-150x150.jpg\",\"url\":\"https:\\\/\\\/www.iquilibrio.com\\\/blog\\\/wp-content\\\/uploads\\\/2023\\\/04\\\/Arthur-Peroni-150x150.jpg\",\"contentUrl\":\"https:\\\/\\\/www.iquilibrio.com\\\/blog\\\/wp-content\\\/uploads\\\/2023\\\/04\\\/Arthur-Peroni-150x150.jpg\",\"caption\":\"Arthur Peroni\"},\"description\":\"Arthur Peroni escreve sobre a vida, o universo e tudo mais. Amante da literatura m\u00edstica, e fic\u00e7\u00e3o, descobriu sua carreira de redator gra\u00e7as ao h\u00e1bito de leitura constante sobre fantasia e drama. Nas horas vagas, gosta de cozinhar, ler e ver filmes antigos. J\u00e1 trabalhou com, comunica\u00e7\u00e3o social, massoterapia, terapias hol\u00edsticas e design de interiores. Atualmente trabalha como redator SEO e se entusiasma com tudo o que \u00e9 esot\u00e9rico. Gosta de discutir sobre assuntos complexos e instigantes, e v\u00ea na escrita uma oportunidade de aprender e criar todos os dias, mentalmente e espiritualmente.\",\"url\":\"https:\\\/\\\/www.iquilibrio.com\\\/blog\\\/author\\\/raul-vinicius\\\/\"}]}<\/script>\n<!-- \/ Yoast SEO plugin. -->","yoast_head_json":{"title":"Ciclo lunar semanal 01\/04 a 07\/04 - iQuilibrio","robots":{"index":"index","follow":"follow","max-snippet":"max-snippet:-1","max-image-preview":"max-image-preview:large","max-video-preview":"max-video-preview:-1"},"canonical":"https:\/\/www.iquilibrio.com\/blog\/ciclo-lunar-semanal\/40456\/","og_locale":"pt_BR","og_type":"article","og_title":"Ciclo lunar semanal 01\/04 a 07\/04 - iQuilibrio","og_description":"Querido leitor lunar \u00e0 medida que nos preparamos para embarcar em uma nova jornada nos ciclos da Lua, somos envolvidos por uma dan\u00e7a c\u00f3smica repleta de energias transformadoras, de 01\/04 a 07\/04. Durante este per\u00edodo, a Lua nos conduzir\u00e1 por uma variedade de fases, cada uma carregada de sua pr\u00f3pria magia e influ\u00eancia sobre nossas [&hellip;]","og_url":"https:\/\/www.iquilibrio.com\/blog\/ciclo-lunar-semanal\/40456\/","og_site_name":"iQuilibrio","article_publisher":"https:\/\/www.facebook.com\/iQuilibrio\/","article_published_time":"2024-04-01T10:00:13+00:00","og_image":[{"width":900,"height":560,"url":"https:\/\/www.iquilibrio.com\/blog\/wp-content\/uploads\/2024\/02\/BLOG-Passagens-lunares-iQui.jpg","type":"image\/jpeg"}],"author":"Arthur Peroni","twitter_card":"summary_large_image","twitter_creator":"@iquilibrio","twitter_site":"@iquilibrio","twitter_misc":{"Escrito por":"Arthur Peroni","Est. tempo de leitura":"4 minutos"},"schema":{"@context":"https:\/\/schema.org","@graph":[{"@type":"Article","@id":"https:\/\/www.iquilibrio.com\/blog\/ciclo-lunar-semanal\/40456\/#article","isPartOf":{"@id":"https:\/\/www.iquilibrio.com\/blog\/ciclo-lunar-semanal\/40456\/"},"author":{"name":"Arthur Peroni","@id":"https:\/\/www.iquilibrio.com\/blog\/#\/schema\/person\/21ae990723c2e5a1170c9a06dacb4d3d"},"headline":"Ciclo lunar semanal 01\/04 a 07\/04","datePublished":"2024-04-01T10:00:13+00:00","mainEntityOfPage":{"@id":"https:\/\/www.iquilibrio.com\/blog\/ciclo-lunar-semanal\/40456\/"},"wordCount":781,"publisher":{"@id":"https:\/\/www.iquilibrio.com\/blog\/#organization"},"image":{"@id":"https:\/\/www.iquilibrio.com\/blog\/ciclo-lunar-semanal\/40456\/#primaryimage"},"thumbnailUrl":"https:\/\/www.iquilibrio.com\/blog\/wp-content\/uploads\/2024\/02\/BLOG-Passagens-lunares-iQui.jpg","articleSection":["Ciclo Lunar semanal"],"inLanguage":"pt-BR"},{"@type":"WebPage","@id":"https:\/\/www.iquilibrio.com\/blog\/ciclo-lunar-semanal\/40456\/","url":"https:\/\/www.iquilibrio.com\/blog\/ciclo-lunar-semanal\/40456\/","name":"Ciclo lunar semanal 01\/04 a 07\/04 - iQuilibrio","isPartOf":{"@id":"https:\/\/www.iquilibrio.com\/blog\/#website"},"primaryImageOfPage":{"@id":"https:\/\/www.iquilibrio.com\/blog\/ciclo-lunar-semanal\/40456\/#primaryimage"},"image":{"@id":"https:\/\/www.iquilibrio.com\/blog\/ciclo-lunar-semanal\/40456\/#primaryimage"},"thumbnailUrl":"https:\/\/www.iquilibrio.com\/blog\/wp-content\/uploads\/2024\/02\/BLOG-Passagens-lunares-iQui.jpg","datePublished":"2024-04-01T10:00:13+00:00","breadcrumb":{"@id":"https:\/\/www.iquilibrio.com\/blog\/ciclo-lunar-semanal\/40456\/#breadcrumb"},"inLanguage":"pt-BR","potentialAction":[{"@type":"ReadAction","target":["https:\/\/www.iquilibrio.com\/blog\/ciclo-lunar-semanal\/40456\/"]}]},{"@type":"ImageObject","inLanguage":"pt-BR","@id":"https:\/\/www.iquilibrio.com\/blog\/ciclo-lunar-semanal\/40456\/#primaryimage","url":"https:\/\/www.iquilibrio.com\/blog\/wp-content\/uploads\/2024\/02\/BLOG-Passagens-lunares-iQui.jpg","contentUrl":"https:\/\/www.iquilibrio.com\/blog\/wp-content\/uploads\/2024\/02\/BLOG-Passagens-lunares-iQui.jpg","width":900,"height":560},{"@type":"BreadcrumbList","@id":"https:\/\/www.iquilibrio.com\/blog\/ciclo-lunar-semanal\/40456\/#breadcrumb","itemListElement":[{"@type":"ListItem","position":1,"name":"In\u00edcio","item":"https:\/\/www.iquilibrio.com\/blog\/"},{"@type":"ListItem","position":2,"name":"Ciclo lunar semanal 01\/04 a 07\/04"}]},{"@type":"WebSite","@id":"https:\/\/www.iquilibrio.com\/blog\/#website","url":"https:\/\/www.iquilibrio.com\/blog\/","name":"iQuilibrio","description":"Blog iQuilibrio","publisher":{"@id":"https:\/\/www.iquilibrio.com\/blog\/#organization"},"potentialAction":[{"@type":"SearchAction","target":{"@type":"EntryPoint","urlTemplate":"https:\/\/www.iquilibrio.com\/blog\/?s={search_term_string}"},"query-input":{"@type":"PropertyValueSpecification","valueRequired":true,"valueName":"search_term_string"}}],"inLanguage":"pt-BR"},{"@type":"Organization","@id":"https:\/\/www.iquilibrio.com\/blog\/#organization","name":"Esoterismo, Misticismo e Tarot Online - iQuilibrio","url":"https:\/\/www.iquilibrio.com\/blog\/","logo":{"@type":"ImageObject","inLanguage":"pt-BR","@id":"https:\/\/www.iquilibrio.com\/blog\/#\/schema\/logo\/image\/","url":"https:\/\/www.iquilibrio.com\/blog\/wp-content\/uploads\/2018\/12\/iquilibrio_lovo_vetor_preto-retina.png","contentUrl":"https:\/\/www.iquilibrio.com\/blog\/wp-content\/uploads\/2018\/12\/iquilibrio_lovo_vetor_preto-retina.png","width":972,"height":180,"caption":"Esoterismo, Misticismo e Tarot Online - iQuilibrio"},"image":{"@id":"https:\/\/www.iquilibrio.com\/blog\/#\/schema\/logo\/image\/"},"sameAs":["https:\/\/www.facebook.com\/iQuilibrio\/","https:\/\/x.com\/iquilibrio","https:\/\/www.instagram.com\/iquilibrio\/","https:\/\/www.linkedin.com\/company\/iquilibrio\/","https:\/\/br.pinterest.com\/iquilibrio1397\/","https:\/\/www.youtube.com\/channel\/UC175qxd-4Zsi4wzawT5zF2g"]},{"@type":"Person","@id":"https:\/\/www.iquilibrio.com\/blog\/#\/schema\/person\/21ae990723c2e5a1170c9a06dacb4d3d","name":"Arthur Peroni","image":{"@type":"ImageObject","inLanguage":"pt-BR","@id":"https:\/\/www.iquilibrio.com\/blog\/wp-content\/uploads\/2023\/04\/Arthur-Peroni-150x150.jpg","url":"https:\/\/www.iquilibrio.com\/blog\/wp-content\/uploads\/2023\/04\/Arthur-Peroni-150x150.jpg","contentUrl":"https:\/\/www.iquilibrio.com\/blog\/wp-content\/uploads\/2023\/04\/Arthur-Peroni-150x150.jpg","caption":"Arthur Peroni"},"description":"Arthur Peroni escreve sobre a vida, o universo e tudo mais. Amante da literatura m\u00edstica, e fic\u00e7\u00e3o, descobriu sua carreira de redator gra\u00e7as ao h\u00e1bito de leitura constante sobre fantasia e drama. Nas horas vagas, gosta de cozinhar, ler e ver filmes antigos. J\u00e1 trabalhou com, comunica\u00e7\u00e3o social, massoterapia, terapias hol\u00edsticas e design de interiores. Atualmente trabalha como redator SEO e se entusiasma com tudo o que \u00e9 esot\u00e9rico. Gosta de discutir sobre assuntos complexos e instigantes, e v\u00ea na escrita uma oportunidade de aprender e criar todos os dias, mentalmente e espiritualmente.","url":"https:\/\/www.iquilibrio.com\/blog\/author\/raul-vinicius\/"}]}},"_links":{"self":[{"href":"https:\/\/www.iquilibrio.com\/blog\/wp-json\/wp\/v2\/posts\/40456","targetHints":{"allow":["GET"]}}],"collection":[{"href":"https:\/\/www.iquilibrio.com\/blog\/wp-json\/wp\/v2\/posts"}],"about":[{"href":"https:\/\/www.iquilibrio.com\/blog\/wp-json\/wp\/v2\/types\/post"}],"author":[{"embeddable":true,"href":"https:\/\/www.iquilibrio.com\/blog\/wp-json\/wp\/v2\/users\/158"}],"replies":[{"embeddable":true,"href":"https:\/\/www.iquilibrio.com\/blog\/wp-json\/wp\/v2\/comments?post=40456"}],"version-history":[{"count":2,"href":"https:\/\/www.iquilibrio.com\/blog\/wp-json\/wp\/v2\/posts\/40456\/revisions"}],"predecessor-version":[{"id":40458,"href":"https:\/\/www.iquilibrio.com\/blog\/wp-json\/wp\/v2\/posts\/40456\/revisions\/40458"}],"wp:featuredmedia":[{"embeddable":true,"href":"https:\/\/www.iquilibrio.com\/blog\/wp-json\/wp\/v2\/media\/40190"}],"wp:attachment":[{"href":"https:\/\/www.iquilibrio.com\/blog\/wp-json\/wp\/v2\/media?parent=40456"}],"wp:term":[{"taxonomy":"category","embeddable":true,"href":"https:\/\/www.iquilibrio.com\/blog\/wp-json\/wp\/v2\/categories?post=40456"},{"taxonomy":"post_tag","embeddable":true,"href":"https:\/\/www.iquilibrio.com\/blog\/wp-json\/wp\/v2\/tags?post=40456"}],"curies":[{"name":"wp","href":"https:\/\/api.w.org\/{rel}","templated":true}]}}