{"id":40405,"date":"2024-03-19T07:00:48","date_gmt":"2024-03-19T10:00:48","guid":{"rendered":"https:\/\/www.iquilibrio.com\/blog\/?p=40405"},"modified":"2024-03-18T21:18:44","modified_gmt":"2024-03-19T00:18:44","slug":"sol-em-aries","status":"publish","type":"post","link":"https:\/\/www.iquilibrio.com\/blog\/astrologia\/sol-em-aries\/","title":{"rendered":"O sol em \u00e1ries 2024 &#8211; Vem entender o \u00ednicio do ano novo astrol\u00f3gico &#8211; Pela consultora Babalu"},"content":{"rendered":"<p><span style=\"font-weight: 400;\">O Sol em \u00c1ries \u00e9 um momento de intensidade e energia no zod\u00edaco. \u00c1ries \u00e9 o primeiro signo do zod\u00edaco, regido pelo planeta <\/span><a href=\"https:\/\/www.iquilibrio.com\/blog\/astrologia\/marte-retrogrado\/\"><span style=\"font-weight: 400;\">Marte<\/span><\/a><span style=\"font-weight: 400;\">, e \u00e9 conhecido por sua coragem, determina\u00e7\u00e3o e impulso para a a\u00e7\u00e3o.\u00a0<\/span><\/p>\n<p><span style=\"font-weight: 400;\">Assim, quando o Sol entra em \u00c1ries em 2024, podemos esperar uma sensa\u00e7\u00e3o de renova\u00e7\u00e3o e vitalidade.<\/span><\/p>\n<p><span style=\"font-weight: 400;\">Portanto, para se beneficiar da energia de Sol em \u00c1ries, \u00e9 importante estar disposto a agir e seguir em frente com confian\u00e7a. Este \u00e9 o momento de dar o primeiro passo em dire\u00e7\u00e3o aos seus objetivos e n\u00e3o ter medo de assumir riscos.\u00a0<\/span><\/p>\n<h2><span style=\"font-weight: 400;\">O que quer dizer o Sol no mapa astral?<\/span><\/h2>\n<p><span style=\"font-weight: 400;\">Ademais, o Sol no mapa astral representa a ess\u00eancia do ser, a identidade central e o <\/span><a href=\"https:\/\/www.iquilibrio.com\/blog\/astrologia\/39640\/\"><span style=\"font-weight: 400;\">prop\u00f3sito<\/span><\/a><span style=\"font-weight: 400;\"> de vida de uma pessoa.\u00a0 <\/span><\/p>\n<p><span style=\"font-weight: 400;\">Por isso, ele simboliza em nosso mapa astral:<\/span><\/p>\n<ul>\n<li style=\"font-weight: 400;\" aria-level=\"1\"><span style=\"font-weight: 400;\">a express\u00e3o individual,\u00a0<\/span><\/li>\n<li style=\"font-weight: 400;\" aria-level=\"1\"><span style=\"font-weight: 400;\">a criatividade,<\/span><\/li>\n<li style=\"font-weight: 400;\" aria-level=\"1\"><span style=\"font-weight: 400;\">a vitalidade.\u00a0<\/span><\/li>\n<\/ul>\n<p><span style=\"font-weight: 400;\">Desse modo, quando o Sol est\u00e1 em \u00c1ries, isso amplifica ainda mais essas caracter\u00edsticas, destacando a necessidade de a\u00e7\u00e3o, auto afirma\u00e7\u00e3o e busca por <\/span><a href=\"https:\/\/www.iquilibrio.com\/blog\/astrologia\/signos\/desafios-signos\/\"><span style=\"font-weight: 400;\">desafios<\/span><\/a><span style=\"font-weight: 400;\">.<\/span><\/p>\n<p style=\"text-align: center;\"><span class=\"td_btn td_btn_md td_round_btn\" style=\"background-color: #993366; color: #ffffff;\"><a style=\"background-color: #993366; color: #ffffff;\" href=\"https:\/\/www.iquilibrio.com\/astrologia\/?utm_campaign=blog_conversao&amp;utm_medium=texto_cta&amp;utm_source=blog&amp;utm_content=2024_cat_astrologia_art_sol_em_aries\"><span style=\"font-weight: 400;\">Explore seu mapa astral personalizado e descubra mais sobre voc\u00ea mesmo!<\/span><\/a><\/span><\/p>\n<h3><span style=\"font-weight: 400;\">Quando o Sol entra em \u00c1ries 2024?<\/span><\/h3>\n<p><span style=\"font-weight: 400;\">Em 2024, o Sol entra em \u00c1ries por volta de 20 de mar\u00e7o, marcando o in\u00edcio de um\u00a0 <\/span><a href=\"https:\/\/www.iquilibrio.com\/blog\/astrologia\/ano-novo-astrologico-2024\/\"><span style=\"font-weight: 400;\">ano novo astrol\u00f3gico<\/span><\/a><span style=\"font-weight: 400;\">. Logo, este \u00e9 um momento de oportunidade para todos os signos do zod\u00edaco.<\/span><\/p>\n<p><span style=\"font-weight: 400;\">Afinal, a energia ardente de \u00c1ries impulsiona a todos a perseguirem seus objetivos com fervor e determina\u00e7\u00e3o.<\/span><\/p>\n<p><span style=\"font-weight: 400;\">Assim, a temporada do Sol em \u00c1ries \u00e9 uma oportunidade para se conectar com sua verdadeira <\/span><a href=\"https:\/\/www.astrocentro.com.br\/blog\/signos\/casa-cada-signo\/\"><span style=\"font-weight: 400;\">ess\u00eancia<\/span><\/a><span style=\"font-weight: 400;\">, agir com confian\u00e7a e ousadia, e perseguir seus sonhos com intensidade.\u00a0<\/span><\/p>\n<p><span style=\"font-weight: 400;\">Desse modo, \u00e9 um per\u00edodo para abra\u00e7ar sua individualidade e assumir riscos calculados em dire\u00e7\u00e3o ao progresso pessoal e profissional.<\/span><\/p>\n<figure id=\"attachment_40407\" aria-describedby=\"caption-attachment-40407\" style=\"width: 900px\" class=\"wp-caption alignnone\"><img loading=\"lazy\" decoding=\"async\" class=\"size-full wp-image-40407\" src=\"https:\/\/www.iquilibrio.com\/blog\/wp-content\/uploads\/2024\/03\/Sol-em-aries.jpg\" alt=\"Sol em \u00e1ries\" width=\"900\" height=\"560\" srcset=\"https:\/\/www.iquilibrio.com\/blog\/wp-content\/uploads\/2024\/03\/Sol-em-aries.jpg 900w, https:\/\/www.iquilibrio.com\/blog\/wp-content\/uploads\/2024\/03\/Sol-em-aries-300x187.jpg 300w, https:\/\/www.iquilibrio.com\/blog\/wp-content\/uploads\/2024\/03\/Sol-em-aries-768x478.jpg 768w, https:\/\/www.iquilibrio.com\/blog\/wp-content\/uploads\/2024\/03\/Sol-em-aries-696x433.jpg 696w, https:\/\/www.iquilibrio.com\/blog\/wp-content\/uploads\/2024\/03\/Sol-em-aries-675x420.jpg 675w\" sizes=\"auto, (max-width: 900px) 100vw, 900px\" \/><figcaption id=\"caption-attachment-40407\" class=\"wp-caption-text\">Sol em \u00e1ries<\/figcaption><\/figure>\n<h2><span style=\"font-weight: 400;\">Como \u00e9 uma pessoa do signo de \u00c1ries?<\/span><\/h2>\n<p><span style=\"font-weight: 400;\">Decerto, os arianos s\u00e3o conhecidos por sua <\/span><a href=\"https:\/\/www.astrocentro.com.br\/blog\/bem-estar\/cura-natural\/\"><span style=\"font-weight: 400;\">natureza<\/span><\/a><span style=\"font-weight: 400;\"> intr\u00e9pida e apaixonada. Afinal, eles abra\u00e7am desafios de cabe\u00e7a erguida e n\u00e3o recuam diante da adversidade. <\/span><\/p>\n<p><span style=\"font-weight: 400;\">Assim, uma pessoa de \u00c1ries \u00e9 frequentemente descrita como:<\/span><\/p>\n<ul>\n<li style=\"font-weight: 400;\" aria-level=\"1\"><span style=\"font-weight: 400;\">corajosa,\u00a0<\/span><\/li>\n<li style=\"font-weight: 400;\" aria-level=\"1\"><span style=\"font-weight: 400;\">en\u00e9rgica,<\/span><\/li>\n<li style=\"font-weight: 400;\" aria-level=\"1\"><span style=\"font-weight: 400;\">confiante.\u00a0<\/span><\/li>\n<\/ul>\n<p><span style=\"font-weight: 400;\">Portanto, \u00e9 impulsionada por seus objetivos e est\u00e1 sempre pronta para liderar o caminho.<\/span><\/p>\n<h3><span style=\"font-weight: 400;\">O Impacto do Sol em \u00c1ries nas Rela\u00e7\u00f5es Interpessoais<\/span><\/h3>\n<p><span style=\"font-weight: 400;\">A saber, durante a temporada do Sol em \u00c1ries, as rela\u00e7\u00f5es interpessoais podem ser influenciadas pela energia ardente e impulsiva deste <\/span><a href=\"https:\/\/www.iquilibrio.com\/blog\/astrologia\/a-forca-da-mulher-de-cada-signo\/\"><span style=\"font-weight: 400;\">signo<\/span><\/a><span style=\"font-weight: 400;\">.\u00a0<\/span><\/p>\n<p><span style=\"font-weight: 400;\">Como vimos acima, \u00c1ries valoriza a independ\u00eancia e a assertividade, o que pode levar a uma abordagem direta e franca nas intera\u00e7\u00f5es sociais.\u00a0<\/span><\/p>\n<p><span style=\"font-weight: 400;\">\u00c9 um momento prop\u00edcio para estabelecer limites saud\u00e1veis, expressar suas necessidades de forma clara e buscar relacionamentos que estejam alinhados com sua autenticidade e vis\u00e3o de mundo.<\/span><\/p>\n<p style=\"text-align: center;\"><span class=\"td_btn td_btn_md td_round_btn\" style=\"background-color: #993366; color: #ffffff;\"><a style=\"background-color: #993366; color: #ffffff;\" href=\"https:\/\/www.iquilibrio.com\/astrologia\/?utm_campaign=blog_conversao&amp;utm_medium=texto_cta&amp;utm_source=blog&amp;utm_content=2024_cat_astrologia_art_sol_em_aries\"><span style=\"font-weight: 400;\">Desvende as energias do seu mapa astral para maximizar seu potencial!<\/span><\/a><\/span><\/p>\n<h3><span style=\"font-weight: 400;\">A Import\u00e2ncia da Autoconsci\u00eancia durante esse per\u00edodo<\/span><\/h3>\n<p><span style=\"font-weight: 400;\">Durante a temporada do Sol em \u00c1ries, a autoconsci\u00eancia desempenha um papel crucial. Afinal, este \u00e9 um momento para refletir sobre nossos impulsos, desejos e motiva\u00e7\u00f5es internas.\u00a0<\/span><\/p>\n<p><span style=\"font-weight: 400;\">Logo, ao compreender melhor a n\u00f3s mesmos, podemos canalizar a energia ardente de <\/span><a href=\"https:\/\/www.iquilibrio.com\/blog\/astrologia\/signos\/aries\/tudo-sobre-aries\/\"><span style=\"font-weight: 400;\">\u00c1ries<\/span><\/a><span style=\"font-weight: 400;\"> de maneira mais eficaz, direcionando-a para objetivos que estejam alinhados com nossa verdadeira ess\u00eancia e prop\u00f3sito de vida.<\/span><\/p>\n<h2><span style=\"font-weight: 400;\">Como aproveitar essas energias?\u00a0<\/span><\/h2>\n<p><span style=\"font-weight: 400;\">\u00c1ries \u00e9 um signo que valoriza a independ\u00eancia e a autenticidade, ent\u00e3o \u00e9 hora de se conectar com sua verdadeira ess\u00eancia e seguir o seu pr\u00f3prio caminho.<\/span><\/p>\n<p><span style=\"font-weight: 400;\">Para aproveitar a temporada de Sol em \u00c1ries, \u00e9 importante focar na sua pr\u00f3pria individualidade e no que te faz \u00fanico.\u00a0<\/span><\/p>\n<p><span style=\"font-weight: 400;\">Este \u00e9 um momento para se destacar e mostrar ao mundo o seu potencial. Seja ousado e audacioso em suas a\u00e7\u00f5es, e n\u00e3o tenha medo de defender aquilo em que acredita.<\/span><\/p>\n<figure id=\"attachment_40408\" aria-describedby=\"caption-attachment-40408\" style=\"width: 900px\" class=\"wp-caption alignnone\"><img loading=\"lazy\" decoding=\"async\" class=\"size-full wp-image-40408\" src=\"https:\/\/www.iquilibrio.com\/blog\/wp-content\/uploads\/2024\/03\/Sol-em-aries-2.jpg\" alt=\"Sol em \u00e1ries\" width=\"900\" height=\"560\" srcset=\"https:\/\/www.iquilibrio.com\/blog\/wp-content\/uploads\/2024\/03\/Sol-em-aries-2.jpg 900w, https:\/\/www.iquilibrio.com\/blog\/wp-content\/uploads\/2024\/03\/Sol-em-aries-2-300x187.jpg 300w, https:\/\/www.iquilibrio.com\/blog\/wp-content\/uploads\/2024\/03\/Sol-em-aries-2-768x478.jpg 768w, https:\/\/www.iquilibrio.com\/blog\/wp-content\/uploads\/2024\/03\/Sol-em-aries-2-696x433.jpg 696w, https:\/\/www.iquilibrio.com\/blog\/wp-content\/uploads\/2024\/03\/Sol-em-aries-2-675x420.jpg 675w\" sizes=\"auto, (max-width: 900px) 100vw, 900px\" \/><figcaption id=\"caption-attachment-40408\" class=\"wp-caption-text\">Sol em \u00e1ries<\/figcaption><\/figure>\n<h3><span style=\"font-weight: 400;\">A For\u00e7a da Iniciativa e a Arte da Manifesta\u00e7\u00e3o<\/span><\/h3>\n<p><span style=\"font-weight: 400;\">Durante o per\u00edodo do Sol em \u00c1ries, somos inspirados a assumir a lideran\u00e7a em nossas vidas e a iniciar novos empreendimentos com determina\u00e7\u00e3o e convic\u00e7\u00e3o.\u00a0<\/span><\/p>\n<p><span style=\"font-weight: 400;\">Decerto, este \u00e9 um momento prop\u00edcio para cultivar a mentalidade empreendedora e utilizar a energia ariana para manifestar nossos desejos e objetivos.<\/span><\/p>\n<p><span style=\"font-weight: 400;\">Al\u00e9m disso, aprender a confiar em nossa capacidade de tomar iniciativas e agir de forma decisiva \u00e9 essencial para o crescimento pessoal e profissional.\u00a0<\/span><\/p>\n<p><span style=\"font-weight: 400;\">Ao abra\u00e7ar a for\u00e7a da iniciativa, podemos transformar nossas aspira\u00e7\u00f5es em realidade e criar o <\/span><a href=\"https:\/\/www.iquilibrio.com\/blog\/astrologia\/calendario-astrologico\/\"><span style=\"font-weight: 400;\">futuro<\/span><\/a><span style=\"font-weight: 400;\"> que desejamos.<\/span><\/p>\n<p style=\"text-align: center;\"><span class=\"td_btn td_btn_md td_round_btn\" style=\"background-color: #993366; color: #ffffff;\"><a style=\"background-color: #993366; color: #ffffff;\" href=\"https:\/\/www.iquilibrio.com\/astrologia\/?utm_campaign=blog_conversao&amp;utm_medium=texto_cta&amp;utm_source=blog&amp;utm_content=2024_cat_astrologia_art_sol_em_aries\"><span style=\"font-weight: 400;\">Explore as energias do Sol em \u00c1ries no seu mapa astral hoje mesmo!<\/span><\/a><\/span><\/p>\n<h3><span style=\"font-weight: 400;\">Outras dicas para direcionar as energias do sol em \u00e1ries<\/span><\/h3>\n<p><span style=\"font-weight: 400;\">Decerto, \u00e9 importante lembrar que \u00c1ries \u00e9 um signo de fogo, o que significa que as emo\u00e7\u00f5es podem estar \u00e0 flor da pele durante este per\u00edodo.\u00a0<\/span><\/p>\n<p><span style=\"font-weight: 400;\">Logo, use essa intensidade emocional a seu favor, canalizando-a para atividades criativas e produtivas.\u00a0<\/span><\/p>\n<ul>\n<li style=\"font-weight: 400;\" aria-level=\"1\"><span style=\"font-weight: 400;\">Pratique exerc\u00edcios f\u00edsicos,\u00a0<\/span><\/li>\n<li style=\"font-weight: 400;\" aria-level=\"1\"><span style=\"font-weight: 400;\">medita\u00e7\u00e3o,<\/span><\/li>\n<\/ul>\n<p><span style=\"font-weight: 400;\">Contudo, se abra a qualquer outra atividade que te ajude a liberar essa energia de forma saud\u00e1vel.\u00a0<\/span><\/p>\n<p><span style=\"font-weight: 400;\">O\u00a0Sol em \u00c1ries em 2024 traz consigo uma energia poderosa e revigorante. Aproveite essa temporada para se conectar com sua verdadeira ess\u00eancia, agir com coragem e determina\u00e7\u00e3o, e seguir em frente com confian\u00e7a.\u00a0<\/span><\/p>\n<p><span style=\"font-weight: 400;\">Seja audacioso em suas a\u00e7\u00f5es e n\u00e3o tenha medo de brilhar intensamente. Afinal, o mundo \u00e9 seu para conquistar.\u00a0<\/span><\/p>\n<p><span style=\"font-weight: 400;\">Se voc\u00ea quer saber onde est\u00e1 o signo de \u00e1ries no seu mapa astral e como explorar mais as energias seu mapa astrol\u00f3gico pessoal, <\/span><a href=\"https:\/\/www.iquilibrio.com\/esotericos\/babalu\/\"><span style=\"font-weight: 400;\">marque uma consulta com a Babalu.\u00a0<\/span><\/a><\/p>\n<p><span style=\"font-weight: 400;\">Espero voc\u00ea!<\/span><\/p>\n<hr \/>\n<p><span style=\"font-weight: 400;\"><img loading=\"lazy\" decoding=\"async\" class=\"wp-image-40261 alignleft\" src=\"https:\/\/www.iquilibrio.com\/blog\/wp-content\/uploads\/2024\/02\/babalu.jpg\" alt=\"\" width=\"397\" height=\"248\" srcset=\"https:\/\/www.iquilibrio.com\/blog\/wp-content\/uploads\/2024\/02\/babalu.jpg 800w, https:\/\/www.iquilibrio.com\/blog\/wp-content\/uploads\/2024\/02\/babalu-300x188.jpg 300w, https:\/\/www.iquilibrio.com\/blog\/wp-content\/uploads\/2024\/02\/babalu-768x480.jpg 768w, https:\/\/www.iquilibrio.com\/blog\/wp-content\/uploads\/2024\/02\/babalu-696x435.jpg 696w, https:\/\/www.iquilibrio.com\/blog\/wp-content\/uploads\/2024\/02\/babalu-672x420.jpg 672w\" sizes=\"auto, (max-width: 397px) 100vw, 397px\" \/><\/span>Tenho uma paix\u00e3o especial pela vida. Gosto de ajudar as pessoas a enxergarem a beleza dos caminhos e a certeza das decis\u00f5es tomadas, sempre com otimismo e verdade.<\/p>\n<p>Em minhas leituras busco ser clara e assertiva nas orienta\u00e7\u00f5es. Sou muito amorosa e acolhedora no momento de aconselhar, sem deixar de ser\u00a0 verdadeira e transparente.<\/p>\n\n\n<div class=\"kk-star-ratings kksr-auto kksr-align-left kksr-valign-bottom\"\n    data-payload='{&quot;align&quot;:&quot;left&quot;,&quot;id&quot;:&quot;40405&quot;,&quot;slug&quot;:&quot;default&quot;,&quot;valign&quot;:&quot;bottom&quot;,&quot;ignore&quot;:&quot;&quot;,&quot;reference&quot;:&quot;auto&quot;,&quot;class&quot;:&quot;&quot;,&quot;count&quot;:&quot;0&quot;,&quot;legendonly&quot;:&quot;&quot;,&quot;readonly&quot;:&quot;&quot;,&quot;score&quot;:&quot;0&quot;,&quot;starsonly&quot;:&quot;&quot;,&quot;best&quot;:&quot;5&quot;,&quot;gap&quot;:&quot;5&quot;,&quot;greet&quot;:&quot;Rate this post&quot;,&quot;legend&quot;:&quot;0\\\/5 - (0 voto)&quot;,&quot;size&quot;:&quot;24&quot;,&quot;title&quot;:&quot;O sol em \u00e1ries 2024 - Vem entender o \u00ednicio do ano novo astrol\u00f3gico - Pela consultora Babalu&quot;,&quot;width&quot;:&quot;0&quot;,&quot;_legend&quot;:&quot;{score}\\\/{best} - ({count} {votes})&quot;,&quot;font_factor&quot;:&quot;1.25&quot;}'>\n            \n<div class=\"kksr-stars\">\n    \n<div class=\"kksr-stars-inactive\">\n            <div class=\"kksr-star\" data-star=\"1\" style=\"padding-right: 5px\">\n            \n\n<div class=\"kksr-icon\" style=\"width: 24px; height: 24px;\"><\/div>\n        <\/div>\n            <div class=\"kksr-star\" data-star=\"2\" style=\"padding-right: 5px\">\n            \n\n<div class=\"kksr-icon\" style=\"width: 24px; height: 24px;\"><\/div>\n        <\/div>\n            <div class=\"kksr-star\" data-star=\"3\" style=\"padding-right: 5px\">\n            \n\n<div class=\"kksr-icon\" style=\"width: 24px; height: 24px;\"><\/div>\n        <\/div>\n            <div class=\"kksr-star\" data-star=\"4\" style=\"padding-right: 5px\">\n            \n\n<div class=\"kksr-icon\" style=\"width: 24px; height: 24px;\"><\/div>\n        <\/div>\n            <div class=\"kksr-star\" data-star=\"5\" style=\"padding-right: 5px\">\n            \n\n<div class=\"kksr-icon\" style=\"width: 24px; height: 24px;\"><\/div>\n        <\/div>\n    <\/div>\n    \n<div class=\"kksr-stars-active\" style=\"width: 0px;\">\n            <div class=\"kksr-star\" style=\"padding-right: 5px\">\n            \n\n<div class=\"kksr-icon\" style=\"width: 24px; height: 24px;\"><\/div>\n        <\/div>\n            <div class=\"kksr-star\" style=\"padding-right: 5px\">\n            \n\n<div class=\"kksr-icon\" style=\"width: 24px; height: 24px;\"><\/div>\n        <\/div>\n            <div class=\"kksr-star\" style=\"padding-right: 5px\">\n            \n\n<div class=\"kksr-icon\" style=\"width: 24px; height: 24px;\"><\/div>\n        <\/div>\n            <div class=\"kksr-star\" style=\"padding-right: 5px\">\n            \n\n<div class=\"kksr-icon\" style=\"width: 24px; height: 24px;\"><\/div>\n        <\/div>\n            <div class=\"kksr-star\" style=\"padding-right: 5px\">\n            \n\n<div class=\"kksr-icon\" style=\"width: 24px; height: 24px;\"><\/div>\n        <\/div>\n    <\/div>\n<\/div>\n                \n\n<div class=\"kksr-legend\" style=\"font-size: 19.2px;\">\n            <span class=\"kksr-muted\">Rate this post<\/span>\n    <\/div>\n    <\/div>\n","protected":false},"excerpt":{"rendered":"<p>O Sol em \u00c1ries \u00e9 um momento de intensidade e energia no zod\u00edaco. \u00c1ries \u00e9 o primeiro signo do zod\u00edaco, regido pelo planeta Marte, e \u00e9 conhecido por sua coragem, determina\u00e7\u00e3o e impulso para a a\u00e7\u00e3o.\u00a0 Assim, quando o Sol entra em \u00c1ries em 2024, podemos esperar uma sensa\u00e7\u00e3o de renova\u00e7\u00e3o e vitalidade. Portanto, para [&hellip;]<\/p>\n","protected":false},"author":161,"featured_media":40406,"comment_status":"closed","ping_status":"closed","sticky":false,"template":"","format":"standard","meta":{"footnotes":""},"categories":[517],"tags":[2943],"class_list":["post-40405","post","type-post","status-publish","format-standard","has-post-thumbnail","hentry","category-astrologia","tag-astrologia"],"yoast_head":"<!-- This site is optimized with the Yoast SEO plugin v27.4 - https:\/\/yoast.com\/product\/yoast-seo-wordpress\/ -->\n<title>Sol em \u00c1ries 2024: Entenda a energia revigorante que vem por a\u00ed<\/title>\n<meta name=\"description\" content=\"intensidade do Sol em \u00c1ries, prepare-se para um novo ano astrol\u00f3gico cheio de renova\u00e7\u00e3o e vitalidade. Vem saber mais sobre esse ciclo!\" \/>\n<meta name=\"robots\" content=\"index, follow, max-snippet:-1, max-image-preview:large, max-video-preview:-1\" \/>\n<link rel=\"canonical\" href=\"https:\/\/www.iquilibrio.com\/blog\/astrologia\/sol-em-aries\/\" \/>\n<meta property=\"og:locale\" content=\"pt_BR\" \/>\n<meta property=\"og:type\" content=\"article\" \/>\n<meta property=\"og:title\" content=\"Sol em \u00c1ries 2024: Entenda a energia revigorante que vem por a\u00ed\" \/>\n<meta property=\"og:description\" content=\"intensidade do Sol em \u00c1ries, prepare-se para um novo ano astrol\u00f3gico cheio de renova\u00e7\u00e3o e vitalidade. Vem saber mais sobre esse ciclo!\" \/>\n<meta property=\"og:url\" content=\"https:\/\/www.iquilibrio.com\/blog\/astrologia\/sol-em-aries\/\" \/>\n<meta property=\"og:site_name\" content=\"iQuilibrio\" \/>\n<meta property=\"article:publisher\" content=\"https:\/\/www.facebook.com\/iQuilibrio\/\" \/>\n<meta property=\"article:published_time\" content=\"2024-03-19T10:00:48+00:00\" \/>\n<meta property=\"og:image\" content=\"https:\/\/www.iquilibrio.com\/blog\/wp-content\/uploads\/2024\/03\/Sol-em-aries-3.jpg\" \/>\n\t<meta property=\"og:image:width\" content=\"900\" \/>\n\t<meta property=\"og:image:height\" content=\"560\" \/>\n\t<meta property=\"og:image:type\" content=\"image\/jpeg\" \/>\n<meta name=\"author\" content=\"Caroline Rodrigues\" \/>\n<meta name=\"twitter:card\" content=\"summary_large_image\" \/>\n<meta name=\"twitter:creator\" content=\"@iquilibrio\" \/>\n<meta name=\"twitter:site\" content=\"@iquilibrio\" \/>\n<meta name=\"twitter:label1\" content=\"Escrito por\" \/>\n\t<meta name=\"twitter:data1\" content=\"Caroline Rodrigues\" \/>\n\t<meta name=\"twitter:label2\" content=\"Est. tempo de leitura\" \/>\n\t<meta name=\"twitter:data2\" content=\"6 minutos\" \/>\n<script type=\"application\/ld+json\" class=\"yoast-schema-graph\">{\"@context\":\"https:\\\/\\\/schema.org\",\"@graph\":[{\"@type\":\"Article\",\"@id\":\"https:\\\/\\\/www.iquilibrio.com\\\/blog\\\/astrologia\\\/sol-em-aries\\\/#article\",\"isPartOf\":{\"@id\":\"https:\\\/\\\/www.iquilibrio.com\\\/blog\\\/astrologia\\\/sol-em-aries\\\/\"},\"author\":{\"name\":\"Caroline Rodrigues\",\"@id\":\"https:\\\/\\\/www.iquilibrio.com\\\/blog\\\/#\\\/schema\\\/person\\\/d2a838a4b9311bdef1bd3fe2cdab523b\"},\"headline\":\"O sol em \u00e1ries 2024 &#8211; Vem entender o \u00ednicio do ano novo astrol\u00f3gico &#8211; Pela consultora Babalu\",\"datePublished\":\"2024-03-19T10:00:48+00:00\",\"mainEntityOfPage\":{\"@id\":\"https:\\\/\\\/www.iquilibrio.com\\\/blog\\\/astrologia\\\/sol-em-aries\\\/\"},\"wordCount\":993,\"publisher\":{\"@id\":\"https:\\\/\\\/www.iquilibrio.com\\\/blog\\\/#organization\"},\"image\":{\"@id\":\"https:\\\/\\\/www.iquilibrio.com\\\/blog\\\/astrologia\\\/sol-em-aries\\\/#primaryimage\"},\"thumbnailUrl\":\"https:\\\/\\\/www.iquilibrio.com\\\/blog\\\/wp-content\\\/uploads\\\/2024\\\/03\\\/Sol-em-aries-3.jpg\",\"keywords\":[\"astrologia\"],\"articleSection\":[\"Astrologia\"],\"inLanguage\":\"pt-BR\"},{\"@type\":\"WebPage\",\"@id\":\"https:\\\/\\\/www.iquilibrio.com\\\/blog\\\/astrologia\\\/sol-em-aries\\\/\",\"url\":\"https:\\\/\\\/www.iquilibrio.com\\\/blog\\\/astrologia\\\/sol-em-aries\\\/\",\"name\":\"Sol em \u00c1ries 2024: Entenda a energia revigorante que vem por a\u00ed\",\"isPartOf\":{\"@id\":\"https:\\\/\\\/www.iquilibrio.com\\\/blog\\\/#website\"},\"primaryImageOfPage\":{\"@id\":\"https:\\\/\\\/www.iquilibrio.com\\\/blog\\\/astrologia\\\/sol-em-aries\\\/#primaryimage\"},\"image\":{\"@id\":\"https:\\\/\\\/www.iquilibrio.com\\\/blog\\\/astrologia\\\/sol-em-aries\\\/#primaryimage\"},\"thumbnailUrl\":\"https:\\\/\\\/www.iquilibrio.com\\\/blog\\\/wp-content\\\/uploads\\\/2024\\\/03\\\/Sol-em-aries-3.jpg\",\"datePublished\":\"2024-03-19T10:00:48+00:00\",\"description\":\"intensidade do Sol em \u00c1ries, prepare-se para um novo ano astrol\u00f3gico cheio de renova\u00e7\u00e3o e vitalidade. Vem saber mais sobre esse ciclo!\",\"breadcrumb\":{\"@id\":\"https:\\\/\\\/www.iquilibrio.com\\\/blog\\\/astrologia\\\/sol-em-aries\\\/#breadcrumb\"},\"inLanguage\":\"pt-BR\",\"potentialAction\":[{\"@type\":\"ReadAction\",\"target\":[\"https:\\\/\\\/www.iquilibrio.com\\\/blog\\\/astrologia\\\/sol-em-aries\\\/\"]}]},{\"@type\":\"ImageObject\",\"inLanguage\":\"pt-BR\",\"@id\":\"https:\\\/\\\/www.iquilibrio.com\\\/blog\\\/astrologia\\\/sol-em-aries\\\/#primaryimage\",\"url\":\"https:\\\/\\\/www.iquilibrio.com\\\/blog\\\/wp-content\\\/uploads\\\/2024\\\/03\\\/Sol-em-aries-3.jpg\",\"contentUrl\":\"https:\\\/\\\/www.iquilibrio.com\\\/blog\\\/wp-content\\\/uploads\\\/2024\\\/03\\\/Sol-em-aries-3.jpg\",\"width\":900,\"height\":560,\"caption\":\"A energia de \u00c1ries\"},{\"@type\":\"BreadcrumbList\",\"@id\":\"https:\\\/\\\/www.iquilibrio.com\\\/blog\\\/astrologia\\\/sol-em-aries\\\/#breadcrumb\",\"itemListElement\":[{\"@type\":\"ListItem\",\"position\":1,\"name\":\"In\u00edcio\",\"item\":\"https:\\\/\\\/www.iquilibrio.com\\\/blog\\\/\"},{\"@type\":\"ListItem\",\"position\":2,\"name\":\"O sol em \u00e1ries 2024 &#8211; Vem entender o \u00ednicio do ano novo astrol\u00f3gico &#8211; Pela consultora Babalu\"}]},{\"@type\":\"WebSite\",\"@id\":\"https:\\\/\\\/www.iquilibrio.com\\\/blog\\\/#website\",\"url\":\"https:\\\/\\\/www.iquilibrio.com\\\/blog\\\/\",\"name\":\"iQuilibrio\",\"description\":\"Blog iQuilibrio\",\"publisher\":{\"@id\":\"https:\\\/\\\/www.iquilibrio.com\\\/blog\\\/#organization\"},\"potentialAction\":[{\"@type\":\"SearchAction\",\"target\":{\"@type\":\"EntryPoint\",\"urlTemplate\":\"https:\\\/\\\/www.iquilibrio.com\\\/blog\\\/?s={search_term_string}\"},\"query-input\":{\"@type\":\"PropertyValueSpecification\",\"valueRequired\":true,\"valueName\":\"search_term_string\"}}],\"inLanguage\":\"pt-BR\"},{\"@type\":\"Organization\",\"@id\":\"https:\\\/\\\/www.iquilibrio.com\\\/blog\\\/#organization\",\"name\":\"Esoterismo, Misticismo e Tarot Online - iQuilibrio\",\"url\":\"https:\\\/\\\/www.iquilibrio.com\\\/blog\\\/\",\"logo\":{\"@type\":\"ImageObject\",\"inLanguage\":\"pt-BR\",\"@id\":\"https:\\\/\\\/www.iquilibrio.com\\\/blog\\\/#\\\/schema\\\/logo\\\/image\\\/\",\"url\":\"https:\\\/\\\/www.iquilibrio.com\\\/blog\\\/wp-content\\\/uploads\\\/2018\\\/12\\\/iquilibrio_lovo_vetor_preto-retina.png\",\"contentUrl\":\"https:\\\/\\\/www.iquilibrio.com\\\/blog\\\/wp-content\\\/uploads\\\/2018\\\/12\\\/iquilibrio_lovo_vetor_preto-retina.png\",\"width\":972,\"height\":180,\"caption\":\"Esoterismo, Misticismo e Tarot Online - iQuilibrio\"},\"image\":{\"@id\":\"https:\\\/\\\/www.iquilibrio.com\\\/blog\\\/#\\\/schema\\\/logo\\\/image\\\/\"},\"sameAs\":[\"https:\\\/\\\/www.facebook.com\\\/iQuilibrio\\\/\",\"https:\\\/\\\/x.com\\\/iquilibrio\",\"https:\\\/\\\/www.instagram.com\\\/iquilibrio\\\/\",\"https:\\\/\\\/www.linkedin.com\\\/company\\\/iquilibrio\\\/\",\"https:\\\/\\\/br.pinterest.com\\\/iquilibrio1397\\\/\",\"https:\\\/\\\/www.youtube.com\\\/channel\\\/UC175qxd-4Zsi4wzawT5zF2g\"]},{\"@type\":\"Person\",\"@id\":\"https:\\\/\\\/www.iquilibrio.com\\\/blog\\\/#\\\/schema\\\/person\\\/d2a838a4b9311bdef1bd3fe2cdab523b\",\"name\":\"Caroline Rodrigues\",\"image\":{\"@type\":\"ImageObject\",\"inLanguage\":\"pt-BR\",\"@id\":\"https:\\\/\\\/www.iquilibrio.com\\\/blog\\\/wp-content\\\/uploads\\\/2023\\\/07\\\/Imagem-do-WhatsApp-de-2023-07-12-as-15.51.46-150x150.jpg\",\"url\":\"https:\\\/\\\/www.iquilibrio.com\\\/blog\\\/wp-content\\\/uploads\\\/2023\\\/07\\\/Imagem-do-WhatsApp-de-2023-07-12-as-15.51.46-150x150.jpg\",\"contentUrl\":\"https:\\\/\\\/www.iquilibrio.com\\\/blog\\\/wp-content\\\/uploads\\\/2023\\\/07\\\/Imagem-do-WhatsApp-de-2023-07-12-as-15.51.46-150x150.jpg\",\"caption\":\"Caroline Rodrigues\"},\"description\":\"Leitora de fantasias e curiosa por aprender sobre si mesma e o mundo ao seu redor! \u00c9 ariana e por isso n\u00e3o nega a vontade de fazer v\u00e1rias coisas de uma s\u00f3 vez, apaixonada por tudo que a faz se questionar sobre as suas pr\u00f3prias certezas, seja em filmes, s\u00e9ries ou livros! Gosta de praticar medita\u00e7\u00e3o e limpezas espirituais para equilibrar as energias em casa e ler sobre o universo e seus segredos\u00a0tamb\u00e9m! Encara escrever como uma forma de se expressar e falar o que sente, visto que \u00e9 uma pessoa muito sens\u00edvel\u00a0e\u00a0emotiva!\",\"url\":\"https:\\\/\\\/www.iquilibrio.com\\\/blog\\\/author\\\/caroline-rodrigues\\\/\"}]}<\/script>\n<!-- \/ Yoast SEO plugin. -->","yoast_head_json":{"title":"Sol em \u00c1ries 2024: Entenda a energia revigorante que vem por a\u00ed","description":"intensidade do Sol em \u00c1ries, prepare-se para um novo ano astrol\u00f3gico cheio de renova\u00e7\u00e3o e vitalidade. Vem saber mais sobre esse ciclo!","robots":{"index":"index","follow":"follow","max-snippet":"max-snippet:-1","max-image-preview":"max-image-preview:large","max-video-preview":"max-video-preview:-1"},"canonical":"https:\/\/www.iquilibrio.com\/blog\/astrologia\/sol-em-aries\/","og_locale":"pt_BR","og_type":"article","og_title":"Sol em \u00c1ries 2024: Entenda a energia revigorante que vem por a\u00ed","og_description":"intensidade do Sol em \u00c1ries, prepare-se para um novo ano astrol\u00f3gico cheio de renova\u00e7\u00e3o e vitalidade. Vem saber mais sobre esse ciclo!","og_url":"https:\/\/www.iquilibrio.com\/blog\/astrologia\/sol-em-aries\/","og_site_name":"iQuilibrio","article_publisher":"https:\/\/www.facebook.com\/iQuilibrio\/","article_published_time":"2024-03-19T10:00:48+00:00","og_image":[{"width":900,"height":560,"url":"https:\/\/www.iquilibrio.com\/blog\/wp-content\/uploads\/2024\/03\/Sol-em-aries-3.jpg","type":"image\/jpeg"}],"author":"Caroline Rodrigues","twitter_card":"summary_large_image","twitter_creator":"@iquilibrio","twitter_site":"@iquilibrio","twitter_misc":{"Escrito por":"Caroline Rodrigues","Est. tempo de leitura":"6 minutos"},"schema":{"@context":"https:\/\/schema.org","@graph":[{"@type":"Article","@id":"https:\/\/www.iquilibrio.com\/blog\/astrologia\/sol-em-aries\/#article","isPartOf":{"@id":"https:\/\/www.iquilibrio.com\/blog\/astrologia\/sol-em-aries\/"},"author":{"name":"Caroline Rodrigues","@id":"https:\/\/www.iquilibrio.com\/blog\/#\/schema\/person\/d2a838a4b9311bdef1bd3fe2cdab523b"},"headline":"O sol em \u00e1ries 2024 &#8211; Vem entender o \u00ednicio do ano novo astrol\u00f3gico &#8211; Pela consultora Babalu","datePublished":"2024-03-19T10:00:48+00:00","mainEntityOfPage":{"@id":"https:\/\/www.iquilibrio.com\/blog\/astrologia\/sol-em-aries\/"},"wordCount":993,"publisher":{"@id":"https:\/\/www.iquilibrio.com\/blog\/#organization"},"image":{"@id":"https:\/\/www.iquilibrio.com\/blog\/astrologia\/sol-em-aries\/#primaryimage"},"thumbnailUrl":"https:\/\/www.iquilibrio.com\/blog\/wp-content\/uploads\/2024\/03\/Sol-em-aries-3.jpg","keywords":["astrologia"],"articleSection":["Astrologia"],"inLanguage":"pt-BR"},{"@type":"WebPage","@id":"https:\/\/www.iquilibrio.com\/blog\/astrologia\/sol-em-aries\/","url":"https:\/\/www.iquilibrio.com\/blog\/astrologia\/sol-em-aries\/","name":"Sol em \u00c1ries 2024: Entenda a energia revigorante que vem por a\u00ed","isPartOf":{"@id":"https:\/\/www.iquilibrio.com\/blog\/#website"},"primaryImageOfPage":{"@id":"https:\/\/www.iquilibrio.com\/blog\/astrologia\/sol-em-aries\/#primaryimage"},"image":{"@id":"https:\/\/www.iquilibrio.com\/blog\/astrologia\/sol-em-aries\/#primaryimage"},"thumbnailUrl":"https:\/\/www.iquilibrio.com\/blog\/wp-content\/uploads\/2024\/03\/Sol-em-aries-3.jpg","datePublished":"2024-03-19T10:00:48+00:00","description":"intensidade do Sol em \u00c1ries, prepare-se para um novo ano astrol\u00f3gico cheio de renova\u00e7\u00e3o e vitalidade. Vem saber mais sobre esse ciclo!","breadcrumb":{"@id":"https:\/\/www.iquilibrio.com\/blog\/astrologia\/sol-em-aries\/#breadcrumb"},"inLanguage":"pt-BR","potentialAction":[{"@type":"ReadAction","target":["https:\/\/www.iquilibrio.com\/blog\/astrologia\/sol-em-aries\/"]}]},{"@type":"ImageObject","inLanguage":"pt-BR","@id":"https:\/\/www.iquilibrio.com\/blog\/astrologia\/sol-em-aries\/#primaryimage","url":"https:\/\/www.iquilibrio.com\/blog\/wp-content\/uploads\/2024\/03\/Sol-em-aries-3.jpg","contentUrl":"https:\/\/www.iquilibrio.com\/blog\/wp-content\/uploads\/2024\/03\/Sol-em-aries-3.jpg","width":900,"height":560,"caption":"A energia de \u00c1ries"},{"@type":"BreadcrumbList","@id":"https:\/\/www.iquilibrio.com\/blog\/astrologia\/sol-em-aries\/#breadcrumb","itemListElement":[{"@type":"ListItem","position":1,"name":"In\u00edcio","item":"https:\/\/www.iquilibrio.com\/blog\/"},{"@type":"ListItem","position":2,"name":"O sol em \u00e1ries 2024 &#8211; Vem entender o \u00ednicio do ano novo astrol\u00f3gico &#8211; Pela consultora Babalu"}]},{"@type":"WebSite","@id":"https:\/\/www.iquilibrio.com\/blog\/#website","url":"https:\/\/www.iquilibrio.com\/blog\/","name":"iQuilibrio","description":"Blog iQuilibrio","publisher":{"@id":"https:\/\/www.iquilibrio.com\/blog\/#organization"},"potentialAction":[{"@type":"SearchAction","target":{"@type":"EntryPoint","urlTemplate":"https:\/\/www.iquilibrio.com\/blog\/?s={search_term_string}"},"query-input":{"@type":"PropertyValueSpecification","valueRequired":true,"valueName":"search_term_string"}}],"inLanguage":"pt-BR"},{"@type":"Organization","@id":"https:\/\/www.iquilibrio.com\/blog\/#organization","name":"Esoterismo, Misticismo e Tarot Online - iQuilibrio","url":"https:\/\/www.iquilibrio.com\/blog\/","logo":{"@type":"ImageObject","inLanguage":"pt-BR","@id":"https:\/\/www.iquilibrio.com\/blog\/#\/schema\/logo\/image\/","url":"https:\/\/www.iquilibrio.com\/blog\/wp-content\/uploads\/2018\/12\/iquilibrio_lovo_vetor_preto-retina.png","contentUrl":"https:\/\/www.iquilibrio.com\/blog\/wp-content\/uploads\/2018\/12\/iquilibrio_lovo_vetor_preto-retina.png","width":972,"height":180,"caption":"Esoterismo, Misticismo e Tarot Online - iQuilibrio"},"image":{"@id":"https:\/\/www.iquilibrio.com\/blog\/#\/schema\/logo\/image\/"},"sameAs":["https:\/\/www.facebook.com\/iQuilibrio\/","https:\/\/x.com\/iquilibrio","https:\/\/www.instagram.com\/iquilibrio\/","https:\/\/www.linkedin.com\/company\/iquilibrio\/","https:\/\/br.pinterest.com\/iquilibrio1397\/","https:\/\/www.youtube.com\/channel\/UC175qxd-4Zsi4wzawT5zF2g"]},{"@type":"Person","@id":"https:\/\/www.iquilibrio.com\/blog\/#\/schema\/person\/d2a838a4b9311bdef1bd3fe2cdab523b","name":"Caroline Rodrigues","image":{"@type":"ImageObject","inLanguage":"pt-BR","@id":"https:\/\/www.iquilibrio.com\/blog\/wp-content\/uploads\/2023\/07\/Imagem-do-WhatsApp-de-2023-07-12-as-15.51.46-150x150.jpg","url":"https:\/\/www.iquilibrio.com\/blog\/wp-content\/uploads\/2023\/07\/Imagem-do-WhatsApp-de-2023-07-12-as-15.51.46-150x150.jpg","contentUrl":"https:\/\/www.iquilibrio.com\/blog\/wp-content\/uploads\/2023\/07\/Imagem-do-WhatsApp-de-2023-07-12-as-15.51.46-150x150.jpg","caption":"Caroline Rodrigues"},"description":"Leitora de fantasias e curiosa por aprender sobre si mesma e o mundo ao seu redor! \u00c9 ariana e por isso n\u00e3o nega a vontade de fazer v\u00e1rias coisas de uma s\u00f3 vez, apaixonada por tudo que a faz se questionar sobre as suas pr\u00f3prias certezas, seja em filmes, s\u00e9ries ou livros! Gosta de praticar medita\u00e7\u00e3o e limpezas espirituais para equilibrar as energias em casa e ler sobre o universo e seus segredos\u00a0tamb\u00e9m! Encara escrever como uma forma de se expressar e falar o que sente, visto que \u00e9 uma pessoa muito sens\u00edvel\u00a0e\u00a0emotiva!","url":"https:\/\/www.iquilibrio.com\/blog\/author\/caroline-rodrigues\/"}]}},"_links":{"self":[{"href":"https:\/\/www.iquilibrio.com\/blog\/wp-json\/wp\/v2\/posts\/40405","targetHints":{"allow":["GET"]}}],"collection":[{"href":"https:\/\/www.iquilibrio.com\/blog\/wp-json\/wp\/v2\/posts"}],"about":[{"href":"https:\/\/www.iquilibrio.com\/blog\/wp-json\/wp\/v2\/types\/post"}],"author":[{"embeddable":true,"href":"https:\/\/www.iquilibrio.com\/blog\/wp-json\/wp\/v2\/users\/161"}],"replies":[{"embeddable":true,"href":"https:\/\/www.iquilibrio.com\/blog\/wp-json\/wp\/v2\/comments?post=40405"}],"version-history":[{"count":2,"href":"https:\/\/www.iquilibrio.com\/blog\/wp-json\/wp\/v2\/posts\/40405\/revisions"}],"predecessor-version":[{"id":40410,"href":"https:\/\/www.iquilibrio.com\/blog\/wp-json\/wp\/v2\/posts\/40405\/revisions\/40410"}],"wp:featuredmedia":[{"embeddable":true,"href":"https:\/\/www.iquilibrio.com\/blog\/wp-json\/wp\/v2\/media\/40406"}],"wp:attachment":[{"href":"https:\/\/www.iquilibrio.com\/blog\/wp-json\/wp\/v2\/media?parent=40405"}],"wp:term":[{"taxonomy":"category","embeddable":true,"href":"https:\/\/www.iquilibrio.com\/blog\/wp-json\/wp\/v2\/categories?post=40405"},{"taxonomy":"post_tag","embeddable":true,"href":"https:\/\/www.iquilibrio.com\/blog\/wp-json\/wp\/v2\/tags?post=40405"}],"curies":[{"name":"wp","href":"https:\/\/api.w.org\/{rel}","templated":true}]}}