{"id":40373,"date":"2024-03-22T07:00:37","date_gmt":"2024-03-22T10:00:37","guid":{"rendered":"https:\/\/www.iquilibrio.com\/blog\/?p=40373"},"modified":"2024-03-13T09:06:19","modified_gmt":"2024-03-13T12:06:19","slug":"as-energias-dos-ciclos-lunares-25-03-a-31-03-por-emylian-kali","status":"publish","type":"post","link":"https:\/\/www.iquilibrio.com\/blog\/ciclo-lunar-semanal\/as-energias-dos-ciclos-lunares-25-03-a-31-03-por-emylian-kali\/","title":{"rendered":"As Energias dos Ciclos Lunares -25\/03 a 31\/03, por Emylian Kali"},"content":{"rendered":"<h2><b>Desbravando as Conex\u00f5es Espa\u00e7o Tempo<\/b><\/h2>\n<p><span style=\"font-weight: 400;\">\u00c0 medida que nos deixamos envolver pelos ciclos lunares desta semana, que esteja preparado para abra\u00e7ar as oportunidades de transforma\u00e7\u00e3o e crescimento que o cosmos nos reserva. Adentramos agora um per\u00edodo celestial repleto de mist\u00e9rios e energias intensas de <\/span><b>25\/03 a 31\/03<\/b><span style=\"font-weight: 400;\">. A Lua, nossa eterna confidente, tece sua dan\u00e7a no c\u00e9u, guiando-nos por fases lunares \u00fanicas e transformadoras. Juntos, exploraremos as profundezas desses ciclos c\u00f3smicos. Neste per\u00edodo, a Lua ser\u00e1 nossa guia celestial, revelando-se em diferentes facetas e desvendando mist\u00e9rios nos c\u00e9us.<\/span><\/p>\n<p><b>Lua Cheia em Libra com Eclipse Lunar (25\/03):<\/b><span style=\"font-weight: 400;\"> Prepare-se para uma experi\u00eancia celestial \u00fanica, pois a Lua se veste de plenitude em Libra, desencadeando o primeiro Eclipse Lunar de 2024 \u00e0s 04:13. Este evento c\u00f3smico marca um portal de transforma\u00e7\u00e3o e reflex\u00e3o profunda em nossas vidas. Ao explorarmos esse momento, convido-o a abrir seu cora\u00e7\u00e3o para insights profundos, permitindo que as sombras se transformem em luz. O Eclipse Lunar em Libra nos convida a equilibrar as energias, aprimorando nossas rela\u00e7\u00f5es e buscando harmonia em nossas vidas.<\/span><\/p>\n<p><b>Lua em Escorpi\u00e3o (27\/03 a 28\/03):<\/b><span style=\"font-weight: 400;\"> \u00c0 medida que a Lua adentra Escorpi\u00e3o, as \u00e1guas profundas da emo\u00e7\u00e3o nos envolvem. \u00c9 um convite para explorar as profundezas do nosso ser, encarar verdades ocultas e permitir a renova\u00e7\u00e3o emocional.<\/span><\/p>\n<p><b>Lua em Sagit\u00e1rio (28\/03 a 31\/03):<\/b><span style=\"font-weight: 400;\"> A energia expansiva do Sagit\u00e1rio nos acolhe, convidando-nos a elevar nossos esp\u00edritos e buscar horizontes mais amplos. Este \u00e9 o momento perfeito para abra\u00e7ar aventuras, buscar conhecimento e expandir nossas perspectivas.<\/span><\/p>\n<p><span style=\"font-weight: 400;\">Nesta semana, \u00e0 medida que nos conectamos com as fases lunares e os movimentos celestiais, que possamos encontrar a sabedoria nos ciclos da vida. Cada fase \u00e9 uma oportunidade para crescimento, transforma\u00e7\u00e3o e uma jornada \u00fanica de autodescoberta.<\/span><\/p>\n<hr \/>\n<h2><b>Ciclos Lunares<\/b><b><br \/>\n<\/b><\/h2>\n<h3><b>Lua Cheia em Libra com Eclipse Lunar&#x1f315;&#x264e;&#x1f317; (25\/03)<\/b><\/h3>\n<p><span style=\"font-weight: 400;\">\u00a0Sob a majestosa Lua Cheia em Libra, o c\u00e9u se desenha com um espet\u00e1culo celeste \u00fanico: o primeiro Eclipse Lunar de 2024, marcando um momento de poderosa transforma\u00e7\u00e3o.<\/span><\/p>\n<h4><b>Dicas Especiais:<\/b><\/h4>\n<ul>\n<li style=\"font-weight: 400;\" aria-level=\"1\"><span style=\"font-weight: 400;\">Esteja aberto a insights profundos.<\/span><\/li>\n<li style=\"font-weight: 400;\" aria-level=\"1\"><span style=\"font-weight: 400;\">Reflita sobre padr\u00f5es que voc\u00ea deseja transformar.<\/span><\/li>\n<\/ul>\n<p><b><i>Incensos Recomendados:<\/i><\/b><span style=\"font-weight: 400;\"> Rosa para equil\u00edbrio emocional e ol\u00edbano para purifica\u00e7\u00e3o espiritual.<\/span><\/p>\n<p><b><i>Ritual:<\/i><\/b><span style=\"font-weight: 400;\"> Crie um espa\u00e7o sagrado para meditar durante o eclipse, visualizando seus objetivos de transforma\u00e7\u00e3o.<\/span><\/p>\n<p><b><i>Mantra:<\/i><\/b><span style=\"font-weight: 400;\"> &#8220;Na escurid\u00e3o, encontro a luz da minha renova\u00e7\u00e3o.&#8221;<\/span><\/p>\n<hr \/>\n<h3><b>Lua em Escorpi\u00e3o &#x1f319;&#x264f;(27\/03 a 28\/03)<\/b><\/h3>\n<p><span style=\"font-weight: 400;\">\u00a0Com a Lua em Escorpi\u00e3o, mergulhamos nas \u00e1guas profundas das emo\u00e7\u00f5es e da introspec\u00e7\u00e3o.<\/span><\/p>\n<h4><b>Dicas Semanais:<\/b><\/h4>\n<ul>\n<li style=\"font-weight: 400;\" aria-level=\"1\"><span style=\"font-weight: 400;\">Explore sentimentos profundos.<\/span><\/li>\n<li style=\"font-weight: 400;\" aria-level=\"1\"><span style=\"font-weight: 400;\">Pratique a autenticidade consigo mesmo.<\/span><\/li>\n<\/ul>\n<p><b><i>Incensos Recomendados:<\/i><\/b><span style=\"font-weight: 400;\"> Mirra para limpeza energ\u00e9tica e s\u00e2ndalo para promover a paz interior.<\/span><\/p>\n<p><b><i>Ritual:<\/i><\/b><span style=\"font-weight: 400;\"> Escreva seus sentimentos em um di\u00e1rio para liberar emo\u00e7\u00f5es represadas.<\/span><\/p>\n<p><b><i>Mantra:<\/i><\/b><span style=\"font-weight: 400;\"> &#8220;Em minhas profundezas, encontro minha verdade.&#8221;<\/span><\/p>\n<hr \/>\n<h3><b>Lua em Sagit\u00e1rio&#x1f31a;&#x2650; (28\/03 a 31\/03)<\/b><\/h3>\n<p><span style=\"font-weight: 400;\">\u00a0Sob a influ\u00eancia da Lua em Sagit\u00e1rio, nossos cora\u00e7\u00f5es al\u00e7am voo em busca de novos horizontes e aprendizados.<\/span><\/p>\n<h4><b>Dicas Semanais:<\/b><\/h4>\n<ul>\n<li style=\"font-weight: 400;\" aria-level=\"1\"><span style=\"font-weight: 400;\">Busque novas experi\u00eancias.<\/span><\/li>\n<li style=\"font-weight: 400;\" aria-level=\"1\"><span style=\"font-weight: 400;\">Mantenha uma mente aberta a perspectivas diferentes.<\/span><\/li>\n<\/ul>\n<p><b><i>Incensos Recomendados:<\/i><\/b><span style=\"font-weight: 400;\"> Alecrim para clareza mental e canela para estimular a criatividade.<\/span><\/p>\n<p><b><i>Ritual:<\/i><\/b><span style=\"font-weight: 400;\"> Planeje uma atividade que expanda seus horizontes.<\/span><\/p>\n<p><b><i>Mantra:<\/i><\/b><span style=\"font-weight: 400;\"> &#8220;Em cada experi\u00eancia, encontro crescimento.&#8221;<\/span><\/p>\n<p><span style=\"font-weight: 400;\">Que essa semana lunar seja uma jornada de autodescoberta e transforma\u00e7\u00e3o, guiando-o por caminhos de ilumina\u00e7\u00e3o e renascimento.<\/span><\/p>\n\n\n<div class=\"kk-star-ratings kksr-auto kksr-align-left kksr-valign-bottom\"\n    data-payload='{&quot;align&quot;:&quot;left&quot;,&quot;id&quot;:&quot;40373&quot;,&quot;slug&quot;:&quot;default&quot;,&quot;valign&quot;:&quot;bottom&quot;,&quot;ignore&quot;:&quot;&quot;,&quot;reference&quot;:&quot;auto&quot;,&quot;class&quot;:&quot;&quot;,&quot;count&quot;:&quot;0&quot;,&quot;legendonly&quot;:&quot;&quot;,&quot;readonly&quot;:&quot;&quot;,&quot;score&quot;:&quot;0&quot;,&quot;starsonly&quot;:&quot;&quot;,&quot;best&quot;:&quot;5&quot;,&quot;gap&quot;:&quot;5&quot;,&quot;greet&quot;:&quot;Rate this post&quot;,&quot;legend&quot;:&quot;0\\\/5 - (0 voto)&quot;,&quot;size&quot;:&quot;24&quot;,&quot;title&quot;:&quot;As Energias dos Ciclos Lunares -25\\\/03 a 31\\\/03, por Emylian Kali&quot;,&quot;width&quot;:&quot;0&quot;,&quot;_legend&quot;:&quot;{score}\\\/{best} - ({count} {votes})&quot;,&quot;font_factor&quot;:&quot;1.25&quot;}'>\n            \n<div class=\"kksr-stars\">\n    \n<div class=\"kksr-stars-inactive\">\n            <div class=\"kksr-star\" data-star=\"1\" style=\"padding-right: 5px\">\n            \n\n<div class=\"kksr-icon\" style=\"width: 24px; height: 24px;\"><\/div>\n        <\/div>\n            <div class=\"kksr-star\" data-star=\"2\" style=\"padding-right: 5px\">\n            \n\n<div class=\"kksr-icon\" style=\"width: 24px; height: 24px;\"><\/div>\n        <\/div>\n            <div class=\"kksr-star\" data-star=\"3\" style=\"padding-right: 5px\">\n            \n\n<div class=\"kksr-icon\" style=\"width: 24px; height: 24px;\"><\/div>\n        <\/div>\n            <div class=\"kksr-star\" data-star=\"4\" style=\"padding-right: 5px\">\n            \n\n<div class=\"kksr-icon\" style=\"width: 24px; height: 24px;\"><\/div>\n        <\/div>\n            <div class=\"kksr-star\" data-star=\"5\" style=\"padding-right: 5px\">\n            \n\n<div class=\"kksr-icon\" style=\"width: 24px; height: 24px;\"><\/div>\n        <\/div>\n    <\/div>\n    \n<div class=\"kksr-stars-active\" style=\"width: 0px;\">\n            <div class=\"kksr-star\" style=\"padding-right: 5px\">\n            \n\n<div class=\"kksr-icon\" style=\"width: 24px; height: 24px;\"><\/div>\n        <\/div>\n            <div class=\"kksr-star\" style=\"padding-right: 5px\">\n            \n\n<div class=\"kksr-icon\" style=\"width: 24px; height: 24px;\"><\/div>\n        <\/div>\n            <div class=\"kksr-star\" style=\"padding-right: 5px\">\n            \n\n<div class=\"kksr-icon\" style=\"width: 24px; height: 24px;\"><\/div>\n        <\/div>\n            <div class=\"kksr-star\" style=\"padding-right: 5px\">\n            \n\n<div class=\"kksr-icon\" style=\"width: 24px; height: 24px;\"><\/div>\n        <\/div>\n            <div class=\"kksr-star\" style=\"padding-right: 5px\">\n            \n\n<div class=\"kksr-icon\" style=\"width: 24px; height: 24px;\"><\/div>\n        <\/div>\n    <\/div>\n<\/div>\n                \n\n<div class=\"kksr-legend\" style=\"font-size: 19.2px;\">\n            <span class=\"kksr-muted\">Rate this post<\/span>\n    <\/div>\n    <\/div>\n","protected":false},"excerpt":{"rendered":"<p>Desbravando as Conex\u00f5es Espa\u00e7o Tempo \u00c0 medida que nos deixamos envolver pelos ciclos lunares desta semana, que esteja preparado para abra\u00e7ar as oportunidades de transforma\u00e7\u00e3o e crescimento que o cosmos nos reserva. Adentramos agora um per\u00edodo celestial repleto de mist\u00e9rios e energias intensas de 25\/03 a 31\/03. A Lua, nossa eterna confidente, tece sua dan\u00e7a [&hellip;]<\/p>\n","protected":false},"author":158,"featured_media":40190,"comment_status":"closed","ping_status":"closed","sticky":false,"template":"","format":"standard","meta":{"footnotes":""},"categories":[4893],"tags":[],"class_list":["post-40373","post","type-post","status-publish","format-standard","has-post-thumbnail","hentry","category-ciclo-lunar-semanal"],"yoast_head":"<!-- This site is optimized with the Yoast SEO plugin v27.4 - https:\/\/yoast.com\/product\/yoast-seo-wordpress\/ -->\n<title>As Energias dos Ciclos Lunares -25\/03 a 31\/03, por Emylian Kali - iQuilibrio<\/title>\n<meta name=\"robots\" content=\"index, follow, max-snippet:-1, max-image-preview:large, max-video-preview:-1\" \/>\n<link rel=\"canonical\" href=\"https:\/\/www.iquilibrio.com\/blog\/ciclo-lunar-semanal\/as-energias-dos-ciclos-lunares-25-03-a-31-03-por-emylian-kali\/\" \/>\n<meta property=\"og:locale\" content=\"pt_BR\" \/>\n<meta property=\"og:type\" content=\"article\" \/>\n<meta property=\"og:title\" content=\"As Energias dos Ciclos Lunares -25\/03 a 31\/03, por Emylian Kali - iQuilibrio\" \/>\n<meta property=\"og:description\" content=\"Desbravando as Conex\u00f5es Espa\u00e7o Tempo \u00c0 medida que nos deixamos envolver pelos ciclos lunares desta semana, que esteja preparado para abra\u00e7ar as oportunidades de transforma\u00e7\u00e3o e crescimento que o cosmos nos reserva. Adentramos agora um per\u00edodo celestial repleto de mist\u00e9rios e energias intensas de 25\/03 a 31\/03. A Lua, nossa eterna confidente, tece sua dan\u00e7a [&hellip;]\" \/>\n<meta property=\"og:url\" content=\"https:\/\/www.iquilibrio.com\/blog\/ciclo-lunar-semanal\/as-energias-dos-ciclos-lunares-25-03-a-31-03-por-emylian-kali\/\" \/>\n<meta property=\"og:site_name\" content=\"iQuilibrio\" \/>\n<meta property=\"article:publisher\" content=\"https:\/\/www.facebook.com\/iQuilibrio\/\" \/>\n<meta property=\"article:published_time\" content=\"2024-03-22T10:00:37+00:00\" \/>\n<meta property=\"og:image\" content=\"https:\/\/www.iquilibrio.com\/blog\/wp-content\/uploads\/2024\/02\/BLOG-Passagens-lunares-iQui.jpg\" \/>\n\t<meta property=\"og:image:width\" content=\"900\" \/>\n\t<meta property=\"og:image:height\" content=\"560\" \/>\n\t<meta property=\"og:image:type\" content=\"image\/jpeg\" \/>\n<meta name=\"author\" content=\"Arthur Peroni\" \/>\n<meta name=\"twitter:card\" content=\"summary_large_image\" \/>\n<meta name=\"twitter:creator\" content=\"@iquilibrio\" \/>\n<meta name=\"twitter:site\" content=\"@iquilibrio\" \/>\n<meta name=\"twitter:label1\" content=\"Escrito por\" \/>\n\t<meta name=\"twitter:data1\" content=\"Arthur Peroni\" \/>\n\t<meta name=\"twitter:label2\" content=\"Est. tempo de leitura\" \/>\n\t<meta name=\"twitter:data2\" content=\"3 minutos\" \/>\n<script type=\"application\/ld+json\" class=\"yoast-schema-graph\">{\"@context\":\"https:\\\/\\\/schema.org\",\"@graph\":[{\"@type\":\"Article\",\"@id\":\"https:\\\/\\\/www.iquilibrio.com\\\/blog\\\/ciclo-lunar-semanal\\\/as-energias-dos-ciclos-lunares-25-03-a-31-03-por-emylian-kali\\\/#article\",\"isPartOf\":{\"@id\":\"https:\\\/\\\/www.iquilibrio.com\\\/blog\\\/ciclo-lunar-semanal\\\/as-energias-dos-ciclos-lunares-25-03-a-31-03-por-emylian-kali\\\/\"},\"author\":{\"name\":\"Arthur Peroni\",\"@id\":\"https:\\\/\\\/www.iquilibrio.com\\\/blog\\\/#\\\/schema\\\/person\\\/21ae990723c2e5a1170c9a06dacb4d3d\"},\"headline\":\"As Energias dos Ciclos Lunares -25\\\/03 a 31\\\/03, por Emylian Kali\",\"datePublished\":\"2024-03-22T10:00:37+00:00\",\"mainEntityOfPage\":{\"@id\":\"https:\\\/\\\/www.iquilibrio.com\\\/blog\\\/ciclo-lunar-semanal\\\/as-energias-dos-ciclos-lunares-25-03-a-31-03-por-emylian-kali\\\/\"},\"wordCount\":573,\"publisher\":{\"@id\":\"https:\\\/\\\/www.iquilibrio.com\\\/blog\\\/#organization\"},\"image\":{\"@id\":\"https:\\\/\\\/www.iquilibrio.com\\\/blog\\\/ciclo-lunar-semanal\\\/as-energias-dos-ciclos-lunares-25-03-a-31-03-por-emylian-kali\\\/#primaryimage\"},\"thumbnailUrl\":\"https:\\\/\\\/www.iquilibrio.com\\\/blog\\\/wp-content\\\/uploads\\\/2024\\\/02\\\/BLOG-Passagens-lunares-iQui.jpg\",\"articleSection\":[\"Ciclo Lunar semanal\"],\"inLanguage\":\"pt-BR\"},{\"@type\":\"WebPage\",\"@id\":\"https:\\\/\\\/www.iquilibrio.com\\\/blog\\\/ciclo-lunar-semanal\\\/as-energias-dos-ciclos-lunares-25-03-a-31-03-por-emylian-kali\\\/\",\"url\":\"https:\\\/\\\/www.iquilibrio.com\\\/blog\\\/ciclo-lunar-semanal\\\/as-energias-dos-ciclos-lunares-25-03-a-31-03-por-emylian-kali\\\/\",\"name\":\"As Energias dos Ciclos Lunares -25\\\/03 a 31\\\/03, por Emylian Kali - iQuilibrio\",\"isPartOf\":{\"@id\":\"https:\\\/\\\/www.iquilibrio.com\\\/blog\\\/#website\"},\"primaryImageOfPage\":{\"@id\":\"https:\\\/\\\/www.iquilibrio.com\\\/blog\\\/ciclo-lunar-semanal\\\/as-energias-dos-ciclos-lunares-25-03-a-31-03-por-emylian-kali\\\/#primaryimage\"},\"image\":{\"@id\":\"https:\\\/\\\/www.iquilibrio.com\\\/blog\\\/ciclo-lunar-semanal\\\/as-energias-dos-ciclos-lunares-25-03-a-31-03-por-emylian-kali\\\/#primaryimage\"},\"thumbnailUrl\":\"https:\\\/\\\/www.iquilibrio.com\\\/blog\\\/wp-content\\\/uploads\\\/2024\\\/02\\\/BLOG-Passagens-lunares-iQui.jpg\",\"datePublished\":\"2024-03-22T10:00:37+00:00\",\"breadcrumb\":{\"@id\":\"https:\\\/\\\/www.iquilibrio.com\\\/blog\\\/ciclo-lunar-semanal\\\/as-energias-dos-ciclos-lunares-25-03-a-31-03-por-emylian-kali\\\/#breadcrumb\"},\"inLanguage\":\"pt-BR\",\"potentialAction\":[{\"@type\":\"ReadAction\",\"target\":[\"https:\\\/\\\/www.iquilibrio.com\\\/blog\\\/ciclo-lunar-semanal\\\/as-energias-dos-ciclos-lunares-25-03-a-31-03-por-emylian-kali\\\/\"]}]},{\"@type\":\"ImageObject\",\"inLanguage\":\"pt-BR\",\"@id\":\"https:\\\/\\\/www.iquilibrio.com\\\/blog\\\/ciclo-lunar-semanal\\\/as-energias-dos-ciclos-lunares-25-03-a-31-03-por-emylian-kali\\\/#primaryimage\",\"url\":\"https:\\\/\\\/www.iquilibrio.com\\\/blog\\\/wp-content\\\/uploads\\\/2024\\\/02\\\/BLOG-Passagens-lunares-iQui.jpg\",\"contentUrl\":\"https:\\\/\\\/www.iquilibrio.com\\\/blog\\\/wp-content\\\/uploads\\\/2024\\\/02\\\/BLOG-Passagens-lunares-iQui.jpg\",\"width\":900,\"height\":560},{\"@type\":\"BreadcrumbList\",\"@id\":\"https:\\\/\\\/www.iquilibrio.com\\\/blog\\\/ciclo-lunar-semanal\\\/as-energias-dos-ciclos-lunares-25-03-a-31-03-por-emylian-kali\\\/#breadcrumb\",\"itemListElement\":[{\"@type\":\"ListItem\",\"position\":1,\"name\":\"In\u00edcio\",\"item\":\"https:\\\/\\\/www.iquilibrio.com\\\/blog\\\/\"},{\"@type\":\"ListItem\",\"position\":2,\"name\":\"As Energias dos Ciclos Lunares -25\\\/03 a 31\\\/03, por Emylian Kali\"}]},{\"@type\":\"WebSite\",\"@id\":\"https:\\\/\\\/www.iquilibrio.com\\\/blog\\\/#website\",\"url\":\"https:\\\/\\\/www.iquilibrio.com\\\/blog\\\/\",\"name\":\"iQuilibrio\",\"description\":\"Blog iQuilibrio\",\"publisher\":{\"@id\":\"https:\\\/\\\/www.iquilibrio.com\\\/blog\\\/#organization\"},\"potentialAction\":[{\"@type\":\"SearchAction\",\"target\":{\"@type\":\"EntryPoint\",\"urlTemplate\":\"https:\\\/\\\/www.iquilibrio.com\\\/blog\\\/?s={search_term_string}\"},\"query-input\":{\"@type\":\"PropertyValueSpecification\",\"valueRequired\":true,\"valueName\":\"search_term_string\"}}],\"inLanguage\":\"pt-BR\"},{\"@type\":\"Organization\",\"@id\":\"https:\\\/\\\/www.iquilibrio.com\\\/blog\\\/#organization\",\"name\":\"Esoterismo, Misticismo e Tarot Online - iQuilibrio\",\"url\":\"https:\\\/\\\/www.iquilibrio.com\\\/blog\\\/\",\"logo\":{\"@type\":\"ImageObject\",\"inLanguage\":\"pt-BR\",\"@id\":\"https:\\\/\\\/www.iquilibrio.com\\\/blog\\\/#\\\/schema\\\/logo\\\/image\\\/\",\"url\":\"https:\\\/\\\/www.iquilibrio.com\\\/blog\\\/wp-content\\\/uploads\\\/2018\\\/12\\\/iquilibrio_lovo_vetor_preto-retina.png\",\"contentUrl\":\"https:\\\/\\\/www.iquilibrio.com\\\/blog\\\/wp-content\\\/uploads\\\/2018\\\/12\\\/iquilibrio_lovo_vetor_preto-retina.png\",\"width\":972,\"height\":180,\"caption\":\"Esoterismo, Misticismo e Tarot Online - iQuilibrio\"},\"image\":{\"@id\":\"https:\\\/\\\/www.iquilibrio.com\\\/blog\\\/#\\\/schema\\\/logo\\\/image\\\/\"},\"sameAs\":[\"https:\\\/\\\/www.facebook.com\\\/iQuilibrio\\\/\",\"https:\\\/\\\/x.com\\\/iquilibrio\",\"https:\\\/\\\/www.instagram.com\\\/iquilibrio\\\/\",\"https:\\\/\\\/www.linkedin.com\\\/company\\\/iquilibrio\\\/\",\"https:\\\/\\\/br.pinterest.com\\\/iquilibrio1397\\\/\",\"https:\\\/\\\/www.youtube.com\\\/channel\\\/UC175qxd-4Zsi4wzawT5zF2g\"]},{\"@type\":\"Person\",\"@id\":\"https:\\\/\\\/www.iquilibrio.com\\\/blog\\\/#\\\/schema\\\/person\\\/21ae990723c2e5a1170c9a06dacb4d3d\",\"name\":\"Arthur Peroni\",\"image\":{\"@type\":\"ImageObject\",\"inLanguage\":\"pt-BR\",\"@id\":\"https:\\\/\\\/www.iquilibrio.com\\\/blog\\\/wp-content\\\/uploads\\\/2023\\\/04\\\/Arthur-Peroni-150x150.jpg\",\"url\":\"https:\\\/\\\/www.iquilibrio.com\\\/blog\\\/wp-content\\\/uploads\\\/2023\\\/04\\\/Arthur-Peroni-150x150.jpg\",\"contentUrl\":\"https:\\\/\\\/www.iquilibrio.com\\\/blog\\\/wp-content\\\/uploads\\\/2023\\\/04\\\/Arthur-Peroni-150x150.jpg\",\"caption\":\"Arthur Peroni\"},\"description\":\"Arthur Peroni escreve sobre a vida, o universo e tudo mais. Amante da literatura m\u00edstica, e fic\u00e7\u00e3o, descobriu sua carreira de redator gra\u00e7as ao h\u00e1bito de leitura constante sobre fantasia e drama. Nas horas vagas, gosta de cozinhar, ler e ver filmes antigos. J\u00e1 trabalhou com, comunica\u00e7\u00e3o social, massoterapia, terapias hol\u00edsticas e design de interiores. Atualmente trabalha como redator SEO e se entusiasma com tudo o que \u00e9 esot\u00e9rico. Gosta de discutir sobre assuntos complexos e instigantes, e v\u00ea na escrita uma oportunidade de aprender e criar todos os dias, mentalmente e espiritualmente.\",\"url\":\"https:\\\/\\\/www.iquilibrio.com\\\/blog\\\/author\\\/raul-vinicius\\\/\"}]}<\/script>\n<!-- \/ Yoast SEO plugin. -->","yoast_head_json":{"title":"As Energias dos Ciclos Lunares -25\/03 a 31\/03, por Emylian Kali - iQuilibrio","robots":{"index":"index","follow":"follow","max-snippet":"max-snippet:-1","max-image-preview":"max-image-preview:large","max-video-preview":"max-video-preview:-1"},"canonical":"https:\/\/www.iquilibrio.com\/blog\/ciclo-lunar-semanal\/as-energias-dos-ciclos-lunares-25-03-a-31-03-por-emylian-kali\/","og_locale":"pt_BR","og_type":"article","og_title":"As Energias dos Ciclos Lunares -25\/03 a 31\/03, por Emylian Kali - iQuilibrio","og_description":"Desbravando as Conex\u00f5es Espa\u00e7o Tempo \u00c0 medida que nos deixamos envolver pelos ciclos lunares desta semana, que esteja preparado para abra\u00e7ar as oportunidades de transforma\u00e7\u00e3o e crescimento que o cosmos nos reserva. Adentramos agora um per\u00edodo celestial repleto de mist\u00e9rios e energias intensas de 25\/03 a 31\/03. A Lua, nossa eterna confidente, tece sua dan\u00e7a [&hellip;]","og_url":"https:\/\/www.iquilibrio.com\/blog\/ciclo-lunar-semanal\/as-energias-dos-ciclos-lunares-25-03-a-31-03-por-emylian-kali\/","og_site_name":"iQuilibrio","article_publisher":"https:\/\/www.facebook.com\/iQuilibrio\/","article_published_time":"2024-03-22T10:00:37+00:00","og_image":[{"width":900,"height":560,"url":"https:\/\/www.iquilibrio.com\/blog\/wp-content\/uploads\/2024\/02\/BLOG-Passagens-lunares-iQui.jpg","type":"image\/jpeg"}],"author":"Arthur Peroni","twitter_card":"summary_large_image","twitter_creator":"@iquilibrio","twitter_site":"@iquilibrio","twitter_misc":{"Escrito por":"Arthur Peroni","Est. tempo de leitura":"3 minutos"},"schema":{"@context":"https:\/\/schema.org","@graph":[{"@type":"Article","@id":"https:\/\/www.iquilibrio.com\/blog\/ciclo-lunar-semanal\/as-energias-dos-ciclos-lunares-25-03-a-31-03-por-emylian-kali\/#article","isPartOf":{"@id":"https:\/\/www.iquilibrio.com\/blog\/ciclo-lunar-semanal\/as-energias-dos-ciclos-lunares-25-03-a-31-03-por-emylian-kali\/"},"author":{"name":"Arthur Peroni","@id":"https:\/\/www.iquilibrio.com\/blog\/#\/schema\/person\/21ae990723c2e5a1170c9a06dacb4d3d"},"headline":"As Energias dos Ciclos Lunares -25\/03 a 31\/03, por Emylian Kali","datePublished":"2024-03-22T10:00:37+00:00","mainEntityOfPage":{"@id":"https:\/\/www.iquilibrio.com\/blog\/ciclo-lunar-semanal\/as-energias-dos-ciclos-lunares-25-03-a-31-03-por-emylian-kali\/"},"wordCount":573,"publisher":{"@id":"https:\/\/www.iquilibrio.com\/blog\/#organization"},"image":{"@id":"https:\/\/www.iquilibrio.com\/blog\/ciclo-lunar-semanal\/as-energias-dos-ciclos-lunares-25-03-a-31-03-por-emylian-kali\/#primaryimage"},"thumbnailUrl":"https:\/\/www.iquilibrio.com\/blog\/wp-content\/uploads\/2024\/02\/BLOG-Passagens-lunares-iQui.jpg","articleSection":["Ciclo Lunar semanal"],"inLanguage":"pt-BR"},{"@type":"WebPage","@id":"https:\/\/www.iquilibrio.com\/blog\/ciclo-lunar-semanal\/as-energias-dos-ciclos-lunares-25-03-a-31-03-por-emylian-kali\/","url":"https:\/\/www.iquilibrio.com\/blog\/ciclo-lunar-semanal\/as-energias-dos-ciclos-lunares-25-03-a-31-03-por-emylian-kali\/","name":"As Energias dos Ciclos Lunares -25\/03 a 31\/03, por Emylian Kali - iQuilibrio","isPartOf":{"@id":"https:\/\/www.iquilibrio.com\/blog\/#website"},"primaryImageOfPage":{"@id":"https:\/\/www.iquilibrio.com\/blog\/ciclo-lunar-semanal\/as-energias-dos-ciclos-lunares-25-03-a-31-03-por-emylian-kali\/#primaryimage"},"image":{"@id":"https:\/\/www.iquilibrio.com\/blog\/ciclo-lunar-semanal\/as-energias-dos-ciclos-lunares-25-03-a-31-03-por-emylian-kali\/#primaryimage"},"thumbnailUrl":"https:\/\/www.iquilibrio.com\/blog\/wp-content\/uploads\/2024\/02\/BLOG-Passagens-lunares-iQui.jpg","datePublished":"2024-03-22T10:00:37+00:00","breadcrumb":{"@id":"https:\/\/www.iquilibrio.com\/blog\/ciclo-lunar-semanal\/as-energias-dos-ciclos-lunares-25-03-a-31-03-por-emylian-kali\/#breadcrumb"},"inLanguage":"pt-BR","potentialAction":[{"@type":"ReadAction","target":["https:\/\/www.iquilibrio.com\/blog\/ciclo-lunar-semanal\/as-energias-dos-ciclos-lunares-25-03-a-31-03-por-emylian-kali\/"]}]},{"@type":"ImageObject","inLanguage":"pt-BR","@id":"https:\/\/www.iquilibrio.com\/blog\/ciclo-lunar-semanal\/as-energias-dos-ciclos-lunares-25-03-a-31-03-por-emylian-kali\/#primaryimage","url":"https:\/\/www.iquilibrio.com\/blog\/wp-content\/uploads\/2024\/02\/BLOG-Passagens-lunares-iQui.jpg","contentUrl":"https:\/\/www.iquilibrio.com\/blog\/wp-content\/uploads\/2024\/02\/BLOG-Passagens-lunares-iQui.jpg","width":900,"height":560},{"@type":"BreadcrumbList","@id":"https:\/\/www.iquilibrio.com\/blog\/ciclo-lunar-semanal\/as-energias-dos-ciclos-lunares-25-03-a-31-03-por-emylian-kali\/#breadcrumb","itemListElement":[{"@type":"ListItem","position":1,"name":"In\u00edcio","item":"https:\/\/www.iquilibrio.com\/blog\/"},{"@type":"ListItem","position":2,"name":"As Energias dos Ciclos Lunares -25\/03 a 31\/03, por Emylian Kali"}]},{"@type":"WebSite","@id":"https:\/\/www.iquilibrio.com\/blog\/#website","url":"https:\/\/www.iquilibrio.com\/blog\/","name":"iQuilibrio","description":"Blog iQuilibrio","publisher":{"@id":"https:\/\/www.iquilibrio.com\/blog\/#organization"},"potentialAction":[{"@type":"SearchAction","target":{"@type":"EntryPoint","urlTemplate":"https:\/\/www.iquilibrio.com\/blog\/?s={search_term_string}"},"query-input":{"@type":"PropertyValueSpecification","valueRequired":true,"valueName":"search_term_string"}}],"inLanguage":"pt-BR"},{"@type":"Organization","@id":"https:\/\/www.iquilibrio.com\/blog\/#organization","name":"Esoterismo, Misticismo e Tarot Online - iQuilibrio","url":"https:\/\/www.iquilibrio.com\/blog\/","logo":{"@type":"ImageObject","inLanguage":"pt-BR","@id":"https:\/\/www.iquilibrio.com\/blog\/#\/schema\/logo\/image\/","url":"https:\/\/www.iquilibrio.com\/blog\/wp-content\/uploads\/2018\/12\/iquilibrio_lovo_vetor_preto-retina.png","contentUrl":"https:\/\/www.iquilibrio.com\/blog\/wp-content\/uploads\/2018\/12\/iquilibrio_lovo_vetor_preto-retina.png","width":972,"height":180,"caption":"Esoterismo, Misticismo e Tarot Online - iQuilibrio"},"image":{"@id":"https:\/\/www.iquilibrio.com\/blog\/#\/schema\/logo\/image\/"},"sameAs":["https:\/\/www.facebook.com\/iQuilibrio\/","https:\/\/x.com\/iquilibrio","https:\/\/www.instagram.com\/iquilibrio\/","https:\/\/www.linkedin.com\/company\/iquilibrio\/","https:\/\/br.pinterest.com\/iquilibrio1397\/","https:\/\/www.youtube.com\/channel\/UC175qxd-4Zsi4wzawT5zF2g"]},{"@type":"Person","@id":"https:\/\/www.iquilibrio.com\/blog\/#\/schema\/person\/21ae990723c2e5a1170c9a06dacb4d3d","name":"Arthur Peroni","image":{"@type":"ImageObject","inLanguage":"pt-BR","@id":"https:\/\/www.iquilibrio.com\/blog\/wp-content\/uploads\/2023\/04\/Arthur-Peroni-150x150.jpg","url":"https:\/\/www.iquilibrio.com\/blog\/wp-content\/uploads\/2023\/04\/Arthur-Peroni-150x150.jpg","contentUrl":"https:\/\/www.iquilibrio.com\/blog\/wp-content\/uploads\/2023\/04\/Arthur-Peroni-150x150.jpg","caption":"Arthur Peroni"},"description":"Arthur Peroni escreve sobre a vida, o universo e tudo mais. Amante da literatura m\u00edstica, e fic\u00e7\u00e3o, descobriu sua carreira de redator gra\u00e7as ao h\u00e1bito de leitura constante sobre fantasia e drama. Nas horas vagas, gosta de cozinhar, ler e ver filmes antigos. J\u00e1 trabalhou com, comunica\u00e7\u00e3o social, massoterapia, terapias hol\u00edsticas e design de interiores. Atualmente trabalha como redator SEO e se entusiasma com tudo o que \u00e9 esot\u00e9rico. Gosta de discutir sobre assuntos complexos e instigantes, e v\u00ea na escrita uma oportunidade de aprender e criar todos os dias, mentalmente e espiritualmente.","url":"https:\/\/www.iquilibrio.com\/blog\/author\/raul-vinicius\/"}]}},"_links":{"self":[{"href":"https:\/\/www.iquilibrio.com\/blog\/wp-json\/wp\/v2\/posts\/40373","targetHints":{"allow":["GET"]}}],"collection":[{"href":"https:\/\/www.iquilibrio.com\/blog\/wp-json\/wp\/v2\/posts"}],"about":[{"href":"https:\/\/www.iquilibrio.com\/blog\/wp-json\/wp\/v2\/types\/post"}],"author":[{"embeddable":true,"href":"https:\/\/www.iquilibrio.com\/blog\/wp-json\/wp\/v2\/users\/158"}],"replies":[{"embeddable":true,"href":"https:\/\/www.iquilibrio.com\/blog\/wp-json\/wp\/v2\/comments?post=40373"}],"version-history":[{"count":1,"href":"https:\/\/www.iquilibrio.com\/blog\/wp-json\/wp\/v2\/posts\/40373\/revisions"}],"predecessor-version":[{"id":40374,"href":"https:\/\/www.iquilibrio.com\/blog\/wp-json\/wp\/v2\/posts\/40373\/revisions\/40374"}],"wp:featuredmedia":[{"embeddable":true,"href":"https:\/\/www.iquilibrio.com\/blog\/wp-json\/wp\/v2\/media\/40190"}],"wp:attachment":[{"href":"https:\/\/www.iquilibrio.com\/blog\/wp-json\/wp\/v2\/media?parent=40373"}],"wp:term":[{"taxonomy":"category","embeddable":true,"href":"https:\/\/www.iquilibrio.com\/blog\/wp-json\/wp\/v2\/categories?post=40373"},{"taxonomy":"post_tag","embeddable":true,"href":"https:\/\/www.iquilibrio.com\/blog\/wp-json\/wp\/v2\/tags?post=40373"}],"curies":[{"name":"wp","href":"https:\/\/api.w.org\/{rel}","templated":true}]}}