{"id":40371,"date":"2024-03-15T07:00:59","date_gmt":"2024-03-15T10:00:59","guid":{"rendered":"https:\/\/www.iquilibrio.com\/blog\/?p=40371"},"modified":"2024-03-13T09:10:56","modified_gmt":"2024-03-13T12:10:56","slug":"as-energias-dos-ciclos-lunares-17-03-a-24-03-por-emylian-kali","status":"publish","type":"post","link":"https:\/\/www.iquilibrio.com\/blog\/ciclo-lunar-semanal\/as-energias-dos-ciclos-lunares-17-03-a-24-03-por-emylian-kali\/","title":{"rendered":"As Energias dos Ciclos Lunares \u2013 17\/03 a 24\/03, por Emylian Kali"},"content":{"rendered":"<h2><b>Encontrando nosso Eu Espiritual<\/b><\/h2>\n<p><span style=\"font-weight: 400;\">Querido desbravador lunar, bem-vindo a uma semana repleta de encantos e nessa jornada pelos ciclos lunares de 17\/03 a 24\/03, convido voc\u00eas a mergulhar nas influ\u00eancias celestiais que pintar\u00e3o nossos dias com tonalidades distintas. A Lua, como uma confidente c\u00f3smica, nos revelar\u00e1 li\u00e7\u00f5es e oportunidades \u00fanicas, e juntos exploraremos as energias que moldar\u00e3o este per\u00edodo.<\/span><\/p>\n<p><span style=\"font-weight: 400;\"><br \/>\n<\/span><b>Lua Crescente em G\u00eameos (17\/03):<\/b><span style=\"font-weight: 400;\"> Iniciamos esta jornada sob a influ\u00eancia curiosa da Lua Crescente em G\u00eameos. Prepare-se para uma atmosfera efervescente, perfeita para explorar novas ideias e expressar pensamentos com leveza.<\/span><\/p>\n<p><b>Lua em Le\u00e3o (19\/03 a 21\/03<\/b><span style=\"font-weight: 400;\">):\u00a0 Enquanto a Lua adentra o corajoso signo de Le\u00e3o, somos chamados a desenhar nossas verdadeiras cores. Este \u00e9 um prel\u00fadio especial, pois, \u00e0s 00:07 de 21\/03, o Sol entra em \u00c1ries, marcando o in\u00edcio do Ano Novo Astrol\u00f3gico. Uma nova jornada se desdobra, convidando-nos a iniciar projetos e a abra\u00e7ar a vitalidade do novo ciclo.<\/span><\/p>\n<p><b>Lua em Virgem (22\/03 a 23\/03):<\/b><span style=\"font-weight: 400;\"> A energia meticulosa da Lua em Virgem nos conduz a um per\u00edodo de autodisciplina e cuidado. \u00c9 tempo de organizar o caos, cultivar a serenidade e dedicar-se ao amor-pr\u00f3prio.<\/span><\/p>\n<p><b>Lua em Libra (24\/03): <\/b><span style=\"font-weight: 400;\">Concluindo esta semana c\u00f3smica, a Lua ingressa em Libra, trazendo consigo a busca pela harmonia e equil\u00edbrio. Este \u00e9 um convite para cultivar relacionamentos saud\u00e1veis e promover a paz ao seu redor.<\/span><\/p>\n<p><span style=\"font-weight: 400;\">Navegue por esses ciclos com a certeza de que cada fase lunar \u00e9 uma oportunidade para se conectar com o cosmos e consigo mesmo. Que essa semana seja iluminada por descobertas, autoconhecimento e harmonia.<\/span><\/p>\n<hr \/>\n<h2><b>Ciclos Lunares<\/b><\/h2>\n<h3><b>Lua Crescente em G\u00eameos&#x1f312;&#x264a; (17\/03)<\/b><\/h3>\n<p><span style=\"font-weight: 400;\">Sob a Lua Crescente em G\u00eameos, somos estimulados a expandir nossa comunica\u00e7\u00e3o e explorar novas ideias, e assim conectar mentes e expressar pensamentos de maneira fluida.<\/span><\/p>\n<h4><b>Dicas Semanais:<\/b><\/h4>\n<ul>\n<li style=\"font-weight: 400;\" aria-level=\"1\"><span style=\"font-weight: 400;\">Inicie conversas inspiradoras.<\/span><\/li>\n<li style=\"font-weight: 400;\" aria-level=\"1\"><span style=\"font-weight: 400;\">Experimente formas criativas de se comunicar.<\/span><\/li>\n<\/ul>\n<p><b><i>Incensos Recomendados:<\/i><\/b><span style=\"font-weight: 400;\"> S\u00e2ndalo para clareza mental e verbena para promover a comunica\u00e7\u00e3o.<\/span><\/p>\n<p><b><i>Ritual:<\/i><\/b> <span style=\"font-weight: 400;\">Acenda uma vela enquanto visualiza suas palavras fluindo com clareza.<\/span><\/p>\n<p><b>Mantra:<\/b><span style=\"font-weight: 400;\"> &#8220;Minhas palavras s\u00e3o guias de luz.&#8221;<\/span><\/p>\n<hr \/>\n<h3><b>Lua em Le\u00e3o &#x1f319;&#x264c;(19\/03 a 21\/03)<\/b><\/h3>\n<p><span style=\"font-weight: 400;\">Com a Lua entrando em Le\u00e3o, somos convidados a abra\u00e7ar a chama da auto express\u00e3o e confian\u00e7a. Chegou a hora de brilhar, destacando nossos talentos \u00fanicos.<\/span><\/p>\n<h4><b>Dicas Semanais:<\/b><\/h4>\n<ul>\n<li style=\"font-weight: 400;\" aria-level=\"1\"><span style=\"font-weight: 400;\">Celebre suas conquistas.<\/span><\/li>\n<li style=\"font-weight: 400;\" aria-level=\"1\"><span style=\"font-weight: 400;\">Expresse-se de maneira aut\u00eantica.<\/span><\/li>\n<\/ul>\n<p><b><i>Incensos Recomendados:<\/i><\/b><span style=\"font-weight: 400;\"> Rosa para promover amor pr\u00f3prio e canela para fortalecer a autoconfian\u00e7a.<\/span><\/p>\n<p><b><i>Ritual:<\/i><\/b><span style=\"font-weight: 400;\"> Dance sob a Lua para expressar a alegria de ser voc\u00ea mesmo.<\/span><\/p>\n<p><b><i>Mantra:<\/i><\/b><span style=\"font-weight: 400;\"> &#8220;Eu brilho com autenticidade.&#8221;<\/span><\/p>\n<hr \/>\n<h3><b>Lua em Virgem &#x1f316;&#x264d;(22\/03 a 23\/03)<\/b><\/h3>\n<p><span style=\"font-weight: 400;\">Sob a influ\u00eancia da Lua em Virgem, a energia se volta para a organiza\u00e7\u00e3o e a pr\u00e1tica da autocompaix\u00e3o. \u00c9 tempo de cuidar do corpo, mente e esp\u00edrito com dedica\u00e7\u00e3o e amor.<\/span><\/p>\n<h4><b>Dicas Semanais:<\/b><\/h4>\n<ul>\n<li style=\"font-weight: 400;\" aria-level=\"1\"><span style=\"font-weight: 400;\">Priorize o autocuidado.<\/span><\/li>\n<li style=\"font-weight: 400;\" aria-level=\"1\"><span style=\"font-weight: 400;\">Organize espa\u00e7os para promover a serenidade.<\/span><\/li>\n<\/ul>\n<p><b><i>Incensos Recomendados:<\/i><\/b><span style=\"font-weight: 400;\"> Lavanda para relaxamento e eucalipto para purifica\u00e7\u00e3o.<\/span><\/p>\n<p><b><i>Ritual:<\/i><\/b> <span style=\"font-weight: 400;\">Dedique um momento para uma pr\u00e1tica de mindfulness.<\/span><\/p>\n<p><b><i>Mantra:<\/i><\/b><span style=\"font-weight: 400;\"> &#8220;Cuido de mim com amor e aten\u00e7\u00e3o.&#8221;<\/span><\/p>\n<hr \/>\n<h3><b>Lua em Libra &#x1f315;&#x264e;(24\/03)<\/b><\/h3>\n<p><span style=\"font-weight: 400;\">Ao entrar em Libra, a Lua nos convida a buscar equil\u00edbrio e harmonia em nossas rela\u00e7\u00f5es, use a diplomacia para auxiliar na busca de solu\u00e7\u00f5es pac\u00edficas.<\/span><\/p>\n<h4><b>Dicas Semanais:<\/b><\/h4>\n<ul>\n<li style=\"font-weight: 400;\" aria-level=\"1\"><span style=\"font-weight: 400;\">Cultive rela\u00e7\u00f5es saud\u00e1veis.<\/span><\/li>\n<li style=\"font-weight: 400;\" aria-level=\"1\"><span style=\"font-weight: 400;\">Busque a harmonia em ambientes e situa\u00e7\u00f5es.<\/span><\/li>\n<\/ul>\n<p><b><i>Incensos Recomendados:<\/i><\/b><span style=\"font-weight: 400;\"> Rosa para promover a paz e mirra para equilibrar energias.<\/span><\/p>\n<p><b><i>Ritual:<\/i><\/b><span style=\"font-weight: 400;\"> Medite sobre a import\u00e2ncia do equil\u00edbrio em sua vida.<\/span><\/p>\n<p><b><i>Mantra:<\/i><\/b><span style=\"font-weight: 400;\"> &#8220;Em equil\u00edbrio, encontro paz.&#8221;<\/span><\/p>\n<p><span style=\"font-weight: 400;\">Que esta semana lunar seja repleta de descobertas e crescimento. Que cada fase ilumine seu caminho de maneiras \u00fanicas, enchendo seus dias com energias positivas.<\/span><\/p>\n\n\n<div class=\"kk-star-ratings kksr-auto kksr-align-left kksr-valign-bottom\"\n    data-payload='{&quot;align&quot;:&quot;left&quot;,&quot;id&quot;:&quot;40371&quot;,&quot;slug&quot;:&quot;default&quot;,&quot;valign&quot;:&quot;bottom&quot;,&quot;ignore&quot;:&quot;&quot;,&quot;reference&quot;:&quot;auto&quot;,&quot;class&quot;:&quot;&quot;,&quot;count&quot;:&quot;0&quot;,&quot;legendonly&quot;:&quot;&quot;,&quot;readonly&quot;:&quot;&quot;,&quot;score&quot;:&quot;0&quot;,&quot;starsonly&quot;:&quot;&quot;,&quot;best&quot;:&quot;5&quot;,&quot;gap&quot;:&quot;5&quot;,&quot;greet&quot;:&quot;Rate this post&quot;,&quot;legend&quot;:&quot;0\\\/5 - (0 voto)&quot;,&quot;size&quot;:&quot;24&quot;,&quot;title&quot;:&quot;As Energias dos Ciclos Lunares \u2013 17\\\/03 a 24\\\/03, por Emylian Kali&quot;,&quot;width&quot;:&quot;0&quot;,&quot;_legend&quot;:&quot;{score}\\\/{best} - ({count} {votes})&quot;,&quot;font_factor&quot;:&quot;1.25&quot;}'>\n            \n<div class=\"kksr-stars\">\n    \n<div class=\"kksr-stars-inactive\">\n            <div class=\"kksr-star\" data-star=\"1\" style=\"padding-right: 5px\">\n            \n\n<div class=\"kksr-icon\" style=\"width: 24px; height: 24px;\"><\/div>\n        <\/div>\n            <div class=\"kksr-star\" data-star=\"2\" style=\"padding-right: 5px\">\n            \n\n<div class=\"kksr-icon\" style=\"width: 24px; height: 24px;\"><\/div>\n        <\/div>\n            <div class=\"kksr-star\" data-star=\"3\" style=\"padding-right: 5px\">\n            \n\n<div class=\"kksr-icon\" style=\"width: 24px; height: 24px;\"><\/div>\n        <\/div>\n            <div class=\"kksr-star\" data-star=\"4\" style=\"padding-right: 5px\">\n            \n\n<div class=\"kksr-icon\" style=\"width: 24px; height: 24px;\"><\/div>\n        <\/div>\n            <div class=\"kksr-star\" data-star=\"5\" style=\"padding-right: 5px\">\n            \n\n<div class=\"kksr-icon\" style=\"width: 24px; height: 24px;\"><\/div>\n        <\/div>\n    <\/div>\n    \n<div class=\"kksr-stars-active\" style=\"width: 0px;\">\n            <div class=\"kksr-star\" style=\"padding-right: 5px\">\n            \n\n<div class=\"kksr-icon\" style=\"width: 24px; height: 24px;\"><\/div>\n        <\/div>\n            <div class=\"kksr-star\" style=\"padding-right: 5px\">\n            \n\n<div class=\"kksr-icon\" style=\"width: 24px; height: 24px;\"><\/div>\n        <\/div>\n            <div class=\"kksr-star\" style=\"padding-right: 5px\">\n            \n\n<div class=\"kksr-icon\" style=\"width: 24px; height: 24px;\"><\/div>\n        <\/div>\n            <div class=\"kksr-star\" style=\"padding-right: 5px\">\n            \n\n<div class=\"kksr-icon\" style=\"width: 24px; height: 24px;\"><\/div>\n        <\/div>\n            <div class=\"kksr-star\" style=\"padding-right: 5px\">\n            \n\n<div class=\"kksr-icon\" style=\"width: 24px; height: 24px;\"><\/div>\n        <\/div>\n    <\/div>\n<\/div>\n                \n\n<div class=\"kksr-legend\" style=\"font-size: 19.2px;\">\n            <span class=\"kksr-muted\">Rate this post<\/span>\n    <\/div>\n    <\/div>\n","protected":false},"excerpt":{"rendered":"<p>Encontrando nosso Eu Espiritual Querido desbravador lunar, bem-vindo a uma semana repleta de encantos e nessa jornada pelos ciclos lunares de 17\/03 a 24\/03, convido voc\u00eas a mergulhar nas influ\u00eancias celestiais que pintar\u00e3o nossos dias com tonalidades distintas. A Lua, como uma confidente c\u00f3smica, nos revelar\u00e1 li\u00e7\u00f5es e oportunidades \u00fanicas, e juntos exploraremos as energias [&hellip;]<\/p>\n","protected":false},"author":158,"featured_media":40190,"comment_status":"closed","ping_status":"closed","sticky":false,"template":"","format":"standard","meta":{"footnotes":""},"categories":[4893],"tags":[],"class_list":["post-40371","post","type-post","status-publish","format-standard","has-post-thumbnail","hentry","category-ciclo-lunar-semanal"],"yoast_head":"<!-- This site is optimized with the Yoast SEO plugin v27.4 - https:\/\/yoast.com\/product\/yoast-seo-wordpress\/ -->\n<title>As Energias dos Ciclos Lunares \u2013 17\/03 a 24\/03, por Emylian Kali - iQuilibrio<\/title>\n<meta name=\"robots\" content=\"index, follow, max-snippet:-1, max-image-preview:large, max-video-preview:-1\" \/>\n<link rel=\"canonical\" href=\"https:\/\/www.iquilibrio.com\/blog\/ciclo-lunar-semanal\/as-energias-dos-ciclos-lunares-17-03-a-24-03-por-emylian-kali\/\" \/>\n<meta property=\"og:locale\" content=\"pt_BR\" \/>\n<meta property=\"og:type\" content=\"article\" \/>\n<meta property=\"og:title\" content=\"As Energias dos Ciclos Lunares \u2013 17\/03 a 24\/03, por Emylian Kali - iQuilibrio\" \/>\n<meta property=\"og:description\" content=\"Encontrando nosso Eu Espiritual Querido desbravador lunar, bem-vindo a uma semana repleta de encantos e nessa jornada pelos ciclos lunares de 17\/03 a 24\/03, convido voc\u00eas a mergulhar nas influ\u00eancias celestiais que pintar\u00e3o nossos dias com tonalidades distintas. A Lua, como uma confidente c\u00f3smica, nos revelar\u00e1 li\u00e7\u00f5es e oportunidades \u00fanicas, e juntos exploraremos as energias [&hellip;]\" \/>\n<meta property=\"og:url\" content=\"https:\/\/www.iquilibrio.com\/blog\/ciclo-lunar-semanal\/as-energias-dos-ciclos-lunares-17-03-a-24-03-por-emylian-kali\/\" \/>\n<meta property=\"og:site_name\" content=\"iQuilibrio\" \/>\n<meta property=\"article:publisher\" content=\"https:\/\/www.facebook.com\/iQuilibrio\/\" \/>\n<meta property=\"article:published_time\" content=\"2024-03-15T10:00:59+00:00\" \/>\n<meta property=\"og:image\" content=\"https:\/\/www.iquilibrio.com\/blog\/wp-content\/uploads\/2024\/02\/BLOG-Passagens-lunares-iQui.jpg\" \/>\n\t<meta property=\"og:image:width\" content=\"900\" \/>\n\t<meta property=\"og:image:height\" content=\"560\" \/>\n\t<meta property=\"og:image:type\" content=\"image\/jpeg\" \/>\n<meta name=\"author\" content=\"Arthur Peroni\" \/>\n<meta name=\"twitter:card\" content=\"summary_large_image\" \/>\n<meta name=\"twitter:creator\" content=\"@iquilibrio\" \/>\n<meta name=\"twitter:site\" content=\"@iquilibrio\" \/>\n<meta name=\"twitter:label1\" content=\"Escrito por\" \/>\n\t<meta name=\"twitter:data1\" content=\"Arthur Peroni\" \/>\n\t<meta name=\"twitter:label2\" content=\"Est. tempo de leitura\" \/>\n\t<meta name=\"twitter:data2\" content=\"4 minutos\" \/>\n<script type=\"application\/ld+json\" class=\"yoast-schema-graph\">{\"@context\":\"https:\\\/\\\/schema.org\",\"@graph\":[{\"@type\":\"Article\",\"@id\":\"https:\\\/\\\/www.iquilibrio.com\\\/blog\\\/ciclo-lunar-semanal\\\/as-energias-dos-ciclos-lunares-17-03-a-24-03-por-emylian-kali\\\/#article\",\"isPartOf\":{\"@id\":\"https:\\\/\\\/www.iquilibrio.com\\\/blog\\\/ciclo-lunar-semanal\\\/as-energias-dos-ciclos-lunares-17-03-a-24-03-por-emylian-kali\\\/\"},\"author\":{\"name\":\"Arthur Peroni\",\"@id\":\"https:\\\/\\\/www.iquilibrio.com\\\/blog\\\/#\\\/schema\\\/person\\\/21ae990723c2e5a1170c9a06dacb4d3d\"},\"headline\":\"As Energias dos Ciclos Lunares \u2013 17\\\/03 a 24\\\/03, por Emylian Kali\",\"datePublished\":\"2024-03-15T10:00:59+00:00\",\"mainEntityOfPage\":{\"@id\":\"https:\\\/\\\/www.iquilibrio.com\\\/blog\\\/ciclo-lunar-semanal\\\/as-energias-dos-ciclos-lunares-17-03-a-24-03-por-emylian-kali\\\/\"},\"wordCount\":631,\"publisher\":{\"@id\":\"https:\\\/\\\/www.iquilibrio.com\\\/blog\\\/#organization\"},\"image\":{\"@id\":\"https:\\\/\\\/www.iquilibrio.com\\\/blog\\\/ciclo-lunar-semanal\\\/as-energias-dos-ciclos-lunares-17-03-a-24-03-por-emylian-kali\\\/#primaryimage\"},\"thumbnailUrl\":\"https:\\\/\\\/www.iquilibrio.com\\\/blog\\\/wp-content\\\/uploads\\\/2024\\\/02\\\/BLOG-Passagens-lunares-iQui.jpg\",\"articleSection\":[\"Ciclo Lunar semanal\"],\"inLanguage\":\"pt-BR\"},{\"@type\":\"WebPage\",\"@id\":\"https:\\\/\\\/www.iquilibrio.com\\\/blog\\\/ciclo-lunar-semanal\\\/as-energias-dos-ciclos-lunares-17-03-a-24-03-por-emylian-kali\\\/\",\"url\":\"https:\\\/\\\/www.iquilibrio.com\\\/blog\\\/ciclo-lunar-semanal\\\/as-energias-dos-ciclos-lunares-17-03-a-24-03-por-emylian-kali\\\/\",\"name\":\"As Energias dos Ciclos Lunares \u2013 17\\\/03 a 24\\\/03, por Emylian Kali - iQuilibrio\",\"isPartOf\":{\"@id\":\"https:\\\/\\\/www.iquilibrio.com\\\/blog\\\/#website\"},\"primaryImageOfPage\":{\"@id\":\"https:\\\/\\\/www.iquilibrio.com\\\/blog\\\/ciclo-lunar-semanal\\\/as-energias-dos-ciclos-lunares-17-03-a-24-03-por-emylian-kali\\\/#primaryimage\"},\"image\":{\"@id\":\"https:\\\/\\\/www.iquilibrio.com\\\/blog\\\/ciclo-lunar-semanal\\\/as-energias-dos-ciclos-lunares-17-03-a-24-03-por-emylian-kali\\\/#primaryimage\"},\"thumbnailUrl\":\"https:\\\/\\\/www.iquilibrio.com\\\/blog\\\/wp-content\\\/uploads\\\/2024\\\/02\\\/BLOG-Passagens-lunares-iQui.jpg\",\"datePublished\":\"2024-03-15T10:00:59+00:00\",\"breadcrumb\":{\"@id\":\"https:\\\/\\\/www.iquilibrio.com\\\/blog\\\/ciclo-lunar-semanal\\\/as-energias-dos-ciclos-lunares-17-03-a-24-03-por-emylian-kali\\\/#breadcrumb\"},\"inLanguage\":\"pt-BR\",\"potentialAction\":[{\"@type\":\"ReadAction\",\"target\":[\"https:\\\/\\\/www.iquilibrio.com\\\/blog\\\/ciclo-lunar-semanal\\\/as-energias-dos-ciclos-lunares-17-03-a-24-03-por-emylian-kali\\\/\"]}]},{\"@type\":\"ImageObject\",\"inLanguage\":\"pt-BR\",\"@id\":\"https:\\\/\\\/www.iquilibrio.com\\\/blog\\\/ciclo-lunar-semanal\\\/as-energias-dos-ciclos-lunares-17-03-a-24-03-por-emylian-kali\\\/#primaryimage\",\"url\":\"https:\\\/\\\/www.iquilibrio.com\\\/blog\\\/wp-content\\\/uploads\\\/2024\\\/02\\\/BLOG-Passagens-lunares-iQui.jpg\",\"contentUrl\":\"https:\\\/\\\/www.iquilibrio.com\\\/blog\\\/wp-content\\\/uploads\\\/2024\\\/02\\\/BLOG-Passagens-lunares-iQui.jpg\",\"width\":900,\"height\":560},{\"@type\":\"BreadcrumbList\",\"@id\":\"https:\\\/\\\/www.iquilibrio.com\\\/blog\\\/ciclo-lunar-semanal\\\/as-energias-dos-ciclos-lunares-17-03-a-24-03-por-emylian-kali\\\/#breadcrumb\",\"itemListElement\":[{\"@type\":\"ListItem\",\"position\":1,\"name\":\"In\u00edcio\",\"item\":\"https:\\\/\\\/www.iquilibrio.com\\\/blog\\\/\"},{\"@type\":\"ListItem\",\"position\":2,\"name\":\"As Energias dos Ciclos Lunares \u2013 17\\\/03 a 24\\\/03, por Emylian Kali\"}]},{\"@type\":\"WebSite\",\"@id\":\"https:\\\/\\\/www.iquilibrio.com\\\/blog\\\/#website\",\"url\":\"https:\\\/\\\/www.iquilibrio.com\\\/blog\\\/\",\"name\":\"iQuilibrio\",\"description\":\"Blog iQuilibrio\",\"publisher\":{\"@id\":\"https:\\\/\\\/www.iquilibrio.com\\\/blog\\\/#organization\"},\"potentialAction\":[{\"@type\":\"SearchAction\",\"target\":{\"@type\":\"EntryPoint\",\"urlTemplate\":\"https:\\\/\\\/www.iquilibrio.com\\\/blog\\\/?s={search_term_string}\"},\"query-input\":{\"@type\":\"PropertyValueSpecification\",\"valueRequired\":true,\"valueName\":\"search_term_string\"}}],\"inLanguage\":\"pt-BR\"},{\"@type\":\"Organization\",\"@id\":\"https:\\\/\\\/www.iquilibrio.com\\\/blog\\\/#organization\",\"name\":\"Esoterismo, Misticismo e Tarot Online - iQuilibrio\",\"url\":\"https:\\\/\\\/www.iquilibrio.com\\\/blog\\\/\",\"logo\":{\"@type\":\"ImageObject\",\"inLanguage\":\"pt-BR\",\"@id\":\"https:\\\/\\\/www.iquilibrio.com\\\/blog\\\/#\\\/schema\\\/logo\\\/image\\\/\",\"url\":\"https:\\\/\\\/www.iquilibrio.com\\\/blog\\\/wp-content\\\/uploads\\\/2018\\\/12\\\/iquilibrio_lovo_vetor_preto-retina.png\",\"contentUrl\":\"https:\\\/\\\/www.iquilibrio.com\\\/blog\\\/wp-content\\\/uploads\\\/2018\\\/12\\\/iquilibrio_lovo_vetor_preto-retina.png\",\"width\":972,\"height\":180,\"caption\":\"Esoterismo, Misticismo e Tarot Online - iQuilibrio\"},\"image\":{\"@id\":\"https:\\\/\\\/www.iquilibrio.com\\\/blog\\\/#\\\/schema\\\/logo\\\/image\\\/\"},\"sameAs\":[\"https:\\\/\\\/www.facebook.com\\\/iQuilibrio\\\/\",\"https:\\\/\\\/x.com\\\/iquilibrio\",\"https:\\\/\\\/www.instagram.com\\\/iquilibrio\\\/\",\"https:\\\/\\\/www.linkedin.com\\\/company\\\/iquilibrio\\\/\",\"https:\\\/\\\/br.pinterest.com\\\/iquilibrio1397\\\/\",\"https:\\\/\\\/www.youtube.com\\\/channel\\\/UC175qxd-4Zsi4wzawT5zF2g\"]},{\"@type\":\"Person\",\"@id\":\"https:\\\/\\\/www.iquilibrio.com\\\/blog\\\/#\\\/schema\\\/person\\\/21ae990723c2e5a1170c9a06dacb4d3d\",\"name\":\"Arthur Peroni\",\"image\":{\"@type\":\"ImageObject\",\"inLanguage\":\"pt-BR\",\"@id\":\"https:\\\/\\\/www.iquilibrio.com\\\/blog\\\/wp-content\\\/uploads\\\/2023\\\/04\\\/Arthur-Peroni-150x150.jpg\",\"url\":\"https:\\\/\\\/www.iquilibrio.com\\\/blog\\\/wp-content\\\/uploads\\\/2023\\\/04\\\/Arthur-Peroni-150x150.jpg\",\"contentUrl\":\"https:\\\/\\\/www.iquilibrio.com\\\/blog\\\/wp-content\\\/uploads\\\/2023\\\/04\\\/Arthur-Peroni-150x150.jpg\",\"caption\":\"Arthur Peroni\"},\"description\":\"Arthur Peroni escreve sobre a vida, o universo e tudo mais. Amante da literatura m\u00edstica, e fic\u00e7\u00e3o, descobriu sua carreira de redator gra\u00e7as ao h\u00e1bito de leitura constante sobre fantasia e drama. Nas horas vagas, gosta de cozinhar, ler e ver filmes antigos. J\u00e1 trabalhou com, comunica\u00e7\u00e3o social, massoterapia, terapias hol\u00edsticas e design de interiores. Atualmente trabalha como redator SEO e se entusiasma com tudo o que \u00e9 esot\u00e9rico. Gosta de discutir sobre assuntos complexos e instigantes, e v\u00ea na escrita uma oportunidade de aprender e criar todos os dias, mentalmente e espiritualmente.\",\"url\":\"https:\\\/\\\/www.iquilibrio.com\\\/blog\\\/author\\\/raul-vinicius\\\/\"}]}<\/script>\n<!-- \/ Yoast SEO plugin. -->","yoast_head_json":{"title":"As Energias dos Ciclos Lunares \u2013 17\/03 a 24\/03, por Emylian Kali - iQuilibrio","robots":{"index":"index","follow":"follow","max-snippet":"max-snippet:-1","max-image-preview":"max-image-preview:large","max-video-preview":"max-video-preview:-1"},"canonical":"https:\/\/www.iquilibrio.com\/blog\/ciclo-lunar-semanal\/as-energias-dos-ciclos-lunares-17-03-a-24-03-por-emylian-kali\/","og_locale":"pt_BR","og_type":"article","og_title":"As Energias dos Ciclos Lunares \u2013 17\/03 a 24\/03, por Emylian Kali - iQuilibrio","og_description":"Encontrando nosso Eu Espiritual Querido desbravador lunar, bem-vindo a uma semana repleta de encantos e nessa jornada pelos ciclos lunares de 17\/03 a 24\/03, convido voc\u00eas a mergulhar nas influ\u00eancias celestiais que pintar\u00e3o nossos dias com tonalidades distintas. A Lua, como uma confidente c\u00f3smica, nos revelar\u00e1 li\u00e7\u00f5es e oportunidades \u00fanicas, e juntos exploraremos as energias [&hellip;]","og_url":"https:\/\/www.iquilibrio.com\/blog\/ciclo-lunar-semanal\/as-energias-dos-ciclos-lunares-17-03-a-24-03-por-emylian-kali\/","og_site_name":"iQuilibrio","article_publisher":"https:\/\/www.facebook.com\/iQuilibrio\/","article_published_time":"2024-03-15T10:00:59+00:00","og_image":[{"width":900,"height":560,"url":"https:\/\/www.iquilibrio.com\/blog\/wp-content\/uploads\/2024\/02\/BLOG-Passagens-lunares-iQui.jpg","type":"image\/jpeg"}],"author":"Arthur Peroni","twitter_card":"summary_large_image","twitter_creator":"@iquilibrio","twitter_site":"@iquilibrio","twitter_misc":{"Escrito por":"Arthur Peroni","Est. tempo de leitura":"4 minutos"},"schema":{"@context":"https:\/\/schema.org","@graph":[{"@type":"Article","@id":"https:\/\/www.iquilibrio.com\/blog\/ciclo-lunar-semanal\/as-energias-dos-ciclos-lunares-17-03-a-24-03-por-emylian-kali\/#article","isPartOf":{"@id":"https:\/\/www.iquilibrio.com\/blog\/ciclo-lunar-semanal\/as-energias-dos-ciclos-lunares-17-03-a-24-03-por-emylian-kali\/"},"author":{"name":"Arthur Peroni","@id":"https:\/\/www.iquilibrio.com\/blog\/#\/schema\/person\/21ae990723c2e5a1170c9a06dacb4d3d"},"headline":"As Energias dos Ciclos Lunares \u2013 17\/03 a 24\/03, por Emylian Kali","datePublished":"2024-03-15T10:00:59+00:00","mainEntityOfPage":{"@id":"https:\/\/www.iquilibrio.com\/blog\/ciclo-lunar-semanal\/as-energias-dos-ciclos-lunares-17-03-a-24-03-por-emylian-kali\/"},"wordCount":631,"publisher":{"@id":"https:\/\/www.iquilibrio.com\/blog\/#organization"},"image":{"@id":"https:\/\/www.iquilibrio.com\/blog\/ciclo-lunar-semanal\/as-energias-dos-ciclos-lunares-17-03-a-24-03-por-emylian-kali\/#primaryimage"},"thumbnailUrl":"https:\/\/www.iquilibrio.com\/blog\/wp-content\/uploads\/2024\/02\/BLOG-Passagens-lunares-iQui.jpg","articleSection":["Ciclo Lunar semanal"],"inLanguage":"pt-BR"},{"@type":"WebPage","@id":"https:\/\/www.iquilibrio.com\/blog\/ciclo-lunar-semanal\/as-energias-dos-ciclos-lunares-17-03-a-24-03-por-emylian-kali\/","url":"https:\/\/www.iquilibrio.com\/blog\/ciclo-lunar-semanal\/as-energias-dos-ciclos-lunares-17-03-a-24-03-por-emylian-kali\/","name":"As Energias dos Ciclos Lunares \u2013 17\/03 a 24\/03, por Emylian Kali - iQuilibrio","isPartOf":{"@id":"https:\/\/www.iquilibrio.com\/blog\/#website"},"primaryImageOfPage":{"@id":"https:\/\/www.iquilibrio.com\/blog\/ciclo-lunar-semanal\/as-energias-dos-ciclos-lunares-17-03-a-24-03-por-emylian-kali\/#primaryimage"},"image":{"@id":"https:\/\/www.iquilibrio.com\/blog\/ciclo-lunar-semanal\/as-energias-dos-ciclos-lunares-17-03-a-24-03-por-emylian-kali\/#primaryimage"},"thumbnailUrl":"https:\/\/www.iquilibrio.com\/blog\/wp-content\/uploads\/2024\/02\/BLOG-Passagens-lunares-iQui.jpg","datePublished":"2024-03-15T10:00:59+00:00","breadcrumb":{"@id":"https:\/\/www.iquilibrio.com\/blog\/ciclo-lunar-semanal\/as-energias-dos-ciclos-lunares-17-03-a-24-03-por-emylian-kali\/#breadcrumb"},"inLanguage":"pt-BR","potentialAction":[{"@type":"ReadAction","target":["https:\/\/www.iquilibrio.com\/blog\/ciclo-lunar-semanal\/as-energias-dos-ciclos-lunares-17-03-a-24-03-por-emylian-kali\/"]}]},{"@type":"ImageObject","inLanguage":"pt-BR","@id":"https:\/\/www.iquilibrio.com\/blog\/ciclo-lunar-semanal\/as-energias-dos-ciclos-lunares-17-03-a-24-03-por-emylian-kali\/#primaryimage","url":"https:\/\/www.iquilibrio.com\/blog\/wp-content\/uploads\/2024\/02\/BLOG-Passagens-lunares-iQui.jpg","contentUrl":"https:\/\/www.iquilibrio.com\/blog\/wp-content\/uploads\/2024\/02\/BLOG-Passagens-lunares-iQui.jpg","width":900,"height":560},{"@type":"BreadcrumbList","@id":"https:\/\/www.iquilibrio.com\/blog\/ciclo-lunar-semanal\/as-energias-dos-ciclos-lunares-17-03-a-24-03-por-emylian-kali\/#breadcrumb","itemListElement":[{"@type":"ListItem","position":1,"name":"In\u00edcio","item":"https:\/\/www.iquilibrio.com\/blog\/"},{"@type":"ListItem","position":2,"name":"As Energias dos Ciclos Lunares \u2013 17\/03 a 24\/03, por Emylian Kali"}]},{"@type":"WebSite","@id":"https:\/\/www.iquilibrio.com\/blog\/#website","url":"https:\/\/www.iquilibrio.com\/blog\/","name":"iQuilibrio","description":"Blog iQuilibrio","publisher":{"@id":"https:\/\/www.iquilibrio.com\/blog\/#organization"},"potentialAction":[{"@type":"SearchAction","target":{"@type":"EntryPoint","urlTemplate":"https:\/\/www.iquilibrio.com\/blog\/?s={search_term_string}"},"query-input":{"@type":"PropertyValueSpecification","valueRequired":true,"valueName":"search_term_string"}}],"inLanguage":"pt-BR"},{"@type":"Organization","@id":"https:\/\/www.iquilibrio.com\/blog\/#organization","name":"Esoterismo, Misticismo e Tarot Online - iQuilibrio","url":"https:\/\/www.iquilibrio.com\/blog\/","logo":{"@type":"ImageObject","inLanguage":"pt-BR","@id":"https:\/\/www.iquilibrio.com\/blog\/#\/schema\/logo\/image\/","url":"https:\/\/www.iquilibrio.com\/blog\/wp-content\/uploads\/2018\/12\/iquilibrio_lovo_vetor_preto-retina.png","contentUrl":"https:\/\/www.iquilibrio.com\/blog\/wp-content\/uploads\/2018\/12\/iquilibrio_lovo_vetor_preto-retina.png","width":972,"height":180,"caption":"Esoterismo, Misticismo e Tarot Online - iQuilibrio"},"image":{"@id":"https:\/\/www.iquilibrio.com\/blog\/#\/schema\/logo\/image\/"},"sameAs":["https:\/\/www.facebook.com\/iQuilibrio\/","https:\/\/x.com\/iquilibrio","https:\/\/www.instagram.com\/iquilibrio\/","https:\/\/www.linkedin.com\/company\/iquilibrio\/","https:\/\/br.pinterest.com\/iquilibrio1397\/","https:\/\/www.youtube.com\/channel\/UC175qxd-4Zsi4wzawT5zF2g"]},{"@type":"Person","@id":"https:\/\/www.iquilibrio.com\/blog\/#\/schema\/person\/21ae990723c2e5a1170c9a06dacb4d3d","name":"Arthur Peroni","image":{"@type":"ImageObject","inLanguage":"pt-BR","@id":"https:\/\/www.iquilibrio.com\/blog\/wp-content\/uploads\/2023\/04\/Arthur-Peroni-150x150.jpg","url":"https:\/\/www.iquilibrio.com\/blog\/wp-content\/uploads\/2023\/04\/Arthur-Peroni-150x150.jpg","contentUrl":"https:\/\/www.iquilibrio.com\/blog\/wp-content\/uploads\/2023\/04\/Arthur-Peroni-150x150.jpg","caption":"Arthur Peroni"},"description":"Arthur Peroni escreve sobre a vida, o universo e tudo mais. Amante da literatura m\u00edstica, e fic\u00e7\u00e3o, descobriu sua carreira de redator gra\u00e7as ao h\u00e1bito de leitura constante sobre fantasia e drama. Nas horas vagas, gosta de cozinhar, ler e ver filmes antigos. J\u00e1 trabalhou com, comunica\u00e7\u00e3o social, massoterapia, terapias hol\u00edsticas e design de interiores. Atualmente trabalha como redator SEO e se entusiasma com tudo o que \u00e9 esot\u00e9rico. Gosta de discutir sobre assuntos complexos e instigantes, e v\u00ea na escrita uma oportunidade de aprender e criar todos os dias, mentalmente e espiritualmente.","url":"https:\/\/www.iquilibrio.com\/blog\/author\/raul-vinicius\/"}]}},"_links":{"self":[{"href":"https:\/\/www.iquilibrio.com\/blog\/wp-json\/wp\/v2\/posts\/40371","targetHints":{"allow":["GET"]}}],"collection":[{"href":"https:\/\/www.iquilibrio.com\/blog\/wp-json\/wp\/v2\/posts"}],"about":[{"href":"https:\/\/www.iquilibrio.com\/blog\/wp-json\/wp\/v2\/types\/post"}],"author":[{"embeddable":true,"href":"https:\/\/www.iquilibrio.com\/blog\/wp-json\/wp\/v2\/users\/158"}],"replies":[{"embeddable":true,"href":"https:\/\/www.iquilibrio.com\/blog\/wp-json\/wp\/v2\/comments?post=40371"}],"version-history":[{"count":1,"href":"https:\/\/www.iquilibrio.com\/blog\/wp-json\/wp\/v2\/posts\/40371\/revisions"}],"predecessor-version":[{"id":40372,"href":"https:\/\/www.iquilibrio.com\/blog\/wp-json\/wp\/v2\/posts\/40371\/revisions\/40372"}],"wp:featuredmedia":[{"embeddable":true,"href":"https:\/\/www.iquilibrio.com\/blog\/wp-json\/wp\/v2\/media\/40190"}],"wp:attachment":[{"href":"https:\/\/www.iquilibrio.com\/blog\/wp-json\/wp\/v2\/media?parent=40371"}],"wp:term":[{"taxonomy":"category","embeddable":true,"href":"https:\/\/www.iquilibrio.com\/blog\/wp-json\/wp\/v2\/categories?post=40371"},{"taxonomy":"post_tag","embeddable":true,"href":"https:\/\/www.iquilibrio.com\/blog\/wp-json\/wp\/v2\/tags?post=40371"}],"curies":[{"name":"wp","href":"https:\/\/api.w.org\/{rel}","templated":true}]}}