{"id":40247,"date":"2024-02-15T07:00:22","date_gmt":"2024-02-15T10:00:22","guid":{"rendered":"https:\/\/www.iquilibrio.com\/blog\/?p=40247"},"modified":"2024-02-14T17:40:42","modified_gmt":"2024-02-14T20:40:42","slug":"muito-alem-de-venus-e-marte","status":"publish","type":"post","link":"https:\/\/www.iquilibrio.com\/blog\/astrologia\/muito-alem-de-venus-e-marte\/","title":{"rendered":"A conjun\u00e7\u00e3o em Aqu\u00e1rio: Muito Al\u00e9m de V\u00eanus e Marte descubra o Impacto na Sua Vida &#8211; Por Ana L\u00facia"},"content":{"rendered":"<p><span style=\"font-weight: 400;\">Na conjun\u00e7\u00e3o em aqu\u00e1rio V\u00eanus e Marte est\u00e3o abra\u00e7ados no c\u00e9u, indo assim mais al\u00e9m de V\u00eanus e Marte, mais al\u00e9m ainda do que um aspecto <\/span><a href=\"https:\/\/www.iquilibrio.com\/blog\/astrologia\/ano-novo-astrologico-2024\/\"><span style=\"font-weight: 400;\">astrol\u00f3gico<\/span><\/a><span style=\"font-weight: 400;\">, \u00e9 o ind\u00edcio para conquistarmos o que amamos.<\/span><\/p>\n<p><span style=\"font-weight: 400;\">Desse modo, Marte o impulso e V\u00eanus o prazer, \u00e9 tamb\u00e9m uma energia ressonante dispon\u00edvel para todos n\u00f3s.\u00a0<\/span><\/p>\n<p><span style=\"font-weight: 400;\">Assim, sabemos que para a Astrologia, V\u00eanus e Marte, tamb\u00e9m conhecidos como Afrodite e Ares para os gregos, afinal, sabemos que os planetas representam <\/span><a href=\"https:\/\/www.iquilibrio.com\/blog\/terapias-alternativas\/reiki\/deuses\/\"><span style=\"font-weight: 400;\">deuses<\/span><\/a><span style=\"font-weight: 400;\"> mitol\u00f3gicos.\u00a0\u00a0<\/span><\/p>\n<p><span style=\"font-weight: 400;\">Na Mitologia V\u00eanus e Marte n\u00e3o se casam eles mant\u00eam encontros extraconjugais, uma met\u00e1fora para nos questionarmos sobre os desejos de Marte e as prefer\u00eancias de V\u00eanus.<\/span><\/p>\n<p><span style=\"font-weight: 400;\">Nesse texto vamos al\u00e9m de v\u00eanus e marte, vamos entender o que essa conjun\u00e7\u00e3o mudar\u00e1 na nossa vida, suas oportunidades e chances de autoconhecimento.<\/span><\/p>\n<p style=\"text-align: center;\"><span class=\"td_btn td_btn_md td_round_btn\" style=\"background-color: #993366; color: #ffffff;\"><a style=\"background-color: #993366; color: #ffffff;\" href=\"https:\/\/www.iquilibrio.com\/esotericos\/ana-lucia-astrocaminho\/?utm_campaign=blog_conversao&amp;utm_medium=texto_cta&amp;utm_source=blog&amp;utm_content=2024_cat_astrologia_art_muito_alem_de_venus_e_marte\"><span style=\"font-weight: 400;\">Fale com Ana L\u00facia para orienta\u00e7\u00f5es personalizadas sobre seu mapa astral e como aproveitar a conjun\u00e7\u00e3o em aqu\u00e1rio!<\/span><\/a><\/span><\/p>\n<h2><b>V\u00eanus e Marte: Mais que Planetas, Met\u00e1foras Vivas<\/b><\/h2>\n<p><span style=\"font-weight: 400;\">V\u00eanus representa o amor, os relacionamentos, os prazeres f\u00edsicos como as sinestesias, a beleza e as finan\u00e7as, al\u00e9m disso, rege os Signos de Touro e Libra.<\/span><\/p>\n<ul>\n<li style=\"font-weight: 400;\" aria-level=\"1\"><span style=\"font-weight: 400;\">Em <\/span><a href=\"https:\/\/www.iquilibrio.com\/blog\/astrologia\/o-que-significa-lua-em-touro\/\"><span style=\"font-weight: 400;\">Touro<\/span><\/a><span style=\"font-weight: 400;\"> busca prazeres materiais,\u00a0<\/span><\/li>\n<li style=\"font-weight: 400;\" aria-level=\"1\"><span style=\"font-weight: 400;\">em Libra quer harmonizar os relacionamentos.\u00a0<\/span><\/li>\n<\/ul>\n<p><span style=\"font-weight: 400;\">Marte representa a independ\u00eancia, a ousadia e as separa\u00e7\u00f5es, e tamb\u00e9m, rege o signo de \u00c1ries.<\/span><\/p>\n<p><span style=\"font-weight: 400;\">Como um planeta que representa a independ\u00eancia pode ser o par de outro que representa os relacionamentos? Todas as informa\u00e7\u00f5es requerem questionamentos.\u00a0<\/span><\/p>\n<p><span style=\"font-weight: 400;\">Isso vai muito al\u00e9m de V\u00eanus e Marte, assim, por quanto tempo energias distintas conseguem manter-se em abra\u00e7os?<\/span><\/p>\n<figure id=\"attachment_40250\" aria-describedby=\"caption-attachment-40250\" style=\"width: 900px\" class=\"wp-caption alignnone\"><img loading=\"lazy\" decoding=\"async\" class=\"size-full wp-image-40250\" src=\"https:\/\/www.iquilibrio.com\/blog\/wp-content\/uploads\/2024\/02\/Muito-alem-de-Venus-e-Marte-1.jpg\" alt=\"Muito al\u00e9m de V\u00eanus e Marte\" width=\"900\" height=\"560\" srcset=\"https:\/\/www.iquilibrio.com\/blog\/wp-content\/uploads\/2024\/02\/Muito-alem-de-Venus-e-Marte-1.jpg 900w, https:\/\/www.iquilibrio.com\/blog\/wp-content\/uploads\/2024\/02\/Muito-alem-de-Venus-e-Marte-1-300x187.jpg 300w, https:\/\/www.iquilibrio.com\/blog\/wp-content\/uploads\/2024\/02\/Muito-alem-de-Venus-e-Marte-1-768x478.jpg 768w, https:\/\/www.iquilibrio.com\/blog\/wp-content\/uploads\/2024\/02\/Muito-alem-de-Venus-e-Marte-1-696x433.jpg 696w, https:\/\/www.iquilibrio.com\/blog\/wp-content\/uploads\/2024\/02\/Muito-alem-de-Venus-e-Marte-1-675x420.jpg 675w\" sizes=\"auto, (max-width: 900px) 100vw, 900px\" \/><figcaption id=\"caption-attachment-40250\" class=\"wp-caption-text\">Muito al\u00e9m de V\u00eanus e Marte<\/figcaption><\/figure>\n<h3><b>O Abra\u00e7o Celestial em Aqu\u00e1rio: Uma Oportunidade para a Transforma\u00e7\u00e3o<\/b><\/h3>\n<p><span style=\"font-weight: 400;\">Mas, V\u00eanus e Marte n\u00e3o s\u00e3o somente um casal rom\u00e2ntico, mesmo que possam viver entre tapas e beijos, s\u00e3o representantes das casas 1 (<\/span><a href=\"https:\/\/www.iquilibrio.com\/blog\/astrologia\/ascendente\/signo-ascendente-solar\/\"><span style=\"font-weight: 400;\">ascendente<\/span><\/a><span style=\"font-weight: 400;\">) e 7 (descendente) respectivamente, isso \u00e9:<\/span><\/p>\n<ul>\n<li style=\"font-weight: 400;\" aria-level=\"1\"><span style=\"font-weight: 400;\">o nosso eu,<\/span><\/li>\n<li style=\"font-weight: 400;\" aria-level=\"1\"><span style=\"font-weight: 400;\">e nossos relacionamentos.\u00a0<\/span><\/li>\n<\/ul>\n<p><span style=\"font-weight: 400;\">Afinal, s\u00e3o planetas pessoais e suas energias devem ser usadas em nossas escolhas, sejam relacionais, afetivas ou profissionais.<\/span><\/p>\n<p><span style=\"font-weight: 400;\">Os dois far\u00e3o uma conjun\u00e7\u00e3o, v\u00e3o se encontrar, v\u00e3o se abra\u00e7ar no signo de Aqu\u00e1rio, regido pelo planeta <\/span><a href=\"https:\/\/www.astrocentro.com.br\/blog\/astrologia\/urano-nas-casas\/\"><span style=\"font-weight: 400;\">Urano<\/span><\/a><span style=\"font-weight: 400;\">, o signo das mudan\u00e7as, uma Costura Astral para n\u00e3o perdermos de vista.<\/span><\/p>\n<p><span style=\"font-weight: 400;\">Seja olhando para o c\u00e9u ou usando suas energias no nosso dia a dia, na assertividade de nossas escolhas, portanto, de nossas vidas.<\/span><\/p>\n<p><span style=\"font-weight: 400;\">Assim, V\u00eanus e o prazer que a seguran\u00e7a financeira promove, e Marte e os nossos impulsos estar\u00e3o juntos no signo que representa as rupturas o inesperado, o distanciamento emocional.<\/span><\/p>\n<p><span style=\"font-weight: 400;\">Muito al\u00e9m de s\u00f3 V\u00eanus e Marte, como esse encontro pode nos trazer boas energias e como us\u00e1-las? Quais as lutas que valem a pena?\u00a0<\/span><\/p>\n<p><span class=\"td_btn td_btn_md td_round_btn\" style=\"background-color: #993366; color: #ffffff;\"><a style=\"background-color: #993366; color: #ffffff;\" href=\"https:\/\/www.iquilibrio.com\/esotericos\/ana-lucia-astrocaminho\/?utm_campaign=blog_conversao&amp;utm_medium=texto_cta&amp;utm_source=blog&amp;utm_content=2024_cat_astrologia_art_muito_alem_de_venus_e_marte\"><span style=\"font-weight: 400;\">Quer entender como a conjun\u00e7\u00e3o em Aqu\u00e1rio afeta voc\u00ea? Fale com Ana L\u00facia e descubra!<\/span><\/a><\/span><\/p>\n<h3><b>Alinhando suas energias muito al\u00e9m de v\u00eanus e marte<\/b><\/h3>\n<p>Devemos reconhecer que as mudan\u00e7as nos impulsionar\u00e3o. Para isso, \u00e9 essencial entendermos nossas necessidades internas, o que nos motiva e o que \u00e9 essencial para n\u00f3s, alimentando nosso ser.<\/p>\n<p><span style=\"font-weight: 400;\">Por isso, uma an\u00e1lise minuciosa de todo o seu <\/span><a href=\"https:\/\/www.iquilibrio.com\/blog\/astrologia\/roda-da-fortuna\/\"><span style=\"font-weight: 400;\">Mapa Astral<\/span><\/a><span style=\"font-weight: 400;\"> pode ajudar a entender sua necessidade.<\/span><\/p>\n<p><span style=\"font-weight: 400;\">Logo, esse encontro \u00e9 especialmente importante para redefinir nossos gostos, al\u00e9m disso, os amores na vida, nossas escolhas pessoais tamb\u00e9m estar\u00e3o com grande vigor.<\/span><\/p>\n<h2><b>Explorando as Casas Astrais: Um Guia Personalizado<\/b><\/h2>\n<p><span style=\"font-weight: 400;\">Decerto, \u00e9 importante saber em que casa astral esse <\/span><a href=\"https:\/\/www.astrocentro.com.br\/blog\/espiritual\/encontro-de-almas\/\"><span style=\"font-weight: 400;\">encontro<\/span><\/a><span style=\"font-weight: 400;\"> acontecer\u00e1 no seu Mapa Astral, muito al\u00e9m de V\u00eanus e Marte:<\/span><\/p>\n<ul>\n<li style=\"font-weight: 400;\" aria-level=\"1\"><b>Casa 01:<\/b><span style=\"font-weight: 400;\"> voc\u00ea ser\u00e1 chamado a olhar para si e tomar atitudes que abram o caminho de sua vida,\u00a0<\/span><\/li>\n<li style=\"font-weight: 400;\" aria-level=\"1\"><b>Casa 02:<\/b><span style=\"font-weight: 400;\"> voc\u00ea ter\u00e1 a oportunidade de crescer financeiramente,\u00a0<\/span><\/li>\n<li style=\"font-weight: 400;\" aria-level=\"1\"><b>Casa 03:<\/b><span style=\"font-weight: 400;\"> voc\u00ea ter\u00e1 uma oportunidade de alimentar suas curiosidades, assim, ser\u00e1 um momento prop\u00edcio para aprender, fazer cursos e trocar experi\u00eancias com pessoas pr\u00f3ximas,\u00a0<\/span><\/li>\n<li style=\"font-weight: 400;\" aria-level=\"1\"><b>Casa 4:<\/b><span style=\"font-weight: 400;\"> voc\u00ea ser\u00e1 chamado a resolver quest\u00f5es importantes com a fam\u00edlia ou em sua empresa,\u00a0<\/span><\/li>\n<li style=\"font-weight: 400;\" aria-level=\"1\"><b>Casa 05:<\/b><span style=\"font-weight: 400;\"> voc\u00ea estar\u00e1 muito mais criativo, al\u00e9m disso, suas paix\u00f5es estar\u00e3o em alta,\u00a0<\/span><\/li>\n<li style=\"font-weight: 400;\" aria-level=\"1\"><b>Casa 06:<\/b><span style=\"font-weight: 400;\"> sua rotina ser\u00e1 evidenciada, entretanto, sua sa\u00fade estar\u00e1 em questionamentos,\u00a0<\/span><\/li>\n<li style=\"font-weight: 400;\" aria-level=\"1\"><b>Casa 07: <\/b><span style=\"font-weight: 400;\">seus relacionamentos ser\u00e3o chamados para uma avalia\u00e7\u00e3o,<\/span><\/li>\n<li style=\"font-weight: 400;\" aria-level=\"1\"><b>Casa 08:<\/b><span style=\"font-weight: 400;\"> seus lucros ter\u00e3o bons ind\u00edcios para crescimento,\u00a0<\/span><\/li>\n<li style=\"font-weight: 400;\" aria-level=\"1\"><b>Casa 09:<\/b><span style=\"font-weight: 400;\"> sua expans\u00e3o de consci\u00eancia e sua necessidade de visitar lugares distantes, seja viajando geograficamente ou intelectualmente ser\u00e1 aquecido,<\/span><\/li>\n<li style=\"font-weight: 400;\" aria-level=\"1\"><b>Casa 10: <\/b><span style=\"font-weight: 400;\">seu reconhecimento social por meio de sua profiss\u00e3o ser\u00e1 de grande \u00eaxito,\u00a0<\/span><\/li>\n<li style=\"font-weight: 400;\" aria-level=\"1\"><b>Casa 11: <\/b><span style=\"font-weight: 400;\">ser\u00e1 um excelente momento para trabalhos em equipe,<\/span><\/li>\n<li style=\"font-weight: 400;\" aria-level=\"1\"><b>Casa 12:<\/b><span style=\"font-weight: 400;\"> sua espiritualidade e a contempla\u00e7\u00e3o de sua exist\u00eancia abra\u00e7ar\u00e1 voc\u00ea.<\/span><\/li>\n<\/ul>\n<p><span style=\"font-weight: 400;\">Ademais, essa conjun\u00e7\u00e3o \u00e9 uma possibilidade de mudan\u00e7a em sua vida, esteja atento ao que voc\u00ea prefere, as belezas da vida. Al\u00e9m disso, o que precisa fazer para atrair o que prefere e o que lhe \u00e9 belo, v\u00e1 muito al\u00e9m de V\u00eanus e Marte!<\/span><\/p>\n<p><span style=\"font-weight: 400;\">A saber, V\u00eanus \u00e9 a sua simpatia para atrair bons pares, clientes, neg\u00f3cios e Marte \u00e9 a coragem de buscar sua independ\u00eancia, seja financeira, emocional ou intelectual, aproveite esse tr\u00e2nsito astral.<\/span><\/p>\n<p style=\"text-align: center;\"><span class=\"td_btn td_btn_md td_round_btn\" style=\"background-color: #993366; color: #ffffff;\"><a style=\"background-color: #993366; color: #ffffff;\" href=\"https:\/\/www.iquilibrio.com\/astrologia\/?utm_campaign=blog_conversao&amp;utm_medium=texto_cta&amp;utm_source=blog&amp;utm_content=2024_cat_astrologia_art_muito_alem_de_venus_e_marte\"><span style=\"font-weight: 400;\">Fa\u00e7a seu Mapa Astral personalizado e comece sua jornada de autoconhecimento agora mesmo!<\/span><\/a><\/span><\/p>\n<figure id=\"attachment_40251\" aria-describedby=\"caption-attachment-40251\" style=\"width: 900px\" class=\"wp-caption alignnone\"><img loading=\"lazy\" decoding=\"async\" class=\"size-full wp-image-40251\" src=\"https:\/\/www.iquilibrio.com\/blog\/wp-content\/uploads\/2024\/02\/Muito-alem-de-Venus-e-Marte-2.jpg\" alt=\"Muito al\u00e9m de V\u00eanus e Marte\" width=\"900\" height=\"560\" srcset=\"https:\/\/www.iquilibrio.com\/blog\/wp-content\/uploads\/2024\/02\/Muito-alem-de-Venus-e-Marte-2.jpg 900w, https:\/\/www.iquilibrio.com\/blog\/wp-content\/uploads\/2024\/02\/Muito-alem-de-Venus-e-Marte-2-300x187.jpg 300w, https:\/\/www.iquilibrio.com\/blog\/wp-content\/uploads\/2024\/02\/Muito-alem-de-Venus-e-Marte-2-768x478.jpg 768w, https:\/\/www.iquilibrio.com\/blog\/wp-content\/uploads\/2024\/02\/Muito-alem-de-Venus-e-Marte-2-696x433.jpg 696w, https:\/\/www.iquilibrio.com\/blog\/wp-content\/uploads\/2024\/02\/Muito-alem-de-Venus-e-Marte-2-675x420.jpg 675w\" sizes=\"auto, (max-width: 900px) 100vw, 900px\" \/><figcaption id=\"caption-attachment-40251\" class=\"wp-caption-text\">Muito al\u00e9m de V\u00eanus e Marte<\/figcaption><\/figure>\n<h2><b>Muito al\u00e9m de V\u00eanus e Marte: A Influ\u00eancia nos Signos Solares<\/b><\/h2>\n<p><span style=\"font-weight: 400;\">A conjun\u00e7\u00e3o em Aqu\u00e1rio, vai muito al\u00e9m de V\u00eanus e Marte, baseada no seu signo solar, oferece orienta\u00e7\u00f5es espec\u00edficas.\u00a0<\/span><\/p>\n<p><span style=\"font-weight: 400;\">Esse Tr\u00e2nsito Astral, do planeta do amor com o planeta da independ\u00eancia no signo de Aqu\u00e1rio tamb\u00e9m sugere uma atitude baseada no seu Sol.<\/span><\/p>\n<ul>\n<li style=\"font-weight: 400;\" aria-level=\"1\"><b>\u00c1ries:<\/b><span style=\"font-weight: 400;\"> essa conjun\u00e7\u00e3o pede para voc\u00ea buscar sua independ\u00eancia sem esquecer dos seus afetos,\u00a0<\/span><\/li>\n<li style=\"font-weight: 400;\" aria-level=\"1\"><b>Touro: <\/b><span style=\"font-weight: 400;\">esse encontro pede para voc\u00ea n\u00e3o renunciar ao que \u00e9 importante para voc\u00ea, que tipo de relacionamento faz voc\u00ea adquirir mais?\u00a0<\/span><\/li>\n<li style=\"font-weight: 400;\" aria-level=\"1\"><b>G\u00eameos:<\/b><span style=\"font-weight: 400;\"> esse encontro diz que estar bem-informado vai levar voc\u00ea a um lugar de visibilidade social,<\/span><\/li>\n<li style=\"font-weight: 400;\" aria-level=\"1\"><b>C\u00e2ncer:<\/b><span style=\"font-weight: 400;\"> voc\u00ea vai se sentir seguro mantendo seus recursos financeiros, mas para isso precisar\u00e1 sair de casa,\u00a0<\/span><\/li>\n<li style=\"font-weight: 400;\" aria-level=\"1\"><b>Le\u00e3o:<\/b><span style=\"font-weight: 400;\"> mostre-se esse \u00e9 o momento de suas melhores performances,\u00a0<\/span><\/li>\n<li style=\"font-weight: 400;\" aria-level=\"1\"><b>Virgem:<\/b><span style=\"font-weight: 400;\"> esse \u00e9 um excelente momento para voc\u00ea ensinar aos outros o que \u00e9 \u00fatil na vida, qual o servir mais conectado com cada um,<\/span><\/li>\n<li style=\"font-weight: 400;\" aria-level=\"1\"><b>Libra:<\/b><span style=\"font-weight: 400;\"> esse \u00e9 o momento de voc\u00ea colocar energia em sua profiss\u00e3o,\u00a0<\/span><\/li>\n<li style=\"font-weight: 400;\" aria-level=\"1\"><b>Escorpi\u00e3o:<\/b><span style=\"font-weight: 400;\"> esse encontro de muito al\u00e9m de V\u00eanus e Marte em Aqu\u00e1rio traz para voc\u00ea muito poder pessoal,\u00a0<\/span><\/li>\n<li style=\"font-weight: 400;\" aria-level=\"1\"><b>Sagit\u00e1rio:<\/b><span style=\"font-weight: 400;\">\u00a0 ser\u00e1 um momento para repensar os excessos,\u00a0<\/span><\/li>\n<li style=\"font-weight: 400;\" aria-level=\"1\"><b>Capric\u00f3rnio:<\/b><span style=\"font-weight: 400;\"> esse \u00e9 o momento para voc\u00ea realizar suas metas,\u00a0<\/span><\/li>\n<li style=\"font-weight: 400;\" aria-level=\"1\"><b>Aqu\u00e1rio:\u00a0 <\/b>\u00c9 o momento que <span style=\"font-weight: 400;\">suas ideias podem tomar forma\u00a0<\/span><\/li>\n<li style=\"font-weight: 400;\" aria-level=\"1\"><b>Peixes<\/b><span style=\"font-weight: 400;\">: Decerto, \u00e9 o momento de concretizar seus sonhos.<\/span><\/li>\n<\/ul>\n<p><span style=\"font-weight: 400;\">E em resumo, a conjun\u00e7\u00e3o em Aqu\u00e1rio vai muito al\u00e9m de V\u00eanus e Marte, guiando-nos a explorar as oportunidades que surgir\u00e3o e a entender como podemos direcionar essas energias para alcan\u00e7ar nossos objetivos.<\/span><\/p>\n<p><span style=\"font-weight: 400;\">Portanto, esteja preparada para uma jornada de <\/span><a href=\"https:\/\/www.iquilibrio.com\/blog\/astrologia\/o-autoconhecimento-por-meio-das-estrelas-pela-consultora-ana-lucia\/\"><span style=\"font-weight: 400;\">autoconhecimento<\/span><\/a><span style=\"font-weight: 400;\"> e crescimento em 22 de fevereiro.<\/span><\/p>\n<hr \/>\n<p><span style=\"font-weight: 400;\"><img loading=\"lazy\" decoding=\"async\" class=\" wp-image-40248 alignleft\" src=\"https:\/\/www.iquilibrio.com\/blog\/wp-content\/uploads\/2024\/02\/ana-lucia-astrocaminho.jpg\" alt=\"\" width=\"411\" height=\"257\" srcset=\"https:\/\/www.iquilibrio.com\/blog\/wp-content\/uploads\/2024\/02\/ana-lucia-astrocaminho.jpg 800w, https:\/\/www.iquilibrio.com\/blog\/wp-content\/uploads\/2024\/02\/ana-lucia-astrocaminho-300x188.jpg 300w, https:\/\/www.iquilibrio.com\/blog\/wp-content\/uploads\/2024\/02\/ana-lucia-astrocaminho-768x480.jpg 768w, https:\/\/www.iquilibrio.com\/blog\/wp-content\/uploads\/2024\/02\/ana-lucia-astrocaminho-696x435.jpg 696w, https:\/\/www.iquilibrio.com\/blog\/wp-content\/uploads\/2024\/02\/ana-lucia-astrocaminho-672x420.jpg 672w\" sizes=\"auto, (max-width: 411px) 100vw, 411px\" \/><\/span><\/p>\n<p><span style=\"font-weight: 400;\">Sou Ana L\u00facia, ajudo pessoas na ilumina\u00e7\u00e3o de seus caminhos com a ajuda da energia dos astros. Seja qual for a sua inseguran\u00e7a, no amor, carreira, fam\u00edlia, autoconhecimento, dinheiro, quest\u00f5es judiciais e sa\u00fade.<\/span><\/p>\n\n\n<div class=\"kk-star-ratings kksr-auto kksr-align-left kksr-valign-bottom\"\n    data-payload='{&quot;align&quot;:&quot;left&quot;,&quot;id&quot;:&quot;40247&quot;,&quot;slug&quot;:&quot;default&quot;,&quot;valign&quot;:&quot;bottom&quot;,&quot;ignore&quot;:&quot;&quot;,&quot;reference&quot;:&quot;auto&quot;,&quot;class&quot;:&quot;&quot;,&quot;count&quot;:&quot;0&quot;,&quot;legendonly&quot;:&quot;&quot;,&quot;readonly&quot;:&quot;&quot;,&quot;score&quot;:&quot;0&quot;,&quot;starsonly&quot;:&quot;&quot;,&quot;best&quot;:&quot;5&quot;,&quot;gap&quot;:&quot;5&quot;,&quot;greet&quot;:&quot;Rate this post&quot;,&quot;legend&quot;:&quot;0\\\/5 - (0 voto)&quot;,&quot;size&quot;:&quot;24&quot;,&quot;title&quot;:&quot;A conjun\u00e7\u00e3o em Aqu\u00e1rio: Muito Al\u00e9m de V\u00eanus e Marte descubra o Impacto na Sua Vida - Por Ana L\u00facia&quot;,&quot;width&quot;:&quot;0&quot;,&quot;_legend&quot;:&quot;{score}\\\/{best} - ({count} {votes})&quot;,&quot;font_factor&quot;:&quot;1.25&quot;}'>\n            \n<div class=\"kksr-stars\">\n    \n<div class=\"kksr-stars-inactive\">\n            <div class=\"kksr-star\" data-star=\"1\" style=\"padding-right: 5px\">\n            \n\n<div class=\"kksr-icon\" style=\"width: 24px; height: 24px;\"><\/div>\n        <\/div>\n            <div class=\"kksr-star\" data-star=\"2\" style=\"padding-right: 5px\">\n            \n\n<div class=\"kksr-icon\" style=\"width: 24px; height: 24px;\"><\/div>\n        <\/div>\n            <div class=\"kksr-star\" data-star=\"3\" style=\"padding-right: 5px\">\n            \n\n<div class=\"kksr-icon\" style=\"width: 24px; height: 24px;\"><\/div>\n        <\/div>\n            <div class=\"kksr-star\" data-star=\"4\" style=\"padding-right: 5px\">\n            \n\n<div class=\"kksr-icon\" style=\"width: 24px; height: 24px;\"><\/div>\n        <\/div>\n            <div class=\"kksr-star\" data-star=\"5\" style=\"padding-right: 5px\">\n            \n\n<div class=\"kksr-icon\" style=\"width: 24px; height: 24px;\"><\/div>\n        <\/div>\n    <\/div>\n    \n<div class=\"kksr-stars-active\" style=\"width: 0px;\">\n            <div class=\"kksr-star\" style=\"padding-right: 5px\">\n            \n\n<div class=\"kksr-icon\" style=\"width: 24px; height: 24px;\"><\/div>\n        <\/div>\n            <div class=\"kksr-star\" style=\"padding-right: 5px\">\n            \n\n<div class=\"kksr-icon\" style=\"width: 24px; height: 24px;\"><\/div>\n        <\/div>\n            <div class=\"kksr-star\" style=\"padding-right: 5px\">\n            \n\n<div class=\"kksr-icon\" style=\"width: 24px; height: 24px;\"><\/div>\n        <\/div>\n            <div class=\"kksr-star\" style=\"padding-right: 5px\">\n            \n\n<div class=\"kksr-icon\" style=\"width: 24px; height: 24px;\"><\/div>\n        <\/div>\n            <div class=\"kksr-star\" style=\"padding-right: 5px\">\n            \n\n<div class=\"kksr-icon\" style=\"width: 24px; height: 24px;\"><\/div>\n        <\/div>\n    <\/div>\n<\/div>\n                \n\n<div class=\"kksr-legend\" style=\"font-size: 19.2px;\">\n            <span class=\"kksr-muted\">Rate this post<\/span>\n    <\/div>\n    <\/div>\n","protected":false},"excerpt":{"rendered":"<p>Na conjun\u00e7\u00e3o em aqu\u00e1rio V\u00eanus e Marte est\u00e3o abra\u00e7ados no c\u00e9u, indo assim mais al\u00e9m de V\u00eanus e Marte, mais al\u00e9m ainda do que um aspecto astrol\u00f3gico, \u00e9 o ind\u00edcio para conquistarmos o que amamos. Desse modo, Marte o impulso e V\u00eanus o prazer, \u00e9 tamb\u00e9m uma energia ressonante dispon\u00edvel para todos n\u00f3s.\u00a0 Assim, sabemos [&hellip;]<\/p>\n","protected":false},"author":161,"featured_media":40249,"comment_status":"closed","ping_status":"closed","sticky":false,"template":"","format":"standard","meta":{"footnotes":""},"categories":[517],"tags":[2943],"class_list":["post-40247","post","type-post","status-publish","format-standard","has-post-thumbnail","hentry","category-astrologia","tag-astrologia"],"yoast_head":"<!-- This site is optimized with the Yoast SEO plugin v27.4 - https:\/\/yoast.com\/product\/yoast-seo-wordpress\/ -->\n<title>Muito al\u00e9m de V\u00eanus e Marte: Impacto da conjun\u00e7\u00e3o em aqu\u00e1rio<\/title>\n<meta name=\"description\" content=\"Descubra o impacto al\u00e9m de V\u00eanus e Marte na conjun\u00e7\u00e3o em Aqu\u00e1rio. Prepare-se para uma jornada de autoconhecimento em 22 de fevereiro!\" \/>\n<meta name=\"robots\" content=\"index, follow, max-snippet:-1, max-image-preview:large, max-video-preview:-1\" \/>\n<link rel=\"canonical\" href=\"https:\/\/www.iquilibrio.com\/blog\/astrologia\/muito-alem-de-venus-e-marte\/\" \/>\n<meta property=\"og:locale\" content=\"pt_BR\" \/>\n<meta property=\"og:type\" content=\"article\" \/>\n<meta property=\"og:title\" content=\"Muito al\u00e9m de V\u00eanus e Marte: Impacto da conjun\u00e7\u00e3o em aqu\u00e1rio\" \/>\n<meta property=\"og:description\" content=\"Descubra o impacto al\u00e9m de V\u00eanus e Marte na conjun\u00e7\u00e3o em Aqu\u00e1rio. Prepare-se para uma jornada de autoconhecimento em 22 de fevereiro!\" \/>\n<meta property=\"og:url\" content=\"https:\/\/www.iquilibrio.com\/blog\/astrologia\/muito-alem-de-venus-e-marte\/\" \/>\n<meta property=\"og:site_name\" content=\"iQuilibrio\" \/>\n<meta property=\"article:publisher\" content=\"https:\/\/www.facebook.com\/iQuilibrio\/\" \/>\n<meta property=\"article:published_time\" content=\"2024-02-15T10:00:22+00:00\" \/>\n<meta property=\"og:image\" content=\"https:\/\/www.iquilibrio.com\/blog\/wp-content\/uploads\/2024\/02\/Muito-alem-de-Venus-e-Marte.jpg\" \/>\n\t<meta property=\"og:image:width\" content=\"900\" \/>\n\t<meta property=\"og:image:height\" content=\"560\" \/>\n\t<meta property=\"og:image:type\" content=\"image\/jpeg\" \/>\n<meta name=\"author\" content=\"Caroline Rodrigues\" \/>\n<meta name=\"twitter:card\" content=\"summary_large_image\" \/>\n<meta name=\"twitter:creator\" content=\"@iquilibrio\" \/>\n<meta name=\"twitter:site\" content=\"@iquilibrio\" \/>\n<meta name=\"twitter:label1\" content=\"Escrito por\" \/>\n\t<meta name=\"twitter:data1\" content=\"Caroline Rodrigues\" \/>\n\t<meta name=\"twitter:label2\" content=\"Est. tempo de leitura\" \/>\n\t<meta name=\"twitter:data2\" content=\"7 minutos\" \/>\n<script type=\"application\/ld+json\" class=\"yoast-schema-graph\">{\"@context\":\"https:\\\/\\\/schema.org\",\"@graph\":[{\"@type\":\"Article\",\"@id\":\"https:\\\/\\\/www.iquilibrio.com\\\/blog\\\/astrologia\\\/muito-alem-de-venus-e-marte\\\/#article\",\"isPartOf\":{\"@id\":\"https:\\\/\\\/www.iquilibrio.com\\\/blog\\\/astrologia\\\/muito-alem-de-venus-e-marte\\\/\"},\"author\":{\"name\":\"Caroline Rodrigues\",\"@id\":\"https:\\\/\\\/www.iquilibrio.com\\\/blog\\\/#\\\/schema\\\/person\\\/d2a838a4b9311bdef1bd3fe2cdab523b\"},\"headline\":\"A conjun\u00e7\u00e3o em Aqu\u00e1rio: Muito Al\u00e9m de V\u00eanus e Marte descubra o Impacto na Sua Vida &#8211; Por Ana L\u00facia\",\"datePublished\":\"2024-02-15T10:00:22+00:00\",\"mainEntityOfPage\":{\"@id\":\"https:\\\/\\\/www.iquilibrio.com\\\/blog\\\/astrologia\\\/muito-alem-de-venus-e-marte\\\/\"},\"wordCount\":1278,\"publisher\":{\"@id\":\"https:\\\/\\\/www.iquilibrio.com\\\/blog\\\/#organization\"},\"image\":{\"@id\":\"https:\\\/\\\/www.iquilibrio.com\\\/blog\\\/astrologia\\\/muito-alem-de-venus-e-marte\\\/#primaryimage\"},\"thumbnailUrl\":\"https:\\\/\\\/www.iquilibrio.com\\\/blog\\\/wp-content\\\/uploads\\\/2024\\\/02\\\/Muito-alem-de-Venus-e-Marte.jpg\",\"keywords\":[\"astrologia\"],\"articleSection\":[\"Astrologia\"],\"inLanguage\":\"pt-BR\"},{\"@type\":\"WebPage\",\"@id\":\"https:\\\/\\\/www.iquilibrio.com\\\/blog\\\/astrologia\\\/muito-alem-de-venus-e-marte\\\/\",\"url\":\"https:\\\/\\\/www.iquilibrio.com\\\/blog\\\/astrologia\\\/muito-alem-de-venus-e-marte\\\/\",\"name\":\"Muito al\u00e9m de V\u00eanus e Marte: Impacto da conjun\u00e7\u00e3o em aqu\u00e1rio\",\"isPartOf\":{\"@id\":\"https:\\\/\\\/www.iquilibrio.com\\\/blog\\\/#website\"},\"primaryImageOfPage\":{\"@id\":\"https:\\\/\\\/www.iquilibrio.com\\\/blog\\\/astrologia\\\/muito-alem-de-venus-e-marte\\\/#primaryimage\"},\"image\":{\"@id\":\"https:\\\/\\\/www.iquilibrio.com\\\/blog\\\/astrologia\\\/muito-alem-de-venus-e-marte\\\/#primaryimage\"},\"thumbnailUrl\":\"https:\\\/\\\/www.iquilibrio.com\\\/blog\\\/wp-content\\\/uploads\\\/2024\\\/02\\\/Muito-alem-de-Venus-e-Marte.jpg\",\"datePublished\":\"2024-02-15T10:00:22+00:00\",\"description\":\"Descubra o impacto al\u00e9m de V\u00eanus e Marte na conjun\u00e7\u00e3o em Aqu\u00e1rio. Prepare-se para uma jornada de autoconhecimento em 22 de fevereiro!\",\"breadcrumb\":{\"@id\":\"https:\\\/\\\/www.iquilibrio.com\\\/blog\\\/astrologia\\\/muito-alem-de-venus-e-marte\\\/#breadcrumb\"},\"inLanguage\":\"pt-BR\",\"potentialAction\":[{\"@type\":\"ReadAction\",\"target\":[\"https:\\\/\\\/www.iquilibrio.com\\\/blog\\\/astrologia\\\/muito-alem-de-venus-e-marte\\\/\"]}]},{\"@type\":\"ImageObject\",\"inLanguage\":\"pt-BR\",\"@id\":\"https:\\\/\\\/www.iquilibrio.com\\\/blog\\\/astrologia\\\/muito-alem-de-venus-e-marte\\\/#primaryimage\",\"url\":\"https:\\\/\\\/www.iquilibrio.com\\\/blog\\\/wp-content\\\/uploads\\\/2024\\\/02\\\/Muito-alem-de-Venus-e-Marte.jpg\",\"contentUrl\":\"https:\\\/\\\/www.iquilibrio.com\\\/blog\\\/wp-content\\\/uploads\\\/2024\\\/02\\\/Muito-alem-de-Venus-e-Marte.jpg\",\"width\":900,\"height\":560,\"caption\":\"Muito al\u00e9m de V\u00eanus e Marte\"},{\"@type\":\"BreadcrumbList\",\"@id\":\"https:\\\/\\\/www.iquilibrio.com\\\/blog\\\/astrologia\\\/muito-alem-de-venus-e-marte\\\/#breadcrumb\",\"itemListElement\":[{\"@type\":\"ListItem\",\"position\":1,\"name\":\"In\u00edcio\",\"item\":\"https:\\\/\\\/www.iquilibrio.com\\\/blog\\\/\"},{\"@type\":\"ListItem\",\"position\":2,\"name\":\"A conjun\u00e7\u00e3o em Aqu\u00e1rio: Muito Al\u00e9m de V\u00eanus e Marte descubra o Impacto na Sua Vida &#8211; Por Ana L\u00facia\"}]},{\"@type\":\"WebSite\",\"@id\":\"https:\\\/\\\/www.iquilibrio.com\\\/blog\\\/#website\",\"url\":\"https:\\\/\\\/www.iquilibrio.com\\\/blog\\\/\",\"name\":\"iQuilibrio\",\"description\":\"Blog iQuilibrio\",\"publisher\":{\"@id\":\"https:\\\/\\\/www.iquilibrio.com\\\/blog\\\/#organization\"},\"potentialAction\":[{\"@type\":\"SearchAction\",\"target\":{\"@type\":\"EntryPoint\",\"urlTemplate\":\"https:\\\/\\\/www.iquilibrio.com\\\/blog\\\/?s={search_term_string}\"},\"query-input\":{\"@type\":\"PropertyValueSpecification\",\"valueRequired\":true,\"valueName\":\"search_term_string\"}}],\"inLanguage\":\"pt-BR\"},{\"@type\":\"Organization\",\"@id\":\"https:\\\/\\\/www.iquilibrio.com\\\/blog\\\/#organization\",\"name\":\"Esoterismo, Misticismo e Tarot Online - iQuilibrio\",\"url\":\"https:\\\/\\\/www.iquilibrio.com\\\/blog\\\/\",\"logo\":{\"@type\":\"ImageObject\",\"inLanguage\":\"pt-BR\",\"@id\":\"https:\\\/\\\/www.iquilibrio.com\\\/blog\\\/#\\\/schema\\\/logo\\\/image\\\/\",\"url\":\"https:\\\/\\\/www.iquilibrio.com\\\/blog\\\/wp-content\\\/uploads\\\/2018\\\/12\\\/iquilibrio_lovo_vetor_preto-retina.png\",\"contentUrl\":\"https:\\\/\\\/www.iquilibrio.com\\\/blog\\\/wp-content\\\/uploads\\\/2018\\\/12\\\/iquilibrio_lovo_vetor_preto-retina.png\",\"width\":972,\"height\":180,\"caption\":\"Esoterismo, Misticismo e Tarot Online - iQuilibrio\"},\"image\":{\"@id\":\"https:\\\/\\\/www.iquilibrio.com\\\/blog\\\/#\\\/schema\\\/logo\\\/image\\\/\"},\"sameAs\":[\"https:\\\/\\\/www.facebook.com\\\/iQuilibrio\\\/\",\"https:\\\/\\\/x.com\\\/iquilibrio\",\"https:\\\/\\\/www.instagram.com\\\/iquilibrio\\\/\",\"https:\\\/\\\/www.linkedin.com\\\/company\\\/iquilibrio\\\/\",\"https:\\\/\\\/br.pinterest.com\\\/iquilibrio1397\\\/\",\"https:\\\/\\\/www.youtube.com\\\/channel\\\/UC175qxd-4Zsi4wzawT5zF2g\"]},{\"@type\":\"Person\",\"@id\":\"https:\\\/\\\/www.iquilibrio.com\\\/blog\\\/#\\\/schema\\\/person\\\/d2a838a4b9311bdef1bd3fe2cdab523b\",\"name\":\"Caroline Rodrigues\",\"image\":{\"@type\":\"ImageObject\",\"inLanguage\":\"pt-BR\",\"@id\":\"https:\\\/\\\/www.iquilibrio.com\\\/blog\\\/wp-content\\\/uploads\\\/2023\\\/07\\\/Imagem-do-WhatsApp-de-2023-07-12-as-15.51.46-150x150.jpg\",\"url\":\"https:\\\/\\\/www.iquilibrio.com\\\/blog\\\/wp-content\\\/uploads\\\/2023\\\/07\\\/Imagem-do-WhatsApp-de-2023-07-12-as-15.51.46-150x150.jpg\",\"contentUrl\":\"https:\\\/\\\/www.iquilibrio.com\\\/blog\\\/wp-content\\\/uploads\\\/2023\\\/07\\\/Imagem-do-WhatsApp-de-2023-07-12-as-15.51.46-150x150.jpg\",\"caption\":\"Caroline Rodrigues\"},\"description\":\"Leitora de fantasias e curiosa por aprender sobre si mesma e o mundo ao seu redor! \u00c9 ariana e por isso n\u00e3o nega a vontade de fazer v\u00e1rias coisas de uma s\u00f3 vez, apaixonada por tudo que a faz se questionar sobre as suas pr\u00f3prias certezas, seja em filmes, s\u00e9ries ou livros! Gosta de praticar medita\u00e7\u00e3o e limpezas espirituais para equilibrar as energias em casa e ler sobre o universo e seus segredos\u00a0tamb\u00e9m! Encara escrever como uma forma de se expressar e falar o que sente, visto que \u00e9 uma pessoa muito sens\u00edvel\u00a0e\u00a0emotiva!\",\"url\":\"https:\\\/\\\/www.iquilibrio.com\\\/blog\\\/author\\\/caroline-rodrigues\\\/\"}]}<\/script>\n<!-- \/ Yoast SEO plugin. -->","yoast_head_json":{"title":"Muito al\u00e9m de V\u00eanus e Marte: Impacto da conjun\u00e7\u00e3o em aqu\u00e1rio","description":"Descubra o impacto al\u00e9m de V\u00eanus e Marte na conjun\u00e7\u00e3o em Aqu\u00e1rio. Prepare-se para uma jornada de autoconhecimento em 22 de fevereiro!","robots":{"index":"index","follow":"follow","max-snippet":"max-snippet:-1","max-image-preview":"max-image-preview:large","max-video-preview":"max-video-preview:-1"},"canonical":"https:\/\/www.iquilibrio.com\/blog\/astrologia\/muito-alem-de-venus-e-marte\/","og_locale":"pt_BR","og_type":"article","og_title":"Muito al\u00e9m de V\u00eanus e Marte: Impacto da conjun\u00e7\u00e3o em aqu\u00e1rio","og_description":"Descubra o impacto al\u00e9m de V\u00eanus e Marte na conjun\u00e7\u00e3o em Aqu\u00e1rio. Prepare-se para uma jornada de autoconhecimento em 22 de fevereiro!","og_url":"https:\/\/www.iquilibrio.com\/blog\/astrologia\/muito-alem-de-venus-e-marte\/","og_site_name":"iQuilibrio","article_publisher":"https:\/\/www.facebook.com\/iQuilibrio\/","article_published_time":"2024-02-15T10:00:22+00:00","og_image":[{"width":900,"height":560,"url":"https:\/\/www.iquilibrio.com\/blog\/wp-content\/uploads\/2024\/02\/Muito-alem-de-Venus-e-Marte.jpg","type":"image\/jpeg"}],"author":"Caroline Rodrigues","twitter_card":"summary_large_image","twitter_creator":"@iquilibrio","twitter_site":"@iquilibrio","twitter_misc":{"Escrito por":"Caroline Rodrigues","Est. tempo de leitura":"7 minutos"},"schema":{"@context":"https:\/\/schema.org","@graph":[{"@type":"Article","@id":"https:\/\/www.iquilibrio.com\/blog\/astrologia\/muito-alem-de-venus-e-marte\/#article","isPartOf":{"@id":"https:\/\/www.iquilibrio.com\/blog\/astrologia\/muito-alem-de-venus-e-marte\/"},"author":{"name":"Caroline Rodrigues","@id":"https:\/\/www.iquilibrio.com\/blog\/#\/schema\/person\/d2a838a4b9311bdef1bd3fe2cdab523b"},"headline":"A conjun\u00e7\u00e3o em Aqu\u00e1rio: Muito Al\u00e9m de V\u00eanus e Marte descubra o Impacto na Sua Vida &#8211; Por Ana L\u00facia","datePublished":"2024-02-15T10:00:22+00:00","mainEntityOfPage":{"@id":"https:\/\/www.iquilibrio.com\/blog\/astrologia\/muito-alem-de-venus-e-marte\/"},"wordCount":1278,"publisher":{"@id":"https:\/\/www.iquilibrio.com\/blog\/#organization"},"image":{"@id":"https:\/\/www.iquilibrio.com\/blog\/astrologia\/muito-alem-de-venus-e-marte\/#primaryimage"},"thumbnailUrl":"https:\/\/www.iquilibrio.com\/blog\/wp-content\/uploads\/2024\/02\/Muito-alem-de-Venus-e-Marte.jpg","keywords":["astrologia"],"articleSection":["Astrologia"],"inLanguage":"pt-BR"},{"@type":"WebPage","@id":"https:\/\/www.iquilibrio.com\/blog\/astrologia\/muito-alem-de-venus-e-marte\/","url":"https:\/\/www.iquilibrio.com\/blog\/astrologia\/muito-alem-de-venus-e-marte\/","name":"Muito al\u00e9m de V\u00eanus e Marte: Impacto da conjun\u00e7\u00e3o em aqu\u00e1rio","isPartOf":{"@id":"https:\/\/www.iquilibrio.com\/blog\/#website"},"primaryImageOfPage":{"@id":"https:\/\/www.iquilibrio.com\/blog\/astrologia\/muito-alem-de-venus-e-marte\/#primaryimage"},"image":{"@id":"https:\/\/www.iquilibrio.com\/blog\/astrologia\/muito-alem-de-venus-e-marte\/#primaryimage"},"thumbnailUrl":"https:\/\/www.iquilibrio.com\/blog\/wp-content\/uploads\/2024\/02\/Muito-alem-de-Venus-e-Marte.jpg","datePublished":"2024-02-15T10:00:22+00:00","description":"Descubra o impacto al\u00e9m de V\u00eanus e Marte na conjun\u00e7\u00e3o em Aqu\u00e1rio. Prepare-se para uma jornada de autoconhecimento em 22 de fevereiro!","breadcrumb":{"@id":"https:\/\/www.iquilibrio.com\/blog\/astrologia\/muito-alem-de-venus-e-marte\/#breadcrumb"},"inLanguage":"pt-BR","potentialAction":[{"@type":"ReadAction","target":["https:\/\/www.iquilibrio.com\/blog\/astrologia\/muito-alem-de-venus-e-marte\/"]}]},{"@type":"ImageObject","inLanguage":"pt-BR","@id":"https:\/\/www.iquilibrio.com\/blog\/astrologia\/muito-alem-de-venus-e-marte\/#primaryimage","url":"https:\/\/www.iquilibrio.com\/blog\/wp-content\/uploads\/2024\/02\/Muito-alem-de-Venus-e-Marte.jpg","contentUrl":"https:\/\/www.iquilibrio.com\/blog\/wp-content\/uploads\/2024\/02\/Muito-alem-de-Venus-e-Marte.jpg","width":900,"height":560,"caption":"Muito al\u00e9m de V\u00eanus e Marte"},{"@type":"BreadcrumbList","@id":"https:\/\/www.iquilibrio.com\/blog\/astrologia\/muito-alem-de-venus-e-marte\/#breadcrumb","itemListElement":[{"@type":"ListItem","position":1,"name":"In\u00edcio","item":"https:\/\/www.iquilibrio.com\/blog\/"},{"@type":"ListItem","position":2,"name":"A conjun\u00e7\u00e3o em Aqu\u00e1rio: Muito Al\u00e9m de V\u00eanus e Marte descubra o Impacto na Sua Vida &#8211; Por Ana L\u00facia"}]},{"@type":"WebSite","@id":"https:\/\/www.iquilibrio.com\/blog\/#website","url":"https:\/\/www.iquilibrio.com\/blog\/","name":"iQuilibrio","description":"Blog iQuilibrio","publisher":{"@id":"https:\/\/www.iquilibrio.com\/blog\/#organization"},"potentialAction":[{"@type":"SearchAction","target":{"@type":"EntryPoint","urlTemplate":"https:\/\/www.iquilibrio.com\/blog\/?s={search_term_string}"},"query-input":{"@type":"PropertyValueSpecification","valueRequired":true,"valueName":"search_term_string"}}],"inLanguage":"pt-BR"},{"@type":"Organization","@id":"https:\/\/www.iquilibrio.com\/blog\/#organization","name":"Esoterismo, Misticismo e Tarot Online - iQuilibrio","url":"https:\/\/www.iquilibrio.com\/blog\/","logo":{"@type":"ImageObject","inLanguage":"pt-BR","@id":"https:\/\/www.iquilibrio.com\/blog\/#\/schema\/logo\/image\/","url":"https:\/\/www.iquilibrio.com\/blog\/wp-content\/uploads\/2018\/12\/iquilibrio_lovo_vetor_preto-retina.png","contentUrl":"https:\/\/www.iquilibrio.com\/blog\/wp-content\/uploads\/2018\/12\/iquilibrio_lovo_vetor_preto-retina.png","width":972,"height":180,"caption":"Esoterismo, Misticismo e Tarot Online - iQuilibrio"},"image":{"@id":"https:\/\/www.iquilibrio.com\/blog\/#\/schema\/logo\/image\/"},"sameAs":["https:\/\/www.facebook.com\/iQuilibrio\/","https:\/\/x.com\/iquilibrio","https:\/\/www.instagram.com\/iquilibrio\/","https:\/\/www.linkedin.com\/company\/iquilibrio\/","https:\/\/br.pinterest.com\/iquilibrio1397\/","https:\/\/www.youtube.com\/channel\/UC175qxd-4Zsi4wzawT5zF2g"]},{"@type":"Person","@id":"https:\/\/www.iquilibrio.com\/blog\/#\/schema\/person\/d2a838a4b9311bdef1bd3fe2cdab523b","name":"Caroline Rodrigues","image":{"@type":"ImageObject","inLanguage":"pt-BR","@id":"https:\/\/www.iquilibrio.com\/blog\/wp-content\/uploads\/2023\/07\/Imagem-do-WhatsApp-de-2023-07-12-as-15.51.46-150x150.jpg","url":"https:\/\/www.iquilibrio.com\/blog\/wp-content\/uploads\/2023\/07\/Imagem-do-WhatsApp-de-2023-07-12-as-15.51.46-150x150.jpg","contentUrl":"https:\/\/www.iquilibrio.com\/blog\/wp-content\/uploads\/2023\/07\/Imagem-do-WhatsApp-de-2023-07-12-as-15.51.46-150x150.jpg","caption":"Caroline Rodrigues"},"description":"Leitora de fantasias e curiosa por aprender sobre si mesma e o mundo ao seu redor! \u00c9 ariana e por isso n\u00e3o nega a vontade de fazer v\u00e1rias coisas de uma s\u00f3 vez, apaixonada por tudo que a faz se questionar sobre as suas pr\u00f3prias certezas, seja em filmes, s\u00e9ries ou livros! Gosta de praticar medita\u00e7\u00e3o e limpezas espirituais para equilibrar as energias em casa e ler sobre o universo e seus segredos\u00a0tamb\u00e9m! Encara escrever como uma forma de se expressar e falar o que sente, visto que \u00e9 uma pessoa muito sens\u00edvel\u00a0e\u00a0emotiva!","url":"https:\/\/www.iquilibrio.com\/blog\/author\/caroline-rodrigues\/"}]}},"_links":{"self":[{"href":"https:\/\/www.iquilibrio.com\/blog\/wp-json\/wp\/v2\/posts\/40247","targetHints":{"allow":["GET"]}}],"collection":[{"href":"https:\/\/www.iquilibrio.com\/blog\/wp-json\/wp\/v2\/posts"}],"about":[{"href":"https:\/\/www.iquilibrio.com\/blog\/wp-json\/wp\/v2\/types\/post"}],"author":[{"embeddable":true,"href":"https:\/\/www.iquilibrio.com\/blog\/wp-json\/wp\/v2\/users\/161"}],"replies":[{"embeddable":true,"href":"https:\/\/www.iquilibrio.com\/blog\/wp-json\/wp\/v2\/comments?post=40247"}],"version-history":[{"count":3,"href":"https:\/\/www.iquilibrio.com\/blog\/wp-json\/wp\/v2\/posts\/40247\/revisions"}],"predecessor-version":[{"id":40254,"href":"https:\/\/www.iquilibrio.com\/blog\/wp-json\/wp\/v2\/posts\/40247\/revisions\/40254"}],"wp:featuredmedia":[{"embeddable":true,"href":"https:\/\/www.iquilibrio.com\/blog\/wp-json\/wp\/v2\/media\/40249"}],"wp:attachment":[{"href":"https:\/\/www.iquilibrio.com\/blog\/wp-json\/wp\/v2\/media?parent=40247"}],"wp:term":[{"taxonomy":"category","embeddable":true,"href":"https:\/\/www.iquilibrio.com\/blog\/wp-json\/wp\/v2\/categories?post=40247"},{"taxonomy":"post_tag","embeddable":true,"href":"https:\/\/www.iquilibrio.com\/blog\/wp-json\/wp\/v2\/tags?post=40247"}],"curies":[{"name":"wp","href":"https:\/\/api.w.org\/{rel}","templated":true}]}}