{"id":40195,"date":"2024-02-15T07:19:19","date_gmt":"2024-02-15T10:19:19","guid":{"rendered":"https:\/\/www.iquilibrio.com\/blog\/?p=40195"},"modified":"2024-02-05T10:26:11","modified_gmt":"2024-02-05T13:26:11","slug":"ciclo-lunar-da-semana-16-a-23-02-por-emylian-kali","status":"publish","type":"post","link":"https:\/\/www.iquilibrio.com\/blog\/ciclo-lunar-semanal\/ciclo-lunar-da-semana-16-a-23-02-por-emylian-kali\/","title":{"rendered":"Ciclo Lunar da semana! &#8211; 16 a 23\/02 Por Emylian Kali"},"content":{"rendered":"<p><span style=\"font-weight: 400;\">Querido(a) amigo(a) Lunar, vamos embarcar juntos pelas energias cintilantes dos ciclos , onde cada fase \u00e9 uma for\u00e7a c\u00f3smica que transforma nossos caminhos e traz viv\u00eancias \u00fanicas para nossa jornada pessoal. Vamos te guiar e te ajudar a fazer dessa experi\u00eancia, um momento de magia essencial para moldar sua vida. Vamos explorar de forma \u00fanica como esses ciclos podem ser fontes de inspira\u00e7\u00e3o e renova\u00e7\u00e3o em nosso caminho.<\/span><\/p>\n<h3><b>Lua Crescente&#x1f319;&#x2649; 16\/02 em Touro: Semear as Sementes do Progresso<\/b><\/h3>\n<p><span style=\"font-weight: 400;\">Sob a Lua Crescente em Touro, em 16 de fevereiro, convido voc\u00ea a semear as sementes do progresso em sua vida. Este \u00e9 o momento prop\u00edcio para iniciar novos projetos e ver as possibilidades florescerem.<\/span><\/p>\n<p><b><i>Benef\u00edcios no Dia a Dia:<\/i><\/b> <span style=\"font-weight: 400;\">Cultive a paci\u00eancia e a determina\u00e7\u00e3o enquanto v\u00ea seus esfor\u00e7os crescerem gradativamente.<\/span><\/p>\n<p><b><i>Dica do Emyllian:<\/i><\/b> <span style=\"font-weight: 400;\">Incenso de jasmim para atrair a energia de Touro, promovendo estabilidade e crescimento.<\/span><\/p>\n<p><b><i>Cristal:<\/i><\/b> <span style=\"font-weight: 400;\">Quartzo Verde para amplificar a energia vital e a prosperidade.<\/span><\/p>\n<p><b><i>Mantra:<\/i><\/b> <span style=\"font-weight: 400;\">&#8220;Minha jornada \u00e9 um jardim de oportunidades fluorescentes.&#8221;<\/span><\/p>\n<p style=\"text-align: center;\"><a href=\"https:\/\/www.iquilibrio.com\/astrologia\/?utm_campaign=blog_conversao&amp;utm_medium=texto_cta&amp;utm_source=blog&amp;utm_content=2024_cat_astrologia_art_astrologia\"><span class=\"td_btn td_btn_md td_round_btn\" style=\"background-color: #993366; color: #ffffff;\">Fa\u00e7a o seu mapa astral com a iQuilibrio!<\/span><\/a><\/p>\n<hr \/>\n<h3><b>Lua em G\u00eameos &#x1f318;&#x264a; 17\/02 a 18\/02: Explorando a Comunica\u00e7\u00e3o Clara<\/b><\/h3>\n<p><span style=\"font-weight: 400;\">Com a Lua transitando por G\u00eameos entre os dias 17 e 18 de fevereiro, a energia favorece a comunica\u00e7\u00e3o clara e a busca por conhecimento. Explore novas formas de se expressar e abra-se para novas ideias.<\/span><\/p>\n<p><b><i>Benef\u00edcios no Dia a Dia:<\/i><\/b> <span style=\"font-weight: 400;\">Melhore a comunica\u00e7\u00e3o consigo mesmo(a) e com os outros, abrindo portas para conex\u00f5es significativas.<\/span><\/p>\n<p><b><i>Dica do Emyllian:<\/i><\/b> <span style=\"font-weight: 400;\">Incenso de laranja para estimular a mente e promover clareza nas ideias.<\/span><\/p>\n<p><b><i>Cristal:<\/i><\/b> <span style=\"font-weight: 400;\">\u00c1gata Azul para equilibrar a comunica\u00e7\u00e3o e promover a express\u00e3o sincera.<\/span><\/p>\n<p><b><i>Mantra:<\/i><\/b> <span style=\"font-weight: 400;\">&#8220;Minhas palavras s\u00e3o sementes de entendimento e conex\u00e3o.&#8221;<\/span><\/p>\n<hr \/>\n<h3><b>Lua em C\u00e2ncer &#x1f314;&#x264b; 19\/02 a 20\/02: Nutrindo a Ess\u00eancia Emocional<\/b><\/h3>\n<p><span style=\"font-weight: 400;\">Ao adentrarmos na influ\u00eancia de C\u00e2ncer entre os dias 19 e 20 de fevereiro, a Lua nos convida a nutrir nossa ess\u00eancia emocional. Dedique tempo para cuidar de si mesmo(a) e fortalecer la\u00e7os afetivos.<\/span><\/p>\n<p><b><i>Benef\u00edcios no Dia a Dia:<\/i><\/b> <span style=\"font-weight: 400;\">Promova a autoestima e a conex\u00e3o emocional, fortalecendo as ra\u00edzes do seu ser.<\/span><\/p>\n<p><b><i>Dica do Emyllian:<\/i><\/b> <span style=\"font-weight: 400;\">Incenso de camomila para acalmar as emo\u00e7\u00f5es e criar um ambiente acolhedor.<\/span><\/p>\n<p><b><i>Cristal:<\/i><\/b> <span style=\"font-weight: 400;\">Quartzo Rosa para amplificar o amor pr\u00f3prio e a compaix\u00e3o.<\/span><\/p>\n<p><b><i>Mantra:<\/i><\/b> <span style=\"font-weight: 400;\">&#8220;Em meu cora\u00e7\u00e3o, eu cultivo a for\u00e7a amorosa que nutre minha alma.&#8221;<\/span><\/p>\n<hr \/>\n<h3><b>Lua em Le\u00e3o &#x1f316;&#x264c; 21\/02 a 23\/02: Desperte a Realeza Interior<\/b><\/h3>\n<p><span style=\"font-weight: 400;\">Com a Lua em Le\u00e3o entre os dias 21 e 23 de fevereiro, \u00e9 hora de despertar sua realeza interior. Brilhe com confian\u00e7a, celebre suas conquistas e permita-se ser o protagonista da sua hist\u00f3ria.<\/span><\/p>\n<p><b><i>Benef\u00edcios no Dia a Dia:<\/i><\/b> <span style=\"font-weight: 400;\">Inspire confian\u00e7a e coragem, tornando-se a estrela principal na sua jornada di\u00e1ria.<\/span><\/p>\n<p><b><i>Dica do Emyllian:<\/i><\/b> <span style=\"font-weight: 400;\">Incenso de s\u00e2ndalo para elevar a autoestima e criar uma aura de nobreza.<\/span><\/p>\n<p><b><i>Cristal:<\/i><\/b> <span style=\"font-weight: 400;\">Olho de Tigre para promover a autoconfian\u00e7a e a for\u00e7a interior.<\/span><\/p>\n<p><b><i>Mantra:<\/i><\/b> <span style=\"font-weight: 400;\">&#8220;Sou a estrela brilhante da minha pr\u00f3pria hist\u00f3ria.&#8221;<\/span><\/p>\n<p><i><span style=\"font-weight: 400;\">Que cada fase lunar seja uma oportunidade de auto descoberta e crescimento pessoal, busque sintonizar com essas energias celestiais, permitindo que guiem sua jornada interior.<\/span><\/i><\/p>\n<p><i><span style=\"font-weight: 400;\">Com luz e inspira\u00e7\u00e3o,<\/span><\/i><\/p>\n<p><i><span style=\"font-weight: 400;\">Emyllian Kali<\/span><\/i><\/p>\n<p style=\"text-align: center;\"><a href=\"https:\/\/www.iquilibrio.com\/astrologia\/?utm_campaign=blog_conversao&amp;utm_medium=texto_cta&amp;utm_source=blog&amp;utm_content=2024_cat_astrologia_art_astrologia\"><span class=\"td_btn td_btn_md td_round_btn\" style=\"background-color: #993366; color: #ffffff;\">Veja o que os astros revelam sobre voc\u00ea!<\/span><\/a><\/p>\n<hr \/>\n<p><img loading=\"lazy\" decoding=\"async\" class=\"wp-image-40193 alignleft\" src=\"https:\/\/www.iquilibrio.com\/blog\/wp-content\/uploads\/2024\/02\/Emylian-Kali-Astrocentro.png\" alt=\"\" width=\"207\" height=\"209\" srcset=\"https:\/\/www.iquilibrio.com\/blog\/wp-content\/uploads\/2024\/02\/Emylian-Kali-Astrocentro.png 334w, https:\/\/www.iquilibrio.com\/blog\/wp-content\/uploads\/2024\/02\/Emylian-Kali-Astrocentro-296x300.png 296w, https:\/\/www.iquilibrio.com\/blog\/wp-content\/uploads\/2024\/02\/Emylian-Kali-Astrocentro-150x150.png 150w\" sizes=\"auto, (max-width: 207px) 100vw, 207px\" \/>Com mais de uma d\u00e9cada de experi\u00eancia, Emylian Kali se destaca por oferecer um atendimento diferenciado e profundamente pessoal aos seus clientes. Como oraculista profissional e bruxo, Emylian trabalha com diversas formas de energia e espiritualidade, fornecendo orienta\u00e7\u00e3o e aconselhamento em \u00e1reas como relacionamentos, carreira, finan\u00e7as, sa\u00fade e muito mais. A jornada espiritual de Emylian come\u00e7ou na inf\u00e2ncia, aos 5 anos de idade, quando teve seu primeiro contato visual com o mundo espiritual. Desde ent\u00e3o, ele vem aprimorando sua mediunidade e explorando v\u00e1rias \u00e1reas da espiritualidade Como intuitivo, Emylian possui uma sensibilidade agu\u00e7ada para captar as energias e vibra\u00e7\u00f5es dos or\u00e1culos, bem como interpretar suas mensagens. Ele utiliza sua mediunidade para ajudar as pessoas a encontrar respostas e solu\u00e7\u00f5es para seus desafios pessoais.<\/p>\n\n\n<div class=\"kk-star-ratings kksr-auto kksr-align-left kksr-valign-bottom\"\n    data-payload='{&quot;align&quot;:&quot;left&quot;,&quot;id&quot;:&quot;40195&quot;,&quot;slug&quot;:&quot;default&quot;,&quot;valign&quot;:&quot;bottom&quot;,&quot;ignore&quot;:&quot;&quot;,&quot;reference&quot;:&quot;auto&quot;,&quot;class&quot;:&quot;&quot;,&quot;count&quot;:&quot;0&quot;,&quot;legendonly&quot;:&quot;&quot;,&quot;readonly&quot;:&quot;&quot;,&quot;score&quot;:&quot;0&quot;,&quot;starsonly&quot;:&quot;&quot;,&quot;best&quot;:&quot;5&quot;,&quot;gap&quot;:&quot;5&quot;,&quot;greet&quot;:&quot;Rate this post&quot;,&quot;legend&quot;:&quot;0\\\/5 - (0 voto)&quot;,&quot;size&quot;:&quot;24&quot;,&quot;title&quot;:&quot;Ciclo Lunar da semana! - 16 a 23\\\/02 Por Emylian Kali&quot;,&quot;width&quot;:&quot;0&quot;,&quot;_legend&quot;:&quot;{score}\\\/{best} - ({count} {votes})&quot;,&quot;font_factor&quot;:&quot;1.25&quot;}'>\n            \n<div class=\"kksr-stars\">\n    \n<div class=\"kksr-stars-inactive\">\n            <div class=\"kksr-star\" data-star=\"1\" style=\"padding-right: 5px\">\n            \n\n<div class=\"kksr-icon\" style=\"width: 24px; height: 24px;\"><\/div>\n        <\/div>\n            <div class=\"kksr-star\" data-star=\"2\" style=\"padding-right: 5px\">\n            \n\n<div class=\"kksr-icon\" style=\"width: 24px; height: 24px;\"><\/div>\n        <\/div>\n            <div class=\"kksr-star\" data-star=\"3\" style=\"padding-right: 5px\">\n            \n\n<div class=\"kksr-icon\" style=\"width: 24px; height: 24px;\"><\/div>\n        <\/div>\n            <div class=\"kksr-star\" data-star=\"4\" style=\"padding-right: 5px\">\n            \n\n<div class=\"kksr-icon\" style=\"width: 24px; height: 24px;\"><\/div>\n        <\/div>\n            <div class=\"kksr-star\" data-star=\"5\" style=\"padding-right: 5px\">\n            \n\n<div class=\"kksr-icon\" style=\"width: 24px; height: 24px;\"><\/div>\n        <\/div>\n    <\/div>\n    \n<div class=\"kksr-stars-active\" style=\"width: 0px;\">\n            <div class=\"kksr-star\" style=\"padding-right: 5px\">\n            \n\n<div class=\"kksr-icon\" style=\"width: 24px; height: 24px;\"><\/div>\n        <\/div>\n            <div class=\"kksr-star\" style=\"padding-right: 5px\">\n            \n\n<div class=\"kksr-icon\" style=\"width: 24px; height: 24px;\"><\/div>\n        <\/div>\n            <div class=\"kksr-star\" style=\"padding-right: 5px\">\n            \n\n<div class=\"kksr-icon\" style=\"width: 24px; height: 24px;\"><\/div>\n        <\/div>\n            <div class=\"kksr-star\" style=\"padding-right: 5px\">\n            \n\n<div class=\"kksr-icon\" style=\"width: 24px; height: 24px;\"><\/div>\n        <\/div>\n            <div class=\"kksr-star\" style=\"padding-right: 5px\">\n            \n\n<div class=\"kksr-icon\" style=\"width: 24px; height: 24px;\"><\/div>\n        <\/div>\n    <\/div>\n<\/div>\n                \n\n<div class=\"kksr-legend\" style=\"font-size: 19.2px;\">\n            <span class=\"kksr-muted\">Rate this post<\/span>\n    <\/div>\n    <\/div>\n","protected":false},"excerpt":{"rendered":"<p>Querido(a) amigo(a) Lunar, vamos embarcar juntos pelas energias cintilantes dos ciclos , onde cada fase \u00e9 uma for\u00e7a c\u00f3smica que transforma nossos caminhos e traz viv\u00eancias \u00fanicas para nossa jornada pessoal. Vamos te guiar e te ajudar a fazer dessa experi\u00eancia, um momento de magia essencial para moldar sua vida. Vamos explorar de forma \u00fanica [&hellip;]<\/p>\n","protected":false},"author":158,"featured_media":40190,"comment_status":"closed","ping_status":"closed","sticky":false,"template":"","format":"standard","meta":{"footnotes":""},"categories":[4893],"tags":[],"class_list":["post-40195","post","type-post","status-publish","format-standard","has-post-thumbnail","hentry","category-ciclo-lunar-semanal"],"yoast_head":"<!-- This site is optimized with the Yoast SEO plugin v27.4 - https:\/\/yoast.com\/product\/yoast-seo-wordpress\/ -->\n<title>Ciclo Lunar da semana! - 16 a 23\/02 Por Emylian Kali - iQuilibrio<\/title>\n<meta name=\"robots\" content=\"index, follow, max-snippet:-1, max-image-preview:large, max-video-preview:-1\" \/>\n<link rel=\"canonical\" href=\"https:\/\/www.iquilibrio.com\/blog\/ciclo-lunar-semanal\/ciclo-lunar-da-semana-16-a-23-02-por-emylian-kali\/\" \/>\n<meta property=\"og:locale\" content=\"pt_BR\" \/>\n<meta property=\"og:type\" content=\"article\" \/>\n<meta property=\"og:title\" content=\"Ciclo Lunar da semana! - 16 a 23\/02 Por Emylian Kali - iQuilibrio\" \/>\n<meta property=\"og:description\" content=\"Querido(a) amigo(a) Lunar, vamos embarcar juntos pelas energias cintilantes dos ciclos , onde cada fase \u00e9 uma for\u00e7a c\u00f3smica que transforma nossos caminhos e traz viv\u00eancias \u00fanicas para nossa jornada pessoal. Vamos te guiar e te ajudar a fazer dessa experi\u00eancia, um momento de magia essencial para moldar sua vida. Vamos explorar de forma \u00fanica [&hellip;]\" \/>\n<meta property=\"og:url\" content=\"https:\/\/www.iquilibrio.com\/blog\/ciclo-lunar-semanal\/ciclo-lunar-da-semana-16-a-23-02-por-emylian-kali\/\" \/>\n<meta property=\"og:site_name\" content=\"iQuilibrio\" \/>\n<meta property=\"article:publisher\" content=\"https:\/\/www.facebook.com\/iQuilibrio\/\" \/>\n<meta property=\"article:published_time\" content=\"2024-02-15T10:19:19+00:00\" \/>\n<meta property=\"og:image\" content=\"https:\/\/www.iquilibrio.com\/blog\/wp-content\/uploads\/2024\/02\/BLOG-Passagens-lunares-iQui.jpg\" \/>\n\t<meta property=\"og:image:width\" content=\"900\" \/>\n\t<meta property=\"og:image:height\" content=\"560\" \/>\n\t<meta property=\"og:image:type\" content=\"image\/jpeg\" \/>\n<meta name=\"author\" content=\"Arthur Peroni\" \/>\n<meta name=\"twitter:card\" content=\"summary_large_image\" \/>\n<meta name=\"twitter:creator\" content=\"@iquilibrio\" \/>\n<meta name=\"twitter:site\" content=\"@iquilibrio\" \/>\n<meta name=\"twitter:label1\" content=\"Escrito por\" \/>\n\t<meta name=\"twitter:data1\" content=\"Arthur Peroni\" \/>\n\t<meta name=\"twitter:label2\" content=\"Est. tempo de leitura\" \/>\n\t<meta name=\"twitter:data2\" content=\"4 minutos\" \/>\n<script type=\"application\/ld+json\" class=\"yoast-schema-graph\">{\"@context\":\"https:\\\/\\\/schema.org\",\"@graph\":[{\"@type\":\"Article\",\"@id\":\"https:\\\/\\\/www.iquilibrio.com\\\/blog\\\/ciclo-lunar-semanal\\\/ciclo-lunar-da-semana-16-a-23-02-por-emylian-kali\\\/#article\",\"isPartOf\":{\"@id\":\"https:\\\/\\\/www.iquilibrio.com\\\/blog\\\/ciclo-lunar-semanal\\\/ciclo-lunar-da-semana-16-a-23-02-por-emylian-kali\\\/\"},\"author\":{\"name\":\"Arthur Peroni\",\"@id\":\"https:\\\/\\\/www.iquilibrio.com\\\/blog\\\/#\\\/schema\\\/person\\\/21ae990723c2e5a1170c9a06dacb4d3d\"},\"headline\":\"Ciclo Lunar da semana! &#8211; 16 a 23\\\/02 Por Emylian Kali\",\"datePublished\":\"2024-02-15T10:19:19+00:00\",\"mainEntityOfPage\":{\"@id\":\"https:\\\/\\\/www.iquilibrio.com\\\/blog\\\/ciclo-lunar-semanal\\\/ciclo-lunar-da-semana-16-a-23-02-por-emylian-kali\\\/\"},\"wordCount\":707,\"publisher\":{\"@id\":\"https:\\\/\\\/www.iquilibrio.com\\\/blog\\\/#organization\"},\"image\":{\"@id\":\"https:\\\/\\\/www.iquilibrio.com\\\/blog\\\/ciclo-lunar-semanal\\\/ciclo-lunar-da-semana-16-a-23-02-por-emylian-kali\\\/#primaryimage\"},\"thumbnailUrl\":\"https:\\\/\\\/www.iquilibrio.com\\\/blog\\\/wp-content\\\/uploads\\\/2024\\\/02\\\/BLOG-Passagens-lunares-iQui.jpg\",\"articleSection\":[\"Ciclo Lunar semanal\"],\"inLanguage\":\"pt-BR\"},{\"@type\":\"WebPage\",\"@id\":\"https:\\\/\\\/www.iquilibrio.com\\\/blog\\\/ciclo-lunar-semanal\\\/ciclo-lunar-da-semana-16-a-23-02-por-emylian-kali\\\/\",\"url\":\"https:\\\/\\\/www.iquilibrio.com\\\/blog\\\/ciclo-lunar-semanal\\\/ciclo-lunar-da-semana-16-a-23-02-por-emylian-kali\\\/\",\"name\":\"Ciclo Lunar da semana! - 16 a 23\\\/02 Por Emylian Kali - iQuilibrio\",\"isPartOf\":{\"@id\":\"https:\\\/\\\/www.iquilibrio.com\\\/blog\\\/#website\"},\"primaryImageOfPage\":{\"@id\":\"https:\\\/\\\/www.iquilibrio.com\\\/blog\\\/ciclo-lunar-semanal\\\/ciclo-lunar-da-semana-16-a-23-02-por-emylian-kali\\\/#primaryimage\"},\"image\":{\"@id\":\"https:\\\/\\\/www.iquilibrio.com\\\/blog\\\/ciclo-lunar-semanal\\\/ciclo-lunar-da-semana-16-a-23-02-por-emylian-kali\\\/#primaryimage\"},\"thumbnailUrl\":\"https:\\\/\\\/www.iquilibrio.com\\\/blog\\\/wp-content\\\/uploads\\\/2024\\\/02\\\/BLOG-Passagens-lunares-iQui.jpg\",\"datePublished\":\"2024-02-15T10:19:19+00:00\",\"breadcrumb\":{\"@id\":\"https:\\\/\\\/www.iquilibrio.com\\\/blog\\\/ciclo-lunar-semanal\\\/ciclo-lunar-da-semana-16-a-23-02-por-emylian-kali\\\/#breadcrumb\"},\"inLanguage\":\"pt-BR\",\"potentialAction\":[{\"@type\":\"ReadAction\",\"target\":[\"https:\\\/\\\/www.iquilibrio.com\\\/blog\\\/ciclo-lunar-semanal\\\/ciclo-lunar-da-semana-16-a-23-02-por-emylian-kali\\\/\"]}]},{\"@type\":\"ImageObject\",\"inLanguage\":\"pt-BR\",\"@id\":\"https:\\\/\\\/www.iquilibrio.com\\\/blog\\\/ciclo-lunar-semanal\\\/ciclo-lunar-da-semana-16-a-23-02-por-emylian-kali\\\/#primaryimage\",\"url\":\"https:\\\/\\\/www.iquilibrio.com\\\/blog\\\/wp-content\\\/uploads\\\/2024\\\/02\\\/BLOG-Passagens-lunares-iQui.jpg\",\"contentUrl\":\"https:\\\/\\\/www.iquilibrio.com\\\/blog\\\/wp-content\\\/uploads\\\/2024\\\/02\\\/BLOG-Passagens-lunares-iQui.jpg\",\"width\":900,\"height\":560},{\"@type\":\"BreadcrumbList\",\"@id\":\"https:\\\/\\\/www.iquilibrio.com\\\/blog\\\/ciclo-lunar-semanal\\\/ciclo-lunar-da-semana-16-a-23-02-por-emylian-kali\\\/#breadcrumb\",\"itemListElement\":[{\"@type\":\"ListItem\",\"position\":1,\"name\":\"In\u00edcio\",\"item\":\"https:\\\/\\\/www.iquilibrio.com\\\/blog\\\/\"},{\"@type\":\"ListItem\",\"position\":2,\"name\":\"Ciclo Lunar da semana! &#8211; 16 a 23\\\/02 Por Emylian Kali\"}]},{\"@type\":\"WebSite\",\"@id\":\"https:\\\/\\\/www.iquilibrio.com\\\/blog\\\/#website\",\"url\":\"https:\\\/\\\/www.iquilibrio.com\\\/blog\\\/\",\"name\":\"iQuilibrio\",\"description\":\"Blog iQuilibrio\",\"publisher\":{\"@id\":\"https:\\\/\\\/www.iquilibrio.com\\\/blog\\\/#organization\"},\"potentialAction\":[{\"@type\":\"SearchAction\",\"target\":{\"@type\":\"EntryPoint\",\"urlTemplate\":\"https:\\\/\\\/www.iquilibrio.com\\\/blog\\\/?s={search_term_string}\"},\"query-input\":{\"@type\":\"PropertyValueSpecification\",\"valueRequired\":true,\"valueName\":\"search_term_string\"}}],\"inLanguage\":\"pt-BR\"},{\"@type\":\"Organization\",\"@id\":\"https:\\\/\\\/www.iquilibrio.com\\\/blog\\\/#organization\",\"name\":\"Esoterismo, Misticismo e Tarot Online - iQuilibrio\",\"url\":\"https:\\\/\\\/www.iquilibrio.com\\\/blog\\\/\",\"logo\":{\"@type\":\"ImageObject\",\"inLanguage\":\"pt-BR\",\"@id\":\"https:\\\/\\\/www.iquilibrio.com\\\/blog\\\/#\\\/schema\\\/logo\\\/image\\\/\",\"url\":\"https:\\\/\\\/www.iquilibrio.com\\\/blog\\\/wp-content\\\/uploads\\\/2018\\\/12\\\/iquilibrio_lovo_vetor_preto-retina.png\",\"contentUrl\":\"https:\\\/\\\/www.iquilibrio.com\\\/blog\\\/wp-content\\\/uploads\\\/2018\\\/12\\\/iquilibrio_lovo_vetor_preto-retina.png\",\"width\":972,\"height\":180,\"caption\":\"Esoterismo, Misticismo e Tarot Online - iQuilibrio\"},\"image\":{\"@id\":\"https:\\\/\\\/www.iquilibrio.com\\\/blog\\\/#\\\/schema\\\/logo\\\/image\\\/\"},\"sameAs\":[\"https:\\\/\\\/www.facebook.com\\\/iQuilibrio\\\/\",\"https:\\\/\\\/x.com\\\/iquilibrio\",\"https:\\\/\\\/www.instagram.com\\\/iquilibrio\\\/\",\"https:\\\/\\\/www.linkedin.com\\\/company\\\/iquilibrio\\\/\",\"https:\\\/\\\/br.pinterest.com\\\/iquilibrio1397\\\/\",\"https:\\\/\\\/www.youtube.com\\\/channel\\\/UC175qxd-4Zsi4wzawT5zF2g\"]},{\"@type\":\"Person\",\"@id\":\"https:\\\/\\\/www.iquilibrio.com\\\/blog\\\/#\\\/schema\\\/person\\\/21ae990723c2e5a1170c9a06dacb4d3d\",\"name\":\"Arthur Peroni\",\"image\":{\"@type\":\"ImageObject\",\"inLanguage\":\"pt-BR\",\"@id\":\"https:\\\/\\\/www.iquilibrio.com\\\/blog\\\/wp-content\\\/uploads\\\/2023\\\/04\\\/Arthur-Peroni-150x150.jpg\",\"url\":\"https:\\\/\\\/www.iquilibrio.com\\\/blog\\\/wp-content\\\/uploads\\\/2023\\\/04\\\/Arthur-Peroni-150x150.jpg\",\"contentUrl\":\"https:\\\/\\\/www.iquilibrio.com\\\/blog\\\/wp-content\\\/uploads\\\/2023\\\/04\\\/Arthur-Peroni-150x150.jpg\",\"caption\":\"Arthur Peroni\"},\"description\":\"Arthur Peroni escreve sobre a vida, o universo e tudo mais. Amante da literatura m\u00edstica, e fic\u00e7\u00e3o, descobriu sua carreira de redator gra\u00e7as ao h\u00e1bito de leitura constante sobre fantasia e drama. Nas horas vagas, gosta de cozinhar, ler e ver filmes antigos. J\u00e1 trabalhou com, comunica\u00e7\u00e3o social, massoterapia, terapias hol\u00edsticas e design de interiores. Atualmente trabalha como redator SEO e se entusiasma com tudo o que \u00e9 esot\u00e9rico. Gosta de discutir sobre assuntos complexos e instigantes, e v\u00ea na escrita uma oportunidade de aprender e criar todos os dias, mentalmente e espiritualmente.\",\"url\":\"https:\\\/\\\/www.iquilibrio.com\\\/blog\\\/author\\\/raul-vinicius\\\/\"}]}<\/script>\n<!-- \/ Yoast SEO plugin. -->","yoast_head_json":{"title":"Ciclo Lunar da semana! - 16 a 23\/02 Por Emylian Kali - iQuilibrio","robots":{"index":"index","follow":"follow","max-snippet":"max-snippet:-1","max-image-preview":"max-image-preview:large","max-video-preview":"max-video-preview:-1"},"canonical":"https:\/\/www.iquilibrio.com\/blog\/ciclo-lunar-semanal\/ciclo-lunar-da-semana-16-a-23-02-por-emylian-kali\/","og_locale":"pt_BR","og_type":"article","og_title":"Ciclo Lunar da semana! - 16 a 23\/02 Por Emylian Kali - iQuilibrio","og_description":"Querido(a) amigo(a) Lunar, vamos embarcar juntos pelas energias cintilantes dos ciclos , onde cada fase \u00e9 uma for\u00e7a c\u00f3smica que transforma nossos caminhos e traz viv\u00eancias \u00fanicas para nossa jornada pessoal. Vamos te guiar e te ajudar a fazer dessa experi\u00eancia, um momento de magia essencial para moldar sua vida. Vamos explorar de forma \u00fanica [&hellip;]","og_url":"https:\/\/www.iquilibrio.com\/blog\/ciclo-lunar-semanal\/ciclo-lunar-da-semana-16-a-23-02-por-emylian-kali\/","og_site_name":"iQuilibrio","article_publisher":"https:\/\/www.facebook.com\/iQuilibrio\/","article_published_time":"2024-02-15T10:19:19+00:00","og_image":[{"width":900,"height":560,"url":"https:\/\/www.iquilibrio.com\/blog\/wp-content\/uploads\/2024\/02\/BLOG-Passagens-lunares-iQui.jpg","type":"image\/jpeg"}],"author":"Arthur Peroni","twitter_card":"summary_large_image","twitter_creator":"@iquilibrio","twitter_site":"@iquilibrio","twitter_misc":{"Escrito por":"Arthur Peroni","Est. tempo de leitura":"4 minutos"},"schema":{"@context":"https:\/\/schema.org","@graph":[{"@type":"Article","@id":"https:\/\/www.iquilibrio.com\/blog\/ciclo-lunar-semanal\/ciclo-lunar-da-semana-16-a-23-02-por-emylian-kali\/#article","isPartOf":{"@id":"https:\/\/www.iquilibrio.com\/blog\/ciclo-lunar-semanal\/ciclo-lunar-da-semana-16-a-23-02-por-emylian-kali\/"},"author":{"name":"Arthur Peroni","@id":"https:\/\/www.iquilibrio.com\/blog\/#\/schema\/person\/21ae990723c2e5a1170c9a06dacb4d3d"},"headline":"Ciclo Lunar da semana! &#8211; 16 a 23\/02 Por Emylian Kali","datePublished":"2024-02-15T10:19:19+00:00","mainEntityOfPage":{"@id":"https:\/\/www.iquilibrio.com\/blog\/ciclo-lunar-semanal\/ciclo-lunar-da-semana-16-a-23-02-por-emylian-kali\/"},"wordCount":707,"publisher":{"@id":"https:\/\/www.iquilibrio.com\/blog\/#organization"},"image":{"@id":"https:\/\/www.iquilibrio.com\/blog\/ciclo-lunar-semanal\/ciclo-lunar-da-semana-16-a-23-02-por-emylian-kali\/#primaryimage"},"thumbnailUrl":"https:\/\/www.iquilibrio.com\/blog\/wp-content\/uploads\/2024\/02\/BLOG-Passagens-lunares-iQui.jpg","articleSection":["Ciclo Lunar semanal"],"inLanguage":"pt-BR"},{"@type":"WebPage","@id":"https:\/\/www.iquilibrio.com\/blog\/ciclo-lunar-semanal\/ciclo-lunar-da-semana-16-a-23-02-por-emylian-kali\/","url":"https:\/\/www.iquilibrio.com\/blog\/ciclo-lunar-semanal\/ciclo-lunar-da-semana-16-a-23-02-por-emylian-kali\/","name":"Ciclo Lunar da semana! - 16 a 23\/02 Por Emylian Kali - iQuilibrio","isPartOf":{"@id":"https:\/\/www.iquilibrio.com\/blog\/#website"},"primaryImageOfPage":{"@id":"https:\/\/www.iquilibrio.com\/blog\/ciclo-lunar-semanal\/ciclo-lunar-da-semana-16-a-23-02-por-emylian-kali\/#primaryimage"},"image":{"@id":"https:\/\/www.iquilibrio.com\/blog\/ciclo-lunar-semanal\/ciclo-lunar-da-semana-16-a-23-02-por-emylian-kali\/#primaryimage"},"thumbnailUrl":"https:\/\/www.iquilibrio.com\/blog\/wp-content\/uploads\/2024\/02\/BLOG-Passagens-lunares-iQui.jpg","datePublished":"2024-02-15T10:19:19+00:00","breadcrumb":{"@id":"https:\/\/www.iquilibrio.com\/blog\/ciclo-lunar-semanal\/ciclo-lunar-da-semana-16-a-23-02-por-emylian-kali\/#breadcrumb"},"inLanguage":"pt-BR","potentialAction":[{"@type":"ReadAction","target":["https:\/\/www.iquilibrio.com\/blog\/ciclo-lunar-semanal\/ciclo-lunar-da-semana-16-a-23-02-por-emylian-kali\/"]}]},{"@type":"ImageObject","inLanguage":"pt-BR","@id":"https:\/\/www.iquilibrio.com\/blog\/ciclo-lunar-semanal\/ciclo-lunar-da-semana-16-a-23-02-por-emylian-kali\/#primaryimage","url":"https:\/\/www.iquilibrio.com\/blog\/wp-content\/uploads\/2024\/02\/BLOG-Passagens-lunares-iQui.jpg","contentUrl":"https:\/\/www.iquilibrio.com\/blog\/wp-content\/uploads\/2024\/02\/BLOG-Passagens-lunares-iQui.jpg","width":900,"height":560},{"@type":"BreadcrumbList","@id":"https:\/\/www.iquilibrio.com\/blog\/ciclo-lunar-semanal\/ciclo-lunar-da-semana-16-a-23-02-por-emylian-kali\/#breadcrumb","itemListElement":[{"@type":"ListItem","position":1,"name":"In\u00edcio","item":"https:\/\/www.iquilibrio.com\/blog\/"},{"@type":"ListItem","position":2,"name":"Ciclo Lunar da semana! &#8211; 16 a 23\/02 Por Emylian Kali"}]},{"@type":"WebSite","@id":"https:\/\/www.iquilibrio.com\/blog\/#website","url":"https:\/\/www.iquilibrio.com\/blog\/","name":"iQuilibrio","description":"Blog iQuilibrio","publisher":{"@id":"https:\/\/www.iquilibrio.com\/blog\/#organization"},"potentialAction":[{"@type":"SearchAction","target":{"@type":"EntryPoint","urlTemplate":"https:\/\/www.iquilibrio.com\/blog\/?s={search_term_string}"},"query-input":{"@type":"PropertyValueSpecification","valueRequired":true,"valueName":"search_term_string"}}],"inLanguage":"pt-BR"},{"@type":"Organization","@id":"https:\/\/www.iquilibrio.com\/blog\/#organization","name":"Esoterismo, Misticismo e Tarot Online - iQuilibrio","url":"https:\/\/www.iquilibrio.com\/blog\/","logo":{"@type":"ImageObject","inLanguage":"pt-BR","@id":"https:\/\/www.iquilibrio.com\/blog\/#\/schema\/logo\/image\/","url":"https:\/\/www.iquilibrio.com\/blog\/wp-content\/uploads\/2018\/12\/iquilibrio_lovo_vetor_preto-retina.png","contentUrl":"https:\/\/www.iquilibrio.com\/blog\/wp-content\/uploads\/2018\/12\/iquilibrio_lovo_vetor_preto-retina.png","width":972,"height":180,"caption":"Esoterismo, Misticismo e Tarot Online - iQuilibrio"},"image":{"@id":"https:\/\/www.iquilibrio.com\/blog\/#\/schema\/logo\/image\/"},"sameAs":["https:\/\/www.facebook.com\/iQuilibrio\/","https:\/\/x.com\/iquilibrio","https:\/\/www.instagram.com\/iquilibrio\/","https:\/\/www.linkedin.com\/company\/iquilibrio\/","https:\/\/br.pinterest.com\/iquilibrio1397\/","https:\/\/www.youtube.com\/channel\/UC175qxd-4Zsi4wzawT5zF2g"]},{"@type":"Person","@id":"https:\/\/www.iquilibrio.com\/blog\/#\/schema\/person\/21ae990723c2e5a1170c9a06dacb4d3d","name":"Arthur Peroni","image":{"@type":"ImageObject","inLanguage":"pt-BR","@id":"https:\/\/www.iquilibrio.com\/blog\/wp-content\/uploads\/2023\/04\/Arthur-Peroni-150x150.jpg","url":"https:\/\/www.iquilibrio.com\/blog\/wp-content\/uploads\/2023\/04\/Arthur-Peroni-150x150.jpg","contentUrl":"https:\/\/www.iquilibrio.com\/blog\/wp-content\/uploads\/2023\/04\/Arthur-Peroni-150x150.jpg","caption":"Arthur Peroni"},"description":"Arthur Peroni escreve sobre a vida, o universo e tudo mais. Amante da literatura m\u00edstica, e fic\u00e7\u00e3o, descobriu sua carreira de redator gra\u00e7as ao h\u00e1bito de leitura constante sobre fantasia e drama. Nas horas vagas, gosta de cozinhar, ler e ver filmes antigos. J\u00e1 trabalhou com, comunica\u00e7\u00e3o social, massoterapia, terapias hol\u00edsticas e design de interiores. Atualmente trabalha como redator SEO e se entusiasma com tudo o que \u00e9 esot\u00e9rico. Gosta de discutir sobre assuntos complexos e instigantes, e v\u00ea na escrita uma oportunidade de aprender e criar todos os dias, mentalmente e espiritualmente.","url":"https:\/\/www.iquilibrio.com\/blog\/author\/raul-vinicius\/"}]}},"_links":{"self":[{"href":"https:\/\/www.iquilibrio.com\/blog\/wp-json\/wp\/v2\/posts\/40195","targetHints":{"allow":["GET"]}}],"collection":[{"href":"https:\/\/www.iquilibrio.com\/blog\/wp-json\/wp\/v2\/posts"}],"about":[{"href":"https:\/\/www.iquilibrio.com\/blog\/wp-json\/wp\/v2\/types\/post"}],"author":[{"embeddable":true,"href":"https:\/\/www.iquilibrio.com\/blog\/wp-json\/wp\/v2\/users\/158"}],"replies":[{"embeddable":true,"href":"https:\/\/www.iquilibrio.com\/blog\/wp-json\/wp\/v2\/comments?post=40195"}],"version-history":[{"count":3,"href":"https:\/\/www.iquilibrio.com\/blog\/wp-json\/wp\/v2\/posts\/40195\/revisions"}],"predecessor-version":[{"id":40198,"href":"https:\/\/www.iquilibrio.com\/blog\/wp-json\/wp\/v2\/posts\/40195\/revisions\/40198"}],"wp:featuredmedia":[{"embeddable":true,"href":"https:\/\/www.iquilibrio.com\/blog\/wp-json\/wp\/v2\/media\/40190"}],"wp:attachment":[{"href":"https:\/\/www.iquilibrio.com\/blog\/wp-json\/wp\/v2\/media?parent=40195"}],"wp:term":[{"taxonomy":"category","embeddable":true,"href":"https:\/\/www.iquilibrio.com\/blog\/wp-json\/wp\/v2\/categories?post=40195"},{"taxonomy":"post_tag","embeddable":true,"href":"https:\/\/www.iquilibrio.com\/blog\/wp-json\/wp\/v2\/tags?post=40195"}],"curies":[{"name":"wp","href":"https:\/\/api.w.org\/{rel}","templated":true}]}}