{"id":40160,"date":"2024-02-01T07:00:34","date_gmt":"2024-02-01T10:00:34","guid":{"rendered":"https:\/\/www.iquilibrio.com\/blog\/?p=40160"},"modified":"2024-02-05T10:00:26","modified_gmt":"2024-02-05T13:00:26","slug":"ciclos-lunares-da-semanal-02-a-08-02","status":"publish","type":"post","link":"https:\/\/www.iquilibrio.com\/blog\/ciclo-lunar-semanal\/ciclos-lunares-da-semanal-02-a-08-02\/","title":{"rendered":"Ciclos lunares da semana! &#8211; 02 a 08\/02"},"content":{"rendered":"<p><span style=\"font-weight: 400;\">Querido leitor, entremos juntos nesse oceano de energias lunares que, como mar\u00e9s secretas, influenciam nosso ser ao longo da semana.\u00a0 E nesse m\u00eas que se inicia nossa explora\u00e7\u00e3o c\u00f3smica, em uma jornada de renascimento e saber que podem transformar sua vida e como voc\u00ea a enxerga. Vamos desvendar juntos os segredos desses pr\u00f3ximos dias.<\/span><\/p>\n<hr \/>\n<p><b>Lua Minguante em Escorpi\u00e3o&#x1f312;&#x264f; &#8211; 02\/02: Liberte-se das Amarra\u00e7\u00f5es<\/b><\/p>\n<p><span style=\"font-weight: 400;\">Sob a Lua Minguante em Escorpi\u00e3o, em 02 de fevereiro, \u00e9 hora de liberar o que n\u00e3o serve mais. Permita-se mergulhar nas profundezas de sua alma e soltar amarras emocionais. Um ritual de queima simbolizando liberta\u00e7\u00e3o pode ser transformador.<\/span><\/p>\n<p><b>Benef\u00edcios no Dia a Dia:<\/b><span style=\"font-weight: 400;\"> Liberte-se de pesos emocionais, promovendo leveza e clareza mental para enfrentar desafios cotidianos.<\/span><\/p>\n<p><b>Dica do Emyllian:<\/b><span style=\"font-weight: 400;\"> Acenda um incenso de mirra para purificar o ambiente e abrir caminho para a renova\u00e7\u00e3o.<\/span><\/p>\n<p><b>Cristal:<\/b><span style=\"font-weight: 400;\"> Obsidiana Negra para prote\u00e7\u00e3o e dissolu\u00e7\u00e3o de energias negativas.<\/span><\/p>\n<p><b>Mantra:<\/b><b><i> &#8220;Liberto-me do passado, abrindo espa\u00e7o para o novo fluir.&#8221;<\/i><\/b><\/p>\n<hr \/>\n<p><b>Lua em Sagit\u00e1rio&#x1f31c;&#x2650; 04\/02 a 05\/02: Expans\u00e3o e Aventura Interior<\/b><\/p>\n<p><span style=\"font-weight: 400;\">Com a Lua em Sagit\u00e1rio nos dias 04 e 05 de fevereiro, a energia torna-se expansiva e prop\u00edcia para aventuras interiores. Explore filosofias de vida, planeje uma viagem mental ou f\u00edsica. Permita-se expandir os horizontes de sua mente.<\/span><\/p>\n<p><b>Benef\u00edcios no Dia a Dia:<\/b><span style=\"font-weight: 400;\"> Amplie sua vis\u00e3o de mundo, encare desafios com otimismo e abra-se para novas possibilidades.<\/span><\/p>\n<p><b>Dica do Emyllian:<\/b><span style=\"font-weight: 400;\"> Incenso de patchouli para estimular a busca interior e a expans\u00e3o da consci\u00eancia.<\/span><\/p>\n<p><b>Cristal:<\/b><span style=\"font-weight: 400;\"> Ametista para aprimorar a intui\u00e7\u00e3o e conectar-se com planos superiores.<\/span><\/p>\n<p><b>Mantra:<\/b> <b><i>&#8220;Minha mente se expande, minha alma se aventura.&#8221;<\/i><\/b><\/p>\n<p style=\"text-align: center;\"><a href=\"https:\/\/www.iquilibrio.com\/astrologia\/?utm_campaign=blog_conversao&amp;utm_medium=texto_cta&amp;utm_source=blog&amp;utm_content=2024_cat_ciclos-lunares_art_astrologia\"><span class=\"td_btn td_btn_md td_round_btn\" style=\"background-color: #993366; color: #ffffff;\">Aproveite e fa\u00e7a uma consulta astrol\u00f3gica!<\/span><\/a><\/p>\n<hr \/>\n<p><b>Lua em Capric\u00f3rnio&#x1f312;&#x2651; 06\/02 a 07\/02: Construindo Bases S\u00f3lidas<\/b><\/p>\n<p><span style=\"font-weight: 400;\">Ao adentrarmos na influ\u00eancia de Capric\u00f3rnio nos dias 06 e 07 de fevereiro, a Lua nos convida a construir bases s\u00f3lidas para nossos sonhos. Dedique-se a metas realistas e estabele\u00e7a alicerces firmes. Um ritual de consagra\u00e7\u00e3o de objetivos pode ser poderoso.<\/span><\/p>\n<p><b>Benef\u00edcios no Dia a Dia:<\/b><span style=\"font-weight: 400;\"> Estabele\u00e7a estruturas s\u00f3lidas em sua rotina, promovendo organiza\u00e7\u00e3o e realiza\u00e7\u00e3o pessoal.<\/span><\/p>\n<p><b>Dica do Emyllian:<\/b><span style=\"font-weight: 400;\"> Incenso de cedro para ancorar e fortalecer a determina\u00e7\u00e3o.<\/span><\/p>\n<p><b>Cristal:<\/b><span style=\"font-weight: 400;\"> Quartzo Fum\u00ea para dissipar d\u00favidas e fortalecer a determina\u00e7\u00e3o.<\/span><\/p>\n<p><b>Mantra:<\/b> <b><i>&#8220;Construo com firmeza meu caminho para o sucesso.&#8221;<\/i><\/b><\/p>\n<hr \/>\n<p><b>Lua em Aqu\u00e1rio &#x1f31a;&#x2652; 08\/02: Inova\u00e7\u00e3o e Liberdade Pessoal<\/b><\/p>\n<p><span style=\"font-weight: 400;\">\u00c0 medida que a Lua ingressa em Aqu\u00e1rio em 08 de fevereiro, somos impulsionados a abra\u00e7ar a inova\u00e7\u00e3o e buscar a liberdade pessoal. Liberte-se das limita\u00e7\u00f5es, experimente algo novo e permita-se ser verdadeiramente aut\u00eantico(a).<\/span><\/p>\n<p><b>Benef\u00edcios no Dia a Dia:<\/b><span style=\"font-weight: 400;\"> Adote uma abordagem inovadora em desafios di\u00e1rios, promovendo solu\u00e7\u00f5es criativas e liberdade de express\u00e3o.<\/span><\/p>\n<p><b>Dica do Emyllian:<\/b><span style=\"font-weight: 400;\"> Incenso de alecrim para promover clareza mental e inova\u00e7\u00e3o.<\/span><\/p>\n<p><b>Cristal:<\/b><span style=\"font-weight: 400;\"> \u00c1gua-marinha para estimular a express\u00e3o aut\u00eantica e a comunica\u00e7\u00e3o clara.<\/span><\/p>\n<p><b>Mantra:<\/b> <b><i>&#8220;Em minha autenticidade, encontro liberdade.&#8221;<\/i><\/b><\/p>\n<p><span style=\"font-weight: 400;\">Que esta semana lunar seja repleta de descobertas pessoais e crescimento interior. Sintonize-se com as mar\u00e9s c\u00f3smicas e permita que elas guiem seu caminho.<\/span><\/p>\n<p style=\"text-align: center;\"><a href=\"https:\/\/www.iquilibrio.com\/astrologia\/?utm_campaign=blog_conversao&amp;utm_medium=texto_cta&amp;utm_source=blog&amp;utm_content=2024_cat_ciclos-lunares_art_astrologia\"><span class=\"td_btn td_btn_md td_round_btn\" style=\"background-color: #993366; color: #ffffff;\">Confira o segredos das estrelas!<\/span><\/a><\/p>\n\n\n<div class=\"kk-star-ratings kksr-auto kksr-align-left kksr-valign-bottom\"\n    data-payload='{&quot;align&quot;:&quot;left&quot;,&quot;id&quot;:&quot;40160&quot;,&quot;slug&quot;:&quot;default&quot;,&quot;valign&quot;:&quot;bottom&quot;,&quot;ignore&quot;:&quot;&quot;,&quot;reference&quot;:&quot;auto&quot;,&quot;class&quot;:&quot;&quot;,&quot;count&quot;:&quot;0&quot;,&quot;legendonly&quot;:&quot;&quot;,&quot;readonly&quot;:&quot;&quot;,&quot;score&quot;:&quot;0&quot;,&quot;starsonly&quot;:&quot;&quot;,&quot;best&quot;:&quot;5&quot;,&quot;gap&quot;:&quot;5&quot;,&quot;greet&quot;:&quot;Rate this post&quot;,&quot;legend&quot;:&quot;0\\\/5 - (0 voto)&quot;,&quot;size&quot;:&quot;24&quot;,&quot;title&quot;:&quot;Ciclos lunares da semana! - 02 a 08\\\/02&quot;,&quot;width&quot;:&quot;0&quot;,&quot;_legend&quot;:&quot;{score}\\\/{best} - ({count} {votes})&quot;,&quot;font_factor&quot;:&quot;1.25&quot;}'>\n            \n<div class=\"kksr-stars\">\n    \n<div class=\"kksr-stars-inactive\">\n            <div class=\"kksr-star\" data-star=\"1\" style=\"padding-right: 5px\">\n            \n\n<div class=\"kksr-icon\" style=\"width: 24px; height: 24px;\"><\/div>\n        <\/div>\n            <div class=\"kksr-star\" data-star=\"2\" style=\"padding-right: 5px\">\n            \n\n<div class=\"kksr-icon\" style=\"width: 24px; height: 24px;\"><\/div>\n        <\/div>\n            <div class=\"kksr-star\" data-star=\"3\" style=\"padding-right: 5px\">\n            \n\n<div class=\"kksr-icon\" style=\"width: 24px; height: 24px;\"><\/div>\n        <\/div>\n            <div class=\"kksr-star\" data-star=\"4\" style=\"padding-right: 5px\">\n            \n\n<div class=\"kksr-icon\" style=\"width: 24px; height: 24px;\"><\/div>\n        <\/div>\n            <div class=\"kksr-star\" data-star=\"5\" style=\"padding-right: 5px\">\n            \n\n<div class=\"kksr-icon\" style=\"width: 24px; height: 24px;\"><\/div>\n        <\/div>\n    <\/div>\n    \n<div class=\"kksr-stars-active\" style=\"width: 0px;\">\n            <div class=\"kksr-star\" style=\"padding-right: 5px\">\n            \n\n<div class=\"kksr-icon\" style=\"width: 24px; height: 24px;\"><\/div>\n        <\/div>\n            <div class=\"kksr-star\" style=\"padding-right: 5px\">\n            \n\n<div class=\"kksr-icon\" style=\"width: 24px; height: 24px;\"><\/div>\n        <\/div>\n            <div class=\"kksr-star\" style=\"padding-right: 5px\">\n            \n\n<div class=\"kksr-icon\" style=\"width: 24px; height: 24px;\"><\/div>\n        <\/div>\n            <div class=\"kksr-star\" style=\"padding-right: 5px\">\n            \n\n<div class=\"kksr-icon\" style=\"width: 24px; height: 24px;\"><\/div>\n        <\/div>\n            <div class=\"kksr-star\" style=\"padding-right: 5px\">\n            \n\n<div class=\"kksr-icon\" style=\"width: 24px; height: 24px;\"><\/div>\n        <\/div>\n    <\/div>\n<\/div>\n                \n\n<div class=\"kksr-legend\" style=\"font-size: 19.2px;\">\n            <span class=\"kksr-muted\">Rate this post<\/span>\n    <\/div>\n    <\/div>\n","protected":false},"excerpt":{"rendered":"<p>Querido leitor, entremos juntos nesse oceano de energias lunares que, como mar\u00e9s secretas, influenciam nosso ser ao longo da semana.\u00a0 E nesse m\u00eas que se inicia nossa explora\u00e7\u00e3o c\u00f3smica, em uma jornada de renascimento e saber que podem transformar sua vida e como voc\u00ea a enxerga. Vamos desvendar juntos os segredos desses pr\u00f3ximos dias. Lua [&hellip;]<\/p>\n","protected":false},"author":158,"featured_media":40040,"comment_status":"closed","ping_status":"closed","sticky":false,"template":"","format":"standard","meta":{"footnotes":""},"categories":[4893],"tags":[],"class_list":["post-40160","post","type-post","status-publish","format-standard","has-post-thumbnail","hentry","category-ciclo-lunar-semanal"],"yoast_head":"<!-- This site is optimized with the Yoast SEO plugin v27.4 - https:\/\/yoast.com\/product\/yoast-seo-wordpress\/ -->\n<title>Ciclos lunares da semana! - 02 a 08\/02 - iQuilibrio<\/title>\n<meta name=\"robots\" content=\"index, follow, max-snippet:-1, max-image-preview:large, max-video-preview:-1\" \/>\n<link rel=\"canonical\" href=\"https:\/\/www.iquilibrio.com\/blog\/ciclo-lunar-semanal\/ciclos-lunares-da-semanal-02-a-08-02\/\" \/>\n<meta property=\"og:locale\" content=\"pt_BR\" \/>\n<meta property=\"og:type\" content=\"article\" \/>\n<meta property=\"og:title\" content=\"Ciclos lunares da semana! - 02 a 08\/02 - iQuilibrio\" \/>\n<meta property=\"og:description\" content=\"Querido leitor, entremos juntos nesse oceano de energias lunares que, como mar\u00e9s secretas, influenciam nosso ser ao longo da semana.\u00a0 E nesse m\u00eas que se inicia nossa explora\u00e7\u00e3o c\u00f3smica, em uma jornada de renascimento e saber que podem transformar sua vida e como voc\u00ea a enxerga. Vamos desvendar juntos os segredos desses pr\u00f3ximos dias. Lua [&hellip;]\" \/>\n<meta property=\"og:url\" content=\"https:\/\/www.iquilibrio.com\/blog\/ciclo-lunar-semanal\/ciclos-lunares-da-semanal-02-a-08-02\/\" \/>\n<meta property=\"og:site_name\" content=\"iQuilibrio\" \/>\n<meta property=\"article:publisher\" content=\"https:\/\/www.facebook.com\/iQuilibrio\/\" \/>\n<meta property=\"article:published_time\" content=\"2024-02-01T10:00:34+00:00\" \/>\n<meta property=\"article:modified_time\" content=\"2024-02-05T13:00:26+00:00\" \/>\n<meta property=\"og:image\" content=\"https:\/\/www.iquilibrio.com\/blog\/wp-content\/uploads\/2024\/01\/Ciclo-lunar-semanal.jpg\" \/>\n\t<meta property=\"og:image:width\" content=\"730\" \/>\n\t<meta property=\"og:image:height\" content=\"365\" \/>\n\t<meta property=\"og:image:type\" content=\"image\/jpeg\" \/>\n<meta name=\"author\" content=\"Arthur Peroni\" \/>\n<meta name=\"twitter:card\" content=\"summary_large_image\" \/>\n<meta name=\"twitter:creator\" content=\"@iquilibrio\" \/>\n<meta name=\"twitter:site\" content=\"@iquilibrio\" \/>\n<meta name=\"twitter:label1\" content=\"Escrito por\" \/>\n\t<meta name=\"twitter:data1\" content=\"Arthur Peroni\" \/>\n\t<meta name=\"twitter:label2\" content=\"Est. tempo de leitura\" \/>\n\t<meta name=\"twitter:data2\" content=\"3 minutos\" \/>\n<script type=\"application\/ld+json\" class=\"yoast-schema-graph\">{\"@context\":\"https:\\\/\\\/schema.org\",\"@graph\":[{\"@type\":\"Article\",\"@id\":\"https:\\\/\\\/www.iquilibrio.com\\\/blog\\\/ciclo-lunar-semanal\\\/ciclos-lunares-da-semanal-02-a-08-02\\\/#article\",\"isPartOf\":{\"@id\":\"https:\\\/\\\/www.iquilibrio.com\\\/blog\\\/ciclo-lunar-semanal\\\/ciclos-lunares-da-semanal-02-a-08-02\\\/\"},\"author\":{\"name\":\"Arthur Peroni\",\"@id\":\"https:\\\/\\\/www.iquilibrio.com\\\/blog\\\/#\\\/schema\\\/person\\\/21ae990723c2e5a1170c9a06dacb4d3d\"},\"headline\":\"Ciclos lunares da semana! &#8211; 02 a 08\\\/02\",\"datePublished\":\"2024-02-01T10:00:34+00:00\",\"dateModified\":\"2024-02-05T13:00:26+00:00\",\"mainEntityOfPage\":{\"@id\":\"https:\\\/\\\/www.iquilibrio.com\\\/blog\\\/ciclo-lunar-semanal\\\/ciclos-lunares-da-semanal-02-a-08-02\\\/\"},\"wordCount\":550,\"publisher\":{\"@id\":\"https:\\\/\\\/www.iquilibrio.com\\\/blog\\\/#organization\"},\"image\":{\"@id\":\"https:\\\/\\\/www.iquilibrio.com\\\/blog\\\/ciclo-lunar-semanal\\\/ciclos-lunares-da-semanal-02-a-08-02\\\/#primaryimage\"},\"thumbnailUrl\":\"https:\\\/\\\/www.iquilibrio.com\\\/blog\\\/wp-content\\\/uploads\\\/2024\\\/01\\\/Ciclo-lunar-semanal.jpg\",\"articleSection\":[\"Ciclo Lunar semanal\"],\"inLanguage\":\"pt-BR\"},{\"@type\":\"WebPage\",\"@id\":\"https:\\\/\\\/www.iquilibrio.com\\\/blog\\\/ciclo-lunar-semanal\\\/ciclos-lunares-da-semanal-02-a-08-02\\\/\",\"url\":\"https:\\\/\\\/www.iquilibrio.com\\\/blog\\\/ciclo-lunar-semanal\\\/ciclos-lunares-da-semanal-02-a-08-02\\\/\",\"name\":\"Ciclos lunares da semana! - 02 a 08\\\/02 - iQuilibrio\",\"isPartOf\":{\"@id\":\"https:\\\/\\\/www.iquilibrio.com\\\/blog\\\/#website\"},\"primaryImageOfPage\":{\"@id\":\"https:\\\/\\\/www.iquilibrio.com\\\/blog\\\/ciclo-lunar-semanal\\\/ciclos-lunares-da-semanal-02-a-08-02\\\/#primaryimage\"},\"image\":{\"@id\":\"https:\\\/\\\/www.iquilibrio.com\\\/blog\\\/ciclo-lunar-semanal\\\/ciclos-lunares-da-semanal-02-a-08-02\\\/#primaryimage\"},\"thumbnailUrl\":\"https:\\\/\\\/www.iquilibrio.com\\\/blog\\\/wp-content\\\/uploads\\\/2024\\\/01\\\/Ciclo-lunar-semanal.jpg\",\"datePublished\":\"2024-02-01T10:00:34+00:00\",\"dateModified\":\"2024-02-05T13:00:26+00:00\",\"breadcrumb\":{\"@id\":\"https:\\\/\\\/www.iquilibrio.com\\\/blog\\\/ciclo-lunar-semanal\\\/ciclos-lunares-da-semanal-02-a-08-02\\\/#breadcrumb\"},\"inLanguage\":\"pt-BR\",\"potentialAction\":[{\"@type\":\"ReadAction\",\"target\":[\"https:\\\/\\\/www.iquilibrio.com\\\/blog\\\/ciclo-lunar-semanal\\\/ciclos-lunares-da-semanal-02-a-08-02\\\/\"]}]},{\"@type\":\"ImageObject\",\"inLanguage\":\"pt-BR\",\"@id\":\"https:\\\/\\\/www.iquilibrio.com\\\/blog\\\/ciclo-lunar-semanal\\\/ciclos-lunares-da-semanal-02-a-08-02\\\/#primaryimage\",\"url\":\"https:\\\/\\\/www.iquilibrio.com\\\/blog\\\/wp-content\\\/uploads\\\/2024\\\/01\\\/Ciclo-lunar-semanal.jpg\",\"contentUrl\":\"https:\\\/\\\/www.iquilibrio.com\\\/blog\\\/wp-content\\\/uploads\\\/2024\\\/01\\\/Ciclo-lunar-semanal.jpg\",\"width\":730,\"height\":365},{\"@type\":\"BreadcrumbList\",\"@id\":\"https:\\\/\\\/www.iquilibrio.com\\\/blog\\\/ciclo-lunar-semanal\\\/ciclos-lunares-da-semanal-02-a-08-02\\\/#breadcrumb\",\"itemListElement\":[{\"@type\":\"ListItem\",\"position\":1,\"name\":\"In\u00edcio\",\"item\":\"https:\\\/\\\/www.iquilibrio.com\\\/blog\\\/\"},{\"@type\":\"ListItem\",\"position\":2,\"name\":\"Ciclos lunares da semana! &#8211; 02 a 08\\\/02\"}]},{\"@type\":\"WebSite\",\"@id\":\"https:\\\/\\\/www.iquilibrio.com\\\/blog\\\/#website\",\"url\":\"https:\\\/\\\/www.iquilibrio.com\\\/blog\\\/\",\"name\":\"iQuilibrio\",\"description\":\"Blog iQuilibrio\",\"publisher\":{\"@id\":\"https:\\\/\\\/www.iquilibrio.com\\\/blog\\\/#organization\"},\"potentialAction\":[{\"@type\":\"SearchAction\",\"target\":{\"@type\":\"EntryPoint\",\"urlTemplate\":\"https:\\\/\\\/www.iquilibrio.com\\\/blog\\\/?s={search_term_string}\"},\"query-input\":{\"@type\":\"PropertyValueSpecification\",\"valueRequired\":true,\"valueName\":\"search_term_string\"}}],\"inLanguage\":\"pt-BR\"},{\"@type\":\"Organization\",\"@id\":\"https:\\\/\\\/www.iquilibrio.com\\\/blog\\\/#organization\",\"name\":\"Esoterismo, Misticismo e Tarot Online - iQuilibrio\",\"url\":\"https:\\\/\\\/www.iquilibrio.com\\\/blog\\\/\",\"logo\":{\"@type\":\"ImageObject\",\"inLanguage\":\"pt-BR\",\"@id\":\"https:\\\/\\\/www.iquilibrio.com\\\/blog\\\/#\\\/schema\\\/logo\\\/image\\\/\",\"url\":\"https:\\\/\\\/www.iquilibrio.com\\\/blog\\\/wp-content\\\/uploads\\\/2018\\\/12\\\/iquilibrio_lovo_vetor_preto-retina.png\",\"contentUrl\":\"https:\\\/\\\/www.iquilibrio.com\\\/blog\\\/wp-content\\\/uploads\\\/2018\\\/12\\\/iquilibrio_lovo_vetor_preto-retina.png\",\"width\":972,\"height\":180,\"caption\":\"Esoterismo, Misticismo e Tarot Online - iQuilibrio\"},\"image\":{\"@id\":\"https:\\\/\\\/www.iquilibrio.com\\\/blog\\\/#\\\/schema\\\/logo\\\/image\\\/\"},\"sameAs\":[\"https:\\\/\\\/www.facebook.com\\\/iQuilibrio\\\/\",\"https:\\\/\\\/x.com\\\/iquilibrio\",\"https:\\\/\\\/www.instagram.com\\\/iquilibrio\\\/\",\"https:\\\/\\\/www.linkedin.com\\\/company\\\/iquilibrio\\\/\",\"https:\\\/\\\/br.pinterest.com\\\/iquilibrio1397\\\/\",\"https:\\\/\\\/www.youtube.com\\\/channel\\\/UC175qxd-4Zsi4wzawT5zF2g\"]},{\"@type\":\"Person\",\"@id\":\"https:\\\/\\\/www.iquilibrio.com\\\/blog\\\/#\\\/schema\\\/person\\\/21ae990723c2e5a1170c9a06dacb4d3d\",\"name\":\"Arthur Peroni\",\"image\":{\"@type\":\"ImageObject\",\"inLanguage\":\"pt-BR\",\"@id\":\"https:\\\/\\\/www.iquilibrio.com\\\/blog\\\/wp-content\\\/uploads\\\/2023\\\/04\\\/Arthur-Peroni-150x150.jpg\",\"url\":\"https:\\\/\\\/www.iquilibrio.com\\\/blog\\\/wp-content\\\/uploads\\\/2023\\\/04\\\/Arthur-Peroni-150x150.jpg\",\"contentUrl\":\"https:\\\/\\\/www.iquilibrio.com\\\/blog\\\/wp-content\\\/uploads\\\/2023\\\/04\\\/Arthur-Peroni-150x150.jpg\",\"caption\":\"Arthur Peroni\"},\"description\":\"Arthur Peroni escreve sobre a vida, o universo e tudo mais. Amante da literatura m\u00edstica, e fic\u00e7\u00e3o, descobriu sua carreira de redator gra\u00e7as ao h\u00e1bito de leitura constante sobre fantasia e drama. Nas horas vagas, gosta de cozinhar, ler e ver filmes antigos. J\u00e1 trabalhou com, comunica\u00e7\u00e3o social, massoterapia, terapias hol\u00edsticas e design de interiores. Atualmente trabalha como redator SEO e se entusiasma com tudo o que \u00e9 esot\u00e9rico. Gosta de discutir sobre assuntos complexos e instigantes, e v\u00ea na escrita uma oportunidade de aprender e criar todos os dias, mentalmente e espiritualmente.\",\"url\":\"https:\\\/\\\/www.iquilibrio.com\\\/blog\\\/author\\\/raul-vinicius\\\/\"}]}<\/script>\n<!-- \/ Yoast SEO plugin. -->","yoast_head_json":{"title":"Ciclos lunares da semana! - 02 a 08\/02 - iQuilibrio","robots":{"index":"index","follow":"follow","max-snippet":"max-snippet:-1","max-image-preview":"max-image-preview:large","max-video-preview":"max-video-preview:-1"},"canonical":"https:\/\/www.iquilibrio.com\/blog\/ciclo-lunar-semanal\/ciclos-lunares-da-semanal-02-a-08-02\/","og_locale":"pt_BR","og_type":"article","og_title":"Ciclos lunares da semana! - 02 a 08\/02 - iQuilibrio","og_description":"Querido leitor, entremos juntos nesse oceano de energias lunares que, como mar\u00e9s secretas, influenciam nosso ser ao longo da semana.\u00a0 E nesse m\u00eas que se inicia nossa explora\u00e7\u00e3o c\u00f3smica, em uma jornada de renascimento e saber que podem transformar sua vida e como voc\u00ea a enxerga. Vamos desvendar juntos os segredos desses pr\u00f3ximos dias. Lua [&hellip;]","og_url":"https:\/\/www.iquilibrio.com\/blog\/ciclo-lunar-semanal\/ciclos-lunares-da-semanal-02-a-08-02\/","og_site_name":"iQuilibrio","article_publisher":"https:\/\/www.facebook.com\/iQuilibrio\/","article_published_time":"2024-02-01T10:00:34+00:00","article_modified_time":"2024-02-05T13:00:26+00:00","og_image":[{"width":730,"height":365,"url":"https:\/\/www.iquilibrio.com\/blog\/wp-content\/uploads\/2024\/01\/Ciclo-lunar-semanal.jpg","type":"image\/jpeg"}],"author":"Arthur Peroni","twitter_card":"summary_large_image","twitter_creator":"@iquilibrio","twitter_site":"@iquilibrio","twitter_misc":{"Escrito por":"Arthur Peroni","Est. tempo de leitura":"3 minutos"},"schema":{"@context":"https:\/\/schema.org","@graph":[{"@type":"Article","@id":"https:\/\/www.iquilibrio.com\/blog\/ciclo-lunar-semanal\/ciclos-lunares-da-semanal-02-a-08-02\/#article","isPartOf":{"@id":"https:\/\/www.iquilibrio.com\/blog\/ciclo-lunar-semanal\/ciclos-lunares-da-semanal-02-a-08-02\/"},"author":{"name":"Arthur Peroni","@id":"https:\/\/www.iquilibrio.com\/blog\/#\/schema\/person\/21ae990723c2e5a1170c9a06dacb4d3d"},"headline":"Ciclos lunares da semana! &#8211; 02 a 08\/02","datePublished":"2024-02-01T10:00:34+00:00","dateModified":"2024-02-05T13:00:26+00:00","mainEntityOfPage":{"@id":"https:\/\/www.iquilibrio.com\/blog\/ciclo-lunar-semanal\/ciclos-lunares-da-semanal-02-a-08-02\/"},"wordCount":550,"publisher":{"@id":"https:\/\/www.iquilibrio.com\/blog\/#organization"},"image":{"@id":"https:\/\/www.iquilibrio.com\/blog\/ciclo-lunar-semanal\/ciclos-lunares-da-semanal-02-a-08-02\/#primaryimage"},"thumbnailUrl":"https:\/\/www.iquilibrio.com\/blog\/wp-content\/uploads\/2024\/01\/Ciclo-lunar-semanal.jpg","articleSection":["Ciclo Lunar semanal"],"inLanguage":"pt-BR"},{"@type":"WebPage","@id":"https:\/\/www.iquilibrio.com\/blog\/ciclo-lunar-semanal\/ciclos-lunares-da-semanal-02-a-08-02\/","url":"https:\/\/www.iquilibrio.com\/blog\/ciclo-lunar-semanal\/ciclos-lunares-da-semanal-02-a-08-02\/","name":"Ciclos lunares da semana! - 02 a 08\/02 - iQuilibrio","isPartOf":{"@id":"https:\/\/www.iquilibrio.com\/blog\/#website"},"primaryImageOfPage":{"@id":"https:\/\/www.iquilibrio.com\/blog\/ciclo-lunar-semanal\/ciclos-lunares-da-semanal-02-a-08-02\/#primaryimage"},"image":{"@id":"https:\/\/www.iquilibrio.com\/blog\/ciclo-lunar-semanal\/ciclos-lunares-da-semanal-02-a-08-02\/#primaryimage"},"thumbnailUrl":"https:\/\/www.iquilibrio.com\/blog\/wp-content\/uploads\/2024\/01\/Ciclo-lunar-semanal.jpg","datePublished":"2024-02-01T10:00:34+00:00","dateModified":"2024-02-05T13:00:26+00:00","breadcrumb":{"@id":"https:\/\/www.iquilibrio.com\/blog\/ciclo-lunar-semanal\/ciclos-lunares-da-semanal-02-a-08-02\/#breadcrumb"},"inLanguage":"pt-BR","potentialAction":[{"@type":"ReadAction","target":["https:\/\/www.iquilibrio.com\/blog\/ciclo-lunar-semanal\/ciclos-lunares-da-semanal-02-a-08-02\/"]}]},{"@type":"ImageObject","inLanguage":"pt-BR","@id":"https:\/\/www.iquilibrio.com\/blog\/ciclo-lunar-semanal\/ciclos-lunares-da-semanal-02-a-08-02\/#primaryimage","url":"https:\/\/www.iquilibrio.com\/blog\/wp-content\/uploads\/2024\/01\/Ciclo-lunar-semanal.jpg","contentUrl":"https:\/\/www.iquilibrio.com\/blog\/wp-content\/uploads\/2024\/01\/Ciclo-lunar-semanal.jpg","width":730,"height":365},{"@type":"BreadcrumbList","@id":"https:\/\/www.iquilibrio.com\/blog\/ciclo-lunar-semanal\/ciclos-lunares-da-semanal-02-a-08-02\/#breadcrumb","itemListElement":[{"@type":"ListItem","position":1,"name":"In\u00edcio","item":"https:\/\/www.iquilibrio.com\/blog\/"},{"@type":"ListItem","position":2,"name":"Ciclos lunares da semana! &#8211; 02 a 08\/02"}]},{"@type":"WebSite","@id":"https:\/\/www.iquilibrio.com\/blog\/#website","url":"https:\/\/www.iquilibrio.com\/blog\/","name":"iQuilibrio","description":"Blog iQuilibrio","publisher":{"@id":"https:\/\/www.iquilibrio.com\/blog\/#organization"},"potentialAction":[{"@type":"SearchAction","target":{"@type":"EntryPoint","urlTemplate":"https:\/\/www.iquilibrio.com\/blog\/?s={search_term_string}"},"query-input":{"@type":"PropertyValueSpecification","valueRequired":true,"valueName":"search_term_string"}}],"inLanguage":"pt-BR"},{"@type":"Organization","@id":"https:\/\/www.iquilibrio.com\/blog\/#organization","name":"Esoterismo, Misticismo e Tarot Online - iQuilibrio","url":"https:\/\/www.iquilibrio.com\/blog\/","logo":{"@type":"ImageObject","inLanguage":"pt-BR","@id":"https:\/\/www.iquilibrio.com\/blog\/#\/schema\/logo\/image\/","url":"https:\/\/www.iquilibrio.com\/blog\/wp-content\/uploads\/2018\/12\/iquilibrio_lovo_vetor_preto-retina.png","contentUrl":"https:\/\/www.iquilibrio.com\/blog\/wp-content\/uploads\/2018\/12\/iquilibrio_lovo_vetor_preto-retina.png","width":972,"height":180,"caption":"Esoterismo, Misticismo e Tarot Online - iQuilibrio"},"image":{"@id":"https:\/\/www.iquilibrio.com\/blog\/#\/schema\/logo\/image\/"},"sameAs":["https:\/\/www.facebook.com\/iQuilibrio\/","https:\/\/x.com\/iquilibrio","https:\/\/www.instagram.com\/iquilibrio\/","https:\/\/www.linkedin.com\/company\/iquilibrio\/","https:\/\/br.pinterest.com\/iquilibrio1397\/","https:\/\/www.youtube.com\/channel\/UC175qxd-4Zsi4wzawT5zF2g"]},{"@type":"Person","@id":"https:\/\/www.iquilibrio.com\/blog\/#\/schema\/person\/21ae990723c2e5a1170c9a06dacb4d3d","name":"Arthur Peroni","image":{"@type":"ImageObject","inLanguage":"pt-BR","@id":"https:\/\/www.iquilibrio.com\/blog\/wp-content\/uploads\/2023\/04\/Arthur-Peroni-150x150.jpg","url":"https:\/\/www.iquilibrio.com\/blog\/wp-content\/uploads\/2023\/04\/Arthur-Peroni-150x150.jpg","contentUrl":"https:\/\/www.iquilibrio.com\/blog\/wp-content\/uploads\/2023\/04\/Arthur-Peroni-150x150.jpg","caption":"Arthur Peroni"},"description":"Arthur Peroni escreve sobre a vida, o universo e tudo mais. Amante da literatura m\u00edstica, e fic\u00e7\u00e3o, descobriu sua carreira de redator gra\u00e7as ao h\u00e1bito de leitura constante sobre fantasia e drama. Nas horas vagas, gosta de cozinhar, ler e ver filmes antigos. J\u00e1 trabalhou com, comunica\u00e7\u00e3o social, massoterapia, terapias hol\u00edsticas e design de interiores. Atualmente trabalha como redator SEO e se entusiasma com tudo o que \u00e9 esot\u00e9rico. Gosta de discutir sobre assuntos complexos e instigantes, e v\u00ea na escrita uma oportunidade de aprender e criar todos os dias, mentalmente e espiritualmente.","url":"https:\/\/www.iquilibrio.com\/blog\/author\/raul-vinicius\/"}]}},"_links":{"self":[{"href":"https:\/\/www.iquilibrio.com\/blog\/wp-json\/wp\/v2\/posts\/40160","targetHints":{"allow":["GET"]}}],"collection":[{"href":"https:\/\/www.iquilibrio.com\/blog\/wp-json\/wp\/v2\/posts"}],"about":[{"href":"https:\/\/www.iquilibrio.com\/blog\/wp-json\/wp\/v2\/types\/post"}],"author":[{"embeddable":true,"href":"https:\/\/www.iquilibrio.com\/blog\/wp-json\/wp\/v2\/users\/158"}],"replies":[{"embeddable":true,"href":"https:\/\/www.iquilibrio.com\/blog\/wp-json\/wp\/v2\/comments?post=40160"}],"version-history":[{"count":2,"href":"https:\/\/www.iquilibrio.com\/blog\/wp-json\/wp\/v2\/posts\/40160\/revisions"}],"predecessor-version":[{"id":40191,"href":"https:\/\/www.iquilibrio.com\/blog\/wp-json\/wp\/v2\/posts\/40160\/revisions\/40191"}],"wp:featuredmedia":[{"embeddable":true,"href":"https:\/\/www.iquilibrio.com\/blog\/wp-json\/wp\/v2\/media\/40040"}],"wp:attachment":[{"href":"https:\/\/www.iquilibrio.com\/blog\/wp-json\/wp\/v2\/media?parent=40160"}],"wp:term":[{"taxonomy":"category","embeddable":true,"href":"https:\/\/www.iquilibrio.com\/blog\/wp-json\/wp\/v2\/categories?post=40160"},{"taxonomy":"post_tag","embeddable":true,"href":"https:\/\/www.iquilibrio.com\/blog\/wp-json\/wp\/v2\/tags?post=40160"}],"curies":[{"name":"wp","href":"https:\/\/api.w.org\/{rel}","templated":true}]}}