{"id":40139,"date":"2024-01-26T14:07:14","date_gmt":"2024-01-26T17:07:14","guid":{"rendered":"https:\/\/www.iquilibrio.com\/blog\/?p=40139"},"modified":"2024-01-26T14:07:14","modified_gmt":"2024-01-26T17:07:14","slug":"ciclo-lunar-semanal-25-01-a-01-02","status":"publish","type":"post","link":"https:\/\/www.iquilibrio.com\/blog\/ciclo-lunar-semanal\/ciclo-lunar-semanal-25-01-a-01-02\/","title":{"rendered":"Ciclo Lunar Semanal, 25\/01 a 01\/02"},"content":{"rendered":"<h2><b>O Fim e o Come\u00e7o da Transforma\u00e7\u00e3o<\/b><\/h2>\n<p><span style=\"font-weight: 400;\">Caros leitores, embarcamos juntos nesta dan\u00e7a m\u00e1gica das energias lunares, onde cada fase \u00e9 uma melodia \u00fanica a guiar nossa semana. Vamos viajar nessa jornada c\u00f3smica, e encontrar segredos celestiais que podem enriquecer sua vida.<\/span><\/p>\n<p><span style=\"font-weight: 400;\">Vamos explorar, de forma \u00fanica, como esses ciclos lunares podem ser aliados preciosos em nossa vida e entender a mensagem pessoal de cada fase lunar!<\/span><\/p>\n<h3><b>Lua Cheia em Le\u00e3o&#x1f315;&#x264c;25\/01 : Desperte Sua Luz Interior<\/b><\/h3>\n<p><span style=\"font-weight: 400;\">Sob a espl\u00eandida Lua Cheia em Le\u00e3o, em 25 de janeiro, convido voc\u00ea a despertar a luz \u00fanica que mora em seu cora\u00e7\u00e3o. Celebre suas vit\u00f3rias, abrace sua autenticidade e permita que sua ess\u00eancia brilhe, iluminando os cantos mais obscuros da sua exist\u00eancia.<\/span><\/p>\n<p><b>Benef\u00edcios no Dia a Dia:<\/b><span style=\"font-weight: 400;\"> Brilhe com confian\u00e7a, destacando-se em sua singularidade, e encare cada desafio com a certeza de que sua luz \u00e9 \u00fanica.<\/span><\/p>\n<p><b>Dica do Emyllian:<\/b><span style=\"font-weight: 400;\"> Incenso de s\u00e2ndalo para criar um espa\u00e7o sagrado, elevando sua espiritualidade.<\/span><\/p>\n<p><b>Cristal:<\/b><span style=\"font-weight: 400;\"> Citrino, para atrair prosperidade e ressaltar sua luz pessoal.<\/span><\/p>\n<p><b>Mantra:<\/b> <i><span style=\"font-weight: 400;\">&#8220;Em meu cora\u00e7\u00e3o, brilha a luz \u00fanica que ilumina meu caminho.&#8221;<\/span><\/i><\/p>\n<hr \/>\n<h3><b>Lua em Virgem&#x1f31c;&#x264d; 27\/01 a 29\/01: Purifica\u00e7\u00e3o e Organiza\u00e7\u00e3o Interna<\/b><\/h3>\n<p><span style=\"font-weight: 400;\">Ao adentrarmos na influ\u00eancia de Virgem entre os dias 27 e 29 de janeiro, a Lua nos convida a uma jornada de purifica\u00e7\u00e3o e organiza\u00e7\u00e3o. \u00c9 hora de limpar o espa\u00e7o interno, deixando espa\u00e7o para o novo fluir em sua vida.<\/span><\/p>\n<p><b>Benef\u00edcios no Dia a Dia:<\/b><span style=\"font-weight: 400;\"> Promova ordem e clareza, permitindo que a paz interior seja seu guia em meio ao caos cotidiano.<\/span><\/p>\n<p><b>Dica do Emyllian:<\/b><span style=\"font-weight: 400;\"> Incenso de lavanda para relaxar a mente e purificar o ambiente ao seu redor.<\/span><\/p>\n<p><b>Cristal:<\/b><span style=\"font-weight: 400;\"> \u00c1gata, para estabilidade emocional e prote\u00e7\u00e3o energ\u00e9tica.<\/span><\/p>\n<p><b>Mantra:<\/b> <b><i>&#8220;Minha vida \u00e9 um espa\u00e7o claro e organizado.&#8221;<\/i><\/b><\/p>\n<hr \/>\n<h3><b>Lua em Libra &#x1f316;&#x264e;30\/01 a 31\/01: Equil\u00edbrio nas Rela\u00e7\u00f5es e na Alma<\/b><\/h3>\n<p><span style=\"font-weight: 400;\">Com a Lua transitando por Libra entre os dias 30 e 31 de janeiro, encontramos o equil\u00edbrio nas rela\u00e7\u00f5es e na nossa pr\u00f3pria ess\u00eancia. Explore a harmonia interna e busque o justo equil\u00edbrio nas intera\u00e7\u00f5es com o mundo ao seu redor.<\/span><\/p>\n<p><b>Benef\u00edcios no Dia a Dia:<\/b><span style=\"font-weight: 400;\"> Cultive relacionamentos saud\u00e1veis e harmonia em suas atividades di\u00e1rias, promovendo a serenidade.<\/span><\/p>\n<p><b>Dica do Emyllian:<\/b><span style=\"font-weight: 400;\"> Incenso de rosa para atrair amor e promover a paz nos relacionamentos.<\/span><\/p>\n<p><b>Cristal:<\/b><span style=\"font-weight: 400;\"> Quartzo Rosa, para fortalecer o amor pr\u00f3prio e atrair energias positivas.<\/span><\/p>\n<p><b>Mantra:<\/b> <b><i>&#8220;Em equil\u00edbrio, encontro a paz em meu cora\u00e7\u00e3o.&#8221;<\/i><\/b><\/p>\n<hr \/>\n<h3><b>Lua em Escorpi\u00e3o&#x1f318;&#x264f; 01\/02 a 03\/02: Renascimento Interior (Novo M\u00eas)<\/b><\/h3>\n<p><span style=\"font-weight: 400;\">\u00c0 medida que entramos em fevereiro com a Lua em Escorpi\u00e3o, entre os dias 01 e 03, convido-o(a) a vivenciar um per\u00edodo de renascimento interior. Deixe ir o que n\u00e3o serve mais e permita que novas energias flores\u00e7am em sua vida.<\/span><\/p>\n<p><b>Benef\u00edcios no Dia a Dia:<\/b><span style=\"font-weight: 400;\"> Abra-se para transforma\u00e7\u00f5es profundas, promovendo crescimento e renova\u00e7\u00e3o em todas as \u00e1reas da sua exist\u00eancia.<\/span><\/p>\n<p><b>Dica do Emyllian:<\/b><span style=\"font-weight: 400;\"> Incenso de mirra para purificar e criar um ambiente prop\u00edcio \u00e0 introspec\u00e7\u00e3o.<\/span><\/p>\n<p><b>Cristal:<\/b><span style=\"font-weight: 400;\"> Obsidiana Negra, para dissolver energias negativas e facilitar o renascimento.<\/span><\/p>\n<p><b>Mantra:<\/b> <b><i>&#8220;Em cada fim, encontro um novo come\u00e7o.&#8221;<\/i><\/b><\/p>\n<hr \/>\n<p><span style=\"font-weight: 400;\">Que esta jornada lunar seja uma sinfonia de auto descoberta e transforma\u00e7\u00e3o pessoal. Sintonize-se com essas energias celestiais, permitindo que guiem sua jornada interior.<\/span><\/p>\n<p><span style=\"font-weight: 400;\">Com luz e sabedoria c\u00f3smica,<\/span><\/p>\n<p><span style=\"font-weight: 400;\">Emyllian Kali<\/span><\/p>\n\n\n<div class=\"kk-star-ratings kksr-auto kksr-align-left kksr-valign-bottom\"\n    data-payload='{&quot;align&quot;:&quot;left&quot;,&quot;id&quot;:&quot;40139&quot;,&quot;slug&quot;:&quot;default&quot;,&quot;valign&quot;:&quot;bottom&quot;,&quot;ignore&quot;:&quot;&quot;,&quot;reference&quot;:&quot;auto&quot;,&quot;class&quot;:&quot;&quot;,&quot;count&quot;:&quot;0&quot;,&quot;legendonly&quot;:&quot;&quot;,&quot;readonly&quot;:&quot;&quot;,&quot;score&quot;:&quot;0&quot;,&quot;starsonly&quot;:&quot;&quot;,&quot;best&quot;:&quot;5&quot;,&quot;gap&quot;:&quot;5&quot;,&quot;greet&quot;:&quot;Rate this post&quot;,&quot;legend&quot;:&quot;0\\\/5 - (0 voto)&quot;,&quot;size&quot;:&quot;24&quot;,&quot;title&quot;:&quot;Ciclo Lunar Semanal, 25\\\/01 a 01\\\/02&quot;,&quot;width&quot;:&quot;0&quot;,&quot;_legend&quot;:&quot;{score}\\\/{best} - ({count} {votes})&quot;,&quot;font_factor&quot;:&quot;1.25&quot;}'>\n            \n<div class=\"kksr-stars\">\n    \n<div class=\"kksr-stars-inactive\">\n            <div class=\"kksr-star\" data-star=\"1\" style=\"padding-right: 5px\">\n            \n\n<div class=\"kksr-icon\" style=\"width: 24px; height: 24px;\"><\/div>\n        <\/div>\n            <div class=\"kksr-star\" data-star=\"2\" style=\"padding-right: 5px\">\n            \n\n<div class=\"kksr-icon\" style=\"width: 24px; height: 24px;\"><\/div>\n        <\/div>\n            <div class=\"kksr-star\" data-star=\"3\" style=\"padding-right: 5px\">\n            \n\n<div class=\"kksr-icon\" style=\"width: 24px; height: 24px;\"><\/div>\n        <\/div>\n            <div class=\"kksr-star\" data-star=\"4\" style=\"padding-right: 5px\">\n            \n\n<div class=\"kksr-icon\" style=\"width: 24px; height: 24px;\"><\/div>\n        <\/div>\n            <div class=\"kksr-star\" data-star=\"5\" style=\"padding-right: 5px\">\n            \n\n<div class=\"kksr-icon\" style=\"width: 24px; height: 24px;\"><\/div>\n        <\/div>\n    <\/div>\n    \n<div class=\"kksr-stars-active\" style=\"width: 0px;\">\n            <div class=\"kksr-star\" style=\"padding-right: 5px\">\n            \n\n<div class=\"kksr-icon\" style=\"width: 24px; height: 24px;\"><\/div>\n        <\/div>\n            <div class=\"kksr-star\" style=\"padding-right: 5px\">\n            \n\n<div class=\"kksr-icon\" style=\"width: 24px; height: 24px;\"><\/div>\n        <\/div>\n            <div class=\"kksr-star\" style=\"padding-right: 5px\">\n            \n\n<div class=\"kksr-icon\" style=\"width: 24px; height: 24px;\"><\/div>\n        <\/div>\n            <div class=\"kksr-star\" style=\"padding-right: 5px\">\n            \n\n<div class=\"kksr-icon\" style=\"width: 24px; height: 24px;\"><\/div>\n        <\/div>\n            <div class=\"kksr-star\" style=\"padding-right: 5px\">\n            \n\n<div class=\"kksr-icon\" style=\"width: 24px; height: 24px;\"><\/div>\n        <\/div>\n    <\/div>\n<\/div>\n                \n\n<div class=\"kksr-legend\" style=\"font-size: 19.2px;\">\n            <span class=\"kksr-muted\">Rate this post<\/span>\n    <\/div>\n    <\/div>\n","protected":false},"excerpt":{"rendered":"<p>O Fim e o Come\u00e7o da Transforma\u00e7\u00e3o Caros leitores, embarcamos juntos nesta dan\u00e7a m\u00e1gica das energias lunares, onde cada fase \u00e9 uma melodia \u00fanica a guiar nossa semana. Vamos viajar nessa jornada c\u00f3smica, e encontrar segredos celestiais que podem enriquecer sua vida. Vamos explorar, de forma \u00fanica, como esses ciclos lunares podem ser aliados preciosos [&hellip;]<\/p>\n","protected":false},"author":158,"featured_media":40040,"comment_status":"closed","ping_status":"closed","sticky":false,"template":"","format":"standard","meta":{"footnotes":""},"categories":[4893],"tags":[],"class_list":["post-40139","post","type-post","status-publish","format-standard","has-post-thumbnail","hentry","category-ciclo-lunar-semanal"],"yoast_head":"<!-- This site is optimized with the Yoast SEO plugin v27.4 - https:\/\/yoast.com\/product\/yoast-seo-wordpress\/ -->\n<title>Ciclo Lunar Semanal, 25\/01 a 01\/02 - iQuilibrio<\/title>\n<meta name=\"robots\" content=\"index, follow, max-snippet:-1, max-image-preview:large, max-video-preview:-1\" \/>\n<link rel=\"canonical\" href=\"https:\/\/www.iquilibrio.com\/blog\/ciclo-lunar-semanal\/ciclo-lunar-semanal-25-01-a-01-02\/\" \/>\n<meta property=\"og:locale\" content=\"pt_BR\" \/>\n<meta property=\"og:type\" content=\"article\" \/>\n<meta property=\"og:title\" content=\"Ciclo Lunar Semanal, 25\/01 a 01\/02 - iQuilibrio\" \/>\n<meta property=\"og:description\" content=\"O Fim e o Come\u00e7o da Transforma\u00e7\u00e3o Caros leitores, embarcamos juntos nesta dan\u00e7a m\u00e1gica das energias lunares, onde cada fase \u00e9 uma melodia \u00fanica a guiar nossa semana. Vamos viajar nessa jornada c\u00f3smica, e encontrar segredos celestiais que podem enriquecer sua vida. Vamos explorar, de forma \u00fanica, como esses ciclos lunares podem ser aliados preciosos [&hellip;]\" \/>\n<meta property=\"og:url\" content=\"https:\/\/www.iquilibrio.com\/blog\/ciclo-lunar-semanal\/ciclo-lunar-semanal-25-01-a-01-02\/\" \/>\n<meta property=\"og:site_name\" content=\"iQuilibrio\" \/>\n<meta property=\"article:publisher\" content=\"https:\/\/www.facebook.com\/iQuilibrio\/\" \/>\n<meta property=\"article:published_time\" content=\"2024-01-26T17:07:14+00:00\" \/>\n<meta property=\"og:image\" content=\"https:\/\/www.iquilibrio.com\/blog\/wp-content\/uploads\/2024\/01\/Ciclo-lunar-semanal.jpg\" \/>\n\t<meta property=\"og:image:width\" content=\"730\" \/>\n\t<meta property=\"og:image:height\" content=\"365\" \/>\n\t<meta property=\"og:image:type\" content=\"image\/jpeg\" \/>\n<meta name=\"author\" content=\"Arthur Peroni\" \/>\n<meta name=\"twitter:card\" content=\"summary_large_image\" \/>\n<meta name=\"twitter:creator\" content=\"@iquilibrio\" \/>\n<meta name=\"twitter:site\" content=\"@iquilibrio\" \/>\n<meta name=\"twitter:label1\" content=\"Escrito por\" \/>\n\t<meta name=\"twitter:data1\" content=\"Arthur Peroni\" \/>\n\t<meta name=\"twitter:label2\" content=\"Est. tempo de leitura\" \/>\n\t<meta name=\"twitter:data2\" content=\"3 minutos\" \/>\n<script type=\"application\/ld+json\" class=\"yoast-schema-graph\">{\"@context\":\"https:\\\/\\\/schema.org\",\"@graph\":[{\"@type\":\"Article\",\"@id\":\"https:\\\/\\\/www.iquilibrio.com\\\/blog\\\/ciclo-lunar-semanal\\\/ciclo-lunar-semanal-25-01-a-01-02\\\/#article\",\"isPartOf\":{\"@id\":\"https:\\\/\\\/www.iquilibrio.com\\\/blog\\\/ciclo-lunar-semanal\\\/ciclo-lunar-semanal-25-01-a-01-02\\\/\"},\"author\":{\"name\":\"Arthur Peroni\",\"@id\":\"https:\\\/\\\/www.iquilibrio.com\\\/blog\\\/#\\\/schema\\\/person\\\/21ae990723c2e5a1170c9a06dacb4d3d\"},\"headline\":\"Ciclo Lunar Semanal, 25\\\/01 a 01\\\/02\",\"datePublished\":\"2024-01-26T17:07:14+00:00\",\"mainEntityOfPage\":{\"@id\":\"https:\\\/\\\/www.iquilibrio.com\\\/blog\\\/ciclo-lunar-semanal\\\/ciclo-lunar-semanal-25-01-a-01-02\\\/\"},\"wordCount\":588,\"publisher\":{\"@id\":\"https:\\\/\\\/www.iquilibrio.com\\\/blog\\\/#organization\"},\"image\":{\"@id\":\"https:\\\/\\\/www.iquilibrio.com\\\/blog\\\/ciclo-lunar-semanal\\\/ciclo-lunar-semanal-25-01-a-01-02\\\/#primaryimage\"},\"thumbnailUrl\":\"https:\\\/\\\/www.iquilibrio.com\\\/blog\\\/wp-content\\\/uploads\\\/2024\\\/01\\\/Ciclo-lunar-semanal.jpg\",\"articleSection\":[\"Ciclo Lunar semanal\"],\"inLanguage\":\"pt-BR\"},{\"@type\":\"WebPage\",\"@id\":\"https:\\\/\\\/www.iquilibrio.com\\\/blog\\\/ciclo-lunar-semanal\\\/ciclo-lunar-semanal-25-01-a-01-02\\\/\",\"url\":\"https:\\\/\\\/www.iquilibrio.com\\\/blog\\\/ciclo-lunar-semanal\\\/ciclo-lunar-semanal-25-01-a-01-02\\\/\",\"name\":\"Ciclo Lunar Semanal, 25\\\/01 a 01\\\/02 - iQuilibrio\",\"isPartOf\":{\"@id\":\"https:\\\/\\\/www.iquilibrio.com\\\/blog\\\/#website\"},\"primaryImageOfPage\":{\"@id\":\"https:\\\/\\\/www.iquilibrio.com\\\/blog\\\/ciclo-lunar-semanal\\\/ciclo-lunar-semanal-25-01-a-01-02\\\/#primaryimage\"},\"image\":{\"@id\":\"https:\\\/\\\/www.iquilibrio.com\\\/blog\\\/ciclo-lunar-semanal\\\/ciclo-lunar-semanal-25-01-a-01-02\\\/#primaryimage\"},\"thumbnailUrl\":\"https:\\\/\\\/www.iquilibrio.com\\\/blog\\\/wp-content\\\/uploads\\\/2024\\\/01\\\/Ciclo-lunar-semanal.jpg\",\"datePublished\":\"2024-01-26T17:07:14+00:00\",\"breadcrumb\":{\"@id\":\"https:\\\/\\\/www.iquilibrio.com\\\/blog\\\/ciclo-lunar-semanal\\\/ciclo-lunar-semanal-25-01-a-01-02\\\/#breadcrumb\"},\"inLanguage\":\"pt-BR\",\"potentialAction\":[{\"@type\":\"ReadAction\",\"target\":[\"https:\\\/\\\/www.iquilibrio.com\\\/blog\\\/ciclo-lunar-semanal\\\/ciclo-lunar-semanal-25-01-a-01-02\\\/\"]}]},{\"@type\":\"ImageObject\",\"inLanguage\":\"pt-BR\",\"@id\":\"https:\\\/\\\/www.iquilibrio.com\\\/blog\\\/ciclo-lunar-semanal\\\/ciclo-lunar-semanal-25-01-a-01-02\\\/#primaryimage\",\"url\":\"https:\\\/\\\/www.iquilibrio.com\\\/blog\\\/wp-content\\\/uploads\\\/2024\\\/01\\\/Ciclo-lunar-semanal.jpg\",\"contentUrl\":\"https:\\\/\\\/www.iquilibrio.com\\\/blog\\\/wp-content\\\/uploads\\\/2024\\\/01\\\/Ciclo-lunar-semanal.jpg\",\"width\":730,\"height\":365},{\"@type\":\"BreadcrumbList\",\"@id\":\"https:\\\/\\\/www.iquilibrio.com\\\/blog\\\/ciclo-lunar-semanal\\\/ciclo-lunar-semanal-25-01-a-01-02\\\/#breadcrumb\",\"itemListElement\":[{\"@type\":\"ListItem\",\"position\":1,\"name\":\"In\u00edcio\",\"item\":\"https:\\\/\\\/www.iquilibrio.com\\\/blog\\\/\"},{\"@type\":\"ListItem\",\"position\":2,\"name\":\"Ciclo Lunar Semanal, 25\\\/01 a 01\\\/02\"}]},{\"@type\":\"WebSite\",\"@id\":\"https:\\\/\\\/www.iquilibrio.com\\\/blog\\\/#website\",\"url\":\"https:\\\/\\\/www.iquilibrio.com\\\/blog\\\/\",\"name\":\"iQuilibrio\",\"description\":\"Blog iQuilibrio\",\"publisher\":{\"@id\":\"https:\\\/\\\/www.iquilibrio.com\\\/blog\\\/#organization\"},\"potentialAction\":[{\"@type\":\"SearchAction\",\"target\":{\"@type\":\"EntryPoint\",\"urlTemplate\":\"https:\\\/\\\/www.iquilibrio.com\\\/blog\\\/?s={search_term_string}\"},\"query-input\":{\"@type\":\"PropertyValueSpecification\",\"valueRequired\":true,\"valueName\":\"search_term_string\"}}],\"inLanguage\":\"pt-BR\"},{\"@type\":\"Organization\",\"@id\":\"https:\\\/\\\/www.iquilibrio.com\\\/blog\\\/#organization\",\"name\":\"Esoterismo, Misticismo e Tarot Online - iQuilibrio\",\"url\":\"https:\\\/\\\/www.iquilibrio.com\\\/blog\\\/\",\"logo\":{\"@type\":\"ImageObject\",\"inLanguage\":\"pt-BR\",\"@id\":\"https:\\\/\\\/www.iquilibrio.com\\\/blog\\\/#\\\/schema\\\/logo\\\/image\\\/\",\"url\":\"https:\\\/\\\/www.iquilibrio.com\\\/blog\\\/wp-content\\\/uploads\\\/2018\\\/12\\\/iquilibrio_lovo_vetor_preto-retina.png\",\"contentUrl\":\"https:\\\/\\\/www.iquilibrio.com\\\/blog\\\/wp-content\\\/uploads\\\/2018\\\/12\\\/iquilibrio_lovo_vetor_preto-retina.png\",\"width\":972,\"height\":180,\"caption\":\"Esoterismo, Misticismo e Tarot Online - iQuilibrio\"},\"image\":{\"@id\":\"https:\\\/\\\/www.iquilibrio.com\\\/blog\\\/#\\\/schema\\\/logo\\\/image\\\/\"},\"sameAs\":[\"https:\\\/\\\/www.facebook.com\\\/iQuilibrio\\\/\",\"https:\\\/\\\/x.com\\\/iquilibrio\",\"https:\\\/\\\/www.instagram.com\\\/iquilibrio\\\/\",\"https:\\\/\\\/www.linkedin.com\\\/company\\\/iquilibrio\\\/\",\"https:\\\/\\\/br.pinterest.com\\\/iquilibrio1397\\\/\",\"https:\\\/\\\/www.youtube.com\\\/channel\\\/UC175qxd-4Zsi4wzawT5zF2g\"]},{\"@type\":\"Person\",\"@id\":\"https:\\\/\\\/www.iquilibrio.com\\\/blog\\\/#\\\/schema\\\/person\\\/21ae990723c2e5a1170c9a06dacb4d3d\",\"name\":\"Arthur Peroni\",\"image\":{\"@type\":\"ImageObject\",\"inLanguage\":\"pt-BR\",\"@id\":\"https:\\\/\\\/www.iquilibrio.com\\\/blog\\\/wp-content\\\/uploads\\\/2023\\\/04\\\/Arthur-Peroni-150x150.jpg\",\"url\":\"https:\\\/\\\/www.iquilibrio.com\\\/blog\\\/wp-content\\\/uploads\\\/2023\\\/04\\\/Arthur-Peroni-150x150.jpg\",\"contentUrl\":\"https:\\\/\\\/www.iquilibrio.com\\\/blog\\\/wp-content\\\/uploads\\\/2023\\\/04\\\/Arthur-Peroni-150x150.jpg\",\"caption\":\"Arthur Peroni\"},\"description\":\"Arthur Peroni escreve sobre a vida, o universo e tudo mais. Amante da literatura m\u00edstica, e fic\u00e7\u00e3o, descobriu sua carreira de redator gra\u00e7as ao h\u00e1bito de leitura constante sobre fantasia e drama. Nas horas vagas, gosta de cozinhar, ler e ver filmes antigos. J\u00e1 trabalhou com, comunica\u00e7\u00e3o social, massoterapia, terapias hol\u00edsticas e design de interiores. Atualmente trabalha como redator SEO e se entusiasma com tudo o que \u00e9 esot\u00e9rico. Gosta de discutir sobre assuntos complexos e instigantes, e v\u00ea na escrita uma oportunidade de aprender e criar todos os dias, mentalmente e espiritualmente.\",\"url\":\"https:\\\/\\\/www.iquilibrio.com\\\/blog\\\/author\\\/raul-vinicius\\\/\"}]}<\/script>\n<!-- \/ Yoast SEO plugin. -->","yoast_head_json":{"title":"Ciclo Lunar Semanal, 25\/01 a 01\/02 - iQuilibrio","robots":{"index":"index","follow":"follow","max-snippet":"max-snippet:-1","max-image-preview":"max-image-preview:large","max-video-preview":"max-video-preview:-1"},"canonical":"https:\/\/www.iquilibrio.com\/blog\/ciclo-lunar-semanal\/ciclo-lunar-semanal-25-01-a-01-02\/","og_locale":"pt_BR","og_type":"article","og_title":"Ciclo Lunar Semanal, 25\/01 a 01\/02 - iQuilibrio","og_description":"O Fim e o Come\u00e7o da Transforma\u00e7\u00e3o Caros leitores, embarcamos juntos nesta dan\u00e7a m\u00e1gica das energias lunares, onde cada fase \u00e9 uma melodia \u00fanica a guiar nossa semana. Vamos viajar nessa jornada c\u00f3smica, e encontrar segredos celestiais que podem enriquecer sua vida. Vamos explorar, de forma \u00fanica, como esses ciclos lunares podem ser aliados preciosos [&hellip;]","og_url":"https:\/\/www.iquilibrio.com\/blog\/ciclo-lunar-semanal\/ciclo-lunar-semanal-25-01-a-01-02\/","og_site_name":"iQuilibrio","article_publisher":"https:\/\/www.facebook.com\/iQuilibrio\/","article_published_time":"2024-01-26T17:07:14+00:00","og_image":[{"width":730,"height":365,"url":"https:\/\/www.iquilibrio.com\/blog\/wp-content\/uploads\/2024\/01\/Ciclo-lunar-semanal.jpg","type":"image\/jpeg"}],"author":"Arthur Peroni","twitter_card":"summary_large_image","twitter_creator":"@iquilibrio","twitter_site":"@iquilibrio","twitter_misc":{"Escrito por":"Arthur Peroni","Est. tempo de leitura":"3 minutos"},"schema":{"@context":"https:\/\/schema.org","@graph":[{"@type":"Article","@id":"https:\/\/www.iquilibrio.com\/blog\/ciclo-lunar-semanal\/ciclo-lunar-semanal-25-01-a-01-02\/#article","isPartOf":{"@id":"https:\/\/www.iquilibrio.com\/blog\/ciclo-lunar-semanal\/ciclo-lunar-semanal-25-01-a-01-02\/"},"author":{"name":"Arthur Peroni","@id":"https:\/\/www.iquilibrio.com\/blog\/#\/schema\/person\/21ae990723c2e5a1170c9a06dacb4d3d"},"headline":"Ciclo Lunar Semanal, 25\/01 a 01\/02","datePublished":"2024-01-26T17:07:14+00:00","mainEntityOfPage":{"@id":"https:\/\/www.iquilibrio.com\/blog\/ciclo-lunar-semanal\/ciclo-lunar-semanal-25-01-a-01-02\/"},"wordCount":588,"publisher":{"@id":"https:\/\/www.iquilibrio.com\/blog\/#organization"},"image":{"@id":"https:\/\/www.iquilibrio.com\/blog\/ciclo-lunar-semanal\/ciclo-lunar-semanal-25-01-a-01-02\/#primaryimage"},"thumbnailUrl":"https:\/\/www.iquilibrio.com\/blog\/wp-content\/uploads\/2024\/01\/Ciclo-lunar-semanal.jpg","articleSection":["Ciclo Lunar semanal"],"inLanguage":"pt-BR"},{"@type":"WebPage","@id":"https:\/\/www.iquilibrio.com\/blog\/ciclo-lunar-semanal\/ciclo-lunar-semanal-25-01-a-01-02\/","url":"https:\/\/www.iquilibrio.com\/blog\/ciclo-lunar-semanal\/ciclo-lunar-semanal-25-01-a-01-02\/","name":"Ciclo Lunar Semanal, 25\/01 a 01\/02 - iQuilibrio","isPartOf":{"@id":"https:\/\/www.iquilibrio.com\/blog\/#website"},"primaryImageOfPage":{"@id":"https:\/\/www.iquilibrio.com\/blog\/ciclo-lunar-semanal\/ciclo-lunar-semanal-25-01-a-01-02\/#primaryimage"},"image":{"@id":"https:\/\/www.iquilibrio.com\/blog\/ciclo-lunar-semanal\/ciclo-lunar-semanal-25-01-a-01-02\/#primaryimage"},"thumbnailUrl":"https:\/\/www.iquilibrio.com\/blog\/wp-content\/uploads\/2024\/01\/Ciclo-lunar-semanal.jpg","datePublished":"2024-01-26T17:07:14+00:00","breadcrumb":{"@id":"https:\/\/www.iquilibrio.com\/blog\/ciclo-lunar-semanal\/ciclo-lunar-semanal-25-01-a-01-02\/#breadcrumb"},"inLanguage":"pt-BR","potentialAction":[{"@type":"ReadAction","target":["https:\/\/www.iquilibrio.com\/blog\/ciclo-lunar-semanal\/ciclo-lunar-semanal-25-01-a-01-02\/"]}]},{"@type":"ImageObject","inLanguage":"pt-BR","@id":"https:\/\/www.iquilibrio.com\/blog\/ciclo-lunar-semanal\/ciclo-lunar-semanal-25-01-a-01-02\/#primaryimage","url":"https:\/\/www.iquilibrio.com\/blog\/wp-content\/uploads\/2024\/01\/Ciclo-lunar-semanal.jpg","contentUrl":"https:\/\/www.iquilibrio.com\/blog\/wp-content\/uploads\/2024\/01\/Ciclo-lunar-semanal.jpg","width":730,"height":365},{"@type":"BreadcrumbList","@id":"https:\/\/www.iquilibrio.com\/blog\/ciclo-lunar-semanal\/ciclo-lunar-semanal-25-01-a-01-02\/#breadcrumb","itemListElement":[{"@type":"ListItem","position":1,"name":"In\u00edcio","item":"https:\/\/www.iquilibrio.com\/blog\/"},{"@type":"ListItem","position":2,"name":"Ciclo Lunar Semanal, 25\/01 a 01\/02"}]},{"@type":"WebSite","@id":"https:\/\/www.iquilibrio.com\/blog\/#website","url":"https:\/\/www.iquilibrio.com\/blog\/","name":"iQuilibrio","description":"Blog iQuilibrio","publisher":{"@id":"https:\/\/www.iquilibrio.com\/blog\/#organization"},"potentialAction":[{"@type":"SearchAction","target":{"@type":"EntryPoint","urlTemplate":"https:\/\/www.iquilibrio.com\/blog\/?s={search_term_string}"},"query-input":{"@type":"PropertyValueSpecification","valueRequired":true,"valueName":"search_term_string"}}],"inLanguage":"pt-BR"},{"@type":"Organization","@id":"https:\/\/www.iquilibrio.com\/blog\/#organization","name":"Esoterismo, Misticismo e Tarot Online - iQuilibrio","url":"https:\/\/www.iquilibrio.com\/blog\/","logo":{"@type":"ImageObject","inLanguage":"pt-BR","@id":"https:\/\/www.iquilibrio.com\/blog\/#\/schema\/logo\/image\/","url":"https:\/\/www.iquilibrio.com\/blog\/wp-content\/uploads\/2018\/12\/iquilibrio_lovo_vetor_preto-retina.png","contentUrl":"https:\/\/www.iquilibrio.com\/blog\/wp-content\/uploads\/2018\/12\/iquilibrio_lovo_vetor_preto-retina.png","width":972,"height":180,"caption":"Esoterismo, Misticismo e Tarot Online - iQuilibrio"},"image":{"@id":"https:\/\/www.iquilibrio.com\/blog\/#\/schema\/logo\/image\/"},"sameAs":["https:\/\/www.facebook.com\/iQuilibrio\/","https:\/\/x.com\/iquilibrio","https:\/\/www.instagram.com\/iquilibrio\/","https:\/\/www.linkedin.com\/company\/iquilibrio\/","https:\/\/br.pinterest.com\/iquilibrio1397\/","https:\/\/www.youtube.com\/channel\/UC175qxd-4Zsi4wzawT5zF2g"]},{"@type":"Person","@id":"https:\/\/www.iquilibrio.com\/blog\/#\/schema\/person\/21ae990723c2e5a1170c9a06dacb4d3d","name":"Arthur Peroni","image":{"@type":"ImageObject","inLanguage":"pt-BR","@id":"https:\/\/www.iquilibrio.com\/blog\/wp-content\/uploads\/2023\/04\/Arthur-Peroni-150x150.jpg","url":"https:\/\/www.iquilibrio.com\/blog\/wp-content\/uploads\/2023\/04\/Arthur-Peroni-150x150.jpg","contentUrl":"https:\/\/www.iquilibrio.com\/blog\/wp-content\/uploads\/2023\/04\/Arthur-Peroni-150x150.jpg","caption":"Arthur Peroni"},"description":"Arthur Peroni escreve sobre a vida, o universo e tudo mais. Amante da literatura m\u00edstica, e fic\u00e7\u00e3o, descobriu sua carreira de redator gra\u00e7as ao h\u00e1bito de leitura constante sobre fantasia e drama. Nas horas vagas, gosta de cozinhar, ler e ver filmes antigos. J\u00e1 trabalhou com, comunica\u00e7\u00e3o social, massoterapia, terapias hol\u00edsticas e design de interiores. Atualmente trabalha como redator SEO e se entusiasma com tudo o que \u00e9 esot\u00e9rico. Gosta de discutir sobre assuntos complexos e instigantes, e v\u00ea na escrita uma oportunidade de aprender e criar todos os dias, mentalmente e espiritualmente.","url":"https:\/\/www.iquilibrio.com\/blog\/author\/raul-vinicius\/"}]}},"_links":{"self":[{"href":"https:\/\/www.iquilibrio.com\/blog\/wp-json\/wp\/v2\/posts\/40139","targetHints":{"allow":["GET"]}}],"collection":[{"href":"https:\/\/www.iquilibrio.com\/blog\/wp-json\/wp\/v2\/posts"}],"about":[{"href":"https:\/\/www.iquilibrio.com\/blog\/wp-json\/wp\/v2\/types\/post"}],"author":[{"embeddable":true,"href":"https:\/\/www.iquilibrio.com\/blog\/wp-json\/wp\/v2\/users\/158"}],"replies":[{"embeddable":true,"href":"https:\/\/www.iquilibrio.com\/blog\/wp-json\/wp\/v2\/comments?post=40139"}],"version-history":[{"count":1,"href":"https:\/\/www.iquilibrio.com\/blog\/wp-json\/wp\/v2\/posts\/40139\/revisions"}],"predecessor-version":[{"id":40140,"href":"https:\/\/www.iquilibrio.com\/blog\/wp-json\/wp\/v2\/posts\/40139\/revisions\/40140"}],"wp:featuredmedia":[{"embeddable":true,"href":"https:\/\/www.iquilibrio.com\/blog\/wp-json\/wp\/v2\/media\/40040"}],"wp:attachment":[{"href":"https:\/\/www.iquilibrio.com\/blog\/wp-json\/wp\/v2\/media?parent=40139"}],"wp:term":[{"taxonomy":"category","embeddable":true,"href":"https:\/\/www.iquilibrio.com\/blog\/wp-json\/wp\/v2\/categories?post=40139"},{"taxonomy":"post_tag","embeddable":true,"href":"https:\/\/www.iquilibrio.com\/blog\/wp-json\/wp\/v2\/tags?post=40139"}],"curies":[{"name":"wp","href":"https:\/\/api.w.org\/{rel}","templated":true}]}}