{"id":40085,"date":"2024-01-17T11:22:21","date_gmt":"2024-01-17T14:22:21","guid":{"rendered":"https:\/\/www.iquilibrio.com\/blog\/?p=40085"},"modified":"2024-01-17T11:22:21","modified_gmt":"2024-01-17T14:22:21","slug":"a-dualidade-dos-signos-por-dom-guerino","status":"publish","type":"post","link":"https:\/\/www.iquilibrio.com\/blog\/astrologia\/a-dualidade-dos-signos-por-dom-guerino\/","title":{"rendered":"A dualidade dos signos, por Dom Guerino"},"content":{"rendered":"<p><span style=\"font-weight: 400;\">Na minha perspectiva, nenhum conhecimento \u00e9 dissociado do outro. Sendo assim,\u00a0 percebo a Astrologia na Escola a qual perten\u00e7o como algo relacionado a miss\u00e3o de cada ser humano.\u00a0<\/span><\/p>\n<p><span style=\"font-weight: 400;\">Ent\u00e3o, seja nesta dimens\u00e3o ou em outras \u00e1reas do conhecimento esot\u00e9rico e espiritual <\/span><i><span style=\"font-weight: 400;\">(como Kharma, Dharma e etc.)<\/span><\/i><span style=\"font-weight: 400;\"> h\u00e1 uma conex\u00e3o total entre n\u00f3s e o todo. Seja por um motivo oculto ou n\u00e3o.<\/span><\/p>\n<p><span style=\"font-weight: 400;\">Entretanto, todos n\u00f3s temos uma \u00e1rea de sombra em nosso mapa, que se reflete em \u00e1reas pessoais ou em relacionamentos. Mas essas sombras n\u00e3o precisam ser necessariamente eliminadas, e sim compreendidas e trabalhadas.<\/span><\/p>\n<p><span style=\"font-weight: 400;\">Contudo, para compreender melhor essa \u00e1rea de sombra, \u00e9 preciso conhecer algumas caracter\u00edsticas do seu mapa. Por exemplo, alguns paradigmas, oposi\u00e7\u00f5es astrol\u00f3gicas ou at\u00e9 coincid\u00eancias nos mapas em geral.\u00a0<\/span><\/p>\n<p style=\"text-align: center;\"><span class=\"td_btn td_btn_md td_round_btn\" style=\"background-color: #993366; color: #ffffff;\"><a style=\"background-color: #993366; color: #ffffff;\" href=\"https:\/\/www.iquilibrio.com\/esotericos\/dom-guerino\/?utm_campaign=blog_conversao&amp;utm_medium=texto_cta&amp;utm_source=blog&amp;utm_content=2023_cat_astrologia_art_astrologia\"><span style=\"font-weight: 400;\">Fale com nosso especialista Dom Guerino e entenda cada nuance presente em seu mapa!<\/span><\/a><\/span><\/p>\n<hr \/>\n<h2><span style=\"font-weight: 400;\">Qualidade <\/span><i><span style=\"font-weight: 400;\">versus <\/span><\/i><span style=\"font-weight: 400;\">sombra de cada signo<\/span><\/h2>\n<p><span style=\"font-weight: 400;\">Como vimos anteriormente, todo signo tem seu lado sombra, que est\u00e1 inversamente ligado com sua qualidade. Ent\u00e3o, vamos conhecer agora o conceito chave das qualidades e do lado sombra de cada signo.<\/span><\/p>\n<h3><span style=\"font-weight: 400;\">&#x2648; \u00c1ries<\/span><\/h3>\n<p><b>Data: <\/b><span style=\"font-weight: 400;\">de 21 mar\u00e7o a 20 abril;<\/span><\/p>\n<p><b>Qualidade: <\/b><span style=\"font-weight: 400;\">Determinado;<\/span><\/p>\n<p><b>Sombra:<\/b><span style=\"font-weight: 400;\"> Teimoso.<\/span><\/p>\n<hr \/>\n<h3><span style=\"font-weight: 400;\">&#x2649; Touro<\/span><\/h3>\n<p><b>Data: <\/b><span style=\"font-weight: 400;\">de 21 abril a 20 maio;<\/span><\/p>\n<p><b>Qualidade:<\/b><span style=\"font-weight: 400;\"> Persistente;<\/span><\/p>\n<p><b>Sombra:<\/b><span style=\"font-weight: 400;\"> Possessivo.<\/span><\/p>\n<hr \/>\n<p><span style=\"font-weight: 400;\">&#x264a; G\u00eameos<\/span><\/p>\n<p><b>Data:<\/b><span style=\"font-weight: 400;\">de 21 maio a 20 junho;<\/span><\/p>\n<p><b>Qualidade:<\/b><span style=\"font-weight: 400;\"> Despreocupado;<\/span><\/p>\n<p><b>Sombra:<\/b><span style=\"font-weight: 400;\"> Desorganizado.<\/span><\/p>\n<hr \/>\n<h3><span style=\"font-weight: 400;\">&#x264b; C\u00e2ncer<\/span><\/h3>\n<p><b>Data: <\/b><span style=\"font-weight: 400;\">de 21 junho a 22 julho;<\/span><\/p>\n<p><b>Qualidade:<\/b><span style=\"font-weight: 400;\"> Sens\u00edvel;<\/span><\/p>\n<p><b>Sombra:<\/b><span style=\"font-weight: 400;\"> Rancoroso.<\/span><\/p>\n<hr \/>\n<h3><span style=\"font-weight: 400;\">&#x264c; Le\u00e3o<\/span><\/h3>\n<p><b>Data:<\/b><span style=\"font-weight: 400;\"> de 23 julho a 22 agosto;<\/span><\/p>\n<p><b>Qualidade:<\/b><span style=\"font-weight: 400;\"> Otimista;<\/span><\/p>\n<p><b>Sombra:<\/b><span style=\"font-weight: 400;\"> Autorit\u00e1rio.<\/span><\/p>\n<hr \/>\n<h3><span style=\"font-weight: 400;\">&#x264d; Virgem<\/span><\/h3>\n<p><b>Data: <\/b><span style=\"font-weight: 400;\">de 23 agosto a 22 setembro;<\/span><\/p>\n<p><b>Qualidade:<\/b><span style=\"font-weight: 400;\"> Observador;<\/span><\/p>\n<p><b>Sombra:<\/b><span style=\"font-weight: 400;\"> Obsessivo.\u00a0<\/span><\/p>\n<hr \/>\n<h3><span style=\"font-weight: 400;\">&#x264e; Libra<\/span><\/h3>\n<p><b>Data:<\/b><span style=\"font-weight: 400;\"> de 23 setembro a 22 outubro;<\/span><\/p>\n<p><b>Qualidade:<\/b><span style=\"font-weight: 400;\"> Conciliador;<\/span><\/p>\n<p><b>Sombra:<\/b><span style=\"font-weight: 400;\"> Indeciso.\u00a0<\/span><\/p>\n<hr \/>\n<h3><span style=\"font-weight: 400;\">&#x264f; Escorpi\u00e3o<\/span><\/h3>\n<p><b>Data: <\/b><span style=\"font-weight: 400;\">de 23 outubro a 21 novembro;<\/span><\/p>\n<p><b>Qualidade:<\/b><span style=\"font-weight: 400;\"> Envolvente;<\/span><\/p>\n<p><b>Sombra:<\/b><span style=\"font-weight: 400;\"> Ciumento.<\/span><\/p>\n<hr \/>\n<h3><span style=\"font-weight: 400;\">&#x2650; Sagit\u00e1rio<\/span><\/h3>\n<p><b>Data:<\/b><span style=\"font-weight: 400;\"> de 22 novembro a 21 dezembro;<\/span><\/p>\n<p><b>Qualidade:<\/b><span style=\"font-weight: 400;\"> Sincero;<\/span><\/p>\n<p><b>Sombra:<\/b><span style=\"font-weight: 400;\"> Ansioso.<\/span><\/p>\n<hr \/>\n<h3><span style=\"font-weight: 400;\">&#x2651; Capric\u00f3rnio<\/span><\/h3>\n<p><b>Data:<\/b><span style=\"font-weight: 400;\"> de 22 dezembro a 20 janeiro;<\/span><\/p>\n<p><b>Qualidade:<\/b><span style=\"font-weight: 400;\"> Disciplinado;<\/span><\/p>\n<p><b>Sombra:<\/b><span style=\"font-weight: 400;\"> Arrogante.<\/span><\/p>\n<hr \/>\n<h3><span style=\"font-weight: 400;\">&#x2652; Aqu\u00e1rio<\/span><\/h3>\n<p><b>Data:<\/b><span style=\"font-weight: 400;\"> de 21 janeiro a 18 fevereiro;<\/span><\/p>\n<p><b>Qualidade:<\/b><span style=\"font-weight: 400;\"> Original;<\/span><\/p>\n<p><b>Sombra:<\/b><span style=\"font-weight: 400;\"> Dispersivo.<\/span><\/p>\n<hr \/>\n<h3><span style=\"font-weight: 400;\">&#x2653; Peixes<\/span><\/h3>\n<p><b>Data:<\/b><span style=\"font-weight: 400;\"> de 19 fevereiro a 20 mar\u00e7o;<\/span><\/p>\n<p><b>Qualidade:<\/b><span style=\"font-weight: 400;\"> Dedicado;<\/span><\/p>\n<p><b>Sombra:<\/b><span style=\"font-weight: 400;\"> Temperamental.<\/span><\/p>\n<hr \/>\n<p>&nbsp;<\/p>\n<h2><span style=\"font-weight: 400;\">Compatibilidade e sinastria dos signos<\/span><\/h2>\n<p><span style=\"font-weight: 400;\">Devido \u00e0s suas caracter\u00edsticas, algumas sinastrias ou leitura de duas cartas natais podem sugerir compatibilidade entre os signos. Ou a falta dela. Mas tudo isso depende de alguns detalhes, como o signo ascendente.<\/span><\/p>\n<p><span style=\"font-weight: 400;\">Normalmente, os signos s\u00e3o mais compat\u00edveis com pessoas do sexto signo posterior a ele (e isso envolve o signo solar e o ascendente). Contudo, o signo tende a ser incompat\u00edvel com os signos anteriores e posteriores a ele, tanto solar quanto ascendente.<\/span><\/p>\n<p><span style=\"font-weight: 400;\">Ent\u00e3o para te ajudar a entender sua compatibilidade com outros signos, vamos \u00e0 nossa lista. Mas n\u00e3o se esque\u00e7a que existem outros aspectos al\u00e9m do ascendente que precisam ser levados em conta ao verificar a compatibilidade dos signos.<\/span><\/p>\n<p style=\"text-align: center;\"><span class=\"td_btn td_btn_md td_round_btn\" style=\"background-color: #993366; color: #ffffff;\"><a style=\"background-color: #993366; color: #ffffff;\" href=\"https:\/\/www.iquilibrio.com\/astrologia\/mapa-astral\/dinamica-afetiva\/?utm_campaign=blog_conversao&amp;utm_medium=texto_cta&amp;utm_source=blog&amp;utm_content=2023_cat_astrologia_art_astrologia\"><span style=\"font-weight: 400;\">Fa\u00e7a o mapa da Sinastria Astral e entenda os pontos fortes e fracos do seu relacionamento!<\/span><\/a><\/span><\/p>\n<hr \/>\n<h3><span style=\"font-weight: 400;\">&#x2648; \u00c1ries<\/span><\/h3>\n<p><b>Data: <\/b><span style=\"font-weight: 400;\">de 21 mar\u00e7o a 20 abril ;<\/span><\/p>\n<p><b>Compat\u00edvel com:<\/b><span style=\"font-weight: 400;\"> \u00c1ries e Libra;<\/span><\/p>\n<p><b>Incompat\u00edvel com:<\/b><span style=\"font-weight: 400;\"> Touro e Peixes.<\/span><\/p>\n<hr \/>\n<h3><span style=\"font-weight: 400;\">&#x2649; Touro<\/span><\/h3>\n<p><b>Data: <\/b><span style=\"font-weight: 400;\">de 21 abril a 20 maio ;<\/span><\/p>\n<p><b>Compat\u00edvel com:<\/b><span style=\"font-weight: 400;\"> Touro, Sagit\u00e1rio e Escorpi\u00e3o;<\/span><\/p>\n<p><b>Incompat\u00edvel com:<\/b><span style=\"font-weight: 400;\"> \u00c1ries e G\u00eameos.<\/span><\/p>\n<hr \/>\n<h3><span style=\"font-weight: 400;\">&#x264a; G\u00eameos<\/span><\/h3>\n<p><b>Data: <\/b><span style=\"font-weight: 400;\">de 21 maio a 20 junho;<\/span><\/p>\n<p><b>Compat\u00edvel com:<\/b><span style=\"font-weight: 400;\"> G\u00eameos;<\/span><\/p>\n<p><b>Incompat\u00edvel com:<\/b><span style=\"font-weight: 400;\"> Touro e C\u00e2ncer.<\/span><\/p>\n<hr \/>\n<h3><span style=\"font-weight: 400;\">&#x264b; C\u00e2ncer<\/span><\/h3>\n<p><b>Data:<\/b><span style=\"font-weight: 400;\"> de 21 junho a 22 julho;<\/span><\/p>\n<p><b>Compat\u00edvel com:<\/b><span style=\"font-weight: 400;\"> C\u00e2ncer e Sagit\u00e1rio;<\/span><\/p>\n<p><b>Incompat\u00edvel com:<\/b><span style=\"font-weight: 400;\"> G\u00eameos e Le\u00e3o.<\/span><\/p>\n<hr \/>\n<h3><span style=\"font-weight: 400;\">&#x264c; Le\u00e3o<\/span><\/h3>\n<p><b>Data:<\/b><span style=\"font-weight: 400;\"> de 23 julho a 22 agosto;<\/span><\/p>\n<p><b>Compat\u00edvel com:<\/b><span style=\"font-weight: 400;\"> Le\u00e3o e Aqu\u00e1rio;<\/span><\/p>\n<p><b>Incompat\u00edvel com:<\/b><span style=\"font-weight: 400;\"> C\u00e2ncer e\u00a0 Virgem.<\/span><\/p>\n<hr \/>\n<h3><span style=\"font-weight: 400;\">&#x264d; Virgem<\/span><\/h3>\n<p><b>Data:<\/b><span style=\"font-weight: 400;\"> de 23 agosto a 22 setembro;<\/span><\/p>\n<p><b>Compat\u00edvel com:<\/b><span style=\"font-weight: 400;\"> Virgem e Peixes;<\/span><\/p>\n<p><b>Incompat\u00edvel com:<\/b><span style=\"font-weight: 400;\"> Le\u00e3o e Libra.<\/span><\/p>\n<hr \/>\n<h3><span style=\"font-weight: 400;\">&#x264e; Libra<\/span><\/h3>\n<p><b>Data:<\/b><span style=\"font-weight: 400;\"> de 23 setembro a 22 outubro;<\/span><\/p>\n<p><b>Compat\u00edvel com:<\/b><span style=\"font-weight: 400;\"> Libra e \u00c1ries;<\/span><\/p>\n<p><b>Incompat\u00edvel com:<\/b><span style=\"font-weight: 400;\"> Escorpi\u00e3o e Virgem.<\/span><\/p>\n<hr \/>\n<h3><span style=\"font-weight: 400;\">&#x264f; Escorpi\u00e3o<\/span><\/h3>\n<p><b>Data: <\/b><span style=\"font-weight: 400;\">de 23 outubro a 21 novembro;<\/span><\/p>\n<p><b>Compat\u00edvel com:<\/b><span style=\"font-weight: 400;\"> Escorpi\u00e3o e Touro;<\/span><\/p>\n<p><b>Incompat\u00edvel com:<\/b><span style=\"font-weight: 400;\"> Sagit\u00e1rio e Libra.<\/span><\/p>\n<hr \/>\n<h3><span style=\"font-weight: 400;\">&#x2650; Sagit\u00e1rio<\/span><\/h3>\n<p><b>Data:<\/b><span style=\"font-weight: 400;\"> de 22 novembro a 21 dezembro;<\/span><\/p>\n<p><b>Compat\u00edvel com:<\/b><span style=\"font-weight: 400;\"> Sagit\u00e1rio e Touro;<\/span><\/p>\n<p><b>Incompat\u00edvel com:<\/b><span style=\"font-weight: 400;\"> Escorpi\u00e3o e Capric\u00f3rnio.<\/span><\/p>\n<hr \/>\n<h3><span style=\"font-weight: 400;\">&#x2651; Capric\u00f3rnio<\/span><\/h3>\n<p><b>Data:<\/b><span style=\"font-weight: 400;\"> de 22 dezembro a 20 janeiro;<\/span><\/p>\n<p><b>Compat\u00edvel com:<\/b><span style=\"font-weight: 400;\"> Capric\u00f3rnio e C\u00e2ncer;<\/span><\/p>\n<p><b>Incompat\u00edvel com:<\/b><span style=\"font-weight: 400;\"> Sagit\u00e1rio e Aqu\u00e1rio.<\/span><\/p>\n<hr \/>\n<h3><span style=\"font-weight: 400;\">&#x2652; Aqu\u00e1rio<\/span><\/h3>\n<p><b>Data:<\/b><span style=\"font-weight: 400;\"> de 21 janeiro a 18 fevereiro;<\/span><\/p>\n<p><b>Compat\u00edvel com:<\/b><span style=\"font-weight: 400;\"> Aqu\u00e1rio e Le\u00e3o;<\/span><\/p>\n<p><b>Incompat\u00edvel com:<\/b><span style=\"font-weight: 400;\"> Capric\u00f3rnio e Peixes.<\/span><\/p>\n<hr \/>\n<h3><span style=\"font-weight: 400;\">&#x2653; Peixes<\/span><\/h3>\n<p><b>Data: <\/b><span style=\"font-weight: 400;\">de 19 fevereiro a 20 mar\u00e7o;<\/span><\/p>\n<p><b>Compat\u00edvel com:<\/b><span style=\"font-weight: 400;\"> Peixes e Virgem;<\/span><\/p>\n<p><b>Incompat\u00edvel com:<\/b><span style=\"font-weight: 400;\"> Aqu\u00e1rio e \u00c1ries.<\/span><\/p>\n<p style=\"text-align: center;\"><span class=\"td_btn td_btn_md td_round_btn\" style=\"background-color: #993366; color: #ffffff;\"><a style=\"background-color: #993366; color: #ffffff;\" href=\"https:\/\/www.iquilibrio.com\/astrologia\/?utm_campaign=blog_conversao&amp;utm_medium=texto_cta&amp;utm_source=blog&amp;utm_content=2023_cat_astrologia_art_astrologia\"><span style=\"font-weight: 400;\">Entenda as energias que regem seu futuro com a leitura completa do seu Mapa Astral!<\/span><\/a><\/span><\/p>\n<hr \/>\n<p><img loading=\"lazy\" decoding=\"async\" class=\"wp-image-19997 alignleft\" src=\"https:\/\/www.iquilibrio.com\/blog\/wp-content\/uploads\/2018\/10\/dom-guerino-4.jpg\" alt=\"\" width=\"262\" height=\"163\" \/>Trabalho com orienta\u00e7\u00f5es sobre qualquer tipo de assunto. Se voc\u00ea procura respostas precisas e sinceras, posso te ajudar. E claro que, sempre respeitarei o seu emocional ao receber suas quest\u00f5es. Meu m\u00e9todo \u00e9 direto, assertivo e acolhedor.<\/p>\n<p>Realizo interpreta\u00e7\u00e3o de sonhos. Consigo verificar como se encontra algu\u00e9m que j\u00e1 partiu do mundo f\u00edsico e se encontra em outro plano. Fa\u00e7o aconselhamento com simpatias e rituais que favore\u00e7am a sua energia, sem interferir na dos outros.<\/p>\n\n\n<div class=\"kk-star-ratings kksr-auto kksr-align-left kksr-valign-bottom\"\n    data-payload='{&quot;align&quot;:&quot;left&quot;,&quot;id&quot;:&quot;40085&quot;,&quot;slug&quot;:&quot;default&quot;,&quot;valign&quot;:&quot;bottom&quot;,&quot;ignore&quot;:&quot;&quot;,&quot;reference&quot;:&quot;auto&quot;,&quot;class&quot;:&quot;&quot;,&quot;count&quot;:&quot;1&quot;,&quot;legendonly&quot;:&quot;&quot;,&quot;readonly&quot;:&quot;&quot;,&quot;score&quot;:&quot;5&quot;,&quot;starsonly&quot;:&quot;&quot;,&quot;best&quot;:&quot;5&quot;,&quot;gap&quot;:&quot;5&quot;,&quot;greet&quot;:&quot;Rate this post&quot;,&quot;legend&quot;:&quot;5\\\/5 - (1 voto)&quot;,&quot;size&quot;:&quot;24&quot;,&quot;title&quot;:&quot;A dualidade dos signos, por Dom Guerino&quot;,&quot;width&quot;:&quot;142.5&quot;,&quot;_legend&quot;:&quot;{score}\\\/{best} - ({count} {votes})&quot;,&quot;font_factor&quot;:&quot;1.25&quot;}'>\n            \n<div class=\"kksr-stars\">\n    \n<div class=\"kksr-stars-inactive\">\n            <div class=\"kksr-star\" data-star=\"1\" style=\"padding-right: 5px\">\n            \n\n<div class=\"kksr-icon\" style=\"width: 24px; height: 24px;\"><\/div>\n        <\/div>\n            <div class=\"kksr-star\" data-star=\"2\" style=\"padding-right: 5px\">\n            \n\n<div class=\"kksr-icon\" style=\"width: 24px; height: 24px;\"><\/div>\n        <\/div>\n            <div class=\"kksr-star\" data-star=\"3\" style=\"padding-right: 5px\">\n            \n\n<div class=\"kksr-icon\" style=\"width: 24px; height: 24px;\"><\/div>\n        <\/div>\n            <div class=\"kksr-star\" data-star=\"4\" style=\"padding-right: 5px\">\n            \n\n<div class=\"kksr-icon\" style=\"width: 24px; height: 24px;\"><\/div>\n        <\/div>\n            <div class=\"kksr-star\" data-star=\"5\" style=\"padding-right: 5px\">\n            \n\n<div class=\"kksr-icon\" style=\"width: 24px; height: 24px;\"><\/div>\n        <\/div>\n    <\/div>\n    \n<div class=\"kksr-stars-active\" style=\"width: 142.5px;\">\n            <div class=\"kksr-star\" style=\"padding-right: 5px\">\n            \n\n<div class=\"kksr-icon\" style=\"width: 24px; height: 24px;\"><\/div>\n        <\/div>\n            <div class=\"kksr-star\" style=\"padding-right: 5px\">\n            \n\n<div class=\"kksr-icon\" style=\"width: 24px; height: 24px;\"><\/div>\n        <\/div>\n            <div class=\"kksr-star\" style=\"padding-right: 5px\">\n            \n\n<div class=\"kksr-icon\" style=\"width: 24px; height: 24px;\"><\/div>\n        <\/div>\n            <div class=\"kksr-star\" style=\"padding-right: 5px\">\n            \n\n<div class=\"kksr-icon\" style=\"width: 24px; height: 24px;\"><\/div>\n        <\/div>\n            <div class=\"kksr-star\" style=\"padding-right: 5px\">\n            \n\n<div class=\"kksr-icon\" style=\"width: 24px; height: 24px;\"><\/div>\n        <\/div>\n    <\/div>\n<\/div>\n                \n\n<div class=\"kksr-legend\" style=\"font-size: 19.2px;\">\n            5\/5 - (1 voto)    <\/div>\n    <\/div>\n","protected":false},"excerpt":{"rendered":"<p>Na minha perspectiva, nenhum conhecimento \u00e9 dissociado do outro. Sendo assim,\u00a0 percebo a Astrologia na Escola a qual perten\u00e7o como algo relacionado a miss\u00e3o de cada ser humano.\u00a0 Ent\u00e3o, seja nesta dimens\u00e3o ou em outras \u00e1reas do conhecimento esot\u00e9rico e espiritual (como Kharma, Dharma e etc.) h\u00e1 uma conex\u00e3o total entre n\u00f3s e o todo. [&hellip;]<\/p>\n","protected":false},"author":158,"featured_media":40086,"comment_status":"closed","ping_status":"closed","sticky":false,"template":"","format":"standard","meta":{"footnotes":""},"categories":[517],"tags":[],"class_list":["post-40085","post","type-post","status-publish","format-standard","has-post-thumbnail","hentry","category-astrologia"],"yoast_head":"<!-- This site is optimized with the Yoast SEO plugin v27.4 - https:\/\/yoast.com\/product\/yoast-seo-wordpress\/ -->\n<title>A dualidade dos signos, por Dom Guerino - iQuilibrio<\/title>\n<meta name=\"robots\" content=\"index, follow, max-snippet:-1, max-image-preview:large, max-video-preview:-1\" \/>\n<link rel=\"canonical\" href=\"https:\/\/www.iquilibrio.com\/blog\/astrologia\/a-dualidade-dos-signos-por-dom-guerino\/\" \/>\n<meta property=\"og:locale\" content=\"pt_BR\" \/>\n<meta property=\"og:type\" content=\"article\" \/>\n<meta property=\"og:title\" content=\"A dualidade dos signos, por Dom Guerino - iQuilibrio\" \/>\n<meta property=\"og:description\" content=\"Na minha perspectiva, nenhum conhecimento \u00e9 dissociado do outro. Sendo assim,\u00a0 percebo a Astrologia na Escola a qual perten\u00e7o como algo relacionado a miss\u00e3o de cada ser humano.\u00a0 Ent\u00e3o, seja nesta dimens\u00e3o ou em outras \u00e1reas do conhecimento esot\u00e9rico e espiritual (como Kharma, Dharma e etc.) h\u00e1 uma conex\u00e3o total entre n\u00f3s e o todo. [&hellip;]\" \/>\n<meta property=\"og:url\" content=\"https:\/\/www.iquilibrio.com\/blog\/astrologia\/a-dualidade-dos-signos-por-dom-guerino\/\" \/>\n<meta property=\"og:site_name\" content=\"iQuilibrio\" \/>\n<meta property=\"article:publisher\" content=\"https:\/\/www.facebook.com\/iQuilibrio\/\" \/>\n<meta property=\"article:published_time\" content=\"2024-01-17T14:22:21+00:00\" \/>\n<meta property=\"og:image\" content=\"https:\/\/www.iquilibrio.com\/blog\/wp-content\/uploads\/2024\/01\/Signos.jpg\" \/>\n\t<meta property=\"og:image:width\" content=\"900\" \/>\n\t<meta property=\"og:image:height\" content=\"560\" \/>\n\t<meta property=\"og:image:type\" content=\"image\/jpeg\" \/>\n<meta name=\"author\" content=\"Arthur Peroni\" \/>\n<meta name=\"twitter:card\" content=\"summary_large_image\" \/>\n<meta name=\"twitter:creator\" content=\"@iquilibrio\" \/>\n<meta name=\"twitter:site\" content=\"@iquilibrio\" \/>\n<meta name=\"twitter:label1\" content=\"Escrito por\" \/>\n\t<meta name=\"twitter:data1\" content=\"Arthur Peroni\" \/>\n\t<meta name=\"twitter:label2\" content=\"Est. tempo de leitura\" \/>\n\t<meta name=\"twitter:data2\" content=\"5 minutos\" \/>\n<script type=\"application\/ld+json\" class=\"yoast-schema-graph\">{\"@context\":\"https:\\\/\\\/schema.org\",\"@graph\":[{\"@type\":\"Article\",\"@id\":\"https:\\\/\\\/www.iquilibrio.com\\\/blog\\\/astrologia\\\/a-dualidade-dos-signos-por-dom-guerino\\\/#article\",\"isPartOf\":{\"@id\":\"https:\\\/\\\/www.iquilibrio.com\\\/blog\\\/astrologia\\\/a-dualidade-dos-signos-por-dom-guerino\\\/\"},\"author\":{\"name\":\"Arthur Peroni\",\"@id\":\"https:\\\/\\\/www.iquilibrio.com\\\/blog\\\/#\\\/schema\\\/person\\\/21ae990723c2e5a1170c9a06dacb4d3d\"},\"headline\":\"A dualidade dos signos, por Dom Guerino\",\"datePublished\":\"2024-01-17T14:22:21+00:00\",\"mainEntityOfPage\":{\"@id\":\"https:\\\/\\\/www.iquilibrio.com\\\/blog\\\/astrologia\\\/a-dualidade-dos-signos-por-dom-guerino\\\/\"},\"wordCount\":854,\"publisher\":{\"@id\":\"https:\\\/\\\/www.iquilibrio.com\\\/blog\\\/#organization\"},\"image\":{\"@id\":\"https:\\\/\\\/www.iquilibrio.com\\\/blog\\\/astrologia\\\/a-dualidade-dos-signos-por-dom-guerino\\\/#primaryimage\"},\"thumbnailUrl\":\"https:\\\/\\\/www.iquilibrio.com\\\/blog\\\/wp-content\\\/uploads\\\/2024\\\/01\\\/Signos.jpg\",\"articleSection\":[\"Astrologia\"],\"inLanguage\":\"pt-BR\"},{\"@type\":\"WebPage\",\"@id\":\"https:\\\/\\\/www.iquilibrio.com\\\/blog\\\/astrologia\\\/a-dualidade-dos-signos-por-dom-guerino\\\/\",\"url\":\"https:\\\/\\\/www.iquilibrio.com\\\/blog\\\/astrologia\\\/a-dualidade-dos-signos-por-dom-guerino\\\/\",\"name\":\"A dualidade dos signos, por Dom Guerino - iQuilibrio\",\"isPartOf\":{\"@id\":\"https:\\\/\\\/www.iquilibrio.com\\\/blog\\\/#website\"},\"primaryImageOfPage\":{\"@id\":\"https:\\\/\\\/www.iquilibrio.com\\\/blog\\\/astrologia\\\/a-dualidade-dos-signos-por-dom-guerino\\\/#primaryimage\"},\"image\":{\"@id\":\"https:\\\/\\\/www.iquilibrio.com\\\/blog\\\/astrologia\\\/a-dualidade-dos-signos-por-dom-guerino\\\/#primaryimage\"},\"thumbnailUrl\":\"https:\\\/\\\/www.iquilibrio.com\\\/blog\\\/wp-content\\\/uploads\\\/2024\\\/01\\\/Signos.jpg\",\"datePublished\":\"2024-01-17T14:22:21+00:00\",\"breadcrumb\":{\"@id\":\"https:\\\/\\\/www.iquilibrio.com\\\/blog\\\/astrologia\\\/a-dualidade-dos-signos-por-dom-guerino\\\/#breadcrumb\"},\"inLanguage\":\"pt-BR\",\"potentialAction\":[{\"@type\":\"ReadAction\",\"target\":[\"https:\\\/\\\/www.iquilibrio.com\\\/blog\\\/astrologia\\\/a-dualidade-dos-signos-por-dom-guerino\\\/\"]}]},{\"@type\":\"ImageObject\",\"inLanguage\":\"pt-BR\",\"@id\":\"https:\\\/\\\/www.iquilibrio.com\\\/blog\\\/astrologia\\\/a-dualidade-dos-signos-por-dom-guerino\\\/#primaryimage\",\"url\":\"https:\\\/\\\/www.iquilibrio.com\\\/blog\\\/wp-content\\\/uploads\\\/2024\\\/01\\\/Signos.jpg\",\"contentUrl\":\"https:\\\/\\\/www.iquilibrio.com\\\/blog\\\/wp-content\\\/uploads\\\/2024\\\/01\\\/Signos.jpg\",\"width\":900,\"height\":560},{\"@type\":\"BreadcrumbList\",\"@id\":\"https:\\\/\\\/www.iquilibrio.com\\\/blog\\\/astrologia\\\/a-dualidade-dos-signos-por-dom-guerino\\\/#breadcrumb\",\"itemListElement\":[{\"@type\":\"ListItem\",\"position\":1,\"name\":\"In\u00edcio\",\"item\":\"https:\\\/\\\/www.iquilibrio.com\\\/blog\\\/\"},{\"@type\":\"ListItem\",\"position\":2,\"name\":\"A dualidade dos signos, por Dom Guerino\"}]},{\"@type\":\"WebSite\",\"@id\":\"https:\\\/\\\/www.iquilibrio.com\\\/blog\\\/#website\",\"url\":\"https:\\\/\\\/www.iquilibrio.com\\\/blog\\\/\",\"name\":\"iQuilibrio\",\"description\":\"Blog iQuilibrio\",\"publisher\":{\"@id\":\"https:\\\/\\\/www.iquilibrio.com\\\/blog\\\/#organization\"},\"potentialAction\":[{\"@type\":\"SearchAction\",\"target\":{\"@type\":\"EntryPoint\",\"urlTemplate\":\"https:\\\/\\\/www.iquilibrio.com\\\/blog\\\/?s={search_term_string}\"},\"query-input\":{\"@type\":\"PropertyValueSpecification\",\"valueRequired\":true,\"valueName\":\"search_term_string\"}}],\"inLanguage\":\"pt-BR\"},{\"@type\":\"Organization\",\"@id\":\"https:\\\/\\\/www.iquilibrio.com\\\/blog\\\/#organization\",\"name\":\"Esoterismo, Misticismo e Tarot Online - iQuilibrio\",\"url\":\"https:\\\/\\\/www.iquilibrio.com\\\/blog\\\/\",\"logo\":{\"@type\":\"ImageObject\",\"inLanguage\":\"pt-BR\",\"@id\":\"https:\\\/\\\/www.iquilibrio.com\\\/blog\\\/#\\\/schema\\\/logo\\\/image\\\/\",\"url\":\"https:\\\/\\\/www.iquilibrio.com\\\/blog\\\/wp-content\\\/uploads\\\/2018\\\/12\\\/iquilibrio_lovo_vetor_preto-retina.png\",\"contentUrl\":\"https:\\\/\\\/www.iquilibrio.com\\\/blog\\\/wp-content\\\/uploads\\\/2018\\\/12\\\/iquilibrio_lovo_vetor_preto-retina.png\",\"width\":972,\"height\":180,\"caption\":\"Esoterismo, Misticismo e Tarot Online - iQuilibrio\"},\"image\":{\"@id\":\"https:\\\/\\\/www.iquilibrio.com\\\/blog\\\/#\\\/schema\\\/logo\\\/image\\\/\"},\"sameAs\":[\"https:\\\/\\\/www.facebook.com\\\/iQuilibrio\\\/\",\"https:\\\/\\\/x.com\\\/iquilibrio\",\"https:\\\/\\\/www.instagram.com\\\/iquilibrio\\\/\",\"https:\\\/\\\/www.linkedin.com\\\/company\\\/iquilibrio\\\/\",\"https:\\\/\\\/br.pinterest.com\\\/iquilibrio1397\\\/\",\"https:\\\/\\\/www.youtube.com\\\/channel\\\/UC175qxd-4Zsi4wzawT5zF2g\"]},{\"@type\":\"Person\",\"@id\":\"https:\\\/\\\/www.iquilibrio.com\\\/blog\\\/#\\\/schema\\\/person\\\/21ae990723c2e5a1170c9a06dacb4d3d\",\"name\":\"Arthur Peroni\",\"image\":{\"@type\":\"ImageObject\",\"inLanguage\":\"pt-BR\",\"@id\":\"https:\\\/\\\/www.iquilibrio.com\\\/blog\\\/wp-content\\\/uploads\\\/2023\\\/04\\\/Arthur-Peroni-150x150.jpg\",\"url\":\"https:\\\/\\\/www.iquilibrio.com\\\/blog\\\/wp-content\\\/uploads\\\/2023\\\/04\\\/Arthur-Peroni-150x150.jpg\",\"contentUrl\":\"https:\\\/\\\/www.iquilibrio.com\\\/blog\\\/wp-content\\\/uploads\\\/2023\\\/04\\\/Arthur-Peroni-150x150.jpg\",\"caption\":\"Arthur Peroni\"},\"description\":\"Arthur Peroni escreve sobre a vida, o universo e tudo mais. Amante da literatura m\u00edstica, e fic\u00e7\u00e3o, descobriu sua carreira de redator gra\u00e7as ao h\u00e1bito de leitura constante sobre fantasia e drama. Nas horas vagas, gosta de cozinhar, ler e ver filmes antigos. J\u00e1 trabalhou com, comunica\u00e7\u00e3o social, massoterapia, terapias hol\u00edsticas e design de interiores. Atualmente trabalha como redator SEO e se entusiasma com tudo o que \u00e9 esot\u00e9rico. Gosta de discutir sobre assuntos complexos e instigantes, e v\u00ea na escrita uma oportunidade de aprender e criar todos os dias, mentalmente e espiritualmente.\",\"url\":\"https:\\\/\\\/www.iquilibrio.com\\\/blog\\\/author\\\/raul-vinicius\\\/\"}]}<\/script>\n<!-- \/ Yoast SEO plugin. -->","yoast_head_json":{"title":"A dualidade dos signos, por Dom Guerino - iQuilibrio","robots":{"index":"index","follow":"follow","max-snippet":"max-snippet:-1","max-image-preview":"max-image-preview:large","max-video-preview":"max-video-preview:-1"},"canonical":"https:\/\/www.iquilibrio.com\/blog\/astrologia\/a-dualidade-dos-signos-por-dom-guerino\/","og_locale":"pt_BR","og_type":"article","og_title":"A dualidade dos signos, por Dom Guerino - iQuilibrio","og_description":"Na minha perspectiva, nenhum conhecimento \u00e9 dissociado do outro. Sendo assim,\u00a0 percebo a Astrologia na Escola a qual perten\u00e7o como algo relacionado a miss\u00e3o de cada ser humano.\u00a0 Ent\u00e3o, seja nesta dimens\u00e3o ou em outras \u00e1reas do conhecimento esot\u00e9rico e espiritual (como Kharma, Dharma e etc.) h\u00e1 uma conex\u00e3o total entre n\u00f3s e o todo. [&hellip;]","og_url":"https:\/\/www.iquilibrio.com\/blog\/astrologia\/a-dualidade-dos-signos-por-dom-guerino\/","og_site_name":"iQuilibrio","article_publisher":"https:\/\/www.facebook.com\/iQuilibrio\/","article_published_time":"2024-01-17T14:22:21+00:00","og_image":[{"width":900,"height":560,"url":"https:\/\/www.iquilibrio.com\/blog\/wp-content\/uploads\/2024\/01\/Signos.jpg","type":"image\/jpeg"}],"author":"Arthur Peroni","twitter_card":"summary_large_image","twitter_creator":"@iquilibrio","twitter_site":"@iquilibrio","twitter_misc":{"Escrito por":"Arthur Peroni","Est. tempo de leitura":"5 minutos"},"schema":{"@context":"https:\/\/schema.org","@graph":[{"@type":"Article","@id":"https:\/\/www.iquilibrio.com\/blog\/astrologia\/a-dualidade-dos-signos-por-dom-guerino\/#article","isPartOf":{"@id":"https:\/\/www.iquilibrio.com\/blog\/astrologia\/a-dualidade-dos-signos-por-dom-guerino\/"},"author":{"name":"Arthur Peroni","@id":"https:\/\/www.iquilibrio.com\/blog\/#\/schema\/person\/21ae990723c2e5a1170c9a06dacb4d3d"},"headline":"A dualidade dos signos, por Dom Guerino","datePublished":"2024-01-17T14:22:21+00:00","mainEntityOfPage":{"@id":"https:\/\/www.iquilibrio.com\/blog\/astrologia\/a-dualidade-dos-signos-por-dom-guerino\/"},"wordCount":854,"publisher":{"@id":"https:\/\/www.iquilibrio.com\/blog\/#organization"},"image":{"@id":"https:\/\/www.iquilibrio.com\/blog\/astrologia\/a-dualidade-dos-signos-por-dom-guerino\/#primaryimage"},"thumbnailUrl":"https:\/\/www.iquilibrio.com\/blog\/wp-content\/uploads\/2024\/01\/Signos.jpg","articleSection":["Astrologia"],"inLanguage":"pt-BR"},{"@type":"WebPage","@id":"https:\/\/www.iquilibrio.com\/blog\/astrologia\/a-dualidade-dos-signos-por-dom-guerino\/","url":"https:\/\/www.iquilibrio.com\/blog\/astrologia\/a-dualidade-dos-signos-por-dom-guerino\/","name":"A dualidade dos signos, por Dom Guerino - iQuilibrio","isPartOf":{"@id":"https:\/\/www.iquilibrio.com\/blog\/#website"},"primaryImageOfPage":{"@id":"https:\/\/www.iquilibrio.com\/blog\/astrologia\/a-dualidade-dos-signos-por-dom-guerino\/#primaryimage"},"image":{"@id":"https:\/\/www.iquilibrio.com\/blog\/astrologia\/a-dualidade-dos-signos-por-dom-guerino\/#primaryimage"},"thumbnailUrl":"https:\/\/www.iquilibrio.com\/blog\/wp-content\/uploads\/2024\/01\/Signos.jpg","datePublished":"2024-01-17T14:22:21+00:00","breadcrumb":{"@id":"https:\/\/www.iquilibrio.com\/blog\/astrologia\/a-dualidade-dos-signos-por-dom-guerino\/#breadcrumb"},"inLanguage":"pt-BR","potentialAction":[{"@type":"ReadAction","target":["https:\/\/www.iquilibrio.com\/blog\/astrologia\/a-dualidade-dos-signos-por-dom-guerino\/"]}]},{"@type":"ImageObject","inLanguage":"pt-BR","@id":"https:\/\/www.iquilibrio.com\/blog\/astrologia\/a-dualidade-dos-signos-por-dom-guerino\/#primaryimage","url":"https:\/\/www.iquilibrio.com\/blog\/wp-content\/uploads\/2024\/01\/Signos.jpg","contentUrl":"https:\/\/www.iquilibrio.com\/blog\/wp-content\/uploads\/2024\/01\/Signos.jpg","width":900,"height":560},{"@type":"BreadcrumbList","@id":"https:\/\/www.iquilibrio.com\/blog\/astrologia\/a-dualidade-dos-signos-por-dom-guerino\/#breadcrumb","itemListElement":[{"@type":"ListItem","position":1,"name":"In\u00edcio","item":"https:\/\/www.iquilibrio.com\/blog\/"},{"@type":"ListItem","position":2,"name":"A dualidade dos signos, por Dom Guerino"}]},{"@type":"WebSite","@id":"https:\/\/www.iquilibrio.com\/blog\/#website","url":"https:\/\/www.iquilibrio.com\/blog\/","name":"iQuilibrio","description":"Blog iQuilibrio","publisher":{"@id":"https:\/\/www.iquilibrio.com\/blog\/#organization"},"potentialAction":[{"@type":"SearchAction","target":{"@type":"EntryPoint","urlTemplate":"https:\/\/www.iquilibrio.com\/blog\/?s={search_term_string}"},"query-input":{"@type":"PropertyValueSpecification","valueRequired":true,"valueName":"search_term_string"}}],"inLanguage":"pt-BR"},{"@type":"Organization","@id":"https:\/\/www.iquilibrio.com\/blog\/#organization","name":"Esoterismo, Misticismo e Tarot Online - iQuilibrio","url":"https:\/\/www.iquilibrio.com\/blog\/","logo":{"@type":"ImageObject","inLanguage":"pt-BR","@id":"https:\/\/www.iquilibrio.com\/blog\/#\/schema\/logo\/image\/","url":"https:\/\/www.iquilibrio.com\/blog\/wp-content\/uploads\/2018\/12\/iquilibrio_lovo_vetor_preto-retina.png","contentUrl":"https:\/\/www.iquilibrio.com\/blog\/wp-content\/uploads\/2018\/12\/iquilibrio_lovo_vetor_preto-retina.png","width":972,"height":180,"caption":"Esoterismo, Misticismo e Tarot Online - iQuilibrio"},"image":{"@id":"https:\/\/www.iquilibrio.com\/blog\/#\/schema\/logo\/image\/"},"sameAs":["https:\/\/www.facebook.com\/iQuilibrio\/","https:\/\/x.com\/iquilibrio","https:\/\/www.instagram.com\/iquilibrio\/","https:\/\/www.linkedin.com\/company\/iquilibrio\/","https:\/\/br.pinterest.com\/iquilibrio1397\/","https:\/\/www.youtube.com\/channel\/UC175qxd-4Zsi4wzawT5zF2g"]},{"@type":"Person","@id":"https:\/\/www.iquilibrio.com\/blog\/#\/schema\/person\/21ae990723c2e5a1170c9a06dacb4d3d","name":"Arthur Peroni","image":{"@type":"ImageObject","inLanguage":"pt-BR","@id":"https:\/\/www.iquilibrio.com\/blog\/wp-content\/uploads\/2023\/04\/Arthur-Peroni-150x150.jpg","url":"https:\/\/www.iquilibrio.com\/blog\/wp-content\/uploads\/2023\/04\/Arthur-Peroni-150x150.jpg","contentUrl":"https:\/\/www.iquilibrio.com\/blog\/wp-content\/uploads\/2023\/04\/Arthur-Peroni-150x150.jpg","caption":"Arthur Peroni"},"description":"Arthur Peroni escreve sobre a vida, o universo e tudo mais. Amante da literatura m\u00edstica, e fic\u00e7\u00e3o, descobriu sua carreira de redator gra\u00e7as ao h\u00e1bito de leitura constante sobre fantasia e drama. Nas horas vagas, gosta de cozinhar, ler e ver filmes antigos. J\u00e1 trabalhou com, comunica\u00e7\u00e3o social, massoterapia, terapias hol\u00edsticas e design de interiores. Atualmente trabalha como redator SEO e se entusiasma com tudo o que \u00e9 esot\u00e9rico. Gosta de discutir sobre assuntos complexos e instigantes, e v\u00ea na escrita uma oportunidade de aprender e criar todos os dias, mentalmente e espiritualmente.","url":"https:\/\/www.iquilibrio.com\/blog\/author\/raul-vinicius\/"}]}},"_links":{"self":[{"href":"https:\/\/www.iquilibrio.com\/blog\/wp-json\/wp\/v2\/posts\/40085","targetHints":{"allow":["GET"]}}],"collection":[{"href":"https:\/\/www.iquilibrio.com\/blog\/wp-json\/wp\/v2\/posts"}],"about":[{"href":"https:\/\/www.iquilibrio.com\/blog\/wp-json\/wp\/v2\/types\/post"}],"author":[{"embeddable":true,"href":"https:\/\/www.iquilibrio.com\/blog\/wp-json\/wp\/v2\/users\/158"}],"replies":[{"embeddable":true,"href":"https:\/\/www.iquilibrio.com\/blog\/wp-json\/wp\/v2\/comments?post=40085"}],"version-history":[{"count":1,"href":"https:\/\/www.iquilibrio.com\/blog\/wp-json\/wp\/v2\/posts\/40085\/revisions"}],"predecessor-version":[{"id":40087,"href":"https:\/\/www.iquilibrio.com\/blog\/wp-json\/wp\/v2\/posts\/40085\/revisions\/40087"}],"wp:featuredmedia":[{"embeddable":true,"href":"https:\/\/www.iquilibrio.com\/blog\/wp-json\/wp\/v2\/media\/40086"}],"wp:attachment":[{"href":"https:\/\/www.iquilibrio.com\/blog\/wp-json\/wp\/v2\/media?parent=40085"}],"wp:term":[{"taxonomy":"category","embeddable":true,"href":"https:\/\/www.iquilibrio.com\/blog\/wp-json\/wp\/v2\/categories?post=40085"},{"taxonomy":"post_tag","embeddable":true,"href":"https:\/\/www.iquilibrio.com\/blog\/wp-json\/wp\/v2\/tags?post=40085"}],"curies":[{"name":"wp","href":"https:\/\/api.w.org\/{rel}","templated":true}]}}