{"id":40038,"date":"2024-01-08T07:00:19","date_gmt":"2024-01-08T10:00:19","guid":{"rendered":"https:\/\/www.iquilibrio.com\/blog\/?p=40038"},"modified":"2024-01-07T22:37:16","modified_gmt":"2024-01-08T01:37:16","slug":"ciclos-lunares-e-suas-influencias-por-emylian-kali","status":"publish","type":"post","link":"https:\/\/www.iquilibrio.com\/blog\/ciclo-lunar-semanal\/ciclos-lunares-e-suas-influencias-por-emylian-kali\/","title":{"rendered":"Ciclos lunares e suas influ\u00eancias por Emylian Kali"},"content":{"rendered":"<p>Chegou o seu momento lunar! Preparamos para voc\u00ea a passagem dos ciclos lunares que estar\u00e3o ativos entre os dias 04 e 17 de Janeiro. Preste bastante aten\u00e7\u00e3o nesses ciclos, pois eles ir\u00e3o ditar as inclina\u00e7\u00f5es da Lua com o seu signo!<b>&#x1f31c;<\/b><\/p>\n<h2><b>Explorando os Ciclos Lunares: Uma Jornada Pessoal e Espiritual<\/b><\/h2>\n<h5><b>Lua minguante em Libra \u2013 04\/01 a 10\/01<\/b><\/h5>\n<h5><b>Lua Nova em Capric\u00f3rnio \u2013 11\/01 a 17\/01<\/b><\/h5>\n<hr \/>\n<p><span style=\"font-weight: 400;\">Querido leitor, embarquemos juntos em uma jornada mais profunda pelas sutilezas dos Ciclos Lunares que nos acariciam este m\u00eas de Janeiro.<\/span><\/p>\n<p><span style=\"font-weight: 400;\"><br \/>\n<\/span><span style=\"font-weight: 400;\">As fases da lua s\u00e3o como melodias c\u00f3smicas, e cada nota ressoa em nossa alma, moldando nossa experi\u00eancia di\u00e1ria e convido voc\u00ea a mergulhar nos segredos luminosos que o c\u00e9u compartilha conosco ao longo destas duas semanas de Lua Minguante em Libra a iniciar no dia <strong>04\/01<\/strong> ao dia <strong>10\/01<\/strong>, e a Lua Nova em Capric\u00f3rnio a partir do dia <strong>11\/01<\/strong> ao dia <strong>17\/01<\/strong>.<\/span><\/p>\n<p><span style=\"font-weight: 400;\">A lua, com sua dan\u00e7a celeste, pinta o firmamento com pinceladas de magia e influ\u00eancias que se desdobram como cap\u00edtulos de um livro sagrado.<\/span><\/p>\n<p><span style=\"font-weight: 400;\">Nestes Ciclos Lunares, convido voc\u00ea a uma imers\u00e3o mais profunda nestes misteriosos caminhos, onde as energias c\u00f3smicas se entrela\u00e7am intimamente com nossas experi\u00eancias di\u00e1rias e \u00fanicas.<\/span><\/p>\n<p><span style=\"font-weight: 400;\"><br \/>\n<\/span><span style=\"font-weight: 400;\">Eu sou Emyllian Kali, seu guia celeste, e estou ansioso para compartilhar como podemos sintonizar-nos de maneira mais intensa com as influ\u00eancias lunares, revelando as nuances que muitas vezes escapam ao nosso olhar.<\/span><\/p>\n<h3><b>Lua Minguante em Libra<\/b><b>&#x1f316;<\/b><strong>&#x264e; <\/strong><b>04\/01 a 10\/01: Harmonia interior<\/b><\/h3>\n<p><span style=\"font-weight: 400;\">Sob a Lua Minguante em Libra, as energias celestiais entrela\u00e7am-se com as nossas, tecendo um tecido de suavidade e reflex\u00e3o. Este convite gentil nos conduz a uma jornada interior, onde buscamos equil\u00edbrio nas rela\u00e7\u00f5es e harmonia profunda conosco mesmos.<\/span><\/p>\n<p><span style=\"font-weight: 400;\">Com Libra, regido por V\u00eanus, despertando a necessidade de conex\u00f5es aut\u00eanticas e simbolizando a justi\u00e7a e a beleza. A Lua Minguante nesse signo nos incentiva a refletir sobre nossos relacionamentos, avaliando se h\u00e1 um equil\u00edbrio saud\u00e1vel em nossa vida.<\/span><\/p>\n<p><b>Dica do Emyllian:<\/b><span style=\"font-weight: 400;\"> Reserve um tempo para meditar sobre seus relacionamentos. Identifique \u00e1reas de desequil\u00edbrio e visualize-se trazendo harmonia a esses aspectos.<\/span><\/p>\n<h5><b><\/b><b>Ritual do Emyllian:<\/b><\/h5>\n<p><i><span style=\"font-weight: 400;\"><br \/>\n<\/span><\/i><b><i>Incenso:<\/i><\/b><span style=\"font-weight: 400;\"> Lavanda, para acalmar a mente e abrir portais para o interior.<\/span><\/p>\n<p><b><i>Banho:<\/i><\/b><span style=\"font-weight: 400;\"> Uma imers\u00e3o delicada em \u00e1gua morna com \u00f3leo essencial de s\u00e2ndalo, proporcionando relaxamento profundo.<\/span><\/p>\n<p><b><i>Mantra:<\/i><\/b><span style=\"font-weight: 400;\"> &#8220;Na quietude, descubro as melodias do meu equil\u00edbrio interior.&#8221;<\/span><\/p>\n<h3><b><br \/>\n<\/b><b>Lua Nova em Capric\u00f3rnio<\/b><b>&#x1f311;<\/b><strong>&#x2651;<\/strong><b>11\/01 a 17\/01: Um Novo Ciclo<\/b><\/h3>\n<p><span style=\"font-weight: 400;\"><br \/>\n<\/span><span style=\"font-weight: 400;\">Com a Lua Nova em Capric\u00f3rnio, somos testemunhas da abertura de um portal c\u00f3smico, marcando o in\u00edcio de um novo m\u00eas lunar. Este \u00e9 um momento prop\u00edcio para plantar as sementes de nossos sonhos, tra\u00e7ando metas s\u00f3lidas destinadas a crescer e florescer.<\/span><\/p>\n<p><span style=\"font-weight: 400;\">E a vibra\u00e7\u00e3o de Capric\u00f3rnio, regido por Saturno, simboliza a disciplina e o amadurecimento, trazendo uma energia terrestre e pragm\u00e1tica \u00e0 Lua Nova, \u00e9 a hora de estabelecer metas realistas e duradouras.<\/span><b><br \/>\n<\/b><\/p>\n<p><b>Dica do Emyllian:<\/b><span style=\"font-weight: 400;\"> Escreva suas metas para o novo m\u00eas em um papel. Visualize-as se concretizando e coloque o papel em um local vis\u00edvel para ser lembrado diariamente.<\/span><\/p>\n<h5><b><\/b><b>Ritual do Emyllian:<\/b><\/h5>\n<p><i><\/i><b><i>Incenso:<\/i><\/b><span style=\"font-weight: 400;\"> Alecrim, para purifica\u00e7\u00e3o mental e foco.<\/span><\/p>\n<p><b><i>Banho:<\/i><\/b><span style=\"font-weight: 400;\"> Uma experi\u00eancia de renova\u00e7\u00e3o com sal grosso e \u00f3leo essencial de eucalipto, limpando e preparando o corpo e a mente.<\/span><\/p>\n<p><b><i>Mantra:<\/i><\/b><span style=\"font-weight: 400;\"> &#8220;Neste novo ciclo, minhas inten\u00e7\u00f5es s\u00e3o sementes prontas para florescer.&#8221;<\/span><\/p>\n<h3><b>Como Incorporar Essas Energias em Sua Vida Di\u00e1ria?<\/b><\/h3>\n<p><span style=\"font-weight: 400;\">Durante estas semanas, reserve momentos para a contempla\u00e7\u00e3o silenciosa, permitindo-se ouvir as sutis mensagens do universo. Crie um espa\u00e7o sagrado em sua casa, decorando-o com objetos que representem seus desejos e inten\u00e7\u00f5es para o m\u00eas que se desdobra. Deixe-se envolver pelas energias lunares, absorvendo cada nuance como um presente divino que o cosmos gentilmente compartilha conosco.<\/span><\/p>\n<p><span style=\"font-weight: 400;\">Cada dia lunar \u00e9 uma oportunidade \u00fanica de se conectar de maneira mais profunda consigo mesmo(a) e com a vastid\u00e3o c\u00f3smica. Mergulhe nesses rituais com a certeza de que est\u00e1 criando um santu\u00e1rio sagrado para suas energias flu\u00edrem. Que esta semana seja uma jornada de autenticidade, descobertas e transforma\u00e7\u00f5es.<\/span><\/p>\n<p><b>Emyllian Kali<\/b><\/p>\n\n\n<div class=\"kk-star-ratings kksr-auto kksr-align-left kksr-valign-bottom\"\n    data-payload='{&quot;align&quot;:&quot;left&quot;,&quot;id&quot;:&quot;40038&quot;,&quot;slug&quot;:&quot;default&quot;,&quot;valign&quot;:&quot;bottom&quot;,&quot;ignore&quot;:&quot;&quot;,&quot;reference&quot;:&quot;auto&quot;,&quot;class&quot;:&quot;&quot;,&quot;count&quot;:&quot;0&quot;,&quot;legendonly&quot;:&quot;&quot;,&quot;readonly&quot;:&quot;&quot;,&quot;score&quot;:&quot;0&quot;,&quot;starsonly&quot;:&quot;&quot;,&quot;best&quot;:&quot;5&quot;,&quot;gap&quot;:&quot;5&quot;,&quot;greet&quot;:&quot;Rate this post&quot;,&quot;legend&quot;:&quot;0\\\/5 - (0 voto)&quot;,&quot;size&quot;:&quot;24&quot;,&quot;title&quot;:&quot;Ciclos lunares e suas influ\u00eancias por Emylian Kali&quot;,&quot;width&quot;:&quot;0&quot;,&quot;_legend&quot;:&quot;{score}\\\/{best} - ({count} {votes})&quot;,&quot;font_factor&quot;:&quot;1.25&quot;}'>\n            \n<div class=\"kksr-stars\">\n    \n<div class=\"kksr-stars-inactive\">\n            <div class=\"kksr-star\" data-star=\"1\" style=\"padding-right: 5px\">\n            \n\n<div class=\"kksr-icon\" style=\"width: 24px; height: 24px;\"><\/div>\n        <\/div>\n            <div class=\"kksr-star\" data-star=\"2\" style=\"padding-right: 5px\">\n            \n\n<div class=\"kksr-icon\" style=\"width: 24px; height: 24px;\"><\/div>\n        <\/div>\n            <div class=\"kksr-star\" data-star=\"3\" style=\"padding-right: 5px\">\n            \n\n<div class=\"kksr-icon\" style=\"width: 24px; height: 24px;\"><\/div>\n        <\/div>\n            <div class=\"kksr-star\" data-star=\"4\" style=\"padding-right: 5px\">\n            \n\n<div class=\"kksr-icon\" style=\"width: 24px; height: 24px;\"><\/div>\n        <\/div>\n            <div class=\"kksr-star\" data-star=\"5\" style=\"padding-right: 5px\">\n            \n\n<div class=\"kksr-icon\" style=\"width: 24px; height: 24px;\"><\/div>\n        <\/div>\n    <\/div>\n    \n<div class=\"kksr-stars-active\" style=\"width: 0px;\">\n            <div class=\"kksr-star\" style=\"padding-right: 5px\">\n            \n\n<div class=\"kksr-icon\" style=\"width: 24px; height: 24px;\"><\/div>\n        <\/div>\n            <div class=\"kksr-star\" style=\"padding-right: 5px\">\n            \n\n<div class=\"kksr-icon\" style=\"width: 24px; height: 24px;\"><\/div>\n        <\/div>\n            <div class=\"kksr-star\" style=\"padding-right: 5px\">\n            \n\n<div class=\"kksr-icon\" style=\"width: 24px; height: 24px;\"><\/div>\n        <\/div>\n            <div class=\"kksr-star\" style=\"padding-right: 5px\">\n            \n\n<div class=\"kksr-icon\" style=\"width: 24px; height: 24px;\"><\/div>\n        <\/div>\n            <div class=\"kksr-star\" style=\"padding-right: 5px\">\n            \n\n<div class=\"kksr-icon\" style=\"width: 24px; height: 24px;\"><\/div>\n        <\/div>\n    <\/div>\n<\/div>\n                \n\n<div class=\"kksr-legend\" style=\"font-size: 19.2px;\">\n            <span class=\"kksr-muted\">Rate this post<\/span>\n    <\/div>\n    <\/div>\n","protected":false},"excerpt":{"rendered":"<p>Chegou o seu momento lunar! Preparamos para voc\u00ea a passagem dos ciclos lunares que estar\u00e3o ativos entre os dias 04 e 17 de Janeiro. Preste bastante aten\u00e7\u00e3o nesses ciclos, pois eles ir\u00e3o ditar as inclina\u00e7\u00f5es da Lua com o seu signo!&#x1f31c; Explorando os Ciclos Lunares: Uma Jornada Pessoal e Espiritual Lua minguante em Libra \u2013 [&hellip;]<\/p>\n","protected":false},"author":158,"featured_media":40040,"comment_status":"closed","ping_status":"closed","sticky":false,"template":"","format":"standard","meta":{"footnotes":""},"categories":[4893],"tags":[],"class_list":["post-40038","post","type-post","status-publish","format-standard","has-post-thumbnail","hentry","category-ciclo-lunar-semanal"],"yoast_head":"<!-- This site is optimized with the Yoast SEO plugin v27.4 - https:\/\/yoast.com\/product\/yoast-seo-wordpress\/ -->\n<title>Ciclos lunares e suas influ\u00eancias por Emylian Kali - iQuilibrio<\/title>\n<meta name=\"robots\" content=\"index, follow, max-snippet:-1, max-image-preview:large, max-video-preview:-1\" \/>\n<link rel=\"canonical\" href=\"https:\/\/www.iquilibrio.com\/blog\/ciclo-lunar-semanal\/ciclos-lunares-e-suas-influencias-por-emylian-kali\/\" \/>\n<meta property=\"og:locale\" content=\"pt_BR\" \/>\n<meta property=\"og:type\" content=\"article\" \/>\n<meta property=\"og:title\" content=\"Ciclos lunares e suas influ\u00eancias por Emylian Kali - iQuilibrio\" \/>\n<meta property=\"og:description\" content=\"Chegou o seu momento lunar! Preparamos para voc\u00ea a passagem dos ciclos lunares que estar\u00e3o ativos entre os dias 04 e 17 de Janeiro. Preste bastante aten\u00e7\u00e3o nesses ciclos, pois eles ir\u00e3o ditar as inclina\u00e7\u00f5es da Lua com o seu signo!&#x1f31c; Explorando os Ciclos Lunares: Uma Jornada Pessoal e Espiritual Lua minguante em Libra \u2013 [&hellip;]\" \/>\n<meta property=\"og:url\" content=\"https:\/\/www.iquilibrio.com\/blog\/ciclo-lunar-semanal\/ciclos-lunares-e-suas-influencias-por-emylian-kali\/\" \/>\n<meta property=\"og:site_name\" content=\"iQuilibrio\" \/>\n<meta property=\"article:publisher\" content=\"https:\/\/www.facebook.com\/iQuilibrio\/\" \/>\n<meta property=\"article:published_time\" content=\"2024-01-08T10:00:19+00:00\" \/>\n<meta property=\"og:image\" content=\"https:\/\/www.iquilibrio.com\/blog\/wp-content\/uploads\/2024\/01\/Ciclo-lunar-semanal.jpg\" \/>\n\t<meta property=\"og:image:width\" content=\"730\" \/>\n\t<meta property=\"og:image:height\" content=\"365\" \/>\n\t<meta property=\"og:image:type\" content=\"image\/jpeg\" \/>\n<meta name=\"author\" content=\"Arthur Peroni\" \/>\n<meta name=\"twitter:card\" content=\"summary_large_image\" \/>\n<meta name=\"twitter:creator\" content=\"@iquilibrio\" \/>\n<meta name=\"twitter:site\" content=\"@iquilibrio\" \/>\n<meta name=\"twitter:label1\" content=\"Escrito por\" \/>\n\t<meta name=\"twitter:data1\" content=\"Arthur Peroni\" \/>\n\t<meta name=\"twitter:label2\" content=\"Est. tempo de leitura\" \/>\n\t<meta name=\"twitter:data2\" content=\"4 minutos\" \/>\n<script type=\"application\/ld+json\" class=\"yoast-schema-graph\">{\"@context\":\"https:\\\/\\\/schema.org\",\"@graph\":[{\"@type\":\"Article\",\"@id\":\"https:\\\/\\\/www.iquilibrio.com\\\/blog\\\/ciclo-lunar-semanal\\\/ciclos-lunares-e-suas-influencias-por-emylian-kali\\\/#article\",\"isPartOf\":{\"@id\":\"https:\\\/\\\/www.iquilibrio.com\\\/blog\\\/ciclo-lunar-semanal\\\/ciclos-lunares-e-suas-influencias-por-emylian-kali\\\/\"},\"author\":{\"name\":\"Arthur Peroni\",\"@id\":\"https:\\\/\\\/www.iquilibrio.com\\\/blog\\\/#\\\/schema\\\/person\\\/21ae990723c2e5a1170c9a06dacb4d3d\"},\"headline\":\"Ciclos lunares e suas influ\u00eancias por Emylian Kali\",\"datePublished\":\"2024-01-08T10:00:19+00:00\",\"mainEntityOfPage\":{\"@id\":\"https:\\\/\\\/www.iquilibrio.com\\\/blog\\\/ciclo-lunar-semanal\\\/ciclos-lunares-e-suas-influencias-por-emylian-kali\\\/\"},\"wordCount\":715,\"publisher\":{\"@id\":\"https:\\\/\\\/www.iquilibrio.com\\\/blog\\\/#organization\"},\"image\":{\"@id\":\"https:\\\/\\\/www.iquilibrio.com\\\/blog\\\/ciclo-lunar-semanal\\\/ciclos-lunares-e-suas-influencias-por-emylian-kali\\\/#primaryimage\"},\"thumbnailUrl\":\"https:\\\/\\\/www.iquilibrio.com\\\/blog\\\/wp-content\\\/uploads\\\/2024\\\/01\\\/Ciclo-lunar-semanal.jpg\",\"articleSection\":[\"Ciclo Lunar semanal\"],\"inLanguage\":\"pt-BR\"},{\"@type\":\"WebPage\",\"@id\":\"https:\\\/\\\/www.iquilibrio.com\\\/blog\\\/ciclo-lunar-semanal\\\/ciclos-lunares-e-suas-influencias-por-emylian-kali\\\/\",\"url\":\"https:\\\/\\\/www.iquilibrio.com\\\/blog\\\/ciclo-lunar-semanal\\\/ciclos-lunares-e-suas-influencias-por-emylian-kali\\\/\",\"name\":\"Ciclos lunares e suas influ\u00eancias por Emylian Kali - iQuilibrio\",\"isPartOf\":{\"@id\":\"https:\\\/\\\/www.iquilibrio.com\\\/blog\\\/#website\"},\"primaryImageOfPage\":{\"@id\":\"https:\\\/\\\/www.iquilibrio.com\\\/blog\\\/ciclo-lunar-semanal\\\/ciclos-lunares-e-suas-influencias-por-emylian-kali\\\/#primaryimage\"},\"image\":{\"@id\":\"https:\\\/\\\/www.iquilibrio.com\\\/blog\\\/ciclo-lunar-semanal\\\/ciclos-lunares-e-suas-influencias-por-emylian-kali\\\/#primaryimage\"},\"thumbnailUrl\":\"https:\\\/\\\/www.iquilibrio.com\\\/blog\\\/wp-content\\\/uploads\\\/2024\\\/01\\\/Ciclo-lunar-semanal.jpg\",\"datePublished\":\"2024-01-08T10:00:19+00:00\",\"breadcrumb\":{\"@id\":\"https:\\\/\\\/www.iquilibrio.com\\\/blog\\\/ciclo-lunar-semanal\\\/ciclos-lunares-e-suas-influencias-por-emylian-kali\\\/#breadcrumb\"},\"inLanguage\":\"pt-BR\",\"potentialAction\":[{\"@type\":\"ReadAction\",\"target\":[\"https:\\\/\\\/www.iquilibrio.com\\\/blog\\\/ciclo-lunar-semanal\\\/ciclos-lunares-e-suas-influencias-por-emylian-kali\\\/\"]}]},{\"@type\":\"ImageObject\",\"inLanguage\":\"pt-BR\",\"@id\":\"https:\\\/\\\/www.iquilibrio.com\\\/blog\\\/ciclo-lunar-semanal\\\/ciclos-lunares-e-suas-influencias-por-emylian-kali\\\/#primaryimage\",\"url\":\"https:\\\/\\\/www.iquilibrio.com\\\/blog\\\/wp-content\\\/uploads\\\/2024\\\/01\\\/Ciclo-lunar-semanal.jpg\",\"contentUrl\":\"https:\\\/\\\/www.iquilibrio.com\\\/blog\\\/wp-content\\\/uploads\\\/2024\\\/01\\\/Ciclo-lunar-semanal.jpg\",\"width\":730,\"height\":365},{\"@type\":\"BreadcrumbList\",\"@id\":\"https:\\\/\\\/www.iquilibrio.com\\\/blog\\\/ciclo-lunar-semanal\\\/ciclos-lunares-e-suas-influencias-por-emylian-kali\\\/#breadcrumb\",\"itemListElement\":[{\"@type\":\"ListItem\",\"position\":1,\"name\":\"In\u00edcio\",\"item\":\"https:\\\/\\\/www.iquilibrio.com\\\/blog\\\/\"},{\"@type\":\"ListItem\",\"position\":2,\"name\":\"Ciclos lunares e suas influ\u00eancias por Emylian Kali\"}]},{\"@type\":\"WebSite\",\"@id\":\"https:\\\/\\\/www.iquilibrio.com\\\/blog\\\/#website\",\"url\":\"https:\\\/\\\/www.iquilibrio.com\\\/blog\\\/\",\"name\":\"iQuilibrio\",\"description\":\"Blog iQuilibrio\",\"publisher\":{\"@id\":\"https:\\\/\\\/www.iquilibrio.com\\\/blog\\\/#organization\"},\"potentialAction\":[{\"@type\":\"SearchAction\",\"target\":{\"@type\":\"EntryPoint\",\"urlTemplate\":\"https:\\\/\\\/www.iquilibrio.com\\\/blog\\\/?s={search_term_string}\"},\"query-input\":{\"@type\":\"PropertyValueSpecification\",\"valueRequired\":true,\"valueName\":\"search_term_string\"}}],\"inLanguage\":\"pt-BR\"},{\"@type\":\"Organization\",\"@id\":\"https:\\\/\\\/www.iquilibrio.com\\\/blog\\\/#organization\",\"name\":\"Esoterismo, Misticismo e Tarot Online - iQuilibrio\",\"url\":\"https:\\\/\\\/www.iquilibrio.com\\\/blog\\\/\",\"logo\":{\"@type\":\"ImageObject\",\"inLanguage\":\"pt-BR\",\"@id\":\"https:\\\/\\\/www.iquilibrio.com\\\/blog\\\/#\\\/schema\\\/logo\\\/image\\\/\",\"url\":\"https:\\\/\\\/www.iquilibrio.com\\\/blog\\\/wp-content\\\/uploads\\\/2018\\\/12\\\/iquilibrio_lovo_vetor_preto-retina.png\",\"contentUrl\":\"https:\\\/\\\/www.iquilibrio.com\\\/blog\\\/wp-content\\\/uploads\\\/2018\\\/12\\\/iquilibrio_lovo_vetor_preto-retina.png\",\"width\":972,\"height\":180,\"caption\":\"Esoterismo, Misticismo e Tarot Online - iQuilibrio\"},\"image\":{\"@id\":\"https:\\\/\\\/www.iquilibrio.com\\\/blog\\\/#\\\/schema\\\/logo\\\/image\\\/\"},\"sameAs\":[\"https:\\\/\\\/www.facebook.com\\\/iQuilibrio\\\/\",\"https:\\\/\\\/x.com\\\/iquilibrio\",\"https:\\\/\\\/www.instagram.com\\\/iquilibrio\\\/\",\"https:\\\/\\\/www.linkedin.com\\\/company\\\/iquilibrio\\\/\",\"https:\\\/\\\/br.pinterest.com\\\/iquilibrio1397\\\/\",\"https:\\\/\\\/www.youtube.com\\\/channel\\\/UC175qxd-4Zsi4wzawT5zF2g\"]},{\"@type\":\"Person\",\"@id\":\"https:\\\/\\\/www.iquilibrio.com\\\/blog\\\/#\\\/schema\\\/person\\\/21ae990723c2e5a1170c9a06dacb4d3d\",\"name\":\"Arthur Peroni\",\"image\":{\"@type\":\"ImageObject\",\"inLanguage\":\"pt-BR\",\"@id\":\"https:\\\/\\\/www.iquilibrio.com\\\/blog\\\/wp-content\\\/uploads\\\/2023\\\/04\\\/Arthur-Peroni-150x150.jpg\",\"url\":\"https:\\\/\\\/www.iquilibrio.com\\\/blog\\\/wp-content\\\/uploads\\\/2023\\\/04\\\/Arthur-Peroni-150x150.jpg\",\"contentUrl\":\"https:\\\/\\\/www.iquilibrio.com\\\/blog\\\/wp-content\\\/uploads\\\/2023\\\/04\\\/Arthur-Peroni-150x150.jpg\",\"caption\":\"Arthur Peroni\"},\"description\":\"Arthur Peroni escreve sobre a vida, o universo e tudo mais. Amante da literatura m\u00edstica, e fic\u00e7\u00e3o, descobriu sua carreira de redator gra\u00e7as ao h\u00e1bito de leitura constante sobre fantasia e drama. Nas horas vagas, gosta de cozinhar, ler e ver filmes antigos. J\u00e1 trabalhou com, comunica\u00e7\u00e3o social, massoterapia, terapias hol\u00edsticas e design de interiores. Atualmente trabalha como redator SEO e se entusiasma com tudo o que \u00e9 esot\u00e9rico. Gosta de discutir sobre assuntos complexos e instigantes, e v\u00ea na escrita uma oportunidade de aprender e criar todos os dias, mentalmente e espiritualmente.\",\"url\":\"https:\\\/\\\/www.iquilibrio.com\\\/blog\\\/author\\\/raul-vinicius\\\/\"}]}<\/script>\n<!-- \/ Yoast SEO plugin. -->","yoast_head_json":{"title":"Ciclos lunares e suas influ\u00eancias por Emylian Kali - iQuilibrio","robots":{"index":"index","follow":"follow","max-snippet":"max-snippet:-1","max-image-preview":"max-image-preview:large","max-video-preview":"max-video-preview:-1"},"canonical":"https:\/\/www.iquilibrio.com\/blog\/ciclo-lunar-semanal\/ciclos-lunares-e-suas-influencias-por-emylian-kali\/","og_locale":"pt_BR","og_type":"article","og_title":"Ciclos lunares e suas influ\u00eancias por Emylian Kali - iQuilibrio","og_description":"Chegou o seu momento lunar! Preparamos para voc\u00ea a passagem dos ciclos lunares que estar\u00e3o ativos entre os dias 04 e 17 de Janeiro. Preste bastante aten\u00e7\u00e3o nesses ciclos, pois eles ir\u00e3o ditar as inclina\u00e7\u00f5es da Lua com o seu signo!&#x1f31c; Explorando os Ciclos Lunares: Uma Jornada Pessoal e Espiritual Lua minguante em Libra \u2013 [&hellip;]","og_url":"https:\/\/www.iquilibrio.com\/blog\/ciclo-lunar-semanal\/ciclos-lunares-e-suas-influencias-por-emylian-kali\/","og_site_name":"iQuilibrio","article_publisher":"https:\/\/www.facebook.com\/iQuilibrio\/","article_published_time":"2024-01-08T10:00:19+00:00","og_image":[{"width":730,"height":365,"url":"https:\/\/www.iquilibrio.com\/blog\/wp-content\/uploads\/2024\/01\/Ciclo-lunar-semanal.jpg","type":"image\/jpeg"}],"author":"Arthur Peroni","twitter_card":"summary_large_image","twitter_creator":"@iquilibrio","twitter_site":"@iquilibrio","twitter_misc":{"Escrito por":"Arthur Peroni","Est. tempo de leitura":"4 minutos"},"schema":{"@context":"https:\/\/schema.org","@graph":[{"@type":"Article","@id":"https:\/\/www.iquilibrio.com\/blog\/ciclo-lunar-semanal\/ciclos-lunares-e-suas-influencias-por-emylian-kali\/#article","isPartOf":{"@id":"https:\/\/www.iquilibrio.com\/blog\/ciclo-lunar-semanal\/ciclos-lunares-e-suas-influencias-por-emylian-kali\/"},"author":{"name":"Arthur Peroni","@id":"https:\/\/www.iquilibrio.com\/blog\/#\/schema\/person\/21ae990723c2e5a1170c9a06dacb4d3d"},"headline":"Ciclos lunares e suas influ\u00eancias por Emylian Kali","datePublished":"2024-01-08T10:00:19+00:00","mainEntityOfPage":{"@id":"https:\/\/www.iquilibrio.com\/blog\/ciclo-lunar-semanal\/ciclos-lunares-e-suas-influencias-por-emylian-kali\/"},"wordCount":715,"publisher":{"@id":"https:\/\/www.iquilibrio.com\/blog\/#organization"},"image":{"@id":"https:\/\/www.iquilibrio.com\/blog\/ciclo-lunar-semanal\/ciclos-lunares-e-suas-influencias-por-emylian-kali\/#primaryimage"},"thumbnailUrl":"https:\/\/www.iquilibrio.com\/blog\/wp-content\/uploads\/2024\/01\/Ciclo-lunar-semanal.jpg","articleSection":["Ciclo Lunar semanal"],"inLanguage":"pt-BR"},{"@type":"WebPage","@id":"https:\/\/www.iquilibrio.com\/blog\/ciclo-lunar-semanal\/ciclos-lunares-e-suas-influencias-por-emylian-kali\/","url":"https:\/\/www.iquilibrio.com\/blog\/ciclo-lunar-semanal\/ciclos-lunares-e-suas-influencias-por-emylian-kali\/","name":"Ciclos lunares e suas influ\u00eancias por Emylian Kali - iQuilibrio","isPartOf":{"@id":"https:\/\/www.iquilibrio.com\/blog\/#website"},"primaryImageOfPage":{"@id":"https:\/\/www.iquilibrio.com\/blog\/ciclo-lunar-semanal\/ciclos-lunares-e-suas-influencias-por-emylian-kali\/#primaryimage"},"image":{"@id":"https:\/\/www.iquilibrio.com\/blog\/ciclo-lunar-semanal\/ciclos-lunares-e-suas-influencias-por-emylian-kali\/#primaryimage"},"thumbnailUrl":"https:\/\/www.iquilibrio.com\/blog\/wp-content\/uploads\/2024\/01\/Ciclo-lunar-semanal.jpg","datePublished":"2024-01-08T10:00:19+00:00","breadcrumb":{"@id":"https:\/\/www.iquilibrio.com\/blog\/ciclo-lunar-semanal\/ciclos-lunares-e-suas-influencias-por-emylian-kali\/#breadcrumb"},"inLanguage":"pt-BR","potentialAction":[{"@type":"ReadAction","target":["https:\/\/www.iquilibrio.com\/blog\/ciclo-lunar-semanal\/ciclos-lunares-e-suas-influencias-por-emylian-kali\/"]}]},{"@type":"ImageObject","inLanguage":"pt-BR","@id":"https:\/\/www.iquilibrio.com\/blog\/ciclo-lunar-semanal\/ciclos-lunares-e-suas-influencias-por-emylian-kali\/#primaryimage","url":"https:\/\/www.iquilibrio.com\/blog\/wp-content\/uploads\/2024\/01\/Ciclo-lunar-semanal.jpg","contentUrl":"https:\/\/www.iquilibrio.com\/blog\/wp-content\/uploads\/2024\/01\/Ciclo-lunar-semanal.jpg","width":730,"height":365},{"@type":"BreadcrumbList","@id":"https:\/\/www.iquilibrio.com\/blog\/ciclo-lunar-semanal\/ciclos-lunares-e-suas-influencias-por-emylian-kali\/#breadcrumb","itemListElement":[{"@type":"ListItem","position":1,"name":"In\u00edcio","item":"https:\/\/www.iquilibrio.com\/blog\/"},{"@type":"ListItem","position":2,"name":"Ciclos lunares e suas influ\u00eancias por Emylian Kali"}]},{"@type":"WebSite","@id":"https:\/\/www.iquilibrio.com\/blog\/#website","url":"https:\/\/www.iquilibrio.com\/blog\/","name":"iQuilibrio","description":"Blog iQuilibrio","publisher":{"@id":"https:\/\/www.iquilibrio.com\/blog\/#organization"},"potentialAction":[{"@type":"SearchAction","target":{"@type":"EntryPoint","urlTemplate":"https:\/\/www.iquilibrio.com\/blog\/?s={search_term_string}"},"query-input":{"@type":"PropertyValueSpecification","valueRequired":true,"valueName":"search_term_string"}}],"inLanguage":"pt-BR"},{"@type":"Organization","@id":"https:\/\/www.iquilibrio.com\/blog\/#organization","name":"Esoterismo, Misticismo e Tarot Online - iQuilibrio","url":"https:\/\/www.iquilibrio.com\/blog\/","logo":{"@type":"ImageObject","inLanguage":"pt-BR","@id":"https:\/\/www.iquilibrio.com\/blog\/#\/schema\/logo\/image\/","url":"https:\/\/www.iquilibrio.com\/blog\/wp-content\/uploads\/2018\/12\/iquilibrio_lovo_vetor_preto-retina.png","contentUrl":"https:\/\/www.iquilibrio.com\/blog\/wp-content\/uploads\/2018\/12\/iquilibrio_lovo_vetor_preto-retina.png","width":972,"height":180,"caption":"Esoterismo, Misticismo e Tarot Online - iQuilibrio"},"image":{"@id":"https:\/\/www.iquilibrio.com\/blog\/#\/schema\/logo\/image\/"},"sameAs":["https:\/\/www.facebook.com\/iQuilibrio\/","https:\/\/x.com\/iquilibrio","https:\/\/www.instagram.com\/iquilibrio\/","https:\/\/www.linkedin.com\/company\/iquilibrio\/","https:\/\/br.pinterest.com\/iquilibrio1397\/","https:\/\/www.youtube.com\/channel\/UC175qxd-4Zsi4wzawT5zF2g"]},{"@type":"Person","@id":"https:\/\/www.iquilibrio.com\/blog\/#\/schema\/person\/21ae990723c2e5a1170c9a06dacb4d3d","name":"Arthur Peroni","image":{"@type":"ImageObject","inLanguage":"pt-BR","@id":"https:\/\/www.iquilibrio.com\/blog\/wp-content\/uploads\/2023\/04\/Arthur-Peroni-150x150.jpg","url":"https:\/\/www.iquilibrio.com\/blog\/wp-content\/uploads\/2023\/04\/Arthur-Peroni-150x150.jpg","contentUrl":"https:\/\/www.iquilibrio.com\/blog\/wp-content\/uploads\/2023\/04\/Arthur-Peroni-150x150.jpg","caption":"Arthur Peroni"},"description":"Arthur Peroni escreve sobre a vida, o universo e tudo mais. Amante da literatura m\u00edstica, e fic\u00e7\u00e3o, descobriu sua carreira de redator gra\u00e7as ao h\u00e1bito de leitura constante sobre fantasia e drama. Nas horas vagas, gosta de cozinhar, ler e ver filmes antigos. J\u00e1 trabalhou com, comunica\u00e7\u00e3o social, massoterapia, terapias hol\u00edsticas e design de interiores. Atualmente trabalha como redator SEO e se entusiasma com tudo o que \u00e9 esot\u00e9rico. Gosta de discutir sobre assuntos complexos e instigantes, e v\u00ea na escrita uma oportunidade de aprender e criar todos os dias, mentalmente e espiritualmente.","url":"https:\/\/www.iquilibrio.com\/blog\/author\/raul-vinicius\/"}]}},"_links":{"self":[{"href":"https:\/\/www.iquilibrio.com\/blog\/wp-json\/wp\/v2\/posts\/40038","targetHints":{"allow":["GET"]}}],"collection":[{"href":"https:\/\/www.iquilibrio.com\/blog\/wp-json\/wp\/v2\/posts"}],"about":[{"href":"https:\/\/www.iquilibrio.com\/blog\/wp-json\/wp\/v2\/types\/post"}],"author":[{"embeddable":true,"href":"https:\/\/www.iquilibrio.com\/blog\/wp-json\/wp\/v2\/users\/158"}],"replies":[{"embeddable":true,"href":"https:\/\/www.iquilibrio.com\/blog\/wp-json\/wp\/v2\/comments?post=40038"}],"version-history":[{"count":1,"href":"https:\/\/www.iquilibrio.com\/blog\/wp-json\/wp\/v2\/posts\/40038\/revisions"}],"predecessor-version":[{"id":40041,"href":"https:\/\/www.iquilibrio.com\/blog\/wp-json\/wp\/v2\/posts\/40038\/revisions\/40041"}],"wp:featuredmedia":[{"embeddable":true,"href":"https:\/\/www.iquilibrio.com\/blog\/wp-json\/wp\/v2\/media\/40040"}],"wp:attachment":[{"href":"https:\/\/www.iquilibrio.com\/blog\/wp-json\/wp\/v2\/media?parent=40038"}],"wp:term":[{"taxonomy":"category","embeddable":true,"href":"https:\/\/www.iquilibrio.com\/blog\/wp-json\/wp\/v2\/categories?post=40038"},{"taxonomy":"post_tag","embeddable":true,"href":"https:\/\/www.iquilibrio.com\/blog\/wp-json\/wp\/v2\/tags?post=40038"}],"curies":[{"name":"wp","href":"https:\/\/api.w.org\/{rel}","templated":true}]}}