{"id":39883,"date":"2023-11-16T12:57:55","date_gmt":"2023-11-16T15:57:55","guid":{"rendered":"https:\/\/www.iquilibrio.com\/blog\/?p=39883"},"modified":"2023-11-16T12:57:55","modified_gmt":"2023-11-16T15:57:55","slug":"horoscopo-semanal-de-20-a-26-de-novembro-pela-astrologa-manu-koetz","status":"publish","type":"post","link":"https:\/\/www.iquilibrio.com\/blog\/astrologia\/horoscopo-semanal\/horoscopo-semanal-de-20-a-26-de-novembro-pela-astrologa-manu-koetz\/","title":{"rendered":"Hor\u00f3scopo semanal de 20 a 26 de Novembro, pela astr\u00f3loga Manu Koetz"},"content":{"rendered":"<h2><span id=\"Saiba_como_se_preparar_para_essa_semana_com_base_nas_energias_que_estao_por_vir_com_Manu_Koetzx2728\">Saiba como se preparar para essa semana com base nas energias que est\u00e3o por vir com Manu Koetz&#x2728;<\/span><\/h2>\n<p>A semana come\u00e7ou e voc\u00ea j\u00e1 pode se preparar para o que vem pela frente, porque o hor\u00f3scopo semanal est\u00e1 no ar! Arraste para baixo e veja quais s\u00e3o as energias e potenciais dessa semana de 20 a 26 de Novembro para o seu signo!<\/p>\n<h3><span id=\"Aries_2103_2004_x2648\"><span id=\"Aries_2103_8211_2004_x2648\">\u00c1ries\u00a0 (21\/03 \u2013 20\/04) &#x2648;<\/span><\/span><\/h3>\n<p><span style=\"font-weight: 400;\">A semana promete ser bastante din\u00e2mica, com seus relacionamentos e aspira\u00e7\u00f5es de longo prazo enfatizados. \u00c9 um per\u00edodo de reflex\u00e3o sobre suas amizades e c\u00edrculos sociais. Voc\u00ea sente-se inclinada a avaliar a qualidade e o prop\u00f3sito de suas conex\u00f5es, buscando compreender que tipo de ilus\u00e3o ou ideia equivocada pode estar nutrindo. \u00c9 poss\u00edvel que haja algum conflito entre suas aspira\u00e7\u00f5es pessoais e compromissos com os grupos dos quais faz parte.<\/span><\/p>\n<p><span style=\"font-weight: 400;\">Voc\u00ea sente-se dividida entre seguir suas pr\u00f3prias cren\u00e7as e ideais, e a necessidade de se adaptar \u00e0s expectativas dos outros.<\/span><\/p>\n<p><span style=\"font-weight: 400;\">H\u00e1 uma tend\u00eancia a agir impulsivamente para defender suas pr\u00f3prias convic\u00e7\u00f5es. Busque ponderar as consequ\u00eancias de suas a\u00e7\u00f5es e ser paciente, sobretudo em seus relacionamentos e projetos coletivos. Mantenha-se aberta a diferentes pontos de vista e abrace a oportunidade de expandir sua vis\u00e3o de mundo.<\/span><\/p>\n<h3><span id=\"Touro_2104_2005_x2649\"><span id=\"Touro_2104_8211_2005_x2649\">Touro\u00a0 (21\/04 \u2013 20\/05) &#x2649;<\/span><\/span><\/h3>\n<p><span style=\"font-weight: 400;\">\u00c9 poss\u00edvel que esteja passando por um per\u00edodo mais introspectivo onde busca reavaliar sua profiss\u00e3o e a forma como se projeta no mundo. Voc\u00ea est\u00e1 sendo convidada a refletir sobre a dire\u00e7\u00e3o que deseja seguir. Saturno pede para tirar a venda e enxergar com mais senso de realidade suas aspira\u00e7\u00f5es. Agora \u00e9 hora de estruturar seus planos de longo prazo e talvez considerar novas abordagens.<\/span><\/p>\n<p><span style=\"font-weight: 400;\">Ao mesmo tempo, voc\u00ea pode sentir-se impulsionada a fazer mudan\u00e7as significativas tanto na sua vida profissional quanto pessoal. H\u00e1 uma sensa\u00e7\u00e3o de urg\u00eancia ou impaci\u00eancia de romper com velhos padr\u00f5es e abra\u00e7ar novas maneiras de pensar e agir. Contudo, \u00e9 importante agir com cautela, utilize toda sua paci\u00eancia e pondera\u00e7\u00e3o taurina e n\u00e3o se apresse em tomar decis\u00f5es, especialmente em assuntos financeiros ou de investimentos.<\/span><\/p>\n<h3><span id=\"Gemeos_2105_2006_x264a\"><span id=\"Gemeos_2105_8211_2006_x264a\">G\u00eameos\u00a0 (21\/05 \u2013 20\/06) &#x264a;<\/span><\/span><\/h3>\n<p><span style=\"font-weight: 400;\">A semana come\u00e7a com um forte desejo de explorar novos campos de conhecimento, filosofias ou simplesmente adquirir novas abordagens de vida. Este \u00e9 um momento que enfatiza o aprendizado e crescimento, mas \u00e9 poss\u00edvel que sinta-se pressionada a redefinir suas cren\u00e7as e pode perceber que andou apegada demais a ideias e ilus\u00f5es que n\u00e3o lhe representavam.<\/span><\/p>\n<p><span style=\"font-weight: 400;\">Ao mesmo tempo, a presen\u00e7a do Sol de m\u00e3os dadas a Marte em Sagit\u00e1rio, aponta para um maior dinamismo em seus relacionamentos. Esta configura\u00e7\u00e3o pode trazer a necessidade de se afirmar mais em suas rela\u00e7\u00f5es e de agir ativamente neste setor de sua vida.<\/span><\/p>\n<p><span style=\"font-weight: 400;\">Nesse sentido, \u00e9 importante buscar um equil\u00edbrio entre a manuten\u00e7\u00e3o da sua individualidade e a harmonia nas rela\u00e7\u00f5es. Sobretudo, fique atenta a impaci\u00eancia esperada para esse per\u00edodo.<\/span><\/p>\n<h3><span id=\"Cancer_2106_2207_x264b\"><span id=\"Cancer_2106_8211_2207_x264b\">C\u00e2ncer\u00a0 (21\/06 \u2013 22\/07) &#x264b;<\/span><\/span><\/h3>\n<p><span style=\"font-weight: 400;\">\u00c9 poss\u00edvel que sinta-se mais introspectiva e focada em quest\u00f5es emocionais profundas. Talvez se veja envolvida em assuntos relacionados a recursos compartilhados ou investimentos. Este \u00e9 um momento prop\u00edcio para reflex\u00f5es sobre mudan\u00e7as que voc\u00ea deseja realizar em sua vida, particularmente em \u00e1reas que exigem uma uni\u00e3o de for\u00e7as com outras pessoas, seja em relacionamentos \u00edntimos ou parcerias financeiras.<\/span><\/p>\n<p><span style=\"font-weight: 400;\">Contudo, Sol e Marte dinamizam sua rotina, trabalho e sa\u00fade, voc\u00ea pode se ver impulsionada a agir, podendo acabar abra\u00e7ando mais coisas do que gostaria. Siga que isso pode gerar impaci\u00eancia com algumas circunst\u00e2ncias que se apresentam.\u00a0<\/span><\/p>\n<p><span style=\"font-weight: 400;\">Neste cen\u00e1rio, \u00e9 importante buscar um equil\u00edbrio entre cuidar de si mesmo e de suas responsabilidades di\u00e1rias. N\u00e3o se sobrecarregue tentando resolver tudo de uma vez.<\/span><\/p>\n<h3><span id=\"Leao_2307_2208_x264c\"><span id=\"Leao_2307_8211_2208_x264c\">Le\u00e3o\u00a0 (23\/07 \u2013 22\/08) &#x264c;<\/span><\/span><\/h3>\n<p><span style=\"font-weight: 400;\">Esta semana coloca um foco especial em suas rela\u00e7\u00f5es e na express\u00e3o da sua individualidade. Ser\u00e1 um per\u00edodo onde relacionamentos, tanto pessoais quanto profissionais, exigir\u00e3o sua aten\u00e7\u00e3o e reflex\u00e3o. Sobretudo no que se refere a avaliar a natureza e a qualidade de suas parcerias, talvez trazendo \u00e0 tona quest\u00f5es sobre compromisso, responsabilidade e equil\u00edbrio nas rela\u00e7\u00f5es.<\/span><\/p>\n<p><span style=\"font-weight: 400;\">Com o Sol iluminando sua esfera de auto express\u00e3o, criatividade e prazer. \u00c9 poss\u00edvel que sinta-se estimulada a expressar sua autenticidade, paix\u00f5es e talentos. Espere por mais ousadia e disposi\u00e7\u00e3o para assumir riscos e realizar-se pessoalmente.<\/span><\/p>\n<p><span style=\"font-weight: 400;\">Contudo, podem haver momentos em que voc\u00ea se sentir\u00e1 dividida entre atender \u00e0s expectativas dos outros e seguir seus interesses. Essa din\u00e2mica pode exigir um equil\u00edbrio, onde voc\u00ea ter\u00e1 que navegar entre a manuten\u00e7\u00e3o de seus relacionamentos e a express\u00e3o de sua verdadeira ess\u00eancia.<\/span><\/p>\n<h3><span id=\"Virgem_2308-_2209_x264d\">Virgem\u00a0 (23\/08- 22\/09) &#x264d;<\/span><\/h3>\n<p><span style=\"font-weight: 400;\">A organiza\u00e7\u00e3o da sua rotina di\u00e1ria e o equil\u00edbrio entre trabalho e vida pessoal s\u00e3o o chamado dessa semana. Este \u00e9 um momento prop\u00edcio para refletir sobre sua sa\u00fade, h\u00e1bitos di\u00e1rios e ambiente de trabalho. Com Lua e Saturno transitando por esse setor, inicialmente, voc\u00ea pode sentir uma press\u00e3o em sua rotina que lhe parece indevida. Sim, &#8220;parece&#8221;\u00a0porque a natureza de Saturno dificilmente \u00e9 indevida, como um professor ele aponta o que negligenciamos e chama para a inspe\u00e7\u00e3o.<\/span><\/p>\n<p><span style=\"font-weight: 400;\">Ao mesmo tempo, Sol e Marte em Sagit\u00e1rio iluminam aspectos relacionados ao seu lar e vida familiar. Esse tr\u00e2nsito dinamiza esse setor de sua vida, estimulando mudan\u00e7as ou a\u00e7\u00f5es voltadas para a melhoria do seu espa\u00e7o pessoal ou para a resolu\u00e7\u00e3o de quest\u00f5es familiares. O que pode trazer uma certa tens\u00e3o entre a necessidade de manter a ordem e efici\u00eancia no trabalho e as demandas do lar e da fam\u00edlia.<\/span><\/p>\n<p><span style=\"font-weight: 400;\">Este \u00e9 um bom momento para refletir sobre suas prioridades e ajustar suas rotinas de forma a atender melhor \u00e0s suas necessidades e \u00e0s de sua fam\u00edlia.<\/span><\/p>\n<h3><span id=\"Libra_2309_2210_x264e\"><span id=\"Libra_2309_8211_2210_x264e\">Libra (23\/09 \u2013 22\/10) &#x264e;<\/span><\/span><\/h3>\n<p><span style=\"font-weight: 400;\">Esta semana voc\u00ea ser\u00e1 desafiada a encontrar a harmonia entre sua voz interior e a forma como se expressa no mundo externo. Sua criatividade e prazer est\u00e3o enfatizados. E, voc\u00ea pode sentir-se inspirada a colocar no mundo suas cria\u00e7\u00f5es, encorajando-a a dar uma forma mais estruturada e madura a esses projetos.<\/span><\/p>\n<p><span style=\"font-weight: 400;\">Ao mesmo tempo, h\u00e1 um maior dinamismo em seu meio social e intera\u00e7\u00f5es cotidianas, aprendizado e comunica\u00e7\u00e3o. Esta configura\u00e7\u00e3o sugere um impulso para se expressar de forma assertiva e din\u00e2mica, seja atrav\u00e9s da fala, escrita ou outras formas de comunica\u00e7\u00e3o.<\/span><\/p>\n<p><span style=\"font-weight: 400;\">O que pode gerar alguma tens\u00e3o j\u00e1 que voc\u00ea sente um cabo de guerras entre suas paix\u00f5es e atender \u00e0s expectativas dos outros ou \u00e0s demandas do dia a dia. Considere maneiras de integrar sua criatividade em suas intera\u00e7\u00f5es di\u00e1rias, talvez encontrando formas de comunicar suas ideias e pensamentos.<\/span><\/p>\n<h3><span id=\"Escorpiao_2310_2111_x264f\"><span id=\"Escorpiao_2310_8211_2111_x264f\">Escorpi\u00e3o\u00a0 (23\/10 \u2013 21\/11) &#x264f;<\/span><\/span><\/h3>\n<p><span style=\"font-weight: 400;\">Voc\u00ea pode encontrar-se refletindo profundamente sobre seu lar, fam\u00edlia e suas ra\u00edzes emocionais. Este per\u00edodo pode trazer \u00e0 tona a necessidade de estruturar ou reorganizar seu ambiente dom\u00e9stico, talvez enfrentando algumas responsabilidades familiares ou quest\u00f5es relacionadas \u00e0 sua resid\u00eancia.<\/span><\/p>\n<p><span style=\"font-weight: 400;\">Paralelamente, sua esfera financeira tamb\u00e9m \u00e9 enfatizada, e suas iniciativas e a\u00e7\u00f5es s\u00e3o voltadas a buscar novas formas de aumentar sua seguran\u00e7a financeira ou a gerir de maneira mais eficaz seus recursos. Isso pode gerar algum tipo de press\u00e3o em ter que lidar com temas que, apesar de complementares,\u00a0 lhe demandam tempo e energia.<\/span><\/p>\n<p><span style=\"font-weight: 400;\">Esse \u00e9 um per\u00edodo prop\u00edcio para refletir sobre suas prioridades e buscar solu\u00e7\u00f5es pr\u00e1ticas que tamb\u00e9m respeitem seu bem-estar emocional e familiar.<\/span><\/p>\n<h3><span id=\"Sagitario_2211_2112_x2650\"><span id=\"Sagitario_2211_8211_2112_x2650\">Sagit\u00e1rio\u00a0 (22\/11 \u2013 21\/12) &#x2650;<\/span><\/span><\/h3>\n<p><span style=\"font-weight: 400;\">A semana inicia com seu meio social e os temas relacionados \u00e0 comunica\u00e7\u00e3o e aprendizado enfatizados. \u00c9 um momento em que voc\u00ea pode sentir uma press\u00e3o incomum para estruturar seu tempo e esfor\u00e7o e eliminar comunica\u00e7\u00f5es que pare\u00e7am desnecess\u00e1rias.\u00a0A sensa\u00e7\u00e3o de sobrecarga por tarefas, burocracia e outras \u201cinterrup\u00e7\u00f5es\u201d do dia a dia, tamb\u00e9m \u00e9 esperada.\u00a0<\/span><\/p>\n<p><span style=\"font-weight: 400;\">Ao mesmo tempo, sua energia pessoal, iniciativa e assertividade est\u00e3o destacadas. Voc\u00ea tender\u00e1 a agir de acordo com suas pr\u00f3prias vontades e desejos, expressando sua individualidade de forma vigorosa e direta.<\/span><\/p>\n<p><span style=\"font-weight: 400;\">O que pode trazer uma certa impaci\u00eancia e alguns desafios em sua comunica\u00e7\u00e3o e conex\u00f5es sociais. Voc\u00ea pode se sentir dividida entre o cuidado ao transmitir suas ideias e a urg\u00eancia em agir de acordo com seus pr\u00f3prios instintos e desejos. Este \u00e9 um bom momento para refletir sobre como voc\u00ea pode expressar suas ideias de forma clara e respons\u00e1vel, ao mesmo tempo em que permanece fiel a si mesma.<\/span><\/p>\n<h3><span id=\"Capricornio_2212_2001_x2651\"><span id=\"Capricornio_2212_8211_2001_x2651\">Capric\u00f3rnio\u00a0 (22\/12 \u2013 20\/01) &#x2651;<\/span><\/span><\/h3>\n<p><span style=\"font-weight: 400;\">Para o in\u00edcio desta semana, espera-se uma aten\u00e7\u00e3o redobrada \u00e0s suas finan\u00e7as e posses. \u00c9 um momento oportuno para organizar-se, talvez considerando formas de melhorar a gest\u00e3o de seus recursos. Voc\u00ea est\u00e1 mais respons\u00e1vel e prudente nesse setor. E sente-se incentivada a estabelecer bases s\u00f3lidas para sua seguran\u00e7a financeira.<\/span><\/p>\n<p><span style=\"font-weight: 400;\">Paralelamente, Sol e Marte dinamizam aspectos de sua vida que est\u00e3o ocultos ou ainda inconscientes. Esta configura\u00e7\u00e3o pode trazer \u00e0 tona desejos e impulsos reprimidos, incentivando uma explora\u00e7\u00e3o mais profunda de seus medos, sonhos e aspectos ocultos da sua personalidade.<\/span><\/p>\n<p><span style=\"font-weight: 400;\">Ter de tratar de temas t\u00e3o distintos, pode lhe trazer uma certa tens\u00e3o, pois ao mesmo tempo que lida com quest\u00f5es mais pr\u00e1ticas e materiais, das quais voc\u00ea mais do que ningu\u00e9m sabe lidar, tem seu mundo subjetivo desperto. Este \u00e9 um per\u00edodo que pode ser ben\u00e9fico reservar tempo para a introspec\u00e7\u00e3o e o autoconhecimento.<\/span><\/p>\n<h3><span id=\"Aquario_2101_1902_x2652\"><span id=\"Aquario_2101_8211_1902_x2652\">Aqu\u00e1rio\u00a0 (21\/01 \u2013 19\/02) &#x2652;<\/span><\/span><\/h3>\n<p><span style=\"font-weight: 400;\">A semana come\u00e7a desafiando voc\u00ea a equilibrar suas necessidades pessoais com as expectativas dos grupos dos quais faz parte. Voc\u00ea pode se sentir impelida a refletir profundamente sobre sua identidade e como se apresenta ao mundo. \u00c9 um momento prop\u00edcio para avaliar suas metas pessoais e como voc\u00ea deseja evoluir e crescer.\u00a0<\/span><\/p>\n<p><span style=\"font-weight: 400;\">Simultaneamente, o Sol ilumina sua esfera de amizades, grupos sociais e aspira\u00e7\u00f5es de longo prazo. Esta configura\u00e7\u00e3o astrol\u00f3gica pode incitar uma energia vigorosa em suas intera\u00e7\u00f5es sociais, impulsionando-a a tomar a\u00e7\u00f5es decisivas em rela\u00e7\u00e3o aos seus objetivos coletivos ou projetos de grupo.<\/span><\/p>\n<p><span style=\"font-weight: 400;\">No entanto, \u00e9 esperado um conflito entre suas necessidades individuais e as demandas de sua rede social ou grupos com os quais est\u00e1 envolvido. Voc\u00ea pode se sentir dividida entre seguir suas pr\u00f3prias necessidades e desejos e as expectativas ou necessidades do coletivo. Neste per\u00edodo, \u00e9 importante buscar um equil\u00edbrio entre expressar sua individualidade e trabalhar em harmonia com os outros.<\/span><\/p>\n<h3><span id=\"Peixes_2002_2003_x2653\"><span id=\"Peixes_2002_8211_2003_x2653\">Peixes\u00a0 (20\/02 \u2013 20\/03) &#x2653;<\/span><\/span><\/h3>\n<p><span style=\"font-weight: 400;\">Voc\u00ea pode se encontrar mergulhada em pensamentos profundos, com uma necessidade de isolar-se. Esta ser\u00e1 uma semana oportuna para introspec\u00e7\u00e3o e autoan\u00e1lise. \u00c9 poss\u00edvel que se veja tamb\u00e9m lidando com quest\u00f5es do passado ou aspectos internos que precisam de aten\u00e7\u00e3o e resolu\u00e7\u00e3o.<\/span><\/p>\n<p><span style=\"font-weight: 400;\">Entretanto, com o Sol iluminando sua carreira e objetivos profissionais, \u00e9 poss\u00edvel que sua necessidade de recolhimento seja colocada a prova. Pois, seus impulsos e desejos parecem voltados para concretizar suas ambi\u00e7\u00f5es e metas de trabalho. \u00c9 esperado, inclusive, que voc\u00ea assuma alguns compromissos p\u00fablicos e at\u00e9 mesmo obtenha reconhecimento em seu campo de atua\u00e7\u00e3o.<\/span><\/p>\n<p><span style=\"font-weight: 400;\">Com este cabo de guerras interior, \u00e9 fundamental que busque a harmonia destes dois setores de sua vida. Sobretudo para garantir tempo para abrir espa\u00e7o e reorganizar seu mundo interior.<\/span><\/p>\n<hr \/>\n<p><img loading=\"lazy\" decoding=\"async\" class=\"wp-image-39273 size-thumbnail alignleft td-animation-stack-type0-2\" src=\"https:\/\/www.iquilibrio.com\/blog\/wp-content\/uploads\/2023\/07\/Manuela-150x150.png\" sizes=\"auto, (max-width: 150px) 100vw, 150px\" srcset=\"https:\/\/www.iquilibrio.com\/blog\/wp-content\/uploads\/2023\/07\/Manuela-150x150.png 150w, https:\/\/www.iquilibrio.com\/blog\/wp-content\/uploads\/2023\/07\/Manuela.png 300w\" alt=\"\" width=\"150\" height=\"150\" \/><\/p>\n<p>Ap\u00f3s 20 anos de experi\u00eancia como executiva de marketing em empresas multinacionais, Manu Koetz percebeu que as atividades que vinha desempenhando n\u00e3o estavam alinhadas com aquilo que era fundamental para ela. No entanto, ela n\u00e3o sabia ao certo o que realmente era essencial.<\/p>\n<p>Foi necess\u00e1rio fazer uma pausa e refletir sobre sua trajet\u00f3ria. E foi olhando para o c\u00e9u que encontrou a orienta\u00e7\u00e3o que buscava. Ao observar a conjun\u00e7\u00e3o de Plut\u00e3o com o Sol em seu mapa, tomou consci\u00eancia de que ambientes superficiais eram limitantes demais para ela. Percebeu que \u00e9 na profundidade e no oculto que seus maiores talentos s\u00e3o revelados.<\/p>\n<p>Ainda n\u00e3o \u00e9 poss\u00edvel determinar se Manu encontrou a Astrologia ou se foi a Astrologia que a encontrou. No entanto, o que ela sabe \u00e9 que, desde que come\u00e7ou a observar o c\u00e9u, tornou-se imposs\u00edvel n\u00e3o se ver mais. Hoje, ela compreende que todos n\u00f3s somos feitos da\u00a0mesma\u00a0mat\u00e9ria.<\/p>\n<hr \/>\n<p>Esperamos que os tr\u00e2nsitos astrol\u00f3gicos tragam boas vindas de alegria e for\u00e7a nesta nova semana. E para ter um maior aprofundamento nas mensagens, consulte o mapa astrol\u00f3gico aqui no blog&#x2764;&#xfe0f;<\/p>\n<p style=\"text-align: center;\"><span class=\"td_btn td_btn_md td_round_btn\" style=\"background-color: #993366; color: #ffffff;\"><a style=\"background-color: #993366; color: #ffffff;\" href=\"https:\/\/www.iquilibrio.com\/astrologia\/\" target=\"_blank\" rel=\"noopener\"><b>Saiba as previs\u00f5es de acontecimentos a partir das influencias do C\u00e9u no seu nascimento! Fa\u00e7a seu mapa de tr\u00e2nsitos astrol\u00f3gicos<\/b><\/a><\/span><\/p>\n\n\n<div class=\"kk-star-ratings kksr-auto kksr-align-left kksr-valign-bottom\"\n    data-payload='{&quot;align&quot;:&quot;left&quot;,&quot;id&quot;:&quot;39883&quot;,&quot;slug&quot;:&quot;default&quot;,&quot;valign&quot;:&quot;bottom&quot;,&quot;ignore&quot;:&quot;&quot;,&quot;reference&quot;:&quot;auto&quot;,&quot;class&quot;:&quot;&quot;,&quot;count&quot;:&quot;0&quot;,&quot;legendonly&quot;:&quot;&quot;,&quot;readonly&quot;:&quot;&quot;,&quot;score&quot;:&quot;0&quot;,&quot;starsonly&quot;:&quot;&quot;,&quot;best&quot;:&quot;5&quot;,&quot;gap&quot;:&quot;5&quot;,&quot;greet&quot;:&quot;Rate this post&quot;,&quot;legend&quot;:&quot;0\\\/5 - (0 voto)&quot;,&quot;size&quot;:&quot;24&quot;,&quot;title&quot;:&quot;Hor\u00f3scopo semanal de 20 a 26 de Novembro, pela astr\u00f3loga Manu Koetz&quot;,&quot;width&quot;:&quot;0&quot;,&quot;_legend&quot;:&quot;{score}\\\/{best} - ({count} {votes})&quot;,&quot;font_factor&quot;:&quot;1.25&quot;}'>\n            \n<div class=\"kksr-stars\">\n    \n<div class=\"kksr-stars-inactive\">\n            <div class=\"kksr-star\" data-star=\"1\" style=\"padding-right: 5px\">\n            \n\n<div class=\"kksr-icon\" style=\"width: 24px; height: 24px;\"><\/div>\n        <\/div>\n            <div class=\"kksr-star\" data-star=\"2\" style=\"padding-right: 5px\">\n            \n\n<div class=\"kksr-icon\" style=\"width: 24px; height: 24px;\"><\/div>\n        <\/div>\n            <div class=\"kksr-star\" data-star=\"3\" style=\"padding-right: 5px\">\n            \n\n<div class=\"kksr-icon\" style=\"width: 24px; height: 24px;\"><\/div>\n        <\/div>\n            <div class=\"kksr-star\" data-star=\"4\" style=\"padding-right: 5px\">\n            \n\n<div class=\"kksr-icon\" style=\"width: 24px; height: 24px;\"><\/div>\n        <\/div>\n            <div class=\"kksr-star\" data-star=\"5\" style=\"padding-right: 5px\">\n            \n\n<div class=\"kksr-icon\" style=\"width: 24px; height: 24px;\"><\/div>\n        <\/div>\n    <\/div>\n    \n<div class=\"kksr-stars-active\" style=\"width: 0px;\">\n            <div class=\"kksr-star\" style=\"padding-right: 5px\">\n            \n\n<div class=\"kksr-icon\" style=\"width: 24px; height: 24px;\"><\/div>\n        <\/div>\n            <div class=\"kksr-star\" style=\"padding-right: 5px\">\n            \n\n<div class=\"kksr-icon\" style=\"width: 24px; height: 24px;\"><\/div>\n        <\/div>\n            <div class=\"kksr-star\" style=\"padding-right: 5px\">\n            \n\n<div class=\"kksr-icon\" style=\"width: 24px; height: 24px;\"><\/div>\n        <\/div>\n            <div class=\"kksr-star\" style=\"padding-right: 5px\">\n            \n\n<div class=\"kksr-icon\" style=\"width: 24px; height: 24px;\"><\/div>\n        <\/div>\n            <div class=\"kksr-star\" style=\"padding-right: 5px\">\n            \n\n<div class=\"kksr-icon\" style=\"width: 24px; height: 24px;\"><\/div>\n        <\/div>\n    <\/div>\n<\/div>\n                \n\n<div class=\"kksr-legend\" style=\"font-size: 19.2px;\">\n            <span class=\"kksr-muted\">Rate this post<\/span>\n    <\/div>\n    <\/div>\n","protected":false},"excerpt":{"rendered":"<p>Saiba como se preparar para essa semana com base nas energias que est\u00e3o por vir com Manu Koetz&#x2728; A semana come\u00e7ou e voc\u00ea j\u00e1 pode se preparar para o que vem pela frente, porque o hor\u00f3scopo semanal est\u00e1 no ar! Arraste para baixo e veja quais s\u00e3o as energias e potenciais dessa semana de 20 [&hellip;]<\/p>\n","protected":false},"author":158,"featured_media":39558,"comment_status":"closed","ping_status":"closed","sticky":false,"template":"","format":"standard","meta":{"footnotes":""},"categories":[4263],"tags":[],"class_list":["post-39883","post","type-post","status-publish","format-standard","has-post-thumbnail","hentry","category-horoscopo-semanal"],"yoast_head":"<!-- This site is optimized with the Yoast SEO plugin v27.4 - https:\/\/yoast.com\/product\/yoast-seo-wordpress\/ -->\n<title>Hor\u00f3scopo semanal de 20 a 26 de Novembro, pela astr\u00f3loga Manu Koetz - iQuilibrio<\/title>\n<meta name=\"robots\" content=\"index, follow, max-snippet:-1, max-image-preview:large, max-video-preview:-1\" \/>\n<link rel=\"canonical\" href=\"https:\/\/www.iquilibrio.com\/blog\/astrologia\/horoscopo-semanal\/horoscopo-semanal-de-20-a-26-de-novembro-pela-astrologa-manu-koetz\/\" \/>\n<meta property=\"og:locale\" content=\"pt_BR\" \/>\n<meta property=\"og:type\" content=\"article\" \/>\n<meta property=\"og:title\" content=\"Hor\u00f3scopo semanal de 20 a 26 de Novembro, pela astr\u00f3loga Manu Koetz - iQuilibrio\" \/>\n<meta property=\"og:description\" content=\"Saiba como se preparar para essa semana com base nas energias que est\u00e3o por vir com Manu Koetz&#x2728; A semana come\u00e7ou e voc\u00ea j\u00e1 pode se preparar para o que vem pela frente, porque o hor\u00f3scopo semanal est\u00e1 no ar! Arraste para baixo e veja quais s\u00e3o as energias e potenciais dessa semana de 20 [&hellip;]\" \/>\n<meta property=\"og:url\" content=\"https:\/\/www.iquilibrio.com\/blog\/astrologia\/horoscopo-semanal\/horoscopo-semanal-de-20-a-26-de-novembro-pela-astrologa-manu-koetz\/\" \/>\n<meta property=\"og:site_name\" content=\"iQuilibrio\" \/>\n<meta property=\"article:publisher\" content=\"https:\/\/www.facebook.com\/iQuilibrio\/\" \/>\n<meta property=\"article:published_time\" content=\"2023-11-16T15:57:55+00:00\" \/>\n<meta property=\"og:image\" content=\"https:\/\/www.iquilibrio.com\/blog\/wp-content\/uploads\/2023\/09\/Image_20230915_154242_827.png\" \/>\n\t<meta property=\"og:image:width\" content=\"900\" \/>\n\t<meta property=\"og:image:height\" content=\"560\" \/>\n\t<meta property=\"og:image:type\" content=\"image\/png\" \/>\n<meta name=\"author\" content=\"Arthur Peroni\" \/>\n<meta name=\"twitter:card\" content=\"summary_large_image\" \/>\n<meta name=\"twitter:creator\" content=\"@iquilibrio\" \/>\n<meta name=\"twitter:site\" content=\"@iquilibrio\" \/>\n<meta name=\"twitter:label1\" content=\"Escrito por\" \/>\n\t<meta name=\"twitter:data1\" content=\"Arthur Peroni\" \/>\n\t<meta name=\"twitter:label2\" content=\"Est. tempo de leitura\" \/>\n\t<meta name=\"twitter:data2\" content=\"12 minutos\" \/>\n<script type=\"application\/ld+json\" class=\"yoast-schema-graph\">{\"@context\":\"https:\\\/\\\/schema.org\",\"@graph\":[{\"@type\":\"Article\",\"@id\":\"https:\\\/\\\/www.iquilibrio.com\\\/blog\\\/astrologia\\\/horoscopo-semanal\\\/horoscopo-semanal-de-20-a-26-de-novembro-pela-astrologa-manu-koetz\\\/#article\",\"isPartOf\":{\"@id\":\"https:\\\/\\\/www.iquilibrio.com\\\/blog\\\/astrologia\\\/horoscopo-semanal\\\/horoscopo-semanal-de-20-a-26-de-novembro-pela-astrologa-manu-koetz\\\/\"},\"author\":{\"name\":\"Arthur Peroni\",\"@id\":\"https:\\\/\\\/www.iquilibrio.com\\\/blog\\\/#\\\/schema\\\/person\\\/21ae990723c2e5a1170c9a06dacb4d3d\"},\"headline\":\"Hor\u00f3scopo semanal de 20 a 26 de Novembro, pela astr\u00f3loga Manu Koetz\",\"datePublished\":\"2023-11-16T15:57:55+00:00\",\"mainEntityOfPage\":{\"@id\":\"https:\\\/\\\/www.iquilibrio.com\\\/blog\\\/astrologia\\\/horoscopo-semanal\\\/horoscopo-semanal-de-20-a-26-de-novembro-pela-astrologa-manu-koetz\\\/\"},\"wordCount\":2164,\"publisher\":{\"@id\":\"https:\\\/\\\/www.iquilibrio.com\\\/blog\\\/#organization\"},\"image\":{\"@id\":\"https:\\\/\\\/www.iquilibrio.com\\\/blog\\\/astrologia\\\/horoscopo-semanal\\\/horoscopo-semanal-de-20-a-26-de-novembro-pela-astrologa-manu-koetz\\\/#primaryimage\"},\"thumbnailUrl\":\"https:\\\/\\\/www.iquilibrio.com\\\/blog\\\/wp-content\\\/uploads\\\/2023\\\/09\\\/Image_20230915_154242_827.png\",\"articleSection\":[\"Hor\u00f3scopo semanal\"],\"inLanguage\":\"pt-BR\"},{\"@type\":\"WebPage\",\"@id\":\"https:\\\/\\\/www.iquilibrio.com\\\/blog\\\/astrologia\\\/horoscopo-semanal\\\/horoscopo-semanal-de-20-a-26-de-novembro-pela-astrologa-manu-koetz\\\/\",\"url\":\"https:\\\/\\\/www.iquilibrio.com\\\/blog\\\/astrologia\\\/horoscopo-semanal\\\/horoscopo-semanal-de-20-a-26-de-novembro-pela-astrologa-manu-koetz\\\/\",\"name\":\"Hor\u00f3scopo semanal de 20 a 26 de Novembro, pela astr\u00f3loga Manu Koetz - iQuilibrio\",\"isPartOf\":{\"@id\":\"https:\\\/\\\/www.iquilibrio.com\\\/blog\\\/#website\"},\"primaryImageOfPage\":{\"@id\":\"https:\\\/\\\/www.iquilibrio.com\\\/blog\\\/astrologia\\\/horoscopo-semanal\\\/horoscopo-semanal-de-20-a-26-de-novembro-pela-astrologa-manu-koetz\\\/#primaryimage\"},\"image\":{\"@id\":\"https:\\\/\\\/www.iquilibrio.com\\\/blog\\\/astrologia\\\/horoscopo-semanal\\\/horoscopo-semanal-de-20-a-26-de-novembro-pela-astrologa-manu-koetz\\\/#primaryimage\"},\"thumbnailUrl\":\"https:\\\/\\\/www.iquilibrio.com\\\/blog\\\/wp-content\\\/uploads\\\/2023\\\/09\\\/Image_20230915_154242_827.png\",\"datePublished\":\"2023-11-16T15:57:55+00:00\",\"breadcrumb\":{\"@id\":\"https:\\\/\\\/www.iquilibrio.com\\\/blog\\\/astrologia\\\/horoscopo-semanal\\\/horoscopo-semanal-de-20-a-26-de-novembro-pela-astrologa-manu-koetz\\\/#breadcrumb\"},\"inLanguage\":\"pt-BR\",\"potentialAction\":[{\"@type\":\"ReadAction\",\"target\":[\"https:\\\/\\\/www.iquilibrio.com\\\/blog\\\/astrologia\\\/horoscopo-semanal\\\/horoscopo-semanal-de-20-a-26-de-novembro-pela-astrologa-manu-koetz\\\/\"]}]},{\"@type\":\"ImageObject\",\"inLanguage\":\"pt-BR\",\"@id\":\"https:\\\/\\\/www.iquilibrio.com\\\/blog\\\/astrologia\\\/horoscopo-semanal\\\/horoscopo-semanal-de-20-a-26-de-novembro-pela-astrologa-manu-koetz\\\/#primaryimage\",\"url\":\"https:\\\/\\\/www.iquilibrio.com\\\/blog\\\/wp-content\\\/uploads\\\/2023\\\/09\\\/Image_20230915_154242_827.png\",\"contentUrl\":\"https:\\\/\\\/www.iquilibrio.com\\\/blog\\\/wp-content\\\/uploads\\\/2023\\\/09\\\/Image_20230915_154242_827.png\",\"width\":900,\"height\":560,\"caption\":\"Hor\u00f3scopo semanal\"},{\"@type\":\"BreadcrumbList\",\"@id\":\"https:\\\/\\\/www.iquilibrio.com\\\/blog\\\/astrologia\\\/horoscopo-semanal\\\/horoscopo-semanal-de-20-a-26-de-novembro-pela-astrologa-manu-koetz\\\/#breadcrumb\",\"itemListElement\":[{\"@type\":\"ListItem\",\"position\":1,\"name\":\"In\u00edcio\",\"item\":\"https:\\\/\\\/www.iquilibrio.com\\\/blog\\\/\"},{\"@type\":\"ListItem\",\"position\":2,\"name\":\"Hor\u00f3scopo semanal de 20 a 26 de Novembro, pela astr\u00f3loga Manu Koetz\"}]},{\"@type\":\"WebSite\",\"@id\":\"https:\\\/\\\/www.iquilibrio.com\\\/blog\\\/#website\",\"url\":\"https:\\\/\\\/www.iquilibrio.com\\\/blog\\\/\",\"name\":\"iQuilibrio\",\"description\":\"Blog iQuilibrio\",\"publisher\":{\"@id\":\"https:\\\/\\\/www.iquilibrio.com\\\/blog\\\/#organization\"},\"potentialAction\":[{\"@type\":\"SearchAction\",\"target\":{\"@type\":\"EntryPoint\",\"urlTemplate\":\"https:\\\/\\\/www.iquilibrio.com\\\/blog\\\/?s={search_term_string}\"},\"query-input\":{\"@type\":\"PropertyValueSpecification\",\"valueRequired\":true,\"valueName\":\"search_term_string\"}}],\"inLanguage\":\"pt-BR\"},{\"@type\":\"Organization\",\"@id\":\"https:\\\/\\\/www.iquilibrio.com\\\/blog\\\/#organization\",\"name\":\"Esoterismo, Misticismo e Tarot Online - iQuilibrio\",\"url\":\"https:\\\/\\\/www.iquilibrio.com\\\/blog\\\/\",\"logo\":{\"@type\":\"ImageObject\",\"inLanguage\":\"pt-BR\",\"@id\":\"https:\\\/\\\/www.iquilibrio.com\\\/blog\\\/#\\\/schema\\\/logo\\\/image\\\/\",\"url\":\"https:\\\/\\\/www.iquilibrio.com\\\/blog\\\/wp-content\\\/uploads\\\/2018\\\/12\\\/iquilibrio_lovo_vetor_preto-retina.png\",\"contentUrl\":\"https:\\\/\\\/www.iquilibrio.com\\\/blog\\\/wp-content\\\/uploads\\\/2018\\\/12\\\/iquilibrio_lovo_vetor_preto-retina.png\",\"width\":972,\"height\":180,\"caption\":\"Esoterismo, Misticismo e Tarot Online - iQuilibrio\"},\"image\":{\"@id\":\"https:\\\/\\\/www.iquilibrio.com\\\/blog\\\/#\\\/schema\\\/logo\\\/image\\\/\"},\"sameAs\":[\"https:\\\/\\\/www.facebook.com\\\/iQuilibrio\\\/\",\"https:\\\/\\\/x.com\\\/iquilibrio\",\"https:\\\/\\\/www.instagram.com\\\/iquilibrio\\\/\",\"https:\\\/\\\/www.linkedin.com\\\/company\\\/iquilibrio\\\/\",\"https:\\\/\\\/br.pinterest.com\\\/iquilibrio1397\\\/\",\"https:\\\/\\\/www.youtube.com\\\/channel\\\/UC175qxd-4Zsi4wzawT5zF2g\"]},{\"@type\":\"Person\",\"@id\":\"https:\\\/\\\/www.iquilibrio.com\\\/blog\\\/#\\\/schema\\\/person\\\/21ae990723c2e5a1170c9a06dacb4d3d\",\"name\":\"Arthur Peroni\",\"image\":{\"@type\":\"ImageObject\",\"inLanguage\":\"pt-BR\",\"@id\":\"https:\\\/\\\/www.iquilibrio.com\\\/blog\\\/wp-content\\\/uploads\\\/2023\\\/04\\\/Arthur-Peroni-150x150.jpg\",\"url\":\"https:\\\/\\\/www.iquilibrio.com\\\/blog\\\/wp-content\\\/uploads\\\/2023\\\/04\\\/Arthur-Peroni-150x150.jpg\",\"contentUrl\":\"https:\\\/\\\/www.iquilibrio.com\\\/blog\\\/wp-content\\\/uploads\\\/2023\\\/04\\\/Arthur-Peroni-150x150.jpg\",\"caption\":\"Arthur Peroni\"},\"description\":\"Arthur Peroni escreve sobre a vida, o universo e tudo mais. Amante da literatura m\u00edstica, e fic\u00e7\u00e3o, descobriu sua carreira de redator gra\u00e7as ao h\u00e1bito de leitura constante sobre fantasia e drama. Nas horas vagas, gosta de cozinhar, ler e ver filmes antigos. J\u00e1 trabalhou com, comunica\u00e7\u00e3o social, massoterapia, terapias hol\u00edsticas e design de interiores. Atualmente trabalha como redator SEO e se entusiasma com tudo o que \u00e9 esot\u00e9rico. Gosta de discutir sobre assuntos complexos e instigantes, e v\u00ea na escrita uma oportunidade de aprender e criar todos os dias, mentalmente e espiritualmente.\",\"url\":\"https:\\\/\\\/www.iquilibrio.com\\\/blog\\\/author\\\/raul-vinicius\\\/\"}]}<\/script>\n<!-- \/ Yoast SEO plugin. -->","yoast_head_json":{"title":"Hor\u00f3scopo semanal de 20 a 26 de Novembro, pela astr\u00f3loga Manu Koetz - iQuilibrio","robots":{"index":"index","follow":"follow","max-snippet":"max-snippet:-1","max-image-preview":"max-image-preview:large","max-video-preview":"max-video-preview:-1"},"canonical":"https:\/\/www.iquilibrio.com\/blog\/astrologia\/horoscopo-semanal\/horoscopo-semanal-de-20-a-26-de-novembro-pela-astrologa-manu-koetz\/","og_locale":"pt_BR","og_type":"article","og_title":"Hor\u00f3scopo semanal de 20 a 26 de Novembro, pela astr\u00f3loga Manu Koetz - iQuilibrio","og_description":"Saiba como se preparar para essa semana com base nas energias que est\u00e3o por vir com Manu Koetz&#x2728; A semana come\u00e7ou e voc\u00ea j\u00e1 pode se preparar para o que vem pela frente, porque o hor\u00f3scopo semanal est\u00e1 no ar! Arraste para baixo e veja quais s\u00e3o as energias e potenciais dessa semana de 20 [&hellip;]","og_url":"https:\/\/www.iquilibrio.com\/blog\/astrologia\/horoscopo-semanal\/horoscopo-semanal-de-20-a-26-de-novembro-pela-astrologa-manu-koetz\/","og_site_name":"iQuilibrio","article_publisher":"https:\/\/www.facebook.com\/iQuilibrio\/","article_published_time":"2023-11-16T15:57:55+00:00","og_image":[{"width":900,"height":560,"url":"https:\/\/www.iquilibrio.com\/blog\/wp-content\/uploads\/2023\/09\/Image_20230915_154242_827.png","type":"image\/png"}],"author":"Arthur Peroni","twitter_card":"summary_large_image","twitter_creator":"@iquilibrio","twitter_site":"@iquilibrio","twitter_misc":{"Escrito por":"Arthur Peroni","Est. tempo de leitura":"12 minutos"},"schema":{"@context":"https:\/\/schema.org","@graph":[{"@type":"Article","@id":"https:\/\/www.iquilibrio.com\/blog\/astrologia\/horoscopo-semanal\/horoscopo-semanal-de-20-a-26-de-novembro-pela-astrologa-manu-koetz\/#article","isPartOf":{"@id":"https:\/\/www.iquilibrio.com\/blog\/astrologia\/horoscopo-semanal\/horoscopo-semanal-de-20-a-26-de-novembro-pela-astrologa-manu-koetz\/"},"author":{"name":"Arthur Peroni","@id":"https:\/\/www.iquilibrio.com\/blog\/#\/schema\/person\/21ae990723c2e5a1170c9a06dacb4d3d"},"headline":"Hor\u00f3scopo semanal de 20 a 26 de Novembro, pela astr\u00f3loga Manu Koetz","datePublished":"2023-11-16T15:57:55+00:00","mainEntityOfPage":{"@id":"https:\/\/www.iquilibrio.com\/blog\/astrologia\/horoscopo-semanal\/horoscopo-semanal-de-20-a-26-de-novembro-pela-astrologa-manu-koetz\/"},"wordCount":2164,"publisher":{"@id":"https:\/\/www.iquilibrio.com\/blog\/#organization"},"image":{"@id":"https:\/\/www.iquilibrio.com\/blog\/astrologia\/horoscopo-semanal\/horoscopo-semanal-de-20-a-26-de-novembro-pela-astrologa-manu-koetz\/#primaryimage"},"thumbnailUrl":"https:\/\/www.iquilibrio.com\/blog\/wp-content\/uploads\/2023\/09\/Image_20230915_154242_827.png","articleSection":["Hor\u00f3scopo semanal"],"inLanguage":"pt-BR"},{"@type":"WebPage","@id":"https:\/\/www.iquilibrio.com\/blog\/astrologia\/horoscopo-semanal\/horoscopo-semanal-de-20-a-26-de-novembro-pela-astrologa-manu-koetz\/","url":"https:\/\/www.iquilibrio.com\/blog\/astrologia\/horoscopo-semanal\/horoscopo-semanal-de-20-a-26-de-novembro-pela-astrologa-manu-koetz\/","name":"Hor\u00f3scopo semanal de 20 a 26 de Novembro, pela astr\u00f3loga Manu Koetz - iQuilibrio","isPartOf":{"@id":"https:\/\/www.iquilibrio.com\/blog\/#website"},"primaryImageOfPage":{"@id":"https:\/\/www.iquilibrio.com\/blog\/astrologia\/horoscopo-semanal\/horoscopo-semanal-de-20-a-26-de-novembro-pela-astrologa-manu-koetz\/#primaryimage"},"image":{"@id":"https:\/\/www.iquilibrio.com\/blog\/astrologia\/horoscopo-semanal\/horoscopo-semanal-de-20-a-26-de-novembro-pela-astrologa-manu-koetz\/#primaryimage"},"thumbnailUrl":"https:\/\/www.iquilibrio.com\/blog\/wp-content\/uploads\/2023\/09\/Image_20230915_154242_827.png","datePublished":"2023-11-16T15:57:55+00:00","breadcrumb":{"@id":"https:\/\/www.iquilibrio.com\/blog\/astrologia\/horoscopo-semanal\/horoscopo-semanal-de-20-a-26-de-novembro-pela-astrologa-manu-koetz\/#breadcrumb"},"inLanguage":"pt-BR","potentialAction":[{"@type":"ReadAction","target":["https:\/\/www.iquilibrio.com\/blog\/astrologia\/horoscopo-semanal\/horoscopo-semanal-de-20-a-26-de-novembro-pela-astrologa-manu-koetz\/"]}]},{"@type":"ImageObject","inLanguage":"pt-BR","@id":"https:\/\/www.iquilibrio.com\/blog\/astrologia\/horoscopo-semanal\/horoscopo-semanal-de-20-a-26-de-novembro-pela-astrologa-manu-koetz\/#primaryimage","url":"https:\/\/www.iquilibrio.com\/blog\/wp-content\/uploads\/2023\/09\/Image_20230915_154242_827.png","contentUrl":"https:\/\/www.iquilibrio.com\/blog\/wp-content\/uploads\/2023\/09\/Image_20230915_154242_827.png","width":900,"height":560,"caption":"Hor\u00f3scopo semanal"},{"@type":"BreadcrumbList","@id":"https:\/\/www.iquilibrio.com\/blog\/astrologia\/horoscopo-semanal\/horoscopo-semanal-de-20-a-26-de-novembro-pela-astrologa-manu-koetz\/#breadcrumb","itemListElement":[{"@type":"ListItem","position":1,"name":"In\u00edcio","item":"https:\/\/www.iquilibrio.com\/blog\/"},{"@type":"ListItem","position":2,"name":"Hor\u00f3scopo semanal de 20 a 26 de Novembro, pela astr\u00f3loga Manu Koetz"}]},{"@type":"WebSite","@id":"https:\/\/www.iquilibrio.com\/blog\/#website","url":"https:\/\/www.iquilibrio.com\/blog\/","name":"iQuilibrio","description":"Blog iQuilibrio","publisher":{"@id":"https:\/\/www.iquilibrio.com\/blog\/#organization"},"potentialAction":[{"@type":"SearchAction","target":{"@type":"EntryPoint","urlTemplate":"https:\/\/www.iquilibrio.com\/blog\/?s={search_term_string}"},"query-input":{"@type":"PropertyValueSpecification","valueRequired":true,"valueName":"search_term_string"}}],"inLanguage":"pt-BR"},{"@type":"Organization","@id":"https:\/\/www.iquilibrio.com\/blog\/#organization","name":"Esoterismo, Misticismo e Tarot Online - iQuilibrio","url":"https:\/\/www.iquilibrio.com\/blog\/","logo":{"@type":"ImageObject","inLanguage":"pt-BR","@id":"https:\/\/www.iquilibrio.com\/blog\/#\/schema\/logo\/image\/","url":"https:\/\/www.iquilibrio.com\/blog\/wp-content\/uploads\/2018\/12\/iquilibrio_lovo_vetor_preto-retina.png","contentUrl":"https:\/\/www.iquilibrio.com\/blog\/wp-content\/uploads\/2018\/12\/iquilibrio_lovo_vetor_preto-retina.png","width":972,"height":180,"caption":"Esoterismo, Misticismo e Tarot Online - iQuilibrio"},"image":{"@id":"https:\/\/www.iquilibrio.com\/blog\/#\/schema\/logo\/image\/"},"sameAs":["https:\/\/www.facebook.com\/iQuilibrio\/","https:\/\/x.com\/iquilibrio","https:\/\/www.instagram.com\/iquilibrio\/","https:\/\/www.linkedin.com\/company\/iquilibrio\/","https:\/\/br.pinterest.com\/iquilibrio1397\/","https:\/\/www.youtube.com\/channel\/UC175qxd-4Zsi4wzawT5zF2g"]},{"@type":"Person","@id":"https:\/\/www.iquilibrio.com\/blog\/#\/schema\/person\/21ae990723c2e5a1170c9a06dacb4d3d","name":"Arthur Peroni","image":{"@type":"ImageObject","inLanguage":"pt-BR","@id":"https:\/\/www.iquilibrio.com\/blog\/wp-content\/uploads\/2023\/04\/Arthur-Peroni-150x150.jpg","url":"https:\/\/www.iquilibrio.com\/blog\/wp-content\/uploads\/2023\/04\/Arthur-Peroni-150x150.jpg","contentUrl":"https:\/\/www.iquilibrio.com\/blog\/wp-content\/uploads\/2023\/04\/Arthur-Peroni-150x150.jpg","caption":"Arthur Peroni"},"description":"Arthur Peroni escreve sobre a vida, o universo e tudo mais. Amante da literatura m\u00edstica, e fic\u00e7\u00e3o, descobriu sua carreira de redator gra\u00e7as ao h\u00e1bito de leitura constante sobre fantasia e drama. Nas horas vagas, gosta de cozinhar, ler e ver filmes antigos. J\u00e1 trabalhou com, comunica\u00e7\u00e3o social, massoterapia, terapias hol\u00edsticas e design de interiores. Atualmente trabalha como redator SEO e se entusiasma com tudo o que \u00e9 esot\u00e9rico. Gosta de discutir sobre assuntos complexos e instigantes, e v\u00ea na escrita uma oportunidade de aprender e criar todos os dias, mentalmente e espiritualmente.","url":"https:\/\/www.iquilibrio.com\/blog\/author\/raul-vinicius\/"}]}},"_links":{"self":[{"href":"https:\/\/www.iquilibrio.com\/blog\/wp-json\/wp\/v2\/posts\/39883","targetHints":{"allow":["GET"]}}],"collection":[{"href":"https:\/\/www.iquilibrio.com\/blog\/wp-json\/wp\/v2\/posts"}],"about":[{"href":"https:\/\/www.iquilibrio.com\/blog\/wp-json\/wp\/v2\/types\/post"}],"author":[{"embeddable":true,"href":"https:\/\/www.iquilibrio.com\/blog\/wp-json\/wp\/v2\/users\/158"}],"replies":[{"embeddable":true,"href":"https:\/\/www.iquilibrio.com\/blog\/wp-json\/wp\/v2\/comments?post=39883"}],"version-history":[{"count":1,"href":"https:\/\/www.iquilibrio.com\/blog\/wp-json\/wp\/v2\/posts\/39883\/revisions"}],"predecessor-version":[{"id":39884,"href":"https:\/\/www.iquilibrio.com\/blog\/wp-json\/wp\/v2\/posts\/39883\/revisions\/39884"}],"wp:featuredmedia":[{"embeddable":true,"href":"https:\/\/www.iquilibrio.com\/blog\/wp-json\/wp\/v2\/media\/39558"}],"wp:attachment":[{"href":"https:\/\/www.iquilibrio.com\/blog\/wp-json\/wp\/v2\/media?parent=39883"}],"wp:term":[{"taxonomy":"category","embeddable":true,"href":"https:\/\/www.iquilibrio.com\/blog\/wp-json\/wp\/v2\/categories?post=39883"},{"taxonomy":"post_tag","embeddable":true,"href":"https:\/\/www.iquilibrio.com\/blog\/wp-json\/wp\/v2\/tags?post=39883"}],"curies":[{"name":"wp","href":"https:\/\/api.w.org\/{rel}","templated":true}]}}