{"id":39805,"date":"2023-11-03T07:05:06","date_gmt":"2023-11-03T10:05:06","guid":{"rendered":"https:\/\/www.iquilibrio.com\/blog\/?p=39805"},"modified":"2023-11-09T00:41:06","modified_gmt":"2023-11-09T03:41:06","slug":"horoscopo-semanal-de-06-a-12-de-novembro-pela-astrologa-manu-koetz","status":"publish","type":"post","link":"https:\/\/www.iquilibrio.com\/blog\/astrologia\/horoscopo-semanal\/horoscopo-semanal-de-06-a-12-de-novembro-pela-astrologa-manu-koetz\/","title":{"rendered":"Hor\u00f3scopo semanal de 06 a 12  de Novembro, pela astr\u00f3loga Manu Koetz"},"content":{"rendered":"<h2><span id=\"Saiba_como_se_preparar_para_essa_semana_com_base_nas_energias_que_estao_por_vir_com_Manu_Koetzx2728\">Saiba como se preparar para essa semana com base nas energias que est\u00e3o por vir com Manu Koetz&#x2728;<\/span><\/h2>\n<p>A semana come\u00e7ou e voc\u00ea j\u00e1 pode se preparar para o que vem pela frente, porque o hor\u00f3scopo semanal est\u00e1 no ar! Arraste para baixo e veja quais s\u00e3o as energias e potenciais dessa semana de 06 a 12 de Novembro para o seu signo!<\/p>\n<h3><span id=\"Aries_2103_2004_x2648\"><span id=\"Aries_2103_8211_2004_x2648\">\u00c1ries\u00a0 (21\/03 \u2013 20\/04) &#x2648;<\/span><\/span><\/h3>\n<p><span style=\"font-weight: 400;\">Como andam seus h\u00e1bitos, rotina, dia a dia no trabalho? Essa \u00e9 a pergunta do in\u00edcio da semana que traz para voc\u00ea uma necessidade de fazer uma verdadeira revis\u00e3o nesse setor. Com a Lua confrontando Saturno, \u00e9 poss\u00edvel que esteja passando por um momento em que sente a sobrecarga de tantas coisas.<\/span><\/p>\n<p><span style=\"font-weight: 400;\">Talvez esse seja um per\u00edodo importante para cuidar de sua sa\u00fade, sobretudo sua sa\u00fade mental. O excesso de coisas pode trazer um pouco de impaci\u00eancia, talvez seja importante gerenciar seus impulsos e evitar a reatividade.\u00a0<\/span><\/p>\n<p><span style=\"font-weight: 400;\">\u00c9 poss\u00edvel que ao longo dos dias sinta uma falta de \u00e2nimo ou at\u00e9 mesmo perceba-se mais vulner\u00e1vel do que o normal. Esse \u00e9 um momento que suas parcerias ser\u00e3o pe\u00e7a chave. Com a Lua ingressando em Libra fazendo um aspecto importante com V\u00eanus, voc\u00ea tende a buscar harmonia em seus relacionamentos. E \u00e9 provavelmente no di\u00e1logo com o outro que encontrar\u00e1 o conforto que necessita.<\/span><\/p>\n<h3><span id=\"Touro_2104_2005_x2649\"><span id=\"Touro_2104_8211_2005_x2649\">Touro\u00a0 (21\/04 \u2013 20\/05) &#x2649;<\/span><\/span><\/h3>\n<p><span style=\"font-weight: 400;\">O qu\u00e3o cr\u00edtica voc\u00ea vem sendo consigo mesma? Com a Lua em Virgem transitando pelo setor de sua vida que fala sobre autoexpress\u00e3o, \u00e9 bem poss\u00edvel que este sejam dias em que \u00e9 tomada por um sentimento de inadequa\u00e7\u00e3o, sobretudo porque Saturno transita pelo seu meio social. Deste modo, \u00e9 como se voc\u00ea estivesse intimidada diante dos grupos.<\/span><\/p>\n<p><span style=\"font-weight: 400;\">Essa sensa\u00e7\u00e3o pode trazer alguns desafios em seus relacionamentos afetivos, por isso, \u00e9 importante buscar em si o local de seguran\u00e7a que precisa.<\/span><\/p>\n<p><span style=\"font-weight: 400;\">Ao longo dos dias voc\u00ea buscar\u00e1 olhar para a sua sa\u00fade, rotina e trabalho, como forma de reencontrar o equil\u00edbrio. O final da semana promete um serenar na forma como se comunica e os di\u00e1logos que podem ter sido mais fervorosos no in\u00edcio da semana tendem a se acalmar agora. Tome apenas cuidado com desafios que podem surgir por mal entendidos em seus meios sociais.<\/span><\/p>\n<h3><span id=\"Gemeos_2105_2006_x264a\"><span id=\"Gemeos_2105_8211_2006_x264a\">G\u00eameos\u00a0 (21\/05 \u2013 20\/06) &#x264a;<\/span><\/span><\/h3>\n<p><span style=\"font-weight: 400;\">Como anda o equil\u00edbrio entre o seu trabalho e a vida familiar? \u00c9 o que voc\u00ea deve se perguntar j\u00e1 que a semana inicia com a Lua transitando pelo setor dom\u00e9stico e confronta um respons\u00e1vel Saturno, que diga-se de passagem, h\u00e1 muito tempo vem lhe trazendo li\u00e7\u00f5es sobre disciplina e trabalho duro. Mas fique tranquila, pois esta \u00e9 uma etapa importante para que voc\u00ea possa obter reconhecimento em sua carreira. Contudo, a semana mostra que em alguns momentos, sair de cena e olhar para dentro \u00e9 o combust\u00edvel necess\u00e1rio para v\u00f4os mais altos.<\/span><\/p>\n<p><span style=\"font-weight: 400;\">Com o passar dos dias, voc\u00ea tende a buscar em projetos e formas de expressar-se criativamente a seguran\u00e7a emocional que necessita. E isso ser\u00e1 facilitado j\u00e1 que sua mente est\u00e1 mais intuitiva, estrat\u00e9gica e focada em formas de aperfei\u00e7oar o seu trabalho e rotina.\u00a0<\/span><\/p>\n<h3><span id=\"Cancer_2106_2207_x264b\"><span id=\"Cancer_2106_8211_2207_x264b\">C\u00e2ncer\u00a0 (21\/06 \u2013 22\/07) &#x264b;<\/span><\/span><\/h3>\n<p><span style=\"font-weight: 400;\">Com a Lua transitando no setor social e de aprendizado \u00e9 poss\u00edvel que voc\u00ea venha se questionando como fazer para equilibrar seus projetos pessoais com a necessidade de interagir com os demais. Sua mente investigativa e um tanto quanto estrat\u00e9gica, busca tirar do papel aquelas ideias que andavam estagnadas. Mas com tanta coisa, como fazer para encontrar um caminho do meio? Ao mesmo tempo, Saturno vem lhe perguntando: afinal de contas, para qual futuro voc\u00ea vem trabalhando? Onde isso ir\u00e1 lhe levar?<\/span><\/p>\n<p><span style=\"font-weight: 400;\">Ao longo dos dias \u00e9 poss\u00edvel que busque a harmonia e equil\u00edbrio que precisa em seu meio familiar. Espere por di\u00e1logos profundos e enriquecedores com aqueles que ama. Saiba que essas conversas tendem a ser extremamente ben\u00e9ficas para seu universo criativo, trazendo insights valiosos para sua mente que, c\u00e1 entre n\u00f3s, anda um tanto quanto ocupada.<\/span><\/p>\n<h3><span id=\"Leao_2307_2208_x264c\"><span id=\"Leao_2307_8211_2208_x264c\">Le\u00e3o\u00a0 (23\/07 \u2013 22\/08) &#x264c;<\/span><\/span><\/h3>\n<p><span style=\"font-weight: 400;\">Afinal de contas, voc\u00ea tem feito tudo o que \u00e9 necess\u00e1rio pra assegurar-se de que possui a seguran\u00e7a que precisa no setor financeiro? Como anda a sua dedica\u00e7\u00e3o no que se refere ao seu pr\u00f3prio valor? Independente se a resposta \u00e9 positiva ou negativa, voc\u00ea est\u00e1 refletindo sobre isso. O que pode lhe levar a ter conversas dif\u00edceis, por\u00e9m necess\u00e1rias, em seu meio familiar, especialmente se voc\u00ea compartilha os recursos com outra pessoa. Aqui, a ideia \u00e9 compreender quais s\u00e3o os limites que coloca, ou deixa de colocar que podem, de certa forma, estar interferindo no valor que d\u00e1 a si mesma.<\/span><\/p>\n<p><span style=\"font-weight: 400;\">Ao longo da semana, a comunica\u00e7\u00e3o e seu meio social se tornam aliados poderosos. E a reatividade e talvez at\u00e9 falta de paci\u00eancia do in\u00edcio da semana ser\u00e3o substitu\u00eddas por maior leveza e diplomacia na forma como se coloca. <\/span><\/p>\n<h3><span id=\"Virgem_2308-_2209_x264d\">Virgem\u00a0 (23\/08- 22\/09) &#x264d;<\/span><\/h3>\n<p><span style=\"font-weight: 400;\">A semana fala sobre se colocar no mundo da forma mais aut\u00eantica poss\u00edvel. Ser quem se \u00e9, por vezes exige um esfor\u00e7o que nem sempre estamos dispostos a assumir, sobretudo quando nosso meio social coloca em cheque quem somos. Essa ser\u00e1 a t\u00f4nica da semana, um cabo de guerras entre o seu universo intelectual e social versus seu campo emocional. Com Saturno retomando seu movimento direto, voc\u00ea parece ter mudado de perspectiva a respeito de sua rotina, trabalho, sa\u00fade ou vida rom\u00e2ntica e o peso que poderia estar sentindo, tende a atenuar.<\/span><\/p>\n<p><span style=\"font-weight: 400;\">Com o ingresso da Lua em Libra, que estar\u00e1 conjunta a V\u00eanus, voc\u00ea tende a repensar os seus valores, sobretudo o amor que nutre por si mesma. E, possivelmente obt\u00e9m o entendimento que os desafios que enfrenta em seus relacionamentos e meio social, nada mais s\u00e3o do que o reflexo da pr\u00f3pria sombra, projetada no outro.<\/span><\/p>\n<h3><span id=\"Libra_2309_2210_x264e\"><span id=\"Libra_2309_8211_2210_x264e\">Libra (23\/09 \u2013 22\/10) &#x264e;<\/span><\/span><\/h3>\n<p><span style=\"font-weight: 400;\">As vezes recorrer ao seu eu mais profundo \u00e9 mais do que necess\u00e1rio para a libriana. Sabemos que voc\u00ea mais do que ningu\u00e9m gosta de estar por a\u00ed, observando o belo do mundo, da vida, das pessoas. Mas o quanto voc\u00ea tem se dedicado para lan\u00e7ar uma luz verdadeiramente forte em seu mundo interior? Saiba que esse \u00e9 o pedido do in\u00edcio da semana. Pausar, revirar os pr\u00f3prios ba\u00fas e encontrar aqueles tesouros de sua personalidade que andavam esquecidos.<\/span><\/p>\n<p><span style=\"font-weight: 400;\">Sobretudo porque Saturno, opondo-se a Lua, promete dias um tanto quanto exaustivos. Por tanto, lembre-se que relaxar \u00e9 preciso. As finan\u00e7as e seus valores pessoais seguem ocupando espa\u00e7o em sua mente, contudo, \u00e9 poss\u00edvel que receba alguma boa not\u00edcia nesse cen\u00e1rio ao longo dos dias.<\/span><\/p>\n<p><span style=\"font-weight: 400;\">No final da semana, voc\u00ea tende a sentir-se \u201cdentro da pr\u00f3pria pele\u201d, muito mais aliviada e talvez mais energizada do que no come\u00e7o da semana, j\u00e1 que a Lua, abra\u00e7ada a V\u00eanus, se posiciona em seu signo.<\/span><\/p>\n<h3><span id=\"Escorpiao_2310_2111_x264f\"><span id=\"Escorpiao_2310_8211_2111_x264f\">Escorpi\u00e3o\u00a0 (23\/10 \u2013 21\/11) &#x264f;<\/span><\/span><\/h3>\n<p><span style=\"font-weight: 400;\">Voc\u00ea parece muito mais inclinada a falar sobre assuntos que antes ocupavam apenas sua mente. Sua disposi\u00e7\u00e3o \u00e9 mais intelectual do que o normal agora, expressar-se \u00e9 f\u00e1cil. Contudo, seu humor parece um pouco mais sens\u00edvel ao seu ambiente direto e voc\u00ea tende a revisar e talvez questionar as pr\u00f3prias aspira\u00e7\u00f5es, o que pode trazer uma certa instabilidade em seus \u00e2nimos.<\/span><\/p>\n<p><span style=\"font-weight: 400;\">\u00c9 importante salientar que com Saturno percorrendo a sua casa da autoexpress\u00e3o, em alguns momentos voc\u00ea pode sentir que lhe falta aquela \u201cfa\u00edsca\u201d, aquela chama interna que lhe permite amar-se e expressar-se inteiramente.\u00a0<\/span><\/p>\n<p><span style=\"font-weight: 400;\">Com o passar dos dias, voc\u00ea tende a recolher-se e buscar o sil\u00eancio. Ser\u00e3o dias muito mais introspectivos, onde momentos apenas consigo mesma podem ser extremamente ben\u00e9fico para encontrar a harmonia dentro de si e o serenar de suas \u00e1gua<\/span><\/p>\n<h3><span id=\"Sagitario_2211_2112_x2650\"><span id=\"Sagitario_2211_8211_2112_x2650\">Sagit\u00e1rio\u00a0 (22\/11 \u2013 21\/12) &#x2650;<\/span><\/span><\/h3>\n<p><span style=\"font-weight: 400;\">Sua mente est\u00e1 focada em assuntos privados e quest\u00f5es passadas durante este ciclo. \u00c9 um per\u00edodo em que \u00e9 menos prov\u00e1vel que voc\u00ea se expresse livremente. Isso porque voc\u00ea parece procurar atr\u00e1s da cortina, examinar o passado em busca de respostas.<\/span><\/p>\n<p><span style=\"font-weight: 400;\">Este \u00e9 um bom momento para pesquisa, contempla\u00e7\u00e3o silenciosa e medita\u00e7\u00e3o. Tente apenas n\u00e3o ser arrastada por quest\u00f5es que ultrapassem o seu prop\u00f3sito, sobretudo para que n\u00e3o atrapalhe sua carreira que ganha uma certa import\u00e2ncia essa semana.<\/span><\/p>\n<p><span style=\"font-weight: 400;\">Ao longo dos dias, sua necessidade emocional passa a ser seus grupos sociais. Voc\u00ea busca formar amizades harmoniosas. Este \u00e9 um per\u00edodo em que compartilhar interesses com algu\u00e9m \u00e9 o que a deixar\u00e1 feliz.\u00a0Isso porque Lua e V\u00eanus animam suas amizades e associa\u00e7\u00f5es.\u00a0Voc\u00ea se torna mais pac\u00edfica do que o normal e um pouco desapegada no n\u00edvel pessoal.<\/span><\/p>\n<h3><span id=\"Capricornio_2212_2001_x2651\"><span id=\"Capricornio_2212_8211_2001_x2651\">Capric\u00f3rnio\u00a0 (22\/12 \u2013 20\/01) &#x2651;<\/span><\/span><\/h3>\n<p><span style=\"font-weight: 400;\">No in\u00edcio da semana sua mente estar\u00e1 brilhante, alerta e ativa.\u00a0Voc\u00ea busca compartilhar seus pensamentos mais profundos com outras pessoas e est\u00e1 disposta a ouvir.\u00a0Al\u00e9m disso, voc\u00ea tende a estar pensando muito sobre sua pr\u00f3pria felicidade e objetivos de longo prazo. Contudo, h\u00e1 um lado seu que tende a buscar a perfei\u00e7\u00e3o e garantir que tudo esteja dentro de regras e sob o seu controle, o que pode gerar alguns desafios e at\u00e9 mesmo desgastes emocionais nos primeiros dias.<\/span><\/p>\n<p><span style=\"font-weight: 400;\">Com o passar da semana, sua carreira ganha destaque. Isso porque Lua e V\u00eanus em um abra\u00e7o c\u00f3smico, se posicionam no seu meio do c\u00e9u. Desta forma, \u00e9 poss\u00edvel que se perceba mais disposta a estabelecer contatos profissionais que podem ser extremamente ben\u00e9ficos para sua proje\u00e7\u00e3o social.<\/span><\/p>\n<h3><span id=\"Aquario_2101_1902_x2652\"><span id=\"Aquario_2101_8211_1902_x2652\">Aqu\u00e1rio\u00a0 (21\/01 \u2013 19\/02) &#x2652;<\/span><\/span><\/h3>\n<p><span style=\"font-weight: 400;\">Este \u00e9 um per\u00edodo em que voc\u00ea pode perceber sua mente ocupada com temas relacionados a sua carreira. E a comunica\u00e7\u00e3o ser\u00e1 um recurso chave para voc\u00ea. Voc\u00ea fala com autoridade e torna-se mais respons\u00e1vel do que o normal pelo que (e como) comunica. Al\u00e9m disso, suas ideias podem ir a p\u00fablico agora e suas palavras tem o poder de influenciar.<\/span><\/p>\n<p><span style=\"font-weight: 400;\">Este \u00e9 um excelente per\u00edodo para desenvolver planos ou estrat\u00e9gias de carreira. Contudo, emocionalmente, voc\u00ea tende a estar mais reclusa, buscando maior profundidade e n\u00e3o t\u00e3o receptiva a cr\u00edticas que podem surgir.<\/span><\/p>\n<p><span style=\"font-weight: 400;\">Com o passar dos dias voc\u00ea pode sentir um forte impulso em sair de sua zona de conforto e experimentar coisas novas. O que significa que voc\u00ea sentir\u00e1 prazer em qualquer coisa que expanda seus horizontes, tanto f\u00edsica quanto mentalmente. Este \u00e9 um \u00f3timo momento para planejar uma viagem ao exterior ou iniciar algum curso que seja fora de sua \u00e1rea de atua\u00e7\u00e3o.<\/span><\/p>\n<h3><span id=\"Peixes_2002_2003_x2653\"><span id=\"Peixes_2002_8211_2003_x2653\">Peixes\u00a0 (20\/02 \u2013 20\/03) &#x2653;<\/span><\/span><\/h3>\n<p><span style=\"font-weight: 400;\">N\u00e3o \u00e9 de agora que voc\u00ea sente uma maior abertura para expandir seus horizontes e sua base de conhecimento. Experi\u00eancias n\u00e3o vividas e o contato com culturas estrangeiras podem fazer parte do cen\u00e1rio.\u00a0A quest\u00e3o \u00e9 que voc\u00ea quer novas perspectivas.\u00a0Em vez de simplesmente conversar, voc\u00ea est\u00e1 muito mais inclinada a discutir filosofias mais amplas. Contudo, os relacionamentos pessoais e profissionais s\u00e3o destacados agora e \u00e9 poss\u00edvel que passe por algum tipo de confronto no in\u00edcio da semana.<\/span><\/p>\n<p><span style=\"font-weight: 400;\">Ao longo dos dias, com o ingresso de Lua e V\u00eanus em Libra, as portas para um caminho de profundas transforma\u00e7\u00f5es s\u00e3o abertas.\u00a0Pode ser um momento de examinar a consci\u00eancia e explorar os mist\u00e9rios da vida.\u00a0Este tr\u00e2nsito tamb\u00e9m pode significar um per\u00edodo de mudan\u00e7as financeiras ou um maior foco em recursos e investimentos compartilhados.<\/span><\/p>\n<hr \/>\n<p><img loading=\"lazy\" decoding=\"async\" class=\"wp-image-39273 size-thumbnail alignleft td-animation-stack-type0-2\" src=\"https:\/\/www.iquilibrio.com\/blog\/wp-content\/uploads\/2023\/07\/Manuela-150x150.png\" sizes=\"auto, (max-width: 150px) 100vw, 150px\" srcset=\"https:\/\/www.iquilibrio.com\/blog\/wp-content\/uploads\/2023\/07\/Manuela-150x150.png 150w, https:\/\/www.iquilibrio.com\/blog\/wp-content\/uploads\/2023\/07\/Manuela.png 300w\" alt=\"\" width=\"150\" height=\"150\" \/><\/p>\n<p>Ap\u00f3s 20 anos de experi\u00eancia como executiva de marketing em empresas multinacionais, Manu Koetz percebeu que as atividades que vinha desempenhando n\u00e3o estavam alinhadas com aquilo que era fundamental para ela. No entanto, ela n\u00e3o sabia ao certo o que realmente era essencial.<\/p>\n<p>Foi necess\u00e1rio fazer uma pausa e refletir sobre sua trajet\u00f3ria. E foi olhando para o c\u00e9u que encontrou a orienta\u00e7\u00e3o que buscava. Ao observar a conjun\u00e7\u00e3o de Plut\u00e3o com o Sol em seu mapa, tomou consci\u00eancia de que ambientes superficiais eram limitantes demais para ela. Percebeu que \u00e9 na profundidade e no oculto que seus maiores talentos s\u00e3o revelados.<\/p>\n<p>Ainda n\u00e3o \u00e9 poss\u00edvel determinar se Manu encontrou a Astrologia ou se foi a Astrologia que a encontrou. No entanto, o que ela sabe \u00e9 que, desde que come\u00e7ou a observar o c\u00e9u, tornou-se imposs\u00edvel n\u00e3o se ver mais. Hoje, ela compreende que todos n\u00f3s somos feitos da\u00a0mesma\u00a0mat\u00e9ria.<\/p>\n<hr \/>\n<p>Esperamos que os tr\u00e2nsitos astrol\u00f3gicos tragam boas vindas de alegria e for\u00e7a nesta nova semana. E para ter um maior aprofundamento nas mensagens, consulte o mapa astrol\u00f3gico aqui no blog&#x2764;&#xfe0f;<\/p>\n<p style=\"text-align: center;\"><span class=\"td_btn td_btn_md td_round_btn\" style=\"color: #ffffff; background-color: #993366;\"><a style=\"color: #ffffff; background-color: #993366;\" href=\"https:\/\/www.iquilibrio.com\/astrologia\/\" target=\"_blank\" rel=\"noopener\"><b>Saiba as previs\u00f5es de acontecimentos a partir das influencias do C\u00e9u no seu nascimento! Fa\u00e7a seu mapa de tr\u00e2nsitos astrol\u00f3gicos<\/b><\/a><\/span><\/p>\n\n\n<div class=\"kk-star-ratings kksr-auto kksr-align-left kksr-valign-bottom\"\n    data-payload='{&quot;align&quot;:&quot;left&quot;,&quot;id&quot;:&quot;39805&quot;,&quot;slug&quot;:&quot;default&quot;,&quot;valign&quot;:&quot;bottom&quot;,&quot;ignore&quot;:&quot;&quot;,&quot;reference&quot;:&quot;auto&quot;,&quot;class&quot;:&quot;&quot;,&quot;count&quot;:&quot;0&quot;,&quot;legendonly&quot;:&quot;&quot;,&quot;readonly&quot;:&quot;&quot;,&quot;score&quot;:&quot;0&quot;,&quot;starsonly&quot;:&quot;&quot;,&quot;best&quot;:&quot;5&quot;,&quot;gap&quot;:&quot;5&quot;,&quot;greet&quot;:&quot;Rate this post&quot;,&quot;legend&quot;:&quot;0\\\/5 - (0 voto)&quot;,&quot;size&quot;:&quot;24&quot;,&quot;title&quot;:&quot;Hor\u00f3scopo semanal de 06 a 12  de Novembro, pela astr\u00f3loga Manu Koetz&quot;,&quot;width&quot;:&quot;0&quot;,&quot;_legend&quot;:&quot;{score}\\\/{best} - ({count} {votes})&quot;,&quot;font_factor&quot;:&quot;1.25&quot;}'>\n            \n<div class=\"kksr-stars\">\n    \n<div class=\"kksr-stars-inactive\">\n            <div class=\"kksr-star\" data-star=\"1\" style=\"padding-right: 5px\">\n            \n\n<div class=\"kksr-icon\" style=\"width: 24px; height: 24px;\"><\/div>\n        <\/div>\n            <div class=\"kksr-star\" data-star=\"2\" style=\"padding-right: 5px\">\n            \n\n<div class=\"kksr-icon\" style=\"width: 24px; height: 24px;\"><\/div>\n        <\/div>\n            <div class=\"kksr-star\" data-star=\"3\" style=\"padding-right: 5px\">\n            \n\n<div class=\"kksr-icon\" style=\"width: 24px; height: 24px;\"><\/div>\n        <\/div>\n            <div class=\"kksr-star\" data-star=\"4\" style=\"padding-right: 5px\">\n            \n\n<div class=\"kksr-icon\" style=\"width: 24px; height: 24px;\"><\/div>\n        <\/div>\n            <div class=\"kksr-star\" data-star=\"5\" style=\"padding-right: 5px\">\n            \n\n<div class=\"kksr-icon\" style=\"width: 24px; height: 24px;\"><\/div>\n        <\/div>\n    <\/div>\n    \n<div class=\"kksr-stars-active\" style=\"width: 0px;\">\n            <div class=\"kksr-star\" style=\"padding-right: 5px\">\n            \n\n<div class=\"kksr-icon\" style=\"width: 24px; height: 24px;\"><\/div>\n        <\/div>\n            <div class=\"kksr-star\" style=\"padding-right: 5px\">\n            \n\n<div class=\"kksr-icon\" style=\"width: 24px; height: 24px;\"><\/div>\n        <\/div>\n            <div class=\"kksr-star\" style=\"padding-right: 5px\">\n            \n\n<div class=\"kksr-icon\" style=\"width: 24px; height: 24px;\"><\/div>\n        <\/div>\n            <div class=\"kksr-star\" style=\"padding-right: 5px\">\n            \n\n<div class=\"kksr-icon\" style=\"width: 24px; height: 24px;\"><\/div>\n        <\/div>\n            <div class=\"kksr-star\" style=\"padding-right: 5px\">\n            \n\n<div class=\"kksr-icon\" style=\"width: 24px; height: 24px;\"><\/div>\n        <\/div>\n    <\/div>\n<\/div>\n                \n\n<div class=\"kksr-legend\" style=\"font-size: 19.2px;\">\n            <span class=\"kksr-muted\">Rate this post<\/span>\n    <\/div>\n    <\/div>\n","protected":false},"excerpt":{"rendered":"<p>Saiba como se preparar para essa semana com base nas energias que est\u00e3o por vir com Manu Koetz&#x2728; A semana come\u00e7ou e voc\u00ea j\u00e1 pode se preparar para o que vem pela frente, porque o hor\u00f3scopo semanal est\u00e1 no ar! Arraste para baixo e veja quais s\u00e3o as energias e potenciais dessa semana de 06 [&hellip;]<\/p>\n","protected":false},"author":158,"featured_media":39558,"comment_status":"closed","ping_status":"closed","sticky":false,"template":"","format":"standard","meta":{"footnotes":""},"categories":[4263],"tags":[],"class_list":["post-39805","post","type-post","status-publish","format-standard","has-post-thumbnail","hentry","category-horoscopo-semanal"],"yoast_head":"<!-- This site is optimized with the Yoast SEO plugin v27.4 - https:\/\/yoast.com\/product\/yoast-seo-wordpress\/ -->\n<title>Hor\u00f3scopo semanal de 06 a 12 de Novembro, pela astr\u00f3loga Manu Koetz - iQuilibrio<\/title>\n<meta name=\"robots\" content=\"index, follow, max-snippet:-1, max-image-preview:large, max-video-preview:-1\" \/>\n<link rel=\"canonical\" href=\"https:\/\/www.iquilibrio.com\/blog\/astrologia\/horoscopo-semanal\/horoscopo-semanal-de-06-a-12-de-novembro-pela-astrologa-manu-koetz\/\" \/>\n<meta property=\"og:locale\" content=\"pt_BR\" \/>\n<meta property=\"og:type\" content=\"article\" \/>\n<meta property=\"og:title\" content=\"Hor\u00f3scopo semanal de 06 a 12 de Novembro, pela astr\u00f3loga Manu Koetz - iQuilibrio\" \/>\n<meta property=\"og:description\" content=\"Saiba como se preparar para essa semana com base nas energias que est\u00e3o por vir com Manu Koetz&#x2728; A semana come\u00e7ou e voc\u00ea j\u00e1 pode se preparar para o que vem pela frente, porque o hor\u00f3scopo semanal est\u00e1 no ar! Arraste para baixo e veja quais s\u00e3o as energias e potenciais dessa semana de 06 [&hellip;]\" \/>\n<meta property=\"og:url\" content=\"https:\/\/www.iquilibrio.com\/blog\/astrologia\/horoscopo-semanal\/horoscopo-semanal-de-06-a-12-de-novembro-pela-astrologa-manu-koetz\/\" \/>\n<meta property=\"og:site_name\" content=\"iQuilibrio\" \/>\n<meta property=\"article:publisher\" content=\"https:\/\/www.facebook.com\/iQuilibrio\/\" \/>\n<meta property=\"article:published_time\" content=\"2023-11-03T10:05:06+00:00\" \/>\n<meta property=\"article:modified_time\" content=\"2023-11-09T03:41:06+00:00\" \/>\n<meta property=\"og:image\" content=\"https:\/\/www.iquilibrio.com\/blog\/wp-content\/uploads\/2023\/09\/Image_20230915_154242_827.png\" \/>\n\t<meta property=\"og:image:width\" content=\"900\" \/>\n\t<meta property=\"og:image:height\" content=\"560\" \/>\n\t<meta property=\"og:image:type\" content=\"image\/png\" \/>\n<meta name=\"author\" content=\"Arthur Peroni\" \/>\n<meta name=\"twitter:card\" content=\"summary_large_image\" \/>\n<meta name=\"twitter:creator\" content=\"@iquilibrio\" \/>\n<meta name=\"twitter:site\" content=\"@iquilibrio\" \/>\n<meta name=\"twitter:label1\" content=\"Escrito por\" \/>\n\t<meta name=\"twitter:data1\" content=\"Arthur Peroni\" \/>\n\t<meta name=\"twitter:label2\" content=\"Est. tempo de leitura\" \/>\n\t<meta name=\"twitter:data2\" content=\"12 minutos\" \/>\n<script type=\"application\/ld+json\" class=\"yoast-schema-graph\">{\"@context\":\"https:\\\/\\\/schema.org\",\"@graph\":[{\"@type\":\"Article\",\"@id\":\"https:\\\/\\\/www.iquilibrio.com\\\/blog\\\/astrologia\\\/horoscopo-semanal\\\/horoscopo-semanal-de-06-a-12-de-novembro-pela-astrologa-manu-koetz\\\/#article\",\"isPartOf\":{\"@id\":\"https:\\\/\\\/www.iquilibrio.com\\\/blog\\\/astrologia\\\/horoscopo-semanal\\\/horoscopo-semanal-de-06-a-12-de-novembro-pela-astrologa-manu-koetz\\\/\"},\"author\":{\"name\":\"Arthur Peroni\",\"@id\":\"https:\\\/\\\/www.iquilibrio.com\\\/blog\\\/#\\\/schema\\\/person\\\/21ae990723c2e5a1170c9a06dacb4d3d\"},\"headline\":\"Hor\u00f3scopo semanal de 06 a 12 de Novembro, pela astr\u00f3loga Manu Koetz\",\"datePublished\":\"2023-11-03T10:05:06+00:00\",\"dateModified\":\"2023-11-09T03:41:06+00:00\",\"mainEntityOfPage\":{\"@id\":\"https:\\\/\\\/www.iquilibrio.com\\\/blog\\\/astrologia\\\/horoscopo-semanal\\\/horoscopo-semanal-de-06-a-12-de-novembro-pela-astrologa-manu-koetz\\\/\"},\"wordCount\":2171,\"publisher\":{\"@id\":\"https:\\\/\\\/www.iquilibrio.com\\\/blog\\\/#organization\"},\"image\":{\"@id\":\"https:\\\/\\\/www.iquilibrio.com\\\/blog\\\/astrologia\\\/horoscopo-semanal\\\/horoscopo-semanal-de-06-a-12-de-novembro-pela-astrologa-manu-koetz\\\/#primaryimage\"},\"thumbnailUrl\":\"https:\\\/\\\/www.iquilibrio.com\\\/blog\\\/wp-content\\\/uploads\\\/2023\\\/09\\\/Image_20230915_154242_827.png\",\"articleSection\":[\"Hor\u00f3scopo semanal\"],\"inLanguage\":\"pt-BR\"},{\"@type\":\"WebPage\",\"@id\":\"https:\\\/\\\/www.iquilibrio.com\\\/blog\\\/astrologia\\\/horoscopo-semanal\\\/horoscopo-semanal-de-06-a-12-de-novembro-pela-astrologa-manu-koetz\\\/\",\"url\":\"https:\\\/\\\/www.iquilibrio.com\\\/blog\\\/astrologia\\\/horoscopo-semanal\\\/horoscopo-semanal-de-06-a-12-de-novembro-pela-astrologa-manu-koetz\\\/\",\"name\":\"Hor\u00f3scopo semanal de 06 a 12 de Novembro, pela astr\u00f3loga Manu Koetz - iQuilibrio\",\"isPartOf\":{\"@id\":\"https:\\\/\\\/www.iquilibrio.com\\\/blog\\\/#website\"},\"primaryImageOfPage\":{\"@id\":\"https:\\\/\\\/www.iquilibrio.com\\\/blog\\\/astrologia\\\/horoscopo-semanal\\\/horoscopo-semanal-de-06-a-12-de-novembro-pela-astrologa-manu-koetz\\\/#primaryimage\"},\"image\":{\"@id\":\"https:\\\/\\\/www.iquilibrio.com\\\/blog\\\/astrologia\\\/horoscopo-semanal\\\/horoscopo-semanal-de-06-a-12-de-novembro-pela-astrologa-manu-koetz\\\/#primaryimage\"},\"thumbnailUrl\":\"https:\\\/\\\/www.iquilibrio.com\\\/blog\\\/wp-content\\\/uploads\\\/2023\\\/09\\\/Image_20230915_154242_827.png\",\"datePublished\":\"2023-11-03T10:05:06+00:00\",\"dateModified\":\"2023-11-09T03:41:06+00:00\",\"breadcrumb\":{\"@id\":\"https:\\\/\\\/www.iquilibrio.com\\\/blog\\\/astrologia\\\/horoscopo-semanal\\\/horoscopo-semanal-de-06-a-12-de-novembro-pela-astrologa-manu-koetz\\\/#breadcrumb\"},\"inLanguage\":\"pt-BR\",\"potentialAction\":[{\"@type\":\"ReadAction\",\"target\":[\"https:\\\/\\\/www.iquilibrio.com\\\/blog\\\/astrologia\\\/horoscopo-semanal\\\/horoscopo-semanal-de-06-a-12-de-novembro-pela-astrologa-manu-koetz\\\/\"]}]},{\"@type\":\"ImageObject\",\"inLanguage\":\"pt-BR\",\"@id\":\"https:\\\/\\\/www.iquilibrio.com\\\/blog\\\/astrologia\\\/horoscopo-semanal\\\/horoscopo-semanal-de-06-a-12-de-novembro-pela-astrologa-manu-koetz\\\/#primaryimage\",\"url\":\"https:\\\/\\\/www.iquilibrio.com\\\/blog\\\/wp-content\\\/uploads\\\/2023\\\/09\\\/Image_20230915_154242_827.png\",\"contentUrl\":\"https:\\\/\\\/www.iquilibrio.com\\\/blog\\\/wp-content\\\/uploads\\\/2023\\\/09\\\/Image_20230915_154242_827.png\",\"width\":900,\"height\":560,\"caption\":\"Hor\u00f3scopo semanal\"},{\"@type\":\"BreadcrumbList\",\"@id\":\"https:\\\/\\\/www.iquilibrio.com\\\/blog\\\/astrologia\\\/horoscopo-semanal\\\/horoscopo-semanal-de-06-a-12-de-novembro-pela-astrologa-manu-koetz\\\/#breadcrumb\",\"itemListElement\":[{\"@type\":\"ListItem\",\"position\":1,\"name\":\"In\u00edcio\",\"item\":\"https:\\\/\\\/www.iquilibrio.com\\\/blog\\\/\"},{\"@type\":\"ListItem\",\"position\":2,\"name\":\"Hor\u00f3scopo semanal de 06 a 12 de Novembro, pela astr\u00f3loga Manu Koetz\"}]},{\"@type\":\"WebSite\",\"@id\":\"https:\\\/\\\/www.iquilibrio.com\\\/blog\\\/#website\",\"url\":\"https:\\\/\\\/www.iquilibrio.com\\\/blog\\\/\",\"name\":\"iQuilibrio\",\"description\":\"Blog iQuilibrio\",\"publisher\":{\"@id\":\"https:\\\/\\\/www.iquilibrio.com\\\/blog\\\/#organization\"},\"potentialAction\":[{\"@type\":\"SearchAction\",\"target\":{\"@type\":\"EntryPoint\",\"urlTemplate\":\"https:\\\/\\\/www.iquilibrio.com\\\/blog\\\/?s={search_term_string}\"},\"query-input\":{\"@type\":\"PropertyValueSpecification\",\"valueRequired\":true,\"valueName\":\"search_term_string\"}}],\"inLanguage\":\"pt-BR\"},{\"@type\":\"Organization\",\"@id\":\"https:\\\/\\\/www.iquilibrio.com\\\/blog\\\/#organization\",\"name\":\"Esoterismo, Misticismo e Tarot Online - iQuilibrio\",\"url\":\"https:\\\/\\\/www.iquilibrio.com\\\/blog\\\/\",\"logo\":{\"@type\":\"ImageObject\",\"inLanguage\":\"pt-BR\",\"@id\":\"https:\\\/\\\/www.iquilibrio.com\\\/blog\\\/#\\\/schema\\\/logo\\\/image\\\/\",\"url\":\"https:\\\/\\\/www.iquilibrio.com\\\/blog\\\/wp-content\\\/uploads\\\/2018\\\/12\\\/iquilibrio_lovo_vetor_preto-retina.png\",\"contentUrl\":\"https:\\\/\\\/www.iquilibrio.com\\\/blog\\\/wp-content\\\/uploads\\\/2018\\\/12\\\/iquilibrio_lovo_vetor_preto-retina.png\",\"width\":972,\"height\":180,\"caption\":\"Esoterismo, Misticismo e Tarot Online - iQuilibrio\"},\"image\":{\"@id\":\"https:\\\/\\\/www.iquilibrio.com\\\/blog\\\/#\\\/schema\\\/logo\\\/image\\\/\"},\"sameAs\":[\"https:\\\/\\\/www.facebook.com\\\/iQuilibrio\\\/\",\"https:\\\/\\\/x.com\\\/iquilibrio\",\"https:\\\/\\\/www.instagram.com\\\/iquilibrio\\\/\",\"https:\\\/\\\/www.linkedin.com\\\/company\\\/iquilibrio\\\/\",\"https:\\\/\\\/br.pinterest.com\\\/iquilibrio1397\\\/\",\"https:\\\/\\\/www.youtube.com\\\/channel\\\/UC175qxd-4Zsi4wzawT5zF2g\"]},{\"@type\":\"Person\",\"@id\":\"https:\\\/\\\/www.iquilibrio.com\\\/blog\\\/#\\\/schema\\\/person\\\/21ae990723c2e5a1170c9a06dacb4d3d\",\"name\":\"Arthur Peroni\",\"image\":{\"@type\":\"ImageObject\",\"inLanguage\":\"pt-BR\",\"@id\":\"https:\\\/\\\/www.iquilibrio.com\\\/blog\\\/wp-content\\\/uploads\\\/2023\\\/04\\\/Arthur-Peroni-150x150.jpg\",\"url\":\"https:\\\/\\\/www.iquilibrio.com\\\/blog\\\/wp-content\\\/uploads\\\/2023\\\/04\\\/Arthur-Peroni-150x150.jpg\",\"contentUrl\":\"https:\\\/\\\/www.iquilibrio.com\\\/blog\\\/wp-content\\\/uploads\\\/2023\\\/04\\\/Arthur-Peroni-150x150.jpg\",\"caption\":\"Arthur Peroni\"},\"description\":\"Arthur Peroni escreve sobre a vida, o universo e tudo mais. Amante da literatura m\u00edstica, e fic\u00e7\u00e3o, descobriu sua carreira de redator gra\u00e7as ao h\u00e1bito de leitura constante sobre fantasia e drama. Nas horas vagas, gosta de cozinhar, ler e ver filmes antigos. J\u00e1 trabalhou com, comunica\u00e7\u00e3o social, massoterapia, terapias hol\u00edsticas e design de interiores. Atualmente trabalha como redator SEO e se entusiasma com tudo o que \u00e9 esot\u00e9rico. Gosta de discutir sobre assuntos complexos e instigantes, e v\u00ea na escrita uma oportunidade de aprender e criar todos os dias, mentalmente e espiritualmente.\",\"url\":\"https:\\\/\\\/www.iquilibrio.com\\\/blog\\\/author\\\/raul-vinicius\\\/\"}]}<\/script>\n<!-- \/ Yoast SEO plugin. -->","yoast_head_json":{"title":"Hor\u00f3scopo semanal de 06 a 12 de Novembro, pela astr\u00f3loga Manu Koetz - iQuilibrio","robots":{"index":"index","follow":"follow","max-snippet":"max-snippet:-1","max-image-preview":"max-image-preview:large","max-video-preview":"max-video-preview:-1"},"canonical":"https:\/\/www.iquilibrio.com\/blog\/astrologia\/horoscopo-semanal\/horoscopo-semanal-de-06-a-12-de-novembro-pela-astrologa-manu-koetz\/","og_locale":"pt_BR","og_type":"article","og_title":"Hor\u00f3scopo semanal de 06 a 12 de Novembro, pela astr\u00f3loga Manu Koetz - iQuilibrio","og_description":"Saiba como se preparar para essa semana com base nas energias que est\u00e3o por vir com Manu Koetz&#x2728; A semana come\u00e7ou e voc\u00ea j\u00e1 pode se preparar para o que vem pela frente, porque o hor\u00f3scopo semanal est\u00e1 no ar! Arraste para baixo e veja quais s\u00e3o as energias e potenciais dessa semana de 06 [&hellip;]","og_url":"https:\/\/www.iquilibrio.com\/blog\/astrologia\/horoscopo-semanal\/horoscopo-semanal-de-06-a-12-de-novembro-pela-astrologa-manu-koetz\/","og_site_name":"iQuilibrio","article_publisher":"https:\/\/www.facebook.com\/iQuilibrio\/","article_published_time":"2023-11-03T10:05:06+00:00","article_modified_time":"2023-11-09T03:41:06+00:00","og_image":[{"width":900,"height":560,"url":"https:\/\/www.iquilibrio.com\/blog\/wp-content\/uploads\/2023\/09\/Image_20230915_154242_827.png","type":"image\/png"}],"author":"Arthur Peroni","twitter_card":"summary_large_image","twitter_creator":"@iquilibrio","twitter_site":"@iquilibrio","twitter_misc":{"Escrito por":"Arthur Peroni","Est. tempo de leitura":"12 minutos"},"schema":{"@context":"https:\/\/schema.org","@graph":[{"@type":"Article","@id":"https:\/\/www.iquilibrio.com\/blog\/astrologia\/horoscopo-semanal\/horoscopo-semanal-de-06-a-12-de-novembro-pela-astrologa-manu-koetz\/#article","isPartOf":{"@id":"https:\/\/www.iquilibrio.com\/blog\/astrologia\/horoscopo-semanal\/horoscopo-semanal-de-06-a-12-de-novembro-pela-astrologa-manu-koetz\/"},"author":{"name":"Arthur Peroni","@id":"https:\/\/www.iquilibrio.com\/blog\/#\/schema\/person\/21ae990723c2e5a1170c9a06dacb4d3d"},"headline":"Hor\u00f3scopo semanal de 06 a 12 de Novembro, pela astr\u00f3loga Manu Koetz","datePublished":"2023-11-03T10:05:06+00:00","dateModified":"2023-11-09T03:41:06+00:00","mainEntityOfPage":{"@id":"https:\/\/www.iquilibrio.com\/blog\/astrologia\/horoscopo-semanal\/horoscopo-semanal-de-06-a-12-de-novembro-pela-astrologa-manu-koetz\/"},"wordCount":2171,"publisher":{"@id":"https:\/\/www.iquilibrio.com\/blog\/#organization"},"image":{"@id":"https:\/\/www.iquilibrio.com\/blog\/astrologia\/horoscopo-semanal\/horoscopo-semanal-de-06-a-12-de-novembro-pela-astrologa-manu-koetz\/#primaryimage"},"thumbnailUrl":"https:\/\/www.iquilibrio.com\/blog\/wp-content\/uploads\/2023\/09\/Image_20230915_154242_827.png","articleSection":["Hor\u00f3scopo semanal"],"inLanguage":"pt-BR"},{"@type":"WebPage","@id":"https:\/\/www.iquilibrio.com\/blog\/astrologia\/horoscopo-semanal\/horoscopo-semanal-de-06-a-12-de-novembro-pela-astrologa-manu-koetz\/","url":"https:\/\/www.iquilibrio.com\/blog\/astrologia\/horoscopo-semanal\/horoscopo-semanal-de-06-a-12-de-novembro-pela-astrologa-manu-koetz\/","name":"Hor\u00f3scopo semanal de 06 a 12 de Novembro, pela astr\u00f3loga Manu Koetz - iQuilibrio","isPartOf":{"@id":"https:\/\/www.iquilibrio.com\/blog\/#website"},"primaryImageOfPage":{"@id":"https:\/\/www.iquilibrio.com\/blog\/astrologia\/horoscopo-semanal\/horoscopo-semanal-de-06-a-12-de-novembro-pela-astrologa-manu-koetz\/#primaryimage"},"image":{"@id":"https:\/\/www.iquilibrio.com\/blog\/astrologia\/horoscopo-semanal\/horoscopo-semanal-de-06-a-12-de-novembro-pela-astrologa-manu-koetz\/#primaryimage"},"thumbnailUrl":"https:\/\/www.iquilibrio.com\/blog\/wp-content\/uploads\/2023\/09\/Image_20230915_154242_827.png","datePublished":"2023-11-03T10:05:06+00:00","dateModified":"2023-11-09T03:41:06+00:00","breadcrumb":{"@id":"https:\/\/www.iquilibrio.com\/blog\/astrologia\/horoscopo-semanal\/horoscopo-semanal-de-06-a-12-de-novembro-pela-astrologa-manu-koetz\/#breadcrumb"},"inLanguage":"pt-BR","potentialAction":[{"@type":"ReadAction","target":["https:\/\/www.iquilibrio.com\/blog\/astrologia\/horoscopo-semanal\/horoscopo-semanal-de-06-a-12-de-novembro-pela-astrologa-manu-koetz\/"]}]},{"@type":"ImageObject","inLanguage":"pt-BR","@id":"https:\/\/www.iquilibrio.com\/blog\/astrologia\/horoscopo-semanal\/horoscopo-semanal-de-06-a-12-de-novembro-pela-astrologa-manu-koetz\/#primaryimage","url":"https:\/\/www.iquilibrio.com\/blog\/wp-content\/uploads\/2023\/09\/Image_20230915_154242_827.png","contentUrl":"https:\/\/www.iquilibrio.com\/blog\/wp-content\/uploads\/2023\/09\/Image_20230915_154242_827.png","width":900,"height":560,"caption":"Hor\u00f3scopo semanal"},{"@type":"BreadcrumbList","@id":"https:\/\/www.iquilibrio.com\/blog\/astrologia\/horoscopo-semanal\/horoscopo-semanal-de-06-a-12-de-novembro-pela-astrologa-manu-koetz\/#breadcrumb","itemListElement":[{"@type":"ListItem","position":1,"name":"In\u00edcio","item":"https:\/\/www.iquilibrio.com\/blog\/"},{"@type":"ListItem","position":2,"name":"Hor\u00f3scopo semanal de 06 a 12 de Novembro, pela astr\u00f3loga Manu Koetz"}]},{"@type":"WebSite","@id":"https:\/\/www.iquilibrio.com\/blog\/#website","url":"https:\/\/www.iquilibrio.com\/blog\/","name":"iQuilibrio","description":"Blog iQuilibrio","publisher":{"@id":"https:\/\/www.iquilibrio.com\/blog\/#organization"},"potentialAction":[{"@type":"SearchAction","target":{"@type":"EntryPoint","urlTemplate":"https:\/\/www.iquilibrio.com\/blog\/?s={search_term_string}"},"query-input":{"@type":"PropertyValueSpecification","valueRequired":true,"valueName":"search_term_string"}}],"inLanguage":"pt-BR"},{"@type":"Organization","@id":"https:\/\/www.iquilibrio.com\/blog\/#organization","name":"Esoterismo, Misticismo e Tarot Online - iQuilibrio","url":"https:\/\/www.iquilibrio.com\/blog\/","logo":{"@type":"ImageObject","inLanguage":"pt-BR","@id":"https:\/\/www.iquilibrio.com\/blog\/#\/schema\/logo\/image\/","url":"https:\/\/www.iquilibrio.com\/blog\/wp-content\/uploads\/2018\/12\/iquilibrio_lovo_vetor_preto-retina.png","contentUrl":"https:\/\/www.iquilibrio.com\/blog\/wp-content\/uploads\/2018\/12\/iquilibrio_lovo_vetor_preto-retina.png","width":972,"height":180,"caption":"Esoterismo, Misticismo e Tarot Online - iQuilibrio"},"image":{"@id":"https:\/\/www.iquilibrio.com\/blog\/#\/schema\/logo\/image\/"},"sameAs":["https:\/\/www.facebook.com\/iQuilibrio\/","https:\/\/x.com\/iquilibrio","https:\/\/www.instagram.com\/iquilibrio\/","https:\/\/www.linkedin.com\/company\/iquilibrio\/","https:\/\/br.pinterest.com\/iquilibrio1397\/","https:\/\/www.youtube.com\/channel\/UC175qxd-4Zsi4wzawT5zF2g"]},{"@type":"Person","@id":"https:\/\/www.iquilibrio.com\/blog\/#\/schema\/person\/21ae990723c2e5a1170c9a06dacb4d3d","name":"Arthur Peroni","image":{"@type":"ImageObject","inLanguage":"pt-BR","@id":"https:\/\/www.iquilibrio.com\/blog\/wp-content\/uploads\/2023\/04\/Arthur-Peroni-150x150.jpg","url":"https:\/\/www.iquilibrio.com\/blog\/wp-content\/uploads\/2023\/04\/Arthur-Peroni-150x150.jpg","contentUrl":"https:\/\/www.iquilibrio.com\/blog\/wp-content\/uploads\/2023\/04\/Arthur-Peroni-150x150.jpg","caption":"Arthur Peroni"},"description":"Arthur Peroni escreve sobre a vida, o universo e tudo mais. Amante da literatura m\u00edstica, e fic\u00e7\u00e3o, descobriu sua carreira de redator gra\u00e7as ao h\u00e1bito de leitura constante sobre fantasia e drama. Nas horas vagas, gosta de cozinhar, ler e ver filmes antigos. J\u00e1 trabalhou com, comunica\u00e7\u00e3o social, massoterapia, terapias hol\u00edsticas e design de interiores. Atualmente trabalha como redator SEO e se entusiasma com tudo o que \u00e9 esot\u00e9rico. Gosta de discutir sobre assuntos complexos e instigantes, e v\u00ea na escrita uma oportunidade de aprender e criar todos os dias, mentalmente e espiritualmente.","url":"https:\/\/www.iquilibrio.com\/blog\/author\/raul-vinicius\/"}]}},"_links":{"self":[{"href":"https:\/\/www.iquilibrio.com\/blog\/wp-json\/wp\/v2\/posts\/39805","targetHints":{"allow":["GET"]}}],"collection":[{"href":"https:\/\/www.iquilibrio.com\/blog\/wp-json\/wp\/v2\/posts"}],"about":[{"href":"https:\/\/www.iquilibrio.com\/blog\/wp-json\/wp\/v2\/types\/post"}],"author":[{"embeddable":true,"href":"https:\/\/www.iquilibrio.com\/blog\/wp-json\/wp\/v2\/users\/158"}],"replies":[{"embeddable":true,"href":"https:\/\/www.iquilibrio.com\/blog\/wp-json\/wp\/v2\/comments?post=39805"}],"version-history":[{"count":2,"href":"https:\/\/www.iquilibrio.com\/blog\/wp-json\/wp\/v2\/posts\/39805\/revisions"}],"predecessor-version":[{"id":39837,"href":"https:\/\/www.iquilibrio.com\/blog\/wp-json\/wp\/v2\/posts\/39805\/revisions\/39837"}],"wp:featuredmedia":[{"embeddable":true,"href":"https:\/\/www.iquilibrio.com\/blog\/wp-json\/wp\/v2\/media\/39558"}],"wp:attachment":[{"href":"https:\/\/www.iquilibrio.com\/blog\/wp-json\/wp\/v2\/media?parent=39805"}],"wp:term":[{"taxonomy":"category","embeddable":true,"href":"https:\/\/www.iquilibrio.com\/blog\/wp-json\/wp\/v2\/categories?post=39805"},{"taxonomy":"post_tag","embeddable":true,"href":"https:\/\/www.iquilibrio.com\/blog\/wp-json\/wp\/v2\/tags?post=39805"}],"curies":[{"name":"wp","href":"https:\/\/api.w.org\/{rel}","templated":true}]}}